{"id":10059,"date":"2023-05-02T10:38:16","date_gmt":"2023-05-02T15:38:16","guid":{"rendered":"https:\/\/www.repam.net\/es\/?p=10059"},"modified":"2023-05-02T10:38:18","modified_gmt":"2023-05-02T15:38:18","slug":"redes-eclesiales-de-ecologia-integral-reconocemos-y-creemos-que-el-territorio-es-un-lugar-teologico","status":"publish","type":"post","link":"https:\/\/www.repam.net\/es\/redes-eclesiales-de-ecologia-integral-reconocemos-y-creemos-que-el-territorio-es-un-lugar-teologico\/","title":{"rendered":"Redes eclesiales de ecolog\u00eda integral: \u201cReconocemos y creemos que el territorio es un lugar teol\u00f3gico\u201d"},"content":{"rendered":"<div class=\"wp-block-image\">\n<figure class=\"aligncenter size-full\"><img loading=\"lazy\" decoding=\"async\" width=\"958\" height=\"559\" src=\"https:\/\/www.repam.net\/es\/wp-content\/uploads\/2023\/05\/ecologia-958x559-1.png\" alt=\"\" class=\"wp-image-10060\" srcset=\"https:\/\/www.repam.net\/es\/wp-content\/uploads\/2023\/05\/ecologia-958x559-1.png 958w, https:\/\/www.repam.net\/es\/wp-content\/uploads\/2023\/05\/ecologia-958x559-1-300x175.png 300w, https:\/\/www.repam.net\/es\/wp-content\/uploads\/2023\/05\/ecologia-958x559-1-768x448.png 768w\" sizes=\"auto, (max-width: 958px) 100vw, 958px\" \/><\/figure>\n<\/div>\n\n\n<blockquote class=\"wp-block-quote is-layout-flow wp-block-quote-is-layout-flow\">\n<p><em>Entre 24 al 26 de abril de 2023, las RETEI (Redes eclesiales de ecolog\u00eda integral) de Am\u00e9rica Latina y el Caribe, reunidas en la sede del Consejo Episcopal Latinoamericano y Caribe\u00f1o (Celam), junto con representantes de la pastoral afroamericana, pastoral de pueblos originarios y pueblos gar\u00edfunas, han suscrito una declaraci\u00f3n conjunta con miras a dar forma a un proceso de articulaci\u00f3n \u201ca\u00fan mayor\u201d.<\/em><\/p>\n<\/blockquote>\n\n\n\n<p><strong><em>Por \u00c1ngel Morillo<\/em><\/strong><\/p>\n\n\n\n<p>Al respecto, han asegurado que \u201creconocemos y creemos que el territorio es un lugar teol\u00f3gico. Unidad, diversidad y relaciones amorosas y cuidadosas, reflejan la imagen trinitaria. El S\u00ednodo de la Amazon\u00eda declara que la destrucci\u00f3n de la Casa Com\u00fan es pecado ecol\u00f3gico. El Papa Francisco reclama un desborde de la Iglesia para asumir con claridad el clamor de la tierra y el grito de los pobres como<strong>&nbsp;\u201cno un camino m\u00e1s, sino el \u00fanico camino posible (DF 67)\u201d.<\/strong><\/p>\n\n\n\n<p>Aprovecharon para reiterar su compromiso con la escucha activa, desde la voz del Esp\u00edritu, \u201cen estos d\u00edas vivimos una din\u00e1mica de sinodalidad\u201d, porque \u201cpudimos escucharnos con profundidad y respeto. Este encuentro tambi\u00e9n fue sentipensante, porque nos involucramos desde nuestro interior, con nuestros cuerpos y sentimientos, en medio de una realidad que nos grita y clama por justicia, en la cual nos reconocemos en los diversos pueblos originarios, afros, gar\u00edfunas, y campesinos a lo largo y ancho del continente\u201d.<\/p>\n\n\n\n<p>\u201cAsumimos el desaf\u00edo y compromiso de seguir conoci\u00e9ndonos m\u00e1s, buscando la cercan\u00eda en la mirada y pr\u00e1ctica pastoral. As\u00ed como lo hacemos al interno de cada uno de nuestros espacios, queremos abrirnos y enredarnos m\u00e1s entre todos los que compartimos esta opci\u00f3n pastoral por la Ecolog\u00eda Integral\u201d, apuntaron.<\/p>\n\n\n\n<p>Por ahora, como Iglesia \u201ctenemos que optar y vivir en coherencia, en todas nuestras pr\u00e1cticas y opciones; para que este compromiso no sea s\u00f3lo declarativo, sino que nos lleve a una vida abundante\u201d.<\/p>\n\n\n\n<h5 class=\"wp-block-heading\">Amenazas sobre los territorios<\/h5>\n\n\n\n<p>Entre las redes que han suscrito esta declaraci\u00f3n se encuentran: la Red Eclesial Panamaz\u00f3nica (Repam), Red Eclesial Ecol\u00f3gica Mesoamericana (Remam), Red Eclesial del Gran Chaco y Acu\u00edfero Guaran\u00ed (Regchag), la Comisi\u00f3n de Pueblos Originarios, Secretar\u00eda de Pastoral Afroamericana y del Caribe \u2013 Sepac, Pastoral Gar\u00edfuna \u2013 Pagaiceyna.<\/p>\n\n\n\n<p><strong>Tambi\u00e9n est\u00e1n la Comisi\u00f3n de Ecolog\u00eda Integral de Confederaci\u00f3n Latinoamericana y Caribe\u00f1a de Religiosos (CLAR)<\/strong>, Secretariado de C\u00e1ritas Am\u00e9rica Latina y el Caribe \u2013 Selacc, y particularmente la experiencia de C\u00e1ritas El Salvador, la misi\u00f3n dominicana en El Seibo \u2013 Rep\u00fablica Dominicana, y los cuatro centros pastorales del Celam.<\/p>\n\n\n\n<p>Han advertido sobre las amenazas que persisten sobre todos los territorios: el extractivismo, la miner\u00eda, la explotaci\u00f3n de hidrocarburos, la deforestaci\u00f3n, las hidroel\u00e9ctricas y el monocultivo de palma, ca\u00f1a de az\u00facar, teca, arroz, palma aceitera y banano, entre otros.<\/p>\n\n\n\n<p>\u201cEsto deja resultados abominables, como son la desertificaci\u00f3n, la interrupci\u00f3n de los cauces naturales de los r\u00edos y su contaminaci\u00f3n, la explotaci\u00f3n de las personas, la agresi\u00f3n contra los pueblos originarios, campesinos, afrodescendientes, gar\u00edfunas, colonos, los migrantes y empobrecidos de las ciudades\u201d, han dicho.<\/p>\n\n\n\n<p>Asimismo est\u00e1n alarmados por el creciente n\u00famero de asesinatos de defensores del territorio, l\u00edderes ind\u00edgenas y comunitarios como de la trata de personas, especialmente de mujeres y ni\u00f1os, por las manos del crimen organizado, especialmente el narcotr\u00e1fico.<\/p>\n\n\n\n<p>Flagelos que suelen estar invisibilizados de tal forma las v\u00edctimas quedan en total vulnerabilidad, por ende, \u201cla ilegalidad, la cultura de la indiferencia y la corrupci\u00f3n silencian a los actores involucrados\u201d.<\/p>\n\n\n\n<h5 class=\"wp-block-heading\">Signos de esperanza<\/h5>\n\n\n\n<p>Los representantes de las RETEI y pastorales han puesto especial atenci\u00f3n&nbsp;<strong>\u201cal tema del agua, derecho humano, derechos colectivos al que todos debemos tener acceso\u201d<\/strong>, puesto que \u201cconstatamos que est\u00e1 siendo mercantilizada y envenenada; da\u00f1ando la salud, no permitiendo que se regeneren los ecosistemas. As\u00ed se transforma en un motivo de conflicto entre pueblos vecinos, regiones y naciones\u201d.<\/p>\n\n\n\n<p>Por tanto, \u201creconocemos que el agua es nuestra fuente de vida, y que nos conecta a todos, somos un continente de agua\u201d, al tiempo que se preguntan: \u201c\u00bfCu\u00e1les son los temas y opciones que tenemos en com\u00fan? \u00bfQu\u00e9 nos une? \u00bfCu\u00e1les son los desaf\u00edos que podemos enfrentar juntos?\u201d.<\/p>\n\n\n\n<p>\u201cR\u00e1pidamente nos sentimos identificados, en consonancia y comuni\u00f3n. As\u00ed fue que la esperanza se hizo presente con fuerza en nuestro encuentro. Los principales signos de esperanza que reconocemos son: las redes y experiencias insertas y comprometidas, la voz y magisterio del Papa Francisco en la Enc\u00edclica Laudato S\u00ed\u2019\u201d, apuntuaron.<\/p>\n\n\n\n<p>Entre esos signos de esperanza han mencionado la Asamblea Eclesial de Latinoam\u00e9rica y el Caribe, la ense\u00f1anza de tantos profetas locales, el S\u00ednodo de la Amazon\u00eda, el profetismo y la sangre derramada de tantos m\u00e1rtires, amigos y hermanos nuestros. Las esperanzas son m\u00e1s grandes que los dolores.<\/p>\n\n\n\n<h5 class=\"wp-block-heading\">Eje transversal de las acciones<\/h5>\n\n\n\n<p>Romina Gallegos, referente del Centro de Programas y Redes de Acci\u00f3n Pastoral del Celam y una de las organizadoras del encuentro, ha comentado que&nbsp;<strong>\u201cla ecolog\u00eda integral se ha convertido en el eje transversal de la acci\u00f3n del Celam\u201d,<\/strong>&nbsp;que comenz\u00f3 con la publicaci\u00f3n de la carta pastoral \u201cDisc\u00edpulos misioneros, custodios de la Casa Com\u00fan, Discernimiento a la luz de la Enc\u00edclica Laudato Si&#8217;\u00bb.<\/p>\n\n\n\n<p>Luego con la celebraci\u00f3n de la Asamblea Eclesial (2021) se ha asumido con mayor fuerza con el proceso de la Comisi\u00f3n de Ecolog\u00eda integral del Celam, con el avance en la socializaci\u00f3n de cartillas de ecolog\u00eda integral y con el foro Voz prof\u00e9tica de la Iglesia en conflictos sociambientales.<\/p>\n\n\n\n<p>\u201cCon esas intuiciones hemos logrado dar pasos agigantados respecto a este espacio compartido, que tiene la intenci\u00f3n de estar abiertos para articular con las diferentes experiencias de Am\u00e9rica Latina y el Caribe que est\u00e1n trabajando en esa perspectiva\u201d, explic\u00f3 Gallegos.<\/p>\n\n\n\n<p>Toda vez que \u201ctambi\u00e9n reconocemos que el sistema que mata afecta a todos los biomas del continente y que el deseo es sumar donde sea posible en los diferentes ritmos y procesos de cada red e identificando puntos en com\u00fan\u201d.<\/p>\n\n\n\n<p>\u201cCreemos que el objetivo del encuentro se ha conseguido y confiamos que en este tiempo todos los miembros, que se han congregado podr\u00e1n dar continuidad de un proceso a\u00fan mayor\u201d, agreg\u00f3.<\/p>\n\n\n\n<p>Lea el comunicado a continuaci\u00f3n:<\/p>\n\n\n<div class=\"wp-block-image\">\n<figure class=\"aligncenter size-large\"><img loading=\"lazy\" decoding=\"async\" width=\"724\" height=\"1024\" src=\"https:\/\/www.repam.net\/es\/wp-content\/uploads\/2023\/05\/comunicado-ADN-CELAM-724x1024.png\" alt=\"\" class=\"wp-image-10061\" srcset=\"https:\/\/www.repam.net\/es\/wp-content\/uploads\/2023\/05\/comunicado-ADN-CELAM-724x1024.png 724w, https:\/\/www.repam.net\/es\/wp-content\/uploads\/2023\/05\/comunicado-ADN-CELAM-212x300.png 212w, https:\/\/www.repam.net\/es\/wp-content\/uploads\/2023\/05\/comunicado-ADN-CELAM-768x1086.png 768w, https:\/\/www.repam.net\/es\/wp-content\/uploads\/2023\/05\/comunicado-ADN-CELAM.png 847w\" sizes=\"auto, (max-width: 724px) 100vw, 724px\" \/><\/figure>\n<\/div>\n\n\n<p><strong><em>Fuente: ADN Celam<\/em><\/strong><\/p>\n","protected":false},"excerpt":{"rendered":"<p>Entre 24 al 26 de abril de 2023, las RETEI (Redes eclesiales de ecolog\u00eda integral) de Am\u00e9rica Latina y el Caribe, reunidas en la sede del Consejo Episcopal Latinoamericano y Caribe\u00f1o (Celam), junto con representantes de la pastoral afroamericana, pastoral de pueblos originarios y pueblos gar\u00edfunas, han suscrito una declaraci\u00f3n conjunta con miras a dar [&hellip;]<\/p>\n","protected":false},"author":1,"featured_media":10060,"comment_status":"closed","ping_status":"closed","sticky":false,"template":"","format":"standard","meta":{"_acf_changed":false,"_uf_show_specific_survey":0,"_uf_disable_surveys":false,"footnotes":""},"categories":[4],"tags":[33,52,43,16,28],"class_list":["post-10059","post","type-post","status-publish","format-standard","has-post-thumbnail","hentry","category-noticias","tag-amazonia","tag-derechos-humanos","tag-papa-francisco","tag-pueblos-indigenas","tag-sinodo-amazonico"],"acf":[],"aioseo_notices":[],"yoast_head":"<!-- This site is optimized with the Yoast SEO plugin v27.4 - https:\/\/yoast.com\/product\/yoast-seo-wordpress\/ -->\n<title>Redes eclesiales de ecolog\u00eda integral: \u201cReconocemos y creemos que el territorio es un lugar teol\u00f3gico\u201d - REPAM<\/title>\n<meta name=\"robots\" content=\"index, follow, max-snippet:-1, max-image-preview:large, max-video-preview:-1\" \/>\n<link rel=\"canonical\" href=\"https:\/\/www.repam.net\/es\/redes-eclesiales-de-ecologia-integral-reconocemos-y-creemos-que-el-territorio-es-un-lugar-teologico\/\" \/>\n<meta property=\"og:locale\" content=\"es_ES\" \/>\n<meta property=\"og:type\" content=\"article\" \/>\n<meta property=\"og:title\" content=\"Redes eclesiales de ecolog\u00eda integral: \u201cReconocemos y creemos que el territorio es un lugar teol\u00f3gico\u201d - REPAM\" \/>\n<meta property=\"og:description\" content=\"Entre 24 al 26 de abril de 2023, las RETEI (Redes eclesiales de ecolog\u00eda integral) de Am\u00e9rica Latina y el Caribe, reunidas en la sede del Consejo Episcopal Latinoamericano y Caribe\u00f1o (Celam), junto con representantes de la pastoral afroamericana, pastoral de pueblos originarios y pueblos gar\u00edfunas, han suscrito una declaraci\u00f3n conjunta con miras a dar [&hellip;]\" \/>\n<meta property=\"og:url\" content=\"https:\/\/www.repam.net\/es\/redes-eclesiales-de-ecologia-integral-reconocemos-y-creemos-que-el-territorio-es-un-lugar-teologico\/\" \/>\n<meta property=\"og:site_name\" content=\"REPAM\" \/>\n<meta property=\"article:published_time\" content=\"2023-05-02T15:38:16+00:00\" \/>\n<meta property=\"article:modified_time\" content=\"2023-05-02T15:38:18+00:00\" \/>\n<meta property=\"og:image\" content=\"https:\/\/www.repam.net\/es\/wp-content\/uploads\/2023\/05\/ecologia-958x559-1.png\" \/>\n\t<meta property=\"og:image:width\" content=\"958\" \/>\n\t<meta property=\"og:image:height\" content=\"559\" \/>\n\t<meta property=\"og:image:type\" content=\"image\/png\" \/>\n<meta name=\"author\" content=\"repam@adm\" \/>\n<meta name=\"twitter:card\" content=\"summary_large_image\" \/>\n<meta name=\"twitter:label1\" content=\"Escrito por\" \/>\n\t<meta name=\"twitter:data1\" content=\"repam@adm\" \/>\n\t<meta name=\"twitter:label2\" content=\"Tiempo de lectura\" \/>\n\t<meta name=\"twitter:data2\" content=\"5 minutos\" \/>\n<script type=\"application\/ld+json\" class=\"yoast-schema-graph\">{\"@context\":\"https:\\\/\\\/schema.org\",\"@graph\":[{\"@type\":\"Article\",\"@id\":\"https:\\\/\\\/www.repam.net\\\/es\\\/redes-eclesiales-de-ecologia-integral-reconocemos-y-creemos-que-el-territorio-es-un-lugar-teologico\\\/#article\",\"isPartOf\":{\"@id\":\"https:\\\/\\\/www.repam.net\\\/es\\\/redes-eclesiales-de-ecologia-integral-reconocemos-y-creemos-que-el-territorio-es-un-lugar-teologico\\\/\"},\"author\":{\"name\":\"repam@adm\",\"@id\":\"https:\\\/\\\/www.repam.net\\\/es\\\/#\\\/schema\\\/person\\\/0c828bf04cf1abe6016cbe752c76a033\"},\"headline\":\"Redes eclesiales de ecolog\u00eda integral: \u201cReconocemos y creemos que el territorio es un lugar teol\u00f3gico\u201d\",\"datePublished\":\"2023-05-02T15:38:16+00:00\",\"dateModified\":\"2023-05-02T15:38:18+00:00\",\"mainEntityOfPage\":{\"@id\":\"https:\\\/\\\/www.repam.net\\\/es\\\/redes-eclesiales-de-ecologia-integral-reconocemos-y-creemos-que-el-territorio-es-un-lugar-teologico\\\/\"},\"wordCount\":1112,\"publisher\":{\"@id\":\"https:\\\/\\\/www.repam.net\\\/es\\\/#organization\"},\"image\":{\"@id\":\"https:\\\/\\\/www.repam.net\\\/es\\\/redes-eclesiales-de-ecologia-integral-reconocemos-y-creemos-que-el-territorio-es-un-lugar-teologico\\\/#primaryimage\"},\"thumbnailUrl\":\"https:\\\/\\\/www.repam.net\\\/es\\\/wp-content\\\/uploads\\\/2023\\\/05\\\/ecologia-958x559-1.png\",\"keywords\":[\"Amazon\u00eda\",\"Derechos Humanos\",\"Papa Francisco\",\"pueblos ind\u00edgenas\",\"S\u00ednodo Amaz\u00f3nico\"],\"articleSection\":[\"Noticias\"],\"inLanguage\":\"es-CO\"},{\"@type\":\"WebPage\",\"@id\":\"https:\\\/\\\/www.repam.net\\\/es\\\/redes-eclesiales-de-ecologia-integral-reconocemos-y-creemos-que-el-territorio-es-un-lugar-teologico\\\/\",\"url\":\"https:\\\/\\\/www.repam.net\\\/es\\\/redes-eclesiales-de-ecologia-integral-reconocemos-y-creemos-que-el-territorio-es-un-lugar-teologico\\\/\",\"name\":\"Redes eclesiales de ecolog\u00eda integral: \u201cReconocemos y creemos que el territorio es un lugar teol\u00f3gico\u201d - REPAM\",\"isPartOf\":{\"@id\":\"https:\\\/\\\/www.repam.net\\\/es\\\/#website\"},\"primaryImageOfPage\":{\"@id\":\"https:\\\/\\\/www.repam.net\\\/es\\\/redes-eclesiales-de-ecologia-integral-reconocemos-y-creemos-que-el-territorio-es-un-lugar-teologico\\\/#primaryimage\"},\"image\":{\"@id\":\"https:\\\/\\\/www.repam.net\\\/es\\\/redes-eclesiales-de-ecologia-integral-reconocemos-y-creemos-que-el-territorio-es-un-lugar-teologico\\\/#primaryimage\"},\"thumbnailUrl\":\"https:\\\/\\\/www.repam.net\\\/es\\\/wp-content\\\/uploads\\\/2023\\\/05\\\/ecologia-958x559-1.png\",\"datePublished\":\"2023-05-02T15:38:16+00:00\",\"dateModified\":\"2023-05-02T15:38:18+00:00\",\"breadcrumb\":{\"@id\":\"https:\\\/\\\/www.repam.net\\\/es\\\/redes-eclesiales-de-ecologia-integral-reconocemos-y-creemos-que-el-territorio-es-un-lugar-teologico\\\/#breadcrumb\"},\"inLanguage\":\"es-CO\",\"potentialAction\":[{\"@type\":\"ReadAction\",\"target\":[\"https:\\\/\\\/www.repam.net\\\/es\\\/redes-eclesiales-de-ecologia-integral-reconocemos-y-creemos-que-el-territorio-es-un-lugar-teologico\\\/\"]}]},{\"@type\":\"ImageObject\",\"inLanguage\":\"es-CO\",\"@id\":\"https:\\\/\\\/www.repam.net\\\/es\\\/redes-eclesiales-de-ecologia-integral-reconocemos-y-creemos-que-el-territorio-es-un-lugar-teologico\\\/#primaryimage\",\"url\":\"https:\\\/\\\/www.repam.net\\\/es\\\/wp-content\\\/uploads\\\/2023\\\/05\\\/ecologia-958x559-1.png\",\"contentUrl\":\"https:\\\/\\\/www.repam.net\\\/es\\\/wp-content\\\/uploads\\\/2023\\\/05\\\/ecologia-958x559-1.png\",\"width\":958,\"height\":559},{\"@type\":\"BreadcrumbList\",\"@id\":\"https:\\\/\\\/www.repam.net\\\/es\\\/redes-eclesiales-de-ecologia-integral-reconocemos-y-creemos-que-el-territorio-es-un-lugar-teologico\\\/#breadcrumb\",\"itemListElement\":[{\"@type\":\"ListItem\",\"position\":1,\"name\":\"Inicio\",\"item\":\"https:\\\/\\\/www.repam.net\\\/es\\\/\"},{\"@type\":\"ListItem\",\"position\":2,\"name\":\"Redes eclesiales de ecolog\u00eda integral: \u201cReconocemos y creemos que el territorio es un lugar teol\u00f3gico\u201d\"}]},{\"@type\":\"WebSite\",\"@id\":\"https:\\\/\\\/www.repam.net\\\/es\\\/#website\",\"url\":\"https:\\\/\\\/www.repam.net\\\/es\\\/\",\"name\":\"REPAM\",\"description\":\"Red Eclesial Panamaz\u00f3nica\",\"publisher\":{\"@id\":\"https:\\\/\\\/www.repam.net\\\/es\\\/#organization\"},\"potentialAction\":[{\"@type\":\"SearchAction\",\"target\":{\"@type\":\"EntryPoint\",\"urlTemplate\":\"https:\\\/\\\/www.repam.net\\\/es\\\/?s={search_term_string}\"},\"query-input\":{\"@type\":\"PropertyValueSpecification\",\"valueRequired\":true,\"valueName\":\"search_term_string\"}}],\"inLanguage\":\"es-CO\"},{\"@type\":\"Organization\",\"@id\":\"https:\\\/\\\/www.repam.net\\\/es\\\/#organization\",\"name\":\"REPAM\",\"url\":\"https:\\\/\\\/www.repam.net\\\/es\\\/\",\"logo\":{\"@type\":\"ImageObject\",\"inLanguage\":\"es-CO\",\"@id\":\"https:\\\/\\\/www.repam.net\\\/es\\\/#\\\/schema\\\/logo\\\/image\\\/\",\"url\":\"https:\\\/\\\/www.repam.net\\\/es\\\/wp-content\\\/uploads\\\/2021\\\/11\\\/cropped-favicon.png\",\"contentUrl\":\"https:\\\/\\\/www.repam.net\\\/es\\\/wp-content\\\/uploads\\\/2021\\\/11\\\/cropped-favicon.png\",\"width\":512,\"height\":512,\"caption\":\"REPAM\"},\"image\":{\"@id\":\"https:\\\/\\\/www.repam.net\\\/es\\\/#\\\/schema\\\/logo\\\/image\\\/\"}},{\"@type\":\"Person\",\"@id\":\"https:\\\/\\\/www.repam.net\\\/es\\\/#\\\/schema\\\/person\\\/0c828bf04cf1abe6016cbe752c76a033\",\"name\":\"repam@adm\",\"image\":{\"@type\":\"ImageObject\",\"inLanguage\":\"es-CO\",\"@id\":\"https:\\\/\\\/secure.gravatar.com\\\/avatar\\\/b18234ea6de5d74563e52ca7bfdad9d2b029b514c935b38a2790717abf8f2e5f?s=96&d=mm&r=g\",\"url\":\"https:\\\/\\\/secure.gravatar.com\\\/avatar\\\/b18234ea6de5d74563e52ca7bfdad9d2b029b514c935b38a2790717abf8f2e5f?s=96&d=mm&r=g\",\"contentUrl\":\"https:\\\/\\\/secure.gravatar.com\\\/avatar\\\/b18234ea6de5d74563e52ca7bfdad9d2b029b514c935b38a2790717abf8f2e5f?s=96&d=mm&r=g\",\"caption\":\"repam@adm\"},\"sameAs\":[\"http:\\\/\\\/repam.net\"],\"url\":\"https:\\\/\\\/www.repam.net\\\/es\\\/author\\\/repamadm\\\/\"}]}<\/script>\n<!-- \/ Yoast SEO plugin. -->","yoast_head_json":{"title":"Redes eclesiales de ecolog\u00eda integral: \u201cReconocemos y creemos que el territorio es un lugar teol\u00f3gico\u201d - REPAM","robots":{"index":"index","follow":"follow","max-snippet":"max-snippet:-1","max-image-preview":"max-image-preview:large","max-video-preview":"max-video-preview:-1"},"canonical":"https:\/\/www.repam.net\/es\/redes-eclesiales-de-ecologia-integral-reconocemos-y-creemos-que-el-territorio-es-un-lugar-teologico\/","og_locale":"es_ES","og_type":"article","og_title":"Redes eclesiales de ecolog\u00eda integral: \u201cReconocemos y creemos que el territorio es un lugar teol\u00f3gico\u201d - REPAM","og_description":"Entre 24 al 26 de abril de 2023, las RETEI (Redes eclesiales de ecolog\u00eda integral) de Am\u00e9rica Latina y el Caribe, reunidas en la sede del Consejo Episcopal Latinoamericano y Caribe\u00f1o (Celam), junto con representantes de la pastoral afroamericana, pastoral de pueblos originarios y pueblos gar\u00edfunas, han suscrito una declaraci\u00f3n conjunta con miras a dar [&hellip;]","og_url":"https:\/\/www.repam.net\/es\/redes-eclesiales-de-ecologia-integral-reconocemos-y-creemos-que-el-territorio-es-un-lugar-teologico\/","og_site_name":"REPAM","article_published_time":"2023-05-02T15:38:16+00:00","article_modified_time":"2023-05-02T15:38:18+00:00","og_image":[{"width":958,"height":559,"url":"https:\/\/www.repam.net\/es\/wp-content\/uploads\/2023\/05\/ecologia-958x559-1.png","type":"image\/png"}],"author":"repam@adm","twitter_card":"summary_large_image","twitter_misc":{"Escrito por":"repam@adm","Tiempo de lectura":"5 minutos"},"schema":{"@context":"https:\/\/schema.org","@graph":[{"@type":"Article","@id":"https:\/\/www.repam.net\/es\/redes-eclesiales-de-ecologia-integral-reconocemos-y-creemos-que-el-territorio-es-un-lugar-teologico\/#article","isPartOf":{"@id":"https:\/\/www.repam.net\/es\/redes-eclesiales-de-ecologia-integral-reconocemos-y-creemos-que-el-territorio-es-un-lugar-teologico\/"},"author":{"name":"repam@adm","@id":"https:\/\/www.repam.net\/es\/#\/schema\/person\/0c828bf04cf1abe6016cbe752c76a033"},"headline":"Redes eclesiales de ecolog\u00eda integral: \u201cReconocemos y creemos que el territorio es un lugar teol\u00f3gico\u201d","datePublished":"2023-05-02T15:38:16+00:00","dateModified":"2023-05-02T15:38:18+00:00","mainEntityOfPage":{"@id":"https:\/\/www.repam.net\/es\/redes-eclesiales-de-ecologia-integral-reconocemos-y-creemos-que-el-territorio-es-un-lugar-teologico\/"},"wordCount":1112,"publisher":{"@id":"https:\/\/www.repam.net\/es\/#organization"},"image":{"@id":"https:\/\/www.repam.net\/es\/redes-eclesiales-de-ecologia-integral-reconocemos-y-creemos-que-el-territorio-es-un-lugar-teologico\/#primaryimage"},"thumbnailUrl":"https:\/\/www.repam.net\/es\/wp-content\/uploads\/2023\/05\/ecologia-958x559-1.png","keywords":["Amazon\u00eda","Derechos Humanos","Papa Francisco","pueblos ind\u00edgenas","S\u00ednodo Amaz\u00f3nico"],"articleSection":["Noticias"],"inLanguage":"es-CO"},{"@type":"WebPage","@id":"https:\/\/www.repam.net\/es\/redes-eclesiales-de-ecologia-integral-reconocemos-y-creemos-que-el-territorio-es-un-lugar-teologico\/","url":"https:\/\/www.repam.net\/es\/redes-eclesiales-de-ecologia-integral-reconocemos-y-creemos-que-el-territorio-es-un-lugar-teologico\/","name":"Redes eclesiales de ecolog\u00eda integral: \u201cReconocemos y creemos que el territorio es un lugar teol\u00f3gico\u201d - REPAM","isPartOf":{"@id":"https:\/\/www.repam.net\/es\/#website"},"primaryImageOfPage":{"@id":"https:\/\/www.repam.net\/es\/redes-eclesiales-de-ecologia-integral-reconocemos-y-creemos-que-el-territorio-es-un-lugar-teologico\/#primaryimage"},"image":{"@id":"https:\/\/www.repam.net\/es\/redes-eclesiales-de-ecologia-integral-reconocemos-y-creemos-que-el-territorio-es-un-lugar-teologico\/#primaryimage"},"thumbnailUrl":"https:\/\/www.repam.net\/es\/wp-content\/uploads\/2023\/05\/ecologia-958x559-1.png","datePublished":"2023-05-02T15:38:16+00:00","dateModified":"2023-05-02T15:38:18+00:00","breadcrumb":{"@id":"https:\/\/www.repam.net\/es\/redes-eclesiales-de-ecologia-integral-reconocemos-y-creemos-que-el-territorio-es-un-lugar-teologico\/#breadcrumb"},"inLanguage":"es-CO","potentialAction":[{"@type":"ReadAction","target":["https:\/\/www.repam.net\/es\/redes-eclesiales-de-ecologia-integral-reconocemos-y-creemos-que-el-territorio-es-un-lugar-teologico\/"]}]},{"@type":"ImageObject","inLanguage":"es-CO","@id":"https:\/\/www.repam.net\/es\/redes-eclesiales-de-ecologia-integral-reconocemos-y-creemos-que-el-territorio-es-un-lugar-teologico\/#primaryimage","url":"https:\/\/www.repam.net\/es\/wp-content\/uploads\/2023\/05\/ecologia-958x559-1.png","contentUrl":"https:\/\/www.repam.net\/es\/wp-content\/uploads\/2023\/05\/ecologia-958x559-1.png","width":958,"height":559},{"@type":"BreadcrumbList","@id":"https:\/\/www.repam.net\/es\/redes-eclesiales-de-ecologia-integral-reconocemos-y-creemos-que-el-territorio-es-un-lugar-teologico\/#breadcrumb","itemListElement":[{"@type":"ListItem","position":1,"name":"Inicio","item":"https:\/\/www.repam.net\/es\/"},{"@type":"ListItem","position":2,"name":"Redes eclesiales de ecolog\u00eda integral: \u201cReconocemos y creemos que el territorio es un lugar teol\u00f3gico\u201d"}]},{"@type":"WebSite","@id":"https:\/\/www.repam.net\/es\/#website","url":"https:\/\/www.repam.net\/es\/","name":"REPAM","description":"Red Eclesial Panamaz\u00f3nica","publisher":{"@id":"https:\/\/www.repam.net\/es\/#organization"},"potentialAction":[{"@type":"SearchAction","target":{"@type":"EntryPoint","urlTemplate":"https:\/\/www.repam.net\/es\/?s={search_term_string}"},"query-input":{"@type":"PropertyValueSpecification","valueRequired":true,"valueName":"search_term_string"}}],"inLanguage":"es-CO"},{"@type":"Organization","@id":"https:\/\/www.repam.net\/es\/#organization","name":"REPAM","url":"https:\/\/www.repam.net\/es\/","logo":{"@type":"ImageObject","inLanguage":"es-CO","@id":"https:\/\/www.repam.net\/es\/#\/schema\/logo\/image\/","url":"https:\/\/www.repam.net\/es\/wp-content\/uploads\/2021\/11\/cropped-favicon.png","contentUrl":"https:\/\/www.repam.net\/es\/wp-content\/uploads\/2021\/11\/cropped-favicon.png","width":512,"height":512,"caption":"REPAM"},"image":{"@id":"https:\/\/www.repam.net\/es\/#\/schema\/logo\/image\/"}},{"@type":"Person","@id":"https:\/\/www.repam.net\/es\/#\/schema\/person\/0c828bf04cf1abe6016cbe752c76a033","name":"repam@adm","image":{"@type":"ImageObject","inLanguage":"es-CO","@id":"https:\/\/secure.gravatar.com\/avatar\/b18234ea6de5d74563e52ca7bfdad9d2b029b514c935b38a2790717abf8f2e5f?s=96&d=mm&r=g","url":"https:\/\/secure.gravatar.com\/avatar\/b18234ea6de5d74563e52ca7bfdad9d2b029b514c935b38a2790717abf8f2e5f?s=96&d=mm&r=g","contentUrl":"https:\/\/secure.gravatar.com\/avatar\/b18234ea6de5d74563e52ca7bfdad9d2b029b514c935b38a2790717abf8f2e5f?s=96&d=mm&r=g","caption":"repam@adm"},"sameAs":["http:\/\/repam.net"],"url":"https:\/\/www.repam.net\/es\/author\/repamadm\/"}]}},"_links":{"self":[{"href":"https:\/\/www.repam.net\/es\/wp-json\/wp\/v2\/posts\/10059","targetHints":{"allow":["GET"]}}],"collection":[{"href":"https:\/\/www.repam.net\/es\/wp-json\/wp\/v2\/posts"}],"about":[{"href":"https:\/\/www.repam.net\/es\/wp-json\/wp\/v2\/types\/post"}],"author":[{"embeddable":true,"href":"https:\/\/www.repam.net\/es\/wp-json\/wp\/v2\/users\/1"}],"replies":[{"embeddable":true,"href":"https:\/\/www.repam.net\/es\/wp-json\/wp\/v2\/comments?post=10059"}],"version-history":[{"count":1,"href":"https:\/\/www.repam.net\/es\/wp-json\/wp\/v2\/posts\/10059\/revisions"}],"predecessor-version":[{"id":10062,"href":"https:\/\/www.repam.net\/es\/wp-json\/wp\/v2\/posts\/10059\/revisions\/10062"}],"wp:featuredmedia":[{"embeddable":true,"href":"https:\/\/www.repam.net\/es\/wp-json\/wp\/v2\/media\/10060"}],"wp:attachment":[{"href":"https:\/\/www.repam.net\/es\/wp-json\/wp\/v2\/media?parent=10059"}],"wp:term":[{"taxonomy":"category","embeddable":true,"href":"https:\/\/www.repam.net\/es\/wp-json\/wp\/v2\/categories?post=10059"},{"taxonomy":"post_tag","embeddable":true,"href":"https:\/\/www.repam.net\/es\/wp-json\/wp\/v2\/tags?post=10059"}],"curies":[{"name":"wp","href":"https:\/\/api.w.org\/{rel}","templated":true}]}}