{"id":10069,"date":"2023-05-03T09:10:59","date_gmt":"2023-05-03T14:10:59","guid":{"rendered":"https:\/\/www.repam.net\/es\/?p=10069"},"modified":"2023-05-03T09:11:01","modified_gmt":"2023-05-03T14:11:01","slug":"claves-sinodales-desde-la-territorialidad-amazonica","status":"publish","type":"post","link":"https:\/\/www.repam.net\/es\/claves-sinodales-desde-la-territorialidad-amazonica\/","title":{"rendered":"Claves sinodales desde la territorialidad amaz\u00f3nica"},"content":{"rendered":"<div class=\"wp-block-image\">\n<figure class=\"aligncenter size-full\"><img loading=\"lazy\" decoding=\"async\" width=\"958\" height=\"559\" src=\"https:\/\/www.repam.net\/es\/wp-content\/uploads\/2023\/05\/articulo-958x559-1.jpeg\" alt=\"\" class=\"wp-image-10070\" srcset=\"https:\/\/www.repam.net\/es\/wp-content\/uploads\/2023\/05\/articulo-958x559-1.jpeg 958w, https:\/\/www.repam.net\/es\/wp-content\/uploads\/2023\/05\/articulo-958x559-1-300x175.jpeg 300w, https:\/\/www.repam.net\/es\/wp-content\/uploads\/2023\/05\/articulo-958x559-1-768x448.jpeg 768w\" sizes=\"auto, (max-width: 958px) 100vw, 958px\" \/><\/figure>\n<\/div>\n\n\n<blockquote class=\"wp-block-quote is-layout-flow wp-block-quote-is-layout-flow\">\n<p><em>En estos tiempos de peregrinar sinodal, la voces de la periferia existencial, \u00e9tnica y cultural se deben escuchar con especial atenci\u00f3n.\u00a0<\/em><\/p>\n<\/blockquote>\n\n\n\n<p><strong><em>Por Marcelo Figueroa<\/em><\/strong><\/p>\n\n\n\n<p>Estas cosmovisiones que penetran el proceso eclesial, en este caso desde la amazonia profunda, son conocidas en profundidad por&nbsp;<strong>Mauricio L\u00f3pez Oropeza, autor de del libro \u201cDiscernir la voz de Dios en este kair\u00f3s eclesial: claves sinodales desde la territorialidad amaz\u00f3nica\u201d.<\/strong>&nbsp;Este trabajo escrito por quien es coordinador de la fase continental del S\u00ednodo en Latinoam\u00e9rica y El Caribe y que fuera presentado recientemente en una co-edici\u00f3n entre la Editorial CELAM y la editorial PPC , representa un aporte muy valioso en ese sentido.<\/p>\n\n\n\n<p>El autor dedica su trabajo a quienes, citando sus propias palabras va \u201cCompartiendo la vida con quienes navegan y peregrinan por la Amazon\u00eda aprend\u00ed a honrar a los ancestros y a descubrirlos vivos y actuantes en nuestra vida cotidiana a trav\u00e9s de nuestro ser y quehacer en el mundo. Esas presencias que nos sostienen en el camino se han hecho presentes tambi\u00e9n en esta suma de reflexiones que se tejen a la luz de sus testimonios de vida\u201d.<\/p>\n\n\n\n<p>M\u00e1s adelante, en sus palabras introductorias, el ex Secretario de la REPAM (Red Eclesial Panamaz\u00f3nica) y actual Secretario Ejecutivo interino de la CEAMA (Conferencia Eclesial de la Amazon\u00eda) nos adelanta a los lectores que \u201cEn estas reflexiones, compartidas en tres partes: Discernir; Territorialidad(es); y, Sinodalidad, se plasma una experiencia, vista desde unos ojos espec\u00edficos, del sentirnos totalmente limitados, indefensos y peque\u00f1os, due\u00f1os de nuestra profunda fragilidad como criaturas que ponen sus vidas como meros medios.<\/p>\n\n\n\n<p>Pero tambi\u00e9n, desde el sentido de caminar bajo la hermosa l\u00f3gica de Dios, de sabernos parte de un plan mayor en el cual somos part\u00edculas imprescindibles que hacen parte de la ruta hacia una mayor unidad para construir ese otro mundo posible, el Reino. Han sido a\u00f1os muy intensos en este caminar sinodal que no termina, y ojal\u00e1 que nunca acabe. M\u00faltiples viajes, encuentros, di\u00e1logos, encuentros, desencuentros; escucha de esperanzas, anhelos, dolores, de tocar la indignaci\u00f3n, de sanaci\u00f3n; y, sobre todo, de la apertura de muchos horizontes en este hermoso y amenazado territorio Amaz\u00f3nico, en nuestra Am\u00e9rica Latina, y para toda nuestra Iglesia. Este libro es el fruto, inmaduro y peque\u00f1o, de ese caminar que no termina.<\/p>\n\n\n\n<p><strong>Discernir la voz de Dios en este kair\u00f3s eclesial, ha sido, y sigue siendo, un verdadero regalo (y la experiencia m\u00e1s extenuante como jam\u00e1s hab\u00eda vivido)<\/strong>&nbsp;de contribuir junto con tantas hermanas y hermanos, sirviendo como puentes para que las vidas y las voces de muchos-as que han sido olvidados-as sean reconocidas y llevadas al coraz\u00f3n de la Iglesia y a su discernimiento sobre su ayer, su hoy, y sobre todo sobre su ma\u00f1ana. Las claves sinodales desde la territorialidad amaz\u00f3nica han hecho que este recorrido sea una navegaci\u00f3n por la palabra de Dios. En las aguas de esta querida y herida Amazon\u00eda hemos intuido, balbuceado y descubierto nuevos caminos para la Iglesia y para una ecolog\u00eda integral\u201d.<\/p>\n\n\n\n<p>En estos tres segmentos tem\u00e1ticos en que Mauricio ha ordenado su \u201cobra prima\u201d, aborda en profundidad temas diversos pero interconectados con su mirada experta y a la vez encarnada de estas realidades amaz\u00f3nicas. Entre ellos, aborda problem\u00e1ticas como la de una contemplaci\u00f3n de la Encarnaci\u00f3n para discernir el llamado de Dios en medio del mundo, al que luego en otro segmento define como fragmentado. Fragmentaci\u00f3n mundial que nos invita a releer desde un fuerte llamando a un experimentaci\u00f3n de Dios en ese kairos universal. P\u00e1ginas m\u00e1s adelante, hace un dram\u00e1tica exhortaci\u00f3n a buscar y hallar la voz de Dios en medio de la pandemia que azot\u00f3 de una manera diferente y para muchos desconocida en la Amazonia.<\/p>\n\n\n\n<p>Del mismo modo, en b\u00fasqueda de una iglesia inculturada con rostro amaz\u00f3nico, llama a una hermandad eclesial y ecol\u00f3gica integral. Conjugando los documentos del Papa Francisco y sus sue\u00f1os amaz\u00f3nicos invita a navegar los r\u00edos confluyentes del pueblo de Dios, sin dejar de o\u00edr los gritos de los pueblos y de la tierra. Finalmente deja constancia de una bit\u00e1cora de notas tomadas seg\u00fan \u00e9l \u201cen el camino\u201d, como un elemento pedag\u00f3gico que produzcan una genuina escucha sinodal y un llamado a abrir nuevos caminos.<\/p>\n\n\n\n<p><strong>Este trabajo literario es presentado a modo de pr\u00f3logo por Liliana Franco Echeverri, odn.<\/strong>&nbsp;La reconocida te\u00f3loga conocedora de estas realidades planteadas por Mauricio L\u00f3pez nos invita delicada pero profundamente a \u201cingresar en puntillas a la tierra sagrada de la vida, las experiencias, las intuiciones y certezas de Mauricio. \u00c9l, formado en la escuela del discernimiento, evidencia entre renglones y con una narrativa profunda y transparente, el modo c\u00f3mo Dios trabaja en su propia historia y en la de aquellos, con quienes desde la experiencia de ser y sentirse hermano, va haciendo el camino. Nos aproxima al territorio de sus desvelos, a la Amazon\u00eda, plena de belleza, de diversidad y herida en los rincones vitales, donde con verdor, resiste a las manos que atropellan y arrebatan ra\u00edces, dignidad, porvenir y posibilidades\u201d.<\/p>\n\n\n\n<p><strong>La lectura de este libro, ayudado por sus ejes tem\u00e1ticos bien determinados, ayudados por la selecci\u00f3n cuidadosa de escritos en el camino, se constituye en una herramienta fundamental de consulta y debate<\/strong>. Quien escribe, y que ha tenido acceso a la totalidad de las p\u00e1ginas de esta obra, a la vez de conocer el pensamiento del autor en m\u00faltiples art\u00edculos, da gracias a Dios por su trabajo y ministerio, y recomienda humildemente la lectura y difusi\u00f3n de esta obra.<\/p>\n\n\n\n<p><strong><em>Fuente: ADN Celam<\/em><\/strong><\/p>\n","protected":false},"excerpt":{"rendered":"<p>En estos tiempos de peregrinar sinodal, la voces de la periferia existencial, \u00e9tnica y cultural se deben escuchar con especial atenci\u00f3n.\u00a0 Por Marcelo Figueroa Estas cosmovisiones que penetran el proceso eclesial, en este caso desde la amazonia profunda, son conocidas en profundidad por&nbsp;Mauricio L\u00f3pez Oropeza, autor de del libro \u201cDiscernir la voz de Dios en [&hellip;]<\/p>\n","protected":false},"author":1,"featured_media":10070,"comment_status":"closed","ping_status":"closed","sticky":false,"template":"","format":"standard","meta":{"_acf_changed":false,"_uf_show_specific_survey":0,"_uf_disable_surveys":false,"footnotes":""},"categories":[4],"tags":[33,52,43,16,8,9],"class_list":["post-10069","post","type-post","status-publish","format-standard","has-post-thumbnail","hentry","category-noticias","tag-amazonia","tag-derechos-humanos","tag-papa-francisco","tag-pueblos-indigenas","tag-querida-amazonia","tag-repam"],"acf":[],"aioseo_notices":[],"yoast_head":"<!-- This site is optimized with the Yoast SEO plugin v27.4 - https:\/\/yoast.com\/product\/yoast-seo-wordpress\/ -->\n<title>Claves sinodales desde la territorialidad amaz\u00f3nica - REPAM<\/title>\n<meta name=\"robots\" content=\"index, follow, max-snippet:-1, max-image-preview:large, max-video-preview:-1\" \/>\n<link rel=\"canonical\" href=\"https:\/\/www.repam.net\/es\/claves-sinodales-desde-la-territorialidad-amazonica\/\" \/>\n<meta property=\"og:locale\" content=\"es_ES\" \/>\n<meta property=\"og:type\" content=\"article\" \/>\n<meta property=\"og:title\" content=\"Claves sinodales desde la territorialidad amaz\u00f3nica - REPAM\" \/>\n<meta property=\"og:description\" content=\"En estos tiempos de peregrinar sinodal, la voces de la periferia existencial, \u00e9tnica y cultural se deben escuchar con especial atenci\u00f3n.\u00a0 Por Marcelo Figueroa Estas cosmovisiones que penetran el proceso eclesial, en este caso desde la amazonia profunda, son conocidas en profundidad por&nbsp;Mauricio L\u00f3pez Oropeza, autor de del libro \u201cDiscernir la voz de Dios en [&hellip;]\" \/>\n<meta property=\"og:url\" content=\"https:\/\/www.repam.net\/es\/claves-sinodales-desde-la-territorialidad-amazonica\/\" \/>\n<meta property=\"og:site_name\" content=\"REPAM\" \/>\n<meta property=\"article:published_time\" content=\"2023-05-03T14:10:59+00:00\" \/>\n<meta property=\"article:modified_time\" content=\"2023-05-03T14:11:01+00:00\" \/>\n<meta property=\"og:image\" content=\"https:\/\/www.repam.net\/es\/wp-content\/uploads\/2023\/05\/articulo-958x559-1.jpeg\" \/>\n\t<meta property=\"og:image:width\" content=\"958\" \/>\n\t<meta property=\"og:image:height\" content=\"559\" \/>\n\t<meta property=\"og:image:type\" content=\"image\/jpeg\" \/>\n<meta name=\"author\" content=\"repam@adm\" \/>\n<meta name=\"twitter:card\" content=\"summary_large_image\" \/>\n<meta name=\"twitter:label1\" content=\"Escrito por\" \/>\n\t<meta name=\"twitter:data1\" content=\"repam@adm\" \/>\n\t<meta name=\"twitter:label2\" content=\"Tiempo de lectura\" \/>\n\t<meta name=\"twitter:data2\" content=\"5 minutos\" \/>\n<script type=\"application\/ld+json\" class=\"yoast-schema-graph\">{\"@context\":\"https:\\\/\\\/schema.org\",\"@graph\":[{\"@type\":\"Article\",\"@id\":\"https:\\\/\\\/www.repam.net\\\/es\\\/claves-sinodales-desde-la-territorialidad-amazonica\\\/#article\",\"isPartOf\":{\"@id\":\"https:\\\/\\\/www.repam.net\\\/es\\\/claves-sinodales-desde-la-territorialidad-amazonica\\\/\"},\"author\":{\"name\":\"repam@adm\",\"@id\":\"https:\\\/\\\/www.repam.net\\\/es\\\/#\\\/schema\\\/person\\\/0c828bf04cf1abe6016cbe752c76a033\"},\"headline\":\"Claves sinodales desde la territorialidad amaz\u00f3nica\",\"datePublished\":\"2023-05-03T14:10:59+00:00\",\"dateModified\":\"2023-05-03T14:11:01+00:00\",\"mainEntityOfPage\":{\"@id\":\"https:\\\/\\\/www.repam.net\\\/es\\\/claves-sinodales-desde-la-territorialidad-amazonica\\\/\"},\"wordCount\":991,\"publisher\":{\"@id\":\"https:\\\/\\\/www.repam.net\\\/es\\\/#organization\"},\"image\":{\"@id\":\"https:\\\/\\\/www.repam.net\\\/es\\\/claves-sinodales-desde-la-territorialidad-amazonica\\\/#primaryimage\"},\"thumbnailUrl\":\"https:\\\/\\\/www.repam.net\\\/es\\\/wp-content\\\/uploads\\\/2023\\\/05\\\/articulo-958x559-1.jpeg\",\"keywords\":[\"Amazon\u00eda\",\"Derechos Humanos\",\"Papa Francisco\",\"pueblos ind\u00edgenas\",\"Querida Amazon\u00eda\",\"REPAM\"],\"articleSection\":[\"Noticias\"],\"inLanguage\":\"es-CO\"},{\"@type\":\"WebPage\",\"@id\":\"https:\\\/\\\/www.repam.net\\\/es\\\/claves-sinodales-desde-la-territorialidad-amazonica\\\/\",\"url\":\"https:\\\/\\\/www.repam.net\\\/es\\\/claves-sinodales-desde-la-territorialidad-amazonica\\\/\",\"name\":\"Claves sinodales desde la territorialidad amaz\u00f3nica - REPAM\",\"isPartOf\":{\"@id\":\"https:\\\/\\\/www.repam.net\\\/es\\\/#website\"},\"primaryImageOfPage\":{\"@id\":\"https:\\\/\\\/www.repam.net\\\/es\\\/claves-sinodales-desde-la-territorialidad-amazonica\\\/#primaryimage\"},\"image\":{\"@id\":\"https:\\\/\\\/www.repam.net\\\/es\\\/claves-sinodales-desde-la-territorialidad-amazonica\\\/#primaryimage\"},\"thumbnailUrl\":\"https:\\\/\\\/www.repam.net\\\/es\\\/wp-content\\\/uploads\\\/2023\\\/05\\\/articulo-958x559-1.jpeg\",\"datePublished\":\"2023-05-03T14:10:59+00:00\",\"dateModified\":\"2023-05-03T14:11:01+00:00\",\"breadcrumb\":{\"@id\":\"https:\\\/\\\/www.repam.net\\\/es\\\/claves-sinodales-desde-la-territorialidad-amazonica\\\/#breadcrumb\"},\"inLanguage\":\"es-CO\",\"potentialAction\":[{\"@type\":\"ReadAction\",\"target\":[\"https:\\\/\\\/www.repam.net\\\/es\\\/claves-sinodales-desde-la-territorialidad-amazonica\\\/\"]}]},{\"@type\":\"ImageObject\",\"inLanguage\":\"es-CO\",\"@id\":\"https:\\\/\\\/www.repam.net\\\/es\\\/claves-sinodales-desde-la-territorialidad-amazonica\\\/#primaryimage\",\"url\":\"https:\\\/\\\/www.repam.net\\\/es\\\/wp-content\\\/uploads\\\/2023\\\/05\\\/articulo-958x559-1.jpeg\",\"contentUrl\":\"https:\\\/\\\/www.repam.net\\\/es\\\/wp-content\\\/uploads\\\/2023\\\/05\\\/articulo-958x559-1.jpeg\",\"width\":958,\"height\":559},{\"@type\":\"BreadcrumbList\",\"@id\":\"https:\\\/\\\/www.repam.net\\\/es\\\/claves-sinodales-desde-la-territorialidad-amazonica\\\/#breadcrumb\",\"itemListElement\":[{\"@type\":\"ListItem\",\"position\":1,\"name\":\"Inicio\",\"item\":\"https:\\\/\\\/www.repam.net\\\/es\\\/\"},{\"@type\":\"ListItem\",\"position\":2,\"name\":\"Claves sinodales desde la territorialidad amaz\u00f3nica\"}]},{\"@type\":\"WebSite\",\"@id\":\"https:\\\/\\\/www.repam.net\\\/es\\\/#website\",\"url\":\"https:\\\/\\\/www.repam.net\\\/es\\\/\",\"name\":\"REPAM\",\"description\":\"Red Eclesial Panamaz\u00f3nica\",\"publisher\":{\"@id\":\"https:\\\/\\\/www.repam.net\\\/es\\\/#organization\"},\"potentialAction\":[{\"@type\":\"SearchAction\",\"target\":{\"@type\":\"EntryPoint\",\"urlTemplate\":\"https:\\\/\\\/www.repam.net\\\/es\\\/?s={search_term_string}\"},\"query-input\":{\"@type\":\"PropertyValueSpecification\",\"valueRequired\":true,\"valueName\":\"search_term_string\"}}],\"inLanguage\":\"es-CO\"},{\"@type\":\"Organization\",\"@id\":\"https:\\\/\\\/www.repam.net\\\/es\\\/#organization\",\"name\":\"REPAM\",\"url\":\"https:\\\/\\\/www.repam.net\\\/es\\\/\",\"logo\":{\"@type\":\"ImageObject\",\"inLanguage\":\"es-CO\",\"@id\":\"https:\\\/\\\/www.repam.net\\\/es\\\/#\\\/schema\\\/logo\\\/image\\\/\",\"url\":\"https:\\\/\\\/www.repam.net\\\/es\\\/wp-content\\\/uploads\\\/2021\\\/11\\\/cropped-favicon.png\",\"contentUrl\":\"https:\\\/\\\/www.repam.net\\\/es\\\/wp-content\\\/uploads\\\/2021\\\/11\\\/cropped-favicon.png\",\"width\":512,\"height\":512,\"caption\":\"REPAM\"},\"image\":{\"@id\":\"https:\\\/\\\/www.repam.net\\\/es\\\/#\\\/schema\\\/logo\\\/image\\\/\"}},{\"@type\":\"Person\",\"@id\":\"https:\\\/\\\/www.repam.net\\\/es\\\/#\\\/schema\\\/person\\\/0c828bf04cf1abe6016cbe752c76a033\",\"name\":\"repam@adm\",\"image\":{\"@type\":\"ImageObject\",\"inLanguage\":\"es-CO\",\"@id\":\"https:\\\/\\\/secure.gravatar.com\\\/avatar\\\/b18234ea6de5d74563e52ca7bfdad9d2b029b514c935b38a2790717abf8f2e5f?s=96&d=mm&r=g\",\"url\":\"https:\\\/\\\/secure.gravatar.com\\\/avatar\\\/b18234ea6de5d74563e52ca7bfdad9d2b029b514c935b38a2790717abf8f2e5f?s=96&d=mm&r=g\",\"contentUrl\":\"https:\\\/\\\/secure.gravatar.com\\\/avatar\\\/b18234ea6de5d74563e52ca7bfdad9d2b029b514c935b38a2790717abf8f2e5f?s=96&d=mm&r=g\",\"caption\":\"repam@adm\"},\"sameAs\":[\"http:\\\/\\\/repam.net\"],\"url\":\"https:\\\/\\\/www.repam.net\\\/es\\\/author\\\/repamadm\\\/\"}]}<\/script>\n<!-- \/ Yoast SEO plugin. -->","yoast_head_json":{"title":"Claves sinodales desde la territorialidad amaz\u00f3nica - REPAM","robots":{"index":"index","follow":"follow","max-snippet":"max-snippet:-1","max-image-preview":"max-image-preview:large","max-video-preview":"max-video-preview:-1"},"canonical":"https:\/\/www.repam.net\/es\/claves-sinodales-desde-la-territorialidad-amazonica\/","og_locale":"es_ES","og_type":"article","og_title":"Claves sinodales desde la territorialidad amaz\u00f3nica - REPAM","og_description":"En estos tiempos de peregrinar sinodal, la voces de la periferia existencial, \u00e9tnica y cultural se deben escuchar con especial atenci\u00f3n.\u00a0 Por Marcelo Figueroa Estas cosmovisiones que penetran el proceso eclesial, en este caso desde la amazonia profunda, son conocidas en profundidad por&nbsp;Mauricio L\u00f3pez Oropeza, autor de del libro \u201cDiscernir la voz de Dios en [&hellip;]","og_url":"https:\/\/www.repam.net\/es\/claves-sinodales-desde-la-territorialidad-amazonica\/","og_site_name":"REPAM","article_published_time":"2023-05-03T14:10:59+00:00","article_modified_time":"2023-05-03T14:11:01+00:00","og_image":[{"width":958,"height":559,"url":"https:\/\/www.repam.net\/es\/wp-content\/uploads\/2023\/05\/articulo-958x559-1.jpeg","type":"image\/jpeg"}],"author":"repam@adm","twitter_card":"summary_large_image","twitter_misc":{"Escrito por":"repam@adm","Tiempo de lectura":"5 minutos"},"schema":{"@context":"https:\/\/schema.org","@graph":[{"@type":"Article","@id":"https:\/\/www.repam.net\/es\/claves-sinodales-desde-la-territorialidad-amazonica\/#article","isPartOf":{"@id":"https:\/\/www.repam.net\/es\/claves-sinodales-desde-la-territorialidad-amazonica\/"},"author":{"name":"repam@adm","@id":"https:\/\/www.repam.net\/es\/#\/schema\/person\/0c828bf04cf1abe6016cbe752c76a033"},"headline":"Claves sinodales desde la territorialidad amaz\u00f3nica","datePublished":"2023-05-03T14:10:59+00:00","dateModified":"2023-05-03T14:11:01+00:00","mainEntityOfPage":{"@id":"https:\/\/www.repam.net\/es\/claves-sinodales-desde-la-territorialidad-amazonica\/"},"wordCount":991,"publisher":{"@id":"https:\/\/www.repam.net\/es\/#organization"},"image":{"@id":"https:\/\/www.repam.net\/es\/claves-sinodales-desde-la-territorialidad-amazonica\/#primaryimage"},"thumbnailUrl":"https:\/\/www.repam.net\/es\/wp-content\/uploads\/2023\/05\/articulo-958x559-1.jpeg","keywords":["Amazon\u00eda","Derechos Humanos","Papa Francisco","pueblos ind\u00edgenas","Querida Amazon\u00eda","REPAM"],"articleSection":["Noticias"],"inLanguage":"es-CO"},{"@type":"WebPage","@id":"https:\/\/www.repam.net\/es\/claves-sinodales-desde-la-territorialidad-amazonica\/","url":"https:\/\/www.repam.net\/es\/claves-sinodales-desde-la-territorialidad-amazonica\/","name":"Claves sinodales desde la territorialidad amaz\u00f3nica - REPAM","isPartOf":{"@id":"https:\/\/www.repam.net\/es\/#website"},"primaryImageOfPage":{"@id":"https:\/\/www.repam.net\/es\/claves-sinodales-desde-la-territorialidad-amazonica\/#primaryimage"},"image":{"@id":"https:\/\/www.repam.net\/es\/claves-sinodales-desde-la-territorialidad-amazonica\/#primaryimage"},"thumbnailUrl":"https:\/\/www.repam.net\/es\/wp-content\/uploads\/2023\/05\/articulo-958x559-1.jpeg","datePublished":"2023-05-03T14:10:59+00:00","dateModified":"2023-05-03T14:11:01+00:00","breadcrumb":{"@id":"https:\/\/www.repam.net\/es\/claves-sinodales-desde-la-territorialidad-amazonica\/#breadcrumb"},"inLanguage":"es-CO","potentialAction":[{"@type":"ReadAction","target":["https:\/\/www.repam.net\/es\/claves-sinodales-desde-la-territorialidad-amazonica\/"]}]},{"@type":"ImageObject","inLanguage":"es-CO","@id":"https:\/\/www.repam.net\/es\/claves-sinodales-desde-la-territorialidad-amazonica\/#primaryimage","url":"https:\/\/www.repam.net\/es\/wp-content\/uploads\/2023\/05\/articulo-958x559-1.jpeg","contentUrl":"https:\/\/www.repam.net\/es\/wp-content\/uploads\/2023\/05\/articulo-958x559-1.jpeg","width":958,"height":559},{"@type":"BreadcrumbList","@id":"https:\/\/www.repam.net\/es\/claves-sinodales-desde-la-territorialidad-amazonica\/#breadcrumb","itemListElement":[{"@type":"ListItem","position":1,"name":"Inicio","item":"https:\/\/www.repam.net\/es\/"},{"@type":"ListItem","position":2,"name":"Claves sinodales desde la territorialidad amaz\u00f3nica"}]},{"@type":"WebSite","@id":"https:\/\/www.repam.net\/es\/#website","url":"https:\/\/www.repam.net\/es\/","name":"REPAM","description":"Red Eclesial Panamaz\u00f3nica","publisher":{"@id":"https:\/\/www.repam.net\/es\/#organization"},"potentialAction":[{"@type":"SearchAction","target":{"@type":"EntryPoint","urlTemplate":"https:\/\/www.repam.net\/es\/?s={search_term_string}"},"query-input":{"@type":"PropertyValueSpecification","valueRequired":true,"valueName":"search_term_string"}}],"inLanguage":"es-CO"},{"@type":"Organization","@id":"https:\/\/www.repam.net\/es\/#organization","name":"REPAM","url":"https:\/\/www.repam.net\/es\/","logo":{"@type":"ImageObject","inLanguage":"es-CO","@id":"https:\/\/www.repam.net\/es\/#\/schema\/logo\/image\/","url":"https:\/\/www.repam.net\/es\/wp-content\/uploads\/2021\/11\/cropped-favicon.png","contentUrl":"https:\/\/www.repam.net\/es\/wp-content\/uploads\/2021\/11\/cropped-favicon.png","width":512,"height":512,"caption":"REPAM"},"image":{"@id":"https:\/\/www.repam.net\/es\/#\/schema\/logo\/image\/"}},{"@type":"Person","@id":"https:\/\/www.repam.net\/es\/#\/schema\/person\/0c828bf04cf1abe6016cbe752c76a033","name":"repam@adm","image":{"@type":"ImageObject","inLanguage":"es-CO","@id":"https:\/\/secure.gravatar.com\/avatar\/b18234ea6de5d74563e52ca7bfdad9d2b029b514c935b38a2790717abf8f2e5f?s=96&d=mm&r=g","url":"https:\/\/secure.gravatar.com\/avatar\/b18234ea6de5d74563e52ca7bfdad9d2b029b514c935b38a2790717abf8f2e5f?s=96&d=mm&r=g","contentUrl":"https:\/\/secure.gravatar.com\/avatar\/b18234ea6de5d74563e52ca7bfdad9d2b029b514c935b38a2790717abf8f2e5f?s=96&d=mm&r=g","caption":"repam@adm"},"sameAs":["http:\/\/repam.net"],"url":"https:\/\/www.repam.net\/es\/author\/repamadm\/"}]}},"_links":{"self":[{"href":"https:\/\/www.repam.net\/es\/wp-json\/wp\/v2\/posts\/10069","targetHints":{"allow":["GET"]}}],"collection":[{"href":"https:\/\/www.repam.net\/es\/wp-json\/wp\/v2\/posts"}],"about":[{"href":"https:\/\/www.repam.net\/es\/wp-json\/wp\/v2\/types\/post"}],"author":[{"embeddable":true,"href":"https:\/\/www.repam.net\/es\/wp-json\/wp\/v2\/users\/1"}],"replies":[{"embeddable":true,"href":"https:\/\/www.repam.net\/es\/wp-json\/wp\/v2\/comments?post=10069"}],"version-history":[{"count":1,"href":"https:\/\/www.repam.net\/es\/wp-json\/wp\/v2\/posts\/10069\/revisions"}],"predecessor-version":[{"id":10071,"href":"https:\/\/www.repam.net\/es\/wp-json\/wp\/v2\/posts\/10069\/revisions\/10071"}],"wp:featuredmedia":[{"embeddable":true,"href":"https:\/\/www.repam.net\/es\/wp-json\/wp\/v2\/media\/10070"}],"wp:attachment":[{"href":"https:\/\/www.repam.net\/es\/wp-json\/wp\/v2\/media?parent=10069"}],"wp:term":[{"taxonomy":"category","embeddable":true,"href":"https:\/\/www.repam.net\/es\/wp-json\/wp\/v2\/categories?post=10069"},{"taxonomy":"post_tag","embeddable":true,"href":"https:\/\/www.repam.net\/es\/wp-json\/wp\/v2\/tags?post=10069"}],"curies":[{"name":"wp","href":"https:\/\/api.w.org\/{rel}","templated":true}]}}