{"id":10093,"date":"2023-05-06T20:45:01","date_gmt":"2023-05-07T01:45:01","guid":{"rendered":"https:\/\/www.repam.net\/es\/?p=10093"},"modified":"2023-05-06T20:56:07","modified_gmt":"2023-05-07T01:56:07","slug":"indigenas-amazonicos-comparten-sus-experiencias-de-lucha-y-resistencia-en-el-taller-sobre-el-sistema-interamericano-de-derechos-humanos","status":"publish","type":"post","link":"https:\/\/www.repam.net\/es\/indigenas-amazonicos-comparten-sus-experiencias-de-lucha-y-resistencia-en-el-taller-sobre-el-sistema-interamericano-de-derechos-humanos\/","title":{"rendered":"Ind\u00edgenas amaz\u00f3nicos comparten sus experiencias de lucha y resistencia en el Taller sobre el Sistema Interamericano de Derechos Humanos\u00a0"},"content":{"rendered":"<div class=\"wp-block-image\">\n<figure class=\"aligncenter size-full\"><img loading=\"lazy\" decoding=\"async\" width=\"806\" height=\"410\" src=\"https:\/\/www.repam.net\/es\/wp-content\/uploads\/2023\/05\/cidh.png\" alt=\"\" class=\"wp-image-10094\" srcset=\"https:\/\/www.repam.net\/es\/wp-content\/uploads\/2023\/05\/cidh.png 806w, https:\/\/www.repam.net\/es\/wp-content\/uploads\/2023\/05\/cidh-300x153.png 300w, https:\/\/www.repam.net\/es\/wp-content\/uploads\/2023\/05\/cidh-768x391.png 768w\" sizes=\"auto, (max-width: 806px) 100vw, 806px\" \/><\/figure>\n<\/div>\n\n\n<blockquote class=\"wp-block-quote is-layout-flow wp-block-quote-is-layout-flow\">\n<p><em>Ind\u00edgenas amaz\u00f3nicos comparten sus experiencias de lucha y resistencia en el Taller sobre el Sistema Interamericano de Derechos Humanos.\u00a0<\/em><\/p>\n<\/blockquote>\n\n\n\n<p><strong><em>Por Comunicaciones REPAM\/PUAM<\/em><\/strong><\/p>\n\n\n\n<p>El taller, que estuvo dirigido a representantes de comunidades territoriales, miembros de REPAM y defensores de derechos humanos en la Panamazon\u00eda, tuvo por objetivo brindar herramientas que contribuyan a los procesos de defensa de la vida, la tierra y las culturas ind\u00edgenas amaz\u00f3nicas. Con esto tambi\u00e9n se busca que los representantes de los territorios promuevan la reivindicaci\u00f3n de los derechos de sus comunidades y para que puedan contar con un acompa\u00f1amiento t\u00e9cnico en el proceso.&nbsp;<\/p>\n\n\n\n<p>Los y las representantes presentes en el taller fueron, de Brasil: Leila Rocha, del pueblo guaran\u00ed-\u00f1andeva y Lidia de Oliveira, misionera laica del CIMI, de Per\u00fa: la abogada Ver\u00f3nica Shibuya, Coordinadora Regional del CAAAP en Loreto, y de Bolivia: Alex Villca Limaco, ind\u00edgena Uchupiamona y Gladis Montesinos, misionera carmelita presente en el territorio.&nbsp;<\/p>\n\n\n\n<p>El espacio fue una oportunidad para presentar la propuesta, a la Organizaci\u00f3n de Estados Americanos (OEA), de elaborar una declaraci\u00f3n sobre los pueblos que est\u00e1n en peligro de desaparecer, de ser eliminados, no solo en la Amazon\u00eda, sino en todo el continente americano. La propuesta especifica que el pronunciamiento se de en el d\u00eda de los Pueblos Ind\u00edgenas, el 9 de agosto de este a\u00f1o. A su vez, el espacio represent\u00f3 una oportunidad para plantar la creaci\u00f3n de museos territoriales en la Amazon\u00eda, junto a la OEA.&nbsp;<\/p>\n\n\n\n<p>Los Museos de la Amazon\u00eda parten de un planteamiento y reflexi\u00f3n desde el Museo de las Am\u00e9ricas de la OEA. Para Sonia Olea, abogada responsable de incidencia internacional de REPAM y miembro del Equipo de Incidencia de C\u00e1ritas Espa\u00f1ola, la experiencia de los museos de la OEA \u201cdeber\u00eda contar la historia desde el lado ind\u00edgena, no s\u00f3lo desde el lado de los pa\u00edses colonizadores. Un ejemplo de ellos es el Museo de Historia de los Afrodescendientes en Am\u00e9rica, en donde no se ha ocultado el dolor de la esclavitud y el genocidio sufrido por el pueblo afro en aquel tiempo\u201d.&nbsp;<\/p>\n\n\n\n<p>Este taller ha representado tambi\u00e9n una posibilidad para que los y las representantes de las comunidades, que llevaron sus casos de vulneraci\u00f3n de derechos al evento, \u201cpuedan llevar a sus territorios sus conocimientos y la reflexi\u00f3n sobre las mejores estrategias (jur\u00eddicas, comunicativas, de sensibilizaci\u00f3n, de incidencia pol\u00edtica) que ayuden a tomar decisiones que no son nada sencillas, porque est\u00e1 en juego su vida, su territorio y el futuro de un pueblo\u201d, cometa Olea. La abogada estaca tambi\u00e9n que estas acciones cuentan con la presencia y acompa\u00f1amiento de la REPAM, del CIMI, del CAAAP y del PUAM.&nbsp;<\/p>\n\n\n\n<p>Para viabilizar las propuestas presentadas en el taller, la OEA y el PUAM buscar\u00e1n espacios de vinculaci\u00f3n para garantizar la participaci\u00f3n de los pueblos ind\u00edgenas en la implementaci\u00f3n de los museos territoriales, para que estos expresen la voz de las comunidades que, al d\u00eda de hoy, se tratan de callar.&nbsp;<\/p>\n\n\n<div class=\"wp-block-image\">\n<figure class=\"aligncenter size-full\"><img loading=\"lazy\" decoding=\"async\" width=\"406\" height=\"406\" src=\"https:\/\/www.repam.net\/es\/wp-content\/uploads\/2023\/05\/cidh-nueva-iorque-edited.png\" alt=\"\" class=\"wp-image-10096\" srcset=\"https:\/\/www.repam.net\/es\/wp-content\/uploads\/2023\/05\/cidh-nueva-iorque-edited.png 406w, https:\/\/www.repam.net\/es\/wp-content\/uploads\/2023\/05\/cidh-nueva-iorque-edited-300x300.png 300w, https:\/\/www.repam.net\/es\/wp-content\/uploads\/2023\/05\/cidh-nueva-iorque-edited-150x150.png 150w\" sizes=\"auto, (max-width: 406px) 100vw, 406px\" \/><\/figure>\n<\/div>\n\n\n<p><strong><em>Fuente: REPAM<\/em><\/strong><\/p>\n","protected":false},"excerpt":{"rendered":"<p>Ind\u00edgenas amaz\u00f3nicos comparten sus experiencias de lucha y resistencia en el Taller sobre el Sistema Interamericano de Derechos Humanos.\u00a0 Por Comunicaciones REPAM\/PUAM El taller, que estuvo dirigido a representantes de comunidades territoriales, miembros de REPAM y defensores de derechos humanos en la Panamazon\u00eda, tuvo por objetivo brindar herramientas que contribuyan a los procesos de defensa [&hellip;]<\/p>\n","protected":false},"author":1,"featured_media":10094,"comment_status":"closed","ping_status":"closed","sticky":false,"template":"","format":"standard","meta":{"_acf_changed":false,"_uf_show_specific_survey":0,"_uf_disable_surveys":false,"footnotes":""},"categories":[4],"tags":[33,47,52,43,81,16,8,9,28],"class_list":["post-10093","post","type-post","status-publish","format-standard","has-post-thumbnail","hentry","category-noticias","tag-amazonia","tag-bolivia","tag-derechos-humanos","tag-papa-francisco","tag-peru","tag-pueblos-indigenas","tag-querida-amazonia","tag-repam","tag-sinodo-amazonico"],"acf":[],"aioseo_notices":[],"yoast_head":"<!-- This site is optimized with the Yoast SEO plugin v27.4 - https:\/\/yoast.com\/product\/yoast-seo-wordpress\/ -->\n<title>Ind\u00edgenas amaz\u00f3nicos comparten sus experiencias de lucha y resistencia en el Taller sobre el Sistema Interamericano de Derechos Humanos\u00a0 - REPAM<\/title>\n<meta name=\"robots\" content=\"index, follow, max-snippet:-1, max-image-preview:large, max-video-preview:-1\" \/>\n<link rel=\"canonical\" href=\"https:\/\/www.repam.net\/es\/indigenas-amazonicos-comparten-sus-experiencias-de-lucha-y-resistencia-en-el-taller-sobre-el-sistema-interamericano-de-derechos-humanos\/\" \/>\n<meta property=\"og:locale\" content=\"es_ES\" \/>\n<meta property=\"og:type\" content=\"article\" \/>\n<meta property=\"og:title\" content=\"Ind\u00edgenas amaz\u00f3nicos comparten sus experiencias de lucha y resistencia en el Taller sobre el Sistema Interamericano de Derechos Humanos\u00a0 - REPAM\" \/>\n<meta property=\"og:description\" content=\"Ind\u00edgenas amaz\u00f3nicos comparten sus experiencias de lucha y resistencia en el Taller sobre el Sistema Interamericano de Derechos Humanos.\u00a0 Por Comunicaciones REPAM\/PUAM El taller, que estuvo dirigido a representantes de comunidades territoriales, miembros de REPAM y defensores de derechos humanos en la Panamazon\u00eda, tuvo por objetivo brindar herramientas que contribuyan a los procesos de defensa [&hellip;]\" \/>\n<meta property=\"og:url\" content=\"https:\/\/www.repam.net\/es\/indigenas-amazonicos-comparten-sus-experiencias-de-lucha-y-resistencia-en-el-taller-sobre-el-sistema-interamericano-de-derechos-humanos\/\" \/>\n<meta property=\"og:site_name\" content=\"REPAM\" \/>\n<meta property=\"article:published_time\" content=\"2023-05-07T01:45:01+00:00\" \/>\n<meta property=\"article:modified_time\" content=\"2023-05-07T01:56:07+00:00\" \/>\n<meta property=\"og:image\" content=\"https:\/\/www.repam.net\/es\/wp-content\/uploads\/2023\/05\/cidh.png\" \/>\n\t<meta property=\"og:image:width\" content=\"806\" \/>\n\t<meta property=\"og:image:height\" content=\"410\" \/>\n\t<meta property=\"og:image:type\" content=\"image\/png\" \/>\n<meta name=\"author\" content=\"repam@adm\" \/>\n<meta name=\"twitter:card\" content=\"summary_large_image\" \/>\n<meta name=\"twitter:label1\" content=\"Escrito por\" \/>\n\t<meta name=\"twitter:data1\" content=\"repam@adm\" \/>\n\t<meta name=\"twitter:label2\" content=\"Tiempo de lectura\" \/>\n\t<meta name=\"twitter:data2\" content=\"3 minutos\" \/>\n<script type=\"application\/ld+json\" class=\"yoast-schema-graph\">{\"@context\":\"https:\\\/\\\/schema.org\",\"@graph\":[{\"@type\":\"Article\",\"@id\":\"https:\\\/\\\/www.repam.net\\\/es\\\/indigenas-amazonicos-comparten-sus-experiencias-de-lucha-y-resistencia-en-el-taller-sobre-el-sistema-interamericano-de-derechos-humanos\\\/#article\",\"isPartOf\":{\"@id\":\"https:\\\/\\\/www.repam.net\\\/es\\\/indigenas-amazonicos-comparten-sus-experiencias-de-lucha-y-resistencia-en-el-taller-sobre-el-sistema-interamericano-de-derechos-humanos\\\/\"},\"author\":{\"name\":\"repam@adm\",\"@id\":\"https:\\\/\\\/www.repam.net\\\/es\\\/#\\\/schema\\\/person\\\/0c828bf04cf1abe6016cbe752c76a033\"},\"headline\":\"Ind\u00edgenas amaz\u00f3nicos comparten sus experiencias de lucha y resistencia en el Taller sobre el Sistema Interamericano de Derechos Humanos\u00a0\",\"datePublished\":\"2023-05-07T01:45:01+00:00\",\"dateModified\":\"2023-05-07T01:56:07+00:00\",\"mainEntityOfPage\":{\"@id\":\"https:\\\/\\\/www.repam.net\\\/es\\\/indigenas-amazonicos-comparten-sus-experiencias-de-lucha-y-resistencia-en-el-taller-sobre-el-sistema-interamericano-de-derechos-humanos\\\/\"},\"wordCount\":558,\"publisher\":{\"@id\":\"https:\\\/\\\/www.repam.net\\\/es\\\/#organization\"},\"image\":{\"@id\":\"https:\\\/\\\/www.repam.net\\\/es\\\/indigenas-amazonicos-comparten-sus-experiencias-de-lucha-y-resistencia-en-el-taller-sobre-el-sistema-interamericano-de-derechos-humanos\\\/#primaryimage\"},\"thumbnailUrl\":\"https:\\\/\\\/www.repam.net\\\/es\\\/wp-content\\\/uploads\\\/2023\\\/05\\\/cidh.png\",\"keywords\":[\"Amazon\u00eda\",\"Bolivia\",\"Derechos Humanos\",\"Papa Francisco\",\"Per\u00fa\",\"pueblos ind\u00edgenas\",\"Querida Amazon\u00eda\",\"REPAM\",\"S\u00ednodo Amaz\u00f3nico\"],\"articleSection\":[\"Noticias\"],\"inLanguage\":\"es-CO\"},{\"@type\":\"WebPage\",\"@id\":\"https:\\\/\\\/www.repam.net\\\/es\\\/indigenas-amazonicos-comparten-sus-experiencias-de-lucha-y-resistencia-en-el-taller-sobre-el-sistema-interamericano-de-derechos-humanos\\\/\",\"url\":\"https:\\\/\\\/www.repam.net\\\/es\\\/indigenas-amazonicos-comparten-sus-experiencias-de-lucha-y-resistencia-en-el-taller-sobre-el-sistema-interamericano-de-derechos-humanos\\\/\",\"name\":\"Ind\u00edgenas amaz\u00f3nicos comparten sus experiencias de lucha y resistencia en el Taller sobre el Sistema Interamericano de Derechos Humanos\u00a0 - REPAM\",\"isPartOf\":{\"@id\":\"https:\\\/\\\/www.repam.net\\\/es\\\/#website\"},\"primaryImageOfPage\":{\"@id\":\"https:\\\/\\\/www.repam.net\\\/es\\\/indigenas-amazonicos-comparten-sus-experiencias-de-lucha-y-resistencia-en-el-taller-sobre-el-sistema-interamericano-de-derechos-humanos\\\/#primaryimage\"},\"image\":{\"@id\":\"https:\\\/\\\/www.repam.net\\\/es\\\/indigenas-amazonicos-comparten-sus-experiencias-de-lucha-y-resistencia-en-el-taller-sobre-el-sistema-interamericano-de-derechos-humanos\\\/#primaryimage\"},\"thumbnailUrl\":\"https:\\\/\\\/www.repam.net\\\/es\\\/wp-content\\\/uploads\\\/2023\\\/05\\\/cidh.png\",\"datePublished\":\"2023-05-07T01:45:01+00:00\",\"dateModified\":\"2023-05-07T01:56:07+00:00\",\"breadcrumb\":{\"@id\":\"https:\\\/\\\/www.repam.net\\\/es\\\/indigenas-amazonicos-comparten-sus-experiencias-de-lucha-y-resistencia-en-el-taller-sobre-el-sistema-interamericano-de-derechos-humanos\\\/#breadcrumb\"},\"inLanguage\":\"es-CO\",\"potentialAction\":[{\"@type\":\"ReadAction\",\"target\":[\"https:\\\/\\\/www.repam.net\\\/es\\\/indigenas-amazonicos-comparten-sus-experiencias-de-lucha-y-resistencia-en-el-taller-sobre-el-sistema-interamericano-de-derechos-humanos\\\/\"]}]},{\"@type\":\"ImageObject\",\"inLanguage\":\"es-CO\",\"@id\":\"https:\\\/\\\/www.repam.net\\\/es\\\/indigenas-amazonicos-comparten-sus-experiencias-de-lucha-y-resistencia-en-el-taller-sobre-el-sistema-interamericano-de-derechos-humanos\\\/#primaryimage\",\"url\":\"https:\\\/\\\/www.repam.net\\\/es\\\/wp-content\\\/uploads\\\/2023\\\/05\\\/cidh.png\",\"contentUrl\":\"https:\\\/\\\/www.repam.net\\\/es\\\/wp-content\\\/uploads\\\/2023\\\/05\\\/cidh.png\",\"width\":806,\"height\":410},{\"@type\":\"BreadcrumbList\",\"@id\":\"https:\\\/\\\/www.repam.net\\\/es\\\/indigenas-amazonicos-comparten-sus-experiencias-de-lucha-y-resistencia-en-el-taller-sobre-el-sistema-interamericano-de-derechos-humanos\\\/#breadcrumb\",\"itemListElement\":[{\"@type\":\"ListItem\",\"position\":1,\"name\":\"Inicio\",\"item\":\"https:\\\/\\\/www.repam.net\\\/es\\\/\"},{\"@type\":\"ListItem\",\"position\":2,\"name\":\"Ind\u00edgenas amaz\u00f3nicos comparten sus experiencias de lucha y resistencia en el Taller sobre el Sistema Interamericano de Derechos Humanos\u00a0\"}]},{\"@type\":\"WebSite\",\"@id\":\"https:\\\/\\\/www.repam.net\\\/es\\\/#website\",\"url\":\"https:\\\/\\\/www.repam.net\\\/es\\\/\",\"name\":\"REPAM\",\"description\":\"Red Eclesial Panamaz\u00f3nica\",\"publisher\":{\"@id\":\"https:\\\/\\\/www.repam.net\\\/es\\\/#organization\"},\"potentialAction\":[{\"@type\":\"SearchAction\",\"target\":{\"@type\":\"EntryPoint\",\"urlTemplate\":\"https:\\\/\\\/www.repam.net\\\/es\\\/?s={search_term_string}\"},\"query-input\":{\"@type\":\"PropertyValueSpecification\",\"valueRequired\":true,\"valueName\":\"search_term_string\"}}],\"inLanguage\":\"es-CO\"},{\"@type\":\"Organization\",\"@id\":\"https:\\\/\\\/www.repam.net\\\/es\\\/#organization\",\"name\":\"REPAM\",\"url\":\"https:\\\/\\\/www.repam.net\\\/es\\\/\",\"logo\":{\"@type\":\"ImageObject\",\"inLanguage\":\"es-CO\",\"@id\":\"https:\\\/\\\/www.repam.net\\\/es\\\/#\\\/schema\\\/logo\\\/image\\\/\",\"url\":\"https:\\\/\\\/www.repam.net\\\/es\\\/wp-content\\\/uploads\\\/2021\\\/11\\\/cropped-favicon.png\",\"contentUrl\":\"https:\\\/\\\/www.repam.net\\\/es\\\/wp-content\\\/uploads\\\/2021\\\/11\\\/cropped-favicon.png\",\"width\":512,\"height\":512,\"caption\":\"REPAM\"},\"image\":{\"@id\":\"https:\\\/\\\/www.repam.net\\\/es\\\/#\\\/schema\\\/logo\\\/image\\\/\"}},{\"@type\":\"Person\",\"@id\":\"https:\\\/\\\/www.repam.net\\\/es\\\/#\\\/schema\\\/person\\\/0c828bf04cf1abe6016cbe752c76a033\",\"name\":\"repam@adm\",\"image\":{\"@type\":\"ImageObject\",\"inLanguage\":\"es-CO\",\"@id\":\"https:\\\/\\\/secure.gravatar.com\\\/avatar\\\/b18234ea6de5d74563e52ca7bfdad9d2b029b514c935b38a2790717abf8f2e5f?s=96&d=mm&r=g\",\"url\":\"https:\\\/\\\/secure.gravatar.com\\\/avatar\\\/b18234ea6de5d74563e52ca7bfdad9d2b029b514c935b38a2790717abf8f2e5f?s=96&d=mm&r=g\",\"contentUrl\":\"https:\\\/\\\/secure.gravatar.com\\\/avatar\\\/b18234ea6de5d74563e52ca7bfdad9d2b029b514c935b38a2790717abf8f2e5f?s=96&d=mm&r=g\",\"caption\":\"repam@adm\"},\"sameAs\":[\"http:\\\/\\\/repam.net\"],\"url\":\"https:\\\/\\\/www.repam.net\\\/es\\\/author\\\/repamadm\\\/\"}]}<\/script>\n<!-- \/ Yoast SEO plugin. -->","yoast_head_json":{"title":"Ind\u00edgenas amaz\u00f3nicos comparten sus experiencias de lucha y resistencia en el Taller sobre el Sistema Interamericano de Derechos Humanos\u00a0 - REPAM","robots":{"index":"index","follow":"follow","max-snippet":"max-snippet:-1","max-image-preview":"max-image-preview:large","max-video-preview":"max-video-preview:-1"},"canonical":"https:\/\/www.repam.net\/es\/indigenas-amazonicos-comparten-sus-experiencias-de-lucha-y-resistencia-en-el-taller-sobre-el-sistema-interamericano-de-derechos-humanos\/","og_locale":"es_ES","og_type":"article","og_title":"Ind\u00edgenas amaz\u00f3nicos comparten sus experiencias de lucha y resistencia en el Taller sobre el Sistema Interamericano de Derechos Humanos\u00a0 - REPAM","og_description":"Ind\u00edgenas amaz\u00f3nicos comparten sus experiencias de lucha y resistencia en el Taller sobre el Sistema Interamericano de Derechos Humanos.\u00a0 Por Comunicaciones REPAM\/PUAM El taller, que estuvo dirigido a representantes de comunidades territoriales, miembros de REPAM y defensores de derechos humanos en la Panamazon\u00eda, tuvo por objetivo brindar herramientas que contribuyan a los procesos de defensa [&hellip;]","og_url":"https:\/\/www.repam.net\/es\/indigenas-amazonicos-comparten-sus-experiencias-de-lucha-y-resistencia-en-el-taller-sobre-el-sistema-interamericano-de-derechos-humanos\/","og_site_name":"REPAM","article_published_time":"2023-05-07T01:45:01+00:00","article_modified_time":"2023-05-07T01:56:07+00:00","og_image":[{"width":806,"height":410,"url":"https:\/\/www.repam.net\/es\/wp-content\/uploads\/2023\/05\/cidh.png","type":"image\/png"}],"author":"repam@adm","twitter_card":"summary_large_image","twitter_misc":{"Escrito por":"repam@adm","Tiempo de lectura":"3 minutos"},"schema":{"@context":"https:\/\/schema.org","@graph":[{"@type":"Article","@id":"https:\/\/www.repam.net\/es\/indigenas-amazonicos-comparten-sus-experiencias-de-lucha-y-resistencia-en-el-taller-sobre-el-sistema-interamericano-de-derechos-humanos\/#article","isPartOf":{"@id":"https:\/\/www.repam.net\/es\/indigenas-amazonicos-comparten-sus-experiencias-de-lucha-y-resistencia-en-el-taller-sobre-el-sistema-interamericano-de-derechos-humanos\/"},"author":{"name":"repam@adm","@id":"https:\/\/www.repam.net\/es\/#\/schema\/person\/0c828bf04cf1abe6016cbe752c76a033"},"headline":"Ind\u00edgenas amaz\u00f3nicos comparten sus experiencias de lucha y resistencia en el Taller sobre el Sistema Interamericano de Derechos Humanos\u00a0","datePublished":"2023-05-07T01:45:01+00:00","dateModified":"2023-05-07T01:56:07+00:00","mainEntityOfPage":{"@id":"https:\/\/www.repam.net\/es\/indigenas-amazonicos-comparten-sus-experiencias-de-lucha-y-resistencia-en-el-taller-sobre-el-sistema-interamericano-de-derechos-humanos\/"},"wordCount":558,"publisher":{"@id":"https:\/\/www.repam.net\/es\/#organization"},"image":{"@id":"https:\/\/www.repam.net\/es\/indigenas-amazonicos-comparten-sus-experiencias-de-lucha-y-resistencia-en-el-taller-sobre-el-sistema-interamericano-de-derechos-humanos\/#primaryimage"},"thumbnailUrl":"https:\/\/www.repam.net\/es\/wp-content\/uploads\/2023\/05\/cidh.png","keywords":["Amazon\u00eda","Bolivia","Derechos Humanos","Papa Francisco","Per\u00fa","pueblos ind\u00edgenas","Querida Amazon\u00eda","REPAM","S\u00ednodo Amaz\u00f3nico"],"articleSection":["Noticias"],"inLanguage":"es-CO"},{"@type":"WebPage","@id":"https:\/\/www.repam.net\/es\/indigenas-amazonicos-comparten-sus-experiencias-de-lucha-y-resistencia-en-el-taller-sobre-el-sistema-interamericano-de-derechos-humanos\/","url":"https:\/\/www.repam.net\/es\/indigenas-amazonicos-comparten-sus-experiencias-de-lucha-y-resistencia-en-el-taller-sobre-el-sistema-interamericano-de-derechos-humanos\/","name":"Ind\u00edgenas amaz\u00f3nicos comparten sus experiencias de lucha y resistencia en el Taller sobre el Sistema Interamericano de Derechos Humanos\u00a0 - REPAM","isPartOf":{"@id":"https:\/\/www.repam.net\/es\/#website"},"primaryImageOfPage":{"@id":"https:\/\/www.repam.net\/es\/indigenas-amazonicos-comparten-sus-experiencias-de-lucha-y-resistencia-en-el-taller-sobre-el-sistema-interamericano-de-derechos-humanos\/#primaryimage"},"image":{"@id":"https:\/\/www.repam.net\/es\/indigenas-amazonicos-comparten-sus-experiencias-de-lucha-y-resistencia-en-el-taller-sobre-el-sistema-interamericano-de-derechos-humanos\/#primaryimage"},"thumbnailUrl":"https:\/\/www.repam.net\/es\/wp-content\/uploads\/2023\/05\/cidh.png","datePublished":"2023-05-07T01:45:01+00:00","dateModified":"2023-05-07T01:56:07+00:00","breadcrumb":{"@id":"https:\/\/www.repam.net\/es\/indigenas-amazonicos-comparten-sus-experiencias-de-lucha-y-resistencia-en-el-taller-sobre-el-sistema-interamericano-de-derechos-humanos\/#breadcrumb"},"inLanguage":"es-CO","potentialAction":[{"@type":"ReadAction","target":["https:\/\/www.repam.net\/es\/indigenas-amazonicos-comparten-sus-experiencias-de-lucha-y-resistencia-en-el-taller-sobre-el-sistema-interamericano-de-derechos-humanos\/"]}]},{"@type":"ImageObject","inLanguage":"es-CO","@id":"https:\/\/www.repam.net\/es\/indigenas-amazonicos-comparten-sus-experiencias-de-lucha-y-resistencia-en-el-taller-sobre-el-sistema-interamericano-de-derechos-humanos\/#primaryimage","url":"https:\/\/www.repam.net\/es\/wp-content\/uploads\/2023\/05\/cidh.png","contentUrl":"https:\/\/www.repam.net\/es\/wp-content\/uploads\/2023\/05\/cidh.png","width":806,"height":410},{"@type":"BreadcrumbList","@id":"https:\/\/www.repam.net\/es\/indigenas-amazonicos-comparten-sus-experiencias-de-lucha-y-resistencia-en-el-taller-sobre-el-sistema-interamericano-de-derechos-humanos\/#breadcrumb","itemListElement":[{"@type":"ListItem","position":1,"name":"Inicio","item":"https:\/\/www.repam.net\/es\/"},{"@type":"ListItem","position":2,"name":"Ind\u00edgenas amaz\u00f3nicos comparten sus experiencias de lucha y resistencia en el Taller sobre el Sistema Interamericano de Derechos Humanos\u00a0"}]},{"@type":"WebSite","@id":"https:\/\/www.repam.net\/es\/#website","url":"https:\/\/www.repam.net\/es\/","name":"REPAM","description":"Red Eclesial Panamaz\u00f3nica","publisher":{"@id":"https:\/\/www.repam.net\/es\/#organization"},"potentialAction":[{"@type":"SearchAction","target":{"@type":"EntryPoint","urlTemplate":"https:\/\/www.repam.net\/es\/?s={search_term_string}"},"query-input":{"@type":"PropertyValueSpecification","valueRequired":true,"valueName":"search_term_string"}}],"inLanguage":"es-CO"},{"@type":"Organization","@id":"https:\/\/www.repam.net\/es\/#organization","name":"REPAM","url":"https:\/\/www.repam.net\/es\/","logo":{"@type":"ImageObject","inLanguage":"es-CO","@id":"https:\/\/www.repam.net\/es\/#\/schema\/logo\/image\/","url":"https:\/\/www.repam.net\/es\/wp-content\/uploads\/2021\/11\/cropped-favicon.png","contentUrl":"https:\/\/www.repam.net\/es\/wp-content\/uploads\/2021\/11\/cropped-favicon.png","width":512,"height":512,"caption":"REPAM"},"image":{"@id":"https:\/\/www.repam.net\/es\/#\/schema\/logo\/image\/"}},{"@type":"Person","@id":"https:\/\/www.repam.net\/es\/#\/schema\/person\/0c828bf04cf1abe6016cbe752c76a033","name":"repam@adm","image":{"@type":"ImageObject","inLanguage":"es-CO","@id":"https:\/\/secure.gravatar.com\/avatar\/b18234ea6de5d74563e52ca7bfdad9d2b029b514c935b38a2790717abf8f2e5f?s=96&d=mm&r=g","url":"https:\/\/secure.gravatar.com\/avatar\/b18234ea6de5d74563e52ca7bfdad9d2b029b514c935b38a2790717abf8f2e5f?s=96&d=mm&r=g","contentUrl":"https:\/\/secure.gravatar.com\/avatar\/b18234ea6de5d74563e52ca7bfdad9d2b029b514c935b38a2790717abf8f2e5f?s=96&d=mm&r=g","caption":"repam@adm"},"sameAs":["http:\/\/repam.net"],"url":"https:\/\/www.repam.net\/es\/author\/repamadm\/"}]}},"_links":{"self":[{"href":"https:\/\/www.repam.net\/es\/wp-json\/wp\/v2\/posts\/10093","targetHints":{"allow":["GET"]}}],"collection":[{"href":"https:\/\/www.repam.net\/es\/wp-json\/wp\/v2\/posts"}],"about":[{"href":"https:\/\/www.repam.net\/es\/wp-json\/wp\/v2\/types\/post"}],"author":[{"embeddable":true,"href":"https:\/\/www.repam.net\/es\/wp-json\/wp\/v2\/users\/1"}],"replies":[{"embeddable":true,"href":"https:\/\/www.repam.net\/es\/wp-json\/wp\/v2\/comments?post=10093"}],"version-history":[{"count":2,"href":"https:\/\/www.repam.net\/es\/wp-json\/wp\/v2\/posts\/10093\/revisions"}],"predecessor-version":[{"id":10101,"href":"https:\/\/www.repam.net\/es\/wp-json\/wp\/v2\/posts\/10093\/revisions\/10101"}],"wp:featuredmedia":[{"embeddable":true,"href":"https:\/\/www.repam.net\/es\/wp-json\/wp\/v2\/media\/10094"}],"wp:attachment":[{"href":"https:\/\/www.repam.net\/es\/wp-json\/wp\/v2\/media?parent=10093"}],"wp:term":[{"taxonomy":"category","embeddable":true,"href":"https:\/\/www.repam.net\/es\/wp-json\/wp\/v2\/categories?post=10093"},{"taxonomy":"post_tag","embeddable":true,"href":"https:\/\/www.repam.net\/es\/wp-json\/wp\/v2\/tags?post=10093"}],"curies":[{"name":"wp","href":"https:\/\/api.w.org\/{rel}","templated":true}]}}