{"id":10098,"date":"2023-05-06T20:50:14","date_gmt":"2023-05-07T01:50:14","guid":{"rendered":"https:\/\/www.repam.net\/es\/?p=10098"},"modified":"2023-05-06T20:50:16","modified_gmt":"2023-05-07T01:50:16","slug":"pueblo-de-dios-y-sinodalidad","status":"publish","type":"post","link":"https:\/\/www.repam.net\/es\/pueblo-de-dios-y-sinodalidad\/","title":{"rendered":"Pueblo de Dios y sinodalidad"},"content":{"rendered":"<div class=\"wp-block-image\">\n<figure class=\"aligncenter size-full\"><img loading=\"lazy\" decoding=\"async\" width=\"958\" height=\"559\" src=\"https:\/\/www.repam.net\/es\/wp-content\/uploads\/2023\/05\/mision-celam1-958x559-1.jpeg\" alt=\"\" class=\"wp-image-10099\" srcset=\"https:\/\/www.repam.net\/es\/wp-content\/uploads\/2023\/05\/mision-celam1-958x559-1.jpeg 958w, https:\/\/www.repam.net\/es\/wp-content\/uploads\/2023\/05\/mision-celam1-958x559-1-300x175.jpeg 300w, https:\/\/www.repam.net\/es\/wp-content\/uploads\/2023\/05\/mision-celam1-958x559-1-768x448.jpeg 768w\" sizes=\"auto, (max-width: 958px) 100vw, 958px\" \/><\/figure>\n<\/div>\n\n\n<blockquote class=\"wp-block-quote is-layout-flow wp-block-quote-is-layout-flow\">\n<p><em>El gran giro que se dio en la eclesiolog\u00eda durante el Concilio Vaticano II, surgi\u00f3 a partir de la incorporaci\u00f3n de la categor\u00eda pueblo de Dios, que\u00a0<strong>\u201cpermite afirmar a la vez la igualdad de todos los fieles en la dignidad de la existencia cristiana y la desigualdad org\u00e1nica<\/strong>\u00a0o funcional de los miembros\u201d.<\/em><\/p>\n<\/blockquote>\n\n\n\n<p><strong><em>Por Mons. Miguel Cabrejos<\/em><\/strong><\/p>\n\n\n\n<p>Con la nueva secuencia, los padres conciliares optaron por reconocer la participaci\u00f3n de todos los miembros del pueblo de Dios en los tria munera de Cristo: sacerdote, profeta y rey \u2013santificar, ense\u00f1ar y gobernar\u2013, estableciendo, as\u00ed, la igualdad de todos por medio de la dignidad bautismal como criterio estructurante para la configuraci\u00f3n de la identidad de todos los sujetos eclesiales. De este modo, quedaba superada la eclesiolog\u00eda preconciliar.<\/p>\n\n\n\n<h5 class=\"wp-block-heading\">\u2018Lo que permanece es el Pueblo de Dios\u2019<\/h5>\n\n\n\n<p>No en vano, un Padre Conciliar, hab\u00eda afirmado que \u201ccabe se\u00f1alar que el poder jer\u00e1rquico solo es algo transitorio. (\u2026). Lo que es permanente, es el pueblo de Dios; lo que es pasajero, es el servicio jer\u00e1rquico\u201d, cuya condici\u00f3n es hist\u00f3rico-temporal. Lo permanente es lo que lo define y cualifica, y no lo transitorio.<\/p>\n\n\n\n<p>Situarse en el pueblo de Dios comportaba un modo eclesial de proceder que conced\u00eda primac\u00eda al todo (pueblo de Dios) sobre las partes. En este sentido, los sujetos eclesiales \u2013pastores, cl\u00e9rigos, religiosos\/as, laicos\/ as\u2013 quedaban definidas a partir de la dignidad bautismal compartida y la participaci\u00f3n de todos\/as en el sacerdocio com\u00fan. En Lumen Gentium se hab\u00eda optado por distinguir entre lo permanente, que radica en la \u00fanica vocaci\u00f3n cristiana, y lo transitorio o temporal, que corresponde a las funciones, roles o servicios para realizar la misi\u00f3n de la Iglesia en el mundo.<\/p>\n\n\n\n<p>El esp\u00edritu de los textos conciliares plantea el reto de poner en pr\u00e1ctica una nueva hermen\u00e9utica inspirada en la l\u00f3gica del conjunto, es decir, de la Iglesia como totalidad org\u00e1nica de fieles, en cuya interacci\u00f3n continua y rec\u00edproca se van constituyendo en Pueblo de Dios, incluidos el Colegio Episcopal y el Sucesor de Pedro. Todos ellos, sin embargo,&nbsp;<strong>en un orden espec\u00edfico: primero el Pueblo de Dios (todos), luego los Obispos (algunos) y finalmente el Obispo de Roma (uno).<\/strong><\/p>\n\n\n\n<p>Debemos tener en cuenta que no se trata de tres sujetos eclesiales. El Pueblo de Dios, en tanto expresa la totalidad de los fieles en sus relaciones y din\u00e1micas comunicativas permanentes, es el \u00fanico sujeto activo y fundamental de toda la acci\u00f3n y misi\u00f3n de la Iglesia: el haber vuelto a descubrir al Pueblo de Dios como un todo, como una totalidad, lleva, en consecuencia, a la corresponsabilidad que se deriva para cada uno de sus miembros.<\/p>\n\n\n\n<p>La noci\u00f3n Pueblo de Dios concebida como una totalidad org\u00e1nica, expresa, por tanto, el car\u00e1cter vinculante que se desprende del proceso mismo de constituci\u00f3n de las identidades de los sujetos eclesiales. La novedad conciliar no se puede reducir a una simple definici\u00f3n de lo que cada sujeto eclesial es en s\u00ed mismo y lo que puede aportar al resto, porque cada uno existe y se va co-constituyendo en el darse y completarse rec\u00edprocamente.<\/p>\n\n\n\n<p>El nuevo giro eclesiol\u00f3gico asumido por los padres conciliares tiene implicaciones en torno al ministerio jer\u00e1rquico. Sin embargo, la vinculaci\u00f3n con la comunidad de fieles no es algo nuevo en la Iglesia. Ya en el siglo III, el ejercicio episcopal de san Cipriano, obispo de Cartago, da testimonio del car\u00e1cter vinculante de toda la comunidad eclesial.<\/p>\n\n\n\n<p>Yves Congar hab\u00eda escrito que&nbsp;<strong>\u201cel plan total de Dios no se agota en el principio jer\u00e1rquico, sino que supone el complemento y la reciprocidad de un r\u00e9gimen comunitario<\/strong>, dependiendo de ambos la plenitud final\u201d. \u201cLo que viene primero es el Pueblo de Dios\u201d.<\/p>\n\n\n\n<p>La Iglesia, vista a partir del bautismo y no ya de la jerarqu\u00eda, aparece as\u00ed desde el principio como una realidad sacramental y m\u00edstica antes de ser una sociedad jur\u00eddica. El Obispo (\u2026) debe volver a situarse en el Pueblo de Dios que le ha sido confiado: estar m\u00e1s cerca a\u00fan de su clero y de sus fieles.<\/p>\n\n\n\n<p>El giro hermen\u00e9utico de la eclesiolog\u00eda del Pueblo de Dios supone una nueva comprensi\u00f3n del modo en que se configuran las identidades de los sujetos eclesiales.<\/p>\n\n\n\n<h5 class=\"wp-block-heading\">Sinodalidad en todos los niveles<\/h5>\n\n\n\n<p>En este sentido, es claro que el Papa Francisco estuvo verdaderamente inspirado por el Esp\u00edritu cuando decidi\u00f3 que este S\u00ednodo no deb\u00eda ser como los dem\u00e1s, sino que deb\u00eda celebrarse a todos los niveles, y esto permite contextualizar&nbsp;<strong>el tema de la sinodalidad en todos los niveles donde transita el Pueblo de Dios,<\/strong>&nbsp;empezando por las familias, las peque\u00f1as comunidades cristianas, los lugares de misi\u00f3n, las parroquias, los decanatos, las di\u00f3cesis, las provincias eclesi\u00e1sticas, las Iglesias nacionales, las Iglesias continentales y la Iglesia universal.<\/p>\n\n\n\n<p>En cada nivel, la sinodalidad debe adaptarse a un contexto espec\u00edfico, siempre que se sit\u00fae en el tel\u00f3n de fondo de la comuni\u00f3n, de la participaci\u00f3n y la misi\u00f3n. Somos uno, trabajamos juntos y estamos en misi\u00f3n permanente, enviados por Cristo, tal como lo ha afirmado la Iglesia local de Bamenda (Camer\u00fan): \u201cpara que Dios trabaje, todo hombre debe poner las manos\u201d.<\/p>\n\n\n\n<p>Mucha gente suele decir que&nbsp;<strong>\u201cel futuro de la Iglesia est\u00e1 en Am\u00e9rica Latina\u201d.<\/strong><\/p>\n\n\n\n<p>No s\u00e9 si los propios latinoamericanos lo sentimos, pero lo que podemos afirmar es que la sinodalidad a nivel continental ha dado a Am\u00e9rica Latina y el Caribe la oportunidad de enriquecer su propia identidad como Iglesia, contextualizar la sinodalidad dentro de la Iglesia y hacer de la sinodalidad una realidad verdaderamente aut\u00e9ntica en la vida diaria de su Iglesia.<\/p>\n\n\n\n<p>Esto significa que, mientras esperamos la celebraci\u00f3n del S\u00ednodo sobre la Sinodalidad a nivel de la Iglesia universal, ha sido muy importante tomarnos el nivel continental tan en serio como si fuera el final. Este ha sido un punto clave para nuestro continente, pues las Asambleas Regionales que celebramos durante la fase continental se tornaron en una oportunidad para asumir\u00a0 nuestra responsabilidad de proporcionar el sentido de la direcci\u00f3n para nuestra Iglesia latinoamericana y caribe\u00f1a de hoy y de ma\u00f1ana.<\/p>\n\n\n\n<p><strong><em>Fuente: ADN Celam<\/em><\/strong><\/p>\n","protected":false},"excerpt":{"rendered":"<p>El gran giro que se dio en la eclesiolog\u00eda durante el Concilio Vaticano II, surgi\u00f3 a partir de la incorporaci\u00f3n de la categor\u00eda pueblo de Dios, que\u00a0\u201cpermite afirmar a la vez la igualdad de todos los fieles en la dignidad de la existencia cristiana y la desigualdad org\u00e1nica\u00a0o funcional de los miembros\u201d. Por Mons. Miguel [&hellip;]<\/p>\n","protected":false},"author":1,"featured_media":10099,"comment_status":"closed","ping_status":"closed","sticky":false,"template":"","format":"standard","meta":{"_acf_changed":false,"_uf_show_specific_survey":0,"_uf_disable_surveys":false,"footnotes":""},"categories":[4],"tags":[33,52,43,16,8,9,28],"class_list":["post-10098","post","type-post","status-publish","format-standard","has-post-thumbnail","hentry","category-noticias","tag-amazonia","tag-derechos-humanos","tag-papa-francisco","tag-pueblos-indigenas","tag-querida-amazonia","tag-repam","tag-sinodo-amazonico"],"acf":[],"aioseo_notices":[],"yoast_head":"<!-- This site is optimized with the Yoast SEO plugin v27.4 - https:\/\/yoast.com\/product\/yoast-seo-wordpress\/ -->\n<title>Pueblo de Dios y sinodalidad - REPAM<\/title>\n<meta name=\"robots\" content=\"index, follow, max-snippet:-1, max-image-preview:large, max-video-preview:-1\" \/>\n<link rel=\"canonical\" href=\"https:\/\/www.repam.net\/es\/pueblo-de-dios-y-sinodalidad\/\" \/>\n<meta property=\"og:locale\" content=\"es_ES\" \/>\n<meta property=\"og:type\" content=\"article\" \/>\n<meta property=\"og:title\" content=\"Pueblo de Dios y sinodalidad - REPAM\" \/>\n<meta property=\"og:description\" content=\"El gran giro que se dio en la eclesiolog\u00eda durante el Concilio Vaticano II, surgi\u00f3 a partir de la incorporaci\u00f3n de la categor\u00eda pueblo de Dios, que\u00a0\u201cpermite afirmar a la vez la igualdad de todos los fieles en la dignidad de la existencia cristiana y la desigualdad org\u00e1nica\u00a0o funcional de los miembros\u201d. Por Mons. Miguel [&hellip;]\" \/>\n<meta property=\"og:url\" content=\"https:\/\/www.repam.net\/es\/pueblo-de-dios-y-sinodalidad\/\" \/>\n<meta property=\"og:site_name\" content=\"REPAM\" \/>\n<meta property=\"article:published_time\" content=\"2023-05-07T01:50:14+00:00\" \/>\n<meta property=\"article:modified_time\" content=\"2023-05-07T01:50:16+00:00\" \/>\n<meta property=\"og:image\" content=\"https:\/\/www.repam.net\/es\/wp-content\/uploads\/2023\/05\/mision-celam1-958x559-1.jpeg\" \/>\n\t<meta property=\"og:image:width\" content=\"958\" \/>\n\t<meta property=\"og:image:height\" content=\"559\" \/>\n\t<meta property=\"og:image:type\" content=\"image\/jpeg\" \/>\n<meta name=\"author\" content=\"repam@adm\" \/>\n<meta name=\"twitter:card\" content=\"summary_large_image\" \/>\n<meta name=\"twitter:label1\" content=\"Escrito por\" \/>\n\t<meta name=\"twitter:data1\" content=\"repam@adm\" \/>\n\t<meta name=\"twitter:label2\" content=\"Tiempo de lectura\" \/>\n\t<meta name=\"twitter:data2\" content=\"5 minutos\" \/>\n<script type=\"application\/ld+json\" class=\"yoast-schema-graph\">{\"@context\":\"https:\\\/\\\/schema.org\",\"@graph\":[{\"@type\":\"Article\",\"@id\":\"https:\\\/\\\/www.repam.net\\\/es\\\/pueblo-de-dios-y-sinodalidad\\\/#article\",\"isPartOf\":{\"@id\":\"https:\\\/\\\/www.repam.net\\\/es\\\/pueblo-de-dios-y-sinodalidad\\\/\"},\"author\":{\"name\":\"repam@adm\",\"@id\":\"https:\\\/\\\/www.repam.net\\\/es\\\/#\\\/schema\\\/person\\\/0c828bf04cf1abe6016cbe752c76a033\"},\"headline\":\"Pueblo de Dios y sinodalidad\",\"datePublished\":\"2023-05-07T01:50:14+00:00\",\"dateModified\":\"2023-05-07T01:50:16+00:00\",\"mainEntityOfPage\":{\"@id\":\"https:\\\/\\\/www.repam.net\\\/es\\\/pueblo-de-dios-y-sinodalidad\\\/\"},\"wordCount\":1091,\"publisher\":{\"@id\":\"https:\\\/\\\/www.repam.net\\\/es\\\/#organization\"},\"image\":{\"@id\":\"https:\\\/\\\/www.repam.net\\\/es\\\/pueblo-de-dios-y-sinodalidad\\\/#primaryimage\"},\"thumbnailUrl\":\"https:\\\/\\\/www.repam.net\\\/es\\\/wp-content\\\/uploads\\\/2023\\\/05\\\/mision-celam1-958x559-1.jpeg\",\"keywords\":[\"Amazon\u00eda\",\"Derechos Humanos\",\"Papa Francisco\",\"pueblos ind\u00edgenas\",\"Querida Amazon\u00eda\",\"REPAM\",\"S\u00ednodo Amaz\u00f3nico\"],\"articleSection\":[\"Noticias\"],\"inLanguage\":\"es-CO\"},{\"@type\":\"WebPage\",\"@id\":\"https:\\\/\\\/www.repam.net\\\/es\\\/pueblo-de-dios-y-sinodalidad\\\/\",\"url\":\"https:\\\/\\\/www.repam.net\\\/es\\\/pueblo-de-dios-y-sinodalidad\\\/\",\"name\":\"Pueblo de Dios y sinodalidad - REPAM\",\"isPartOf\":{\"@id\":\"https:\\\/\\\/www.repam.net\\\/es\\\/#website\"},\"primaryImageOfPage\":{\"@id\":\"https:\\\/\\\/www.repam.net\\\/es\\\/pueblo-de-dios-y-sinodalidad\\\/#primaryimage\"},\"image\":{\"@id\":\"https:\\\/\\\/www.repam.net\\\/es\\\/pueblo-de-dios-y-sinodalidad\\\/#primaryimage\"},\"thumbnailUrl\":\"https:\\\/\\\/www.repam.net\\\/es\\\/wp-content\\\/uploads\\\/2023\\\/05\\\/mision-celam1-958x559-1.jpeg\",\"datePublished\":\"2023-05-07T01:50:14+00:00\",\"dateModified\":\"2023-05-07T01:50:16+00:00\",\"breadcrumb\":{\"@id\":\"https:\\\/\\\/www.repam.net\\\/es\\\/pueblo-de-dios-y-sinodalidad\\\/#breadcrumb\"},\"inLanguage\":\"es-CO\",\"potentialAction\":[{\"@type\":\"ReadAction\",\"target\":[\"https:\\\/\\\/www.repam.net\\\/es\\\/pueblo-de-dios-y-sinodalidad\\\/\"]}]},{\"@type\":\"ImageObject\",\"inLanguage\":\"es-CO\",\"@id\":\"https:\\\/\\\/www.repam.net\\\/es\\\/pueblo-de-dios-y-sinodalidad\\\/#primaryimage\",\"url\":\"https:\\\/\\\/www.repam.net\\\/es\\\/wp-content\\\/uploads\\\/2023\\\/05\\\/mision-celam1-958x559-1.jpeg\",\"contentUrl\":\"https:\\\/\\\/www.repam.net\\\/es\\\/wp-content\\\/uploads\\\/2023\\\/05\\\/mision-celam1-958x559-1.jpeg\",\"width\":958,\"height\":559},{\"@type\":\"BreadcrumbList\",\"@id\":\"https:\\\/\\\/www.repam.net\\\/es\\\/pueblo-de-dios-y-sinodalidad\\\/#breadcrumb\",\"itemListElement\":[{\"@type\":\"ListItem\",\"position\":1,\"name\":\"Inicio\",\"item\":\"https:\\\/\\\/www.repam.net\\\/es\\\/\"},{\"@type\":\"ListItem\",\"position\":2,\"name\":\"Pueblo de Dios y sinodalidad\"}]},{\"@type\":\"WebSite\",\"@id\":\"https:\\\/\\\/www.repam.net\\\/es\\\/#website\",\"url\":\"https:\\\/\\\/www.repam.net\\\/es\\\/\",\"name\":\"REPAM\",\"description\":\"Red Eclesial Panamaz\u00f3nica\",\"publisher\":{\"@id\":\"https:\\\/\\\/www.repam.net\\\/es\\\/#organization\"},\"potentialAction\":[{\"@type\":\"SearchAction\",\"target\":{\"@type\":\"EntryPoint\",\"urlTemplate\":\"https:\\\/\\\/www.repam.net\\\/es\\\/?s={search_term_string}\"},\"query-input\":{\"@type\":\"PropertyValueSpecification\",\"valueRequired\":true,\"valueName\":\"search_term_string\"}}],\"inLanguage\":\"es-CO\"},{\"@type\":\"Organization\",\"@id\":\"https:\\\/\\\/www.repam.net\\\/es\\\/#organization\",\"name\":\"REPAM\",\"url\":\"https:\\\/\\\/www.repam.net\\\/es\\\/\",\"logo\":{\"@type\":\"ImageObject\",\"inLanguage\":\"es-CO\",\"@id\":\"https:\\\/\\\/www.repam.net\\\/es\\\/#\\\/schema\\\/logo\\\/image\\\/\",\"url\":\"https:\\\/\\\/www.repam.net\\\/es\\\/wp-content\\\/uploads\\\/2021\\\/11\\\/cropped-favicon.png\",\"contentUrl\":\"https:\\\/\\\/www.repam.net\\\/es\\\/wp-content\\\/uploads\\\/2021\\\/11\\\/cropped-favicon.png\",\"width\":512,\"height\":512,\"caption\":\"REPAM\"},\"image\":{\"@id\":\"https:\\\/\\\/www.repam.net\\\/es\\\/#\\\/schema\\\/logo\\\/image\\\/\"}},{\"@type\":\"Person\",\"@id\":\"https:\\\/\\\/www.repam.net\\\/es\\\/#\\\/schema\\\/person\\\/0c828bf04cf1abe6016cbe752c76a033\",\"name\":\"repam@adm\",\"image\":{\"@type\":\"ImageObject\",\"inLanguage\":\"es-CO\",\"@id\":\"https:\\\/\\\/secure.gravatar.com\\\/avatar\\\/b18234ea6de5d74563e52ca7bfdad9d2b029b514c935b38a2790717abf8f2e5f?s=96&d=mm&r=g\",\"url\":\"https:\\\/\\\/secure.gravatar.com\\\/avatar\\\/b18234ea6de5d74563e52ca7bfdad9d2b029b514c935b38a2790717abf8f2e5f?s=96&d=mm&r=g\",\"contentUrl\":\"https:\\\/\\\/secure.gravatar.com\\\/avatar\\\/b18234ea6de5d74563e52ca7bfdad9d2b029b514c935b38a2790717abf8f2e5f?s=96&d=mm&r=g\",\"caption\":\"repam@adm\"},\"sameAs\":[\"http:\\\/\\\/repam.net\"],\"url\":\"https:\\\/\\\/www.repam.net\\\/es\\\/author\\\/repamadm\\\/\"}]}<\/script>\n<!-- \/ Yoast SEO plugin. -->","yoast_head_json":{"title":"Pueblo de Dios y sinodalidad - REPAM","robots":{"index":"index","follow":"follow","max-snippet":"max-snippet:-1","max-image-preview":"max-image-preview:large","max-video-preview":"max-video-preview:-1"},"canonical":"https:\/\/www.repam.net\/es\/pueblo-de-dios-y-sinodalidad\/","og_locale":"es_ES","og_type":"article","og_title":"Pueblo de Dios y sinodalidad - REPAM","og_description":"El gran giro que se dio en la eclesiolog\u00eda durante el Concilio Vaticano II, surgi\u00f3 a partir de la incorporaci\u00f3n de la categor\u00eda pueblo de Dios, que\u00a0\u201cpermite afirmar a la vez la igualdad de todos los fieles en la dignidad de la existencia cristiana y la desigualdad org\u00e1nica\u00a0o funcional de los miembros\u201d. Por Mons. Miguel [&hellip;]","og_url":"https:\/\/www.repam.net\/es\/pueblo-de-dios-y-sinodalidad\/","og_site_name":"REPAM","article_published_time":"2023-05-07T01:50:14+00:00","article_modified_time":"2023-05-07T01:50:16+00:00","og_image":[{"width":958,"height":559,"url":"https:\/\/www.repam.net\/es\/wp-content\/uploads\/2023\/05\/mision-celam1-958x559-1.jpeg","type":"image\/jpeg"}],"author":"repam@adm","twitter_card":"summary_large_image","twitter_misc":{"Escrito por":"repam@adm","Tiempo de lectura":"5 minutos"},"schema":{"@context":"https:\/\/schema.org","@graph":[{"@type":"Article","@id":"https:\/\/www.repam.net\/es\/pueblo-de-dios-y-sinodalidad\/#article","isPartOf":{"@id":"https:\/\/www.repam.net\/es\/pueblo-de-dios-y-sinodalidad\/"},"author":{"name":"repam@adm","@id":"https:\/\/www.repam.net\/es\/#\/schema\/person\/0c828bf04cf1abe6016cbe752c76a033"},"headline":"Pueblo de Dios y sinodalidad","datePublished":"2023-05-07T01:50:14+00:00","dateModified":"2023-05-07T01:50:16+00:00","mainEntityOfPage":{"@id":"https:\/\/www.repam.net\/es\/pueblo-de-dios-y-sinodalidad\/"},"wordCount":1091,"publisher":{"@id":"https:\/\/www.repam.net\/es\/#organization"},"image":{"@id":"https:\/\/www.repam.net\/es\/pueblo-de-dios-y-sinodalidad\/#primaryimage"},"thumbnailUrl":"https:\/\/www.repam.net\/es\/wp-content\/uploads\/2023\/05\/mision-celam1-958x559-1.jpeg","keywords":["Amazon\u00eda","Derechos Humanos","Papa Francisco","pueblos ind\u00edgenas","Querida Amazon\u00eda","REPAM","S\u00ednodo Amaz\u00f3nico"],"articleSection":["Noticias"],"inLanguage":"es-CO"},{"@type":"WebPage","@id":"https:\/\/www.repam.net\/es\/pueblo-de-dios-y-sinodalidad\/","url":"https:\/\/www.repam.net\/es\/pueblo-de-dios-y-sinodalidad\/","name":"Pueblo de Dios y sinodalidad - REPAM","isPartOf":{"@id":"https:\/\/www.repam.net\/es\/#website"},"primaryImageOfPage":{"@id":"https:\/\/www.repam.net\/es\/pueblo-de-dios-y-sinodalidad\/#primaryimage"},"image":{"@id":"https:\/\/www.repam.net\/es\/pueblo-de-dios-y-sinodalidad\/#primaryimage"},"thumbnailUrl":"https:\/\/www.repam.net\/es\/wp-content\/uploads\/2023\/05\/mision-celam1-958x559-1.jpeg","datePublished":"2023-05-07T01:50:14+00:00","dateModified":"2023-05-07T01:50:16+00:00","breadcrumb":{"@id":"https:\/\/www.repam.net\/es\/pueblo-de-dios-y-sinodalidad\/#breadcrumb"},"inLanguage":"es-CO","potentialAction":[{"@type":"ReadAction","target":["https:\/\/www.repam.net\/es\/pueblo-de-dios-y-sinodalidad\/"]}]},{"@type":"ImageObject","inLanguage":"es-CO","@id":"https:\/\/www.repam.net\/es\/pueblo-de-dios-y-sinodalidad\/#primaryimage","url":"https:\/\/www.repam.net\/es\/wp-content\/uploads\/2023\/05\/mision-celam1-958x559-1.jpeg","contentUrl":"https:\/\/www.repam.net\/es\/wp-content\/uploads\/2023\/05\/mision-celam1-958x559-1.jpeg","width":958,"height":559},{"@type":"BreadcrumbList","@id":"https:\/\/www.repam.net\/es\/pueblo-de-dios-y-sinodalidad\/#breadcrumb","itemListElement":[{"@type":"ListItem","position":1,"name":"Inicio","item":"https:\/\/www.repam.net\/es\/"},{"@type":"ListItem","position":2,"name":"Pueblo de Dios y sinodalidad"}]},{"@type":"WebSite","@id":"https:\/\/www.repam.net\/es\/#website","url":"https:\/\/www.repam.net\/es\/","name":"REPAM","description":"Red Eclesial Panamaz\u00f3nica","publisher":{"@id":"https:\/\/www.repam.net\/es\/#organization"},"potentialAction":[{"@type":"SearchAction","target":{"@type":"EntryPoint","urlTemplate":"https:\/\/www.repam.net\/es\/?s={search_term_string}"},"query-input":{"@type":"PropertyValueSpecification","valueRequired":true,"valueName":"search_term_string"}}],"inLanguage":"es-CO"},{"@type":"Organization","@id":"https:\/\/www.repam.net\/es\/#organization","name":"REPAM","url":"https:\/\/www.repam.net\/es\/","logo":{"@type":"ImageObject","inLanguage":"es-CO","@id":"https:\/\/www.repam.net\/es\/#\/schema\/logo\/image\/","url":"https:\/\/www.repam.net\/es\/wp-content\/uploads\/2021\/11\/cropped-favicon.png","contentUrl":"https:\/\/www.repam.net\/es\/wp-content\/uploads\/2021\/11\/cropped-favicon.png","width":512,"height":512,"caption":"REPAM"},"image":{"@id":"https:\/\/www.repam.net\/es\/#\/schema\/logo\/image\/"}},{"@type":"Person","@id":"https:\/\/www.repam.net\/es\/#\/schema\/person\/0c828bf04cf1abe6016cbe752c76a033","name":"repam@adm","image":{"@type":"ImageObject","inLanguage":"es-CO","@id":"https:\/\/secure.gravatar.com\/avatar\/b18234ea6de5d74563e52ca7bfdad9d2b029b514c935b38a2790717abf8f2e5f?s=96&d=mm&r=g","url":"https:\/\/secure.gravatar.com\/avatar\/b18234ea6de5d74563e52ca7bfdad9d2b029b514c935b38a2790717abf8f2e5f?s=96&d=mm&r=g","contentUrl":"https:\/\/secure.gravatar.com\/avatar\/b18234ea6de5d74563e52ca7bfdad9d2b029b514c935b38a2790717abf8f2e5f?s=96&d=mm&r=g","caption":"repam@adm"},"sameAs":["http:\/\/repam.net"],"url":"https:\/\/www.repam.net\/es\/author\/repamadm\/"}]}},"_links":{"self":[{"href":"https:\/\/www.repam.net\/es\/wp-json\/wp\/v2\/posts\/10098","targetHints":{"allow":["GET"]}}],"collection":[{"href":"https:\/\/www.repam.net\/es\/wp-json\/wp\/v2\/posts"}],"about":[{"href":"https:\/\/www.repam.net\/es\/wp-json\/wp\/v2\/types\/post"}],"author":[{"embeddable":true,"href":"https:\/\/www.repam.net\/es\/wp-json\/wp\/v2\/users\/1"}],"replies":[{"embeddable":true,"href":"https:\/\/www.repam.net\/es\/wp-json\/wp\/v2\/comments?post=10098"}],"version-history":[{"count":1,"href":"https:\/\/www.repam.net\/es\/wp-json\/wp\/v2\/posts\/10098\/revisions"}],"predecessor-version":[{"id":10100,"href":"https:\/\/www.repam.net\/es\/wp-json\/wp\/v2\/posts\/10098\/revisions\/10100"}],"wp:featuredmedia":[{"embeddable":true,"href":"https:\/\/www.repam.net\/es\/wp-json\/wp\/v2\/media\/10099"}],"wp:attachment":[{"href":"https:\/\/www.repam.net\/es\/wp-json\/wp\/v2\/media?parent=10098"}],"wp:term":[{"taxonomy":"category","embeddable":true,"href":"https:\/\/www.repam.net\/es\/wp-json\/wp\/v2\/categories?post=10098"},{"taxonomy":"post_tag","embeddable":true,"href":"https:\/\/www.repam.net\/es\/wp-json\/wp\/v2\/tags?post=10098"}],"curies":[{"name":"wp","href":"https:\/\/api.w.org\/{rel}","templated":true}]}}