{"id":10154,"date":"2023-05-24T07:37:51","date_gmt":"2023-05-24T12:37:51","guid":{"rendered":"https:\/\/www.repam.net\/es\/?p=10154"},"modified":"2023-05-24T07:40:43","modified_gmt":"2023-05-24T12:40:43","slug":"propuestas-para-la-cumbre-de-presidentes-de-la-amazonia","status":"publish","type":"post","link":"https:\/\/www.repam.net\/es\/propuestas-para-la-cumbre-de-presidentes-de-la-amazonia\/","title":{"rendered":"Propuestas para la Cumbre de Presidentes de la Amazon\u00eda"},"content":{"rendered":"<div class=\"wp-block-image\">\n<figure class=\"aligncenter size-large\"><img loading=\"lazy\" decoding=\"async\" width=\"1024\" height=\"513\" src=\"https:\/\/www.repam.net\/es\/wp-content\/uploads\/2023\/05\/propuestas-cumbre-1024x513.jpg\" alt=\"\" class=\"wp-image-10155\" srcset=\"https:\/\/www.repam.net\/es\/wp-content\/uploads\/2023\/05\/propuestas-cumbre-1024x513.jpg 1024w, https:\/\/www.repam.net\/es\/wp-content\/uploads\/2023\/05\/propuestas-cumbre-300x150.jpg 300w, https:\/\/www.repam.net\/es\/wp-content\/uploads\/2023\/05\/propuestas-cumbre-768x385.jpg 768w, https:\/\/www.repam.net\/es\/wp-content\/uploads\/2023\/05\/propuestas-cumbre.jpg 1440w\" sizes=\"auto, (max-width: 1024px) 100vw, 1024px\" \/><\/figure>\n<\/div>\n\n\n<p>Por la presente deseamos hacerles llegar los siguientes documentos de propuestas para la Cumbre de Presidentes de la Amazon\u00eda que han sido fruto de un proceso de discusi\u00f3n de varios meses del Foro Social Panamaz\u00f3nico (FOSPA), la Red Eclesial Panamaz\u00f3nica (REPAM), la Asamblea Mundial por la Amazon\u00eda (AMA), varias organizaciones ind\u00edgenas de la cuenca amaz\u00f3nica e instituciones de la sociedad civil.<\/p>\n\n\n\n<p>Nuestras propuestas buscan contribuir al proceso de elaboraci\u00f3n de los documentos que saldr\u00e1n de la Cumbre de Presidentes de la Amazon\u00eda con el objetivo evitar el punto de no retorno de la Amazon\u00eda y la esperanza de que se acuerden mandatos muy claros y desarrollados sobre las tem\u00e1ticas que planteamos.<\/p>\n\n\n\n<p>Cada uno de los documentos que presentamos contienen una primera parte de estado de situaci\u00f3n basado en la ciencia y datos objetivos, una segunda parte que comprende la normativa y los mecanismos ya acordados a nivel internacional y entre pa\u00edses de la regi\u00f3n para que aquellos acuerdos se efectivicen plenamente y sean la base de partida de las decisiones a adoptarse, y en tercer lugar nuestras propuestas concretas que nacen desde la experiencia y las reflexiones en la Amazon\u00eda.<\/p>\n\n\n\n<p>Esperando que el proceso hacia la Cumbre de Presidentes de la Amazon\u00eda no siga la misma ruta que la reuni\u00f3n de presidentes de la Amazon\u00eda en Leticia de 2019, donde no hubo participaci\u00f3n de la sociedad civil, estamos a su disposici\u00f3n para acudir a todas las reuniones presenciales y virtuales a las que ustedes nos convoquen para poder dialogar sobre estas y otras propuestas que ustedes est\u00e9n considerando.<\/p>\n\n\n\n<div class=\"wp-block-columns is-layout-flex wp-container-core-columns-is-layout-9d6595d7 wp-block-columns-is-layout-flex\">\n<div class=\"wp-block-column is-layout-flow wp-block-column-is-layout-flow\">\n<figure class=\"wp-block-image size-large\"><a href=\"https:\/\/asambleamundialamazonia.org\/2023\/05\/17\/evitemos-el-punto-de-no-retorno-de-la-amazonia\/\" target=\"_blank\" rel=\"noreferrer noopener\"><img loading=\"lazy\" decoding=\"async\" width=\"1024\" height=\"513\" src=\"https:\/\/www.repam.net\/es\/wp-content\/uploads\/2023\/05\/evitemos-el-punto-de-no-retorno-1024x513.jpg\" alt=\"\" class=\"wp-image-10156\" srcset=\"https:\/\/www.repam.net\/es\/wp-content\/uploads\/2023\/05\/evitemos-el-punto-de-no-retorno-1024x513.jpg 1024w, https:\/\/www.repam.net\/es\/wp-content\/uploads\/2023\/05\/evitemos-el-punto-de-no-retorno-300x150.jpg 300w, https:\/\/www.repam.net\/es\/wp-content\/uploads\/2023\/05\/evitemos-el-punto-de-no-retorno-768x385.jpg 768w, https:\/\/www.repam.net\/es\/wp-content\/uploads\/2023\/05\/evitemos-el-punto-de-no-retorno.jpg 1440w\" sizes=\"auto, (max-width: 1024px) 100vw, 1024px\" \/><\/a><\/figure>\n<\/div>\n\n\n\n<div class=\"wp-block-column is-layout-flow wp-block-column-is-layout-flow\">\n<figure class=\"wp-block-image size-large\"><a href=\"https:\/\/asambleamundialamazonia.org\/2023\/05\/17\/el-destino-de-la-amazonia-es-el-destino-de-sus-pueblos\/\" target=\"_blank\" rel=\"noreferrer noopener\"><img loading=\"lazy\" decoding=\"async\" width=\"1024\" height=\"513\" src=\"https:\/\/www.repam.net\/es\/wp-content\/uploads\/2023\/05\/el-destino-de-la-amazonia-es-el-destino-de-sus-pueblos-1024x513.jpg\" alt=\"\" class=\"wp-image-10157\" srcset=\"https:\/\/www.repam.net\/es\/wp-content\/uploads\/2023\/05\/el-destino-de-la-amazonia-es-el-destino-de-sus-pueblos-1024x513.jpg 1024w, https:\/\/www.repam.net\/es\/wp-content\/uploads\/2023\/05\/el-destino-de-la-amazonia-es-el-destino-de-sus-pueblos-300x150.jpg 300w, https:\/\/www.repam.net\/es\/wp-content\/uploads\/2023\/05\/el-destino-de-la-amazonia-es-el-destino-de-sus-pueblos-768x385.jpg 768w, https:\/\/www.repam.net\/es\/wp-content\/uploads\/2023\/05\/el-destino-de-la-amazonia-es-el-destino-de-sus-pueblos.jpg 1440w\" sizes=\"auto, (max-width: 1024px) 100vw, 1024px\" \/><\/a><\/figure>\n<\/div>\n\n\n\n<div class=\"wp-block-column is-layout-flow wp-block-column-is-layout-flow\">\n<figure class=\"wp-block-image size-large\"><a href=\"https:\/\/asambleamundialamazonia.org\/2023\/05\/17\/salvemos-a-la-amazonia-de-la-mineria-y-el-mercurio\/\" target=\"_blank\" rel=\"noreferrer noopener\"><img loading=\"lazy\" decoding=\"async\" width=\"1024\" height=\"513\" src=\"https:\/\/www.repam.net\/es\/wp-content\/uploads\/2023\/05\/mineria-y-mercurio-1024x513.jpg\" alt=\"\" class=\"wp-image-10158\" srcset=\"https:\/\/www.repam.net\/es\/wp-content\/uploads\/2023\/05\/mineria-y-mercurio-1024x513.jpg 1024w, https:\/\/www.repam.net\/es\/wp-content\/uploads\/2023\/05\/mineria-y-mercurio-300x150.jpg 300w, https:\/\/www.repam.net\/es\/wp-content\/uploads\/2023\/05\/mineria-y-mercurio-768x385.jpg 768w, https:\/\/www.repam.net\/es\/wp-content\/uploads\/2023\/05\/mineria-y-mercurio.jpg 1440w\" sizes=\"auto, (max-width: 1024px) 100vw, 1024px\" \/><\/a><\/figure>\n<\/div>\n<\/div>\n\n\n\n<div class=\"wp-block-columns is-layout-flex wp-container-core-columns-is-layout-9d6595d7 wp-block-columns-is-layout-flex\">\n<div class=\"wp-block-column is-layout-flow wp-block-column-is-layout-flow\">\n<figure class=\"wp-block-image size-large\"><a href=\"https:\/\/asambleamundialamazonia.org\/2023\/05\/17\/agua-para-la-vida-en-la-amazonia\/\" target=\"_blank\" rel=\"noreferrer noopener\"><img loading=\"lazy\" decoding=\"async\" width=\"1024\" height=\"513\" src=\"https:\/\/www.repam.net\/es\/wp-content\/uploads\/2023\/05\/agua-para-la-vida-1024x513.jpg\" alt=\"\" class=\"wp-image-10159\" srcset=\"https:\/\/www.repam.net\/es\/wp-content\/uploads\/2023\/05\/agua-para-la-vida-1024x513.jpg 1024w, https:\/\/www.repam.net\/es\/wp-content\/uploads\/2023\/05\/agua-para-la-vida-300x150.jpg 300w, https:\/\/www.repam.net\/es\/wp-content\/uploads\/2023\/05\/agua-para-la-vida-768x385.jpg 768w, https:\/\/www.repam.net\/es\/wp-content\/uploads\/2023\/05\/agua-para-la-vida.jpg 1440w\" sizes=\"auto, (max-width: 1024px) 100vw, 1024px\" \/><\/a><\/figure>\n<\/div>\n\n\n\n<div class=\"wp-block-column is-layout-flow wp-block-column-is-layout-flow\">\n<figure class=\"wp-block-image size-large\"><a href=\"https:\/\/asambleamundialamazonia.org\/2023\/05\/17\/financiamiento-directo-transparente-participativo-y-no-para-mercantilizar-la-amazonia\/\" target=\"_blank\" rel=\"noreferrer noopener\"><img loading=\"lazy\" decoding=\"async\" width=\"1024\" height=\"513\" src=\"https:\/\/www.repam.net\/es\/wp-content\/uploads\/2023\/05\/no-mercantilizar-la-amazonia--1024x513.jpg\" alt=\"\" class=\"wp-image-10160\" srcset=\"https:\/\/www.repam.net\/es\/wp-content\/uploads\/2023\/05\/no-mercantilizar-la-amazonia--1024x513.jpg 1024w, https:\/\/www.repam.net\/es\/wp-content\/uploads\/2023\/05\/no-mercantilizar-la-amazonia--300x150.jpg 300w, https:\/\/www.repam.net\/es\/wp-content\/uploads\/2023\/05\/no-mercantilizar-la-amazonia--768x385.jpg 768w, https:\/\/www.repam.net\/es\/wp-content\/uploads\/2023\/05\/no-mercantilizar-la-amazonia-.jpg 1440w\" sizes=\"auto, (max-width: 1024px) 100vw, 1024px\" \/><\/a><\/figure>\n<\/div>\n\n\n\n<div class=\"wp-block-column is-layout-flow wp-block-column-is-layout-flow\">\n<figure class=\"wp-block-image size-large\"><a href=\"https:\/\/asambleamundialamazonia.org\/2023\/05\/17\/en-defensa-de-los-cuerpos-y-territorios-de-las-mujeres-andino-amazonicas-en-su-diversidad\/\" target=\"_blank\" rel=\"noreferrer noopener\"><img loading=\"lazy\" decoding=\"async\" width=\"1024\" height=\"513\" src=\"https:\/\/www.repam.net\/es\/wp-content\/uploads\/2023\/05\/defensa-mujeres-andino-amazonicas-1024x513.jpg\" alt=\"\" class=\"wp-image-10161\" srcset=\"https:\/\/www.repam.net\/es\/wp-content\/uploads\/2023\/05\/defensa-mujeres-andino-amazonicas-1024x513.jpg 1024w, https:\/\/www.repam.net\/es\/wp-content\/uploads\/2023\/05\/defensa-mujeres-andino-amazonicas-300x150.jpg 300w, https:\/\/www.repam.net\/es\/wp-content\/uploads\/2023\/05\/defensa-mujeres-andino-amazonicas-768x385.jpg 768w, https:\/\/www.repam.net\/es\/wp-content\/uploads\/2023\/05\/defensa-mujeres-andino-amazonicas.jpg 1440w\" sizes=\"auto, (max-width: 1024px) 100vw, 1024px\" \/><\/a><\/figure>\n<\/div>\n<\/div>\n\n\n\n<div data-wp-interactive=\"core\/file\" class=\"wp-block-file aligncenter\"><object data-wp-bind--hidden=\"!state.hasPdfPreview\" hidden class=\"wp-block-file__embed\" data=\"https:\/\/www.repam.net\/es\/wp-content\/uploads\/2023\/05\/propuestas-para-la-cumbre-de-presidentes-de-la-amazonia.pdf\" type=\"application\/pdf\" style=\"width:100%;height:600px\" aria-label=\"Incrustado de propuestas-para-la-cumbre-de-presidentes-de-la-amazonia.\"><\/object><a id=\"wp-block-file--media-99d23078-10b8-49b6-b9e6-d8b69afe8c33\" href=\"https:\/\/www.repam.net\/es\/wp-content\/uploads\/2023\/05\/propuestas-para-la-cumbre-de-presidentes-de-la-amazonia.pdf\">propuestas-para-la-cumbre-de-presidentes-de-la-amazonia<\/a><a href=\"https:\/\/www.repam.net\/es\/wp-content\/uploads\/2023\/05\/propuestas-para-la-cumbre-de-presidentes-de-la-amazonia.pdf\" class=\"wp-block-file__button wp-element-button\" download aria-describedby=\"wp-block-file--media-99d23078-10b8-49b6-b9e6-d8b69afe8c33\">Descargar<\/a><\/div>\n","protected":false},"excerpt":{"rendered":"<p>Por la presente deseamos hacerles llegar los siguientes documentos de propuestas para la Cumbre de Presidentes de la Amazon\u00eda que han sido fruto de un proceso de discusi\u00f3n de varios meses del Foro Social Panamaz\u00f3nico (FOSPA), la Red Eclesial Panamaz\u00f3nica (REPAM), la Asamblea Mundial por la Amazon\u00eda (AMA), varias organizaciones ind\u00edgenas de la cuenca amaz\u00f3nica [&hellip;]<\/p>\n","protected":false},"author":1,"featured_media":10155,"comment_status":"closed","ping_status":"closed","sticky":false,"template":"","format":"standard","meta":{"_acf_changed":false,"_uf_show_specific_survey":0,"_uf_disable_surveys":false,"footnotes":""},"categories":[4],"tags":[33,52,43,16,8,9,28],"class_list":["post-10154","post","type-post","status-publish","format-standard","has-post-thumbnail","hentry","category-noticias","tag-amazonia","tag-derechos-humanos","tag-papa-francisco","tag-pueblos-indigenas","tag-querida-amazonia","tag-repam","tag-sinodo-amazonico"],"acf":[],"aioseo_notices":[],"yoast_head":"<!-- This site is optimized with the Yoast SEO plugin v27.4 - https:\/\/yoast.com\/product\/yoast-seo-wordpress\/ -->\n<title>Propuestas para la Cumbre de Presidentes de la Amazon\u00eda - REPAM<\/title>\n<meta name=\"robots\" content=\"index, follow, max-snippet:-1, max-image-preview:large, max-video-preview:-1\" \/>\n<link rel=\"canonical\" href=\"https:\/\/www.repam.net\/es\/propuestas-para-la-cumbre-de-presidentes-de-la-amazonia\/\" \/>\n<meta property=\"og:locale\" content=\"es_ES\" \/>\n<meta property=\"og:type\" content=\"article\" \/>\n<meta property=\"og:title\" content=\"Propuestas para la Cumbre de Presidentes de la Amazon\u00eda - REPAM\" \/>\n<meta property=\"og:description\" content=\"Por la presente deseamos hacerles llegar los siguientes documentos de propuestas para la Cumbre de Presidentes de la Amazon\u00eda que han sido fruto de un proceso de discusi\u00f3n de varios meses del Foro Social Panamaz\u00f3nico (FOSPA), la Red Eclesial Panamaz\u00f3nica (REPAM), la Asamblea Mundial por la Amazon\u00eda (AMA), varias organizaciones ind\u00edgenas de la cuenca amaz\u00f3nica [&hellip;]\" \/>\n<meta property=\"og:url\" content=\"https:\/\/www.repam.net\/es\/propuestas-para-la-cumbre-de-presidentes-de-la-amazonia\/\" \/>\n<meta property=\"og:site_name\" content=\"REPAM\" \/>\n<meta property=\"article:published_time\" content=\"2023-05-24T12:37:51+00:00\" \/>\n<meta property=\"article:modified_time\" content=\"2023-05-24T12:40:43+00:00\" \/>\n<meta property=\"og:image\" content=\"https:\/\/www.repam.net\/es\/wp-content\/uploads\/2023\/05\/propuestas-cumbre.jpg\" \/>\n\t<meta property=\"og:image:width\" content=\"1440\" \/>\n\t<meta property=\"og:image:height\" content=\"722\" \/>\n\t<meta property=\"og:image:type\" content=\"image\/jpeg\" \/>\n<meta name=\"author\" content=\"repam@adm\" \/>\n<meta name=\"twitter:card\" content=\"summary_large_image\" \/>\n<meta name=\"twitter:label1\" content=\"Escrito por\" \/>\n\t<meta name=\"twitter:data1\" content=\"repam@adm\" \/>\n\t<meta name=\"twitter:label2\" content=\"Tiempo de lectura\" \/>\n\t<meta name=\"twitter:data2\" content=\"1 minuto\" \/>\n<script type=\"application\/ld+json\" class=\"yoast-schema-graph\">{\"@context\":\"https:\\\/\\\/schema.org\",\"@graph\":[{\"@type\":\"Article\",\"@id\":\"https:\\\/\\\/www.repam.net\\\/es\\\/propuestas-para-la-cumbre-de-presidentes-de-la-amazonia\\\/#article\",\"isPartOf\":{\"@id\":\"https:\\\/\\\/www.repam.net\\\/es\\\/propuestas-para-la-cumbre-de-presidentes-de-la-amazonia\\\/\"},\"author\":{\"name\":\"repam@adm\",\"@id\":\"https:\\\/\\\/www.repam.net\\\/es\\\/#\\\/schema\\\/person\\\/0c828bf04cf1abe6016cbe752c76a033\"},\"headline\":\"Propuestas para la Cumbre de Presidentes de la Amazon\u00eda\",\"datePublished\":\"2023-05-24T12:37:51+00:00\",\"dateModified\":\"2023-05-24T12:40:43+00:00\",\"mainEntityOfPage\":{\"@id\":\"https:\\\/\\\/www.repam.net\\\/es\\\/propuestas-para-la-cumbre-de-presidentes-de-la-amazonia\\\/\"},\"wordCount\":291,\"publisher\":{\"@id\":\"https:\\\/\\\/www.repam.net\\\/es\\\/#organization\"},\"image\":{\"@id\":\"https:\\\/\\\/www.repam.net\\\/es\\\/propuestas-para-la-cumbre-de-presidentes-de-la-amazonia\\\/#primaryimage\"},\"thumbnailUrl\":\"https:\\\/\\\/www.repam.net\\\/es\\\/wp-content\\\/uploads\\\/2023\\\/05\\\/propuestas-cumbre.jpg\",\"keywords\":[\"Amazon\u00eda\",\"Derechos Humanos\",\"Papa Francisco\",\"pueblos ind\u00edgenas\",\"Querida Amazon\u00eda\",\"REPAM\",\"S\u00ednodo Amaz\u00f3nico\"],\"articleSection\":[\"Noticias\"],\"inLanguage\":\"es-CO\"},{\"@type\":\"WebPage\",\"@id\":\"https:\\\/\\\/www.repam.net\\\/es\\\/propuestas-para-la-cumbre-de-presidentes-de-la-amazonia\\\/\",\"url\":\"https:\\\/\\\/www.repam.net\\\/es\\\/propuestas-para-la-cumbre-de-presidentes-de-la-amazonia\\\/\",\"name\":\"Propuestas para la Cumbre de Presidentes de la Amazon\u00eda - REPAM\",\"isPartOf\":{\"@id\":\"https:\\\/\\\/www.repam.net\\\/es\\\/#website\"},\"primaryImageOfPage\":{\"@id\":\"https:\\\/\\\/www.repam.net\\\/es\\\/propuestas-para-la-cumbre-de-presidentes-de-la-amazonia\\\/#primaryimage\"},\"image\":{\"@id\":\"https:\\\/\\\/www.repam.net\\\/es\\\/propuestas-para-la-cumbre-de-presidentes-de-la-amazonia\\\/#primaryimage\"},\"thumbnailUrl\":\"https:\\\/\\\/www.repam.net\\\/es\\\/wp-content\\\/uploads\\\/2023\\\/05\\\/propuestas-cumbre.jpg\",\"datePublished\":\"2023-05-24T12:37:51+00:00\",\"dateModified\":\"2023-05-24T12:40:43+00:00\",\"breadcrumb\":{\"@id\":\"https:\\\/\\\/www.repam.net\\\/es\\\/propuestas-para-la-cumbre-de-presidentes-de-la-amazonia\\\/#breadcrumb\"},\"inLanguage\":\"es-CO\",\"potentialAction\":[{\"@type\":\"ReadAction\",\"target\":[\"https:\\\/\\\/www.repam.net\\\/es\\\/propuestas-para-la-cumbre-de-presidentes-de-la-amazonia\\\/\"]}]},{\"@type\":\"ImageObject\",\"inLanguage\":\"es-CO\",\"@id\":\"https:\\\/\\\/www.repam.net\\\/es\\\/propuestas-para-la-cumbre-de-presidentes-de-la-amazonia\\\/#primaryimage\",\"url\":\"https:\\\/\\\/www.repam.net\\\/es\\\/wp-content\\\/uploads\\\/2023\\\/05\\\/propuestas-cumbre.jpg\",\"contentUrl\":\"https:\\\/\\\/www.repam.net\\\/es\\\/wp-content\\\/uploads\\\/2023\\\/05\\\/propuestas-cumbre.jpg\",\"width\":1440,\"height\":722},{\"@type\":\"BreadcrumbList\",\"@id\":\"https:\\\/\\\/www.repam.net\\\/es\\\/propuestas-para-la-cumbre-de-presidentes-de-la-amazonia\\\/#breadcrumb\",\"itemListElement\":[{\"@type\":\"ListItem\",\"position\":1,\"name\":\"Inicio\",\"item\":\"https:\\\/\\\/www.repam.net\\\/es\\\/\"},{\"@type\":\"ListItem\",\"position\":2,\"name\":\"Propuestas para la Cumbre de Presidentes de la Amazon\u00eda\"}]},{\"@type\":\"WebSite\",\"@id\":\"https:\\\/\\\/www.repam.net\\\/es\\\/#website\",\"url\":\"https:\\\/\\\/www.repam.net\\\/es\\\/\",\"name\":\"REPAM\",\"description\":\"Red Eclesial Panamaz\u00f3nica\",\"publisher\":{\"@id\":\"https:\\\/\\\/www.repam.net\\\/es\\\/#organization\"},\"potentialAction\":[{\"@type\":\"SearchAction\",\"target\":{\"@type\":\"EntryPoint\",\"urlTemplate\":\"https:\\\/\\\/www.repam.net\\\/es\\\/?s={search_term_string}\"},\"query-input\":{\"@type\":\"PropertyValueSpecification\",\"valueRequired\":true,\"valueName\":\"search_term_string\"}}],\"inLanguage\":\"es-CO\"},{\"@type\":\"Organization\",\"@id\":\"https:\\\/\\\/www.repam.net\\\/es\\\/#organization\",\"name\":\"REPAM\",\"url\":\"https:\\\/\\\/www.repam.net\\\/es\\\/\",\"logo\":{\"@type\":\"ImageObject\",\"inLanguage\":\"es-CO\",\"@id\":\"https:\\\/\\\/www.repam.net\\\/es\\\/#\\\/schema\\\/logo\\\/image\\\/\",\"url\":\"https:\\\/\\\/www.repam.net\\\/es\\\/wp-content\\\/uploads\\\/2021\\\/11\\\/cropped-favicon.png\",\"contentUrl\":\"https:\\\/\\\/www.repam.net\\\/es\\\/wp-content\\\/uploads\\\/2021\\\/11\\\/cropped-favicon.png\",\"width\":512,\"height\":512,\"caption\":\"REPAM\"},\"image\":{\"@id\":\"https:\\\/\\\/www.repam.net\\\/es\\\/#\\\/schema\\\/logo\\\/image\\\/\"}},{\"@type\":\"Person\",\"@id\":\"https:\\\/\\\/www.repam.net\\\/es\\\/#\\\/schema\\\/person\\\/0c828bf04cf1abe6016cbe752c76a033\",\"name\":\"repam@adm\",\"image\":{\"@type\":\"ImageObject\",\"inLanguage\":\"es-CO\",\"@id\":\"https:\\\/\\\/secure.gravatar.com\\\/avatar\\\/b18234ea6de5d74563e52ca7bfdad9d2b029b514c935b38a2790717abf8f2e5f?s=96&d=mm&r=g\",\"url\":\"https:\\\/\\\/secure.gravatar.com\\\/avatar\\\/b18234ea6de5d74563e52ca7bfdad9d2b029b514c935b38a2790717abf8f2e5f?s=96&d=mm&r=g\",\"contentUrl\":\"https:\\\/\\\/secure.gravatar.com\\\/avatar\\\/b18234ea6de5d74563e52ca7bfdad9d2b029b514c935b38a2790717abf8f2e5f?s=96&d=mm&r=g\",\"caption\":\"repam@adm\"},\"sameAs\":[\"http:\\\/\\\/repam.net\"],\"url\":\"https:\\\/\\\/www.repam.net\\\/es\\\/author\\\/repamadm\\\/\"}]}<\/script>\n<!-- \/ Yoast SEO plugin. -->","yoast_head_json":{"title":"Propuestas para la Cumbre de Presidentes de la Amazon\u00eda - REPAM","robots":{"index":"index","follow":"follow","max-snippet":"max-snippet:-1","max-image-preview":"max-image-preview:large","max-video-preview":"max-video-preview:-1"},"canonical":"https:\/\/www.repam.net\/es\/propuestas-para-la-cumbre-de-presidentes-de-la-amazonia\/","og_locale":"es_ES","og_type":"article","og_title":"Propuestas para la Cumbre de Presidentes de la Amazon\u00eda - REPAM","og_description":"Por la presente deseamos hacerles llegar los siguientes documentos de propuestas para la Cumbre de Presidentes de la Amazon\u00eda que han sido fruto de un proceso de discusi\u00f3n de varios meses del Foro Social Panamaz\u00f3nico (FOSPA), la Red Eclesial Panamaz\u00f3nica (REPAM), la Asamblea Mundial por la Amazon\u00eda (AMA), varias organizaciones ind\u00edgenas de la cuenca amaz\u00f3nica [&hellip;]","og_url":"https:\/\/www.repam.net\/es\/propuestas-para-la-cumbre-de-presidentes-de-la-amazonia\/","og_site_name":"REPAM","article_published_time":"2023-05-24T12:37:51+00:00","article_modified_time":"2023-05-24T12:40:43+00:00","og_image":[{"width":1440,"height":722,"url":"https:\/\/www.repam.net\/es\/wp-content\/uploads\/2023\/05\/propuestas-cumbre.jpg","type":"image\/jpeg"}],"author":"repam@adm","twitter_card":"summary_large_image","twitter_misc":{"Escrito por":"repam@adm","Tiempo de lectura":"1 minuto"},"schema":{"@context":"https:\/\/schema.org","@graph":[{"@type":"Article","@id":"https:\/\/www.repam.net\/es\/propuestas-para-la-cumbre-de-presidentes-de-la-amazonia\/#article","isPartOf":{"@id":"https:\/\/www.repam.net\/es\/propuestas-para-la-cumbre-de-presidentes-de-la-amazonia\/"},"author":{"name":"repam@adm","@id":"https:\/\/www.repam.net\/es\/#\/schema\/person\/0c828bf04cf1abe6016cbe752c76a033"},"headline":"Propuestas para la Cumbre de Presidentes de la Amazon\u00eda","datePublished":"2023-05-24T12:37:51+00:00","dateModified":"2023-05-24T12:40:43+00:00","mainEntityOfPage":{"@id":"https:\/\/www.repam.net\/es\/propuestas-para-la-cumbre-de-presidentes-de-la-amazonia\/"},"wordCount":291,"publisher":{"@id":"https:\/\/www.repam.net\/es\/#organization"},"image":{"@id":"https:\/\/www.repam.net\/es\/propuestas-para-la-cumbre-de-presidentes-de-la-amazonia\/#primaryimage"},"thumbnailUrl":"https:\/\/www.repam.net\/es\/wp-content\/uploads\/2023\/05\/propuestas-cumbre.jpg","keywords":["Amazon\u00eda","Derechos Humanos","Papa Francisco","pueblos ind\u00edgenas","Querida Amazon\u00eda","REPAM","S\u00ednodo Amaz\u00f3nico"],"articleSection":["Noticias"],"inLanguage":"es-CO"},{"@type":"WebPage","@id":"https:\/\/www.repam.net\/es\/propuestas-para-la-cumbre-de-presidentes-de-la-amazonia\/","url":"https:\/\/www.repam.net\/es\/propuestas-para-la-cumbre-de-presidentes-de-la-amazonia\/","name":"Propuestas para la Cumbre de Presidentes de la Amazon\u00eda - REPAM","isPartOf":{"@id":"https:\/\/www.repam.net\/es\/#website"},"primaryImageOfPage":{"@id":"https:\/\/www.repam.net\/es\/propuestas-para-la-cumbre-de-presidentes-de-la-amazonia\/#primaryimage"},"image":{"@id":"https:\/\/www.repam.net\/es\/propuestas-para-la-cumbre-de-presidentes-de-la-amazonia\/#primaryimage"},"thumbnailUrl":"https:\/\/www.repam.net\/es\/wp-content\/uploads\/2023\/05\/propuestas-cumbre.jpg","datePublished":"2023-05-24T12:37:51+00:00","dateModified":"2023-05-24T12:40:43+00:00","breadcrumb":{"@id":"https:\/\/www.repam.net\/es\/propuestas-para-la-cumbre-de-presidentes-de-la-amazonia\/#breadcrumb"},"inLanguage":"es-CO","potentialAction":[{"@type":"ReadAction","target":["https:\/\/www.repam.net\/es\/propuestas-para-la-cumbre-de-presidentes-de-la-amazonia\/"]}]},{"@type":"ImageObject","inLanguage":"es-CO","@id":"https:\/\/www.repam.net\/es\/propuestas-para-la-cumbre-de-presidentes-de-la-amazonia\/#primaryimage","url":"https:\/\/www.repam.net\/es\/wp-content\/uploads\/2023\/05\/propuestas-cumbre.jpg","contentUrl":"https:\/\/www.repam.net\/es\/wp-content\/uploads\/2023\/05\/propuestas-cumbre.jpg","width":1440,"height":722},{"@type":"BreadcrumbList","@id":"https:\/\/www.repam.net\/es\/propuestas-para-la-cumbre-de-presidentes-de-la-amazonia\/#breadcrumb","itemListElement":[{"@type":"ListItem","position":1,"name":"Inicio","item":"https:\/\/www.repam.net\/es\/"},{"@type":"ListItem","position":2,"name":"Propuestas para la Cumbre de Presidentes de la Amazon\u00eda"}]},{"@type":"WebSite","@id":"https:\/\/www.repam.net\/es\/#website","url":"https:\/\/www.repam.net\/es\/","name":"REPAM","description":"Red Eclesial Panamaz\u00f3nica","publisher":{"@id":"https:\/\/www.repam.net\/es\/#organization"},"potentialAction":[{"@type":"SearchAction","target":{"@type":"EntryPoint","urlTemplate":"https:\/\/www.repam.net\/es\/?s={search_term_string}"},"query-input":{"@type":"PropertyValueSpecification","valueRequired":true,"valueName":"search_term_string"}}],"inLanguage":"es-CO"},{"@type":"Organization","@id":"https:\/\/www.repam.net\/es\/#organization","name":"REPAM","url":"https:\/\/www.repam.net\/es\/","logo":{"@type":"ImageObject","inLanguage":"es-CO","@id":"https:\/\/www.repam.net\/es\/#\/schema\/logo\/image\/","url":"https:\/\/www.repam.net\/es\/wp-content\/uploads\/2021\/11\/cropped-favicon.png","contentUrl":"https:\/\/www.repam.net\/es\/wp-content\/uploads\/2021\/11\/cropped-favicon.png","width":512,"height":512,"caption":"REPAM"},"image":{"@id":"https:\/\/www.repam.net\/es\/#\/schema\/logo\/image\/"}},{"@type":"Person","@id":"https:\/\/www.repam.net\/es\/#\/schema\/person\/0c828bf04cf1abe6016cbe752c76a033","name":"repam@adm","image":{"@type":"ImageObject","inLanguage":"es-CO","@id":"https:\/\/secure.gravatar.com\/avatar\/b18234ea6de5d74563e52ca7bfdad9d2b029b514c935b38a2790717abf8f2e5f?s=96&d=mm&r=g","url":"https:\/\/secure.gravatar.com\/avatar\/b18234ea6de5d74563e52ca7bfdad9d2b029b514c935b38a2790717abf8f2e5f?s=96&d=mm&r=g","contentUrl":"https:\/\/secure.gravatar.com\/avatar\/b18234ea6de5d74563e52ca7bfdad9d2b029b514c935b38a2790717abf8f2e5f?s=96&d=mm&r=g","caption":"repam@adm"},"sameAs":["http:\/\/repam.net"],"url":"https:\/\/www.repam.net\/es\/author\/repamadm\/"}]}},"_links":{"self":[{"href":"https:\/\/www.repam.net\/es\/wp-json\/wp\/v2\/posts\/10154","targetHints":{"allow":["GET"]}}],"collection":[{"href":"https:\/\/www.repam.net\/es\/wp-json\/wp\/v2\/posts"}],"about":[{"href":"https:\/\/www.repam.net\/es\/wp-json\/wp\/v2\/types\/post"}],"author":[{"embeddable":true,"href":"https:\/\/www.repam.net\/es\/wp-json\/wp\/v2\/users\/1"}],"replies":[{"embeddable":true,"href":"https:\/\/www.repam.net\/es\/wp-json\/wp\/v2\/comments?post=10154"}],"version-history":[{"count":2,"href":"https:\/\/www.repam.net\/es\/wp-json\/wp\/v2\/posts\/10154\/revisions"}],"predecessor-version":[{"id":10165,"href":"https:\/\/www.repam.net\/es\/wp-json\/wp\/v2\/posts\/10154\/revisions\/10165"}],"wp:featuredmedia":[{"embeddable":true,"href":"https:\/\/www.repam.net\/es\/wp-json\/wp\/v2\/media\/10155"}],"wp:attachment":[{"href":"https:\/\/www.repam.net\/es\/wp-json\/wp\/v2\/media?parent=10154"}],"wp:term":[{"taxonomy":"category","embeddable":true,"href":"https:\/\/www.repam.net\/es\/wp-json\/wp\/v2\/categories?post=10154"},{"taxonomy":"post_tag","embeddable":true,"href":"https:\/\/www.repam.net\/es\/wp-json\/wp\/v2\/tags?post=10154"}],"curies":[{"name":"wp","href":"https:\/\/api.w.org\/{rel}","templated":true}]}}