{"id":10201,"date":"2023-06-05T13:27:29","date_gmt":"2023-06-05T18:27:29","guid":{"rendered":"https:\/\/www.repam.net\/es\/?p=10201"},"modified":"2023-06-05T13:27:31","modified_gmt":"2023-06-05T18:27:31","slug":"unidos-por-nuestro-planeta-el-unico-que-tenemos","status":"publish","type":"post","link":"https:\/\/www.repam.net\/es\/unidos-por-nuestro-planeta-el-unico-que-tenemos\/","title":{"rendered":"Unidos por nuestro planeta, el \u00fanico que tenemos"},"content":{"rendered":"<div class=\"wp-block-image\">\n<figure class=\"aligncenter size-large\"><img loading=\"lazy\" decoding=\"async\" width=\"1024\" height=\"683\" src=\"https:\/\/www.repam.net\/es\/wp-content\/uploads\/2023\/06\/Puyo-Ecuador-1024x683.jpg\" alt=\"\" class=\"wp-image-10203\" srcset=\"https:\/\/www.repam.net\/es\/wp-content\/uploads\/2023\/06\/Puyo-Ecuador-1024x683.jpg 1024w, https:\/\/www.repam.net\/es\/wp-content\/uploads\/2023\/06\/Puyo-Ecuador-300x200.jpg 300w, https:\/\/www.repam.net\/es\/wp-content\/uploads\/2023\/06\/Puyo-Ecuador-768x512.jpg 768w, https:\/\/www.repam.net\/es\/wp-content\/uploads\/2023\/06\/Puyo-Ecuador-1536x1024.jpg 1536w, https:\/\/www.repam.net\/es\/wp-content\/uploads\/2023\/06\/Puyo-Ecuador.jpg 2048w\" sizes=\"auto, (max-width: 1024px) 100vw, 1024px\" \/><figcaption class=\"wp-element-caption\">Archivo de la REPAM<\/figcaption><\/figure>\n<\/div>\n\n\n<blockquote class=\"wp-block-quote is-layout-flow wp-block-quote-is-layout-flow\">\n<p><em>Al escribir o contar una historia, una noticia, una experiencia,\u2026 construimos una narrativa. La narrativa, al ser una forma de expresi\u00f3n, influye en la manera en la que pensamos y en la que construimos la realidad. Cuando nos expresamos, mostramos parte de nuestra personalidad, de nuestro comportamiento, de nuestra historia de vida, identidad, cultura o sociedad.\u00a0<\/em><\/p>\n<\/blockquote>\n\n\n\n<p><em><strong>Por Sara Diego, t\u00e9cnica de incidencia pol\u00edtica de Alboan<\/strong><\/em><\/p>\n\n\n\n<p>Vinculado a esto de la construcci\u00f3n de la realidad, d\u00edas previos al D\u00eda Mundial del Medioambiente, una noticia se ha hecho eco entre los medios de comunicaci\u00f3n europeos: \u201cse han superado 4 de los 9 l\u00edmites determinantes para mantener la estabilidad en el planeta\u201d. Estos par\u00e1metros fueron identificados por un&nbsp;grupo internacional de cient\u00edficos del Centro de Resiliencia de Estocolmo en 2009 y ya por entonces, advert\u00edan que el hecho de superar s\u00f3lo uno de los 9, supondr\u00eda la generaci\u00f3n de cambios ambientales irreversibles en todo el sistema y desencadenar\u00eda el colapso de nuestra sociedad. La actualizaci\u00f3n de estos indicadores, no s\u00f3lo muestra una acelerada y peligrosa evoluci\u00f3n, sino que evidencian que la actividad humana, concretamente la de las sociedades del norte global, es responsable de los cambios del planeta y del aumento del riesgo de romper el equilibrio natural y la capacidad de resiliencia de la Tierra.&nbsp;<\/p>\n\n\n\n<p>\u201cNueve par\u00e1metros interconectados que son determinantes para la estabilidad del planeta\u201d: un llamado de atenci\u00f3n que a pesar de expresarse mediante una narrativa clara e impactante, no ha logrado vencer a la narrativa que predomina en el pensamiento de las sociedades del norte global: la del sistema capitalista. \u00c9sta se caracteriza por haber construido relaciones jer\u00e1rquicas y desiguales que defienden la superioridad del ser humano sobre la naturaleza.&nbsp;<\/p>\n\n\n\n<p>Ante esta l\u00f3gica,&nbsp;<a href=\"https:\/\/youtu.be\/F287Kt3LfC4\">Aitziber Sarobe,<\/a>&nbsp;ecologista zarautztarra, expresa que \u201cmedioambiente,&nbsp;<em>ingurumena<\/em>&nbsp;(en euskera), es una palabra novedosa en nuestra cultura: una palabra que relaciono con los impactos que hemos generado en nuestro entorno a ra\u00edz de la industrializaci\u00f3n: contaminaci\u00f3n, erosi\u00f3n de los suelos, p\u00e9rdida de la biodiversidad\u2026\u201d y denuncia que \u201choy, hasta los mayores abusos que se cometen contra la naturaleza se blanquean bajo un peligroso paraguas: en estos tiempos del capitalismo verde, todo es medioambientalmente justificable\u201d. En esta misma l\u00ednea,&nbsp;<a href=\"https:\/\/youtu.be\/CP4jkeLolX8\">Luc\u00eda Ixchi\u00fa<\/a>, ind\u00edgena Quich\u00e9, dice no sentirse representada con la narrativa de occidente sobre el medioambiente: \u201cNo se trata de superioridad. Se trata de hablar de la naturaleza y de reconocernos como parte de un todo\u201d. De hecho, cuenta que \u201cQuich\u00e9 en la traducci\u00f3n al castellano significa muchos \u00e1rboles y desde nuestra cosmogon\u00eda reconocemos a los \u00e1rboles como nuestros ancestros. Nunca hemos utilizado la palabra medioambiente como tal.&nbsp;<strong>El bosque es y ha sido nuestra casa, es parte de nuestra cotidianidad, venimos de la tierra, somos naturales<\/strong>\u201d. Por su parte,&nbsp;<a href=\"https:\/\/youtu.be\/Sw8OrT4XekU\">Yalenis Medina<\/a>, mujer afrocampesina Hosca, defensora del territorio en La Guajira, Colombia, se refiere a la madre naturaleza explicando que \u201cno vemos la tierra como un objeto que hay que acabarla, explotarla o sacarle los recursos. La vemos como una madre a la cual hay que cuidarla<strong>. Una madre que nos alimenta, que nos da el ser, que nos ha dado y nos contin\u00faa dando todo\u201d.<\/strong>&nbsp;<\/p>\n\n\n\n<p>Frente a la definici\u00f3n de medioambiente a la que hac\u00eda referencia Aitziber, reconoce que prefiere hablar de \u201cla naturaleza,&nbsp;<em>natura&nbsp;<\/em>o&nbsp;<em>izadia<\/em>&nbsp;porque es&nbsp;<strong>la vida<\/strong>: aquello que&nbsp;<strong>crece y se desarrolla a\u00fan o a pesar de las personas.<\/strong>&nbsp;Todo aquello que nos ata a la tierra donde hemos nacido y le da sentido a la vida que vivimos de manera natural, cuando nos alejamos de la tecnolog\u00eda y los artificios que nos distraen de las sensaciones y los est\u00edmulos de la vida que se desarrolla en un entorno complejo y maravilloso\u201d.<\/p>\n\n\n\n<p>Bajo esta l\u00f3gica, Keyla Canales, que acompa\u00f1a como abogada del ERIC-RP a comunidades ind\u00edgenas en la defensa de la tierra y territorio en Honduras, al ser preguntada por su concepci\u00f3n del medioambiente habla de&nbsp;<strong>casa com\u00fan<\/strong>&nbsp;y reconoce que \u201cla humanidad entera somos habitantes de esta casa y como tal, es nuestra responsabilidad protegerla, pues hemos tenido el privilegio de habitarla [\u2026]&nbsp;<strong>Debemos repensarnos<\/strong>&nbsp;<strong>y soltar la idea de que como humanos somos el centro<\/strong>.&nbsp; Formamos parte de un todo\u201d.&nbsp;<\/p>\n\n\n\n<p>Y es que, es este antropocentrismo, concepci\u00f3n que considera al ser humano como centro de todas las cosas y el fin absoluto de la creaci\u00f3n, la narrativa que ha marcado los ritmos y tendencias de las sociedades occidentales, construyendo la realidad de un mundo insostenible basado en la acumulaci\u00f3n, la b\u00fasqueda de poder, el crecimiento econ\u00f3mico y que omite y minusvalora los impactos socioambientales que todo ello provoca, especialmente en el sur global.&nbsp;<a href=\"https:\/\/www.somos-amazonia.org\/juana-francisca-urbina-ver-a-otras-defensoras-me-da-fuerza-para-continuar\/\">Juana Francisca Urbina<\/a>, defensora del territorio en el departamento del Yoro, Honduras, denuncia que \u201ces lastimoso ver c\u00f3mo los r\u00edos se est\u00e1n secando, c\u00f3mo las quebradas se est\u00e1n secando, c\u00f3mo las plantas se van muriendo [\u2026] En Honduras es exagerado c\u00f3mo se han destruido grandes hect\u00e1reas de bosques.&nbsp;<strong>Nos toca asumir las consecuencias de los cr\u00edmenes cometidos hacia la naturaleza<\/strong>\u201d.&nbsp;<\/p>\n\n\n\n<p>As\u00ed, para cambiar esta tendencia de destrucci\u00f3n y desigualdad, si bien es importante establecer l\u00edmites para asegurar la estabilidad clim\u00e1tica, la biodiversidad, el acceso al agua, la reducci\u00f3n de la contaminaci\u00f3n,\u2026 tambi\u00e9n se debe considerar la justicia socioambiental para la definici\u00f3n de dichos l\u00edmites. Y es que hablar de justicia socioambiental es hablar de la vida como un todo. Como se\u00f1ala&nbsp;<a href=\"https:\/\/youtu.be\/R0esKkIt140\">Lily Calder\u00f3n<\/a>&nbsp;desde el n\u00facleo de mujeres de la REPAM, \u201ces entendernos en convivencia con el medio ambiente desarrollando los valores de la reciprocidad, la solidaridad, la comunidad y colectividad, la diversidad, que reconocen a la&nbsp;<strong>naturaleza como sujeto de derecho y garantizan derechos e igualdad para la humanidad<\/strong>\u201d.<\/p>\n\n\n\n<p>Bajo esta l\u00f3gica de la justicia, Yalenis explica c\u00f3mo los pueblos \u00e9tnicos \u201cvemos el medioambiente totalmente diferente a occidente que lo ven como algo que se puede aprovechar, que se puede sacar, piensan en la plata y el dinero sin tener en cuenta la parte espiritual, la parte humana, la parte intergeneracional. Si acabamos con lo que tenemos no les vamos a dejar a nuestros hijos e hijas lo que nosotras hemos tenido.&nbsp;<strong>Nuestros ancestros nos dejaron un legado que tenemos que cuidarlo. Se trata de un compromiso con la justicia intergeneracional<\/strong>\u201d&nbsp;<\/p>\n\n\n\n<p>Por \u00faltimo, respetando la diversidad de las voces, territorios y narrativas recogidas en este art\u00edculo, termino estas l\u00edneas planteando una pregunta que ojal\u00e1 promueva reflexi\u00f3n, y transformaci\u00f3n: \u00bfqu\u00e9 narrativa me representa? Y por tanto, \u00bfc\u00f3mo quiero aportar a la construcci\u00f3n de la realidad?&nbsp;<\/p>\n\n\n\n<p>Romper con las din\u00e1micas dicot\u00f3micas y jer\u00e1rquicas para\u00a0<strong>vivir en interrelaci\u00f3n e interdependencia con la humanidad y la naturaleza. Con la tierra, con las aguas, con los seres que habitamos estas tierras sagradas; con el pasado, con presente hist\u00f3rico y sabidur\u00eda ancestral de diversos pueblos, etnias y cosmovisiones que nos ense\u00f1an a vivir en equilibrio y proteger el medio ambiente para las generaciones futuras; sin degradar o destruir, sin deforestar, sin exterminar, sin extinguir su vida y la de los dem\u00e1s seres que habitamos el planeta.\u00a0<\/strong>Una oportunidad para repensarnos, reubicarnos y vivir cada d\u00eda como\u00a0<strong>un d\u00eda de agradecimiento, ofrenda y reconocimiento a la madre tierra.<\/strong><\/p>\n\n\n\n<p><strong><em>Fuente: Somos Amazon\u00eda<\/em><\/strong><\/p>\n","protected":false},"excerpt":{"rendered":"<p>Al escribir o contar una historia, una noticia, una experiencia,\u2026 construimos una narrativa. La narrativa, al ser una forma de expresi\u00f3n, influye en la manera en la que pensamos y en la que construimos la realidad. Cuando nos expresamos, mostramos parte de nuestra personalidad, de nuestro comportamiento, de nuestra historia de vida, identidad, cultura o [&hellip;]<\/p>\n","protected":false},"author":1,"featured_media":10203,"comment_status":"closed","ping_status":"closed","sticky":false,"template":"","format":"standard","meta":{"_acf_changed":false,"_uf_show_specific_survey":0,"_uf_disable_surveys":false,"footnotes":""},"categories":[4],"tags":[33,52,16,8,9,28],"class_list":["post-10201","post","type-post","status-publish","format-standard","has-post-thumbnail","hentry","category-noticias","tag-amazonia","tag-derechos-humanos","tag-pueblos-indigenas","tag-querida-amazonia","tag-repam","tag-sinodo-amazonico"],"acf":[],"aioseo_notices":[],"yoast_head":"<!-- This site is optimized with the Yoast SEO plugin v27.4 - https:\/\/yoast.com\/product\/yoast-seo-wordpress\/ -->\n<title>Unidos por nuestro planeta, el \u00fanico que tenemos - REPAM<\/title>\n<meta name=\"robots\" content=\"index, follow, max-snippet:-1, max-image-preview:large, max-video-preview:-1\" \/>\n<link rel=\"canonical\" href=\"https:\/\/www.repam.net\/es\/unidos-por-nuestro-planeta-el-unico-que-tenemos\/\" \/>\n<meta property=\"og:locale\" content=\"es_ES\" \/>\n<meta property=\"og:type\" content=\"article\" \/>\n<meta property=\"og:title\" content=\"Unidos por nuestro planeta, el \u00fanico que tenemos - REPAM\" \/>\n<meta property=\"og:description\" content=\"Al escribir o contar una historia, una noticia, una experiencia,\u2026 construimos una narrativa. La narrativa, al ser una forma de expresi\u00f3n, influye en la manera en la que pensamos y en la que construimos la realidad. Cuando nos expresamos, mostramos parte de nuestra personalidad, de nuestro comportamiento, de nuestra historia de vida, identidad, cultura o [&hellip;]\" \/>\n<meta property=\"og:url\" content=\"https:\/\/www.repam.net\/es\/unidos-por-nuestro-planeta-el-unico-que-tenemos\/\" \/>\n<meta property=\"og:site_name\" content=\"REPAM\" \/>\n<meta property=\"article:published_time\" content=\"2023-06-05T18:27:29+00:00\" \/>\n<meta property=\"article:modified_time\" content=\"2023-06-05T18:27:31+00:00\" \/>\n<meta property=\"og:image\" content=\"https:\/\/www.repam.net\/es\/wp-content\/uploads\/2023\/06\/Puyo-Ecuador.jpg\" \/>\n\t<meta property=\"og:image:width\" content=\"2048\" \/>\n\t<meta property=\"og:image:height\" content=\"1365\" \/>\n\t<meta property=\"og:image:type\" content=\"image\/jpeg\" \/>\n<meta name=\"author\" content=\"repam@adm\" \/>\n<meta name=\"twitter:card\" content=\"summary_large_image\" \/>\n<meta name=\"twitter:label1\" content=\"Escrito por\" \/>\n\t<meta name=\"twitter:data1\" content=\"repam@adm\" \/>\n\t<meta name=\"twitter:label2\" content=\"Tiempo de lectura\" \/>\n\t<meta name=\"twitter:data2\" content=\"6 minutos\" \/>\n<script type=\"application\/ld+json\" class=\"yoast-schema-graph\">{\"@context\":\"https:\\\/\\\/schema.org\",\"@graph\":[{\"@type\":\"Article\",\"@id\":\"https:\\\/\\\/www.repam.net\\\/es\\\/unidos-por-nuestro-planeta-el-unico-que-tenemos\\\/#article\",\"isPartOf\":{\"@id\":\"https:\\\/\\\/www.repam.net\\\/es\\\/unidos-por-nuestro-planeta-el-unico-que-tenemos\\\/\"},\"author\":{\"name\":\"repam@adm\",\"@id\":\"https:\\\/\\\/www.repam.net\\\/es\\\/#\\\/schema\\\/person\\\/0c828bf04cf1abe6016cbe752c76a033\"},\"headline\":\"Unidos por nuestro planeta, el \u00fanico que tenemos\",\"datePublished\":\"2023-06-05T18:27:29+00:00\",\"dateModified\":\"2023-06-05T18:27:31+00:00\",\"mainEntityOfPage\":{\"@id\":\"https:\\\/\\\/www.repam.net\\\/es\\\/unidos-por-nuestro-planeta-el-unico-que-tenemos\\\/\"},\"wordCount\":1304,\"publisher\":{\"@id\":\"https:\\\/\\\/www.repam.net\\\/es\\\/#organization\"},\"image\":{\"@id\":\"https:\\\/\\\/www.repam.net\\\/es\\\/unidos-por-nuestro-planeta-el-unico-que-tenemos\\\/#primaryimage\"},\"thumbnailUrl\":\"https:\\\/\\\/www.repam.net\\\/es\\\/wp-content\\\/uploads\\\/2023\\\/06\\\/Puyo-Ecuador.jpg\",\"keywords\":[\"Amazon\u00eda\",\"Derechos Humanos\",\"pueblos ind\u00edgenas\",\"Querida Amazon\u00eda\",\"REPAM\",\"S\u00ednodo Amaz\u00f3nico\"],\"articleSection\":[\"Noticias\"],\"inLanguage\":\"es-CO\"},{\"@type\":\"WebPage\",\"@id\":\"https:\\\/\\\/www.repam.net\\\/es\\\/unidos-por-nuestro-planeta-el-unico-que-tenemos\\\/\",\"url\":\"https:\\\/\\\/www.repam.net\\\/es\\\/unidos-por-nuestro-planeta-el-unico-que-tenemos\\\/\",\"name\":\"Unidos por nuestro planeta, el \u00fanico que tenemos - REPAM\",\"isPartOf\":{\"@id\":\"https:\\\/\\\/www.repam.net\\\/es\\\/#website\"},\"primaryImageOfPage\":{\"@id\":\"https:\\\/\\\/www.repam.net\\\/es\\\/unidos-por-nuestro-planeta-el-unico-que-tenemos\\\/#primaryimage\"},\"image\":{\"@id\":\"https:\\\/\\\/www.repam.net\\\/es\\\/unidos-por-nuestro-planeta-el-unico-que-tenemos\\\/#primaryimage\"},\"thumbnailUrl\":\"https:\\\/\\\/www.repam.net\\\/es\\\/wp-content\\\/uploads\\\/2023\\\/06\\\/Puyo-Ecuador.jpg\",\"datePublished\":\"2023-06-05T18:27:29+00:00\",\"dateModified\":\"2023-06-05T18:27:31+00:00\",\"breadcrumb\":{\"@id\":\"https:\\\/\\\/www.repam.net\\\/es\\\/unidos-por-nuestro-planeta-el-unico-que-tenemos\\\/#breadcrumb\"},\"inLanguage\":\"es-CO\",\"potentialAction\":[{\"@type\":\"ReadAction\",\"target\":[\"https:\\\/\\\/www.repam.net\\\/es\\\/unidos-por-nuestro-planeta-el-unico-que-tenemos\\\/\"]}]},{\"@type\":\"ImageObject\",\"inLanguage\":\"es-CO\",\"@id\":\"https:\\\/\\\/www.repam.net\\\/es\\\/unidos-por-nuestro-planeta-el-unico-que-tenemos\\\/#primaryimage\",\"url\":\"https:\\\/\\\/www.repam.net\\\/es\\\/wp-content\\\/uploads\\\/2023\\\/06\\\/Puyo-Ecuador.jpg\",\"contentUrl\":\"https:\\\/\\\/www.repam.net\\\/es\\\/wp-content\\\/uploads\\\/2023\\\/06\\\/Puyo-Ecuador.jpg\",\"width\":2048,\"height\":1365},{\"@type\":\"BreadcrumbList\",\"@id\":\"https:\\\/\\\/www.repam.net\\\/es\\\/unidos-por-nuestro-planeta-el-unico-que-tenemos\\\/#breadcrumb\",\"itemListElement\":[{\"@type\":\"ListItem\",\"position\":1,\"name\":\"Inicio\",\"item\":\"https:\\\/\\\/www.repam.net\\\/es\\\/\"},{\"@type\":\"ListItem\",\"position\":2,\"name\":\"Unidos por nuestro planeta, el \u00fanico que tenemos\"}]},{\"@type\":\"WebSite\",\"@id\":\"https:\\\/\\\/www.repam.net\\\/es\\\/#website\",\"url\":\"https:\\\/\\\/www.repam.net\\\/es\\\/\",\"name\":\"REPAM\",\"description\":\"Red Eclesial Panamaz\u00f3nica\",\"publisher\":{\"@id\":\"https:\\\/\\\/www.repam.net\\\/es\\\/#organization\"},\"potentialAction\":[{\"@type\":\"SearchAction\",\"target\":{\"@type\":\"EntryPoint\",\"urlTemplate\":\"https:\\\/\\\/www.repam.net\\\/es\\\/?s={search_term_string}\"},\"query-input\":{\"@type\":\"PropertyValueSpecification\",\"valueRequired\":true,\"valueName\":\"search_term_string\"}}],\"inLanguage\":\"es-CO\"},{\"@type\":\"Organization\",\"@id\":\"https:\\\/\\\/www.repam.net\\\/es\\\/#organization\",\"name\":\"REPAM\",\"url\":\"https:\\\/\\\/www.repam.net\\\/es\\\/\",\"logo\":{\"@type\":\"ImageObject\",\"inLanguage\":\"es-CO\",\"@id\":\"https:\\\/\\\/www.repam.net\\\/es\\\/#\\\/schema\\\/logo\\\/image\\\/\",\"url\":\"https:\\\/\\\/www.repam.net\\\/es\\\/wp-content\\\/uploads\\\/2021\\\/11\\\/cropped-favicon.png\",\"contentUrl\":\"https:\\\/\\\/www.repam.net\\\/es\\\/wp-content\\\/uploads\\\/2021\\\/11\\\/cropped-favicon.png\",\"width\":512,\"height\":512,\"caption\":\"REPAM\"},\"image\":{\"@id\":\"https:\\\/\\\/www.repam.net\\\/es\\\/#\\\/schema\\\/logo\\\/image\\\/\"}},{\"@type\":\"Person\",\"@id\":\"https:\\\/\\\/www.repam.net\\\/es\\\/#\\\/schema\\\/person\\\/0c828bf04cf1abe6016cbe752c76a033\",\"name\":\"repam@adm\",\"image\":{\"@type\":\"ImageObject\",\"inLanguage\":\"es-CO\",\"@id\":\"https:\\\/\\\/secure.gravatar.com\\\/avatar\\\/b18234ea6de5d74563e52ca7bfdad9d2b029b514c935b38a2790717abf8f2e5f?s=96&d=mm&r=g\",\"url\":\"https:\\\/\\\/secure.gravatar.com\\\/avatar\\\/b18234ea6de5d74563e52ca7bfdad9d2b029b514c935b38a2790717abf8f2e5f?s=96&d=mm&r=g\",\"contentUrl\":\"https:\\\/\\\/secure.gravatar.com\\\/avatar\\\/b18234ea6de5d74563e52ca7bfdad9d2b029b514c935b38a2790717abf8f2e5f?s=96&d=mm&r=g\",\"caption\":\"repam@adm\"},\"sameAs\":[\"http:\\\/\\\/repam.net\"],\"url\":\"https:\\\/\\\/www.repam.net\\\/es\\\/author\\\/repamadm\\\/\"}]}<\/script>\n<!-- \/ Yoast SEO plugin. -->","yoast_head_json":{"title":"Unidos por nuestro planeta, el \u00fanico que tenemos - REPAM","robots":{"index":"index","follow":"follow","max-snippet":"max-snippet:-1","max-image-preview":"max-image-preview:large","max-video-preview":"max-video-preview:-1"},"canonical":"https:\/\/www.repam.net\/es\/unidos-por-nuestro-planeta-el-unico-que-tenemos\/","og_locale":"es_ES","og_type":"article","og_title":"Unidos por nuestro planeta, el \u00fanico que tenemos - REPAM","og_description":"Al escribir o contar una historia, una noticia, una experiencia,\u2026 construimos una narrativa. La narrativa, al ser una forma de expresi\u00f3n, influye en la manera en la que pensamos y en la que construimos la realidad. Cuando nos expresamos, mostramos parte de nuestra personalidad, de nuestro comportamiento, de nuestra historia de vida, identidad, cultura o [&hellip;]","og_url":"https:\/\/www.repam.net\/es\/unidos-por-nuestro-planeta-el-unico-que-tenemos\/","og_site_name":"REPAM","article_published_time":"2023-06-05T18:27:29+00:00","article_modified_time":"2023-06-05T18:27:31+00:00","og_image":[{"width":2048,"height":1365,"url":"https:\/\/www.repam.net\/es\/wp-content\/uploads\/2023\/06\/Puyo-Ecuador.jpg","type":"image\/jpeg"}],"author":"repam@adm","twitter_card":"summary_large_image","twitter_misc":{"Escrito por":"repam@adm","Tiempo de lectura":"6 minutos"},"schema":{"@context":"https:\/\/schema.org","@graph":[{"@type":"Article","@id":"https:\/\/www.repam.net\/es\/unidos-por-nuestro-planeta-el-unico-que-tenemos\/#article","isPartOf":{"@id":"https:\/\/www.repam.net\/es\/unidos-por-nuestro-planeta-el-unico-que-tenemos\/"},"author":{"name":"repam@adm","@id":"https:\/\/www.repam.net\/es\/#\/schema\/person\/0c828bf04cf1abe6016cbe752c76a033"},"headline":"Unidos por nuestro planeta, el \u00fanico que tenemos","datePublished":"2023-06-05T18:27:29+00:00","dateModified":"2023-06-05T18:27:31+00:00","mainEntityOfPage":{"@id":"https:\/\/www.repam.net\/es\/unidos-por-nuestro-planeta-el-unico-que-tenemos\/"},"wordCount":1304,"publisher":{"@id":"https:\/\/www.repam.net\/es\/#organization"},"image":{"@id":"https:\/\/www.repam.net\/es\/unidos-por-nuestro-planeta-el-unico-que-tenemos\/#primaryimage"},"thumbnailUrl":"https:\/\/www.repam.net\/es\/wp-content\/uploads\/2023\/06\/Puyo-Ecuador.jpg","keywords":["Amazon\u00eda","Derechos Humanos","pueblos ind\u00edgenas","Querida Amazon\u00eda","REPAM","S\u00ednodo Amaz\u00f3nico"],"articleSection":["Noticias"],"inLanguage":"es-CO"},{"@type":"WebPage","@id":"https:\/\/www.repam.net\/es\/unidos-por-nuestro-planeta-el-unico-que-tenemos\/","url":"https:\/\/www.repam.net\/es\/unidos-por-nuestro-planeta-el-unico-que-tenemos\/","name":"Unidos por nuestro planeta, el \u00fanico que tenemos - REPAM","isPartOf":{"@id":"https:\/\/www.repam.net\/es\/#website"},"primaryImageOfPage":{"@id":"https:\/\/www.repam.net\/es\/unidos-por-nuestro-planeta-el-unico-que-tenemos\/#primaryimage"},"image":{"@id":"https:\/\/www.repam.net\/es\/unidos-por-nuestro-planeta-el-unico-que-tenemos\/#primaryimage"},"thumbnailUrl":"https:\/\/www.repam.net\/es\/wp-content\/uploads\/2023\/06\/Puyo-Ecuador.jpg","datePublished":"2023-06-05T18:27:29+00:00","dateModified":"2023-06-05T18:27:31+00:00","breadcrumb":{"@id":"https:\/\/www.repam.net\/es\/unidos-por-nuestro-planeta-el-unico-que-tenemos\/#breadcrumb"},"inLanguage":"es-CO","potentialAction":[{"@type":"ReadAction","target":["https:\/\/www.repam.net\/es\/unidos-por-nuestro-planeta-el-unico-que-tenemos\/"]}]},{"@type":"ImageObject","inLanguage":"es-CO","@id":"https:\/\/www.repam.net\/es\/unidos-por-nuestro-planeta-el-unico-que-tenemos\/#primaryimage","url":"https:\/\/www.repam.net\/es\/wp-content\/uploads\/2023\/06\/Puyo-Ecuador.jpg","contentUrl":"https:\/\/www.repam.net\/es\/wp-content\/uploads\/2023\/06\/Puyo-Ecuador.jpg","width":2048,"height":1365},{"@type":"BreadcrumbList","@id":"https:\/\/www.repam.net\/es\/unidos-por-nuestro-planeta-el-unico-que-tenemos\/#breadcrumb","itemListElement":[{"@type":"ListItem","position":1,"name":"Inicio","item":"https:\/\/www.repam.net\/es\/"},{"@type":"ListItem","position":2,"name":"Unidos por nuestro planeta, el \u00fanico que tenemos"}]},{"@type":"WebSite","@id":"https:\/\/www.repam.net\/es\/#website","url":"https:\/\/www.repam.net\/es\/","name":"REPAM","description":"Red Eclesial Panamaz\u00f3nica","publisher":{"@id":"https:\/\/www.repam.net\/es\/#organization"},"potentialAction":[{"@type":"SearchAction","target":{"@type":"EntryPoint","urlTemplate":"https:\/\/www.repam.net\/es\/?s={search_term_string}"},"query-input":{"@type":"PropertyValueSpecification","valueRequired":true,"valueName":"search_term_string"}}],"inLanguage":"es-CO"},{"@type":"Organization","@id":"https:\/\/www.repam.net\/es\/#organization","name":"REPAM","url":"https:\/\/www.repam.net\/es\/","logo":{"@type":"ImageObject","inLanguage":"es-CO","@id":"https:\/\/www.repam.net\/es\/#\/schema\/logo\/image\/","url":"https:\/\/www.repam.net\/es\/wp-content\/uploads\/2021\/11\/cropped-favicon.png","contentUrl":"https:\/\/www.repam.net\/es\/wp-content\/uploads\/2021\/11\/cropped-favicon.png","width":512,"height":512,"caption":"REPAM"},"image":{"@id":"https:\/\/www.repam.net\/es\/#\/schema\/logo\/image\/"}},{"@type":"Person","@id":"https:\/\/www.repam.net\/es\/#\/schema\/person\/0c828bf04cf1abe6016cbe752c76a033","name":"repam@adm","image":{"@type":"ImageObject","inLanguage":"es-CO","@id":"https:\/\/secure.gravatar.com\/avatar\/b18234ea6de5d74563e52ca7bfdad9d2b029b514c935b38a2790717abf8f2e5f?s=96&d=mm&r=g","url":"https:\/\/secure.gravatar.com\/avatar\/b18234ea6de5d74563e52ca7bfdad9d2b029b514c935b38a2790717abf8f2e5f?s=96&d=mm&r=g","contentUrl":"https:\/\/secure.gravatar.com\/avatar\/b18234ea6de5d74563e52ca7bfdad9d2b029b514c935b38a2790717abf8f2e5f?s=96&d=mm&r=g","caption":"repam@adm"},"sameAs":["http:\/\/repam.net"],"url":"https:\/\/www.repam.net\/es\/author\/repamadm\/"}]}},"_links":{"self":[{"href":"https:\/\/www.repam.net\/es\/wp-json\/wp\/v2\/posts\/10201","targetHints":{"allow":["GET"]}}],"collection":[{"href":"https:\/\/www.repam.net\/es\/wp-json\/wp\/v2\/posts"}],"about":[{"href":"https:\/\/www.repam.net\/es\/wp-json\/wp\/v2\/types\/post"}],"author":[{"embeddable":true,"href":"https:\/\/www.repam.net\/es\/wp-json\/wp\/v2\/users\/1"}],"replies":[{"embeddable":true,"href":"https:\/\/www.repam.net\/es\/wp-json\/wp\/v2\/comments?post=10201"}],"version-history":[{"count":1,"href":"https:\/\/www.repam.net\/es\/wp-json\/wp\/v2\/posts\/10201\/revisions"}],"predecessor-version":[{"id":10204,"href":"https:\/\/www.repam.net\/es\/wp-json\/wp\/v2\/posts\/10201\/revisions\/10204"}],"wp:featuredmedia":[{"embeddable":true,"href":"https:\/\/www.repam.net\/es\/wp-json\/wp\/v2\/media\/10203"}],"wp:attachment":[{"href":"https:\/\/www.repam.net\/es\/wp-json\/wp\/v2\/media?parent=10201"}],"wp:term":[{"taxonomy":"category","embeddable":true,"href":"https:\/\/www.repam.net\/es\/wp-json\/wp\/v2\/categories?post=10201"},{"taxonomy":"post_tag","embeddable":true,"href":"https:\/\/www.repam.net\/es\/wp-json\/wp\/v2\/tags?post=10201"}],"curies":[{"name":"wp","href":"https:\/\/api.w.org\/{rel}","templated":true}]}}