{"id":1051,"date":"2021-09-13T00:00:00","date_gmt":"2021-09-13T05:00:00","guid":{"rendered":"http:\/\/repam.net\/la-repam-nos-ensena-a-reaprender-del-pasado-para-construir-el-presente-pensando-en-el-futuro\/"},"modified":"2021-09-13T00:00:00","modified_gmt":"2021-09-13T05:00:00","slug":"la-repam-nos-ensena-a-reaprender-del-pasado-para-construir-el-presente-pensando-en-el-futuro","status":"publish","type":"post","link":"https:\/\/www.repam.net\/es\/la-repam-nos-ensena-a-reaprender-del-pasado-para-construir-el-presente-pensando-en-el-futuro\/","title":{"rendered":"La REPAM nos ense\u00f1a a reaprender del pasado para construir el presente, pensando en el futuro"},"content":{"rendered":"<blockquote>\n<p>Es bueno volver la mirada a las ra\u00edces de los encuentros que dan origen a procesos de cambio, como lo ha hecho la Red Eclesial Panamaz\u00f3nica &#8211; REPAM en estos 7 a\u00f1os de vida.<\/p>\n<\/blockquote>\n<p><em><strong>Por Mons. Rafael Cob *<\/strong><\/em><\/p>\n<p>Parece que fue ayer cuando en la ciudad de Puyo, del 22 al 24 de abril del 2013, se reun\u00edan en el Centro Pastoral de Intipungo, 146 personas convocados por una experiencia de trabajo compartido en el Oriente Ecuatoriano y coordinado por la C\u00e1ritas Nacional del Ecuador. Acompa\u00f1ados por las principales autoridades de la Conferencia Episcopal del Ecuador, los obispos de las jurisdicciones amaz\u00f3nicas del Ecuador, el representante del CELAM, Mons. Pedro Barreto, representantes de los pueblos originarios de la Amazon\u00eda y organizaciones fraternas internacionales, nos reun\u00edamos a la luz de un proceso de trabajo y reflexi\u00f3n que se ven\u00eda realizando en la Amazonia ecuatoriana, buscar respuestas y caminos para promover un modo de vida compatible con la defensa de la naturaleza y de los pueblos que en ella habitan.<\/p>\n<p>Nos motiv\u00f3 el llamado que el Papa Francisco hab\u00eda hecho en una homil\u00eda el 19 de marzo del 2013: \u201cQuisiera pedir por favor a todos los que ocupan puestos de responsabilidad\u2026hombres y mujeres de buena voluntad: seamos custodios de la creaci\u00f3n, del designio de Dios inscrito en la naturaleza, guardianes del otro, del medio ambiente, no dejemos que los signos de destrucci\u00f3n y de muerte acompa\u00f1en nuestro caminar\u2026\u201d<\/p>\n<h5><strong>Semilla que germina y produce frutos<\/strong><\/h5>\n<p>Todo ello motiv\u00f3 a los presentes a elaborar un documento final de este encuentro y as\u00ed sembrar la semilla de una Red llamada REPAM, que al a\u00f1o siguiente, 2014, en Brasilia, se diera luz al nacimiento oficial de \u00e9sta. La REPAM es fruto de un proceso de trabajo en distintos pa\u00edses amaz\u00f3nicos con la misma b\u00fasqueda de encontrar el cauce que articule tantos pensamientos y sentimientos expresados en las voces de los pueblos que viven en los territorios de este bioma panamaz\u00f3nico.<\/p>\n<div class=\"vamtam-video-frame\"><iframe loading=\"lazy\" title=\"#REPAM7a\u00f1os: Mons.  Rafael Cob, vicepresidente de la Red Eclesial Panamaz\u00f3nica\" width=\"1333\" height=\"1000\" src=\"https:\/\/www.youtube.com\/embed\/SvNiYBLUXzc?feature=oembed\" frameborder=\"0\" allow=\"accelerometer; autoplay; clipboard-write; encrypted-media; gyroscope; picture-in-picture\" allowfullscreen><\/iframe><\/p>\n","protected":false},"excerpt":{"rendered":"<p>Es bueno volver la mirada a las ra\u00edces de los encuentros que dan origen a procesos de cambio, como lo ha hecho la Red Eclesial Panamaz\u00f3nica &#8211; REPAM en estos 7 a\u00f1os de vida. Por Mons. Rafael Cob * Parece que fue ayer cuando en la ciudad de Puyo, del 22 al 24 de abril [&hellip;]<\/p>\n","protected":false},"author":1,"featured_media":1052,"comment_status":"closed","ping_status":"closed","sticky":false,"template":"","format":"standard","meta":{"_acf_changed":false,"_uf_show_specific_survey":0,"_uf_disable_surveys":false,"footnotes":""},"categories":[4,21],"tags":[22,23,24,9],"class_list":["post-1051","post","type-post","status-publish","format-standard","has-post-thumbnail","hentry","category-noticias","category-repam","tag-aniversario","tag-mons-rafael-cob","tag-presidencia","tag-repam"],"acf":[],"aioseo_notices":[],"yoast_head":"<!-- This site is optimized with the Yoast SEO plugin v27.5 - https:\/\/yoast.com\/product\/yoast-seo-wordpress\/ -->\n<title>La REPAM nos ense\u00f1a a reaprender del pasado para construir el presente, pensando en el futuro - REPAM<\/title>\n<meta name=\"robots\" content=\"index, follow, max-snippet:-1, max-image-preview:large, max-video-preview:-1\" \/>\n<link rel=\"canonical\" href=\"https:\/\/www.repam.net\/es\/la-repam-nos-ensena-a-reaprender-del-pasado-para-construir-el-presente-pensando-en-el-futuro\/\" \/>\n<meta property=\"og:locale\" content=\"es_ES\" \/>\n<meta property=\"og:type\" content=\"article\" \/>\n<meta property=\"og:title\" content=\"La REPAM nos ense\u00f1a a reaprender del pasado para construir el presente, pensando en el futuro - REPAM\" \/>\n<meta property=\"og:description\" content=\"Es bueno volver la mirada a las ra\u00edces de los encuentros que dan origen a procesos de cambio, como lo ha hecho la Red Eclesial Panamaz\u00f3nica &#8211; REPAM en estos 7 a\u00f1os de vida. Por Mons. Rafael Cob * Parece que fue ayer cuando en la ciudad de Puyo, del 22 al 24 de abril [&hellip;]\" \/>\n<meta property=\"og:url\" content=\"https:\/\/www.repam.net\/es\/la-repam-nos-ensena-a-reaprender-del-pasado-para-construir-el-presente-pensando-en-el-futuro\/\" \/>\n<meta property=\"og:site_name\" content=\"REPAM\" \/>\n<meta property=\"article:published_time\" content=\"2021-09-13T05:00:00+00:00\" \/>\n<meta property=\"og:image\" content=\"https:\/\/www.repam.net\/es\/wp-content\/uploads\/2021\/09\/Mons.-Rafael-Cob-REPAM.jpg\" \/>\n\t<meta property=\"og:image:width\" content=\"1280\" \/>\n\t<meta property=\"og:image:height\" content=\"720\" \/>\n\t<meta property=\"og:image:type\" content=\"image\/jpeg\" \/>\n<meta name=\"author\" content=\"repam@adm\" \/>\n<meta name=\"twitter:card\" content=\"summary_large_image\" \/>\n<meta name=\"twitter:label1\" content=\"Escrito por\" \/>\n\t<meta name=\"twitter:data1\" content=\"repam@adm\" \/>\n\t<meta name=\"twitter:label2\" content=\"Tiempo de lectura\" \/>\n\t<meta name=\"twitter:data2\" content=\"2 minutos\" \/>\n<script type=\"application\/ld+json\" class=\"yoast-schema-graph\">{\"@context\":\"https:\\\/\\\/schema.org\",\"@graph\":[{\"@type\":\"Article\",\"@id\":\"https:\\\/\\\/www.repam.net\\\/es\\\/la-repam-nos-ensena-a-reaprender-del-pasado-para-construir-el-presente-pensando-en-el-futuro\\\/#article\",\"isPartOf\":{\"@id\":\"https:\\\/\\\/www.repam.net\\\/es\\\/la-repam-nos-ensena-a-reaprender-del-pasado-para-construir-el-presente-pensando-en-el-futuro\\\/\"},\"author\":{\"name\":\"repam@adm\",\"@id\":\"https:\\\/\\\/www.repam.net\\\/es\\\/#\\\/schema\\\/person\\\/0c828bf04cf1abe6016cbe752c76a033\"},\"headline\":\"La REPAM nos ense\u00f1a a reaprender del pasado para construir el presente, pensando en el futuro\",\"datePublished\":\"2021-09-13T05:00:00+00:00\",\"mainEntityOfPage\":{\"@id\":\"https:\\\/\\\/www.repam.net\\\/es\\\/la-repam-nos-ensena-a-reaprender-del-pasado-para-construir-el-presente-pensando-en-el-futuro\\\/\"},\"wordCount\":354,\"publisher\":{\"@id\":\"https:\\\/\\\/www.repam.net\\\/es\\\/#organization\"},\"image\":{\"@id\":\"https:\\\/\\\/www.repam.net\\\/es\\\/la-repam-nos-ensena-a-reaprender-del-pasado-para-construir-el-presente-pensando-en-el-futuro\\\/#primaryimage\"},\"thumbnailUrl\":\"https:\\\/\\\/www.repam.net\\\/es\\\/wp-content\\\/uploads\\\/2021\\\/09\\\/Mons.-Rafael-Cob-REPAM.jpg\",\"keywords\":[\"Aniversario\",\"Mons. Rafael Cob\",\"Presidencia\",\"REPAM\"],\"articleSection\":[\"Noticias\",\"REPAM\"],\"inLanguage\":\"es-CO\"},{\"@type\":\"WebPage\",\"@id\":\"https:\\\/\\\/www.repam.net\\\/es\\\/la-repam-nos-ensena-a-reaprender-del-pasado-para-construir-el-presente-pensando-en-el-futuro\\\/\",\"url\":\"https:\\\/\\\/www.repam.net\\\/es\\\/la-repam-nos-ensena-a-reaprender-del-pasado-para-construir-el-presente-pensando-en-el-futuro\\\/\",\"name\":\"La REPAM nos ense\u00f1a a reaprender del pasado para construir el presente, pensando en el futuro - REPAM\",\"isPartOf\":{\"@id\":\"https:\\\/\\\/www.repam.net\\\/es\\\/#website\"},\"primaryImageOfPage\":{\"@id\":\"https:\\\/\\\/www.repam.net\\\/es\\\/la-repam-nos-ensena-a-reaprender-del-pasado-para-construir-el-presente-pensando-en-el-futuro\\\/#primaryimage\"},\"image\":{\"@id\":\"https:\\\/\\\/www.repam.net\\\/es\\\/la-repam-nos-ensena-a-reaprender-del-pasado-para-construir-el-presente-pensando-en-el-futuro\\\/#primaryimage\"},\"thumbnailUrl\":\"https:\\\/\\\/www.repam.net\\\/es\\\/wp-content\\\/uploads\\\/2021\\\/09\\\/Mons.-Rafael-Cob-REPAM.jpg\",\"datePublished\":\"2021-09-13T05:00:00+00:00\",\"breadcrumb\":{\"@id\":\"https:\\\/\\\/www.repam.net\\\/es\\\/la-repam-nos-ensena-a-reaprender-del-pasado-para-construir-el-presente-pensando-en-el-futuro\\\/#breadcrumb\"},\"inLanguage\":\"es-CO\",\"potentialAction\":[{\"@type\":\"ReadAction\",\"target\":[\"https:\\\/\\\/www.repam.net\\\/es\\\/la-repam-nos-ensena-a-reaprender-del-pasado-para-construir-el-presente-pensando-en-el-futuro\\\/\"]}]},{\"@type\":\"ImageObject\",\"inLanguage\":\"es-CO\",\"@id\":\"https:\\\/\\\/www.repam.net\\\/es\\\/la-repam-nos-ensena-a-reaprender-del-pasado-para-construir-el-presente-pensando-en-el-futuro\\\/#primaryimage\",\"url\":\"https:\\\/\\\/www.repam.net\\\/es\\\/wp-content\\\/uploads\\\/2021\\\/09\\\/Mons.-Rafael-Cob-REPAM.jpg\",\"contentUrl\":\"https:\\\/\\\/www.repam.net\\\/es\\\/wp-content\\\/uploads\\\/2021\\\/09\\\/Mons.-Rafael-Cob-REPAM.jpg\",\"width\":1280,\"height\":720},{\"@type\":\"BreadcrumbList\",\"@id\":\"https:\\\/\\\/www.repam.net\\\/es\\\/la-repam-nos-ensena-a-reaprender-del-pasado-para-construir-el-presente-pensando-en-el-futuro\\\/#breadcrumb\",\"itemListElement\":[{\"@type\":\"ListItem\",\"position\":1,\"name\":\"Inicio\",\"item\":\"https:\\\/\\\/www.repam.net\\\/es\\\/\"},{\"@type\":\"ListItem\",\"position\":2,\"name\":\"La REPAM nos ense\u00f1a a reaprender del pasado para construir el presente, pensando en el futuro\"}]},{\"@type\":\"WebSite\",\"@id\":\"https:\\\/\\\/www.repam.net\\\/es\\\/#website\",\"url\":\"https:\\\/\\\/www.repam.net\\\/es\\\/\",\"name\":\"REPAM\",\"description\":\"Red Eclesial Panamaz\u00f3nica\",\"publisher\":{\"@id\":\"https:\\\/\\\/www.repam.net\\\/es\\\/#organization\"},\"potentialAction\":[{\"@type\":\"SearchAction\",\"target\":{\"@type\":\"EntryPoint\",\"urlTemplate\":\"https:\\\/\\\/www.repam.net\\\/es\\\/?s={search_term_string}\"},\"query-input\":{\"@type\":\"PropertyValueSpecification\",\"valueRequired\":true,\"valueName\":\"search_term_string\"}}],\"inLanguage\":\"es-CO\"},{\"@type\":\"Organization\",\"@id\":\"https:\\\/\\\/www.repam.net\\\/es\\\/#organization\",\"name\":\"REPAM\",\"url\":\"https:\\\/\\\/www.repam.net\\\/es\\\/\",\"logo\":{\"@type\":\"ImageObject\",\"inLanguage\":\"es-CO\",\"@id\":\"https:\\\/\\\/www.repam.net\\\/es\\\/#\\\/schema\\\/logo\\\/image\\\/\",\"url\":\"https:\\\/\\\/www.repam.net\\\/es\\\/wp-content\\\/uploads\\\/2021\\\/11\\\/cropped-favicon.png\",\"contentUrl\":\"https:\\\/\\\/www.repam.net\\\/es\\\/wp-content\\\/uploads\\\/2021\\\/11\\\/cropped-favicon.png\",\"width\":512,\"height\":512,\"caption\":\"REPAM\"},\"image\":{\"@id\":\"https:\\\/\\\/www.repam.net\\\/es\\\/#\\\/schema\\\/logo\\\/image\\\/\"}},{\"@type\":\"Person\",\"@id\":\"https:\\\/\\\/www.repam.net\\\/es\\\/#\\\/schema\\\/person\\\/0c828bf04cf1abe6016cbe752c76a033\",\"name\":\"repam@adm\",\"image\":{\"@type\":\"ImageObject\",\"inLanguage\":\"es-CO\",\"@id\":\"https:\\\/\\\/secure.gravatar.com\\\/avatar\\\/b18234ea6de5d74563e52ca7bfdad9d2b029b514c935b38a2790717abf8f2e5f?s=96&d=mm&r=g\",\"url\":\"https:\\\/\\\/secure.gravatar.com\\\/avatar\\\/b18234ea6de5d74563e52ca7bfdad9d2b029b514c935b38a2790717abf8f2e5f?s=96&d=mm&r=g\",\"contentUrl\":\"https:\\\/\\\/secure.gravatar.com\\\/avatar\\\/b18234ea6de5d74563e52ca7bfdad9d2b029b514c935b38a2790717abf8f2e5f?s=96&d=mm&r=g\",\"caption\":\"repam@adm\"},\"sameAs\":[\"http:\\\/\\\/repam.net\"],\"url\":\"https:\\\/\\\/www.repam.net\\\/es\\\/author\\\/repamadm\\\/\"}]}<\/script>\n<!-- \/ Yoast SEO plugin. -->","yoast_head_json":{"title":"La REPAM nos ense\u00f1a a reaprender del pasado para construir el presente, pensando en el futuro - REPAM","robots":{"index":"index","follow":"follow","max-snippet":"max-snippet:-1","max-image-preview":"max-image-preview:large","max-video-preview":"max-video-preview:-1"},"canonical":"https:\/\/www.repam.net\/es\/la-repam-nos-ensena-a-reaprender-del-pasado-para-construir-el-presente-pensando-en-el-futuro\/","og_locale":"es_ES","og_type":"article","og_title":"La REPAM nos ense\u00f1a a reaprender del pasado para construir el presente, pensando en el futuro - REPAM","og_description":"Es bueno volver la mirada a las ra\u00edces de los encuentros que dan origen a procesos de cambio, como lo ha hecho la Red Eclesial Panamaz\u00f3nica &#8211; REPAM en estos 7 a\u00f1os de vida. Por Mons. Rafael Cob * Parece que fue ayer cuando en la ciudad de Puyo, del 22 al 24 de abril [&hellip;]","og_url":"https:\/\/www.repam.net\/es\/la-repam-nos-ensena-a-reaprender-del-pasado-para-construir-el-presente-pensando-en-el-futuro\/","og_site_name":"REPAM","article_published_time":"2021-09-13T05:00:00+00:00","og_image":[{"width":1280,"height":720,"url":"https:\/\/www.repam.net\/es\/wp-content\/uploads\/2021\/09\/Mons.-Rafael-Cob-REPAM.jpg","type":"image\/jpeg"}],"author":"repam@adm","twitter_card":"summary_large_image","twitter_misc":{"Escrito por":"repam@adm","Tiempo de lectura":"2 minutos"},"schema":{"@context":"https:\/\/schema.org","@graph":[{"@type":"Article","@id":"https:\/\/www.repam.net\/es\/la-repam-nos-ensena-a-reaprender-del-pasado-para-construir-el-presente-pensando-en-el-futuro\/#article","isPartOf":{"@id":"https:\/\/www.repam.net\/es\/la-repam-nos-ensena-a-reaprender-del-pasado-para-construir-el-presente-pensando-en-el-futuro\/"},"author":{"name":"repam@adm","@id":"https:\/\/www.repam.net\/es\/#\/schema\/person\/0c828bf04cf1abe6016cbe752c76a033"},"headline":"La REPAM nos ense\u00f1a a reaprender del pasado para construir el presente, pensando en el futuro","datePublished":"2021-09-13T05:00:00+00:00","mainEntityOfPage":{"@id":"https:\/\/www.repam.net\/es\/la-repam-nos-ensena-a-reaprender-del-pasado-para-construir-el-presente-pensando-en-el-futuro\/"},"wordCount":354,"publisher":{"@id":"https:\/\/www.repam.net\/es\/#organization"},"image":{"@id":"https:\/\/www.repam.net\/es\/la-repam-nos-ensena-a-reaprender-del-pasado-para-construir-el-presente-pensando-en-el-futuro\/#primaryimage"},"thumbnailUrl":"https:\/\/www.repam.net\/es\/wp-content\/uploads\/2021\/09\/Mons.-Rafael-Cob-REPAM.jpg","keywords":["Aniversario","Mons. Rafael Cob","Presidencia","REPAM"],"articleSection":["Noticias","REPAM"],"inLanguage":"es-CO"},{"@type":"WebPage","@id":"https:\/\/www.repam.net\/es\/la-repam-nos-ensena-a-reaprender-del-pasado-para-construir-el-presente-pensando-en-el-futuro\/","url":"https:\/\/www.repam.net\/es\/la-repam-nos-ensena-a-reaprender-del-pasado-para-construir-el-presente-pensando-en-el-futuro\/","name":"La REPAM nos ense\u00f1a a reaprender del pasado para construir el presente, pensando en el futuro - REPAM","isPartOf":{"@id":"https:\/\/www.repam.net\/es\/#website"},"primaryImageOfPage":{"@id":"https:\/\/www.repam.net\/es\/la-repam-nos-ensena-a-reaprender-del-pasado-para-construir-el-presente-pensando-en-el-futuro\/#primaryimage"},"image":{"@id":"https:\/\/www.repam.net\/es\/la-repam-nos-ensena-a-reaprender-del-pasado-para-construir-el-presente-pensando-en-el-futuro\/#primaryimage"},"thumbnailUrl":"https:\/\/www.repam.net\/es\/wp-content\/uploads\/2021\/09\/Mons.-Rafael-Cob-REPAM.jpg","datePublished":"2021-09-13T05:00:00+00:00","breadcrumb":{"@id":"https:\/\/www.repam.net\/es\/la-repam-nos-ensena-a-reaprender-del-pasado-para-construir-el-presente-pensando-en-el-futuro\/#breadcrumb"},"inLanguage":"es-CO","potentialAction":[{"@type":"ReadAction","target":["https:\/\/www.repam.net\/es\/la-repam-nos-ensena-a-reaprender-del-pasado-para-construir-el-presente-pensando-en-el-futuro\/"]}]},{"@type":"ImageObject","inLanguage":"es-CO","@id":"https:\/\/www.repam.net\/es\/la-repam-nos-ensena-a-reaprender-del-pasado-para-construir-el-presente-pensando-en-el-futuro\/#primaryimage","url":"https:\/\/www.repam.net\/es\/wp-content\/uploads\/2021\/09\/Mons.-Rafael-Cob-REPAM.jpg","contentUrl":"https:\/\/www.repam.net\/es\/wp-content\/uploads\/2021\/09\/Mons.-Rafael-Cob-REPAM.jpg","width":1280,"height":720},{"@type":"BreadcrumbList","@id":"https:\/\/www.repam.net\/es\/la-repam-nos-ensena-a-reaprender-del-pasado-para-construir-el-presente-pensando-en-el-futuro\/#breadcrumb","itemListElement":[{"@type":"ListItem","position":1,"name":"Inicio","item":"https:\/\/www.repam.net\/es\/"},{"@type":"ListItem","position":2,"name":"La REPAM nos ense\u00f1a a reaprender del pasado para construir el presente, pensando en el futuro"}]},{"@type":"WebSite","@id":"https:\/\/www.repam.net\/es\/#website","url":"https:\/\/www.repam.net\/es\/","name":"REPAM","description":"Red Eclesial Panamaz\u00f3nica","publisher":{"@id":"https:\/\/www.repam.net\/es\/#organization"},"potentialAction":[{"@type":"SearchAction","target":{"@type":"EntryPoint","urlTemplate":"https:\/\/www.repam.net\/es\/?s={search_term_string}"},"query-input":{"@type":"PropertyValueSpecification","valueRequired":true,"valueName":"search_term_string"}}],"inLanguage":"es-CO"},{"@type":"Organization","@id":"https:\/\/www.repam.net\/es\/#organization","name":"REPAM","url":"https:\/\/www.repam.net\/es\/","logo":{"@type":"ImageObject","inLanguage":"es-CO","@id":"https:\/\/www.repam.net\/es\/#\/schema\/logo\/image\/","url":"https:\/\/www.repam.net\/es\/wp-content\/uploads\/2021\/11\/cropped-favicon.png","contentUrl":"https:\/\/www.repam.net\/es\/wp-content\/uploads\/2021\/11\/cropped-favicon.png","width":512,"height":512,"caption":"REPAM"},"image":{"@id":"https:\/\/www.repam.net\/es\/#\/schema\/logo\/image\/"}},{"@type":"Person","@id":"https:\/\/www.repam.net\/es\/#\/schema\/person\/0c828bf04cf1abe6016cbe752c76a033","name":"repam@adm","image":{"@type":"ImageObject","inLanguage":"es-CO","@id":"https:\/\/secure.gravatar.com\/avatar\/b18234ea6de5d74563e52ca7bfdad9d2b029b514c935b38a2790717abf8f2e5f?s=96&d=mm&r=g","url":"https:\/\/secure.gravatar.com\/avatar\/b18234ea6de5d74563e52ca7bfdad9d2b029b514c935b38a2790717abf8f2e5f?s=96&d=mm&r=g","contentUrl":"https:\/\/secure.gravatar.com\/avatar\/b18234ea6de5d74563e52ca7bfdad9d2b029b514c935b38a2790717abf8f2e5f?s=96&d=mm&r=g","caption":"repam@adm"},"sameAs":["http:\/\/repam.net"],"url":"https:\/\/www.repam.net\/es\/author\/repamadm\/"}]}},"_links":{"self":[{"href":"https:\/\/www.repam.net\/es\/wp-json\/wp\/v2\/posts\/1051","targetHints":{"allow":["GET"]}}],"collection":[{"href":"https:\/\/www.repam.net\/es\/wp-json\/wp\/v2\/posts"}],"about":[{"href":"https:\/\/www.repam.net\/es\/wp-json\/wp\/v2\/types\/post"}],"author":[{"embeddable":true,"href":"https:\/\/www.repam.net\/es\/wp-json\/wp\/v2\/users\/1"}],"replies":[{"embeddable":true,"href":"https:\/\/www.repam.net\/es\/wp-json\/wp\/v2\/comments?post=1051"}],"version-history":[{"count":0,"href":"https:\/\/www.repam.net\/es\/wp-json\/wp\/v2\/posts\/1051\/revisions"}],"wp:featuredmedia":[{"embeddable":true,"href":"https:\/\/www.repam.net\/es\/wp-json\/wp\/v2\/media\/1052"}],"wp:attachment":[{"href":"https:\/\/www.repam.net\/es\/wp-json\/wp\/v2\/media?parent=1051"}],"wp:term":[{"taxonomy":"category","embeddable":true,"href":"https:\/\/www.repam.net\/es\/wp-json\/wp\/v2\/categories?post=1051"},{"taxonomy":"post_tag","embeddable":true,"href":"https:\/\/www.repam.net\/es\/wp-json\/wp\/v2\/tags?post=1051"}],"curies":[{"name":"wp","href":"https:\/\/api.w.org\/{rel}","templated":true}]}}