{"id":10542,"date":"2023-08-15T17:54:30","date_gmt":"2023-08-15T22:54:30","guid":{"rendered":"https:\/\/www.repam.net\/es\/?p=10542"},"modified":"2023-08-15T17:54:31","modified_gmt":"2023-08-15T22:54:31","slug":"yasuni-el-debate-sobre-los-pueblos-en-aislamiento-en-ecuador","status":"publish","type":"post","link":"https:\/\/www.repam.net\/es\/yasuni-el-debate-sobre-los-pueblos-en-aislamiento-en-ecuador\/","title":{"rendered":"Yasun\u00ed: el debate sobre los pueblos en aislamiento en Ecuador"},"content":{"rendered":"\n<p><\/p>\n\n\n<div class=\"wp-block-image\">\n<figure class=\"aligncenter size-large\"><img loading=\"lazy\" decoding=\"async\" width=\"1024\" height=\"683\" src=\"https:\/\/www.repam.net\/es\/wp-content\/uploads\/2023\/08\/Si-al-Yasuni-1024x683.jpg\" alt=\"\" class=\"wp-image-10543\" srcset=\"https:\/\/www.repam.net\/es\/wp-content\/uploads\/2023\/08\/Si-al-Yasuni-1024x683.jpg 1024w, https:\/\/www.repam.net\/es\/wp-content\/uploads\/2023\/08\/Si-al-Yasuni-300x200.jpg 300w, https:\/\/www.repam.net\/es\/wp-content\/uploads\/2023\/08\/Si-al-Yasuni-768x512.jpg 768w, https:\/\/www.repam.net\/es\/wp-content\/uploads\/2023\/08\/Si-al-Yasuni-1536x1024.jpg 1536w, https:\/\/www.repam.net\/es\/wp-content\/uploads\/2023\/08\/Si-al-Yasuni.jpg 2048w\" sizes=\"auto, (max-width: 1024px) 100vw, 1024px\" \/><figcaption class=\"wp-element-caption\">Foto: UDAPT<\/figcaption><\/figure>\n<\/div>\n\n\n<p><\/p>\n\n\n\n<blockquote class=\"wp-block-quote is-layout-flow wp-block-quote-is-layout-flow\">\n<p>En lo m\u00e1s profundo y misterioso de la selva amaz\u00f3nica del\u00a0<a href=\"http:\/\/areasprotegidas.ambiente.gob.ec\/es\/areas-protegidas\/parque-nacional-yasun%C3%AD\" target=\"_blank\" rel=\"noreferrer noopener\">Yasun\u00ed<\/a>, habitan los \u00faltimos pueblos en aislamiento voluntario del Ecuador.<strong>\u00a0Por a\u00f1os, los waoranis, tagaeri y taromenane han mantenido un estilo de vida que coexiste en armon\u00eda con la naturaleza.<\/strong>\u00a0<strong>Sin embargo, expertos afirman que, debido a la extracci\u00f3n petrolera, estos grupos est\u00e1n bajo amenaza.<\/strong><\/p>\n<\/blockquote>\n\n\n\n<p><strong><em>Por\u00a0Katherine Ram\u00edrez\u00a0\/PUCE<\/em><\/strong><\/p>\n\n\n\n<p>Desde 2016, la administraci\u00f3n de\u00a0<a href=\"https:\/\/twitter.com\/EPPETROECUADOR\" target=\"_blank\" rel=\"noreferrer noopener\"><strong>Petroecuador<\/strong><\/a>\u00a0inici\u00f3 la explotaci\u00f3n petrolera en el\u00a0<a href=\"https:\/\/www.primicias.ec\/noticias\/economia\/produccion-petroleo-campo-ishpingo-itt\/\" target=\"_blank\" rel=\"noreferrer noopener\"><strong>Bloque 43 del campo Ishpingo-Tambococha-Tiputini (ITT)<\/strong><\/a>.\u00a0<strong>Este es un yacimiento situado en el Parque Nacional Yasun\u00ed, reserva mundial de la bi\u00f3sfera.<\/strong><\/p>\n\n\n\n<p>Hoy el tema se encuentra en debate.<strong>&nbsp;Los ecuatorianos deber\u00e1n elegir, el 20 de agosto de 2023, si el crudo se mantiene o no bajo tierra. Sobre la mesa se discuten varios puntos, entre ellos, los derechos humanos que cobijan a los pueblos no contactados.&nbsp;<\/strong>En estos se encuentran el derecho a la vida y el derecho al territorio.<\/p>\n\n\n\n<h5 class=\"wp-block-heading\"><strong>Una ley de protecci\u00f3n<\/strong><\/h5>\n\n\n\n<p>En 1999, un decreto presidencial dio origen a la llamada&nbsp;<a href=\"http:\/\/www.geoyasuni.org\/?page_id=415#:~:text=La%20Zona%20Intangible%20Tagaeri%20Taromenane%20(ZITT)%20tiene%20una%20%C3%A1rea%20de,Taromenane%20y%20otros%20eventuales%20que\" target=\"_blank\" rel=\"noreferrer noopener\">Zona Intangible Tagaeri Taromenane&nbsp;<\/a>dentro del Parque Nacional Yasun\u00ed (PIAV).&nbsp;<strong>Esto significaba que esa zona estar\u00eda vedada a perpetuidad para operaciones extractivas, incluida la actividad petrolera.&nbsp;<\/strong>&nbsp;<\/p>\n\n\n\n<p><strong>Este decreto no ha sido respetado pese a que contin\u00faa en vigencia.<\/strong>&nbsp;As\u00ed lo asegur\u00f3 el Mtr.&nbsp;<a href=\"https:\/\/ec.linkedin.com\/in\/jos%C3%A9-valenzuela-6206301ab\" target=\"_blank\" rel=\"noreferrer noopener\">Jos\u00e9 Valenzuela<\/a>, director del&nbsp;<a href=\"https:\/\/www.puce.edu.ec\/centro-de-derechos-humanos\/\" target=\"_blank\" rel=\"noreferrer noopener\">Centro de Derechos Humanos (CDH)<\/a>&nbsp;de la&nbsp;<a href=\"https:\/\/www.puce.edu.ec\/\" target=\"_blank\" rel=\"noreferrer noopener\">Pontificia Universidad Cat\u00f3lica del Ecuador (PUCE)<\/a>.<\/p>\n\n\n\n<blockquote class=\"wp-block-quote is-layout-flow wp-block-quote-is-layout-flow\">\n<p>\u201cLa&nbsp;<a href=\"https:\/\/www.oas.org\/es\/cidh\/default.asp\" target=\"_blank\" rel=\"noreferrer noopener\">Comisi\u00f3n Interamericana de Derechos Humanos<\/a>&nbsp;ya determin\u00f3 que el Estado vulner\u00f3 varios derechos de los PIAV, como el derecho a la propiedad y a la libre circulaci\u00f3n, por lo que indic\u00f3 que el Estado debe otorgarles un t\u00edtulo con caracter\u00edsticas de pleno dominio.\u201dagreg\u00f3 el Mtr. Valenzuela.<\/p>\n<\/blockquote>\n\n\n\n<h5 class=\"wp-block-heading\"><strong>Una historia que preocupa<\/strong><\/h5>\n\n\n\n<p>Aunque este decreto tuvo su \u00faltima&nbsp;<a href=\"https:\/\/www.primicias.ec\/noticias\/politica\/moreno-modifica-zona-intangible-pueblos-aislados\/#:~:text=El%20decreto%20751%20emitido%20por,localizado%20el%20bloque%20petrolero%20Isphingo%2C\" target=\"_blank\" rel=\"noreferrer noopener\"><strong>modificaci\u00f3n en 2019<\/strong><\/a>, mantiene el derecho a la protecci\u00f3n de 818.501,42 hect\u00e1reas.&nbsp;<strong>Sin embargo, la situaci\u00f3n en estas \u00e1reas ha sido objeto de cr\u00edticas y controversia por una serie de fallas y problemas.<\/strong><\/p>\n\n\n\n<p>Por ejemplo,&nbsp;<strong>en 2003, se registr\u00f3 una matanza en la que&nbsp;<\/strong><a href=\"https:\/\/elpais.com\/internacional\/2013\/11\/28\/actualidad\/1385603742_447895.html#:~:text=Una%20de%20las%20matanzas%20m%C3%A1s,lanzas%2C%20antes%20de%20quemarlo%20todo.\" target=\"_blank\" rel=\"noreferrer noopener\"><strong>murieron cerca de 30 personas de los pueblos tagaeri y taromenane.<\/strong><\/a>Esto como consecuencia de la inmersi\u00f3n del Estado ecuatoriano para ejecutar proyectos en sus territorios sin tomar las medidas de protecci\u00f3n adecuadas.<\/p>\n\n\n\n<h5 class=\"wp-block-heading\"><strong>A qu\u00e9 se debe<\/strong><\/h5>\n\n\n\n<p><strong>La escasez de los recursos para su supervivencia &nbsp;y la contaminaci\u00f3n ambiental&nbsp;&nbsp;empujan cada vez m\u00e1s a los pueblos en aislamiento a buscar sustento en otras zonas.&nbsp;<\/strong>Tanto la carencia de productos como la contaminaci\u00f3n son provocadas por la actividad petrolera.<\/p>\n\n\n\n<p>Esta presi\u00f3n sobre sus territorios ha contribuido tambi\u00e9n a&nbsp;<strong>la intensificaci\u00f3n de conflictos inter\u00e9tnicos.<\/strong><\/p>\n\n\n\n<blockquote class=\"wp-block-quote is-layout-flow wp-block-quote-is-layout-flow\">\n<p>&nbsp;<a href=\"https:\/\/conexion.puce.edu.ec\/centro-de-derechos-humanos-de-la-puce-es-parte-de-la-defensa-de-los-pueblos-tagaeri-y-taromenane\/\" target=\"_blank\" rel=\"noreferrer noopener\"><strong>El CDH lleva la defensa del<\/strong><\/a>&nbsp;<strong>caso<\/strong>&nbsp;<a href=\"https:\/\/www.youtube.com\/watch?v=ASvdKuPqdEs\" target=\"_blank\" rel=\"noreferrer noopener\"><strong>Caso Tagaeri y Taromenane vs el Ecuador<\/strong><\/a>&nbsp;en copatrocinio con la Fundaci\u00f3n Pachamama, Yasunidos y la CONAIE. El mismo ha escalado a la&nbsp;<a href=\"https:\/\/www.corteidh.or.cr\/\" target=\"_blank\" rel=\"noreferrer noopener\"><strong>Corte Interamericana de Derechos Humanos CorteIDH<\/strong><\/a><strong>. Este y otros conflictos son consecuencia de todo lo que ha pasado en su territorio. La explotaci\u00f3n petrolera, la tala indiscriminada de bosques y la usurpaci\u00f3n de sus territorios es una amenaza constante para ellos<\/strong>. No queremos que esto se repita y perpet\u00fae.<\/p>\n<\/blockquote>\n\n\n\n<h5 class=\"wp-block-heading\"><strong>Preocupaci\u00f3n<\/strong><\/h5>\n\n\n\n<p><strong>Activistas y defensores de derechos humanos temen que este hecho vuelva a suceder.&nbsp;<\/strong>Por eso, manifiestan su preocupaci\u00f3n por el Bloque 43 ya que, ah\u00ed, se evidenci\u00f3 la presencia cercana de pueblos en aislamiento.<\/p>\n\n\n\n<blockquote class=\"wp-block-quote is-layout-flow wp-block-quote-is-layout-flow\">\n<p>\u201cPreocupa que la delimitaci\u00f3n de la Zona Intangible y de Amortiguamiento fuera seleccionada arbitrariamente por el Estado y no se respete de forma adecuada.&nbsp;<strong>Algunos de estos l\u00edmites responden a los intereses de la industria extractiva y no a las pr\u00e1cticas de movilidad y asentamiento de los pueblos<\/strong>. Si la extracci\u00f3n de petr\u00f3leo contin\u00faa en esta zona, podr\u00edamos hablar de algo peor. Por ejemplo, la extinci\u00f3n de estos grupos\u201d, coment\u00f3 el Mtr. Jos\u00e9 Valenzuela.<\/p>\n<\/blockquote>\n\n\n\n<h5 class=\"wp-block-heading\"><strong>Un voto informado<\/strong><\/h5>\n\n\n\n<p>La consulta popular representa una oportunidad para que los ecuatorianos tomen una&nbsp;<strong>decisi\u00f3n informada y \u00e9tica<\/strong>.<\/p>\n\n\n\n<blockquote class=\"wp-block-quote is-layout-flow wp-block-quote-is-layout-flow\">\n<p>\u201c<strong>La protecci\u00f3n de esta regi\u00f3n \u00fanica es un acto de justicia hacia aquellos que han elegido vivir apartados de la sociedad moderna<\/strong>. Tambi\u00e9n, un compromiso con la preservaci\u00f3n de la biodiversidad global y la lucha contra el cambio clim\u00e1tico\u201d, finaliz\u00f3 el Mtr. Valenzuela.<\/p>\n<\/blockquote>\n\n\n\n<figure class=\"wp-block-embed aligncenter is-type-video is-provider-youtube wp-block-embed-youtube wp-embed-aspect-16-9 wp-has-aspect-ratio\"><div class=\"wp-block-embed__wrapper\">\n<iframe loading=\"lazy\" title=\"S\u00cd al Yasun\u00ed\" width=\"500\" height=\"281\" src=\"https:\/\/www.youtube.com\/embed\/TwfKm2DX0jc?feature=oembed\" frameborder=\"0\" allow=\"accelerometer; autoplay; clipboard-write; encrypted-media; gyroscope; picture-in-picture; web-share\" referrerpolicy=\"strict-origin-when-cross-origin\" allowfullscreen><\/iframe>\n<\/div><\/figure>\n","protected":false},"excerpt":{"rendered":"<p>En lo m\u00e1s profundo y misterioso de la selva amaz\u00f3nica del\u00a0Yasun\u00ed, habitan los \u00faltimos pueblos en aislamiento voluntario del Ecuador.\u00a0Por a\u00f1os, los waoranis, tagaeri y taromenane han mantenido un estilo de vida que coexiste en armon\u00eda con la naturaleza.\u00a0Sin embargo, expertos afirman que, debido a la extracci\u00f3n petrolera, estos grupos est\u00e1n bajo amenaza. Por\u00a0Katherine Ram\u00edrez\u00a0\/PUCE [&hellip;]<\/p>\n","protected":false},"author":1,"featured_media":10544,"comment_status":"closed","ping_status":"closed","sticky":false,"template":"","format":"standard","meta":{"_acf_changed":false,"_uf_show_specific_survey":0,"_uf_disable_surveys":false,"footnotes":""},"categories":[82,4],"tags":[1090,173,16,1225],"class_list":["post-10542","post","type-post","status-publish","format-standard","has-post-thumbnail","hentry","category-casa-comun","category-noticias","tag-amazonia-ecuatoriana","tag-ecuador","tag-pueblos-indigenas","tag-yasuni"],"acf":[],"aioseo_notices":[],"yoast_head":"<!-- This site is optimized with the Yoast SEO plugin v27.4 - https:\/\/yoast.com\/product\/yoast-seo-wordpress\/ -->\n<title>Yasun\u00ed: el debate sobre los pueblos en aislamiento en Ecuador - REPAM<\/title>\n<meta name=\"robots\" content=\"index, follow, max-snippet:-1, max-image-preview:large, max-video-preview:-1\" \/>\n<link rel=\"canonical\" href=\"https:\/\/www.repam.net\/es\/yasuni-el-debate-sobre-los-pueblos-en-aislamiento-en-ecuador\/\" \/>\n<meta property=\"og:locale\" content=\"es_ES\" \/>\n<meta property=\"og:type\" content=\"article\" \/>\n<meta property=\"og:title\" content=\"Yasun\u00ed: el debate sobre los pueblos en aislamiento en Ecuador - REPAM\" \/>\n<meta property=\"og:description\" content=\"En lo m\u00e1s profundo y misterioso de la selva amaz\u00f3nica del\u00a0Yasun\u00ed, habitan los \u00faltimos pueblos en aislamiento voluntario del Ecuador.\u00a0Por a\u00f1os, los waoranis, tagaeri y taromenane han mantenido un estilo de vida que coexiste en armon\u00eda con la naturaleza.\u00a0Sin embargo, expertos afirman que, debido a la extracci\u00f3n petrolera, estos grupos est\u00e1n bajo amenaza. Por\u00a0Katherine Ram\u00edrez\u00a0\/PUCE [&hellip;]\" \/>\n<meta property=\"og:url\" content=\"https:\/\/www.repam.net\/es\/yasuni-el-debate-sobre-los-pueblos-en-aislamiento-en-ecuador\/\" \/>\n<meta property=\"og:site_name\" content=\"REPAM\" \/>\n<meta property=\"article:published_time\" content=\"2023-08-15T22:54:30+00:00\" \/>\n<meta property=\"article:modified_time\" content=\"2023-08-15T22:54:31+00:00\" \/>\n<meta property=\"og:image\" content=\"https:\/\/www.repam.net\/es\/wp-content\/uploads\/2023\/08\/Pueblos-en-aislamiento-Ecuador.png\" \/>\n\t<meta property=\"og:image:width\" content=\"501\" \/>\n\t<meta property=\"og:image:height\" content=\"423\" \/>\n\t<meta property=\"og:image:type\" content=\"image\/png\" \/>\n<meta name=\"author\" content=\"repam@adm\" \/>\n<meta name=\"twitter:card\" content=\"summary_large_image\" \/>\n<meta name=\"twitter:label1\" content=\"Escrito por\" \/>\n\t<meta name=\"twitter:data1\" content=\"repam@adm\" \/>\n\t<meta name=\"twitter:label2\" content=\"Tiempo de lectura\" \/>\n\t<meta name=\"twitter:data2\" content=\"4 minutos\" \/>\n<script type=\"application\/ld+json\" class=\"yoast-schema-graph\">{\"@context\":\"https:\\\/\\\/schema.org\",\"@graph\":[{\"@type\":\"Article\",\"@id\":\"https:\\\/\\\/www.repam.net\\\/es\\\/yasuni-el-debate-sobre-los-pueblos-en-aislamiento-en-ecuador\\\/#article\",\"isPartOf\":{\"@id\":\"https:\\\/\\\/www.repam.net\\\/es\\\/yasuni-el-debate-sobre-los-pueblos-en-aislamiento-en-ecuador\\\/\"},\"author\":{\"name\":\"repam@adm\",\"@id\":\"https:\\\/\\\/www.repam.net\\\/es\\\/#\\\/schema\\\/person\\\/0c828bf04cf1abe6016cbe752c76a033\"},\"headline\":\"Yasun\u00ed: el debate sobre los pueblos en aislamiento en Ecuador\",\"datePublished\":\"2023-08-15T22:54:30+00:00\",\"dateModified\":\"2023-08-15T22:54:31+00:00\",\"mainEntityOfPage\":{\"@id\":\"https:\\\/\\\/www.repam.net\\\/es\\\/yasuni-el-debate-sobre-los-pueblos-en-aislamiento-en-ecuador\\\/\"},\"wordCount\":765,\"publisher\":{\"@id\":\"https:\\\/\\\/www.repam.net\\\/es\\\/#organization\"},\"image\":{\"@id\":\"https:\\\/\\\/www.repam.net\\\/es\\\/yasuni-el-debate-sobre-los-pueblos-en-aislamiento-en-ecuador\\\/#primaryimage\"},\"thumbnailUrl\":\"https:\\\/\\\/www.repam.net\\\/es\\\/wp-content\\\/uploads\\\/2023\\\/08\\\/Pueblos-en-aislamiento-Ecuador.png\",\"keywords\":[\"Amazon\u00eda ecuatoriana\",\"Ecuador\",\"pueblos ind\u00edgenas\",\"Yasun\u00ed\"],\"articleSection\":[\"Casa Com\u00fan\",\"Noticias\"],\"inLanguage\":\"es-CO\"},{\"@type\":\"WebPage\",\"@id\":\"https:\\\/\\\/www.repam.net\\\/es\\\/yasuni-el-debate-sobre-los-pueblos-en-aislamiento-en-ecuador\\\/\",\"url\":\"https:\\\/\\\/www.repam.net\\\/es\\\/yasuni-el-debate-sobre-los-pueblos-en-aislamiento-en-ecuador\\\/\",\"name\":\"Yasun\u00ed: el debate sobre los pueblos en aislamiento en Ecuador - REPAM\",\"isPartOf\":{\"@id\":\"https:\\\/\\\/www.repam.net\\\/es\\\/#website\"},\"primaryImageOfPage\":{\"@id\":\"https:\\\/\\\/www.repam.net\\\/es\\\/yasuni-el-debate-sobre-los-pueblos-en-aislamiento-en-ecuador\\\/#primaryimage\"},\"image\":{\"@id\":\"https:\\\/\\\/www.repam.net\\\/es\\\/yasuni-el-debate-sobre-los-pueblos-en-aislamiento-en-ecuador\\\/#primaryimage\"},\"thumbnailUrl\":\"https:\\\/\\\/www.repam.net\\\/es\\\/wp-content\\\/uploads\\\/2023\\\/08\\\/Pueblos-en-aislamiento-Ecuador.png\",\"datePublished\":\"2023-08-15T22:54:30+00:00\",\"dateModified\":\"2023-08-15T22:54:31+00:00\",\"breadcrumb\":{\"@id\":\"https:\\\/\\\/www.repam.net\\\/es\\\/yasuni-el-debate-sobre-los-pueblos-en-aislamiento-en-ecuador\\\/#breadcrumb\"},\"inLanguage\":\"es-CO\",\"potentialAction\":[{\"@type\":\"ReadAction\",\"target\":[\"https:\\\/\\\/www.repam.net\\\/es\\\/yasuni-el-debate-sobre-los-pueblos-en-aislamiento-en-ecuador\\\/\"]}]},{\"@type\":\"ImageObject\",\"inLanguage\":\"es-CO\",\"@id\":\"https:\\\/\\\/www.repam.net\\\/es\\\/yasuni-el-debate-sobre-los-pueblos-en-aislamiento-en-ecuador\\\/#primaryimage\",\"url\":\"https:\\\/\\\/www.repam.net\\\/es\\\/wp-content\\\/uploads\\\/2023\\\/08\\\/Pueblos-en-aislamiento-Ecuador.png\",\"contentUrl\":\"https:\\\/\\\/www.repam.net\\\/es\\\/wp-content\\\/uploads\\\/2023\\\/08\\\/Pueblos-en-aislamiento-Ecuador.png\",\"width\":501,\"height\":423},{\"@type\":\"BreadcrumbList\",\"@id\":\"https:\\\/\\\/www.repam.net\\\/es\\\/yasuni-el-debate-sobre-los-pueblos-en-aislamiento-en-ecuador\\\/#breadcrumb\",\"itemListElement\":[{\"@type\":\"ListItem\",\"position\":1,\"name\":\"Inicio\",\"item\":\"https:\\\/\\\/www.repam.net\\\/es\\\/\"},{\"@type\":\"ListItem\",\"position\":2,\"name\":\"Yasun\u00ed: el debate sobre los pueblos en aislamiento en Ecuador\"}]},{\"@type\":\"WebSite\",\"@id\":\"https:\\\/\\\/www.repam.net\\\/es\\\/#website\",\"url\":\"https:\\\/\\\/www.repam.net\\\/es\\\/\",\"name\":\"REPAM\",\"description\":\"Red Eclesial Panamaz\u00f3nica\",\"publisher\":{\"@id\":\"https:\\\/\\\/www.repam.net\\\/es\\\/#organization\"},\"potentialAction\":[{\"@type\":\"SearchAction\",\"target\":{\"@type\":\"EntryPoint\",\"urlTemplate\":\"https:\\\/\\\/www.repam.net\\\/es\\\/?s={search_term_string}\"},\"query-input\":{\"@type\":\"PropertyValueSpecification\",\"valueRequired\":true,\"valueName\":\"search_term_string\"}}],\"inLanguage\":\"es-CO\"},{\"@type\":\"Organization\",\"@id\":\"https:\\\/\\\/www.repam.net\\\/es\\\/#organization\",\"name\":\"REPAM\",\"url\":\"https:\\\/\\\/www.repam.net\\\/es\\\/\",\"logo\":{\"@type\":\"ImageObject\",\"inLanguage\":\"es-CO\",\"@id\":\"https:\\\/\\\/www.repam.net\\\/es\\\/#\\\/schema\\\/logo\\\/image\\\/\",\"url\":\"https:\\\/\\\/www.repam.net\\\/es\\\/wp-content\\\/uploads\\\/2021\\\/11\\\/cropped-favicon.png\",\"contentUrl\":\"https:\\\/\\\/www.repam.net\\\/es\\\/wp-content\\\/uploads\\\/2021\\\/11\\\/cropped-favicon.png\",\"width\":512,\"height\":512,\"caption\":\"REPAM\"},\"image\":{\"@id\":\"https:\\\/\\\/www.repam.net\\\/es\\\/#\\\/schema\\\/logo\\\/image\\\/\"}},{\"@type\":\"Person\",\"@id\":\"https:\\\/\\\/www.repam.net\\\/es\\\/#\\\/schema\\\/person\\\/0c828bf04cf1abe6016cbe752c76a033\",\"name\":\"repam@adm\",\"image\":{\"@type\":\"ImageObject\",\"inLanguage\":\"es-CO\",\"@id\":\"https:\\\/\\\/secure.gravatar.com\\\/avatar\\\/b18234ea6de5d74563e52ca7bfdad9d2b029b514c935b38a2790717abf8f2e5f?s=96&d=mm&r=g\",\"url\":\"https:\\\/\\\/secure.gravatar.com\\\/avatar\\\/b18234ea6de5d74563e52ca7bfdad9d2b029b514c935b38a2790717abf8f2e5f?s=96&d=mm&r=g\",\"contentUrl\":\"https:\\\/\\\/secure.gravatar.com\\\/avatar\\\/b18234ea6de5d74563e52ca7bfdad9d2b029b514c935b38a2790717abf8f2e5f?s=96&d=mm&r=g\",\"caption\":\"repam@adm\"},\"sameAs\":[\"http:\\\/\\\/repam.net\"],\"url\":\"https:\\\/\\\/www.repam.net\\\/es\\\/author\\\/repamadm\\\/\"}]}<\/script>\n<!-- \/ Yoast SEO plugin. -->","yoast_head_json":{"title":"Yasun\u00ed: el debate sobre los pueblos en aislamiento en Ecuador - REPAM","robots":{"index":"index","follow":"follow","max-snippet":"max-snippet:-1","max-image-preview":"max-image-preview:large","max-video-preview":"max-video-preview:-1"},"canonical":"https:\/\/www.repam.net\/es\/yasuni-el-debate-sobre-los-pueblos-en-aislamiento-en-ecuador\/","og_locale":"es_ES","og_type":"article","og_title":"Yasun\u00ed: el debate sobre los pueblos en aislamiento en Ecuador - REPAM","og_description":"En lo m\u00e1s profundo y misterioso de la selva amaz\u00f3nica del\u00a0Yasun\u00ed, habitan los \u00faltimos pueblos en aislamiento voluntario del Ecuador.\u00a0Por a\u00f1os, los waoranis, tagaeri y taromenane han mantenido un estilo de vida que coexiste en armon\u00eda con la naturaleza.\u00a0Sin embargo, expertos afirman que, debido a la extracci\u00f3n petrolera, estos grupos est\u00e1n bajo amenaza. Por\u00a0Katherine Ram\u00edrez\u00a0\/PUCE [&hellip;]","og_url":"https:\/\/www.repam.net\/es\/yasuni-el-debate-sobre-los-pueblos-en-aislamiento-en-ecuador\/","og_site_name":"REPAM","article_published_time":"2023-08-15T22:54:30+00:00","article_modified_time":"2023-08-15T22:54:31+00:00","og_image":[{"width":501,"height":423,"url":"https:\/\/www.repam.net\/es\/wp-content\/uploads\/2023\/08\/Pueblos-en-aislamiento-Ecuador.png","type":"image\/png"}],"author":"repam@adm","twitter_card":"summary_large_image","twitter_misc":{"Escrito por":"repam@adm","Tiempo de lectura":"4 minutos"},"schema":{"@context":"https:\/\/schema.org","@graph":[{"@type":"Article","@id":"https:\/\/www.repam.net\/es\/yasuni-el-debate-sobre-los-pueblos-en-aislamiento-en-ecuador\/#article","isPartOf":{"@id":"https:\/\/www.repam.net\/es\/yasuni-el-debate-sobre-los-pueblos-en-aislamiento-en-ecuador\/"},"author":{"name":"repam@adm","@id":"https:\/\/www.repam.net\/es\/#\/schema\/person\/0c828bf04cf1abe6016cbe752c76a033"},"headline":"Yasun\u00ed: el debate sobre los pueblos en aislamiento en Ecuador","datePublished":"2023-08-15T22:54:30+00:00","dateModified":"2023-08-15T22:54:31+00:00","mainEntityOfPage":{"@id":"https:\/\/www.repam.net\/es\/yasuni-el-debate-sobre-los-pueblos-en-aislamiento-en-ecuador\/"},"wordCount":765,"publisher":{"@id":"https:\/\/www.repam.net\/es\/#organization"},"image":{"@id":"https:\/\/www.repam.net\/es\/yasuni-el-debate-sobre-los-pueblos-en-aislamiento-en-ecuador\/#primaryimage"},"thumbnailUrl":"https:\/\/www.repam.net\/es\/wp-content\/uploads\/2023\/08\/Pueblos-en-aislamiento-Ecuador.png","keywords":["Amazon\u00eda ecuatoriana","Ecuador","pueblos ind\u00edgenas","Yasun\u00ed"],"articleSection":["Casa Com\u00fan","Noticias"],"inLanguage":"es-CO"},{"@type":"WebPage","@id":"https:\/\/www.repam.net\/es\/yasuni-el-debate-sobre-los-pueblos-en-aislamiento-en-ecuador\/","url":"https:\/\/www.repam.net\/es\/yasuni-el-debate-sobre-los-pueblos-en-aislamiento-en-ecuador\/","name":"Yasun\u00ed: el debate sobre los pueblos en aislamiento en Ecuador - REPAM","isPartOf":{"@id":"https:\/\/www.repam.net\/es\/#website"},"primaryImageOfPage":{"@id":"https:\/\/www.repam.net\/es\/yasuni-el-debate-sobre-los-pueblos-en-aislamiento-en-ecuador\/#primaryimage"},"image":{"@id":"https:\/\/www.repam.net\/es\/yasuni-el-debate-sobre-los-pueblos-en-aislamiento-en-ecuador\/#primaryimage"},"thumbnailUrl":"https:\/\/www.repam.net\/es\/wp-content\/uploads\/2023\/08\/Pueblos-en-aislamiento-Ecuador.png","datePublished":"2023-08-15T22:54:30+00:00","dateModified":"2023-08-15T22:54:31+00:00","breadcrumb":{"@id":"https:\/\/www.repam.net\/es\/yasuni-el-debate-sobre-los-pueblos-en-aislamiento-en-ecuador\/#breadcrumb"},"inLanguage":"es-CO","potentialAction":[{"@type":"ReadAction","target":["https:\/\/www.repam.net\/es\/yasuni-el-debate-sobre-los-pueblos-en-aislamiento-en-ecuador\/"]}]},{"@type":"ImageObject","inLanguage":"es-CO","@id":"https:\/\/www.repam.net\/es\/yasuni-el-debate-sobre-los-pueblos-en-aislamiento-en-ecuador\/#primaryimage","url":"https:\/\/www.repam.net\/es\/wp-content\/uploads\/2023\/08\/Pueblos-en-aislamiento-Ecuador.png","contentUrl":"https:\/\/www.repam.net\/es\/wp-content\/uploads\/2023\/08\/Pueblos-en-aislamiento-Ecuador.png","width":501,"height":423},{"@type":"BreadcrumbList","@id":"https:\/\/www.repam.net\/es\/yasuni-el-debate-sobre-los-pueblos-en-aislamiento-en-ecuador\/#breadcrumb","itemListElement":[{"@type":"ListItem","position":1,"name":"Inicio","item":"https:\/\/www.repam.net\/es\/"},{"@type":"ListItem","position":2,"name":"Yasun\u00ed: el debate sobre los pueblos en aislamiento en Ecuador"}]},{"@type":"WebSite","@id":"https:\/\/www.repam.net\/es\/#website","url":"https:\/\/www.repam.net\/es\/","name":"REPAM","description":"Red Eclesial Panamaz\u00f3nica","publisher":{"@id":"https:\/\/www.repam.net\/es\/#organization"},"potentialAction":[{"@type":"SearchAction","target":{"@type":"EntryPoint","urlTemplate":"https:\/\/www.repam.net\/es\/?s={search_term_string}"},"query-input":{"@type":"PropertyValueSpecification","valueRequired":true,"valueName":"search_term_string"}}],"inLanguage":"es-CO"},{"@type":"Organization","@id":"https:\/\/www.repam.net\/es\/#organization","name":"REPAM","url":"https:\/\/www.repam.net\/es\/","logo":{"@type":"ImageObject","inLanguage":"es-CO","@id":"https:\/\/www.repam.net\/es\/#\/schema\/logo\/image\/","url":"https:\/\/www.repam.net\/es\/wp-content\/uploads\/2021\/11\/cropped-favicon.png","contentUrl":"https:\/\/www.repam.net\/es\/wp-content\/uploads\/2021\/11\/cropped-favicon.png","width":512,"height":512,"caption":"REPAM"},"image":{"@id":"https:\/\/www.repam.net\/es\/#\/schema\/logo\/image\/"}},{"@type":"Person","@id":"https:\/\/www.repam.net\/es\/#\/schema\/person\/0c828bf04cf1abe6016cbe752c76a033","name":"repam@adm","image":{"@type":"ImageObject","inLanguage":"es-CO","@id":"https:\/\/secure.gravatar.com\/avatar\/b18234ea6de5d74563e52ca7bfdad9d2b029b514c935b38a2790717abf8f2e5f?s=96&d=mm&r=g","url":"https:\/\/secure.gravatar.com\/avatar\/b18234ea6de5d74563e52ca7bfdad9d2b029b514c935b38a2790717abf8f2e5f?s=96&d=mm&r=g","contentUrl":"https:\/\/secure.gravatar.com\/avatar\/b18234ea6de5d74563e52ca7bfdad9d2b029b514c935b38a2790717abf8f2e5f?s=96&d=mm&r=g","caption":"repam@adm"},"sameAs":["http:\/\/repam.net"],"url":"https:\/\/www.repam.net\/es\/author\/repamadm\/"}]}},"_links":{"self":[{"href":"https:\/\/www.repam.net\/es\/wp-json\/wp\/v2\/posts\/10542","targetHints":{"allow":["GET"]}}],"collection":[{"href":"https:\/\/www.repam.net\/es\/wp-json\/wp\/v2\/posts"}],"about":[{"href":"https:\/\/www.repam.net\/es\/wp-json\/wp\/v2\/types\/post"}],"author":[{"embeddable":true,"href":"https:\/\/www.repam.net\/es\/wp-json\/wp\/v2\/users\/1"}],"replies":[{"embeddable":true,"href":"https:\/\/www.repam.net\/es\/wp-json\/wp\/v2\/comments?post=10542"}],"version-history":[{"count":1,"href":"https:\/\/www.repam.net\/es\/wp-json\/wp\/v2\/posts\/10542\/revisions"}],"predecessor-version":[{"id":10545,"href":"https:\/\/www.repam.net\/es\/wp-json\/wp\/v2\/posts\/10542\/revisions\/10545"}],"wp:featuredmedia":[{"embeddable":true,"href":"https:\/\/www.repam.net\/es\/wp-json\/wp\/v2\/media\/10544"}],"wp:attachment":[{"href":"https:\/\/www.repam.net\/es\/wp-json\/wp\/v2\/media?parent=10542"}],"wp:term":[{"taxonomy":"category","embeddable":true,"href":"https:\/\/www.repam.net\/es\/wp-json\/wp\/v2\/categories?post=10542"},{"taxonomy":"post_tag","embeddable":true,"href":"https:\/\/www.repam.net\/es\/wp-json\/wp\/v2\/tags?post=10542"}],"curies":[{"name":"wp","href":"https:\/\/api.w.org\/{rel}","templated":true}]}}