{"id":10577,"date":"2023-08-21T12:36:06","date_gmt":"2023-08-21T17:36:06","guid":{"rendered":"https:\/\/www.repam.net\/es\/?p=10577"},"modified":"2023-08-21T12:36:08","modified_gmt":"2023-08-21T17:36:08","slug":"el-papa-francisco-estoy-escribiendo-una-segunda-parte-de-laudato-si","status":"publish","type":"post","link":"https:\/\/www.repam.net\/es\/el-papa-francisco-estoy-escribiendo-una-segunda-parte-de-laudato-si\/","title":{"rendered":"El Papa Francisco: &#8220;Estoy escribiendo una segunda parte de Laudato si&#8217;"},"content":{"rendered":"<div class=\"wp-block-image\">\n<figure class=\"aligncenter size-full\"><img loading=\"lazy\" decoding=\"async\" width=\"1024\" height=\"555\" src=\"https:\/\/www.repam.net\/es\/wp-content\/uploads\/2023\/08\/amazonia-copia-1024x555-1.jpg\" alt=\"\" class=\"wp-image-10578\" srcset=\"https:\/\/www.repam.net\/es\/wp-content\/uploads\/2023\/08\/amazonia-copia-1024x555-1.jpg 1024w, https:\/\/www.repam.net\/es\/wp-content\/uploads\/2023\/08\/amazonia-copia-1024x555-1-300x163.jpg 300w, https:\/\/www.repam.net\/es\/wp-content\/uploads\/2023\/08\/amazonia-copia-1024x555-1-768x416.jpg 768w\" sizes=\"auto, (max-width: 1024px) 100vw, 1024px\" \/><figcaption class=\"wp-element-caption\">Amazon\u00eda peruana \u2013 Foto: Prensa Celam<\/figcaption><\/figure>\n<\/div>\n\n\n<blockquote class=\"wp-block-quote is-layout-flow wp-block-quote-is-layout-flow\">\n<p><em>Dirigi\u00e9ndose a una delegaci\u00f3n de juristas de los Estados miembros del Consejo de Europa, Francisco dijo que est\u00e1 trabajando en una actualizaci\u00f3n de la Enc\u00edclica publicada en 2015. El director de la Oficina de Prensa del Vaticano se\u00f1al\u00f3 que se trata de una Carta que aborda en particular las recientes crisis clim\u00e1ticas<\/em><\/p>\n<\/blockquote>\n\n\n\n<p><strong><em>Por Vatican News<\/em><\/strong><\/p>\n\n\n\n<p>&#8220;Estoy escribiendo una segunda parte de Laudato si&#8217; para actualizar los problemas actuales&#8221;.<\/p>\n\n\n\n<p><a href=\"https:\/\/www.vatican.va\/content\/francesco\/it\/speeches\/2023\/august\/documents\/20230821-avvocati.html\">As\u00ed se ha expresado el Papa esta ma\u00f1ana<\/a>&nbsp;al dirigirse a una delegaci\u00f3n de juristas de los Estados miembros del Consejo de Europa firmantes del Llamamiento de Viena, mientras los fen\u00f3menos extremos siguen afectando a las poblaciones de todos los continentes del mundo. El director de la Oficina de Prensa de la Santa Sede, Matteo Bruni, se\u00f1al\u00f3 que se trata de una carta que pretende hacer frente en particular a las recientes crisis clim\u00e1ticas.&nbsp;&nbsp;<\/p>\n\n\n\n<p>Francisco, durante la audiencia de hoy, expresaba su aprecio por el compromiso en el desarrollo de un marco normativo a favor de la protecci\u00f3n del medio ambiente:<\/p>\n\n\n\n<p>&#8220;No debemos olvidar nunca que las j\u00f3venes generaciones tienen derecho a recibir de nosotros un mundo bello y habitable, y que esto nos inviste de serios deberes hacia la creaci\u00f3n que hemos recibido de las manos generosas de Dios. Gracias por esta contribuci\u00f3n&#8221;.<\/p>\n\n\n\n<p><a href=\"https:\/\/www.vatican.va\/content\/francesco\/es\/encyclicals\/documents\/papa-francesco_20150524_enciclica-laudato-si.html\">Laudato si&#8217; es la segunda Enc\u00edclica de Francisco<\/a>: publicada el 18 de junio de 2015, lleva la fecha del 24 de mayo del mismo a\u00f1o, solemnidad de Pentecost\u00e9s. El documento, dedicado al &#8220;cuidado de la casa com\u00fan&#8221;, toma su t\u00edtulo del incipit del C\u00e1ntico de las Criaturas de San Francisco y se abre de la siguiente manera:<\/p>\n\n\n\n<p>&#8220;Laudato si&#8217;, mi&#8217; Signore&#8221;, cantaba San Francisco de As\u00eds. En este hermoso c\u00e1ntico, nos recordaba que nuestra casa com\u00fan es tambi\u00e9n como una hermana, con la que compartimos la existencia, y como una hermosa madre que nos acoge en sus brazos: &#8220;Alabado seas, Se\u00f1or m\u00edo, por nuestra querida madre Tierra, que nos sustenta y gobierna, y produce frutos diversos con flores y hierba de colores&#8221;.<\/p>\n\n\n\n<p>El propio Papa quiso aclarar el sentido de esta Enc\u00edclica, poco despu\u00e9s de su publicaci\u00f3n, en la audiencia del 21 de julio de 2015 a los participantes en el Taller titulado &#8220;Esclavitud moderna y cambio clim\u00e1tico: el compromiso de las ciudades&#8221;:&nbsp;<\/p>\n\n\n\n<p>Esta cultura del cuidado del medio ambiente no es solo -lo digo en el verdadero sentido de la palabra- una actitud &#8220;verde&#8221;, es mucho m\u00e1s. Cuidar el medio ambiente significa tener una actitud de ecolog\u00eda humana. Es decir, no podemos decir que la persona est\u00e1 aqu\u00ed y la creaci\u00f3n, el medio ambiente est\u00e1n all\u00ed. La ecolog\u00eda es total, es humana. Y esto es lo que he querido expresar en la enc\u00edclica Laudato si&#8217;: que no se puede separar al hombre del resto; hay una relaci\u00f3n rec\u00edproca, tanto del medio ambiente sobre la persona, como de la persona en el modo en que trata al medio ambiente; y tambi\u00e9n el efecto rebote contra el hombre cuando se maltrata el medio ambiente. Por eso, cuando me hicieron una pregunta, respond\u00ed: &#8220;No, no es una enc\u00edclica &#8216;verde&#8217;, es una enc\u00edclica social&#8221;. Porque en la sociedad, en la vida social de la humanidad, no podemos prescindir del cuidado del medio ambiente. Adem\u00e1s, el cuidado del medio ambiente es una actitud social, que nos socializa, en un sentido o en otro -cada uno puede darle el valor que quiera-, por otro lado, nos hace recibir -me gusta la expresi\u00f3n italiana, cuando hablan del medio ambiente-, de la Creaci\u00f3n, de lo que se nos ha dado como don, que es el medio ambiente.<\/p>\n\n\n\n<p>En la Enc\u00edclica menciona que eligi\u00f3 el nombre de Francisco como gu\u00eda e inspiraci\u00f3n para su pontificado:<\/p>\n\n\n\n<p>Creo que Francisco es el ejemplo por excelencia del cuidado de lo d\u00e9bil y de una ecolog\u00eda integral, vivida con alegr\u00eda y autenticidad. Es el patr\u00f3n de todos los que estudian y trabajan en el campo de la ecolog\u00eda, amado tambi\u00e9n por muchos que no son cristianos. Mostr\u00f3 una especial preocupaci\u00f3n por la creaci\u00f3n de Dios y por los m\u00e1s pobres y abandonados. Am\u00f3 y fue amado por su alegr\u00eda, su entrega generosa, su coraz\u00f3n universal. Fue un m\u00edstico y un peregrino que vivi\u00f3 con sencillez y en maravillosa armon\u00eda con Dios, con los dem\u00e1s, con la naturaleza y consigo mismo. En \u00e9l vemos hasta qu\u00e9 punto son inseparables la preocupaci\u00f3n por la naturaleza, la justicia con los pobres, el compromiso con la sociedad y la paz interior.<\/p>\n\n\n\n<p>Y apela al desaf\u00edo urgente de proteger nuestra casa com\u00fan para construir un futuro mejor para toda la humanidad, sin excluir a nadie:<\/p>\n\n\n\n<p>Hago un llamamiento urgente a un di\u00e1logo renovado sobre c\u00f3mo estamos construyendo el futuro del planeta. Necesitamos una confrontaci\u00f3n que nos una a todos, porque el desaf\u00edo medioambiental que estamos viviendo, y sus ra\u00edces humanas, nos afectan y nos tocan a todos. El movimiento ecologista mundial ya ha recorrido un largo y rico camino, y ha dado lugar a numerosas agregaciones ciudadanas que han fomentado una toma de conciencia.Por desgracia, muchos esfuerzos por buscar soluciones concretas a la crisis medioambiental se ven a menudo frustrados no s\u00f3lo por el rechazo de los poderosos, sino tambi\u00e9n por el desinter\u00e9s de los dem\u00e1s. Las actitudes que obstruyen los caminos hacia las soluciones, incluso entre los creyentes, van desde la negaci\u00f3n del problema hasta la indiferencia, la resignaci\u00f3n c\u00f3moda o la confianza ciega en las soluciones t\u00e9cnicas. Necesitamos una nueva solidaridad universal.Como dijeron los obispos de Sud\u00e1frica, &#8220;se necesitan los talentos y la implicaci\u00f3n de todos para reparar el da\u00f1o causado por los seres humanos a la creaci\u00f3n de Dios. Todos podemos trabajar juntos como instrumentos de Dios para el cuidado de la creaci\u00f3n, cada uno con nuestra propia cultura y experiencia, nuestras propias iniciativas y capacidades.<\/p>\n\n\n\n<p><strong><em>Fuente: Vatican News<\/em><\/strong><\/p>\n","protected":false},"excerpt":{"rendered":"<p>Dirigi\u00e9ndose a una delegaci\u00f3n de juristas de los Estados miembros del Consejo de Europa, Francisco dijo que est\u00e1 trabajando en una actualizaci\u00f3n de la Enc\u00edclica publicada en 2015. El director de la Oficina de Prensa del Vaticano se\u00f1al\u00f3 que se trata de una Carta que aborda en particular las recientes crisis clim\u00e1ticas Por Vatican News [&hellip;]<\/p>\n","protected":false},"author":1,"featured_media":10578,"comment_status":"closed","ping_status":"closed","sticky":false,"template":"","format":"standard","meta":{"_acf_changed":false,"_uf_show_specific_survey":0,"_uf_disable_surveys":false,"footnotes":""},"categories":[4],"tags":[33,52,43,16,8,28],"class_list":["post-10577","post","type-post","status-publish","format-standard","has-post-thumbnail","hentry","category-noticias","tag-amazonia","tag-derechos-humanos","tag-papa-francisco","tag-pueblos-indigenas","tag-querida-amazonia","tag-sinodo-amazonico"],"acf":[],"aioseo_notices":[],"yoast_head":"<!-- This site is optimized with the Yoast SEO plugin v27.4 - https:\/\/yoast.com\/product\/yoast-seo-wordpress\/ -->\n<title>El Papa Francisco: &quot;Estoy escribiendo una segunda parte de Laudato si&#039; - REPAM<\/title>\n<meta name=\"robots\" content=\"index, follow, max-snippet:-1, max-image-preview:large, max-video-preview:-1\" \/>\n<link rel=\"canonical\" href=\"https:\/\/www.repam.net\/es\/el-papa-francisco-estoy-escribiendo-una-segunda-parte-de-laudato-si\/\" \/>\n<meta property=\"og:locale\" content=\"es_ES\" \/>\n<meta property=\"og:type\" content=\"article\" \/>\n<meta property=\"og:title\" content=\"El Papa Francisco: &quot;Estoy escribiendo una segunda parte de Laudato si&#039; - REPAM\" \/>\n<meta property=\"og:description\" content=\"Dirigi\u00e9ndose a una delegaci\u00f3n de juristas de los Estados miembros del Consejo de Europa, Francisco dijo que est\u00e1 trabajando en una actualizaci\u00f3n de la Enc\u00edclica publicada en 2015. El director de la Oficina de Prensa del Vaticano se\u00f1al\u00f3 que se trata de una Carta que aborda en particular las recientes crisis clim\u00e1ticas Por Vatican News [&hellip;]\" \/>\n<meta property=\"og:url\" content=\"https:\/\/www.repam.net\/es\/el-papa-francisco-estoy-escribiendo-una-segunda-parte-de-laudato-si\/\" \/>\n<meta property=\"og:site_name\" content=\"REPAM\" \/>\n<meta property=\"article:published_time\" content=\"2023-08-21T17:36:06+00:00\" \/>\n<meta property=\"article:modified_time\" content=\"2023-08-21T17:36:08+00:00\" \/>\n<meta property=\"og:image\" content=\"https:\/\/www.repam.net\/es\/wp-content\/uploads\/2023\/08\/amazonia-copia-1024x555-1.jpg\" \/>\n\t<meta property=\"og:image:width\" content=\"1024\" \/>\n\t<meta property=\"og:image:height\" content=\"555\" \/>\n\t<meta property=\"og:image:type\" content=\"image\/jpeg\" \/>\n<meta name=\"author\" content=\"repam@adm\" \/>\n<meta name=\"twitter:card\" content=\"summary_large_image\" \/>\n<meta name=\"twitter:label1\" content=\"Escrito por\" \/>\n\t<meta name=\"twitter:data1\" content=\"repam@adm\" \/>\n\t<meta name=\"twitter:label2\" content=\"Tiempo de lectura\" \/>\n\t<meta name=\"twitter:data2\" content=\"5 minutos\" \/>\n<script type=\"application\/ld+json\" class=\"yoast-schema-graph\">{\"@context\":\"https:\\\/\\\/schema.org\",\"@graph\":[{\"@type\":\"Article\",\"@id\":\"https:\\\/\\\/www.repam.net\\\/es\\\/el-papa-francisco-estoy-escribiendo-una-segunda-parte-de-laudato-si\\\/#article\",\"isPartOf\":{\"@id\":\"https:\\\/\\\/www.repam.net\\\/es\\\/el-papa-francisco-estoy-escribiendo-una-segunda-parte-de-laudato-si\\\/\"},\"author\":{\"name\":\"repam@adm\",\"@id\":\"https:\\\/\\\/www.repam.net\\\/es\\\/#\\\/schema\\\/person\\\/0c828bf04cf1abe6016cbe752c76a033\"},\"headline\":\"El Papa Francisco: &#8220;Estoy escribiendo una segunda parte de Laudato si&#8217;\",\"datePublished\":\"2023-08-21T17:36:06+00:00\",\"dateModified\":\"2023-08-21T17:36:08+00:00\",\"mainEntityOfPage\":{\"@id\":\"https:\\\/\\\/www.repam.net\\\/es\\\/el-papa-francisco-estoy-escribiendo-una-segunda-parte-de-laudato-si\\\/\"},\"wordCount\":1057,\"publisher\":{\"@id\":\"https:\\\/\\\/www.repam.net\\\/es\\\/#organization\"},\"image\":{\"@id\":\"https:\\\/\\\/www.repam.net\\\/es\\\/el-papa-francisco-estoy-escribiendo-una-segunda-parte-de-laudato-si\\\/#primaryimage\"},\"thumbnailUrl\":\"https:\\\/\\\/www.repam.net\\\/es\\\/wp-content\\\/uploads\\\/2023\\\/08\\\/amazonia-copia-1024x555-1.jpg\",\"keywords\":[\"Amazon\u00eda\",\"Derechos Humanos\",\"Papa Francisco\",\"pueblos ind\u00edgenas\",\"Querida Amazon\u00eda\",\"S\u00ednodo Amaz\u00f3nico\"],\"articleSection\":[\"Noticias\"],\"inLanguage\":\"es-CO\"},{\"@type\":\"WebPage\",\"@id\":\"https:\\\/\\\/www.repam.net\\\/es\\\/el-papa-francisco-estoy-escribiendo-una-segunda-parte-de-laudato-si\\\/\",\"url\":\"https:\\\/\\\/www.repam.net\\\/es\\\/el-papa-francisco-estoy-escribiendo-una-segunda-parte-de-laudato-si\\\/\",\"name\":\"El Papa Francisco: \\\"Estoy escribiendo una segunda parte de Laudato si' - REPAM\",\"isPartOf\":{\"@id\":\"https:\\\/\\\/www.repam.net\\\/es\\\/#website\"},\"primaryImageOfPage\":{\"@id\":\"https:\\\/\\\/www.repam.net\\\/es\\\/el-papa-francisco-estoy-escribiendo-una-segunda-parte-de-laudato-si\\\/#primaryimage\"},\"image\":{\"@id\":\"https:\\\/\\\/www.repam.net\\\/es\\\/el-papa-francisco-estoy-escribiendo-una-segunda-parte-de-laudato-si\\\/#primaryimage\"},\"thumbnailUrl\":\"https:\\\/\\\/www.repam.net\\\/es\\\/wp-content\\\/uploads\\\/2023\\\/08\\\/amazonia-copia-1024x555-1.jpg\",\"datePublished\":\"2023-08-21T17:36:06+00:00\",\"dateModified\":\"2023-08-21T17:36:08+00:00\",\"breadcrumb\":{\"@id\":\"https:\\\/\\\/www.repam.net\\\/es\\\/el-papa-francisco-estoy-escribiendo-una-segunda-parte-de-laudato-si\\\/#breadcrumb\"},\"inLanguage\":\"es-CO\",\"potentialAction\":[{\"@type\":\"ReadAction\",\"target\":[\"https:\\\/\\\/www.repam.net\\\/es\\\/el-papa-francisco-estoy-escribiendo-una-segunda-parte-de-laudato-si\\\/\"]}]},{\"@type\":\"ImageObject\",\"inLanguage\":\"es-CO\",\"@id\":\"https:\\\/\\\/www.repam.net\\\/es\\\/el-papa-francisco-estoy-escribiendo-una-segunda-parte-de-laudato-si\\\/#primaryimage\",\"url\":\"https:\\\/\\\/www.repam.net\\\/es\\\/wp-content\\\/uploads\\\/2023\\\/08\\\/amazonia-copia-1024x555-1.jpg\",\"contentUrl\":\"https:\\\/\\\/www.repam.net\\\/es\\\/wp-content\\\/uploads\\\/2023\\\/08\\\/amazonia-copia-1024x555-1.jpg\",\"width\":1024,\"height\":555},{\"@type\":\"BreadcrumbList\",\"@id\":\"https:\\\/\\\/www.repam.net\\\/es\\\/el-papa-francisco-estoy-escribiendo-una-segunda-parte-de-laudato-si\\\/#breadcrumb\",\"itemListElement\":[{\"@type\":\"ListItem\",\"position\":1,\"name\":\"Inicio\",\"item\":\"https:\\\/\\\/www.repam.net\\\/es\\\/\"},{\"@type\":\"ListItem\",\"position\":2,\"name\":\"El Papa Francisco: &#8220;Estoy escribiendo una segunda parte de Laudato si&#8217;\"}]},{\"@type\":\"WebSite\",\"@id\":\"https:\\\/\\\/www.repam.net\\\/es\\\/#website\",\"url\":\"https:\\\/\\\/www.repam.net\\\/es\\\/\",\"name\":\"REPAM\",\"description\":\"Red Eclesial Panamaz\u00f3nica\",\"publisher\":{\"@id\":\"https:\\\/\\\/www.repam.net\\\/es\\\/#organization\"},\"potentialAction\":[{\"@type\":\"SearchAction\",\"target\":{\"@type\":\"EntryPoint\",\"urlTemplate\":\"https:\\\/\\\/www.repam.net\\\/es\\\/?s={search_term_string}\"},\"query-input\":{\"@type\":\"PropertyValueSpecification\",\"valueRequired\":true,\"valueName\":\"search_term_string\"}}],\"inLanguage\":\"es-CO\"},{\"@type\":\"Organization\",\"@id\":\"https:\\\/\\\/www.repam.net\\\/es\\\/#organization\",\"name\":\"REPAM\",\"url\":\"https:\\\/\\\/www.repam.net\\\/es\\\/\",\"logo\":{\"@type\":\"ImageObject\",\"inLanguage\":\"es-CO\",\"@id\":\"https:\\\/\\\/www.repam.net\\\/es\\\/#\\\/schema\\\/logo\\\/image\\\/\",\"url\":\"https:\\\/\\\/www.repam.net\\\/es\\\/wp-content\\\/uploads\\\/2021\\\/11\\\/cropped-favicon.png\",\"contentUrl\":\"https:\\\/\\\/www.repam.net\\\/es\\\/wp-content\\\/uploads\\\/2021\\\/11\\\/cropped-favicon.png\",\"width\":512,\"height\":512,\"caption\":\"REPAM\"},\"image\":{\"@id\":\"https:\\\/\\\/www.repam.net\\\/es\\\/#\\\/schema\\\/logo\\\/image\\\/\"}},{\"@type\":\"Person\",\"@id\":\"https:\\\/\\\/www.repam.net\\\/es\\\/#\\\/schema\\\/person\\\/0c828bf04cf1abe6016cbe752c76a033\",\"name\":\"repam@adm\",\"image\":{\"@type\":\"ImageObject\",\"inLanguage\":\"es-CO\",\"@id\":\"https:\\\/\\\/secure.gravatar.com\\\/avatar\\\/b18234ea6de5d74563e52ca7bfdad9d2b029b514c935b38a2790717abf8f2e5f?s=96&d=mm&r=g\",\"url\":\"https:\\\/\\\/secure.gravatar.com\\\/avatar\\\/b18234ea6de5d74563e52ca7bfdad9d2b029b514c935b38a2790717abf8f2e5f?s=96&d=mm&r=g\",\"contentUrl\":\"https:\\\/\\\/secure.gravatar.com\\\/avatar\\\/b18234ea6de5d74563e52ca7bfdad9d2b029b514c935b38a2790717abf8f2e5f?s=96&d=mm&r=g\",\"caption\":\"repam@adm\"},\"sameAs\":[\"http:\\\/\\\/repam.net\"],\"url\":\"https:\\\/\\\/www.repam.net\\\/es\\\/author\\\/repamadm\\\/\"}]}<\/script>\n<!-- \/ Yoast SEO plugin. -->","yoast_head_json":{"title":"El Papa Francisco: \"Estoy escribiendo una segunda parte de Laudato si' - REPAM","robots":{"index":"index","follow":"follow","max-snippet":"max-snippet:-1","max-image-preview":"max-image-preview:large","max-video-preview":"max-video-preview:-1"},"canonical":"https:\/\/www.repam.net\/es\/el-papa-francisco-estoy-escribiendo-una-segunda-parte-de-laudato-si\/","og_locale":"es_ES","og_type":"article","og_title":"El Papa Francisco: \"Estoy escribiendo una segunda parte de Laudato si' - REPAM","og_description":"Dirigi\u00e9ndose a una delegaci\u00f3n de juristas de los Estados miembros del Consejo de Europa, Francisco dijo que est\u00e1 trabajando en una actualizaci\u00f3n de la Enc\u00edclica publicada en 2015. El director de la Oficina de Prensa del Vaticano se\u00f1al\u00f3 que se trata de una Carta que aborda en particular las recientes crisis clim\u00e1ticas Por Vatican News [&hellip;]","og_url":"https:\/\/www.repam.net\/es\/el-papa-francisco-estoy-escribiendo-una-segunda-parte-de-laudato-si\/","og_site_name":"REPAM","article_published_time":"2023-08-21T17:36:06+00:00","article_modified_time":"2023-08-21T17:36:08+00:00","og_image":[{"width":1024,"height":555,"url":"https:\/\/www.repam.net\/es\/wp-content\/uploads\/2023\/08\/amazonia-copia-1024x555-1.jpg","type":"image\/jpeg"}],"author":"repam@adm","twitter_card":"summary_large_image","twitter_misc":{"Escrito por":"repam@adm","Tiempo de lectura":"5 minutos"},"schema":{"@context":"https:\/\/schema.org","@graph":[{"@type":"Article","@id":"https:\/\/www.repam.net\/es\/el-papa-francisco-estoy-escribiendo-una-segunda-parte-de-laudato-si\/#article","isPartOf":{"@id":"https:\/\/www.repam.net\/es\/el-papa-francisco-estoy-escribiendo-una-segunda-parte-de-laudato-si\/"},"author":{"name":"repam@adm","@id":"https:\/\/www.repam.net\/es\/#\/schema\/person\/0c828bf04cf1abe6016cbe752c76a033"},"headline":"El Papa Francisco: &#8220;Estoy escribiendo una segunda parte de Laudato si&#8217;","datePublished":"2023-08-21T17:36:06+00:00","dateModified":"2023-08-21T17:36:08+00:00","mainEntityOfPage":{"@id":"https:\/\/www.repam.net\/es\/el-papa-francisco-estoy-escribiendo-una-segunda-parte-de-laudato-si\/"},"wordCount":1057,"publisher":{"@id":"https:\/\/www.repam.net\/es\/#organization"},"image":{"@id":"https:\/\/www.repam.net\/es\/el-papa-francisco-estoy-escribiendo-una-segunda-parte-de-laudato-si\/#primaryimage"},"thumbnailUrl":"https:\/\/www.repam.net\/es\/wp-content\/uploads\/2023\/08\/amazonia-copia-1024x555-1.jpg","keywords":["Amazon\u00eda","Derechos Humanos","Papa Francisco","pueblos ind\u00edgenas","Querida Amazon\u00eda","S\u00ednodo Amaz\u00f3nico"],"articleSection":["Noticias"],"inLanguage":"es-CO"},{"@type":"WebPage","@id":"https:\/\/www.repam.net\/es\/el-papa-francisco-estoy-escribiendo-una-segunda-parte-de-laudato-si\/","url":"https:\/\/www.repam.net\/es\/el-papa-francisco-estoy-escribiendo-una-segunda-parte-de-laudato-si\/","name":"El Papa Francisco: \"Estoy escribiendo una segunda parte de Laudato si' - REPAM","isPartOf":{"@id":"https:\/\/www.repam.net\/es\/#website"},"primaryImageOfPage":{"@id":"https:\/\/www.repam.net\/es\/el-papa-francisco-estoy-escribiendo-una-segunda-parte-de-laudato-si\/#primaryimage"},"image":{"@id":"https:\/\/www.repam.net\/es\/el-papa-francisco-estoy-escribiendo-una-segunda-parte-de-laudato-si\/#primaryimage"},"thumbnailUrl":"https:\/\/www.repam.net\/es\/wp-content\/uploads\/2023\/08\/amazonia-copia-1024x555-1.jpg","datePublished":"2023-08-21T17:36:06+00:00","dateModified":"2023-08-21T17:36:08+00:00","breadcrumb":{"@id":"https:\/\/www.repam.net\/es\/el-papa-francisco-estoy-escribiendo-una-segunda-parte-de-laudato-si\/#breadcrumb"},"inLanguage":"es-CO","potentialAction":[{"@type":"ReadAction","target":["https:\/\/www.repam.net\/es\/el-papa-francisco-estoy-escribiendo-una-segunda-parte-de-laudato-si\/"]}]},{"@type":"ImageObject","inLanguage":"es-CO","@id":"https:\/\/www.repam.net\/es\/el-papa-francisco-estoy-escribiendo-una-segunda-parte-de-laudato-si\/#primaryimage","url":"https:\/\/www.repam.net\/es\/wp-content\/uploads\/2023\/08\/amazonia-copia-1024x555-1.jpg","contentUrl":"https:\/\/www.repam.net\/es\/wp-content\/uploads\/2023\/08\/amazonia-copia-1024x555-1.jpg","width":1024,"height":555},{"@type":"BreadcrumbList","@id":"https:\/\/www.repam.net\/es\/el-papa-francisco-estoy-escribiendo-una-segunda-parte-de-laudato-si\/#breadcrumb","itemListElement":[{"@type":"ListItem","position":1,"name":"Inicio","item":"https:\/\/www.repam.net\/es\/"},{"@type":"ListItem","position":2,"name":"El Papa Francisco: &#8220;Estoy escribiendo una segunda parte de Laudato si&#8217;"}]},{"@type":"WebSite","@id":"https:\/\/www.repam.net\/es\/#website","url":"https:\/\/www.repam.net\/es\/","name":"REPAM","description":"Red Eclesial Panamaz\u00f3nica","publisher":{"@id":"https:\/\/www.repam.net\/es\/#organization"},"potentialAction":[{"@type":"SearchAction","target":{"@type":"EntryPoint","urlTemplate":"https:\/\/www.repam.net\/es\/?s={search_term_string}"},"query-input":{"@type":"PropertyValueSpecification","valueRequired":true,"valueName":"search_term_string"}}],"inLanguage":"es-CO"},{"@type":"Organization","@id":"https:\/\/www.repam.net\/es\/#organization","name":"REPAM","url":"https:\/\/www.repam.net\/es\/","logo":{"@type":"ImageObject","inLanguage":"es-CO","@id":"https:\/\/www.repam.net\/es\/#\/schema\/logo\/image\/","url":"https:\/\/www.repam.net\/es\/wp-content\/uploads\/2021\/11\/cropped-favicon.png","contentUrl":"https:\/\/www.repam.net\/es\/wp-content\/uploads\/2021\/11\/cropped-favicon.png","width":512,"height":512,"caption":"REPAM"},"image":{"@id":"https:\/\/www.repam.net\/es\/#\/schema\/logo\/image\/"}},{"@type":"Person","@id":"https:\/\/www.repam.net\/es\/#\/schema\/person\/0c828bf04cf1abe6016cbe752c76a033","name":"repam@adm","image":{"@type":"ImageObject","inLanguage":"es-CO","@id":"https:\/\/secure.gravatar.com\/avatar\/b18234ea6de5d74563e52ca7bfdad9d2b029b514c935b38a2790717abf8f2e5f?s=96&d=mm&r=g","url":"https:\/\/secure.gravatar.com\/avatar\/b18234ea6de5d74563e52ca7bfdad9d2b029b514c935b38a2790717abf8f2e5f?s=96&d=mm&r=g","contentUrl":"https:\/\/secure.gravatar.com\/avatar\/b18234ea6de5d74563e52ca7bfdad9d2b029b514c935b38a2790717abf8f2e5f?s=96&d=mm&r=g","caption":"repam@adm"},"sameAs":["http:\/\/repam.net"],"url":"https:\/\/www.repam.net\/es\/author\/repamadm\/"}]}},"_links":{"self":[{"href":"https:\/\/www.repam.net\/es\/wp-json\/wp\/v2\/posts\/10577","targetHints":{"allow":["GET"]}}],"collection":[{"href":"https:\/\/www.repam.net\/es\/wp-json\/wp\/v2\/posts"}],"about":[{"href":"https:\/\/www.repam.net\/es\/wp-json\/wp\/v2\/types\/post"}],"author":[{"embeddable":true,"href":"https:\/\/www.repam.net\/es\/wp-json\/wp\/v2\/users\/1"}],"replies":[{"embeddable":true,"href":"https:\/\/www.repam.net\/es\/wp-json\/wp\/v2\/comments?post=10577"}],"version-history":[{"count":1,"href":"https:\/\/www.repam.net\/es\/wp-json\/wp\/v2\/posts\/10577\/revisions"}],"predecessor-version":[{"id":10579,"href":"https:\/\/www.repam.net\/es\/wp-json\/wp\/v2\/posts\/10577\/revisions\/10579"}],"wp:featuredmedia":[{"embeddable":true,"href":"https:\/\/www.repam.net\/es\/wp-json\/wp\/v2\/media\/10578"}],"wp:attachment":[{"href":"https:\/\/www.repam.net\/es\/wp-json\/wp\/v2\/media?parent=10577"}],"wp:term":[{"taxonomy":"category","embeddable":true,"href":"https:\/\/www.repam.net\/es\/wp-json\/wp\/v2\/categories?post=10577"},{"taxonomy":"post_tag","embeddable":true,"href":"https:\/\/www.repam.net\/es\/wp-json\/wp\/v2\/tags?post=10577"}],"curies":[{"name":"wp","href":"https:\/\/api.w.org\/{rel}","templated":true}]}}