{"id":10702,"date":"2023-09-18T07:40:22","date_gmt":"2023-09-18T12:40:22","guid":{"rendered":"https:\/\/www.repam.net\/es\/?p=10702"},"modified":"2023-09-18T07:40:24","modified_gmt":"2023-09-18T12:40:24","slug":"peru-semillas-de-anamei-muestra-que-resalta-la-defensa-del-territorio-indigena-abrira-sus-puertas-en-lima","status":"publish","type":"post","link":"https:\/\/www.repam.net\/es\/peru-semillas-de-anamei-muestra-que-resalta-la-defensa-del-territorio-indigena-abrira-sus-puertas-en-lima\/","title":{"rendered":"Per\u00fa: semillas de An\u00e4mei\u2019, muestra que resalta la defensa del territorio ind\u00edgena abrir\u00e1 sus puertas en Lima"},"content":{"rendered":"<div class=\"wp-block-image\">\n<figure class=\"aligncenter size-full\"><img loading=\"lazy\" decoding=\"async\" width=\"1024\" height=\"682\" src=\"https:\/\/www.repam.net\/es\/wp-content\/uploads\/2023\/09\/arakbut.jpg\" alt=\"\" class=\"wp-image-10703\" srcset=\"https:\/\/www.repam.net\/es\/wp-content\/uploads\/2023\/09\/arakbut.jpg 1024w, https:\/\/www.repam.net\/es\/wp-content\/uploads\/2023\/09\/arakbut-300x200.jpg 300w, https:\/\/www.repam.net\/es\/wp-content\/uploads\/2023\/09\/arakbut-768x512.jpg 768w\" sizes=\"auto, (max-width: 1024px) 100vw, 1024px\" \/><figcaption class=\"wp-element-caption\">Algunos miembros del colectivo Etochime Arakbut. Foto: Robertho Paredes Coral.<\/figcaption><\/figure>\n<\/div>\n\n\n<blockquote class=\"wp-block-quote is-layout-flow wp-block-quote-is-layout-flow\">\n<p><em>La muestra estar\u00e1 abierta al p\u00fablico desde el pr\u00f3ximo martes 19 de septiembre en la capital del Per\u00fa. El colectivo de artistas amaz\u00f3nicos, \u2018Etochime Arakbut\u2019, a trav\u00e9s de sus obras, alza la voz en nombre de los bosques, los r\u00edos y la biodiversidad de su entorno que, al igual que su lengua y sus saberes, se encuentran en riesgo.\u00a0<\/em><\/p>\n<\/blockquote>\n\n\n\n<p><strong><em>Por CAAAP<\/em><\/strong><\/p>\n\n\n\n<p>\u2018Los arakbut: semillas de An\u00e4mei\u2019<em>&nbsp;(Arakbut an\u00e4mei\u2019ya echime)<\/em>&nbsp;se inaugurar\u00e1 en el Centro Cultural Inca Garcilaso de Lima del Ministerio de Relaciones Exteriores, en la ciudad de Lima, este martes 19 de septiembre al medio d\u00eda. La muestra ofrece una mirada profunda a la lucha por la preservaci\u00f3n del territorio y conocimientos de los arakbut, un pueblo ind\u00edgena que se resisti\u00f3 a desaparecer tras su contacto inicial a mediados de 1940 en la Amazon\u00eda peruana. El colectivo de artistas Etochime Arakbut es el encargado de protagonizar y dar vida a esta muestra.<\/p>\n\n\n\n<p>An\u00e4mei es, seg\u00fan la mitolog\u00eda local, el gran \u00e1rbol que salv\u00f3 al pueblo arakbut de un incendio que arras\u00f3 al mundo, acogi\u00e9ndolo en sus frondosas ramas. La leyenda est\u00e1 presente no solo en su tradici\u00f3n oral sino tambi\u00e9n en los dise\u00f1os presentes en pintura corporal; mientras m\u00e1s sabio es un hombre, ostentar\u00e1 mayor n\u00famero de dise\u00f1os corporales. De este concepto parte la idea de los curadores, Mar\u00eda Eugenia Yllia y Manuel Cornejo, que es compartir la diversidad de sus expresiones tradicionales y contempor\u00e1neas.<\/p>\n\n\n\n<p>El pueblo arakbut, que habita la regi\u00f3n Madre de Dios, es una de las \u00faltimas poblaciones ind\u00edgenas contactadas en la d\u00e9cada de 1940. Pese a las adversidades, no solo se resiste a sucumbir, sino que celebra su vigor a trav\u00e9s de est\u00e9ticas diversas que indagan en el pasado y a la vez renuevan su tradici\u00f3n en un \u00e1mbito nacional y global. Por medio del arte y el rescate de la memoria m\u00edtica de sus ancestros, hoy el Colectivo Etochime ha logrado alzar la voz en nombre de los bosques, los r\u00edos y la biodiversidad de su entorno que, al igual que su lengua y sus saberes, se encuentran en riesgo.<\/p>\n\n\n\n<p class=\"has-text-align-center\"><img loading=\"lazy\" decoding=\"async\" src=\"https:\/\/caaap.org.pe\/wp-content\/uploads\/2023\/09\/CUADRO-10-1024x803.png\" alt=\"\" width=\"586\" height=\"459\"><\/p>\n\n\n\n<p id=\"caption-attachment-25979\">Una de las pinturas presentes en la exposici\u00f3n que se presentar\u00e1 en el Centro Cultural Inca Garcilaso del Ministerio de Relaciones Exteriores, en Lima.<\/p>\n\n\n\n<p>Los artistas que participan en esta exhibici\u00f3n son&nbsp;Yesica Patiachi Tayori, Luis Tayori Kendero, Percy Tayori Kendero, Anelice C\u00e1ceres Patiachi, Hubert Tayori Takori, Paul Sonque Mikiri, Nakeyo Chimatani Lobon, Joao Mikiri Sihui, Ferm\u00edn Chimatani Tayori, Francis Quique \u00c1lvarez y Guadalupe Patiachi Tayori. Adem\u00e1s de las pinturas, se encontrar\u00e1 ornamentos plumarios, testimonios, fotograf\u00edas y otras expresiones de la cultura material e inmaterial de las comunidades nativas del pueblo arakbut de Puerto Luz y Shintuya de Madre de Dios.<\/p>\n\n\n\n<p>La muestra es co-organizada con el Centro Amaz\u00f3nico de Antropolog\u00eda y Aplicaci\u00f3n Pr\u00e1ctica (CAAAP) y el Vicariato de Puerto Maldonado. La inauguraci\u00f3n contar\u00e1 con la participaci\u00f3n de varios de los artistas del Colectivo, quienes viajar\u00e1n especialmente desde Madre de Dios para participar en el conversatorio que se realizar\u00e1 luego de la apertura oficial. La exposici\u00f3n, ubicada en el jir\u00f3n Ucayali 391, estar\u00e1 abierta al p\u00fablico hasta al 24 de noviembre, de martes a viernes, de 10 a. m. a 8 p. m.; s\u00e1bados, domingos y feriados, de 10 a. m. a 6 p. m.\u00a0 El ingreso es libre.<\/p>\n\n\n\n<p><strong><em>Fuente: CAAAP<\/em><\/strong><\/p>\n","protected":false},"excerpt":{"rendered":"<p>La muestra estar\u00e1 abierta al p\u00fablico desde el pr\u00f3ximo martes 19 de septiembre en la capital del Per\u00fa. El colectivo de artistas amaz\u00f3nicos, \u2018Etochime Arakbut\u2019, a trav\u00e9s de sus obras, alza la voz en nombre de los bosques, los r\u00edos y la biodiversidad de su entorno que, al igual que su lengua y sus saberes, [&hellip;]<\/p>\n","protected":false},"author":1,"featured_media":10703,"comment_status":"closed","ping_status":"closed","sticky":false,"template":"","format":"standard","meta":{"_acf_changed":false,"_uf_show_specific_survey":0,"_uf_disable_surveys":false,"footnotes":""},"categories":[4,32],"tags":[33,52,43,81,16,8,9,28],"class_list":["post-10702","post","type-post","status-publish","format-standard","has-post-thumbnail","hentry","category-noticias","category-pueblos-indigenas","tag-amazonia","tag-derechos-humanos","tag-papa-francisco","tag-peru","tag-pueblos-indigenas","tag-querida-amazonia","tag-repam","tag-sinodo-amazonico"],"acf":[],"aioseo_notices":[],"yoast_head":"<!-- This site is optimized with the Yoast SEO plugin v27.5 - https:\/\/yoast.com\/product\/yoast-seo-wordpress\/ -->\n<title>Per\u00fa: semillas de An\u00e4mei\u2019, muestra que resalta la defensa del territorio ind\u00edgena abrir\u00e1 sus puertas en Lima - REPAM<\/title>\n<meta name=\"robots\" content=\"index, follow, max-snippet:-1, max-image-preview:large, max-video-preview:-1\" \/>\n<link rel=\"canonical\" href=\"https:\/\/www.repam.net\/es\/peru-semillas-de-anamei-muestra-que-resalta-la-defensa-del-territorio-indigena-abrira-sus-puertas-en-lima\/\" \/>\n<meta property=\"og:locale\" content=\"es_ES\" \/>\n<meta property=\"og:type\" content=\"article\" \/>\n<meta property=\"og:title\" content=\"Per\u00fa: semillas de An\u00e4mei\u2019, muestra que resalta la defensa del territorio ind\u00edgena abrir\u00e1 sus puertas en Lima - REPAM\" \/>\n<meta property=\"og:description\" content=\"La muestra estar\u00e1 abierta al p\u00fablico desde el pr\u00f3ximo martes 19 de septiembre en la capital del Per\u00fa. El colectivo de artistas amaz\u00f3nicos, \u2018Etochime Arakbut\u2019, a trav\u00e9s de sus obras, alza la voz en nombre de los bosques, los r\u00edos y la biodiversidad de su entorno que, al igual que su lengua y sus saberes, [&hellip;]\" \/>\n<meta property=\"og:url\" content=\"https:\/\/www.repam.net\/es\/peru-semillas-de-anamei-muestra-que-resalta-la-defensa-del-territorio-indigena-abrira-sus-puertas-en-lima\/\" \/>\n<meta property=\"og:site_name\" content=\"REPAM\" \/>\n<meta property=\"article:published_time\" content=\"2023-09-18T12:40:22+00:00\" \/>\n<meta property=\"article:modified_time\" content=\"2023-09-18T12:40:24+00:00\" \/>\n<meta property=\"og:image\" content=\"https:\/\/www.repam.net\/es\/wp-content\/uploads\/2023\/09\/arakbut.jpg\" \/>\n\t<meta property=\"og:image:width\" content=\"1024\" \/>\n\t<meta property=\"og:image:height\" content=\"682\" \/>\n\t<meta property=\"og:image:type\" content=\"image\/jpeg\" \/>\n<meta name=\"author\" content=\"repam@adm\" \/>\n<meta name=\"twitter:card\" content=\"summary_large_image\" \/>\n<meta name=\"twitter:label1\" content=\"Escrito por\" \/>\n\t<meta name=\"twitter:data1\" content=\"repam@adm\" \/>\n\t<meta name=\"twitter:label2\" content=\"Tiempo de lectura\" \/>\n\t<meta name=\"twitter:data2\" content=\"3 minutos\" \/>\n<script type=\"application\/ld+json\" class=\"yoast-schema-graph\">{\"@context\":\"https:\\\/\\\/schema.org\",\"@graph\":[{\"@type\":\"Article\",\"@id\":\"https:\\\/\\\/www.repam.net\\\/es\\\/peru-semillas-de-anamei-muestra-que-resalta-la-defensa-del-territorio-indigena-abrira-sus-puertas-en-lima\\\/#article\",\"isPartOf\":{\"@id\":\"https:\\\/\\\/www.repam.net\\\/es\\\/peru-semillas-de-anamei-muestra-que-resalta-la-defensa-del-territorio-indigena-abrira-sus-puertas-en-lima\\\/\"},\"author\":{\"name\":\"repam@adm\",\"@id\":\"https:\\\/\\\/www.repam.net\\\/es\\\/#\\\/schema\\\/person\\\/0c828bf04cf1abe6016cbe752c76a033\"},\"headline\":\"Per\u00fa: semillas de An\u00e4mei\u2019, muestra que resalta la defensa del territorio ind\u00edgena abrir\u00e1 sus puertas en Lima\",\"datePublished\":\"2023-09-18T12:40:22+00:00\",\"dateModified\":\"2023-09-18T12:40:24+00:00\",\"mainEntityOfPage\":{\"@id\":\"https:\\\/\\\/www.repam.net\\\/es\\\/peru-semillas-de-anamei-muestra-que-resalta-la-defensa-del-territorio-indigena-abrira-sus-puertas-en-lima\\\/\"},\"wordCount\":618,\"publisher\":{\"@id\":\"https:\\\/\\\/www.repam.net\\\/es\\\/#organization\"},\"image\":{\"@id\":\"https:\\\/\\\/www.repam.net\\\/es\\\/peru-semillas-de-anamei-muestra-que-resalta-la-defensa-del-territorio-indigena-abrira-sus-puertas-en-lima\\\/#primaryimage\"},\"thumbnailUrl\":\"https:\\\/\\\/www.repam.net\\\/es\\\/wp-content\\\/uploads\\\/2023\\\/09\\\/arakbut.jpg\",\"keywords\":[\"Amazon\u00eda\",\"Derechos Humanos\",\"Papa Francisco\",\"Per\u00fa\",\"pueblos ind\u00edgenas\",\"Querida Amazon\u00eda\",\"REPAM\",\"S\u00ednodo Amaz\u00f3nico\"],\"articleSection\":[\"Noticias\",\"Pueblos Ind\u00edgenas\"],\"inLanguage\":\"es-CO\"},{\"@type\":\"WebPage\",\"@id\":\"https:\\\/\\\/www.repam.net\\\/es\\\/peru-semillas-de-anamei-muestra-que-resalta-la-defensa-del-territorio-indigena-abrira-sus-puertas-en-lima\\\/\",\"url\":\"https:\\\/\\\/www.repam.net\\\/es\\\/peru-semillas-de-anamei-muestra-que-resalta-la-defensa-del-territorio-indigena-abrira-sus-puertas-en-lima\\\/\",\"name\":\"Per\u00fa: semillas de An\u00e4mei\u2019, muestra que resalta la defensa del territorio ind\u00edgena abrir\u00e1 sus puertas en Lima - REPAM\",\"isPartOf\":{\"@id\":\"https:\\\/\\\/www.repam.net\\\/es\\\/#website\"},\"primaryImageOfPage\":{\"@id\":\"https:\\\/\\\/www.repam.net\\\/es\\\/peru-semillas-de-anamei-muestra-que-resalta-la-defensa-del-territorio-indigena-abrira-sus-puertas-en-lima\\\/#primaryimage\"},\"image\":{\"@id\":\"https:\\\/\\\/www.repam.net\\\/es\\\/peru-semillas-de-anamei-muestra-que-resalta-la-defensa-del-territorio-indigena-abrira-sus-puertas-en-lima\\\/#primaryimage\"},\"thumbnailUrl\":\"https:\\\/\\\/www.repam.net\\\/es\\\/wp-content\\\/uploads\\\/2023\\\/09\\\/arakbut.jpg\",\"datePublished\":\"2023-09-18T12:40:22+00:00\",\"dateModified\":\"2023-09-18T12:40:24+00:00\",\"breadcrumb\":{\"@id\":\"https:\\\/\\\/www.repam.net\\\/es\\\/peru-semillas-de-anamei-muestra-que-resalta-la-defensa-del-territorio-indigena-abrira-sus-puertas-en-lima\\\/#breadcrumb\"},\"inLanguage\":\"es-CO\",\"potentialAction\":[{\"@type\":\"ReadAction\",\"target\":[\"https:\\\/\\\/www.repam.net\\\/es\\\/peru-semillas-de-anamei-muestra-que-resalta-la-defensa-del-territorio-indigena-abrira-sus-puertas-en-lima\\\/\"]}]},{\"@type\":\"ImageObject\",\"inLanguage\":\"es-CO\",\"@id\":\"https:\\\/\\\/www.repam.net\\\/es\\\/peru-semillas-de-anamei-muestra-que-resalta-la-defensa-del-territorio-indigena-abrira-sus-puertas-en-lima\\\/#primaryimage\",\"url\":\"https:\\\/\\\/www.repam.net\\\/es\\\/wp-content\\\/uploads\\\/2023\\\/09\\\/arakbut.jpg\",\"contentUrl\":\"https:\\\/\\\/www.repam.net\\\/es\\\/wp-content\\\/uploads\\\/2023\\\/09\\\/arakbut.jpg\",\"width\":1024,\"height\":682},{\"@type\":\"BreadcrumbList\",\"@id\":\"https:\\\/\\\/www.repam.net\\\/es\\\/peru-semillas-de-anamei-muestra-que-resalta-la-defensa-del-territorio-indigena-abrira-sus-puertas-en-lima\\\/#breadcrumb\",\"itemListElement\":[{\"@type\":\"ListItem\",\"position\":1,\"name\":\"Inicio\",\"item\":\"https:\\\/\\\/www.repam.net\\\/es\\\/\"},{\"@type\":\"ListItem\",\"position\":2,\"name\":\"Per\u00fa: semillas de An\u00e4mei\u2019, muestra que resalta la defensa del territorio ind\u00edgena abrir\u00e1 sus puertas en Lima\"}]},{\"@type\":\"WebSite\",\"@id\":\"https:\\\/\\\/www.repam.net\\\/es\\\/#website\",\"url\":\"https:\\\/\\\/www.repam.net\\\/es\\\/\",\"name\":\"REPAM\",\"description\":\"Red Eclesial Panamaz\u00f3nica\",\"publisher\":{\"@id\":\"https:\\\/\\\/www.repam.net\\\/es\\\/#organization\"},\"potentialAction\":[{\"@type\":\"SearchAction\",\"target\":{\"@type\":\"EntryPoint\",\"urlTemplate\":\"https:\\\/\\\/www.repam.net\\\/es\\\/?s={search_term_string}\"},\"query-input\":{\"@type\":\"PropertyValueSpecification\",\"valueRequired\":true,\"valueName\":\"search_term_string\"}}],\"inLanguage\":\"es-CO\"},{\"@type\":\"Organization\",\"@id\":\"https:\\\/\\\/www.repam.net\\\/es\\\/#organization\",\"name\":\"REPAM\",\"url\":\"https:\\\/\\\/www.repam.net\\\/es\\\/\",\"logo\":{\"@type\":\"ImageObject\",\"inLanguage\":\"es-CO\",\"@id\":\"https:\\\/\\\/www.repam.net\\\/es\\\/#\\\/schema\\\/logo\\\/image\\\/\",\"url\":\"https:\\\/\\\/www.repam.net\\\/es\\\/wp-content\\\/uploads\\\/2021\\\/11\\\/cropped-favicon.png\",\"contentUrl\":\"https:\\\/\\\/www.repam.net\\\/es\\\/wp-content\\\/uploads\\\/2021\\\/11\\\/cropped-favicon.png\",\"width\":512,\"height\":512,\"caption\":\"REPAM\"},\"image\":{\"@id\":\"https:\\\/\\\/www.repam.net\\\/es\\\/#\\\/schema\\\/logo\\\/image\\\/\"}},{\"@type\":\"Person\",\"@id\":\"https:\\\/\\\/www.repam.net\\\/es\\\/#\\\/schema\\\/person\\\/0c828bf04cf1abe6016cbe752c76a033\",\"name\":\"repam@adm\",\"image\":{\"@type\":\"ImageObject\",\"inLanguage\":\"es-CO\",\"@id\":\"https:\\\/\\\/secure.gravatar.com\\\/avatar\\\/b18234ea6de5d74563e52ca7bfdad9d2b029b514c935b38a2790717abf8f2e5f?s=96&d=mm&r=g\",\"url\":\"https:\\\/\\\/secure.gravatar.com\\\/avatar\\\/b18234ea6de5d74563e52ca7bfdad9d2b029b514c935b38a2790717abf8f2e5f?s=96&d=mm&r=g\",\"contentUrl\":\"https:\\\/\\\/secure.gravatar.com\\\/avatar\\\/b18234ea6de5d74563e52ca7bfdad9d2b029b514c935b38a2790717abf8f2e5f?s=96&d=mm&r=g\",\"caption\":\"repam@adm\"},\"sameAs\":[\"http:\\\/\\\/repam.net\"],\"url\":\"https:\\\/\\\/www.repam.net\\\/es\\\/author\\\/repamadm\\\/\"}]}<\/script>\n<!-- \/ Yoast SEO plugin. -->","yoast_head_json":{"title":"Per\u00fa: semillas de An\u00e4mei\u2019, muestra que resalta la defensa del territorio ind\u00edgena abrir\u00e1 sus puertas en Lima - REPAM","robots":{"index":"index","follow":"follow","max-snippet":"max-snippet:-1","max-image-preview":"max-image-preview:large","max-video-preview":"max-video-preview:-1"},"canonical":"https:\/\/www.repam.net\/es\/peru-semillas-de-anamei-muestra-que-resalta-la-defensa-del-territorio-indigena-abrira-sus-puertas-en-lima\/","og_locale":"es_ES","og_type":"article","og_title":"Per\u00fa: semillas de An\u00e4mei\u2019, muestra que resalta la defensa del territorio ind\u00edgena abrir\u00e1 sus puertas en Lima - REPAM","og_description":"La muestra estar\u00e1 abierta al p\u00fablico desde el pr\u00f3ximo martes 19 de septiembre en la capital del Per\u00fa. El colectivo de artistas amaz\u00f3nicos, \u2018Etochime Arakbut\u2019, a trav\u00e9s de sus obras, alza la voz en nombre de los bosques, los r\u00edos y la biodiversidad de su entorno que, al igual que su lengua y sus saberes, [&hellip;]","og_url":"https:\/\/www.repam.net\/es\/peru-semillas-de-anamei-muestra-que-resalta-la-defensa-del-territorio-indigena-abrira-sus-puertas-en-lima\/","og_site_name":"REPAM","article_published_time":"2023-09-18T12:40:22+00:00","article_modified_time":"2023-09-18T12:40:24+00:00","og_image":[{"width":1024,"height":682,"url":"https:\/\/www.repam.net\/es\/wp-content\/uploads\/2023\/09\/arakbut.jpg","type":"image\/jpeg"}],"author":"repam@adm","twitter_card":"summary_large_image","twitter_misc":{"Escrito por":"repam@adm","Tiempo de lectura":"3 minutos"},"schema":{"@context":"https:\/\/schema.org","@graph":[{"@type":"Article","@id":"https:\/\/www.repam.net\/es\/peru-semillas-de-anamei-muestra-que-resalta-la-defensa-del-territorio-indigena-abrira-sus-puertas-en-lima\/#article","isPartOf":{"@id":"https:\/\/www.repam.net\/es\/peru-semillas-de-anamei-muestra-que-resalta-la-defensa-del-territorio-indigena-abrira-sus-puertas-en-lima\/"},"author":{"name":"repam@adm","@id":"https:\/\/www.repam.net\/es\/#\/schema\/person\/0c828bf04cf1abe6016cbe752c76a033"},"headline":"Per\u00fa: semillas de An\u00e4mei\u2019, muestra que resalta la defensa del territorio ind\u00edgena abrir\u00e1 sus puertas en Lima","datePublished":"2023-09-18T12:40:22+00:00","dateModified":"2023-09-18T12:40:24+00:00","mainEntityOfPage":{"@id":"https:\/\/www.repam.net\/es\/peru-semillas-de-anamei-muestra-que-resalta-la-defensa-del-territorio-indigena-abrira-sus-puertas-en-lima\/"},"wordCount":618,"publisher":{"@id":"https:\/\/www.repam.net\/es\/#organization"},"image":{"@id":"https:\/\/www.repam.net\/es\/peru-semillas-de-anamei-muestra-que-resalta-la-defensa-del-territorio-indigena-abrira-sus-puertas-en-lima\/#primaryimage"},"thumbnailUrl":"https:\/\/www.repam.net\/es\/wp-content\/uploads\/2023\/09\/arakbut.jpg","keywords":["Amazon\u00eda","Derechos Humanos","Papa Francisco","Per\u00fa","pueblos ind\u00edgenas","Querida Amazon\u00eda","REPAM","S\u00ednodo Amaz\u00f3nico"],"articleSection":["Noticias","Pueblos Ind\u00edgenas"],"inLanguage":"es-CO"},{"@type":"WebPage","@id":"https:\/\/www.repam.net\/es\/peru-semillas-de-anamei-muestra-que-resalta-la-defensa-del-territorio-indigena-abrira-sus-puertas-en-lima\/","url":"https:\/\/www.repam.net\/es\/peru-semillas-de-anamei-muestra-que-resalta-la-defensa-del-territorio-indigena-abrira-sus-puertas-en-lima\/","name":"Per\u00fa: semillas de An\u00e4mei\u2019, muestra que resalta la defensa del territorio ind\u00edgena abrir\u00e1 sus puertas en Lima - REPAM","isPartOf":{"@id":"https:\/\/www.repam.net\/es\/#website"},"primaryImageOfPage":{"@id":"https:\/\/www.repam.net\/es\/peru-semillas-de-anamei-muestra-que-resalta-la-defensa-del-territorio-indigena-abrira-sus-puertas-en-lima\/#primaryimage"},"image":{"@id":"https:\/\/www.repam.net\/es\/peru-semillas-de-anamei-muestra-que-resalta-la-defensa-del-territorio-indigena-abrira-sus-puertas-en-lima\/#primaryimage"},"thumbnailUrl":"https:\/\/www.repam.net\/es\/wp-content\/uploads\/2023\/09\/arakbut.jpg","datePublished":"2023-09-18T12:40:22+00:00","dateModified":"2023-09-18T12:40:24+00:00","breadcrumb":{"@id":"https:\/\/www.repam.net\/es\/peru-semillas-de-anamei-muestra-que-resalta-la-defensa-del-territorio-indigena-abrira-sus-puertas-en-lima\/#breadcrumb"},"inLanguage":"es-CO","potentialAction":[{"@type":"ReadAction","target":["https:\/\/www.repam.net\/es\/peru-semillas-de-anamei-muestra-que-resalta-la-defensa-del-territorio-indigena-abrira-sus-puertas-en-lima\/"]}]},{"@type":"ImageObject","inLanguage":"es-CO","@id":"https:\/\/www.repam.net\/es\/peru-semillas-de-anamei-muestra-que-resalta-la-defensa-del-territorio-indigena-abrira-sus-puertas-en-lima\/#primaryimage","url":"https:\/\/www.repam.net\/es\/wp-content\/uploads\/2023\/09\/arakbut.jpg","contentUrl":"https:\/\/www.repam.net\/es\/wp-content\/uploads\/2023\/09\/arakbut.jpg","width":1024,"height":682},{"@type":"BreadcrumbList","@id":"https:\/\/www.repam.net\/es\/peru-semillas-de-anamei-muestra-que-resalta-la-defensa-del-territorio-indigena-abrira-sus-puertas-en-lima\/#breadcrumb","itemListElement":[{"@type":"ListItem","position":1,"name":"Inicio","item":"https:\/\/www.repam.net\/es\/"},{"@type":"ListItem","position":2,"name":"Per\u00fa: semillas de An\u00e4mei\u2019, muestra que resalta la defensa del territorio ind\u00edgena abrir\u00e1 sus puertas en Lima"}]},{"@type":"WebSite","@id":"https:\/\/www.repam.net\/es\/#website","url":"https:\/\/www.repam.net\/es\/","name":"REPAM","description":"Red Eclesial Panamaz\u00f3nica","publisher":{"@id":"https:\/\/www.repam.net\/es\/#organization"},"potentialAction":[{"@type":"SearchAction","target":{"@type":"EntryPoint","urlTemplate":"https:\/\/www.repam.net\/es\/?s={search_term_string}"},"query-input":{"@type":"PropertyValueSpecification","valueRequired":true,"valueName":"search_term_string"}}],"inLanguage":"es-CO"},{"@type":"Organization","@id":"https:\/\/www.repam.net\/es\/#organization","name":"REPAM","url":"https:\/\/www.repam.net\/es\/","logo":{"@type":"ImageObject","inLanguage":"es-CO","@id":"https:\/\/www.repam.net\/es\/#\/schema\/logo\/image\/","url":"https:\/\/www.repam.net\/es\/wp-content\/uploads\/2021\/11\/cropped-favicon.png","contentUrl":"https:\/\/www.repam.net\/es\/wp-content\/uploads\/2021\/11\/cropped-favicon.png","width":512,"height":512,"caption":"REPAM"},"image":{"@id":"https:\/\/www.repam.net\/es\/#\/schema\/logo\/image\/"}},{"@type":"Person","@id":"https:\/\/www.repam.net\/es\/#\/schema\/person\/0c828bf04cf1abe6016cbe752c76a033","name":"repam@adm","image":{"@type":"ImageObject","inLanguage":"es-CO","@id":"https:\/\/secure.gravatar.com\/avatar\/b18234ea6de5d74563e52ca7bfdad9d2b029b514c935b38a2790717abf8f2e5f?s=96&d=mm&r=g","url":"https:\/\/secure.gravatar.com\/avatar\/b18234ea6de5d74563e52ca7bfdad9d2b029b514c935b38a2790717abf8f2e5f?s=96&d=mm&r=g","contentUrl":"https:\/\/secure.gravatar.com\/avatar\/b18234ea6de5d74563e52ca7bfdad9d2b029b514c935b38a2790717abf8f2e5f?s=96&d=mm&r=g","caption":"repam@adm"},"sameAs":["http:\/\/repam.net"],"url":"https:\/\/www.repam.net\/es\/author\/repamadm\/"}]}},"_links":{"self":[{"href":"https:\/\/www.repam.net\/es\/wp-json\/wp\/v2\/posts\/10702","targetHints":{"allow":["GET"]}}],"collection":[{"href":"https:\/\/www.repam.net\/es\/wp-json\/wp\/v2\/posts"}],"about":[{"href":"https:\/\/www.repam.net\/es\/wp-json\/wp\/v2\/types\/post"}],"author":[{"embeddable":true,"href":"https:\/\/www.repam.net\/es\/wp-json\/wp\/v2\/users\/1"}],"replies":[{"embeddable":true,"href":"https:\/\/www.repam.net\/es\/wp-json\/wp\/v2\/comments?post=10702"}],"version-history":[{"count":1,"href":"https:\/\/www.repam.net\/es\/wp-json\/wp\/v2\/posts\/10702\/revisions"}],"predecessor-version":[{"id":10704,"href":"https:\/\/www.repam.net\/es\/wp-json\/wp\/v2\/posts\/10702\/revisions\/10704"}],"wp:featuredmedia":[{"embeddable":true,"href":"https:\/\/www.repam.net\/es\/wp-json\/wp\/v2\/media\/10703"}],"wp:attachment":[{"href":"https:\/\/www.repam.net\/es\/wp-json\/wp\/v2\/media?parent=10702"}],"wp:term":[{"taxonomy":"category","embeddable":true,"href":"https:\/\/www.repam.net\/es\/wp-json\/wp\/v2\/categories?post=10702"},{"taxonomy":"post_tag","embeddable":true,"href":"https:\/\/www.repam.net\/es\/wp-json\/wp\/v2\/tags?post=10702"}],"curies":[{"name":"wp","href":"https:\/\/api.w.org\/{rel}","templated":true}]}}