{"id":10873,"date":"2023-11-08T20:03:13","date_gmt":"2023-11-09T01:03:13","guid":{"rendered":"https:\/\/www.repam.net\/es\/?p=10873"},"modified":"2023-11-09T10:41:22","modified_gmt":"2023-11-09T15:41:22","slug":"defensa-de-la-vida-el-agua-y-el-territorio-consigna-de-apertura-del-comite-ampliado-de-la-repam","status":"publish","type":"post","link":"https:\/\/www.repam.net\/es\/defensa-de-la-vida-el-agua-y-el-territorio-consigna-de-apertura-del-comite-ampliado-de-la-repam\/","title":{"rendered":"Defensa de la vida, el agua y el territorio: consigna de apertura del Comit\u00e9 Ampliado de la REPAM"},"content":{"rendered":"<div class=\"wp-block-image\">\n<figure class=\"aligncenter size-large\"><img loading=\"lazy\" decoding=\"async\" width=\"1024\" height=\"768\" src=\"https:\/\/www.repam.net\/es\/wp-content\/uploads\/2023\/11\/comitr-co-1024x768.jpeg\" alt=\"\" class=\"wp-image-10874\" srcset=\"https:\/\/www.repam.net\/es\/wp-content\/uploads\/2023\/11\/comitr-co-1024x768.jpeg 1024w, https:\/\/www.repam.net\/es\/wp-content\/uploads\/2023\/11\/comitr-co-300x225.jpeg 300w, https:\/\/www.repam.net\/es\/wp-content\/uploads\/2023\/11\/comitr-co-768x576.jpeg 768w, https:\/\/www.repam.net\/es\/wp-content\/uploads\/2023\/11\/comitr-co-1536x1152.jpeg 1536w, https:\/\/www.repam.net\/es\/wp-content\/uploads\/2023\/11\/comitr-co.jpeg 1600w\" sizes=\"auto, (max-width: 1024px) 100vw, 1024px\" \/><\/figure>\n<\/div>\n\n\n<blockquote class=\"wp-block-quote is-layout-flow wp-block-quote-is-layout-flow\">\n<p><em>Florencia, capital del departamento del Caquet\u00e1 en la Amazon\u00eda colombiana, recibe del 8 al 10 de noviembre a los representantes de los comit\u00e9s nacionales y de los n\u00facleos tem\u00e1ticos que conforman la Red Eclesial Panamaz\u00f3nica (REPAM).<\/em><\/p>\n<\/blockquote>\n\n\n\n<p><strong><em>Por Oscar Tellez \u2013 Grupo Comunicarte<\/em><\/strong><\/p>\n\n\n\n<p>La misi\u00f3n de tres d\u00edas de trabajo es revisar el camino realizado y priorizar las necesidades y urgencias que ser\u00e1n asumidas para a\u00f1o 2024. El camino para determinar las acciones a tomar estar\u00e1 mediado por la reflexi\u00f3n sobre la misi\u00f3n de la propia REPAM y de caminar en <em>sinodalidad <\/em>y la coyuntura (sociopol\u00edtica, eclesial y territorial) de la regi\u00f3n Panamaz\u00f3nica.<\/p>\n\n\n\n<h5 class=\"wp-block-heading\"><strong>Caminando en sinodalidad<\/strong><\/h5>\n\n\n\n<p>Fue Mons. Rafael Cob, obispo del Vicariato Apost\u00f3lico de Puyo \u2013 Ecuador y presidente de la REPAM, quien dio la apertura a los trabajos, con una intervenci\u00f3n que anim\u00f3 a los asistentes a seguir viviendo la <em>sinodalidad<\/em> planteada en el a\u00f1o 2019 y que responde a una posici\u00f3n de la Iglesia cat\u00f3lica para la defensa de la Amazon\u00eda y los pueblos que la habitan.<\/p>\n\n\n\n<p><em>\u2018\u2019Hoy tambi\u00e9n queremos recordar nuestro s\u00ednodo del 2019, donde ya experimentamos, justamente, esa realidad de la sinodalidad. Hoy queremos tambi\u00e9n, seguir pidiendo al Se\u00f1or para vivirla\u2019\u2019,<\/em> expres\u00f3 Mons. Cob a los m\u00e1s de 70 participantes presentes en el Comit\u00e9.<\/p>\n\n\n\n<p>En otro momento, representantes de los comit\u00e9s nacionales de la REPAM, dieron un alcance significativo de la coyuntura sociopol\u00edtica, eclesial y territorial de la Panamazon\u00eda. Por un lado, Ismael Ar\u00e9valo, secretario adjunto del Consejo Latinoamericano de Religiosos (CLAR) manifest\u00f3 la necesidad, que a\u00fan persiste, de comprender m\u00e1s a fondo los contextos de las comunidades de la Panamazon\u00eda, con el objetivo de crear una \u2018\u2019iglesia al estilo de la comunidad\u2019\u2019. En palabras del propio Ismael Ar\u00e9valo, se debe \u201cseguir <em>desaprendiendo <\/em>las pr\u00e1cticas eclesiales que tienden a alejarse de <em>lo que Dios quiere\u201d.<\/em><\/p>\n\n\n\n<p>Se entiende que, la l\u00ednea de trabajo que ha guiado a la REPAM en sus casi 10 a\u00f1os de existencia, establece una <em>Casa Com\u00fan <\/em>conectada y con una necesidad grande de mantener el equilibrio. Adem\u00e1s, la reflexi\u00f3n dada por el secretario adjunto de la CLAR reafirma que el abuso de poder, existente a\u00fan en los territorios de pueblos ind\u00edgenas y comunidades tradicionales asentados en la Panamazon\u00eda, es una condici\u00f3n que se debe erradicar para alcanzar los objetivos planteados en la fundaci\u00f3n de la REPAM y reafirmados durante el S\u00ednodo Amaz\u00f3nico.<\/p>\n\n\n\n<h5 class=\"wp-block-heading\"><strong>Defensa y cuidado de la vida<\/strong><\/h5>\n\n\n\n<p>Por otro lado, Ver\u00f3nica Shibuya, representante de REPAM-Per\u00fa y miembro del N\u00facleo de Derechos Humanos, ha brindado un completo informe sobre la situaci\u00f3n que viven las comunidades amaz\u00f3nicas del Per\u00fa (realidades que tambi\u00e9n sufren pueblos amaz\u00f3nicos de los dem\u00e1s pa\u00edses panamaz\u00f3nicos). En su intervenci\u00f3n, Ver\u00f3nica Shibuya expuso la necesidad de defender cada una de las fuentes h\u00eddricas, como un medio para garantizar el acceso a agua de calidad por quienes habitan la Panamazon\u00eda.<\/p>\n\n\n<div class=\"wp-block-image\">\n<figure class=\"aligncenter size-large\"><img loading=\"lazy\" decoding=\"async\" width=\"1024\" height=\"683\" src=\"https:\/\/www.repam.net\/es\/wp-content\/uploads\/2023\/11\/Comite-REPAM-2023-1024x683.jpg\" alt=\"\" class=\"wp-image-10882\" srcset=\"https:\/\/www.repam.net\/es\/wp-content\/uploads\/2023\/11\/Comite-REPAM-2023-1024x683.jpg 1024w, https:\/\/www.repam.net\/es\/wp-content\/uploads\/2023\/11\/Comite-REPAM-2023-300x200.jpg 300w, https:\/\/www.repam.net\/es\/wp-content\/uploads\/2023\/11\/Comite-REPAM-2023-768x512.jpg 768w, https:\/\/www.repam.net\/es\/wp-content\/uploads\/2023\/11\/Comite-REPAM-2023-1536x1025.jpg 1536w, https:\/\/www.repam.net\/es\/wp-content\/uploads\/2023\/11\/Comite-REPAM-2023.jpg 2048w\" sizes=\"auto, (max-width: 1024px) 100vw, 1024px\" \/><\/figure>\n<\/div>\n\n\n<p>Los da\u00f1os a las fuentes de agua y en general al territorio amaz\u00f3nico, afectan a pueblos y grupos poblacionales en regiones como Loreto, Madre de Dios, San Mart\u00edn, Ucayali y dem\u00e1s zonas de la Amazon\u00eda peruana. La explotaci\u00f3n de hidrocarburos, el tr\u00e1fico de terrenos y el cambio del uso de la tierra por actividades agropecuarias, que no armonizan con el territorio amaz\u00f3nico, han generado una realidad social preocupante para la selva peruana. Los reportes de persecuci\u00f3n a l\u00edderes defensores de la tierra y los derechos humanos persisten en el Per\u00fa y la necesidad de acompa\u00f1ar los procesos que aboguen por frenar dicha realidad a\u00fan son necesarios.<\/p>\n\n\n\n<p>En ese orden de ideas, se exalt\u00f3 la experiencia que se ha tenido con el desarrollo de la Escuela de promoci\u00f3n, defensa y exigibilidad de los Derechos Humanos, la cual tiene el objetivo de proporcionar las herramientas educativas para formalizar las denuncias sobre violaciones de derechos humanos que ocurran en el territorio amaz\u00f3nico. Ver\u00f3nica Shibuya se\u00f1al\u00f3 que la filosof\u00eda de esta experiencia tiene en cuenta la espiritualidad ind\u00edgena, la cosmovisi\u00f3n de los pueblos, la defensa del territorio y la conciencia que se debe tener en favor de la Amazon\u00eda. Vale resaltar que esta escuela se ha ejecutado en los a\u00f1os 2016, 2018 y 2022.<\/p>\n\n\n\n<p>Del mismo modo, Alex Limoco, ind\u00edgena Uchupiomona de la Amazon\u00eda boliviana y parte de la escuela de derechos humanos, se\u00f1al\u00f3 que Bolivia cuenta con un total de 20 \u00e1reas protegidas que representan el 15% del territorio nacional de Bolivia. Dichas zonas se ven afectadas por proyectos de impacto que no solo generan un da\u00f1o considerable, sino que generan persecuci\u00f3n y amenazas de miembros de los pueblos ind\u00edgenas que luchan por la preservaci\u00f3n de la Amazon\u00eda. El l\u00edder ind\u00edgena se\u00f1al\u00f3 que en Bolivia permanecen activos m\u00e1s de 100 pozos petroleros que generan un impacto negativo en el territorio, esto se suma a los 6 millones de hect\u00e1reas afectadas por los incendios, el crecimiento de la actividad minera (promovida por empresas extranjeras) y las disputas territoriales que genera la instalaci\u00f3n de represas. Un escenario en el que se vulneran varios de los derechos fundamentales.<\/p>\n\n\n\n<h5 class=\"wp-block-heading\"><strong>Reforzando lazos en sinodalidad<\/strong><\/h5>\n\n\n\n<p>La posici\u00f3n de mantener la unidad y fortalecer los procesos que tienen REPAM y sus aliados en el territorio amaz\u00f3nico, fue reafirmada por Keila Maraes desde C\u00e1ritas Latinoam\u00e9rica al establecer que \u2018\u2019REPAM y C\u00e1ritas hacen parte del gran esfuerzo de la iglesia en Am\u00e9rica Latina y el Caribe\u2019\u2019. <\/p>\n\n\n\n<p>Y es que, este trabajo conjunto a permitido mantener una presencia viva en comunidades y territorios. La representante de C\u00e1ritas Latinoam\u00e9rica finaliz\u00f3 haciendo \u00e9nfasis en que \u2018\u2019todo est\u00e1 interconectado y que de forma conjunta se necesita fortalecer y avanzar en acciones para cuidar la naturaleza, la sociedad y\u00a0las\u00a0personas\u2019\u2019.<\/p>\n\n\n\n<p>Durante la ma\u00f1ana, el P. Adelson Dos Santos, miembro de la Red Itinerante Amaz\u00f3nica, reforz\u00f3 la consigna de seguir construyendo las acciones a desarrollar en la Amazon\u00eda con una mirada sinodal, teniendo en cuenta que es un camino que se debe fortalecer cada vez m\u00e1s. El P. Adelson Dos Santos mencion\u00f3 que persisten una serie de obst\u00e1culos y desaf\u00edos a superar en el trabajo realizado por los n\u00facleos de REPAM. Y es que, la posici\u00f3n del papa Francisco de pasar de una iglesia clerical a una que camine en sinodalidad es el principio fundamental para afrontar las adversidades que puedan presentarse.<\/p>\n\n\n<div class=\"wp-block-image\">\n<figure class=\"aligncenter size-large\"><img loading=\"lazy\" decoding=\"async\" width=\"1024\" height=\"683\" src=\"https:\/\/www.repam.net\/es\/wp-content\/uploads\/2023\/11\/Comite-Ampliado-REPAM-1024x683.jpg\" alt=\"\" class=\"wp-image-10881\" srcset=\"https:\/\/www.repam.net\/es\/wp-content\/uploads\/2023\/11\/Comite-Ampliado-REPAM-1024x683.jpg 1024w, https:\/\/www.repam.net\/es\/wp-content\/uploads\/2023\/11\/Comite-Ampliado-REPAM-300x200.jpg 300w, https:\/\/www.repam.net\/es\/wp-content\/uploads\/2023\/11\/Comite-Ampliado-REPAM-768x512.jpg 768w, https:\/\/www.repam.net\/es\/wp-content\/uploads\/2023\/11\/Comite-Ampliado-REPAM-1536x1025.jpg 1536w, https:\/\/www.repam.net\/es\/wp-content\/uploads\/2023\/11\/Comite-Ampliado-REPAM.jpg 2048w\" sizes=\"auto, (max-width: 1024px) 100vw, 1024px\" \/><\/figure>\n<\/div>\n\n\n<p>En la iglesia amaz\u00f3nica se entiende que, dirigir todo el manejo de las labores sociales a los centros de poder tradicionales, es una acci\u00f3n que no contribuye a la construcci\u00f3n de ese <em>rostro amaz\u00f3nico <\/em>que se reafirm\u00f3 con <em>Laudato Si<\/em> y que se ha construido desde el nacimiento de la REPAM en el a\u00f1o 2014.<\/p>\n\n\n\n<p><strong>Afianzando la misi\u00f3n de la Iglesia<\/strong><\/p>\n\n\n\n<p>Por su parte, Mons. Lizardo Estrada, secretario General del Consejo Episcopal Latinoamericano y Caribe\u00f1o (CELAM), record\u00f3 esa realidad que el papa Francisco I ha manifestado en la enc\u00edclica <em>Laudate Deum \u2018\u2019<\/em>estamos ante un planeta sufrido que genera serias preocupaciones sobre la <em>Casa Com\u00fan\u2019\u2019. <\/em>Y es que en palabras de Mons. Estrada, el mayor impacto que genera ese sufrimiento del planeta se ve reflejado en los sectores m\u00e1s vulnerables de la Amazon\u00eda. En ese orden de ideas, se reafirm\u00f3 que el CELAM sigue caminando de la mano con la REPAM, a trav\u00e9s de las distintas instancias y grupos.<\/p>\n\n\n\n<p>Al respecto, el Secretario General del CELAM tambi\u00e9n agreg\u00f3 que <em>\u2018\u2019juntos podemos seguir afianzando la misi\u00f3n de la iglesia para incidir en las pol\u00edticas p\u00fablicas a nivel regional, desde una perspectiva antropol\u00f3gica integral que tenga en cuenta el cuidado de la Casa Com\u00fan, la defensa de los derechos humanos y el servicio de la vida plena para todos, promoviendo la fraternidad y la amistad social\u2019\u2019.<\/em><\/p>\n\n\n\n<figure class=\"wp-block-embed aligncenter is-type-video is-provider-youtube wp-block-embed-youtube wp-embed-aspect-16-9 wp-has-aspect-ratio\"><div class=\"wp-block-embed__wrapper\">\n<iframe loading=\"lazy\" title=\"Mensaje de Mons. Lizardo Estrada a la Repam\" width=\"500\" height=\"281\" src=\"https:\/\/www.youtube.com\/embed\/woDqndpwBOI?feature=oembed\" frameborder=\"0\" allow=\"accelerometer; autoplay; clipboard-write; encrypted-media; gyroscope; picture-in-picture; web-share\" referrerpolicy=\"strict-origin-when-cross-origin\" allowfullscreen><\/iframe>\n<\/div><\/figure>\n\n\n\n<p>El Comit\u00e9 Ampliado de la REPAM tendr\u00e1 en cuenta otros temas importantes enfocados a la preservaci\u00f3n de la Amazon\u00eda y la vida que en ella habita. Se ha resaltado la importancia que tiene para la REPAM seguir articulando actividades con los movimientos ind\u00edgenas y sociales, a trav\u00e9s de experiencias como el Foro Social Panamaz\u00f3nico (FOSPA) y la Asamblea Mundial por la Amazon\u00eda (AMA). Acciones como los espacios alcanzados durante la Cumbre Amaz\u00f3nica de Bel\u00e9m do Par\u00e1 y la participaci\u00f3n en la Reuni\u00f3n T\u00e9cnico Cient\u00edfica de Leticia, deben seguir construy\u00e9ndose.<\/p>\n","protected":false},"excerpt":{"rendered":"<p>Florencia, capital del departamento del Caquet\u00e1 en la Amazon\u00eda colombiana, recibe del 8 al 10 de noviembre a los representantes de los comit\u00e9s nacionales y de los n\u00facleos tem\u00e1ticos que conforman la Red Eclesial Panamaz\u00f3nica (REPAM). Por Oscar Tellez \u2013 Grupo Comunicarte La misi\u00f3n de tres d\u00edas de trabajo es revisar el camino realizado y [&hellip;]<\/p>\n","protected":false},"author":1,"featured_media":10874,"comment_status":"closed","ping_status":"closed","sticky":false,"template":"","format":"standard","meta":{"_acf_changed":false,"_uf_show_specific_survey":0,"_uf_disable_surveys":false,"footnotes":""},"categories":[4],"tags":[33,428,52,43,16,8,9,28],"class_list":["post-10873","post","type-post","status-publish","format-standard","has-post-thumbnail","hentry","category-noticias","tag-amazonia","tag-comite-ampliado","tag-derechos-humanos","tag-papa-francisco","tag-pueblos-indigenas","tag-querida-amazonia","tag-repam","tag-sinodo-amazonico"],"acf":[],"aioseo_notices":[],"yoast_head":"<!-- This site is optimized with the Yoast SEO plugin v27.4 - https:\/\/yoast.com\/product\/yoast-seo-wordpress\/ -->\n<title>Defensa de la vida, el agua y el territorio: consigna de apertura del Comit\u00e9 Ampliado de la REPAM - REPAM<\/title>\n<meta name=\"robots\" content=\"index, follow, max-snippet:-1, max-image-preview:large, max-video-preview:-1\" \/>\n<link rel=\"canonical\" href=\"https:\/\/www.repam.net\/es\/defensa-de-la-vida-el-agua-y-el-territorio-consigna-de-apertura-del-comite-ampliado-de-la-repam\/\" \/>\n<meta property=\"og:locale\" content=\"es_ES\" \/>\n<meta property=\"og:type\" content=\"article\" \/>\n<meta property=\"og:title\" content=\"Defensa de la vida, el agua y el territorio: consigna de apertura del Comit\u00e9 Ampliado de la REPAM - REPAM\" \/>\n<meta property=\"og:description\" content=\"Florencia, capital del departamento del Caquet\u00e1 en la Amazon\u00eda colombiana, recibe del 8 al 10 de noviembre a los representantes de los comit\u00e9s nacionales y de los n\u00facleos tem\u00e1ticos que conforman la Red Eclesial Panamaz\u00f3nica (REPAM). Por Oscar Tellez \u2013 Grupo Comunicarte La misi\u00f3n de tres d\u00edas de trabajo es revisar el camino realizado y [&hellip;]\" \/>\n<meta property=\"og:url\" content=\"https:\/\/www.repam.net\/es\/defensa-de-la-vida-el-agua-y-el-territorio-consigna-de-apertura-del-comite-ampliado-de-la-repam\/\" \/>\n<meta property=\"og:site_name\" content=\"REPAM\" \/>\n<meta property=\"article:published_time\" content=\"2023-11-09T01:03:13+00:00\" \/>\n<meta property=\"article:modified_time\" content=\"2023-11-09T15:41:22+00:00\" \/>\n<meta property=\"og:image\" content=\"https:\/\/www.repam.net\/es\/wp-content\/uploads\/2023\/11\/comitr-co.jpeg\" \/>\n\t<meta property=\"og:image:width\" content=\"1600\" \/>\n\t<meta property=\"og:image:height\" content=\"1200\" \/>\n\t<meta property=\"og:image:type\" content=\"image\/jpeg\" \/>\n<meta name=\"author\" content=\"repam@adm\" \/>\n<meta name=\"twitter:card\" content=\"summary_large_image\" \/>\n<meta name=\"twitter:label1\" content=\"Escrito por\" \/>\n\t<meta name=\"twitter:data1\" content=\"repam@adm\" \/>\n\t<meta name=\"twitter:label2\" content=\"Tiempo de lectura\" \/>\n\t<meta name=\"twitter:data2\" content=\"7 minutos\" \/>\n<script type=\"application\/ld+json\" class=\"yoast-schema-graph\">{\"@context\":\"https:\\\/\\\/schema.org\",\"@graph\":[{\"@type\":\"Article\",\"@id\":\"https:\\\/\\\/www.repam.net\\\/es\\\/defensa-de-la-vida-el-agua-y-el-territorio-consigna-de-apertura-del-comite-ampliado-de-la-repam\\\/#article\",\"isPartOf\":{\"@id\":\"https:\\\/\\\/www.repam.net\\\/es\\\/defensa-de-la-vida-el-agua-y-el-territorio-consigna-de-apertura-del-comite-ampliado-de-la-repam\\\/\"},\"author\":{\"name\":\"repam@adm\",\"@id\":\"https:\\\/\\\/www.repam.net\\\/es\\\/#\\\/schema\\\/person\\\/0c828bf04cf1abe6016cbe752c76a033\"},\"headline\":\"Defensa de la vida, el agua y el territorio: consigna de apertura del Comit\u00e9 Ampliado de la REPAM\",\"datePublished\":\"2023-11-09T01:03:13+00:00\",\"dateModified\":\"2023-11-09T15:41:22+00:00\",\"mainEntityOfPage\":{\"@id\":\"https:\\\/\\\/www.repam.net\\\/es\\\/defensa-de-la-vida-el-agua-y-el-territorio-consigna-de-apertura-del-comite-ampliado-de-la-repam\\\/\"},\"wordCount\":1481,\"publisher\":{\"@id\":\"https:\\\/\\\/www.repam.net\\\/es\\\/#organization\"},\"image\":{\"@id\":\"https:\\\/\\\/www.repam.net\\\/es\\\/defensa-de-la-vida-el-agua-y-el-territorio-consigna-de-apertura-del-comite-ampliado-de-la-repam\\\/#primaryimage\"},\"thumbnailUrl\":\"https:\\\/\\\/www.repam.net\\\/es\\\/wp-content\\\/uploads\\\/2023\\\/11\\\/comitr-co.jpeg\",\"keywords\":[\"Amazon\u00eda\",\"Comit\u00e9 ampliado\",\"Derechos Humanos\",\"Papa Francisco\",\"pueblos ind\u00edgenas\",\"Querida Amazon\u00eda\",\"REPAM\",\"S\u00ednodo Amaz\u00f3nico\"],\"articleSection\":[\"Noticias\"],\"inLanguage\":\"es-CO\"},{\"@type\":\"WebPage\",\"@id\":\"https:\\\/\\\/www.repam.net\\\/es\\\/defensa-de-la-vida-el-agua-y-el-territorio-consigna-de-apertura-del-comite-ampliado-de-la-repam\\\/\",\"url\":\"https:\\\/\\\/www.repam.net\\\/es\\\/defensa-de-la-vida-el-agua-y-el-territorio-consigna-de-apertura-del-comite-ampliado-de-la-repam\\\/\",\"name\":\"Defensa de la vida, el agua y el territorio: consigna de apertura del Comit\u00e9 Ampliado de la REPAM - REPAM\",\"isPartOf\":{\"@id\":\"https:\\\/\\\/www.repam.net\\\/es\\\/#website\"},\"primaryImageOfPage\":{\"@id\":\"https:\\\/\\\/www.repam.net\\\/es\\\/defensa-de-la-vida-el-agua-y-el-territorio-consigna-de-apertura-del-comite-ampliado-de-la-repam\\\/#primaryimage\"},\"image\":{\"@id\":\"https:\\\/\\\/www.repam.net\\\/es\\\/defensa-de-la-vida-el-agua-y-el-territorio-consigna-de-apertura-del-comite-ampliado-de-la-repam\\\/#primaryimage\"},\"thumbnailUrl\":\"https:\\\/\\\/www.repam.net\\\/es\\\/wp-content\\\/uploads\\\/2023\\\/11\\\/comitr-co.jpeg\",\"datePublished\":\"2023-11-09T01:03:13+00:00\",\"dateModified\":\"2023-11-09T15:41:22+00:00\",\"breadcrumb\":{\"@id\":\"https:\\\/\\\/www.repam.net\\\/es\\\/defensa-de-la-vida-el-agua-y-el-territorio-consigna-de-apertura-del-comite-ampliado-de-la-repam\\\/#breadcrumb\"},\"inLanguage\":\"es-CO\",\"potentialAction\":[{\"@type\":\"ReadAction\",\"target\":[\"https:\\\/\\\/www.repam.net\\\/es\\\/defensa-de-la-vida-el-agua-y-el-territorio-consigna-de-apertura-del-comite-ampliado-de-la-repam\\\/\"]}]},{\"@type\":\"ImageObject\",\"inLanguage\":\"es-CO\",\"@id\":\"https:\\\/\\\/www.repam.net\\\/es\\\/defensa-de-la-vida-el-agua-y-el-territorio-consigna-de-apertura-del-comite-ampliado-de-la-repam\\\/#primaryimage\",\"url\":\"https:\\\/\\\/www.repam.net\\\/es\\\/wp-content\\\/uploads\\\/2023\\\/11\\\/comitr-co.jpeg\",\"contentUrl\":\"https:\\\/\\\/www.repam.net\\\/es\\\/wp-content\\\/uploads\\\/2023\\\/11\\\/comitr-co.jpeg\",\"width\":1600,\"height\":1200},{\"@type\":\"BreadcrumbList\",\"@id\":\"https:\\\/\\\/www.repam.net\\\/es\\\/defensa-de-la-vida-el-agua-y-el-territorio-consigna-de-apertura-del-comite-ampliado-de-la-repam\\\/#breadcrumb\",\"itemListElement\":[{\"@type\":\"ListItem\",\"position\":1,\"name\":\"Inicio\",\"item\":\"https:\\\/\\\/www.repam.net\\\/es\\\/\"},{\"@type\":\"ListItem\",\"position\":2,\"name\":\"Defensa de la vida, el agua y el territorio: consigna de apertura del Comit\u00e9 Ampliado de la REPAM\"}]},{\"@type\":\"WebSite\",\"@id\":\"https:\\\/\\\/www.repam.net\\\/es\\\/#website\",\"url\":\"https:\\\/\\\/www.repam.net\\\/es\\\/\",\"name\":\"REPAM\",\"description\":\"Red Eclesial Panamaz\u00f3nica\",\"publisher\":{\"@id\":\"https:\\\/\\\/www.repam.net\\\/es\\\/#organization\"},\"potentialAction\":[{\"@type\":\"SearchAction\",\"target\":{\"@type\":\"EntryPoint\",\"urlTemplate\":\"https:\\\/\\\/www.repam.net\\\/es\\\/?s={search_term_string}\"},\"query-input\":{\"@type\":\"PropertyValueSpecification\",\"valueRequired\":true,\"valueName\":\"search_term_string\"}}],\"inLanguage\":\"es-CO\"},{\"@type\":\"Organization\",\"@id\":\"https:\\\/\\\/www.repam.net\\\/es\\\/#organization\",\"name\":\"REPAM\",\"url\":\"https:\\\/\\\/www.repam.net\\\/es\\\/\",\"logo\":{\"@type\":\"ImageObject\",\"inLanguage\":\"es-CO\",\"@id\":\"https:\\\/\\\/www.repam.net\\\/es\\\/#\\\/schema\\\/logo\\\/image\\\/\",\"url\":\"https:\\\/\\\/www.repam.net\\\/es\\\/wp-content\\\/uploads\\\/2021\\\/11\\\/cropped-favicon.png\",\"contentUrl\":\"https:\\\/\\\/www.repam.net\\\/es\\\/wp-content\\\/uploads\\\/2021\\\/11\\\/cropped-favicon.png\",\"width\":512,\"height\":512,\"caption\":\"REPAM\"},\"image\":{\"@id\":\"https:\\\/\\\/www.repam.net\\\/es\\\/#\\\/schema\\\/logo\\\/image\\\/\"}},{\"@type\":\"Person\",\"@id\":\"https:\\\/\\\/www.repam.net\\\/es\\\/#\\\/schema\\\/person\\\/0c828bf04cf1abe6016cbe752c76a033\",\"name\":\"repam@adm\",\"image\":{\"@type\":\"ImageObject\",\"inLanguage\":\"es-CO\",\"@id\":\"https:\\\/\\\/secure.gravatar.com\\\/avatar\\\/b18234ea6de5d74563e52ca7bfdad9d2b029b514c935b38a2790717abf8f2e5f?s=96&d=mm&r=g\",\"url\":\"https:\\\/\\\/secure.gravatar.com\\\/avatar\\\/b18234ea6de5d74563e52ca7bfdad9d2b029b514c935b38a2790717abf8f2e5f?s=96&d=mm&r=g\",\"contentUrl\":\"https:\\\/\\\/secure.gravatar.com\\\/avatar\\\/b18234ea6de5d74563e52ca7bfdad9d2b029b514c935b38a2790717abf8f2e5f?s=96&d=mm&r=g\",\"caption\":\"repam@adm\"},\"sameAs\":[\"http:\\\/\\\/repam.net\"],\"url\":\"https:\\\/\\\/www.repam.net\\\/es\\\/author\\\/repamadm\\\/\"}]}<\/script>\n<!-- \/ Yoast SEO plugin. -->","yoast_head_json":{"title":"Defensa de la vida, el agua y el territorio: consigna de apertura del Comit\u00e9 Ampliado de la REPAM - REPAM","robots":{"index":"index","follow":"follow","max-snippet":"max-snippet:-1","max-image-preview":"max-image-preview:large","max-video-preview":"max-video-preview:-1"},"canonical":"https:\/\/www.repam.net\/es\/defensa-de-la-vida-el-agua-y-el-territorio-consigna-de-apertura-del-comite-ampliado-de-la-repam\/","og_locale":"es_ES","og_type":"article","og_title":"Defensa de la vida, el agua y el territorio: consigna de apertura del Comit\u00e9 Ampliado de la REPAM - REPAM","og_description":"Florencia, capital del departamento del Caquet\u00e1 en la Amazon\u00eda colombiana, recibe del 8 al 10 de noviembre a los representantes de los comit\u00e9s nacionales y de los n\u00facleos tem\u00e1ticos que conforman la Red Eclesial Panamaz\u00f3nica (REPAM). Por Oscar Tellez \u2013 Grupo Comunicarte La misi\u00f3n de tres d\u00edas de trabajo es revisar el camino realizado y [&hellip;]","og_url":"https:\/\/www.repam.net\/es\/defensa-de-la-vida-el-agua-y-el-territorio-consigna-de-apertura-del-comite-ampliado-de-la-repam\/","og_site_name":"REPAM","article_published_time":"2023-11-09T01:03:13+00:00","article_modified_time":"2023-11-09T15:41:22+00:00","og_image":[{"width":1600,"height":1200,"url":"https:\/\/www.repam.net\/es\/wp-content\/uploads\/2023\/11\/comitr-co.jpeg","type":"image\/jpeg"}],"author":"repam@adm","twitter_card":"summary_large_image","twitter_misc":{"Escrito por":"repam@adm","Tiempo de lectura":"7 minutos"},"schema":{"@context":"https:\/\/schema.org","@graph":[{"@type":"Article","@id":"https:\/\/www.repam.net\/es\/defensa-de-la-vida-el-agua-y-el-territorio-consigna-de-apertura-del-comite-ampliado-de-la-repam\/#article","isPartOf":{"@id":"https:\/\/www.repam.net\/es\/defensa-de-la-vida-el-agua-y-el-territorio-consigna-de-apertura-del-comite-ampliado-de-la-repam\/"},"author":{"name":"repam@adm","@id":"https:\/\/www.repam.net\/es\/#\/schema\/person\/0c828bf04cf1abe6016cbe752c76a033"},"headline":"Defensa de la vida, el agua y el territorio: consigna de apertura del Comit\u00e9 Ampliado de la REPAM","datePublished":"2023-11-09T01:03:13+00:00","dateModified":"2023-11-09T15:41:22+00:00","mainEntityOfPage":{"@id":"https:\/\/www.repam.net\/es\/defensa-de-la-vida-el-agua-y-el-territorio-consigna-de-apertura-del-comite-ampliado-de-la-repam\/"},"wordCount":1481,"publisher":{"@id":"https:\/\/www.repam.net\/es\/#organization"},"image":{"@id":"https:\/\/www.repam.net\/es\/defensa-de-la-vida-el-agua-y-el-territorio-consigna-de-apertura-del-comite-ampliado-de-la-repam\/#primaryimage"},"thumbnailUrl":"https:\/\/www.repam.net\/es\/wp-content\/uploads\/2023\/11\/comitr-co.jpeg","keywords":["Amazon\u00eda","Comit\u00e9 ampliado","Derechos Humanos","Papa Francisco","pueblos ind\u00edgenas","Querida Amazon\u00eda","REPAM","S\u00ednodo Amaz\u00f3nico"],"articleSection":["Noticias"],"inLanguage":"es-CO"},{"@type":"WebPage","@id":"https:\/\/www.repam.net\/es\/defensa-de-la-vida-el-agua-y-el-territorio-consigna-de-apertura-del-comite-ampliado-de-la-repam\/","url":"https:\/\/www.repam.net\/es\/defensa-de-la-vida-el-agua-y-el-territorio-consigna-de-apertura-del-comite-ampliado-de-la-repam\/","name":"Defensa de la vida, el agua y el territorio: consigna de apertura del Comit\u00e9 Ampliado de la REPAM - REPAM","isPartOf":{"@id":"https:\/\/www.repam.net\/es\/#website"},"primaryImageOfPage":{"@id":"https:\/\/www.repam.net\/es\/defensa-de-la-vida-el-agua-y-el-territorio-consigna-de-apertura-del-comite-ampliado-de-la-repam\/#primaryimage"},"image":{"@id":"https:\/\/www.repam.net\/es\/defensa-de-la-vida-el-agua-y-el-territorio-consigna-de-apertura-del-comite-ampliado-de-la-repam\/#primaryimage"},"thumbnailUrl":"https:\/\/www.repam.net\/es\/wp-content\/uploads\/2023\/11\/comitr-co.jpeg","datePublished":"2023-11-09T01:03:13+00:00","dateModified":"2023-11-09T15:41:22+00:00","breadcrumb":{"@id":"https:\/\/www.repam.net\/es\/defensa-de-la-vida-el-agua-y-el-territorio-consigna-de-apertura-del-comite-ampliado-de-la-repam\/#breadcrumb"},"inLanguage":"es-CO","potentialAction":[{"@type":"ReadAction","target":["https:\/\/www.repam.net\/es\/defensa-de-la-vida-el-agua-y-el-territorio-consigna-de-apertura-del-comite-ampliado-de-la-repam\/"]}]},{"@type":"ImageObject","inLanguage":"es-CO","@id":"https:\/\/www.repam.net\/es\/defensa-de-la-vida-el-agua-y-el-territorio-consigna-de-apertura-del-comite-ampliado-de-la-repam\/#primaryimage","url":"https:\/\/www.repam.net\/es\/wp-content\/uploads\/2023\/11\/comitr-co.jpeg","contentUrl":"https:\/\/www.repam.net\/es\/wp-content\/uploads\/2023\/11\/comitr-co.jpeg","width":1600,"height":1200},{"@type":"BreadcrumbList","@id":"https:\/\/www.repam.net\/es\/defensa-de-la-vida-el-agua-y-el-territorio-consigna-de-apertura-del-comite-ampliado-de-la-repam\/#breadcrumb","itemListElement":[{"@type":"ListItem","position":1,"name":"Inicio","item":"https:\/\/www.repam.net\/es\/"},{"@type":"ListItem","position":2,"name":"Defensa de la vida, el agua y el territorio: consigna de apertura del Comit\u00e9 Ampliado de la REPAM"}]},{"@type":"WebSite","@id":"https:\/\/www.repam.net\/es\/#website","url":"https:\/\/www.repam.net\/es\/","name":"REPAM","description":"Red Eclesial Panamaz\u00f3nica","publisher":{"@id":"https:\/\/www.repam.net\/es\/#organization"},"potentialAction":[{"@type":"SearchAction","target":{"@type":"EntryPoint","urlTemplate":"https:\/\/www.repam.net\/es\/?s={search_term_string}"},"query-input":{"@type":"PropertyValueSpecification","valueRequired":true,"valueName":"search_term_string"}}],"inLanguage":"es-CO"},{"@type":"Organization","@id":"https:\/\/www.repam.net\/es\/#organization","name":"REPAM","url":"https:\/\/www.repam.net\/es\/","logo":{"@type":"ImageObject","inLanguage":"es-CO","@id":"https:\/\/www.repam.net\/es\/#\/schema\/logo\/image\/","url":"https:\/\/www.repam.net\/es\/wp-content\/uploads\/2021\/11\/cropped-favicon.png","contentUrl":"https:\/\/www.repam.net\/es\/wp-content\/uploads\/2021\/11\/cropped-favicon.png","width":512,"height":512,"caption":"REPAM"},"image":{"@id":"https:\/\/www.repam.net\/es\/#\/schema\/logo\/image\/"}},{"@type":"Person","@id":"https:\/\/www.repam.net\/es\/#\/schema\/person\/0c828bf04cf1abe6016cbe752c76a033","name":"repam@adm","image":{"@type":"ImageObject","inLanguage":"es-CO","@id":"https:\/\/secure.gravatar.com\/avatar\/b18234ea6de5d74563e52ca7bfdad9d2b029b514c935b38a2790717abf8f2e5f?s=96&d=mm&r=g","url":"https:\/\/secure.gravatar.com\/avatar\/b18234ea6de5d74563e52ca7bfdad9d2b029b514c935b38a2790717abf8f2e5f?s=96&d=mm&r=g","contentUrl":"https:\/\/secure.gravatar.com\/avatar\/b18234ea6de5d74563e52ca7bfdad9d2b029b514c935b38a2790717abf8f2e5f?s=96&d=mm&r=g","caption":"repam@adm"},"sameAs":["http:\/\/repam.net"],"url":"https:\/\/www.repam.net\/es\/author\/repamadm\/"}]}},"_links":{"self":[{"href":"https:\/\/www.repam.net\/es\/wp-json\/wp\/v2\/posts\/10873","targetHints":{"allow":["GET"]}}],"collection":[{"href":"https:\/\/www.repam.net\/es\/wp-json\/wp\/v2\/posts"}],"about":[{"href":"https:\/\/www.repam.net\/es\/wp-json\/wp\/v2\/types\/post"}],"author":[{"embeddable":true,"href":"https:\/\/www.repam.net\/es\/wp-json\/wp\/v2\/users\/1"}],"replies":[{"embeddable":true,"href":"https:\/\/www.repam.net\/es\/wp-json\/wp\/v2\/comments?post=10873"}],"version-history":[{"count":4,"href":"https:\/\/www.repam.net\/es\/wp-json\/wp\/v2\/posts\/10873\/revisions"}],"predecessor-version":[{"id":10884,"href":"https:\/\/www.repam.net\/es\/wp-json\/wp\/v2\/posts\/10873\/revisions\/10884"}],"wp:featuredmedia":[{"embeddable":true,"href":"https:\/\/www.repam.net\/es\/wp-json\/wp\/v2\/media\/10874"}],"wp:attachment":[{"href":"https:\/\/www.repam.net\/es\/wp-json\/wp\/v2\/media?parent=10873"}],"wp:term":[{"taxonomy":"category","embeddable":true,"href":"https:\/\/www.repam.net\/es\/wp-json\/wp\/v2\/categories?post=10873"},{"taxonomy":"post_tag","embeddable":true,"href":"https:\/\/www.repam.net\/es\/wp-json\/wp\/v2\/tags?post=10873"}],"curies":[{"name":"wp","href":"https:\/\/api.w.org\/{rel}","templated":true}]}}