{"id":11214,"date":"2024-04-19T08:10:50","date_gmt":"2024-04-19T13:10:50","guid":{"rendered":"https:\/\/www.repam.net\/es\/?p=11214"},"modified":"2024-04-19T08:10:52","modified_gmt":"2024-04-19T13:10:52","slug":"crimen-contra-la-humanidad-y-el-dilema-del-marco-temporal-en-el-contexto-panamazonico","status":"publish","type":"post","link":"https:\/\/www.repam.net\/es\/crimen-contra-la-humanidad-y-el-dilema-del-marco-temporal-en-el-contexto-panamazonico\/","title":{"rendered":"Crimen contra la humanidad y el dilema del \u201cMarco Temporal\u201d en el contexto Panamaz\u00f3nico"},"content":{"rendered":"<div class=\"wp-block-image\">\n<figure class=\"aligncenter size-large\"><img loading=\"lazy\" decoding=\"async\" width=\"1024\" height=\"698\" src=\"https:\/\/www.repam.net\/es\/wp-content\/uploads\/2024\/04\/foro-onun-ny-1024x698.jpeg\" alt=\"\" class=\"wp-image-11215\" srcset=\"https:\/\/www.repam.net\/es\/wp-content\/uploads\/2024\/04\/foro-onun-ny-1024x698.jpeg 1024w, https:\/\/www.repam.net\/es\/wp-content\/uploads\/2024\/04\/foro-onun-ny-300x204.jpeg 300w, https:\/\/www.repam.net\/es\/wp-content\/uploads\/2024\/04\/foro-onun-ny-768x523.jpeg 768w, https:\/\/www.repam.net\/es\/wp-content\/uploads\/2024\/04\/foro-onun-ny-1536x1047.jpeg 1536w, https:\/\/www.repam.net\/es\/wp-content\/uploads\/2024\/04\/foro-onun-ny-2048x1396.jpeg 2048w\" sizes=\"auto, (max-width: 1024px) 100vw, 1024px\" \/><\/figure>\n<\/div>\n\n\n<blockquote class=\"wp-block-quote is-layout-flow wp-block-quote-is-layout-flow\">\n<p><em>La delegaci\u00f3n de la Red Eclesial Panamaz\u00f3nica (REPAM) culmina una semana de intensas actividades en el Foro Permanente sobre Cuestiones Ind\u00edgenas en Naciones Unidas con reuniones claves, entre ellas est\u00e1n la oficina especial para la Prevenci\u00f3n del Genocidio, encabezada por Alice Wairimu Nderitu, as\u00ed como con las misiones permanentes de M\u00e9xico y Espa\u00f1a.<\/em><\/p>\n<\/blockquote>\n\n\n\n<p><strong><em>Por REPAM<\/em><\/strong><\/p>\n\n\n\n<p>Durante estos encuentros, Laura Vicu\u00f1a Pereira Manso, representante del pueblo Kariri, expuso ante la responsable de la Oficina de Prevenci\u00f3n del Genocidio de las Naciones Unidas la situaci\u00f3n preocupante del Territorio Karipuna. Manso denunci\u00f3 la reducci\u00f3n de este territorio debido a los impactos de grandes empresas, el avance de la agroindustria y el acaparamiento de tierras, as\u00ed como el saqueo de recursos naturales. Adem\u00e1s, alert\u00f3 sobre los efectos de la aprobaci\u00f3n de la ley 14.701, que legaliza el controvertido concepto del &#8220;marco temporal&#8221;, causando graves da\u00f1os f\u00edsicos, culturales y territoriales a su pueblo y a los pueblos aislados, constantemente amenazados por el genocidio, quienes han sufrido varios procesos de reducci\u00f3n.<\/p>\n\n\n<div class=\"wp-block-image\">\n<figure class=\"aligncenter size-large\"><img loading=\"lazy\" decoding=\"async\" width=\"1024\" height=\"896\" src=\"https:\/\/www.repam.net\/es\/wp-content\/uploads\/2024\/04\/Lauar-vicuna-1024x896.jpeg\" alt=\"\" class=\"wp-image-11216\" srcset=\"https:\/\/www.repam.net\/es\/wp-content\/uploads\/2024\/04\/Lauar-vicuna-1024x896.jpeg 1024w, https:\/\/www.repam.net\/es\/wp-content\/uploads\/2024\/04\/Lauar-vicuna-300x263.jpeg 300w, https:\/\/www.repam.net\/es\/wp-content\/uploads\/2024\/04\/Lauar-vicuna-768x672.jpeg 768w, https:\/\/www.repam.net\/es\/wp-content\/uploads\/2024\/04\/Lauar-vicuna-1536x1345.jpeg 1536w, https:\/\/www.repam.net\/es\/wp-content\/uploads\/2024\/04\/Lauar-vicuna-2048x1793.jpeg 2048w\" sizes=\"auto, (max-width: 1024px) 100vw, 1024px\" \/><\/figure>\n<\/div>\n\n\n<p>A pesar de que el Supremo Tribunal Federal (STF) de Brasil declar\u00f3 la inconstitucionalidad del &#8220;marco temporal&#8221;, reafirmando los derechos originales de los pueblos ind\u00edgenas sobre sus territorios ancestrales, el Senado Federal aprob\u00f3 r\u00e1pidamente una ley que, en la pr\u00e1ctica, ratifica esta doctrina. Seg\u00fan esta ley, los pueblos ind\u00edgenas solo podr\u00e1n reclamar territorios que estuvieran bajo su posesi\u00f3n en 1988, fecha de adopci\u00f3n de la Constituci\u00f3n Federal. Esta medida, seg\u00fan cr\u00edticos y la realidad que viven los pueblos ind\u00edgenas, estar\u00eda incentivando a las invasiones de tierras, a la deforestaci\u00f3n y obstaculizando procesos de demarcaci\u00f3n de tierras ind\u00edgenas.<\/p>\n\n\n\n<p>Valexon Lins Oliveira Ambr\u00f3sio, l\u00edder del pueblo y etnia Macuxi, tambi\u00e9n expres\u00f3 su preocupaci\u00f3n durante el foro. Ambrosio denunci\u00f3 la expulsi\u00f3n de su territorio y de otros pueblos ind\u00edgenas, as\u00ed como el saqueo y las amenazas de invasores de tierras. Espera que el Tribunal Supremo de Brasil se pronuncie sobre el pedido de demarcaci\u00f3n solicitado desde 2009.<\/p>\n\n\n\n<p>Adem\u00e1s, Oliveira destac\u00f3 otras situaciones preocupantes, como el caso de la comunidad ind\u00edgena Tierra Ind\u00edgena Serra da Mo\u00e7a, quien fue enga\u00f1ada para firmar un documento que un tercero intenta interpretar como &#8220;una donaci\u00f3n&#8221;. Otro caso que traslad\u00f3 fue el de la comunidad ind\u00edgena Anzol, excluida de la demarcaci\u00f3n y cuyos territorios fueron vendidos por el gobierno, considerados hoy como invasores en sus propias tierras.<\/p>\n\n\n\n<p>La ley del &#8220;marco temporal&#8221; ha generado una serie de conflictos y tensiones en el contexto Panamaz\u00f3nico, poniendo en riesgo los derechos y la integridad de los pueblos ind\u00edgenas. Los l\u00edderes ind\u00edgenas, como Valexon Lins Oliveira Ambr\u00f3sio, hacen un llamado urgente para que se demarquen y protejan sus territorios, y se asignen recursos para garantizar su vigilancia territorial y ambiental, en una lucha contra los invasores y la preservaci\u00f3n de sus culturas milenarias.<\/p>\n","protected":false},"excerpt":{"rendered":"<p>La delegaci\u00f3n de la Red Eclesial Panamaz\u00f3nica (REPAM) culmina una semana de intensas actividades en el Foro Permanente sobre Cuestiones Ind\u00edgenas en Naciones Unidas con reuniones claves, entre ellas est\u00e1n la oficina especial para la Prevenci\u00f3n del Genocidio, encabezada por Alice Wairimu Nderitu, as\u00ed como con las misiones permanentes de M\u00e9xico y Espa\u00f1a. Por REPAM [&hellip;]<\/p>\n","protected":false},"author":1,"featured_media":11215,"comment_status":"closed","ping_status":"closed","sticky":false,"template":"","format":"standard","meta":{"_acf_changed":false,"_uf_show_specific_survey":0,"_uf_disable_surveys":false,"footnotes":""},"categories":[98,4],"tags":[33,52,43,16,8,28],"class_list":["post-11214","post","type-post","status-publish","format-standard","has-post-thumbnail","hentry","category-derechos-humanos","category-noticias","tag-amazonia","tag-derechos-humanos","tag-papa-francisco","tag-pueblos-indigenas","tag-querida-amazonia","tag-sinodo-amazonico"],"acf":[],"aioseo_notices":[],"yoast_head":"<!-- This site is optimized with the Yoast SEO plugin v27.4 - https:\/\/yoast.com\/product\/yoast-seo-wordpress\/ -->\n<title>Crimen contra la humanidad y el dilema del \u201cMarco Temporal\u201d en el contexto Panamaz\u00f3nico - REPAM<\/title>\n<meta name=\"robots\" content=\"index, follow, max-snippet:-1, max-image-preview:large, max-video-preview:-1\" \/>\n<link rel=\"canonical\" href=\"https:\/\/www.repam.net\/es\/crimen-contra-la-humanidad-y-el-dilema-del-marco-temporal-en-el-contexto-panamazonico\/\" \/>\n<meta property=\"og:locale\" content=\"es_ES\" \/>\n<meta property=\"og:type\" content=\"article\" \/>\n<meta property=\"og:title\" content=\"Crimen contra la humanidad y el dilema del \u201cMarco Temporal\u201d en el contexto Panamaz\u00f3nico - REPAM\" \/>\n<meta property=\"og:description\" content=\"La delegaci\u00f3n de la Red Eclesial Panamaz\u00f3nica (REPAM) culmina una semana de intensas actividades en el Foro Permanente sobre Cuestiones Ind\u00edgenas en Naciones Unidas con reuniones claves, entre ellas est\u00e1n la oficina especial para la Prevenci\u00f3n del Genocidio, encabezada por Alice Wairimu Nderitu, as\u00ed como con las misiones permanentes de M\u00e9xico y Espa\u00f1a. Por REPAM [&hellip;]\" \/>\n<meta property=\"og:url\" content=\"https:\/\/www.repam.net\/es\/crimen-contra-la-humanidad-y-el-dilema-del-marco-temporal-en-el-contexto-panamazonico\/\" \/>\n<meta property=\"og:site_name\" content=\"REPAM\" \/>\n<meta property=\"article:published_time\" content=\"2024-04-19T13:10:50+00:00\" \/>\n<meta property=\"article:modified_time\" content=\"2024-04-19T13:10:52+00:00\" \/>\n<meta property=\"og:image\" content=\"https:\/\/www.repam.net\/es\/wp-content\/uploads\/2024\/04\/foro-onun-ny-scaled.jpeg\" \/>\n\t<meta property=\"og:image:width\" content=\"2560\" \/>\n\t<meta property=\"og:image:height\" content=\"1744\" \/>\n\t<meta property=\"og:image:type\" content=\"image\/jpeg\" \/>\n<meta name=\"author\" content=\"repam@adm\" \/>\n<meta name=\"twitter:card\" content=\"summary_large_image\" \/>\n<meta name=\"twitter:label1\" content=\"Escrito por\" \/>\n\t<meta name=\"twitter:data1\" content=\"repam@adm\" \/>\n\t<meta name=\"twitter:label2\" content=\"Tiempo de lectura\" \/>\n\t<meta name=\"twitter:data2\" content=\"3 minutos\" \/>\n<script type=\"application\/ld+json\" class=\"yoast-schema-graph\">{\"@context\":\"https:\\\/\\\/schema.org\",\"@graph\":[{\"@type\":\"Article\",\"@id\":\"https:\\\/\\\/www.repam.net\\\/es\\\/crimen-contra-la-humanidad-y-el-dilema-del-marco-temporal-en-el-contexto-panamazonico\\\/#article\",\"isPartOf\":{\"@id\":\"https:\\\/\\\/www.repam.net\\\/es\\\/crimen-contra-la-humanidad-y-el-dilema-del-marco-temporal-en-el-contexto-panamazonico\\\/\"},\"author\":{\"name\":\"repam@adm\",\"@id\":\"https:\\\/\\\/www.repam.net\\\/es\\\/#\\\/schema\\\/person\\\/0c828bf04cf1abe6016cbe752c76a033\"},\"headline\":\"Crimen contra la humanidad y el dilema del \u201cMarco Temporal\u201d en el contexto Panamaz\u00f3nico\",\"datePublished\":\"2024-04-19T13:10:50+00:00\",\"dateModified\":\"2024-04-19T13:10:52+00:00\",\"mainEntityOfPage\":{\"@id\":\"https:\\\/\\\/www.repam.net\\\/es\\\/crimen-contra-la-humanidad-y-el-dilema-del-marco-temporal-en-el-contexto-panamazonico\\\/\"},\"wordCount\":521,\"publisher\":{\"@id\":\"https:\\\/\\\/www.repam.net\\\/es\\\/#organization\"},\"image\":{\"@id\":\"https:\\\/\\\/www.repam.net\\\/es\\\/crimen-contra-la-humanidad-y-el-dilema-del-marco-temporal-en-el-contexto-panamazonico\\\/#primaryimage\"},\"thumbnailUrl\":\"https:\\\/\\\/www.repam.net\\\/es\\\/wp-content\\\/uploads\\\/2024\\\/04\\\/foro-onun-ny-scaled.jpeg\",\"keywords\":[\"Amazon\u00eda\",\"Derechos Humanos\",\"Papa Francisco\",\"pueblos ind\u00edgenas\",\"Querida Amazon\u00eda\",\"S\u00ednodo Amaz\u00f3nico\"],\"articleSection\":[\"Derechos Humanos\",\"Noticias\"],\"inLanguage\":\"es-CO\"},{\"@type\":\"WebPage\",\"@id\":\"https:\\\/\\\/www.repam.net\\\/es\\\/crimen-contra-la-humanidad-y-el-dilema-del-marco-temporal-en-el-contexto-panamazonico\\\/\",\"url\":\"https:\\\/\\\/www.repam.net\\\/es\\\/crimen-contra-la-humanidad-y-el-dilema-del-marco-temporal-en-el-contexto-panamazonico\\\/\",\"name\":\"Crimen contra la humanidad y el dilema del \u201cMarco Temporal\u201d en el contexto Panamaz\u00f3nico - REPAM\",\"isPartOf\":{\"@id\":\"https:\\\/\\\/www.repam.net\\\/es\\\/#website\"},\"primaryImageOfPage\":{\"@id\":\"https:\\\/\\\/www.repam.net\\\/es\\\/crimen-contra-la-humanidad-y-el-dilema-del-marco-temporal-en-el-contexto-panamazonico\\\/#primaryimage\"},\"image\":{\"@id\":\"https:\\\/\\\/www.repam.net\\\/es\\\/crimen-contra-la-humanidad-y-el-dilema-del-marco-temporal-en-el-contexto-panamazonico\\\/#primaryimage\"},\"thumbnailUrl\":\"https:\\\/\\\/www.repam.net\\\/es\\\/wp-content\\\/uploads\\\/2024\\\/04\\\/foro-onun-ny-scaled.jpeg\",\"datePublished\":\"2024-04-19T13:10:50+00:00\",\"dateModified\":\"2024-04-19T13:10:52+00:00\",\"breadcrumb\":{\"@id\":\"https:\\\/\\\/www.repam.net\\\/es\\\/crimen-contra-la-humanidad-y-el-dilema-del-marco-temporal-en-el-contexto-panamazonico\\\/#breadcrumb\"},\"inLanguage\":\"es-CO\",\"potentialAction\":[{\"@type\":\"ReadAction\",\"target\":[\"https:\\\/\\\/www.repam.net\\\/es\\\/crimen-contra-la-humanidad-y-el-dilema-del-marco-temporal-en-el-contexto-panamazonico\\\/\"]}]},{\"@type\":\"ImageObject\",\"inLanguage\":\"es-CO\",\"@id\":\"https:\\\/\\\/www.repam.net\\\/es\\\/crimen-contra-la-humanidad-y-el-dilema-del-marco-temporal-en-el-contexto-panamazonico\\\/#primaryimage\",\"url\":\"https:\\\/\\\/www.repam.net\\\/es\\\/wp-content\\\/uploads\\\/2024\\\/04\\\/foro-onun-ny-scaled.jpeg\",\"contentUrl\":\"https:\\\/\\\/www.repam.net\\\/es\\\/wp-content\\\/uploads\\\/2024\\\/04\\\/foro-onun-ny-scaled.jpeg\",\"width\":2560,\"height\":1744},{\"@type\":\"BreadcrumbList\",\"@id\":\"https:\\\/\\\/www.repam.net\\\/es\\\/crimen-contra-la-humanidad-y-el-dilema-del-marco-temporal-en-el-contexto-panamazonico\\\/#breadcrumb\",\"itemListElement\":[{\"@type\":\"ListItem\",\"position\":1,\"name\":\"Inicio\",\"item\":\"https:\\\/\\\/www.repam.net\\\/es\\\/\"},{\"@type\":\"ListItem\",\"position\":2,\"name\":\"Crimen contra la humanidad y el dilema del \u201cMarco Temporal\u201d en el contexto Panamaz\u00f3nico\"}]},{\"@type\":\"WebSite\",\"@id\":\"https:\\\/\\\/www.repam.net\\\/es\\\/#website\",\"url\":\"https:\\\/\\\/www.repam.net\\\/es\\\/\",\"name\":\"REPAM\",\"description\":\"Red Eclesial Panamaz\u00f3nica\",\"publisher\":{\"@id\":\"https:\\\/\\\/www.repam.net\\\/es\\\/#organization\"},\"potentialAction\":[{\"@type\":\"SearchAction\",\"target\":{\"@type\":\"EntryPoint\",\"urlTemplate\":\"https:\\\/\\\/www.repam.net\\\/es\\\/?s={search_term_string}\"},\"query-input\":{\"@type\":\"PropertyValueSpecification\",\"valueRequired\":true,\"valueName\":\"search_term_string\"}}],\"inLanguage\":\"es-CO\"},{\"@type\":\"Organization\",\"@id\":\"https:\\\/\\\/www.repam.net\\\/es\\\/#organization\",\"name\":\"REPAM\",\"url\":\"https:\\\/\\\/www.repam.net\\\/es\\\/\",\"logo\":{\"@type\":\"ImageObject\",\"inLanguage\":\"es-CO\",\"@id\":\"https:\\\/\\\/www.repam.net\\\/es\\\/#\\\/schema\\\/logo\\\/image\\\/\",\"url\":\"https:\\\/\\\/www.repam.net\\\/es\\\/wp-content\\\/uploads\\\/2021\\\/11\\\/cropped-favicon.png\",\"contentUrl\":\"https:\\\/\\\/www.repam.net\\\/es\\\/wp-content\\\/uploads\\\/2021\\\/11\\\/cropped-favicon.png\",\"width\":512,\"height\":512,\"caption\":\"REPAM\"},\"image\":{\"@id\":\"https:\\\/\\\/www.repam.net\\\/es\\\/#\\\/schema\\\/logo\\\/image\\\/\"}},{\"@type\":\"Person\",\"@id\":\"https:\\\/\\\/www.repam.net\\\/es\\\/#\\\/schema\\\/person\\\/0c828bf04cf1abe6016cbe752c76a033\",\"name\":\"repam@adm\",\"image\":{\"@type\":\"ImageObject\",\"inLanguage\":\"es-CO\",\"@id\":\"https:\\\/\\\/secure.gravatar.com\\\/avatar\\\/b18234ea6de5d74563e52ca7bfdad9d2b029b514c935b38a2790717abf8f2e5f?s=96&d=mm&r=g\",\"url\":\"https:\\\/\\\/secure.gravatar.com\\\/avatar\\\/b18234ea6de5d74563e52ca7bfdad9d2b029b514c935b38a2790717abf8f2e5f?s=96&d=mm&r=g\",\"contentUrl\":\"https:\\\/\\\/secure.gravatar.com\\\/avatar\\\/b18234ea6de5d74563e52ca7bfdad9d2b029b514c935b38a2790717abf8f2e5f?s=96&d=mm&r=g\",\"caption\":\"repam@adm\"},\"sameAs\":[\"http:\\\/\\\/repam.net\"],\"url\":\"https:\\\/\\\/www.repam.net\\\/es\\\/author\\\/repamadm\\\/\"}]}<\/script>\n<!-- \/ Yoast SEO plugin. -->","yoast_head_json":{"title":"Crimen contra la humanidad y el dilema del \u201cMarco Temporal\u201d en el contexto Panamaz\u00f3nico - REPAM","robots":{"index":"index","follow":"follow","max-snippet":"max-snippet:-1","max-image-preview":"max-image-preview:large","max-video-preview":"max-video-preview:-1"},"canonical":"https:\/\/www.repam.net\/es\/crimen-contra-la-humanidad-y-el-dilema-del-marco-temporal-en-el-contexto-panamazonico\/","og_locale":"es_ES","og_type":"article","og_title":"Crimen contra la humanidad y el dilema del \u201cMarco Temporal\u201d en el contexto Panamaz\u00f3nico - REPAM","og_description":"La delegaci\u00f3n de la Red Eclesial Panamaz\u00f3nica (REPAM) culmina una semana de intensas actividades en el Foro Permanente sobre Cuestiones Ind\u00edgenas en Naciones Unidas con reuniones claves, entre ellas est\u00e1n la oficina especial para la Prevenci\u00f3n del Genocidio, encabezada por Alice Wairimu Nderitu, as\u00ed como con las misiones permanentes de M\u00e9xico y Espa\u00f1a. Por REPAM [&hellip;]","og_url":"https:\/\/www.repam.net\/es\/crimen-contra-la-humanidad-y-el-dilema-del-marco-temporal-en-el-contexto-panamazonico\/","og_site_name":"REPAM","article_published_time":"2024-04-19T13:10:50+00:00","article_modified_time":"2024-04-19T13:10:52+00:00","og_image":[{"width":2560,"height":1744,"url":"https:\/\/www.repam.net\/es\/wp-content\/uploads\/2024\/04\/foro-onun-ny-scaled.jpeg","type":"image\/jpeg"}],"author":"repam@adm","twitter_card":"summary_large_image","twitter_misc":{"Escrito por":"repam@adm","Tiempo de lectura":"3 minutos"},"schema":{"@context":"https:\/\/schema.org","@graph":[{"@type":"Article","@id":"https:\/\/www.repam.net\/es\/crimen-contra-la-humanidad-y-el-dilema-del-marco-temporal-en-el-contexto-panamazonico\/#article","isPartOf":{"@id":"https:\/\/www.repam.net\/es\/crimen-contra-la-humanidad-y-el-dilema-del-marco-temporal-en-el-contexto-panamazonico\/"},"author":{"name":"repam@adm","@id":"https:\/\/www.repam.net\/es\/#\/schema\/person\/0c828bf04cf1abe6016cbe752c76a033"},"headline":"Crimen contra la humanidad y el dilema del \u201cMarco Temporal\u201d en el contexto Panamaz\u00f3nico","datePublished":"2024-04-19T13:10:50+00:00","dateModified":"2024-04-19T13:10:52+00:00","mainEntityOfPage":{"@id":"https:\/\/www.repam.net\/es\/crimen-contra-la-humanidad-y-el-dilema-del-marco-temporal-en-el-contexto-panamazonico\/"},"wordCount":521,"publisher":{"@id":"https:\/\/www.repam.net\/es\/#organization"},"image":{"@id":"https:\/\/www.repam.net\/es\/crimen-contra-la-humanidad-y-el-dilema-del-marco-temporal-en-el-contexto-panamazonico\/#primaryimage"},"thumbnailUrl":"https:\/\/www.repam.net\/es\/wp-content\/uploads\/2024\/04\/foro-onun-ny-scaled.jpeg","keywords":["Amazon\u00eda","Derechos Humanos","Papa Francisco","pueblos ind\u00edgenas","Querida Amazon\u00eda","S\u00ednodo Amaz\u00f3nico"],"articleSection":["Derechos Humanos","Noticias"],"inLanguage":"es-CO"},{"@type":"WebPage","@id":"https:\/\/www.repam.net\/es\/crimen-contra-la-humanidad-y-el-dilema-del-marco-temporal-en-el-contexto-panamazonico\/","url":"https:\/\/www.repam.net\/es\/crimen-contra-la-humanidad-y-el-dilema-del-marco-temporal-en-el-contexto-panamazonico\/","name":"Crimen contra la humanidad y el dilema del \u201cMarco Temporal\u201d en el contexto Panamaz\u00f3nico - REPAM","isPartOf":{"@id":"https:\/\/www.repam.net\/es\/#website"},"primaryImageOfPage":{"@id":"https:\/\/www.repam.net\/es\/crimen-contra-la-humanidad-y-el-dilema-del-marco-temporal-en-el-contexto-panamazonico\/#primaryimage"},"image":{"@id":"https:\/\/www.repam.net\/es\/crimen-contra-la-humanidad-y-el-dilema-del-marco-temporal-en-el-contexto-panamazonico\/#primaryimage"},"thumbnailUrl":"https:\/\/www.repam.net\/es\/wp-content\/uploads\/2024\/04\/foro-onun-ny-scaled.jpeg","datePublished":"2024-04-19T13:10:50+00:00","dateModified":"2024-04-19T13:10:52+00:00","breadcrumb":{"@id":"https:\/\/www.repam.net\/es\/crimen-contra-la-humanidad-y-el-dilema-del-marco-temporal-en-el-contexto-panamazonico\/#breadcrumb"},"inLanguage":"es-CO","potentialAction":[{"@type":"ReadAction","target":["https:\/\/www.repam.net\/es\/crimen-contra-la-humanidad-y-el-dilema-del-marco-temporal-en-el-contexto-panamazonico\/"]}]},{"@type":"ImageObject","inLanguage":"es-CO","@id":"https:\/\/www.repam.net\/es\/crimen-contra-la-humanidad-y-el-dilema-del-marco-temporal-en-el-contexto-panamazonico\/#primaryimage","url":"https:\/\/www.repam.net\/es\/wp-content\/uploads\/2024\/04\/foro-onun-ny-scaled.jpeg","contentUrl":"https:\/\/www.repam.net\/es\/wp-content\/uploads\/2024\/04\/foro-onun-ny-scaled.jpeg","width":2560,"height":1744},{"@type":"BreadcrumbList","@id":"https:\/\/www.repam.net\/es\/crimen-contra-la-humanidad-y-el-dilema-del-marco-temporal-en-el-contexto-panamazonico\/#breadcrumb","itemListElement":[{"@type":"ListItem","position":1,"name":"Inicio","item":"https:\/\/www.repam.net\/es\/"},{"@type":"ListItem","position":2,"name":"Crimen contra la humanidad y el dilema del \u201cMarco Temporal\u201d en el contexto Panamaz\u00f3nico"}]},{"@type":"WebSite","@id":"https:\/\/www.repam.net\/es\/#website","url":"https:\/\/www.repam.net\/es\/","name":"REPAM","description":"Red Eclesial Panamaz\u00f3nica","publisher":{"@id":"https:\/\/www.repam.net\/es\/#organization"},"potentialAction":[{"@type":"SearchAction","target":{"@type":"EntryPoint","urlTemplate":"https:\/\/www.repam.net\/es\/?s={search_term_string}"},"query-input":{"@type":"PropertyValueSpecification","valueRequired":true,"valueName":"search_term_string"}}],"inLanguage":"es-CO"},{"@type":"Organization","@id":"https:\/\/www.repam.net\/es\/#organization","name":"REPAM","url":"https:\/\/www.repam.net\/es\/","logo":{"@type":"ImageObject","inLanguage":"es-CO","@id":"https:\/\/www.repam.net\/es\/#\/schema\/logo\/image\/","url":"https:\/\/www.repam.net\/es\/wp-content\/uploads\/2021\/11\/cropped-favicon.png","contentUrl":"https:\/\/www.repam.net\/es\/wp-content\/uploads\/2021\/11\/cropped-favicon.png","width":512,"height":512,"caption":"REPAM"},"image":{"@id":"https:\/\/www.repam.net\/es\/#\/schema\/logo\/image\/"}},{"@type":"Person","@id":"https:\/\/www.repam.net\/es\/#\/schema\/person\/0c828bf04cf1abe6016cbe752c76a033","name":"repam@adm","image":{"@type":"ImageObject","inLanguage":"es-CO","@id":"https:\/\/secure.gravatar.com\/avatar\/b18234ea6de5d74563e52ca7bfdad9d2b029b514c935b38a2790717abf8f2e5f?s=96&d=mm&r=g","url":"https:\/\/secure.gravatar.com\/avatar\/b18234ea6de5d74563e52ca7bfdad9d2b029b514c935b38a2790717abf8f2e5f?s=96&d=mm&r=g","contentUrl":"https:\/\/secure.gravatar.com\/avatar\/b18234ea6de5d74563e52ca7bfdad9d2b029b514c935b38a2790717abf8f2e5f?s=96&d=mm&r=g","caption":"repam@adm"},"sameAs":["http:\/\/repam.net"],"url":"https:\/\/www.repam.net\/es\/author\/repamadm\/"}]}},"_links":{"self":[{"href":"https:\/\/www.repam.net\/es\/wp-json\/wp\/v2\/posts\/11214","targetHints":{"allow":["GET"]}}],"collection":[{"href":"https:\/\/www.repam.net\/es\/wp-json\/wp\/v2\/posts"}],"about":[{"href":"https:\/\/www.repam.net\/es\/wp-json\/wp\/v2\/types\/post"}],"author":[{"embeddable":true,"href":"https:\/\/www.repam.net\/es\/wp-json\/wp\/v2\/users\/1"}],"replies":[{"embeddable":true,"href":"https:\/\/www.repam.net\/es\/wp-json\/wp\/v2\/comments?post=11214"}],"version-history":[{"count":1,"href":"https:\/\/www.repam.net\/es\/wp-json\/wp\/v2\/posts\/11214\/revisions"}],"predecessor-version":[{"id":11217,"href":"https:\/\/www.repam.net\/es\/wp-json\/wp\/v2\/posts\/11214\/revisions\/11217"}],"wp:featuredmedia":[{"embeddable":true,"href":"https:\/\/www.repam.net\/es\/wp-json\/wp\/v2\/media\/11215"}],"wp:attachment":[{"href":"https:\/\/www.repam.net\/es\/wp-json\/wp\/v2\/media?parent=11214"}],"wp:term":[{"taxonomy":"category","embeddable":true,"href":"https:\/\/www.repam.net\/es\/wp-json\/wp\/v2\/categories?post=11214"},{"taxonomy":"post_tag","embeddable":true,"href":"https:\/\/www.repam.net\/es\/wp-json\/wp\/v2\/tags?post=11214"}],"curies":[{"name":"wp","href":"https:\/\/api.w.org\/{rel}","templated":true}]}}