{"id":11251,"date":"2024-05-21T12:46:13","date_gmt":"2024-05-21T17:46:13","guid":{"rendered":"https:\/\/www.repam.net\/es\/?p=11251"},"modified":"2024-05-21T12:46:15","modified_gmt":"2024-05-21T17:46:15","slug":"declaracion-del-pre-fospa-peru-rumbo-al-xi-fospa-resistimos-y-transitamos-en-defensa-de-la-amazonia","status":"publish","type":"post","link":"https:\/\/www.repam.net\/es\/declaracion-del-pre-fospa-peru-rumbo-al-xi-fospa-resistimos-y-transitamos-en-defensa-de-la-amazonia\/","title":{"rendered":"Declaraci\u00f3n del pre FOSPA Per\u00fa, rumbo al XI FOSPA: &#8220;Resistimos y transitamos en defensa de la Amazon\u00eda&#8221;"},"content":{"rendered":"<div class=\"wp-block-image\">\n<figure class=\"aligncenter size-full\"><img loading=\"lazy\" decoding=\"async\" width=\"980\" height=\"653\" src=\"https:\/\/www.repam.net\/es\/wp-content\/uploads\/2024\/05\/Declaracion-del-pre-FOSPA-Per.jpg\" alt=\"\" class=\"wp-image-11252\" srcset=\"https:\/\/www.repam.net\/es\/wp-content\/uploads\/2024\/05\/Declaracion-del-pre-FOSPA-Per.jpg 980w, https:\/\/www.repam.net\/es\/wp-content\/uploads\/2024\/05\/Declaracion-del-pre-FOSPA-Per-300x200.jpg 300w, https:\/\/www.repam.net\/es\/wp-content\/uploads\/2024\/05\/Declaracion-del-pre-FOSPA-Per-768x512.jpg 768w\" sizes=\"auto, (max-width: 980px) 100vw, 980px\" \/><\/figure>\n<\/div>\n\n\n<blockquote class=\"wp-block-quote is-layout-flow wp-block-quote-is-layout-flow\">\n<p><em>Las organizaciones ind\u00edgenas y sociales, colectivos, movimientos e instituciones que participaron del Pre Foro Social Panamaz\u00f3nico (Pre FOSPA Per\u00fa) del 25 al 28 de abril en la ciudad de Tarapoto, presentan la Declaraci\u00f3n Oficial de Pre FOSPA Per\u00fa 2024. <\/em><\/p>\n<\/blockquote>\n\n\n\n<p><strong><em>Por CAAAP<\/em><\/strong><\/p>\n\n\n\n<p>Este documento resalta las principales problem\u00e1ticas que afectan a los pueblos ind\u00edgenas de la panamazon\u00eda y da a conocer las diversas exigencias, demandas y propuestas consensuadas durante el evento.<\/p>\n\n\n\n<p>El encuentro reuni\u00f3 a m\u00e1s de doscientos participantes comprometidos con seguir defendiendo la Amazon\u00eda y a sus pueblos, en un espacio donde se analiz\u00f3 el contexto pol\u00edtico nacional y amaz\u00f3nico en el marco del gobierno actual y la crisis pol\u00edtica; y se consensuaron las propuestas y experiencias que, la delegaci\u00f3n del FOSPA Per\u00fa, presentar\u00e1 en el XI Foro Social Panamaz\u00f3nico Internacional, pr\u00f3ximo a realizarse en la ciudad de Rurrenabaque en Bolivia del 12 al 15 de junio del presente a\u00f1o.<\/p>\n\n\n\n<p>La presente declaraci\u00f3n se posiciona en contra del modelo econ\u00f3mico capitalista neoliberal, extractivista, patriarcal, racista y colonial, el cual genera desigualdad, pobreza, discriminaci\u00f3n, exclusi\u00f3n y vulnera todos nuestros derechos individuales y colectivos. Frente a esto, las organizaciones ind\u00edgenas y de la sociedad civil se manifiestan en defensa de la vida y los territorios de la Amazon\u00eda.<\/p>\n\n\n\n<p><strong>Accede a la declaraci\u00f3n completa a continuaci\u00f3n:<\/strong><\/p>\n\n\n<div class=\"wp-block-image\">\n<figure class=\"aligncenter size-large\"><img loading=\"lazy\" decoding=\"async\" width=\"724\" height=\"1024\" src=\"https:\/\/www.repam.net\/es\/wp-content\/uploads\/2024\/05\/declaracion-Peru-724x1024.png\" alt=\"\" class=\"wp-image-11253\" srcset=\"https:\/\/www.repam.net\/es\/wp-content\/uploads\/2024\/05\/declaracion-Peru-724x1024.png 724w, https:\/\/www.repam.net\/es\/wp-content\/uploads\/2024\/05\/declaracion-Peru-212x300.png 212w, https:\/\/www.repam.net\/es\/wp-content\/uploads\/2024\/05\/declaracion-Peru-768x1086.png 768w, https:\/\/www.repam.net\/es\/wp-content\/uploads\/2024\/05\/declaracion-Peru.png 1042w\" sizes=\"auto, (max-width: 724px) 100vw, 724px\" \/><\/figure>\n<\/div>\n\n\n<p><strong><em>Fuente: CAAAP<\/em><\/strong><\/p>\n","protected":false},"excerpt":{"rendered":"<p>Las organizaciones ind\u00edgenas y sociales, colectivos, movimientos e instituciones que participaron del Pre Foro Social Panamaz\u00f3nico (Pre FOSPA Per\u00fa) del 25 al 28 de abril en la ciudad de Tarapoto, presentan la Declaraci\u00f3n Oficial de Pre FOSPA Per\u00fa 2024. Por CAAAP Este documento resalta las principales problem\u00e1ticas que afectan a los pueblos ind\u00edgenas de la [&hellip;]<\/p>\n","protected":false},"author":1,"featured_media":11252,"comment_status":"closed","ping_status":"closed","sticky":false,"template":"","format":"standard","meta":{"_acf_changed":false,"_uf_show_specific_survey":0,"_uf_disable_surveys":false,"footnotes":""},"categories":[4,10],"tags":[33,52,43,81,16,8,9,28],"class_list":["post-11251","post","type-post","status-publish","format-standard","has-post-thumbnail","hentry","category-noticias","category-peru","tag-amazonia","tag-derechos-humanos","tag-papa-francisco","tag-peru","tag-pueblos-indigenas","tag-querida-amazonia","tag-repam","tag-sinodo-amazonico"],"acf":[],"aioseo_notices":[],"yoast_head":"<!-- This site is optimized with the Yoast SEO plugin v27.5 - https:\/\/yoast.com\/product\/yoast-seo-wordpress\/ -->\n<title>Declaraci\u00f3n del pre FOSPA Per\u00fa, rumbo al XI FOSPA: &quot;Resistimos y transitamos en defensa de la Amazon\u00eda&quot; - REPAM<\/title>\n<meta name=\"robots\" content=\"index, follow, max-snippet:-1, max-image-preview:large, max-video-preview:-1\" \/>\n<link rel=\"canonical\" href=\"https:\/\/www.repam.net\/es\/declaracion-del-pre-fospa-peru-rumbo-al-xi-fospa-resistimos-y-transitamos-en-defensa-de-la-amazonia\/\" \/>\n<meta property=\"og:locale\" content=\"es_ES\" \/>\n<meta property=\"og:type\" content=\"article\" \/>\n<meta property=\"og:title\" content=\"Declaraci\u00f3n del pre FOSPA Per\u00fa, rumbo al XI FOSPA: &quot;Resistimos y transitamos en defensa de la Amazon\u00eda&quot; - REPAM\" \/>\n<meta property=\"og:description\" content=\"Las organizaciones ind\u00edgenas y sociales, colectivos, movimientos e instituciones que participaron del Pre Foro Social Panamaz\u00f3nico (Pre FOSPA Per\u00fa) del 25 al 28 de abril en la ciudad de Tarapoto, presentan la Declaraci\u00f3n Oficial de Pre FOSPA Per\u00fa 2024. Por CAAAP Este documento resalta las principales problem\u00e1ticas que afectan a los pueblos ind\u00edgenas de la [&hellip;]\" \/>\n<meta property=\"og:url\" content=\"https:\/\/www.repam.net\/es\/declaracion-del-pre-fospa-peru-rumbo-al-xi-fospa-resistimos-y-transitamos-en-defensa-de-la-amazonia\/\" \/>\n<meta property=\"og:site_name\" content=\"REPAM\" \/>\n<meta property=\"article:published_time\" content=\"2024-05-21T17:46:13+00:00\" \/>\n<meta property=\"article:modified_time\" content=\"2024-05-21T17:46:15+00:00\" \/>\n<meta property=\"og:image\" content=\"https:\/\/www.repam.net\/es\/wp-content\/uploads\/2024\/05\/Declaracion-del-pre-FOSPA-Per.jpg\" \/>\n\t<meta property=\"og:image:width\" content=\"980\" \/>\n\t<meta property=\"og:image:height\" content=\"653\" \/>\n\t<meta property=\"og:image:type\" content=\"image\/jpeg\" \/>\n<meta name=\"author\" content=\"repam@adm\" \/>\n<meta name=\"twitter:card\" content=\"summary_large_image\" \/>\n<meta name=\"twitter:label1\" content=\"Escrito por\" \/>\n\t<meta name=\"twitter:data1\" content=\"repam@adm\" \/>\n\t<meta name=\"twitter:label2\" content=\"Tiempo de lectura\" \/>\n\t<meta name=\"twitter:data2\" content=\"1 minuto\" \/>\n<script type=\"application\/ld+json\" class=\"yoast-schema-graph\">{\"@context\":\"https:\\\/\\\/schema.org\",\"@graph\":[{\"@type\":\"Article\",\"@id\":\"https:\\\/\\\/www.repam.net\\\/es\\\/declaracion-del-pre-fospa-peru-rumbo-al-xi-fospa-resistimos-y-transitamos-en-defensa-de-la-amazonia\\\/#article\",\"isPartOf\":{\"@id\":\"https:\\\/\\\/www.repam.net\\\/es\\\/declaracion-del-pre-fospa-peru-rumbo-al-xi-fospa-resistimos-y-transitamos-en-defensa-de-la-amazonia\\\/\"},\"author\":{\"name\":\"repam@adm\",\"@id\":\"https:\\\/\\\/www.repam.net\\\/es\\\/#\\\/schema\\\/person\\\/0c828bf04cf1abe6016cbe752c76a033\"},\"headline\":\"Declaraci\u00f3n del pre FOSPA Per\u00fa, rumbo al XI FOSPA: &#8220;Resistimos y transitamos en defensa de la Amazon\u00eda&#8221;\",\"datePublished\":\"2024-05-21T17:46:13+00:00\",\"dateModified\":\"2024-05-21T17:46:15+00:00\",\"mainEntityOfPage\":{\"@id\":\"https:\\\/\\\/www.repam.net\\\/es\\\/declaracion-del-pre-fospa-peru-rumbo-al-xi-fospa-resistimos-y-transitamos-en-defensa-de-la-amazonia\\\/\"},\"wordCount\":252,\"publisher\":{\"@id\":\"https:\\\/\\\/www.repam.net\\\/es\\\/#organization\"},\"image\":{\"@id\":\"https:\\\/\\\/www.repam.net\\\/es\\\/declaracion-del-pre-fospa-peru-rumbo-al-xi-fospa-resistimos-y-transitamos-en-defensa-de-la-amazonia\\\/#primaryimage\"},\"thumbnailUrl\":\"https:\\\/\\\/www.repam.net\\\/es\\\/wp-content\\\/uploads\\\/2024\\\/05\\\/Declaracion-del-pre-FOSPA-Per.jpg\",\"keywords\":[\"Amazon\u00eda\",\"Derechos Humanos\",\"Papa Francisco\",\"Per\u00fa\",\"pueblos ind\u00edgenas\",\"Querida Amazon\u00eda\",\"REPAM\",\"S\u00ednodo Amaz\u00f3nico\"],\"articleSection\":[\"Noticias\",\"Per\u00fa\"],\"inLanguage\":\"es-CO\"},{\"@type\":\"WebPage\",\"@id\":\"https:\\\/\\\/www.repam.net\\\/es\\\/declaracion-del-pre-fospa-peru-rumbo-al-xi-fospa-resistimos-y-transitamos-en-defensa-de-la-amazonia\\\/\",\"url\":\"https:\\\/\\\/www.repam.net\\\/es\\\/declaracion-del-pre-fospa-peru-rumbo-al-xi-fospa-resistimos-y-transitamos-en-defensa-de-la-amazonia\\\/\",\"name\":\"Declaraci\u00f3n del pre FOSPA Per\u00fa, rumbo al XI FOSPA: \\\"Resistimos y transitamos en defensa de la Amazon\u00eda\\\" - REPAM\",\"isPartOf\":{\"@id\":\"https:\\\/\\\/www.repam.net\\\/es\\\/#website\"},\"primaryImageOfPage\":{\"@id\":\"https:\\\/\\\/www.repam.net\\\/es\\\/declaracion-del-pre-fospa-peru-rumbo-al-xi-fospa-resistimos-y-transitamos-en-defensa-de-la-amazonia\\\/#primaryimage\"},\"image\":{\"@id\":\"https:\\\/\\\/www.repam.net\\\/es\\\/declaracion-del-pre-fospa-peru-rumbo-al-xi-fospa-resistimos-y-transitamos-en-defensa-de-la-amazonia\\\/#primaryimage\"},\"thumbnailUrl\":\"https:\\\/\\\/www.repam.net\\\/es\\\/wp-content\\\/uploads\\\/2024\\\/05\\\/Declaracion-del-pre-FOSPA-Per.jpg\",\"datePublished\":\"2024-05-21T17:46:13+00:00\",\"dateModified\":\"2024-05-21T17:46:15+00:00\",\"breadcrumb\":{\"@id\":\"https:\\\/\\\/www.repam.net\\\/es\\\/declaracion-del-pre-fospa-peru-rumbo-al-xi-fospa-resistimos-y-transitamos-en-defensa-de-la-amazonia\\\/#breadcrumb\"},\"inLanguage\":\"es-CO\",\"potentialAction\":[{\"@type\":\"ReadAction\",\"target\":[\"https:\\\/\\\/www.repam.net\\\/es\\\/declaracion-del-pre-fospa-peru-rumbo-al-xi-fospa-resistimos-y-transitamos-en-defensa-de-la-amazonia\\\/\"]}]},{\"@type\":\"ImageObject\",\"inLanguage\":\"es-CO\",\"@id\":\"https:\\\/\\\/www.repam.net\\\/es\\\/declaracion-del-pre-fospa-peru-rumbo-al-xi-fospa-resistimos-y-transitamos-en-defensa-de-la-amazonia\\\/#primaryimage\",\"url\":\"https:\\\/\\\/www.repam.net\\\/es\\\/wp-content\\\/uploads\\\/2024\\\/05\\\/Declaracion-del-pre-FOSPA-Per.jpg\",\"contentUrl\":\"https:\\\/\\\/www.repam.net\\\/es\\\/wp-content\\\/uploads\\\/2024\\\/05\\\/Declaracion-del-pre-FOSPA-Per.jpg\",\"width\":980,\"height\":653},{\"@type\":\"BreadcrumbList\",\"@id\":\"https:\\\/\\\/www.repam.net\\\/es\\\/declaracion-del-pre-fospa-peru-rumbo-al-xi-fospa-resistimos-y-transitamos-en-defensa-de-la-amazonia\\\/#breadcrumb\",\"itemListElement\":[{\"@type\":\"ListItem\",\"position\":1,\"name\":\"Inicio\",\"item\":\"https:\\\/\\\/www.repam.net\\\/es\\\/\"},{\"@type\":\"ListItem\",\"position\":2,\"name\":\"Declaraci\u00f3n del pre FOSPA Per\u00fa, rumbo al XI FOSPA: &#8220;Resistimos y transitamos en defensa de la Amazon\u00eda&#8221;\"}]},{\"@type\":\"WebSite\",\"@id\":\"https:\\\/\\\/www.repam.net\\\/es\\\/#website\",\"url\":\"https:\\\/\\\/www.repam.net\\\/es\\\/\",\"name\":\"REPAM\",\"description\":\"Red Eclesial Panamaz\u00f3nica\",\"publisher\":{\"@id\":\"https:\\\/\\\/www.repam.net\\\/es\\\/#organization\"},\"potentialAction\":[{\"@type\":\"SearchAction\",\"target\":{\"@type\":\"EntryPoint\",\"urlTemplate\":\"https:\\\/\\\/www.repam.net\\\/es\\\/?s={search_term_string}\"},\"query-input\":{\"@type\":\"PropertyValueSpecification\",\"valueRequired\":true,\"valueName\":\"search_term_string\"}}],\"inLanguage\":\"es-CO\"},{\"@type\":\"Organization\",\"@id\":\"https:\\\/\\\/www.repam.net\\\/es\\\/#organization\",\"name\":\"REPAM\",\"url\":\"https:\\\/\\\/www.repam.net\\\/es\\\/\",\"logo\":{\"@type\":\"ImageObject\",\"inLanguage\":\"es-CO\",\"@id\":\"https:\\\/\\\/www.repam.net\\\/es\\\/#\\\/schema\\\/logo\\\/image\\\/\",\"url\":\"https:\\\/\\\/www.repam.net\\\/es\\\/wp-content\\\/uploads\\\/2021\\\/11\\\/cropped-favicon.png\",\"contentUrl\":\"https:\\\/\\\/www.repam.net\\\/es\\\/wp-content\\\/uploads\\\/2021\\\/11\\\/cropped-favicon.png\",\"width\":512,\"height\":512,\"caption\":\"REPAM\"},\"image\":{\"@id\":\"https:\\\/\\\/www.repam.net\\\/es\\\/#\\\/schema\\\/logo\\\/image\\\/\"}},{\"@type\":\"Person\",\"@id\":\"https:\\\/\\\/www.repam.net\\\/es\\\/#\\\/schema\\\/person\\\/0c828bf04cf1abe6016cbe752c76a033\",\"name\":\"repam@adm\",\"image\":{\"@type\":\"ImageObject\",\"inLanguage\":\"es-CO\",\"@id\":\"https:\\\/\\\/secure.gravatar.com\\\/avatar\\\/b18234ea6de5d74563e52ca7bfdad9d2b029b514c935b38a2790717abf8f2e5f?s=96&d=mm&r=g\",\"url\":\"https:\\\/\\\/secure.gravatar.com\\\/avatar\\\/b18234ea6de5d74563e52ca7bfdad9d2b029b514c935b38a2790717abf8f2e5f?s=96&d=mm&r=g\",\"contentUrl\":\"https:\\\/\\\/secure.gravatar.com\\\/avatar\\\/b18234ea6de5d74563e52ca7bfdad9d2b029b514c935b38a2790717abf8f2e5f?s=96&d=mm&r=g\",\"caption\":\"repam@adm\"},\"sameAs\":[\"http:\\\/\\\/repam.net\"],\"url\":\"https:\\\/\\\/www.repam.net\\\/es\\\/author\\\/repamadm\\\/\"}]}<\/script>\n<!-- \/ Yoast SEO plugin. -->","yoast_head_json":{"title":"Declaraci\u00f3n del pre FOSPA Per\u00fa, rumbo al XI FOSPA: \"Resistimos y transitamos en defensa de la Amazon\u00eda\" - REPAM","robots":{"index":"index","follow":"follow","max-snippet":"max-snippet:-1","max-image-preview":"max-image-preview:large","max-video-preview":"max-video-preview:-1"},"canonical":"https:\/\/www.repam.net\/es\/declaracion-del-pre-fospa-peru-rumbo-al-xi-fospa-resistimos-y-transitamos-en-defensa-de-la-amazonia\/","og_locale":"es_ES","og_type":"article","og_title":"Declaraci\u00f3n del pre FOSPA Per\u00fa, rumbo al XI FOSPA: \"Resistimos y transitamos en defensa de la Amazon\u00eda\" - REPAM","og_description":"Las organizaciones ind\u00edgenas y sociales, colectivos, movimientos e instituciones que participaron del Pre Foro Social Panamaz\u00f3nico (Pre FOSPA Per\u00fa) del 25 al 28 de abril en la ciudad de Tarapoto, presentan la Declaraci\u00f3n Oficial de Pre FOSPA Per\u00fa 2024. Por CAAAP Este documento resalta las principales problem\u00e1ticas que afectan a los pueblos ind\u00edgenas de la [&hellip;]","og_url":"https:\/\/www.repam.net\/es\/declaracion-del-pre-fospa-peru-rumbo-al-xi-fospa-resistimos-y-transitamos-en-defensa-de-la-amazonia\/","og_site_name":"REPAM","article_published_time":"2024-05-21T17:46:13+00:00","article_modified_time":"2024-05-21T17:46:15+00:00","og_image":[{"width":980,"height":653,"url":"https:\/\/www.repam.net\/es\/wp-content\/uploads\/2024\/05\/Declaracion-del-pre-FOSPA-Per.jpg","type":"image\/jpeg"}],"author":"repam@adm","twitter_card":"summary_large_image","twitter_misc":{"Escrito por":"repam@adm","Tiempo de lectura":"1 minuto"},"schema":{"@context":"https:\/\/schema.org","@graph":[{"@type":"Article","@id":"https:\/\/www.repam.net\/es\/declaracion-del-pre-fospa-peru-rumbo-al-xi-fospa-resistimos-y-transitamos-en-defensa-de-la-amazonia\/#article","isPartOf":{"@id":"https:\/\/www.repam.net\/es\/declaracion-del-pre-fospa-peru-rumbo-al-xi-fospa-resistimos-y-transitamos-en-defensa-de-la-amazonia\/"},"author":{"name":"repam@adm","@id":"https:\/\/www.repam.net\/es\/#\/schema\/person\/0c828bf04cf1abe6016cbe752c76a033"},"headline":"Declaraci\u00f3n del pre FOSPA Per\u00fa, rumbo al XI FOSPA: &#8220;Resistimos y transitamos en defensa de la Amazon\u00eda&#8221;","datePublished":"2024-05-21T17:46:13+00:00","dateModified":"2024-05-21T17:46:15+00:00","mainEntityOfPage":{"@id":"https:\/\/www.repam.net\/es\/declaracion-del-pre-fospa-peru-rumbo-al-xi-fospa-resistimos-y-transitamos-en-defensa-de-la-amazonia\/"},"wordCount":252,"publisher":{"@id":"https:\/\/www.repam.net\/es\/#organization"},"image":{"@id":"https:\/\/www.repam.net\/es\/declaracion-del-pre-fospa-peru-rumbo-al-xi-fospa-resistimos-y-transitamos-en-defensa-de-la-amazonia\/#primaryimage"},"thumbnailUrl":"https:\/\/www.repam.net\/es\/wp-content\/uploads\/2024\/05\/Declaracion-del-pre-FOSPA-Per.jpg","keywords":["Amazon\u00eda","Derechos Humanos","Papa Francisco","Per\u00fa","pueblos ind\u00edgenas","Querida Amazon\u00eda","REPAM","S\u00ednodo Amaz\u00f3nico"],"articleSection":["Noticias","Per\u00fa"],"inLanguage":"es-CO"},{"@type":"WebPage","@id":"https:\/\/www.repam.net\/es\/declaracion-del-pre-fospa-peru-rumbo-al-xi-fospa-resistimos-y-transitamos-en-defensa-de-la-amazonia\/","url":"https:\/\/www.repam.net\/es\/declaracion-del-pre-fospa-peru-rumbo-al-xi-fospa-resistimos-y-transitamos-en-defensa-de-la-amazonia\/","name":"Declaraci\u00f3n del pre FOSPA Per\u00fa, rumbo al XI FOSPA: \"Resistimos y transitamos en defensa de la Amazon\u00eda\" - REPAM","isPartOf":{"@id":"https:\/\/www.repam.net\/es\/#website"},"primaryImageOfPage":{"@id":"https:\/\/www.repam.net\/es\/declaracion-del-pre-fospa-peru-rumbo-al-xi-fospa-resistimos-y-transitamos-en-defensa-de-la-amazonia\/#primaryimage"},"image":{"@id":"https:\/\/www.repam.net\/es\/declaracion-del-pre-fospa-peru-rumbo-al-xi-fospa-resistimos-y-transitamos-en-defensa-de-la-amazonia\/#primaryimage"},"thumbnailUrl":"https:\/\/www.repam.net\/es\/wp-content\/uploads\/2024\/05\/Declaracion-del-pre-FOSPA-Per.jpg","datePublished":"2024-05-21T17:46:13+00:00","dateModified":"2024-05-21T17:46:15+00:00","breadcrumb":{"@id":"https:\/\/www.repam.net\/es\/declaracion-del-pre-fospa-peru-rumbo-al-xi-fospa-resistimos-y-transitamos-en-defensa-de-la-amazonia\/#breadcrumb"},"inLanguage":"es-CO","potentialAction":[{"@type":"ReadAction","target":["https:\/\/www.repam.net\/es\/declaracion-del-pre-fospa-peru-rumbo-al-xi-fospa-resistimos-y-transitamos-en-defensa-de-la-amazonia\/"]}]},{"@type":"ImageObject","inLanguage":"es-CO","@id":"https:\/\/www.repam.net\/es\/declaracion-del-pre-fospa-peru-rumbo-al-xi-fospa-resistimos-y-transitamos-en-defensa-de-la-amazonia\/#primaryimage","url":"https:\/\/www.repam.net\/es\/wp-content\/uploads\/2024\/05\/Declaracion-del-pre-FOSPA-Per.jpg","contentUrl":"https:\/\/www.repam.net\/es\/wp-content\/uploads\/2024\/05\/Declaracion-del-pre-FOSPA-Per.jpg","width":980,"height":653},{"@type":"BreadcrumbList","@id":"https:\/\/www.repam.net\/es\/declaracion-del-pre-fospa-peru-rumbo-al-xi-fospa-resistimos-y-transitamos-en-defensa-de-la-amazonia\/#breadcrumb","itemListElement":[{"@type":"ListItem","position":1,"name":"Inicio","item":"https:\/\/www.repam.net\/es\/"},{"@type":"ListItem","position":2,"name":"Declaraci\u00f3n del pre FOSPA Per\u00fa, rumbo al XI FOSPA: &#8220;Resistimos y transitamos en defensa de la Amazon\u00eda&#8221;"}]},{"@type":"WebSite","@id":"https:\/\/www.repam.net\/es\/#website","url":"https:\/\/www.repam.net\/es\/","name":"REPAM","description":"Red Eclesial Panamaz\u00f3nica","publisher":{"@id":"https:\/\/www.repam.net\/es\/#organization"},"potentialAction":[{"@type":"SearchAction","target":{"@type":"EntryPoint","urlTemplate":"https:\/\/www.repam.net\/es\/?s={search_term_string}"},"query-input":{"@type":"PropertyValueSpecification","valueRequired":true,"valueName":"search_term_string"}}],"inLanguage":"es-CO"},{"@type":"Organization","@id":"https:\/\/www.repam.net\/es\/#organization","name":"REPAM","url":"https:\/\/www.repam.net\/es\/","logo":{"@type":"ImageObject","inLanguage":"es-CO","@id":"https:\/\/www.repam.net\/es\/#\/schema\/logo\/image\/","url":"https:\/\/www.repam.net\/es\/wp-content\/uploads\/2021\/11\/cropped-favicon.png","contentUrl":"https:\/\/www.repam.net\/es\/wp-content\/uploads\/2021\/11\/cropped-favicon.png","width":512,"height":512,"caption":"REPAM"},"image":{"@id":"https:\/\/www.repam.net\/es\/#\/schema\/logo\/image\/"}},{"@type":"Person","@id":"https:\/\/www.repam.net\/es\/#\/schema\/person\/0c828bf04cf1abe6016cbe752c76a033","name":"repam@adm","image":{"@type":"ImageObject","inLanguage":"es-CO","@id":"https:\/\/secure.gravatar.com\/avatar\/b18234ea6de5d74563e52ca7bfdad9d2b029b514c935b38a2790717abf8f2e5f?s=96&d=mm&r=g","url":"https:\/\/secure.gravatar.com\/avatar\/b18234ea6de5d74563e52ca7bfdad9d2b029b514c935b38a2790717abf8f2e5f?s=96&d=mm&r=g","contentUrl":"https:\/\/secure.gravatar.com\/avatar\/b18234ea6de5d74563e52ca7bfdad9d2b029b514c935b38a2790717abf8f2e5f?s=96&d=mm&r=g","caption":"repam@adm"},"sameAs":["http:\/\/repam.net"],"url":"https:\/\/www.repam.net\/es\/author\/repamadm\/"}]}},"_links":{"self":[{"href":"https:\/\/www.repam.net\/es\/wp-json\/wp\/v2\/posts\/11251","targetHints":{"allow":["GET"]}}],"collection":[{"href":"https:\/\/www.repam.net\/es\/wp-json\/wp\/v2\/posts"}],"about":[{"href":"https:\/\/www.repam.net\/es\/wp-json\/wp\/v2\/types\/post"}],"author":[{"embeddable":true,"href":"https:\/\/www.repam.net\/es\/wp-json\/wp\/v2\/users\/1"}],"replies":[{"embeddable":true,"href":"https:\/\/www.repam.net\/es\/wp-json\/wp\/v2\/comments?post=11251"}],"version-history":[{"count":1,"href":"https:\/\/www.repam.net\/es\/wp-json\/wp\/v2\/posts\/11251\/revisions"}],"predecessor-version":[{"id":11254,"href":"https:\/\/www.repam.net\/es\/wp-json\/wp\/v2\/posts\/11251\/revisions\/11254"}],"wp:featuredmedia":[{"embeddable":true,"href":"https:\/\/www.repam.net\/es\/wp-json\/wp\/v2\/media\/11252"}],"wp:attachment":[{"href":"https:\/\/www.repam.net\/es\/wp-json\/wp\/v2\/media?parent=11251"}],"wp:term":[{"taxonomy":"category","embeddable":true,"href":"https:\/\/www.repam.net\/es\/wp-json\/wp\/v2\/categories?post=11251"},{"taxonomy":"post_tag","embeddable":true,"href":"https:\/\/www.repam.net\/es\/wp-json\/wp\/v2\/tags?post=11251"}],"curies":[{"name":"wp","href":"https:\/\/api.w.org\/{rel}","templated":true}]}}