{"id":11266,"date":"2024-06-03T07:55:20","date_gmt":"2024-06-03T12:55:20","guid":{"rendered":"https:\/\/www.repam.net\/es\/?p=11266"},"modified":"2024-06-03T08:08:43","modified_gmt":"2024-06-03T13:08:43","slug":"el-papa-francisco-confirma-y-reafirma-el-proceso-amazonico-e-anima-a-ceama-y-repam-a-seguir-en-la-caminata-sinodal","status":"publish","type":"post","link":"https:\/\/www.repam.net\/es\/el-papa-francisco-confirma-y-reafirma-el-proceso-amazonico-e-anima-a-ceama-y-repam-a-seguir-en-la-caminata-sinodal\/","title":{"rendered":"El Papa Francisco confirma y reafirma el proceso amaz\u00f3nico e anima a CEAMA y REPAM a seguir en la caminata sinodal"},"content":{"rendered":"<div class=\"wp-block-image\">\n<figure class=\"aligncenter size-large\"><img loading=\"lazy\" decoding=\"async\" width=\"1024\" height=\"682\" src=\"https:\/\/www.repam.net\/es\/wp-content\/uploads\/2024\/06\/repam-e-ceama-1024x682.jpeg\" alt=\"\" class=\"wp-image-11267\" srcset=\"https:\/\/www.repam.net\/es\/wp-content\/uploads\/2024\/06\/repam-e-ceama-1024x682.jpeg 1024w, https:\/\/www.repam.net\/es\/wp-content\/uploads\/2024\/06\/repam-e-ceama-300x200.jpeg 300w, https:\/\/www.repam.net\/es\/wp-content\/uploads\/2024\/06\/repam-e-ceama-768x512.jpeg 768w, https:\/\/www.repam.net\/es\/wp-content\/uploads\/2024\/06\/repam-e-ceama-1536x1023.jpeg 1536w, https:\/\/www.repam.net\/es\/wp-content\/uploads\/2024\/06\/repam-e-ceama.jpeg 1600w\" sizes=\"auto, (max-width: 1024px) 100vw, 1024px\" \/><figcaption class=\"wp-element-caption\">Foto: Vaticanews<\/figcaption><\/figure>\n<\/div>\n\n\n<blockquote class=\"wp-block-quote is-layout-flow wp-block-quote-is-layout-flow\">\n<p><em>Durante una audiencia en la ma\u00f1ana del lunes 03 de junio en el Vaticano, Roma, el Papa Francisco recibi\u00f3 a las presidencias, secretar\u00edas ejecutivas y asesores de CEAMA y REPAM en un encuentro hist\u00f3rico y significativo, siendo la primera reuni\u00f3n oficial entre el pont\u00edfice y estas organizaciones hermanas que act\u00faan en el territorio amaz\u00f3nico.<\/em><\/p>\n<\/blockquote>\n\n\n\n<p><strong><em>Por Janaina Santos \/ CEAMA<\/em><\/strong><\/p>\n\n\n\n<p>Agradeciendo el trabajo realizado por CEAMA y REPAM, el Papa Francisco record\u00f3 el drama vivido por las comunidades en el territorio y valor\u00f3 el proceso amaz\u00f3nico y el camino sinodal de la Iglesia en la Amazon\u00eda. \u201cLes agradezco por este caminar juntos. Hay que seguir cuidando de las personas, de la casa com\u00fan, de las culturas. Hay que seguir cuidando de la Amazon\u00eda\u201d, resalt\u00f3 el Santo Padre, con un mensaje de \u00e1nimo y esperanza para la Iglesia que camina en la Amazon\u00eda.<\/p>\n\n\n\n<p>En el a\u00f1o que se celebran los 10 a\u00f1os de la REPAM, los cinco a\u00f1os del S\u00ednodo para la Amazon\u00eda y los cuatro a\u00f1os de CEAMA, la delegaci\u00f3n pudo recorrer los principales logros y desaf\u00edos de este camino eclesial. El Cardenal Pedro Barreto y el Monse\u00f1or Rafael Cob saludaron al Papa Francisco en nombre de las delegaciones, destacando la misi\u00f3n de CEAMA y REPAM en avanzar hacia la construcci\u00f3n de una iglesia sinodal con rostro amaz\u00f3nico.<\/p>\n\n\n\n<p>El Cardenal Pedro Barreto record\u00f3 la grata experiencia de la celebraci\u00f3n del S\u00ednodo para la Amazon\u00eda, en octubre de 2019, cuya preparaci\u00f3n coordin\u00f3 la REPAM, y destac\u00f3 que, aunque seguimos enfrentando graves desaf\u00edos internos y externos a la Iglesia en el bioma amaz\u00f3nico, REPAM y CEAMA representan esperanza como acci\u00f3n articulada de la Iglesia por la defensa de la casa com\u00fan. \u201cCon tus obras has puesto a la Iglesia en la din\u00e1mica sinodal, inspirada por el Esp\u00edritu Santo, e impulsada por Francisco de Roma y Francisco de la Amazon\u00eda, como llamamos a Don Claudio. Ahora somos frutos de un camino que la Iglesia ha construido en la Amazon\u00eda hace muchos a\u00f1os\u201d, afirm\u00f3 el presidente de CEAMA.<\/p>\n\n\n\n<p>El Monse\u00f1or Rafael Cob dio un mensaje de agradecimiento al Papa Francisco por todos los a\u00f1os de la REPAM, recordando del s\u00ednodo amaz\u00f3nico como \u201cun Kair\u00f3s del Esp\u00edritu que va moviendo y guiando el caminar eclesial, para hacernos so\u00f1ar con alegr\u00eda y esperanza, con los 4 sue\u00f1os: social, cultural ecol\u00f3gico y eclesial\u201d, dice el presidente de la REPAM.<\/p>\n\n\n\n<p>En el informe sobre la conjuntura amaz\u00f3nica, el P. Fernando Roca comparti\u00f3 el escenario actual del Bioma Amaz\u00f3nico, de m\u00e1s de 7 millones de km\u00b2, compartido por 9 pa\u00edses, con el r\u00edo m\u00e1s largo del planeta. Apunt\u00f3 las formas de conectividad que, durante milenios, han permitido la evoluci\u00f3n del bioma siguiendo los procesos naturales en la evoluci\u00f3n del planeta. \u201cEn todas estas &#8216;formas de conectividad&#8217;, la CEAMA tiene el desaf\u00edo abierto: un rol articulador en clave de S\u00ednodo Amaz\u00f3nico con gobiernos, autoridades pol\u00edticas, empresas, organismos multilaterales, pueblos ind\u00edgenas, para <\/p>\n\n\n\n<p>proteger, ayudar a restaurar y mitigar acciones que atenten contra el bioma y la vida de sus habitantes, o intervenir en situaciones que son amenazas para los seres que lo habitan y su biodiversidad\u201d, destac\u00f3 Roca.<\/p>\n\n\n\n<p>El Papa Francisco escuch\u00f3 atentamente al grupo y agradeci\u00f3 por el trabajo que se est\u00e1 haciendo en la Amazon\u00eda. El pontifice insisti\u00f3 en que \u201chay que seguir adelante\u201d y\u00a0 destac\u00f3 la importancia del cuidado como una prioridad en la misi\u00f3n de la Iglesia en el territorio amaz\u00f3nico.<\/p>\n\n\n\n<p>La delegaci\u00f3n de CEAMA y REPAM siguen con una serie de actividades en el Vaticano, con reuniones en los departamentos que integran la Curia Romana y encuentros con organismos eclesiales sobre la misi\u00f3n de la Iglesia en la Amazon\u00eda.<\/p>\n\n\n\n<div class=\"wp-block-columns is-layout-flex wp-container-core-columns-is-layout-9d6595d7 wp-block-columns-is-layout-flex\">\n<div class=\"wp-block-column is-layout-flow wp-block-column-is-layout-flow\">\n<figure class=\"wp-block-image size-large\"><img loading=\"lazy\" decoding=\"async\" width=\"1024\" height=\"682\" src=\"https:\/\/www.repam.net\/es\/wp-content\/uploads\/2024\/06\/audiencia-com-papapa-1024x682.jpeg\" alt=\"\" class=\"wp-image-11268\" srcset=\"https:\/\/www.repam.net\/es\/wp-content\/uploads\/2024\/06\/audiencia-com-papapa-1024x682.jpeg 1024w, https:\/\/www.repam.net\/es\/wp-content\/uploads\/2024\/06\/audiencia-com-papapa-300x200.jpeg 300w, https:\/\/www.repam.net\/es\/wp-content\/uploads\/2024\/06\/audiencia-com-papapa-768x512.jpeg 768w, https:\/\/www.repam.net\/es\/wp-content\/uploads\/2024\/06\/audiencia-com-papapa-1536x1023.jpeg 1536w, https:\/\/www.repam.net\/es\/wp-content\/uploads\/2024\/06\/audiencia-com-papapa.jpeg 1600w\" sizes=\"auto, (max-width: 1024px) 100vw, 1024px\" \/><figcaption class=\"wp-element-caption\">Foto: VaticaNews<\/figcaption><\/figure>\n<\/div>\n\n\n\n<div class=\"wp-block-column is-layout-flow wp-block-column-is-layout-flow\">\n<figure class=\"wp-block-image size-large\"><img loading=\"lazy\" decoding=\"async\" width=\"1024\" height=\"682\" src=\"https:\/\/www.repam.net\/es\/wp-content\/uploads\/2024\/06\/repame-ceama-com-appa-1024x682.jpeg\" alt=\"\" class=\"wp-image-11269\" srcset=\"https:\/\/www.repam.net\/es\/wp-content\/uploads\/2024\/06\/repame-ceama-com-appa-1024x682.jpeg 1024w, https:\/\/www.repam.net\/es\/wp-content\/uploads\/2024\/06\/repame-ceama-com-appa-300x200.jpeg 300w, https:\/\/www.repam.net\/es\/wp-content\/uploads\/2024\/06\/repame-ceama-com-appa-768x512.jpeg 768w, https:\/\/www.repam.net\/es\/wp-content\/uploads\/2024\/06\/repame-ceama-com-appa-1536x1023.jpeg 1536w, https:\/\/www.repam.net\/es\/wp-content\/uploads\/2024\/06\/repame-ceama-com-appa.jpeg 1600w\" sizes=\"auto, (max-width: 1024px) 100vw, 1024px\" \/><figcaption class=\"wp-element-caption\">Foto: VaticaNews<\/figcaption><\/figure>\n<\/div>\n\n\n\n<div class=\"wp-block-column is-layout-flow wp-block-column-is-layout-flow\">\n<figure class=\"wp-block-image size-large\"><img loading=\"lazy\" decoding=\"async\" width=\"1024\" height=\"682\" src=\"https:\/\/www.repam.net\/es\/wp-content\/uploads\/2024\/06\/auduiencia-papa-1024x682.jpeg\" alt=\"\" class=\"wp-image-11271\" srcset=\"https:\/\/www.repam.net\/es\/wp-content\/uploads\/2024\/06\/auduiencia-papa-1024x682.jpeg 1024w, https:\/\/www.repam.net\/es\/wp-content\/uploads\/2024\/06\/auduiencia-papa-300x200.jpeg 300w, https:\/\/www.repam.net\/es\/wp-content\/uploads\/2024\/06\/auduiencia-papa-768x512.jpeg 768w, https:\/\/www.repam.net\/es\/wp-content\/uploads\/2024\/06\/auduiencia-papa-1536x1023.jpeg 1536w, https:\/\/www.repam.net\/es\/wp-content\/uploads\/2024\/06\/auduiencia-papa.jpeg 1600w\" sizes=\"auto, (max-width: 1024px) 100vw, 1024px\" \/><figcaption class=\"wp-element-caption\">Foto: VaticaNews<\/figcaption><\/figure>\n<\/div>\n<\/div>\n\n\n\n<div class=\"wp-block-columns is-layout-flex wp-container-core-columns-is-layout-9d6595d7 wp-block-columns-is-layout-flex\">\n<div class=\"wp-block-column is-layout-flow wp-block-column-is-layout-flow\">\n<figure class=\"wp-block-image size-large\"><img loading=\"lazy\" decoding=\"async\" width=\"1024\" height=\"682\" src=\"https:\/\/www.repam.net\/es\/wp-content\/uploads\/2024\/06\/pinturas-e-papa-1024x682.jpeg\" alt=\"\" class=\"wp-image-11272\" srcset=\"https:\/\/www.repam.net\/es\/wp-content\/uploads\/2024\/06\/pinturas-e-papa-1024x682.jpeg 1024w, https:\/\/www.repam.net\/es\/wp-content\/uploads\/2024\/06\/pinturas-e-papa-300x200.jpeg 300w, https:\/\/www.repam.net\/es\/wp-content\/uploads\/2024\/06\/pinturas-e-papa-768x512.jpeg 768w, https:\/\/www.repam.net\/es\/wp-content\/uploads\/2024\/06\/pinturas-e-papa-1536x1023.jpeg 1536w, https:\/\/www.repam.net\/es\/wp-content\/uploads\/2024\/06\/pinturas-e-papa.jpeg 1600w\" sizes=\"auto, (max-width: 1024px) 100vw, 1024px\" \/><figcaption class=\"wp-element-caption\">Foto: VaticaNews<\/figcaption><\/figure>\n<\/div>\n\n\n\n<div class=\"wp-block-column is-layout-flow wp-block-column-is-layout-flow\">\n<figure class=\"wp-block-image size-large\"><img loading=\"lazy\" decoding=\"async\" width=\"1024\" height=\"682\" src=\"https:\/\/www.repam.net\/es\/wp-content\/uploads\/2024\/06\/laura-e-papa-1024x682.jpeg\" alt=\"\" class=\"wp-image-11273\" srcset=\"https:\/\/www.repam.net\/es\/wp-content\/uploads\/2024\/06\/laura-e-papa-1024x682.jpeg 1024w, https:\/\/www.repam.net\/es\/wp-content\/uploads\/2024\/06\/laura-e-papa-300x200.jpeg 300w, https:\/\/www.repam.net\/es\/wp-content\/uploads\/2024\/06\/laura-e-papa-768x512.jpeg 768w, https:\/\/www.repam.net\/es\/wp-content\/uploads\/2024\/06\/laura-e-papa-1536x1023.jpeg 1536w, https:\/\/www.repam.net\/es\/wp-content\/uploads\/2024\/06\/laura-e-papa.jpeg 1600w\" sizes=\"auto, (max-width: 1024px) 100vw, 1024px\" \/><figcaption class=\"wp-element-caption\">Foto: VaticaNews<\/figcaption><\/figure>\n<\/div>\n\n\n\n<div class=\"wp-block-column is-layout-flow wp-block-column-is-layout-flow\">\n<figure class=\"wp-block-image size-large\"><img loading=\"lazy\" decoding=\"async\" width=\"1024\" height=\"682\" src=\"https:\/\/www.repam.net\/es\/wp-content\/uploads\/2024\/06\/Rodrigo-e-PAPA-1024x682.jpeg\" alt=\"\" class=\"wp-image-11274\" srcset=\"https:\/\/www.repam.net\/es\/wp-content\/uploads\/2024\/06\/Rodrigo-e-PAPA-1024x682.jpeg 1024w, https:\/\/www.repam.net\/es\/wp-content\/uploads\/2024\/06\/Rodrigo-e-PAPA-300x200.jpeg 300w, https:\/\/www.repam.net\/es\/wp-content\/uploads\/2024\/06\/Rodrigo-e-PAPA-768x512.jpeg 768w, https:\/\/www.repam.net\/es\/wp-content\/uploads\/2024\/06\/Rodrigo-e-PAPA-1536x1023.jpeg 1536w, https:\/\/www.repam.net\/es\/wp-content\/uploads\/2024\/06\/Rodrigo-e-PAPA.jpeg 1600w\" sizes=\"auto, (max-width: 1024px) 100vw, 1024px\" \/><figcaption class=\"wp-element-caption\">Foto: VaticaNews<\/figcaption><\/figure>\n<\/div>\n<\/div>\n\n\n\n<p><strong><em>Relaciones con la Prensa<\/em><\/strong><\/p>\n\n\n\n<p><em>Janaina Santos | Belo Horizonte (MG &#8211; Brasil) y Roma (Italia) \u2013&nbsp; +55 31 98629-0315<\/em><\/p>\n\n\n\n<p><em>Vanessa Xisto | Manaos (AM &#8211; Brasil) \u2013 +55 92 99308-2228<\/em><\/p>\n","protected":false},"excerpt":{"rendered":"<p>Durante una audiencia en la ma\u00f1ana del lunes 03 de junio en el Vaticano, Roma, el Papa Francisco recibi\u00f3 a las presidencias, secretar\u00edas ejecutivas y asesores de CEAMA y REPAM en un encuentro hist\u00f3rico y significativo, siendo la primera reuni\u00f3n oficial entre el pont\u00edfice y estas organizaciones hermanas que act\u00faan en el territorio amaz\u00f3nico. Por [&hellip;]<\/p>\n","protected":false},"author":1,"featured_media":11267,"comment_status":"closed","ping_status":"closed","sticky":false,"template":"","format":"standard","meta":{"_acf_changed":false,"_uf_show_specific_survey":0,"_uf_disable_surveys":false,"footnotes":""},"categories":[4,333],"tags":[33,47,52,43,16,8,9,28],"class_list":["post-11266","post","type-post","status-publish","format-standard","has-post-thumbnail","hentry","category-noticias","category-papa-francisco","tag-amazonia","tag-bolivia","tag-derechos-humanos","tag-papa-francisco","tag-pueblos-indigenas","tag-querida-amazonia","tag-repam","tag-sinodo-amazonico"],"acf":[],"aioseo_notices":[],"yoast_head":"<!-- This site is optimized with the Yoast SEO plugin v27.5 - https:\/\/yoast.com\/product\/yoast-seo-wordpress\/ -->\n<title>El Papa Francisco confirma y reafirma el proceso amaz\u00f3nico e anima a CEAMA y REPAM a seguir en la caminata sinodal - REPAM<\/title>\n<meta name=\"robots\" content=\"index, follow, max-snippet:-1, max-image-preview:large, max-video-preview:-1\" \/>\n<link rel=\"canonical\" href=\"https:\/\/www.repam.net\/es\/el-papa-francisco-confirma-y-reafirma-el-proceso-amazonico-e-anima-a-ceama-y-repam-a-seguir-en-la-caminata-sinodal\/\" \/>\n<meta property=\"og:locale\" content=\"es_ES\" \/>\n<meta property=\"og:type\" content=\"article\" \/>\n<meta property=\"og:title\" content=\"El Papa Francisco confirma y reafirma el proceso amaz\u00f3nico e anima a CEAMA y REPAM a seguir en la caminata sinodal - REPAM\" \/>\n<meta property=\"og:description\" content=\"Durante una audiencia en la ma\u00f1ana del lunes 03 de junio en el Vaticano, Roma, el Papa Francisco recibi\u00f3 a las presidencias, secretar\u00edas ejecutivas y asesores de CEAMA y REPAM en un encuentro hist\u00f3rico y significativo, siendo la primera reuni\u00f3n oficial entre el pont\u00edfice y estas organizaciones hermanas que act\u00faan en el territorio amaz\u00f3nico. Por [&hellip;]\" \/>\n<meta property=\"og:url\" content=\"https:\/\/www.repam.net\/es\/el-papa-francisco-confirma-y-reafirma-el-proceso-amazonico-e-anima-a-ceama-y-repam-a-seguir-en-la-caminata-sinodal\/\" \/>\n<meta property=\"og:site_name\" content=\"REPAM\" \/>\n<meta property=\"article:published_time\" content=\"2024-06-03T12:55:20+00:00\" \/>\n<meta property=\"article:modified_time\" content=\"2024-06-03T13:08:43+00:00\" \/>\n<meta property=\"og:image\" content=\"https:\/\/www.repam.net\/es\/wp-content\/uploads\/2024\/06\/repam-e-ceama.jpeg\" \/>\n\t<meta property=\"og:image:width\" content=\"1600\" \/>\n\t<meta property=\"og:image:height\" content=\"1066\" \/>\n\t<meta property=\"og:image:type\" content=\"image\/jpeg\" \/>\n<meta name=\"author\" content=\"repam@adm\" \/>\n<meta name=\"twitter:card\" content=\"summary_large_image\" \/>\n<meta name=\"twitter:label1\" content=\"Escrito por\" \/>\n\t<meta name=\"twitter:data1\" content=\"repam@adm\" \/>\n\t<meta name=\"twitter:label2\" content=\"Tiempo de lectura\" \/>\n\t<meta name=\"twitter:data2\" content=\"3 minutos\" \/>\n<script type=\"application\/ld+json\" class=\"yoast-schema-graph\">{\"@context\":\"https:\\\/\\\/schema.org\",\"@graph\":[{\"@type\":\"Article\",\"@id\":\"https:\\\/\\\/www.repam.net\\\/es\\\/el-papa-francisco-confirma-y-reafirma-el-proceso-amazonico-e-anima-a-ceama-y-repam-a-seguir-en-la-caminata-sinodal\\\/#article\",\"isPartOf\":{\"@id\":\"https:\\\/\\\/www.repam.net\\\/es\\\/el-papa-francisco-confirma-y-reafirma-el-proceso-amazonico-e-anima-a-ceama-y-repam-a-seguir-en-la-caminata-sinodal\\\/\"},\"author\":{\"name\":\"repam@adm\",\"@id\":\"https:\\\/\\\/www.repam.net\\\/es\\\/#\\\/schema\\\/person\\\/0c828bf04cf1abe6016cbe752c76a033\"},\"headline\":\"El Papa Francisco confirma y reafirma el proceso amaz\u00f3nico e anima a CEAMA y REPAM a seguir en la caminata sinodal\",\"datePublished\":\"2024-06-03T12:55:20+00:00\",\"dateModified\":\"2024-06-03T13:08:43+00:00\",\"mainEntityOfPage\":{\"@id\":\"https:\\\/\\\/www.repam.net\\\/es\\\/el-papa-francisco-confirma-y-reafirma-el-proceso-amazonico-e-anima-a-ceama-y-repam-a-seguir-en-la-caminata-sinodal\\\/\"},\"wordCount\":720,\"publisher\":{\"@id\":\"https:\\\/\\\/www.repam.net\\\/es\\\/#organization\"},\"image\":{\"@id\":\"https:\\\/\\\/www.repam.net\\\/es\\\/el-papa-francisco-confirma-y-reafirma-el-proceso-amazonico-e-anima-a-ceama-y-repam-a-seguir-en-la-caminata-sinodal\\\/#primaryimage\"},\"thumbnailUrl\":\"https:\\\/\\\/www.repam.net\\\/es\\\/wp-content\\\/uploads\\\/2024\\\/06\\\/repam-e-ceama.jpeg\",\"keywords\":[\"Amazon\u00eda\",\"Bolivia\",\"Derechos Humanos\",\"Papa Francisco\",\"pueblos ind\u00edgenas\",\"Querida Amazon\u00eda\",\"REPAM\",\"S\u00ednodo Amaz\u00f3nico\"],\"articleSection\":[\"Noticias\",\"Papa Francisco\"],\"inLanguage\":\"es-CO\"},{\"@type\":\"WebPage\",\"@id\":\"https:\\\/\\\/www.repam.net\\\/es\\\/el-papa-francisco-confirma-y-reafirma-el-proceso-amazonico-e-anima-a-ceama-y-repam-a-seguir-en-la-caminata-sinodal\\\/\",\"url\":\"https:\\\/\\\/www.repam.net\\\/es\\\/el-papa-francisco-confirma-y-reafirma-el-proceso-amazonico-e-anima-a-ceama-y-repam-a-seguir-en-la-caminata-sinodal\\\/\",\"name\":\"El Papa Francisco confirma y reafirma el proceso amaz\u00f3nico e anima a CEAMA y REPAM a seguir en la caminata sinodal - REPAM\",\"isPartOf\":{\"@id\":\"https:\\\/\\\/www.repam.net\\\/es\\\/#website\"},\"primaryImageOfPage\":{\"@id\":\"https:\\\/\\\/www.repam.net\\\/es\\\/el-papa-francisco-confirma-y-reafirma-el-proceso-amazonico-e-anima-a-ceama-y-repam-a-seguir-en-la-caminata-sinodal\\\/#primaryimage\"},\"image\":{\"@id\":\"https:\\\/\\\/www.repam.net\\\/es\\\/el-papa-francisco-confirma-y-reafirma-el-proceso-amazonico-e-anima-a-ceama-y-repam-a-seguir-en-la-caminata-sinodal\\\/#primaryimage\"},\"thumbnailUrl\":\"https:\\\/\\\/www.repam.net\\\/es\\\/wp-content\\\/uploads\\\/2024\\\/06\\\/repam-e-ceama.jpeg\",\"datePublished\":\"2024-06-03T12:55:20+00:00\",\"dateModified\":\"2024-06-03T13:08:43+00:00\",\"breadcrumb\":{\"@id\":\"https:\\\/\\\/www.repam.net\\\/es\\\/el-papa-francisco-confirma-y-reafirma-el-proceso-amazonico-e-anima-a-ceama-y-repam-a-seguir-en-la-caminata-sinodal\\\/#breadcrumb\"},\"inLanguage\":\"es-CO\",\"potentialAction\":[{\"@type\":\"ReadAction\",\"target\":[\"https:\\\/\\\/www.repam.net\\\/es\\\/el-papa-francisco-confirma-y-reafirma-el-proceso-amazonico-e-anima-a-ceama-y-repam-a-seguir-en-la-caminata-sinodal\\\/\"]}]},{\"@type\":\"ImageObject\",\"inLanguage\":\"es-CO\",\"@id\":\"https:\\\/\\\/www.repam.net\\\/es\\\/el-papa-francisco-confirma-y-reafirma-el-proceso-amazonico-e-anima-a-ceama-y-repam-a-seguir-en-la-caminata-sinodal\\\/#primaryimage\",\"url\":\"https:\\\/\\\/www.repam.net\\\/es\\\/wp-content\\\/uploads\\\/2024\\\/06\\\/repam-e-ceama.jpeg\",\"contentUrl\":\"https:\\\/\\\/www.repam.net\\\/es\\\/wp-content\\\/uploads\\\/2024\\\/06\\\/repam-e-ceama.jpeg\",\"width\":1600,\"height\":1066},{\"@type\":\"BreadcrumbList\",\"@id\":\"https:\\\/\\\/www.repam.net\\\/es\\\/el-papa-francisco-confirma-y-reafirma-el-proceso-amazonico-e-anima-a-ceama-y-repam-a-seguir-en-la-caminata-sinodal\\\/#breadcrumb\",\"itemListElement\":[{\"@type\":\"ListItem\",\"position\":1,\"name\":\"Inicio\",\"item\":\"https:\\\/\\\/www.repam.net\\\/es\\\/\"},{\"@type\":\"ListItem\",\"position\":2,\"name\":\"El Papa Francisco confirma y reafirma el proceso amaz\u00f3nico e anima a CEAMA y REPAM a seguir en la caminata sinodal\"}]},{\"@type\":\"WebSite\",\"@id\":\"https:\\\/\\\/www.repam.net\\\/es\\\/#website\",\"url\":\"https:\\\/\\\/www.repam.net\\\/es\\\/\",\"name\":\"REPAM\",\"description\":\"Red Eclesial Panamaz\u00f3nica\",\"publisher\":{\"@id\":\"https:\\\/\\\/www.repam.net\\\/es\\\/#organization\"},\"potentialAction\":[{\"@type\":\"SearchAction\",\"target\":{\"@type\":\"EntryPoint\",\"urlTemplate\":\"https:\\\/\\\/www.repam.net\\\/es\\\/?s={search_term_string}\"},\"query-input\":{\"@type\":\"PropertyValueSpecification\",\"valueRequired\":true,\"valueName\":\"search_term_string\"}}],\"inLanguage\":\"es-CO\"},{\"@type\":\"Organization\",\"@id\":\"https:\\\/\\\/www.repam.net\\\/es\\\/#organization\",\"name\":\"REPAM\",\"url\":\"https:\\\/\\\/www.repam.net\\\/es\\\/\",\"logo\":{\"@type\":\"ImageObject\",\"inLanguage\":\"es-CO\",\"@id\":\"https:\\\/\\\/www.repam.net\\\/es\\\/#\\\/schema\\\/logo\\\/image\\\/\",\"url\":\"https:\\\/\\\/www.repam.net\\\/es\\\/wp-content\\\/uploads\\\/2021\\\/11\\\/cropped-favicon.png\",\"contentUrl\":\"https:\\\/\\\/www.repam.net\\\/es\\\/wp-content\\\/uploads\\\/2021\\\/11\\\/cropped-favicon.png\",\"width\":512,\"height\":512,\"caption\":\"REPAM\"},\"image\":{\"@id\":\"https:\\\/\\\/www.repam.net\\\/es\\\/#\\\/schema\\\/logo\\\/image\\\/\"}},{\"@type\":\"Person\",\"@id\":\"https:\\\/\\\/www.repam.net\\\/es\\\/#\\\/schema\\\/person\\\/0c828bf04cf1abe6016cbe752c76a033\",\"name\":\"repam@adm\",\"image\":{\"@type\":\"ImageObject\",\"inLanguage\":\"es-CO\",\"@id\":\"https:\\\/\\\/secure.gravatar.com\\\/avatar\\\/b18234ea6de5d74563e52ca7bfdad9d2b029b514c935b38a2790717abf8f2e5f?s=96&d=mm&r=g\",\"url\":\"https:\\\/\\\/secure.gravatar.com\\\/avatar\\\/b18234ea6de5d74563e52ca7bfdad9d2b029b514c935b38a2790717abf8f2e5f?s=96&d=mm&r=g\",\"contentUrl\":\"https:\\\/\\\/secure.gravatar.com\\\/avatar\\\/b18234ea6de5d74563e52ca7bfdad9d2b029b514c935b38a2790717abf8f2e5f?s=96&d=mm&r=g\",\"caption\":\"repam@adm\"},\"sameAs\":[\"http:\\\/\\\/repam.net\"],\"url\":\"https:\\\/\\\/www.repam.net\\\/es\\\/author\\\/repamadm\\\/\"}]}<\/script>\n<!-- \/ Yoast SEO plugin. -->","yoast_head_json":{"title":"El Papa Francisco confirma y reafirma el proceso amaz\u00f3nico e anima a CEAMA y REPAM a seguir en la caminata sinodal - REPAM","robots":{"index":"index","follow":"follow","max-snippet":"max-snippet:-1","max-image-preview":"max-image-preview:large","max-video-preview":"max-video-preview:-1"},"canonical":"https:\/\/www.repam.net\/es\/el-papa-francisco-confirma-y-reafirma-el-proceso-amazonico-e-anima-a-ceama-y-repam-a-seguir-en-la-caminata-sinodal\/","og_locale":"es_ES","og_type":"article","og_title":"El Papa Francisco confirma y reafirma el proceso amaz\u00f3nico e anima a CEAMA y REPAM a seguir en la caminata sinodal - REPAM","og_description":"Durante una audiencia en la ma\u00f1ana del lunes 03 de junio en el Vaticano, Roma, el Papa Francisco recibi\u00f3 a las presidencias, secretar\u00edas ejecutivas y asesores de CEAMA y REPAM en un encuentro hist\u00f3rico y significativo, siendo la primera reuni\u00f3n oficial entre el pont\u00edfice y estas organizaciones hermanas que act\u00faan en el territorio amaz\u00f3nico. Por [&hellip;]","og_url":"https:\/\/www.repam.net\/es\/el-papa-francisco-confirma-y-reafirma-el-proceso-amazonico-e-anima-a-ceama-y-repam-a-seguir-en-la-caminata-sinodal\/","og_site_name":"REPAM","article_published_time":"2024-06-03T12:55:20+00:00","article_modified_time":"2024-06-03T13:08:43+00:00","og_image":[{"width":1600,"height":1066,"url":"https:\/\/www.repam.net\/es\/wp-content\/uploads\/2024\/06\/repam-e-ceama.jpeg","type":"image\/jpeg"}],"author":"repam@adm","twitter_card":"summary_large_image","twitter_misc":{"Escrito por":"repam@adm","Tiempo de lectura":"3 minutos"},"schema":{"@context":"https:\/\/schema.org","@graph":[{"@type":"Article","@id":"https:\/\/www.repam.net\/es\/el-papa-francisco-confirma-y-reafirma-el-proceso-amazonico-e-anima-a-ceama-y-repam-a-seguir-en-la-caminata-sinodal\/#article","isPartOf":{"@id":"https:\/\/www.repam.net\/es\/el-papa-francisco-confirma-y-reafirma-el-proceso-amazonico-e-anima-a-ceama-y-repam-a-seguir-en-la-caminata-sinodal\/"},"author":{"name":"repam@adm","@id":"https:\/\/www.repam.net\/es\/#\/schema\/person\/0c828bf04cf1abe6016cbe752c76a033"},"headline":"El Papa Francisco confirma y reafirma el proceso amaz\u00f3nico e anima a CEAMA y REPAM a seguir en la caminata sinodal","datePublished":"2024-06-03T12:55:20+00:00","dateModified":"2024-06-03T13:08:43+00:00","mainEntityOfPage":{"@id":"https:\/\/www.repam.net\/es\/el-papa-francisco-confirma-y-reafirma-el-proceso-amazonico-e-anima-a-ceama-y-repam-a-seguir-en-la-caminata-sinodal\/"},"wordCount":720,"publisher":{"@id":"https:\/\/www.repam.net\/es\/#organization"},"image":{"@id":"https:\/\/www.repam.net\/es\/el-papa-francisco-confirma-y-reafirma-el-proceso-amazonico-e-anima-a-ceama-y-repam-a-seguir-en-la-caminata-sinodal\/#primaryimage"},"thumbnailUrl":"https:\/\/www.repam.net\/es\/wp-content\/uploads\/2024\/06\/repam-e-ceama.jpeg","keywords":["Amazon\u00eda","Bolivia","Derechos Humanos","Papa Francisco","pueblos ind\u00edgenas","Querida Amazon\u00eda","REPAM","S\u00ednodo Amaz\u00f3nico"],"articleSection":["Noticias","Papa Francisco"],"inLanguage":"es-CO"},{"@type":"WebPage","@id":"https:\/\/www.repam.net\/es\/el-papa-francisco-confirma-y-reafirma-el-proceso-amazonico-e-anima-a-ceama-y-repam-a-seguir-en-la-caminata-sinodal\/","url":"https:\/\/www.repam.net\/es\/el-papa-francisco-confirma-y-reafirma-el-proceso-amazonico-e-anima-a-ceama-y-repam-a-seguir-en-la-caminata-sinodal\/","name":"El Papa Francisco confirma y reafirma el proceso amaz\u00f3nico e anima a CEAMA y REPAM a seguir en la caminata sinodal - REPAM","isPartOf":{"@id":"https:\/\/www.repam.net\/es\/#website"},"primaryImageOfPage":{"@id":"https:\/\/www.repam.net\/es\/el-papa-francisco-confirma-y-reafirma-el-proceso-amazonico-e-anima-a-ceama-y-repam-a-seguir-en-la-caminata-sinodal\/#primaryimage"},"image":{"@id":"https:\/\/www.repam.net\/es\/el-papa-francisco-confirma-y-reafirma-el-proceso-amazonico-e-anima-a-ceama-y-repam-a-seguir-en-la-caminata-sinodal\/#primaryimage"},"thumbnailUrl":"https:\/\/www.repam.net\/es\/wp-content\/uploads\/2024\/06\/repam-e-ceama.jpeg","datePublished":"2024-06-03T12:55:20+00:00","dateModified":"2024-06-03T13:08:43+00:00","breadcrumb":{"@id":"https:\/\/www.repam.net\/es\/el-papa-francisco-confirma-y-reafirma-el-proceso-amazonico-e-anima-a-ceama-y-repam-a-seguir-en-la-caminata-sinodal\/#breadcrumb"},"inLanguage":"es-CO","potentialAction":[{"@type":"ReadAction","target":["https:\/\/www.repam.net\/es\/el-papa-francisco-confirma-y-reafirma-el-proceso-amazonico-e-anima-a-ceama-y-repam-a-seguir-en-la-caminata-sinodal\/"]}]},{"@type":"ImageObject","inLanguage":"es-CO","@id":"https:\/\/www.repam.net\/es\/el-papa-francisco-confirma-y-reafirma-el-proceso-amazonico-e-anima-a-ceama-y-repam-a-seguir-en-la-caminata-sinodal\/#primaryimage","url":"https:\/\/www.repam.net\/es\/wp-content\/uploads\/2024\/06\/repam-e-ceama.jpeg","contentUrl":"https:\/\/www.repam.net\/es\/wp-content\/uploads\/2024\/06\/repam-e-ceama.jpeg","width":1600,"height":1066},{"@type":"BreadcrumbList","@id":"https:\/\/www.repam.net\/es\/el-papa-francisco-confirma-y-reafirma-el-proceso-amazonico-e-anima-a-ceama-y-repam-a-seguir-en-la-caminata-sinodal\/#breadcrumb","itemListElement":[{"@type":"ListItem","position":1,"name":"Inicio","item":"https:\/\/www.repam.net\/es\/"},{"@type":"ListItem","position":2,"name":"El Papa Francisco confirma y reafirma el proceso amaz\u00f3nico e anima a CEAMA y REPAM a seguir en la caminata sinodal"}]},{"@type":"WebSite","@id":"https:\/\/www.repam.net\/es\/#website","url":"https:\/\/www.repam.net\/es\/","name":"REPAM","description":"Red Eclesial Panamaz\u00f3nica","publisher":{"@id":"https:\/\/www.repam.net\/es\/#organization"},"potentialAction":[{"@type":"SearchAction","target":{"@type":"EntryPoint","urlTemplate":"https:\/\/www.repam.net\/es\/?s={search_term_string}"},"query-input":{"@type":"PropertyValueSpecification","valueRequired":true,"valueName":"search_term_string"}}],"inLanguage":"es-CO"},{"@type":"Organization","@id":"https:\/\/www.repam.net\/es\/#organization","name":"REPAM","url":"https:\/\/www.repam.net\/es\/","logo":{"@type":"ImageObject","inLanguage":"es-CO","@id":"https:\/\/www.repam.net\/es\/#\/schema\/logo\/image\/","url":"https:\/\/www.repam.net\/es\/wp-content\/uploads\/2021\/11\/cropped-favicon.png","contentUrl":"https:\/\/www.repam.net\/es\/wp-content\/uploads\/2021\/11\/cropped-favicon.png","width":512,"height":512,"caption":"REPAM"},"image":{"@id":"https:\/\/www.repam.net\/es\/#\/schema\/logo\/image\/"}},{"@type":"Person","@id":"https:\/\/www.repam.net\/es\/#\/schema\/person\/0c828bf04cf1abe6016cbe752c76a033","name":"repam@adm","image":{"@type":"ImageObject","inLanguage":"es-CO","@id":"https:\/\/secure.gravatar.com\/avatar\/b18234ea6de5d74563e52ca7bfdad9d2b029b514c935b38a2790717abf8f2e5f?s=96&d=mm&r=g","url":"https:\/\/secure.gravatar.com\/avatar\/b18234ea6de5d74563e52ca7bfdad9d2b029b514c935b38a2790717abf8f2e5f?s=96&d=mm&r=g","contentUrl":"https:\/\/secure.gravatar.com\/avatar\/b18234ea6de5d74563e52ca7bfdad9d2b029b514c935b38a2790717abf8f2e5f?s=96&d=mm&r=g","caption":"repam@adm"},"sameAs":["http:\/\/repam.net"],"url":"https:\/\/www.repam.net\/es\/author\/repamadm\/"}]}},"_links":{"self":[{"href":"https:\/\/www.repam.net\/es\/wp-json\/wp\/v2\/posts\/11266","targetHints":{"allow":["GET"]}}],"collection":[{"href":"https:\/\/www.repam.net\/es\/wp-json\/wp\/v2\/posts"}],"about":[{"href":"https:\/\/www.repam.net\/es\/wp-json\/wp\/v2\/types\/post"}],"author":[{"embeddable":true,"href":"https:\/\/www.repam.net\/es\/wp-json\/wp\/v2\/users\/1"}],"replies":[{"embeddable":true,"href":"https:\/\/www.repam.net\/es\/wp-json\/wp\/v2\/comments?post=11266"}],"version-history":[{"count":2,"href":"https:\/\/www.repam.net\/es\/wp-json\/wp\/v2\/posts\/11266\/revisions"}],"predecessor-version":[{"id":11276,"href":"https:\/\/www.repam.net\/es\/wp-json\/wp\/v2\/posts\/11266\/revisions\/11276"}],"wp:featuredmedia":[{"embeddable":true,"href":"https:\/\/www.repam.net\/es\/wp-json\/wp\/v2\/media\/11267"}],"wp:attachment":[{"href":"https:\/\/www.repam.net\/es\/wp-json\/wp\/v2\/media?parent=11266"}],"wp:term":[{"taxonomy":"category","embeddable":true,"href":"https:\/\/www.repam.net\/es\/wp-json\/wp\/v2\/categories?post=11266"},{"taxonomy":"post_tag","embeddable":true,"href":"https:\/\/www.repam.net\/es\/wp-json\/wp\/v2\/tags?post=11266"}],"curies":[{"name":"wp","href":"https:\/\/api.w.org\/{rel}","templated":true}]}}