{"id":1139,"date":"2021-08-18T00:00:00","date_gmt":"2021-08-18T05:00:00","guid":{"rendered":"http:\/\/repam.net\/mujeres-lideran-la-actual-movilizacion-de-organizaciones-indigenas-en-bolivia\/"},"modified":"2021-09-29T18:10:16","modified_gmt":"2021-09-29T23:10:16","slug":"mujeres-lideran-la-actual-movilizacion-de-organizaciones-indigenas-en-bolivia","status":"publish","type":"post","link":"https:\/\/www.repam.net\/es\/mujeres-lideran-la-actual-movilizacion-de-organizaciones-indigenas-en-bolivia\/","title":{"rendered":"Mujeres lideran la actual movilizaci\u00f3n de organizaciones ind\u00edgenas en Bolivia"},"content":{"rendered":"<blockquote>\n<p>Por primera vez en la historia de las organizaciones ind&iacute;genas de tierras bajas, la movilizaci&oacute;n iniciada este fin de semana en San Ignacio de Mojos, departamento de Beni, Bolivia, est&aacute; liderada por mujeres, las cuales est&aacute;n a la cabeza de las subcentrales que aglutinan a los distintos Cabildos y a su vez apoyadas por las 5 principales regionales ind&iacute;genas del departamento.<\/p>\n<\/blockquote>\n<p><em><strong>Por Agencia de Noticias Fides-ANF<\/strong><\/em><\/p>\n<p>A la cabeza de la movilizaci&oacute;n se encuentra la subcentral del Territorio Ind&iacute;gena Multi&eacute;tnico (TIM 1), con el liderazgo de Aurora Limpias Zeballos, primera presidenta de la organizaci&oacute;n ind&iacute;gena desde la creaci&oacute;n de la misma, a finales de los&nbsp; a&ntilde;os 80, del siglo pasado.<\/p>\n<p>&ldquo;Enfrentar este primer bloqueo como presidenta del TIM 1 es un gran desaf&iacute;o, un examen, como mujer y como l&iacute;der de un gran territorio del cual me siento muy orgullosa de ser parte, de ser dirigente. Ahora le cuento que tenemos un gran apoyo de las bases, queremos que nos escuchen y queremos ser reconocidos&rdquo;, declar&oacute; Limpias.<\/p>\n<p><img loading=\"lazy\" decoding=\"async\" class=\"aligncenter size-full \" src=\"https:\/\/www.repam.net\/es\/wp-content\/uploads\/2021\/09\/Mujeres-mojenas-Beni.jpg\" alt=\"\" width=\"1600\" height=\"720\"><\/p>\n<p>El TIM 1 demanda al Tribunal Constitucional Plurinacional de Bolivia y a la Asamblea Legislativa Plurinacional dar curso a su proceso auton&oacute;mico, con la aprobaci&oacute;n final de sus estatutos y la ley de creaci&oacute;n de unidad territorial.<\/p>\n<p>Una segunda mujer al frente de la protesta es Juana Bejarano, quien encabeza la subcentral del Territorio Ind&iacute;gena Multi&eacute;tnico Ignaciano (TIMI), y que fue elegida por los 19 corregidores de la subcentral.<\/p>\n<p>&ldquo;Tenemos tres puntos espec&iacute;ficos, el tema agrario ya que como TIMI hace 11 a&ntilde;os venimos demandando tierra y territorio; hasta ahora el Gobierno no ha dado o&iacute;do (a nuestras demandas), entonces es por eso que tambi&eacute;n estamos presentes como territorio&rdquo;, asegur&oacute; Bejarano.<\/p>\n<p>&ldquo;Otro punto (es) el tema municipal ya que el honorable alcalde municipal nunca coordin&oacute; con los territorios para poder hacer el recorte de los recursos de los distritos, estamos aqu&iacute; presentes para hacernos respetar como pueblos ind&iacute;genas (&hellip;) mientras el Alcalde no nos d&eacute; o&iacute;dos nosotros no nos vamos a mover de aqu&iacute;&rdquo;, complement&oacute; la dirigente del TIMI en conferencia de prensa.<\/p>\n<p><img loading=\"lazy\" decoding=\"async\" class=\"aligncenter size-full \" src=\"https:\/\/www.repam.net\/es\/wp-content\/uploads\/2021\/09\/Mujeres-de-San-Ignacio-de-Mojos-Beni.jpg\" alt=\"\" width=\"1280\" height=\"1195\"><\/p>\n<p>Ambas subcentrales (TIM-1 y TIMI) tienen tambi&eacute;n organizaciones s&oacute;lo de mujeres; la subcentral de Mujeres del TIMI, est&aacute; bajo el liderazgo de Rosario Cunavi y a la cabeza de la subcentral de mujeres del TIM-1, se encuentra Paulina Noza, y que se hallan participando del punto de bloqueo instalado en la carretera que comunica San Ignacio de Mojos con san Borja, camino a La Paz, desde el domingo 15 de agosto.<\/p>\n<p>Hasta el lunes, hab&iacute;an llegado representantes del Gran Concejo Chim&aacute;n, miembros de la &eacute;tnica Cavine&ntilde;a -en representaci&oacute;n del Centro Ind&iacute;gena de la Regi&oacute;n Amaz&oacute;nica de Bolivia (CIRABO)-, as&iacute; como todas las subcentrales que componen la Central de Pueblos &Eacute;tnicos Moje&ntilde;os del Beni (CPEMB), con sus respectivos representantes.<\/p>\n<h5><b>Empoderamiento de las mujeres ind&iacute;genas&nbsp;<\/b><\/h5>\n<p>No solo las dirigencias de dos de las m&aacute;s importantes subcentrales del Beni est&aacute;n a cargo de mujeres, sino tambi&eacute;n cargos pol&iacute;ticos tanto a nivel nacional como departamental.<\/p>\n<p>Maribel Daza, que viene de la organizaci&oacute;n ind&iacute;gena, es actualmente secretaria de Desarrollo Ind&iacute;gena de la Gobernaci&oacute;n del Beni. De igual manera, Cecilia Moyoviri, dirigente moje&ntilde;a, es actualmente senadora del Beni por Comunidad Ciudadana (CC).<\/p>\n<p>&ldquo;Yo tengo una trayectoria, vengo ejerciendo cargos org&aacute;nicos desde abajo desde mi subcentral, vengo subiendo, fui Concejal (municipal), tuve cinco a&ntilde;os de Concejal, estuve a la cabeza como departamental en mi regional (CPEMB), entonces he venido escalando, me capacit&eacute; como lideresa ind&iacute;gena&rdquo;, relat&oacute; Maribel Daza.<\/p>\n<h5><b>La lucha ind&iacute;gena por su Autonom&iacute;a<\/b><\/h5>\n<p>El 15 de agosto, se realiz&oacute; la conmemoraci&oacute;n de los 31 a&ntilde;os desde el inicio de la primera marcha ind&iacute;gena, liderada por pueblos de tierras bajas, &ldquo;por el territorio y la vida&rdquo;, que lleg&oacute; hasta la sede de Gobierno. En esa primera marcha se logr&oacute; el reconocimiento por parte del Estado de la propiedad de pueblos ind&iacute;genas sobre tierras fiscales, cre&aacute;ndose as&iacute; territorios como el TIPNIS, el TIM 1, el TIMI, adem&aacute;s de TCOs.<\/p>\n<p>Luego de la celebraci&oacute;n, en la v&iacute;spera, se determin&oacute; iniciar el bloqueo de caminos para exigir a las autoridades judiciales, legislativas y el Gobierno, el reconocimiento pleno de su Autonom&iacute;a Ind&iacute;gena.<\/p>\n<p>El TIM 1 comenz&oacute; el tr&aacute;mite de su autonom&iacute;a ind&iacute;gena hace m&aacute;s de una d&eacute;cada.&nbsp;En diciembre de 2020 aprob&oacute; a trav&eacute;s de normas y procedimientos propios su estatuto auton&oacute;mico, luego de que este obtuvo la declaraci&oacute;n plena de constitucionalidad.<\/p>\n<p>Sin embargo, la modificaci&oacute;n de la Ley Marco de Autonom&iacute;as,&nbsp;sobre la forma de aprobaci&oacute;n de la norma b&aacute;sica institucional para los procesos por la v&iacute;a territorial obligaron a cambiar uno de los art&iacute;culos transitorios de su estatuto auton&oacute;mico, referido, precisamente, a la aprobaci&oacute;n del estatuto.&nbsp;La modificaci&oacute;n fue enviada al Tribunal Constitucional Plurinacional (TCP), instancia que hasta la fecha no emite una respuesta.<\/p>\n<p>Otro de los requisitos&nbsp;que a&uacute;n deben completar para su acceso a la autonom&iacute;a ind&iacute;gena&nbsp;es la Ley de Creaci&oacute;n de Unidad Territorial&nbsp;que debe ser emitida por la Asamblea Legislativa Plurinacional. El proyecto de ley fue entregado en enero de 2020, sin embargo&nbsp;hasta la fecha tampoco logr&oacute; una respuesta, pese a las reuniones que sostuvieron los dirigentes con los legisladores.<\/p>\n<p>Hasta este mi&eacute;rcoles 18 de agosto aproximadamente 500 ind&iacute;genas de territorios del departamento de Beni cumplieron el tercer d&iacute;a de bloqueo del tramo de la carretera San Ignacio &ndash; San Borja, en demanda de atenci&oacute;n a su sector. En una conferencia de prensa pidieron al gobierno entablar un di&aacute;logo y manifestaron que es &ldquo;un bloqueo indefinido&rdquo;.<\/p><\/p>\n","protected":false},"excerpt":{"rendered":"<p>Por primera vez en la historia de las organizaciones ind&iacute;genas de tierras bajas, la movilizaci&oacute;n iniciada este fin de semana en San Ignacio de Mojos, departamento de Beni, Bolivia, est&aacute; liderada por mujeres, las cuales est&aacute;n a la cabeza de las subcentrales que aglutinan a los distintos Cabildos y a su vez apoyadas por las [&hellip;]<\/p>\n","protected":false},"author":1,"featured_media":1140,"comment_status":"closed","ping_status":"closed","sticky":false,"template":"","format":"standard","meta":{"_acf_changed":false,"_uf_show_specific_survey":0,"_uf_disable_surveys":false,"footnotes":""},"categories":[4,32],"tags":[126,47,127,128,129,16,130,131],"class_list":["post-1139","post","type-post","status-publish","format-standard","has-post-thumbnail","hentry","category-noticias","category-pueblos-indigenas","tag-beni","tag-bolivia","tag-exigibilidad-de-derechos","tag-lideres-indigenas","tag-mujeres-indigenas","tag-pueblos-indigenas","tag-territorio-multienico","tag-tierra-y-territorio"],"acf":[],"aioseo_notices":[],"yoast_head":"<!-- This site is optimized with the Yoast SEO plugin v27.5 - https:\/\/yoast.com\/product\/yoast-seo-wordpress\/ -->\n<title>Mujeres lideran la actual movilizaci\u00f3n de organizaciones ind\u00edgenas en Bolivia - REPAM<\/title>\n<meta name=\"robots\" content=\"index, follow, max-snippet:-1, max-image-preview:large, max-video-preview:-1\" \/>\n<link rel=\"canonical\" href=\"https:\/\/www.repam.net\/es\/mujeres-lideran-la-actual-movilizacion-de-organizaciones-indigenas-en-bolivia\/\" \/>\n<meta property=\"og:locale\" content=\"es_ES\" \/>\n<meta property=\"og:type\" content=\"article\" \/>\n<meta property=\"og:title\" content=\"Mujeres lideran la actual movilizaci\u00f3n de organizaciones ind\u00edgenas en Bolivia - REPAM\" \/>\n<meta property=\"og:description\" content=\"Por primera vez en la historia de las organizaciones ind&iacute;genas de tierras bajas, la movilizaci&oacute;n iniciada este fin de semana en San Ignacio de Mojos, departamento de Beni, Bolivia, est&aacute; liderada por mujeres, las cuales est&aacute;n a la cabeza de las subcentrales que aglutinan a los distintos Cabildos y a su vez apoyadas por las [&hellip;]\" \/>\n<meta property=\"og:url\" content=\"https:\/\/www.repam.net\/es\/mujeres-lideran-la-actual-movilizacion-de-organizaciones-indigenas-en-bolivia\/\" \/>\n<meta property=\"og:site_name\" content=\"REPAM\" \/>\n<meta property=\"article:published_time\" content=\"2021-08-18T05:00:00+00:00\" \/>\n<meta property=\"article:modified_time\" content=\"2021-09-29T23:10:16+00:00\" \/>\n<meta property=\"og:image\" content=\"https:\/\/www.repam.net\/es\/wp-content\/uploads\/2021\/09\/Mujeres-indigenas-Beni-Bolivia.png\" \/>\n\t<meta property=\"og:image:width\" content=\"750\" \/>\n\t<meta property=\"og:image:height\" content=\"420\" \/>\n\t<meta property=\"og:image:type\" content=\"image\/png\" \/>\n<meta name=\"author\" content=\"repam@adm\" \/>\n<meta name=\"twitter:card\" content=\"summary_large_image\" \/>\n<meta name=\"twitter:label1\" content=\"Escrito por\" \/>\n\t<meta name=\"twitter:data1\" content=\"repam@adm\" \/>\n\t<meta name=\"twitter:label2\" content=\"Tiempo de lectura\" \/>\n\t<meta name=\"twitter:data2\" content=\"6 minutos\" \/>\n<script type=\"application\/ld+json\" class=\"yoast-schema-graph\">{\"@context\":\"https:\\\/\\\/schema.org\",\"@graph\":[{\"@type\":\"Article\",\"@id\":\"https:\\\/\\\/www.repam.net\\\/es\\\/mujeres-lideran-la-actual-movilizacion-de-organizaciones-indigenas-en-bolivia\\\/#article\",\"isPartOf\":{\"@id\":\"https:\\\/\\\/www.repam.net\\\/es\\\/mujeres-lideran-la-actual-movilizacion-de-organizaciones-indigenas-en-bolivia\\\/\"},\"author\":{\"name\":\"repam@adm\",\"@id\":\"https:\\\/\\\/www.repam.net\\\/es\\\/#\\\/schema\\\/person\\\/0c828bf04cf1abe6016cbe752c76a033\"},\"headline\":\"Mujeres lideran la actual movilizaci\u00f3n de organizaciones ind\u00edgenas en Bolivia\",\"datePublished\":\"2021-08-18T05:00:00+00:00\",\"dateModified\":\"2021-09-29T23:10:16+00:00\",\"mainEntityOfPage\":{\"@id\":\"https:\\\/\\\/www.repam.net\\\/es\\\/mujeres-lideran-la-actual-movilizacion-de-organizaciones-indigenas-en-bolivia\\\/\"},\"wordCount\":1114,\"publisher\":{\"@id\":\"https:\\\/\\\/www.repam.net\\\/es\\\/#organization\"},\"image\":{\"@id\":\"https:\\\/\\\/www.repam.net\\\/es\\\/mujeres-lideran-la-actual-movilizacion-de-organizaciones-indigenas-en-bolivia\\\/#primaryimage\"},\"thumbnailUrl\":\"https:\\\/\\\/www.repam.net\\\/es\\\/wp-content\\\/uploads\\\/2021\\\/09\\\/Mujeres-indigenas-Beni-Bolivia.png\",\"keywords\":[\"Beni\",\"Bolivia\",\"exigibilidad de derechos\",\"l\u00edderes ind\u00edgenas\",\"mujeres indigenas\",\"pueblos ind\u00edgenas\",\"Territorio Multi\u00e9nico\",\"Tierra y Territorio\"],\"articleSection\":[\"Noticias\",\"Pueblos Ind\u00edgenas\"],\"inLanguage\":\"es-CO\"},{\"@type\":\"WebPage\",\"@id\":\"https:\\\/\\\/www.repam.net\\\/es\\\/mujeres-lideran-la-actual-movilizacion-de-organizaciones-indigenas-en-bolivia\\\/\",\"url\":\"https:\\\/\\\/www.repam.net\\\/es\\\/mujeres-lideran-la-actual-movilizacion-de-organizaciones-indigenas-en-bolivia\\\/\",\"name\":\"Mujeres lideran la actual movilizaci\u00f3n de organizaciones ind\u00edgenas en Bolivia - REPAM\",\"isPartOf\":{\"@id\":\"https:\\\/\\\/www.repam.net\\\/es\\\/#website\"},\"primaryImageOfPage\":{\"@id\":\"https:\\\/\\\/www.repam.net\\\/es\\\/mujeres-lideran-la-actual-movilizacion-de-organizaciones-indigenas-en-bolivia\\\/#primaryimage\"},\"image\":{\"@id\":\"https:\\\/\\\/www.repam.net\\\/es\\\/mujeres-lideran-la-actual-movilizacion-de-organizaciones-indigenas-en-bolivia\\\/#primaryimage\"},\"thumbnailUrl\":\"https:\\\/\\\/www.repam.net\\\/es\\\/wp-content\\\/uploads\\\/2021\\\/09\\\/Mujeres-indigenas-Beni-Bolivia.png\",\"datePublished\":\"2021-08-18T05:00:00+00:00\",\"dateModified\":\"2021-09-29T23:10:16+00:00\",\"breadcrumb\":{\"@id\":\"https:\\\/\\\/www.repam.net\\\/es\\\/mujeres-lideran-la-actual-movilizacion-de-organizaciones-indigenas-en-bolivia\\\/#breadcrumb\"},\"inLanguage\":\"es-CO\",\"potentialAction\":[{\"@type\":\"ReadAction\",\"target\":[\"https:\\\/\\\/www.repam.net\\\/es\\\/mujeres-lideran-la-actual-movilizacion-de-organizaciones-indigenas-en-bolivia\\\/\"]}]},{\"@type\":\"ImageObject\",\"inLanguage\":\"es-CO\",\"@id\":\"https:\\\/\\\/www.repam.net\\\/es\\\/mujeres-lideran-la-actual-movilizacion-de-organizaciones-indigenas-en-bolivia\\\/#primaryimage\",\"url\":\"https:\\\/\\\/www.repam.net\\\/es\\\/wp-content\\\/uploads\\\/2021\\\/09\\\/Mujeres-indigenas-Beni-Bolivia.png\",\"contentUrl\":\"https:\\\/\\\/www.repam.net\\\/es\\\/wp-content\\\/uploads\\\/2021\\\/09\\\/Mujeres-indigenas-Beni-Bolivia.png\",\"width\":750,\"height\":420},{\"@type\":\"BreadcrumbList\",\"@id\":\"https:\\\/\\\/www.repam.net\\\/es\\\/mujeres-lideran-la-actual-movilizacion-de-organizaciones-indigenas-en-bolivia\\\/#breadcrumb\",\"itemListElement\":[{\"@type\":\"ListItem\",\"position\":1,\"name\":\"Inicio\",\"item\":\"https:\\\/\\\/www.repam.net\\\/es\\\/\"},{\"@type\":\"ListItem\",\"position\":2,\"name\":\"Mujeres lideran la actual movilizaci\u00f3n de organizaciones ind\u00edgenas en Bolivia\"}]},{\"@type\":\"WebSite\",\"@id\":\"https:\\\/\\\/www.repam.net\\\/es\\\/#website\",\"url\":\"https:\\\/\\\/www.repam.net\\\/es\\\/\",\"name\":\"REPAM\",\"description\":\"Red Eclesial Panamaz\u00f3nica\",\"publisher\":{\"@id\":\"https:\\\/\\\/www.repam.net\\\/es\\\/#organization\"},\"potentialAction\":[{\"@type\":\"SearchAction\",\"target\":{\"@type\":\"EntryPoint\",\"urlTemplate\":\"https:\\\/\\\/www.repam.net\\\/es\\\/?s={search_term_string}\"},\"query-input\":{\"@type\":\"PropertyValueSpecification\",\"valueRequired\":true,\"valueName\":\"search_term_string\"}}],\"inLanguage\":\"es-CO\"},{\"@type\":\"Organization\",\"@id\":\"https:\\\/\\\/www.repam.net\\\/es\\\/#organization\",\"name\":\"REPAM\",\"url\":\"https:\\\/\\\/www.repam.net\\\/es\\\/\",\"logo\":{\"@type\":\"ImageObject\",\"inLanguage\":\"es-CO\",\"@id\":\"https:\\\/\\\/www.repam.net\\\/es\\\/#\\\/schema\\\/logo\\\/image\\\/\",\"url\":\"https:\\\/\\\/www.repam.net\\\/es\\\/wp-content\\\/uploads\\\/2021\\\/11\\\/cropped-favicon.png\",\"contentUrl\":\"https:\\\/\\\/www.repam.net\\\/es\\\/wp-content\\\/uploads\\\/2021\\\/11\\\/cropped-favicon.png\",\"width\":512,\"height\":512,\"caption\":\"REPAM\"},\"image\":{\"@id\":\"https:\\\/\\\/www.repam.net\\\/es\\\/#\\\/schema\\\/logo\\\/image\\\/\"}},{\"@type\":\"Person\",\"@id\":\"https:\\\/\\\/www.repam.net\\\/es\\\/#\\\/schema\\\/person\\\/0c828bf04cf1abe6016cbe752c76a033\",\"name\":\"repam@adm\",\"image\":{\"@type\":\"ImageObject\",\"inLanguage\":\"es-CO\",\"@id\":\"https:\\\/\\\/secure.gravatar.com\\\/avatar\\\/b18234ea6de5d74563e52ca7bfdad9d2b029b514c935b38a2790717abf8f2e5f?s=96&d=mm&r=g\",\"url\":\"https:\\\/\\\/secure.gravatar.com\\\/avatar\\\/b18234ea6de5d74563e52ca7bfdad9d2b029b514c935b38a2790717abf8f2e5f?s=96&d=mm&r=g\",\"contentUrl\":\"https:\\\/\\\/secure.gravatar.com\\\/avatar\\\/b18234ea6de5d74563e52ca7bfdad9d2b029b514c935b38a2790717abf8f2e5f?s=96&d=mm&r=g\",\"caption\":\"repam@adm\"},\"sameAs\":[\"http:\\\/\\\/repam.net\"],\"url\":\"https:\\\/\\\/www.repam.net\\\/es\\\/author\\\/repamadm\\\/\"}]}<\/script>\n<!-- \/ Yoast SEO plugin. -->","yoast_head_json":{"title":"Mujeres lideran la actual movilizaci\u00f3n de organizaciones ind\u00edgenas en Bolivia - REPAM","robots":{"index":"index","follow":"follow","max-snippet":"max-snippet:-1","max-image-preview":"max-image-preview:large","max-video-preview":"max-video-preview:-1"},"canonical":"https:\/\/www.repam.net\/es\/mujeres-lideran-la-actual-movilizacion-de-organizaciones-indigenas-en-bolivia\/","og_locale":"es_ES","og_type":"article","og_title":"Mujeres lideran la actual movilizaci\u00f3n de organizaciones ind\u00edgenas en Bolivia - REPAM","og_description":"Por primera vez en la historia de las organizaciones ind&iacute;genas de tierras bajas, la movilizaci&oacute;n iniciada este fin de semana en San Ignacio de Mojos, departamento de Beni, Bolivia, est&aacute; liderada por mujeres, las cuales est&aacute;n a la cabeza de las subcentrales que aglutinan a los distintos Cabildos y a su vez apoyadas por las [&hellip;]","og_url":"https:\/\/www.repam.net\/es\/mujeres-lideran-la-actual-movilizacion-de-organizaciones-indigenas-en-bolivia\/","og_site_name":"REPAM","article_published_time":"2021-08-18T05:00:00+00:00","article_modified_time":"2021-09-29T23:10:16+00:00","og_image":[{"width":750,"height":420,"url":"https:\/\/www.repam.net\/es\/wp-content\/uploads\/2021\/09\/Mujeres-indigenas-Beni-Bolivia.png","type":"image\/png"}],"author":"repam@adm","twitter_card":"summary_large_image","twitter_misc":{"Escrito por":"repam@adm","Tiempo de lectura":"6 minutos"},"schema":{"@context":"https:\/\/schema.org","@graph":[{"@type":"Article","@id":"https:\/\/www.repam.net\/es\/mujeres-lideran-la-actual-movilizacion-de-organizaciones-indigenas-en-bolivia\/#article","isPartOf":{"@id":"https:\/\/www.repam.net\/es\/mujeres-lideran-la-actual-movilizacion-de-organizaciones-indigenas-en-bolivia\/"},"author":{"name":"repam@adm","@id":"https:\/\/www.repam.net\/es\/#\/schema\/person\/0c828bf04cf1abe6016cbe752c76a033"},"headline":"Mujeres lideran la actual movilizaci\u00f3n de organizaciones ind\u00edgenas en Bolivia","datePublished":"2021-08-18T05:00:00+00:00","dateModified":"2021-09-29T23:10:16+00:00","mainEntityOfPage":{"@id":"https:\/\/www.repam.net\/es\/mujeres-lideran-la-actual-movilizacion-de-organizaciones-indigenas-en-bolivia\/"},"wordCount":1114,"publisher":{"@id":"https:\/\/www.repam.net\/es\/#organization"},"image":{"@id":"https:\/\/www.repam.net\/es\/mujeres-lideran-la-actual-movilizacion-de-organizaciones-indigenas-en-bolivia\/#primaryimage"},"thumbnailUrl":"https:\/\/www.repam.net\/es\/wp-content\/uploads\/2021\/09\/Mujeres-indigenas-Beni-Bolivia.png","keywords":["Beni","Bolivia","exigibilidad de derechos","l\u00edderes ind\u00edgenas","mujeres indigenas","pueblos ind\u00edgenas","Territorio Multi\u00e9nico","Tierra y Territorio"],"articleSection":["Noticias","Pueblos Ind\u00edgenas"],"inLanguage":"es-CO"},{"@type":"WebPage","@id":"https:\/\/www.repam.net\/es\/mujeres-lideran-la-actual-movilizacion-de-organizaciones-indigenas-en-bolivia\/","url":"https:\/\/www.repam.net\/es\/mujeres-lideran-la-actual-movilizacion-de-organizaciones-indigenas-en-bolivia\/","name":"Mujeres lideran la actual movilizaci\u00f3n de organizaciones ind\u00edgenas en Bolivia - REPAM","isPartOf":{"@id":"https:\/\/www.repam.net\/es\/#website"},"primaryImageOfPage":{"@id":"https:\/\/www.repam.net\/es\/mujeres-lideran-la-actual-movilizacion-de-organizaciones-indigenas-en-bolivia\/#primaryimage"},"image":{"@id":"https:\/\/www.repam.net\/es\/mujeres-lideran-la-actual-movilizacion-de-organizaciones-indigenas-en-bolivia\/#primaryimage"},"thumbnailUrl":"https:\/\/www.repam.net\/es\/wp-content\/uploads\/2021\/09\/Mujeres-indigenas-Beni-Bolivia.png","datePublished":"2021-08-18T05:00:00+00:00","dateModified":"2021-09-29T23:10:16+00:00","breadcrumb":{"@id":"https:\/\/www.repam.net\/es\/mujeres-lideran-la-actual-movilizacion-de-organizaciones-indigenas-en-bolivia\/#breadcrumb"},"inLanguage":"es-CO","potentialAction":[{"@type":"ReadAction","target":["https:\/\/www.repam.net\/es\/mujeres-lideran-la-actual-movilizacion-de-organizaciones-indigenas-en-bolivia\/"]}]},{"@type":"ImageObject","inLanguage":"es-CO","@id":"https:\/\/www.repam.net\/es\/mujeres-lideran-la-actual-movilizacion-de-organizaciones-indigenas-en-bolivia\/#primaryimage","url":"https:\/\/www.repam.net\/es\/wp-content\/uploads\/2021\/09\/Mujeres-indigenas-Beni-Bolivia.png","contentUrl":"https:\/\/www.repam.net\/es\/wp-content\/uploads\/2021\/09\/Mujeres-indigenas-Beni-Bolivia.png","width":750,"height":420},{"@type":"BreadcrumbList","@id":"https:\/\/www.repam.net\/es\/mujeres-lideran-la-actual-movilizacion-de-organizaciones-indigenas-en-bolivia\/#breadcrumb","itemListElement":[{"@type":"ListItem","position":1,"name":"Inicio","item":"https:\/\/www.repam.net\/es\/"},{"@type":"ListItem","position":2,"name":"Mujeres lideran la actual movilizaci\u00f3n de organizaciones ind\u00edgenas en Bolivia"}]},{"@type":"WebSite","@id":"https:\/\/www.repam.net\/es\/#website","url":"https:\/\/www.repam.net\/es\/","name":"REPAM","description":"Red Eclesial Panamaz\u00f3nica","publisher":{"@id":"https:\/\/www.repam.net\/es\/#organization"},"potentialAction":[{"@type":"SearchAction","target":{"@type":"EntryPoint","urlTemplate":"https:\/\/www.repam.net\/es\/?s={search_term_string}"},"query-input":{"@type":"PropertyValueSpecification","valueRequired":true,"valueName":"search_term_string"}}],"inLanguage":"es-CO"},{"@type":"Organization","@id":"https:\/\/www.repam.net\/es\/#organization","name":"REPAM","url":"https:\/\/www.repam.net\/es\/","logo":{"@type":"ImageObject","inLanguage":"es-CO","@id":"https:\/\/www.repam.net\/es\/#\/schema\/logo\/image\/","url":"https:\/\/www.repam.net\/es\/wp-content\/uploads\/2021\/11\/cropped-favicon.png","contentUrl":"https:\/\/www.repam.net\/es\/wp-content\/uploads\/2021\/11\/cropped-favicon.png","width":512,"height":512,"caption":"REPAM"},"image":{"@id":"https:\/\/www.repam.net\/es\/#\/schema\/logo\/image\/"}},{"@type":"Person","@id":"https:\/\/www.repam.net\/es\/#\/schema\/person\/0c828bf04cf1abe6016cbe752c76a033","name":"repam@adm","image":{"@type":"ImageObject","inLanguage":"es-CO","@id":"https:\/\/secure.gravatar.com\/avatar\/b18234ea6de5d74563e52ca7bfdad9d2b029b514c935b38a2790717abf8f2e5f?s=96&d=mm&r=g","url":"https:\/\/secure.gravatar.com\/avatar\/b18234ea6de5d74563e52ca7bfdad9d2b029b514c935b38a2790717abf8f2e5f?s=96&d=mm&r=g","contentUrl":"https:\/\/secure.gravatar.com\/avatar\/b18234ea6de5d74563e52ca7bfdad9d2b029b514c935b38a2790717abf8f2e5f?s=96&d=mm&r=g","caption":"repam@adm"},"sameAs":["http:\/\/repam.net"],"url":"https:\/\/www.repam.net\/es\/author\/repamadm\/"}]}},"_links":{"self":[{"href":"https:\/\/www.repam.net\/es\/wp-json\/wp\/v2\/posts\/1139","targetHints":{"allow":["GET"]}}],"collection":[{"href":"https:\/\/www.repam.net\/es\/wp-json\/wp\/v2\/posts"}],"about":[{"href":"https:\/\/www.repam.net\/es\/wp-json\/wp\/v2\/types\/post"}],"author":[{"embeddable":true,"href":"https:\/\/www.repam.net\/es\/wp-json\/wp\/v2\/users\/1"}],"replies":[{"embeddable":true,"href":"https:\/\/www.repam.net\/es\/wp-json\/wp\/v2\/comments?post=1139"}],"version-history":[{"count":1,"href":"https:\/\/www.repam.net\/es\/wp-json\/wp\/v2\/posts\/1139\/revisions"}],"predecessor-version":[{"id":1151,"href":"https:\/\/www.repam.net\/es\/wp-json\/wp\/v2\/posts\/1139\/revisions\/1151"}],"wp:featuredmedia":[{"embeddable":true,"href":"https:\/\/www.repam.net\/es\/wp-json\/wp\/v2\/media\/1140"}],"wp:attachment":[{"href":"https:\/\/www.repam.net\/es\/wp-json\/wp\/v2\/media?parent=1139"}],"wp:term":[{"taxonomy":"category","embeddable":true,"href":"https:\/\/www.repam.net\/es\/wp-json\/wp\/v2\/categories?post=1139"},{"taxonomy":"post_tag","embeddable":true,"href":"https:\/\/www.repam.net\/es\/wp-json\/wp\/v2\/tags?post=1139"}],"curies":[{"name":"wp","href":"https:\/\/api.w.org\/{rel}","templated":true}]}}