{"id":11847,"date":"2025-03-28T10:06:26","date_gmt":"2025-03-28T15:06:26","guid":{"rendered":"https:\/\/www.repam.net\/es\/?p=11847"},"modified":"2025-03-28T10:06:27","modified_gmt":"2025-03-28T15:06:27","slug":"peru-inundaciones-en-la-amazonia-un-reflejo-de-la-inaccion-y-desatencion-del-estado","status":"publish","type":"post","link":"https:\/\/www.repam.net\/es\/peru-inundaciones-en-la-amazonia-un-reflejo-de-la-inaccion-y-desatencion-del-estado\/","title":{"rendered":"Per\u00fa: inundaciones en la Amazon\u00eda, un reflejo de la inacci\u00f3n y desatenci\u00f3n del Estado"},"content":{"rendered":"<div class=\"wp-block-image\">\n<figure class=\"aligncenter size-full\"><img loading=\"lazy\" decoding=\"async\" width=\"980\" height=\"551\" src=\"https:\/\/www.repam.net\/es\/wp-content\/uploads\/2025\/03\/NOTA-PERU-1-edited.jpg\" alt=\"\" class=\"wp-image-11850\" srcset=\"https:\/\/www.repam.net\/es\/wp-content\/uploads\/2025\/03\/NOTA-PERU-1-edited.jpg 980w, https:\/\/www.repam.net\/es\/wp-content\/uploads\/2025\/03\/NOTA-PERU-1-edited-300x169.jpg 300w, https:\/\/www.repam.net\/es\/wp-content\/uploads\/2025\/03\/NOTA-PERU-1-edited-768x432.jpg 768w\" sizes=\"auto, (max-width: 980px) 100vw, 980px\" \/><\/figure>\n<\/div>\n\n\n<blockquote class=\"wp-block-quote is-layout-flow wp-block-quote-is-layout-flow\">\n<p><em>Las intensas lluvias y el desbordamiento de los r\u00edos en las regiones de Jun\u00edn, Ucayali y Loreto han provocado una grave crisis humanitaria en las comunidades ind\u00edgenas de la Amazon\u00eda peruana. La falta de respuesta efectiva por parte del Estado y la desatenci\u00f3n hist\u00f3rica a las demandas de los pueblos originarios agravan la situaci\u00f3n, poniendo en riesgo la vida, la salud y los derechos humanos de miles de personas, especialmente de los pueblos ind\u00edgenas amaz\u00f3nicos.<\/em><\/p>\n<\/blockquote>\n\n\n\n<p><strong><em>Por Centro Amaz\u00f3nico de Antropolog\u00eda y Aplicaci\u00f3n Pr\u00e1ctica<\/em><\/strong><\/p>\n\n\n\n<p>En los \u00faltimos meses, las inundaciones en la Amazon\u00eda han aumentado debido a las intensas lluvias, el desborde de r\u00edos y la falta de acciones de prevenci\u00f3n y contingencia por parte del Estado. Seg\u00fan el Centro de Operaciones de Emergencia Nacional (COEN), la situaci\u00f3n de emergencia ha cobrado la vida de m\u00e1s de 90 personas a nivel nacional, sin contar los damnificados y las cuantiosas p\u00e9rdidas materiales.<\/p>\n\n\n\n<p>Ante esta situaci\u00f3n, el Poder Ejecutivo declar\u00f3 en emergencia a 338 distritos de 20 regiones, incluyendo a Loreto, Ucayali y Jun\u00edn, debido al peligro que representa para la poblaci\u00f3n. Sin embargo, al tratarse de un fen\u00f3meno recurrente, esta medida solo evidencia la ausencia de estrategias efectivas para prevenir y mitigar sus impactos.<\/p>\n\n\n\n<p>En este contexto, es clave destacar que los efectos de la crisis clim\u00e1tica, sumados a la falta de preparaci\u00f3n del Estado ante fen\u00f3menos meteorol\u00f3gicos extremos, impactan de manera diferenciada a los pueblos ind\u00edgenas. Estas comunidades, que ya enfrentan un contexto de precariedad en el acceso a servicios b\u00e1sicos y en la protecci\u00f3n de sus derechos, est\u00e1n a\u00fan m\u00e1s expuestas frente a eventos clim\u00e1ticos cada vez m\u00e1s frecuentes e intensos.<\/p>\n\n\n\n<p>M\u00e1s all\u00e1 de la declaratoria de emergencia, organizaciones ind\u00edgenas y comunidades afectadas exigen medidas preventivas y pol\u00edticas p\u00fablicas claras para abordar estos fen\u00f3menos. Estos son los casos de Jun\u00edn, Loreto y Ucayali, donde comunidades enteras llevan meses resistiendo el embate de las aguas mientras ven desaparecer sus hogares, sus animales y los recursos que sostienen sus formas de vida.<\/p>\n\n\n\n<h5 class=\"wp-block-heading\">Jun\u00edn: Crisis humanitaria en las comunidades ash\u00e1ninka de R\u00edo Tambo<\/h5>\n\n\n\n<p>En la regi\u00f3n de Jun\u00edn, las comunidades ind\u00edgenas de R\u00edo Tambo, Satipo y la provincia de Chanchamayo, habitadas principalmente por el pueblo Ash\u00e1ninka, enfrentan una emergencia humanitaria sin precedentes. Las lluvias continuas y las inundaciones han cubierto grandes extensiones de tierras agr\u00edcolas, desplazando a cientos de familias y destruyendo recursos esenciales para su subsistencia. La escasez de alimentos, agua potable y atenci\u00f3n m\u00e9dica ha generado una situaci\u00f3n de extremo riesgo para la poblaci\u00f3n.<\/p>\n\n\n\n<p>La comunidad nativa ash\u00e1ninka de Pampa Michi, ubicada en el distrito de Chanchamayo, ha sido una de las m\u00e1s afectadas y se encuentra en una situaci\u00f3n cr\u00edtica. Al respecto, Lourdes Irova Cipriani, vicepresidenta de la Central de Comunidades Nativas de la Selva Central (CECONSEC), se\u00f1al\u00f3: \u201cEstas inundaciones han causado deslizamiento de tierras y huaicos en diversas zonas de la comunidad, bloqueando carreteras vitales para el traslado y el transporte de los productos hacia los mercados locales, as\u00ed como el traslado para emergencias\u201d.<\/p>\n\n\n\n<p>Esta comunidad no solo se encuentra casi aislada debido a las carreteras bloqueadas, sino que tambi\u00e9n ha visto afectada su econom\u00eda y su fuente de alimentos: \u201cMuchas hect\u00e1reas de plantaciones agr\u00edcolas de cacao, yuca y pl\u00e1tano han sido arrasadas por la inundaci\u00f3n. Son pr\u00e1cticamente el sustento de la familia, y esto ha dejado a muchas familias en situaci\u00f3n de extrema vulnerabilidad\u201d, cuenta la dirigenta.<\/p>\n\n\n\n<p>Pese a la grave afectaci\u00f3n que producen estas inundaciones peri\u00f3dicamente, la respuesta del gobierno ha sido insuficiente, y la ayuda humanitaria no ha llegado a todas las zonas afectadas. Las comunidades demandan la intervenci\u00f3n urgente del Estado para asegurar la provisi\u00f3n de recursos b\u00e1sicos, como alimentos, agua potable, asistencia m\u00e9dica y la rehabilitaci\u00f3n de infraestructuras esenciales.<\/p>\n\n\n\n<p>Adem\u00e1s, desde las organizaciones ind\u00edgenas, se pide la aplicaci\u00f3n de medidas preventivas, como se\u00f1ala la vicepresidenta de la CECONSEC: \u201cEl Estado deber\u00eda dar atenci\u00f3n inmediatamente. Adem\u00e1s, se requiere con urgencia la construcci\u00f3n de una defensa ribere\u00f1a para prevenir las inundaciones\u201d, concluy\u00f3.<\/p>\n\n\n\n<h5 class=\"wp-block-heading\">Comunidades nativas aisladas tras desbordamiento del r\u00edo Ucayali<\/h5>\n\n\n\n<p>En Ucayali, la creciente del r\u00edo hom\u00f3nimo ha afectado gravemente a las comunidades ind\u00edgenas que habitan a sus orillas, provocando inundaciones de hasta un metro de altura. La situaci\u00f3n se agrava por el aislamiento de estas comunidades, la destrucci\u00f3n de viviendas y cultivos, y la escasez de alimentos y agua potable. Las inundaciones las han dejado en una situaci\u00f3n desesperante, sin acceso a servicios b\u00e1sicos y, nuevamente, sin una respuesta adecuada por parte de las autoridades locales y nacionales.<\/p>\n\n\n\n<p>Graciela Reategui Mori, lideresa ind\u00edgena del pueblo Shipibo-Konibo y presidenta de la Federaci\u00f3n de Comunidades Nativas de Ucayali y Afluentes (FECONAU), manifiesta que nunca hab\u00edan visto una inundaci\u00f3n de tal magnitud en la regi\u00f3n: \u201cLa inundaci\u00f3n es demasiado fuerte ahora, como nunca hab\u00edamos visto, y hasta ahora no vemos las acciones del Estado ni de gobiernos regionales ni otras entidades p\u00fablicas. Por eso hacemos el llamado desde nuestras federaciones. Hemos sido afectados es en todo: en alimentaci\u00f3n, agricultura, en las mismas viviendas. Las familias pasan hambre, fr\u00edo, hay muchas necesidades\u201d declara.<\/p>\n\n\n\n<p>Pese a la dif\u00edcil situaci\u00f3n, la lideresa denuncia que el Estado no asume su responsabilidad y exige la presencia urgente de las autoridades en las comunidades afectadas: \u201cEl Estado est\u00e1 cruzado de manos y no est\u00e1 haciendo nada por los pueblos ind\u00edgenas; m\u00e1s bien, vulnera nuestros derechos al dejarnos en esta situaci\u00f3n. Deber\u00edan venir a las comunidades y ver la realidad de lo que est\u00e1 pasando. Por favor, necesitamos ayuda con urgencia en la regi\u00f3n Ucayali. La necesidad es muy grande\u201d, manifiesta.<\/p>\n\n\n\n<p>En esta regi\u00f3n, la deforestaci\u00f3n ha sido un factor agravante para las inundaciones. Seg\u00fan un art\u00edculo period\u00edstico de Salud con Lupa, diversas fuentes se\u00f1alan que la tala de bosques reduce la capacidad del suelo para absorber el agua, lo que provoca que la lluvia se estanque y genere estragos. Desde 2001, la provincia de Coronel Portillo, en Ucayali, ha perdido m\u00e1s de 226 mil hect\u00e1reas de bosque, lo que la ha convertido en una de las m\u00e1s afectadas por las inundaciones actuales, con 13,846 personas damnificadas, 2,055 viviendas inhabilitadas y un fallecido.<\/p>\n\n\n\n<p>A pesar de las intensas lluvias y los da\u00f1os irreversibles, los recursos para atender la emergencia son insuficientes. La situaci\u00f3n se agrava con el paso de los d\u00edas, y las comunidades de Ucayali exigen la intervenci\u00f3n inmediata y efectiva de las autoridades nacionales y regionales, as\u00ed como el apoyo de organizaciones aliadas. Adem\u00e1s, la FECONAU hace un llamado a la comunidad internacional para contribuir con financiamiento y mitigar los efectos de esta crisis a la brevedad posible.<\/p>\n\n\n\n<h5 class=\"wp-block-heading\">Loreto: Creciente del r\u00edo Mara\u00f1\u00f3n pone en riesgo a comunidades Kukama<\/h5>\n\n\n\n<p>En Loreto, la creciente del r\u00edo Mara\u00f1\u00f3n y otros afluentes ha comenzado a afectar gravemente a las comunidades ind\u00edgenas pertenecientes al pueblo Kukama Kukamiria desde finales de 2024. A pesar de las alertas emitidas por el Servicio Nacional de Meteorolog\u00eda e Hidrolog\u00eda (SENAMHI) sobre la posibilidad de crecidas hist\u00f3ricas, el Estado no ha tomado medidas preventivas suficientes ni ha coordinado una respuesta oportuna. Seg\u00fan reporta el medio Radio Ucarama, con base en Nauta, el agua ha inundado calles, viviendas y cultivos esenciales para la alimentaci\u00f3n de la poblaci\u00f3n, como la yuca y el pl\u00e1tano.<\/p>\n\n\n\n<p>La comunidad nativa de Cuninico no s\u00f3lo tiene que lidiar con las inundaciones, sino tambi\u00e9n con el peligro de que la creciente del r\u00edo se mezcle con los derrames de petr\u00f3leo, presentes desde el 2014, contaminando la principal fuente de agua que tienen. \u201cApenas se ve el inter\u00e9s de las autoridades por la comunidad frente a esta creciente, los ni\u00f1os no pueden ir al colegio y nosotros tenemos que organizarnos para poder solucionar este problema. Solo el 30% de ayuda el del municipio y el 70% es nuestro esfuerzo, nosotros tenemos que poner todo\u201d explica Cesar Mozombite, corresponsal de Radio Ucarama ante la problem\u00e1tica ambiental.<\/p>\n\n\n\n<p>La combinaci\u00f3n de sequ\u00eda y posterior inundaci\u00f3n ha dejado a las comunidades ind\u00edgenas sin acceso a alimentos, lo que agrava a\u00fan m\u00e1s la situaci\u00f3n de emergencia. Adem\u00e1s, la situaci\u00f3n ha perjudicado el derecho a la educaci\u00f3n de miles de estudiantes ind\u00edgenas, ya que cientos de colegios han quedado inhabilitados por las peligrosas inundaciones en toda la regi\u00f3n.<\/p>\n\n\n\n<p>M\u00e1s all\u00e1 de la emergencia: Urge un enfoque preventivo<\/p>\n\n\n\n<p>\u00abLos pueblos ind\u00edgenas venimos advirtiendo sobre estos riesgos hace a\u00f1os. Nuestros conocimientos y propuestas deben ser parte de la soluci\u00f3n. \u00a1Son urgentes acciones efectivas de prevenci\u00f3n, atenci\u00f3n y adaptaci\u00f3n!\u00bb, resalta la Asociaci\u00f3n Inter\u00e9tnica de Desarrollo de la Selva Peruana (AIDESEP) en su nota de prensa m\u00e1s reciente sobre los impactos de las inundaciones en la Amazon\u00eda. La organizaci\u00f3n tambi\u00e9n enfatiza que estos fen\u00f3menos se agravan con la crisis clim\u00e1tica, afectando de manera particular a los pueblos ind\u00edgenas amaz\u00f3nicos y andinos en todo el pa\u00eds.<\/p>\n\n\n\n<p>A pesar de estas reiteradas alertas de las organizaciones y comunidades ind\u00edgenas, la respuesta estatal sigue siendo reactiva y limitada a la declaraci\u00f3n de emergencias, sin atender las causas estructurales ni fortalecer las capacidades de las comunidades para enfrentar estos eventos extremos.<\/p>\n\n\n\n<p>A esta emergencia se suma la reciente alerta del Servicio Nacional de Meteorolog\u00eda e Hidrolog\u00eda (SENAMHI) sobre la llegada del cuarto friaje del a\u00f1o a la selva, que traer\u00e1 lluvias de moderada a fuerte intensidad entre el 25 y el 27 de marzo. Este nuevo episodio podr\u00eda agravar a\u00fan m\u00e1s la situaci\u00f3n en las comunidades ubicadas en las cuencas de los r\u00edos amaz\u00f3nicos, aumentando el riesgo de nuevas inundaciones.<\/p>\n\n\n\n<p>Atender la emergencia actual es una prioridad, pero tambi\u00e9n lo es el dise\u00f1o e implementaci\u00f3n de estrategias de prevenci\u00f3n que incluyan a los pueblos ind\u00edgenas y sus conocimientos ancestrales sobre el manejo del territorio y los ciclos del agua. En un contexto de crisis clim\u00e1tica y ante la falta de acciones efectivas por parte del Estado, es urgente adoptar enfoques que fortalezcan a las comunidades ind\u00edgenas y su capacidad de adaptaci\u00f3n, garantizando respuestas efectivas a los desaf\u00edos que enfrentan.<\/p>\n\n\n\n<p>Fuente: <a href=\"https:\/\/caaap.org.pe\/2025\/03\/27\/inundaciones-en-la-amazonia-un-reflejo-de-la-inaccion-y-desatencion-del-estado\/\">Centro Amaz\u00f3nico de Antropolog\u00eda y Aplicaci\u00f3n Pr\u00e1ctica<\/a><\/p>\n","protected":false},"excerpt":{"rendered":"<p>Las intensas lluvias y el desbordamiento de los r\u00edos en las regiones de Jun\u00edn, Ucayali y Loreto han provocado una grave crisis humanitaria en las comunidades ind\u00edgenas de la Amazon\u00eda peruana. La falta de respuesta efectiva por parte del Estado y la desatenci\u00f3n hist\u00f3rica a las demandas de los pueblos originarios agravan la situaci\u00f3n, poniendo [&hellip;]<\/p>\n","protected":false},"author":1,"featured_media":11850,"comment_status":"closed","ping_status":"closed","sticky":false,"template":"","format":"standard","meta":{"_acf_changed":false,"_uf_show_specific_survey":0,"_uf_disable_surveys":false,"footnotes":""},"categories":[4,563],"tags":[33,81,16,8,9],"class_list":["post-11847","post","type-post","status-publish","format-standard","has-post-thumbnail","hentry","category-noticias","category-querida-amazonia","tag-amazonia","tag-peru","tag-pueblos-indigenas","tag-querida-amazonia","tag-repam"],"acf":[],"aioseo_notices":[],"yoast_head":"<!-- This site is optimized with the Yoast SEO plugin v27.5 - https:\/\/yoast.com\/product\/yoast-seo-wordpress\/ -->\n<title>Per\u00fa: inundaciones en la Amazon\u00eda, un reflejo de la inacci\u00f3n y desatenci\u00f3n del Estado - REPAM<\/title>\n<meta name=\"description\" content=\"Las intensas lluvias y el desbordamiento de los r\u00edos en las regiones de Jun\u00edn, Ucayali y Loreto han provocado una grave crisis humanitaria en las comunidades ind\u00edgenas de la Amazon\u00eda peruana. La falta de respuesta efectiva por parte del Estado y la desatenci\u00f3n hist\u00f3rica a las demandas de los pueblos originarios agravan la situaci\u00f3n, poniendo en riesgo la vida, la salud y los derechos humanos de miles de personas, especialmente de los pueblos ind\u00edgenas amaz\u00f3nicos.\" \/>\n<meta name=\"robots\" content=\"index, follow, max-snippet:-1, max-image-preview:large, max-video-preview:-1\" \/>\n<link rel=\"canonical\" href=\"https:\/\/www.repam.net\/es\/peru-inundaciones-en-la-amazonia-un-reflejo-de-la-inaccion-y-desatencion-del-estado\/\" \/>\n<meta property=\"og:locale\" content=\"es_ES\" \/>\n<meta property=\"og:type\" content=\"article\" \/>\n<meta property=\"og:title\" content=\"Per\u00fa: inundaciones en la Amazon\u00eda, un reflejo de la inacci\u00f3n y desatenci\u00f3n del Estado - REPAM\" \/>\n<meta property=\"og:description\" content=\"Las intensas lluvias y el desbordamiento de los r\u00edos en las regiones de Jun\u00edn, Ucayali y Loreto han provocado una grave crisis humanitaria en las comunidades ind\u00edgenas de la Amazon\u00eda peruana. La falta de respuesta efectiva por parte del Estado y la desatenci\u00f3n hist\u00f3rica a las demandas de los pueblos originarios agravan la situaci\u00f3n, poniendo en riesgo la vida, la salud y los derechos humanos de miles de personas, especialmente de los pueblos ind\u00edgenas amaz\u00f3nicos.\" \/>\n<meta property=\"og:url\" content=\"https:\/\/www.repam.net\/es\/peru-inundaciones-en-la-amazonia-un-reflejo-de-la-inaccion-y-desatencion-del-estado\/\" \/>\n<meta property=\"og:site_name\" content=\"REPAM\" \/>\n<meta property=\"article:published_time\" content=\"2025-03-28T15:06:26+00:00\" \/>\n<meta property=\"article:modified_time\" content=\"2025-03-28T15:06:27+00:00\" \/>\n<meta property=\"og:image\" content=\"https:\/\/www.repam.net\/es\/wp-content\/uploads\/2025\/03\/NOTA-PERU-1-edited.jpg\" \/>\n\t<meta property=\"og:image:width\" content=\"980\" \/>\n\t<meta property=\"og:image:height\" content=\"551\" \/>\n\t<meta property=\"og:image:type\" content=\"image\/jpeg\" \/>\n<meta name=\"author\" content=\"repam@adm\" \/>\n<meta name=\"twitter:card\" content=\"summary_large_image\" \/>\n<meta name=\"twitter:label1\" content=\"Escrito por\" \/>\n\t<meta name=\"twitter:data1\" content=\"repam@adm\" \/>\n\t<meta name=\"twitter:label2\" content=\"Tiempo de lectura\" \/>\n\t<meta name=\"twitter:data2\" content=\"8 minutos\" \/>\n<script type=\"application\/ld+json\" class=\"yoast-schema-graph\">{\"@context\":\"https:\\\/\\\/schema.org\",\"@graph\":[{\"@type\":\"Article\",\"@id\":\"https:\\\/\\\/www.repam.net\\\/es\\\/peru-inundaciones-en-la-amazonia-un-reflejo-de-la-inaccion-y-desatencion-del-estado\\\/#article\",\"isPartOf\":{\"@id\":\"https:\\\/\\\/www.repam.net\\\/es\\\/peru-inundaciones-en-la-amazonia-un-reflejo-de-la-inaccion-y-desatencion-del-estado\\\/\"},\"author\":{\"name\":\"repam@adm\",\"@id\":\"https:\\\/\\\/www.repam.net\\\/es\\\/#\\\/schema\\\/person\\\/0c828bf04cf1abe6016cbe752c76a033\"},\"headline\":\"Per\u00fa: inundaciones en la Amazon\u00eda, un reflejo de la inacci\u00f3n y desatenci\u00f3n del Estado\",\"datePublished\":\"2025-03-28T15:06:26+00:00\",\"dateModified\":\"2025-03-28T15:06:27+00:00\",\"mainEntityOfPage\":{\"@id\":\"https:\\\/\\\/www.repam.net\\\/es\\\/peru-inundaciones-en-la-amazonia-un-reflejo-de-la-inaccion-y-desatencion-del-estado\\\/\"},\"wordCount\":1843,\"publisher\":{\"@id\":\"https:\\\/\\\/www.repam.net\\\/es\\\/#organization\"},\"image\":{\"@id\":\"https:\\\/\\\/www.repam.net\\\/es\\\/peru-inundaciones-en-la-amazonia-un-reflejo-de-la-inaccion-y-desatencion-del-estado\\\/#primaryimage\"},\"thumbnailUrl\":\"https:\\\/\\\/www.repam.net\\\/es\\\/wp-content\\\/uploads\\\/2025\\\/03\\\/NOTA-PERU-1-edited.jpg\",\"keywords\":[\"Amazon\u00eda\",\"Per\u00fa\",\"pueblos ind\u00edgenas\",\"Querida Amazon\u00eda\",\"REPAM\"],\"articleSection\":[\"Noticias\",\"Querida Amaz\u00f4nia\"],\"inLanguage\":\"es-CO\"},{\"@type\":\"WebPage\",\"@id\":\"https:\\\/\\\/www.repam.net\\\/es\\\/peru-inundaciones-en-la-amazonia-un-reflejo-de-la-inaccion-y-desatencion-del-estado\\\/\",\"url\":\"https:\\\/\\\/www.repam.net\\\/es\\\/peru-inundaciones-en-la-amazonia-un-reflejo-de-la-inaccion-y-desatencion-del-estado\\\/\",\"name\":\"Per\u00fa: inundaciones en la Amazon\u00eda, un reflejo de la inacci\u00f3n y desatenci\u00f3n del Estado - REPAM\",\"isPartOf\":{\"@id\":\"https:\\\/\\\/www.repam.net\\\/es\\\/#website\"},\"primaryImageOfPage\":{\"@id\":\"https:\\\/\\\/www.repam.net\\\/es\\\/peru-inundaciones-en-la-amazonia-un-reflejo-de-la-inaccion-y-desatencion-del-estado\\\/#primaryimage\"},\"image\":{\"@id\":\"https:\\\/\\\/www.repam.net\\\/es\\\/peru-inundaciones-en-la-amazonia-un-reflejo-de-la-inaccion-y-desatencion-del-estado\\\/#primaryimage\"},\"thumbnailUrl\":\"https:\\\/\\\/www.repam.net\\\/es\\\/wp-content\\\/uploads\\\/2025\\\/03\\\/NOTA-PERU-1-edited.jpg\",\"datePublished\":\"2025-03-28T15:06:26+00:00\",\"dateModified\":\"2025-03-28T15:06:27+00:00\",\"description\":\"Las intensas lluvias y el desbordamiento de los r\u00edos en las regiones de Jun\u00edn, Ucayali y Loreto han provocado una grave crisis humanitaria en las comunidades ind\u00edgenas de la Amazon\u00eda peruana. La falta de respuesta efectiva por parte del Estado y la desatenci\u00f3n hist\u00f3rica a las demandas de los pueblos originarios agravan la situaci\u00f3n, poniendo en riesgo la vida, la salud y los derechos humanos de miles de personas, especialmente de los pueblos ind\u00edgenas amaz\u00f3nicos.\",\"breadcrumb\":{\"@id\":\"https:\\\/\\\/www.repam.net\\\/es\\\/peru-inundaciones-en-la-amazonia-un-reflejo-de-la-inaccion-y-desatencion-del-estado\\\/#breadcrumb\"},\"inLanguage\":\"es-CO\",\"potentialAction\":[{\"@type\":\"ReadAction\",\"target\":[\"https:\\\/\\\/www.repam.net\\\/es\\\/peru-inundaciones-en-la-amazonia-un-reflejo-de-la-inaccion-y-desatencion-del-estado\\\/\"]}]},{\"@type\":\"ImageObject\",\"inLanguage\":\"es-CO\",\"@id\":\"https:\\\/\\\/www.repam.net\\\/es\\\/peru-inundaciones-en-la-amazonia-un-reflejo-de-la-inaccion-y-desatencion-del-estado\\\/#primaryimage\",\"url\":\"https:\\\/\\\/www.repam.net\\\/es\\\/wp-content\\\/uploads\\\/2025\\\/03\\\/NOTA-PERU-1-edited.jpg\",\"contentUrl\":\"https:\\\/\\\/www.repam.net\\\/es\\\/wp-content\\\/uploads\\\/2025\\\/03\\\/NOTA-PERU-1-edited.jpg\",\"width\":980,\"height\":551},{\"@type\":\"BreadcrumbList\",\"@id\":\"https:\\\/\\\/www.repam.net\\\/es\\\/peru-inundaciones-en-la-amazonia-un-reflejo-de-la-inaccion-y-desatencion-del-estado\\\/#breadcrumb\",\"itemListElement\":[{\"@type\":\"ListItem\",\"position\":1,\"name\":\"Inicio\",\"item\":\"https:\\\/\\\/www.repam.net\\\/es\\\/\"},{\"@type\":\"ListItem\",\"position\":2,\"name\":\"Per\u00fa: inundaciones en la Amazon\u00eda, un reflejo de la inacci\u00f3n y desatenci\u00f3n del Estado\"}]},{\"@type\":\"WebSite\",\"@id\":\"https:\\\/\\\/www.repam.net\\\/es\\\/#website\",\"url\":\"https:\\\/\\\/www.repam.net\\\/es\\\/\",\"name\":\"REPAM\",\"description\":\"Red Eclesial Panamaz\u00f3nica\",\"publisher\":{\"@id\":\"https:\\\/\\\/www.repam.net\\\/es\\\/#organization\"},\"potentialAction\":[{\"@type\":\"SearchAction\",\"target\":{\"@type\":\"EntryPoint\",\"urlTemplate\":\"https:\\\/\\\/www.repam.net\\\/es\\\/?s={search_term_string}\"},\"query-input\":{\"@type\":\"PropertyValueSpecification\",\"valueRequired\":true,\"valueName\":\"search_term_string\"}}],\"inLanguage\":\"es-CO\"},{\"@type\":\"Organization\",\"@id\":\"https:\\\/\\\/www.repam.net\\\/es\\\/#organization\",\"name\":\"REPAM\",\"url\":\"https:\\\/\\\/www.repam.net\\\/es\\\/\",\"logo\":{\"@type\":\"ImageObject\",\"inLanguage\":\"es-CO\",\"@id\":\"https:\\\/\\\/www.repam.net\\\/es\\\/#\\\/schema\\\/logo\\\/image\\\/\",\"url\":\"https:\\\/\\\/www.repam.net\\\/es\\\/wp-content\\\/uploads\\\/2021\\\/11\\\/cropped-favicon.png\",\"contentUrl\":\"https:\\\/\\\/www.repam.net\\\/es\\\/wp-content\\\/uploads\\\/2021\\\/11\\\/cropped-favicon.png\",\"width\":512,\"height\":512,\"caption\":\"REPAM\"},\"image\":{\"@id\":\"https:\\\/\\\/www.repam.net\\\/es\\\/#\\\/schema\\\/logo\\\/image\\\/\"}},{\"@type\":\"Person\",\"@id\":\"https:\\\/\\\/www.repam.net\\\/es\\\/#\\\/schema\\\/person\\\/0c828bf04cf1abe6016cbe752c76a033\",\"name\":\"repam@adm\",\"image\":{\"@type\":\"ImageObject\",\"inLanguage\":\"es-CO\",\"@id\":\"https:\\\/\\\/secure.gravatar.com\\\/avatar\\\/b18234ea6de5d74563e52ca7bfdad9d2b029b514c935b38a2790717abf8f2e5f?s=96&d=mm&r=g\",\"url\":\"https:\\\/\\\/secure.gravatar.com\\\/avatar\\\/b18234ea6de5d74563e52ca7bfdad9d2b029b514c935b38a2790717abf8f2e5f?s=96&d=mm&r=g\",\"contentUrl\":\"https:\\\/\\\/secure.gravatar.com\\\/avatar\\\/b18234ea6de5d74563e52ca7bfdad9d2b029b514c935b38a2790717abf8f2e5f?s=96&d=mm&r=g\",\"caption\":\"repam@adm\"},\"sameAs\":[\"http:\\\/\\\/repam.net\"],\"url\":\"https:\\\/\\\/www.repam.net\\\/es\\\/author\\\/repamadm\\\/\"}]}<\/script>\n<!-- \/ Yoast SEO plugin. -->","yoast_head_json":{"title":"Per\u00fa: inundaciones en la Amazon\u00eda, un reflejo de la inacci\u00f3n y desatenci\u00f3n del Estado - REPAM","description":"Las intensas lluvias y el desbordamiento de los r\u00edos en las regiones de Jun\u00edn, Ucayali y Loreto han provocado una grave crisis humanitaria en las comunidades ind\u00edgenas de la Amazon\u00eda peruana. La falta de respuesta efectiva por parte del Estado y la desatenci\u00f3n hist\u00f3rica a las demandas de los pueblos originarios agravan la situaci\u00f3n, poniendo en riesgo la vida, la salud y los derechos humanos de miles de personas, especialmente de los pueblos ind\u00edgenas amaz\u00f3nicos.","robots":{"index":"index","follow":"follow","max-snippet":"max-snippet:-1","max-image-preview":"max-image-preview:large","max-video-preview":"max-video-preview:-1"},"canonical":"https:\/\/www.repam.net\/es\/peru-inundaciones-en-la-amazonia-un-reflejo-de-la-inaccion-y-desatencion-del-estado\/","og_locale":"es_ES","og_type":"article","og_title":"Per\u00fa: inundaciones en la Amazon\u00eda, un reflejo de la inacci\u00f3n y desatenci\u00f3n del Estado - REPAM","og_description":"Las intensas lluvias y el desbordamiento de los r\u00edos en las regiones de Jun\u00edn, Ucayali y Loreto han provocado una grave crisis humanitaria en las comunidades ind\u00edgenas de la Amazon\u00eda peruana. La falta de respuesta efectiva por parte del Estado y la desatenci\u00f3n hist\u00f3rica a las demandas de los pueblos originarios agravan la situaci\u00f3n, poniendo en riesgo la vida, la salud y los derechos humanos de miles de personas, especialmente de los pueblos ind\u00edgenas amaz\u00f3nicos.","og_url":"https:\/\/www.repam.net\/es\/peru-inundaciones-en-la-amazonia-un-reflejo-de-la-inaccion-y-desatencion-del-estado\/","og_site_name":"REPAM","article_published_time":"2025-03-28T15:06:26+00:00","article_modified_time":"2025-03-28T15:06:27+00:00","og_image":[{"width":980,"height":551,"url":"https:\/\/www.repam.net\/es\/wp-content\/uploads\/2025\/03\/NOTA-PERU-1-edited.jpg","type":"image\/jpeg"}],"author":"repam@adm","twitter_card":"summary_large_image","twitter_misc":{"Escrito por":"repam@adm","Tiempo de lectura":"8 minutos"},"schema":{"@context":"https:\/\/schema.org","@graph":[{"@type":"Article","@id":"https:\/\/www.repam.net\/es\/peru-inundaciones-en-la-amazonia-un-reflejo-de-la-inaccion-y-desatencion-del-estado\/#article","isPartOf":{"@id":"https:\/\/www.repam.net\/es\/peru-inundaciones-en-la-amazonia-un-reflejo-de-la-inaccion-y-desatencion-del-estado\/"},"author":{"name":"repam@adm","@id":"https:\/\/www.repam.net\/es\/#\/schema\/person\/0c828bf04cf1abe6016cbe752c76a033"},"headline":"Per\u00fa: inundaciones en la Amazon\u00eda, un reflejo de la inacci\u00f3n y desatenci\u00f3n del Estado","datePublished":"2025-03-28T15:06:26+00:00","dateModified":"2025-03-28T15:06:27+00:00","mainEntityOfPage":{"@id":"https:\/\/www.repam.net\/es\/peru-inundaciones-en-la-amazonia-un-reflejo-de-la-inaccion-y-desatencion-del-estado\/"},"wordCount":1843,"publisher":{"@id":"https:\/\/www.repam.net\/es\/#organization"},"image":{"@id":"https:\/\/www.repam.net\/es\/peru-inundaciones-en-la-amazonia-un-reflejo-de-la-inaccion-y-desatencion-del-estado\/#primaryimage"},"thumbnailUrl":"https:\/\/www.repam.net\/es\/wp-content\/uploads\/2025\/03\/NOTA-PERU-1-edited.jpg","keywords":["Amazon\u00eda","Per\u00fa","pueblos ind\u00edgenas","Querida Amazon\u00eda","REPAM"],"articleSection":["Noticias","Querida Amaz\u00f4nia"],"inLanguage":"es-CO"},{"@type":"WebPage","@id":"https:\/\/www.repam.net\/es\/peru-inundaciones-en-la-amazonia-un-reflejo-de-la-inaccion-y-desatencion-del-estado\/","url":"https:\/\/www.repam.net\/es\/peru-inundaciones-en-la-amazonia-un-reflejo-de-la-inaccion-y-desatencion-del-estado\/","name":"Per\u00fa: inundaciones en la Amazon\u00eda, un reflejo de la inacci\u00f3n y desatenci\u00f3n del Estado - REPAM","isPartOf":{"@id":"https:\/\/www.repam.net\/es\/#website"},"primaryImageOfPage":{"@id":"https:\/\/www.repam.net\/es\/peru-inundaciones-en-la-amazonia-un-reflejo-de-la-inaccion-y-desatencion-del-estado\/#primaryimage"},"image":{"@id":"https:\/\/www.repam.net\/es\/peru-inundaciones-en-la-amazonia-un-reflejo-de-la-inaccion-y-desatencion-del-estado\/#primaryimage"},"thumbnailUrl":"https:\/\/www.repam.net\/es\/wp-content\/uploads\/2025\/03\/NOTA-PERU-1-edited.jpg","datePublished":"2025-03-28T15:06:26+00:00","dateModified":"2025-03-28T15:06:27+00:00","description":"Las intensas lluvias y el desbordamiento de los r\u00edos en las regiones de Jun\u00edn, Ucayali y Loreto han provocado una grave crisis humanitaria en las comunidades ind\u00edgenas de la Amazon\u00eda peruana. La falta de respuesta efectiva por parte del Estado y la desatenci\u00f3n hist\u00f3rica a las demandas de los pueblos originarios agravan la situaci\u00f3n, poniendo en riesgo la vida, la salud y los derechos humanos de miles de personas, especialmente de los pueblos ind\u00edgenas amaz\u00f3nicos.","breadcrumb":{"@id":"https:\/\/www.repam.net\/es\/peru-inundaciones-en-la-amazonia-un-reflejo-de-la-inaccion-y-desatencion-del-estado\/#breadcrumb"},"inLanguage":"es-CO","potentialAction":[{"@type":"ReadAction","target":["https:\/\/www.repam.net\/es\/peru-inundaciones-en-la-amazonia-un-reflejo-de-la-inaccion-y-desatencion-del-estado\/"]}]},{"@type":"ImageObject","inLanguage":"es-CO","@id":"https:\/\/www.repam.net\/es\/peru-inundaciones-en-la-amazonia-un-reflejo-de-la-inaccion-y-desatencion-del-estado\/#primaryimage","url":"https:\/\/www.repam.net\/es\/wp-content\/uploads\/2025\/03\/NOTA-PERU-1-edited.jpg","contentUrl":"https:\/\/www.repam.net\/es\/wp-content\/uploads\/2025\/03\/NOTA-PERU-1-edited.jpg","width":980,"height":551},{"@type":"BreadcrumbList","@id":"https:\/\/www.repam.net\/es\/peru-inundaciones-en-la-amazonia-un-reflejo-de-la-inaccion-y-desatencion-del-estado\/#breadcrumb","itemListElement":[{"@type":"ListItem","position":1,"name":"Inicio","item":"https:\/\/www.repam.net\/es\/"},{"@type":"ListItem","position":2,"name":"Per\u00fa: inundaciones en la Amazon\u00eda, un reflejo de la inacci\u00f3n y desatenci\u00f3n del Estado"}]},{"@type":"WebSite","@id":"https:\/\/www.repam.net\/es\/#website","url":"https:\/\/www.repam.net\/es\/","name":"REPAM","description":"Red Eclesial Panamaz\u00f3nica","publisher":{"@id":"https:\/\/www.repam.net\/es\/#organization"},"potentialAction":[{"@type":"SearchAction","target":{"@type":"EntryPoint","urlTemplate":"https:\/\/www.repam.net\/es\/?s={search_term_string}"},"query-input":{"@type":"PropertyValueSpecification","valueRequired":true,"valueName":"search_term_string"}}],"inLanguage":"es-CO"},{"@type":"Organization","@id":"https:\/\/www.repam.net\/es\/#organization","name":"REPAM","url":"https:\/\/www.repam.net\/es\/","logo":{"@type":"ImageObject","inLanguage":"es-CO","@id":"https:\/\/www.repam.net\/es\/#\/schema\/logo\/image\/","url":"https:\/\/www.repam.net\/es\/wp-content\/uploads\/2021\/11\/cropped-favicon.png","contentUrl":"https:\/\/www.repam.net\/es\/wp-content\/uploads\/2021\/11\/cropped-favicon.png","width":512,"height":512,"caption":"REPAM"},"image":{"@id":"https:\/\/www.repam.net\/es\/#\/schema\/logo\/image\/"}},{"@type":"Person","@id":"https:\/\/www.repam.net\/es\/#\/schema\/person\/0c828bf04cf1abe6016cbe752c76a033","name":"repam@adm","image":{"@type":"ImageObject","inLanguage":"es-CO","@id":"https:\/\/secure.gravatar.com\/avatar\/b18234ea6de5d74563e52ca7bfdad9d2b029b514c935b38a2790717abf8f2e5f?s=96&d=mm&r=g","url":"https:\/\/secure.gravatar.com\/avatar\/b18234ea6de5d74563e52ca7bfdad9d2b029b514c935b38a2790717abf8f2e5f?s=96&d=mm&r=g","contentUrl":"https:\/\/secure.gravatar.com\/avatar\/b18234ea6de5d74563e52ca7bfdad9d2b029b514c935b38a2790717abf8f2e5f?s=96&d=mm&r=g","caption":"repam@adm"},"sameAs":["http:\/\/repam.net"],"url":"https:\/\/www.repam.net\/es\/author\/repamadm\/"}]}},"_links":{"self":[{"href":"https:\/\/www.repam.net\/es\/wp-json\/wp\/v2\/posts\/11847","targetHints":{"allow":["GET"]}}],"collection":[{"href":"https:\/\/www.repam.net\/es\/wp-json\/wp\/v2\/posts"}],"about":[{"href":"https:\/\/www.repam.net\/es\/wp-json\/wp\/v2\/types\/post"}],"author":[{"embeddable":true,"href":"https:\/\/www.repam.net\/es\/wp-json\/wp\/v2\/users\/1"}],"replies":[{"embeddable":true,"href":"https:\/\/www.repam.net\/es\/wp-json\/wp\/v2\/comments?post=11847"}],"version-history":[{"count":1,"href":"https:\/\/www.repam.net\/es\/wp-json\/wp\/v2\/posts\/11847\/revisions"}],"predecessor-version":[{"id":11851,"href":"https:\/\/www.repam.net\/es\/wp-json\/wp\/v2\/posts\/11847\/revisions\/11851"}],"wp:featuredmedia":[{"embeddable":true,"href":"https:\/\/www.repam.net\/es\/wp-json\/wp\/v2\/media\/11850"}],"wp:attachment":[{"href":"https:\/\/www.repam.net\/es\/wp-json\/wp\/v2\/media?parent=11847"}],"wp:term":[{"taxonomy":"category","embeddable":true,"href":"https:\/\/www.repam.net\/es\/wp-json\/wp\/v2\/categories?post=11847"},{"taxonomy":"post_tag","embeddable":true,"href":"https:\/\/www.repam.net\/es\/wp-json\/wp\/v2\/tags?post=11847"}],"curies":[{"name":"wp","href":"https:\/\/api.w.org\/{rel}","templated":true}]}}