{"id":11917,"date":"2025-04-29T08:57:43","date_gmt":"2025-04-29T13:57:43","guid":{"rendered":"https:\/\/www.repam.net\/es\/?p=11917"},"modified":"2025-04-29T10:50:49","modified_gmt":"2025-04-29T15:50:49","slug":"los-pueblos-indigenas-como-aliados-y-soporte-de-otro-mundo-posible","status":"publish","type":"post","link":"https:\/\/www.repam.net\/es\/los-pueblos-indigenas-como-aliados-y-soporte-de-otro-mundo-posible\/","title":{"rendered":"Los Pueblos Ind\u00edgenas como aliados y soporte de otro mundo posible"},"content":{"rendered":"<div class=\"wp-block-image\">\n<figure class=\"aligncenter size-large\"><img loading=\"lazy\" decoding=\"async\" width=\"1024\" height=\"577\" src=\"https:\/\/www.repam.net\/es\/wp-content\/uploads\/2025\/04\/LOS-PUEBLOS-INDIGENAS-COMO-ALIADOS-Y-SOPORTE-DE-OTRO-MUNDO-POSIBLE-1024x577.jpeg\" alt=\"\" class=\"wp-image-11918\" srcset=\"https:\/\/www.repam.net\/es\/wp-content\/uploads\/2025\/04\/LOS-PUEBLOS-INDIGENAS-COMO-ALIADOS-Y-SOPORTE-DE-OTRO-MUNDO-POSIBLE-1024x577.jpeg 1024w, https:\/\/www.repam.net\/es\/wp-content\/uploads\/2025\/04\/LOS-PUEBLOS-INDIGENAS-COMO-ALIADOS-Y-SOPORTE-DE-OTRO-MUNDO-POSIBLE-300x169.jpeg 300w, https:\/\/www.repam.net\/es\/wp-content\/uploads\/2025\/04\/LOS-PUEBLOS-INDIGENAS-COMO-ALIADOS-Y-SOPORTE-DE-OTRO-MUNDO-POSIBLE-768x433.jpeg 768w, https:\/\/www.repam.net\/es\/wp-content\/uploads\/2025\/04\/LOS-PUEBLOS-INDIGENAS-COMO-ALIADOS-Y-SOPORTE-DE-OTRO-MUNDO-POSIBLE-1536x866.jpeg 1536w, https:\/\/www.repam.net\/es\/wp-content\/uploads\/2025\/04\/LOS-PUEBLOS-INDIGENAS-COMO-ALIADOS-Y-SOPORTE-DE-OTRO-MUNDO-POSIBLE.jpeg 1600w\" sizes=\"auto, (max-width: 1024px) 100vw, 1024px\" \/><figcaption class=\"wp-element-caption\">Foto: Sonia Olea Ferreras<\/figcaption><\/figure>\n<\/div>\n\n\n<blockquote class=\"wp-block-quote is-layout-flow wp-block-quote-is-layout-flow\">\n<p><em>Termina hoy nuestra presencia en el Foro de Pueblos Ind\u00edgenas de este a\u00f1o. Han sido d\u00edas intensos, plenos de trabajo y de escucha. Tambi\u00e9n de compartir y de gritar los horrores que est\u00e1n sufriendo pueblos enteros, naturaleza y biomas en la Pan Amazon\u00eda. Hay que seguir, y desde ya en marcha y en coordinaci\u00f3n CIMI y REPAM para lo que viene: COP 30, Foro de Empresas y Derechos Humanos, y por supuesto, con mucha fuerza, la Cumbre del Agua de Naciones Unidas en 2026.<\/em><\/p>\n<\/blockquote>\n\n\n\n<p><em><strong>Por<\/strong> <strong>N\u00facleo de Derechos Humanos e Incidencia Internacional de la REPAM<\/strong><\/em><\/p>\n\n\n\n<h5 class=\"wp-block-heading\"><strong>Una delegaci\u00f3n unida y diversa<\/strong><\/h5>\n\n\n\n<p><strong>Arlete F. dos Santos<\/strong>, Kumaruara y l\u00edder del Pueblo Kumaruara y coordinadora ejecutiva adjunta del Consejo Ind\u00edgena del Territorio Kumaruarauma; <strong>Alessandra Korap<\/strong>, Munduruku y l\u00edder del pueblo Munduruku y defensora de los derechos humanos de los Pueblos Ind\u00edgenas y del medio ambiente; <strong>Julio Cusurichi<\/strong>, l\u00edder ind\u00edgena shipibo de la Amazon\u00eda peruana, que lider\u00f3 la iniciativa de 2002 que consigui\u00f3 la creaci\u00f3n de una reserva territorial para los pueblos en aislamiento voluntario (PIAV), que abarca 7688 kil\u00f3metros cuadrados (m\u00e1s grande que el estado de Delaware), en una de las zonas m\u00e1s v\u00edrgenes de la Amazon\u00eda; <strong>Lino Jo\u00e3o de Oliveira Neves<\/strong>, profesor del Departamento de Antropolog\u00eda de la Universidad Federal de Amazonas, experto en PIAV y miembro del Equipo de Apoyo a los Pueblos Ind\u00edgenas Libres del CIMI; <strong>Juan Carlos Navarro Vega<\/strong>, Ingeniero Agr\u00f3nomo, de C\u00e1ritas Madre de Dios y del N\u00facleo de Justicia Socio Ambiental y Buen Vivir la REPAM; <strong>Fl\u00e1vio V. Machado<\/strong>, misionero laico del CIMI y responsable de Incidencia Internacional, con 16 a\u00f1os acompa\u00f1ando a los pueblos Guaran\u00ed y Kaiow\u00e1 en Mato Grosso do Sul (Brasil); <strong>Peter Hughes<\/strong>, misionero Columbano, fundador de la REPAM&nbsp; y Coordinador de su N\u00facleo de DDHH e Incidencia Internacional y <strong>Sonia Olea Ferreras<\/strong>, jurista, del Equipo de Incidencia Pol\u00edtica de C\u00e1ritas Espa\u00f1ola y responsable de Incidencia Internacional de la REPAM.<\/p>\n\n\n\n<p>Un equipo de mujeres y de hombres, de diversos rincones de la Pan Amazon\u00eda y del mundo, y con los mismos sue\u00f1os (social, cultural, ecol\u00f3gico y eclesial<a href=\"#_ftn1\" id=\"_ftnref1\">[1]<\/a>) de Francisco, que fallec\u00eda el d\u00eda de la inauguraci\u00f3n del Foro y que ha sido nuestra gu\u00eda y nuestra luz estos d\u00edas.<\/p>\n\n\n\n<h5 class=\"wp-block-heading\"><strong>El agua, nuestra pariente, nuestra hermana<\/strong><\/h5>\n\n\n\n<p>Muchos han sido los eventos paralelos donde el agua ha sido la protagonista. Organizados por agencias de las Naciones Unidas, por REPAM y CIMI, por otras organizaciones no gubernamentales, y con una claridad: Naciones Unidas tiene que aprender de los pueblos ind\u00edgenas c\u00f3mo relacionarse con el agua, c\u00f3mo comprenderla, como vivirla como sujeto de derechos.<\/p>\n\n\n\n<p>As\u00ed se han comenzado a dar los primeros pasos para la Cumbre de 2026, con el aprendizaje recibido en 2023 (donde tambi\u00e9n participamos REPAM, PUAM y CEAMA), en la 2\u00aa Cumbre; despu\u00e9s de m\u00e1s de 40 a\u00f1os, y donde ya las mujeres y hombres ind\u00edgenas de muchos de los pueblos ancestrales del mundo, dejaron sus propuestas y sus alertas por las salas y pasillos de UN en Nueva York.<\/p>\n\n\n\n<p>En palabras de una lideresa de las monta\u00f1as Rocosas de los Estados Unidos, es esencial que todos los pa\u00edses y sociedades adopten con urgencia la \u201c\u00e9tica h\u00eddrica\u201d de los pueblos ind\u00edgenas. Como forma de entender el mundo, el agua de la superficie y el agua en el subsuelo.<\/p>\n\n\n\n<h5 class=\"wp-block-heading\"><strong>Los pueblos ind\u00edgenas, aliados de los Gobiernos, cuidadores del planeta<\/strong><\/h5>\n\n\n\n<p>Con estas palabras el Dr. Barume, actual relator especial de las Naciones Unidas para los Pueblos Ind\u00edgenas, resum\u00eda su intervenci\u00f3n en el Di\u00e1logo Interactivo de ayer lunes.<\/p>\n\n\n\n<p>En \u00e9l, puso el acento en los siguientes temas: demarcaci\u00f3n de tierras y libre determinaci\u00f3n, criminalizaci\u00f3n y asesinato de las y los defensores ind\u00edgenas, extractivismo y comercio con el territorio y la vida; el desconocimiento y no aplicaci\u00f3n del derecho a la consulta previa, libre e informada por los Gobiernos y la discriminaci\u00f3n de las mujeres, que tienen que tener participaci\u00f3n equitativa en la gobernanza de la tierra. Adem\u00e1s, el futuro informe sobre identidad de los pueblos aclarar\u00e1 que no es suficiente con listar y definir, sino que conlleva tambi\u00e9n herramientas jur\u00eddicas y pol\u00edticas para el desarrollo y la realizaci\u00f3n de una vida digna.<\/p>\n\n\n\n<p>Tuvo tambi\u00e9n palabras para los pueblos en aislamiento voluntario y el objetivo esencial para los Gobiernos de procurar que no haya contacto.<\/p>\n\n\n\n<p>Sus \u00faltimas palabras fueron para el contexto mundial en el que vivimos, donde \u201chay que volver a luchar por lo que se daba por sentado: los principios generales de los DDHH\u201d, para todas las personas y mucho m\u00e1s a\u00fan para los pueblos ind\u00edgenas.<\/p>\n\n\n\n<p>Concluimos con una afirmaci\u00f3n rotunda, siguiendo las palabras del Dr. Barume: los principios de no discriminaci\u00f3n y libre determinaci\u00f3n fueron creados para unirnos como familia mundial, como proclama el pre\u00e1mbulo de la Declaraci\u00f3n Universal de los Derechos Humanos. Pero demos un paso m\u00e1s: incluyamos en esa familia a la naturaleza toda, a los oc\u00e9anos, mares y r\u00edos, a todas las criaturas.<\/p>\n\n\n\n<hr class=\"wp-block-separator has-alpha-channel-opacity\"\/>\n\n\n\n<p><a href=\"#_ftnref1\" id=\"_ftn1\">[1]<\/a> <a href=\"https:\/\/www.vatican.va\/content\/francesco\/es\/apost_exhortations\/documents\/papa-francesco_esortazione-ap_20200202_querida-amazonia.html\">https:\/\/www.vatican.va\/content\/francesco\/es\/apost_exhortations\/documents\/papa-francesco_esortazione-ap_20200202_querida-amazonia.html<\/a><\/p>\n","protected":false},"excerpt":{"rendered":"<p>Termina hoy nuestra presencia en el Foro de Pueblos Ind\u00edgenas de este a\u00f1o. Han sido d\u00edas intensos, plenos de trabajo y de escucha. Tambi\u00e9n de compartir y de gritar los horrores que est\u00e1n sufriendo pueblos enteros, naturaleza y biomas en la Pan Amazon\u00eda. Hay que seguir, y desde ya en marcha y en coordinaci\u00f3n CIMI [&hellip;]<\/p>\n","protected":false},"author":1,"featured_media":11918,"comment_status":"closed","ping_status":"closed","sticky":false,"template":"","format":"standard","meta":{"_acf_changed":false,"_uf_show_specific_survey":0,"_uf_disable_surveys":false,"footnotes":""},"categories":[1235,4],"tags":[33,47,35,52,43,81,16,8,9,28],"class_list":["post-11917","post","type-post","status-publish","format-standard","has-post-thumbnail","hentry","category-agua-vida-derechos-y-futuro-en-la-amazonia","category-noticias","tag-amazonia","tag-bolivia","tag-coica","tag-derechos-humanos","tag-papa-francisco","tag-peru","tag-pueblos-indigenas","tag-querida-amazonia","tag-repam","tag-sinodo-amazonico"],"acf":[],"aioseo_notices":[],"yoast_head":"<!-- This site is optimized with the Yoast SEO plugin v27.4 - https:\/\/yoast.com\/product\/yoast-seo-wordpress\/ -->\n<title>Los Pueblos Ind\u00edgenas como aliados y soporte de otro mundo posible - REPAM<\/title>\n<meta name=\"description\" content=\"Termina hoy nuestra presencia en el Foro de Pueblos Ind\u00edgenas de este a\u00f1o. Han sido d\u00edas intensos, plenos de trabajo y de escucha. Tambi\u00e9n de compartir y de gritar los horrores que est\u00e1n sufriendo pueblos enteros, naturaleza y biomas en la Pan Amazon\u00eda. Hay que seguir, y desde ya en marcha y en coordinaci\u00f3n CIMI y REPAM para lo que viene: COP 30, Foro de Empresas y Derechos Humanos, y por supuesto, con mucha fuerza, la Cumbre del Agua de Naciones Unidas en 2026.\" \/>\n<meta name=\"robots\" content=\"index, follow, max-snippet:-1, max-image-preview:large, max-video-preview:-1\" \/>\n<link rel=\"canonical\" href=\"https:\/\/www.repam.net\/es\/los-pueblos-indigenas-como-aliados-y-soporte-de-otro-mundo-posible\/\" \/>\n<meta property=\"og:locale\" content=\"es_ES\" \/>\n<meta property=\"og:type\" content=\"article\" \/>\n<meta property=\"og:title\" content=\"Los Pueblos Ind\u00edgenas como aliados y soporte de otro mundo posible - REPAM\" \/>\n<meta property=\"og:description\" content=\"Termina hoy nuestra presencia en el Foro de Pueblos Ind\u00edgenas de este a\u00f1o. Han sido d\u00edas intensos, plenos de trabajo y de escucha. Tambi\u00e9n de compartir y de gritar los horrores que est\u00e1n sufriendo pueblos enteros, naturaleza y biomas en la Pan Amazon\u00eda. Hay que seguir, y desde ya en marcha y en coordinaci\u00f3n CIMI y REPAM para lo que viene: COP 30, Foro de Empresas y Derechos Humanos, y por supuesto, con mucha fuerza, la Cumbre del Agua de Naciones Unidas en 2026.\" \/>\n<meta property=\"og:url\" content=\"https:\/\/www.repam.net\/es\/los-pueblos-indigenas-como-aliados-y-soporte-de-otro-mundo-posible\/\" \/>\n<meta property=\"og:site_name\" content=\"REPAM\" \/>\n<meta property=\"article:published_time\" content=\"2025-04-29T13:57:43+00:00\" \/>\n<meta property=\"article:modified_time\" content=\"2025-04-29T15:50:49+00:00\" \/>\n<meta property=\"og:image\" content=\"https:\/\/www.repam.net\/es\/wp-content\/uploads\/2025\/04\/LOS-PUEBLOS-INDIGENAS-COMO-ALIADOS-Y-SOPORTE-DE-OTRO-MUNDO-POSIBLE.jpeg\" \/>\n\t<meta property=\"og:image:width\" content=\"1600\" \/>\n\t<meta property=\"og:image:height\" content=\"902\" \/>\n\t<meta property=\"og:image:type\" content=\"image\/jpeg\" \/>\n<meta name=\"author\" content=\"repam@adm\" \/>\n<meta name=\"twitter:card\" content=\"summary_large_image\" \/>\n<meta name=\"twitter:label1\" content=\"Escrito por\" \/>\n\t<meta name=\"twitter:data1\" content=\"repam@adm\" \/>\n\t<meta name=\"twitter:label2\" content=\"Tiempo de lectura\" \/>\n\t<meta name=\"twitter:data2\" content=\"4 minutos\" \/>\n<script type=\"application\/ld+json\" class=\"yoast-schema-graph\">{\"@context\":\"https:\\\/\\\/schema.org\",\"@graph\":[{\"@type\":\"Article\",\"@id\":\"https:\\\/\\\/www.repam.net\\\/es\\\/los-pueblos-indigenas-como-aliados-y-soporte-de-otro-mundo-posible\\\/#article\",\"isPartOf\":{\"@id\":\"https:\\\/\\\/www.repam.net\\\/es\\\/los-pueblos-indigenas-como-aliados-y-soporte-de-otro-mundo-posible\\\/\"},\"author\":{\"name\":\"repam@adm\",\"@id\":\"https:\\\/\\\/www.repam.net\\\/es\\\/#\\\/schema\\\/person\\\/0c828bf04cf1abe6016cbe752c76a033\"},\"headline\":\"Los Pueblos Ind\u00edgenas como aliados y soporte de otro mundo posible\",\"datePublished\":\"2025-04-29T13:57:43+00:00\",\"dateModified\":\"2025-04-29T15:50:49+00:00\",\"mainEntityOfPage\":{\"@id\":\"https:\\\/\\\/www.repam.net\\\/es\\\/los-pueblos-indigenas-como-aliados-y-soporte-de-otro-mundo-posible\\\/\"},\"wordCount\":916,\"publisher\":{\"@id\":\"https:\\\/\\\/www.repam.net\\\/es\\\/#organization\"},\"image\":{\"@id\":\"https:\\\/\\\/www.repam.net\\\/es\\\/los-pueblos-indigenas-como-aliados-y-soporte-de-otro-mundo-posible\\\/#primaryimage\"},\"thumbnailUrl\":\"https:\\\/\\\/www.repam.net\\\/es\\\/wp-content\\\/uploads\\\/2025\\\/04\\\/LOS-PUEBLOS-INDIGENAS-COMO-ALIADOS-Y-SOPORTE-DE-OTRO-MUNDO-POSIBLE.jpeg\",\"keywords\":[\"Amazon\u00eda\",\"Bolivia\",\"Coica\",\"Derechos Humanos\",\"Papa Francisco\",\"Per\u00fa\",\"pueblos ind\u00edgenas\",\"Querida Amazon\u00eda\",\"REPAM\",\"S\u00ednodo Amaz\u00f3nico\"],\"articleSection\":[\"Agua: vida, derechos y futuro en la Amazon\u00eda\",\"Noticias\"],\"inLanguage\":\"es-CO\"},{\"@type\":\"WebPage\",\"@id\":\"https:\\\/\\\/www.repam.net\\\/es\\\/los-pueblos-indigenas-como-aliados-y-soporte-de-otro-mundo-posible\\\/\",\"url\":\"https:\\\/\\\/www.repam.net\\\/es\\\/los-pueblos-indigenas-como-aliados-y-soporte-de-otro-mundo-posible\\\/\",\"name\":\"Los Pueblos Ind\u00edgenas como aliados y soporte de otro mundo posible - REPAM\",\"isPartOf\":{\"@id\":\"https:\\\/\\\/www.repam.net\\\/es\\\/#website\"},\"primaryImageOfPage\":{\"@id\":\"https:\\\/\\\/www.repam.net\\\/es\\\/los-pueblos-indigenas-como-aliados-y-soporte-de-otro-mundo-posible\\\/#primaryimage\"},\"image\":{\"@id\":\"https:\\\/\\\/www.repam.net\\\/es\\\/los-pueblos-indigenas-como-aliados-y-soporte-de-otro-mundo-posible\\\/#primaryimage\"},\"thumbnailUrl\":\"https:\\\/\\\/www.repam.net\\\/es\\\/wp-content\\\/uploads\\\/2025\\\/04\\\/LOS-PUEBLOS-INDIGENAS-COMO-ALIADOS-Y-SOPORTE-DE-OTRO-MUNDO-POSIBLE.jpeg\",\"datePublished\":\"2025-04-29T13:57:43+00:00\",\"dateModified\":\"2025-04-29T15:50:49+00:00\",\"description\":\"Termina hoy nuestra presencia en el Foro de Pueblos Ind\u00edgenas de este a\u00f1o. Han sido d\u00edas intensos, plenos de trabajo y de escucha. Tambi\u00e9n de compartir y de gritar los horrores que est\u00e1n sufriendo pueblos enteros, naturaleza y biomas en la Pan Amazon\u00eda. Hay que seguir, y desde ya en marcha y en coordinaci\u00f3n CIMI y REPAM para lo que viene: COP 30, Foro de Empresas y Derechos Humanos, y por supuesto, con mucha fuerza, la Cumbre del Agua de Naciones Unidas en 2026.\",\"breadcrumb\":{\"@id\":\"https:\\\/\\\/www.repam.net\\\/es\\\/los-pueblos-indigenas-como-aliados-y-soporte-de-otro-mundo-posible\\\/#breadcrumb\"},\"inLanguage\":\"es-CO\",\"potentialAction\":[{\"@type\":\"ReadAction\",\"target\":[\"https:\\\/\\\/www.repam.net\\\/es\\\/los-pueblos-indigenas-como-aliados-y-soporte-de-otro-mundo-posible\\\/\"]}]},{\"@type\":\"ImageObject\",\"inLanguage\":\"es-CO\",\"@id\":\"https:\\\/\\\/www.repam.net\\\/es\\\/los-pueblos-indigenas-como-aliados-y-soporte-de-otro-mundo-posible\\\/#primaryimage\",\"url\":\"https:\\\/\\\/www.repam.net\\\/es\\\/wp-content\\\/uploads\\\/2025\\\/04\\\/LOS-PUEBLOS-INDIGENAS-COMO-ALIADOS-Y-SOPORTE-DE-OTRO-MUNDO-POSIBLE.jpeg\",\"contentUrl\":\"https:\\\/\\\/www.repam.net\\\/es\\\/wp-content\\\/uploads\\\/2025\\\/04\\\/LOS-PUEBLOS-INDIGENAS-COMO-ALIADOS-Y-SOPORTE-DE-OTRO-MUNDO-POSIBLE.jpeg\",\"width\":1600,\"height\":902},{\"@type\":\"BreadcrumbList\",\"@id\":\"https:\\\/\\\/www.repam.net\\\/es\\\/los-pueblos-indigenas-como-aliados-y-soporte-de-otro-mundo-posible\\\/#breadcrumb\",\"itemListElement\":[{\"@type\":\"ListItem\",\"position\":1,\"name\":\"Inicio\",\"item\":\"https:\\\/\\\/www.repam.net\\\/es\\\/\"},{\"@type\":\"ListItem\",\"position\":2,\"name\":\"Los Pueblos Ind\u00edgenas como aliados y soporte de otro mundo posible\"}]},{\"@type\":\"WebSite\",\"@id\":\"https:\\\/\\\/www.repam.net\\\/es\\\/#website\",\"url\":\"https:\\\/\\\/www.repam.net\\\/es\\\/\",\"name\":\"REPAM\",\"description\":\"Red Eclesial Panamaz\u00f3nica\",\"publisher\":{\"@id\":\"https:\\\/\\\/www.repam.net\\\/es\\\/#organization\"},\"potentialAction\":[{\"@type\":\"SearchAction\",\"target\":{\"@type\":\"EntryPoint\",\"urlTemplate\":\"https:\\\/\\\/www.repam.net\\\/es\\\/?s={search_term_string}\"},\"query-input\":{\"@type\":\"PropertyValueSpecification\",\"valueRequired\":true,\"valueName\":\"search_term_string\"}}],\"inLanguage\":\"es-CO\"},{\"@type\":\"Organization\",\"@id\":\"https:\\\/\\\/www.repam.net\\\/es\\\/#organization\",\"name\":\"REPAM\",\"url\":\"https:\\\/\\\/www.repam.net\\\/es\\\/\",\"logo\":{\"@type\":\"ImageObject\",\"inLanguage\":\"es-CO\",\"@id\":\"https:\\\/\\\/www.repam.net\\\/es\\\/#\\\/schema\\\/logo\\\/image\\\/\",\"url\":\"https:\\\/\\\/www.repam.net\\\/es\\\/wp-content\\\/uploads\\\/2021\\\/11\\\/cropped-favicon.png\",\"contentUrl\":\"https:\\\/\\\/www.repam.net\\\/es\\\/wp-content\\\/uploads\\\/2021\\\/11\\\/cropped-favicon.png\",\"width\":512,\"height\":512,\"caption\":\"REPAM\"},\"image\":{\"@id\":\"https:\\\/\\\/www.repam.net\\\/es\\\/#\\\/schema\\\/logo\\\/image\\\/\"}},{\"@type\":\"Person\",\"@id\":\"https:\\\/\\\/www.repam.net\\\/es\\\/#\\\/schema\\\/person\\\/0c828bf04cf1abe6016cbe752c76a033\",\"name\":\"repam@adm\",\"image\":{\"@type\":\"ImageObject\",\"inLanguage\":\"es-CO\",\"@id\":\"https:\\\/\\\/secure.gravatar.com\\\/avatar\\\/b18234ea6de5d74563e52ca7bfdad9d2b029b514c935b38a2790717abf8f2e5f?s=96&d=mm&r=g\",\"url\":\"https:\\\/\\\/secure.gravatar.com\\\/avatar\\\/b18234ea6de5d74563e52ca7bfdad9d2b029b514c935b38a2790717abf8f2e5f?s=96&d=mm&r=g\",\"contentUrl\":\"https:\\\/\\\/secure.gravatar.com\\\/avatar\\\/b18234ea6de5d74563e52ca7bfdad9d2b029b514c935b38a2790717abf8f2e5f?s=96&d=mm&r=g\",\"caption\":\"repam@adm\"},\"sameAs\":[\"http:\\\/\\\/repam.net\"],\"url\":\"https:\\\/\\\/www.repam.net\\\/es\\\/author\\\/repamadm\\\/\"}]}<\/script>\n<!-- \/ Yoast SEO plugin. -->","yoast_head_json":{"title":"Los Pueblos Ind\u00edgenas como aliados y soporte de otro mundo posible - REPAM","description":"Termina hoy nuestra presencia en el Foro de Pueblos Ind\u00edgenas de este a\u00f1o. Han sido d\u00edas intensos, plenos de trabajo y de escucha. Tambi\u00e9n de compartir y de gritar los horrores que est\u00e1n sufriendo pueblos enteros, naturaleza y biomas en la Pan Amazon\u00eda. Hay que seguir, y desde ya en marcha y en coordinaci\u00f3n CIMI y REPAM para lo que viene: COP 30, Foro de Empresas y Derechos Humanos, y por supuesto, con mucha fuerza, la Cumbre del Agua de Naciones Unidas en 2026.","robots":{"index":"index","follow":"follow","max-snippet":"max-snippet:-1","max-image-preview":"max-image-preview:large","max-video-preview":"max-video-preview:-1"},"canonical":"https:\/\/www.repam.net\/es\/los-pueblos-indigenas-como-aliados-y-soporte-de-otro-mundo-posible\/","og_locale":"es_ES","og_type":"article","og_title":"Los Pueblos Ind\u00edgenas como aliados y soporte de otro mundo posible - REPAM","og_description":"Termina hoy nuestra presencia en el Foro de Pueblos Ind\u00edgenas de este a\u00f1o. Han sido d\u00edas intensos, plenos de trabajo y de escucha. Tambi\u00e9n de compartir y de gritar los horrores que est\u00e1n sufriendo pueblos enteros, naturaleza y biomas en la Pan Amazon\u00eda. Hay que seguir, y desde ya en marcha y en coordinaci\u00f3n CIMI y REPAM para lo que viene: COP 30, Foro de Empresas y Derechos Humanos, y por supuesto, con mucha fuerza, la Cumbre del Agua de Naciones Unidas en 2026.","og_url":"https:\/\/www.repam.net\/es\/los-pueblos-indigenas-como-aliados-y-soporte-de-otro-mundo-posible\/","og_site_name":"REPAM","article_published_time":"2025-04-29T13:57:43+00:00","article_modified_time":"2025-04-29T15:50:49+00:00","og_image":[{"width":1600,"height":902,"url":"https:\/\/www.repam.net\/es\/wp-content\/uploads\/2025\/04\/LOS-PUEBLOS-INDIGENAS-COMO-ALIADOS-Y-SOPORTE-DE-OTRO-MUNDO-POSIBLE.jpeg","type":"image\/jpeg"}],"author":"repam@adm","twitter_card":"summary_large_image","twitter_misc":{"Escrito por":"repam@adm","Tiempo de lectura":"4 minutos"},"schema":{"@context":"https:\/\/schema.org","@graph":[{"@type":"Article","@id":"https:\/\/www.repam.net\/es\/los-pueblos-indigenas-como-aliados-y-soporte-de-otro-mundo-posible\/#article","isPartOf":{"@id":"https:\/\/www.repam.net\/es\/los-pueblos-indigenas-como-aliados-y-soporte-de-otro-mundo-posible\/"},"author":{"name":"repam@adm","@id":"https:\/\/www.repam.net\/es\/#\/schema\/person\/0c828bf04cf1abe6016cbe752c76a033"},"headline":"Los Pueblos Ind\u00edgenas como aliados y soporte de otro mundo posible","datePublished":"2025-04-29T13:57:43+00:00","dateModified":"2025-04-29T15:50:49+00:00","mainEntityOfPage":{"@id":"https:\/\/www.repam.net\/es\/los-pueblos-indigenas-como-aliados-y-soporte-de-otro-mundo-posible\/"},"wordCount":916,"publisher":{"@id":"https:\/\/www.repam.net\/es\/#organization"},"image":{"@id":"https:\/\/www.repam.net\/es\/los-pueblos-indigenas-como-aliados-y-soporte-de-otro-mundo-posible\/#primaryimage"},"thumbnailUrl":"https:\/\/www.repam.net\/es\/wp-content\/uploads\/2025\/04\/LOS-PUEBLOS-INDIGENAS-COMO-ALIADOS-Y-SOPORTE-DE-OTRO-MUNDO-POSIBLE.jpeg","keywords":["Amazon\u00eda","Bolivia","Coica","Derechos Humanos","Papa Francisco","Per\u00fa","pueblos ind\u00edgenas","Querida Amazon\u00eda","REPAM","S\u00ednodo Amaz\u00f3nico"],"articleSection":["Agua: vida, derechos y futuro en la Amazon\u00eda","Noticias"],"inLanguage":"es-CO"},{"@type":"WebPage","@id":"https:\/\/www.repam.net\/es\/los-pueblos-indigenas-como-aliados-y-soporte-de-otro-mundo-posible\/","url":"https:\/\/www.repam.net\/es\/los-pueblos-indigenas-como-aliados-y-soporte-de-otro-mundo-posible\/","name":"Los Pueblos Ind\u00edgenas como aliados y soporte de otro mundo posible - REPAM","isPartOf":{"@id":"https:\/\/www.repam.net\/es\/#website"},"primaryImageOfPage":{"@id":"https:\/\/www.repam.net\/es\/los-pueblos-indigenas-como-aliados-y-soporte-de-otro-mundo-posible\/#primaryimage"},"image":{"@id":"https:\/\/www.repam.net\/es\/los-pueblos-indigenas-como-aliados-y-soporte-de-otro-mundo-posible\/#primaryimage"},"thumbnailUrl":"https:\/\/www.repam.net\/es\/wp-content\/uploads\/2025\/04\/LOS-PUEBLOS-INDIGENAS-COMO-ALIADOS-Y-SOPORTE-DE-OTRO-MUNDO-POSIBLE.jpeg","datePublished":"2025-04-29T13:57:43+00:00","dateModified":"2025-04-29T15:50:49+00:00","description":"Termina hoy nuestra presencia en el Foro de Pueblos Ind\u00edgenas de este a\u00f1o. Han sido d\u00edas intensos, plenos de trabajo y de escucha. Tambi\u00e9n de compartir y de gritar los horrores que est\u00e1n sufriendo pueblos enteros, naturaleza y biomas en la Pan Amazon\u00eda. Hay que seguir, y desde ya en marcha y en coordinaci\u00f3n CIMI y REPAM para lo que viene: COP 30, Foro de Empresas y Derechos Humanos, y por supuesto, con mucha fuerza, la Cumbre del Agua de Naciones Unidas en 2026.","breadcrumb":{"@id":"https:\/\/www.repam.net\/es\/los-pueblos-indigenas-como-aliados-y-soporte-de-otro-mundo-posible\/#breadcrumb"},"inLanguage":"es-CO","potentialAction":[{"@type":"ReadAction","target":["https:\/\/www.repam.net\/es\/los-pueblos-indigenas-como-aliados-y-soporte-de-otro-mundo-posible\/"]}]},{"@type":"ImageObject","inLanguage":"es-CO","@id":"https:\/\/www.repam.net\/es\/los-pueblos-indigenas-como-aliados-y-soporte-de-otro-mundo-posible\/#primaryimage","url":"https:\/\/www.repam.net\/es\/wp-content\/uploads\/2025\/04\/LOS-PUEBLOS-INDIGENAS-COMO-ALIADOS-Y-SOPORTE-DE-OTRO-MUNDO-POSIBLE.jpeg","contentUrl":"https:\/\/www.repam.net\/es\/wp-content\/uploads\/2025\/04\/LOS-PUEBLOS-INDIGENAS-COMO-ALIADOS-Y-SOPORTE-DE-OTRO-MUNDO-POSIBLE.jpeg","width":1600,"height":902},{"@type":"BreadcrumbList","@id":"https:\/\/www.repam.net\/es\/los-pueblos-indigenas-como-aliados-y-soporte-de-otro-mundo-posible\/#breadcrumb","itemListElement":[{"@type":"ListItem","position":1,"name":"Inicio","item":"https:\/\/www.repam.net\/es\/"},{"@type":"ListItem","position":2,"name":"Los Pueblos Ind\u00edgenas como aliados y soporte de otro mundo posible"}]},{"@type":"WebSite","@id":"https:\/\/www.repam.net\/es\/#website","url":"https:\/\/www.repam.net\/es\/","name":"REPAM","description":"Red Eclesial Panamaz\u00f3nica","publisher":{"@id":"https:\/\/www.repam.net\/es\/#organization"},"potentialAction":[{"@type":"SearchAction","target":{"@type":"EntryPoint","urlTemplate":"https:\/\/www.repam.net\/es\/?s={search_term_string}"},"query-input":{"@type":"PropertyValueSpecification","valueRequired":true,"valueName":"search_term_string"}}],"inLanguage":"es-CO"},{"@type":"Organization","@id":"https:\/\/www.repam.net\/es\/#organization","name":"REPAM","url":"https:\/\/www.repam.net\/es\/","logo":{"@type":"ImageObject","inLanguage":"es-CO","@id":"https:\/\/www.repam.net\/es\/#\/schema\/logo\/image\/","url":"https:\/\/www.repam.net\/es\/wp-content\/uploads\/2021\/11\/cropped-favicon.png","contentUrl":"https:\/\/www.repam.net\/es\/wp-content\/uploads\/2021\/11\/cropped-favicon.png","width":512,"height":512,"caption":"REPAM"},"image":{"@id":"https:\/\/www.repam.net\/es\/#\/schema\/logo\/image\/"}},{"@type":"Person","@id":"https:\/\/www.repam.net\/es\/#\/schema\/person\/0c828bf04cf1abe6016cbe752c76a033","name":"repam@adm","image":{"@type":"ImageObject","inLanguage":"es-CO","@id":"https:\/\/secure.gravatar.com\/avatar\/b18234ea6de5d74563e52ca7bfdad9d2b029b514c935b38a2790717abf8f2e5f?s=96&d=mm&r=g","url":"https:\/\/secure.gravatar.com\/avatar\/b18234ea6de5d74563e52ca7bfdad9d2b029b514c935b38a2790717abf8f2e5f?s=96&d=mm&r=g","contentUrl":"https:\/\/secure.gravatar.com\/avatar\/b18234ea6de5d74563e52ca7bfdad9d2b029b514c935b38a2790717abf8f2e5f?s=96&d=mm&r=g","caption":"repam@adm"},"sameAs":["http:\/\/repam.net"],"url":"https:\/\/www.repam.net\/es\/author\/repamadm\/"}]}},"_links":{"self":[{"href":"https:\/\/www.repam.net\/es\/wp-json\/wp\/v2\/posts\/11917","targetHints":{"allow":["GET"]}}],"collection":[{"href":"https:\/\/www.repam.net\/es\/wp-json\/wp\/v2\/posts"}],"about":[{"href":"https:\/\/www.repam.net\/es\/wp-json\/wp\/v2\/types\/post"}],"author":[{"embeddable":true,"href":"https:\/\/www.repam.net\/es\/wp-json\/wp\/v2\/users\/1"}],"replies":[{"embeddable":true,"href":"https:\/\/www.repam.net\/es\/wp-json\/wp\/v2\/comments?post=11917"}],"version-history":[{"count":2,"href":"https:\/\/www.repam.net\/es\/wp-json\/wp\/v2\/posts\/11917\/revisions"}],"predecessor-version":[{"id":11920,"href":"https:\/\/www.repam.net\/es\/wp-json\/wp\/v2\/posts\/11917\/revisions\/11920"}],"wp:featuredmedia":[{"embeddable":true,"href":"https:\/\/www.repam.net\/es\/wp-json\/wp\/v2\/media\/11918"}],"wp:attachment":[{"href":"https:\/\/www.repam.net\/es\/wp-json\/wp\/v2\/media?parent=11917"}],"wp:term":[{"taxonomy":"category","embeddable":true,"href":"https:\/\/www.repam.net\/es\/wp-json\/wp\/v2\/categories?post=11917"},{"taxonomy":"post_tag","embeddable":true,"href":"https:\/\/www.repam.net\/es\/wp-json\/wp\/v2\/tags?post=11917"}],"curies":[{"name":"wp","href":"https:\/\/api.w.org\/{rel}","templated":true}]}}