{"id":11977,"date":"2025-05-29T08:38:20","date_gmt":"2025-05-29T13:38:20","guid":{"rendered":"https:\/\/www.repam.net\/es\/?p=11977"},"modified":"2025-05-29T08:38:22","modified_gmt":"2025-05-29T13:38:22","slug":"vaticano-abre-proceso-hacia-la-beatificacion-de-los-martires-del-yasuni-en-la-amazonia","status":"publish","type":"post","link":"https:\/\/www.repam.net\/es\/vaticano-abre-proceso-hacia-la-beatificacion-de-los-martires-del-yasuni-en-la-amazonia\/","title":{"rendered":"Vaticano abre proceso hacia la beatificaci\u00f3n de los m\u00e1rtires del Yasun\u00ed, en la Amazon\u00eda\u00a0"},"content":{"rendered":"<div class=\"wp-block-image\">\n<figure class=\"aligncenter size-large\"><img loading=\"lazy\" decoding=\"async\" width=\"1024\" height=\"682\" src=\"https:\/\/www.repam.net\/es\/wp-content\/uploads\/2025\/05\/Labaka-e-Ines-ok-1024x682.jpg\" alt=\"\" class=\"wp-image-11978\" srcset=\"https:\/\/www.repam.net\/es\/wp-content\/uploads\/2025\/05\/Labaka-e-Ines-ok-1024x682.jpg 1024w, https:\/\/www.repam.net\/es\/wp-content\/uploads\/2025\/05\/Labaka-e-Ines-ok-300x200.jpg 300w, https:\/\/www.repam.net\/es\/wp-content\/uploads\/2025\/05\/Labaka-e-Ines-ok-768x512.jpg 768w, https:\/\/www.repam.net\/es\/wp-content\/uploads\/2025\/05\/Labaka-e-Ines-ok.jpg 1280w\" sizes=\"auto, (max-width: 1024px) 100vw, 1024px\" \/><\/figure>\n<\/div>\n\n\n<blockquote class=\"wp-block-quote is-layout-flow wp-block-quote-is-layout-flow\">\n<p><em>Papa Le\u00f3n XIV firma decretos que reconocen la \u201cofrenda de vida\u201d del obispo Alejandro Labaka y de la hermana In\u00e9s Arango, fallecidos en 1987 durante una misi\u00f3n en territorio tagaeri.<\/em>\u00a0<\/p>\n<\/blockquote>\n\n\n\n<p><strong><em>Por: Jimena Celis \u2013 Equipo de Comunicaciones de la REPAM Per\u00fa<\/em><\/strong><\/p>\n\n\n\n<p>El papa Le\u00f3n XIV ha aprobado los decretos que dan inicio formal a la causa de beatificaci\u00f3n del obispo Alejandro Labaka Ugarte y de la hermana In\u00e9s Arango Vel\u00e1squez, ambos asesinados en 1987 en la selva del oriente ecuatoriano mientras intentaban establecer contacto con un grupo ind\u00edgena en aislamiento. La decisi\u00f3n, anunciada por el Dicasterio para las Causas de los Santos, reconoce la \u2018oferta voluntaria de vida\u2019 de los dos religiosos en un contexto de alta tensi\u00f3n social y ambiental.&nbsp;<\/p>\n\n\n\n<p>Se trata de la primera causa de beatificaci\u00f3n confirmada por Le\u00f3n XIV desde el inicio de su pontificado, apenas dos semanas atr\u00e1s. El gesto marca una l\u00ednea clara en su visi\u00f3n pastoral: una Iglesia misionera, presente en los m\u00e1rgenes geogr\u00e1ficos y existenciales, y comprometida con la protecci\u00f3n de la vida humana en situaciones de riesgo.&nbsp;<\/p>\n\n\n\n<p><strong><em>\u201cMonse\u00f1or Alejandro y la hermana In\u00e9s fueron al encuentro de los pueblos no contactados no por aventura, sino por amor. Dijeron: \u2018Si no vamos nosotros, los matan a ellos\u2019\u201d<\/em><\/strong>, declar\u00f3 Monse\u00f1or Adalberto Jim\u00e9nez, OFM CAP, obispo del Vicariato de Aguarico, citando una de las frases m\u00e1s significativas de los misioneros.&nbsp;<\/p>\n\n\n\n<h5 class=\"wp-block-heading\"><strong>Misi\u00f3n en territorio fr\u00e1gil y amenazado\u00a0<\/strong><\/h5>\n\n\n\n<p>Alejandro Labaka, de origen vasco, fue designado obispo del Vicariato Apost\u00f3lico de Aguarico en 1984. A lo largo de su servicio, estableci\u00f3 v\u00ednculos con comunidades ind\u00edgenas en situaci\u00f3n de contacto inicial y promovi\u00f3 un enfoque pastoral basado en el respeto intercultural. Por su parte, la religiosa colombiana In\u00e9s Arango, perteneciente a la Congregaci\u00f3n de las Hermanas Terciarias Capuchinas, acompa\u00f1\u00f3 procesos de catequesis y trabajo comunitario en esa misma regi\u00f3n, dedicando su vida a la atenci\u00f3n de pueblos ind\u00edgenas.&nbsp;<\/p>\n\n\n\n<p>En junio de 1987, ambos decidieron ingresar por v\u00eda a\u00e9rea a una zona habitada por el pueblo tagaeri \u2014grupo en aislamiento voluntario del Parque Nacional Yasun\u00ed\u2014 para prevenir una posible incursi\u00f3n petrolera en su territorio. El contacto no fue posible. Al d\u00eda siguiente, sus cuerpos fueron hallados sin vida, con se\u00f1ales de agresi\u00f3n. La investigaci\u00f3n posterior interpret\u00f3 este hecho como una respuesta violenta, enmarcada en la tensi\u00f3n acumulada entre comunidades ind\u00edgenas y agentes externos.&nbsp;<\/p>\n\n\n\n<p><strong><em>\u201cEl testimonio de Monse\u00f1or Alejandro y de la hermana In\u00e9s nos llena de esperanza, no solo para el Vicariato de Aguarico, sino para toda la cuenca amaz\u00f3nica, porque son m\u00e1rtires de la Amazon\u00eda\u201d<\/em><\/strong>, se\u00f1al\u00f3 Monse\u00f1or Jim\u00e9nez, destacando la dimensi\u00f3n continental de este reconocimiento <strong><em>\u201cHemos recibido la noticia con mucha alegr\u00eda, ya que es un suceso grande, no solo para el vicariato de Aguarico, sino para toda la cuenca amaz\u00f3nica, porque son m\u00e1rtires de la Amazon\u00eda.\u201d<\/em><\/strong>&nbsp;<\/p>\n\n\n\n<h5 class=\"wp-block-heading\"><strong>Una decisi\u00f3n con implicancias para la Iglesia y la Amazon\u00eda\u00a0<\/strong><\/h5>\n\n\n\n<p>El proceso de beatificaci\u00f3n se sustenta en la figura de <em>oblatio vitae<\/em>, introducida por el papa Francisco en 2017, que permite el reconocimiento de personas que, sin ser m\u00e1rtires en el sentido tradicional, entregaron su vida de forma libre y consciente por una causa evang\u00e9lica. En este caso, se reconoce que tanto Labaka como Arango asumieron voluntariamente un riesgo considerable, motivados por la defensa de la vida de un pueblo amenazado.&nbsp;<\/p>\n\n\n\n<p>El anuncio del Vaticano ha generado una reacci\u00f3n de recogimiento entre quienes conocieron de cerca el trabajo pastoral de ambos misioneros. Su historia representa un momento significativo en la memoria eclesial de la regi\u00f3n amaz\u00f3nica, marcada por los conflictos entre intereses extractivos y pueblos ind\u00edgenas que resisten la desaparici\u00f3n de sus territorios y culturas.&nbsp;<\/p>\n\n\n\n<h5 class=\"wp-block-heading\"><strong>M\u00e1s all\u00e1 del reconocimiento formal\u00a0<\/strong><\/h5>\n\n\n\n<p>La beatificaci\u00f3n en curso es tambi\u00e9n una se\u00f1al para la Iglesia latinoamericana y para las comunidades amaz\u00f3nicas que a\u00fan enfrentan presiones estructurales sobre sus territorios. Labaka e In\u00e9s no fueron figuras heroicas en el sentido convencional, sino personas que asumieron su vocaci\u00f3n con radicalidad pastoral, incluso cuando las condiciones exig\u00edan decisiones dif\u00edciles y sin garant\u00edas de retorno.&nbsp;<\/p>\n\n\n\n<p><strong><em>\u201cEl mensaje de su vida nos recuerda que no basta con quedarnos en una fe encerrada en los templos: el Evangelio se vive saliendo al encuentro de los m\u00e1s vulnerables, en las periferias geogr\u00e1ficas y existenciales\u201d<\/em><\/strong>, expres\u00f3 Monse\u00f1or Jim\u00e9nez, haciendo eco del llamado del papa Francisco y ahora tambi\u00e9n de Le\u00f3n XIV.&nbsp;<\/p>\n\n\n\n<p>Sus restos, enterrados en la ciudad de Coca, han sido visitados en silencio durante a\u00f1os por comunidades locales y por quienes contin\u00faan la labor misionera en la selva. Para muchos, su memoria sigue viva como un referente de compromiso pastoral firme, sin estridencias ni promesas, pero con una coherencia que interroga profundamente.&nbsp;<\/p>\n","protected":false},"excerpt":{"rendered":"<p>Papa Le\u00f3n XIV firma decretos que reconocen la \u201cofrenda de vida\u201d del obispo Alejandro Labaka y de la hermana In\u00e9s Arango, fallecidos en 1987 durante una misi\u00f3n en territorio tagaeri.\u00a0 Por: Jimena Celis \u2013 Equipo de Comunicaciones de la REPAM Per\u00fa El papa Le\u00f3n XIV ha aprobado los decretos que dan inicio formal a la [&hellip;]<\/p>\n","protected":false},"author":1,"featured_media":11978,"comment_status":"closed","ping_status":"closed","sticky":false,"template":"","format":"standard","meta":{"_acf_changed":false,"_uf_show_specific_survey":0,"_uf_disable_surveys":false,"footnotes":""},"categories":[97,4],"tags":[33,173,16,8,9],"class_list":["post-11977","post","type-post","status-publish","format-standard","has-post-thumbnail","hentry","category-iglesia-con-rostro-amazonico","category-noticias","tag-amazonia","tag-ecuador","tag-pueblos-indigenas","tag-querida-amazonia","tag-repam"],"acf":[],"aioseo_notices":[],"yoast_head":"<!-- This site is optimized with the Yoast SEO plugin v27.4 - https:\/\/yoast.com\/product\/yoast-seo-wordpress\/ -->\n<title>Vaticano abre proceso hacia la beatificaci\u00f3n de los m\u00e1rtires del Yasun\u00ed, en la Amazon\u00eda\u00a0 - REPAM<\/title>\n<meta name=\"description\" content=\"Papa Le\u00f3n XIV firma decretos que reconocen la \u201cofrenda de vida\u201d del obispo Alejandro Labaka y de la hermana In\u00e9s Arango, fallecidos en 1987 durante una misi\u00f3n en territorio tagaeri.\u00a0\" \/>\n<meta name=\"robots\" content=\"index, follow, max-snippet:-1, max-image-preview:large, max-video-preview:-1\" \/>\n<link rel=\"canonical\" href=\"https:\/\/www.repam.net\/es\/vaticano-abre-proceso-hacia-la-beatificacion-de-los-martires-del-yasuni-en-la-amazonia\/\" \/>\n<meta property=\"og:locale\" content=\"es_ES\" \/>\n<meta property=\"og:type\" content=\"article\" \/>\n<meta property=\"og:title\" content=\"Vaticano abre proceso hacia la beatificaci\u00f3n de los m\u00e1rtires del Yasun\u00ed, en la Amazon\u00eda\u00a0 - REPAM\" \/>\n<meta property=\"og:description\" content=\"Papa Le\u00f3n XIV firma decretos que reconocen la \u201cofrenda de vida\u201d del obispo Alejandro Labaka y de la hermana In\u00e9s Arango, fallecidos en 1987 durante una misi\u00f3n en territorio tagaeri.\u00a0\" \/>\n<meta property=\"og:url\" content=\"https:\/\/www.repam.net\/es\/vaticano-abre-proceso-hacia-la-beatificacion-de-los-martires-del-yasuni-en-la-amazonia\/\" \/>\n<meta property=\"og:site_name\" content=\"REPAM\" \/>\n<meta property=\"article:published_time\" content=\"2025-05-29T13:38:20+00:00\" \/>\n<meta property=\"article:modified_time\" content=\"2025-05-29T13:38:22+00:00\" \/>\n<meta property=\"og:image\" content=\"https:\/\/www.repam.net\/es\/wp-content\/uploads\/2025\/05\/Labaka-e-Ines-ok.jpg\" \/>\n\t<meta property=\"og:image:width\" content=\"1280\" \/>\n\t<meta property=\"og:image:height\" content=\"853\" \/>\n\t<meta property=\"og:image:type\" content=\"image\/jpeg\" \/>\n<meta name=\"author\" content=\"repam@adm\" \/>\n<meta name=\"twitter:card\" content=\"summary_large_image\" \/>\n<meta name=\"twitter:label1\" content=\"Escrito por\" \/>\n\t<meta name=\"twitter:data1\" content=\"repam@adm\" \/>\n\t<meta name=\"twitter:label2\" content=\"Tiempo de lectura\" \/>\n\t<meta name=\"twitter:data2\" content=\"4 minutos\" \/>\n<script type=\"application\/ld+json\" class=\"yoast-schema-graph\">{\"@context\":\"https:\\\/\\\/schema.org\",\"@graph\":[{\"@type\":\"Article\",\"@id\":\"https:\\\/\\\/www.repam.net\\\/es\\\/vaticano-abre-proceso-hacia-la-beatificacion-de-los-martires-del-yasuni-en-la-amazonia\\\/#article\",\"isPartOf\":{\"@id\":\"https:\\\/\\\/www.repam.net\\\/es\\\/vaticano-abre-proceso-hacia-la-beatificacion-de-los-martires-del-yasuni-en-la-amazonia\\\/\"},\"author\":{\"name\":\"repam@adm\",\"@id\":\"https:\\\/\\\/www.repam.net\\\/es\\\/#\\\/schema\\\/person\\\/0c828bf04cf1abe6016cbe752c76a033\"},\"headline\":\"Vaticano abre proceso hacia la beatificaci\u00f3n de los m\u00e1rtires del Yasun\u00ed, en la Amazon\u00eda\u00a0\",\"datePublished\":\"2025-05-29T13:38:20+00:00\",\"dateModified\":\"2025-05-29T13:38:22+00:00\",\"mainEntityOfPage\":{\"@id\":\"https:\\\/\\\/www.repam.net\\\/es\\\/vaticano-abre-proceso-hacia-la-beatificacion-de-los-martires-del-yasuni-en-la-amazonia\\\/\"},\"wordCount\":867,\"publisher\":{\"@id\":\"https:\\\/\\\/www.repam.net\\\/es\\\/#organization\"},\"image\":{\"@id\":\"https:\\\/\\\/www.repam.net\\\/es\\\/vaticano-abre-proceso-hacia-la-beatificacion-de-los-martires-del-yasuni-en-la-amazonia\\\/#primaryimage\"},\"thumbnailUrl\":\"https:\\\/\\\/www.repam.net\\\/es\\\/wp-content\\\/uploads\\\/2025\\\/05\\\/Labaka-e-Ines-ok.jpg\",\"keywords\":[\"Amazon\u00eda\",\"Ecuador\",\"pueblos ind\u00edgenas\",\"Querida Amazon\u00eda\",\"REPAM\"],\"articleSection\":[\"Iglesia con rostro amaz\u00f3nico\",\"Noticias\"],\"inLanguage\":\"es-CO\"},{\"@type\":\"WebPage\",\"@id\":\"https:\\\/\\\/www.repam.net\\\/es\\\/vaticano-abre-proceso-hacia-la-beatificacion-de-los-martires-del-yasuni-en-la-amazonia\\\/\",\"url\":\"https:\\\/\\\/www.repam.net\\\/es\\\/vaticano-abre-proceso-hacia-la-beatificacion-de-los-martires-del-yasuni-en-la-amazonia\\\/\",\"name\":\"Vaticano abre proceso hacia la beatificaci\u00f3n de los m\u00e1rtires del Yasun\u00ed, en la Amazon\u00eda\u00a0 - REPAM\",\"isPartOf\":{\"@id\":\"https:\\\/\\\/www.repam.net\\\/es\\\/#website\"},\"primaryImageOfPage\":{\"@id\":\"https:\\\/\\\/www.repam.net\\\/es\\\/vaticano-abre-proceso-hacia-la-beatificacion-de-los-martires-del-yasuni-en-la-amazonia\\\/#primaryimage\"},\"image\":{\"@id\":\"https:\\\/\\\/www.repam.net\\\/es\\\/vaticano-abre-proceso-hacia-la-beatificacion-de-los-martires-del-yasuni-en-la-amazonia\\\/#primaryimage\"},\"thumbnailUrl\":\"https:\\\/\\\/www.repam.net\\\/es\\\/wp-content\\\/uploads\\\/2025\\\/05\\\/Labaka-e-Ines-ok.jpg\",\"datePublished\":\"2025-05-29T13:38:20+00:00\",\"dateModified\":\"2025-05-29T13:38:22+00:00\",\"description\":\"Papa Le\u00f3n XIV firma decretos que reconocen la \u201cofrenda de vida\u201d del obispo Alejandro Labaka y de la hermana In\u00e9s Arango, fallecidos en 1987 durante una misi\u00f3n en territorio tagaeri.\u00a0\",\"breadcrumb\":{\"@id\":\"https:\\\/\\\/www.repam.net\\\/es\\\/vaticano-abre-proceso-hacia-la-beatificacion-de-los-martires-del-yasuni-en-la-amazonia\\\/#breadcrumb\"},\"inLanguage\":\"es-CO\",\"potentialAction\":[{\"@type\":\"ReadAction\",\"target\":[\"https:\\\/\\\/www.repam.net\\\/es\\\/vaticano-abre-proceso-hacia-la-beatificacion-de-los-martires-del-yasuni-en-la-amazonia\\\/\"]}]},{\"@type\":\"ImageObject\",\"inLanguage\":\"es-CO\",\"@id\":\"https:\\\/\\\/www.repam.net\\\/es\\\/vaticano-abre-proceso-hacia-la-beatificacion-de-los-martires-del-yasuni-en-la-amazonia\\\/#primaryimage\",\"url\":\"https:\\\/\\\/www.repam.net\\\/es\\\/wp-content\\\/uploads\\\/2025\\\/05\\\/Labaka-e-Ines-ok.jpg\",\"contentUrl\":\"https:\\\/\\\/www.repam.net\\\/es\\\/wp-content\\\/uploads\\\/2025\\\/05\\\/Labaka-e-Ines-ok.jpg\",\"width\":1280,\"height\":853},{\"@type\":\"BreadcrumbList\",\"@id\":\"https:\\\/\\\/www.repam.net\\\/es\\\/vaticano-abre-proceso-hacia-la-beatificacion-de-los-martires-del-yasuni-en-la-amazonia\\\/#breadcrumb\",\"itemListElement\":[{\"@type\":\"ListItem\",\"position\":1,\"name\":\"Inicio\",\"item\":\"https:\\\/\\\/www.repam.net\\\/es\\\/\"},{\"@type\":\"ListItem\",\"position\":2,\"name\":\"Vaticano abre proceso hacia la beatificaci\u00f3n de los m\u00e1rtires del Yasun\u00ed, en la Amazon\u00eda\u00a0\"}]},{\"@type\":\"WebSite\",\"@id\":\"https:\\\/\\\/www.repam.net\\\/es\\\/#website\",\"url\":\"https:\\\/\\\/www.repam.net\\\/es\\\/\",\"name\":\"REPAM\",\"description\":\"Red Eclesial Panamaz\u00f3nica\",\"publisher\":{\"@id\":\"https:\\\/\\\/www.repam.net\\\/es\\\/#organization\"},\"potentialAction\":[{\"@type\":\"SearchAction\",\"target\":{\"@type\":\"EntryPoint\",\"urlTemplate\":\"https:\\\/\\\/www.repam.net\\\/es\\\/?s={search_term_string}\"},\"query-input\":{\"@type\":\"PropertyValueSpecification\",\"valueRequired\":true,\"valueName\":\"search_term_string\"}}],\"inLanguage\":\"es-CO\"},{\"@type\":\"Organization\",\"@id\":\"https:\\\/\\\/www.repam.net\\\/es\\\/#organization\",\"name\":\"REPAM\",\"url\":\"https:\\\/\\\/www.repam.net\\\/es\\\/\",\"logo\":{\"@type\":\"ImageObject\",\"inLanguage\":\"es-CO\",\"@id\":\"https:\\\/\\\/www.repam.net\\\/es\\\/#\\\/schema\\\/logo\\\/image\\\/\",\"url\":\"https:\\\/\\\/www.repam.net\\\/es\\\/wp-content\\\/uploads\\\/2021\\\/11\\\/cropped-favicon.png\",\"contentUrl\":\"https:\\\/\\\/www.repam.net\\\/es\\\/wp-content\\\/uploads\\\/2021\\\/11\\\/cropped-favicon.png\",\"width\":512,\"height\":512,\"caption\":\"REPAM\"},\"image\":{\"@id\":\"https:\\\/\\\/www.repam.net\\\/es\\\/#\\\/schema\\\/logo\\\/image\\\/\"}},{\"@type\":\"Person\",\"@id\":\"https:\\\/\\\/www.repam.net\\\/es\\\/#\\\/schema\\\/person\\\/0c828bf04cf1abe6016cbe752c76a033\",\"name\":\"repam@adm\",\"image\":{\"@type\":\"ImageObject\",\"inLanguage\":\"es-CO\",\"@id\":\"https:\\\/\\\/secure.gravatar.com\\\/avatar\\\/b18234ea6de5d74563e52ca7bfdad9d2b029b514c935b38a2790717abf8f2e5f?s=96&d=mm&r=g\",\"url\":\"https:\\\/\\\/secure.gravatar.com\\\/avatar\\\/b18234ea6de5d74563e52ca7bfdad9d2b029b514c935b38a2790717abf8f2e5f?s=96&d=mm&r=g\",\"contentUrl\":\"https:\\\/\\\/secure.gravatar.com\\\/avatar\\\/b18234ea6de5d74563e52ca7bfdad9d2b029b514c935b38a2790717abf8f2e5f?s=96&d=mm&r=g\",\"caption\":\"repam@adm\"},\"sameAs\":[\"http:\\\/\\\/repam.net\"],\"url\":\"https:\\\/\\\/www.repam.net\\\/es\\\/author\\\/repamadm\\\/\"}]}<\/script>\n<!-- \/ Yoast SEO plugin. -->","yoast_head_json":{"title":"Vaticano abre proceso hacia la beatificaci\u00f3n de los m\u00e1rtires del Yasun\u00ed, en la Amazon\u00eda\u00a0 - REPAM","description":"Papa Le\u00f3n XIV firma decretos que reconocen la \u201cofrenda de vida\u201d del obispo Alejandro Labaka y de la hermana In\u00e9s Arango, fallecidos en 1987 durante una misi\u00f3n en territorio tagaeri.\u00a0","robots":{"index":"index","follow":"follow","max-snippet":"max-snippet:-1","max-image-preview":"max-image-preview:large","max-video-preview":"max-video-preview:-1"},"canonical":"https:\/\/www.repam.net\/es\/vaticano-abre-proceso-hacia-la-beatificacion-de-los-martires-del-yasuni-en-la-amazonia\/","og_locale":"es_ES","og_type":"article","og_title":"Vaticano abre proceso hacia la beatificaci\u00f3n de los m\u00e1rtires del Yasun\u00ed, en la Amazon\u00eda\u00a0 - REPAM","og_description":"Papa Le\u00f3n XIV firma decretos que reconocen la \u201cofrenda de vida\u201d del obispo Alejandro Labaka y de la hermana In\u00e9s Arango, fallecidos en 1987 durante una misi\u00f3n en territorio tagaeri.\u00a0","og_url":"https:\/\/www.repam.net\/es\/vaticano-abre-proceso-hacia-la-beatificacion-de-los-martires-del-yasuni-en-la-amazonia\/","og_site_name":"REPAM","article_published_time":"2025-05-29T13:38:20+00:00","article_modified_time":"2025-05-29T13:38:22+00:00","og_image":[{"width":1280,"height":853,"url":"https:\/\/www.repam.net\/es\/wp-content\/uploads\/2025\/05\/Labaka-e-Ines-ok.jpg","type":"image\/jpeg"}],"author":"repam@adm","twitter_card":"summary_large_image","twitter_misc":{"Escrito por":"repam@adm","Tiempo de lectura":"4 minutos"},"schema":{"@context":"https:\/\/schema.org","@graph":[{"@type":"Article","@id":"https:\/\/www.repam.net\/es\/vaticano-abre-proceso-hacia-la-beatificacion-de-los-martires-del-yasuni-en-la-amazonia\/#article","isPartOf":{"@id":"https:\/\/www.repam.net\/es\/vaticano-abre-proceso-hacia-la-beatificacion-de-los-martires-del-yasuni-en-la-amazonia\/"},"author":{"name":"repam@adm","@id":"https:\/\/www.repam.net\/es\/#\/schema\/person\/0c828bf04cf1abe6016cbe752c76a033"},"headline":"Vaticano abre proceso hacia la beatificaci\u00f3n de los m\u00e1rtires del Yasun\u00ed, en la Amazon\u00eda\u00a0","datePublished":"2025-05-29T13:38:20+00:00","dateModified":"2025-05-29T13:38:22+00:00","mainEntityOfPage":{"@id":"https:\/\/www.repam.net\/es\/vaticano-abre-proceso-hacia-la-beatificacion-de-los-martires-del-yasuni-en-la-amazonia\/"},"wordCount":867,"publisher":{"@id":"https:\/\/www.repam.net\/es\/#organization"},"image":{"@id":"https:\/\/www.repam.net\/es\/vaticano-abre-proceso-hacia-la-beatificacion-de-los-martires-del-yasuni-en-la-amazonia\/#primaryimage"},"thumbnailUrl":"https:\/\/www.repam.net\/es\/wp-content\/uploads\/2025\/05\/Labaka-e-Ines-ok.jpg","keywords":["Amazon\u00eda","Ecuador","pueblos ind\u00edgenas","Querida Amazon\u00eda","REPAM"],"articleSection":["Iglesia con rostro amaz\u00f3nico","Noticias"],"inLanguage":"es-CO"},{"@type":"WebPage","@id":"https:\/\/www.repam.net\/es\/vaticano-abre-proceso-hacia-la-beatificacion-de-los-martires-del-yasuni-en-la-amazonia\/","url":"https:\/\/www.repam.net\/es\/vaticano-abre-proceso-hacia-la-beatificacion-de-los-martires-del-yasuni-en-la-amazonia\/","name":"Vaticano abre proceso hacia la beatificaci\u00f3n de los m\u00e1rtires del Yasun\u00ed, en la Amazon\u00eda\u00a0 - REPAM","isPartOf":{"@id":"https:\/\/www.repam.net\/es\/#website"},"primaryImageOfPage":{"@id":"https:\/\/www.repam.net\/es\/vaticano-abre-proceso-hacia-la-beatificacion-de-los-martires-del-yasuni-en-la-amazonia\/#primaryimage"},"image":{"@id":"https:\/\/www.repam.net\/es\/vaticano-abre-proceso-hacia-la-beatificacion-de-los-martires-del-yasuni-en-la-amazonia\/#primaryimage"},"thumbnailUrl":"https:\/\/www.repam.net\/es\/wp-content\/uploads\/2025\/05\/Labaka-e-Ines-ok.jpg","datePublished":"2025-05-29T13:38:20+00:00","dateModified":"2025-05-29T13:38:22+00:00","description":"Papa Le\u00f3n XIV firma decretos que reconocen la \u201cofrenda de vida\u201d del obispo Alejandro Labaka y de la hermana In\u00e9s Arango, fallecidos en 1987 durante una misi\u00f3n en territorio tagaeri.\u00a0","breadcrumb":{"@id":"https:\/\/www.repam.net\/es\/vaticano-abre-proceso-hacia-la-beatificacion-de-los-martires-del-yasuni-en-la-amazonia\/#breadcrumb"},"inLanguage":"es-CO","potentialAction":[{"@type":"ReadAction","target":["https:\/\/www.repam.net\/es\/vaticano-abre-proceso-hacia-la-beatificacion-de-los-martires-del-yasuni-en-la-amazonia\/"]}]},{"@type":"ImageObject","inLanguage":"es-CO","@id":"https:\/\/www.repam.net\/es\/vaticano-abre-proceso-hacia-la-beatificacion-de-los-martires-del-yasuni-en-la-amazonia\/#primaryimage","url":"https:\/\/www.repam.net\/es\/wp-content\/uploads\/2025\/05\/Labaka-e-Ines-ok.jpg","contentUrl":"https:\/\/www.repam.net\/es\/wp-content\/uploads\/2025\/05\/Labaka-e-Ines-ok.jpg","width":1280,"height":853},{"@type":"BreadcrumbList","@id":"https:\/\/www.repam.net\/es\/vaticano-abre-proceso-hacia-la-beatificacion-de-los-martires-del-yasuni-en-la-amazonia\/#breadcrumb","itemListElement":[{"@type":"ListItem","position":1,"name":"Inicio","item":"https:\/\/www.repam.net\/es\/"},{"@type":"ListItem","position":2,"name":"Vaticano abre proceso hacia la beatificaci\u00f3n de los m\u00e1rtires del Yasun\u00ed, en la Amazon\u00eda\u00a0"}]},{"@type":"WebSite","@id":"https:\/\/www.repam.net\/es\/#website","url":"https:\/\/www.repam.net\/es\/","name":"REPAM","description":"Red Eclesial Panamaz\u00f3nica","publisher":{"@id":"https:\/\/www.repam.net\/es\/#organization"},"potentialAction":[{"@type":"SearchAction","target":{"@type":"EntryPoint","urlTemplate":"https:\/\/www.repam.net\/es\/?s={search_term_string}"},"query-input":{"@type":"PropertyValueSpecification","valueRequired":true,"valueName":"search_term_string"}}],"inLanguage":"es-CO"},{"@type":"Organization","@id":"https:\/\/www.repam.net\/es\/#organization","name":"REPAM","url":"https:\/\/www.repam.net\/es\/","logo":{"@type":"ImageObject","inLanguage":"es-CO","@id":"https:\/\/www.repam.net\/es\/#\/schema\/logo\/image\/","url":"https:\/\/www.repam.net\/es\/wp-content\/uploads\/2021\/11\/cropped-favicon.png","contentUrl":"https:\/\/www.repam.net\/es\/wp-content\/uploads\/2021\/11\/cropped-favicon.png","width":512,"height":512,"caption":"REPAM"},"image":{"@id":"https:\/\/www.repam.net\/es\/#\/schema\/logo\/image\/"}},{"@type":"Person","@id":"https:\/\/www.repam.net\/es\/#\/schema\/person\/0c828bf04cf1abe6016cbe752c76a033","name":"repam@adm","image":{"@type":"ImageObject","inLanguage":"es-CO","@id":"https:\/\/secure.gravatar.com\/avatar\/b18234ea6de5d74563e52ca7bfdad9d2b029b514c935b38a2790717abf8f2e5f?s=96&d=mm&r=g","url":"https:\/\/secure.gravatar.com\/avatar\/b18234ea6de5d74563e52ca7bfdad9d2b029b514c935b38a2790717abf8f2e5f?s=96&d=mm&r=g","contentUrl":"https:\/\/secure.gravatar.com\/avatar\/b18234ea6de5d74563e52ca7bfdad9d2b029b514c935b38a2790717abf8f2e5f?s=96&d=mm&r=g","caption":"repam@adm"},"sameAs":["http:\/\/repam.net"],"url":"https:\/\/www.repam.net\/es\/author\/repamadm\/"}]}},"_links":{"self":[{"href":"https:\/\/www.repam.net\/es\/wp-json\/wp\/v2\/posts\/11977","targetHints":{"allow":["GET"]}}],"collection":[{"href":"https:\/\/www.repam.net\/es\/wp-json\/wp\/v2\/posts"}],"about":[{"href":"https:\/\/www.repam.net\/es\/wp-json\/wp\/v2\/types\/post"}],"author":[{"embeddable":true,"href":"https:\/\/www.repam.net\/es\/wp-json\/wp\/v2\/users\/1"}],"replies":[{"embeddable":true,"href":"https:\/\/www.repam.net\/es\/wp-json\/wp\/v2\/comments?post=11977"}],"version-history":[{"count":1,"href":"https:\/\/www.repam.net\/es\/wp-json\/wp\/v2\/posts\/11977\/revisions"}],"predecessor-version":[{"id":11979,"href":"https:\/\/www.repam.net\/es\/wp-json\/wp\/v2\/posts\/11977\/revisions\/11979"}],"wp:featuredmedia":[{"embeddable":true,"href":"https:\/\/www.repam.net\/es\/wp-json\/wp\/v2\/media\/11978"}],"wp:attachment":[{"href":"https:\/\/www.repam.net\/es\/wp-json\/wp\/v2\/media?parent=11977"}],"wp:term":[{"taxonomy":"category","embeddable":true,"href":"https:\/\/www.repam.net\/es\/wp-json\/wp\/v2\/categories?post=11977"},{"taxonomy":"post_tag","embeddable":true,"href":"https:\/\/www.repam.net\/es\/wp-json\/wp\/v2\/tags?post=11977"}],"curies":[{"name":"wp","href":"https:\/\/api.w.org\/{rel}","templated":true}]}}