{"id":12428,"date":"2025-10-06T16:11:57","date_gmt":"2025-10-06T21:11:57","guid":{"rendered":"https:\/\/www.repam.net\/es\/?p=12428"},"modified":"2025-10-06T16:11:59","modified_gmt":"2025-10-06T21:11:59","slug":"la-iglesia-catolica-marca-un-hito-historico-en-la-defensa-del-agua-en-la-amazonia","status":"publish","type":"post","link":"https:\/\/www.repam.net\/es\/la-iglesia-catolica-marca-un-hito-historico-en-la-defensa-del-agua-en-la-amazonia\/","title":{"rendered":"La iglesia cat\u00f3lica marca un hito hist\u00f3rico en la defensa del agua en la Amazon\u00eda"},"content":{"rendered":"<div class=\"wp-block-image\">\n<figure class=\"aligncenter size-large\"><img loading=\"lazy\" decoding=\"async\" width=\"1280\" height=\"720\" src=\"https:\/\/www.repam.net\/es\/wp-content\/uploads\/2025\/10\/IMG-20251003-WA0195-edited.jpg\" alt=\"\" class=\"wp-image-12430\" srcset=\"https:\/\/www.repam.net\/es\/wp-content\/uploads\/2025\/10\/IMG-20251003-WA0195-edited.jpg 1280w, https:\/\/www.repam.net\/es\/wp-content\/uploads\/2025\/10\/IMG-20251003-WA0195-edited-300x169.jpg 300w, https:\/\/www.repam.net\/es\/wp-content\/uploads\/2025\/10\/IMG-20251003-WA0195-edited-1024x576.jpg 1024w, https:\/\/www.repam.net\/es\/wp-content\/uploads\/2025\/10\/IMG-20251003-WA0195-edited-768x432.jpg 768w\" sizes=\"auto, (max-width: 1280px) 100vw, 1280px\" \/><\/figure>\n<\/div>\n\n\n<blockquote class=\"wp-block-quote is-layout-flow wp-block-quote-is-layout-flow\">\n<p><em>Durante tres d\u00edas, la Cumbre Amaz\u00f3nica del Agua tuvo lugar en Iquitos, la ciudad m\u00e1s importante de la Amazon\u00eda peruana. Este encuentro reuni\u00f3 a aproximadamente 400 delegados de diversas comunidades, incluyendo pueblos ind\u00edgenas, comunidades campesinas, quilombolas, organizaciones sociales, l\u00edderes religiosos y representantes de la sociedad civil, provenientes de 10 pa\u00edses y 14 regiones del Per\u00fa. Fue un evento cargado de simbolismo y compromiso en la defensa de los r\u00edos amaz\u00f3nicos, bajo el liderazgo de la Vicaria del Agua del Vicariato Apost\u00f3lico de Iquitos.<\/em><\/p>\n<\/blockquote>\n\n\n\n<p><strong><em>Por: Equipo de comunicaci\u00f3n Cumbre Amaz\u00f3nica del Agua<\/em><\/strong><\/p>\n\n\n\n<p>En un ambiente de interculturalidad y solidaridad, bajo el lema<em> &#8220;Somos Agua, Somos Vida, Somos Esperanza&#8221;<\/em>, los participantes de la cumbre se unieron al llamado por el derecho al agua, tomando como referencia documentos claves como <em>Querida Amazon\u00eda, Laudato Si y Laudate Deum.<\/em> Se discutieron problemas como la miner\u00eda, la deforestaci\u00f3n y la creciente contaminaci\u00f3n; tambi\u00e9n, celebraron la resistencia de los pueblos ind\u00edgenas y las comunidades de fe que defienden la vida. Se destac\u00f3 la paradoja de la falta de agua potable en una Amazon\u00eda rica en agua dulce. Mons. Carlos Castillo, arzobispo de Lima, sostuvo que hay un clamor humano que cada d\u00eda crece m\u00e1s; adem\u00e1s, destac\u00f3 el testimonio de una lideresa ind\u00edgena sobre el envenenamiento sistem\u00e1tico que sufren las poblaciones a causa de derrames de petr\u00f3leo. <em>\u201cLos gobernantes est\u00e1n implementando pol\u00edticas generalizadas de exterminio\u201d <\/em>afirm\u00f3 Carlos Castillo<em>. <\/em>En respuesta a esta situaci\u00f3n, inst\u00f3 a la poblaci\u00f3n a organizarse y aprender de aquellos sectores que son ejemplo de resistencia ante el sufrimiento que amenaza con destruirnos. Mons. Castillo concluy\u00f3 su mensaje con un llamado a la transformaci\u00f3n y a la resurrecci\u00f3n de nuestros pueblos.<\/p>\n\n\n\n<p>Durante la cumbre, se presentaron testimonios conmovedores sobre el impacto de la contaminaci\u00f3n en los r\u00edos. Los asistentes reafirmaron que el agua es un don sagrado y se comprometieron a protegerla para garantizar la armon\u00eda de los ecosistemas amaz\u00f3nicos y sus habitantes, tanto humanos como no humanos. A lo largo del encuentro, reson\u00f3 el clamor del agua que fluye por los r\u00edos amaz\u00f3nicos, record\u00e1ndonos constantemente la interconexi\u00f3n entre los pueblos y la urgente necesidad de actuar para preservar este recurso vital. El Cardenal Pedro Barreto subray\u00f3 que la Iglesia cat\u00f3lica siempre ha sido una defensora de la creaci\u00f3n de Dios. <em>\u201cDesde hace 11 a\u00f1os trabajamos en una red eclesial panamaz\u00f3nica. Contamos con una conferencia eclesial que incluye a los nueve pa\u00edses amaz\u00f3nicos. Hay un esfuerzo conjunto de la Iglesia para articular no solo en los \u00e1mbitos estrictamente eclesiales, sino tambi\u00e9n con el sector empresarial y el sector social\u201d.<\/em><\/p>\n\n\n\n<figure class=\"wp-block-gallery has-nested-images columns-default is-cropped wp-block-gallery-1 is-layout-flex wp-block-gallery-is-layout-flex\">\n<figure class=\"wp-block-image size-large\"><img loading=\"lazy\" decoding=\"async\" width=\"1024\" height=\"682\" data-id=\"12431\" src=\"https:\/\/www.repam.net\/es\/wp-content\/uploads\/2025\/10\/IMG-20251003-WA0144-1024x682.jpg\" alt=\"\" class=\"wp-image-12431\" srcset=\"https:\/\/www.repam.net\/es\/wp-content\/uploads\/2025\/10\/IMG-20251003-WA0144-1024x682.jpg 1024w, https:\/\/www.repam.net\/es\/wp-content\/uploads\/2025\/10\/IMG-20251003-WA0144-300x200.jpg 300w, https:\/\/www.repam.net\/es\/wp-content\/uploads\/2025\/10\/IMG-20251003-WA0144-768x512.jpg 768w, https:\/\/www.repam.net\/es\/wp-content\/uploads\/2025\/10\/IMG-20251003-WA0144-1536x1023.jpg 1536w, https:\/\/www.repam.net\/es\/wp-content\/uploads\/2025\/10\/IMG-20251003-WA0144.jpg 1600w\" sizes=\"auto, (max-width: 1024px) 100vw, 1024px\" \/><\/figure>\n\n\n\n<figure class=\"wp-block-image size-large\"><img loading=\"lazy\" decoding=\"async\" width=\"1024\" height=\"682\" data-id=\"12432\" src=\"https:\/\/www.repam.net\/es\/wp-content\/uploads\/2025\/10\/IMG-20251003-WA0139-1024x682.jpg\" alt=\"\" class=\"wp-image-12432\" srcset=\"https:\/\/www.repam.net\/es\/wp-content\/uploads\/2025\/10\/IMG-20251003-WA0139-1024x682.jpg 1024w, https:\/\/www.repam.net\/es\/wp-content\/uploads\/2025\/10\/IMG-20251003-WA0139-300x200.jpg 300w, https:\/\/www.repam.net\/es\/wp-content\/uploads\/2025\/10\/IMG-20251003-WA0139-768x512.jpg 768w, https:\/\/www.repam.net\/es\/wp-content\/uploads\/2025\/10\/IMG-20251003-WA0139-1536x1023.jpg 1536w, https:\/\/www.repam.net\/es\/wp-content\/uploads\/2025\/10\/IMG-20251003-WA0139.jpg 1600w\" sizes=\"auto, (max-width: 1024px) 100vw, 1024px\" \/><\/figure>\n\n\n\n<figure class=\"wp-block-image size-large\"><img loading=\"lazy\" decoding=\"async\" width=\"1024\" height=\"682\" data-id=\"12433\" src=\"https:\/\/www.repam.net\/es\/wp-content\/uploads\/2025\/10\/IMG-20251003-WA0141-1024x682.jpg\" alt=\"\" class=\"wp-image-12433\" srcset=\"https:\/\/www.repam.net\/es\/wp-content\/uploads\/2025\/10\/IMG-20251003-WA0141-1024x682.jpg 1024w, https:\/\/www.repam.net\/es\/wp-content\/uploads\/2025\/10\/IMG-20251003-WA0141-300x200.jpg 300w, https:\/\/www.repam.net\/es\/wp-content\/uploads\/2025\/10\/IMG-20251003-WA0141-768x512.jpg 768w, https:\/\/www.repam.net\/es\/wp-content\/uploads\/2025\/10\/IMG-20251003-WA0141-1536x1023.jpg 1536w, https:\/\/www.repam.net\/es\/wp-content\/uploads\/2025\/10\/IMG-20251003-WA0141.jpg 1600w\" sizes=\"auto, (max-width: 1024px) 100vw, 1024px\" \/><\/figure>\n<\/figure>\n\n\n\n<p>La declaratoria final de la cumbre denuncia la crisis ambiental y social que amenaza la vida y el equilibrio territorial, destacando problemas como la miner\u00eda, explotaci\u00f3n petrolera, narcotr\u00e1fico y extractivismo, que incrementan la contaminaci\u00f3n y el cambio clim\u00e1tico. La indiferencia gubernamental y pol\u00edticas destructivas agravan la situaci\u00f3n, vincul\u00e1ndose al crimen organizado. Los defensores del agua enfrentan asesinatos, mientras las comunidades sufren conflictos y deterioro social por el mal uso del agua. La falta de apoyo a actividades sostenibles perpet\u00faa la desigualdad, afectando a mujeres, pueblos ind\u00edgenas y comunidades rurales. Es esencial escuchar estas voces y actuar para proteger los territorios y asegurar un futuro justo. La lucha por el agua y el medio ambiente es fundamental en un contexto de crisis. Defensores de los recursos naturales resaltan la importancia de proteger el entorno, destacando el derecho de r\u00edos y lagos a fluir sin contaminaci\u00f3n, alineado con cosmovisiones ind\u00edgenas en las cuales el agua tiene un lugar central. La juventud y el laicado comprometidos son clave en esta resistencia; las pr\u00e1cticas sostenibles de las comunidades ofrecen modelos transformadores, formando un movimiento por un mundo m\u00e1s justo y sostenible, donde la lucha por el agua representa la lucha por la vida.<\/p>\n\n\n\n<p>El obispo de Iquitos, Mons. Miguel \u00c1ngel Cadenas, principal gestor de la cumbre, concluy\u00f3 la misa de clausura con mucho optimismo: <em>\u201cHa venido much\u00edsima gente que quiere preservar este bioma tan importante para el planeta y entregando su esperanza, su vida, sus energ\u00edas al servicio de este bien com\u00fan que es precisamente la Amazon\u00eda. La iglesia quiere escuchar. Necesitamos escucharnos para proponer una vida digna para todos\u201d,<\/em> concluy\u00f3. &nbsp;La Cumbre Amaz\u00f3nica congreg\u00f3 a los m\u00e1ximos representantes de la iglesia cat\u00f3lica del pa\u00eds, como el cardenal Carlos Castillo y el cardenal Pedro Barreto; adem\u00e1s de representantes del Vaticano. Este evento fue impulsado por la Vicar\u00eda del Agua del Vicariato Apost\u00f3lico de Iquitos, con la colaboraci\u00f3n del CELAM, la REPAM, la Red Iglesias y Miner\u00eda, el Dicasterio para el Servicio del Desarrollo Humano Integral, la Facultad de Teolog\u00eda de la Universidad Cat\u00f3lica (PUCP), CEAMA, Centro Amaz\u00f3nico de Antropolog\u00eda y Aplicaci\u00f3n Pr\u00e1ctica (CAAAP), Movimiento Laudato Si\u2019 Forum Solidaridad Per\u00fa, Fundaci\u00f3n Moore y Aguas Amaz\u00f3nicas, y con el apoyo de Adveniat, Misereor, la WCS y Porticus. Al concluir la misa de clausura, el Vicariato de Puerto Maldonado acept\u00f3 el desaf\u00edo de ser la sede de la segunda Cumbre Amaz\u00f3nica del Agua, en una fecha que a\u00fan se determinar\u00e1.<\/p>\n\n\n\n<figure class=\"wp-block-gallery has-nested-images columns-default is-cropped wp-block-gallery-2 is-layout-flex wp-block-gallery-is-layout-flex\">\n<figure class=\"wp-block-image size-large\"><img loading=\"lazy\" decoding=\"async\" width=\"1024\" height=\"768\" data-id=\"12435\" src=\"https:\/\/www.repam.net\/es\/wp-content\/uploads\/2025\/10\/IMG-20251006-WA0108-1024x768.jpg\" alt=\"\" class=\"wp-image-12435\" srcset=\"https:\/\/www.repam.net\/es\/wp-content\/uploads\/2025\/10\/IMG-20251006-WA0108-1024x768.jpg 1024w, https:\/\/www.repam.net\/es\/wp-content\/uploads\/2025\/10\/IMG-20251006-WA0108-300x225.jpg 300w, https:\/\/www.repam.net\/es\/wp-content\/uploads\/2025\/10\/IMG-20251006-WA0108-768x576.jpg 768w, https:\/\/www.repam.net\/es\/wp-content\/uploads\/2025\/10\/IMG-20251006-WA0108-1536x1152.jpg 1536w, https:\/\/www.repam.net\/es\/wp-content\/uploads\/2025\/10\/IMG-20251006-WA0108-2048x1536.jpg 2048w\" sizes=\"auto, (max-width: 1024px) 100vw, 1024px\" \/><\/figure>\n\n\n\n<figure class=\"wp-block-image size-large\"><img loading=\"lazy\" decoding=\"async\" width=\"1024\" height=\"682\" data-id=\"12436\" src=\"https:\/\/www.repam.net\/es\/wp-content\/uploads\/2025\/10\/IMG-20251003-WA0143-1024x682.jpg\" alt=\"\" class=\"wp-image-12436\" srcset=\"https:\/\/www.repam.net\/es\/wp-content\/uploads\/2025\/10\/IMG-20251003-WA0143-1024x682.jpg 1024w, https:\/\/www.repam.net\/es\/wp-content\/uploads\/2025\/10\/IMG-20251003-WA0143-300x200.jpg 300w, https:\/\/www.repam.net\/es\/wp-content\/uploads\/2025\/10\/IMG-20251003-WA0143-768x512.jpg 768w, https:\/\/www.repam.net\/es\/wp-content\/uploads\/2025\/10\/IMG-20251003-WA0143-1536x1023.jpg 1536w, https:\/\/www.repam.net\/es\/wp-content\/uploads\/2025\/10\/IMG-20251003-WA0143.jpg 1600w\" sizes=\"auto, (max-width: 1024px) 100vw, 1024px\" \/><\/figure>\n\n\n\n<figure class=\"wp-block-image size-large\"><img loading=\"lazy\" decoding=\"async\" width=\"1024\" height=\"682\" data-id=\"12434\" src=\"https:\/\/www.repam.net\/es\/wp-content\/uploads\/2025\/10\/IMG-20251003-WA0135-1024x682.jpg\" alt=\"\" class=\"wp-image-12434\" srcset=\"https:\/\/www.repam.net\/es\/wp-content\/uploads\/2025\/10\/IMG-20251003-WA0135-1024x682.jpg 1024w, https:\/\/www.repam.net\/es\/wp-content\/uploads\/2025\/10\/IMG-20251003-WA0135-300x200.jpg 300w, https:\/\/www.repam.net\/es\/wp-content\/uploads\/2025\/10\/IMG-20251003-WA0135-768x512.jpg 768w, https:\/\/www.repam.net\/es\/wp-content\/uploads\/2025\/10\/IMG-20251003-WA0135-1536x1023.jpg 1536w, https:\/\/www.repam.net\/es\/wp-content\/uploads\/2025\/10\/IMG-20251003-WA0135.jpg 1600w\" sizes=\"auto, (max-width: 1024px) 100vw, 1024px\" \/><\/figure>\n<\/figure>\n\n\n\n<div data-wp-interactive=\"core\/file\" class=\"wp-block-file\"><object data-wp-bind--hidden=\"!state.hasPdfPreview\" hidden class=\"wp-block-file__embed\" data=\"https:\/\/www.repam.net\/es\/wp-content\/uploads\/2025\/10\/DECLARACION-DE-LA-CUMBRE-AMAZONICA-DEL-AGUA.pdf\" type=\"application\/pdf\" style=\"width:100%;height:600px\" aria-label=\"Incrustado de DECLARACIO\u0301N DE LA CUMBRE AMAZONICA DEL AGUA.\"><\/object><a id=\"wp-block-file--media-1161be49-85c5-44d9-83e9-04f34d32ffef\" href=\"https:\/\/www.repam.net\/es\/wp-content\/uploads\/2025\/10\/DECLARACION-DE-LA-CUMBRE-AMAZONICA-DEL-AGUA.pdf\">DECLARACIO\u0301N DE LA CUMBRE AMAZONICA DEL AGUA<\/a><a href=\"https:\/\/www.repam.net\/es\/wp-content\/uploads\/2025\/10\/DECLARACION-DE-LA-CUMBRE-AMAZONICA-DEL-AGUA.pdf\" class=\"wp-block-file__button wp-element-button\" download aria-describedby=\"wp-block-file--media-1161be49-85c5-44d9-83e9-04f34d32ffef\">Descargar<\/a><\/div>\n","protected":false},"excerpt":{"rendered":"<p>Durante tres d\u00edas, la Cumbre Amaz\u00f3nica del Agua tuvo lugar en Iquitos, la ciudad m\u00e1s importante de la Amazon\u00eda peruana. Este encuentro reuni\u00f3 a aproximadamente 400 delegados de diversas comunidades, incluyendo pueblos ind\u00edgenas, comunidades campesinas, quilombolas, organizaciones sociales, l\u00edderes religiosos y representantes de la sociedad civil, provenientes de 10 pa\u00edses y 14 regiones del Per\u00fa. [&hellip;]<\/p>\n","protected":false},"author":1,"featured_media":12430,"comment_status":"closed","ping_status":"closed","sticky":false,"template":"","format":"standard","meta":{"_acf_changed":false,"_uf_show_specific_survey":0,"_uf_disable_surveys":false,"footnotes":""},"categories":[1235,4],"tags":[33,52,81,16,9],"class_list":["post-12428","post","type-post","status-publish","format-standard","has-post-thumbnail","hentry","category-agua-vida-derechos-y-futuro-en-la-amazonia","category-noticias","tag-amazonia","tag-derechos-humanos","tag-peru","tag-pueblos-indigenas","tag-repam"],"acf":[],"aioseo_notices":[],"yoast_head":"<!-- This site is optimized with the Yoast SEO plugin v27.4 - https:\/\/yoast.com\/product\/yoast-seo-wordpress\/ -->\n<title>La iglesia cat\u00f3lica marca un hito hist\u00f3rico en la defensa del agua en la Amazon\u00eda - REPAM<\/title>\n<meta name=\"description\" content=\"Durante tres d\u00edas, la Cumbre Amaz\u00f3nica del Agua tuvo lugar en Iquitos, la ciudad m\u00e1s importante de la Amazon\u00eda peruana. Este encuentro reuni\u00f3 a aproximadamente 400 delegados de diversas comunidades, incluyendo pueblos ind\u00edgenas, comunidades campesinas, quilombolas, organizaciones sociales, l\u00edderes religiosos y representantes de la sociedad civil, provenientes de 10 pa\u00edses y 14 regiones del Per\u00fa. Fue un evento cargado de simbolismo y compromiso en la defensa de los r\u00edos amaz\u00f3nicos, bajo el liderazgo de la Vicaria del Agua del Vicariato Apost\u00f3lico de Iquitos.\" \/>\n<meta name=\"robots\" content=\"index, follow, max-snippet:-1, max-image-preview:large, max-video-preview:-1\" \/>\n<link rel=\"canonical\" href=\"https:\/\/www.repam.net\/es\/la-iglesia-catolica-marca-un-hito-historico-en-la-defensa-del-agua-en-la-amazonia\/\" \/>\n<meta property=\"og:locale\" content=\"es_ES\" \/>\n<meta property=\"og:type\" content=\"article\" \/>\n<meta property=\"og:title\" content=\"La iglesia cat\u00f3lica marca un hito hist\u00f3rico en la defensa del agua en la Amazon\u00eda - REPAM\" \/>\n<meta property=\"og:description\" content=\"Durante tres d\u00edas, la Cumbre Amaz\u00f3nica del Agua tuvo lugar en Iquitos, la ciudad m\u00e1s importante de la Amazon\u00eda peruana. Este encuentro reuni\u00f3 a aproximadamente 400 delegados de diversas comunidades, incluyendo pueblos ind\u00edgenas, comunidades campesinas, quilombolas, organizaciones sociales, l\u00edderes religiosos y representantes de la sociedad civil, provenientes de 10 pa\u00edses y 14 regiones del Per\u00fa. Fue un evento cargado de simbolismo y compromiso en la defensa de los r\u00edos amaz\u00f3nicos, bajo el liderazgo de la Vicaria del Agua del Vicariato Apost\u00f3lico de Iquitos.\" \/>\n<meta property=\"og:url\" content=\"https:\/\/www.repam.net\/es\/la-iglesia-catolica-marca-un-hito-historico-en-la-defensa-del-agua-en-la-amazonia\/\" \/>\n<meta property=\"og:site_name\" content=\"REPAM\" \/>\n<meta property=\"article:published_time\" content=\"2025-10-06T21:11:57+00:00\" \/>\n<meta property=\"article:modified_time\" content=\"2025-10-06T21:11:59+00:00\" \/>\n<meta property=\"og:image\" content=\"https:\/\/www.repam.net\/es\/wp-content\/uploads\/2025\/10\/IMG-20251003-WA0195-edited.jpg\" \/>\n\t<meta property=\"og:image:width\" content=\"1280\" \/>\n\t<meta property=\"og:image:height\" content=\"720\" \/>\n\t<meta property=\"og:image:type\" content=\"image\/jpeg\" \/>\n<meta name=\"author\" content=\"repam@adm\" \/>\n<meta name=\"twitter:card\" content=\"summary_large_image\" \/>\n<meta name=\"twitter:label1\" content=\"Escrito por\" \/>\n\t<meta name=\"twitter:data1\" content=\"repam@adm\" \/>\n\t<meta name=\"twitter:label2\" content=\"Tiempo de lectura\" \/>\n\t<meta name=\"twitter:data2\" content=\"6 minutos\" \/>\n<script type=\"application\/ld+json\" class=\"yoast-schema-graph\">{\"@context\":\"https:\\\/\\\/schema.org\",\"@graph\":[{\"@type\":\"Article\",\"@id\":\"https:\\\/\\\/www.repam.net\\\/es\\\/la-iglesia-catolica-marca-un-hito-historico-en-la-defensa-del-agua-en-la-amazonia\\\/#article\",\"isPartOf\":{\"@id\":\"https:\\\/\\\/www.repam.net\\\/es\\\/la-iglesia-catolica-marca-un-hito-historico-en-la-defensa-del-agua-en-la-amazonia\\\/\"},\"author\":{\"name\":\"repam@adm\",\"@id\":\"https:\\\/\\\/www.repam.net\\\/es\\\/#\\\/schema\\\/person\\\/0c828bf04cf1abe6016cbe752c76a033\"},\"headline\":\"La iglesia cat\u00f3lica marca un hito hist\u00f3rico en la defensa del agua en la Amazon\u00eda\",\"datePublished\":\"2025-10-06T21:11:57+00:00\",\"dateModified\":\"2025-10-06T21:11:59+00:00\",\"mainEntityOfPage\":{\"@id\":\"https:\\\/\\\/www.repam.net\\\/es\\\/la-iglesia-catolica-marca-un-hito-historico-en-la-defensa-del-agua-en-la-amazonia\\\/\"},\"wordCount\":936,\"publisher\":{\"@id\":\"https:\\\/\\\/www.repam.net\\\/es\\\/#organization\"},\"image\":{\"@id\":\"https:\\\/\\\/www.repam.net\\\/es\\\/la-iglesia-catolica-marca-un-hito-historico-en-la-defensa-del-agua-en-la-amazonia\\\/#primaryimage\"},\"thumbnailUrl\":\"https:\\\/\\\/www.repam.net\\\/es\\\/wp-content\\\/uploads\\\/2025\\\/10\\\/IMG-20251003-WA0195-edited.jpg\",\"keywords\":[\"Amazon\u00eda\",\"Derechos Humanos\",\"Per\u00fa\",\"pueblos ind\u00edgenas\",\"REPAM\"],\"articleSection\":[\"Agua: vida, derechos y futuro en la Amazon\u00eda\",\"Noticias\"],\"inLanguage\":\"es-CO\"},{\"@type\":\"WebPage\",\"@id\":\"https:\\\/\\\/www.repam.net\\\/es\\\/la-iglesia-catolica-marca-un-hito-historico-en-la-defensa-del-agua-en-la-amazonia\\\/\",\"url\":\"https:\\\/\\\/www.repam.net\\\/es\\\/la-iglesia-catolica-marca-un-hito-historico-en-la-defensa-del-agua-en-la-amazonia\\\/\",\"name\":\"La iglesia cat\u00f3lica marca un hito hist\u00f3rico en la defensa del agua en la Amazon\u00eda - REPAM\",\"isPartOf\":{\"@id\":\"https:\\\/\\\/www.repam.net\\\/es\\\/#website\"},\"primaryImageOfPage\":{\"@id\":\"https:\\\/\\\/www.repam.net\\\/es\\\/la-iglesia-catolica-marca-un-hito-historico-en-la-defensa-del-agua-en-la-amazonia\\\/#primaryimage\"},\"image\":{\"@id\":\"https:\\\/\\\/www.repam.net\\\/es\\\/la-iglesia-catolica-marca-un-hito-historico-en-la-defensa-del-agua-en-la-amazonia\\\/#primaryimage\"},\"thumbnailUrl\":\"https:\\\/\\\/www.repam.net\\\/es\\\/wp-content\\\/uploads\\\/2025\\\/10\\\/IMG-20251003-WA0195-edited.jpg\",\"datePublished\":\"2025-10-06T21:11:57+00:00\",\"dateModified\":\"2025-10-06T21:11:59+00:00\",\"description\":\"Durante tres d\u00edas, la Cumbre Amaz\u00f3nica del Agua tuvo lugar en Iquitos, la ciudad m\u00e1s importante de la Amazon\u00eda peruana. Este encuentro reuni\u00f3 a aproximadamente 400 delegados de diversas comunidades, incluyendo pueblos ind\u00edgenas, comunidades campesinas, quilombolas, organizaciones sociales, l\u00edderes religiosos y representantes de la sociedad civil, provenientes de 10 pa\u00edses y 14 regiones del Per\u00fa. Fue un evento cargado de simbolismo y compromiso en la defensa de los r\u00edos amaz\u00f3nicos, bajo el liderazgo de la Vicaria del Agua del Vicariato Apost\u00f3lico de Iquitos.\",\"breadcrumb\":{\"@id\":\"https:\\\/\\\/www.repam.net\\\/es\\\/la-iglesia-catolica-marca-un-hito-historico-en-la-defensa-del-agua-en-la-amazonia\\\/#breadcrumb\"},\"inLanguage\":\"es-CO\",\"potentialAction\":[{\"@type\":\"ReadAction\",\"target\":[\"https:\\\/\\\/www.repam.net\\\/es\\\/la-iglesia-catolica-marca-un-hito-historico-en-la-defensa-del-agua-en-la-amazonia\\\/\"]}]},{\"@type\":\"ImageObject\",\"inLanguage\":\"es-CO\",\"@id\":\"https:\\\/\\\/www.repam.net\\\/es\\\/la-iglesia-catolica-marca-un-hito-historico-en-la-defensa-del-agua-en-la-amazonia\\\/#primaryimage\",\"url\":\"https:\\\/\\\/www.repam.net\\\/es\\\/wp-content\\\/uploads\\\/2025\\\/10\\\/IMG-20251003-WA0195-edited.jpg\",\"contentUrl\":\"https:\\\/\\\/www.repam.net\\\/es\\\/wp-content\\\/uploads\\\/2025\\\/10\\\/IMG-20251003-WA0195-edited.jpg\",\"width\":1280,\"height\":720},{\"@type\":\"BreadcrumbList\",\"@id\":\"https:\\\/\\\/www.repam.net\\\/es\\\/la-iglesia-catolica-marca-un-hito-historico-en-la-defensa-del-agua-en-la-amazonia\\\/#breadcrumb\",\"itemListElement\":[{\"@type\":\"ListItem\",\"position\":1,\"name\":\"Inicio\",\"item\":\"https:\\\/\\\/www.repam.net\\\/es\\\/\"},{\"@type\":\"ListItem\",\"position\":2,\"name\":\"La iglesia cat\u00f3lica marca un hito hist\u00f3rico en la defensa del agua en la Amazon\u00eda\"}]},{\"@type\":\"WebSite\",\"@id\":\"https:\\\/\\\/www.repam.net\\\/es\\\/#website\",\"url\":\"https:\\\/\\\/www.repam.net\\\/es\\\/\",\"name\":\"REPAM\",\"description\":\"Red Eclesial Panamaz\u00f3nica\",\"publisher\":{\"@id\":\"https:\\\/\\\/www.repam.net\\\/es\\\/#organization\"},\"potentialAction\":[{\"@type\":\"SearchAction\",\"target\":{\"@type\":\"EntryPoint\",\"urlTemplate\":\"https:\\\/\\\/www.repam.net\\\/es\\\/?s={search_term_string}\"},\"query-input\":{\"@type\":\"PropertyValueSpecification\",\"valueRequired\":true,\"valueName\":\"search_term_string\"}}],\"inLanguage\":\"es-CO\"},{\"@type\":\"Organization\",\"@id\":\"https:\\\/\\\/www.repam.net\\\/es\\\/#organization\",\"name\":\"REPAM\",\"url\":\"https:\\\/\\\/www.repam.net\\\/es\\\/\",\"logo\":{\"@type\":\"ImageObject\",\"inLanguage\":\"es-CO\",\"@id\":\"https:\\\/\\\/www.repam.net\\\/es\\\/#\\\/schema\\\/logo\\\/image\\\/\",\"url\":\"https:\\\/\\\/www.repam.net\\\/es\\\/wp-content\\\/uploads\\\/2021\\\/11\\\/cropped-favicon.png\",\"contentUrl\":\"https:\\\/\\\/www.repam.net\\\/es\\\/wp-content\\\/uploads\\\/2021\\\/11\\\/cropped-favicon.png\",\"width\":512,\"height\":512,\"caption\":\"REPAM\"},\"image\":{\"@id\":\"https:\\\/\\\/www.repam.net\\\/es\\\/#\\\/schema\\\/logo\\\/image\\\/\"}},{\"@type\":\"Person\",\"@id\":\"https:\\\/\\\/www.repam.net\\\/es\\\/#\\\/schema\\\/person\\\/0c828bf04cf1abe6016cbe752c76a033\",\"name\":\"repam@adm\",\"image\":{\"@type\":\"ImageObject\",\"inLanguage\":\"es-CO\",\"@id\":\"https:\\\/\\\/secure.gravatar.com\\\/avatar\\\/b18234ea6de5d74563e52ca7bfdad9d2b029b514c935b38a2790717abf8f2e5f?s=96&d=mm&r=g\",\"url\":\"https:\\\/\\\/secure.gravatar.com\\\/avatar\\\/b18234ea6de5d74563e52ca7bfdad9d2b029b514c935b38a2790717abf8f2e5f?s=96&d=mm&r=g\",\"contentUrl\":\"https:\\\/\\\/secure.gravatar.com\\\/avatar\\\/b18234ea6de5d74563e52ca7bfdad9d2b029b514c935b38a2790717abf8f2e5f?s=96&d=mm&r=g\",\"caption\":\"repam@adm\"},\"sameAs\":[\"http:\\\/\\\/repam.net\"],\"url\":\"https:\\\/\\\/www.repam.net\\\/es\\\/author\\\/repamadm\\\/\"}]}<\/script>\n<!-- \/ Yoast SEO plugin. -->","yoast_head_json":{"title":"La iglesia cat\u00f3lica marca un hito hist\u00f3rico en la defensa del agua en la Amazon\u00eda - REPAM","description":"Durante tres d\u00edas, la Cumbre Amaz\u00f3nica del Agua tuvo lugar en Iquitos, la ciudad m\u00e1s importante de la Amazon\u00eda peruana. Este encuentro reuni\u00f3 a aproximadamente 400 delegados de diversas comunidades, incluyendo pueblos ind\u00edgenas, comunidades campesinas, quilombolas, organizaciones sociales, l\u00edderes religiosos y representantes de la sociedad civil, provenientes de 10 pa\u00edses y 14 regiones del Per\u00fa. Fue un evento cargado de simbolismo y compromiso en la defensa de los r\u00edos amaz\u00f3nicos, bajo el liderazgo de la Vicaria del Agua del Vicariato Apost\u00f3lico de Iquitos.","robots":{"index":"index","follow":"follow","max-snippet":"max-snippet:-1","max-image-preview":"max-image-preview:large","max-video-preview":"max-video-preview:-1"},"canonical":"https:\/\/www.repam.net\/es\/la-iglesia-catolica-marca-un-hito-historico-en-la-defensa-del-agua-en-la-amazonia\/","og_locale":"es_ES","og_type":"article","og_title":"La iglesia cat\u00f3lica marca un hito hist\u00f3rico en la defensa del agua en la Amazon\u00eda - REPAM","og_description":"Durante tres d\u00edas, la Cumbre Amaz\u00f3nica del Agua tuvo lugar en Iquitos, la ciudad m\u00e1s importante de la Amazon\u00eda peruana. Este encuentro reuni\u00f3 a aproximadamente 400 delegados de diversas comunidades, incluyendo pueblos ind\u00edgenas, comunidades campesinas, quilombolas, organizaciones sociales, l\u00edderes religiosos y representantes de la sociedad civil, provenientes de 10 pa\u00edses y 14 regiones del Per\u00fa. Fue un evento cargado de simbolismo y compromiso en la defensa de los r\u00edos amaz\u00f3nicos, bajo el liderazgo de la Vicaria del Agua del Vicariato Apost\u00f3lico de Iquitos.","og_url":"https:\/\/www.repam.net\/es\/la-iglesia-catolica-marca-un-hito-historico-en-la-defensa-del-agua-en-la-amazonia\/","og_site_name":"REPAM","article_published_time":"2025-10-06T21:11:57+00:00","article_modified_time":"2025-10-06T21:11:59+00:00","og_image":[{"width":1280,"height":720,"url":"https:\/\/www.repam.net\/es\/wp-content\/uploads\/2025\/10\/IMG-20251003-WA0195-edited.jpg","type":"image\/jpeg"}],"author":"repam@adm","twitter_card":"summary_large_image","twitter_misc":{"Escrito por":"repam@adm","Tiempo de lectura":"6 minutos"},"schema":{"@context":"https:\/\/schema.org","@graph":[{"@type":"Article","@id":"https:\/\/www.repam.net\/es\/la-iglesia-catolica-marca-un-hito-historico-en-la-defensa-del-agua-en-la-amazonia\/#article","isPartOf":{"@id":"https:\/\/www.repam.net\/es\/la-iglesia-catolica-marca-un-hito-historico-en-la-defensa-del-agua-en-la-amazonia\/"},"author":{"name":"repam@adm","@id":"https:\/\/www.repam.net\/es\/#\/schema\/person\/0c828bf04cf1abe6016cbe752c76a033"},"headline":"La iglesia cat\u00f3lica marca un hito hist\u00f3rico en la defensa del agua en la Amazon\u00eda","datePublished":"2025-10-06T21:11:57+00:00","dateModified":"2025-10-06T21:11:59+00:00","mainEntityOfPage":{"@id":"https:\/\/www.repam.net\/es\/la-iglesia-catolica-marca-un-hito-historico-en-la-defensa-del-agua-en-la-amazonia\/"},"wordCount":936,"publisher":{"@id":"https:\/\/www.repam.net\/es\/#organization"},"image":{"@id":"https:\/\/www.repam.net\/es\/la-iglesia-catolica-marca-un-hito-historico-en-la-defensa-del-agua-en-la-amazonia\/#primaryimage"},"thumbnailUrl":"https:\/\/www.repam.net\/es\/wp-content\/uploads\/2025\/10\/IMG-20251003-WA0195-edited.jpg","keywords":["Amazon\u00eda","Derechos Humanos","Per\u00fa","pueblos ind\u00edgenas","REPAM"],"articleSection":["Agua: vida, derechos y futuro en la Amazon\u00eda","Noticias"],"inLanguage":"es-CO"},{"@type":"WebPage","@id":"https:\/\/www.repam.net\/es\/la-iglesia-catolica-marca-un-hito-historico-en-la-defensa-del-agua-en-la-amazonia\/","url":"https:\/\/www.repam.net\/es\/la-iglesia-catolica-marca-un-hito-historico-en-la-defensa-del-agua-en-la-amazonia\/","name":"La iglesia cat\u00f3lica marca un hito hist\u00f3rico en la defensa del agua en la Amazon\u00eda - REPAM","isPartOf":{"@id":"https:\/\/www.repam.net\/es\/#website"},"primaryImageOfPage":{"@id":"https:\/\/www.repam.net\/es\/la-iglesia-catolica-marca-un-hito-historico-en-la-defensa-del-agua-en-la-amazonia\/#primaryimage"},"image":{"@id":"https:\/\/www.repam.net\/es\/la-iglesia-catolica-marca-un-hito-historico-en-la-defensa-del-agua-en-la-amazonia\/#primaryimage"},"thumbnailUrl":"https:\/\/www.repam.net\/es\/wp-content\/uploads\/2025\/10\/IMG-20251003-WA0195-edited.jpg","datePublished":"2025-10-06T21:11:57+00:00","dateModified":"2025-10-06T21:11:59+00:00","description":"Durante tres d\u00edas, la Cumbre Amaz\u00f3nica del Agua tuvo lugar en Iquitos, la ciudad m\u00e1s importante de la Amazon\u00eda peruana. Este encuentro reuni\u00f3 a aproximadamente 400 delegados de diversas comunidades, incluyendo pueblos ind\u00edgenas, comunidades campesinas, quilombolas, organizaciones sociales, l\u00edderes religiosos y representantes de la sociedad civil, provenientes de 10 pa\u00edses y 14 regiones del Per\u00fa. Fue un evento cargado de simbolismo y compromiso en la defensa de los r\u00edos amaz\u00f3nicos, bajo el liderazgo de la Vicaria del Agua del Vicariato Apost\u00f3lico de Iquitos.","breadcrumb":{"@id":"https:\/\/www.repam.net\/es\/la-iglesia-catolica-marca-un-hito-historico-en-la-defensa-del-agua-en-la-amazonia\/#breadcrumb"},"inLanguage":"es-CO","potentialAction":[{"@type":"ReadAction","target":["https:\/\/www.repam.net\/es\/la-iglesia-catolica-marca-un-hito-historico-en-la-defensa-del-agua-en-la-amazonia\/"]}]},{"@type":"ImageObject","inLanguage":"es-CO","@id":"https:\/\/www.repam.net\/es\/la-iglesia-catolica-marca-un-hito-historico-en-la-defensa-del-agua-en-la-amazonia\/#primaryimage","url":"https:\/\/www.repam.net\/es\/wp-content\/uploads\/2025\/10\/IMG-20251003-WA0195-edited.jpg","contentUrl":"https:\/\/www.repam.net\/es\/wp-content\/uploads\/2025\/10\/IMG-20251003-WA0195-edited.jpg","width":1280,"height":720},{"@type":"BreadcrumbList","@id":"https:\/\/www.repam.net\/es\/la-iglesia-catolica-marca-un-hito-historico-en-la-defensa-del-agua-en-la-amazonia\/#breadcrumb","itemListElement":[{"@type":"ListItem","position":1,"name":"Inicio","item":"https:\/\/www.repam.net\/es\/"},{"@type":"ListItem","position":2,"name":"La iglesia cat\u00f3lica marca un hito hist\u00f3rico en la defensa del agua en la Amazon\u00eda"}]},{"@type":"WebSite","@id":"https:\/\/www.repam.net\/es\/#website","url":"https:\/\/www.repam.net\/es\/","name":"REPAM","description":"Red Eclesial Panamaz\u00f3nica","publisher":{"@id":"https:\/\/www.repam.net\/es\/#organization"},"potentialAction":[{"@type":"SearchAction","target":{"@type":"EntryPoint","urlTemplate":"https:\/\/www.repam.net\/es\/?s={search_term_string}"},"query-input":{"@type":"PropertyValueSpecification","valueRequired":true,"valueName":"search_term_string"}}],"inLanguage":"es-CO"},{"@type":"Organization","@id":"https:\/\/www.repam.net\/es\/#organization","name":"REPAM","url":"https:\/\/www.repam.net\/es\/","logo":{"@type":"ImageObject","inLanguage":"es-CO","@id":"https:\/\/www.repam.net\/es\/#\/schema\/logo\/image\/","url":"https:\/\/www.repam.net\/es\/wp-content\/uploads\/2021\/11\/cropped-favicon.png","contentUrl":"https:\/\/www.repam.net\/es\/wp-content\/uploads\/2021\/11\/cropped-favicon.png","width":512,"height":512,"caption":"REPAM"},"image":{"@id":"https:\/\/www.repam.net\/es\/#\/schema\/logo\/image\/"}},{"@type":"Person","@id":"https:\/\/www.repam.net\/es\/#\/schema\/person\/0c828bf04cf1abe6016cbe752c76a033","name":"repam@adm","image":{"@type":"ImageObject","inLanguage":"es-CO","@id":"https:\/\/secure.gravatar.com\/avatar\/b18234ea6de5d74563e52ca7bfdad9d2b029b514c935b38a2790717abf8f2e5f?s=96&d=mm&r=g","url":"https:\/\/secure.gravatar.com\/avatar\/b18234ea6de5d74563e52ca7bfdad9d2b029b514c935b38a2790717abf8f2e5f?s=96&d=mm&r=g","contentUrl":"https:\/\/secure.gravatar.com\/avatar\/b18234ea6de5d74563e52ca7bfdad9d2b029b514c935b38a2790717abf8f2e5f?s=96&d=mm&r=g","caption":"repam@adm"},"sameAs":["http:\/\/repam.net"],"url":"https:\/\/www.repam.net\/es\/author\/repamadm\/"}]}},"_links":{"self":[{"href":"https:\/\/www.repam.net\/es\/wp-json\/wp\/v2\/posts\/12428","targetHints":{"allow":["GET"]}}],"collection":[{"href":"https:\/\/www.repam.net\/es\/wp-json\/wp\/v2\/posts"}],"about":[{"href":"https:\/\/www.repam.net\/es\/wp-json\/wp\/v2\/types\/post"}],"author":[{"embeddable":true,"href":"https:\/\/www.repam.net\/es\/wp-json\/wp\/v2\/users\/1"}],"replies":[{"embeddable":true,"href":"https:\/\/www.repam.net\/es\/wp-json\/wp\/v2\/comments?post=12428"}],"version-history":[{"count":1,"href":"https:\/\/www.repam.net\/es\/wp-json\/wp\/v2\/posts\/12428\/revisions"}],"predecessor-version":[{"id":12438,"href":"https:\/\/www.repam.net\/es\/wp-json\/wp\/v2\/posts\/12428\/revisions\/12438"}],"wp:featuredmedia":[{"embeddable":true,"href":"https:\/\/www.repam.net\/es\/wp-json\/wp\/v2\/media\/12430"}],"wp:attachment":[{"href":"https:\/\/www.repam.net\/es\/wp-json\/wp\/v2\/media?parent=12428"}],"wp:term":[{"taxonomy":"category","embeddable":true,"href":"https:\/\/www.repam.net\/es\/wp-json\/wp\/v2\/categories?post=12428"},{"taxonomy":"post_tag","embeddable":true,"href":"https:\/\/www.repam.net\/es\/wp-json\/wp\/v2\/tags?post=12428"}],"curies":[{"name":"wp","href":"https:\/\/api.w.org\/{rel}","templated":true}]}}