{"id":1251,"date":"2021-07-19T00:00:00","date_gmt":"2021-07-19T05:00:00","guid":{"rendered":"http:\/\/repam.net\/monsenor-miguel-angel-cadenas-estamos-llamados-a-ser-tejedores-de-comunion\/"},"modified":"2021-09-29T18:12:49","modified_gmt":"2021-09-29T23:12:49","slug":"monsenor-miguel-angel-cadenas-estamos-llamados-a-ser-tejedores-de-comunion","status":"publish","type":"post","link":"https:\/\/www.repam.net\/es\/monsenor-miguel-angel-cadenas-estamos-llamados-a-ser-tejedores-de-comunion\/","title":{"rendered":"Monse\u00f1or Miguel \u00c1ngel Cadenas: \u201cEstamos llamados a ser tejedores de comuni\u00f3n\u201d"},"content":{"rendered":"<blockquote>\n<p>El nuevo obispo al frente de la iglesia de Iquitos tiene la tarea de implementar las indicaciones de la exhortaci&oacute;n &ldquo;Querida Amazon&iacute;a&rdquo; junto a otros vicariatos apost&oacute;licos para discernir los nuevos caminos pastorales de la iglesia en la Amazon&iacute;a peruana.<\/p>\n<\/blockquote>\n<p><strong><em>Por Carmen Julia Luj&aacute;n<\/em><\/strong><\/p>\n<p>La ordenaci&oacute;n Episcopal de Monse&ntilde;or Miguel &Aacute;ngel Cadenas Cardo como Obispo del Vicariato Apost&oacute;lico de Iquitos, Per&uacute;, se realiz&oacute; el 18 de mayo en los ambientes del colegio San Agust&iacute;n.<\/p>\n<p>Por mandato apost&oacute;lico del Papa Francisco y por imposici&oacute;n de manos de Monse&ntilde;or Juli&aacute;n Garc&iacute;a Zenteno, obispo em&eacute;rito de Iquitos, el nuevo obispo de la iglesia de Iquitos tiene la misi&oacute;n de guiar, acompa&ntilde;ar y estar al frente de la iglesia de esta regi&oacute;n amaz&oacute;nica.<\/p>\n<p>Asimismo, Monse&ntilde;or Miguel &aacute;ngel Cadenas, tal como lo encomend&oacute; el Nuncio Apost&oacute;lico de Per&uacute;, Mons. Nicola Girasoli, tiene la tarea de implementar las indicaciones de la exhortaci&oacute;n post sinodal &ldquo;Querida Amazon&iacute;a&rdquo; junto a otros vicariatos apost&oacute;licos del Per&uacute; para discernir los nuevos caminos pastorales que se necesitan especialmente en la Amazon&iacute;a.<\/p>\n<p>&ldquo;Estamos llamados a ser tejedores de comuni&oacute;n (&hellip;) &nbsp;debemos buscar ese tejido m&aacute;s all&aacute; de los que piensan como nosotros para fortalecer los lazos de la iglesia y de la sociedad (&hellip;) &nbsp;la comuni&oacute;n no es estar todos de acuerdo, sino fortalecer los lazos por encima de las diferencias no solo evitar romper los hilos, sino tejerlos para hacerlos m&aacute;s fuertes&rdquo;, dijo Monse&ntilde;or Cadenas.<\/p>\n<p>Para Monse&ntilde;or Cadenas el tejido cristiano est&aacute; hecho con hojas de esperanza, en ese sentido, la evangelizaci&oacute;n est&aacute; en el AND de la iglesia y no se puede renunciar a ella, si se quiere seguir a Jes&uacute;s para esto no se debe tener miedo, &ldquo;evangelizar es la primera y fundamental tarea de aquellos que nos sentimos cristianos&rdquo;.<\/p>\n<p>Desde hace 27 a&ntilde;os la misi&oacute;n que realiza Monse&ntilde;or Cadena contempla el conocimiento&nbsp; &nbsp;de la iglesia de Iquitos y de sus circunstancias porque conoce sobre su gente, las condiciones de vida, las caracter&iacute;sticas geogr&aacute;ficas, las dificultades de comunicaci&oacute;n y la escasez de sacerdotes, catequistas y agentes de pastoral, es decir, sabe de &nbsp;los problemas, pero tambi&eacute;n de las alegr&iacute;as y riquezas de esta parte de la Amazon&iacute;a.<\/p>\n<p>Puede ver la ceremonia de ordenaci&oacute;n en el siguiente enlace:<\/p>\n<p><a href=\"https:\/\/fb.watch\/v\/WJKwmxfW\/\" target=\"_blank\" rel=\"noopener\"><img loading=\"lazy\" decoding=\"async\" class=\"https:\/\/fb.watch\/v\/WJKwmxfW\/ aligncenter  size-full\" src=\"https:\/\/www.repam.net\/es\/wp-content\/uploads\/2021\/09\/Ordenacion-Mons.-Miguel-Angel-Iquito.png\" alt=\"\" width=\"1059\" height=\"596\"><\/a><\/p>\n<p>&nbsp;<\/p>\n<p><em><strong>Foto Portada: Gimena Pe&ntilde;a<\/strong><\/em><\/p>\n<p>&nbsp;<\/p>\n<p>&nbsp;<\/p><\/p>\n","protected":false},"excerpt":{"rendered":"<p>El nuevo obispo al frente de la iglesia de Iquitos tiene la tarea de implementar las indicaciones de la exhortaci&oacute;n &ldquo;Querida Amazon&iacute;a&rdquo; junto a otros vicariatos apost&oacute;licos para discernir los nuevos caminos pastorales de la iglesia en la Amazon&iacute;a peruana. Por Carmen Julia Luj&aacute;n La ordenaci&oacute;n Episcopal de Monse&ntilde;or Miguel &Aacute;ngel Cadenas Cardo como Obispo [&hellip;]<\/p>\n","protected":false},"author":1,"featured_media":1252,"comment_status":"closed","ping_status":"closed","sticky":false,"template":"","format":"standard","meta":{"_acf_changed":false,"_uf_show_specific_survey":0,"_uf_disable_surveys":false,"footnotes":""},"categories":[4,10],"tags":[11,134,226,8,199],"class_list":["post-1251","post","type-post","status-publish","format-standard","has-post-thumbnail","hentry","category-noticias","category-peru","tag-amazonia-peruana","tag-iglesia-amazonica","tag-ordenacion-episcopal","tag-querida-amazonia","tag-vicariato-de-iquitos"],"acf":[],"aioseo_notices":[],"yoast_head":"<!-- This site is optimized with the Yoast SEO plugin v27.5 - https:\/\/yoast.com\/product\/yoast-seo-wordpress\/ -->\n<title>Monse\u00f1or Miguel \u00c1ngel Cadenas: \u201cEstamos llamados a ser tejedores de comuni\u00f3n\u201d - REPAM<\/title>\n<meta name=\"robots\" content=\"index, follow, max-snippet:-1, max-image-preview:large, max-video-preview:-1\" \/>\n<link rel=\"canonical\" href=\"https:\/\/www.repam.net\/es\/monsenor-miguel-angel-cadenas-estamos-llamados-a-ser-tejedores-de-comunion\/\" \/>\n<meta property=\"og:locale\" content=\"es_ES\" \/>\n<meta property=\"og:type\" content=\"article\" \/>\n<meta property=\"og:title\" content=\"Monse\u00f1or Miguel \u00c1ngel Cadenas: \u201cEstamos llamados a ser tejedores de comuni\u00f3n\u201d - REPAM\" \/>\n<meta property=\"og:description\" content=\"El nuevo obispo al frente de la iglesia de Iquitos tiene la tarea de implementar las indicaciones de la exhortaci&oacute;n &ldquo;Querida Amazon&iacute;a&rdquo; junto a otros vicariatos apost&oacute;licos para discernir los nuevos caminos pastorales de la iglesia en la Amazon&iacute;a peruana. Por Carmen Julia Luj&aacute;n La ordenaci&oacute;n Episcopal de Monse&ntilde;or Miguel &Aacute;ngel Cadenas Cardo como Obispo [&hellip;]\" \/>\n<meta property=\"og:url\" content=\"https:\/\/www.repam.net\/es\/monsenor-miguel-angel-cadenas-estamos-llamados-a-ser-tejedores-de-comunion\/\" \/>\n<meta property=\"og:site_name\" content=\"REPAM\" \/>\n<meta property=\"article:published_time\" content=\"2021-07-19T05:00:00+00:00\" \/>\n<meta property=\"article:modified_time\" content=\"2021-09-29T23:12:49+00:00\" \/>\n<meta property=\"og:image\" content=\"https:\/\/www.repam.net\/es\/wp-content\/uploads\/2021\/09\/Monsenor-Cadena-Ordenacion-Episcopal.jpg\" \/>\n\t<meta property=\"og:image:width\" content=\"1891\" \/>\n\t<meta property=\"og:image:height\" content=\"1263\" \/>\n\t<meta property=\"og:image:type\" content=\"image\/jpeg\" \/>\n<meta name=\"author\" content=\"repam@adm\" \/>\n<meta name=\"twitter:card\" content=\"summary_large_image\" \/>\n<meta name=\"twitter:label1\" content=\"Escrito por\" \/>\n\t<meta name=\"twitter:data1\" content=\"repam@adm\" \/>\n\t<meta name=\"twitter:label2\" content=\"Tiempo de lectura\" \/>\n\t<meta name=\"twitter:data2\" content=\"2 minutos\" \/>\n<script type=\"application\/ld+json\" class=\"yoast-schema-graph\">{\"@context\":\"https:\\\/\\\/schema.org\",\"@graph\":[{\"@type\":\"Article\",\"@id\":\"https:\\\/\\\/www.repam.net\\\/es\\\/monsenor-miguel-angel-cadenas-estamos-llamados-a-ser-tejedores-de-comunion\\\/#article\",\"isPartOf\":{\"@id\":\"https:\\\/\\\/www.repam.net\\\/es\\\/monsenor-miguel-angel-cadenas-estamos-llamados-a-ser-tejedores-de-comunion\\\/\"},\"author\":{\"name\":\"repam@adm\",\"@id\":\"https:\\\/\\\/www.repam.net\\\/es\\\/#\\\/schema\\\/person\\\/0c828bf04cf1abe6016cbe752c76a033\"},\"headline\":\"Monse\u00f1or Miguel \u00c1ngel Cadenas: \u201cEstamos llamados a ser tejedores de comuni\u00f3n\u201d\",\"datePublished\":\"2021-07-19T05:00:00+00:00\",\"dateModified\":\"2021-09-29T23:12:49+00:00\",\"mainEntityOfPage\":{\"@id\":\"https:\\\/\\\/www.repam.net\\\/es\\\/monsenor-miguel-angel-cadenas-estamos-llamados-a-ser-tejedores-de-comunion\\\/\"},\"wordCount\":497,\"publisher\":{\"@id\":\"https:\\\/\\\/www.repam.net\\\/es\\\/#organization\"},\"image\":{\"@id\":\"https:\\\/\\\/www.repam.net\\\/es\\\/monsenor-miguel-angel-cadenas-estamos-llamados-a-ser-tejedores-de-comunion\\\/#primaryimage\"},\"thumbnailUrl\":\"https:\\\/\\\/www.repam.net\\\/es\\\/wp-content\\\/uploads\\\/2021\\\/09\\\/Monsenor-Cadena-Ordenacion-Episcopal.jpg\",\"keywords\":[\"Amazon\u00eda peruana\",\"Iglesia amaz\u00f3nica\",\"Ordenaci\u00f3n Episcopal\",\"Querida Amazon\u00eda\",\"Vicariato de Iquitos\"],\"articleSection\":[\"Noticias\",\"Per\u00fa\"],\"inLanguage\":\"es-CO\"},{\"@type\":\"WebPage\",\"@id\":\"https:\\\/\\\/www.repam.net\\\/es\\\/monsenor-miguel-angel-cadenas-estamos-llamados-a-ser-tejedores-de-comunion\\\/\",\"url\":\"https:\\\/\\\/www.repam.net\\\/es\\\/monsenor-miguel-angel-cadenas-estamos-llamados-a-ser-tejedores-de-comunion\\\/\",\"name\":\"Monse\u00f1or Miguel \u00c1ngel Cadenas: \u201cEstamos llamados a ser tejedores de comuni\u00f3n\u201d - REPAM\",\"isPartOf\":{\"@id\":\"https:\\\/\\\/www.repam.net\\\/es\\\/#website\"},\"primaryImageOfPage\":{\"@id\":\"https:\\\/\\\/www.repam.net\\\/es\\\/monsenor-miguel-angel-cadenas-estamos-llamados-a-ser-tejedores-de-comunion\\\/#primaryimage\"},\"image\":{\"@id\":\"https:\\\/\\\/www.repam.net\\\/es\\\/monsenor-miguel-angel-cadenas-estamos-llamados-a-ser-tejedores-de-comunion\\\/#primaryimage\"},\"thumbnailUrl\":\"https:\\\/\\\/www.repam.net\\\/es\\\/wp-content\\\/uploads\\\/2021\\\/09\\\/Monsenor-Cadena-Ordenacion-Episcopal.jpg\",\"datePublished\":\"2021-07-19T05:00:00+00:00\",\"dateModified\":\"2021-09-29T23:12:49+00:00\",\"breadcrumb\":{\"@id\":\"https:\\\/\\\/www.repam.net\\\/es\\\/monsenor-miguel-angel-cadenas-estamos-llamados-a-ser-tejedores-de-comunion\\\/#breadcrumb\"},\"inLanguage\":\"es-CO\",\"potentialAction\":[{\"@type\":\"ReadAction\",\"target\":[\"https:\\\/\\\/www.repam.net\\\/es\\\/monsenor-miguel-angel-cadenas-estamos-llamados-a-ser-tejedores-de-comunion\\\/\"]}]},{\"@type\":\"ImageObject\",\"inLanguage\":\"es-CO\",\"@id\":\"https:\\\/\\\/www.repam.net\\\/es\\\/monsenor-miguel-angel-cadenas-estamos-llamados-a-ser-tejedores-de-comunion\\\/#primaryimage\",\"url\":\"https:\\\/\\\/www.repam.net\\\/es\\\/wp-content\\\/uploads\\\/2021\\\/09\\\/Monsenor-Cadena-Ordenacion-Episcopal.jpg\",\"contentUrl\":\"https:\\\/\\\/www.repam.net\\\/es\\\/wp-content\\\/uploads\\\/2021\\\/09\\\/Monsenor-Cadena-Ordenacion-Episcopal.jpg\",\"width\":1891,\"height\":1263},{\"@type\":\"BreadcrumbList\",\"@id\":\"https:\\\/\\\/www.repam.net\\\/es\\\/monsenor-miguel-angel-cadenas-estamos-llamados-a-ser-tejedores-de-comunion\\\/#breadcrumb\",\"itemListElement\":[{\"@type\":\"ListItem\",\"position\":1,\"name\":\"Inicio\",\"item\":\"https:\\\/\\\/www.repam.net\\\/es\\\/\"},{\"@type\":\"ListItem\",\"position\":2,\"name\":\"Monse\u00f1or Miguel \u00c1ngel Cadenas: \u201cEstamos llamados a ser tejedores de comuni\u00f3n\u201d\"}]},{\"@type\":\"WebSite\",\"@id\":\"https:\\\/\\\/www.repam.net\\\/es\\\/#website\",\"url\":\"https:\\\/\\\/www.repam.net\\\/es\\\/\",\"name\":\"REPAM\",\"description\":\"Red Eclesial Panamaz\u00f3nica\",\"publisher\":{\"@id\":\"https:\\\/\\\/www.repam.net\\\/es\\\/#organization\"},\"potentialAction\":[{\"@type\":\"SearchAction\",\"target\":{\"@type\":\"EntryPoint\",\"urlTemplate\":\"https:\\\/\\\/www.repam.net\\\/es\\\/?s={search_term_string}\"},\"query-input\":{\"@type\":\"PropertyValueSpecification\",\"valueRequired\":true,\"valueName\":\"search_term_string\"}}],\"inLanguage\":\"es-CO\"},{\"@type\":\"Organization\",\"@id\":\"https:\\\/\\\/www.repam.net\\\/es\\\/#organization\",\"name\":\"REPAM\",\"url\":\"https:\\\/\\\/www.repam.net\\\/es\\\/\",\"logo\":{\"@type\":\"ImageObject\",\"inLanguage\":\"es-CO\",\"@id\":\"https:\\\/\\\/www.repam.net\\\/es\\\/#\\\/schema\\\/logo\\\/image\\\/\",\"url\":\"https:\\\/\\\/www.repam.net\\\/es\\\/wp-content\\\/uploads\\\/2021\\\/11\\\/cropped-favicon.png\",\"contentUrl\":\"https:\\\/\\\/www.repam.net\\\/es\\\/wp-content\\\/uploads\\\/2021\\\/11\\\/cropped-favicon.png\",\"width\":512,\"height\":512,\"caption\":\"REPAM\"},\"image\":{\"@id\":\"https:\\\/\\\/www.repam.net\\\/es\\\/#\\\/schema\\\/logo\\\/image\\\/\"}},{\"@type\":\"Person\",\"@id\":\"https:\\\/\\\/www.repam.net\\\/es\\\/#\\\/schema\\\/person\\\/0c828bf04cf1abe6016cbe752c76a033\",\"name\":\"repam@adm\",\"image\":{\"@type\":\"ImageObject\",\"inLanguage\":\"es-CO\",\"@id\":\"https:\\\/\\\/secure.gravatar.com\\\/avatar\\\/b18234ea6de5d74563e52ca7bfdad9d2b029b514c935b38a2790717abf8f2e5f?s=96&d=mm&r=g\",\"url\":\"https:\\\/\\\/secure.gravatar.com\\\/avatar\\\/b18234ea6de5d74563e52ca7bfdad9d2b029b514c935b38a2790717abf8f2e5f?s=96&d=mm&r=g\",\"contentUrl\":\"https:\\\/\\\/secure.gravatar.com\\\/avatar\\\/b18234ea6de5d74563e52ca7bfdad9d2b029b514c935b38a2790717abf8f2e5f?s=96&d=mm&r=g\",\"caption\":\"repam@adm\"},\"sameAs\":[\"http:\\\/\\\/repam.net\"],\"url\":\"https:\\\/\\\/www.repam.net\\\/es\\\/author\\\/repamadm\\\/\"}]}<\/script>\n<!-- \/ Yoast SEO plugin. -->","yoast_head_json":{"title":"Monse\u00f1or Miguel \u00c1ngel Cadenas: \u201cEstamos llamados a ser tejedores de comuni\u00f3n\u201d - REPAM","robots":{"index":"index","follow":"follow","max-snippet":"max-snippet:-1","max-image-preview":"max-image-preview:large","max-video-preview":"max-video-preview:-1"},"canonical":"https:\/\/www.repam.net\/es\/monsenor-miguel-angel-cadenas-estamos-llamados-a-ser-tejedores-de-comunion\/","og_locale":"es_ES","og_type":"article","og_title":"Monse\u00f1or Miguel \u00c1ngel Cadenas: \u201cEstamos llamados a ser tejedores de comuni\u00f3n\u201d - REPAM","og_description":"El nuevo obispo al frente de la iglesia de Iquitos tiene la tarea de implementar las indicaciones de la exhortaci&oacute;n &ldquo;Querida Amazon&iacute;a&rdquo; junto a otros vicariatos apost&oacute;licos para discernir los nuevos caminos pastorales de la iglesia en la Amazon&iacute;a peruana. Por Carmen Julia Luj&aacute;n La ordenaci&oacute;n Episcopal de Monse&ntilde;or Miguel &Aacute;ngel Cadenas Cardo como Obispo [&hellip;]","og_url":"https:\/\/www.repam.net\/es\/monsenor-miguel-angel-cadenas-estamos-llamados-a-ser-tejedores-de-comunion\/","og_site_name":"REPAM","article_published_time":"2021-07-19T05:00:00+00:00","article_modified_time":"2021-09-29T23:12:49+00:00","og_image":[{"width":1891,"height":1263,"url":"https:\/\/www.repam.net\/es\/wp-content\/uploads\/2021\/09\/Monsenor-Cadena-Ordenacion-Episcopal.jpg","type":"image\/jpeg"}],"author":"repam@adm","twitter_card":"summary_large_image","twitter_misc":{"Escrito por":"repam@adm","Tiempo de lectura":"2 minutos"},"schema":{"@context":"https:\/\/schema.org","@graph":[{"@type":"Article","@id":"https:\/\/www.repam.net\/es\/monsenor-miguel-angel-cadenas-estamos-llamados-a-ser-tejedores-de-comunion\/#article","isPartOf":{"@id":"https:\/\/www.repam.net\/es\/monsenor-miguel-angel-cadenas-estamos-llamados-a-ser-tejedores-de-comunion\/"},"author":{"name":"repam@adm","@id":"https:\/\/www.repam.net\/es\/#\/schema\/person\/0c828bf04cf1abe6016cbe752c76a033"},"headline":"Monse\u00f1or Miguel \u00c1ngel Cadenas: \u201cEstamos llamados a ser tejedores de comuni\u00f3n\u201d","datePublished":"2021-07-19T05:00:00+00:00","dateModified":"2021-09-29T23:12:49+00:00","mainEntityOfPage":{"@id":"https:\/\/www.repam.net\/es\/monsenor-miguel-angel-cadenas-estamos-llamados-a-ser-tejedores-de-comunion\/"},"wordCount":497,"publisher":{"@id":"https:\/\/www.repam.net\/es\/#organization"},"image":{"@id":"https:\/\/www.repam.net\/es\/monsenor-miguel-angel-cadenas-estamos-llamados-a-ser-tejedores-de-comunion\/#primaryimage"},"thumbnailUrl":"https:\/\/www.repam.net\/es\/wp-content\/uploads\/2021\/09\/Monsenor-Cadena-Ordenacion-Episcopal.jpg","keywords":["Amazon\u00eda peruana","Iglesia amaz\u00f3nica","Ordenaci\u00f3n Episcopal","Querida Amazon\u00eda","Vicariato de Iquitos"],"articleSection":["Noticias","Per\u00fa"],"inLanguage":"es-CO"},{"@type":"WebPage","@id":"https:\/\/www.repam.net\/es\/monsenor-miguel-angel-cadenas-estamos-llamados-a-ser-tejedores-de-comunion\/","url":"https:\/\/www.repam.net\/es\/monsenor-miguel-angel-cadenas-estamos-llamados-a-ser-tejedores-de-comunion\/","name":"Monse\u00f1or Miguel \u00c1ngel Cadenas: \u201cEstamos llamados a ser tejedores de comuni\u00f3n\u201d - REPAM","isPartOf":{"@id":"https:\/\/www.repam.net\/es\/#website"},"primaryImageOfPage":{"@id":"https:\/\/www.repam.net\/es\/monsenor-miguel-angel-cadenas-estamos-llamados-a-ser-tejedores-de-comunion\/#primaryimage"},"image":{"@id":"https:\/\/www.repam.net\/es\/monsenor-miguel-angel-cadenas-estamos-llamados-a-ser-tejedores-de-comunion\/#primaryimage"},"thumbnailUrl":"https:\/\/www.repam.net\/es\/wp-content\/uploads\/2021\/09\/Monsenor-Cadena-Ordenacion-Episcopal.jpg","datePublished":"2021-07-19T05:00:00+00:00","dateModified":"2021-09-29T23:12:49+00:00","breadcrumb":{"@id":"https:\/\/www.repam.net\/es\/monsenor-miguel-angel-cadenas-estamos-llamados-a-ser-tejedores-de-comunion\/#breadcrumb"},"inLanguage":"es-CO","potentialAction":[{"@type":"ReadAction","target":["https:\/\/www.repam.net\/es\/monsenor-miguel-angel-cadenas-estamos-llamados-a-ser-tejedores-de-comunion\/"]}]},{"@type":"ImageObject","inLanguage":"es-CO","@id":"https:\/\/www.repam.net\/es\/monsenor-miguel-angel-cadenas-estamos-llamados-a-ser-tejedores-de-comunion\/#primaryimage","url":"https:\/\/www.repam.net\/es\/wp-content\/uploads\/2021\/09\/Monsenor-Cadena-Ordenacion-Episcopal.jpg","contentUrl":"https:\/\/www.repam.net\/es\/wp-content\/uploads\/2021\/09\/Monsenor-Cadena-Ordenacion-Episcopal.jpg","width":1891,"height":1263},{"@type":"BreadcrumbList","@id":"https:\/\/www.repam.net\/es\/monsenor-miguel-angel-cadenas-estamos-llamados-a-ser-tejedores-de-comunion\/#breadcrumb","itemListElement":[{"@type":"ListItem","position":1,"name":"Inicio","item":"https:\/\/www.repam.net\/es\/"},{"@type":"ListItem","position":2,"name":"Monse\u00f1or Miguel \u00c1ngel Cadenas: \u201cEstamos llamados a ser tejedores de comuni\u00f3n\u201d"}]},{"@type":"WebSite","@id":"https:\/\/www.repam.net\/es\/#website","url":"https:\/\/www.repam.net\/es\/","name":"REPAM","description":"Red Eclesial Panamaz\u00f3nica","publisher":{"@id":"https:\/\/www.repam.net\/es\/#organization"},"potentialAction":[{"@type":"SearchAction","target":{"@type":"EntryPoint","urlTemplate":"https:\/\/www.repam.net\/es\/?s={search_term_string}"},"query-input":{"@type":"PropertyValueSpecification","valueRequired":true,"valueName":"search_term_string"}}],"inLanguage":"es-CO"},{"@type":"Organization","@id":"https:\/\/www.repam.net\/es\/#organization","name":"REPAM","url":"https:\/\/www.repam.net\/es\/","logo":{"@type":"ImageObject","inLanguage":"es-CO","@id":"https:\/\/www.repam.net\/es\/#\/schema\/logo\/image\/","url":"https:\/\/www.repam.net\/es\/wp-content\/uploads\/2021\/11\/cropped-favicon.png","contentUrl":"https:\/\/www.repam.net\/es\/wp-content\/uploads\/2021\/11\/cropped-favicon.png","width":512,"height":512,"caption":"REPAM"},"image":{"@id":"https:\/\/www.repam.net\/es\/#\/schema\/logo\/image\/"}},{"@type":"Person","@id":"https:\/\/www.repam.net\/es\/#\/schema\/person\/0c828bf04cf1abe6016cbe752c76a033","name":"repam@adm","image":{"@type":"ImageObject","inLanguage":"es-CO","@id":"https:\/\/secure.gravatar.com\/avatar\/b18234ea6de5d74563e52ca7bfdad9d2b029b514c935b38a2790717abf8f2e5f?s=96&d=mm&r=g","url":"https:\/\/secure.gravatar.com\/avatar\/b18234ea6de5d74563e52ca7bfdad9d2b029b514c935b38a2790717abf8f2e5f?s=96&d=mm&r=g","contentUrl":"https:\/\/secure.gravatar.com\/avatar\/b18234ea6de5d74563e52ca7bfdad9d2b029b514c935b38a2790717abf8f2e5f?s=96&d=mm&r=g","caption":"repam@adm"},"sameAs":["http:\/\/repam.net"],"url":"https:\/\/www.repam.net\/es\/author\/repamadm\/"}]}},"_links":{"self":[{"href":"https:\/\/www.repam.net\/es\/wp-json\/wp\/v2\/posts\/1251","targetHints":{"allow":["GET"]}}],"collection":[{"href":"https:\/\/www.repam.net\/es\/wp-json\/wp\/v2\/posts"}],"about":[{"href":"https:\/\/www.repam.net\/es\/wp-json\/wp\/v2\/types\/post"}],"author":[{"embeddable":true,"href":"https:\/\/www.repam.net\/es\/wp-json\/wp\/v2\/users\/1"}],"replies":[{"embeddable":true,"href":"https:\/\/www.repam.net\/es\/wp-json\/wp\/v2\/comments?post=1251"}],"version-history":[{"count":1,"href":"https:\/\/www.repam.net\/es\/wp-json\/wp\/v2\/posts\/1251\/revisions"}],"predecessor-version":[{"id":1266,"href":"https:\/\/www.repam.net\/es\/wp-json\/wp\/v2\/posts\/1251\/revisions\/1266"}],"wp:featuredmedia":[{"embeddable":true,"href":"https:\/\/www.repam.net\/es\/wp-json\/wp\/v2\/media\/1252"}],"wp:attachment":[{"href":"https:\/\/www.repam.net\/es\/wp-json\/wp\/v2\/media?parent=1251"}],"wp:term":[{"taxonomy":"category","embeddable":true,"href":"https:\/\/www.repam.net\/es\/wp-json\/wp\/v2\/categories?post=1251"},{"taxonomy":"post_tag","embeddable":true,"href":"https:\/\/www.repam.net\/es\/wp-json\/wp\/v2\/tags?post=1251"}],"curies":[{"name":"wp","href":"https:\/\/api.w.org\/{rel}","templated":true}]}}