{"id":12827,"date":"2026-01-30T11:54:08","date_gmt":"2026-01-30T16:54:08","guid":{"rendered":"https:\/\/www.repam.net\/es\/?p=12827"},"modified":"2026-01-31T12:15:46","modified_gmt":"2026-01-31T17:15:46","slug":"redes-eclesiales-de-america-latina-piden-al-papa-escuchar-a-las-victimas-de-la-mineria-y-rechazar-falsas-soluciones-extractivas","status":"publish","type":"post","link":"https:\/\/www.repam.net\/es\/redes-eclesiales-de-america-latina-piden-al-papa-escuchar-a-las-victimas-de-la-mineria-y-rechazar-falsas-soluciones-extractivas\/","title":{"rendered":"Redes eclesiales de Am\u00e9rica Latina piden al Papa escuchar a las v\u00edctimas de la miner\u00eda y rechazar falsas soluciones extractivas"},"content":{"rendered":"<div class=\"wp-block-image\">\n<figure class=\"aligncenter size-full\"><img loading=\"lazy\" decoding=\"async\" width=\"848\" height=\"477\" src=\"https:\/\/www.repam.net\/es\/wp-content\/uploads\/2026\/01\/mineria-edited.png\" alt=\"\" class=\"wp-image-12829\" srcset=\"https:\/\/www.repam.net\/es\/wp-content\/uploads\/2026\/01\/mineria-edited.png 848w, https:\/\/www.repam.net\/es\/wp-content\/uploads\/2026\/01\/mineria-edited-300x169.png 300w, https:\/\/www.repam.net\/es\/wp-content\/uploads\/2026\/01\/mineria-edited-768x432.png 768w\" sizes=\"auto, (max-width: 848px) 100vw, 848px\" \/><\/figure>\n<\/div>\n\n\n<blockquote class=\"wp-block-quote is-layout-flow wp-block-quote-is-layout-flow\">\n<p><em>Diversas redes eclesiales de Am\u00e9rica Latina y el Caribe, entre ellas la Red Eclesial Panamaz\u00f3nica (REPAM), hicieron p\u00fablica una carta en el que expresan su profunda preocupaci\u00f3n por el avance del extractivismo minero y la violencia que genera en los territorios, as\u00ed como por los intentos de las empresas de utilizar a la Iglesia como mediadora para legitimar sus operaciones.<\/em><\/p>\n<\/blockquote>\n\n\n\n<p><strong><em>Por: Equipo de Comunicaciones de REPAM Per\u00fa<\/em><\/strong><\/p>\n\n\n\n<p>La carta recuerda el crimen socioambiental de Brumadinho, en Brasil, y denuncia las estrategias de cooptaci\u00f3n empresarial en contextos de conflicto, donde comunidades ind\u00edgenas, campesinas y urbanas enfrentan persecuci\u00f3n, criminalizaci\u00f3n y asesinatos por defender sus territorios. En ese sentido, las redes firmantes reiteran que la Iglesia no puede ser neutral ante estas realidades y debe mantener su opci\u00f3n preferencial por las v\u00edctimas y los pobres.<\/p>\n\n\n\n<p>Asimismo, el pronunciamiento hace un llamado al Papa Le\u00f3n XIV para que se encuentre y escuche directamente a las comunidades afectadas por la miner\u00eda, a sus l\u00edderes y a los agentes pastorales que caminan junto a ellas, reconociendo sus propuestas de vida en armon\u00eda con la Creaci\u00f3n. Las organizaciones tambi\u00e9n exhortan a no aceptar falsas soluciones a la crisis energ\u00e9tica y a fortalecer el compromiso con la protecci\u00f3n de la Casa Com\u00fan, tal como lo plantea la enc\u00edclica Laudato Si\u2019.<\/p>\n\n\n\n<div data-wp-interactive=\"core\/file\" class=\"wp-block-file aligncenter\"><object data-wp-bind--hidden=\"!state.hasPdfPreview\" hidden class=\"wp-block-file__embed\" data=\"https:\/\/www.repam.net\/es\/wp-content\/uploads\/2026\/01\/Una-Iglesia-Samaritana-que-escucha-los-gritos-de-los-pobres-y-de-la-tierra-rev-1.pdf\" type=\"application\/pdf\" style=\"width:100%;height:600px\" aria-label=\"Incrustado de Una Iglesia Samaritana que escucha los gritos de los pobres y de la tierra - rev-1.\"><\/object><a id=\"wp-block-file--media-b6b4efbc-73a2-4378-9556-18fd8254453c\" href=\"https:\/\/www.repam.net\/es\/wp-content\/uploads\/2026\/01\/Una-Iglesia-Samaritana-que-escucha-los-gritos-de-los-pobres-y-de-la-tierra-rev-1.pdf\">Una Iglesia Samaritana que escucha los gritos de los pobres y de la tierra &#8211; rev-1<\/a><a href=\"https:\/\/www.repam.net\/es\/wp-content\/uploads\/2026\/01\/Una-Iglesia-Samaritana-que-escucha-los-gritos-de-los-pobres-y-de-la-tierra-rev-1.pdf\" class=\"wp-block-file__button wp-element-button\" download aria-describedby=\"wp-block-file--media-b6b4efbc-73a2-4378-9556-18fd8254453c\">Descargar<\/a><\/div>\n\n\n\n<p>Fuente: <a href=\"https:\/\/queridaamazonia.pe\/2026\/01\/30\/carta-iglesiaymineria-ene26\/\" type=\"link\" id=\"https:\/\/queridaamazonia.pe\/2026\/01\/30\/carta-iglesiaymineria-ene26\/\">REPAM Per\u00fa.<\/a><\/p>\n\n\n\n<p><\/p>\n","protected":false},"excerpt":{"rendered":"<p>Diversas redes eclesiales de Am\u00e9rica Latina y el Caribe, entre ellas la Red Eclesial Panamaz\u00f3nica (REPAM), hicieron p\u00fablica una carta en el que expresan su profunda preocupaci\u00f3n por el avance del extractivismo minero y la violencia que genera en los territorios, as\u00ed como por los intentos de las empresas de utilizar a la Iglesia como [&hellip;]<\/p>\n","protected":false},"author":1,"featured_media":12829,"comment_status":"closed","ping_status":"closed","sticky":false,"template":"","format":"standard","meta":{"_acf_changed":false,"_uf_show_specific_survey":0,"_uf_disable_surveys":false,"footnotes":""},"categories":[4,141],"tags":[33,52,8,9],"class_list":["post-12827","post","type-post","status-publish","format-standard","has-post-thumbnail","hentry","category-noticias","category-panamazonia","tag-amazonia","tag-derechos-humanos","tag-querida-amazonia","tag-repam"],"acf":[],"aioseo_notices":[],"yoast_head":"<!-- This site is optimized with the Yoast SEO plugin v27.5 - https:\/\/yoast.com\/product\/yoast-seo-wordpress\/ -->\n<title>Redes eclesiales de Am\u00e9rica Latina piden al Papa escuchar a las v\u00edctimas de la miner\u00eda y rechazar falsas soluciones extractivas - REPAM<\/title>\n<meta name=\"description\" content=\"Diversas redes eclesiales de Am\u00e9rica Latina y el Caribe, entre ellas la Red Eclesial Panamaz\u00f3nica (REPAM), hicieron p\u00fablica una carta en el que expresan su profunda preocupaci\u00f3n por el avance del extractivismo minero y la violencia que genera en los territorios, as\u00ed como por los intentos de las empresas de utilizar a la Iglesia como mediadora para legitimar sus operaciones.\" \/>\n<meta name=\"robots\" content=\"index, follow, max-snippet:-1, max-image-preview:large, max-video-preview:-1\" \/>\n<link rel=\"canonical\" href=\"https:\/\/www.repam.net\/es\/redes-eclesiales-de-america-latina-piden-al-papa-escuchar-a-las-victimas-de-la-mineria-y-rechazar-falsas-soluciones-extractivas\/\" \/>\n<meta property=\"og:locale\" content=\"es_ES\" \/>\n<meta property=\"og:type\" content=\"article\" \/>\n<meta property=\"og:title\" content=\"Redes eclesiales de Am\u00e9rica Latina piden al Papa escuchar a las v\u00edctimas de la miner\u00eda y rechazar falsas soluciones extractivas - REPAM\" \/>\n<meta property=\"og:description\" content=\"Diversas redes eclesiales de Am\u00e9rica Latina y el Caribe, entre ellas la Red Eclesial Panamaz\u00f3nica (REPAM), hicieron p\u00fablica una carta en el que expresan su profunda preocupaci\u00f3n por el avance del extractivismo minero y la violencia que genera en los territorios, as\u00ed como por los intentos de las empresas de utilizar a la Iglesia como mediadora para legitimar sus operaciones.\" \/>\n<meta property=\"og:url\" content=\"https:\/\/www.repam.net\/es\/redes-eclesiales-de-america-latina-piden-al-papa-escuchar-a-las-victimas-de-la-mineria-y-rechazar-falsas-soluciones-extractivas\/\" \/>\n<meta property=\"og:site_name\" content=\"REPAM\" \/>\n<meta property=\"article:published_time\" content=\"2026-01-30T16:54:08+00:00\" \/>\n<meta property=\"article:modified_time\" content=\"2026-01-31T17:15:46+00:00\" \/>\n<meta property=\"og:image\" content=\"https:\/\/www.repam.net\/es\/wp-content\/uploads\/2026\/01\/mineria-edited.png\" \/>\n\t<meta property=\"og:image:width\" content=\"848\" \/>\n\t<meta property=\"og:image:height\" content=\"477\" \/>\n\t<meta property=\"og:image:type\" content=\"image\/png\" \/>\n<meta name=\"author\" content=\"repam@adm\" \/>\n<meta name=\"twitter:card\" content=\"summary_large_image\" \/>\n<meta name=\"twitter:label1\" content=\"Escrito por\" \/>\n\t<meta name=\"twitter:data1\" content=\"repam@adm\" \/>\n\t<meta name=\"twitter:label2\" content=\"Tiempo de lectura\" \/>\n\t<meta name=\"twitter:data2\" content=\"2 minutos\" \/>\n<script type=\"application\/ld+json\" class=\"yoast-schema-graph\">{\"@context\":\"https:\\\/\\\/schema.org\",\"@graph\":[{\"@type\":\"Article\",\"@id\":\"https:\\\/\\\/www.repam.net\\\/es\\\/redes-eclesiales-de-america-latina-piden-al-papa-escuchar-a-las-victimas-de-la-mineria-y-rechazar-falsas-soluciones-extractivas\\\/#article\",\"isPartOf\":{\"@id\":\"https:\\\/\\\/www.repam.net\\\/es\\\/redes-eclesiales-de-america-latina-piden-al-papa-escuchar-a-las-victimas-de-la-mineria-y-rechazar-falsas-soluciones-extractivas\\\/\"},\"author\":{\"name\":\"repam@adm\",\"@id\":\"https:\\\/\\\/www.repam.net\\\/es\\\/#\\\/schema\\\/person\\\/0c828bf04cf1abe6016cbe752c76a033\"},\"headline\":\"Redes eclesiales de Am\u00e9rica Latina piden al Papa escuchar a las v\u00edctimas de la miner\u00eda y rechazar falsas soluciones extractivas\",\"datePublished\":\"2026-01-30T16:54:08+00:00\",\"dateModified\":\"2026-01-31T17:15:46+00:00\",\"mainEntityOfPage\":{\"@id\":\"https:\\\/\\\/www.repam.net\\\/es\\\/redes-eclesiales-de-america-latina-piden-al-papa-escuchar-a-las-victimas-de-la-mineria-y-rechazar-falsas-soluciones-extractivas\\\/\"},\"wordCount\":275,\"publisher\":{\"@id\":\"https:\\\/\\\/www.repam.net\\\/es\\\/#organization\"},\"image\":{\"@id\":\"https:\\\/\\\/www.repam.net\\\/es\\\/redes-eclesiales-de-america-latina-piden-al-papa-escuchar-a-las-victimas-de-la-mineria-y-rechazar-falsas-soluciones-extractivas\\\/#primaryimage\"},\"thumbnailUrl\":\"https:\\\/\\\/www.repam.net\\\/es\\\/wp-content\\\/uploads\\\/2026\\\/01\\\/mineria-edited.png\",\"keywords\":[\"Amazon\u00eda\",\"Derechos Humanos\",\"Querida Amazon\u00eda\",\"REPAM\"],\"articleSection\":[\"Noticias\",\"Panamazon\u00eda\"],\"inLanguage\":\"es-CO\"},{\"@type\":\"WebPage\",\"@id\":\"https:\\\/\\\/www.repam.net\\\/es\\\/redes-eclesiales-de-america-latina-piden-al-papa-escuchar-a-las-victimas-de-la-mineria-y-rechazar-falsas-soluciones-extractivas\\\/\",\"url\":\"https:\\\/\\\/www.repam.net\\\/es\\\/redes-eclesiales-de-america-latina-piden-al-papa-escuchar-a-las-victimas-de-la-mineria-y-rechazar-falsas-soluciones-extractivas\\\/\",\"name\":\"Redes eclesiales de Am\u00e9rica Latina piden al Papa escuchar a las v\u00edctimas de la miner\u00eda y rechazar falsas soluciones extractivas - REPAM\",\"isPartOf\":{\"@id\":\"https:\\\/\\\/www.repam.net\\\/es\\\/#website\"},\"primaryImageOfPage\":{\"@id\":\"https:\\\/\\\/www.repam.net\\\/es\\\/redes-eclesiales-de-america-latina-piden-al-papa-escuchar-a-las-victimas-de-la-mineria-y-rechazar-falsas-soluciones-extractivas\\\/#primaryimage\"},\"image\":{\"@id\":\"https:\\\/\\\/www.repam.net\\\/es\\\/redes-eclesiales-de-america-latina-piden-al-papa-escuchar-a-las-victimas-de-la-mineria-y-rechazar-falsas-soluciones-extractivas\\\/#primaryimage\"},\"thumbnailUrl\":\"https:\\\/\\\/www.repam.net\\\/es\\\/wp-content\\\/uploads\\\/2026\\\/01\\\/mineria-edited.png\",\"datePublished\":\"2026-01-30T16:54:08+00:00\",\"dateModified\":\"2026-01-31T17:15:46+00:00\",\"description\":\"Diversas redes eclesiales de Am\u00e9rica Latina y el Caribe, entre ellas la Red Eclesial Panamaz\u00f3nica (REPAM), hicieron p\u00fablica una carta en el que expresan su profunda preocupaci\u00f3n por el avance del extractivismo minero y la violencia que genera en los territorios, as\u00ed como por los intentos de las empresas de utilizar a la Iglesia como mediadora para legitimar sus operaciones.\",\"breadcrumb\":{\"@id\":\"https:\\\/\\\/www.repam.net\\\/es\\\/redes-eclesiales-de-america-latina-piden-al-papa-escuchar-a-las-victimas-de-la-mineria-y-rechazar-falsas-soluciones-extractivas\\\/#breadcrumb\"},\"inLanguage\":\"es-CO\",\"potentialAction\":[{\"@type\":\"ReadAction\",\"target\":[\"https:\\\/\\\/www.repam.net\\\/es\\\/redes-eclesiales-de-america-latina-piden-al-papa-escuchar-a-las-victimas-de-la-mineria-y-rechazar-falsas-soluciones-extractivas\\\/\"]}]},{\"@type\":\"ImageObject\",\"inLanguage\":\"es-CO\",\"@id\":\"https:\\\/\\\/www.repam.net\\\/es\\\/redes-eclesiales-de-america-latina-piden-al-papa-escuchar-a-las-victimas-de-la-mineria-y-rechazar-falsas-soluciones-extractivas\\\/#primaryimage\",\"url\":\"https:\\\/\\\/www.repam.net\\\/es\\\/wp-content\\\/uploads\\\/2026\\\/01\\\/mineria-edited.png\",\"contentUrl\":\"https:\\\/\\\/www.repam.net\\\/es\\\/wp-content\\\/uploads\\\/2026\\\/01\\\/mineria-edited.png\",\"width\":848,\"height\":477},{\"@type\":\"BreadcrumbList\",\"@id\":\"https:\\\/\\\/www.repam.net\\\/es\\\/redes-eclesiales-de-america-latina-piden-al-papa-escuchar-a-las-victimas-de-la-mineria-y-rechazar-falsas-soluciones-extractivas\\\/#breadcrumb\",\"itemListElement\":[{\"@type\":\"ListItem\",\"position\":1,\"name\":\"Inicio\",\"item\":\"https:\\\/\\\/www.repam.net\\\/es\\\/\"},{\"@type\":\"ListItem\",\"position\":2,\"name\":\"Redes eclesiales de Am\u00e9rica Latina piden al Papa escuchar a las v\u00edctimas de la miner\u00eda y rechazar falsas soluciones extractivas\"}]},{\"@type\":\"WebSite\",\"@id\":\"https:\\\/\\\/www.repam.net\\\/es\\\/#website\",\"url\":\"https:\\\/\\\/www.repam.net\\\/es\\\/\",\"name\":\"REPAM\",\"description\":\"Red Eclesial Panamaz\u00f3nica\",\"publisher\":{\"@id\":\"https:\\\/\\\/www.repam.net\\\/es\\\/#organization\"},\"potentialAction\":[{\"@type\":\"SearchAction\",\"target\":{\"@type\":\"EntryPoint\",\"urlTemplate\":\"https:\\\/\\\/www.repam.net\\\/es\\\/?s={search_term_string}\"},\"query-input\":{\"@type\":\"PropertyValueSpecification\",\"valueRequired\":true,\"valueName\":\"search_term_string\"}}],\"inLanguage\":\"es-CO\"},{\"@type\":\"Organization\",\"@id\":\"https:\\\/\\\/www.repam.net\\\/es\\\/#organization\",\"name\":\"REPAM\",\"url\":\"https:\\\/\\\/www.repam.net\\\/es\\\/\",\"logo\":{\"@type\":\"ImageObject\",\"inLanguage\":\"es-CO\",\"@id\":\"https:\\\/\\\/www.repam.net\\\/es\\\/#\\\/schema\\\/logo\\\/image\\\/\",\"url\":\"https:\\\/\\\/www.repam.net\\\/es\\\/wp-content\\\/uploads\\\/2021\\\/11\\\/cropped-favicon.png\",\"contentUrl\":\"https:\\\/\\\/www.repam.net\\\/es\\\/wp-content\\\/uploads\\\/2021\\\/11\\\/cropped-favicon.png\",\"width\":512,\"height\":512,\"caption\":\"REPAM\"},\"image\":{\"@id\":\"https:\\\/\\\/www.repam.net\\\/es\\\/#\\\/schema\\\/logo\\\/image\\\/\"}},{\"@type\":\"Person\",\"@id\":\"https:\\\/\\\/www.repam.net\\\/es\\\/#\\\/schema\\\/person\\\/0c828bf04cf1abe6016cbe752c76a033\",\"name\":\"repam@adm\",\"image\":{\"@type\":\"ImageObject\",\"inLanguage\":\"es-CO\",\"@id\":\"https:\\\/\\\/secure.gravatar.com\\\/avatar\\\/b18234ea6de5d74563e52ca7bfdad9d2b029b514c935b38a2790717abf8f2e5f?s=96&d=mm&r=g\",\"url\":\"https:\\\/\\\/secure.gravatar.com\\\/avatar\\\/b18234ea6de5d74563e52ca7bfdad9d2b029b514c935b38a2790717abf8f2e5f?s=96&d=mm&r=g\",\"contentUrl\":\"https:\\\/\\\/secure.gravatar.com\\\/avatar\\\/b18234ea6de5d74563e52ca7bfdad9d2b029b514c935b38a2790717abf8f2e5f?s=96&d=mm&r=g\",\"caption\":\"repam@adm\"},\"sameAs\":[\"http:\\\/\\\/repam.net\"],\"url\":\"https:\\\/\\\/www.repam.net\\\/es\\\/author\\\/repamadm\\\/\"}]}<\/script>\n<!-- \/ Yoast SEO plugin. -->","yoast_head_json":{"title":"Redes eclesiales de Am\u00e9rica Latina piden al Papa escuchar a las v\u00edctimas de la miner\u00eda y rechazar falsas soluciones extractivas - REPAM","description":"Diversas redes eclesiales de Am\u00e9rica Latina y el Caribe, entre ellas la Red Eclesial Panamaz\u00f3nica (REPAM), hicieron p\u00fablica una carta en el que expresan su profunda preocupaci\u00f3n por el avance del extractivismo minero y la violencia que genera en los territorios, as\u00ed como por los intentos de las empresas de utilizar a la Iglesia como mediadora para legitimar sus operaciones.","robots":{"index":"index","follow":"follow","max-snippet":"max-snippet:-1","max-image-preview":"max-image-preview:large","max-video-preview":"max-video-preview:-1"},"canonical":"https:\/\/www.repam.net\/es\/redes-eclesiales-de-america-latina-piden-al-papa-escuchar-a-las-victimas-de-la-mineria-y-rechazar-falsas-soluciones-extractivas\/","og_locale":"es_ES","og_type":"article","og_title":"Redes eclesiales de Am\u00e9rica Latina piden al Papa escuchar a las v\u00edctimas de la miner\u00eda y rechazar falsas soluciones extractivas - REPAM","og_description":"Diversas redes eclesiales de Am\u00e9rica Latina y el Caribe, entre ellas la Red Eclesial Panamaz\u00f3nica (REPAM), hicieron p\u00fablica una carta en el que expresan su profunda preocupaci\u00f3n por el avance del extractivismo minero y la violencia que genera en los territorios, as\u00ed como por los intentos de las empresas de utilizar a la Iglesia como mediadora para legitimar sus operaciones.","og_url":"https:\/\/www.repam.net\/es\/redes-eclesiales-de-america-latina-piden-al-papa-escuchar-a-las-victimas-de-la-mineria-y-rechazar-falsas-soluciones-extractivas\/","og_site_name":"REPAM","article_published_time":"2026-01-30T16:54:08+00:00","article_modified_time":"2026-01-31T17:15:46+00:00","og_image":[{"width":848,"height":477,"url":"https:\/\/www.repam.net\/es\/wp-content\/uploads\/2026\/01\/mineria-edited.png","type":"image\/png"}],"author":"repam@adm","twitter_card":"summary_large_image","twitter_misc":{"Escrito por":"repam@adm","Tiempo de lectura":"2 minutos"},"schema":{"@context":"https:\/\/schema.org","@graph":[{"@type":"Article","@id":"https:\/\/www.repam.net\/es\/redes-eclesiales-de-america-latina-piden-al-papa-escuchar-a-las-victimas-de-la-mineria-y-rechazar-falsas-soluciones-extractivas\/#article","isPartOf":{"@id":"https:\/\/www.repam.net\/es\/redes-eclesiales-de-america-latina-piden-al-papa-escuchar-a-las-victimas-de-la-mineria-y-rechazar-falsas-soluciones-extractivas\/"},"author":{"name":"repam@adm","@id":"https:\/\/www.repam.net\/es\/#\/schema\/person\/0c828bf04cf1abe6016cbe752c76a033"},"headline":"Redes eclesiales de Am\u00e9rica Latina piden al Papa escuchar a las v\u00edctimas de la miner\u00eda y rechazar falsas soluciones extractivas","datePublished":"2026-01-30T16:54:08+00:00","dateModified":"2026-01-31T17:15:46+00:00","mainEntityOfPage":{"@id":"https:\/\/www.repam.net\/es\/redes-eclesiales-de-america-latina-piden-al-papa-escuchar-a-las-victimas-de-la-mineria-y-rechazar-falsas-soluciones-extractivas\/"},"wordCount":275,"publisher":{"@id":"https:\/\/www.repam.net\/es\/#organization"},"image":{"@id":"https:\/\/www.repam.net\/es\/redes-eclesiales-de-america-latina-piden-al-papa-escuchar-a-las-victimas-de-la-mineria-y-rechazar-falsas-soluciones-extractivas\/#primaryimage"},"thumbnailUrl":"https:\/\/www.repam.net\/es\/wp-content\/uploads\/2026\/01\/mineria-edited.png","keywords":["Amazon\u00eda","Derechos Humanos","Querida Amazon\u00eda","REPAM"],"articleSection":["Noticias","Panamazon\u00eda"],"inLanguage":"es-CO"},{"@type":"WebPage","@id":"https:\/\/www.repam.net\/es\/redes-eclesiales-de-america-latina-piden-al-papa-escuchar-a-las-victimas-de-la-mineria-y-rechazar-falsas-soluciones-extractivas\/","url":"https:\/\/www.repam.net\/es\/redes-eclesiales-de-america-latina-piden-al-papa-escuchar-a-las-victimas-de-la-mineria-y-rechazar-falsas-soluciones-extractivas\/","name":"Redes eclesiales de Am\u00e9rica Latina piden al Papa escuchar a las v\u00edctimas de la miner\u00eda y rechazar falsas soluciones extractivas - REPAM","isPartOf":{"@id":"https:\/\/www.repam.net\/es\/#website"},"primaryImageOfPage":{"@id":"https:\/\/www.repam.net\/es\/redes-eclesiales-de-america-latina-piden-al-papa-escuchar-a-las-victimas-de-la-mineria-y-rechazar-falsas-soluciones-extractivas\/#primaryimage"},"image":{"@id":"https:\/\/www.repam.net\/es\/redes-eclesiales-de-america-latina-piden-al-papa-escuchar-a-las-victimas-de-la-mineria-y-rechazar-falsas-soluciones-extractivas\/#primaryimage"},"thumbnailUrl":"https:\/\/www.repam.net\/es\/wp-content\/uploads\/2026\/01\/mineria-edited.png","datePublished":"2026-01-30T16:54:08+00:00","dateModified":"2026-01-31T17:15:46+00:00","description":"Diversas redes eclesiales de Am\u00e9rica Latina y el Caribe, entre ellas la Red Eclesial Panamaz\u00f3nica (REPAM), hicieron p\u00fablica una carta en el que expresan su profunda preocupaci\u00f3n por el avance del extractivismo minero y la violencia que genera en los territorios, as\u00ed como por los intentos de las empresas de utilizar a la Iglesia como mediadora para legitimar sus operaciones.","breadcrumb":{"@id":"https:\/\/www.repam.net\/es\/redes-eclesiales-de-america-latina-piden-al-papa-escuchar-a-las-victimas-de-la-mineria-y-rechazar-falsas-soluciones-extractivas\/#breadcrumb"},"inLanguage":"es-CO","potentialAction":[{"@type":"ReadAction","target":["https:\/\/www.repam.net\/es\/redes-eclesiales-de-america-latina-piden-al-papa-escuchar-a-las-victimas-de-la-mineria-y-rechazar-falsas-soluciones-extractivas\/"]}]},{"@type":"ImageObject","inLanguage":"es-CO","@id":"https:\/\/www.repam.net\/es\/redes-eclesiales-de-america-latina-piden-al-papa-escuchar-a-las-victimas-de-la-mineria-y-rechazar-falsas-soluciones-extractivas\/#primaryimage","url":"https:\/\/www.repam.net\/es\/wp-content\/uploads\/2026\/01\/mineria-edited.png","contentUrl":"https:\/\/www.repam.net\/es\/wp-content\/uploads\/2026\/01\/mineria-edited.png","width":848,"height":477},{"@type":"BreadcrumbList","@id":"https:\/\/www.repam.net\/es\/redes-eclesiales-de-america-latina-piden-al-papa-escuchar-a-las-victimas-de-la-mineria-y-rechazar-falsas-soluciones-extractivas\/#breadcrumb","itemListElement":[{"@type":"ListItem","position":1,"name":"Inicio","item":"https:\/\/www.repam.net\/es\/"},{"@type":"ListItem","position":2,"name":"Redes eclesiales de Am\u00e9rica Latina piden al Papa escuchar a las v\u00edctimas de la miner\u00eda y rechazar falsas soluciones extractivas"}]},{"@type":"WebSite","@id":"https:\/\/www.repam.net\/es\/#website","url":"https:\/\/www.repam.net\/es\/","name":"REPAM","description":"Red Eclesial Panamaz\u00f3nica","publisher":{"@id":"https:\/\/www.repam.net\/es\/#organization"},"potentialAction":[{"@type":"SearchAction","target":{"@type":"EntryPoint","urlTemplate":"https:\/\/www.repam.net\/es\/?s={search_term_string}"},"query-input":{"@type":"PropertyValueSpecification","valueRequired":true,"valueName":"search_term_string"}}],"inLanguage":"es-CO"},{"@type":"Organization","@id":"https:\/\/www.repam.net\/es\/#organization","name":"REPAM","url":"https:\/\/www.repam.net\/es\/","logo":{"@type":"ImageObject","inLanguage":"es-CO","@id":"https:\/\/www.repam.net\/es\/#\/schema\/logo\/image\/","url":"https:\/\/www.repam.net\/es\/wp-content\/uploads\/2021\/11\/cropped-favicon.png","contentUrl":"https:\/\/www.repam.net\/es\/wp-content\/uploads\/2021\/11\/cropped-favicon.png","width":512,"height":512,"caption":"REPAM"},"image":{"@id":"https:\/\/www.repam.net\/es\/#\/schema\/logo\/image\/"}},{"@type":"Person","@id":"https:\/\/www.repam.net\/es\/#\/schema\/person\/0c828bf04cf1abe6016cbe752c76a033","name":"repam@adm","image":{"@type":"ImageObject","inLanguage":"es-CO","@id":"https:\/\/secure.gravatar.com\/avatar\/b18234ea6de5d74563e52ca7bfdad9d2b029b514c935b38a2790717abf8f2e5f?s=96&d=mm&r=g","url":"https:\/\/secure.gravatar.com\/avatar\/b18234ea6de5d74563e52ca7bfdad9d2b029b514c935b38a2790717abf8f2e5f?s=96&d=mm&r=g","contentUrl":"https:\/\/secure.gravatar.com\/avatar\/b18234ea6de5d74563e52ca7bfdad9d2b029b514c935b38a2790717abf8f2e5f?s=96&d=mm&r=g","caption":"repam@adm"},"sameAs":["http:\/\/repam.net"],"url":"https:\/\/www.repam.net\/es\/author\/repamadm\/"}]}},"_links":{"self":[{"href":"https:\/\/www.repam.net\/es\/wp-json\/wp\/v2\/posts\/12827","targetHints":{"allow":["GET"]}}],"collection":[{"href":"https:\/\/www.repam.net\/es\/wp-json\/wp\/v2\/posts"}],"about":[{"href":"https:\/\/www.repam.net\/es\/wp-json\/wp\/v2\/types\/post"}],"author":[{"embeddable":true,"href":"https:\/\/www.repam.net\/es\/wp-json\/wp\/v2\/users\/1"}],"replies":[{"embeddable":true,"href":"https:\/\/www.repam.net\/es\/wp-json\/wp\/v2\/comments?post=12827"}],"version-history":[{"count":1,"href":"https:\/\/www.repam.net\/es\/wp-json\/wp\/v2\/posts\/12827\/revisions"}],"predecessor-version":[{"id":12831,"href":"https:\/\/www.repam.net\/es\/wp-json\/wp\/v2\/posts\/12827\/revisions\/12831"}],"wp:featuredmedia":[{"embeddable":true,"href":"https:\/\/www.repam.net\/es\/wp-json\/wp\/v2\/media\/12829"}],"wp:attachment":[{"href":"https:\/\/www.repam.net\/es\/wp-json\/wp\/v2\/media?parent=12827"}],"wp:term":[{"taxonomy":"category","embeddable":true,"href":"https:\/\/www.repam.net\/es\/wp-json\/wp\/v2\/categories?post=12827"},{"taxonomy":"post_tag","embeddable":true,"href":"https:\/\/www.repam.net\/es\/wp-json\/wp\/v2\/tags?post=12827"}],"curies":[{"name":"wp","href":"https:\/\/api.w.org\/{rel}","templated":true}]}}