{"id":13103,"date":"2026-04-22T10:24:41","date_gmt":"2026-04-22T15:24:41","guid":{"rendered":"https:\/\/www.repam.net\/es\/?p=13103"},"modified":"2026-04-22T10:30:00","modified_gmt":"2026-04-22T15:30:00","slug":"dia-de-la-tierra","status":"publish","type":"post","link":"https:\/\/www.repam.net\/es\/dia-de-la-tierra\/","title":{"rendered":"\u201cNuestro poder, nuestro planeta\u201d: 22 de abril, D\u00eda de la Tierra"},"content":{"rendered":"<div class=\"wp-block-image\">\n<figure class=\"aligncenter size-large\"><img loading=\"lazy\" decoding=\"async\" width=\"1600\" height=\"900\" src=\"https:\/\/www.repam.net\/es\/wp-content\/uploads\/2026\/04\/WhatsApp-Image-2026-04-22-at-10.14.40-AM-edited.jpeg\" alt=\"\" class=\"wp-image-13105\" srcset=\"https:\/\/www.repam.net\/es\/wp-content\/uploads\/2026\/04\/WhatsApp-Image-2026-04-22-at-10.14.40-AM-edited.jpeg 1600w, https:\/\/www.repam.net\/es\/wp-content\/uploads\/2026\/04\/WhatsApp-Image-2026-04-22-at-10.14.40-AM-edited-300x169.jpeg 300w, https:\/\/www.repam.net\/es\/wp-content\/uploads\/2026\/04\/WhatsApp-Image-2026-04-22-at-10.14.40-AM-edited-1024x576.jpeg 1024w, https:\/\/www.repam.net\/es\/wp-content\/uploads\/2026\/04\/WhatsApp-Image-2026-04-22-at-10.14.40-AM-edited-768x432.jpeg 768w, https:\/\/www.repam.net\/es\/wp-content\/uploads\/2026\/04\/WhatsApp-Image-2026-04-22-at-10.14.40-AM-edited-1536x864.jpeg 1536w\" sizes=\"auto, (max-width: 1600px) 100vw, 1600px\" \/><\/figure>\n<\/div>\n\n\n<blockquote class=\"wp-block-quote is-layout-flow wp-block-quote-is-layout-flow\">\n<p><em>Este 2026, acoger\u00e1 la edici\u00f3n n\u00famero 56 del D\u00eda de la Tierra y lejos de vivir en un ambiente sostenible, en equilibrio y diverso, nos encontramos en otro de los cap\u00edtulos poco alentadores que nos regala la crisis clim\u00e1tica. Hace un mes la Organizaci\u00f3n Meteorol\u00f3gica Mundial (OMM) emit\u00eda un comunicado de prensa en el cual se expresaba: \u201cDesde que empezaron a realizarse observaciones del clima de la Tierra, este nunca hab\u00eda estado tan descompensado\u201d.<\/em><\/p>\n<\/blockquote>\n\n\n\n<p><strong><em>Por: Equipo de Comunicaciones de REPAM<\/em><\/strong><\/p>\n\n\n\n<p>Y es que la convivencia con la Tierra es el mediador principal para la variaci\u00f3n clim\u00e1tica. A su vez, la variaci\u00f3n clim\u00e1tica se relaciona directamente con las condiciones de vida, lo que impacta la interacci\u00f3n de los seres vivos con su entorno, reafirmando el c\u00edrculo de vida en el que estamos inmersos. Mantener la Tierra en condiciones \u00f3ptimas es salvaguardar las garant\u00edas de vida para cada uno de los seres vivos que la habitamos. Por ello, no podemos desconocer que, actualmente contamos con el desequilibrio terrestre m\u00e1s elevado de los \u00faltimos 65 a\u00f1os; que los fen\u00f3menos meteorol\u00f3gicos, causados por el desequilibrio, impactan a millones de personas, siendo los m\u00e1s vulnerables y marginados los primeros afectados; y que el contexto perjudicial del extractivismo es una realidad evidenciada por el desastre minero, la deforestaci\u00f3n y el uso indebido de la tierra.<\/p>\n\n\n\n<h5 class=\"wp-block-heading\"><strong>Problema de todos<\/strong><\/h5>\n\n\n\n<p>El uso de la tierra, a lo largo de la historia, ha estado marcado por las necesidades que pueden surgir de acuerdo con el contexto hist\u00f3rico y la organizaci\u00f3n social de los pueblos; sin embargo, el punto de quiebre y exceso en el que se sumerge el mundo ha permitido la proliferaci\u00f3n de una serie de males que, se asocian a la crisis ecol\u00f3gica y social que vivimos actualmente. Por un lado, los extractivismos sin restricci\u00f3n (sean legales o no) dan pie a una cadena de problem\u00e1ticas que contaminan distintas esferas. La miner\u00eda por ejemplo, requiere en muchos casos la devastaci\u00f3n de terrenos para el establecimiento de campamentos, posteriormente convertidos en asentamientos, con dificultades sociales y falta de servicios que acerquen a las personas a la dignidad.<\/p>\n\n\n\n<p>Ejemplo de ello, es lo ocurrido en el sector de <em>La Pampa, <\/em>departamento de Madre de Dios en la selva peruana, all\u00ed se estableci\u00f3 una zona minera que, entre los a\u00f1os 2021 y 2024 le cost\u00f3 a la tierra alrededor de 31mil hect\u00e1reas de bosque nativo, seg\u00fan datos oficiales; para el periodo 2024- 2025 la deforestaci\u00f3n registrada fue de m\u00e1s de unas 11 mil 500 hect\u00e1reas. A eso se suman las cantidades de mercurio que terminan en los r\u00edos Malinowski y Madre de Dios; los \u00edndices, disparados, de trata de personas y explotaci\u00f3n sexual; el establecimiento de econom\u00edas ilegales y redes de extorsi\u00f3n; la apertura de un corredor log\u00edstico para el narcotr\u00e1fico; y la precariedad en acceso a servicios b\u00e1sicos de las personas que viven en la zona.<\/p>\n\n\n\n<p>La selva amaz\u00f3nica ha vivido cuatro momentos crueles para la tierra y para quienes la habitan. Despu\u00e9s de la \u00e9poca colonial, grandes patrones caucheros se adentraron en el inmenso bosque esclavizando a los pueblos nativos con el fin de lograr la extracci\u00f3n de goma de los \u00e1rboles de caucho; m\u00e1s adelante, la explotaci\u00f3n desmedida de madera hered\u00f3 la din\u00e1mica esclavista del caucho y los grandes madereros cometieron, no solo el crimen de perturbar el equilibrio del bosque, sino el de pasar por encima de la dignidad de los pueblos ind\u00edgenas; luego, apareci\u00f3 la fiebre por los hidrocarburos, esa que a\u00fan no acaba y cuya herencia pasa por porciones de tierra y agua contaminadas con petr\u00f3leo o gas, poblaciones desentendidas de su herencia cultural y falsas riquezas que caducan al tiempo que los yacimientos de petr\u00f3leo y gas. Un cuarto momento, es el de la miner\u00eda, ese que hoy est\u00e1 en auge y que se estableci\u00f3 a la par de la explotaci\u00f3n de hidrocarburos; la miner\u00eda es el mayor de los males para nuestra tierra y nuestros pueblos.<\/p>\n\n\n\n<h5 class=\"wp-block-heading\"><strong>A\u00fan vive la esperanza<\/strong><\/h5>\n\n\n\n<p>En el coraz\u00f3n de la Amazon\u00eda, persisten una serie de experiencias que armonizan con la tierra y buscan la promoci\u00f3n de la dignidad dentro de las comunidades locales. La ciudad de Cobija, en el departamento de Pando \u2013 Bolivia acoge la experiencia del proyecto <em>\u201cFlorestan\u00eda\u201d, <\/em>un nombre que ha sido utilizado por sus fundadores para encontrar la armon\u00eda entre el bosque (Floresta en portugu\u00e9s) y ciudadan\u00eda; asumiendo tambi\u00e9n el equilibrio y coexistencia entre el ser humano y el bosque. El objetivo de <em>Florestan\u00eda <\/em>es lograr la recuperaci\u00f3n del suelo, a trav\u00e9s de procesos de reforestaci\u00f3n. La zona se caracteriza por ser un punto de impacto negativo por la actividad ganadera y la siembra, \u00fanicamente de pasto. El proyecto representa el significado de vivir con el bosque y para el bosque; aboga por la promoci\u00f3n de la cultura del sembrar, incentivando a los visitantes a seguir su ejemplo; y cuenta con procesos de voluntarios que apuestan por la recuperaci\u00f3n de la tierra.<\/p>\n\n\n\n<p>La provincia de Tambopata, en el departamento de Madre de Dios \u2013 Per\u00fa, alberga la experiencia de <em>Agrobosque, <\/em>una cooperativa que se dedica al cultivo de cacao y que entiende muy bien que toda labor agr\u00edcola debe hacerse en armon\u00eda con le bosque. La cooperativa motiva un adecuado manejo agroforestal, que no distorsiona de forma negativa el ambiente y que cuida los suelos amaz\u00f3nicos, entendi\u00e9ndolos como la fuente de vida en la Amazon\u00eda. <em>Agrobosque<\/em> motiva a las comunidades a tener una visi\u00f3n de desarrollo basada en el respeto a la tierra y la naturaleza. Los m\u00e9todos de subsistencia, la sostenibilidad econ\u00f3mica y el <em>Buen Vivir<\/em> de las comunidades son posibles.<\/p>\n\n\n\n<div class=\"wp-block-columns is-layout-flex wp-container-core-columns-is-layout-9d6595d7 wp-block-columns-is-layout-flex\">\n<div class=\"wp-block-column is-layout-flow wp-block-column-is-layout-flow\">\n<figure class=\"wp-block-embed is-type-video is-provider-youtube wp-block-embed-youtube wp-embed-aspect-16-9 wp-has-aspect-ratio\"><div class=\"wp-block-embed__wrapper\">\n<iframe loading=\"lazy\" title=\"Florestan\u00eda\" width=\"500\" height=\"281\" src=\"https:\/\/www.youtube.com\/embed\/mxHxdJP7fTE?list=PLzlcvg4GuiUYN3YcnwLiUTCJWukfaXX2h\" frameborder=\"0\" allow=\"accelerometer; autoplay; clipboard-write; encrypted-media; gyroscope; picture-in-picture; web-share\" referrerpolicy=\"strict-origin-when-cross-origin\" allowfullscreen><\/iframe>\n<\/div><\/figure>\n<\/div>\n\n\n\n<div class=\"wp-block-column is-layout-flow wp-block-column-is-layout-flow\">\n<figure class=\"wp-block-embed is-type-video is-provider-youtube wp-block-embed-youtube wp-embed-aspect-16-9 wp-has-aspect-ratio\"><div class=\"wp-block-embed__wrapper\">\n<iframe loading=\"lazy\" title=\"Agrobosques\" width=\"500\" height=\"281\" src=\"https:\/\/www.youtube.com\/embed\/qBmLaXGFz0g?list=PLzlcvg4GuiUYN3YcnwLiUTCJWukfaXX2h\" frameborder=\"0\" allow=\"accelerometer; autoplay; clipboard-write; encrypted-media; gyroscope; picture-in-picture; web-share\" referrerpolicy=\"strict-origin-when-cross-origin\" allowfullscreen><\/iframe>\n<\/div><\/figure>\n<\/div>\n<\/div>\n\n\n\n<p>Alentamos a quienes trabajan por una tierra en equilibrio a seguir d\u00eda a d\u00eda con sus labores. La armon\u00eda entre los seres vivos y su entorno, no es m\u00e1s que la garant\u00eda de vida de esta y las futuras generaciones. A la pregunta, \u00bfqu\u00e9 pasar\u00eda si el equilibrio se rompe del todo? Podemos responder que la tierra seguir\u00e1 en su espacio y tiempo, para generar otro tipo de condiciones de vida, para que el siguiente grupo de organismos pueda prosperar y vivir en armon\u00eda con ella, mientras que nuestras formas de vida ser\u00e1n borradas de su faz.<\/p>\n","protected":false},"excerpt":{"rendered":"<p>Este 2026, acoger\u00e1 la edici\u00f3n n\u00famero 56 del D\u00eda de la Tierra y lejos de vivir en un ambiente sostenible, en equilibrio y diverso, nos encontramos en otro de los cap\u00edtulos poco alentadores que nos regala la crisis clim\u00e1tica. Hace un mes la Organizaci\u00f3n Meteorol\u00f3gica Mundial (OMM) emit\u00eda un comunicado de prensa en el cual [&hellip;]<\/p>\n","protected":false},"author":1,"featured_media":13105,"comment_status":"closed","ping_status":"closed","sticky":false,"template":"","format":"standard","meta":{"_acf_changed":false,"_uf_show_specific_survey":0,"_uf_disable_surveys":false,"footnotes":""},"categories":[208,4],"tags":[33,83,8,9],"class_list":["post-13103","post","type-post","status-publish","format-standard","has-post-thumbnail","hentry","category-ecologia-integral","category-noticias","tag-amazonia","tag-casa-comun","tag-querida-amazonia","tag-repam"],"acf":[],"aioseo_notices":[],"yoast_head":"<!-- This site is optimized with the Yoast SEO plugin v27.4 - https:\/\/yoast.com\/product\/yoast-seo-wordpress\/ -->\n<title>\u201cNuestro poder, nuestro planeta\u201d: 22 de abril, D\u00eda de la Tierra - REPAM<\/title>\n<meta name=\"description\" content=\"Este 2026, acoger\u00e1 la edici\u00f3n n\u00famero 56 del D\u00eda de la Tierra y lejos de vivir en un ambiente sostenible, en equilibrio y diverso, nos encontramos en otro de los cap\u00edtulos poco alentadores que nos regala la crisis clim\u00e1tica. Hace un mes la Organizaci\u00f3n Meteorol\u00f3gica Mundial (OMM) emit\u00eda un comunicado de prensa en el cual se expresaba: \u201cDesde que empezaron a realizarse observaciones del clima de la Tierra, este nunca hab\u00eda estado tan descompensado\u201d.\" \/>\n<meta name=\"robots\" content=\"index, follow, max-snippet:-1, max-image-preview:large, max-video-preview:-1\" \/>\n<link rel=\"canonical\" href=\"https:\/\/www.repam.net\/es\/dia-de-la-tierra\/\" \/>\n<meta property=\"og:locale\" content=\"es_ES\" \/>\n<meta property=\"og:type\" content=\"article\" \/>\n<meta property=\"og:title\" content=\"\u201cNuestro poder, nuestro planeta\u201d: 22 de abril, D\u00eda de la Tierra - REPAM\" \/>\n<meta property=\"og:description\" content=\"Este 2026, acoger\u00e1 la edici\u00f3n n\u00famero 56 del D\u00eda de la Tierra y lejos de vivir en un ambiente sostenible, en equilibrio y diverso, nos encontramos en otro de los cap\u00edtulos poco alentadores que nos regala la crisis clim\u00e1tica. Hace un mes la Organizaci\u00f3n Meteorol\u00f3gica Mundial (OMM) emit\u00eda un comunicado de prensa en el cual se expresaba: \u201cDesde que empezaron a realizarse observaciones del clima de la Tierra, este nunca hab\u00eda estado tan descompensado\u201d.\" \/>\n<meta property=\"og:url\" content=\"https:\/\/www.repam.net\/es\/dia-de-la-tierra\/\" \/>\n<meta property=\"og:site_name\" content=\"REPAM\" \/>\n<meta property=\"article:published_time\" content=\"2026-04-22T15:24:41+00:00\" \/>\n<meta property=\"article:modified_time\" content=\"2026-04-22T15:30:00+00:00\" \/>\n<meta property=\"og:image\" content=\"https:\/\/www.repam.net\/es\/wp-content\/uploads\/2026\/04\/WhatsApp-Image-2026-04-22-at-10.14.40-AM-edited.jpeg\" \/>\n\t<meta property=\"og:image:width\" content=\"1600\" \/>\n\t<meta property=\"og:image:height\" content=\"900\" \/>\n\t<meta property=\"og:image:type\" content=\"image\/jpeg\" \/>\n<meta name=\"author\" content=\"repam@adm\" \/>\n<meta name=\"twitter:card\" content=\"summary_large_image\" \/>\n<meta name=\"twitter:label1\" content=\"Escrito por\" \/>\n\t<meta name=\"twitter:data1\" content=\"repam@adm\" \/>\n\t<meta name=\"twitter:label2\" content=\"Tiempo de lectura\" \/>\n\t<meta name=\"twitter:data2\" content=\"5 minutos\" \/>\n<script type=\"application\/ld+json\" class=\"yoast-schema-graph\">{\"@context\":\"https:\\\/\\\/schema.org\",\"@graph\":[{\"@type\":\"Article\",\"@id\":\"https:\\\/\\\/www.repam.net\\\/es\\\/dia-de-la-tierra\\\/#article\",\"isPartOf\":{\"@id\":\"https:\\\/\\\/www.repam.net\\\/es\\\/dia-de-la-tierra\\\/\"},\"author\":{\"name\":\"repam@adm\",\"@id\":\"https:\\\/\\\/www.repam.net\\\/es\\\/#\\\/schema\\\/person\\\/0c828bf04cf1abe6016cbe752c76a033\"},\"headline\":\"\u201cNuestro poder, nuestro planeta\u201d: 22 de abril, D\u00eda de la Tierra\",\"datePublished\":\"2026-04-22T15:24:41+00:00\",\"dateModified\":\"2026-04-22T15:30:00+00:00\",\"mainEntityOfPage\":{\"@id\":\"https:\\\/\\\/www.repam.net\\\/es\\\/dia-de-la-tierra\\\/\"},\"wordCount\":1146,\"publisher\":{\"@id\":\"https:\\\/\\\/www.repam.net\\\/es\\\/#organization\"},\"image\":{\"@id\":\"https:\\\/\\\/www.repam.net\\\/es\\\/dia-de-la-tierra\\\/#primaryimage\"},\"thumbnailUrl\":\"https:\\\/\\\/www.repam.net\\\/es\\\/wp-content\\\/uploads\\\/2026\\\/04\\\/WhatsApp-Image-2026-04-22-at-10.14.40-AM-edited.jpeg\",\"keywords\":[\"Amazon\u00eda\",\"Casa Com\u00fan\",\"Querida Amazon\u00eda\",\"REPAM\"],\"articleSection\":[\"Ecolog\u00eda Integral\",\"Noticias\"],\"inLanguage\":\"es-CO\"},{\"@type\":\"WebPage\",\"@id\":\"https:\\\/\\\/www.repam.net\\\/es\\\/dia-de-la-tierra\\\/\",\"url\":\"https:\\\/\\\/www.repam.net\\\/es\\\/dia-de-la-tierra\\\/\",\"name\":\"\u201cNuestro poder, nuestro planeta\u201d: 22 de abril, D\u00eda de la Tierra - REPAM\",\"isPartOf\":{\"@id\":\"https:\\\/\\\/www.repam.net\\\/es\\\/#website\"},\"primaryImageOfPage\":{\"@id\":\"https:\\\/\\\/www.repam.net\\\/es\\\/dia-de-la-tierra\\\/#primaryimage\"},\"image\":{\"@id\":\"https:\\\/\\\/www.repam.net\\\/es\\\/dia-de-la-tierra\\\/#primaryimage\"},\"thumbnailUrl\":\"https:\\\/\\\/www.repam.net\\\/es\\\/wp-content\\\/uploads\\\/2026\\\/04\\\/WhatsApp-Image-2026-04-22-at-10.14.40-AM-edited.jpeg\",\"datePublished\":\"2026-04-22T15:24:41+00:00\",\"dateModified\":\"2026-04-22T15:30:00+00:00\",\"description\":\"Este 2026, acoger\u00e1 la edici\u00f3n n\u00famero 56 del D\u00eda de la Tierra y lejos de vivir en un ambiente sostenible, en equilibrio y diverso, nos encontramos en otro de los cap\u00edtulos poco alentadores que nos regala la crisis clim\u00e1tica. Hace un mes la Organizaci\u00f3n Meteorol\u00f3gica Mundial (OMM) emit\u00eda un comunicado de prensa en el cual se expresaba: \u201cDesde que empezaron a realizarse observaciones del clima de la Tierra, este nunca hab\u00eda estado tan descompensado\u201d.\",\"breadcrumb\":{\"@id\":\"https:\\\/\\\/www.repam.net\\\/es\\\/dia-de-la-tierra\\\/#breadcrumb\"},\"inLanguage\":\"es-CO\",\"potentialAction\":[{\"@type\":\"ReadAction\",\"target\":[\"https:\\\/\\\/www.repam.net\\\/es\\\/dia-de-la-tierra\\\/\"]}]},{\"@type\":\"ImageObject\",\"inLanguage\":\"es-CO\",\"@id\":\"https:\\\/\\\/www.repam.net\\\/es\\\/dia-de-la-tierra\\\/#primaryimage\",\"url\":\"https:\\\/\\\/www.repam.net\\\/es\\\/wp-content\\\/uploads\\\/2026\\\/04\\\/WhatsApp-Image-2026-04-22-at-10.14.40-AM-edited.jpeg\",\"contentUrl\":\"https:\\\/\\\/www.repam.net\\\/es\\\/wp-content\\\/uploads\\\/2026\\\/04\\\/WhatsApp-Image-2026-04-22-at-10.14.40-AM-edited.jpeg\",\"width\":1600,\"height\":900},{\"@type\":\"BreadcrumbList\",\"@id\":\"https:\\\/\\\/www.repam.net\\\/es\\\/dia-de-la-tierra\\\/#breadcrumb\",\"itemListElement\":[{\"@type\":\"ListItem\",\"position\":1,\"name\":\"Inicio\",\"item\":\"https:\\\/\\\/www.repam.net\\\/es\\\/\"},{\"@type\":\"ListItem\",\"position\":2,\"name\":\"\u201cNuestro poder, nuestro planeta\u201d: 22 de abril, D\u00eda de la Tierra\"}]},{\"@type\":\"WebSite\",\"@id\":\"https:\\\/\\\/www.repam.net\\\/es\\\/#website\",\"url\":\"https:\\\/\\\/www.repam.net\\\/es\\\/\",\"name\":\"REPAM\",\"description\":\"Red Eclesial Panamaz\u00f3nica\",\"publisher\":{\"@id\":\"https:\\\/\\\/www.repam.net\\\/es\\\/#organization\"},\"potentialAction\":[{\"@type\":\"SearchAction\",\"target\":{\"@type\":\"EntryPoint\",\"urlTemplate\":\"https:\\\/\\\/www.repam.net\\\/es\\\/?s={search_term_string}\"},\"query-input\":{\"@type\":\"PropertyValueSpecification\",\"valueRequired\":true,\"valueName\":\"search_term_string\"}}],\"inLanguage\":\"es-CO\"},{\"@type\":\"Organization\",\"@id\":\"https:\\\/\\\/www.repam.net\\\/es\\\/#organization\",\"name\":\"REPAM\",\"url\":\"https:\\\/\\\/www.repam.net\\\/es\\\/\",\"logo\":{\"@type\":\"ImageObject\",\"inLanguage\":\"es-CO\",\"@id\":\"https:\\\/\\\/www.repam.net\\\/es\\\/#\\\/schema\\\/logo\\\/image\\\/\",\"url\":\"https:\\\/\\\/www.repam.net\\\/es\\\/wp-content\\\/uploads\\\/2021\\\/11\\\/cropped-favicon.png\",\"contentUrl\":\"https:\\\/\\\/www.repam.net\\\/es\\\/wp-content\\\/uploads\\\/2021\\\/11\\\/cropped-favicon.png\",\"width\":512,\"height\":512,\"caption\":\"REPAM\"},\"image\":{\"@id\":\"https:\\\/\\\/www.repam.net\\\/es\\\/#\\\/schema\\\/logo\\\/image\\\/\"}},{\"@type\":\"Person\",\"@id\":\"https:\\\/\\\/www.repam.net\\\/es\\\/#\\\/schema\\\/person\\\/0c828bf04cf1abe6016cbe752c76a033\",\"name\":\"repam@adm\",\"image\":{\"@type\":\"ImageObject\",\"inLanguage\":\"es-CO\",\"@id\":\"https:\\\/\\\/secure.gravatar.com\\\/avatar\\\/b18234ea6de5d74563e52ca7bfdad9d2b029b514c935b38a2790717abf8f2e5f?s=96&d=mm&r=g\",\"url\":\"https:\\\/\\\/secure.gravatar.com\\\/avatar\\\/b18234ea6de5d74563e52ca7bfdad9d2b029b514c935b38a2790717abf8f2e5f?s=96&d=mm&r=g\",\"contentUrl\":\"https:\\\/\\\/secure.gravatar.com\\\/avatar\\\/b18234ea6de5d74563e52ca7bfdad9d2b029b514c935b38a2790717abf8f2e5f?s=96&d=mm&r=g\",\"caption\":\"repam@adm\"},\"sameAs\":[\"http:\\\/\\\/repam.net\"],\"url\":\"https:\\\/\\\/www.repam.net\\\/es\\\/author\\\/repamadm\\\/\"}]}<\/script>\n<!-- \/ Yoast SEO plugin. -->","yoast_head_json":{"title":"\u201cNuestro poder, nuestro planeta\u201d: 22 de abril, D\u00eda de la Tierra - REPAM","description":"Este 2026, acoger\u00e1 la edici\u00f3n n\u00famero 56 del D\u00eda de la Tierra y lejos de vivir en un ambiente sostenible, en equilibrio y diverso, nos encontramos en otro de los cap\u00edtulos poco alentadores que nos regala la crisis clim\u00e1tica. Hace un mes la Organizaci\u00f3n Meteorol\u00f3gica Mundial (OMM) emit\u00eda un comunicado de prensa en el cual se expresaba: \u201cDesde que empezaron a realizarse observaciones del clima de la Tierra, este nunca hab\u00eda estado tan descompensado\u201d.","robots":{"index":"index","follow":"follow","max-snippet":"max-snippet:-1","max-image-preview":"max-image-preview:large","max-video-preview":"max-video-preview:-1"},"canonical":"https:\/\/www.repam.net\/es\/dia-de-la-tierra\/","og_locale":"es_ES","og_type":"article","og_title":"\u201cNuestro poder, nuestro planeta\u201d: 22 de abril, D\u00eda de la Tierra - REPAM","og_description":"Este 2026, acoger\u00e1 la edici\u00f3n n\u00famero 56 del D\u00eda de la Tierra y lejos de vivir en un ambiente sostenible, en equilibrio y diverso, nos encontramos en otro de los cap\u00edtulos poco alentadores que nos regala la crisis clim\u00e1tica. Hace un mes la Organizaci\u00f3n Meteorol\u00f3gica Mundial (OMM) emit\u00eda un comunicado de prensa en el cual se expresaba: \u201cDesde que empezaron a realizarse observaciones del clima de la Tierra, este nunca hab\u00eda estado tan descompensado\u201d.","og_url":"https:\/\/www.repam.net\/es\/dia-de-la-tierra\/","og_site_name":"REPAM","article_published_time":"2026-04-22T15:24:41+00:00","article_modified_time":"2026-04-22T15:30:00+00:00","og_image":[{"width":1600,"height":900,"url":"https:\/\/www.repam.net\/es\/wp-content\/uploads\/2026\/04\/WhatsApp-Image-2026-04-22-at-10.14.40-AM-edited.jpeg","type":"image\/jpeg"}],"author":"repam@adm","twitter_card":"summary_large_image","twitter_misc":{"Escrito por":"repam@adm","Tiempo de lectura":"5 minutos"},"schema":{"@context":"https:\/\/schema.org","@graph":[{"@type":"Article","@id":"https:\/\/www.repam.net\/es\/dia-de-la-tierra\/#article","isPartOf":{"@id":"https:\/\/www.repam.net\/es\/dia-de-la-tierra\/"},"author":{"name":"repam@adm","@id":"https:\/\/www.repam.net\/es\/#\/schema\/person\/0c828bf04cf1abe6016cbe752c76a033"},"headline":"\u201cNuestro poder, nuestro planeta\u201d: 22 de abril, D\u00eda de la Tierra","datePublished":"2026-04-22T15:24:41+00:00","dateModified":"2026-04-22T15:30:00+00:00","mainEntityOfPage":{"@id":"https:\/\/www.repam.net\/es\/dia-de-la-tierra\/"},"wordCount":1146,"publisher":{"@id":"https:\/\/www.repam.net\/es\/#organization"},"image":{"@id":"https:\/\/www.repam.net\/es\/dia-de-la-tierra\/#primaryimage"},"thumbnailUrl":"https:\/\/www.repam.net\/es\/wp-content\/uploads\/2026\/04\/WhatsApp-Image-2026-04-22-at-10.14.40-AM-edited.jpeg","keywords":["Amazon\u00eda","Casa Com\u00fan","Querida Amazon\u00eda","REPAM"],"articleSection":["Ecolog\u00eda Integral","Noticias"],"inLanguage":"es-CO"},{"@type":"WebPage","@id":"https:\/\/www.repam.net\/es\/dia-de-la-tierra\/","url":"https:\/\/www.repam.net\/es\/dia-de-la-tierra\/","name":"\u201cNuestro poder, nuestro planeta\u201d: 22 de abril, D\u00eda de la Tierra - REPAM","isPartOf":{"@id":"https:\/\/www.repam.net\/es\/#website"},"primaryImageOfPage":{"@id":"https:\/\/www.repam.net\/es\/dia-de-la-tierra\/#primaryimage"},"image":{"@id":"https:\/\/www.repam.net\/es\/dia-de-la-tierra\/#primaryimage"},"thumbnailUrl":"https:\/\/www.repam.net\/es\/wp-content\/uploads\/2026\/04\/WhatsApp-Image-2026-04-22-at-10.14.40-AM-edited.jpeg","datePublished":"2026-04-22T15:24:41+00:00","dateModified":"2026-04-22T15:30:00+00:00","description":"Este 2026, acoger\u00e1 la edici\u00f3n n\u00famero 56 del D\u00eda de la Tierra y lejos de vivir en un ambiente sostenible, en equilibrio y diverso, nos encontramos en otro de los cap\u00edtulos poco alentadores que nos regala la crisis clim\u00e1tica. Hace un mes la Organizaci\u00f3n Meteorol\u00f3gica Mundial (OMM) emit\u00eda un comunicado de prensa en el cual se expresaba: \u201cDesde que empezaron a realizarse observaciones del clima de la Tierra, este nunca hab\u00eda estado tan descompensado\u201d.","breadcrumb":{"@id":"https:\/\/www.repam.net\/es\/dia-de-la-tierra\/#breadcrumb"},"inLanguage":"es-CO","potentialAction":[{"@type":"ReadAction","target":["https:\/\/www.repam.net\/es\/dia-de-la-tierra\/"]}]},{"@type":"ImageObject","inLanguage":"es-CO","@id":"https:\/\/www.repam.net\/es\/dia-de-la-tierra\/#primaryimage","url":"https:\/\/www.repam.net\/es\/wp-content\/uploads\/2026\/04\/WhatsApp-Image-2026-04-22-at-10.14.40-AM-edited.jpeg","contentUrl":"https:\/\/www.repam.net\/es\/wp-content\/uploads\/2026\/04\/WhatsApp-Image-2026-04-22-at-10.14.40-AM-edited.jpeg","width":1600,"height":900},{"@type":"BreadcrumbList","@id":"https:\/\/www.repam.net\/es\/dia-de-la-tierra\/#breadcrumb","itemListElement":[{"@type":"ListItem","position":1,"name":"Inicio","item":"https:\/\/www.repam.net\/es\/"},{"@type":"ListItem","position":2,"name":"\u201cNuestro poder, nuestro planeta\u201d: 22 de abril, D\u00eda de la Tierra"}]},{"@type":"WebSite","@id":"https:\/\/www.repam.net\/es\/#website","url":"https:\/\/www.repam.net\/es\/","name":"REPAM","description":"Red Eclesial Panamaz\u00f3nica","publisher":{"@id":"https:\/\/www.repam.net\/es\/#organization"},"potentialAction":[{"@type":"SearchAction","target":{"@type":"EntryPoint","urlTemplate":"https:\/\/www.repam.net\/es\/?s={search_term_string}"},"query-input":{"@type":"PropertyValueSpecification","valueRequired":true,"valueName":"search_term_string"}}],"inLanguage":"es-CO"},{"@type":"Organization","@id":"https:\/\/www.repam.net\/es\/#organization","name":"REPAM","url":"https:\/\/www.repam.net\/es\/","logo":{"@type":"ImageObject","inLanguage":"es-CO","@id":"https:\/\/www.repam.net\/es\/#\/schema\/logo\/image\/","url":"https:\/\/www.repam.net\/es\/wp-content\/uploads\/2021\/11\/cropped-favicon.png","contentUrl":"https:\/\/www.repam.net\/es\/wp-content\/uploads\/2021\/11\/cropped-favicon.png","width":512,"height":512,"caption":"REPAM"},"image":{"@id":"https:\/\/www.repam.net\/es\/#\/schema\/logo\/image\/"}},{"@type":"Person","@id":"https:\/\/www.repam.net\/es\/#\/schema\/person\/0c828bf04cf1abe6016cbe752c76a033","name":"repam@adm","image":{"@type":"ImageObject","inLanguage":"es-CO","@id":"https:\/\/secure.gravatar.com\/avatar\/b18234ea6de5d74563e52ca7bfdad9d2b029b514c935b38a2790717abf8f2e5f?s=96&d=mm&r=g","url":"https:\/\/secure.gravatar.com\/avatar\/b18234ea6de5d74563e52ca7bfdad9d2b029b514c935b38a2790717abf8f2e5f?s=96&d=mm&r=g","contentUrl":"https:\/\/secure.gravatar.com\/avatar\/b18234ea6de5d74563e52ca7bfdad9d2b029b514c935b38a2790717abf8f2e5f?s=96&d=mm&r=g","caption":"repam@adm"},"sameAs":["http:\/\/repam.net"],"url":"https:\/\/www.repam.net\/es\/author\/repamadm\/"}]}},"_links":{"self":[{"href":"https:\/\/www.repam.net\/es\/wp-json\/wp\/v2\/posts\/13103","targetHints":{"allow":["GET"]}}],"collection":[{"href":"https:\/\/www.repam.net\/es\/wp-json\/wp\/v2\/posts"}],"about":[{"href":"https:\/\/www.repam.net\/es\/wp-json\/wp\/v2\/types\/post"}],"author":[{"embeddable":true,"href":"https:\/\/www.repam.net\/es\/wp-json\/wp\/v2\/users\/1"}],"replies":[{"embeddable":true,"href":"https:\/\/www.repam.net\/es\/wp-json\/wp\/v2\/comments?post=13103"}],"version-history":[{"count":2,"href":"https:\/\/www.repam.net\/es\/wp-json\/wp\/v2\/posts\/13103\/revisions"}],"predecessor-version":[{"id":13108,"href":"https:\/\/www.repam.net\/es\/wp-json\/wp\/v2\/posts\/13103\/revisions\/13108"}],"wp:featuredmedia":[{"embeddable":true,"href":"https:\/\/www.repam.net\/es\/wp-json\/wp\/v2\/media\/13105"}],"wp:attachment":[{"href":"https:\/\/www.repam.net\/es\/wp-json\/wp\/v2\/media?parent=13103"}],"wp:term":[{"taxonomy":"category","embeddable":true,"href":"https:\/\/www.repam.net\/es\/wp-json\/wp\/v2\/categories?post=13103"},{"taxonomy":"post_tag","embeddable":true,"href":"https:\/\/www.repam.net\/es\/wp-json\/wp\/v2\/tags?post=13103"}],"curies":[{"name":"wp","href":"https:\/\/api.w.org\/{rel}","templated":true}]}}