{"id":13119,"date":"2026-04-25T09:06:13","date_gmt":"2026-04-25T14:06:13","guid":{"rendered":"https:\/\/www.repam.net\/es\/?p=13119"},"modified":"2026-04-25T09:25:34","modified_gmt":"2026-04-25T14:25:34","slug":"dialogos-redes-territoriales","status":"publish","type":"post","link":"https:\/\/www.repam.net\/es\/dialogos-redes-territoriales\/","title":{"rendered":"Redes territoriales de ecolog\u00eda integral establecen di\u00e1logos con el Relator de Pueblos Ind\u00edgenas y la Misi\u00f3n Permanente de Espa\u00f1a ante la ONU"},"content":{"rendered":"<div class=\"wp-block-image\">\n<figure class=\"aligncenter size-large\"><img loading=\"lazy\" decoding=\"async\" width=\"1600\" height=\"900\" src=\"https:\/\/www.repam.net\/es\/wp-content\/uploads\/2026\/04\/WhatsApp-Image-2026-04-24-at-5.28.11-PM-edited.jpeg\" alt=\"\" class=\"wp-image-13121\" srcset=\"https:\/\/www.repam.net\/es\/wp-content\/uploads\/2026\/04\/WhatsApp-Image-2026-04-24-at-5.28.11-PM-edited.jpeg 1600w, https:\/\/www.repam.net\/es\/wp-content\/uploads\/2026\/04\/WhatsApp-Image-2026-04-24-at-5.28.11-PM-edited-300x169.jpeg 300w, https:\/\/www.repam.net\/es\/wp-content\/uploads\/2026\/04\/WhatsApp-Image-2026-04-24-at-5.28.11-PM-edited-1024x576.jpeg 1024w, https:\/\/www.repam.net\/es\/wp-content\/uploads\/2026\/04\/WhatsApp-Image-2026-04-24-at-5.28.11-PM-edited-768x432.jpeg 768w, https:\/\/www.repam.net\/es\/wp-content\/uploads\/2026\/04\/WhatsApp-Image-2026-04-24-at-5.28.11-PM-edited-1536x864.jpeg 1536w\" sizes=\"auto, (max-width: 1600px) 100vw, 1600px\" \/><\/figure>\n<\/div>\n\n\n<blockquote class=\"wp-block-quote is-layout-flow wp-block-quote-is-layout-flow\">\n<p><em>\u201cLa Asamblea General se llena de color esta semana\u201d, exclamaba Annalena Baerbock, presidenta de la Asamblea General, durante la ceremonia de apertura del Foro Permanente para las Cuestiones Ind\u00edgenas, celebrada el pasado lunes 20 de mayo. Sin embargo, no solo el color ha inundado las salas y pasillos de la sede de la ONU en Nueva York.<\/em><\/p>\n<\/blockquote>\n\n\n\n<p><strong><em>Por: Sara Diego &#8211; REPAM y Alboan<\/em><\/strong><\/p>\n\n\n\n<p>Las delegaciones de la Red Eclesial Panamaz\u00f3nica (REPAM), la Red Eclesial del Gran Chaco y Acu\u00edfero Guaran\u00ed (REGCHAG) y la Red Eclesial Ecol\u00f3gica Mesoamericana (REMAM), acompa\u00f1adas por el CIMI, C\u00e1ritas Espa\u00f1ola y Alboan, han sido testigos de que esos colores representan conocimiento, cultura, identidad, espiritualidad, sabidur\u00eda, reivindicaci\u00f3n, defensa y resistencia.Esto se pudo trasladar, a trav\u00e9s de casos concretos, al Relator Especial sobre los Derechos de los Pueblos Ind\u00edgenas y a la Misi\u00f3n Permanente de Espa\u00f1a ante las Naciones Unidas en Nueva York. El objetivo: defender los derechos de los pueblos ind\u00edgenas y denunciar c\u00f3mo la desprotecci\u00f3n y explotaci\u00f3n de sus territorios provoca la vulneraci\u00f3n sistem\u00e1tica de sus derechos y de la naturaleza.<\/p>\n\n\n\n<h5 class=\"wp-block-heading\"><strong>Di\u00e1logo interactivo con el Relator Especial<\/strong><\/h5>\n\n\n\n<p>El mi\u00e9rcoles 22 de abril las delegaciones asistieron al di\u00e1logo interactivo sobre derechos humanos con el Relator Especial sobre los Derechos de los Pueblos Ind\u00edgenas y el Mecanismo de Expertos sobre los Derechos de los Pueblos Ind\u00edgenas. Keila Zaya en representaci\u00f3n del pueblo Mbya Guaran\u00ed de la comunidad Puente Quemado II, en la provincia de Misiones (Argentina), se sum\u00f3 con su intervenci\u00f3n a las demandas que resonaron en la sala:<\/p>\n\n\n\n<blockquote class=\"wp-block-quote is-layout-flow wp-block-quote-is-layout-flow\">\n<p><em>\u201cNuestro territorio no es una mercanc\u00eda; es el espacio donde se sostiene nuestro modo de vida, nuestra espiritualidad y nuestra identidad. Hoy, ese modo de vida est\u00e1 en riesgo. Las consecuencias son concretas y graves para la salud de nuestra gente. La supervivencia f\u00edsica y cultural de los pueblos ind\u00edgenas \u2014y, en particular, de las mujeres y ni\u00f1as\u2014 depende de la garant\u00eda efectiva de sus derechos colectivos sobre los territorios, los recursos naturales y el acceso al agua limpia\u201d.<\/em><\/p>\n<\/blockquote>\n\n\n\n<p>Las comunidades ind\u00edgenas contin\u00faan siendo criminalizadas, reprimidas y estigmatizadas. Las mujeres ind\u00edgenas son fundamentales para la defensa del territorio, la protecci\u00f3n de la biodiversidad, el mantenimiento de las culturas ancestrales y la sostenibilidad de la vida, enfrentan desaf\u00edos estructurales e interseccionales. Proteger estos derechos no es solo una cuesti\u00f3n ambiental, sino una obligaci\u00f3n internacional vinculada a la vida, la dignidad y la continuidad de los pueblos ind\u00edgenas. \u201c<em>Sin territorio no hay vida. Sin agua limpia no hay salud. Sin salud no hay futuro para nuestros ni\u00f1os y ni\u00f1as.\u201d <\/em>Han sido palabras que Lucila da Costa ha resaltado durante el desarrollo del foro.<\/p>\n\n\n\n<h5 class=\"wp-block-heading\"><strong>Reuni\u00f3n con el Relator Especial sobre los Derechos de los Pueblos Ind\u00edgenas<\/strong><\/h5>\n\n\n\n<p>El viernes 24 de abril, las tres redes territoriales se reunieron con el Albert K. Barume, relator especial sobre los Derechos de los Pueblos Ind\u00edgenas. En este encuentro, se realiz\u00f3 la exposici\u00f3n de cinco casos concretos en torno a la explotaci\u00f3n y ocupaci\u00f3n de sus territorios y la consecuente vulneraci\u00f3n de sus derechos, hemos recorrido de norte a sur los territorios de Mesoam\u00e9rica, la Panamazon\u00eda y el Acu\u00edfero Guaran\u00ed. &nbsp;En un di\u00e1logo cercano y directo, se denunciaron las graves consecuencias que la explotaci\u00f3n territorial tiene sobre las tierras, los derechos y la vida de los pueblos ind\u00edgenas.<\/p>\n\n\n\n<p>Las experiencias reconocen como aliado a la figura del Relator para promover mejoras concretas en la vida de los pueblos ind\u00edgenas, proteger nuestros territorios y garantizar nuestros derechos. Para ello, se ha demandado:<\/p>\n\n\n\n<ul class=\"wp-block-list\">\n<li>La plena aplicaci\u00f3n del Convenio 169 de la OIT.<\/li>\n\n\n\n<li>La garant\u00eda de la consulta libre, previa e informada.<\/li>\n\n\n\n<li>El reconocimiento efectivo de los pueblos ind\u00edgenas y de sus derechos colectivos.<\/li>\n\n\n\n<li>El fin de la criminalizaci\u00f3n de las personas defensoras y lideresas ind\u00edgenas.<\/li>\n<\/ul>\n\n\n\n<p>A pesar de los desaf\u00edos, la presencia, la fuerza y la claridad de las voces ind\u00edgenas en Naciones Unidas siguen abriendo caminos de esperanza. Sus propuestas, arraigadas en la defensa de la vida, del territorio y de la dignidad, son hoy m\u00e1s necesarias que nunca ante una crisis socioambiental global que exige escuchar y aprender de sus saberes. Sin embargo, resulta profundamente preocupante constatar que, mientras estas voces reclaman justicia y soluciones, los espacios y mecanismos destinados a garantizar sus derechos parecen perder prioridad dentro del sistema de Naciones Unidas. Reafirmar y fortalecer el mandato de la ONU en materia de derechos de los pueblos ind\u00edgenas es un compromiso imprescindible con la justicia, la reparaci\u00f3n y el cuidado de la casa com\u00fan.<\/p>\n\n\n<div class=\"wp-block-image\">\n<figure class=\"aligncenter size-large\"><img loading=\"lazy\" decoding=\"async\" width=\"1600\" height=\"900\" src=\"https:\/\/www.repam.net\/es\/wp-content\/uploads\/2026\/04\/WhatsApp-Image-2026-04-24-at-5.28.57-PM-edited.jpeg\" alt=\"\" class=\"wp-image-13123\" srcset=\"https:\/\/www.repam.net\/es\/wp-content\/uploads\/2026\/04\/WhatsApp-Image-2026-04-24-at-5.28.57-PM-edited.jpeg 1600w, https:\/\/www.repam.net\/es\/wp-content\/uploads\/2026\/04\/WhatsApp-Image-2026-04-24-at-5.28.57-PM-edited-300x169.jpeg 300w, https:\/\/www.repam.net\/es\/wp-content\/uploads\/2026\/04\/WhatsApp-Image-2026-04-24-at-5.28.57-PM-edited-1024x576.jpeg 1024w, https:\/\/www.repam.net\/es\/wp-content\/uploads\/2026\/04\/WhatsApp-Image-2026-04-24-at-5.28.57-PM-edited-768x432.jpeg 768w, https:\/\/www.repam.net\/es\/wp-content\/uploads\/2026\/04\/WhatsApp-Image-2026-04-24-at-5.28.57-PM-edited-1536x864.jpeg 1536w\" sizes=\"auto, (max-width: 1600px) 100vw, 1600px\" \/><\/figure>\n<\/div>\n\n\n<h5 class=\"wp-block-heading\"><strong>Reunidos con la Misi\u00f3n Permanente de Espa\u00f1a ante la ONU<\/strong><\/h5>\n\n\n\n<p>En representaci\u00f3n de la Misi\u00f3n Permanente de Espa\u00f1a, el jueves 23 de abril, Ignacio Garc\u00eda, ministro consejero, recibi\u00f3 a la comisi\u00f3n conformada por miembros de REPAM, REMAM y REGCHAG. Durante el encuentro, se denunci\u00f3 la explotaci\u00f3n de sus territorios, la contaminaci\u00f3n del agua y las m\u00faltiples formas de discriminaci\u00f3n y criminalizaci\u00f3n que enfrentan las mujeres ind\u00edgenas. Las representantes de las tres redes dejaron una serie de afirmaciones para considerar en los espacios de acci\u00f3n e incidencia:<\/p>\n\n\n\n<p><em>\u201cVivimos en un racismo estructural y sist\u00e9mico\u201d<\/em> (Suyapa Cacho, Gar\u00edfuna)<\/p>\n\n\n\n<p><em>\u201cPlantan pinos y eucaliptos que terminan con nuestro bosque tradicional, con nuestra medicina, con nuestra vida\u201d<\/em> (Keila Zaya, pueblo Mbya Guaran\u00ed)<\/p>\n\n\n\n<p><em>\u201cA la semilla se le habla, al viento, a todo; nuestra resistencia es vivir como nos han ense\u00f1ado\u201d <\/em>(Margarita Noh, Pueblo Maya).<\/p>\n\n\n\n<p><em>\u201cEl pueblo Nawa es una historia de resistencia\u201d<\/em> (Lucila da Costa Moreira Nawa).<\/p>\n\n\n\n<p>As\u00ed, se puso de relieve la estrecha relaci\u00f3n entre la protecci\u00f3n de la biodiversidad, la defensa de los territorios y la preservaci\u00f3n de los conocimientos y culturas ancestrales. Se ha considerado el papel de las misiones permanentes como principal enlace entre los gobiernos nacionales y las Naciones Unidas, y reconociendo los esfuerzos ya realizados, las redes trasladaron las siguientes recomendaciones:<\/p>\n\n\n\n<ul class=\"wp-block-list\">\n<li>Que Espa\u00f1a contin\u00fae fortaleciendo el reconocimiento y la garant\u00eda del derecho al agua en todos los espacios de Naciones Unidas, con especial atenci\u00f3n a los pueblos ind\u00edgenas.<\/li>\n\n\n\n<li>Que se mantenga su compromiso con el fortalecimiento y la visibilizaci\u00f3n de los mecanismos de la ONU para los pueblos ind\u00edgenas, especialmente el Foro Permanente, actualmente amenazado por los recortes presupuestarios en el sistema de Naciones Unidas.<\/li>\n<\/ul>\n\n\n\n<p>La semana de gesti\u00f3n finalizar\u00e1 con una serie de encuentros de la comisi\u00f3n, ante entidades y miembros de la iglesia cat\u00f3lica en los Estadios Unidos. Como se ha establecido, se espera que las acciones de incidencia de este 2026, tengan una motivaci\u00f3n para fortalecer el trabajo que se hace en defensa de los pueblos ind\u00edgenas, su autonom\u00eda territorial, la defensa de sus derechos y las garant\u00edas para la ecolog\u00eda integral.<\/p>\n\n\n<div class=\"wp-block-image\">\n<figure class=\"aligncenter size-large\"><img loading=\"lazy\" decoding=\"async\" width=\"1600\" height=\"900\" src=\"https:\/\/www.repam.net\/es\/wp-content\/uploads\/2026\/04\/WhatsApp-Image-2026-04-24-at-5.28.33-PM-edited.jpeg\" alt=\"\" class=\"wp-image-13125\" srcset=\"https:\/\/www.repam.net\/es\/wp-content\/uploads\/2026\/04\/WhatsApp-Image-2026-04-24-at-5.28.33-PM-edited.jpeg 1600w, https:\/\/www.repam.net\/es\/wp-content\/uploads\/2026\/04\/WhatsApp-Image-2026-04-24-at-5.28.33-PM-edited-300x169.jpeg 300w, https:\/\/www.repam.net\/es\/wp-content\/uploads\/2026\/04\/WhatsApp-Image-2026-04-24-at-5.28.33-PM-edited-1024x576.jpeg 1024w, https:\/\/www.repam.net\/es\/wp-content\/uploads\/2026\/04\/WhatsApp-Image-2026-04-24-at-5.28.33-PM-edited-768x432.jpeg 768w, https:\/\/www.repam.net\/es\/wp-content\/uploads\/2026\/04\/WhatsApp-Image-2026-04-24-at-5.28.33-PM-edited-1536x864.jpeg 1536w\" sizes=\"auto, (max-width: 1600px) 100vw, 1600px\" \/><\/figure>\n<\/div>","protected":false},"excerpt":{"rendered":"<p>\u201cLa Asamblea General se llena de color esta semana\u201d, exclamaba Annalena Baerbock, presidenta de la Asamblea General, durante la ceremonia de apertura del Foro Permanente para las Cuestiones Ind\u00edgenas, celebrada el pasado lunes 20 de mayo. Sin embargo, no solo el color ha inundado las salas y pasillos de la sede de la ONU en [&hellip;]<\/p>\n","protected":false},"author":1,"featured_media":13121,"comment_status":"closed","ping_status":"closed","sticky":false,"template":"","format":"standard","meta":{"_acf_changed":false,"_uf_show_specific_survey":0,"_uf_disable_surveys":false,"footnotes":""},"categories":[98,4],"tags":[33,52,1228,16,9],"class_list":["post-13119","post","type-post","status-publish","format-standard","has-post-thumbnail","hentry","category-derechos-humanos","category-noticias","tag-amazonia","tag-derechos-humanos","tag-naciones-unidas","tag-pueblos-indigenas","tag-repam"],"acf":[],"aioseo_notices":[],"yoast_head":"<!-- This site is optimized with the Yoast SEO plugin v27.4 - https:\/\/yoast.com\/product\/yoast-seo-wordpress\/ -->\n<title>Redes territoriales de ecolog\u00eda integral establecen di\u00e1logos con el Relator de Pueblos Ind\u00edgenas y la Misi\u00f3n Permanente de Espa\u00f1a ante la ONU - REPAM<\/title>\n<meta name=\"description\" content=\"\u201cLa Asamblea General se llena de color esta semana\u201d, exclamaba Annalena Baerbock, presidenta de la Asamblea General, durante la ceremonia de apertura del Foro Permanente para las Cuestiones Ind\u00edgenas, celebrada el pasado lunes 20 de mayo. Sin embargo, no solo el color ha inundado las salas y pasillos de la sede de la ONU en Nueva York.\" \/>\n<meta name=\"robots\" content=\"index, follow, max-snippet:-1, max-image-preview:large, max-video-preview:-1\" \/>\n<link rel=\"canonical\" href=\"https:\/\/www.repam.net\/es\/dialogos-redes-territoriales\/\" \/>\n<meta property=\"og:locale\" content=\"es_ES\" \/>\n<meta property=\"og:type\" content=\"article\" \/>\n<meta property=\"og:title\" content=\"Redes territoriales de ecolog\u00eda integral establecen di\u00e1logos con el Relator de Pueblos Ind\u00edgenas y la Misi\u00f3n Permanente de Espa\u00f1a ante la ONU - REPAM\" \/>\n<meta property=\"og:description\" content=\"\u201cLa Asamblea General se llena de color esta semana\u201d, exclamaba Annalena Baerbock, presidenta de la Asamblea General, durante la ceremonia de apertura del Foro Permanente para las Cuestiones Ind\u00edgenas, celebrada el pasado lunes 20 de mayo. Sin embargo, no solo el color ha inundado las salas y pasillos de la sede de la ONU en Nueva York.\" \/>\n<meta property=\"og:url\" content=\"https:\/\/www.repam.net\/es\/dialogos-redes-territoriales\/\" \/>\n<meta property=\"og:site_name\" content=\"REPAM\" \/>\n<meta property=\"article:published_time\" content=\"2026-04-25T14:06:13+00:00\" \/>\n<meta property=\"article:modified_time\" content=\"2026-04-25T14:25:34+00:00\" \/>\n<meta property=\"og:image\" content=\"https:\/\/www.repam.net\/es\/wp-content\/uploads\/2026\/04\/WhatsApp-Image-2026-04-24-at-5.28.11-PM-edited.jpeg\" \/>\n\t<meta property=\"og:image:width\" content=\"1600\" \/>\n\t<meta property=\"og:image:height\" content=\"900\" \/>\n\t<meta property=\"og:image:type\" content=\"image\/jpeg\" \/>\n<meta name=\"author\" content=\"repam@adm\" \/>\n<meta name=\"twitter:card\" content=\"summary_large_image\" \/>\n<meta name=\"twitter:label1\" content=\"Escrito por\" \/>\n\t<meta name=\"twitter:data1\" content=\"repam@adm\" \/>\n\t<meta name=\"twitter:label2\" content=\"Tiempo de lectura\" \/>\n\t<meta name=\"twitter:data2\" content=\"6 minutos\" \/>\n<script type=\"application\/ld+json\" class=\"yoast-schema-graph\">{\"@context\":\"https:\\\/\\\/schema.org\",\"@graph\":[{\"@type\":\"Article\",\"@id\":\"https:\\\/\\\/www.repam.net\\\/es\\\/dialogos-redes-territoriales\\\/#article\",\"isPartOf\":{\"@id\":\"https:\\\/\\\/www.repam.net\\\/es\\\/dialogos-redes-territoriales\\\/\"},\"author\":{\"name\":\"repam@adm\",\"@id\":\"https:\\\/\\\/www.repam.net\\\/es\\\/#\\\/schema\\\/person\\\/0c828bf04cf1abe6016cbe752c76a033\"},\"headline\":\"Redes territoriales de ecolog\u00eda integral establecen di\u00e1logos con el Relator de Pueblos Ind\u00edgenas y la Misi\u00f3n Permanente de Espa\u00f1a ante la ONU\",\"datePublished\":\"2026-04-25T14:06:13+00:00\",\"dateModified\":\"2026-04-25T14:25:34+00:00\",\"mainEntityOfPage\":{\"@id\":\"https:\\\/\\\/www.repam.net\\\/es\\\/dialogos-redes-territoriales\\\/\"},\"wordCount\":1209,\"publisher\":{\"@id\":\"https:\\\/\\\/www.repam.net\\\/es\\\/#organization\"},\"image\":{\"@id\":\"https:\\\/\\\/www.repam.net\\\/es\\\/dialogos-redes-territoriales\\\/#primaryimage\"},\"thumbnailUrl\":\"https:\\\/\\\/www.repam.net\\\/es\\\/wp-content\\\/uploads\\\/2026\\\/04\\\/WhatsApp-Image-2026-04-24-at-5.28.11-PM-edited.jpeg\",\"keywords\":[\"Amazon\u00eda\",\"Derechos Humanos\",\"Naciones Unidas\",\"pueblos ind\u00edgenas\",\"REPAM\"],\"articleSection\":[\"Derechos Humanos\",\"Noticias\"],\"inLanguage\":\"es-CO\"},{\"@type\":\"WebPage\",\"@id\":\"https:\\\/\\\/www.repam.net\\\/es\\\/dialogos-redes-territoriales\\\/\",\"url\":\"https:\\\/\\\/www.repam.net\\\/es\\\/dialogos-redes-territoriales\\\/\",\"name\":\"Redes territoriales de ecolog\u00eda integral establecen di\u00e1logos con el Relator de Pueblos Ind\u00edgenas y la Misi\u00f3n Permanente de Espa\u00f1a ante la ONU - REPAM\",\"isPartOf\":{\"@id\":\"https:\\\/\\\/www.repam.net\\\/es\\\/#website\"},\"primaryImageOfPage\":{\"@id\":\"https:\\\/\\\/www.repam.net\\\/es\\\/dialogos-redes-territoriales\\\/#primaryimage\"},\"image\":{\"@id\":\"https:\\\/\\\/www.repam.net\\\/es\\\/dialogos-redes-territoriales\\\/#primaryimage\"},\"thumbnailUrl\":\"https:\\\/\\\/www.repam.net\\\/es\\\/wp-content\\\/uploads\\\/2026\\\/04\\\/WhatsApp-Image-2026-04-24-at-5.28.11-PM-edited.jpeg\",\"datePublished\":\"2026-04-25T14:06:13+00:00\",\"dateModified\":\"2026-04-25T14:25:34+00:00\",\"description\":\"\u201cLa Asamblea General se llena de color esta semana\u201d, exclamaba Annalena Baerbock, presidenta de la Asamblea General, durante la ceremonia de apertura del Foro Permanente para las Cuestiones Ind\u00edgenas, celebrada el pasado lunes 20 de mayo. Sin embargo, no solo el color ha inundado las salas y pasillos de la sede de la ONU en Nueva York.\",\"breadcrumb\":{\"@id\":\"https:\\\/\\\/www.repam.net\\\/es\\\/dialogos-redes-territoriales\\\/#breadcrumb\"},\"inLanguage\":\"es-CO\",\"potentialAction\":[{\"@type\":\"ReadAction\",\"target\":[\"https:\\\/\\\/www.repam.net\\\/es\\\/dialogos-redes-territoriales\\\/\"]}]},{\"@type\":\"ImageObject\",\"inLanguage\":\"es-CO\",\"@id\":\"https:\\\/\\\/www.repam.net\\\/es\\\/dialogos-redes-territoriales\\\/#primaryimage\",\"url\":\"https:\\\/\\\/www.repam.net\\\/es\\\/wp-content\\\/uploads\\\/2026\\\/04\\\/WhatsApp-Image-2026-04-24-at-5.28.11-PM-edited.jpeg\",\"contentUrl\":\"https:\\\/\\\/www.repam.net\\\/es\\\/wp-content\\\/uploads\\\/2026\\\/04\\\/WhatsApp-Image-2026-04-24-at-5.28.11-PM-edited.jpeg\",\"width\":1600,\"height\":900},{\"@type\":\"BreadcrumbList\",\"@id\":\"https:\\\/\\\/www.repam.net\\\/es\\\/dialogos-redes-territoriales\\\/#breadcrumb\",\"itemListElement\":[{\"@type\":\"ListItem\",\"position\":1,\"name\":\"Inicio\",\"item\":\"https:\\\/\\\/www.repam.net\\\/es\\\/\"},{\"@type\":\"ListItem\",\"position\":2,\"name\":\"Redes territoriales de ecolog\u00eda integral establecen di\u00e1logos con el Relator de Pueblos Ind\u00edgenas y la Misi\u00f3n Permanente de Espa\u00f1a ante la ONU\"}]},{\"@type\":\"WebSite\",\"@id\":\"https:\\\/\\\/www.repam.net\\\/es\\\/#website\",\"url\":\"https:\\\/\\\/www.repam.net\\\/es\\\/\",\"name\":\"REPAM\",\"description\":\"Red Eclesial Panamaz\u00f3nica\",\"publisher\":{\"@id\":\"https:\\\/\\\/www.repam.net\\\/es\\\/#organization\"},\"potentialAction\":[{\"@type\":\"SearchAction\",\"target\":{\"@type\":\"EntryPoint\",\"urlTemplate\":\"https:\\\/\\\/www.repam.net\\\/es\\\/?s={search_term_string}\"},\"query-input\":{\"@type\":\"PropertyValueSpecification\",\"valueRequired\":true,\"valueName\":\"search_term_string\"}}],\"inLanguage\":\"es-CO\"},{\"@type\":\"Organization\",\"@id\":\"https:\\\/\\\/www.repam.net\\\/es\\\/#organization\",\"name\":\"REPAM\",\"url\":\"https:\\\/\\\/www.repam.net\\\/es\\\/\",\"logo\":{\"@type\":\"ImageObject\",\"inLanguage\":\"es-CO\",\"@id\":\"https:\\\/\\\/www.repam.net\\\/es\\\/#\\\/schema\\\/logo\\\/image\\\/\",\"url\":\"https:\\\/\\\/www.repam.net\\\/es\\\/wp-content\\\/uploads\\\/2021\\\/11\\\/cropped-favicon.png\",\"contentUrl\":\"https:\\\/\\\/www.repam.net\\\/es\\\/wp-content\\\/uploads\\\/2021\\\/11\\\/cropped-favicon.png\",\"width\":512,\"height\":512,\"caption\":\"REPAM\"},\"image\":{\"@id\":\"https:\\\/\\\/www.repam.net\\\/es\\\/#\\\/schema\\\/logo\\\/image\\\/\"}},{\"@type\":\"Person\",\"@id\":\"https:\\\/\\\/www.repam.net\\\/es\\\/#\\\/schema\\\/person\\\/0c828bf04cf1abe6016cbe752c76a033\",\"name\":\"repam@adm\",\"image\":{\"@type\":\"ImageObject\",\"inLanguage\":\"es-CO\",\"@id\":\"https:\\\/\\\/secure.gravatar.com\\\/avatar\\\/b18234ea6de5d74563e52ca7bfdad9d2b029b514c935b38a2790717abf8f2e5f?s=96&d=mm&r=g\",\"url\":\"https:\\\/\\\/secure.gravatar.com\\\/avatar\\\/b18234ea6de5d74563e52ca7bfdad9d2b029b514c935b38a2790717abf8f2e5f?s=96&d=mm&r=g\",\"contentUrl\":\"https:\\\/\\\/secure.gravatar.com\\\/avatar\\\/b18234ea6de5d74563e52ca7bfdad9d2b029b514c935b38a2790717abf8f2e5f?s=96&d=mm&r=g\",\"caption\":\"repam@adm\"},\"sameAs\":[\"http:\\\/\\\/repam.net\"],\"url\":\"https:\\\/\\\/www.repam.net\\\/es\\\/author\\\/repamadm\\\/\"}]}<\/script>\n<!-- \/ Yoast SEO plugin. -->","yoast_head_json":{"title":"Redes territoriales de ecolog\u00eda integral establecen di\u00e1logos con el Relator de Pueblos Ind\u00edgenas y la Misi\u00f3n Permanente de Espa\u00f1a ante la ONU - REPAM","description":"\u201cLa Asamblea General se llena de color esta semana\u201d, exclamaba Annalena Baerbock, presidenta de la Asamblea General, durante la ceremonia de apertura del Foro Permanente para las Cuestiones Ind\u00edgenas, celebrada el pasado lunes 20 de mayo. Sin embargo, no solo el color ha inundado las salas y pasillos de la sede de la ONU en Nueva York.","robots":{"index":"index","follow":"follow","max-snippet":"max-snippet:-1","max-image-preview":"max-image-preview:large","max-video-preview":"max-video-preview:-1"},"canonical":"https:\/\/www.repam.net\/es\/dialogos-redes-territoriales\/","og_locale":"es_ES","og_type":"article","og_title":"Redes territoriales de ecolog\u00eda integral establecen di\u00e1logos con el Relator de Pueblos Ind\u00edgenas y la Misi\u00f3n Permanente de Espa\u00f1a ante la ONU - REPAM","og_description":"\u201cLa Asamblea General se llena de color esta semana\u201d, exclamaba Annalena Baerbock, presidenta de la Asamblea General, durante la ceremonia de apertura del Foro Permanente para las Cuestiones Ind\u00edgenas, celebrada el pasado lunes 20 de mayo. Sin embargo, no solo el color ha inundado las salas y pasillos de la sede de la ONU en Nueva York.","og_url":"https:\/\/www.repam.net\/es\/dialogos-redes-territoriales\/","og_site_name":"REPAM","article_published_time":"2026-04-25T14:06:13+00:00","article_modified_time":"2026-04-25T14:25:34+00:00","og_image":[{"width":1600,"height":900,"url":"https:\/\/www.repam.net\/es\/wp-content\/uploads\/2026\/04\/WhatsApp-Image-2026-04-24-at-5.28.11-PM-edited.jpeg","type":"image\/jpeg"}],"author":"repam@adm","twitter_card":"summary_large_image","twitter_misc":{"Escrito por":"repam@adm","Tiempo de lectura":"6 minutos"},"schema":{"@context":"https:\/\/schema.org","@graph":[{"@type":"Article","@id":"https:\/\/www.repam.net\/es\/dialogos-redes-territoriales\/#article","isPartOf":{"@id":"https:\/\/www.repam.net\/es\/dialogos-redes-territoriales\/"},"author":{"name":"repam@adm","@id":"https:\/\/www.repam.net\/es\/#\/schema\/person\/0c828bf04cf1abe6016cbe752c76a033"},"headline":"Redes territoriales de ecolog\u00eda integral establecen di\u00e1logos con el Relator de Pueblos Ind\u00edgenas y la Misi\u00f3n Permanente de Espa\u00f1a ante la ONU","datePublished":"2026-04-25T14:06:13+00:00","dateModified":"2026-04-25T14:25:34+00:00","mainEntityOfPage":{"@id":"https:\/\/www.repam.net\/es\/dialogos-redes-territoriales\/"},"wordCount":1209,"publisher":{"@id":"https:\/\/www.repam.net\/es\/#organization"},"image":{"@id":"https:\/\/www.repam.net\/es\/dialogos-redes-territoriales\/#primaryimage"},"thumbnailUrl":"https:\/\/www.repam.net\/es\/wp-content\/uploads\/2026\/04\/WhatsApp-Image-2026-04-24-at-5.28.11-PM-edited.jpeg","keywords":["Amazon\u00eda","Derechos Humanos","Naciones Unidas","pueblos ind\u00edgenas","REPAM"],"articleSection":["Derechos Humanos","Noticias"],"inLanguage":"es-CO"},{"@type":"WebPage","@id":"https:\/\/www.repam.net\/es\/dialogos-redes-territoriales\/","url":"https:\/\/www.repam.net\/es\/dialogos-redes-territoriales\/","name":"Redes territoriales de ecolog\u00eda integral establecen di\u00e1logos con el Relator de Pueblos Ind\u00edgenas y la Misi\u00f3n Permanente de Espa\u00f1a ante la ONU - REPAM","isPartOf":{"@id":"https:\/\/www.repam.net\/es\/#website"},"primaryImageOfPage":{"@id":"https:\/\/www.repam.net\/es\/dialogos-redes-territoriales\/#primaryimage"},"image":{"@id":"https:\/\/www.repam.net\/es\/dialogos-redes-territoriales\/#primaryimage"},"thumbnailUrl":"https:\/\/www.repam.net\/es\/wp-content\/uploads\/2026\/04\/WhatsApp-Image-2026-04-24-at-5.28.11-PM-edited.jpeg","datePublished":"2026-04-25T14:06:13+00:00","dateModified":"2026-04-25T14:25:34+00:00","description":"\u201cLa Asamblea General se llena de color esta semana\u201d, exclamaba Annalena Baerbock, presidenta de la Asamblea General, durante la ceremonia de apertura del Foro Permanente para las Cuestiones Ind\u00edgenas, celebrada el pasado lunes 20 de mayo. Sin embargo, no solo el color ha inundado las salas y pasillos de la sede de la ONU en Nueva York.","breadcrumb":{"@id":"https:\/\/www.repam.net\/es\/dialogos-redes-territoriales\/#breadcrumb"},"inLanguage":"es-CO","potentialAction":[{"@type":"ReadAction","target":["https:\/\/www.repam.net\/es\/dialogos-redes-territoriales\/"]}]},{"@type":"ImageObject","inLanguage":"es-CO","@id":"https:\/\/www.repam.net\/es\/dialogos-redes-territoriales\/#primaryimage","url":"https:\/\/www.repam.net\/es\/wp-content\/uploads\/2026\/04\/WhatsApp-Image-2026-04-24-at-5.28.11-PM-edited.jpeg","contentUrl":"https:\/\/www.repam.net\/es\/wp-content\/uploads\/2026\/04\/WhatsApp-Image-2026-04-24-at-5.28.11-PM-edited.jpeg","width":1600,"height":900},{"@type":"BreadcrumbList","@id":"https:\/\/www.repam.net\/es\/dialogos-redes-territoriales\/#breadcrumb","itemListElement":[{"@type":"ListItem","position":1,"name":"Inicio","item":"https:\/\/www.repam.net\/es\/"},{"@type":"ListItem","position":2,"name":"Redes territoriales de ecolog\u00eda integral establecen di\u00e1logos con el Relator de Pueblos Ind\u00edgenas y la Misi\u00f3n Permanente de Espa\u00f1a ante la ONU"}]},{"@type":"WebSite","@id":"https:\/\/www.repam.net\/es\/#website","url":"https:\/\/www.repam.net\/es\/","name":"REPAM","description":"Red Eclesial Panamaz\u00f3nica","publisher":{"@id":"https:\/\/www.repam.net\/es\/#organization"},"potentialAction":[{"@type":"SearchAction","target":{"@type":"EntryPoint","urlTemplate":"https:\/\/www.repam.net\/es\/?s={search_term_string}"},"query-input":{"@type":"PropertyValueSpecification","valueRequired":true,"valueName":"search_term_string"}}],"inLanguage":"es-CO"},{"@type":"Organization","@id":"https:\/\/www.repam.net\/es\/#organization","name":"REPAM","url":"https:\/\/www.repam.net\/es\/","logo":{"@type":"ImageObject","inLanguage":"es-CO","@id":"https:\/\/www.repam.net\/es\/#\/schema\/logo\/image\/","url":"https:\/\/www.repam.net\/es\/wp-content\/uploads\/2021\/11\/cropped-favicon.png","contentUrl":"https:\/\/www.repam.net\/es\/wp-content\/uploads\/2021\/11\/cropped-favicon.png","width":512,"height":512,"caption":"REPAM"},"image":{"@id":"https:\/\/www.repam.net\/es\/#\/schema\/logo\/image\/"}},{"@type":"Person","@id":"https:\/\/www.repam.net\/es\/#\/schema\/person\/0c828bf04cf1abe6016cbe752c76a033","name":"repam@adm","image":{"@type":"ImageObject","inLanguage":"es-CO","@id":"https:\/\/secure.gravatar.com\/avatar\/b18234ea6de5d74563e52ca7bfdad9d2b029b514c935b38a2790717abf8f2e5f?s=96&d=mm&r=g","url":"https:\/\/secure.gravatar.com\/avatar\/b18234ea6de5d74563e52ca7bfdad9d2b029b514c935b38a2790717abf8f2e5f?s=96&d=mm&r=g","contentUrl":"https:\/\/secure.gravatar.com\/avatar\/b18234ea6de5d74563e52ca7bfdad9d2b029b514c935b38a2790717abf8f2e5f?s=96&d=mm&r=g","caption":"repam@adm"},"sameAs":["http:\/\/repam.net"],"url":"https:\/\/www.repam.net\/es\/author\/repamadm\/"}]}},"_links":{"self":[{"href":"https:\/\/www.repam.net\/es\/wp-json\/wp\/v2\/posts\/13119","targetHints":{"allow":["GET"]}}],"collection":[{"href":"https:\/\/www.repam.net\/es\/wp-json\/wp\/v2\/posts"}],"about":[{"href":"https:\/\/www.repam.net\/es\/wp-json\/wp\/v2\/types\/post"}],"author":[{"embeddable":true,"href":"https:\/\/www.repam.net\/es\/wp-json\/wp\/v2\/users\/1"}],"replies":[{"embeddable":true,"href":"https:\/\/www.repam.net\/es\/wp-json\/wp\/v2\/comments?post=13119"}],"version-history":[{"count":2,"href":"https:\/\/www.repam.net\/es\/wp-json\/wp\/v2\/posts\/13119\/revisions"}],"predecessor-version":[{"id":13127,"href":"https:\/\/www.repam.net\/es\/wp-json\/wp\/v2\/posts\/13119\/revisions\/13127"}],"wp:featuredmedia":[{"embeddable":true,"href":"https:\/\/www.repam.net\/es\/wp-json\/wp\/v2\/media\/13121"}],"wp:attachment":[{"href":"https:\/\/www.repam.net\/es\/wp-json\/wp\/v2\/media?parent=13119"}],"wp:term":[{"taxonomy":"category","embeddable":true,"href":"https:\/\/www.repam.net\/es\/wp-json\/wp\/v2\/categories?post=13119"},{"taxonomy":"post_tag","embeddable":true,"href":"https:\/\/www.repam.net\/es\/wp-json\/wp\/v2\/tags?post=13119"}],"curies":[{"name":"wp","href":"https:\/\/api.w.org\/{rel}","templated":true}]}}