{"id":13135,"date":"2026-04-27T16:29:12","date_gmt":"2026-04-27T21:29:12","guid":{"rendered":"https:\/\/www.repam.net\/es\/?p=13135"},"modified":"2026-04-27T16:29:14","modified_gmt":"2026-04-27T21:29:14","slug":"llamado-al-tratado-de-cobustibles-fosiles","status":"publish","type":"post","link":"https:\/\/www.repam.net\/es\/llamado-al-tratado-de-cobustibles-fosiles\/","title":{"rendered":"Coalici\u00f3n Ecum\u00e9nica Interreligiosa y Ecoespiritual del sur global hace un llamado justo al Tratado sobre Combustibles F\u00f3siles"},"content":{"rendered":"<div class=\"wp-block-image\">\n<figure class=\"aligncenter size-large\"><img loading=\"lazy\" decoding=\"async\" width=\"1600\" height=\"900\" src=\"https:\/\/www.repam.net\/es\/wp-content\/uploads\/2026\/04\/WhatsApp-Image-2026-04-27-at-4.17.45-PM-edited.jpeg\" alt=\"\" class=\"wp-image-13137\" srcset=\"https:\/\/www.repam.net\/es\/wp-content\/uploads\/2026\/04\/WhatsApp-Image-2026-04-27-at-4.17.45-PM-edited.jpeg 1600w, https:\/\/www.repam.net\/es\/wp-content\/uploads\/2026\/04\/WhatsApp-Image-2026-04-27-at-4.17.45-PM-edited-300x169.jpeg 300w, https:\/\/www.repam.net\/es\/wp-content\/uploads\/2026\/04\/WhatsApp-Image-2026-04-27-at-4.17.45-PM-edited-1024x576.jpeg 1024w, https:\/\/www.repam.net\/es\/wp-content\/uploads\/2026\/04\/WhatsApp-Image-2026-04-27-at-4.17.45-PM-edited-768x432.jpeg 768w, https:\/\/www.repam.net\/es\/wp-content\/uploads\/2026\/04\/WhatsApp-Image-2026-04-27-at-4.17.45-PM-edited-1536x864.jpeg 1536w\" sizes=\"auto, (max-width: 1600px) 100vw, 1600px\" \/><\/figure>\n<\/div>\n\n\n<blockquote class=\"wp-block-quote is-layout-flow wp-block-quote-is-layout-flow\">\n<p><em>Los eventos que se han desarrollado en Santa Marta alrededor de la I Conferencia Internacional para la Transici\u00f3n m\u00e1s all\u00e1 de los Combustibles F\u00f3siles, han contado con espacios en donde organizaciones religiosas del sur global debaten y reflexionan sobre el tema. Es as\u00ed, que se han emitido un documento, en el que se da cuenta de acciones, necesarias a ejecutar dentro de un tratado internacional sobre el uso de carb\u00f3n, petr\u00f3leo y gas.<\/em><\/p>\n<\/blockquote>\n\n\n\n<p><strong><em>Por: Equipo de comunicaciones de REPAM<\/em><\/strong><\/p>\n\n\n\n<p>El documento inicia citando el Manifiesto de las Iglesias del Sur Global, cuando establece que <em>\u201clos datos cient\u00edficos muestran que el planeta se est\u00e1 acercando a l\u00edmites cr\u00edticos que amenazan la estabilidad de ecosistemas, econom\u00edas y sistemas de gobernanza, afectando especialmente a los m\u00e1s vulnerables\u201d; <\/em>as\u00ed, se evidencia la permanencia de un modelo econ\u00f3mico donde el cambio clim\u00e1tico es el resultado de modelos de producci\u00f3n y de consumo insostenibles. Tambi\u00e9n, el llamado establece, textualmente que: <em>\u201cLa principal causa de la crisis clim\u00e1tica es la quema masiva de carb\u00f3n, petr\u00f3leo y gas, responsables del 86% de emisiones de CO\u2082 entre 2010 y 2019\u201d.<\/em><\/p>\n\n\n\n<h5 class=\"wp-block-heading\"><strong>Crisis ecol\u00f3gica, social y espiritual<\/strong><\/h5>\n\n\n\n<p>Ya lo hab\u00eda dicho el papa Fracisco, <em>\u201cla crisis ecol\u00f3gica, no es meramente un problema ambiental, sino una profunda crisis humanitaria y social\u201d. <\/em>El llamado recoge esta perspectiva e invita a movilizarse no solo con la mirada ambientalista, sino tambi\u00e9n con aquella que aboga por la defensa de la dignidad humana; adem\u00e1s, la crisis ambiental genera un vac\u00edo espiritual, \u00e9tico y de sentido que demanda, a parte de una restructuraci\u00f3n econ\u00f3mica, una transformaci\u00f3n cultural. En ese sentido, el documento establece que <em>\u201cla transici\u00f3n justa busca transformar la forma en que nos relacionamos con la Tierra y entre nosotros\u201d <\/em>y que <em>\u201cla Tierra es un don sagrado que debe ser cuidado con responsabilidad, con amor hacia todas las criaturas y compromiso con las futuras generaciones de todos los pueblos del mundo\u201d.<\/em><\/p>\n\n\n\n<p>La Red de Fe por la Justicia Clim\u00e1tica ha afirmado, en el marco del documento de llamado, que <em>\u201cse debe ir m\u00e1s all\u00e1 del enfoque del qu\u00e9 y c\u00f3mo; es necesario preguntarse para y con qui\u00e9nes\u201d <\/em>evidenciando la necesidad que tienen los tratados y compromisos para dar una mirada territorial y construir acuerdos, acciones y escenarios de aplicaci\u00f3n con las propias comunidades. Es en este punto donde resalta lo expuesto por Ximena Lombana, secretaria ejecutiva de la Red Eclesial Panamaz\u00f3nica (REPAM), al calificar los principios de autonom\u00eda, soberan\u00eda y justicia como puntos clave para el proceso de transici\u00f3n energ\u00e9tica y los tratados o compromisos que surjan sobre la marcha.<\/p>\n\n\n\n<h5 class=\"wp-block-heading\"><strong>Llamado al tratado<\/strong><\/h5>\n\n\n\n<p>El grueso del documento sustenta una serie de pedidos y acciones de compromiso que, las iglesias del sur global proponen a los firmantes del Tratado sobre Combustibles F\u00f3siles. En ese orden de ideas se llama a: un cambio cultural y espiritual; a finalizar de forma inmediata nuevas explotaciones de carb\u00f3n, petr\u00f3leo y gas; a una eliminaci\u00f3n r\u00e1pida y equitativa de la producci\u00f3n actual de combustibles f\u00f3siles; a una transici\u00f3n justa a escala mundial; a abandonar los subsidios a los combustibles f\u00f3siles; a transformar el sistema financiero; a promover el respeto absoluto a la soberan\u00eda de los pueblos; a rechazar el neoextractivismo y las falsas soluciones; a asegurar un sistema de democracia plena y con paridad; a promover el derecho a la libre determinaci\u00f3n, consulta previa libre e informada; y a establecer la b\u00fasqueda de una econom\u00eda del cuidado.<\/p>\n\n\n\n<p>Lea el documento completo: &nbsp;<\/p>\n\n\n\n<div data-wp-interactive=\"core\/file\" class=\"wp-block-file aligncenter\"><object data-wp-bind--hidden=\"!state.hasPdfPreview\" hidden class=\"wp-block-file__embed\" data=\"https:\/\/www.repam.net\/es\/wp-content\/uploads\/2026\/04\/Texto-apoyo-Tratado-sobre-Combustibles-Fosiles-.pdf\" type=\"application\/pdf\" style=\"width:100%;height:600px\" aria-label=\"Incrustado de Texto apoyo Tratado sobre Combustibles Fosiles.\"><\/object><a id=\"wp-block-file--media-cb34d907-289b-40e6-871c-fc3c08e548b6\" href=\"https:\/\/www.repam.net\/es\/wp-content\/uploads\/2026\/04\/Texto-apoyo-Tratado-sobre-Combustibles-Fosiles-.pdf\">Texto apoyo Tratado sobre Combustibles Fosiles<\/a><a href=\"https:\/\/www.repam.net\/es\/wp-content\/uploads\/2026\/04\/Texto-apoyo-Tratado-sobre-Combustibles-Fosiles-.pdf\" class=\"wp-block-file__button wp-element-button\" download aria-describedby=\"wp-block-file--media-cb34d907-289b-40e6-871c-fc3c08e548b6\">Descargar<\/a><\/div>\n","protected":false},"excerpt":{"rendered":"<p>Los eventos que se han desarrollado en Santa Marta alrededor de la I Conferencia Internacional para la Transici\u00f3n m\u00e1s all\u00e1 de los Combustibles F\u00f3siles, han contado con espacios en donde organizaciones religiosas del sur global debaten y reflexionan sobre el tema. Es as\u00ed, que se han emitido un documento, en el que se da cuenta [&hellip;]<\/p>\n","protected":false},"author":1,"featured_media":13137,"comment_status":"closed","ping_status":"closed","sticky":false,"template":"","format":"standard","meta":{"_acf_changed":false,"_uf_show_specific_survey":0,"_uf_disable_surveys":false,"footnotes":""},"categories":[4],"tags":[33,122,52,1016,9],"class_list":["post-13135","post","type-post","status-publish","format-standard","has-post-thumbnail","hentry","category-noticias","tag-amazonia","tag-colombia","tag-derechos-humanos","tag-ecologia-integral-2","tag-repam"],"acf":[],"aioseo_notices":[],"yoast_head":"<!-- This site is optimized with the Yoast SEO plugin v27.4 - https:\/\/yoast.com\/product\/yoast-seo-wordpress\/ -->\n<title>Coalici\u00f3n Ecum\u00e9nica Interreligiosa y Ecoespiritual del sur global hace un llamado justo al Tratado sobre Combustibles F\u00f3siles - REPAM<\/title>\n<meta name=\"description\" content=\"Los eventos que se han desarrollado en Santa Marta alrededor de la I Conferencia Internacional para la Transici\u00f3n m\u00e1s all\u00e1 de los Combustibles F\u00f3siles, han contado con espacios en donde organizaciones religiosas del sur global debaten y reflexionan sobre el tema. Es as\u00ed, que se han emitido un documento, en el que se da cuenta de acciones, necesarias a ejecutar dentro de un tratado internacional sobre el uso de carb\u00f3n, petr\u00f3leo y gas.\" \/>\n<meta name=\"robots\" content=\"index, follow, max-snippet:-1, max-image-preview:large, max-video-preview:-1\" \/>\n<link rel=\"canonical\" href=\"https:\/\/www.repam.net\/es\/llamado-al-tratado-de-cobustibles-fosiles\/\" \/>\n<meta property=\"og:locale\" content=\"es_ES\" \/>\n<meta property=\"og:type\" content=\"article\" \/>\n<meta property=\"og:title\" content=\"Coalici\u00f3n Ecum\u00e9nica Interreligiosa y Ecoespiritual del sur global hace un llamado justo al Tratado sobre Combustibles F\u00f3siles - REPAM\" \/>\n<meta property=\"og:description\" content=\"Los eventos que se han desarrollado en Santa Marta alrededor de la I Conferencia Internacional para la Transici\u00f3n m\u00e1s all\u00e1 de los Combustibles F\u00f3siles, han contado con espacios en donde organizaciones religiosas del sur global debaten y reflexionan sobre el tema. Es as\u00ed, que se han emitido un documento, en el que se da cuenta de acciones, necesarias a ejecutar dentro de un tratado internacional sobre el uso de carb\u00f3n, petr\u00f3leo y gas.\" \/>\n<meta property=\"og:url\" content=\"https:\/\/www.repam.net\/es\/llamado-al-tratado-de-cobustibles-fosiles\/\" \/>\n<meta property=\"og:site_name\" content=\"REPAM\" \/>\n<meta property=\"article:published_time\" content=\"2026-04-27T21:29:12+00:00\" \/>\n<meta property=\"article:modified_time\" content=\"2026-04-27T21:29:14+00:00\" \/>\n<meta property=\"og:image\" content=\"https:\/\/www.repam.net\/es\/wp-content\/uploads\/2026\/04\/WhatsApp-Image-2026-04-27-at-4.17.45-PM-edited.jpeg\" \/>\n\t<meta property=\"og:image:width\" content=\"1600\" \/>\n\t<meta property=\"og:image:height\" content=\"900\" \/>\n\t<meta property=\"og:image:type\" content=\"image\/jpeg\" \/>\n<meta name=\"author\" content=\"repam@adm\" \/>\n<meta name=\"twitter:card\" content=\"summary_large_image\" \/>\n<meta name=\"twitter:label1\" content=\"Escrito por\" \/>\n\t<meta name=\"twitter:data1\" content=\"repam@adm\" \/>\n\t<meta name=\"twitter:label2\" content=\"Tiempo de lectura\" \/>\n\t<meta name=\"twitter:data2\" content=\"3 minutos\" \/>\n<script type=\"application\/ld+json\" class=\"yoast-schema-graph\">{\"@context\":\"https:\\\/\\\/schema.org\",\"@graph\":[{\"@type\":\"Article\",\"@id\":\"https:\\\/\\\/www.repam.net\\\/es\\\/llamado-al-tratado-de-cobustibles-fosiles\\\/#article\",\"isPartOf\":{\"@id\":\"https:\\\/\\\/www.repam.net\\\/es\\\/llamado-al-tratado-de-cobustibles-fosiles\\\/\"},\"author\":{\"name\":\"repam@adm\",\"@id\":\"https:\\\/\\\/www.repam.net\\\/es\\\/#\\\/schema\\\/person\\\/0c828bf04cf1abe6016cbe752c76a033\"},\"headline\":\"Coalici\u00f3n Ecum\u00e9nica Interreligiosa y Ecoespiritual del sur global hace un llamado justo al Tratado sobre Combustibles F\u00f3siles\",\"datePublished\":\"2026-04-27T21:29:12+00:00\",\"dateModified\":\"2026-04-27T21:29:14+00:00\",\"mainEntityOfPage\":{\"@id\":\"https:\\\/\\\/www.repam.net\\\/es\\\/llamado-al-tratado-de-cobustibles-fosiles\\\/\"},\"wordCount\":645,\"publisher\":{\"@id\":\"https:\\\/\\\/www.repam.net\\\/es\\\/#organization\"},\"image\":{\"@id\":\"https:\\\/\\\/www.repam.net\\\/es\\\/llamado-al-tratado-de-cobustibles-fosiles\\\/#primaryimage\"},\"thumbnailUrl\":\"https:\\\/\\\/www.repam.net\\\/es\\\/wp-content\\\/uploads\\\/2026\\\/04\\\/WhatsApp-Image-2026-04-27-at-4.17.45-PM-edited.jpeg\",\"keywords\":[\"Amazon\u00eda\",\"Colombia\",\"Derechos Humanos\",\"Ecolog\u00eda Integral\",\"REPAM\"],\"articleSection\":[\"Noticias\"],\"inLanguage\":\"es-CO\"},{\"@type\":\"WebPage\",\"@id\":\"https:\\\/\\\/www.repam.net\\\/es\\\/llamado-al-tratado-de-cobustibles-fosiles\\\/\",\"url\":\"https:\\\/\\\/www.repam.net\\\/es\\\/llamado-al-tratado-de-cobustibles-fosiles\\\/\",\"name\":\"Coalici\u00f3n Ecum\u00e9nica Interreligiosa y Ecoespiritual del sur global hace un llamado justo al Tratado sobre Combustibles F\u00f3siles - REPAM\",\"isPartOf\":{\"@id\":\"https:\\\/\\\/www.repam.net\\\/es\\\/#website\"},\"primaryImageOfPage\":{\"@id\":\"https:\\\/\\\/www.repam.net\\\/es\\\/llamado-al-tratado-de-cobustibles-fosiles\\\/#primaryimage\"},\"image\":{\"@id\":\"https:\\\/\\\/www.repam.net\\\/es\\\/llamado-al-tratado-de-cobustibles-fosiles\\\/#primaryimage\"},\"thumbnailUrl\":\"https:\\\/\\\/www.repam.net\\\/es\\\/wp-content\\\/uploads\\\/2026\\\/04\\\/WhatsApp-Image-2026-04-27-at-4.17.45-PM-edited.jpeg\",\"datePublished\":\"2026-04-27T21:29:12+00:00\",\"dateModified\":\"2026-04-27T21:29:14+00:00\",\"description\":\"Los eventos que se han desarrollado en Santa Marta alrededor de la I Conferencia Internacional para la Transici\u00f3n m\u00e1s all\u00e1 de los Combustibles F\u00f3siles, han contado con espacios en donde organizaciones religiosas del sur global debaten y reflexionan sobre el tema. Es as\u00ed, que se han emitido un documento, en el que se da cuenta de acciones, necesarias a ejecutar dentro de un tratado internacional sobre el uso de carb\u00f3n, petr\u00f3leo y gas.\",\"breadcrumb\":{\"@id\":\"https:\\\/\\\/www.repam.net\\\/es\\\/llamado-al-tratado-de-cobustibles-fosiles\\\/#breadcrumb\"},\"inLanguage\":\"es-CO\",\"potentialAction\":[{\"@type\":\"ReadAction\",\"target\":[\"https:\\\/\\\/www.repam.net\\\/es\\\/llamado-al-tratado-de-cobustibles-fosiles\\\/\"]}]},{\"@type\":\"ImageObject\",\"inLanguage\":\"es-CO\",\"@id\":\"https:\\\/\\\/www.repam.net\\\/es\\\/llamado-al-tratado-de-cobustibles-fosiles\\\/#primaryimage\",\"url\":\"https:\\\/\\\/www.repam.net\\\/es\\\/wp-content\\\/uploads\\\/2026\\\/04\\\/WhatsApp-Image-2026-04-27-at-4.17.45-PM-edited.jpeg\",\"contentUrl\":\"https:\\\/\\\/www.repam.net\\\/es\\\/wp-content\\\/uploads\\\/2026\\\/04\\\/WhatsApp-Image-2026-04-27-at-4.17.45-PM-edited.jpeg\",\"width\":1600,\"height\":900},{\"@type\":\"BreadcrumbList\",\"@id\":\"https:\\\/\\\/www.repam.net\\\/es\\\/llamado-al-tratado-de-cobustibles-fosiles\\\/#breadcrumb\",\"itemListElement\":[{\"@type\":\"ListItem\",\"position\":1,\"name\":\"Inicio\",\"item\":\"https:\\\/\\\/www.repam.net\\\/es\\\/\"},{\"@type\":\"ListItem\",\"position\":2,\"name\":\"Coalici\u00f3n Ecum\u00e9nica Interreligiosa y Ecoespiritual del sur global hace un llamado justo al Tratado sobre Combustibles F\u00f3siles\"}]},{\"@type\":\"WebSite\",\"@id\":\"https:\\\/\\\/www.repam.net\\\/es\\\/#website\",\"url\":\"https:\\\/\\\/www.repam.net\\\/es\\\/\",\"name\":\"REPAM\",\"description\":\"Red Eclesial Panamaz\u00f3nica\",\"publisher\":{\"@id\":\"https:\\\/\\\/www.repam.net\\\/es\\\/#organization\"},\"potentialAction\":[{\"@type\":\"SearchAction\",\"target\":{\"@type\":\"EntryPoint\",\"urlTemplate\":\"https:\\\/\\\/www.repam.net\\\/es\\\/?s={search_term_string}\"},\"query-input\":{\"@type\":\"PropertyValueSpecification\",\"valueRequired\":true,\"valueName\":\"search_term_string\"}}],\"inLanguage\":\"es-CO\"},{\"@type\":\"Organization\",\"@id\":\"https:\\\/\\\/www.repam.net\\\/es\\\/#organization\",\"name\":\"REPAM\",\"url\":\"https:\\\/\\\/www.repam.net\\\/es\\\/\",\"logo\":{\"@type\":\"ImageObject\",\"inLanguage\":\"es-CO\",\"@id\":\"https:\\\/\\\/www.repam.net\\\/es\\\/#\\\/schema\\\/logo\\\/image\\\/\",\"url\":\"https:\\\/\\\/www.repam.net\\\/es\\\/wp-content\\\/uploads\\\/2021\\\/11\\\/cropped-favicon.png\",\"contentUrl\":\"https:\\\/\\\/www.repam.net\\\/es\\\/wp-content\\\/uploads\\\/2021\\\/11\\\/cropped-favicon.png\",\"width\":512,\"height\":512,\"caption\":\"REPAM\"},\"image\":{\"@id\":\"https:\\\/\\\/www.repam.net\\\/es\\\/#\\\/schema\\\/logo\\\/image\\\/\"}},{\"@type\":\"Person\",\"@id\":\"https:\\\/\\\/www.repam.net\\\/es\\\/#\\\/schema\\\/person\\\/0c828bf04cf1abe6016cbe752c76a033\",\"name\":\"repam@adm\",\"image\":{\"@type\":\"ImageObject\",\"inLanguage\":\"es-CO\",\"@id\":\"https:\\\/\\\/secure.gravatar.com\\\/avatar\\\/b18234ea6de5d74563e52ca7bfdad9d2b029b514c935b38a2790717abf8f2e5f?s=96&d=mm&r=g\",\"url\":\"https:\\\/\\\/secure.gravatar.com\\\/avatar\\\/b18234ea6de5d74563e52ca7bfdad9d2b029b514c935b38a2790717abf8f2e5f?s=96&d=mm&r=g\",\"contentUrl\":\"https:\\\/\\\/secure.gravatar.com\\\/avatar\\\/b18234ea6de5d74563e52ca7bfdad9d2b029b514c935b38a2790717abf8f2e5f?s=96&d=mm&r=g\",\"caption\":\"repam@adm\"},\"sameAs\":[\"http:\\\/\\\/repam.net\"],\"url\":\"https:\\\/\\\/www.repam.net\\\/es\\\/author\\\/repamadm\\\/\"}]}<\/script>\n<!-- \/ Yoast SEO plugin. -->","yoast_head_json":{"title":"Coalici\u00f3n Ecum\u00e9nica Interreligiosa y Ecoespiritual del sur global hace un llamado justo al Tratado sobre Combustibles F\u00f3siles - REPAM","description":"Los eventos que se han desarrollado en Santa Marta alrededor de la I Conferencia Internacional para la Transici\u00f3n m\u00e1s all\u00e1 de los Combustibles F\u00f3siles, han contado con espacios en donde organizaciones religiosas del sur global debaten y reflexionan sobre el tema. Es as\u00ed, que se han emitido un documento, en el que se da cuenta de acciones, necesarias a ejecutar dentro de un tratado internacional sobre el uso de carb\u00f3n, petr\u00f3leo y gas.","robots":{"index":"index","follow":"follow","max-snippet":"max-snippet:-1","max-image-preview":"max-image-preview:large","max-video-preview":"max-video-preview:-1"},"canonical":"https:\/\/www.repam.net\/es\/llamado-al-tratado-de-cobustibles-fosiles\/","og_locale":"es_ES","og_type":"article","og_title":"Coalici\u00f3n Ecum\u00e9nica Interreligiosa y Ecoespiritual del sur global hace un llamado justo al Tratado sobre Combustibles F\u00f3siles - REPAM","og_description":"Los eventos que se han desarrollado en Santa Marta alrededor de la I Conferencia Internacional para la Transici\u00f3n m\u00e1s all\u00e1 de los Combustibles F\u00f3siles, han contado con espacios en donde organizaciones religiosas del sur global debaten y reflexionan sobre el tema. Es as\u00ed, que se han emitido un documento, en el que se da cuenta de acciones, necesarias a ejecutar dentro de un tratado internacional sobre el uso de carb\u00f3n, petr\u00f3leo y gas.","og_url":"https:\/\/www.repam.net\/es\/llamado-al-tratado-de-cobustibles-fosiles\/","og_site_name":"REPAM","article_published_time":"2026-04-27T21:29:12+00:00","article_modified_time":"2026-04-27T21:29:14+00:00","og_image":[{"width":1600,"height":900,"url":"https:\/\/www.repam.net\/es\/wp-content\/uploads\/2026\/04\/WhatsApp-Image-2026-04-27-at-4.17.45-PM-edited.jpeg","type":"image\/jpeg"}],"author":"repam@adm","twitter_card":"summary_large_image","twitter_misc":{"Escrito por":"repam@adm","Tiempo de lectura":"3 minutos"},"schema":{"@context":"https:\/\/schema.org","@graph":[{"@type":"Article","@id":"https:\/\/www.repam.net\/es\/llamado-al-tratado-de-cobustibles-fosiles\/#article","isPartOf":{"@id":"https:\/\/www.repam.net\/es\/llamado-al-tratado-de-cobustibles-fosiles\/"},"author":{"name":"repam@adm","@id":"https:\/\/www.repam.net\/es\/#\/schema\/person\/0c828bf04cf1abe6016cbe752c76a033"},"headline":"Coalici\u00f3n Ecum\u00e9nica Interreligiosa y Ecoespiritual del sur global hace un llamado justo al Tratado sobre Combustibles F\u00f3siles","datePublished":"2026-04-27T21:29:12+00:00","dateModified":"2026-04-27T21:29:14+00:00","mainEntityOfPage":{"@id":"https:\/\/www.repam.net\/es\/llamado-al-tratado-de-cobustibles-fosiles\/"},"wordCount":645,"publisher":{"@id":"https:\/\/www.repam.net\/es\/#organization"},"image":{"@id":"https:\/\/www.repam.net\/es\/llamado-al-tratado-de-cobustibles-fosiles\/#primaryimage"},"thumbnailUrl":"https:\/\/www.repam.net\/es\/wp-content\/uploads\/2026\/04\/WhatsApp-Image-2026-04-27-at-4.17.45-PM-edited.jpeg","keywords":["Amazon\u00eda","Colombia","Derechos Humanos","Ecolog\u00eda Integral","REPAM"],"articleSection":["Noticias"],"inLanguage":"es-CO"},{"@type":"WebPage","@id":"https:\/\/www.repam.net\/es\/llamado-al-tratado-de-cobustibles-fosiles\/","url":"https:\/\/www.repam.net\/es\/llamado-al-tratado-de-cobustibles-fosiles\/","name":"Coalici\u00f3n Ecum\u00e9nica Interreligiosa y Ecoespiritual del sur global hace un llamado justo al Tratado sobre Combustibles F\u00f3siles - REPAM","isPartOf":{"@id":"https:\/\/www.repam.net\/es\/#website"},"primaryImageOfPage":{"@id":"https:\/\/www.repam.net\/es\/llamado-al-tratado-de-cobustibles-fosiles\/#primaryimage"},"image":{"@id":"https:\/\/www.repam.net\/es\/llamado-al-tratado-de-cobustibles-fosiles\/#primaryimage"},"thumbnailUrl":"https:\/\/www.repam.net\/es\/wp-content\/uploads\/2026\/04\/WhatsApp-Image-2026-04-27-at-4.17.45-PM-edited.jpeg","datePublished":"2026-04-27T21:29:12+00:00","dateModified":"2026-04-27T21:29:14+00:00","description":"Los eventos que se han desarrollado en Santa Marta alrededor de la I Conferencia Internacional para la Transici\u00f3n m\u00e1s all\u00e1 de los Combustibles F\u00f3siles, han contado con espacios en donde organizaciones religiosas del sur global debaten y reflexionan sobre el tema. Es as\u00ed, que se han emitido un documento, en el que se da cuenta de acciones, necesarias a ejecutar dentro de un tratado internacional sobre el uso de carb\u00f3n, petr\u00f3leo y gas.","breadcrumb":{"@id":"https:\/\/www.repam.net\/es\/llamado-al-tratado-de-cobustibles-fosiles\/#breadcrumb"},"inLanguage":"es-CO","potentialAction":[{"@type":"ReadAction","target":["https:\/\/www.repam.net\/es\/llamado-al-tratado-de-cobustibles-fosiles\/"]}]},{"@type":"ImageObject","inLanguage":"es-CO","@id":"https:\/\/www.repam.net\/es\/llamado-al-tratado-de-cobustibles-fosiles\/#primaryimage","url":"https:\/\/www.repam.net\/es\/wp-content\/uploads\/2026\/04\/WhatsApp-Image-2026-04-27-at-4.17.45-PM-edited.jpeg","contentUrl":"https:\/\/www.repam.net\/es\/wp-content\/uploads\/2026\/04\/WhatsApp-Image-2026-04-27-at-4.17.45-PM-edited.jpeg","width":1600,"height":900},{"@type":"BreadcrumbList","@id":"https:\/\/www.repam.net\/es\/llamado-al-tratado-de-cobustibles-fosiles\/#breadcrumb","itemListElement":[{"@type":"ListItem","position":1,"name":"Inicio","item":"https:\/\/www.repam.net\/es\/"},{"@type":"ListItem","position":2,"name":"Coalici\u00f3n Ecum\u00e9nica Interreligiosa y Ecoespiritual del sur global hace un llamado justo al Tratado sobre Combustibles F\u00f3siles"}]},{"@type":"WebSite","@id":"https:\/\/www.repam.net\/es\/#website","url":"https:\/\/www.repam.net\/es\/","name":"REPAM","description":"Red Eclesial Panamaz\u00f3nica","publisher":{"@id":"https:\/\/www.repam.net\/es\/#organization"},"potentialAction":[{"@type":"SearchAction","target":{"@type":"EntryPoint","urlTemplate":"https:\/\/www.repam.net\/es\/?s={search_term_string}"},"query-input":{"@type":"PropertyValueSpecification","valueRequired":true,"valueName":"search_term_string"}}],"inLanguage":"es-CO"},{"@type":"Organization","@id":"https:\/\/www.repam.net\/es\/#organization","name":"REPAM","url":"https:\/\/www.repam.net\/es\/","logo":{"@type":"ImageObject","inLanguage":"es-CO","@id":"https:\/\/www.repam.net\/es\/#\/schema\/logo\/image\/","url":"https:\/\/www.repam.net\/es\/wp-content\/uploads\/2021\/11\/cropped-favicon.png","contentUrl":"https:\/\/www.repam.net\/es\/wp-content\/uploads\/2021\/11\/cropped-favicon.png","width":512,"height":512,"caption":"REPAM"},"image":{"@id":"https:\/\/www.repam.net\/es\/#\/schema\/logo\/image\/"}},{"@type":"Person","@id":"https:\/\/www.repam.net\/es\/#\/schema\/person\/0c828bf04cf1abe6016cbe752c76a033","name":"repam@adm","image":{"@type":"ImageObject","inLanguage":"es-CO","@id":"https:\/\/secure.gravatar.com\/avatar\/b18234ea6de5d74563e52ca7bfdad9d2b029b514c935b38a2790717abf8f2e5f?s=96&d=mm&r=g","url":"https:\/\/secure.gravatar.com\/avatar\/b18234ea6de5d74563e52ca7bfdad9d2b029b514c935b38a2790717abf8f2e5f?s=96&d=mm&r=g","contentUrl":"https:\/\/secure.gravatar.com\/avatar\/b18234ea6de5d74563e52ca7bfdad9d2b029b514c935b38a2790717abf8f2e5f?s=96&d=mm&r=g","caption":"repam@adm"},"sameAs":["http:\/\/repam.net"],"url":"https:\/\/www.repam.net\/es\/author\/repamadm\/"}]}},"_links":{"self":[{"href":"https:\/\/www.repam.net\/es\/wp-json\/wp\/v2\/posts\/13135","targetHints":{"allow":["GET"]}}],"collection":[{"href":"https:\/\/www.repam.net\/es\/wp-json\/wp\/v2\/posts"}],"about":[{"href":"https:\/\/www.repam.net\/es\/wp-json\/wp\/v2\/types\/post"}],"author":[{"embeddable":true,"href":"https:\/\/www.repam.net\/es\/wp-json\/wp\/v2\/users\/1"}],"replies":[{"embeddable":true,"href":"https:\/\/www.repam.net\/es\/wp-json\/wp\/v2\/comments?post=13135"}],"version-history":[{"count":1,"href":"https:\/\/www.repam.net\/es\/wp-json\/wp\/v2\/posts\/13135\/revisions"}],"predecessor-version":[{"id":13139,"href":"https:\/\/www.repam.net\/es\/wp-json\/wp\/v2\/posts\/13135\/revisions\/13139"}],"wp:featuredmedia":[{"embeddable":true,"href":"https:\/\/www.repam.net\/es\/wp-json\/wp\/v2\/media\/13137"}],"wp:attachment":[{"href":"https:\/\/www.repam.net\/es\/wp-json\/wp\/v2\/media?parent=13135"}],"wp:term":[{"taxonomy":"category","embeddable":true,"href":"https:\/\/www.repam.net\/es\/wp-json\/wp\/v2\/categories?post=13135"},{"taxonomy":"post_tag","embeddable":true,"href":"https:\/\/www.repam.net\/es\/wp-json\/wp\/v2\/tags?post=13135"}],"curies":[{"name":"wp","href":"https:\/\/api.w.org\/{rel}","templated":true}]}}