{"id":13140,"date":"2026-04-27T16:52:05","date_gmt":"2026-04-27T21:52:05","guid":{"rendered":"https:\/\/www.repam.net\/es\/?p=13140"},"modified":"2026-04-27T18:10:17","modified_gmt":"2026-04-27T23:10:17","slug":"iglesia-con-voz-clara-y-fuerte","status":"publish","type":"post","link":"https:\/\/www.repam.net\/es\/iglesia-con-voz-clara-y-fuerte\/","title":{"rendered":"\u201cUna Iglesia con voz clara y fuerte\u201d"},"content":{"rendered":"\n<h5 class=\"wp-block-heading\"><strong>Las Redes de Ecolog\u00eda Integral de las Am\u00e9ricas se encuentran con la Misi\u00f3n Permanente de la Santa Sede ante las Naciones Unidas y con el Arzobispo de Nueva York<\/strong><\/h5>\n\n\n<div class=\"wp-block-image\">\n<figure class=\"aligncenter size-large\"><img loading=\"lazy\" decoding=\"async\" width=\"1600\" height=\"900\" src=\"https:\/\/www.repam.net\/es\/wp-content\/uploads\/2026\/04\/WhatsApp-Image-2026-04-27-at-4.46.12-PM-edited.jpeg\" alt=\"\" class=\"wp-image-13142\" srcset=\"https:\/\/www.repam.net\/es\/wp-content\/uploads\/2026\/04\/WhatsApp-Image-2026-04-27-at-4.46.12-PM-edited.jpeg 1600w, https:\/\/www.repam.net\/es\/wp-content\/uploads\/2026\/04\/WhatsApp-Image-2026-04-27-at-4.46.12-PM-edited-300x169.jpeg 300w, https:\/\/www.repam.net\/es\/wp-content\/uploads\/2026\/04\/WhatsApp-Image-2026-04-27-at-4.46.12-PM-edited-1024x576.jpeg 1024w, https:\/\/www.repam.net\/es\/wp-content\/uploads\/2026\/04\/WhatsApp-Image-2026-04-27-at-4.46.12-PM-edited-768x432.jpeg 768w, https:\/\/www.repam.net\/es\/wp-content\/uploads\/2026\/04\/WhatsApp-Image-2026-04-27-at-4.46.12-PM-edited-1536x864.jpeg 1536w\" sizes=\"auto, (max-width: 1600px) 100vw, 1600px\" \/><figcaption class=\"wp-element-caption\"> <br><\/figcaption><\/figure>\n<\/div>\n\n\n<p>Manhattan, domingo 26 de abril de 2026<\/p>\n\n\n\n<p><strong><em>Por: Sonia Olea Ferreras, REPAM y C\u00e1ritas Espa\u00f1ola<\/em><\/strong><\/p>\n\n\n\n<h5 class=\"wp-block-heading\"><strong>Patricia Gualinga, REPAM y REGCHAG comparten balance del Foro Ind\u00edgena con el Arzobispo Hicks<\/strong><\/h5>\n\n\n\n<p>Durante la semana hemos llevado a cabo diversos espacios de encuentro para sensibilizar e informar sobre las vulneraciones de derechos humanos, colectivos y de la naturaleza que viven los pueblos en las diferentes cuencas de las Am\u00e9ricas. Han sido fundamentales, en especial en los que nos hemos encontrado con las congregaciones religiosas que trabajan en Naciones Unidas. Igualmente, la oportunidad vivida hoy de compartir la Misa Solemne de las 10.15 en Sant Patrick, y despu\u00e9s ser acogidos por Monse\u00f1or Ronald en su residencia. Ha sido un espacio \u00fanico que las lideresas se llevan en su coraz\u00f3n para transmitir a sus pueblos.<\/p>\n\n\n\n<p>La compa\u00f1\u00eda de Patricia Gualinga, que reci\u00e9n estrenaba su membres\u00eda en el Foro Permanente el pasado lunes 20 de abril tras terminar su mandato como vicepresidenta de la CEAMA; ha reforzado el caminar de la Iglesia al lado de las comunidades. As\u00ed tambi\u00e9n la necesidad de apoyar las propuestas que estos d\u00edas han resonado por los pasillos de las Naciones Unidas para que la realidad de dolor, descarte e invisibilizaci\u00f3n que viven tantas personas, llegue a otros espacios donde nuestros pastores pueden alzar su voz y empujar para seguir avanzando en la construcci\u00f3n de otro mundo posible.<\/p>\n\n\n\n<p>Monse\u00f1or Ronald, con una importante experiencia en Centro Am\u00e9rica, ha escuchado con mucha atenci\u00f3n la situaci\u00f3n de los pueblos Mb\u00fda Guaran\u00ed y Nawa en las voces de Keyla y Lucila. Realidades de territorios masacrados y expoliados; de culturas y lenguas discriminadas, de naturaleza arrasada y aguas contaminadas. El dolor de las mujeres se reflejaba en el rostro de Monse\u00f1or y sus palabras han sido consuelo, y tambi\u00e9n esperanza, recordando con Le\u00f3n XIV que la voz de la Iglesia ha de ser fuerte y clara, al lado de las personas y pueblos que m\u00e1s sufren. Como cierre de nuestra presencia de este a\u00f1o, hemos podido compartirle del trabajo de ecolog\u00eda integral de las redes eclesiales, en especial el relacionado con la incidencia pol\u00edtica ante Naciones Unidas y los momentos de sensibilizaci\u00f3n y compartir llevados a cabo en otras actividades fuera de los oficiales de estos d\u00edas.<\/p>\n\n\n\n<h5 class=\"wp-block-heading\"><strong>Encuentro con la Oficina de la Misi\u00f3n Permanente de la Santa Sede ante Naciones Unidas en Nueva York<\/strong><\/h5>\n\n\n<div class=\"wp-block-image\">\n<figure class=\"aligncenter size-large\"><img loading=\"lazy\" decoding=\"async\" width=\"1600\" height=\"901\" src=\"https:\/\/www.repam.net\/es\/wp-content\/uploads\/2026\/04\/WhatsApp-Image-2026-04-27-at-4.46.26-PM-edited.jpeg\" alt=\"\" class=\"wp-image-13144\" srcset=\"https:\/\/www.repam.net\/es\/wp-content\/uploads\/2026\/04\/WhatsApp-Image-2026-04-27-at-4.46.26-PM-edited.jpeg 1600w, https:\/\/www.repam.net\/es\/wp-content\/uploads\/2026\/04\/WhatsApp-Image-2026-04-27-at-4.46.26-PM-edited-300x169.jpeg 300w, https:\/\/www.repam.net\/es\/wp-content\/uploads\/2026\/04\/WhatsApp-Image-2026-04-27-at-4.46.26-PM-edited-1024x577.jpeg 1024w, https:\/\/www.repam.net\/es\/wp-content\/uploads\/2026\/04\/WhatsApp-Image-2026-04-27-at-4.46.26-PM-edited-768x432.jpeg 768w, https:\/\/www.repam.net\/es\/wp-content\/uploads\/2026\/04\/WhatsApp-Image-2026-04-27-at-4.46.26-PM-edited-1536x865.jpeg 1536w\" sizes=\"auto, (max-width: 1600px) 100vw, 1600px\" \/><\/figure>\n<\/div>\n\n\n<p>En la ma\u00f1ana del s\u00e1bado 25 de abril, tuvimos nuestro tradicional di\u00e1logo-caf\u00e9 con la Misi\u00f3n Permanente de las Naciones Unidas ante Nueva York. Este a\u00f1o justo en un momento de transici\u00f3n prepar\u00e1ndose para la llegada de un nuevo Nuncio. REMAM, REGCHAG y REPAM, y todas las lideresas acompa\u00f1adas en estos d\u00edas ante el Foro Permanente, pudimos compartir las acciones y reuniones llevadas a cabo y las propuestas presentadas en todos sus eventos internos y externos; adem\u00e1s, pusimos en com\u00fan ideas de trabajo conjunto para futuros Foros Permanentes y otros espacios de especial inter\u00e9s (agua, financiaci\u00f3n al desarrollo, pueblos afrodescendientes, COP\u2026) de las Naciones Unidas.<\/p>\n\n\n\n<p>Fue muy especial terminar con una oraci\u00f3n de acci\u00f3n de gracias y de env\u00edo a nuestros lugares de trabajo y lucha.<\/p>\n\n\n\n<p><\/p>\n","protected":false},"excerpt":{"rendered":"<p>Las Redes de Ecolog\u00eda Integral de las Am\u00e9ricas se encuentran con la Misi\u00f3n Permanente de la Santa Sede ante las Naciones Unidas y con el Arzobispo de Nueva York Manhattan, domingo 26 de abril de 2026 Por: Sonia Olea Ferreras, REPAM y C\u00e1ritas Espa\u00f1ola Patricia Gualinga, REPAM y REGCHAG comparten balance del Foro Ind\u00edgena con [&hellip;]<\/p>\n","protected":false},"author":1,"featured_media":13142,"comment_status":"closed","ping_status":"closed","sticky":false,"template":"","format":"standard","meta":{"_acf_changed":false,"_uf_show_specific_survey":0,"_uf_disable_surveys":false,"footnotes":""},"categories":[98,4],"tags":[33,52,16,9],"class_list":["post-13140","post","type-post","status-publish","format-standard","has-post-thumbnail","hentry","category-derechos-humanos","category-noticias","tag-amazonia","tag-derechos-humanos","tag-pueblos-indigenas","tag-repam"],"acf":[],"aioseo_notices":[],"yoast_head":"<!-- This site is optimized with the Yoast SEO plugin v27.4 - https:\/\/yoast.com\/product\/yoast-seo-wordpress\/ -->\n<title>\u201cUna Iglesia con voz clara y fuerte\u201d - REPAM<\/title>\n<meta name=\"description\" content=\"Las Redes de Ecolog\u00eda Integral de las Am\u00e9ricas se encuentran con la Misi\u00f3n Permanente de la Santa Sede ante las Naciones Unidas y con el Arzobispo de Nueva York.\" \/>\n<meta name=\"robots\" content=\"index, follow, max-snippet:-1, max-image-preview:large, max-video-preview:-1\" \/>\n<link rel=\"canonical\" href=\"https:\/\/www.repam.net\/es\/iglesia-con-voz-clara-y-fuerte\/\" \/>\n<meta property=\"og:locale\" content=\"es_ES\" \/>\n<meta property=\"og:type\" content=\"article\" \/>\n<meta property=\"og:title\" content=\"\u201cUna Iglesia con voz clara y fuerte\u201d - REPAM\" \/>\n<meta property=\"og:description\" content=\"Las Redes de Ecolog\u00eda Integral de las Am\u00e9ricas se encuentran con la Misi\u00f3n Permanente de la Santa Sede ante las Naciones Unidas y con el Arzobispo de Nueva York.\" \/>\n<meta property=\"og:url\" content=\"https:\/\/www.repam.net\/es\/iglesia-con-voz-clara-y-fuerte\/\" \/>\n<meta property=\"og:site_name\" content=\"REPAM\" \/>\n<meta property=\"article:published_time\" content=\"2026-04-27T21:52:05+00:00\" \/>\n<meta property=\"article:modified_time\" content=\"2026-04-27T23:10:17+00:00\" \/>\n<meta property=\"og:image\" content=\"https:\/\/www.repam.net\/es\/wp-content\/uploads\/2026\/04\/WhatsApp-Image-2026-04-27-at-4.46.12-PM-edited.jpeg\" \/>\n\t<meta property=\"og:image:width\" content=\"1600\" \/>\n\t<meta property=\"og:image:height\" content=\"900\" \/>\n\t<meta property=\"og:image:type\" content=\"image\/jpeg\" \/>\n<meta name=\"author\" content=\"repam@adm\" \/>\n<meta name=\"twitter:card\" content=\"summary_large_image\" \/>\n<meta name=\"twitter:label1\" content=\"Escrito por\" \/>\n\t<meta name=\"twitter:data1\" content=\"repam@adm\" \/>\n\t<meta name=\"twitter:label2\" content=\"Tiempo de lectura\" \/>\n\t<meta name=\"twitter:data2\" content=\"4 minutos\" \/>\n<script type=\"application\/ld+json\" class=\"yoast-schema-graph\">{\"@context\":\"https:\\\/\\\/schema.org\",\"@graph\":[{\"@type\":\"Article\",\"@id\":\"https:\\\/\\\/www.repam.net\\\/es\\\/iglesia-con-voz-clara-y-fuerte\\\/#article\",\"isPartOf\":{\"@id\":\"https:\\\/\\\/www.repam.net\\\/es\\\/iglesia-con-voz-clara-y-fuerte\\\/\"},\"author\":{\"name\":\"repam@adm\",\"@id\":\"https:\\\/\\\/www.repam.net\\\/es\\\/#\\\/schema\\\/person\\\/0c828bf04cf1abe6016cbe752c76a033\"},\"headline\":\"\u201cUna Iglesia con voz clara y fuerte\u201d\",\"datePublished\":\"2026-04-27T21:52:05+00:00\",\"dateModified\":\"2026-04-27T23:10:17+00:00\",\"mainEntityOfPage\":{\"@id\":\"https:\\\/\\\/www.repam.net\\\/es\\\/iglesia-con-voz-clara-y-fuerte\\\/\"},\"wordCount\":594,\"publisher\":{\"@id\":\"https:\\\/\\\/www.repam.net\\\/es\\\/#organization\"},\"image\":{\"@id\":\"https:\\\/\\\/www.repam.net\\\/es\\\/iglesia-con-voz-clara-y-fuerte\\\/#primaryimage\"},\"thumbnailUrl\":\"https:\\\/\\\/www.repam.net\\\/es\\\/wp-content\\\/uploads\\\/2026\\\/04\\\/WhatsApp-Image-2026-04-27-at-4.46.12-PM-edited.jpeg\",\"keywords\":[\"Amazon\u00eda\",\"Derechos Humanos\",\"pueblos ind\u00edgenas\",\"REPAM\"],\"articleSection\":[\"Derechos Humanos\",\"Noticias\"],\"inLanguage\":\"es-CO\"},{\"@type\":\"WebPage\",\"@id\":\"https:\\\/\\\/www.repam.net\\\/es\\\/iglesia-con-voz-clara-y-fuerte\\\/\",\"url\":\"https:\\\/\\\/www.repam.net\\\/es\\\/iglesia-con-voz-clara-y-fuerte\\\/\",\"name\":\"\u201cUna Iglesia con voz clara y fuerte\u201d - REPAM\",\"isPartOf\":{\"@id\":\"https:\\\/\\\/www.repam.net\\\/es\\\/#website\"},\"primaryImageOfPage\":{\"@id\":\"https:\\\/\\\/www.repam.net\\\/es\\\/iglesia-con-voz-clara-y-fuerte\\\/#primaryimage\"},\"image\":{\"@id\":\"https:\\\/\\\/www.repam.net\\\/es\\\/iglesia-con-voz-clara-y-fuerte\\\/#primaryimage\"},\"thumbnailUrl\":\"https:\\\/\\\/www.repam.net\\\/es\\\/wp-content\\\/uploads\\\/2026\\\/04\\\/WhatsApp-Image-2026-04-27-at-4.46.12-PM-edited.jpeg\",\"datePublished\":\"2026-04-27T21:52:05+00:00\",\"dateModified\":\"2026-04-27T23:10:17+00:00\",\"description\":\"Las Redes de Ecolog\u00eda Integral de las Am\u00e9ricas se encuentran con la Misi\u00f3n Permanente de la Santa Sede ante las Naciones Unidas y con el Arzobispo de Nueva York.\",\"breadcrumb\":{\"@id\":\"https:\\\/\\\/www.repam.net\\\/es\\\/iglesia-con-voz-clara-y-fuerte\\\/#breadcrumb\"},\"inLanguage\":\"es-CO\",\"potentialAction\":[{\"@type\":\"ReadAction\",\"target\":[\"https:\\\/\\\/www.repam.net\\\/es\\\/iglesia-con-voz-clara-y-fuerte\\\/\"]}]},{\"@type\":\"ImageObject\",\"inLanguage\":\"es-CO\",\"@id\":\"https:\\\/\\\/www.repam.net\\\/es\\\/iglesia-con-voz-clara-y-fuerte\\\/#primaryimage\",\"url\":\"https:\\\/\\\/www.repam.net\\\/es\\\/wp-content\\\/uploads\\\/2026\\\/04\\\/WhatsApp-Image-2026-04-27-at-4.46.12-PM-edited.jpeg\",\"contentUrl\":\"https:\\\/\\\/www.repam.net\\\/es\\\/wp-content\\\/uploads\\\/2026\\\/04\\\/WhatsApp-Image-2026-04-27-at-4.46.12-PM-edited.jpeg\",\"width\":1600,\"height\":900},{\"@type\":\"BreadcrumbList\",\"@id\":\"https:\\\/\\\/www.repam.net\\\/es\\\/iglesia-con-voz-clara-y-fuerte\\\/#breadcrumb\",\"itemListElement\":[{\"@type\":\"ListItem\",\"position\":1,\"name\":\"Inicio\",\"item\":\"https:\\\/\\\/www.repam.net\\\/es\\\/\"},{\"@type\":\"ListItem\",\"position\":2,\"name\":\"\u201cUna Iglesia con voz clara y fuerte\u201d\"}]},{\"@type\":\"WebSite\",\"@id\":\"https:\\\/\\\/www.repam.net\\\/es\\\/#website\",\"url\":\"https:\\\/\\\/www.repam.net\\\/es\\\/\",\"name\":\"REPAM\",\"description\":\"Red Eclesial Panamaz\u00f3nica\",\"publisher\":{\"@id\":\"https:\\\/\\\/www.repam.net\\\/es\\\/#organization\"},\"potentialAction\":[{\"@type\":\"SearchAction\",\"target\":{\"@type\":\"EntryPoint\",\"urlTemplate\":\"https:\\\/\\\/www.repam.net\\\/es\\\/?s={search_term_string}\"},\"query-input\":{\"@type\":\"PropertyValueSpecification\",\"valueRequired\":true,\"valueName\":\"search_term_string\"}}],\"inLanguage\":\"es-CO\"},{\"@type\":\"Organization\",\"@id\":\"https:\\\/\\\/www.repam.net\\\/es\\\/#organization\",\"name\":\"REPAM\",\"url\":\"https:\\\/\\\/www.repam.net\\\/es\\\/\",\"logo\":{\"@type\":\"ImageObject\",\"inLanguage\":\"es-CO\",\"@id\":\"https:\\\/\\\/www.repam.net\\\/es\\\/#\\\/schema\\\/logo\\\/image\\\/\",\"url\":\"https:\\\/\\\/www.repam.net\\\/es\\\/wp-content\\\/uploads\\\/2021\\\/11\\\/cropped-favicon.png\",\"contentUrl\":\"https:\\\/\\\/www.repam.net\\\/es\\\/wp-content\\\/uploads\\\/2021\\\/11\\\/cropped-favicon.png\",\"width\":512,\"height\":512,\"caption\":\"REPAM\"},\"image\":{\"@id\":\"https:\\\/\\\/www.repam.net\\\/es\\\/#\\\/schema\\\/logo\\\/image\\\/\"}},{\"@type\":\"Person\",\"@id\":\"https:\\\/\\\/www.repam.net\\\/es\\\/#\\\/schema\\\/person\\\/0c828bf04cf1abe6016cbe752c76a033\",\"name\":\"repam@adm\",\"image\":{\"@type\":\"ImageObject\",\"inLanguage\":\"es-CO\",\"@id\":\"https:\\\/\\\/secure.gravatar.com\\\/avatar\\\/b18234ea6de5d74563e52ca7bfdad9d2b029b514c935b38a2790717abf8f2e5f?s=96&d=mm&r=g\",\"url\":\"https:\\\/\\\/secure.gravatar.com\\\/avatar\\\/b18234ea6de5d74563e52ca7bfdad9d2b029b514c935b38a2790717abf8f2e5f?s=96&d=mm&r=g\",\"contentUrl\":\"https:\\\/\\\/secure.gravatar.com\\\/avatar\\\/b18234ea6de5d74563e52ca7bfdad9d2b029b514c935b38a2790717abf8f2e5f?s=96&d=mm&r=g\",\"caption\":\"repam@adm\"},\"sameAs\":[\"http:\\\/\\\/repam.net\"],\"url\":\"https:\\\/\\\/www.repam.net\\\/es\\\/author\\\/repamadm\\\/\"}]}<\/script>\n<!-- \/ Yoast SEO plugin. -->","yoast_head_json":{"title":"\u201cUna Iglesia con voz clara y fuerte\u201d - REPAM","description":"Las Redes de Ecolog\u00eda Integral de las Am\u00e9ricas se encuentran con la Misi\u00f3n Permanente de la Santa Sede ante las Naciones Unidas y con el Arzobispo de Nueva York.","robots":{"index":"index","follow":"follow","max-snippet":"max-snippet:-1","max-image-preview":"max-image-preview:large","max-video-preview":"max-video-preview:-1"},"canonical":"https:\/\/www.repam.net\/es\/iglesia-con-voz-clara-y-fuerte\/","og_locale":"es_ES","og_type":"article","og_title":"\u201cUna Iglesia con voz clara y fuerte\u201d - REPAM","og_description":"Las Redes de Ecolog\u00eda Integral de las Am\u00e9ricas se encuentran con la Misi\u00f3n Permanente de la Santa Sede ante las Naciones Unidas y con el Arzobispo de Nueva York.","og_url":"https:\/\/www.repam.net\/es\/iglesia-con-voz-clara-y-fuerte\/","og_site_name":"REPAM","article_published_time":"2026-04-27T21:52:05+00:00","article_modified_time":"2026-04-27T23:10:17+00:00","og_image":[{"width":1600,"height":900,"url":"https:\/\/www.repam.net\/es\/wp-content\/uploads\/2026\/04\/WhatsApp-Image-2026-04-27-at-4.46.12-PM-edited.jpeg","type":"image\/jpeg"}],"author":"repam@adm","twitter_card":"summary_large_image","twitter_misc":{"Escrito por":"repam@adm","Tiempo de lectura":"4 minutos"},"schema":{"@context":"https:\/\/schema.org","@graph":[{"@type":"Article","@id":"https:\/\/www.repam.net\/es\/iglesia-con-voz-clara-y-fuerte\/#article","isPartOf":{"@id":"https:\/\/www.repam.net\/es\/iglesia-con-voz-clara-y-fuerte\/"},"author":{"name":"repam@adm","@id":"https:\/\/www.repam.net\/es\/#\/schema\/person\/0c828bf04cf1abe6016cbe752c76a033"},"headline":"\u201cUna Iglesia con voz clara y fuerte\u201d","datePublished":"2026-04-27T21:52:05+00:00","dateModified":"2026-04-27T23:10:17+00:00","mainEntityOfPage":{"@id":"https:\/\/www.repam.net\/es\/iglesia-con-voz-clara-y-fuerte\/"},"wordCount":594,"publisher":{"@id":"https:\/\/www.repam.net\/es\/#organization"},"image":{"@id":"https:\/\/www.repam.net\/es\/iglesia-con-voz-clara-y-fuerte\/#primaryimage"},"thumbnailUrl":"https:\/\/www.repam.net\/es\/wp-content\/uploads\/2026\/04\/WhatsApp-Image-2026-04-27-at-4.46.12-PM-edited.jpeg","keywords":["Amazon\u00eda","Derechos Humanos","pueblos ind\u00edgenas","REPAM"],"articleSection":["Derechos Humanos","Noticias"],"inLanguage":"es-CO"},{"@type":"WebPage","@id":"https:\/\/www.repam.net\/es\/iglesia-con-voz-clara-y-fuerte\/","url":"https:\/\/www.repam.net\/es\/iglesia-con-voz-clara-y-fuerte\/","name":"\u201cUna Iglesia con voz clara y fuerte\u201d - REPAM","isPartOf":{"@id":"https:\/\/www.repam.net\/es\/#website"},"primaryImageOfPage":{"@id":"https:\/\/www.repam.net\/es\/iglesia-con-voz-clara-y-fuerte\/#primaryimage"},"image":{"@id":"https:\/\/www.repam.net\/es\/iglesia-con-voz-clara-y-fuerte\/#primaryimage"},"thumbnailUrl":"https:\/\/www.repam.net\/es\/wp-content\/uploads\/2026\/04\/WhatsApp-Image-2026-04-27-at-4.46.12-PM-edited.jpeg","datePublished":"2026-04-27T21:52:05+00:00","dateModified":"2026-04-27T23:10:17+00:00","description":"Las Redes de Ecolog\u00eda Integral de las Am\u00e9ricas se encuentran con la Misi\u00f3n Permanente de la Santa Sede ante las Naciones Unidas y con el Arzobispo de Nueva York.","breadcrumb":{"@id":"https:\/\/www.repam.net\/es\/iglesia-con-voz-clara-y-fuerte\/#breadcrumb"},"inLanguage":"es-CO","potentialAction":[{"@type":"ReadAction","target":["https:\/\/www.repam.net\/es\/iglesia-con-voz-clara-y-fuerte\/"]}]},{"@type":"ImageObject","inLanguage":"es-CO","@id":"https:\/\/www.repam.net\/es\/iglesia-con-voz-clara-y-fuerte\/#primaryimage","url":"https:\/\/www.repam.net\/es\/wp-content\/uploads\/2026\/04\/WhatsApp-Image-2026-04-27-at-4.46.12-PM-edited.jpeg","contentUrl":"https:\/\/www.repam.net\/es\/wp-content\/uploads\/2026\/04\/WhatsApp-Image-2026-04-27-at-4.46.12-PM-edited.jpeg","width":1600,"height":900},{"@type":"BreadcrumbList","@id":"https:\/\/www.repam.net\/es\/iglesia-con-voz-clara-y-fuerte\/#breadcrumb","itemListElement":[{"@type":"ListItem","position":1,"name":"Inicio","item":"https:\/\/www.repam.net\/es\/"},{"@type":"ListItem","position":2,"name":"\u201cUna Iglesia con voz clara y fuerte\u201d"}]},{"@type":"WebSite","@id":"https:\/\/www.repam.net\/es\/#website","url":"https:\/\/www.repam.net\/es\/","name":"REPAM","description":"Red Eclesial Panamaz\u00f3nica","publisher":{"@id":"https:\/\/www.repam.net\/es\/#organization"},"potentialAction":[{"@type":"SearchAction","target":{"@type":"EntryPoint","urlTemplate":"https:\/\/www.repam.net\/es\/?s={search_term_string}"},"query-input":{"@type":"PropertyValueSpecification","valueRequired":true,"valueName":"search_term_string"}}],"inLanguage":"es-CO"},{"@type":"Organization","@id":"https:\/\/www.repam.net\/es\/#organization","name":"REPAM","url":"https:\/\/www.repam.net\/es\/","logo":{"@type":"ImageObject","inLanguage":"es-CO","@id":"https:\/\/www.repam.net\/es\/#\/schema\/logo\/image\/","url":"https:\/\/www.repam.net\/es\/wp-content\/uploads\/2021\/11\/cropped-favicon.png","contentUrl":"https:\/\/www.repam.net\/es\/wp-content\/uploads\/2021\/11\/cropped-favicon.png","width":512,"height":512,"caption":"REPAM"},"image":{"@id":"https:\/\/www.repam.net\/es\/#\/schema\/logo\/image\/"}},{"@type":"Person","@id":"https:\/\/www.repam.net\/es\/#\/schema\/person\/0c828bf04cf1abe6016cbe752c76a033","name":"repam@adm","image":{"@type":"ImageObject","inLanguage":"es-CO","@id":"https:\/\/secure.gravatar.com\/avatar\/b18234ea6de5d74563e52ca7bfdad9d2b029b514c935b38a2790717abf8f2e5f?s=96&d=mm&r=g","url":"https:\/\/secure.gravatar.com\/avatar\/b18234ea6de5d74563e52ca7bfdad9d2b029b514c935b38a2790717abf8f2e5f?s=96&d=mm&r=g","contentUrl":"https:\/\/secure.gravatar.com\/avatar\/b18234ea6de5d74563e52ca7bfdad9d2b029b514c935b38a2790717abf8f2e5f?s=96&d=mm&r=g","caption":"repam@adm"},"sameAs":["http:\/\/repam.net"],"url":"https:\/\/www.repam.net\/es\/author\/repamadm\/"}]}},"_links":{"self":[{"href":"https:\/\/www.repam.net\/es\/wp-json\/wp\/v2\/posts\/13140","targetHints":{"allow":["GET"]}}],"collection":[{"href":"https:\/\/www.repam.net\/es\/wp-json\/wp\/v2\/posts"}],"about":[{"href":"https:\/\/www.repam.net\/es\/wp-json\/wp\/v2\/types\/post"}],"author":[{"embeddable":true,"href":"https:\/\/www.repam.net\/es\/wp-json\/wp\/v2\/users\/1"}],"replies":[{"embeddable":true,"href":"https:\/\/www.repam.net\/es\/wp-json\/wp\/v2\/comments?post=13140"}],"version-history":[{"count":4,"href":"https:\/\/www.repam.net\/es\/wp-json\/wp\/v2\/posts\/13140\/revisions"}],"predecessor-version":[{"id":13150,"href":"https:\/\/www.repam.net\/es\/wp-json\/wp\/v2\/posts\/13140\/revisions\/13150"}],"wp:featuredmedia":[{"embeddable":true,"href":"https:\/\/www.repam.net\/es\/wp-json\/wp\/v2\/media\/13142"}],"wp:attachment":[{"href":"https:\/\/www.repam.net\/es\/wp-json\/wp\/v2\/media?parent=13140"}],"wp:term":[{"taxonomy":"category","embeddable":true,"href":"https:\/\/www.repam.net\/es\/wp-json\/wp\/v2\/categories?post=13140"},{"taxonomy":"post_tag","embeddable":true,"href":"https:\/\/www.repam.net\/es\/wp-json\/wp\/v2\/tags?post=13140"}],"curies":[{"name":"wp","href":"https:\/\/api.w.org\/{rel}","templated":true}]}}