{"id":13151,"date":"2026-04-27T18:35:02","date_gmt":"2026-04-27T23:35:02","guid":{"rendered":"https:\/\/www.repam.net\/es\/?p=13151"},"modified":"2026-04-27T18:35:03","modified_gmt":"2026-04-27T23:35:03","slug":"ecuentro-de-redes-con-patricia-gualinga","status":"publish","type":"post","link":"https:\/\/www.repam.net\/es\/ecuentro-de-redes-con-patricia-gualinga\/","title":{"rendered":"Extractivismo, criminalizaci\u00f3n y crisis clim\u00e1tica marcan el encuentro de redes con Patricia Gualinga en el Foro de la ONU"},"content":{"rendered":"<div class=\"wp-block-image\">\n<figure class=\"aligncenter size-large\"><img loading=\"lazy\" decoding=\"async\" width=\"1280\" height=\"720\" src=\"https:\/\/www.repam.net\/es\/wp-content\/uploads\/2026\/04\/WhatsApp-Image-2026-04-27-at-6.28.34-PM-edited.jpeg\" alt=\"\" class=\"wp-image-13153\" srcset=\"https:\/\/www.repam.net\/es\/wp-content\/uploads\/2026\/04\/WhatsApp-Image-2026-04-27-at-6.28.34-PM-edited.jpeg 1280w, https:\/\/www.repam.net\/es\/wp-content\/uploads\/2026\/04\/WhatsApp-Image-2026-04-27-at-6.28.34-PM-edited-300x169.jpeg 300w, https:\/\/www.repam.net\/es\/wp-content\/uploads\/2026\/04\/WhatsApp-Image-2026-04-27-at-6.28.34-PM-edited-1024x576.jpeg 1024w, https:\/\/www.repam.net\/es\/wp-content\/uploads\/2026\/04\/WhatsApp-Image-2026-04-27-at-6.28.34-PM-edited-768x432.jpeg 768w\" sizes=\"auto, (max-width: 1280px) 100vw, 1280px\" \/><\/figure>\n<\/div>\n\n\n<blockquote class=\"wp-block-quote is-layout-flow wp-block-quote-is-layout-flow\">\n<p><em>Representantes de REGCHAG, REMAM y REPAM dialogaron con la lideresa ind\u00edgena sobre los principales desaf\u00edos globales que enfrentan los pueblos en sus territorios y la necesidad de fortalecer la incidencia internacional.<\/em><\/p>\n<\/blockquote>\n\n\n\n<p><strong>Por: Comunicaciones REGCHAG, REMAM y REPAM.<\/strong><\/p>\n\n\n\n<p>En el marco de la 25\u00aa sesi\u00f3n del Foro Permanente de las Naciones Unidas sobre Cuestiones Ind\u00edgenas, que se desarrolla en Nueva York, delegaciones de la Red Eclesial Gran Chaco y Acu\u00edfero Guaran\u00ed, la Red Eclesial Ecol\u00f3gica Mesoamericana y la Red Eclesial Panamaz\u00f3nica participaron de un encuentro con la lideresa ind\u00edgena Patricia Gualinga, en el que se compartieron preocupaciones, experiencias y desaf\u00edos comunes en torno a la defensa de los territorios ind\u00edgenas. El espacio de di\u00e1logo se desarroll\u00f3 en la antesala del Foro y reuni\u00f3 a representantes de distintas redes territoriales y organizaciones aliadas, en una instancia de intercambio que permiti\u00f3 reconocer la convergencia de las luchas ind\u00edgenas a nivel global. Desde \u00c1frica, Asia, el \u00c1rtico y Am\u00e9rica Latina, las intervenciones coincidieron en un diagn\u00f3stico compartido, los territorios ind\u00edgenas son hoy los m\u00e1s presionados por los intereses extractivos.<\/p>\n\n\n\n<p>Durante el encuentro, Patricia Gualinga expuso parte de la agenda que impulsa en el \u00e1mbito internacional y reafirm\u00f3 su compromiso con la defensa de los pueblos ind\u00edgenas. Al mismo tiempo, advirti\u00f3 sobre un contexto preocupante dentro del propio sistema de Naciones Unidas, marcado por recortes presupuestarios que podr\u00edan afectar la continuidad y el alcance de espacios de participaci\u00f3n como el Foro Permanente, fundamentales para la incidencia de los pueblos a nivel global. Uno de los ejes centrales de la conversaci\u00f3n fue el avance del extractivismo sobre los territorios ind\u00edgenas. Las delegaciones coincidieron en que esta problem\u00e1tica se repite en distintas regiones del mundo, donde los pueblos enfrentan presiones crecientes para la explotaci\u00f3n de recursos naturales. Esta situaci\u00f3n, se\u00f1alaron, se traduce en violencia, amenazas, criminalizaci\u00f3n y desplazamientos, afectando de manera directa la vida de las comunidades.<\/p>\n\n\n\n<p>En este contexto, se destac\u00f3 que las luchas de los pueblos ind\u00edgenas comparten un mismo n\u00facleo, la defensa del territorio como condici\u00f3n para la vida. La falta de seguridad territorial, la expansi\u00f3n de actividades como la miner\u00eda, la explotaci\u00f3n forestal y el agronegocio, as\u00ed como la profundizaci\u00f3n de la crisis clim\u00e1tica, configuran un escenario com\u00fan que atraviesa a los territorios en distintas latitudes. Durante su intervenci\u00f3n en el Foro, Gualinga tambi\u00e9n subray\u00f3 el creciente reconocimiento internacional del rol de los pueblos ind\u00edgenas como custodios del medio ambiente. Record\u00f3 que instancias como la Corte Internacional de Justicia y la Corte Interamericana de Derechos Humanos han validado sus sistemas de conocimiento y su aporte a la protecci\u00f3n de la biodiversidad, especialmente en regiones como la Amazon\u00eda, donde la conservaci\u00f3n de grandes \u00e1reas de bosque est\u00e1 directamente vinculada a la presencia ind\u00edgena.<\/p>\n\n\n\n<p>En esa l\u00ednea, insisti\u00f3 en que los conocimientos ind\u00edgenas deben ser reconocidos como aportes fundamentales para la acci\u00f3n clim\u00e1tica, y que la participaci\u00f3n de los pueblos en los espacios de toma de decisiones debe ser real y efectiva, superando enfoques meramente simb\u00f3licos. Asimismo, alert\u00f3 sobre las contradicciones que se presentan en el marco de la llamada econom\u00eda verde. Proyectos vinculados a energ\u00edas renovables y otras iniciativas consideradas sostenibles contin\u00faan generando impactos negativos en territorios ind\u00edgenas cuando se implementan sin el consentimiento libre, previo e informado, reproduciendo l\u00f3gicas de despojo bajo nuevos discursos.<\/p>\n\n\n\n<p>El encuentro tambi\u00e9n permiti\u00f3 compartir las realidades concretas que enfrentan los pueblos en sus territorios. Desde distintas regiones, las delegaciones coincidieron en que las problem\u00e1ticas vinculadas a la crisis ambiental, el acceso a los recursos naturales y la defensa de los derechos colectivos forman parte de una misma lucha global. Para las redes participantes, este espacio de di\u00e1logo represent\u00f3 una oportunidad para fortalecer alianzas, articular estrategias y reafirmar el compromiso con la defensa de los derechos humanos y la incidencia pol\u00edtica en Am\u00e9rica Latina. La participaci\u00f3n conjunta de REGCHAG, REMAM y REPAM en el Foro Permanente responde a una apuesta por consolidar una voz articulada que lleve a escenarios internacionales las demandas que emergen desde los territorios.<\/p>\n\n\n\n<p><\/p>\n","protected":false},"excerpt":{"rendered":"<p>Representantes de REGCHAG, REMAM y REPAM dialogaron con la lideresa ind\u00edgena sobre los principales desaf\u00edos globales que enfrentan los pueblos en sus territorios y la necesidad de fortalecer la incidencia internacional. Por: Comunicaciones REGCHAG, REMAM y REPAM. En el marco de la 25\u00aa sesi\u00f3n del Foro Permanente de las Naciones Unidas sobre Cuestiones Ind\u00edgenas, que [&hellip;]<\/p>\n","protected":false},"author":1,"featured_media":13153,"comment_status":"closed","ping_status":"closed","sticky":false,"template":"","format":"standard","meta":{"_acf_changed":false,"_uf_show_specific_survey":0,"_uf_disable_surveys":false,"footnotes":""},"categories":[98,4],"tags":[33,52,1228,16,9],"class_list":["post-13151","post","type-post","status-publish","format-standard","has-post-thumbnail","hentry","category-derechos-humanos","category-noticias","tag-amazonia","tag-derechos-humanos","tag-naciones-unidas","tag-pueblos-indigenas","tag-repam"],"acf":[],"aioseo_notices":[],"yoast_head":"<!-- This site is optimized with the Yoast SEO plugin v27.4 - https:\/\/yoast.com\/product\/yoast-seo-wordpress\/ -->\n<title>Extractivismo, criminalizaci\u00f3n y crisis clim\u00e1tica marcan el encuentro de redes con Patricia Gualinga en el Foro de la ONU - REPAM<\/title>\n<meta name=\"description\" content=\"Representantes de REGCHAG, REMAM y REPAM dialogaron con la lideresa ind\u00edgena sobre los principales desaf\u00edos globales que enfrentan los pueblos en sus territorios y la necesidad de fortalecer la incidencia internacional.\" \/>\n<meta name=\"robots\" content=\"index, follow, max-snippet:-1, max-image-preview:large, max-video-preview:-1\" \/>\n<link rel=\"canonical\" href=\"https:\/\/www.repam.net\/es\/ecuentro-de-redes-con-patricia-gualinga\/\" \/>\n<meta property=\"og:locale\" content=\"es_ES\" \/>\n<meta property=\"og:type\" content=\"article\" \/>\n<meta property=\"og:title\" content=\"Extractivismo, criminalizaci\u00f3n y crisis clim\u00e1tica marcan el encuentro de redes con Patricia Gualinga en el Foro de la ONU - REPAM\" \/>\n<meta property=\"og:description\" content=\"Representantes de REGCHAG, REMAM y REPAM dialogaron con la lideresa ind\u00edgena sobre los principales desaf\u00edos globales que enfrentan los pueblos en sus territorios y la necesidad de fortalecer la incidencia internacional.\" \/>\n<meta property=\"og:url\" content=\"https:\/\/www.repam.net\/es\/ecuentro-de-redes-con-patricia-gualinga\/\" \/>\n<meta property=\"og:site_name\" content=\"REPAM\" \/>\n<meta property=\"article:published_time\" content=\"2026-04-27T23:35:02+00:00\" \/>\n<meta property=\"article:modified_time\" content=\"2026-04-27T23:35:03+00:00\" \/>\n<meta property=\"og:image\" content=\"https:\/\/www.repam.net\/es\/wp-content\/uploads\/2026\/04\/WhatsApp-Image-2026-04-27-at-6.28.34-PM-edited.jpeg\" \/>\n\t<meta property=\"og:image:width\" content=\"1280\" \/>\n\t<meta property=\"og:image:height\" content=\"720\" \/>\n\t<meta property=\"og:image:type\" content=\"image\/jpeg\" \/>\n<meta name=\"author\" content=\"repam@adm\" \/>\n<meta name=\"twitter:card\" content=\"summary_large_image\" \/>\n<meta name=\"twitter:label1\" content=\"Escrito por\" \/>\n\t<meta name=\"twitter:data1\" content=\"repam@adm\" \/>\n\t<meta name=\"twitter:label2\" content=\"Tiempo de lectura\" \/>\n\t<meta name=\"twitter:data2\" content=\"4 minutos\" \/>\n<script type=\"application\/ld+json\" class=\"yoast-schema-graph\">{\"@context\":\"https:\\\/\\\/schema.org\",\"@graph\":[{\"@type\":\"Article\",\"@id\":\"https:\\\/\\\/www.repam.net\\\/es\\\/ecuentro-de-redes-con-patricia-gualinga\\\/#article\",\"isPartOf\":{\"@id\":\"https:\\\/\\\/www.repam.net\\\/es\\\/ecuentro-de-redes-con-patricia-gualinga\\\/\"},\"author\":{\"name\":\"repam@adm\",\"@id\":\"https:\\\/\\\/www.repam.net\\\/es\\\/#\\\/schema\\\/person\\\/0c828bf04cf1abe6016cbe752c76a033\"},\"headline\":\"Extractivismo, criminalizaci\u00f3n y crisis clim\u00e1tica marcan el encuentro de redes con Patricia Gualinga en el Foro de la ONU\",\"datePublished\":\"2026-04-27T23:35:02+00:00\",\"dateModified\":\"2026-04-27T23:35:03+00:00\",\"mainEntityOfPage\":{\"@id\":\"https:\\\/\\\/www.repam.net\\\/es\\\/ecuentro-de-redes-con-patricia-gualinga\\\/\"},\"wordCount\":737,\"publisher\":{\"@id\":\"https:\\\/\\\/www.repam.net\\\/es\\\/#organization\"},\"image\":{\"@id\":\"https:\\\/\\\/www.repam.net\\\/es\\\/ecuentro-de-redes-con-patricia-gualinga\\\/#primaryimage\"},\"thumbnailUrl\":\"https:\\\/\\\/www.repam.net\\\/es\\\/wp-content\\\/uploads\\\/2026\\\/04\\\/WhatsApp-Image-2026-04-27-at-6.28.34-PM-edited.jpeg\",\"keywords\":[\"Amazon\u00eda\",\"Derechos Humanos\",\"Naciones Unidas\",\"pueblos ind\u00edgenas\",\"REPAM\"],\"articleSection\":[\"Derechos Humanos\",\"Noticias\"],\"inLanguage\":\"es-CO\"},{\"@type\":\"WebPage\",\"@id\":\"https:\\\/\\\/www.repam.net\\\/es\\\/ecuentro-de-redes-con-patricia-gualinga\\\/\",\"url\":\"https:\\\/\\\/www.repam.net\\\/es\\\/ecuentro-de-redes-con-patricia-gualinga\\\/\",\"name\":\"Extractivismo, criminalizaci\u00f3n y crisis clim\u00e1tica marcan el encuentro de redes con Patricia Gualinga en el Foro de la ONU - REPAM\",\"isPartOf\":{\"@id\":\"https:\\\/\\\/www.repam.net\\\/es\\\/#website\"},\"primaryImageOfPage\":{\"@id\":\"https:\\\/\\\/www.repam.net\\\/es\\\/ecuentro-de-redes-con-patricia-gualinga\\\/#primaryimage\"},\"image\":{\"@id\":\"https:\\\/\\\/www.repam.net\\\/es\\\/ecuentro-de-redes-con-patricia-gualinga\\\/#primaryimage\"},\"thumbnailUrl\":\"https:\\\/\\\/www.repam.net\\\/es\\\/wp-content\\\/uploads\\\/2026\\\/04\\\/WhatsApp-Image-2026-04-27-at-6.28.34-PM-edited.jpeg\",\"datePublished\":\"2026-04-27T23:35:02+00:00\",\"dateModified\":\"2026-04-27T23:35:03+00:00\",\"description\":\"Representantes de REGCHAG, REMAM y REPAM dialogaron con la lideresa ind\u00edgena sobre los principales desaf\u00edos globales que enfrentan los pueblos en sus territorios y la necesidad de fortalecer la incidencia internacional.\",\"breadcrumb\":{\"@id\":\"https:\\\/\\\/www.repam.net\\\/es\\\/ecuentro-de-redes-con-patricia-gualinga\\\/#breadcrumb\"},\"inLanguage\":\"es-CO\",\"potentialAction\":[{\"@type\":\"ReadAction\",\"target\":[\"https:\\\/\\\/www.repam.net\\\/es\\\/ecuentro-de-redes-con-patricia-gualinga\\\/\"]}]},{\"@type\":\"ImageObject\",\"inLanguage\":\"es-CO\",\"@id\":\"https:\\\/\\\/www.repam.net\\\/es\\\/ecuentro-de-redes-con-patricia-gualinga\\\/#primaryimage\",\"url\":\"https:\\\/\\\/www.repam.net\\\/es\\\/wp-content\\\/uploads\\\/2026\\\/04\\\/WhatsApp-Image-2026-04-27-at-6.28.34-PM-edited.jpeg\",\"contentUrl\":\"https:\\\/\\\/www.repam.net\\\/es\\\/wp-content\\\/uploads\\\/2026\\\/04\\\/WhatsApp-Image-2026-04-27-at-6.28.34-PM-edited.jpeg\",\"width\":1280,\"height\":720},{\"@type\":\"BreadcrumbList\",\"@id\":\"https:\\\/\\\/www.repam.net\\\/es\\\/ecuentro-de-redes-con-patricia-gualinga\\\/#breadcrumb\",\"itemListElement\":[{\"@type\":\"ListItem\",\"position\":1,\"name\":\"Inicio\",\"item\":\"https:\\\/\\\/www.repam.net\\\/es\\\/\"},{\"@type\":\"ListItem\",\"position\":2,\"name\":\"Extractivismo, criminalizaci\u00f3n y crisis clim\u00e1tica marcan el encuentro de redes con Patricia Gualinga en el Foro de la ONU\"}]},{\"@type\":\"WebSite\",\"@id\":\"https:\\\/\\\/www.repam.net\\\/es\\\/#website\",\"url\":\"https:\\\/\\\/www.repam.net\\\/es\\\/\",\"name\":\"REPAM\",\"description\":\"Red Eclesial Panamaz\u00f3nica\",\"publisher\":{\"@id\":\"https:\\\/\\\/www.repam.net\\\/es\\\/#organization\"},\"potentialAction\":[{\"@type\":\"SearchAction\",\"target\":{\"@type\":\"EntryPoint\",\"urlTemplate\":\"https:\\\/\\\/www.repam.net\\\/es\\\/?s={search_term_string}\"},\"query-input\":{\"@type\":\"PropertyValueSpecification\",\"valueRequired\":true,\"valueName\":\"search_term_string\"}}],\"inLanguage\":\"es-CO\"},{\"@type\":\"Organization\",\"@id\":\"https:\\\/\\\/www.repam.net\\\/es\\\/#organization\",\"name\":\"REPAM\",\"url\":\"https:\\\/\\\/www.repam.net\\\/es\\\/\",\"logo\":{\"@type\":\"ImageObject\",\"inLanguage\":\"es-CO\",\"@id\":\"https:\\\/\\\/www.repam.net\\\/es\\\/#\\\/schema\\\/logo\\\/image\\\/\",\"url\":\"https:\\\/\\\/www.repam.net\\\/es\\\/wp-content\\\/uploads\\\/2021\\\/11\\\/cropped-favicon.png\",\"contentUrl\":\"https:\\\/\\\/www.repam.net\\\/es\\\/wp-content\\\/uploads\\\/2021\\\/11\\\/cropped-favicon.png\",\"width\":512,\"height\":512,\"caption\":\"REPAM\"},\"image\":{\"@id\":\"https:\\\/\\\/www.repam.net\\\/es\\\/#\\\/schema\\\/logo\\\/image\\\/\"}},{\"@type\":\"Person\",\"@id\":\"https:\\\/\\\/www.repam.net\\\/es\\\/#\\\/schema\\\/person\\\/0c828bf04cf1abe6016cbe752c76a033\",\"name\":\"repam@adm\",\"image\":{\"@type\":\"ImageObject\",\"inLanguage\":\"es-CO\",\"@id\":\"https:\\\/\\\/secure.gravatar.com\\\/avatar\\\/b18234ea6de5d74563e52ca7bfdad9d2b029b514c935b38a2790717abf8f2e5f?s=96&d=mm&r=g\",\"url\":\"https:\\\/\\\/secure.gravatar.com\\\/avatar\\\/b18234ea6de5d74563e52ca7bfdad9d2b029b514c935b38a2790717abf8f2e5f?s=96&d=mm&r=g\",\"contentUrl\":\"https:\\\/\\\/secure.gravatar.com\\\/avatar\\\/b18234ea6de5d74563e52ca7bfdad9d2b029b514c935b38a2790717abf8f2e5f?s=96&d=mm&r=g\",\"caption\":\"repam@adm\"},\"sameAs\":[\"http:\\\/\\\/repam.net\"],\"url\":\"https:\\\/\\\/www.repam.net\\\/es\\\/author\\\/repamadm\\\/\"}]}<\/script>\n<!-- \/ Yoast SEO plugin. -->","yoast_head_json":{"title":"Extractivismo, criminalizaci\u00f3n y crisis clim\u00e1tica marcan el encuentro de redes con Patricia Gualinga en el Foro de la ONU - REPAM","description":"Representantes de REGCHAG, REMAM y REPAM dialogaron con la lideresa ind\u00edgena sobre los principales desaf\u00edos globales que enfrentan los pueblos en sus territorios y la necesidad de fortalecer la incidencia internacional.","robots":{"index":"index","follow":"follow","max-snippet":"max-snippet:-1","max-image-preview":"max-image-preview:large","max-video-preview":"max-video-preview:-1"},"canonical":"https:\/\/www.repam.net\/es\/ecuentro-de-redes-con-patricia-gualinga\/","og_locale":"es_ES","og_type":"article","og_title":"Extractivismo, criminalizaci\u00f3n y crisis clim\u00e1tica marcan el encuentro de redes con Patricia Gualinga en el Foro de la ONU - REPAM","og_description":"Representantes de REGCHAG, REMAM y REPAM dialogaron con la lideresa ind\u00edgena sobre los principales desaf\u00edos globales que enfrentan los pueblos en sus territorios y la necesidad de fortalecer la incidencia internacional.","og_url":"https:\/\/www.repam.net\/es\/ecuentro-de-redes-con-patricia-gualinga\/","og_site_name":"REPAM","article_published_time":"2026-04-27T23:35:02+00:00","article_modified_time":"2026-04-27T23:35:03+00:00","og_image":[{"width":1280,"height":720,"url":"https:\/\/www.repam.net\/es\/wp-content\/uploads\/2026\/04\/WhatsApp-Image-2026-04-27-at-6.28.34-PM-edited.jpeg","type":"image\/jpeg"}],"author":"repam@adm","twitter_card":"summary_large_image","twitter_misc":{"Escrito por":"repam@adm","Tiempo de lectura":"4 minutos"},"schema":{"@context":"https:\/\/schema.org","@graph":[{"@type":"Article","@id":"https:\/\/www.repam.net\/es\/ecuentro-de-redes-con-patricia-gualinga\/#article","isPartOf":{"@id":"https:\/\/www.repam.net\/es\/ecuentro-de-redes-con-patricia-gualinga\/"},"author":{"name":"repam@adm","@id":"https:\/\/www.repam.net\/es\/#\/schema\/person\/0c828bf04cf1abe6016cbe752c76a033"},"headline":"Extractivismo, criminalizaci\u00f3n y crisis clim\u00e1tica marcan el encuentro de redes con Patricia Gualinga en el Foro de la ONU","datePublished":"2026-04-27T23:35:02+00:00","dateModified":"2026-04-27T23:35:03+00:00","mainEntityOfPage":{"@id":"https:\/\/www.repam.net\/es\/ecuentro-de-redes-con-patricia-gualinga\/"},"wordCount":737,"publisher":{"@id":"https:\/\/www.repam.net\/es\/#organization"},"image":{"@id":"https:\/\/www.repam.net\/es\/ecuentro-de-redes-con-patricia-gualinga\/#primaryimage"},"thumbnailUrl":"https:\/\/www.repam.net\/es\/wp-content\/uploads\/2026\/04\/WhatsApp-Image-2026-04-27-at-6.28.34-PM-edited.jpeg","keywords":["Amazon\u00eda","Derechos Humanos","Naciones Unidas","pueblos ind\u00edgenas","REPAM"],"articleSection":["Derechos Humanos","Noticias"],"inLanguage":"es-CO"},{"@type":"WebPage","@id":"https:\/\/www.repam.net\/es\/ecuentro-de-redes-con-patricia-gualinga\/","url":"https:\/\/www.repam.net\/es\/ecuentro-de-redes-con-patricia-gualinga\/","name":"Extractivismo, criminalizaci\u00f3n y crisis clim\u00e1tica marcan el encuentro de redes con Patricia Gualinga en el Foro de la ONU - REPAM","isPartOf":{"@id":"https:\/\/www.repam.net\/es\/#website"},"primaryImageOfPage":{"@id":"https:\/\/www.repam.net\/es\/ecuentro-de-redes-con-patricia-gualinga\/#primaryimage"},"image":{"@id":"https:\/\/www.repam.net\/es\/ecuentro-de-redes-con-patricia-gualinga\/#primaryimage"},"thumbnailUrl":"https:\/\/www.repam.net\/es\/wp-content\/uploads\/2026\/04\/WhatsApp-Image-2026-04-27-at-6.28.34-PM-edited.jpeg","datePublished":"2026-04-27T23:35:02+00:00","dateModified":"2026-04-27T23:35:03+00:00","description":"Representantes de REGCHAG, REMAM y REPAM dialogaron con la lideresa ind\u00edgena sobre los principales desaf\u00edos globales que enfrentan los pueblos en sus territorios y la necesidad de fortalecer la incidencia internacional.","breadcrumb":{"@id":"https:\/\/www.repam.net\/es\/ecuentro-de-redes-con-patricia-gualinga\/#breadcrumb"},"inLanguage":"es-CO","potentialAction":[{"@type":"ReadAction","target":["https:\/\/www.repam.net\/es\/ecuentro-de-redes-con-patricia-gualinga\/"]}]},{"@type":"ImageObject","inLanguage":"es-CO","@id":"https:\/\/www.repam.net\/es\/ecuentro-de-redes-con-patricia-gualinga\/#primaryimage","url":"https:\/\/www.repam.net\/es\/wp-content\/uploads\/2026\/04\/WhatsApp-Image-2026-04-27-at-6.28.34-PM-edited.jpeg","contentUrl":"https:\/\/www.repam.net\/es\/wp-content\/uploads\/2026\/04\/WhatsApp-Image-2026-04-27-at-6.28.34-PM-edited.jpeg","width":1280,"height":720},{"@type":"BreadcrumbList","@id":"https:\/\/www.repam.net\/es\/ecuentro-de-redes-con-patricia-gualinga\/#breadcrumb","itemListElement":[{"@type":"ListItem","position":1,"name":"Inicio","item":"https:\/\/www.repam.net\/es\/"},{"@type":"ListItem","position":2,"name":"Extractivismo, criminalizaci\u00f3n y crisis clim\u00e1tica marcan el encuentro de redes con Patricia Gualinga en el Foro de la ONU"}]},{"@type":"WebSite","@id":"https:\/\/www.repam.net\/es\/#website","url":"https:\/\/www.repam.net\/es\/","name":"REPAM","description":"Red Eclesial Panamaz\u00f3nica","publisher":{"@id":"https:\/\/www.repam.net\/es\/#organization"},"potentialAction":[{"@type":"SearchAction","target":{"@type":"EntryPoint","urlTemplate":"https:\/\/www.repam.net\/es\/?s={search_term_string}"},"query-input":{"@type":"PropertyValueSpecification","valueRequired":true,"valueName":"search_term_string"}}],"inLanguage":"es-CO"},{"@type":"Organization","@id":"https:\/\/www.repam.net\/es\/#organization","name":"REPAM","url":"https:\/\/www.repam.net\/es\/","logo":{"@type":"ImageObject","inLanguage":"es-CO","@id":"https:\/\/www.repam.net\/es\/#\/schema\/logo\/image\/","url":"https:\/\/www.repam.net\/es\/wp-content\/uploads\/2021\/11\/cropped-favicon.png","contentUrl":"https:\/\/www.repam.net\/es\/wp-content\/uploads\/2021\/11\/cropped-favicon.png","width":512,"height":512,"caption":"REPAM"},"image":{"@id":"https:\/\/www.repam.net\/es\/#\/schema\/logo\/image\/"}},{"@type":"Person","@id":"https:\/\/www.repam.net\/es\/#\/schema\/person\/0c828bf04cf1abe6016cbe752c76a033","name":"repam@adm","image":{"@type":"ImageObject","inLanguage":"es-CO","@id":"https:\/\/secure.gravatar.com\/avatar\/b18234ea6de5d74563e52ca7bfdad9d2b029b514c935b38a2790717abf8f2e5f?s=96&d=mm&r=g","url":"https:\/\/secure.gravatar.com\/avatar\/b18234ea6de5d74563e52ca7bfdad9d2b029b514c935b38a2790717abf8f2e5f?s=96&d=mm&r=g","contentUrl":"https:\/\/secure.gravatar.com\/avatar\/b18234ea6de5d74563e52ca7bfdad9d2b029b514c935b38a2790717abf8f2e5f?s=96&d=mm&r=g","caption":"repam@adm"},"sameAs":["http:\/\/repam.net"],"url":"https:\/\/www.repam.net\/es\/author\/repamadm\/"}]}},"_links":{"self":[{"href":"https:\/\/www.repam.net\/es\/wp-json\/wp\/v2\/posts\/13151","targetHints":{"allow":["GET"]}}],"collection":[{"href":"https:\/\/www.repam.net\/es\/wp-json\/wp\/v2\/posts"}],"about":[{"href":"https:\/\/www.repam.net\/es\/wp-json\/wp\/v2\/types\/post"}],"author":[{"embeddable":true,"href":"https:\/\/www.repam.net\/es\/wp-json\/wp\/v2\/users\/1"}],"replies":[{"embeddable":true,"href":"https:\/\/www.repam.net\/es\/wp-json\/wp\/v2\/comments?post=13151"}],"version-history":[{"count":1,"href":"https:\/\/www.repam.net\/es\/wp-json\/wp\/v2\/posts\/13151\/revisions"}],"predecessor-version":[{"id":13154,"href":"https:\/\/www.repam.net\/es\/wp-json\/wp\/v2\/posts\/13151\/revisions\/13154"}],"wp:featuredmedia":[{"embeddable":true,"href":"https:\/\/www.repam.net\/es\/wp-json\/wp\/v2\/media\/13153"}],"wp:attachment":[{"href":"https:\/\/www.repam.net\/es\/wp-json\/wp\/v2\/media?parent=13151"}],"wp:term":[{"taxonomy":"category","embeddable":true,"href":"https:\/\/www.repam.net\/es\/wp-json\/wp\/v2\/categories?post=13151"},{"taxonomy":"post_tag","embeddable":true,"href":"https:\/\/www.repam.net\/es\/wp-json\/wp\/v2\/tags?post=13151"}],"curies":[{"name":"wp","href":"https:\/\/api.w.org\/{rel}","templated":true}]}}