{"id":13155,"date":"2026-04-28T16:55:44","date_gmt":"2026-04-28T21:55:44","guid":{"rendered":"https:\/\/www.repam.net\/es\/?p=13155"},"modified":"2026-04-28T17:25:57","modified_gmt":"2026-04-28T22:25:57","slug":"violencia-en-el-rio-corrientes","status":"publish","type":"post","link":"https:\/\/www.repam.net\/es\/violencia-en-el-rio-corrientes\/","title":{"rendered":"Preocupaci\u00f3n en Loreto por hechos de violencia. Obispo de Iquitos emite un pronunciamiento respecto a la dif\u00edcil situaci\u00f3n"},"content":{"rendered":"<div class=\"wp-block-image\">\n<figure class=\"aligncenter size-large\"><img loading=\"lazy\" decoding=\"async\" width=\"1091\" height=\"613\" src=\"https:\/\/www.repam.net\/es\/wp-content\/uploads\/2026\/04\/Rio-Corrientes-edited.png\" alt=\"\" class=\"wp-image-13157\" srcset=\"https:\/\/www.repam.net\/es\/wp-content\/uploads\/2026\/04\/Rio-Corrientes-edited.png 1091w, https:\/\/www.repam.net\/es\/wp-content\/uploads\/2026\/04\/Rio-Corrientes-edited-300x169.png 300w, https:\/\/www.repam.net\/es\/wp-content\/uploads\/2026\/04\/Rio-Corrientes-edited-1024x575.png 1024w, https:\/\/www.repam.net\/es\/wp-content\/uploads\/2026\/04\/Rio-Corrientes-edited-768x432.png 768w\" sizes=\"auto, (max-width: 1091px) 100vw, 1091px\" \/><figcaption class=\"wp-element-caption\">Foto: Salud con Lupa<\/figcaption><\/figure>\n<\/div>\n\n\n<blockquote class=\"wp-block-quote is-layout-flow wp-block-quote-is-layout-flow\">\n<p><em>Los medios locales y regionales reportan el fallecimiento de un Suboficial de la Polic\u00eda Nacional del Per\u00fa (PNP), luego de un enfrentamiento entre un contingente de la Unidad de Servicios Especiales de la PNP y miembros de la comunidad de Providencia, sector r\u00edo Corrientes, distrito de Trompeteros (Loreto, Per\u00fa). En este caso, tambi\u00e9n habr\u00eda personas heridas, retenidas e incluso desaparecidas.<\/em><\/p>\n<\/blockquote>\n\n\n\n<p><strong><em>Por: Equipo de Comunicaciones de REPAM<\/em><\/strong><\/p>\n\n\n\n<p>Los reportes period\u00edsticos dan cuenta de la retenci\u00f3n de siete tripulantes y una embarcaci\u00f3n petrolera que pertenece a la empresa RICSA, a la altura de la Comunidad Nativa de Providencia. Por un lado, la empresa levant\u00f3 denuncias ante la Fiscal\u00eda por los delitos de secuestro, extorsi\u00f3n, disturbios y entorpecimiento de servicios p\u00fablicos; se\u00f1alando que para la liberaci\u00f3n de la tripulaci\u00f3n, una barcaza y un remolcador, se exig\u00eda el pago de alrededor de 560 mil d\u00f3lares. Por otro lado, las comunidades ind\u00edgenas de la zona han reforzado, en las \u00faltimas semanas, el pedido de mayor presencia estatal para enfrentar los problemas de contaminaci\u00f3n, las afectaciones que se encuentran vinculadas a las actividades petroleras y el impacto social generado por las din\u00e1micas extractivistas.<\/p>\n\n\n\n<h5 class=\"wp-block-heading\"><strong>El impacto seg\u00fan los informes<\/strong><\/h5>\n\n\n\n<p>En el a\u00f1o 2022, el Ministerio de Energ\u00eda y Minas de Per\u00fa y el Programa de las Naciones Unidas para el Desarrollo (PNUD) publicaron un informe -respaldado en el Estudio T\u00e9cnico Independiente del Lote 8 (zona de extracci\u00f3n petrolera activa desde 1974)- que sustenta el impacto de la actividad extractiva: <em>\u201cTras 50 a\u00f1os de actividad petrolera, la zona se ha convertido en un escenario de degradaci\u00f3n ambiental sistem\u00e1tica, con ecosistemas fr\u00e1giles contaminados y comunidades con salud y servicios b\u00e1sicos vulnerados\u201d (La Rep\u00fablica, 2026). <\/em>Se ha se\u00f1alado, por parte de especialistas, que la aplicaci\u00f3n de pol\u00edticas p\u00fablicas, ligadas a la actividad petrolera, gener\u00f3 un ambiente de desconfianza ante las instituciones estatales; a ello, se suman los incumplimientos de reparaci\u00f3n ambiental, estableciendo una permanente crisis social.<\/p>\n\n\n\n<h5 class=\"wp-block-heading\"><strong>Una crisis ecol\u00f3gica y social<\/strong><\/h5>\n\n\n\n<p>El contexto permite recordar la enc\u00edclica Laudato Si\u2019, al entender que la ecolog\u00eda es una cuesti\u00f3n integral que pasa por: el medio ambiente, la dignidad humana, el contexto social y la cultura. En un pronunciamiento, emitido por Mons. Miguel \u00c1ngel Cadenas, obispo del Vicariato Apost\u00f3lico de Iquitos, se se\u00f1ala que <em>\u201cnada puede justificar la muerte\u2026esta desgarradora noticia visibiliza la violencia en la que vivimos\u2026Tenemos un cad\u00e1ver, varios heridos y desaparecidos a los que debemos a\u00f1adir sus familiares\u201d, <\/em>dando cuenta de la crisis social que impera en la mayor parte de la regi\u00f3n. Tambi\u00e9n, el Obispo del Vicariato de Iquitos establece a trav\u00e9s de su pronunciamiento que <em>\u201cOtra violencia, menos visible, pero igual de perturbadora, son los niveles de contaminaci\u00f3n de los cuerpos de los comuneros y la falta de tratamientos adecuados, sin olvidarnos de la pobreza multidimensional en la que viven y no se hace lo necesario para remediarla.\u201d<\/em><\/p>\n\n\n\n<p>El pronunciamiento tambi\u00e9n deja en evidencia el deterioro sufrido por el ecosistema desde hace d\u00e9cadas, confirmando que las zonas de impacto de los proyectos extractivos van mucho m\u00e1s all\u00e1 de las \u00e1reas de explotaci\u00f3n. Las plantas, los \u00e1rboles, los microrganismos, los animales y los peces se ven afectados por grandes niveles de contaminaci\u00f3n, incrementando la relaci\u00f3n e las comunidades con el ecosistema y vulnerando derechos fundamentales como el acceso a agua segura, a tener garant\u00edas de vida y a una alimentaci\u00f3n adecuada. El documento plantea dos preguntas muy acertadas y necesarias, que distintos sectores tienen la obligaci\u00f3n de responder: <em>\u00bfQu\u00e9 le diremos ahora a las familias del difunto y los heridos? \u00bfQu\u00e9 les diremos a los miembros de las comunidades que sienten en sus propias carnes la exclusi\u00f3n?<\/em><\/p>\n\n\n\n<p>Lea el pronunciamiento completo:<\/p>\n\n\n\n<div data-wp-interactive=\"core\/file\" class=\"wp-block-file aligncenter\"><object data-wp-bind--hidden=\"!state.hasPdfPreview\" hidden class=\"wp-block-file__embed\" data=\"https:\/\/www.repam.net\/es\/wp-content\/uploads\/2026\/04\/Violencia-en-el-Rio-Corrientes.pdf\" type=\"application\/pdf\" style=\"width:100%;height:600px\" aria-label=\"Incrustado de Violencia en el R\u00edo Corrientes.\"><\/object><a id=\"wp-block-file--media-3e1377d4-6cce-4ae8-9fa5-562e87b158e0\" href=\"https:\/\/www.repam.net\/es\/wp-content\/uploads\/2026\/04\/Violencia-en-el-Rio-Corrientes.pdf\">Violencia en el R\u00edo Corrientes<\/a><a href=\"https:\/\/www.repam.net\/es\/wp-content\/uploads\/2026\/04\/Violencia-en-el-Rio-Corrientes.pdf\" class=\"wp-block-file__button wp-element-button\" download aria-describedby=\"wp-block-file--media-3e1377d4-6cce-4ae8-9fa5-562e87b158e0\">Descargar<\/a><\/div>\n","protected":false},"excerpt":{"rendered":"<p>Los medios locales y regionales reportan el fallecimiento de un Suboficial de la Polic\u00eda Nacional del Per\u00fa (PNP), luego de un enfrentamiento entre un contingente de la Unidad de Servicios Especiales de la PNP y miembros de la comunidad de Providencia, sector r\u00edo Corrientes, distrito de Trompeteros (Loreto, Per\u00fa). En este caso, tambi\u00e9n habr\u00eda personas [&hellip;]<\/p>\n","protected":false},"author":1,"featured_media":13157,"comment_status":"closed","ping_status":"closed","sticky":false,"template":"","format":"standard","meta":{"_acf_changed":false,"_uf_show_specific_survey":0,"_uf_disable_surveys":false,"footnotes":""},"categories":[4],"tags":[33,52,81,8,9],"class_list":["post-13155","post","type-post","status-publish","format-standard","has-post-thumbnail","hentry","category-noticias","tag-amazonia","tag-derechos-humanos","tag-peru","tag-querida-amazonia","tag-repam"],"acf":[],"aioseo_notices":[],"yoast_head":"<!-- This site is optimized with the Yoast SEO plugin v27.4 - https:\/\/yoast.com\/product\/yoast-seo-wordpress\/ -->\n<title>Preocupaci\u00f3n en Loreto por hechos de violencia. Obispo de Iquitos emite un pronunciamiento respecto a la dif\u00edcil situaci\u00f3n - REPAM<\/title>\n<meta name=\"description\" content=\"Los medios locales y regionales reportan el fallecimiento de un Suboficial de la Polic\u00eda Nacional del Per\u00fa (PNP), luego de un enfrentamiento entre un contingente de la Unidad de Servicios Especiales de la PNP y miembros de la comunidad de Providencia, sector r\u00edo Corrientes, distrito de Trompeteros (Loreto, Per\u00fa). En este caso, tambi\u00e9n habr\u00eda personas heridas, retenidas e incluso desaparecidas.\" \/>\n<meta name=\"robots\" content=\"index, follow, max-snippet:-1, max-image-preview:large, max-video-preview:-1\" \/>\n<link rel=\"canonical\" href=\"https:\/\/www.repam.net\/es\/violencia-en-el-rio-corrientes\/\" \/>\n<meta property=\"og:locale\" content=\"es_ES\" \/>\n<meta property=\"og:type\" content=\"article\" \/>\n<meta property=\"og:title\" content=\"Preocupaci\u00f3n en Loreto por hechos de violencia. Obispo de Iquitos emite un pronunciamiento respecto a la dif\u00edcil situaci\u00f3n - REPAM\" \/>\n<meta property=\"og:description\" content=\"Los medios locales y regionales reportan el fallecimiento de un Suboficial de la Polic\u00eda Nacional del Per\u00fa (PNP), luego de un enfrentamiento entre un contingente de la Unidad de Servicios Especiales de la PNP y miembros de la comunidad de Providencia, sector r\u00edo Corrientes, distrito de Trompeteros (Loreto, Per\u00fa). En este caso, tambi\u00e9n habr\u00eda personas heridas, retenidas e incluso desaparecidas.\" \/>\n<meta property=\"og:url\" content=\"https:\/\/www.repam.net\/es\/violencia-en-el-rio-corrientes\/\" \/>\n<meta property=\"og:site_name\" content=\"REPAM\" \/>\n<meta property=\"article:published_time\" content=\"2026-04-28T21:55:44+00:00\" \/>\n<meta property=\"article:modified_time\" content=\"2026-04-28T22:25:57+00:00\" \/>\n<meta property=\"og:image\" content=\"https:\/\/www.repam.net\/es\/wp-content\/uploads\/2026\/04\/Rio-Corrientes-edited.png\" \/>\n\t<meta property=\"og:image:width\" content=\"1091\" \/>\n\t<meta property=\"og:image:height\" content=\"613\" \/>\n\t<meta property=\"og:image:type\" content=\"image\/png\" \/>\n<meta name=\"author\" content=\"repam@adm\" \/>\n<meta name=\"twitter:card\" content=\"summary_large_image\" \/>\n<meta name=\"twitter:label1\" content=\"Escrito por\" \/>\n\t<meta name=\"twitter:data1\" content=\"repam@adm\" \/>\n\t<meta name=\"twitter:label2\" content=\"Tiempo de lectura\" \/>\n\t<meta name=\"twitter:data2\" content=\"3 minutos\" \/>\n<script type=\"application\/ld+json\" class=\"yoast-schema-graph\">{\"@context\":\"https:\\\/\\\/schema.org\",\"@graph\":[{\"@type\":\"Article\",\"@id\":\"https:\\\/\\\/www.repam.net\\\/es\\\/violencia-en-el-rio-corrientes\\\/#article\",\"isPartOf\":{\"@id\":\"https:\\\/\\\/www.repam.net\\\/es\\\/violencia-en-el-rio-corrientes\\\/\"},\"author\":{\"name\":\"repam@adm\",\"@id\":\"https:\\\/\\\/www.repam.net\\\/es\\\/#\\\/schema\\\/person\\\/0c828bf04cf1abe6016cbe752c76a033\"},\"headline\":\"Preocupaci\u00f3n en Loreto por hechos de violencia. Obispo de Iquitos emite un pronunciamiento respecto a la dif\u00edcil situaci\u00f3n\",\"datePublished\":\"2026-04-28T21:55:44+00:00\",\"dateModified\":\"2026-04-28T22:25:57+00:00\",\"mainEntityOfPage\":{\"@id\":\"https:\\\/\\\/www.repam.net\\\/es\\\/violencia-en-el-rio-corrientes\\\/\"},\"wordCount\":687,\"publisher\":{\"@id\":\"https:\\\/\\\/www.repam.net\\\/es\\\/#organization\"},\"image\":{\"@id\":\"https:\\\/\\\/www.repam.net\\\/es\\\/violencia-en-el-rio-corrientes\\\/#primaryimage\"},\"thumbnailUrl\":\"https:\\\/\\\/www.repam.net\\\/es\\\/wp-content\\\/uploads\\\/2026\\\/04\\\/Rio-Corrientes-edited.png\",\"keywords\":[\"Amazon\u00eda\",\"Derechos Humanos\",\"Per\u00fa\",\"Querida Amazon\u00eda\",\"REPAM\"],\"articleSection\":[\"Noticias\"],\"inLanguage\":\"es-CO\"},{\"@type\":\"WebPage\",\"@id\":\"https:\\\/\\\/www.repam.net\\\/es\\\/violencia-en-el-rio-corrientes\\\/\",\"url\":\"https:\\\/\\\/www.repam.net\\\/es\\\/violencia-en-el-rio-corrientes\\\/\",\"name\":\"Preocupaci\u00f3n en Loreto por hechos de violencia. Obispo de Iquitos emite un pronunciamiento respecto a la dif\u00edcil situaci\u00f3n - REPAM\",\"isPartOf\":{\"@id\":\"https:\\\/\\\/www.repam.net\\\/es\\\/#website\"},\"primaryImageOfPage\":{\"@id\":\"https:\\\/\\\/www.repam.net\\\/es\\\/violencia-en-el-rio-corrientes\\\/#primaryimage\"},\"image\":{\"@id\":\"https:\\\/\\\/www.repam.net\\\/es\\\/violencia-en-el-rio-corrientes\\\/#primaryimage\"},\"thumbnailUrl\":\"https:\\\/\\\/www.repam.net\\\/es\\\/wp-content\\\/uploads\\\/2026\\\/04\\\/Rio-Corrientes-edited.png\",\"datePublished\":\"2026-04-28T21:55:44+00:00\",\"dateModified\":\"2026-04-28T22:25:57+00:00\",\"description\":\"Los medios locales y regionales reportan el fallecimiento de un Suboficial de la Polic\u00eda Nacional del Per\u00fa (PNP), luego de un enfrentamiento entre un contingente de la Unidad de Servicios Especiales de la PNP y miembros de la comunidad de Providencia, sector r\u00edo Corrientes, distrito de Trompeteros (Loreto, Per\u00fa). En este caso, tambi\u00e9n habr\u00eda personas heridas, retenidas e incluso desaparecidas.\",\"breadcrumb\":{\"@id\":\"https:\\\/\\\/www.repam.net\\\/es\\\/violencia-en-el-rio-corrientes\\\/#breadcrumb\"},\"inLanguage\":\"es-CO\",\"potentialAction\":[{\"@type\":\"ReadAction\",\"target\":[\"https:\\\/\\\/www.repam.net\\\/es\\\/violencia-en-el-rio-corrientes\\\/\"]}]},{\"@type\":\"ImageObject\",\"inLanguage\":\"es-CO\",\"@id\":\"https:\\\/\\\/www.repam.net\\\/es\\\/violencia-en-el-rio-corrientes\\\/#primaryimage\",\"url\":\"https:\\\/\\\/www.repam.net\\\/es\\\/wp-content\\\/uploads\\\/2026\\\/04\\\/Rio-Corrientes-edited.png\",\"contentUrl\":\"https:\\\/\\\/www.repam.net\\\/es\\\/wp-content\\\/uploads\\\/2026\\\/04\\\/Rio-Corrientes-edited.png\",\"width\":1091,\"height\":613},{\"@type\":\"BreadcrumbList\",\"@id\":\"https:\\\/\\\/www.repam.net\\\/es\\\/violencia-en-el-rio-corrientes\\\/#breadcrumb\",\"itemListElement\":[{\"@type\":\"ListItem\",\"position\":1,\"name\":\"Inicio\",\"item\":\"https:\\\/\\\/www.repam.net\\\/es\\\/\"},{\"@type\":\"ListItem\",\"position\":2,\"name\":\"Preocupaci\u00f3n en Loreto por hechos de violencia. Obispo de Iquitos emite un pronunciamiento respecto a la dif\u00edcil situaci\u00f3n\"}]},{\"@type\":\"WebSite\",\"@id\":\"https:\\\/\\\/www.repam.net\\\/es\\\/#website\",\"url\":\"https:\\\/\\\/www.repam.net\\\/es\\\/\",\"name\":\"REPAM\",\"description\":\"Red Eclesial Panamaz\u00f3nica\",\"publisher\":{\"@id\":\"https:\\\/\\\/www.repam.net\\\/es\\\/#organization\"},\"potentialAction\":[{\"@type\":\"SearchAction\",\"target\":{\"@type\":\"EntryPoint\",\"urlTemplate\":\"https:\\\/\\\/www.repam.net\\\/es\\\/?s={search_term_string}\"},\"query-input\":{\"@type\":\"PropertyValueSpecification\",\"valueRequired\":true,\"valueName\":\"search_term_string\"}}],\"inLanguage\":\"es-CO\"},{\"@type\":\"Organization\",\"@id\":\"https:\\\/\\\/www.repam.net\\\/es\\\/#organization\",\"name\":\"REPAM\",\"url\":\"https:\\\/\\\/www.repam.net\\\/es\\\/\",\"logo\":{\"@type\":\"ImageObject\",\"inLanguage\":\"es-CO\",\"@id\":\"https:\\\/\\\/www.repam.net\\\/es\\\/#\\\/schema\\\/logo\\\/image\\\/\",\"url\":\"https:\\\/\\\/www.repam.net\\\/es\\\/wp-content\\\/uploads\\\/2021\\\/11\\\/cropped-favicon.png\",\"contentUrl\":\"https:\\\/\\\/www.repam.net\\\/es\\\/wp-content\\\/uploads\\\/2021\\\/11\\\/cropped-favicon.png\",\"width\":512,\"height\":512,\"caption\":\"REPAM\"},\"image\":{\"@id\":\"https:\\\/\\\/www.repam.net\\\/es\\\/#\\\/schema\\\/logo\\\/image\\\/\"}},{\"@type\":\"Person\",\"@id\":\"https:\\\/\\\/www.repam.net\\\/es\\\/#\\\/schema\\\/person\\\/0c828bf04cf1abe6016cbe752c76a033\",\"name\":\"repam@adm\",\"image\":{\"@type\":\"ImageObject\",\"inLanguage\":\"es-CO\",\"@id\":\"https:\\\/\\\/secure.gravatar.com\\\/avatar\\\/b18234ea6de5d74563e52ca7bfdad9d2b029b514c935b38a2790717abf8f2e5f?s=96&d=mm&r=g\",\"url\":\"https:\\\/\\\/secure.gravatar.com\\\/avatar\\\/b18234ea6de5d74563e52ca7bfdad9d2b029b514c935b38a2790717abf8f2e5f?s=96&d=mm&r=g\",\"contentUrl\":\"https:\\\/\\\/secure.gravatar.com\\\/avatar\\\/b18234ea6de5d74563e52ca7bfdad9d2b029b514c935b38a2790717abf8f2e5f?s=96&d=mm&r=g\",\"caption\":\"repam@adm\"},\"sameAs\":[\"http:\\\/\\\/repam.net\"],\"url\":\"https:\\\/\\\/www.repam.net\\\/es\\\/author\\\/repamadm\\\/\"}]}<\/script>\n<!-- \/ Yoast SEO plugin. -->","yoast_head_json":{"title":"Preocupaci\u00f3n en Loreto por hechos de violencia. Obispo de Iquitos emite un pronunciamiento respecto a la dif\u00edcil situaci\u00f3n - REPAM","description":"Los medios locales y regionales reportan el fallecimiento de un Suboficial de la Polic\u00eda Nacional del Per\u00fa (PNP), luego de un enfrentamiento entre un contingente de la Unidad de Servicios Especiales de la PNP y miembros de la comunidad de Providencia, sector r\u00edo Corrientes, distrito de Trompeteros (Loreto, Per\u00fa). En este caso, tambi\u00e9n habr\u00eda personas heridas, retenidas e incluso desaparecidas.","robots":{"index":"index","follow":"follow","max-snippet":"max-snippet:-1","max-image-preview":"max-image-preview:large","max-video-preview":"max-video-preview:-1"},"canonical":"https:\/\/www.repam.net\/es\/violencia-en-el-rio-corrientes\/","og_locale":"es_ES","og_type":"article","og_title":"Preocupaci\u00f3n en Loreto por hechos de violencia. Obispo de Iquitos emite un pronunciamiento respecto a la dif\u00edcil situaci\u00f3n - REPAM","og_description":"Los medios locales y regionales reportan el fallecimiento de un Suboficial de la Polic\u00eda Nacional del Per\u00fa (PNP), luego de un enfrentamiento entre un contingente de la Unidad de Servicios Especiales de la PNP y miembros de la comunidad de Providencia, sector r\u00edo Corrientes, distrito de Trompeteros (Loreto, Per\u00fa). En este caso, tambi\u00e9n habr\u00eda personas heridas, retenidas e incluso desaparecidas.","og_url":"https:\/\/www.repam.net\/es\/violencia-en-el-rio-corrientes\/","og_site_name":"REPAM","article_published_time":"2026-04-28T21:55:44+00:00","article_modified_time":"2026-04-28T22:25:57+00:00","og_image":[{"width":1091,"height":613,"url":"https:\/\/www.repam.net\/es\/wp-content\/uploads\/2026\/04\/Rio-Corrientes-edited.png","type":"image\/png"}],"author":"repam@adm","twitter_card":"summary_large_image","twitter_misc":{"Escrito por":"repam@adm","Tiempo de lectura":"3 minutos"},"schema":{"@context":"https:\/\/schema.org","@graph":[{"@type":"Article","@id":"https:\/\/www.repam.net\/es\/violencia-en-el-rio-corrientes\/#article","isPartOf":{"@id":"https:\/\/www.repam.net\/es\/violencia-en-el-rio-corrientes\/"},"author":{"name":"repam@adm","@id":"https:\/\/www.repam.net\/es\/#\/schema\/person\/0c828bf04cf1abe6016cbe752c76a033"},"headline":"Preocupaci\u00f3n en Loreto por hechos de violencia. Obispo de Iquitos emite un pronunciamiento respecto a la dif\u00edcil situaci\u00f3n","datePublished":"2026-04-28T21:55:44+00:00","dateModified":"2026-04-28T22:25:57+00:00","mainEntityOfPage":{"@id":"https:\/\/www.repam.net\/es\/violencia-en-el-rio-corrientes\/"},"wordCount":687,"publisher":{"@id":"https:\/\/www.repam.net\/es\/#organization"},"image":{"@id":"https:\/\/www.repam.net\/es\/violencia-en-el-rio-corrientes\/#primaryimage"},"thumbnailUrl":"https:\/\/www.repam.net\/es\/wp-content\/uploads\/2026\/04\/Rio-Corrientes-edited.png","keywords":["Amazon\u00eda","Derechos Humanos","Per\u00fa","Querida Amazon\u00eda","REPAM"],"articleSection":["Noticias"],"inLanguage":"es-CO"},{"@type":"WebPage","@id":"https:\/\/www.repam.net\/es\/violencia-en-el-rio-corrientes\/","url":"https:\/\/www.repam.net\/es\/violencia-en-el-rio-corrientes\/","name":"Preocupaci\u00f3n en Loreto por hechos de violencia. Obispo de Iquitos emite un pronunciamiento respecto a la dif\u00edcil situaci\u00f3n - REPAM","isPartOf":{"@id":"https:\/\/www.repam.net\/es\/#website"},"primaryImageOfPage":{"@id":"https:\/\/www.repam.net\/es\/violencia-en-el-rio-corrientes\/#primaryimage"},"image":{"@id":"https:\/\/www.repam.net\/es\/violencia-en-el-rio-corrientes\/#primaryimage"},"thumbnailUrl":"https:\/\/www.repam.net\/es\/wp-content\/uploads\/2026\/04\/Rio-Corrientes-edited.png","datePublished":"2026-04-28T21:55:44+00:00","dateModified":"2026-04-28T22:25:57+00:00","description":"Los medios locales y regionales reportan el fallecimiento de un Suboficial de la Polic\u00eda Nacional del Per\u00fa (PNP), luego de un enfrentamiento entre un contingente de la Unidad de Servicios Especiales de la PNP y miembros de la comunidad de Providencia, sector r\u00edo Corrientes, distrito de Trompeteros (Loreto, Per\u00fa). En este caso, tambi\u00e9n habr\u00eda personas heridas, retenidas e incluso desaparecidas.","breadcrumb":{"@id":"https:\/\/www.repam.net\/es\/violencia-en-el-rio-corrientes\/#breadcrumb"},"inLanguage":"es-CO","potentialAction":[{"@type":"ReadAction","target":["https:\/\/www.repam.net\/es\/violencia-en-el-rio-corrientes\/"]}]},{"@type":"ImageObject","inLanguage":"es-CO","@id":"https:\/\/www.repam.net\/es\/violencia-en-el-rio-corrientes\/#primaryimage","url":"https:\/\/www.repam.net\/es\/wp-content\/uploads\/2026\/04\/Rio-Corrientes-edited.png","contentUrl":"https:\/\/www.repam.net\/es\/wp-content\/uploads\/2026\/04\/Rio-Corrientes-edited.png","width":1091,"height":613},{"@type":"BreadcrumbList","@id":"https:\/\/www.repam.net\/es\/violencia-en-el-rio-corrientes\/#breadcrumb","itemListElement":[{"@type":"ListItem","position":1,"name":"Inicio","item":"https:\/\/www.repam.net\/es\/"},{"@type":"ListItem","position":2,"name":"Preocupaci\u00f3n en Loreto por hechos de violencia. Obispo de Iquitos emite un pronunciamiento respecto a la dif\u00edcil situaci\u00f3n"}]},{"@type":"WebSite","@id":"https:\/\/www.repam.net\/es\/#website","url":"https:\/\/www.repam.net\/es\/","name":"REPAM","description":"Red Eclesial Panamaz\u00f3nica","publisher":{"@id":"https:\/\/www.repam.net\/es\/#organization"},"potentialAction":[{"@type":"SearchAction","target":{"@type":"EntryPoint","urlTemplate":"https:\/\/www.repam.net\/es\/?s={search_term_string}"},"query-input":{"@type":"PropertyValueSpecification","valueRequired":true,"valueName":"search_term_string"}}],"inLanguage":"es-CO"},{"@type":"Organization","@id":"https:\/\/www.repam.net\/es\/#organization","name":"REPAM","url":"https:\/\/www.repam.net\/es\/","logo":{"@type":"ImageObject","inLanguage":"es-CO","@id":"https:\/\/www.repam.net\/es\/#\/schema\/logo\/image\/","url":"https:\/\/www.repam.net\/es\/wp-content\/uploads\/2021\/11\/cropped-favicon.png","contentUrl":"https:\/\/www.repam.net\/es\/wp-content\/uploads\/2021\/11\/cropped-favicon.png","width":512,"height":512,"caption":"REPAM"},"image":{"@id":"https:\/\/www.repam.net\/es\/#\/schema\/logo\/image\/"}},{"@type":"Person","@id":"https:\/\/www.repam.net\/es\/#\/schema\/person\/0c828bf04cf1abe6016cbe752c76a033","name":"repam@adm","image":{"@type":"ImageObject","inLanguage":"es-CO","@id":"https:\/\/secure.gravatar.com\/avatar\/b18234ea6de5d74563e52ca7bfdad9d2b029b514c935b38a2790717abf8f2e5f?s=96&d=mm&r=g","url":"https:\/\/secure.gravatar.com\/avatar\/b18234ea6de5d74563e52ca7bfdad9d2b029b514c935b38a2790717abf8f2e5f?s=96&d=mm&r=g","contentUrl":"https:\/\/secure.gravatar.com\/avatar\/b18234ea6de5d74563e52ca7bfdad9d2b029b514c935b38a2790717abf8f2e5f?s=96&d=mm&r=g","caption":"repam@adm"},"sameAs":["http:\/\/repam.net"],"url":"https:\/\/www.repam.net\/es\/author\/repamadm\/"}]}},"_links":{"self":[{"href":"https:\/\/www.repam.net\/es\/wp-json\/wp\/v2\/posts\/13155","targetHints":{"allow":["GET"]}}],"collection":[{"href":"https:\/\/www.repam.net\/es\/wp-json\/wp\/v2\/posts"}],"about":[{"href":"https:\/\/www.repam.net\/es\/wp-json\/wp\/v2\/types\/post"}],"author":[{"embeddable":true,"href":"https:\/\/www.repam.net\/es\/wp-json\/wp\/v2\/users\/1"}],"replies":[{"embeddable":true,"href":"https:\/\/www.repam.net\/es\/wp-json\/wp\/v2\/comments?post=13155"}],"version-history":[{"count":2,"href":"https:\/\/www.repam.net\/es\/wp-json\/wp\/v2\/posts\/13155\/revisions"}],"predecessor-version":[{"id":13160,"href":"https:\/\/www.repam.net\/es\/wp-json\/wp\/v2\/posts\/13155\/revisions\/13160"}],"wp:featuredmedia":[{"embeddable":true,"href":"https:\/\/www.repam.net\/es\/wp-json\/wp\/v2\/media\/13157"}],"wp:attachment":[{"href":"https:\/\/www.repam.net\/es\/wp-json\/wp\/v2\/media?parent=13155"}],"wp:term":[{"taxonomy":"category","embeddable":true,"href":"https:\/\/www.repam.net\/es\/wp-json\/wp\/v2\/categories?post=13155"},{"taxonomy":"post_tag","embeddable":true,"href":"https:\/\/www.repam.net\/es\/wp-json\/wp\/v2\/tags?post=13155"}],"curies":[{"name":"wp","href":"https:\/\/api.w.org\/{rel}","templated":true}]}}