{"id":13161,"date":"2026-04-30T10:37:50","date_gmt":"2026-04-30T15:37:50","guid":{"rendered":"https:\/\/www.repam.net\/es\/?p=13161"},"modified":"2026-04-30T10:38:55","modified_gmt":"2026-04-30T15:38:55","slug":"replica-escuela-de-derechos-humanos-peru","status":"publish","type":"post","link":"https:\/\/www.repam.net\/es\/replica-escuela-de-derechos-humanos-peru\/","title":{"rendered":"Comunidad de Santa Teresita, en Per\u00fa, realiza la r\u00e9plica de la escuela de Derechos Humanos de la REPAM"},"content":{"rendered":"<div class=\"wp-block-image\">\n<figure class=\"aligncenter size-large\"><img loading=\"lazy\" decoding=\"async\" width=\"1280\" height=\"720\" src=\"https:\/\/www.repam.net\/es\/wp-content\/uploads\/2026\/04\/WhatsApp-Image-2026-04-30-at-10.28.27-AM-edited.jpeg\" alt=\"\" class=\"wp-image-13163\" srcset=\"https:\/\/www.repam.net\/es\/wp-content\/uploads\/2026\/04\/WhatsApp-Image-2026-04-30-at-10.28.27-AM-edited.jpeg 1280w, https:\/\/www.repam.net\/es\/wp-content\/uploads\/2026\/04\/WhatsApp-Image-2026-04-30-at-10.28.27-AM-edited-300x169.jpeg 300w, https:\/\/www.repam.net\/es\/wp-content\/uploads\/2026\/04\/WhatsApp-Image-2026-04-30-at-10.28.27-AM-edited-1024x576.jpeg 1024w, https:\/\/www.repam.net\/es\/wp-content\/uploads\/2026\/04\/WhatsApp-Image-2026-04-30-at-10.28.27-AM-edited-768x432.jpeg 768w\" sizes=\"auto, (max-width: 1280px) 100vw, 1280px\" \/><\/figure>\n<\/div>\n\n\n<blockquote class=\"wp-block-quote is-layout-flow wp-block-quote-is-layout-flow\">\n<p><em>Los d\u00edas 25 y 26 de abril se llev\u00f3 a cabo una r\u00e9plica de la Escuela para la Promoci\u00f3n, Defensa y Exigibilidad de los Derechos Humanos, en Sata Teresita (Hu\u00e1nuco, Per\u00fa). La actividad fue liderada por el apu Fernando Carpio Amaringo, presidente de la Federaci\u00f3n de las Comunidades Nativas de Puerto Inca (FECONAPIA), con el acompa\u00f1amiento de la Hna. Ana Mar\u00eda Palomino, vicepresidenta de la Red Eclesial Panamaz\u00f3nica (REPAM).<\/em><\/p>\n<\/blockquote>\n\n\n\n<p><strong><em>Por: Equipo de Comunicaciones de REPAM<\/em><\/strong><\/p>\n\n\n\n<p>Santa Teresita es una comunidad que en la actualidad se resiste a la entrada del extractivismo minero, una realidad que ya ha impactado la provincia de Puerto inca y contaminado el r\u00edo Pintuyacu. Alrededor de 30 personas participaron de este espacio, fomentado por la REPAM y acogido por la comunidad nativa. Esta jurisdicci\u00f3n territorial sufre una serie de inconvenientes que impactan su realidad ambiental, social y cultural; quienes habitan la comunidad y buena parte del corredor entre los departamentos de Hu\u00e1nuco y Ucayali, ven como su derecho a acceder a agua segura se vulnera. El principal problema es la expansi\u00f3n minera, una actividad que condiciona las din\u00e1micas econ\u00f3micas y captura a los propios habitantes del territorio dentro de su ejecuci\u00f3n; la falta de garant\u00edas y estabilidad econ\u00f3mica juegan un papel trascendental dentro del problema socioambiental.<\/p>\n\n\n\n<div class=\"wp-block-columns is-layout-flex wp-container-core-columns-is-layout-9d6595d7 wp-block-columns-is-layout-flex\">\n<div class=\"wp-block-column is-layout-flow wp-block-column-is-layout-flow\"><div class=\"wp-block-image\">\n<figure class=\"aligncenter size-large\"><img loading=\"lazy\" decoding=\"async\" width=\"960\" height=\"960\" src=\"https:\/\/www.repam.net\/es\/wp-content\/uploads\/2026\/04\/WhatsApp-Image-2026-04-30-at-10.29.20-AM-1-edited.jpeg\" alt=\"\" class=\"wp-image-13165\" srcset=\"https:\/\/www.repam.net\/es\/wp-content\/uploads\/2026\/04\/WhatsApp-Image-2026-04-30-at-10.29.20-AM-1-edited.jpeg 960w, https:\/\/www.repam.net\/es\/wp-content\/uploads\/2026\/04\/WhatsApp-Image-2026-04-30-at-10.29.20-AM-1-edited-300x300.jpeg 300w, https:\/\/www.repam.net\/es\/wp-content\/uploads\/2026\/04\/WhatsApp-Image-2026-04-30-at-10.29.20-AM-1-edited-150x150.jpeg 150w, https:\/\/www.repam.net\/es\/wp-content\/uploads\/2026\/04\/WhatsApp-Image-2026-04-30-at-10.29.20-AM-1-edited-768x768.jpeg 768w\" sizes=\"auto, (max-width: 960px) 100vw, 960px\" \/><\/figure>\n<\/div><\/div>\n\n\n\n<div class=\"wp-block-column is-layout-flow wp-block-column-is-layout-flow\"><div class=\"wp-block-image\">\n<figure class=\"aligncenter size-large\"><img loading=\"lazy\" decoding=\"async\" width=\"960\" height=\"960\" src=\"https:\/\/www.repam.net\/es\/wp-content\/uploads\/2026\/04\/WhatsApp-Image-2026-04-30-at-10.29.20-AM-2-edited.jpeg\" alt=\"\" class=\"wp-image-13167\" srcset=\"https:\/\/www.repam.net\/es\/wp-content\/uploads\/2026\/04\/WhatsApp-Image-2026-04-30-at-10.29.20-AM-2-edited.jpeg 960w, https:\/\/www.repam.net\/es\/wp-content\/uploads\/2026\/04\/WhatsApp-Image-2026-04-30-at-10.29.20-AM-2-edited-300x300.jpeg 300w, https:\/\/www.repam.net\/es\/wp-content\/uploads\/2026\/04\/WhatsApp-Image-2026-04-30-at-10.29.20-AM-2-edited-150x150.jpeg 150w, https:\/\/www.repam.net\/es\/wp-content\/uploads\/2026\/04\/WhatsApp-Image-2026-04-30-at-10.29.20-AM-2-edited-768x768.jpeg 768w\" sizes=\"auto, (max-width: 960px) 100vw, 960px\" \/><\/figure>\n<\/div><\/div>\n<\/div>\n\n\n\n<h5 class=\"wp-block-heading\"><strong>El panorama en Santa Teresita<\/strong><\/h5>\n\n\n\n<p>Santa teresita es una comunidad que sufre del abandono estatal y la falta de acciones concretas por parte de organismos gubernamentales en su territorio. Los moradores insisten en la necesidad de aplicar proyectos productivos sostenibles dentro de la comunidad; que no existan lleva a la proliferaci\u00f3n de una carencia econ\u00f3mica, que termina por ser el detonante para que j\u00f3venes y adultos hagan parte de la cadena de explotaci\u00f3n minera. El facilismo por obtener dinero mueve mucho m\u00e1s que la conciencia territorial; los pagos diarios por realizar labores de buceo (para la extracci\u00f3n de oro) superan hasta en un 500% a los honorarios percibidos por llevar a cabo trabajos agr\u00edcolas.<\/p>\n\n\n\n<p>Este contexto permite que se fracturen las relaciones comunales y que la gobernanza territorial se debilite. Actualmente, las instituciones que tienen trabajos en la zona no han logrado una armon\u00eda, respecto a la gobernanza y esa falta de unidad se convierte en un escenario propicio para la instalaci\u00f3n de las dragas que, generalmente se ubican en la ribera del r\u00edo Pachitea. El trabajo de las dragas y las labores de buceo impactan las orillas del r\u00edo, generando erosi\u00f3n y afectando el ecosistema que all\u00ed se ubica; las garant\u00edas para un equilibrio biol\u00f3gico adecuado son menos a medida que avanzan las labores mineras.<\/p>\n\n\n\n<h5 class=\"wp-block-heading\"><strong>Conclusiones desde la comunidad<\/strong><\/h5>\n\n\n\n<p>La r\u00e9plica de la Escuela para la Promoci\u00f3n, Defensa y Exigibilidad de los Derechos Humanos realizada en Santa Teresita, identific\u00f3 que el principal derecho vulnerado es el acceso a agua segura y de calidad; tambi\u00e9n, se dej\u00f3 en claro la falta de garant\u00edas comunales amparadas en el derecho a la consulta previa: la comunidad de Santa Teresita nunca fue consultada sobre su deseo o no, de tener miner\u00eda en su territorio. Es v\u00e1lido agregar que los procesos de consulta previa van acompa\u00f1ados por sesiones formativas e informativas en las que trabajadores del estado, expertos y los moradores de una comunidad analizan y reflexionan sobre las actividades de explotaci\u00f3n y los impactos socioambientales que se desprenden de las mismas.<\/p>\n\n\n\n<p>As\u00ed y bajo la realidad en las que viven cientos de comunidades en la Amazon\u00eda, se proyecta que las r\u00e9plicas de la escuela de Derechos Humanos de la REPAM se sigan llevando a cabo, con el objetivo de brindar herramientas y conocimientos necesarios en la defensa del territorio, las comunidades y la vida misma.<\/p>\n\n\n\n<div class=\"wp-block-columns is-layout-flex wp-container-core-columns-is-layout-9d6595d7 wp-block-columns-is-layout-flex\">\n<div class=\"wp-block-column is-layout-flow wp-block-column-is-layout-flow\"><div class=\"wp-block-image\">\n<figure class=\"aligncenter size-large\"><img loading=\"lazy\" decoding=\"async\" width=\"1200\" height=\"1200\" src=\"https:\/\/www.repam.net\/es\/wp-content\/uploads\/2026\/04\/WhatsApp-Image-2026-04-30-at-10.28.28-AM-edited.jpeg\" alt=\"\" class=\"wp-image-13169\" srcset=\"https:\/\/www.repam.net\/es\/wp-content\/uploads\/2026\/04\/WhatsApp-Image-2026-04-30-at-10.28.28-AM-edited.jpeg 1200w, https:\/\/www.repam.net\/es\/wp-content\/uploads\/2026\/04\/WhatsApp-Image-2026-04-30-at-10.28.28-AM-edited-300x300.jpeg 300w, https:\/\/www.repam.net\/es\/wp-content\/uploads\/2026\/04\/WhatsApp-Image-2026-04-30-at-10.28.28-AM-edited-1024x1024.jpeg 1024w, https:\/\/www.repam.net\/es\/wp-content\/uploads\/2026\/04\/WhatsApp-Image-2026-04-30-at-10.28.28-AM-edited-150x150.jpeg 150w, https:\/\/www.repam.net\/es\/wp-content\/uploads\/2026\/04\/WhatsApp-Image-2026-04-30-at-10.28.28-AM-edited-768x768.jpeg 768w\" sizes=\"auto, (max-width: 1200px) 100vw, 1200px\" \/><\/figure>\n<\/div><\/div>\n\n\n\n<div class=\"wp-block-column is-layout-flow wp-block-column-is-layout-flow\"><div class=\"wp-block-image\">\n<figure class=\"aligncenter size-large\"><img loading=\"lazy\" decoding=\"async\" width=\"960\" height=\"960\" src=\"https:\/\/www.repam.net\/es\/wp-content\/uploads\/2026\/04\/WhatsApp-Image-2026-04-30-at-10.29.20-AM-edited.jpeg\" alt=\"\" class=\"wp-image-13171\" srcset=\"https:\/\/www.repam.net\/es\/wp-content\/uploads\/2026\/04\/WhatsApp-Image-2026-04-30-at-10.29.20-AM-edited.jpeg 960w, https:\/\/www.repam.net\/es\/wp-content\/uploads\/2026\/04\/WhatsApp-Image-2026-04-30-at-10.29.20-AM-edited-300x300.jpeg 300w, https:\/\/www.repam.net\/es\/wp-content\/uploads\/2026\/04\/WhatsApp-Image-2026-04-30-at-10.29.20-AM-edited-150x150.jpeg 150w, https:\/\/www.repam.net\/es\/wp-content\/uploads\/2026\/04\/WhatsApp-Image-2026-04-30-at-10.29.20-AM-edited-768x768.jpeg 768w\" sizes=\"auto, (max-width: 960px) 100vw, 960px\" \/><\/figure>\n<\/div><\/div>\n<\/div>\n","protected":false},"excerpt":{"rendered":"<p>Los d\u00edas 25 y 26 de abril se llev\u00f3 a cabo una r\u00e9plica de la Escuela para la Promoci\u00f3n, Defensa y Exigibilidad de los Derechos Humanos, en Sata Teresita (Hu\u00e1nuco, Per\u00fa). La actividad fue liderada por el apu Fernando Carpio Amaringo, presidente de la Federaci\u00f3n de las Comunidades Nativas de Puerto Inca (FECONAPIA), con el [&hellip;]<\/p>\n","protected":false},"author":1,"featured_media":13163,"comment_status":"closed","ping_status":"closed","sticky":false,"template":"","format":"standard","meta":{"_acf_changed":false,"_uf_show_specific_survey":0,"_uf_disable_surveys":false,"footnotes":""},"categories":[98,4],"tags":[33,52,81,16,9],"class_list":["post-13161","post","type-post","status-publish","format-standard","has-post-thumbnail","hentry","category-derechos-humanos","category-noticias","tag-amazonia","tag-derechos-humanos","tag-peru","tag-pueblos-indigenas","tag-repam"],"acf":[],"aioseo_notices":[],"yoast_head":"<!-- This site is optimized with the Yoast SEO plugin v27.5 - https:\/\/yoast.com\/product\/yoast-seo-wordpress\/ -->\n<title>Comunidad de Santa Teresita, en Per\u00fa, realiza la r\u00e9plica de la escuela de Derechos Humanos de la REPAM - REPAM<\/title>\n<meta name=\"description\" content=\"Los d\u00edas 25 y 26 de abril se llev\u00f3 a cabo una r\u00e9plica de la Escuela para la Promoci\u00f3n, Defensa y Exigibilidad de los Derechos Humanos, en Sata Teresita (Hu\u00e1nuco, Per\u00fa). La actividad fue liderada por el apu Fernando Carpio Amaringo, presidente de la Federaci\u00f3n de las Comunidades Nativas de Puerto Inca (FECONAPIA), con el acompa\u00f1amiento de la Hna. Ana Mar\u00eda Palomino, vicepresidenta de la Red Eclesial Panamaz\u00f3nica (REPAM).\" \/>\n<meta name=\"robots\" content=\"index, follow, max-snippet:-1, max-image-preview:large, max-video-preview:-1\" \/>\n<link rel=\"canonical\" href=\"https:\/\/www.repam.net\/es\/replica-escuela-de-derechos-humanos-peru\/\" \/>\n<meta property=\"og:locale\" content=\"es_ES\" \/>\n<meta property=\"og:type\" content=\"article\" \/>\n<meta property=\"og:title\" content=\"Comunidad de Santa Teresita, en Per\u00fa, realiza la r\u00e9plica de la escuela de Derechos Humanos de la REPAM - REPAM\" \/>\n<meta property=\"og:description\" content=\"Los d\u00edas 25 y 26 de abril se llev\u00f3 a cabo una r\u00e9plica de la Escuela para la Promoci\u00f3n, Defensa y Exigibilidad de los Derechos Humanos, en Sata Teresita (Hu\u00e1nuco, Per\u00fa). La actividad fue liderada por el apu Fernando Carpio Amaringo, presidente de la Federaci\u00f3n de las Comunidades Nativas de Puerto Inca (FECONAPIA), con el acompa\u00f1amiento de la Hna. Ana Mar\u00eda Palomino, vicepresidenta de la Red Eclesial Panamaz\u00f3nica (REPAM).\" \/>\n<meta property=\"og:url\" content=\"https:\/\/www.repam.net\/es\/replica-escuela-de-derechos-humanos-peru\/\" \/>\n<meta property=\"og:site_name\" content=\"REPAM\" \/>\n<meta property=\"article:published_time\" content=\"2026-04-30T15:37:50+00:00\" \/>\n<meta property=\"article:modified_time\" content=\"2026-04-30T15:38:55+00:00\" \/>\n<meta property=\"og:image\" content=\"https:\/\/www.repam.net\/es\/wp-content\/uploads\/2026\/04\/WhatsApp-Image-2026-04-30-at-10.28.27-AM-edited.jpeg\" \/>\n\t<meta property=\"og:image:width\" content=\"1280\" \/>\n\t<meta property=\"og:image:height\" content=\"720\" \/>\n\t<meta property=\"og:image:type\" content=\"image\/jpeg\" \/>\n<meta name=\"author\" content=\"repam@adm\" \/>\n<meta name=\"twitter:card\" content=\"summary_large_image\" \/>\n<meta name=\"twitter:label1\" content=\"Escrito por\" \/>\n\t<meta name=\"twitter:data1\" content=\"repam@adm\" \/>\n\t<meta name=\"twitter:label2\" content=\"Tiempo de lectura\" \/>\n\t<meta name=\"twitter:data2\" content=\"4 minutos\" \/>\n<script type=\"application\/ld+json\" class=\"yoast-schema-graph\">{\"@context\":\"https:\\\/\\\/schema.org\",\"@graph\":[{\"@type\":\"Article\",\"@id\":\"https:\\\/\\\/www.repam.net\\\/es\\\/replica-escuela-de-derechos-humanos-peru\\\/#article\",\"isPartOf\":{\"@id\":\"https:\\\/\\\/www.repam.net\\\/es\\\/replica-escuela-de-derechos-humanos-peru\\\/\"},\"author\":{\"name\":\"repam@adm\",\"@id\":\"https:\\\/\\\/www.repam.net\\\/es\\\/#\\\/schema\\\/person\\\/0c828bf04cf1abe6016cbe752c76a033\"},\"headline\":\"Comunidad de Santa Teresita, en Per\u00fa, realiza la r\u00e9plica de la escuela de Derechos Humanos de la REPAM\",\"datePublished\":\"2026-04-30T15:37:50+00:00\",\"dateModified\":\"2026-04-30T15:38:55+00:00\",\"mainEntityOfPage\":{\"@id\":\"https:\\\/\\\/www.repam.net\\\/es\\\/replica-escuela-de-derechos-humanos-peru\\\/\"},\"wordCount\":658,\"publisher\":{\"@id\":\"https:\\\/\\\/www.repam.net\\\/es\\\/#organization\"},\"image\":{\"@id\":\"https:\\\/\\\/www.repam.net\\\/es\\\/replica-escuela-de-derechos-humanos-peru\\\/#primaryimage\"},\"thumbnailUrl\":\"https:\\\/\\\/www.repam.net\\\/es\\\/wp-content\\\/uploads\\\/2026\\\/04\\\/WhatsApp-Image-2026-04-30-at-10.28.27-AM-edited.jpeg\",\"keywords\":[\"Amazon\u00eda\",\"Derechos Humanos\",\"Per\u00fa\",\"pueblos ind\u00edgenas\",\"REPAM\"],\"articleSection\":[\"Derechos Humanos\",\"Noticias\"],\"inLanguage\":\"es-CO\"},{\"@type\":\"WebPage\",\"@id\":\"https:\\\/\\\/www.repam.net\\\/es\\\/replica-escuela-de-derechos-humanos-peru\\\/\",\"url\":\"https:\\\/\\\/www.repam.net\\\/es\\\/replica-escuela-de-derechos-humanos-peru\\\/\",\"name\":\"Comunidad de Santa Teresita, en Per\u00fa, realiza la r\u00e9plica de la escuela de Derechos Humanos de la REPAM - REPAM\",\"isPartOf\":{\"@id\":\"https:\\\/\\\/www.repam.net\\\/es\\\/#website\"},\"primaryImageOfPage\":{\"@id\":\"https:\\\/\\\/www.repam.net\\\/es\\\/replica-escuela-de-derechos-humanos-peru\\\/#primaryimage\"},\"image\":{\"@id\":\"https:\\\/\\\/www.repam.net\\\/es\\\/replica-escuela-de-derechos-humanos-peru\\\/#primaryimage\"},\"thumbnailUrl\":\"https:\\\/\\\/www.repam.net\\\/es\\\/wp-content\\\/uploads\\\/2026\\\/04\\\/WhatsApp-Image-2026-04-30-at-10.28.27-AM-edited.jpeg\",\"datePublished\":\"2026-04-30T15:37:50+00:00\",\"dateModified\":\"2026-04-30T15:38:55+00:00\",\"description\":\"Los d\u00edas 25 y 26 de abril se llev\u00f3 a cabo una r\u00e9plica de la Escuela para la Promoci\u00f3n, Defensa y Exigibilidad de los Derechos Humanos, en Sata Teresita (Hu\u00e1nuco, Per\u00fa). La actividad fue liderada por el apu Fernando Carpio Amaringo, presidente de la Federaci\u00f3n de las Comunidades Nativas de Puerto Inca (FECONAPIA), con el acompa\u00f1amiento de la Hna. Ana Mar\u00eda Palomino, vicepresidenta de la Red Eclesial Panamaz\u00f3nica (REPAM).\",\"breadcrumb\":{\"@id\":\"https:\\\/\\\/www.repam.net\\\/es\\\/replica-escuela-de-derechos-humanos-peru\\\/#breadcrumb\"},\"inLanguage\":\"es-CO\",\"potentialAction\":[{\"@type\":\"ReadAction\",\"target\":[\"https:\\\/\\\/www.repam.net\\\/es\\\/replica-escuela-de-derechos-humanos-peru\\\/\"]}]},{\"@type\":\"ImageObject\",\"inLanguage\":\"es-CO\",\"@id\":\"https:\\\/\\\/www.repam.net\\\/es\\\/replica-escuela-de-derechos-humanos-peru\\\/#primaryimage\",\"url\":\"https:\\\/\\\/www.repam.net\\\/es\\\/wp-content\\\/uploads\\\/2026\\\/04\\\/WhatsApp-Image-2026-04-30-at-10.28.27-AM-edited.jpeg\",\"contentUrl\":\"https:\\\/\\\/www.repam.net\\\/es\\\/wp-content\\\/uploads\\\/2026\\\/04\\\/WhatsApp-Image-2026-04-30-at-10.28.27-AM-edited.jpeg\",\"width\":1280,\"height\":720},{\"@type\":\"BreadcrumbList\",\"@id\":\"https:\\\/\\\/www.repam.net\\\/es\\\/replica-escuela-de-derechos-humanos-peru\\\/#breadcrumb\",\"itemListElement\":[{\"@type\":\"ListItem\",\"position\":1,\"name\":\"Inicio\",\"item\":\"https:\\\/\\\/www.repam.net\\\/es\\\/\"},{\"@type\":\"ListItem\",\"position\":2,\"name\":\"Comunidad de Santa Teresita, en Per\u00fa, realiza la r\u00e9plica de la escuela de Derechos Humanos de la REPAM\"}]},{\"@type\":\"WebSite\",\"@id\":\"https:\\\/\\\/www.repam.net\\\/es\\\/#website\",\"url\":\"https:\\\/\\\/www.repam.net\\\/es\\\/\",\"name\":\"REPAM\",\"description\":\"Red Eclesial Panamaz\u00f3nica\",\"publisher\":{\"@id\":\"https:\\\/\\\/www.repam.net\\\/es\\\/#organization\"},\"potentialAction\":[{\"@type\":\"SearchAction\",\"target\":{\"@type\":\"EntryPoint\",\"urlTemplate\":\"https:\\\/\\\/www.repam.net\\\/es\\\/?s={search_term_string}\"},\"query-input\":{\"@type\":\"PropertyValueSpecification\",\"valueRequired\":true,\"valueName\":\"search_term_string\"}}],\"inLanguage\":\"es-CO\"},{\"@type\":\"Organization\",\"@id\":\"https:\\\/\\\/www.repam.net\\\/es\\\/#organization\",\"name\":\"REPAM\",\"url\":\"https:\\\/\\\/www.repam.net\\\/es\\\/\",\"logo\":{\"@type\":\"ImageObject\",\"inLanguage\":\"es-CO\",\"@id\":\"https:\\\/\\\/www.repam.net\\\/es\\\/#\\\/schema\\\/logo\\\/image\\\/\",\"url\":\"https:\\\/\\\/www.repam.net\\\/es\\\/wp-content\\\/uploads\\\/2021\\\/11\\\/cropped-favicon.png\",\"contentUrl\":\"https:\\\/\\\/www.repam.net\\\/es\\\/wp-content\\\/uploads\\\/2021\\\/11\\\/cropped-favicon.png\",\"width\":512,\"height\":512,\"caption\":\"REPAM\"},\"image\":{\"@id\":\"https:\\\/\\\/www.repam.net\\\/es\\\/#\\\/schema\\\/logo\\\/image\\\/\"}},{\"@type\":\"Person\",\"@id\":\"https:\\\/\\\/www.repam.net\\\/es\\\/#\\\/schema\\\/person\\\/0c828bf04cf1abe6016cbe752c76a033\",\"name\":\"repam@adm\",\"image\":{\"@type\":\"ImageObject\",\"inLanguage\":\"es-CO\",\"@id\":\"https:\\\/\\\/secure.gravatar.com\\\/avatar\\\/b18234ea6de5d74563e52ca7bfdad9d2b029b514c935b38a2790717abf8f2e5f?s=96&d=mm&r=g\",\"url\":\"https:\\\/\\\/secure.gravatar.com\\\/avatar\\\/b18234ea6de5d74563e52ca7bfdad9d2b029b514c935b38a2790717abf8f2e5f?s=96&d=mm&r=g\",\"contentUrl\":\"https:\\\/\\\/secure.gravatar.com\\\/avatar\\\/b18234ea6de5d74563e52ca7bfdad9d2b029b514c935b38a2790717abf8f2e5f?s=96&d=mm&r=g\",\"caption\":\"repam@adm\"},\"sameAs\":[\"http:\\\/\\\/repam.net\"],\"url\":\"https:\\\/\\\/www.repam.net\\\/es\\\/author\\\/repamadm\\\/\"}]}<\/script>\n<!-- \/ Yoast SEO plugin. -->","yoast_head_json":{"title":"Comunidad de Santa Teresita, en Per\u00fa, realiza la r\u00e9plica de la escuela de Derechos Humanos de la REPAM - REPAM","description":"Los d\u00edas 25 y 26 de abril se llev\u00f3 a cabo una r\u00e9plica de la Escuela para la Promoci\u00f3n, Defensa y Exigibilidad de los Derechos Humanos, en Sata Teresita (Hu\u00e1nuco, Per\u00fa). La actividad fue liderada por el apu Fernando Carpio Amaringo, presidente de la Federaci\u00f3n de las Comunidades Nativas de Puerto Inca (FECONAPIA), con el acompa\u00f1amiento de la Hna. Ana Mar\u00eda Palomino, vicepresidenta de la Red Eclesial Panamaz\u00f3nica (REPAM).","robots":{"index":"index","follow":"follow","max-snippet":"max-snippet:-1","max-image-preview":"max-image-preview:large","max-video-preview":"max-video-preview:-1"},"canonical":"https:\/\/www.repam.net\/es\/replica-escuela-de-derechos-humanos-peru\/","og_locale":"es_ES","og_type":"article","og_title":"Comunidad de Santa Teresita, en Per\u00fa, realiza la r\u00e9plica de la escuela de Derechos Humanos de la REPAM - REPAM","og_description":"Los d\u00edas 25 y 26 de abril se llev\u00f3 a cabo una r\u00e9plica de la Escuela para la Promoci\u00f3n, Defensa y Exigibilidad de los Derechos Humanos, en Sata Teresita (Hu\u00e1nuco, Per\u00fa). La actividad fue liderada por el apu Fernando Carpio Amaringo, presidente de la Federaci\u00f3n de las Comunidades Nativas de Puerto Inca (FECONAPIA), con el acompa\u00f1amiento de la Hna. Ana Mar\u00eda Palomino, vicepresidenta de la Red Eclesial Panamaz\u00f3nica (REPAM).","og_url":"https:\/\/www.repam.net\/es\/replica-escuela-de-derechos-humanos-peru\/","og_site_name":"REPAM","article_published_time":"2026-04-30T15:37:50+00:00","article_modified_time":"2026-04-30T15:38:55+00:00","og_image":[{"width":1280,"height":720,"url":"https:\/\/www.repam.net\/es\/wp-content\/uploads\/2026\/04\/WhatsApp-Image-2026-04-30-at-10.28.27-AM-edited.jpeg","type":"image\/jpeg"}],"author":"repam@adm","twitter_card":"summary_large_image","twitter_misc":{"Escrito por":"repam@adm","Tiempo de lectura":"4 minutos"},"schema":{"@context":"https:\/\/schema.org","@graph":[{"@type":"Article","@id":"https:\/\/www.repam.net\/es\/replica-escuela-de-derechos-humanos-peru\/#article","isPartOf":{"@id":"https:\/\/www.repam.net\/es\/replica-escuela-de-derechos-humanos-peru\/"},"author":{"name":"repam@adm","@id":"https:\/\/www.repam.net\/es\/#\/schema\/person\/0c828bf04cf1abe6016cbe752c76a033"},"headline":"Comunidad de Santa Teresita, en Per\u00fa, realiza la r\u00e9plica de la escuela de Derechos Humanos de la REPAM","datePublished":"2026-04-30T15:37:50+00:00","dateModified":"2026-04-30T15:38:55+00:00","mainEntityOfPage":{"@id":"https:\/\/www.repam.net\/es\/replica-escuela-de-derechos-humanos-peru\/"},"wordCount":658,"publisher":{"@id":"https:\/\/www.repam.net\/es\/#organization"},"image":{"@id":"https:\/\/www.repam.net\/es\/replica-escuela-de-derechos-humanos-peru\/#primaryimage"},"thumbnailUrl":"https:\/\/www.repam.net\/es\/wp-content\/uploads\/2026\/04\/WhatsApp-Image-2026-04-30-at-10.28.27-AM-edited.jpeg","keywords":["Amazon\u00eda","Derechos Humanos","Per\u00fa","pueblos ind\u00edgenas","REPAM"],"articleSection":["Derechos Humanos","Noticias"],"inLanguage":"es-CO"},{"@type":"WebPage","@id":"https:\/\/www.repam.net\/es\/replica-escuela-de-derechos-humanos-peru\/","url":"https:\/\/www.repam.net\/es\/replica-escuela-de-derechos-humanos-peru\/","name":"Comunidad de Santa Teresita, en Per\u00fa, realiza la r\u00e9plica de la escuela de Derechos Humanos de la REPAM - REPAM","isPartOf":{"@id":"https:\/\/www.repam.net\/es\/#website"},"primaryImageOfPage":{"@id":"https:\/\/www.repam.net\/es\/replica-escuela-de-derechos-humanos-peru\/#primaryimage"},"image":{"@id":"https:\/\/www.repam.net\/es\/replica-escuela-de-derechos-humanos-peru\/#primaryimage"},"thumbnailUrl":"https:\/\/www.repam.net\/es\/wp-content\/uploads\/2026\/04\/WhatsApp-Image-2026-04-30-at-10.28.27-AM-edited.jpeg","datePublished":"2026-04-30T15:37:50+00:00","dateModified":"2026-04-30T15:38:55+00:00","description":"Los d\u00edas 25 y 26 de abril se llev\u00f3 a cabo una r\u00e9plica de la Escuela para la Promoci\u00f3n, Defensa y Exigibilidad de los Derechos Humanos, en Sata Teresita (Hu\u00e1nuco, Per\u00fa). La actividad fue liderada por el apu Fernando Carpio Amaringo, presidente de la Federaci\u00f3n de las Comunidades Nativas de Puerto Inca (FECONAPIA), con el acompa\u00f1amiento de la Hna. Ana Mar\u00eda Palomino, vicepresidenta de la Red Eclesial Panamaz\u00f3nica (REPAM).","breadcrumb":{"@id":"https:\/\/www.repam.net\/es\/replica-escuela-de-derechos-humanos-peru\/#breadcrumb"},"inLanguage":"es-CO","potentialAction":[{"@type":"ReadAction","target":["https:\/\/www.repam.net\/es\/replica-escuela-de-derechos-humanos-peru\/"]}]},{"@type":"ImageObject","inLanguage":"es-CO","@id":"https:\/\/www.repam.net\/es\/replica-escuela-de-derechos-humanos-peru\/#primaryimage","url":"https:\/\/www.repam.net\/es\/wp-content\/uploads\/2026\/04\/WhatsApp-Image-2026-04-30-at-10.28.27-AM-edited.jpeg","contentUrl":"https:\/\/www.repam.net\/es\/wp-content\/uploads\/2026\/04\/WhatsApp-Image-2026-04-30-at-10.28.27-AM-edited.jpeg","width":1280,"height":720},{"@type":"BreadcrumbList","@id":"https:\/\/www.repam.net\/es\/replica-escuela-de-derechos-humanos-peru\/#breadcrumb","itemListElement":[{"@type":"ListItem","position":1,"name":"Inicio","item":"https:\/\/www.repam.net\/es\/"},{"@type":"ListItem","position":2,"name":"Comunidad de Santa Teresita, en Per\u00fa, realiza la r\u00e9plica de la escuela de Derechos Humanos de la REPAM"}]},{"@type":"WebSite","@id":"https:\/\/www.repam.net\/es\/#website","url":"https:\/\/www.repam.net\/es\/","name":"REPAM","description":"Red Eclesial Panamaz\u00f3nica","publisher":{"@id":"https:\/\/www.repam.net\/es\/#organization"},"potentialAction":[{"@type":"SearchAction","target":{"@type":"EntryPoint","urlTemplate":"https:\/\/www.repam.net\/es\/?s={search_term_string}"},"query-input":{"@type":"PropertyValueSpecification","valueRequired":true,"valueName":"search_term_string"}}],"inLanguage":"es-CO"},{"@type":"Organization","@id":"https:\/\/www.repam.net\/es\/#organization","name":"REPAM","url":"https:\/\/www.repam.net\/es\/","logo":{"@type":"ImageObject","inLanguage":"es-CO","@id":"https:\/\/www.repam.net\/es\/#\/schema\/logo\/image\/","url":"https:\/\/www.repam.net\/es\/wp-content\/uploads\/2021\/11\/cropped-favicon.png","contentUrl":"https:\/\/www.repam.net\/es\/wp-content\/uploads\/2021\/11\/cropped-favicon.png","width":512,"height":512,"caption":"REPAM"},"image":{"@id":"https:\/\/www.repam.net\/es\/#\/schema\/logo\/image\/"}},{"@type":"Person","@id":"https:\/\/www.repam.net\/es\/#\/schema\/person\/0c828bf04cf1abe6016cbe752c76a033","name":"repam@adm","image":{"@type":"ImageObject","inLanguage":"es-CO","@id":"https:\/\/secure.gravatar.com\/avatar\/b18234ea6de5d74563e52ca7bfdad9d2b029b514c935b38a2790717abf8f2e5f?s=96&d=mm&r=g","url":"https:\/\/secure.gravatar.com\/avatar\/b18234ea6de5d74563e52ca7bfdad9d2b029b514c935b38a2790717abf8f2e5f?s=96&d=mm&r=g","contentUrl":"https:\/\/secure.gravatar.com\/avatar\/b18234ea6de5d74563e52ca7bfdad9d2b029b514c935b38a2790717abf8f2e5f?s=96&d=mm&r=g","caption":"repam@adm"},"sameAs":["http:\/\/repam.net"],"url":"https:\/\/www.repam.net\/es\/author\/repamadm\/"}]}},"_links":{"self":[{"href":"https:\/\/www.repam.net\/es\/wp-json\/wp\/v2\/posts\/13161","targetHints":{"allow":["GET"]}}],"collection":[{"href":"https:\/\/www.repam.net\/es\/wp-json\/wp\/v2\/posts"}],"about":[{"href":"https:\/\/www.repam.net\/es\/wp-json\/wp\/v2\/types\/post"}],"author":[{"embeddable":true,"href":"https:\/\/www.repam.net\/es\/wp-json\/wp\/v2\/users\/1"}],"replies":[{"embeddable":true,"href":"https:\/\/www.repam.net\/es\/wp-json\/wp\/v2\/comments?post=13161"}],"version-history":[{"count":1,"href":"https:\/\/www.repam.net\/es\/wp-json\/wp\/v2\/posts\/13161\/revisions"}],"predecessor-version":[{"id":13172,"href":"https:\/\/www.repam.net\/es\/wp-json\/wp\/v2\/posts\/13161\/revisions\/13172"}],"wp:featuredmedia":[{"embeddable":true,"href":"https:\/\/www.repam.net\/es\/wp-json\/wp\/v2\/media\/13163"}],"wp:attachment":[{"href":"https:\/\/www.repam.net\/es\/wp-json\/wp\/v2\/media?parent=13161"}],"wp:term":[{"taxonomy":"category","embeddable":true,"href":"https:\/\/www.repam.net\/es\/wp-json\/wp\/v2\/categories?post=13161"},{"taxonomy":"post_tag","embeddable":true,"href":"https:\/\/www.repam.net\/es\/wp-json\/wp\/v2\/tags?post=13161"}],"curies":[{"name":"wp","href":"https:\/\/api.w.org\/{rel}","templated":true}]}}