{"id":13444,"date":"2026-09-01T15:40:35","date_gmt":"2026-09-01T20:40:35","guid":{"rendered":"https:\/\/www.repam.net\/es\/?p=13444"},"modified":"2026-09-01T15:40:35","modified_gmt":"2026-09-01T20:40:35","slug":"dialogo-justo-transformacion-de-conflictos","status":"publish","type":"post","link":"https:\/\/www.repam.net\/es\/dialogo-justo-transformacion-de-conflictos\/","title":{"rendered":"Redes de eclesiales latinoamericanas en contextos de extractivismo proponen un di\u00e1logo justo para la transformaci\u00f3n de conflictos"},"content":{"rendered":"<div class=\"wp-block-image\">\n<figure class=\"aligncenter size-large\"><img loading=\"lazy\" decoding=\"async\" width=\"1600\" height=\"900\" src=\"https:\/\/www.repam.net\/es\/wp-content\/uploads\/2026\/09\/WhatsApp-Image-2026-09-01-at-3.31.50-PM-edited.jpeg\" alt=\"\" class=\"wp-image-13446\" srcset=\"https:\/\/www.repam.net\/es\/wp-content\/uploads\/2026\/09\/WhatsApp-Image-2026-09-01-at-3.31.50-PM-edited.jpeg 1600w, https:\/\/www.repam.net\/es\/wp-content\/uploads\/2026\/09\/WhatsApp-Image-2026-09-01-at-3.31.50-PM-edited-300x169.jpeg 300w, https:\/\/www.repam.net\/es\/wp-content\/uploads\/2026\/09\/WhatsApp-Image-2026-09-01-at-3.31.50-PM-edited-1024x576.jpeg 1024w, https:\/\/www.repam.net\/es\/wp-content\/uploads\/2026\/09\/WhatsApp-Image-2026-09-01-at-3.31.50-PM-edited-768x432.jpeg 768w, https:\/\/www.repam.net\/es\/wp-content\/uploads\/2026\/09\/WhatsApp-Image-2026-09-01-at-3.31.50-PM-edited-1536x864.jpeg 1536w\" sizes=\"auto, (max-width: 1600px) 100vw, 1600px\" \/><\/figure>\n<\/div>\n\n\n<blockquote class=\"wp-block-quote is-layout-flow wp-block-quote-is-layout-flow\">\n<p class=\"wp-block-paragraph\"><em>La iniciativa se encuentra plasmada en un documento de reflexi\u00f3n, firmado por obispos presidentes y secretarios ejecutivos de las redes: REPAM, REGCHAG, REMAM, Pax Christi, la Comisi\u00f3n Brasile\u00f1a de Justicia y Paz y la Red Iglesias y Miner\u00eda. El objetivo del documento es buscar un discernimiento profundo, que genere un compromiso, en favor de las personas y poblaciones impactadas y empobrecidas a causa del extractivismo predatorio<\/em>.<\/p>\n<\/blockquote>\n\n\n\n<p class=\"wp-block-paragraph\"><strong><em>Por: Equipo de Comunicaciones de REPAM<\/em><\/strong><\/p>\n\n\n\n<p class=\"wp-block-paragraph\"><em>\u201cEstamos viviendo un momento de extrema gravedad para nuestro planeta y para toda la comunidad de vida\u201d<\/em> enuncia el documento en su introducci\u00f3n, haciendo referencia al Llamado por la Justicia Clim\u00e1tica y la Casa Com\u00fan, suscrito por las conferencias y consejos episcopales cat\u00f3licos de \u00c1frica, Asia, Am\u00e9rica Latina y el Caribe. Como se ha planteado en distintos escenarios, sabemos que le planeta se encuentra en puntos de \u201cno retorno\u201d en medio de la crisis clim\u00e1tica y ambiental; una realidad que ha llevado a organizaciones y distintos organismos (entre ellas la iglesia) a plantear soluciones contundentes y serias ante este escenario. &nbsp;<\/p>\n\n\n\n<p class=\"wp-block-paragraph\">Las redes eclesiales establecen que el texto nace, sobre todo, del acompa\u00f1amiento a comunidades afectadas por el extractivismo, una realidad que contin\u00faa generando contaminaci\u00f3n, desplazamientos, conflictos, vulneraci\u00f3n de derechos y diversas formas de violencia en nuestra <em>Patria Grande.<\/em> A su vez, hace el llamado a decisiones valientes y transformaciones profundas en los modelos de desarrollo, producci\u00f3n y consumo, as\u00ed como en las estructuras de poder que hoy condicionan la vida de los pueblos y de la <em>Casa Com\u00fan<\/em>.<\/p>\n\n\n\n<p class=\"wp-block-paragraph\">Conozca el documento completo aqu\u00ed:<\/p>\n\n\n\n<div class=\"wp-block-columns is-layout-flex wp-container-core-columns-is-layout-8f761849 wp-block-columns-is-layout-flex\">\n<div class=\"wp-block-column is-layout-flow wp-block-column-is-layout-flow\">\n<div data-wp-interactive=\"core\/file\" class=\"wp-block-file aligncenter\"><object data-wp-bind--hidden=\"!state.hasPdfPreview\" hidden class=\"wp-block-file__embed\" data=\"https:\/\/www.repam.net\/es\/wp-content\/uploads\/2026\/09\/Dialogo-justo-y-en-equidad-para-la-transformacion-de-conflictos.pdf\" type=\"application\/pdf\" style=\"width:100%;height:400px\" aria-label=\"Incrustado de Di\u00e1logo justo y en equidad para la transformaci\u00f3n de conflictos.\"><\/object><a id=\"wp-block-file--media-c2759589-2cbd-444d-8c61-42a5ea8d7914\" href=\"https:\/\/www.repam.net\/es\/wp-content\/uploads\/2026\/09\/Dialogo-justo-y-en-equidad-para-la-transformacion-de-conflictos.pdf\">Di\u00e1logo justo y en equidad para la transformaci\u00f3n de conflictos<\/a><a href=\"https:\/\/www.repam.net\/es\/wp-content\/uploads\/2026\/09\/Dialogo-justo-y-en-equidad-para-la-transformacion-de-conflictos.pdf\" class=\"wp-block-file__button wp-element-button\" download aria-describedby=\"wp-block-file--media-c2759589-2cbd-444d-8c61-42a5ea8d7914\">Descargar<\/a><\/div>\n<\/div>\n\n\n\n<div class=\"wp-block-column is-layout-flow wp-block-column-is-layout-flow\">\n<div data-wp-interactive=\"core\/file\" class=\"wp-block-file aligncenter\"><object data-wp-bind--hidden=\"!state.hasPdfPreview\" hidden class=\"wp-block-file__embed\" data=\"https:\/\/www.repam.net\/es\/wp-content\/uploads\/2026\/09\/Fair-and-Equitable-Dialogue-for-Conflict-Transformation.pdf\" type=\"application\/pdf\" style=\"width:100%;height:400px\" aria-label=\"Incrustado de Fair and Equitable Dialogue for Conflict Transformation.\"><\/object><a id=\"wp-block-file--media-310e9e4b-119c-44c8-bb37-243a9a8d37c9\" href=\"https:\/\/www.repam.net\/es\/wp-content\/uploads\/2026\/09\/Fair-and-Equitable-Dialogue-for-Conflict-Transformation.pdf\">Fair and Equitable Dialogue for Conflict Transformation<\/a><a href=\"https:\/\/www.repam.net\/es\/wp-content\/uploads\/2026\/09\/Fair-and-Equitable-Dialogue-for-Conflict-Transformation.pdf\" class=\"wp-block-file__button wp-element-button\" download aria-describedby=\"wp-block-file--media-310e9e4b-119c-44c8-bb37-243a9a8d37c9\">Descargar<\/a><\/div>\n<\/div>\n<\/div>\n\n\n\n<p class=\"wp-block-paragraph\"><\/p>\n","protected":false},"excerpt":{"rendered":"<p>La iniciativa se encuentra plasmada en un documento de reflexi\u00f3n, firmado por obispos presidentes y secretarios ejecutivos de las redes: REPAM, REGCHAG, REMAM, Pax Christi, la Comisi\u00f3n Brasile\u00f1a de Justicia y Paz y la Red Iglesias y Miner\u00eda. El objetivo del documento es buscar un discernimiento profundo, que genere un compromiso, en favor de las [&hellip;]<\/p>\n","protected":false},"author":1,"featured_media":13446,"comment_status":"closed","ping_status":"closed","sticky":false,"template":"","format":"standard","meta":{"_acf_changed":false,"_uf_show_specific_survey":0,"_uf_disable_surveys":false,"footnotes":""},"categories":[4],"tags":[33,52,43,16,9,28],"class_list":["post-13444","post","type-post","status-publish","format-standard","has-post-thumbnail","hentry","category-noticias","tag-amazonia","tag-derechos-humanos","tag-papa-francisco","tag-pueblos-indigenas","tag-repam","tag-sinodo-amazonico"],"acf":[],"aioseo_notices":[],"yoast_head":"<!-- This site is optimized with the Yoast SEO plugin v28.3 - https:\/\/yoast.com\/product\/yoast-seo-wordpress\/ -->\n<title>Redes de eclesiales latinoamericanas en contextos de extractivismo proponen un di\u00e1logo justo para la transformaci\u00f3n de conflictos - REPAM<\/title>\n<meta name=\"description\" content=\"La iniciativa se encuentra plasmada en un documento de reflexi\u00f3n, firmado por obispos presidentes y secretarios ejecutivos de las redes: REPAM, REGCHAG, REMAM, Pax Christi, la Comisi\u00f3n Brasile\u00f1a de Justicia y Paz y la Red Iglesias y Miner\u00eda. El objetivo del documento es buscar un discernimiento profundo, que genere un compromiso, en favor de las personas y poblaciones impactadas y empobrecidas a causa del extractivismo predatorio.\" \/>\n<meta name=\"robots\" content=\"index, follow, max-snippet:-1, max-image-preview:large, max-video-preview:-1\" \/>\n<link rel=\"canonical\" href=\"https:\/\/www.repam.net\/es\/dialogo-justo-transformacion-de-conflictos\/\" \/>\n<meta property=\"og:locale\" content=\"es_ES\" \/>\n<meta property=\"og:type\" content=\"article\" \/>\n<meta property=\"og:title\" content=\"Redes de eclesiales latinoamericanas en contextos de extractivismo proponen un di\u00e1logo justo para la transformaci\u00f3n de conflictos - REPAM\" \/>\n<meta property=\"og:description\" content=\"La iniciativa se encuentra plasmada en un documento de reflexi\u00f3n, firmado por obispos presidentes y secretarios ejecutivos de las redes: REPAM, REGCHAG, REMAM, Pax Christi, la Comisi\u00f3n Brasile\u00f1a de Justicia y Paz y la Red Iglesias y Miner\u00eda. El objetivo del documento es buscar un discernimiento profundo, que genere un compromiso, en favor de las personas y poblaciones impactadas y empobrecidas a causa del extractivismo predatorio.\" \/>\n<meta property=\"og:url\" content=\"https:\/\/www.repam.net\/es\/dialogo-justo-transformacion-de-conflictos\/\" \/>\n<meta property=\"og:site_name\" content=\"REPAM\" \/>\n<meta property=\"article:published_time\" content=\"2026-09-01T20:40:35+00:00\" \/>\n<meta property=\"og:image\" content=\"https:\/\/www.repam.net\/es\/wp-content\/uploads\/2026\/09\/WhatsApp-Image-2026-09-01-at-3.31.50-PM-edited.jpeg\" \/>\n\t<meta property=\"og:image:width\" content=\"1600\" \/>\n\t<meta property=\"og:image:height\" content=\"900\" \/>\n\t<meta property=\"og:image:type\" content=\"image\/jpeg\" \/>\n<meta name=\"author\" content=\"repam@adm\" \/>\n<meta name=\"twitter:card\" content=\"summary_large_image\" \/>\n<meta name=\"twitter:label1\" content=\"Escrito por\" \/>\n\t<meta name=\"twitter:data1\" content=\"repam@adm\" \/>\n\t<meta name=\"twitter:label2\" content=\"Tiempo de lectura\" \/>\n\t<meta name=\"twitter:data2\" content=\"2 minutos\" \/>\n<script type=\"application\/ld+json\" class=\"yoast-schema-graph\">{\"@context\":\"https:\\\/\\\/schema.org\",\"@graph\":[{\"@type\":\"Article\",\"@id\":\"https:\\\/\\\/www.repam.net\\\/es\\\/dialogo-justo-transformacion-de-conflictos\\\/#article\",\"isPartOf\":{\"@id\":\"https:\\\/\\\/www.repam.net\\\/es\\\/dialogo-justo-transformacion-de-conflictos\\\/\"},\"author\":{\"name\":\"repam@adm\",\"@id\":\"https:\\\/\\\/www.repam.net\\\/es\\\/#\\\/schema\\\/person\\\/0c828bf04cf1abe6016cbe752c76a033\"},\"headline\":\"Redes de eclesiales latinoamericanas en contextos de extractivismo proponen un di\u00e1logo justo para la transformaci\u00f3n de conflictos\",\"datePublished\":\"2026-09-01T20:40:35+00:00\",\"mainEntityOfPage\":{\"@id\":\"https:\\\/\\\/www.repam.net\\\/es\\\/dialogo-justo-transformacion-de-conflictos\\\/\"},\"wordCount\":312,\"publisher\":{\"@id\":\"https:\\\/\\\/www.repam.net\\\/es\\\/#organization\"},\"image\":{\"@id\":\"https:\\\/\\\/www.repam.net\\\/es\\\/dialogo-justo-transformacion-de-conflictos\\\/#primaryimage\"},\"thumbnailUrl\":\"https:\\\/\\\/www.repam.net\\\/es\\\/wp-content\\\/uploads\\\/2026\\\/09\\\/WhatsApp-Image-2026-09-01-at-3.31.50-PM-edited.jpeg\",\"keywords\":[\"Amazon\u00eda\",\"Derechos Humanos\",\"Papa Francisco\",\"pueblos ind\u00edgenas\",\"REPAM\",\"S\u00ednodo Amaz\u00f3nico\"],\"articleSection\":[\"Noticias\"],\"inLanguage\":\"es-CO\"},{\"@type\":\"WebPage\",\"@id\":\"https:\\\/\\\/www.repam.net\\\/es\\\/dialogo-justo-transformacion-de-conflictos\\\/\",\"url\":\"https:\\\/\\\/www.repam.net\\\/es\\\/dialogo-justo-transformacion-de-conflictos\\\/\",\"name\":\"Redes de eclesiales latinoamericanas en contextos de extractivismo proponen un di\u00e1logo justo para la transformaci\u00f3n de conflictos - REPAM\",\"isPartOf\":{\"@id\":\"https:\\\/\\\/www.repam.net\\\/es\\\/#website\"},\"primaryImageOfPage\":{\"@id\":\"https:\\\/\\\/www.repam.net\\\/es\\\/dialogo-justo-transformacion-de-conflictos\\\/#primaryimage\"},\"image\":{\"@id\":\"https:\\\/\\\/www.repam.net\\\/es\\\/dialogo-justo-transformacion-de-conflictos\\\/#primaryimage\"},\"thumbnailUrl\":\"https:\\\/\\\/www.repam.net\\\/es\\\/wp-content\\\/uploads\\\/2026\\\/09\\\/WhatsApp-Image-2026-09-01-at-3.31.50-PM-edited.jpeg\",\"datePublished\":\"2026-09-01T20:40:35+00:00\",\"description\":\"La iniciativa se encuentra plasmada en un documento de reflexi\u00f3n, firmado por obispos presidentes y secretarios ejecutivos de las redes: REPAM, REGCHAG, REMAM, Pax Christi, la Comisi\u00f3n Brasile\u00f1a de Justicia y Paz y la Red Iglesias y Miner\u00eda. El objetivo del documento es buscar un discernimiento profundo, que genere un compromiso, en favor de las personas y poblaciones impactadas y empobrecidas a causa del extractivismo predatorio.\",\"breadcrumb\":{\"@id\":\"https:\\\/\\\/www.repam.net\\\/es\\\/dialogo-justo-transformacion-de-conflictos\\\/#breadcrumb\"},\"inLanguage\":\"es-CO\",\"potentialAction\":[{\"@type\":\"ReadAction\",\"target\":[\"https:\\\/\\\/www.repam.net\\\/es\\\/dialogo-justo-transformacion-de-conflictos\\\/\"]}]},{\"@type\":\"ImageObject\",\"inLanguage\":\"es-CO\",\"@id\":\"https:\\\/\\\/www.repam.net\\\/es\\\/dialogo-justo-transformacion-de-conflictos\\\/#primaryimage\",\"url\":\"https:\\\/\\\/www.repam.net\\\/es\\\/wp-content\\\/uploads\\\/2026\\\/09\\\/WhatsApp-Image-2026-09-01-at-3.31.50-PM-edited.jpeg\",\"contentUrl\":\"https:\\\/\\\/www.repam.net\\\/es\\\/wp-content\\\/uploads\\\/2026\\\/09\\\/WhatsApp-Image-2026-09-01-at-3.31.50-PM-edited.jpeg\",\"width\":1600,\"height\":900},{\"@type\":\"BreadcrumbList\",\"@id\":\"https:\\\/\\\/www.repam.net\\\/es\\\/dialogo-justo-transformacion-de-conflictos\\\/#breadcrumb\",\"itemListElement\":[{\"@type\":\"ListItem\",\"position\":1,\"name\":\"Inicio\",\"item\":\"https:\\\/\\\/www.repam.net\\\/es\\\/\"},{\"@type\":\"ListItem\",\"position\":2,\"name\":\"Redes de eclesiales latinoamericanas en contextos de extractivismo proponen un di\u00e1logo justo para la transformaci\u00f3n de conflictos\"}]},{\"@type\":\"WebSite\",\"@id\":\"https:\\\/\\\/www.repam.net\\\/es\\\/#website\",\"url\":\"https:\\\/\\\/www.repam.net\\\/es\\\/\",\"name\":\"REPAM\",\"description\":\"Red Eclesial Panamaz\u00f3nica\",\"publisher\":{\"@id\":\"https:\\\/\\\/www.repam.net\\\/es\\\/#organization\"},\"potentialAction\":[{\"@type\":\"SearchAction\",\"target\":{\"@type\":\"EntryPoint\",\"urlTemplate\":\"https:\\\/\\\/www.repam.net\\\/es\\\/?s={search_term_string}\"},\"query-input\":{\"@type\":\"PropertyValueSpecification\",\"valueRequired\":true,\"valueName\":\"search_term_string\"}}],\"inLanguage\":\"es-CO\"},{\"@type\":\"Organization\",\"@id\":\"https:\\\/\\\/www.repam.net\\\/es\\\/#organization\",\"name\":\"REPAM\",\"url\":\"https:\\\/\\\/www.repam.net\\\/es\\\/\",\"logo\":{\"@type\":\"ImageObject\",\"inLanguage\":\"es-CO\",\"@id\":\"https:\\\/\\\/www.repam.net\\\/es\\\/#\\\/schema\\\/logo\\\/image\\\/\",\"url\":\"https:\\\/\\\/www.repam.net\\\/es\\\/wp-content\\\/uploads\\\/2021\\\/11\\\/cropped-favicon.png\",\"contentUrl\":\"https:\\\/\\\/www.repam.net\\\/es\\\/wp-content\\\/uploads\\\/2021\\\/11\\\/cropped-favicon.png\",\"width\":512,\"height\":512,\"caption\":\"REPAM\"},\"image\":{\"@id\":\"https:\\\/\\\/www.repam.net\\\/es\\\/#\\\/schema\\\/logo\\\/image\\\/\"}},{\"@type\":\"Person\",\"@id\":\"https:\\\/\\\/www.repam.net\\\/es\\\/#\\\/schema\\\/person\\\/0c828bf04cf1abe6016cbe752c76a033\",\"name\":\"repam@adm\",\"image\":{\"@type\":\"ImageObject\",\"inLanguage\":\"es-CO\",\"@id\":\"https:\\\/\\\/secure.gravatar.com\\\/avatar\\\/b18234ea6de5d74563e52ca7bfdad9d2b029b514c935b38a2790717abf8f2e5f?s=96&d=mm&r=g\",\"url\":\"https:\\\/\\\/secure.gravatar.com\\\/avatar\\\/b18234ea6de5d74563e52ca7bfdad9d2b029b514c935b38a2790717abf8f2e5f?s=96&d=mm&r=g\",\"contentUrl\":\"https:\\\/\\\/secure.gravatar.com\\\/avatar\\\/b18234ea6de5d74563e52ca7bfdad9d2b029b514c935b38a2790717abf8f2e5f?s=96&d=mm&r=g\",\"caption\":\"repam@adm\"},\"sameAs\":[\"http:\\\/\\\/repam.net\"],\"url\":\"https:\\\/\\\/www.repam.net\\\/es\\\/author\\\/repamadm\\\/\"}]}<\/script>\n<!-- \/ Yoast SEO plugin. -->","yoast_head_json":{"title":"Redes de eclesiales latinoamericanas en contextos de extractivismo proponen un di\u00e1logo justo para la transformaci\u00f3n de conflictos - REPAM","description":"La iniciativa se encuentra plasmada en un documento de reflexi\u00f3n, firmado por obispos presidentes y secretarios ejecutivos de las redes: REPAM, REGCHAG, REMAM, Pax Christi, la Comisi\u00f3n Brasile\u00f1a de Justicia y Paz y la Red Iglesias y Miner\u00eda. El objetivo del documento es buscar un discernimiento profundo, que genere un compromiso, en favor de las personas y poblaciones impactadas y empobrecidas a causa del extractivismo predatorio.","robots":{"index":"index","follow":"follow","max-snippet":"max-snippet:-1","max-image-preview":"max-image-preview:large","max-video-preview":"max-video-preview:-1"},"canonical":"https:\/\/www.repam.net\/es\/dialogo-justo-transformacion-de-conflictos\/","og_locale":"es_ES","og_type":"article","og_title":"Redes de eclesiales latinoamericanas en contextos de extractivismo proponen un di\u00e1logo justo para la transformaci\u00f3n de conflictos - REPAM","og_description":"La iniciativa se encuentra plasmada en un documento de reflexi\u00f3n, firmado por obispos presidentes y secretarios ejecutivos de las redes: REPAM, REGCHAG, REMAM, Pax Christi, la Comisi\u00f3n Brasile\u00f1a de Justicia y Paz y la Red Iglesias y Miner\u00eda. El objetivo del documento es buscar un discernimiento profundo, que genere un compromiso, en favor de las personas y poblaciones impactadas y empobrecidas a causa del extractivismo predatorio.","og_url":"https:\/\/www.repam.net\/es\/dialogo-justo-transformacion-de-conflictos\/","og_site_name":"REPAM","article_published_time":"2026-09-01T20:40:35+00:00","og_image":[{"width":1600,"height":900,"url":"https:\/\/www.repam.net\/es\/wp-content\/uploads\/2026\/09\/WhatsApp-Image-2026-09-01-at-3.31.50-PM-edited.jpeg","type":"image\/jpeg"}],"author":"repam@adm","twitter_card":"summary_large_image","twitter_misc":{"Escrito por":"repam@adm","Tiempo de lectura":"2 minutos"},"schema":{"@context":"https:\/\/schema.org","@graph":[{"@type":"Article","@id":"https:\/\/www.repam.net\/es\/dialogo-justo-transformacion-de-conflictos\/#article","isPartOf":{"@id":"https:\/\/www.repam.net\/es\/dialogo-justo-transformacion-de-conflictos\/"},"author":{"name":"repam@adm","@id":"https:\/\/www.repam.net\/es\/#\/schema\/person\/0c828bf04cf1abe6016cbe752c76a033"},"headline":"Redes de eclesiales latinoamericanas en contextos de extractivismo proponen un di\u00e1logo justo para la transformaci\u00f3n de conflictos","datePublished":"2026-09-01T20:40:35+00:00","mainEntityOfPage":{"@id":"https:\/\/www.repam.net\/es\/dialogo-justo-transformacion-de-conflictos\/"},"wordCount":312,"publisher":{"@id":"https:\/\/www.repam.net\/es\/#organization"},"image":{"@id":"https:\/\/www.repam.net\/es\/dialogo-justo-transformacion-de-conflictos\/#primaryimage"},"thumbnailUrl":"https:\/\/www.repam.net\/es\/wp-content\/uploads\/2026\/09\/WhatsApp-Image-2026-09-01-at-3.31.50-PM-edited.jpeg","keywords":["Amazon\u00eda","Derechos Humanos","Papa Francisco","pueblos ind\u00edgenas","REPAM","S\u00ednodo Amaz\u00f3nico"],"articleSection":["Noticias"],"inLanguage":"es-CO"},{"@type":"WebPage","@id":"https:\/\/www.repam.net\/es\/dialogo-justo-transformacion-de-conflictos\/","url":"https:\/\/www.repam.net\/es\/dialogo-justo-transformacion-de-conflictos\/","name":"Redes de eclesiales latinoamericanas en contextos de extractivismo proponen un di\u00e1logo justo para la transformaci\u00f3n de conflictos - REPAM","isPartOf":{"@id":"https:\/\/www.repam.net\/es\/#website"},"primaryImageOfPage":{"@id":"https:\/\/www.repam.net\/es\/dialogo-justo-transformacion-de-conflictos\/#primaryimage"},"image":{"@id":"https:\/\/www.repam.net\/es\/dialogo-justo-transformacion-de-conflictos\/#primaryimage"},"thumbnailUrl":"https:\/\/www.repam.net\/es\/wp-content\/uploads\/2026\/09\/WhatsApp-Image-2026-09-01-at-3.31.50-PM-edited.jpeg","datePublished":"2026-09-01T20:40:35+00:00","description":"La iniciativa se encuentra plasmada en un documento de reflexi\u00f3n, firmado por obispos presidentes y secretarios ejecutivos de las redes: REPAM, REGCHAG, REMAM, Pax Christi, la Comisi\u00f3n Brasile\u00f1a de Justicia y Paz y la Red Iglesias y Miner\u00eda. El objetivo del documento es buscar un discernimiento profundo, que genere un compromiso, en favor de las personas y poblaciones impactadas y empobrecidas a causa del extractivismo predatorio.","breadcrumb":{"@id":"https:\/\/www.repam.net\/es\/dialogo-justo-transformacion-de-conflictos\/#breadcrumb"},"inLanguage":"es-CO","potentialAction":[{"@type":"ReadAction","target":["https:\/\/www.repam.net\/es\/dialogo-justo-transformacion-de-conflictos\/"]}]},{"@type":"ImageObject","inLanguage":"es-CO","@id":"https:\/\/www.repam.net\/es\/dialogo-justo-transformacion-de-conflictos\/#primaryimage","url":"https:\/\/www.repam.net\/es\/wp-content\/uploads\/2026\/09\/WhatsApp-Image-2026-09-01-at-3.31.50-PM-edited.jpeg","contentUrl":"https:\/\/www.repam.net\/es\/wp-content\/uploads\/2026\/09\/WhatsApp-Image-2026-09-01-at-3.31.50-PM-edited.jpeg","width":1600,"height":900},{"@type":"BreadcrumbList","@id":"https:\/\/www.repam.net\/es\/dialogo-justo-transformacion-de-conflictos\/#breadcrumb","itemListElement":[{"@type":"ListItem","position":1,"name":"Inicio","item":"https:\/\/www.repam.net\/es\/"},{"@type":"ListItem","position":2,"name":"Redes de eclesiales latinoamericanas en contextos de extractivismo proponen un di\u00e1logo justo para la transformaci\u00f3n de conflictos"}]},{"@type":"WebSite","@id":"https:\/\/www.repam.net\/es\/#website","url":"https:\/\/www.repam.net\/es\/","name":"REPAM","description":"Red Eclesial Panamaz\u00f3nica","publisher":{"@id":"https:\/\/www.repam.net\/es\/#organization"},"potentialAction":[{"@type":"SearchAction","target":{"@type":"EntryPoint","urlTemplate":"https:\/\/www.repam.net\/es\/?s={search_term_string}"},"query-input":{"@type":"PropertyValueSpecification","valueRequired":true,"valueName":"search_term_string"}}],"inLanguage":"es-CO"},{"@type":"Organization","@id":"https:\/\/www.repam.net\/es\/#organization","name":"REPAM","url":"https:\/\/www.repam.net\/es\/","logo":{"@type":"ImageObject","inLanguage":"es-CO","@id":"https:\/\/www.repam.net\/es\/#\/schema\/logo\/image\/","url":"https:\/\/www.repam.net\/es\/wp-content\/uploads\/2021\/11\/cropped-favicon.png","contentUrl":"https:\/\/www.repam.net\/es\/wp-content\/uploads\/2021\/11\/cropped-favicon.png","width":512,"height":512,"caption":"REPAM"},"image":{"@id":"https:\/\/www.repam.net\/es\/#\/schema\/logo\/image\/"}},{"@type":"Person","@id":"https:\/\/www.repam.net\/es\/#\/schema\/person\/0c828bf04cf1abe6016cbe752c76a033","name":"repam@adm","image":{"@type":"ImageObject","inLanguage":"es-CO","@id":"https:\/\/secure.gravatar.com\/avatar\/b18234ea6de5d74563e52ca7bfdad9d2b029b514c935b38a2790717abf8f2e5f?s=96&d=mm&r=g","url":"https:\/\/secure.gravatar.com\/avatar\/b18234ea6de5d74563e52ca7bfdad9d2b029b514c935b38a2790717abf8f2e5f?s=96&d=mm&r=g","contentUrl":"https:\/\/secure.gravatar.com\/avatar\/b18234ea6de5d74563e52ca7bfdad9d2b029b514c935b38a2790717abf8f2e5f?s=96&d=mm&r=g","caption":"repam@adm"},"sameAs":["http:\/\/repam.net"],"url":"https:\/\/www.repam.net\/es\/author\/repamadm\/"}]}},"_links":{"self":[{"href":"https:\/\/www.repam.net\/es\/wp-json\/wp\/v2\/posts\/13444","targetHints":{"allow":["GET"]}}],"collection":[{"href":"https:\/\/www.repam.net\/es\/wp-json\/wp\/v2\/posts"}],"about":[{"href":"https:\/\/www.repam.net\/es\/wp-json\/wp\/v2\/types\/post"}],"author":[{"embeddable":true,"href":"https:\/\/www.repam.net\/es\/wp-json\/wp\/v2\/users\/1"}],"replies":[{"embeddable":true,"href":"https:\/\/www.repam.net\/es\/wp-json\/wp\/v2\/comments?post=13444"}],"version-history":[{"count":1,"href":"https:\/\/www.repam.net\/es\/wp-json\/wp\/v2\/posts\/13444\/revisions"}],"predecessor-version":[{"id":13449,"href":"https:\/\/www.repam.net\/es\/wp-json\/wp\/v2\/posts\/13444\/revisions\/13449"}],"wp:featuredmedia":[{"embeddable":true,"href":"https:\/\/www.repam.net\/es\/wp-json\/wp\/v2\/media\/13446"}],"wp:attachment":[{"href":"https:\/\/www.repam.net\/es\/wp-json\/wp\/v2\/media?parent=13444"}],"wp:term":[{"taxonomy":"category","embeddable":true,"href":"https:\/\/www.repam.net\/es\/wp-json\/wp\/v2\/categories?post=13444"},{"taxonomy":"post_tag","embeddable":true,"href":"https:\/\/www.repam.net\/es\/wp-json\/wp\/v2\/tags?post=13444"}],"curies":[{"name":"wp","href":"https:\/\/api.w.org\/{rel}","templated":true}]}}