{"id":13451,"date":"2026-09-01T11:17:59","date_gmt":"2026-09-01T16:17:59","guid":{"rendered":"https:\/\/www.repam.net\/es\/?p=13451"},"modified":"2026-09-03T11:49:09","modified_gmt":"2026-09-03T16:49:09","slug":"los-rios-nos-unen","status":"publish","type":"post","link":"https:\/\/www.repam.net\/es\/los-rios-nos-unen\/","title":{"rendered":"Los r\u00edos nos unen: convergencia de las aguas y los pueblos de la Amazon\u00eda"},"content":{"rendered":"<div class=\"wp-block-image\">\n<figure class=\"aligncenter size-large\"><img loading=\"lazy\" decoding=\"async\" width=\"1600\" height=\"900\" src=\"https:\/\/www.repam.net\/es\/wp-content\/uploads\/2026\/09\/WhatsApp-Image-2026-09-03-at-11.30.08-AM-9-edited-1.jpeg\" alt=\"\" class=\"wp-image-13454\" srcset=\"https:\/\/www.repam.net\/es\/wp-content\/uploads\/2026\/09\/WhatsApp-Image-2026-09-03-at-11.30.08-AM-9-edited-1.jpeg 1600w, https:\/\/www.repam.net\/es\/wp-content\/uploads\/2026\/09\/WhatsApp-Image-2026-09-03-at-11.30.08-AM-9-edited-1-300x169.jpeg 300w, https:\/\/www.repam.net\/es\/wp-content\/uploads\/2026\/09\/WhatsApp-Image-2026-09-03-at-11.30.08-AM-9-edited-1-1024x576.jpeg 1024w, https:\/\/www.repam.net\/es\/wp-content\/uploads\/2026\/09\/WhatsApp-Image-2026-09-03-at-11.30.08-AM-9-edited-1-768x432.jpeg 768w, https:\/\/www.repam.net\/es\/wp-content\/uploads\/2026\/09\/WhatsApp-Image-2026-09-03-at-11.30.08-AM-9-edited-1-1536x864.jpeg 1536w\" sizes=\"auto, (max-width: 1600px) 100vw, 1600px\" \/><\/figure>\n<\/div>\n\n\n<blockquote class=\"wp-block-quote is-layout-flow wp-block-quote-is-layout-flow\">\n<p class=\"wp-block-paragraph\"><em>Lideresas y l\u00edderes de los territorios amaz\u00f3nicos tomaron la vocer\u00eda en la actividad autogestionada que promovi\u00f3 la Red Eclesial Panamaz\u00f3nica (REPAM) durante el XII Foro Social Panamaz\u00f3nico (FOSPA). El espacio permiti\u00f3 reflexionar sobre la importancia de las fuentes de agua, los r\u00edos que integran la cuenca amaz\u00f3nica y la lucha que siguen los pueblos para preservar las garant\u00edas de vida (relacionadas estrechamente al agua).<\/em><\/p>\n<\/blockquote>\n\n\n\n<p class=\"wp-block-paragraph\"><strong><em>Por: Equipo de comunicaciones de REPAM<\/em><\/strong><\/p>\n\n\n\n<p class=\"wp-block-paragraph\">El grupo de REPAM durante el foro estuvo compuesto por representantes de los comit\u00e9s nacionales de la red en Bolivia, Colombia, Ecuador y Per\u00fa; la misi\u00f3n de la red fue la de dar una mayor representatividad y vocer\u00eda a lideresas y l\u00edderes territoriales durante el foro. REPAM busca caminar de la mano con las comunidades ind\u00edgenas, afros, campesinas y mestizas en los distintos escenarios. Con esa perspectiva se impuls\u00f3 el espacio autogestionado que permiti\u00f3 escuchar la experiencia territorial. Es v\u00e1lido detallar que, la red entiende al agua como algo que va m\u00e1s all\u00e1 de ser un recurso esencial; quienes habitan la Amazon\u00eda, la reconocen como fuente de vida y aquello que motiva el equilibrio social y cultural de las distintas comunidades.<\/p>\n\n\n\n<h5 class=\"wp-block-heading\"><strong>La lucha en la selva peruana<\/strong><\/h5>\n\n\n\n<p class=\"wp-block-paragraph\">Desde Per\u00fa, se trajo al escenario las luchas que se dan por los r\u00edos Piedras y Mara\u00f1\u00f3n, dos afluentes con realidades distintas pero que viven con la amenaza constante del deterioro ambiental a causa de la miner\u00eda y la explotaci\u00f3n de hidrocarburos. Actualmente, el r\u00edo Mara\u00f1\u00f3n (sujeto de derechos) es alimentado por las aguas del r\u00edo Huallaga y en su curso recibe a dem\u00e1s afluentes y cuerpos de agua que fortalecen su caudal; la contaminaci\u00f3n es generada por aguas servidas, degradaci\u00f3n de las riberas y en su mayor\u00eda por la extracci\u00f3n de petr\u00f3leo. Los derrames del oleoducto norperuano han generado, durante a\u00f1os, un grave problema ambiental.<\/p>\n\n\n\n<p class=\"wp-block-paragraph\">Por otro lado, el r\u00edo Piedras en la regi\u00f3n Madre de Dios es un cuerpo de agua que enfrenta una amenaza constante por la miner\u00eda que se lleva a cabo en la zona y por el deterioro generado por esta pr\u00e1ctica en afluentes como el r\u00edo Pariamanu. Los pueblos Yine y Amahuaca asentados en la zona impulsan un cuidado concertado de los r\u00edos y sus afluentes. Adem\u00e1s, las comunidades promueven modos de vida sustentables que armonizan con su territorio, protegiendo de esa forma la biodiversidad, el equilibrio y la salud en el bosque y las fuentes de agua. Experiencias como la de la comunidad nativa Boca Pariamanu son dignas de resaltar, los habitantes del territorio entienden que la selva permite ser trabajada y que a trav\u00e9s de una visi\u00f3n propia de la ecolog\u00eda integral, se garantiza la defensa de los derechos fundamentales, colectivos y del territorio.&nbsp;<\/p>\n\n\n\n<div class=\"wp-block-columns is-layout-flex wp-container-core-columns-is-layout-8f761849 wp-block-columns-is-layout-flex\">\n<div class=\"wp-block-column is-layout-flow wp-block-column-is-layout-flow\"><div class=\"wp-block-image\">\n<figure class=\"aligncenter size-large\"><img loading=\"lazy\" decoding=\"async\" width=\"763\" height=\"763\" src=\"https:\/\/www.repam.net\/es\/wp-content\/uploads\/2026\/09\/WhatsApp-Image-2026-09-03-at-11.30.08-AM-7-edited.jpeg\" alt=\"\" class=\"wp-image-13456\" srcset=\"https:\/\/www.repam.net\/es\/wp-content\/uploads\/2026\/09\/WhatsApp-Image-2026-09-03-at-11.30.08-AM-7-edited.jpeg 763w, https:\/\/www.repam.net\/es\/wp-content\/uploads\/2026\/09\/WhatsApp-Image-2026-09-03-at-11.30.08-AM-7-edited-300x300.jpeg 300w, https:\/\/www.repam.net\/es\/wp-content\/uploads\/2026\/09\/WhatsApp-Image-2026-09-03-at-11.30.08-AM-7-edited-150x150.jpeg 150w\" sizes=\"auto, (max-width: 763px) 100vw, 763px\" \/><\/figure>\n<\/div><\/div>\n\n\n\n<div class=\"wp-block-column is-layout-flow wp-block-column-is-layout-flow\"><div class=\"wp-block-image\">\n<figure class=\"aligncenter size-large\"><img loading=\"lazy\" decoding=\"async\" width=\"850\" height=\"850\" src=\"https:\/\/www.repam.net\/es\/wp-content\/uploads\/2026\/09\/WhatsApp-Image-2026-09-03-at-11.30.08-AM-6-edited.jpeg\" alt=\"\" class=\"wp-image-13458\" srcset=\"https:\/\/www.repam.net\/es\/wp-content\/uploads\/2026\/09\/WhatsApp-Image-2026-09-03-at-11.30.08-AM-6-edited.jpeg 850w, https:\/\/www.repam.net\/es\/wp-content\/uploads\/2026\/09\/WhatsApp-Image-2026-09-03-at-11.30.08-AM-6-edited-300x300.jpeg 300w, https:\/\/www.repam.net\/es\/wp-content\/uploads\/2026\/09\/WhatsApp-Image-2026-09-03-at-11.30.08-AM-6-edited-150x150.jpeg 150w, https:\/\/www.repam.net\/es\/wp-content\/uploads\/2026\/09\/WhatsApp-Image-2026-09-03-at-11.30.08-AM-6-edited-768x768.jpeg 768w\" sizes=\"auto, (max-width: 850px) 100vw, 850px\" \/><\/figure>\n<\/div><\/div>\n<\/div>\n\n\n\n<h5 class=\"wp-block-heading\"><strong>Colombia, armon\u00eda con el territorio<\/strong><\/h5>\n\n\n\n<p class=\"wp-block-paragraph\">En la selva del departamento del Caquet\u00e1 en Colombia, tienen lugar una serie de experiencias dentro de la iniciativa <em>Finca Amaz\u00f3nica.<\/em> Las comunidades locales buscan una armon\u00eda total con el territorio, a trav\u00e9s de un trabajo ligado a la justicia socioambiental y al buen vivir de quienes lo habitan. La Vicar\u00eda del Sur, organismo pastoral del a Arquidi\u00f3cesis de Florencia en Caquet\u00e1-Colombia, act\u00faa de forma contundente en la promoci\u00f3n y el acompa\u00f1amiento de las familias rurales de la regi\u00f3n; a trav\u00e9s de la vivencia desde la fe, la defensa de los derechos humanos y el mejoramiento de las condiciones de vida de las comunidades locales. El trabajo realizado por la vicar\u00eda en el territorio (en el proceso <em>Finca Amaz\u00f3nica)<\/em> resalta que <em>\u201cla espiritualidad debe leer la realidad y la necesidad de los pueblos en los que se trabaja\u201d.<\/em><\/p>\n\n\n\n<p class=\"wp-block-paragraph\">Dentro del proceso, tambi\u00e9n existe la experiencia <em>\u201cM\u00e1s agua, m\u00e1s vida, Caquet\u00e1 es Amazon\u00eda\u201d,<\/em> impulsada por las Comisiones de la Vida y el Agua (CVA); en su desarrollo se promueven espacios en los que las familias campesinas se re\u00fanen para reflexionar sobre el agua como garant\u00eda de vida. Las actividades espirituales incluyen romer\u00edas por el agua, viacrucis ecol\u00f3gicos y novenarios de navidad dirigidos a la siembra de esperanza y a la cosecha de vida sana. Es totalmente v\u00e1lido animar la r\u00e9plica de acciones como las que impulsa la Vicar\u00eda del Sur. Hoy la Amazon\u00eda necesita de acciones contundentes que permitan tener una convergencia integral en favor de la vida de las comunidades y del planeta entero.<\/p>\n\n\n\n<div class=\"wp-block-columns is-layout-flex wp-container-core-columns-is-layout-8f761849 wp-block-columns-is-layout-flex\">\n<div class=\"wp-block-column is-layout-flow wp-block-column-is-layout-flow\"><div class=\"wp-block-image\">\n<figure class=\"aligncenter size-large\"><img loading=\"lazy\" decoding=\"async\" width=\"1066\" height=\"1066\" src=\"https:\/\/www.repam.net\/es\/wp-content\/uploads\/2026\/09\/WhatsApp-Image-2026-09-03-at-11.30.08-AM-3-edited.jpeg\" alt=\"\" class=\"wp-image-13460\" srcset=\"https:\/\/www.repam.net\/es\/wp-content\/uploads\/2026\/09\/WhatsApp-Image-2026-09-03-at-11.30.08-AM-3-edited.jpeg 1066w, https:\/\/www.repam.net\/es\/wp-content\/uploads\/2026\/09\/WhatsApp-Image-2026-09-03-at-11.30.08-AM-3-edited-300x300.jpeg 300w, https:\/\/www.repam.net\/es\/wp-content\/uploads\/2026\/09\/WhatsApp-Image-2026-09-03-at-11.30.08-AM-3-edited-1024x1024.jpeg 1024w, https:\/\/www.repam.net\/es\/wp-content\/uploads\/2026\/09\/WhatsApp-Image-2026-09-03-at-11.30.08-AM-3-edited-150x150.jpeg 150w, https:\/\/www.repam.net\/es\/wp-content\/uploads\/2026\/09\/WhatsApp-Image-2026-09-03-at-11.30.08-AM-3-edited-768x768.jpeg 768w\" sizes=\"auto, (max-width: 1066px) 100vw, 1066px\" \/><\/figure>\n<\/div><\/div>\n\n\n\n<div class=\"wp-block-column is-layout-flow wp-block-column-is-layout-flow\"><div class=\"wp-block-image\">\n<figure class=\"aligncenter size-large\"><img loading=\"lazy\" decoding=\"async\" width=\"1066\" height=\"1066\" src=\"https:\/\/www.repam.net\/es\/wp-content\/uploads\/2026\/09\/WhatsApp-Image-2026-09-03-at-11.30.08-AM-2-edited.jpeg\" alt=\"\" class=\"wp-image-13462\" srcset=\"https:\/\/www.repam.net\/es\/wp-content\/uploads\/2026\/09\/WhatsApp-Image-2026-09-03-at-11.30.08-AM-2-edited.jpeg 1066w, https:\/\/www.repam.net\/es\/wp-content\/uploads\/2026\/09\/WhatsApp-Image-2026-09-03-at-11.30.08-AM-2-edited-300x300.jpeg 300w, https:\/\/www.repam.net\/es\/wp-content\/uploads\/2026\/09\/WhatsApp-Image-2026-09-03-at-11.30.08-AM-2-edited-1024x1024.jpeg 1024w, https:\/\/www.repam.net\/es\/wp-content\/uploads\/2026\/09\/WhatsApp-Image-2026-09-03-at-11.30.08-AM-2-edited-150x150.jpeg 150w, https:\/\/www.repam.net\/es\/wp-content\/uploads\/2026\/09\/WhatsApp-Image-2026-09-03-at-11.30.08-AM-2-edited-768x768.jpeg 768w\" sizes=\"auto, (max-width: 1066px) 100vw, 1066px\" \/><\/figure>\n<\/div><\/div>\n<\/div>\n\n\n\n<h5 class=\"wp-block-heading\"><strong>Ecuador y los YaKu Churis<\/strong><\/h5>\n\n\n\n<p class=\"wp-block-paragraph\">La selva de la provincia de Napo en Ecuador es ba\u00f1ada por las aguas del r\u00edo Jatunyacu, un afluente que se ve impactado fuertemente por la miner\u00eda que tiene lugar en la zona. Ante la problem\u00e1tica, los <em>Yaku Churis<\/em> o hijos del r\u00edo, combinan el deporte y la conservaci\u00f3n ambiental. El grupo, formado por ni\u00f1os y j\u00f3venes entre los 10 y los 17 a\u00f1os, impulsan el kayakismo en la zona como una forma de permanecer en armon\u00eda con el r\u00edo. M\u00e1s all\u00e1 de los kayaks, los <em>Yaku Churis<\/em> desarrollan procesos formativos en conservaci\u00f3n ambiental, liderazgo comunitario, amenazas territoriales, reciclaje y carpinter\u00eda.<\/p>\n\n\n\n<p class=\"wp-block-paragraph\">La necesidad de realizar un trabajo profundo con las generaciones j\u00f3venes de la Amazon\u00eda, que a su vez resalte los saberes ancestrales de los pueblos y la relaci\u00f3n entre comunidades, agua y territorio, es algo que persiste en la Panamazon\u00eda. La formaci\u00f3n de l\u00edderes j\u00f3venes, permite mantener viva la esperanza de encontrar un pleno equilibrio entre la selva y las formas de vida que la habitan. La promoci\u00f3n por la <em>ecolog\u00eda integral<\/em> y un trabajo que garantice el <em>buen vivir<\/em> es un contexto que debe ser abordado por quienes buscan una defensa integral de la Amazon\u00eda.<\/p>\n\n\n\n<div class=\"wp-block-columns is-layout-flex wp-container-core-columns-is-layout-8f761849 wp-block-columns-is-layout-flex\">\n<div class=\"wp-block-column is-layout-flow wp-block-column-is-layout-flow\"><div class=\"wp-block-image\">\n<figure class=\"aligncenter size-large\"><img loading=\"lazy\" decoding=\"async\" width=\"1066\" height=\"1066\" src=\"https:\/\/www.repam.net\/es\/wp-content\/uploads\/2026\/09\/WhatsApp-Image-2026-09-03-at-11.30.08-AM-8-edited.jpeg\" alt=\"\" class=\"wp-image-13464\" srcset=\"https:\/\/www.repam.net\/es\/wp-content\/uploads\/2026\/09\/WhatsApp-Image-2026-09-03-at-11.30.08-AM-8-edited.jpeg 1066w, https:\/\/www.repam.net\/es\/wp-content\/uploads\/2026\/09\/WhatsApp-Image-2026-09-03-at-11.30.08-AM-8-edited-300x300.jpeg 300w, https:\/\/www.repam.net\/es\/wp-content\/uploads\/2026\/09\/WhatsApp-Image-2026-09-03-at-11.30.08-AM-8-edited-1024x1024.jpeg 1024w, https:\/\/www.repam.net\/es\/wp-content\/uploads\/2026\/09\/WhatsApp-Image-2026-09-03-at-11.30.08-AM-8-edited-150x150.jpeg 150w, https:\/\/www.repam.net\/es\/wp-content\/uploads\/2026\/09\/WhatsApp-Image-2026-09-03-at-11.30.08-AM-8-edited-768x768.jpeg 768w\" sizes=\"auto, (max-width: 1066px) 100vw, 1066px\" \/><\/figure>\n<\/div><\/div>\n\n\n\n<div class=\"wp-block-column is-layout-flow wp-block-column-is-layout-flow\"><div class=\"wp-block-image\">\n<figure class=\"aligncenter size-large\"><img loading=\"lazy\" decoding=\"async\" width=\"1066\" height=\"1066\" src=\"https:\/\/www.repam.net\/es\/wp-content\/uploads\/2026\/09\/WhatsApp-Image-2026-09-03-at-11.30.08-AM-1-edited.jpeg\" alt=\"\" class=\"wp-image-13466\" srcset=\"https:\/\/www.repam.net\/es\/wp-content\/uploads\/2026\/09\/WhatsApp-Image-2026-09-03-at-11.30.08-AM-1-edited.jpeg 1066w, https:\/\/www.repam.net\/es\/wp-content\/uploads\/2026\/09\/WhatsApp-Image-2026-09-03-at-11.30.08-AM-1-edited-300x300.jpeg 300w, https:\/\/www.repam.net\/es\/wp-content\/uploads\/2026\/09\/WhatsApp-Image-2026-09-03-at-11.30.08-AM-1-edited-1024x1024.jpeg 1024w, https:\/\/www.repam.net\/es\/wp-content\/uploads\/2026\/09\/WhatsApp-Image-2026-09-03-at-11.30.08-AM-1-edited-150x150.jpeg 150w, https:\/\/www.repam.net\/es\/wp-content\/uploads\/2026\/09\/WhatsApp-Image-2026-09-03-at-11.30.08-AM-1-edited-768x768.jpeg 768w\" sizes=\"auto, (max-width: 1066px) 100vw, 1066px\" \/><\/figure>\n<\/div><\/div>\n<\/div>\n\n\n\n<h5 class=\"wp-block-heading\"><strong>Los r\u00edos nos unen<\/strong><\/h5>\n\n\n\n<p class=\"wp-block-paragraph\">La REPAM ha venido manifestando su voz en defensa de las fuentes de agua de la Panamazon\u00eda. La lucha por los r\u00edos es un eje transversal a las acciones de incidencia que se llevan a cabo contra el extractivismo, la miner\u00eda, la explotaci\u00f3n de hidrocarburos, el narcotr\u00e1fico y el tr\u00e1fico de tierras. Los r\u00edos que conforman las dos grandes cuencas presentes en el bioma panamaz\u00f3nico (Amazonas y Orinoco) est\u00e1n directamente ligados al sentir de pueblos y comunidades; garantizar sus derechos es tambi\u00e9n dar fuerza al libre ejercicio de derechos fundamentales como la vida y la dignidad humana. El llamado es a sumarnos a cada acci\u00f3n de defensa; el agua es fuente de vida y a su vez, esperanza de justicia social y buen vivir. \u00a0<\/p>\n\n\n\n<div class=\"wp-block-columns is-layout-flex wp-container-core-columns-is-layout-8f761849 wp-block-columns-is-layout-flex\">\n<div class=\"wp-block-column is-layout-flow wp-block-column-is-layout-flow\"><div class=\"wp-block-image\">\n<figure class=\"aligncenter size-large\"><img loading=\"lazy\" decoding=\"async\" width=\"1066\" height=\"1066\" src=\"https:\/\/www.repam.net\/es\/wp-content\/uploads\/2026\/09\/WhatsApp-Image-2026-09-03-at-11.30.08-AM-edited.jpeg\" alt=\"\" class=\"wp-image-13468\" srcset=\"https:\/\/www.repam.net\/es\/wp-content\/uploads\/2026\/09\/WhatsApp-Image-2026-09-03-at-11.30.08-AM-edited.jpeg 1066w, https:\/\/www.repam.net\/es\/wp-content\/uploads\/2026\/09\/WhatsApp-Image-2026-09-03-at-11.30.08-AM-edited-300x300.jpeg 300w, https:\/\/www.repam.net\/es\/wp-content\/uploads\/2026\/09\/WhatsApp-Image-2026-09-03-at-11.30.08-AM-edited-1024x1024.jpeg 1024w, https:\/\/www.repam.net\/es\/wp-content\/uploads\/2026\/09\/WhatsApp-Image-2026-09-03-at-11.30.08-AM-edited-150x150.jpeg 150w, https:\/\/www.repam.net\/es\/wp-content\/uploads\/2026\/09\/WhatsApp-Image-2026-09-03-at-11.30.08-AM-edited-768x768.jpeg 768w\" sizes=\"auto, (max-width: 1066px) 100vw, 1066px\" \/><\/figure>\n<\/div><\/div>\n\n\n\n<div class=\"wp-block-column is-layout-flow wp-block-column-is-layout-flow\"><div class=\"wp-block-image\">\n<figure class=\"aligncenter size-large\"><img loading=\"lazy\" decoding=\"async\" width=\"1066\" height=\"1066\" src=\"https:\/\/www.repam.net\/es\/wp-content\/uploads\/2026\/09\/WhatsApp-Image-2026-09-03-at-11.30.08-AM-5-edited.jpeg\" alt=\"\" class=\"wp-image-13470\" srcset=\"https:\/\/www.repam.net\/es\/wp-content\/uploads\/2026\/09\/WhatsApp-Image-2026-09-03-at-11.30.08-AM-5-edited.jpeg 1066w, https:\/\/www.repam.net\/es\/wp-content\/uploads\/2026\/09\/WhatsApp-Image-2026-09-03-at-11.30.08-AM-5-edited-300x300.jpeg 300w, https:\/\/www.repam.net\/es\/wp-content\/uploads\/2026\/09\/WhatsApp-Image-2026-09-03-at-11.30.08-AM-5-edited-1024x1024.jpeg 1024w, https:\/\/www.repam.net\/es\/wp-content\/uploads\/2026\/09\/WhatsApp-Image-2026-09-03-at-11.30.08-AM-5-edited-150x150.jpeg 150w, https:\/\/www.repam.net\/es\/wp-content\/uploads\/2026\/09\/WhatsApp-Image-2026-09-03-at-11.30.08-AM-5-edited-768x768.jpeg 768w\" sizes=\"auto, (max-width: 1066px) 100vw, 1066px\" \/><\/figure>\n<\/div><\/div>\n\n\n\n<div class=\"wp-block-column is-layout-flow wp-block-column-is-layout-flow\"><div class=\"wp-block-image\">\n<figure class=\"aligncenter size-large\"><img loading=\"lazy\" decoding=\"async\" width=\"1066\" height=\"1066\" src=\"https:\/\/www.repam.net\/es\/wp-content\/uploads\/2026\/09\/WhatsApp-Image-2026-09-03-at-11.30.08-AM-10-edited.jpeg\" alt=\"\" class=\"wp-image-13472\" srcset=\"https:\/\/www.repam.net\/es\/wp-content\/uploads\/2026\/09\/WhatsApp-Image-2026-09-03-at-11.30.08-AM-10-edited.jpeg 1066w, https:\/\/www.repam.net\/es\/wp-content\/uploads\/2026\/09\/WhatsApp-Image-2026-09-03-at-11.30.08-AM-10-edited-300x300.jpeg 300w, https:\/\/www.repam.net\/es\/wp-content\/uploads\/2026\/09\/WhatsApp-Image-2026-09-03-at-11.30.08-AM-10-edited-1024x1024.jpeg 1024w, https:\/\/www.repam.net\/es\/wp-content\/uploads\/2026\/09\/WhatsApp-Image-2026-09-03-at-11.30.08-AM-10-edited-150x150.jpeg 150w, https:\/\/www.repam.net\/es\/wp-content\/uploads\/2026\/09\/WhatsApp-Image-2026-09-03-at-11.30.08-AM-10-edited-768x768.jpeg 768w\" sizes=\"auto, (max-width: 1066px) 100vw, 1066px\" \/><\/figure>\n<\/div><\/div>\n<\/div>\n\n\n\n<p class=\"wp-block-paragraph\"><\/p>\n","protected":false},"excerpt":{"rendered":"<p>Lideresas y l\u00edderes de los territorios amaz\u00f3nicos tomaron la vocer\u00eda en la actividad autogestionada que promovi\u00f3 la Red Eclesial Panamaz\u00f3nica (REPAM) durante el XII Foro Social Panamaz\u00f3nico (FOSPA). El espacio permiti\u00f3 reflexionar sobre la importancia de las fuentes de agua, los r\u00edos que integran la cuenca amaz\u00f3nica y la lucha que siguen los pueblos para [&hellip;]<\/p>\n","protected":false},"author":1,"featured_media":13454,"comment_status":"closed","ping_status":"closed","sticky":false,"template":"","format":"standard","meta":{"_acf_changed":false,"_uf_show_specific_survey":0,"_uf_disable_surveys":false,"footnotes":""},"categories":[4],"tags":[33,52,16,8,9],"class_list":["post-13451","post","type-post","status-publish","format-standard","has-post-thumbnail","hentry","category-noticias","tag-amazonia","tag-derechos-humanos","tag-pueblos-indigenas","tag-querida-amazonia","tag-repam"],"acf":[],"aioseo_notices":[],"yoast_head":"<!-- This site is optimized with the Yoast SEO plugin v28.4 - https:\/\/yoast.com\/product\/yoast-seo-wordpress\/ -->\n<title>Los r\u00edos nos unen: convergencia de las aguas y los pueblos de la Amazon\u00eda - REPAM<\/title>\n<meta name=\"description\" content=\"Lideresas y l\u00edderes de los territorios amaz\u00f3nicos tomaron la vocer\u00eda en la actividad autogestionada que promovi\u00f3 la Red Eclesial Panamaz\u00f3nica (REPAM) durante el XII Foro Social Panamaz\u00f3nico (FOSPA). El espacio permiti\u00f3 reflexionar sobre la importancia de las fuentes de agua, los r\u00edos que integran la cuenca amaz\u00f3nica y la lucha que siguen los pueblos para preservar las garant\u00edas de vida (relacionadas estrechamente al agua).\" \/>\n<meta name=\"robots\" content=\"index, follow, max-snippet:-1, max-image-preview:large, max-video-preview:-1\" \/>\n<link rel=\"canonical\" href=\"https:\/\/www.repam.net\/es\/los-rios-nos-unen\/\" \/>\n<meta property=\"og:locale\" content=\"es_ES\" \/>\n<meta property=\"og:type\" content=\"article\" \/>\n<meta property=\"og:title\" content=\"Los r\u00edos nos unen: convergencia de las aguas y los pueblos de la Amazon\u00eda - REPAM\" \/>\n<meta property=\"og:description\" content=\"Lideresas y l\u00edderes de los territorios amaz\u00f3nicos tomaron la vocer\u00eda en la actividad autogestionada que promovi\u00f3 la Red Eclesial Panamaz\u00f3nica (REPAM) durante el XII Foro Social Panamaz\u00f3nico (FOSPA). El espacio permiti\u00f3 reflexionar sobre la importancia de las fuentes de agua, los r\u00edos que integran la cuenca amaz\u00f3nica y la lucha que siguen los pueblos para preservar las garant\u00edas de vida (relacionadas estrechamente al agua).\" \/>\n<meta property=\"og:url\" content=\"https:\/\/www.repam.net\/es\/los-rios-nos-unen\/\" \/>\n<meta property=\"og:site_name\" content=\"REPAM\" \/>\n<meta property=\"article:published_time\" content=\"2026-09-01T16:17:59+00:00\" \/>\n<meta property=\"article:modified_time\" content=\"2026-09-03T16:49:09+00:00\" \/>\n<meta property=\"og:image\" content=\"https:\/\/www.repam.net\/es\/wp-content\/uploads\/2026\/09\/WhatsApp-Image-2026-09-03-at-11.30.08-AM-9-edited-1.jpeg\" \/>\n\t<meta property=\"og:image:width\" content=\"1600\" \/>\n\t<meta property=\"og:image:height\" content=\"900\" \/>\n\t<meta property=\"og:image:type\" content=\"image\/jpeg\" \/>\n<meta name=\"author\" content=\"repam@adm\" \/>\n<meta name=\"twitter:card\" content=\"summary_large_image\" \/>\n<meta name=\"twitter:label1\" content=\"Escrito por\" \/>\n\t<meta name=\"twitter:data1\" content=\"repam@adm\" \/>\n\t<meta name=\"twitter:label2\" content=\"Tiempo de lectura\" \/>\n\t<meta name=\"twitter:data2\" content=\"7 minutos\" \/>\n<script type=\"application\/ld+json\" class=\"yoast-schema-graph\">{\"@context\":\"https:\\\/\\\/schema.org\",\"@graph\":[{\"@type\":\"Article\",\"@id\":\"https:\\\/\\\/www.repam.net\\\/es\\\/los-rios-nos-unen\\\/#article\",\"isPartOf\":{\"@id\":\"https:\\\/\\\/www.repam.net\\\/es\\\/los-rios-nos-unen\\\/\"},\"author\":{\"name\":\"repam@adm\",\"@id\":\"https:\\\/\\\/www.repam.net\\\/es\\\/#\\\/schema\\\/person\\\/0c828bf04cf1abe6016cbe752c76a033\"},\"headline\":\"Los r\u00edos nos unen: convergencia de las aguas y los pueblos de la Amazon\u00eda\",\"datePublished\":\"2026-09-01T16:17:59+00:00\",\"dateModified\":\"2026-09-03T16:49:09+00:00\",\"mainEntityOfPage\":{\"@id\":\"https:\\\/\\\/www.repam.net\\\/es\\\/los-rios-nos-unen\\\/\"},\"wordCount\":1155,\"publisher\":{\"@id\":\"https:\\\/\\\/www.repam.net\\\/es\\\/#organization\"},\"image\":{\"@id\":\"https:\\\/\\\/www.repam.net\\\/es\\\/los-rios-nos-unen\\\/#primaryimage\"},\"thumbnailUrl\":\"https:\\\/\\\/www.repam.net\\\/es\\\/wp-content\\\/uploads\\\/2026\\\/09\\\/WhatsApp-Image-2026-09-03-at-11.30.08-AM-9-edited-1.jpeg\",\"keywords\":[\"Amazon\u00eda\",\"Derechos Humanos\",\"pueblos ind\u00edgenas\",\"Querida Amazon\u00eda\",\"REPAM\"],\"articleSection\":[\"Noticias\"],\"inLanguage\":\"es-CO\"},{\"@type\":\"WebPage\",\"@id\":\"https:\\\/\\\/www.repam.net\\\/es\\\/los-rios-nos-unen\\\/\",\"url\":\"https:\\\/\\\/www.repam.net\\\/es\\\/los-rios-nos-unen\\\/\",\"name\":\"Los r\u00edos nos unen: convergencia de las aguas y los pueblos de la Amazon\u00eda - REPAM\",\"isPartOf\":{\"@id\":\"https:\\\/\\\/www.repam.net\\\/es\\\/#website\"},\"primaryImageOfPage\":{\"@id\":\"https:\\\/\\\/www.repam.net\\\/es\\\/los-rios-nos-unen\\\/#primaryimage\"},\"image\":{\"@id\":\"https:\\\/\\\/www.repam.net\\\/es\\\/los-rios-nos-unen\\\/#primaryimage\"},\"thumbnailUrl\":\"https:\\\/\\\/www.repam.net\\\/es\\\/wp-content\\\/uploads\\\/2026\\\/09\\\/WhatsApp-Image-2026-09-03-at-11.30.08-AM-9-edited-1.jpeg\",\"datePublished\":\"2026-09-01T16:17:59+00:00\",\"dateModified\":\"2026-09-03T16:49:09+00:00\",\"description\":\"Lideresas y l\u00edderes de los territorios amaz\u00f3nicos tomaron la vocer\u00eda en la actividad autogestionada que promovi\u00f3 la Red Eclesial Panamaz\u00f3nica (REPAM) durante el XII Foro Social Panamaz\u00f3nico (FOSPA). El espacio permiti\u00f3 reflexionar sobre la importancia de las fuentes de agua, los r\u00edos que integran la cuenca amaz\u00f3nica y la lucha que siguen los pueblos para preservar las garant\u00edas de vida (relacionadas estrechamente al agua).\",\"breadcrumb\":{\"@id\":\"https:\\\/\\\/www.repam.net\\\/es\\\/los-rios-nos-unen\\\/#breadcrumb\"},\"inLanguage\":\"es-CO\",\"potentialAction\":[{\"@type\":\"ReadAction\",\"target\":[\"https:\\\/\\\/www.repam.net\\\/es\\\/los-rios-nos-unen\\\/\"]}]},{\"@type\":\"ImageObject\",\"inLanguage\":\"es-CO\",\"@id\":\"https:\\\/\\\/www.repam.net\\\/es\\\/los-rios-nos-unen\\\/#primaryimage\",\"url\":\"https:\\\/\\\/www.repam.net\\\/es\\\/wp-content\\\/uploads\\\/2026\\\/09\\\/WhatsApp-Image-2026-09-03-at-11.30.08-AM-9-edited-1.jpeg\",\"contentUrl\":\"https:\\\/\\\/www.repam.net\\\/es\\\/wp-content\\\/uploads\\\/2026\\\/09\\\/WhatsApp-Image-2026-09-03-at-11.30.08-AM-9-edited-1.jpeg\",\"width\":1600,\"height\":900},{\"@type\":\"BreadcrumbList\",\"@id\":\"https:\\\/\\\/www.repam.net\\\/es\\\/los-rios-nos-unen\\\/#breadcrumb\",\"itemListElement\":[{\"@type\":\"ListItem\",\"position\":1,\"name\":\"Inicio\",\"item\":\"https:\\\/\\\/www.repam.net\\\/es\\\/\"},{\"@type\":\"ListItem\",\"position\":2,\"name\":\"Los r\u00edos nos unen: convergencia de las aguas y los pueblos de la Amazon\u00eda\"}]},{\"@type\":\"WebSite\",\"@id\":\"https:\\\/\\\/www.repam.net\\\/es\\\/#website\",\"url\":\"https:\\\/\\\/www.repam.net\\\/es\\\/\",\"name\":\"REPAM\",\"description\":\"Red Eclesial Panamaz\u00f3nica\",\"publisher\":{\"@id\":\"https:\\\/\\\/www.repam.net\\\/es\\\/#organization\"},\"potentialAction\":[{\"@type\":\"SearchAction\",\"target\":{\"@type\":\"EntryPoint\",\"urlTemplate\":\"https:\\\/\\\/www.repam.net\\\/es\\\/?s={search_term_string}\"},\"query-input\":{\"@type\":\"PropertyValueSpecification\",\"valueRequired\":true,\"valueName\":\"search_term_string\"}}],\"inLanguage\":\"es-CO\"},{\"@type\":\"Organization\",\"@id\":\"https:\\\/\\\/www.repam.net\\\/es\\\/#organization\",\"name\":\"REPAM\",\"url\":\"https:\\\/\\\/www.repam.net\\\/es\\\/\",\"logo\":{\"@type\":\"ImageObject\",\"inLanguage\":\"es-CO\",\"@id\":\"https:\\\/\\\/www.repam.net\\\/es\\\/#\\\/schema\\\/logo\\\/image\\\/\",\"url\":\"https:\\\/\\\/www.repam.net\\\/es\\\/wp-content\\\/uploads\\\/2021\\\/11\\\/cropped-favicon.png\",\"contentUrl\":\"https:\\\/\\\/www.repam.net\\\/es\\\/wp-content\\\/uploads\\\/2021\\\/11\\\/cropped-favicon.png\",\"width\":512,\"height\":512,\"caption\":\"REPAM\"},\"image\":{\"@id\":\"https:\\\/\\\/www.repam.net\\\/es\\\/#\\\/schema\\\/logo\\\/image\\\/\"}},{\"@type\":\"Person\",\"@id\":\"https:\\\/\\\/www.repam.net\\\/es\\\/#\\\/schema\\\/person\\\/0c828bf04cf1abe6016cbe752c76a033\",\"name\":\"repam@adm\",\"image\":{\"@type\":\"ImageObject\",\"inLanguage\":\"es-CO\",\"@id\":\"https:\\\/\\\/secure.gravatar.com\\\/avatar\\\/b18234ea6de5d74563e52ca7bfdad9d2b029b514c935b38a2790717abf8f2e5f?s=96&d=mm&r=g\",\"url\":\"https:\\\/\\\/secure.gravatar.com\\\/avatar\\\/b18234ea6de5d74563e52ca7bfdad9d2b029b514c935b38a2790717abf8f2e5f?s=96&d=mm&r=g\",\"contentUrl\":\"https:\\\/\\\/secure.gravatar.com\\\/avatar\\\/b18234ea6de5d74563e52ca7bfdad9d2b029b514c935b38a2790717abf8f2e5f?s=96&d=mm&r=g\",\"caption\":\"repam@adm\"},\"sameAs\":[\"http:\\\/\\\/repam.net\"],\"url\":\"https:\\\/\\\/www.repam.net\\\/es\\\/author\\\/repamadm\\\/\"}]}<\/script>\n<!-- \/ Yoast SEO plugin. -->","yoast_head_json":{"title":"Los r\u00edos nos unen: convergencia de las aguas y los pueblos de la Amazon\u00eda - REPAM","description":"Lideresas y l\u00edderes de los territorios amaz\u00f3nicos tomaron la vocer\u00eda en la actividad autogestionada que promovi\u00f3 la Red Eclesial Panamaz\u00f3nica (REPAM) durante el XII Foro Social Panamaz\u00f3nico (FOSPA). El espacio permiti\u00f3 reflexionar sobre la importancia de las fuentes de agua, los r\u00edos que integran la cuenca amaz\u00f3nica y la lucha que siguen los pueblos para preservar las garant\u00edas de vida (relacionadas estrechamente al agua).","robots":{"index":"index","follow":"follow","max-snippet":"max-snippet:-1","max-image-preview":"max-image-preview:large","max-video-preview":"max-video-preview:-1"},"canonical":"https:\/\/www.repam.net\/es\/los-rios-nos-unen\/","og_locale":"es_ES","og_type":"article","og_title":"Los r\u00edos nos unen: convergencia de las aguas y los pueblos de la Amazon\u00eda - REPAM","og_description":"Lideresas y l\u00edderes de los territorios amaz\u00f3nicos tomaron la vocer\u00eda en la actividad autogestionada que promovi\u00f3 la Red Eclesial Panamaz\u00f3nica (REPAM) durante el XII Foro Social Panamaz\u00f3nico (FOSPA). El espacio permiti\u00f3 reflexionar sobre la importancia de las fuentes de agua, los r\u00edos que integran la cuenca amaz\u00f3nica y la lucha que siguen los pueblos para preservar las garant\u00edas de vida (relacionadas estrechamente al agua).","og_url":"https:\/\/www.repam.net\/es\/los-rios-nos-unen\/","og_site_name":"REPAM","article_published_time":"2026-09-01T16:17:59+00:00","article_modified_time":"2026-09-03T16:49:09+00:00","og_image":[{"width":1600,"height":900,"url":"https:\/\/www.repam.net\/es\/wp-content\/uploads\/2026\/09\/WhatsApp-Image-2026-09-03-at-11.30.08-AM-9-edited-1.jpeg","type":"image\/jpeg"}],"author":"repam@adm","twitter_card":"summary_large_image","twitter_misc":{"Escrito por":"repam@adm","Tiempo de lectura":"7 minutos"},"schema":{"@context":"https:\/\/schema.org","@graph":[{"@type":"Article","@id":"https:\/\/www.repam.net\/es\/los-rios-nos-unen\/#article","isPartOf":{"@id":"https:\/\/www.repam.net\/es\/los-rios-nos-unen\/"},"author":{"name":"repam@adm","@id":"https:\/\/www.repam.net\/es\/#\/schema\/person\/0c828bf04cf1abe6016cbe752c76a033"},"headline":"Los r\u00edos nos unen: convergencia de las aguas y los pueblos de la Amazon\u00eda","datePublished":"2026-09-01T16:17:59+00:00","dateModified":"2026-09-03T16:49:09+00:00","mainEntityOfPage":{"@id":"https:\/\/www.repam.net\/es\/los-rios-nos-unen\/"},"wordCount":1155,"publisher":{"@id":"https:\/\/www.repam.net\/es\/#organization"},"image":{"@id":"https:\/\/www.repam.net\/es\/los-rios-nos-unen\/#primaryimage"},"thumbnailUrl":"https:\/\/www.repam.net\/es\/wp-content\/uploads\/2026\/09\/WhatsApp-Image-2026-09-03-at-11.30.08-AM-9-edited-1.jpeg","keywords":["Amazon\u00eda","Derechos Humanos","pueblos ind\u00edgenas","Querida Amazon\u00eda","REPAM"],"articleSection":["Noticias"],"inLanguage":"es-CO"},{"@type":"WebPage","@id":"https:\/\/www.repam.net\/es\/los-rios-nos-unen\/","url":"https:\/\/www.repam.net\/es\/los-rios-nos-unen\/","name":"Los r\u00edos nos unen: convergencia de las aguas y los pueblos de la Amazon\u00eda - REPAM","isPartOf":{"@id":"https:\/\/www.repam.net\/es\/#website"},"primaryImageOfPage":{"@id":"https:\/\/www.repam.net\/es\/los-rios-nos-unen\/#primaryimage"},"image":{"@id":"https:\/\/www.repam.net\/es\/los-rios-nos-unen\/#primaryimage"},"thumbnailUrl":"https:\/\/www.repam.net\/es\/wp-content\/uploads\/2026\/09\/WhatsApp-Image-2026-09-03-at-11.30.08-AM-9-edited-1.jpeg","datePublished":"2026-09-01T16:17:59+00:00","dateModified":"2026-09-03T16:49:09+00:00","description":"Lideresas y l\u00edderes de los territorios amaz\u00f3nicos tomaron la vocer\u00eda en la actividad autogestionada que promovi\u00f3 la Red Eclesial Panamaz\u00f3nica (REPAM) durante el XII Foro Social Panamaz\u00f3nico (FOSPA). El espacio permiti\u00f3 reflexionar sobre la importancia de las fuentes de agua, los r\u00edos que integran la cuenca amaz\u00f3nica y la lucha que siguen los pueblos para preservar las garant\u00edas de vida (relacionadas estrechamente al agua).","breadcrumb":{"@id":"https:\/\/www.repam.net\/es\/los-rios-nos-unen\/#breadcrumb"},"inLanguage":"es-CO","potentialAction":[{"@type":"ReadAction","target":["https:\/\/www.repam.net\/es\/los-rios-nos-unen\/"]}]},{"@type":"ImageObject","inLanguage":"es-CO","@id":"https:\/\/www.repam.net\/es\/los-rios-nos-unen\/#primaryimage","url":"https:\/\/www.repam.net\/es\/wp-content\/uploads\/2026\/09\/WhatsApp-Image-2026-09-03-at-11.30.08-AM-9-edited-1.jpeg","contentUrl":"https:\/\/www.repam.net\/es\/wp-content\/uploads\/2026\/09\/WhatsApp-Image-2026-09-03-at-11.30.08-AM-9-edited-1.jpeg","width":1600,"height":900},{"@type":"BreadcrumbList","@id":"https:\/\/www.repam.net\/es\/los-rios-nos-unen\/#breadcrumb","itemListElement":[{"@type":"ListItem","position":1,"name":"Inicio","item":"https:\/\/www.repam.net\/es\/"},{"@type":"ListItem","position":2,"name":"Los r\u00edos nos unen: convergencia de las aguas y los pueblos de la Amazon\u00eda"}]},{"@type":"WebSite","@id":"https:\/\/www.repam.net\/es\/#website","url":"https:\/\/www.repam.net\/es\/","name":"REPAM","description":"Red Eclesial Panamaz\u00f3nica","publisher":{"@id":"https:\/\/www.repam.net\/es\/#organization"},"potentialAction":[{"@type":"SearchAction","target":{"@type":"EntryPoint","urlTemplate":"https:\/\/www.repam.net\/es\/?s={search_term_string}"},"query-input":{"@type":"PropertyValueSpecification","valueRequired":true,"valueName":"search_term_string"}}],"inLanguage":"es-CO"},{"@type":"Organization","@id":"https:\/\/www.repam.net\/es\/#organization","name":"REPAM","url":"https:\/\/www.repam.net\/es\/","logo":{"@type":"ImageObject","inLanguage":"es-CO","@id":"https:\/\/www.repam.net\/es\/#\/schema\/logo\/image\/","url":"https:\/\/www.repam.net\/es\/wp-content\/uploads\/2021\/11\/cropped-favicon.png","contentUrl":"https:\/\/www.repam.net\/es\/wp-content\/uploads\/2021\/11\/cropped-favicon.png","width":512,"height":512,"caption":"REPAM"},"image":{"@id":"https:\/\/www.repam.net\/es\/#\/schema\/logo\/image\/"}},{"@type":"Person","@id":"https:\/\/www.repam.net\/es\/#\/schema\/person\/0c828bf04cf1abe6016cbe752c76a033","name":"repam@adm","image":{"@type":"ImageObject","inLanguage":"es-CO","@id":"https:\/\/secure.gravatar.com\/avatar\/b18234ea6de5d74563e52ca7bfdad9d2b029b514c935b38a2790717abf8f2e5f?s=96&d=mm&r=g","url":"https:\/\/secure.gravatar.com\/avatar\/b18234ea6de5d74563e52ca7bfdad9d2b029b514c935b38a2790717abf8f2e5f?s=96&d=mm&r=g","contentUrl":"https:\/\/secure.gravatar.com\/avatar\/b18234ea6de5d74563e52ca7bfdad9d2b029b514c935b38a2790717abf8f2e5f?s=96&d=mm&r=g","caption":"repam@adm"},"sameAs":["http:\/\/repam.net"],"url":"https:\/\/www.repam.net\/es\/author\/repamadm\/"}]}},"_links":{"self":[{"href":"https:\/\/www.repam.net\/es\/wp-json\/wp\/v2\/posts\/13451","targetHints":{"allow":["GET"]}}],"collection":[{"href":"https:\/\/www.repam.net\/es\/wp-json\/wp\/v2\/posts"}],"about":[{"href":"https:\/\/www.repam.net\/es\/wp-json\/wp\/v2\/types\/post"}],"author":[{"embeddable":true,"href":"https:\/\/www.repam.net\/es\/wp-json\/wp\/v2\/users\/1"}],"replies":[{"embeddable":true,"href":"https:\/\/www.repam.net\/es\/wp-json\/wp\/v2\/comments?post=13451"}],"version-history":[{"count":1,"href":"https:\/\/www.repam.net\/es\/wp-json\/wp\/v2\/posts\/13451\/revisions"}],"predecessor-version":[{"id":13473,"href":"https:\/\/www.repam.net\/es\/wp-json\/wp\/v2\/posts\/13451\/revisions\/13473"}],"wp:featuredmedia":[{"embeddable":true,"href":"https:\/\/www.repam.net\/es\/wp-json\/wp\/v2\/media\/13454"}],"wp:attachment":[{"href":"https:\/\/www.repam.net\/es\/wp-json\/wp\/v2\/media?parent=13451"}],"wp:term":[{"taxonomy":"category","embeddable":true,"href":"https:\/\/www.repam.net\/es\/wp-json\/wp\/v2\/categories?post=13451"},{"taxonomy":"post_tag","embeddable":true,"href":"https:\/\/www.repam.net\/es\/wp-json\/wp\/v2\/tags?post=13451"}],"curies":[{"name":"wp","href":"https:\/\/api.w.org\/{rel}","templated":true}]}}