{"id":1448,"date":"2021-05-15T00:00:00","date_gmt":"2021-05-15T05:00:00","guid":{"rendered":"http:\/\/repam.net\/padre-miguel-angel-cadenas-nombrado-nuevo-obispo-de-iquitos\/"},"modified":"2021-05-15T00:00:00","modified_gmt":"2021-05-15T05:00:00","slug":"padre-miguel-angel-cadenas-nombrado-nuevo-obispo-de-iquitos","status":"publish","type":"post","link":"https:\/\/www.repam.net\/es\/padre-miguel-angel-cadenas-nombrado-nuevo-obispo-de-iquitos\/","title":{"rendered":"Padre Miguel \u00c1ngel Cadenas, nombrado nuevo obispo de Iquitos"},"content":{"rendered":"<div class=\"et_pb_section et_pb_section_0_tb_body et_section_regular\">\n<div class=\"et_pb_row et_pb_row_0_tb_body\">\n<div class=\"et_pb_column et_pb_column_4_4 et_pb_column_0_tb_body et_pb_css_mix_blend_mode_passthrough et-last-child\">\n<div class=\"et_pb_module et_pb_text et_pb_text_0_tb_body et_pb_text_align_left et_pb_bg_layout_light\">\n<div class=\"et_pb_text_inner\">\n<blockquote>\n<p>El Bolet\u00edn de Prensa del Vaticano comunic\u00f3 hoy el nombramiento del misionero agustino como m\u00e1ximo responsable del Vicariato de Iquitos (Per\u00fa). Lleva m\u00e1s de 25 a\u00f1os desempe\u00f1ando su labor pastoral en la zona.<\/p>\n<\/blockquote>\n","protected":false},"excerpt":{"rendered":"<p>El Bolet\u00edn de Prensa del Vaticano comunic\u00f3 hoy el nombramiento del misionero agustino como m\u00e1ximo responsable del Vicariato de Iquitos (Per\u00fa). Lleva m\u00e1s de 25 a\u00f1os desempe\u00f1ando su labor pastoral en la zona.<\/p>\n","protected":false},"author":1,"featured_media":1449,"comment_status":"closed","ping_status":"closed","sticky":false,"template":"","format":"standard","meta":{"_acf_changed":false,"_uf_show_specific_survey":0,"_uf_disable_surveys":false,"footnotes":""},"categories":[4,10],"tags":[272,273,43,199],"class_list":["post-1448","post","type-post","status-publish","format-standard","has-post-thumbnail","hentry","category-noticias","category-peru","tag-nombramiento","tag-obispos","tag-papa-francisco","tag-vicariato-de-iquitos"],"acf":[],"aioseo_notices":[],"yoast_head":"<!-- This site is optimized with the Yoast SEO plugin v27.5 - https:\/\/yoast.com\/product\/yoast-seo-wordpress\/ -->\n<title>Padre Miguel \u00c1ngel Cadenas, nombrado nuevo obispo de Iquitos - REPAM<\/title>\n<meta name=\"robots\" content=\"index, follow, max-snippet:-1, max-image-preview:large, max-video-preview:-1\" \/>\n<link rel=\"canonical\" href=\"https:\/\/www.repam.net\/es\/padre-miguel-angel-cadenas-nombrado-nuevo-obispo-de-iquitos\/\" \/>\n<meta property=\"og:locale\" content=\"es_ES\" \/>\n<meta property=\"og:type\" content=\"article\" \/>\n<meta property=\"og:title\" content=\"Padre Miguel \u00c1ngel Cadenas, nombrado nuevo obispo de Iquitos - REPAM\" \/>\n<meta property=\"og:description\" content=\"El Bolet\u00edn de Prensa del Vaticano comunic\u00f3 hoy el nombramiento del misionero agustino como m\u00e1ximo responsable del Vicariato de Iquitos (Per\u00fa). Lleva m\u00e1s de 25 a\u00f1os desempe\u00f1ando su labor pastoral en la zona.\" \/>\n<meta property=\"og:url\" content=\"https:\/\/www.repam.net\/es\/padre-miguel-angel-cadenas-nombrado-nuevo-obispo-de-iquitos\/\" \/>\n<meta property=\"og:site_name\" content=\"REPAM\" \/>\n<meta property=\"article:published_time\" content=\"2021-05-15T05:00:00+00:00\" \/>\n<meta property=\"og:image\" content=\"https:\/\/www.repam.net\/es\/wp-content\/uploads\/2021\/09\/MiguelAngelCadenas-e1541535235126.jpg\" \/>\n\t<meta property=\"og:image:width\" content=\"800\" \/>\n\t<meta property=\"og:image:height\" content=\"533\" \/>\n\t<meta property=\"og:image:type\" content=\"image\/jpeg\" \/>\n<meta name=\"author\" content=\"repam@adm\" \/>\n<meta name=\"twitter:card\" content=\"summary_large_image\" \/>\n<meta name=\"twitter:label1\" content=\"Escrito por\" \/>\n\t<meta name=\"twitter:data1\" content=\"repam@adm\" \/>\n<script type=\"application\/ld+json\" class=\"yoast-schema-graph\">{\"@context\":\"https:\\\/\\\/schema.org\",\"@graph\":[{\"@type\":\"Article\",\"@id\":\"https:\\\/\\\/www.repam.net\\\/es\\\/padre-miguel-angel-cadenas-nombrado-nuevo-obispo-de-iquitos\\\/#article\",\"isPartOf\":{\"@id\":\"https:\\\/\\\/www.repam.net\\\/es\\\/padre-miguel-angel-cadenas-nombrado-nuevo-obispo-de-iquitos\\\/\"},\"author\":{\"name\":\"repam@adm\",\"@id\":\"https:\\\/\\\/www.repam.net\\\/es\\\/#\\\/schema\\\/person\\\/0c828bf04cf1abe6016cbe752c76a033\"},\"headline\":\"Padre Miguel \u00c1ngel Cadenas, nombrado nuevo obispo de Iquitos\",\"datePublished\":\"2021-05-15T05:00:00+00:00\",\"mainEntityOfPage\":{\"@id\":\"https:\\\/\\\/www.repam.net\\\/es\\\/padre-miguel-angel-cadenas-nombrado-nuevo-obispo-de-iquitos\\\/\"},\"wordCount\":46,\"publisher\":{\"@id\":\"https:\\\/\\\/www.repam.net\\\/es\\\/#organization\"},\"image\":{\"@id\":\"https:\\\/\\\/www.repam.net\\\/es\\\/padre-miguel-angel-cadenas-nombrado-nuevo-obispo-de-iquitos\\\/#primaryimage\"},\"thumbnailUrl\":\"https:\\\/\\\/www.repam.net\\\/es\\\/wp-content\\\/uploads\\\/2021\\\/09\\\/MiguelAngelCadenas-e1541535235126.jpg\",\"keywords\":[\"Nombramiento\",\"Obispos\",\"Papa Francisco\",\"Vicariato de Iquitos\"],\"articleSection\":[\"Noticias\",\"Per\u00fa\"],\"inLanguage\":\"es-CO\"},{\"@type\":\"WebPage\",\"@id\":\"https:\\\/\\\/www.repam.net\\\/es\\\/padre-miguel-angel-cadenas-nombrado-nuevo-obispo-de-iquitos\\\/\",\"url\":\"https:\\\/\\\/www.repam.net\\\/es\\\/padre-miguel-angel-cadenas-nombrado-nuevo-obispo-de-iquitos\\\/\",\"name\":\"Padre Miguel \u00c1ngel Cadenas, nombrado nuevo obispo de Iquitos - REPAM\",\"isPartOf\":{\"@id\":\"https:\\\/\\\/www.repam.net\\\/es\\\/#website\"},\"primaryImageOfPage\":{\"@id\":\"https:\\\/\\\/www.repam.net\\\/es\\\/padre-miguel-angel-cadenas-nombrado-nuevo-obispo-de-iquitos\\\/#primaryimage\"},\"image\":{\"@id\":\"https:\\\/\\\/www.repam.net\\\/es\\\/padre-miguel-angel-cadenas-nombrado-nuevo-obispo-de-iquitos\\\/#primaryimage\"},\"thumbnailUrl\":\"https:\\\/\\\/www.repam.net\\\/es\\\/wp-content\\\/uploads\\\/2021\\\/09\\\/MiguelAngelCadenas-e1541535235126.jpg\",\"datePublished\":\"2021-05-15T05:00:00+00:00\",\"breadcrumb\":{\"@id\":\"https:\\\/\\\/www.repam.net\\\/es\\\/padre-miguel-angel-cadenas-nombrado-nuevo-obispo-de-iquitos\\\/#breadcrumb\"},\"inLanguage\":\"es-CO\",\"potentialAction\":[{\"@type\":\"ReadAction\",\"target\":[\"https:\\\/\\\/www.repam.net\\\/es\\\/padre-miguel-angel-cadenas-nombrado-nuevo-obispo-de-iquitos\\\/\"]}]},{\"@type\":\"ImageObject\",\"inLanguage\":\"es-CO\",\"@id\":\"https:\\\/\\\/www.repam.net\\\/es\\\/padre-miguel-angel-cadenas-nombrado-nuevo-obispo-de-iquitos\\\/#primaryimage\",\"url\":\"https:\\\/\\\/www.repam.net\\\/es\\\/wp-content\\\/uploads\\\/2021\\\/09\\\/MiguelAngelCadenas-e1541535235126.jpg\",\"contentUrl\":\"https:\\\/\\\/www.repam.net\\\/es\\\/wp-content\\\/uploads\\\/2021\\\/09\\\/MiguelAngelCadenas-e1541535235126.jpg\",\"width\":800,\"height\":533},{\"@type\":\"BreadcrumbList\",\"@id\":\"https:\\\/\\\/www.repam.net\\\/es\\\/padre-miguel-angel-cadenas-nombrado-nuevo-obispo-de-iquitos\\\/#breadcrumb\",\"itemListElement\":[{\"@type\":\"ListItem\",\"position\":1,\"name\":\"Inicio\",\"item\":\"https:\\\/\\\/www.repam.net\\\/es\\\/\"},{\"@type\":\"ListItem\",\"position\":2,\"name\":\"Padre Miguel \u00c1ngel Cadenas, nombrado nuevo obispo de Iquitos\"}]},{\"@type\":\"WebSite\",\"@id\":\"https:\\\/\\\/www.repam.net\\\/es\\\/#website\",\"url\":\"https:\\\/\\\/www.repam.net\\\/es\\\/\",\"name\":\"REPAM\",\"description\":\"Red Eclesial Panamaz\u00f3nica\",\"publisher\":{\"@id\":\"https:\\\/\\\/www.repam.net\\\/es\\\/#organization\"},\"potentialAction\":[{\"@type\":\"SearchAction\",\"target\":{\"@type\":\"EntryPoint\",\"urlTemplate\":\"https:\\\/\\\/www.repam.net\\\/es\\\/?s={search_term_string}\"},\"query-input\":{\"@type\":\"PropertyValueSpecification\",\"valueRequired\":true,\"valueName\":\"search_term_string\"}}],\"inLanguage\":\"es-CO\"},{\"@type\":\"Organization\",\"@id\":\"https:\\\/\\\/www.repam.net\\\/es\\\/#organization\",\"name\":\"REPAM\",\"url\":\"https:\\\/\\\/www.repam.net\\\/es\\\/\",\"logo\":{\"@type\":\"ImageObject\",\"inLanguage\":\"es-CO\",\"@id\":\"https:\\\/\\\/www.repam.net\\\/es\\\/#\\\/schema\\\/logo\\\/image\\\/\",\"url\":\"https:\\\/\\\/www.repam.net\\\/es\\\/wp-content\\\/uploads\\\/2021\\\/11\\\/cropped-favicon.png\",\"contentUrl\":\"https:\\\/\\\/www.repam.net\\\/es\\\/wp-content\\\/uploads\\\/2021\\\/11\\\/cropped-favicon.png\",\"width\":512,\"height\":512,\"caption\":\"REPAM\"},\"image\":{\"@id\":\"https:\\\/\\\/www.repam.net\\\/es\\\/#\\\/schema\\\/logo\\\/image\\\/\"}},{\"@type\":\"Person\",\"@id\":\"https:\\\/\\\/www.repam.net\\\/es\\\/#\\\/schema\\\/person\\\/0c828bf04cf1abe6016cbe752c76a033\",\"name\":\"repam@adm\",\"image\":{\"@type\":\"ImageObject\",\"inLanguage\":\"es-CO\",\"@id\":\"https:\\\/\\\/secure.gravatar.com\\\/avatar\\\/b18234ea6de5d74563e52ca7bfdad9d2b029b514c935b38a2790717abf8f2e5f?s=96&d=mm&r=g\",\"url\":\"https:\\\/\\\/secure.gravatar.com\\\/avatar\\\/b18234ea6de5d74563e52ca7bfdad9d2b029b514c935b38a2790717abf8f2e5f?s=96&d=mm&r=g\",\"contentUrl\":\"https:\\\/\\\/secure.gravatar.com\\\/avatar\\\/b18234ea6de5d74563e52ca7bfdad9d2b029b514c935b38a2790717abf8f2e5f?s=96&d=mm&r=g\",\"caption\":\"repam@adm\"},\"sameAs\":[\"http:\\\/\\\/repam.net\"],\"url\":\"https:\\\/\\\/www.repam.net\\\/es\\\/author\\\/repamadm\\\/\"}]}<\/script>\n<!-- \/ Yoast SEO plugin. -->","yoast_head_json":{"title":"Padre Miguel \u00c1ngel Cadenas, nombrado nuevo obispo de Iquitos - REPAM","robots":{"index":"index","follow":"follow","max-snippet":"max-snippet:-1","max-image-preview":"max-image-preview:large","max-video-preview":"max-video-preview:-1"},"canonical":"https:\/\/www.repam.net\/es\/padre-miguel-angel-cadenas-nombrado-nuevo-obispo-de-iquitos\/","og_locale":"es_ES","og_type":"article","og_title":"Padre Miguel \u00c1ngel Cadenas, nombrado nuevo obispo de Iquitos - REPAM","og_description":"El Bolet\u00edn de Prensa del Vaticano comunic\u00f3 hoy el nombramiento del misionero agustino como m\u00e1ximo responsable del Vicariato de Iquitos (Per\u00fa). Lleva m\u00e1s de 25 a\u00f1os desempe\u00f1ando su labor pastoral en la zona.","og_url":"https:\/\/www.repam.net\/es\/padre-miguel-angel-cadenas-nombrado-nuevo-obispo-de-iquitos\/","og_site_name":"REPAM","article_published_time":"2021-05-15T05:00:00+00:00","og_image":[{"width":800,"height":533,"url":"https:\/\/www.repam.net\/es\/wp-content\/uploads\/2021\/09\/MiguelAngelCadenas-e1541535235126.jpg","type":"image\/jpeg"}],"author":"repam@adm","twitter_card":"summary_large_image","twitter_misc":{"Escrito por":"repam@adm"},"schema":{"@context":"https:\/\/schema.org","@graph":[{"@type":"Article","@id":"https:\/\/www.repam.net\/es\/padre-miguel-angel-cadenas-nombrado-nuevo-obispo-de-iquitos\/#article","isPartOf":{"@id":"https:\/\/www.repam.net\/es\/padre-miguel-angel-cadenas-nombrado-nuevo-obispo-de-iquitos\/"},"author":{"name":"repam@adm","@id":"https:\/\/www.repam.net\/es\/#\/schema\/person\/0c828bf04cf1abe6016cbe752c76a033"},"headline":"Padre Miguel \u00c1ngel Cadenas, nombrado nuevo obispo de Iquitos","datePublished":"2021-05-15T05:00:00+00:00","mainEntityOfPage":{"@id":"https:\/\/www.repam.net\/es\/padre-miguel-angel-cadenas-nombrado-nuevo-obispo-de-iquitos\/"},"wordCount":46,"publisher":{"@id":"https:\/\/www.repam.net\/es\/#organization"},"image":{"@id":"https:\/\/www.repam.net\/es\/padre-miguel-angel-cadenas-nombrado-nuevo-obispo-de-iquitos\/#primaryimage"},"thumbnailUrl":"https:\/\/www.repam.net\/es\/wp-content\/uploads\/2021\/09\/MiguelAngelCadenas-e1541535235126.jpg","keywords":["Nombramiento","Obispos","Papa Francisco","Vicariato de Iquitos"],"articleSection":["Noticias","Per\u00fa"],"inLanguage":"es-CO"},{"@type":"WebPage","@id":"https:\/\/www.repam.net\/es\/padre-miguel-angel-cadenas-nombrado-nuevo-obispo-de-iquitos\/","url":"https:\/\/www.repam.net\/es\/padre-miguel-angel-cadenas-nombrado-nuevo-obispo-de-iquitos\/","name":"Padre Miguel \u00c1ngel Cadenas, nombrado nuevo obispo de Iquitos - REPAM","isPartOf":{"@id":"https:\/\/www.repam.net\/es\/#website"},"primaryImageOfPage":{"@id":"https:\/\/www.repam.net\/es\/padre-miguel-angel-cadenas-nombrado-nuevo-obispo-de-iquitos\/#primaryimage"},"image":{"@id":"https:\/\/www.repam.net\/es\/padre-miguel-angel-cadenas-nombrado-nuevo-obispo-de-iquitos\/#primaryimage"},"thumbnailUrl":"https:\/\/www.repam.net\/es\/wp-content\/uploads\/2021\/09\/MiguelAngelCadenas-e1541535235126.jpg","datePublished":"2021-05-15T05:00:00+00:00","breadcrumb":{"@id":"https:\/\/www.repam.net\/es\/padre-miguel-angel-cadenas-nombrado-nuevo-obispo-de-iquitos\/#breadcrumb"},"inLanguage":"es-CO","potentialAction":[{"@type":"ReadAction","target":["https:\/\/www.repam.net\/es\/padre-miguel-angel-cadenas-nombrado-nuevo-obispo-de-iquitos\/"]}]},{"@type":"ImageObject","inLanguage":"es-CO","@id":"https:\/\/www.repam.net\/es\/padre-miguel-angel-cadenas-nombrado-nuevo-obispo-de-iquitos\/#primaryimage","url":"https:\/\/www.repam.net\/es\/wp-content\/uploads\/2021\/09\/MiguelAngelCadenas-e1541535235126.jpg","contentUrl":"https:\/\/www.repam.net\/es\/wp-content\/uploads\/2021\/09\/MiguelAngelCadenas-e1541535235126.jpg","width":800,"height":533},{"@type":"BreadcrumbList","@id":"https:\/\/www.repam.net\/es\/padre-miguel-angel-cadenas-nombrado-nuevo-obispo-de-iquitos\/#breadcrumb","itemListElement":[{"@type":"ListItem","position":1,"name":"Inicio","item":"https:\/\/www.repam.net\/es\/"},{"@type":"ListItem","position":2,"name":"Padre Miguel \u00c1ngel Cadenas, nombrado nuevo obispo de Iquitos"}]},{"@type":"WebSite","@id":"https:\/\/www.repam.net\/es\/#website","url":"https:\/\/www.repam.net\/es\/","name":"REPAM","description":"Red Eclesial Panamaz\u00f3nica","publisher":{"@id":"https:\/\/www.repam.net\/es\/#organization"},"potentialAction":[{"@type":"SearchAction","target":{"@type":"EntryPoint","urlTemplate":"https:\/\/www.repam.net\/es\/?s={search_term_string}"},"query-input":{"@type":"PropertyValueSpecification","valueRequired":true,"valueName":"search_term_string"}}],"inLanguage":"es-CO"},{"@type":"Organization","@id":"https:\/\/www.repam.net\/es\/#organization","name":"REPAM","url":"https:\/\/www.repam.net\/es\/","logo":{"@type":"ImageObject","inLanguage":"es-CO","@id":"https:\/\/www.repam.net\/es\/#\/schema\/logo\/image\/","url":"https:\/\/www.repam.net\/es\/wp-content\/uploads\/2021\/11\/cropped-favicon.png","contentUrl":"https:\/\/www.repam.net\/es\/wp-content\/uploads\/2021\/11\/cropped-favicon.png","width":512,"height":512,"caption":"REPAM"},"image":{"@id":"https:\/\/www.repam.net\/es\/#\/schema\/logo\/image\/"}},{"@type":"Person","@id":"https:\/\/www.repam.net\/es\/#\/schema\/person\/0c828bf04cf1abe6016cbe752c76a033","name":"repam@adm","image":{"@type":"ImageObject","inLanguage":"es-CO","@id":"https:\/\/secure.gravatar.com\/avatar\/b18234ea6de5d74563e52ca7bfdad9d2b029b514c935b38a2790717abf8f2e5f?s=96&d=mm&r=g","url":"https:\/\/secure.gravatar.com\/avatar\/b18234ea6de5d74563e52ca7bfdad9d2b029b514c935b38a2790717abf8f2e5f?s=96&d=mm&r=g","contentUrl":"https:\/\/secure.gravatar.com\/avatar\/b18234ea6de5d74563e52ca7bfdad9d2b029b514c935b38a2790717abf8f2e5f?s=96&d=mm&r=g","caption":"repam@adm"},"sameAs":["http:\/\/repam.net"],"url":"https:\/\/www.repam.net\/es\/author\/repamadm\/"}]}},"_links":{"self":[{"href":"https:\/\/www.repam.net\/es\/wp-json\/wp\/v2\/posts\/1448","targetHints":{"allow":["GET"]}}],"collection":[{"href":"https:\/\/www.repam.net\/es\/wp-json\/wp\/v2\/posts"}],"about":[{"href":"https:\/\/www.repam.net\/es\/wp-json\/wp\/v2\/types\/post"}],"author":[{"embeddable":true,"href":"https:\/\/www.repam.net\/es\/wp-json\/wp\/v2\/users\/1"}],"replies":[{"embeddable":true,"href":"https:\/\/www.repam.net\/es\/wp-json\/wp\/v2\/comments?post=1448"}],"version-history":[{"count":0,"href":"https:\/\/www.repam.net\/es\/wp-json\/wp\/v2\/posts\/1448\/revisions"}],"wp:featuredmedia":[{"embeddable":true,"href":"https:\/\/www.repam.net\/es\/wp-json\/wp\/v2\/media\/1449"}],"wp:attachment":[{"href":"https:\/\/www.repam.net\/es\/wp-json\/wp\/v2\/media?parent=1448"}],"wp:term":[{"taxonomy":"category","embeddable":true,"href":"https:\/\/www.repam.net\/es\/wp-json\/wp\/v2\/categories?post=1448"},{"taxonomy":"post_tag","embeddable":true,"href":"https:\/\/www.repam.net\/es\/wp-json\/wp\/v2\/tags?post=1448"}],"curies":[{"name":"wp","href":"https:\/\/api.w.org\/{rel}","templated":true}]}}