{"id":1530,"date":"2021-03-29T00:00:00","date_gmt":"2021-03-29T05:00:00","guid":{"rendered":"http:\/\/repam.net\/inversores-catolicos-piden-al-gobierno-brasileno-mejor-proteccion-de-la-amazonia-y-los-derechos-de-los-pueblos-indigenas\/"},"modified":"2021-09-29T18:17:56","modified_gmt":"2021-09-29T23:17:56","slug":"inversores-catolicos-piden-al-gobierno-brasileno-mejor-proteccion-de-la-amazonia-y-los-derechos-de-los-pueblos-indigenas","status":"publish","type":"post","link":"https:\/\/www.repam.net\/es\/inversores-catolicos-piden-al-gobierno-brasileno-mejor-proteccion-de-la-amazonia-y-los-derechos-de-los-pueblos-indigenas\/","title":{"rendered":"Inversores cat\u00f3licos piden al gobierno brasile\u00f1o mejor protecci\u00f3n de la Amazon\u00eda y los derechos de los pueblos ind\u00edgenas"},"content":{"rendered":"<blockquote>\n<p>Proteger mejor la Amazon&iacute;a y los derechos de los pueblos ind&iacute;genas, eso es lo que han pedido casi 100 organizaciones cat&oacute;licas de 18 pa&iacute;ses al gobierno brasile&ntilde;o en una carta enviada este 29 de marzo a altos funcionarios del gobierno brasile&ntilde;o, incluyendo al presidente Jair Bolsonaro y al vicepresidente Hamilton Mour&atilde;o.<\/p>\n<\/blockquote>\n<p><em><strong>Por Luis Miguel Modino<\/strong><\/em><\/p>\n<p>El escrito, liderado por la Comisi&oacute;n Especial de Ecolog&iacute;a Integral y Miner&iacute;a de la Conferencia Nacional de los Obispos de Brasil (CNBB), el Movimiento Cat&oacute;lico Mundial por el Clima (MCMC) y el Banco de la Iglesia Cat&oacute;lica Alemana, Bank f&uuml;r Kirche und Caritas (BKC), contiene casi una docena de peticiones concretas para la protecci&oacute;n de la selva tropical y de los pueblos originarios.<\/p>\n<p>Al mismo tiempo, en un pa&iacute;s de mayor&iacute;a cat&oacute;lica, los firmantes piden al gobierno brasile&ntilde;o un mayor di&aacute;logo, que escuchen a los brasile&ntilde;os y cuiden mejor nuestra casa com&uacute;n. De hecho, un estudio de 2019 muestra que siete de cada diez cat&oacute;licos en Brasil piensan que la preservaci&oacute;n de la Amazonia es &ldquo;<em>muy importante<\/em>&ldquo;, y el 85% respondi&oacute; que considera que atacar la selva amaz&oacute;nica es un pecado.<\/p>\n<p>Desde la llegada al poder del actual gobierno, el 1 de enero de 2019, ha aumentado la destrucci&oacute;n de la selva amaz&oacute;nica, esencial para la protecci&oacute;n del clima mundial. Las consecuencias de la tala indiscriminada y de los incendios han ido m&aacute;s all&aacute; de la grave destrucci&oacute;n medio ambiental, provocando privaci&oacute;n de derechos, desplazamientos y asesinatos de los ind&iacute;genas que viven all&iacute;.<\/p>\n<h5><strong>Algo que va en contra de la ense&ntilde;anza cristiana<\/strong><\/h5>\n<p>Mons. Vicente de Paula Ferreira, secretario de la Comisi&oacute;n Especial de Ecolog&iacute;a Integral y Miner&iacute;a de la Conferencia Episcopal Brasile&ntilde;a, ha se&ntilde;alado al respecto que &ldquo;<em>todos estos acontecimientos devastadores para los seres humanos y la naturaleza est&aacute;n en marcado contraste con la ense&ntilde;anza cristiana de la integridad de la creaci&oacute;n y la enc&iacute;clica Laudato Si&rsquo; del Papa Francisc<\/em>o&rdquo;.<\/p>\n<p><img loading=\"lazy\" decoding=\"async\" class=\"aligncenter size-full \" src=\"https:\/\/www.repam.net\/es\/wp-content\/uploads\/2021\/09\/Sinodo-Amazonico-ofrenda.jpeg\" alt=\"\" width=\"1000\" height=\"563\"><\/p>\n<p>En la carta se exigen medidas, entre ellas la puesta en marcha de un plan coherente de lucha contra la deforestaci&oacute;n, que incluya un presupuesto espec&iacute;fico y objetivos intermedios medibles. A eso se une la petici&oacute;n de mayor presupuesto para combatir los incendios y para el trabajo de la Agencia Brasile&ntilde;a de Protecci&oacute;n del Medio Ambiente (IBAMA) en la regi&oacute;n amaz&oacute;nica, que en los &uacute;ltimos a&ntilde;os se han visto dr&aacute;sticamente recortados.<\/p>\n<p>El derecho al territorio y el respeto de los derechos humanos de los pueblos ind&iacute;genas, algo que va en la l&iacute;nea de las ideas expresadas por el Papa Francisco en Laudato Si&rsquo; y Querida Amazon&iacute;a, es otra de las peticiones de las organizaciones cat&oacute;licas al gobierno brasile&ntilde;o.<\/p>\n<h5><strong>Di&aacute;logo para evitar la salida de inversores<\/strong><\/h5>\n<p>Como cat&oacute;licos que participan del mercado financiero, Tommy Piemonte, Jefe de Investigaci&oacute;n de Inversiones Sostenibles de BKC, ha hecho una llamada a alzar la voz, &ldquo;<em>iniciando un di&aacute;logo de compromiso con el gobierno brasile&ntilde;o procurando motivarlo para que respete por fin los derechos humanos y medioambientales en la Amazon&iacute;a&rdquo;<\/em>.<\/p>\n<p>Este es un paso a m&aacute;s para aglutinar la presi&oacute;n de los inversores, insistiendo en &ldquo;<em>iniciar un di&aacute;logo constructivo para poner en pr&aacute;ctica nuestras pretensiones<\/em>&rdquo;, seg&uacute;n Piemonte, que amenaza, caso el gobierno brasile&ntilde;o no tome las medidas propuestas, con retirar &ldquo;<em>nuestras bases como inversores institucionales actuales y potenciales en los bonos del gobierno brasile&ntilde;o y en empresas de determinados sectores&rdquo;<\/em>.<\/p>\n<p>En la misma l&iacute;nea, Tom&aacute;s Insua, Director Ejecutivo del Movimiento Cat&oacute;lico Mundial por el Clima, destacaba la importancia de la carta, pues &ldquo;<em>como alianza cat&oacute;lica tan grande, sin duda podemos contribuir al esfuerzo conjunto. Porque en un pa&iacute;s cat&oacute;lico como Brasil, tal vez una &lsquo;voz cat&oacute;lica&rsquo; sea escuchada y aumente la presi&oacute;n sobre el gobierno&rdquo;<\/em>.<\/p>\n<h5 style=\"text-align: center;\"><a href=\"https:\/\/redamazonica.org\/wp-content\/uploads\/Carta-a%CC%80s-Autoridades-Brasileiras.pdf\" target=\"_blank\" rel=\"noopener\">Lea y Descargue el mensaje completo aqu&iacute; (en portugu&eacute;s)<\/a><\/h5><\/p>\n","protected":false},"excerpt":{"rendered":"<p>Proteger mejor la Amazon&iacute;a y los derechos de los pueblos ind&iacute;genas, eso es lo que han pedido casi 100 organizaciones cat&oacute;licas de 18 pa&iacute;ses al gobierno brasile&ntilde;o en una carta enviada este 29 de marzo a altos funcionarios del gobierno brasile&ntilde;o, incluyendo al presidente Jair Bolsonaro y al vicepresidente Hamilton Mour&atilde;o. Por Luis Miguel Modino [&hellip;]<\/p>\n","protected":false},"author":1,"featured_media":1531,"comment_status":"closed","ping_status":"closed","sticky":false,"template":"","format":"standard","meta":{"_acf_changed":false,"_uf_show_specific_survey":0,"_uf_disable_surveys":false,"footnotes":""},"categories":[208,4],"tags":[121,359,360,16],"class_list":["post-1530","post","type-post","status-publish","format-standard","has-post-thumbnail","hentry","category-ecologia-integral","category-noticias","tag-brasil","tag-defensa-de-la-amazonia","tag-mcmc","tag-pueblos-indigenas"],"acf":[],"aioseo_notices":[],"yoast_head":"<!-- This site is optimized with the Yoast SEO plugin v27.4 - https:\/\/yoast.com\/product\/yoast-seo-wordpress\/ -->\n<title>Inversores cat\u00f3licos piden al gobierno brasile\u00f1o mejor protecci\u00f3n de la Amazon\u00eda y los derechos de los pueblos ind\u00edgenas - REPAM<\/title>\n<meta name=\"robots\" content=\"index, follow, max-snippet:-1, max-image-preview:large, max-video-preview:-1\" \/>\n<link rel=\"canonical\" href=\"https:\/\/www.repam.net\/es\/inversores-catolicos-piden-al-gobierno-brasileno-mejor-proteccion-de-la-amazonia-y-los-derechos-de-los-pueblos-indigenas\/\" \/>\n<meta property=\"og:locale\" content=\"es_ES\" \/>\n<meta property=\"og:type\" content=\"article\" \/>\n<meta property=\"og:title\" content=\"Inversores cat\u00f3licos piden al gobierno brasile\u00f1o mejor protecci\u00f3n de la Amazon\u00eda y los derechos de los pueblos ind\u00edgenas - REPAM\" \/>\n<meta property=\"og:description\" content=\"Proteger mejor la Amazon&iacute;a y los derechos de los pueblos ind&iacute;genas, eso es lo que han pedido casi 100 organizaciones cat&oacute;licas de 18 pa&iacute;ses al gobierno brasile&ntilde;o en una carta enviada este 29 de marzo a altos funcionarios del gobierno brasile&ntilde;o, incluyendo al presidente Jair Bolsonaro y al vicepresidente Hamilton Mour&atilde;o. Por Luis Miguel Modino [&hellip;]\" \/>\n<meta property=\"og:url\" content=\"https:\/\/www.repam.net\/es\/inversores-catolicos-piden-al-gobierno-brasileno-mejor-proteccion-de-la-amazonia-y-los-derechos-de-los-pueblos-indigenas\/\" \/>\n<meta property=\"og:site_name\" content=\"REPAM\" \/>\n<meta property=\"article:published_time\" content=\"2021-03-29T05:00:00+00:00\" \/>\n<meta property=\"article:modified_time\" content=\"2021-09-29T23:17:56+00:00\" \/>\n<meta property=\"og:image\" content=\"https:\/\/www.repam.net\/es\/wp-content\/uploads\/2021\/09\/Raoni.jpg\" \/>\n\t<meta property=\"og:image:width\" content=\"1440\" \/>\n\t<meta property=\"og:image:height\" content=\"960\" \/>\n\t<meta property=\"og:image:type\" content=\"image\/jpeg\" \/>\n<meta name=\"author\" content=\"repam@adm\" \/>\n<meta name=\"twitter:card\" content=\"summary_large_image\" \/>\n<meta name=\"twitter:label1\" content=\"Escrito por\" \/>\n\t<meta name=\"twitter:data1\" content=\"repam@adm\" \/>\n\t<meta name=\"twitter:label2\" content=\"Tiempo de lectura\" \/>\n\t<meta name=\"twitter:data2\" content=\"4 minutos\" \/>\n<script type=\"application\/ld+json\" class=\"yoast-schema-graph\">{\"@context\":\"https:\\\/\\\/schema.org\",\"@graph\":[{\"@type\":\"Article\",\"@id\":\"https:\\\/\\\/www.repam.net\\\/es\\\/inversores-catolicos-piden-al-gobierno-brasileno-mejor-proteccion-de-la-amazonia-y-los-derechos-de-los-pueblos-indigenas\\\/#article\",\"isPartOf\":{\"@id\":\"https:\\\/\\\/www.repam.net\\\/es\\\/inversores-catolicos-piden-al-gobierno-brasileno-mejor-proteccion-de-la-amazonia-y-los-derechos-de-los-pueblos-indigenas\\\/\"},\"author\":{\"name\":\"repam@adm\",\"@id\":\"https:\\\/\\\/www.repam.net\\\/es\\\/#\\\/schema\\\/person\\\/0c828bf04cf1abe6016cbe752c76a033\"},\"headline\":\"Inversores cat\u00f3licos piden al gobierno brasile\u00f1o mejor protecci\u00f3n de la Amazon\u00eda y los derechos de los pueblos ind\u00edgenas\",\"datePublished\":\"2021-03-29T05:00:00+00:00\",\"dateModified\":\"2021-09-29T23:17:56+00:00\",\"mainEntityOfPage\":{\"@id\":\"https:\\\/\\\/www.repam.net\\\/es\\\/inversores-catolicos-piden-al-gobierno-brasileno-mejor-proteccion-de-la-amazonia-y-los-derechos-de-los-pueblos-indigenas\\\/\"},\"wordCount\":804,\"publisher\":{\"@id\":\"https:\\\/\\\/www.repam.net\\\/es\\\/#organization\"},\"image\":{\"@id\":\"https:\\\/\\\/www.repam.net\\\/es\\\/inversores-catolicos-piden-al-gobierno-brasileno-mejor-proteccion-de-la-amazonia-y-los-derechos-de-los-pueblos-indigenas\\\/#primaryimage\"},\"thumbnailUrl\":\"https:\\\/\\\/www.repam.net\\\/es\\\/wp-content\\\/uploads\\\/2021\\\/09\\\/Raoni.jpg\",\"keywords\":[\"Brasil\",\"Defensa de la Amazon\u00eda\",\"MCMC\",\"pueblos ind\u00edgenas\"],\"articleSection\":[\"Ecolog\u00eda Integral\",\"Noticias\"],\"inLanguage\":\"es-CO\"},{\"@type\":\"WebPage\",\"@id\":\"https:\\\/\\\/www.repam.net\\\/es\\\/inversores-catolicos-piden-al-gobierno-brasileno-mejor-proteccion-de-la-amazonia-y-los-derechos-de-los-pueblos-indigenas\\\/\",\"url\":\"https:\\\/\\\/www.repam.net\\\/es\\\/inversores-catolicos-piden-al-gobierno-brasileno-mejor-proteccion-de-la-amazonia-y-los-derechos-de-los-pueblos-indigenas\\\/\",\"name\":\"Inversores cat\u00f3licos piden al gobierno brasile\u00f1o mejor protecci\u00f3n de la Amazon\u00eda y los derechos de los pueblos ind\u00edgenas - REPAM\",\"isPartOf\":{\"@id\":\"https:\\\/\\\/www.repam.net\\\/es\\\/#website\"},\"primaryImageOfPage\":{\"@id\":\"https:\\\/\\\/www.repam.net\\\/es\\\/inversores-catolicos-piden-al-gobierno-brasileno-mejor-proteccion-de-la-amazonia-y-los-derechos-de-los-pueblos-indigenas\\\/#primaryimage\"},\"image\":{\"@id\":\"https:\\\/\\\/www.repam.net\\\/es\\\/inversores-catolicos-piden-al-gobierno-brasileno-mejor-proteccion-de-la-amazonia-y-los-derechos-de-los-pueblos-indigenas\\\/#primaryimage\"},\"thumbnailUrl\":\"https:\\\/\\\/www.repam.net\\\/es\\\/wp-content\\\/uploads\\\/2021\\\/09\\\/Raoni.jpg\",\"datePublished\":\"2021-03-29T05:00:00+00:00\",\"dateModified\":\"2021-09-29T23:17:56+00:00\",\"breadcrumb\":{\"@id\":\"https:\\\/\\\/www.repam.net\\\/es\\\/inversores-catolicos-piden-al-gobierno-brasileno-mejor-proteccion-de-la-amazonia-y-los-derechos-de-los-pueblos-indigenas\\\/#breadcrumb\"},\"inLanguage\":\"es-CO\",\"potentialAction\":[{\"@type\":\"ReadAction\",\"target\":[\"https:\\\/\\\/www.repam.net\\\/es\\\/inversores-catolicos-piden-al-gobierno-brasileno-mejor-proteccion-de-la-amazonia-y-los-derechos-de-los-pueblos-indigenas\\\/\"]}]},{\"@type\":\"ImageObject\",\"inLanguage\":\"es-CO\",\"@id\":\"https:\\\/\\\/www.repam.net\\\/es\\\/inversores-catolicos-piden-al-gobierno-brasileno-mejor-proteccion-de-la-amazonia-y-los-derechos-de-los-pueblos-indigenas\\\/#primaryimage\",\"url\":\"https:\\\/\\\/www.repam.net\\\/es\\\/wp-content\\\/uploads\\\/2021\\\/09\\\/Raoni.jpg\",\"contentUrl\":\"https:\\\/\\\/www.repam.net\\\/es\\\/wp-content\\\/uploads\\\/2021\\\/09\\\/Raoni.jpg\",\"width\":1440,\"height\":960},{\"@type\":\"BreadcrumbList\",\"@id\":\"https:\\\/\\\/www.repam.net\\\/es\\\/inversores-catolicos-piden-al-gobierno-brasileno-mejor-proteccion-de-la-amazonia-y-los-derechos-de-los-pueblos-indigenas\\\/#breadcrumb\",\"itemListElement\":[{\"@type\":\"ListItem\",\"position\":1,\"name\":\"Inicio\",\"item\":\"https:\\\/\\\/www.repam.net\\\/es\\\/\"},{\"@type\":\"ListItem\",\"position\":2,\"name\":\"Inversores cat\u00f3licos piden al gobierno brasile\u00f1o mejor protecci\u00f3n de la Amazon\u00eda y los derechos de los pueblos ind\u00edgenas\"}]},{\"@type\":\"WebSite\",\"@id\":\"https:\\\/\\\/www.repam.net\\\/es\\\/#website\",\"url\":\"https:\\\/\\\/www.repam.net\\\/es\\\/\",\"name\":\"REPAM\",\"description\":\"Red Eclesial Panamaz\u00f3nica\",\"publisher\":{\"@id\":\"https:\\\/\\\/www.repam.net\\\/es\\\/#organization\"},\"potentialAction\":[{\"@type\":\"SearchAction\",\"target\":{\"@type\":\"EntryPoint\",\"urlTemplate\":\"https:\\\/\\\/www.repam.net\\\/es\\\/?s={search_term_string}\"},\"query-input\":{\"@type\":\"PropertyValueSpecification\",\"valueRequired\":true,\"valueName\":\"search_term_string\"}}],\"inLanguage\":\"es-CO\"},{\"@type\":\"Organization\",\"@id\":\"https:\\\/\\\/www.repam.net\\\/es\\\/#organization\",\"name\":\"REPAM\",\"url\":\"https:\\\/\\\/www.repam.net\\\/es\\\/\",\"logo\":{\"@type\":\"ImageObject\",\"inLanguage\":\"es-CO\",\"@id\":\"https:\\\/\\\/www.repam.net\\\/es\\\/#\\\/schema\\\/logo\\\/image\\\/\",\"url\":\"https:\\\/\\\/www.repam.net\\\/es\\\/wp-content\\\/uploads\\\/2021\\\/11\\\/cropped-favicon.png\",\"contentUrl\":\"https:\\\/\\\/www.repam.net\\\/es\\\/wp-content\\\/uploads\\\/2021\\\/11\\\/cropped-favicon.png\",\"width\":512,\"height\":512,\"caption\":\"REPAM\"},\"image\":{\"@id\":\"https:\\\/\\\/www.repam.net\\\/es\\\/#\\\/schema\\\/logo\\\/image\\\/\"}},{\"@type\":\"Person\",\"@id\":\"https:\\\/\\\/www.repam.net\\\/es\\\/#\\\/schema\\\/person\\\/0c828bf04cf1abe6016cbe752c76a033\",\"name\":\"repam@adm\",\"image\":{\"@type\":\"ImageObject\",\"inLanguage\":\"es-CO\",\"@id\":\"https:\\\/\\\/secure.gravatar.com\\\/avatar\\\/b18234ea6de5d74563e52ca7bfdad9d2b029b514c935b38a2790717abf8f2e5f?s=96&d=mm&r=g\",\"url\":\"https:\\\/\\\/secure.gravatar.com\\\/avatar\\\/b18234ea6de5d74563e52ca7bfdad9d2b029b514c935b38a2790717abf8f2e5f?s=96&d=mm&r=g\",\"contentUrl\":\"https:\\\/\\\/secure.gravatar.com\\\/avatar\\\/b18234ea6de5d74563e52ca7bfdad9d2b029b514c935b38a2790717abf8f2e5f?s=96&d=mm&r=g\",\"caption\":\"repam@adm\"},\"sameAs\":[\"http:\\\/\\\/repam.net\"],\"url\":\"https:\\\/\\\/www.repam.net\\\/es\\\/author\\\/repamadm\\\/\"}]}<\/script>\n<!-- \/ Yoast SEO plugin. -->","yoast_head_json":{"title":"Inversores cat\u00f3licos piden al gobierno brasile\u00f1o mejor protecci\u00f3n de la Amazon\u00eda y los derechos de los pueblos ind\u00edgenas - REPAM","robots":{"index":"index","follow":"follow","max-snippet":"max-snippet:-1","max-image-preview":"max-image-preview:large","max-video-preview":"max-video-preview:-1"},"canonical":"https:\/\/www.repam.net\/es\/inversores-catolicos-piden-al-gobierno-brasileno-mejor-proteccion-de-la-amazonia-y-los-derechos-de-los-pueblos-indigenas\/","og_locale":"es_ES","og_type":"article","og_title":"Inversores cat\u00f3licos piden al gobierno brasile\u00f1o mejor protecci\u00f3n de la Amazon\u00eda y los derechos de los pueblos ind\u00edgenas - REPAM","og_description":"Proteger mejor la Amazon&iacute;a y los derechos de los pueblos ind&iacute;genas, eso es lo que han pedido casi 100 organizaciones cat&oacute;licas de 18 pa&iacute;ses al gobierno brasile&ntilde;o en una carta enviada este 29 de marzo a altos funcionarios del gobierno brasile&ntilde;o, incluyendo al presidente Jair Bolsonaro y al vicepresidente Hamilton Mour&atilde;o. Por Luis Miguel Modino [&hellip;]","og_url":"https:\/\/www.repam.net\/es\/inversores-catolicos-piden-al-gobierno-brasileno-mejor-proteccion-de-la-amazonia-y-los-derechos-de-los-pueblos-indigenas\/","og_site_name":"REPAM","article_published_time":"2021-03-29T05:00:00+00:00","article_modified_time":"2021-09-29T23:17:56+00:00","og_image":[{"width":1440,"height":960,"url":"https:\/\/www.repam.net\/es\/wp-content\/uploads\/2021\/09\/Raoni.jpg","type":"image\/jpeg"}],"author":"repam@adm","twitter_card":"summary_large_image","twitter_misc":{"Escrito por":"repam@adm","Tiempo de lectura":"4 minutos"},"schema":{"@context":"https:\/\/schema.org","@graph":[{"@type":"Article","@id":"https:\/\/www.repam.net\/es\/inversores-catolicos-piden-al-gobierno-brasileno-mejor-proteccion-de-la-amazonia-y-los-derechos-de-los-pueblos-indigenas\/#article","isPartOf":{"@id":"https:\/\/www.repam.net\/es\/inversores-catolicos-piden-al-gobierno-brasileno-mejor-proteccion-de-la-amazonia-y-los-derechos-de-los-pueblos-indigenas\/"},"author":{"name":"repam@adm","@id":"https:\/\/www.repam.net\/es\/#\/schema\/person\/0c828bf04cf1abe6016cbe752c76a033"},"headline":"Inversores cat\u00f3licos piden al gobierno brasile\u00f1o mejor protecci\u00f3n de la Amazon\u00eda y los derechos de los pueblos ind\u00edgenas","datePublished":"2021-03-29T05:00:00+00:00","dateModified":"2021-09-29T23:17:56+00:00","mainEntityOfPage":{"@id":"https:\/\/www.repam.net\/es\/inversores-catolicos-piden-al-gobierno-brasileno-mejor-proteccion-de-la-amazonia-y-los-derechos-de-los-pueblos-indigenas\/"},"wordCount":804,"publisher":{"@id":"https:\/\/www.repam.net\/es\/#organization"},"image":{"@id":"https:\/\/www.repam.net\/es\/inversores-catolicos-piden-al-gobierno-brasileno-mejor-proteccion-de-la-amazonia-y-los-derechos-de-los-pueblos-indigenas\/#primaryimage"},"thumbnailUrl":"https:\/\/www.repam.net\/es\/wp-content\/uploads\/2021\/09\/Raoni.jpg","keywords":["Brasil","Defensa de la Amazon\u00eda","MCMC","pueblos ind\u00edgenas"],"articleSection":["Ecolog\u00eda Integral","Noticias"],"inLanguage":"es-CO"},{"@type":"WebPage","@id":"https:\/\/www.repam.net\/es\/inversores-catolicos-piden-al-gobierno-brasileno-mejor-proteccion-de-la-amazonia-y-los-derechos-de-los-pueblos-indigenas\/","url":"https:\/\/www.repam.net\/es\/inversores-catolicos-piden-al-gobierno-brasileno-mejor-proteccion-de-la-amazonia-y-los-derechos-de-los-pueblos-indigenas\/","name":"Inversores cat\u00f3licos piden al gobierno brasile\u00f1o mejor protecci\u00f3n de la Amazon\u00eda y los derechos de los pueblos ind\u00edgenas - REPAM","isPartOf":{"@id":"https:\/\/www.repam.net\/es\/#website"},"primaryImageOfPage":{"@id":"https:\/\/www.repam.net\/es\/inversores-catolicos-piden-al-gobierno-brasileno-mejor-proteccion-de-la-amazonia-y-los-derechos-de-los-pueblos-indigenas\/#primaryimage"},"image":{"@id":"https:\/\/www.repam.net\/es\/inversores-catolicos-piden-al-gobierno-brasileno-mejor-proteccion-de-la-amazonia-y-los-derechos-de-los-pueblos-indigenas\/#primaryimage"},"thumbnailUrl":"https:\/\/www.repam.net\/es\/wp-content\/uploads\/2021\/09\/Raoni.jpg","datePublished":"2021-03-29T05:00:00+00:00","dateModified":"2021-09-29T23:17:56+00:00","breadcrumb":{"@id":"https:\/\/www.repam.net\/es\/inversores-catolicos-piden-al-gobierno-brasileno-mejor-proteccion-de-la-amazonia-y-los-derechos-de-los-pueblos-indigenas\/#breadcrumb"},"inLanguage":"es-CO","potentialAction":[{"@type":"ReadAction","target":["https:\/\/www.repam.net\/es\/inversores-catolicos-piden-al-gobierno-brasileno-mejor-proteccion-de-la-amazonia-y-los-derechos-de-los-pueblos-indigenas\/"]}]},{"@type":"ImageObject","inLanguage":"es-CO","@id":"https:\/\/www.repam.net\/es\/inversores-catolicos-piden-al-gobierno-brasileno-mejor-proteccion-de-la-amazonia-y-los-derechos-de-los-pueblos-indigenas\/#primaryimage","url":"https:\/\/www.repam.net\/es\/wp-content\/uploads\/2021\/09\/Raoni.jpg","contentUrl":"https:\/\/www.repam.net\/es\/wp-content\/uploads\/2021\/09\/Raoni.jpg","width":1440,"height":960},{"@type":"BreadcrumbList","@id":"https:\/\/www.repam.net\/es\/inversores-catolicos-piden-al-gobierno-brasileno-mejor-proteccion-de-la-amazonia-y-los-derechos-de-los-pueblos-indigenas\/#breadcrumb","itemListElement":[{"@type":"ListItem","position":1,"name":"Inicio","item":"https:\/\/www.repam.net\/es\/"},{"@type":"ListItem","position":2,"name":"Inversores cat\u00f3licos piden al gobierno brasile\u00f1o mejor protecci\u00f3n de la Amazon\u00eda y los derechos de los pueblos ind\u00edgenas"}]},{"@type":"WebSite","@id":"https:\/\/www.repam.net\/es\/#website","url":"https:\/\/www.repam.net\/es\/","name":"REPAM","description":"Red Eclesial Panamaz\u00f3nica","publisher":{"@id":"https:\/\/www.repam.net\/es\/#organization"},"potentialAction":[{"@type":"SearchAction","target":{"@type":"EntryPoint","urlTemplate":"https:\/\/www.repam.net\/es\/?s={search_term_string}"},"query-input":{"@type":"PropertyValueSpecification","valueRequired":true,"valueName":"search_term_string"}}],"inLanguage":"es-CO"},{"@type":"Organization","@id":"https:\/\/www.repam.net\/es\/#organization","name":"REPAM","url":"https:\/\/www.repam.net\/es\/","logo":{"@type":"ImageObject","inLanguage":"es-CO","@id":"https:\/\/www.repam.net\/es\/#\/schema\/logo\/image\/","url":"https:\/\/www.repam.net\/es\/wp-content\/uploads\/2021\/11\/cropped-favicon.png","contentUrl":"https:\/\/www.repam.net\/es\/wp-content\/uploads\/2021\/11\/cropped-favicon.png","width":512,"height":512,"caption":"REPAM"},"image":{"@id":"https:\/\/www.repam.net\/es\/#\/schema\/logo\/image\/"}},{"@type":"Person","@id":"https:\/\/www.repam.net\/es\/#\/schema\/person\/0c828bf04cf1abe6016cbe752c76a033","name":"repam@adm","image":{"@type":"ImageObject","inLanguage":"es-CO","@id":"https:\/\/secure.gravatar.com\/avatar\/b18234ea6de5d74563e52ca7bfdad9d2b029b514c935b38a2790717abf8f2e5f?s=96&d=mm&r=g","url":"https:\/\/secure.gravatar.com\/avatar\/b18234ea6de5d74563e52ca7bfdad9d2b029b514c935b38a2790717abf8f2e5f?s=96&d=mm&r=g","contentUrl":"https:\/\/secure.gravatar.com\/avatar\/b18234ea6de5d74563e52ca7bfdad9d2b029b514c935b38a2790717abf8f2e5f?s=96&d=mm&r=g","caption":"repam@adm"},"sameAs":["http:\/\/repam.net"],"url":"https:\/\/www.repam.net\/es\/author\/repamadm\/"}]}},"_links":{"self":[{"href":"https:\/\/www.repam.net\/es\/wp-json\/wp\/v2\/posts\/1530","targetHints":{"allow":["GET"]}}],"collection":[{"href":"https:\/\/www.repam.net\/es\/wp-json\/wp\/v2\/posts"}],"about":[{"href":"https:\/\/www.repam.net\/es\/wp-json\/wp\/v2\/types\/post"}],"author":[{"embeddable":true,"href":"https:\/\/www.repam.net\/es\/wp-json\/wp\/v2\/users\/1"}],"replies":[{"embeddable":true,"href":"https:\/\/www.repam.net\/es\/wp-json\/wp\/v2\/comments?post=1530"}],"version-history":[{"count":1,"href":"https:\/\/www.repam.net\/es\/wp-json\/wp\/v2\/posts\/1530\/revisions"}],"predecessor-version":[{"id":1544,"href":"https:\/\/www.repam.net\/es\/wp-json\/wp\/v2\/posts\/1530\/revisions\/1544"}],"wp:featuredmedia":[{"embeddable":true,"href":"https:\/\/www.repam.net\/es\/wp-json\/wp\/v2\/media\/1531"}],"wp:attachment":[{"href":"https:\/\/www.repam.net\/es\/wp-json\/wp\/v2\/media?parent=1530"}],"wp:term":[{"taxonomy":"category","embeddable":true,"href":"https:\/\/www.repam.net\/es\/wp-json\/wp\/v2\/categories?post=1530"},{"taxonomy":"post_tag","embeddable":true,"href":"https:\/\/www.repam.net\/es\/wp-json\/wp\/v2\/tags?post=1530"}],"curies":[{"name":"wp","href":"https:\/\/api.w.org\/{rel}","templated":true}]}}