{"id":1919,"date":"2020-09-22T00:00:00","date_gmt":"2020-09-22T05:00:00","guid":{"rendered":"http:\/\/repam.net\/los-pueblos-amazonicos-asediados\/"},"modified":"2020-09-22T00:00:00","modified_gmt":"2020-09-22T05:00:00","slug":"los-pueblos-amazonicos-asediados","status":"publish","type":"post","link":"https:\/\/www.repam.net\/es\/los-pueblos-amazonicos-asediados\/","title":{"rendered":"Los pueblos amaz\u00f3nicos, asediados por Covid-19,\u00a0incendios, violencia y sequ\u00eda, viven su peor crisis"},"content":{"rendered":"<blockquote>\n<p><strong>Dirigentes ind\u00edgenas, l\u00edderes religiosos y activistas sociales advierten un \u201cpunto de no retorno\u201d no <\/strong><strong>solo para la Amazonia, sino para las comunidades que viven en ella.<\/strong><\/p>\n<\/blockquote>\n<p><strong>\u00a0<\/strong><\/p>\n<p>QUITO (virtual) \u2014 Con m\u00e1s de 1.749 muertes y 58 mil casos afectando a 239 pueblos de la cuenca amaz\u00f3nica, l\u00edderes ind\u00edgenas y dirigentes sociales y religiosos hicieron un llamado a los gobiernos y organizaciones internacionales a dar una respuesta m\u00e1s robusta a los pueblos amaz\u00f3nicos y evitar un \u201cpunto de no retorno\u201d de la Amazonia, el cual tendr\u00e1 enormes implicaciones en la seguridad clim\u00e1tica y alimentaria mundial. Esta advertencia se realiz\u00f3 en el marco de la cumbre ind\u00edgena virtual El Grito de la Selva.<\/p>\n<p>Jose Gregorio Diaz Mirabal, coordinador general de la Coordinadora de Organizaciones Ind\u00edgenas de la\u00a0Cuenca Amaz\u00f3nica (COICA), <a href=\"https:\/\/redamazonica.org\/wp-content\/uploads\/COICA-Carta-Abierta-a-los-lideres-reunidos-en-la-75a-Asamblea-General-de-la-ONU.pdf\" target=\"_blank\" rel=\"noopener noreferrer\"><strong>ley\u00f3 una carta dirigida a los jefes de estado que se reunir\u00e1n de manera virtual<\/strong><\/a> este 30 de Septiembre en una cumbre organizada por la ONU, en la que pidi\u00f3 que revivan el Acuerdo de Par\u00eds; que se detengan los acuerdos comerciales extractivistas, como el del Mercosur y la Uni\u00f3n Europea y Mercosur; y que ordenen a los bancos internacionales a dejar de financiar la destrucci\u00f3n de la Amazonia.<\/p>\n<p>Cardenal Cl\u00e1udio Hummes OFM, presidente de la REPAM (Red Eclesial Panamaz\u00f3nica) y de la comisi\u00f3n Amaz\u00f3nica de los obispos de Brasil, expres\u00f3 que \u201cla pandemia mostr\u00f3 como nunca la naturaleza inmoral de las desigualdades\u201d y que &#8220;una nueva normalidad sostenida en el di\u00e1logo confronta a los poderosos frente a la soledad de los descartados\u201d. Humes ha dicho que \u201cuna Iglesia que se indigna y levanta la voz ante el etnocidio y ecocidio, se indigna ante los que deciden que ante esta crisis creada por el Covid-19 tengan entre sus voces principales a empresas globales, que deciden c\u00f3mo debe administrarse la potencial vacuna, primero los pa\u00edses ricos, en 2021, luego los dem\u00e1s, a partir de 2022 \u00bfQu\u00e9 sucede con los hijos de la selva expuestos una vez m\u00e1s al desamparo de los estados, al neo-racismo y al neo-colonialismo?\u201d<\/p>\n<p>Sonia Guajajara, presidenta de la APIB (Articula\u00e7\u00e3o dos Povos Ind\u00edgenas do Brasil), dijo: \u201cEn v\u00edsperas de la Asamblea General de las Naciones Unidas, el mundo entero es testigo de este crimen, el cual es demasiado grande para poder ocultarlo. En lugar de atacar a las personas que trabajan para proteger el medio ambiente las autoridades de Brasil ahora deben garantizar los derechos de los pueblos ind\u00edgenas, cumplir con sus juramentos constitucionales y presentar a la naci\u00f3n un plan para enfrentar estos incendios que afligen al pa\u00eds. Y as\u00ed proteger, incluso, la econom\u00eda y la reputaci\u00f3n nacional.\u201d<\/p>\n<p>Oscar Soria, director de campa\u00f1as del movimiento c\u00edvico y social Avaaz, y responsable de la respuesta humanitaria frente a la crisis del Covid-19, dijo que la respuesta de los gobiernos \u201ces casi nula\u201d: \u201cestamos siendo testigos de un crimen sin precedentes, donde los estados renuncian a sus responsabilidades m\u00e1s\u00a0fundamentales de cuidado a sus poblaciones, dejando que la pandemia se ense\u00f1oree de miles de vidas y\u00a0naciones enteras\u201d. Al presentar nuevos datos sobre la evoluci\u00f3n de la pandemia entre los pueblos amaz\u00f3nicos y los avances de la asistencia humanitaria, ha indicado que las ONGs globales dedicadas al medio ambiente \u201cdeben aumentar considerablemente sus contribuciones financieras para asistir en la emergencia, no solo por una cuesti\u00f3n moral, sino por una necesidad estrat\u00e9gica de seguridad clim\u00e1tica, ambiental y alimentaria\u201d.<\/p>\n<p>En la conferencia de prensa se present\u00f3 asimismo <a href=\"https:\/\/redamazonica.org\/wp-content\/uploads\/Analisis-comparativo-de-estudios-sobre-tenencia-de-tierras-indigenas-de-la-cuenca-amazonica-1.pdf\" target=\"_blank\" rel=\"noopener noreferrer\"><strong>un an\u00e1lisis comparativo de dos estudios relacionados a la tenencia de la tierra en la regi\u00f3n amaz\u00f3nica<\/strong>, donde se concluye que, dependiendo de cada pa\u00eds<\/a>, entre un 10% a un 93% de los territorios ind\u00edgenas, comunidades locales y afrodescendientes todav\u00eda siguen sin ser reconocidos por una gran parte de los estados nacionales, lo que representa al menos unas 90 millones de hect\u00e1reas. El an\u00e1lisis comparativo indica adem\u00e1s que todos esos territorios son \u00e1reas clave en biodiversidad y en buen estado de conservaci\u00f3n. El an\u00e1lisis est\u00e1 basado en dos informes diferentes y no relacionados entre s\u00ed, pero publicados con una semana de diferencia, durante este mes por la Iniciativa Recursos y Derechos y la Red de Seguridad Global.<\/p>\n<p>Fuente: Coica<\/p>\n","protected":false},"excerpt":{"rendered":"<p>Dirigentes ind\u00edgenas, l\u00edderes religiosos y activistas sociales advierten un \u201cpunto de no retorno\u201d no solo para la Amazonia, sino para las comunidades que viven en ella. \u00a0 QUITO (virtual) \u2014 Con m\u00e1s de 1.749 muertes y 58 mil casos afectando a 239 pueblos de la cuenca amaz\u00f3nica, l\u00edderes ind\u00edgenas y dirigentes sociales y religiosos hicieron [&hellip;]<\/p>\n","protected":false},"author":1,"featured_media":1920,"comment_status":"closed","ping_status":"closed","sticky":false,"template":"","format":"standard","meta":{"_acf_changed":false,"_uf_show_specific_survey":0,"_uf_disable_surveys":false,"footnotes":""},"categories":[4,32],"tags":[35,158,52,358],"class_list":["post-1919","post","type-post","status-publish","format-standard","has-post-thumbnail","hentry","category-noticias","category-pueblos-indigenas","tag-coica","tag-covid-19","tag-derechos-humanos","tag-violacion-de-derechos"],"acf":[],"aioseo_notices":[],"yoast_head":"<!-- This site is optimized with the Yoast SEO plugin v27.5 - https:\/\/yoast.com\/product\/yoast-seo-wordpress\/ -->\n<title>Los pueblos amaz\u00f3nicos, asediados por Covid-19,\u00a0incendios, violencia y sequ\u00eda, viven su peor crisis - REPAM<\/title>\n<meta name=\"robots\" content=\"index, follow, max-snippet:-1, max-image-preview:large, max-video-preview:-1\" \/>\n<link rel=\"canonical\" href=\"https:\/\/www.repam.net\/es\/los-pueblos-amazonicos-asediados\/\" \/>\n<meta property=\"og:locale\" content=\"es_ES\" \/>\n<meta property=\"og:type\" content=\"article\" \/>\n<meta property=\"og:title\" content=\"Los pueblos amaz\u00f3nicos, asediados por Covid-19,\u00a0incendios, violencia y sequ\u00eda, viven su peor crisis - REPAM\" \/>\n<meta property=\"og:description\" content=\"Dirigentes ind\u00edgenas, l\u00edderes religiosos y activistas sociales advierten un \u201cpunto de no retorno\u201d no solo para la Amazonia, sino para las comunidades que viven en ella. \u00a0 QUITO (virtual) \u2014 Con m\u00e1s de 1.749 muertes y 58 mil casos afectando a 239 pueblos de la cuenca amaz\u00f3nica, l\u00edderes ind\u00edgenas y dirigentes sociales y religiosos hicieron [&hellip;]\" \/>\n<meta property=\"og:url\" content=\"https:\/\/www.repam.net\/es\/los-pueblos-amazonicos-asediados\/\" \/>\n<meta property=\"og:site_name\" content=\"REPAM\" \/>\n<meta property=\"article:published_time\" content=\"2020-09-22T05:00:00+00:00\" \/>\n<meta property=\"og:image\" content=\"https:\/\/www.repam.net\/es\/wp-content\/uploads\/2021\/09\/COICA-webinar-22-sept.jpg\" \/>\n\t<meta property=\"og:image:width\" content=\"960\" \/>\n\t<meta property=\"og:image:height\" content=\"502\" \/>\n\t<meta property=\"og:image:type\" content=\"image\/jpeg\" \/>\n<meta name=\"author\" content=\"repam@adm\" \/>\n<meta name=\"twitter:card\" content=\"summary_large_image\" \/>\n<meta name=\"twitter:label1\" content=\"Escrito por\" \/>\n\t<meta name=\"twitter:data1\" content=\"repam@adm\" \/>\n\t<meta name=\"twitter:label2\" content=\"Tiempo de lectura\" \/>\n\t<meta name=\"twitter:data2\" content=\"4 minutos\" \/>\n<script type=\"application\/ld+json\" class=\"yoast-schema-graph\">{\"@context\":\"https:\\\/\\\/schema.org\",\"@graph\":[{\"@type\":\"Article\",\"@id\":\"https:\\\/\\\/www.repam.net\\\/es\\\/los-pueblos-amazonicos-asediados\\\/#article\",\"isPartOf\":{\"@id\":\"https:\\\/\\\/www.repam.net\\\/es\\\/los-pueblos-amazonicos-asediados\\\/\"},\"author\":{\"name\":\"repam@adm\",\"@id\":\"https:\\\/\\\/www.repam.net\\\/es\\\/#\\\/schema\\\/person\\\/0c828bf04cf1abe6016cbe752c76a033\"},\"headline\":\"Los pueblos amaz\u00f3nicos, asediados por Covid-19,\u00a0incendios, violencia y sequ\u00eda, viven su peor crisis\",\"datePublished\":\"2020-09-22T05:00:00+00:00\",\"mainEntityOfPage\":{\"@id\":\"https:\\\/\\\/www.repam.net\\\/es\\\/los-pueblos-amazonicos-asediados\\\/\"},\"wordCount\":743,\"publisher\":{\"@id\":\"https:\\\/\\\/www.repam.net\\\/es\\\/#organization\"},\"image\":{\"@id\":\"https:\\\/\\\/www.repam.net\\\/es\\\/los-pueblos-amazonicos-asediados\\\/#primaryimage\"},\"thumbnailUrl\":\"https:\\\/\\\/www.repam.net\\\/es\\\/wp-content\\\/uploads\\\/2021\\\/09\\\/COICA-webinar-22-sept.jpg\",\"keywords\":[\"Coica\",\"COVID-19\",\"Derechos Humanos\",\"violaci\u00f3n de derechos\"],\"articleSection\":[\"Noticias\",\"Pueblos Ind\u00edgenas\"],\"inLanguage\":\"es-CO\"},{\"@type\":\"WebPage\",\"@id\":\"https:\\\/\\\/www.repam.net\\\/es\\\/los-pueblos-amazonicos-asediados\\\/\",\"url\":\"https:\\\/\\\/www.repam.net\\\/es\\\/los-pueblos-amazonicos-asediados\\\/\",\"name\":\"Los pueblos amaz\u00f3nicos, asediados por Covid-19,\u00a0incendios, violencia y sequ\u00eda, viven su peor crisis - REPAM\",\"isPartOf\":{\"@id\":\"https:\\\/\\\/www.repam.net\\\/es\\\/#website\"},\"primaryImageOfPage\":{\"@id\":\"https:\\\/\\\/www.repam.net\\\/es\\\/los-pueblos-amazonicos-asediados\\\/#primaryimage\"},\"image\":{\"@id\":\"https:\\\/\\\/www.repam.net\\\/es\\\/los-pueblos-amazonicos-asediados\\\/#primaryimage\"},\"thumbnailUrl\":\"https:\\\/\\\/www.repam.net\\\/es\\\/wp-content\\\/uploads\\\/2021\\\/09\\\/COICA-webinar-22-sept.jpg\",\"datePublished\":\"2020-09-22T05:00:00+00:00\",\"breadcrumb\":{\"@id\":\"https:\\\/\\\/www.repam.net\\\/es\\\/los-pueblos-amazonicos-asediados\\\/#breadcrumb\"},\"inLanguage\":\"es-CO\",\"potentialAction\":[{\"@type\":\"ReadAction\",\"target\":[\"https:\\\/\\\/www.repam.net\\\/es\\\/los-pueblos-amazonicos-asediados\\\/\"]}]},{\"@type\":\"ImageObject\",\"inLanguage\":\"es-CO\",\"@id\":\"https:\\\/\\\/www.repam.net\\\/es\\\/los-pueblos-amazonicos-asediados\\\/#primaryimage\",\"url\":\"https:\\\/\\\/www.repam.net\\\/es\\\/wp-content\\\/uploads\\\/2021\\\/09\\\/COICA-webinar-22-sept.jpg\",\"contentUrl\":\"https:\\\/\\\/www.repam.net\\\/es\\\/wp-content\\\/uploads\\\/2021\\\/09\\\/COICA-webinar-22-sept.jpg\",\"width\":960,\"height\":502},{\"@type\":\"BreadcrumbList\",\"@id\":\"https:\\\/\\\/www.repam.net\\\/es\\\/los-pueblos-amazonicos-asediados\\\/#breadcrumb\",\"itemListElement\":[{\"@type\":\"ListItem\",\"position\":1,\"name\":\"Inicio\",\"item\":\"https:\\\/\\\/www.repam.net\\\/es\\\/\"},{\"@type\":\"ListItem\",\"position\":2,\"name\":\"Los pueblos amaz\u00f3nicos, asediados por Covid-19,\u00a0incendios, violencia y sequ\u00eda, viven su peor crisis\"}]},{\"@type\":\"WebSite\",\"@id\":\"https:\\\/\\\/www.repam.net\\\/es\\\/#website\",\"url\":\"https:\\\/\\\/www.repam.net\\\/es\\\/\",\"name\":\"REPAM\",\"description\":\"Red Eclesial Panamaz\u00f3nica\",\"publisher\":{\"@id\":\"https:\\\/\\\/www.repam.net\\\/es\\\/#organization\"},\"potentialAction\":[{\"@type\":\"SearchAction\",\"target\":{\"@type\":\"EntryPoint\",\"urlTemplate\":\"https:\\\/\\\/www.repam.net\\\/es\\\/?s={search_term_string}\"},\"query-input\":{\"@type\":\"PropertyValueSpecification\",\"valueRequired\":true,\"valueName\":\"search_term_string\"}}],\"inLanguage\":\"es-CO\"},{\"@type\":\"Organization\",\"@id\":\"https:\\\/\\\/www.repam.net\\\/es\\\/#organization\",\"name\":\"REPAM\",\"url\":\"https:\\\/\\\/www.repam.net\\\/es\\\/\",\"logo\":{\"@type\":\"ImageObject\",\"inLanguage\":\"es-CO\",\"@id\":\"https:\\\/\\\/www.repam.net\\\/es\\\/#\\\/schema\\\/logo\\\/image\\\/\",\"url\":\"https:\\\/\\\/www.repam.net\\\/es\\\/wp-content\\\/uploads\\\/2021\\\/11\\\/cropped-favicon.png\",\"contentUrl\":\"https:\\\/\\\/www.repam.net\\\/es\\\/wp-content\\\/uploads\\\/2021\\\/11\\\/cropped-favicon.png\",\"width\":512,\"height\":512,\"caption\":\"REPAM\"},\"image\":{\"@id\":\"https:\\\/\\\/www.repam.net\\\/es\\\/#\\\/schema\\\/logo\\\/image\\\/\"}},{\"@type\":\"Person\",\"@id\":\"https:\\\/\\\/www.repam.net\\\/es\\\/#\\\/schema\\\/person\\\/0c828bf04cf1abe6016cbe752c76a033\",\"name\":\"repam@adm\",\"image\":{\"@type\":\"ImageObject\",\"inLanguage\":\"es-CO\",\"@id\":\"https:\\\/\\\/secure.gravatar.com\\\/avatar\\\/b18234ea6de5d74563e52ca7bfdad9d2b029b514c935b38a2790717abf8f2e5f?s=96&d=mm&r=g\",\"url\":\"https:\\\/\\\/secure.gravatar.com\\\/avatar\\\/b18234ea6de5d74563e52ca7bfdad9d2b029b514c935b38a2790717abf8f2e5f?s=96&d=mm&r=g\",\"contentUrl\":\"https:\\\/\\\/secure.gravatar.com\\\/avatar\\\/b18234ea6de5d74563e52ca7bfdad9d2b029b514c935b38a2790717abf8f2e5f?s=96&d=mm&r=g\",\"caption\":\"repam@adm\"},\"sameAs\":[\"http:\\\/\\\/repam.net\"],\"url\":\"https:\\\/\\\/www.repam.net\\\/es\\\/author\\\/repamadm\\\/\"}]}<\/script>\n<!-- \/ Yoast SEO plugin. -->","yoast_head_json":{"title":"Los pueblos amaz\u00f3nicos, asediados por Covid-19,\u00a0incendios, violencia y sequ\u00eda, viven su peor crisis - REPAM","robots":{"index":"index","follow":"follow","max-snippet":"max-snippet:-1","max-image-preview":"max-image-preview:large","max-video-preview":"max-video-preview:-1"},"canonical":"https:\/\/www.repam.net\/es\/los-pueblos-amazonicos-asediados\/","og_locale":"es_ES","og_type":"article","og_title":"Los pueblos amaz\u00f3nicos, asediados por Covid-19,\u00a0incendios, violencia y sequ\u00eda, viven su peor crisis - REPAM","og_description":"Dirigentes ind\u00edgenas, l\u00edderes religiosos y activistas sociales advierten un \u201cpunto de no retorno\u201d no solo para la Amazonia, sino para las comunidades que viven en ella. \u00a0 QUITO (virtual) \u2014 Con m\u00e1s de 1.749 muertes y 58 mil casos afectando a 239 pueblos de la cuenca amaz\u00f3nica, l\u00edderes ind\u00edgenas y dirigentes sociales y religiosos hicieron [&hellip;]","og_url":"https:\/\/www.repam.net\/es\/los-pueblos-amazonicos-asediados\/","og_site_name":"REPAM","article_published_time":"2020-09-22T05:00:00+00:00","og_image":[{"width":960,"height":502,"url":"https:\/\/www.repam.net\/es\/wp-content\/uploads\/2021\/09\/COICA-webinar-22-sept.jpg","type":"image\/jpeg"}],"author":"repam@adm","twitter_card":"summary_large_image","twitter_misc":{"Escrito por":"repam@adm","Tiempo de lectura":"4 minutos"},"schema":{"@context":"https:\/\/schema.org","@graph":[{"@type":"Article","@id":"https:\/\/www.repam.net\/es\/los-pueblos-amazonicos-asediados\/#article","isPartOf":{"@id":"https:\/\/www.repam.net\/es\/los-pueblos-amazonicos-asediados\/"},"author":{"name":"repam@adm","@id":"https:\/\/www.repam.net\/es\/#\/schema\/person\/0c828bf04cf1abe6016cbe752c76a033"},"headline":"Los pueblos amaz\u00f3nicos, asediados por Covid-19,\u00a0incendios, violencia y sequ\u00eda, viven su peor crisis","datePublished":"2020-09-22T05:00:00+00:00","mainEntityOfPage":{"@id":"https:\/\/www.repam.net\/es\/los-pueblos-amazonicos-asediados\/"},"wordCount":743,"publisher":{"@id":"https:\/\/www.repam.net\/es\/#organization"},"image":{"@id":"https:\/\/www.repam.net\/es\/los-pueblos-amazonicos-asediados\/#primaryimage"},"thumbnailUrl":"https:\/\/www.repam.net\/es\/wp-content\/uploads\/2021\/09\/COICA-webinar-22-sept.jpg","keywords":["Coica","COVID-19","Derechos Humanos","violaci\u00f3n de derechos"],"articleSection":["Noticias","Pueblos Ind\u00edgenas"],"inLanguage":"es-CO"},{"@type":"WebPage","@id":"https:\/\/www.repam.net\/es\/los-pueblos-amazonicos-asediados\/","url":"https:\/\/www.repam.net\/es\/los-pueblos-amazonicos-asediados\/","name":"Los pueblos amaz\u00f3nicos, asediados por Covid-19,\u00a0incendios, violencia y sequ\u00eda, viven su peor crisis - REPAM","isPartOf":{"@id":"https:\/\/www.repam.net\/es\/#website"},"primaryImageOfPage":{"@id":"https:\/\/www.repam.net\/es\/los-pueblos-amazonicos-asediados\/#primaryimage"},"image":{"@id":"https:\/\/www.repam.net\/es\/los-pueblos-amazonicos-asediados\/#primaryimage"},"thumbnailUrl":"https:\/\/www.repam.net\/es\/wp-content\/uploads\/2021\/09\/COICA-webinar-22-sept.jpg","datePublished":"2020-09-22T05:00:00+00:00","breadcrumb":{"@id":"https:\/\/www.repam.net\/es\/los-pueblos-amazonicos-asediados\/#breadcrumb"},"inLanguage":"es-CO","potentialAction":[{"@type":"ReadAction","target":["https:\/\/www.repam.net\/es\/los-pueblos-amazonicos-asediados\/"]}]},{"@type":"ImageObject","inLanguage":"es-CO","@id":"https:\/\/www.repam.net\/es\/los-pueblos-amazonicos-asediados\/#primaryimage","url":"https:\/\/www.repam.net\/es\/wp-content\/uploads\/2021\/09\/COICA-webinar-22-sept.jpg","contentUrl":"https:\/\/www.repam.net\/es\/wp-content\/uploads\/2021\/09\/COICA-webinar-22-sept.jpg","width":960,"height":502},{"@type":"BreadcrumbList","@id":"https:\/\/www.repam.net\/es\/los-pueblos-amazonicos-asediados\/#breadcrumb","itemListElement":[{"@type":"ListItem","position":1,"name":"Inicio","item":"https:\/\/www.repam.net\/es\/"},{"@type":"ListItem","position":2,"name":"Los pueblos amaz\u00f3nicos, asediados por Covid-19,\u00a0incendios, violencia y sequ\u00eda, viven su peor crisis"}]},{"@type":"WebSite","@id":"https:\/\/www.repam.net\/es\/#website","url":"https:\/\/www.repam.net\/es\/","name":"REPAM","description":"Red Eclesial Panamaz\u00f3nica","publisher":{"@id":"https:\/\/www.repam.net\/es\/#organization"},"potentialAction":[{"@type":"SearchAction","target":{"@type":"EntryPoint","urlTemplate":"https:\/\/www.repam.net\/es\/?s={search_term_string}"},"query-input":{"@type":"PropertyValueSpecification","valueRequired":true,"valueName":"search_term_string"}}],"inLanguage":"es-CO"},{"@type":"Organization","@id":"https:\/\/www.repam.net\/es\/#organization","name":"REPAM","url":"https:\/\/www.repam.net\/es\/","logo":{"@type":"ImageObject","inLanguage":"es-CO","@id":"https:\/\/www.repam.net\/es\/#\/schema\/logo\/image\/","url":"https:\/\/www.repam.net\/es\/wp-content\/uploads\/2021\/11\/cropped-favicon.png","contentUrl":"https:\/\/www.repam.net\/es\/wp-content\/uploads\/2021\/11\/cropped-favicon.png","width":512,"height":512,"caption":"REPAM"},"image":{"@id":"https:\/\/www.repam.net\/es\/#\/schema\/logo\/image\/"}},{"@type":"Person","@id":"https:\/\/www.repam.net\/es\/#\/schema\/person\/0c828bf04cf1abe6016cbe752c76a033","name":"repam@adm","image":{"@type":"ImageObject","inLanguage":"es-CO","@id":"https:\/\/secure.gravatar.com\/avatar\/b18234ea6de5d74563e52ca7bfdad9d2b029b514c935b38a2790717abf8f2e5f?s=96&d=mm&r=g","url":"https:\/\/secure.gravatar.com\/avatar\/b18234ea6de5d74563e52ca7bfdad9d2b029b514c935b38a2790717abf8f2e5f?s=96&d=mm&r=g","contentUrl":"https:\/\/secure.gravatar.com\/avatar\/b18234ea6de5d74563e52ca7bfdad9d2b029b514c935b38a2790717abf8f2e5f?s=96&d=mm&r=g","caption":"repam@adm"},"sameAs":["http:\/\/repam.net"],"url":"https:\/\/www.repam.net\/es\/author\/repamadm\/"}]}},"_links":{"self":[{"href":"https:\/\/www.repam.net\/es\/wp-json\/wp\/v2\/posts\/1919","targetHints":{"allow":["GET"]}}],"collection":[{"href":"https:\/\/www.repam.net\/es\/wp-json\/wp\/v2\/posts"}],"about":[{"href":"https:\/\/www.repam.net\/es\/wp-json\/wp\/v2\/types\/post"}],"author":[{"embeddable":true,"href":"https:\/\/www.repam.net\/es\/wp-json\/wp\/v2\/users\/1"}],"replies":[{"embeddable":true,"href":"https:\/\/www.repam.net\/es\/wp-json\/wp\/v2\/comments?post=1919"}],"version-history":[{"count":0,"href":"https:\/\/www.repam.net\/es\/wp-json\/wp\/v2\/posts\/1919\/revisions"}],"wp:featuredmedia":[{"embeddable":true,"href":"https:\/\/www.repam.net\/es\/wp-json\/wp\/v2\/media\/1920"}],"wp:attachment":[{"href":"https:\/\/www.repam.net\/es\/wp-json\/wp\/v2\/media?parent=1919"}],"wp:term":[{"taxonomy":"category","embeddable":true,"href":"https:\/\/www.repam.net\/es\/wp-json\/wp\/v2\/categories?post=1919"},{"taxonomy":"post_tag","embeddable":true,"href":"https:\/\/www.repam.net\/es\/wp-json\/wp\/v2\/tags?post=1919"}],"curies":[{"name":"wp","href":"https:\/\/api.w.org\/{rel}","templated":true}]}}