{"id":3471,"date":"2018-08-31T00:00:00","date_gmt":"2018-08-31T05:00:00","guid":{"rendered":"http:\/\/repam.net\/encuentro-de-las-diocesis-y-vicariatos-de-la-orinoquia-y-amazonia\/"},"modified":"2021-09-29T18:56:21","modified_gmt":"2021-09-29T23:56:21","slug":"encuentro-de-las-diocesis-y-vicariatos-de-la-orinoquia-y-amazonia","status":"publish","type":"post","link":"https:\/\/www.repam.net\/es\/encuentro-de-las-diocesis-y-vicariatos-de-la-orinoquia-y-amazonia\/","title":{"rendered":"Encuentro de las di\u00f3cesis y vicariatos de la Orinoqu\u00eda y Amazon\u00eda"},"content":{"rendered":"<p>Con el prop&oacute;sito de responder a los retos para cuidar de la Casa Com&uacute;n, decenas de participantes de la Orinoqu&iacute;a y de la Amazon&iacute;a suroriental colombiana estuvieron reunidos para hacer memoria viva de la misi&oacute;n de Dios en estos territorios.<\/p>\n<p><img loading=\"lazy\" decoding=\"async\" class=\" alignleft\" src=\"https:\/\/www.repam.net\/es\/wp-content\/uploads\/2021\/09\/800px-Mapa_de_Colombia_regiones_naturales.svg.png\" alt=\"\" width=\"268\" height=\"323\">Con este objetivo, los nueve obispos de las jurisdicciones eclesi&aacute;sticas de Villavicencio, Granada, Yopal, Puerto Gait&aacute;n, Leticia, Puerto In&iacute;rida, Puerto Carre&ntilde;o, San Jos&eacute; de Guaviar<span class=\"text_exposed_show\">e, Trinidad y Mit&uacute;, juntamente con responsables de la Pastoral Social, Cordepaz, representantes de la vida religiosa y de las universidades Unillanos, Santo Tom&aacute;s y Uniminuto estuvieron reunidos en Villavicencio los d&iacute;as 30 y 31 de agosto.<\/span><\/p>\n<div class=\"text_exposed_show\">\n<p>En los dos d&iacute;as de encuentro, los participantes hicieron memoria de la&nbsp;misi&oacute;n de la Iglesia en la Orinoqu&iacute;a y Amazon&iacute;a, desde la din&aacute;mica del ver, discernir y actuar, propuesta en la agenda.<\/p>\n<p>En el ver, se realizaron varios paneles iluminativos de contextualizaci&oacute;n pol&iacute;tica, econ&oacute;mica y social de la regi&oacute;n, rescatando las necesidades, problem&aacute;ticas y potencialidades que tienen.<\/p>\n<p>En el discernir se hizo una retroalimentaci&oacute;n de las regiones, con un taller grupal por jurisdicci&oacute;n eclesial para rescatar lo que se est&aacute; haciendo y otro taller colectivo con la socializaci&oacute;n del discernimiento desde las regiones.<\/p>\n<p>En el actuar se explic&oacute; lo que la REPAM est&aacute; haciendo para apoyar estos territorios. En seguida, se realiz&oacute; un trabajo en grupos desde los documentos de la Iglesia y articulando esfuerzos para aportar a la construcci&oacute;n de una Iglesia con rostro de la Orinoqu&iacute;a y la Amazon&iacute;a.<\/p>\n<p>El encuentro se clausur&oacute; con la presentaci&oacute;n de las conclusiones.<\/p>\n<\/div>\n","protected":false},"excerpt":{"rendered":"<p>Con el prop&oacute;sito de responder a los retos para cuidar de la Casa Com&uacute;n, decenas de participantes de la Orinoqu&iacute;a y de la Amazon&iacute;a suroriental colombiana estuvieron reunidos para hacer memoria viva de la misi&oacute;n de Dios en estos territorios. Con este objetivo, los nueve obispos de las jurisdicciones eclesi&aacute;sticas de Villavicencio, Granada, Yopal, Puerto [&hellip;]<\/p>\n","protected":false},"author":1,"featured_media":3472,"comment_status":"closed","ping_status":"closed","sticky":false,"template":"","format":"standard","meta":{"_acf_changed":false,"_uf_show_specific_survey":0,"_uf_disable_surveys":false,"footnotes":""},"categories":[300,4],"tags":[301,122,302,146],"class_list":["post-3471","post","type-post","status-publish","format-standard","has-post-thumbnail","hentry","category-colombia","category-noticias","tag-asesinatos-lideres","tag-colombia","tag-comunicadores","tag-indigenas"],"acf":[],"aioseo_notices":[],"yoast_head":"<!-- This site is optimized with the Yoast SEO plugin v27.4 - https:\/\/yoast.com\/product\/yoast-seo-wordpress\/ -->\n<title>Encuentro de las di\u00f3cesis y vicariatos de la Orinoqu\u00eda y Amazon\u00eda - REPAM<\/title>\n<meta name=\"robots\" content=\"index, follow, max-snippet:-1, max-image-preview:large, max-video-preview:-1\" \/>\n<link rel=\"canonical\" href=\"https:\/\/www.repam.net\/es\/encuentro-de-las-diocesis-y-vicariatos-de-la-orinoquia-y-amazonia\/\" \/>\n<meta property=\"og:locale\" content=\"es_ES\" \/>\n<meta property=\"og:type\" content=\"article\" \/>\n<meta property=\"og:title\" content=\"Encuentro de las di\u00f3cesis y vicariatos de la Orinoqu\u00eda y Amazon\u00eda - REPAM\" \/>\n<meta property=\"og:description\" content=\"Con el prop&oacute;sito de responder a los retos para cuidar de la Casa Com&uacute;n, decenas de participantes de la Orinoqu&iacute;a y de la Amazon&iacute;a suroriental colombiana estuvieron reunidos para hacer memoria viva de la misi&oacute;n de Dios en estos territorios. Con este objetivo, los nueve obispos de las jurisdicciones eclesi&aacute;sticas de Villavicencio, Granada, Yopal, Puerto [&hellip;]\" \/>\n<meta property=\"og:url\" content=\"https:\/\/www.repam.net\/es\/encuentro-de-las-diocesis-y-vicariatos-de-la-orinoquia-y-amazonia\/\" \/>\n<meta property=\"og:site_name\" content=\"REPAM\" \/>\n<meta property=\"article:published_time\" content=\"2018-08-31T05:00:00+00:00\" \/>\n<meta property=\"article:modified_time\" content=\"2021-09-29T23:56:21+00:00\" \/>\n<meta property=\"og:image\" content=\"https:\/\/www.repam.net\/es\/wp-content\/uploads\/2021\/09\/40478456_547505102372212_1763460335617966080_o.jpg\" \/>\n\t<meta property=\"og:image:width\" content=\"1032\" \/>\n\t<meta property=\"og:image:height\" content=\"580\" \/>\n\t<meta property=\"og:image:type\" content=\"image\/jpeg\" \/>\n<meta name=\"author\" content=\"repam@adm\" \/>\n<meta name=\"twitter:card\" content=\"summary_large_image\" \/>\n<meta name=\"twitter:label1\" content=\"Escrito por\" \/>\n\t<meta name=\"twitter:data1\" content=\"repam@adm\" \/>\n\t<meta name=\"twitter:label2\" content=\"Tiempo de lectura\" \/>\n\t<meta name=\"twitter:data2\" content=\"2 minutos\" \/>\n<script type=\"application\/ld+json\" class=\"yoast-schema-graph\">{\"@context\":\"https:\\\/\\\/schema.org\",\"@graph\":[{\"@type\":\"Article\",\"@id\":\"https:\\\/\\\/www.repam.net\\\/es\\\/encuentro-de-las-diocesis-y-vicariatos-de-la-orinoquia-y-amazonia\\\/#article\",\"isPartOf\":{\"@id\":\"https:\\\/\\\/www.repam.net\\\/es\\\/encuentro-de-las-diocesis-y-vicariatos-de-la-orinoquia-y-amazonia\\\/\"},\"author\":{\"name\":\"repam@adm\",\"@id\":\"https:\\\/\\\/www.repam.net\\\/es\\\/#\\\/schema\\\/person\\\/0c828bf04cf1abe6016cbe752c76a033\"},\"headline\":\"Encuentro de las di\u00f3cesis y vicariatos de la Orinoqu\u00eda y Amazon\u00eda\",\"datePublished\":\"2018-08-31T05:00:00+00:00\",\"dateModified\":\"2021-09-29T23:56:21+00:00\",\"mainEntityOfPage\":{\"@id\":\"https:\\\/\\\/www.repam.net\\\/es\\\/encuentro-de-las-diocesis-y-vicariatos-de-la-orinoquia-y-amazonia\\\/\"},\"wordCount\":329,\"publisher\":{\"@id\":\"https:\\\/\\\/www.repam.net\\\/es\\\/#organization\"},\"image\":{\"@id\":\"https:\\\/\\\/www.repam.net\\\/es\\\/encuentro-de-las-diocesis-y-vicariatos-de-la-orinoquia-y-amazonia\\\/#primaryimage\"},\"thumbnailUrl\":\"https:\\\/\\\/www.repam.net\\\/es\\\/wp-content\\\/uploads\\\/2021\\\/09\\\/40478456_547505102372212_1763460335617966080_o.jpg\",\"keywords\":[\"asesinatos l\u00edderes\",\"Colombia\",\"comunicadores\",\"Ind\u00edgenas\"],\"articleSection\":[\"Colombia\",\"Noticias\"],\"inLanguage\":\"es-CO\"},{\"@type\":\"WebPage\",\"@id\":\"https:\\\/\\\/www.repam.net\\\/es\\\/encuentro-de-las-diocesis-y-vicariatos-de-la-orinoquia-y-amazonia\\\/\",\"url\":\"https:\\\/\\\/www.repam.net\\\/es\\\/encuentro-de-las-diocesis-y-vicariatos-de-la-orinoquia-y-amazonia\\\/\",\"name\":\"Encuentro de las di\u00f3cesis y vicariatos de la Orinoqu\u00eda y Amazon\u00eda - REPAM\",\"isPartOf\":{\"@id\":\"https:\\\/\\\/www.repam.net\\\/es\\\/#website\"},\"primaryImageOfPage\":{\"@id\":\"https:\\\/\\\/www.repam.net\\\/es\\\/encuentro-de-las-diocesis-y-vicariatos-de-la-orinoquia-y-amazonia\\\/#primaryimage\"},\"image\":{\"@id\":\"https:\\\/\\\/www.repam.net\\\/es\\\/encuentro-de-las-diocesis-y-vicariatos-de-la-orinoquia-y-amazonia\\\/#primaryimage\"},\"thumbnailUrl\":\"https:\\\/\\\/www.repam.net\\\/es\\\/wp-content\\\/uploads\\\/2021\\\/09\\\/40478456_547505102372212_1763460335617966080_o.jpg\",\"datePublished\":\"2018-08-31T05:00:00+00:00\",\"dateModified\":\"2021-09-29T23:56:21+00:00\",\"breadcrumb\":{\"@id\":\"https:\\\/\\\/www.repam.net\\\/es\\\/encuentro-de-las-diocesis-y-vicariatos-de-la-orinoquia-y-amazonia\\\/#breadcrumb\"},\"inLanguage\":\"es-CO\",\"potentialAction\":[{\"@type\":\"ReadAction\",\"target\":[\"https:\\\/\\\/www.repam.net\\\/es\\\/encuentro-de-las-diocesis-y-vicariatos-de-la-orinoquia-y-amazonia\\\/\"]}]},{\"@type\":\"ImageObject\",\"inLanguage\":\"es-CO\",\"@id\":\"https:\\\/\\\/www.repam.net\\\/es\\\/encuentro-de-las-diocesis-y-vicariatos-de-la-orinoquia-y-amazonia\\\/#primaryimage\",\"url\":\"https:\\\/\\\/www.repam.net\\\/es\\\/wp-content\\\/uploads\\\/2021\\\/09\\\/40478456_547505102372212_1763460335617966080_o.jpg\",\"contentUrl\":\"https:\\\/\\\/www.repam.net\\\/es\\\/wp-content\\\/uploads\\\/2021\\\/09\\\/40478456_547505102372212_1763460335617966080_o.jpg\",\"width\":1032,\"height\":580},{\"@type\":\"BreadcrumbList\",\"@id\":\"https:\\\/\\\/www.repam.net\\\/es\\\/encuentro-de-las-diocesis-y-vicariatos-de-la-orinoquia-y-amazonia\\\/#breadcrumb\",\"itemListElement\":[{\"@type\":\"ListItem\",\"position\":1,\"name\":\"Inicio\",\"item\":\"https:\\\/\\\/www.repam.net\\\/es\\\/\"},{\"@type\":\"ListItem\",\"position\":2,\"name\":\"Encuentro de las di\u00f3cesis y vicariatos de la Orinoqu\u00eda y Amazon\u00eda\"}]},{\"@type\":\"WebSite\",\"@id\":\"https:\\\/\\\/www.repam.net\\\/es\\\/#website\",\"url\":\"https:\\\/\\\/www.repam.net\\\/es\\\/\",\"name\":\"REPAM\",\"description\":\"Red Eclesial Panamaz\u00f3nica\",\"publisher\":{\"@id\":\"https:\\\/\\\/www.repam.net\\\/es\\\/#organization\"},\"potentialAction\":[{\"@type\":\"SearchAction\",\"target\":{\"@type\":\"EntryPoint\",\"urlTemplate\":\"https:\\\/\\\/www.repam.net\\\/es\\\/?s={search_term_string}\"},\"query-input\":{\"@type\":\"PropertyValueSpecification\",\"valueRequired\":true,\"valueName\":\"search_term_string\"}}],\"inLanguage\":\"es-CO\"},{\"@type\":\"Organization\",\"@id\":\"https:\\\/\\\/www.repam.net\\\/es\\\/#organization\",\"name\":\"REPAM\",\"url\":\"https:\\\/\\\/www.repam.net\\\/es\\\/\",\"logo\":{\"@type\":\"ImageObject\",\"inLanguage\":\"es-CO\",\"@id\":\"https:\\\/\\\/www.repam.net\\\/es\\\/#\\\/schema\\\/logo\\\/image\\\/\",\"url\":\"https:\\\/\\\/www.repam.net\\\/es\\\/wp-content\\\/uploads\\\/2021\\\/11\\\/cropped-favicon.png\",\"contentUrl\":\"https:\\\/\\\/www.repam.net\\\/es\\\/wp-content\\\/uploads\\\/2021\\\/11\\\/cropped-favicon.png\",\"width\":512,\"height\":512,\"caption\":\"REPAM\"},\"image\":{\"@id\":\"https:\\\/\\\/www.repam.net\\\/es\\\/#\\\/schema\\\/logo\\\/image\\\/\"}},{\"@type\":\"Person\",\"@id\":\"https:\\\/\\\/www.repam.net\\\/es\\\/#\\\/schema\\\/person\\\/0c828bf04cf1abe6016cbe752c76a033\",\"name\":\"repam@adm\",\"image\":{\"@type\":\"ImageObject\",\"inLanguage\":\"es-CO\",\"@id\":\"https:\\\/\\\/secure.gravatar.com\\\/avatar\\\/b18234ea6de5d74563e52ca7bfdad9d2b029b514c935b38a2790717abf8f2e5f?s=96&d=mm&r=g\",\"url\":\"https:\\\/\\\/secure.gravatar.com\\\/avatar\\\/b18234ea6de5d74563e52ca7bfdad9d2b029b514c935b38a2790717abf8f2e5f?s=96&d=mm&r=g\",\"contentUrl\":\"https:\\\/\\\/secure.gravatar.com\\\/avatar\\\/b18234ea6de5d74563e52ca7bfdad9d2b029b514c935b38a2790717abf8f2e5f?s=96&d=mm&r=g\",\"caption\":\"repam@adm\"},\"sameAs\":[\"http:\\\/\\\/repam.net\"],\"url\":\"https:\\\/\\\/www.repam.net\\\/es\\\/author\\\/repamadm\\\/\"}]}<\/script>\n<!-- \/ Yoast SEO plugin. -->","yoast_head_json":{"title":"Encuentro de las di\u00f3cesis y vicariatos de la Orinoqu\u00eda y Amazon\u00eda - REPAM","robots":{"index":"index","follow":"follow","max-snippet":"max-snippet:-1","max-image-preview":"max-image-preview:large","max-video-preview":"max-video-preview:-1"},"canonical":"https:\/\/www.repam.net\/es\/encuentro-de-las-diocesis-y-vicariatos-de-la-orinoquia-y-amazonia\/","og_locale":"es_ES","og_type":"article","og_title":"Encuentro de las di\u00f3cesis y vicariatos de la Orinoqu\u00eda y Amazon\u00eda - REPAM","og_description":"Con el prop&oacute;sito de responder a los retos para cuidar de la Casa Com&uacute;n, decenas de participantes de la Orinoqu&iacute;a y de la Amazon&iacute;a suroriental colombiana estuvieron reunidos para hacer memoria viva de la misi&oacute;n de Dios en estos territorios. Con este objetivo, los nueve obispos de las jurisdicciones eclesi&aacute;sticas de Villavicencio, Granada, Yopal, Puerto [&hellip;]","og_url":"https:\/\/www.repam.net\/es\/encuentro-de-las-diocesis-y-vicariatos-de-la-orinoquia-y-amazonia\/","og_site_name":"REPAM","article_published_time":"2018-08-31T05:00:00+00:00","article_modified_time":"2021-09-29T23:56:21+00:00","og_image":[{"width":1032,"height":580,"url":"https:\/\/www.repam.net\/es\/wp-content\/uploads\/2021\/09\/40478456_547505102372212_1763460335617966080_o.jpg","type":"image\/jpeg"}],"author":"repam@adm","twitter_card":"summary_large_image","twitter_misc":{"Escrito por":"repam@adm","Tiempo de lectura":"2 minutos"},"schema":{"@context":"https:\/\/schema.org","@graph":[{"@type":"Article","@id":"https:\/\/www.repam.net\/es\/encuentro-de-las-diocesis-y-vicariatos-de-la-orinoquia-y-amazonia\/#article","isPartOf":{"@id":"https:\/\/www.repam.net\/es\/encuentro-de-las-diocesis-y-vicariatos-de-la-orinoquia-y-amazonia\/"},"author":{"name":"repam@adm","@id":"https:\/\/www.repam.net\/es\/#\/schema\/person\/0c828bf04cf1abe6016cbe752c76a033"},"headline":"Encuentro de las di\u00f3cesis y vicariatos de la Orinoqu\u00eda y Amazon\u00eda","datePublished":"2018-08-31T05:00:00+00:00","dateModified":"2021-09-29T23:56:21+00:00","mainEntityOfPage":{"@id":"https:\/\/www.repam.net\/es\/encuentro-de-las-diocesis-y-vicariatos-de-la-orinoquia-y-amazonia\/"},"wordCount":329,"publisher":{"@id":"https:\/\/www.repam.net\/es\/#organization"},"image":{"@id":"https:\/\/www.repam.net\/es\/encuentro-de-las-diocesis-y-vicariatos-de-la-orinoquia-y-amazonia\/#primaryimage"},"thumbnailUrl":"https:\/\/www.repam.net\/es\/wp-content\/uploads\/2021\/09\/40478456_547505102372212_1763460335617966080_o.jpg","keywords":["asesinatos l\u00edderes","Colombia","comunicadores","Ind\u00edgenas"],"articleSection":["Colombia","Noticias"],"inLanguage":"es-CO"},{"@type":"WebPage","@id":"https:\/\/www.repam.net\/es\/encuentro-de-las-diocesis-y-vicariatos-de-la-orinoquia-y-amazonia\/","url":"https:\/\/www.repam.net\/es\/encuentro-de-las-diocesis-y-vicariatos-de-la-orinoquia-y-amazonia\/","name":"Encuentro de las di\u00f3cesis y vicariatos de la Orinoqu\u00eda y Amazon\u00eda - REPAM","isPartOf":{"@id":"https:\/\/www.repam.net\/es\/#website"},"primaryImageOfPage":{"@id":"https:\/\/www.repam.net\/es\/encuentro-de-las-diocesis-y-vicariatos-de-la-orinoquia-y-amazonia\/#primaryimage"},"image":{"@id":"https:\/\/www.repam.net\/es\/encuentro-de-las-diocesis-y-vicariatos-de-la-orinoquia-y-amazonia\/#primaryimage"},"thumbnailUrl":"https:\/\/www.repam.net\/es\/wp-content\/uploads\/2021\/09\/40478456_547505102372212_1763460335617966080_o.jpg","datePublished":"2018-08-31T05:00:00+00:00","dateModified":"2021-09-29T23:56:21+00:00","breadcrumb":{"@id":"https:\/\/www.repam.net\/es\/encuentro-de-las-diocesis-y-vicariatos-de-la-orinoquia-y-amazonia\/#breadcrumb"},"inLanguage":"es-CO","potentialAction":[{"@type":"ReadAction","target":["https:\/\/www.repam.net\/es\/encuentro-de-las-diocesis-y-vicariatos-de-la-orinoquia-y-amazonia\/"]}]},{"@type":"ImageObject","inLanguage":"es-CO","@id":"https:\/\/www.repam.net\/es\/encuentro-de-las-diocesis-y-vicariatos-de-la-orinoquia-y-amazonia\/#primaryimage","url":"https:\/\/www.repam.net\/es\/wp-content\/uploads\/2021\/09\/40478456_547505102372212_1763460335617966080_o.jpg","contentUrl":"https:\/\/www.repam.net\/es\/wp-content\/uploads\/2021\/09\/40478456_547505102372212_1763460335617966080_o.jpg","width":1032,"height":580},{"@type":"BreadcrumbList","@id":"https:\/\/www.repam.net\/es\/encuentro-de-las-diocesis-y-vicariatos-de-la-orinoquia-y-amazonia\/#breadcrumb","itemListElement":[{"@type":"ListItem","position":1,"name":"Inicio","item":"https:\/\/www.repam.net\/es\/"},{"@type":"ListItem","position":2,"name":"Encuentro de las di\u00f3cesis y vicariatos de la Orinoqu\u00eda y Amazon\u00eda"}]},{"@type":"WebSite","@id":"https:\/\/www.repam.net\/es\/#website","url":"https:\/\/www.repam.net\/es\/","name":"REPAM","description":"Red Eclesial Panamaz\u00f3nica","publisher":{"@id":"https:\/\/www.repam.net\/es\/#organization"},"potentialAction":[{"@type":"SearchAction","target":{"@type":"EntryPoint","urlTemplate":"https:\/\/www.repam.net\/es\/?s={search_term_string}"},"query-input":{"@type":"PropertyValueSpecification","valueRequired":true,"valueName":"search_term_string"}}],"inLanguage":"es-CO"},{"@type":"Organization","@id":"https:\/\/www.repam.net\/es\/#organization","name":"REPAM","url":"https:\/\/www.repam.net\/es\/","logo":{"@type":"ImageObject","inLanguage":"es-CO","@id":"https:\/\/www.repam.net\/es\/#\/schema\/logo\/image\/","url":"https:\/\/www.repam.net\/es\/wp-content\/uploads\/2021\/11\/cropped-favicon.png","contentUrl":"https:\/\/www.repam.net\/es\/wp-content\/uploads\/2021\/11\/cropped-favicon.png","width":512,"height":512,"caption":"REPAM"},"image":{"@id":"https:\/\/www.repam.net\/es\/#\/schema\/logo\/image\/"}},{"@type":"Person","@id":"https:\/\/www.repam.net\/es\/#\/schema\/person\/0c828bf04cf1abe6016cbe752c76a033","name":"repam@adm","image":{"@type":"ImageObject","inLanguage":"es-CO","@id":"https:\/\/secure.gravatar.com\/avatar\/b18234ea6de5d74563e52ca7bfdad9d2b029b514c935b38a2790717abf8f2e5f?s=96&d=mm&r=g","url":"https:\/\/secure.gravatar.com\/avatar\/b18234ea6de5d74563e52ca7bfdad9d2b029b514c935b38a2790717abf8f2e5f?s=96&d=mm&r=g","contentUrl":"https:\/\/secure.gravatar.com\/avatar\/b18234ea6de5d74563e52ca7bfdad9d2b029b514c935b38a2790717abf8f2e5f?s=96&d=mm&r=g","caption":"repam@adm"},"sameAs":["http:\/\/repam.net"],"url":"https:\/\/www.repam.net\/es\/author\/repamadm\/"}]}},"_links":{"self":[{"href":"https:\/\/www.repam.net\/es\/wp-json\/wp\/v2\/posts\/3471","targetHints":{"allow":["GET"]}}],"collection":[{"href":"https:\/\/www.repam.net\/es\/wp-json\/wp\/v2\/posts"}],"about":[{"href":"https:\/\/www.repam.net\/es\/wp-json\/wp\/v2\/types\/post"}],"author":[{"embeddable":true,"href":"https:\/\/www.repam.net\/es\/wp-json\/wp\/v2\/users\/1"}],"replies":[{"embeddable":true,"href":"https:\/\/www.repam.net\/es\/wp-json\/wp\/v2\/comments?post=3471"}],"version-history":[{"count":1,"href":"https:\/\/www.repam.net\/es\/wp-json\/wp\/v2\/posts\/3471\/revisions"}],"predecessor-version":[{"id":3484,"href":"https:\/\/www.repam.net\/es\/wp-json\/wp\/v2\/posts\/3471\/revisions\/3484"}],"wp:featuredmedia":[{"embeddable":true,"href":"https:\/\/www.repam.net\/es\/wp-json\/wp\/v2\/media\/3472"}],"wp:attachment":[{"href":"https:\/\/www.repam.net\/es\/wp-json\/wp\/v2\/media?parent=3471"}],"wp:term":[{"taxonomy":"category","embeddable":true,"href":"https:\/\/www.repam.net\/es\/wp-json\/wp\/v2\/categories?post=3471"},{"taxonomy":"post_tag","embeddable":true,"href":"https:\/\/www.repam.net\/es\/wp-json\/wp\/v2\/tags?post=3471"}],"curies":[{"name":"wp","href":"https:\/\/api.w.org\/{rel}","templated":true}]}}