{"id":4989,"date":"2015-09-15T00:00:00","date_gmt":"2015-09-15T05:00:00","guid":{"rendered":"http:\/\/repam.net\/genocidio-dos-povos-indigenas-nao-podemos-nos-calar\/"},"modified":"2015-09-15T00:00:00","modified_gmt":"2015-09-15T05:00:00","slug":"genocidio-dos-povos-indigenas-nao-podemos-nos-calar","status":"publish","type":"post","link":"https:\/\/www.repam.net\/es\/genocidio-dos-povos-indigenas-nao-podemos-nos-calar\/","title":{"rendered":"Genoc\u00eddio dos Povos Ind\u00edgenas: N\u00e3o Podemos Nos Calar!"},"content":{"rendered":"<p style=\"text-align: justify;\">Assistimos mais uma vez estarrecidos uma s\u00e9rie de atentados contra o povo Guarani-Kaiow\u00e1, no Mato Grosso do Sul, que resultou na morte do ind\u00edgena Semi\u00e3o Vilhalva, no ultimo dia 29 de agosto.<\/p>\n<p style=\"text-align: justify;\">A Terra Ind\u00edgena (TI) \u00d1ande Ru Marangat\u00fa, palco do conflito, est\u00e1 localizada no munic\u00edpio de Ant\u00f4nio Jo\u00e3o, MS, e sua demarca\u00e7\u00e3o \u00e9 reivindicada h\u00e1 d\u00e9cadas pelo povo Guarani-Kaiow\u00e1. Em 2005, o ent\u00e3o Presidente Lula, expediu decreto de homologa\u00e7\u00e3o de 9.300 hectares da TI \u00d1ande Ru Marangat\u00fa. Por\u00e9m, no mesmo ano, um Mandado de Seguran\u00e7a impetrado por fazendeiros\u00a0no Supremo Tribunal Federal (STF) suspendeu os efeitos da homologa\u00e7\u00e3o da Terra Ind\u00edgena. Com forte aparato b\u00e9lico e militar, os ind\u00edgenas foram despejados de suas terras e passaram a viver \u00e0s margens da rodovia MS 384, em condi\u00e7\u00f5es subumanas de vida.<span id=\"more-722\"><\/span><\/p>\n<p style=\"text-align: justify;\">Em 2015, completaram-se 10 anos da suspens\u00e3o da homologa\u00e7\u00e3o da TI \u00d1ande Ru Marangat\u00fa, sem que haja sequer indicativo de solu\u00e7\u00e3o do impasse pelo STF. Durante esse per\u00edodo, lideran\u00e7as ind\u00edgenas foram assassinadas, crian\u00e7as morreram em decorr\u00eancia das p\u00e9ssimas condi\u00e7\u00f5es de vida, barracos foram incendiados por a\u00e7\u00e3o dos fazendeiros e nada foi feito para garantir a vida dos Guarani-Kaiow\u00e1.<\/p>\n<p style=\"text-align: justify;\">Foi nesse sentido que no \u00faltimo dia 22 de agosto, cansados de sobreviverem \u00e0 beira da estrada esperando uma solu\u00e7\u00e3o para demarca\u00e7\u00e3o da terra, que os Guarani-Kaiow\u00e1 decidiram reocupar sua terra tradicional. O comunicado, que pode ser visto na p\u00e1gina<a href=\"https:\/\/www.facebook.com\/aty.guasu?ref=ts&amp;fref=ts\" target=\"_blank\" rel=\"noopener\">https:\/\/www.facebook.com\/aty.guasu?ref=ts&amp;fref=ts<\/a>\u00a0, dizia: \u00a0\u201cHoje depois de esperar mais de 18 anos de posse de tekoha reocupamos definitivamente, aqui reocupamos nossa terra e n\u00e3o vamos mais sair de nossa terra Marangatu. N\u00f3s estamos aqui amea\u00e7ados de morte, cercado de pistoleiros armados, mas n\u00e3o vamos recuar. Decidimos lutar e morrer pela nossa terra. Informamos a todas as autoridades federais que reocupamos a nossa terra tekohaNhanderuMarangatu, daqui n\u00e3o sa\u00edmos nem vivos e nem mortos\u201d ( 22 de agosto de 2015).<\/p>\n<p style=\"text-align: justify;\">Essa a\u00e7\u00e3o leg\u00edtima de luta e resist\u00eancia do povo Guarani-Kaiow\u00e1 recebeu uma resposta imediata dos fazendeiros e parlamentares locais que, fortemente armados, iniciaram uma s\u00e9rie de ataques contra o povo. Relatos apontam que mais de 40 ve\u00edculos adentraram a Terra Ind\u00edgena, disparam tiros de arma de fogo contra a popula\u00e7\u00e3o, atingiram crian\u00e7as, idosos e mulheres, e assassinaram a lideran\u00e7a Semi\u00e3o Vilhalva.<\/p>\n<p style=\"text-align: justify;\">O que \u00e9 mais estarrecedor de toda essa hist\u00f3ria e demonstra o verdadeiro estado de exce\u00e7\u00e3o instaurado no MS, \u00e9 que amea\u00e7as e a instiga\u00e7\u00e3o ao \u00f3dio contra os ind\u00edgenas foram realizadas nas redes sociais, atrav\u00e9s de conta pessoal de ruralistas e fazendeiros da regi\u00e3o. A For\u00e7a Nacional teria sido avisada dessas intimida\u00e7\u00f5es e convocada a garantir a prote\u00e7\u00e3o dos ind\u00edgenas, mas se recusou a tomar qualquer medida preventiva ante a imin\u00eancia do ataque. Ap\u00f3s a morte de Semi\u00e3o Vilhalva, o ex-deputado federal e ex-governador do estado do Mato Groso do Sul, Pedro Pedrossian Filho, justificou os atentados em sua conta pessoal do facebook dizendo que\u00a0\u201cNa aus\u00eancia do Estado, n\u00f3s temos que fazer a nossa pr\u00f3pria seguran\u00e7a\u2026 Quem est\u00e1 na chuva \u00e9 pra se molhar! Quem declara guerra tem de estar pronto para ela!\u00a0<a href=\"https:\/\/www.facebook.com\/hashtag\/souprodutor?source=feed_text&amp;story_id=967754896614020\" target=\"_blank\" rel=\"noopener\">#\u200eSouProdutor<\/a><a href=\"https:\/\/www.facebook.com\/hashtag\/chegadehumilha%C3%A7%C3%A3o?source=feed_text&amp;story_id=967754896614020\" target=\"_blank\" rel=\"noopener\">\u00a0#\u200eChegaDeHumilha\u00e7\u00e3o<\/a><a href=\"https:\/\/www.facebook.com\/hashtag\/confiscon%C3%A3o?source=feed_text&amp;story_id=967754896614020\" target=\"_blank\" rel=\"noopener\">\u00a0#\u200eConfiscoN\u00e3o<\/a><a href=\"https:\/\/www.facebook.com\/hashtag\/legitimadefesadapropriedade?source=feed_text&amp;story_id=967754896614020\" target=\"_blank\" rel=\"noopener\">#\u200eLegitimaDefesaDaPropriedade<\/a>\u201d<\/p>\n<p style=\"text-align: justify;\">Mesmo ap\u00f3s o atentado do dia 29 de agosto, o povo Guarani-Kaiow\u00e1 permanece acuado pela press\u00e3o das milicias formadas por fazendeiros. Mais tiroteios e amea\u00e7as foram realizados nos dias 03, 04 e 05 de setembro e fez com que o povo Guarani-Kaiowa recuasse do territ\u00f3rio retomado.<\/p>\n<p style=\"text-align: justify;\">A situa\u00e7\u00e3o vivenciada pelos Guarani-Kaiow\u00e1 demonstra o desrespeito e a hipocrisia do governo brasileiro com a causa ind\u00edgena. Mesmo diante de tamanhas evid\u00eancias, mesmo diante das condi\u00e7\u00f5es subumanas em que vivem o povo Guarani-Kaiow\u00e1, mesmo com a exist\u00eancia de laudos antropol\u00f3gicos que atestam a ocupa\u00e7\u00e3o tradicional da Terra Ind\u00edgena \u00d1ande Ru Marangat\u00fa, nenhuma medida foi tomada para fazer cumprir o que diz a Constitui\u00e7\u00e3o Federal.<\/p>\n<p style=\"text-align: justify;\">O Governo Federal \u00e9 c\u00famplice dessa barb\u00e1rie, j\u00e1 que o governo Dilma tem a pior m\u00e9dia de homologa\u00e7\u00f5es de Terras Ind\u00edgenas desde o per\u00edodo da Ditadura Militar. Em 2014, nenhum territ\u00f3rio foi homologado. Segundo relat\u00f3rio publicado pelo Conselho Indigenista Mission\u00e1rio, s\u00f3 no ano de 2014, 138 \u00edndios foram assassinados no Brasil em decorr\u00eancia dos conflitos de terra, sendo que 29% dessas mortes ocorreram no Mato Grosso do Sul. O mesmo relat\u00f3rio aponta que 137 ind\u00edgenas cometeram suic\u00eddio e 785 crian\u00e7as morreram em decorr\u00eancia da falta de acesso a direitos b\u00e1sicos de sa\u00fade, tudo no ano de 2014. Todos esses dados tem maior incid\u00eancia no estado do Mato Grosso do Sul e afetam diretamente o povo Guarani-Kaiow\u00e1.<\/p>\n<p style=\"text-align: justify;\">A Constitui\u00e7\u00e3o Federal estabeleceu o prazo de 05 anos para que todas as Terras Ind\u00edgenas estivessem demarcadas. Passados mais de 25 anos, o que vemos \u00e9 a intensifica\u00e7\u00e3o das viola\u00e7\u00f5es de direitos, das viol\u00eancias, a paralisa\u00e7\u00e3o injustificada de processos administrativos para demarca\u00e7\u00e3o das terras e o sucateamento dos \u00f3rg\u00e3os p\u00fablicos respons\u00e1veis por operacionalizar o comando constitucional.<\/p>\n<p style=\"text-align: justify;\">Para piorar essa situa\u00e7\u00e3o, tramita no Congresso Nacional a Proposta de Emenda Constitucional 215\/2000 (PEC 215) que transfere do Poder Executivo para o Poder Legislativo a aprova\u00e7\u00e3o de demarca\u00e7\u00e3o, titula\u00e7\u00e3o e homologa\u00e7\u00e3o de terras ind\u00edgenas, quilombolas e a cria\u00e7\u00e3o de \u00c1reas de Prote\u00e7\u00e3o Ambiental. A bancada ruralista trabalha pela aprova\u00e7\u00e3o da PEC 215 no intuito de dificultar ainda mais a demarca\u00e7\u00e3o das terras ind\u00edgenas.<\/p>\n<p style=\"text-align: justify;\">O sil\u00eancio dos ve\u00edculos de comunica\u00e7\u00e3o e de grande parte da popula\u00e7\u00e3o brasileira diante desses dados \u00e9 ensurdecedor. O que aconteceu na \u00faltima semana com o povo Guarani-Kaiow\u00e1 \u00e9 mais um cap\u00edtulo da hist\u00f3ria perversa de como o\u00a0Estado Brasileiro trata os direitos dos povos e comunidades tradicionais.<\/p>\n<p style=\"text-align: justify;\">Convidamos todas\/os aquelas\/es que s\u00e3o comprometidos com as causas populares a n\u00e3o se calarem diante do genoc\u00eddio por qual passa nossos irm\u00e3os ind\u00edgenas.<\/p>\n<p style=\"text-align: justify;\">As Brigadas Populares se solidarizam com a causa ind\u00edgena e se p\u00f5e \u00e0 disposi\u00e7\u00e3o para lutar junto com o movimento ind\u00edgena contra a opress\u00e3o sofrida pelos povos origin\u00e1rios do Brasil h\u00e1 515 anos.<\/p>\n<p style=\"text-align: justify;\">mas info:\u00a0<a href=\"http:\/\/brigadaspopulares.org.br\/?p=1849\">http:\/\/brigadaspopulares.org.br\/?p=1849<\/a><\/p>\n","protected":false},"excerpt":{"rendered":"<p>Assistimos mais uma vez estarrecidos uma s\u00e9rie de atentados contra o povo Guarani-Kaiow\u00e1, no Mato Grosso do Sul, que resultou na morte do ind\u00edgena Semi\u00e3o Vilhalva, no ultimo dia 29 de agosto. A Terra Ind\u00edgena (TI) \u00d1ande Ru Marangat\u00fa, palco do conflito, est\u00e1 localizada no munic\u00edpio de Ant\u00f4nio Jo\u00e3o, MS, e sua demarca\u00e7\u00e3o \u00e9 reivindicada [&hellip;]<\/p>\n","protected":false},"author":1,"featured_media":4990,"comment_status":"closed","ping_status":"closed","sticky":false,"template":"","format":"standard","meta":{"_acf_changed":false,"_uf_show_specific_survey":0,"_uf_disable_surveys":false,"footnotes":""},"categories":[4],"tags":[965,16],"class_list":["post-4989","post","type-post","status-publish","format-standard","has-post-thumbnail","hentry","category-noticias","tag-genocidio","tag-pueblos-indigenas"],"acf":[],"aioseo_notices":[],"yoast_head":"<!-- This site is optimized with the Yoast SEO plugin v27.4 - https:\/\/yoast.com\/product\/yoast-seo-wordpress\/ -->\n<title>Genoc\u00eddio dos Povos Ind\u00edgenas: N\u00e3o Podemos Nos Calar! - REPAM<\/title>\n<meta name=\"robots\" content=\"index, follow, max-snippet:-1, max-image-preview:large, max-video-preview:-1\" \/>\n<link rel=\"canonical\" href=\"https:\/\/www.repam.net\/es\/genocidio-dos-povos-indigenas-nao-podemos-nos-calar\/\" \/>\n<meta property=\"og:locale\" content=\"es_ES\" \/>\n<meta property=\"og:type\" content=\"article\" \/>\n<meta property=\"og:title\" content=\"Genoc\u00eddio dos Povos Ind\u00edgenas: N\u00e3o Podemos Nos Calar! - REPAM\" \/>\n<meta property=\"og:description\" content=\"Assistimos mais uma vez estarrecidos uma s\u00e9rie de atentados contra o povo Guarani-Kaiow\u00e1, no Mato Grosso do Sul, que resultou na morte do ind\u00edgena Semi\u00e3o Vilhalva, no ultimo dia 29 de agosto. A Terra Ind\u00edgena (TI) \u00d1ande Ru Marangat\u00fa, palco do conflito, est\u00e1 localizada no munic\u00edpio de Ant\u00f4nio Jo\u00e3o, MS, e sua demarca\u00e7\u00e3o \u00e9 reivindicada [&hellip;]\" \/>\n<meta property=\"og:url\" content=\"https:\/\/www.repam.net\/es\/genocidio-dos-povos-indigenas-nao-podemos-nos-calar\/\" \/>\n<meta property=\"og:site_name\" content=\"REPAM\" \/>\n<meta property=\"article:published_time\" content=\"2015-09-15T05:00:00+00:00\" \/>\n<meta property=\"og:image\" content=\"https:\/\/www.repam.net\/es\/wp-content\/uploads\/2021\/09\/Povos-ind\u00edgenas-constituinte-luta-direitos.jpg\" \/>\n\t<meta property=\"og:image:width\" content=\"550\" \/>\n\t<meta property=\"og:image:height\" content=\"298\" \/>\n\t<meta property=\"og:image:type\" content=\"image\/jpeg\" \/>\n<meta name=\"author\" content=\"repam@adm\" \/>\n<meta name=\"twitter:card\" content=\"summary_large_image\" \/>\n<meta name=\"twitter:label1\" content=\"Escrito por\" \/>\n\t<meta name=\"twitter:data1\" content=\"repam@adm\" \/>\n\t<meta name=\"twitter:label2\" content=\"Tiempo de lectura\" \/>\n\t<meta name=\"twitter:data2\" content=\"5 minutos\" \/>\n<script type=\"application\/ld+json\" class=\"yoast-schema-graph\">{\"@context\":\"https:\\\/\\\/schema.org\",\"@graph\":[{\"@type\":\"Article\",\"@id\":\"https:\\\/\\\/www.repam.net\\\/es\\\/genocidio-dos-povos-indigenas-nao-podemos-nos-calar\\\/#article\",\"isPartOf\":{\"@id\":\"https:\\\/\\\/www.repam.net\\\/es\\\/genocidio-dos-povos-indigenas-nao-podemos-nos-calar\\\/\"},\"author\":{\"name\":\"repam@adm\",\"@id\":\"https:\\\/\\\/www.repam.net\\\/es\\\/#\\\/schema\\\/person\\\/0c828bf04cf1abe6016cbe752c76a033\"},\"headline\":\"Genoc\u00eddio dos Povos Ind\u00edgenas: N\u00e3o Podemos Nos Calar!\",\"datePublished\":\"2015-09-15T05:00:00+00:00\",\"mainEntityOfPage\":{\"@id\":\"https:\\\/\\\/www.repam.net\\\/es\\\/genocidio-dos-povos-indigenas-nao-podemos-nos-calar\\\/\"},\"wordCount\":1082,\"publisher\":{\"@id\":\"https:\\\/\\\/www.repam.net\\\/es\\\/#organization\"},\"image\":{\"@id\":\"https:\\\/\\\/www.repam.net\\\/es\\\/genocidio-dos-povos-indigenas-nao-podemos-nos-calar\\\/#primaryimage\"},\"thumbnailUrl\":\"https:\\\/\\\/www.repam.net\\\/es\\\/wp-content\\\/uploads\\\/2021\\\/09\\\/Povos-ind\u00edgenas-constituinte-luta-direitos.jpg\",\"keywords\":[\"genocidio\",\"pueblos ind\u00edgenas\"],\"articleSection\":[\"Noticias\"],\"inLanguage\":\"es-CO\"},{\"@type\":\"WebPage\",\"@id\":\"https:\\\/\\\/www.repam.net\\\/es\\\/genocidio-dos-povos-indigenas-nao-podemos-nos-calar\\\/\",\"url\":\"https:\\\/\\\/www.repam.net\\\/es\\\/genocidio-dos-povos-indigenas-nao-podemos-nos-calar\\\/\",\"name\":\"Genoc\u00eddio dos Povos Ind\u00edgenas: N\u00e3o Podemos Nos Calar! - REPAM\",\"isPartOf\":{\"@id\":\"https:\\\/\\\/www.repam.net\\\/es\\\/#website\"},\"primaryImageOfPage\":{\"@id\":\"https:\\\/\\\/www.repam.net\\\/es\\\/genocidio-dos-povos-indigenas-nao-podemos-nos-calar\\\/#primaryimage\"},\"image\":{\"@id\":\"https:\\\/\\\/www.repam.net\\\/es\\\/genocidio-dos-povos-indigenas-nao-podemos-nos-calar\\\/#primaryimage\"},\"thumbnailUrl\":\"https:\\\/\\\/www.repam.net\\\/es\\\/wp-content\\\/uploads\\\/2021\\\/09\\\/Povos-ind\u00edgenas-constituinte-luta-direitos.jpg\",\"datePublished\":\"2015-09-15T05:00:00+00:00\",\"breadcrumb\":{\"@id\":\"https:\\\/\\\/www.repam.net\\\/es\\\/genocidio-dos-povos-indigenas-nao-podemos-nos-calar\\\/#breadcrumb\"},\"inLanguage\":\"es-CO\",\"potentialAction\":[{\"@type\":\"ReadAction\",\"target\":[\"https:\\\/\\\/www.repam.net\\\/es\\\/genocidio-dos-povos-indigenas-nao-podemos-nos-calar\\\/\"]}]},{\"@type\":\"ImageObject\",\"inLanguage\":\"es-CO\",\"@id\":\"https:\\\/\\\/www.repam.net\\\/es\\\/genocidio-dos-povos-indigenas-nao-podemos-nos-calar\\\/#primaryimage\",\"url\":\"https:\\\/\\\/www.repam.net\\\/es\\\/wp-content\\\/uploads\\\/2021\\\/09\\\/Povos-ind\u00edgenas-constituinte-luta-direitos.jpg\",\"contentUrl\":\"https:\\\/\\\/www.repam.net\\\/es\\\/wp-content\\\/uploads\\\/2021\\\/09\\\/Povos-ind\u00edgenas-constituinte-luta-direitos.jpg\",\"width\":550,\"height\":298},{\"@type\":\"BreadcrumbList\",\"@id\":\"https:\\\/\\\/www.repam.net\\\/es\\\/genocidio-dos-povos-indigenas-nao-podemos-nos-calar\\\/#breadcrumb\",\"itemListElement\":[{\"@type\":\"ListItem\",\"position\":1,\"name\":\"Inicio\",\"item\":\"https:\\\/\\\/www.repam.net\\\/es\\\/\"},{\"@type\":\"ListItem\",\"position\":2,\"name\":\"Genoc\u00eddio dos Povos Ind\u00edgenas: N\u00e3o Podemos Nos Calar!\"}]},{\"@type\":\"WebSite\",\"@id\":\"https:\\\/\\\/www.repam.net\\\/es\\\/#website\",\"url\":\"https:\\\/\\\/www.repam.net\\\/es\\\/\",\"name\":\"REPAM\",\"description\":\"Red Eclesial Panamaz\u00f3nica\",\"publisher\":{\"@id\":\"https:\\\/\\\/www.repam.net\\\/es\\\/#organization\"},\"potentialAction\":[{\"@type\":\"SearchAction\",\"target\":{\"@type\":\"EntryPoint\",\"urlTemplate\":\"https:\\\/\\\/www.repam.net\\\/es\\\/?s={search_term_string}\"},\"query-input\":{\"@type\":\"PropertyValueSpecification\",\"valueRequired\":true,\"valueName\":\"search_term_string\"}}],\"inLanguage\":\"es-CO\"},{\"@type\":\"Organization\",\"@id\":\"https:\\\/\\\/www.repam.net\\\/es\\\/#organization\",\"name\":\"REPAM\",\"url\":\"https:\\\/\\\/www.repam.net\\\/es\\\/\",\"logo\":{\"@type\":\"ImageObject\",\"inLanguage\":\"es-CO\",\"@id\":\"https:\\\/\\\/www.repam.net\\\/es\\\/#\\\/schema\\\/logo\\\/image\\\/\",\"url\":\"https:\\\/\\\/www.repam.net\\\/es\\\/wp-content\\\/uploads\\\/2021\\\/11\\\/cropped-favicon.png\",\"contentUrl\":\"https:\\\/\\\/www.repam.net\\\/es\\\/wp-content\\\/uploads\\\/2021\\\/11\\\/cropped-favicon.png\",\"width\":512,\"height\":512,\"caption\":\"REPAM\"},\"image\":{\"@id\":\"https:\\\/\\\/www.repam.net\\\/es\\\/#\\\/schema\\\/logo\\\/image\\\/\"}},{\"@type\":\"Person\",\"@id\":\"https:\\\/\\\/www.repam.net\\\/es\\\/#\\\/schema\\\/person\\\/0c828bf04cf1abe6016cbe752c76a033\",\"name\":\"repam@adm\",\"image\":{\"@type\":\"ImageObject\",\"inLanguage\":\"es-CO\",\"@id\":\"https:\\\/\\\/secure.gravatar.com\\\/avatar\\\/b18234ea6de5d74563e52ca7bfdad9d2b029b514c935b38a2790717abf8f2e5f?s=96&d=mm&r=g\",\"url\":\"https:\\\/\\\/secure.gravatar.com\\\/avatar\\\/b18234ea6de5d74563e52ca7bfdad9d2b029b514c935b38a2790717abf8f2e5f?s=96&d=mm&r=g\",\"contentUrl\":\"https:\\\/\\\/secure.gravatar.com\\\/avatar\\\/b18234ea6de5d74563e52ca7bfdad9d2b029b514c935b38a2790717abf8f2e5f?s=96&d=mm&r=g\",\"caption\":\"repam@adm\"},\"sameAs\":[\"http:\\\/\\\/repam.net\"],\"url\":\"https:\\\/\\\/www.repam.net\\\/es\\\/author\\\/repamadm\\\/\"}]}<\/script>\n<!-- \/ Yoast SEO plugin. -->","yoast_head_json":{"title":"Genoc\u00eddio dos Povos Ind\u00edgenas: N\u00e3o Podemos Nos Calar! - REPAM","robots":{"index":"index","follow":"follow","max-snippet":"max-snippet:-1","max-image-preview":"max-image-preview:large","max-video-preview":"max-video-preview:-1"},"canonical":"https:\/\/www.repam.net\/es\/genocidio-dos-povos-indigenas-nao-podemos-nos-calar\/","og_locale":"es_ES","og_type":"article","og_title":"Genoc\u00eddio dos Povos Ind\u00edgenas: N\u00e3o Podemos Nos Calar! - REPAM","og_description":"Assistimos mais uma vez estarrecidos uma s\u00e9rie de atentados contra o povo Guarani-Kaiow\u00e1, no Mato Grosso do Sul, que resultou na morte do ind\u00edgena Semi\u00e3o Vilhalva, no ultimo dia 29 de agosto. A Terra Ind\u00edgena (TI) \u00d1ande Ru Marangat\u00fa, palco do conflito, est\u00e1 localizada no munic\u00edpio de Ant\u00f4nio Jo\u00e3o, MS, e sua demarca\u00e7\u00e3o \u00e9 reivindicada [&hellip;]","og_url":"https:\/\/www.repam.net\/es\/genocidio-dos-povos-indigenas-nao-podemos-nos-calar\/","og_site_name":"REPAM","article_published_time":"2015-09-15T05:00:00+00:00","og_image":[{"width":550,"height":298,"url":"https:\/\/www.repam.net\/es\/wp-content\/uploads\/2021\/09\/Povos-ind\u00edgenas-constituinte-luta-direitos.jpg","type":"image\/jpeg"}],"author":"repam@adm","twitter_card":"summary_large_image","twitter_misc":{"Escrito por":"repam@adm","Tiempo de lectura":"5 minutos"},"schema":{"@context":"https:\/\/schema.org","@graph":[{"@type":"Article","@id":"https:\/\/www.repam.net\/es\/genocidio-dos-povos-indigenas-nao-podemos-nos-calar\/#article","isPartOf":{"@id":"https:\/\/www.repam.net\/es\/genocidio-dos-povos-indigenas-nao-podemos-nos-calar\/"},"author":{"name":"repam@adm","@id":"https:\/\/www.repam.net\/es\/#\/schema\/person\/0c828bf04cf1abe6016cbe752c76a033"},"headline":"Genoc\u00eddio dos Povos Ind\u00edgenas: N\u00e3o Podemos Nos Calar!","datePublished":"2015-09-15T05:00:00+00:00","mainEntityOfPage":{"@id":"https:\/\/www.repam.net\/es\/genocidio-dos-povos-indigenas-nao-podemos-nos-calar\/"},"wordCount":1082,"publisher":{"@id":"https:\/\/www.repam.net\/es\/#organization"},"image":{"@id":"https:\/\/www.repam.net\/es\/genocidio-dos-povos-indigenas-nao-podemos-nos-calar\/#primaryimage"},"thumbnailUrl":"https:\/\/www.repam.net\/es\/wp-content\/uploads\/2021\/09\/Povos-ind\u00edgenas-constituinte-luta-direitos.jpg","keywords":["genocidio","pueblos ind\u00edgenas"],"articleSection":["Noticias"],"inLanguage":"es-CO"},{"@type":"WebPage","@id":"https:\/\/www.repam.net\/es\/genocidio-dos-povos-indigenas-nao-podemos-nos-calar\/","url":"https:\/\/www.repam.net\/es\/genocidio-dos-povos-indigenas-nao-podemos-nos-calar\/","name":"Genoc\u00eddio dos Povos Ind\u00edgenas: N\u00e3o Podemos Nos Calar! - REPAM","isPartOf":{"@id":"https:\/\/www.repam.net\/es\/#website"},"primaryImageOfPage":{"@id":"https:\/\/www.repam.net\/es\/genocidio-dos-povos-indigenas-nao-podemos-nos-calar\/#primaryimage"},"image":{"@id":"https:\/\/www.repam.net\/es\/genocidio-dos-povos-indigenas-nao-podemos-nos-calar\/#primaryimage"},"thumbnailUrl":"https:\/\/www.repam.net\/es\/wp-content\/uploads\/2021\/09\/Povos-ind\u00edgenas-constituinte-luta-direitos.jpg","datePublished":"2015-09-15T05:00:00+00:00","breadcrumb":{"@id":"https:\/\/www.repam.net\/es\/genocidio-dos-povos-indigenas-nao-podemos-nos-calar\/#breadcrumb"},"inLanguage":"es-CO","potentialAction":[{"@type":"ReadAction","target":["https:\/\/www.repam.net\/es\/genocidio-dos-povos-indigenas-nao-podemos-nos-calar\/"]}]},{"@type":"ImageObject","inLanguage":"es-CO","@id":"https:\/\/www.repam.net\/es\/genocidio-dos-povos-indigenas-nao-podemos-nos-calar\/#primaryimage","url":"https:\/\/www.repam.net\/es\/wp-content\/uploads\/2021\/09\/Povos-ind\u00edgenas-constituinte-luta-direitos.jpg","contentUrl":"https:\/\/www.repam.net\/es\/wp-content\/uploads\/2021\/09\/Povos-ind\u00edgenas-constituinte-luta-direitos.jpg","width":550,"height":298},{"@type":"BreadcrumbList","@id":"https:\/\/www.repam.net\/es\/genocidio-dos-povos-indigenas-nao-podemos-nos-calar\/#breadcrumb","itemListElement":[{"@type":"ListItem","position":1,"name":"Inicio","item":"https:\/\/www.repam.net\/es\/"},{"@type":"ListItem","position":2,"name":"Genoc\u00eddio dos Povos Ind\u00edgenas: N\u00e3o Podemos Nos Calar!"}]},{"@type":"WebSite","@id":"https:\/\/www.repam.net\/es\/#website","url":"https:\/\/www.repam.net\/es\/","name":"REPAM","description":"Red Eclesial Panamaz\u00f3nica","publisher":{"@id":"https:\/\/www.repam.net\/es\/#organization"},"potentialAction":[{"@type":"SearchAction","target":{"@type":"EntryPoint","urlTemplate":"https:\/\/www.repam.net\/es\/?s={search_term_string}"},"query-input":{"@type":"PropertyValueSpecification","valueRequired":true,"valueName":"search_term_string"}}],"inLanguage":"es-CO"},{"@type":"Organization","@id":"https:\/\/www.repam.net\/es\/#organization","name":"REPAM","url":"https:\/\/www.repam.net\/es\/","logo":{"@type":"ImageObject","inLanguage":"es-CO","@id":"https:\/\/www.repam.net\/es\/#\/schema\/logo\/image\/","url":"https:\/\/www.repam.net\/es\/wp-content\/uploads\/2021\/11\/cropped-favicon.png","contentUrl":"https:\/\/www.repam.net\/es\/wp-content\/uploads\/2021\/11\/cropped-favicon.png","width":512,"height":512,"caption":"REPAM"},"image":{"@id":"https:\/\/www.repam.net\/es\/#\/schema\/logo\/image\/"}},{"@type":"Person","@id":"https:\/\/www.repam.net\/es\/#\/schema\/person\/0c828bf04cf1abe6016cbe752c76a033","name":"repam@adm","image":{"@type":"ImageObject","inLanguage":"es-CO","@id":"https:\/\/secure.gravatar.com\/avatar\/b18234ea6de5d74563e52ca7bfdad9d2b029b514c935b38a2790717abf8f2e5f?s=96&d=mm&r=g","url":"https:\/\/secure.gravatar.com\/avatar\/b18234ea6de5d74563e52ca7bfdad9d2b029b514c935b38a2790717abf8f2e5f?s=96&d=mm&r=g","contentUrl":"https:\/\/secure.gravatar.com\/avatar\/b18234ea6de5d74563e52ca7bfdad9d2b029b514c935b38a2790717abf8f2e5f?s=96&d=mm&r=g","caption":"repam@adm"},"sameAs":["http:\/\/repam.net"],"url":"https:\/\/www.repam.net\/es\/author\/repamadm\/"}]}},"_links":{"self":[{"href":"https:\/\/www.repam.net\/es\/wp-json\/wp\/v2\/posts\/4989","targetHints":{"allow":["GET"]}}],"collection":[{"href":"https:\/\/www.repam.net\/es\/wp-json\/wp\/v2\/posts"}],"about":[{"href":"https:\/\/www.repam.net\/es\/wp-json\/wp\/v2\/types\/post"}],"author":[{"embeddable":true,"href":"https:\/\/www.repam.net\/es\/wp-json\/wp\/v2\/users\/1"}],"replies":[{"embeddable":true,"href":"https:\/\/www.repam.net\/es\/wp-json\/wp\/v2\/comments?post=4989"}],"version-history":[{"count":0,"href":"https:\/\/www.repam.net\/es\/wp-json\/wp\/v2\/posts\/4989\/revisions"}],"wp:featuredmedia":[{"embeddable":true,"href":"https:\/\/www.repam.net\/es\/wp-json\/wp\/v2\/media\/4990"}],"wp:attachment":[{"href":"https:\/\/www.repam.net\/es\/wp-json\/wp\/v2\/media?parent=4989"}],"wp:term":[{"taxonomy":"category","embeddable":true,"href":"https:\/\/www.repam.net\/es\/wp-json\/wp\/v2\/categories?post=4989"},{"taxonomy":"post_tag","embeddable":true,"href":"https:\/\/www.repam.net\/es\/wp-json\/wp\/v2\/tags?post=4989"}],"curies":[{"name":"wp","href":"https:\/\/api.w.org\/{rel}","templated":true}]}}