{"id":5458,"date":"2021-11-24T16:05:22","date_gmt":"2021-11-24T21:05:22","guid":{"rendered":"https:\/\/www.repam.net\/es\/?p=5458"},"modified":"2021-11-24T17:23:47","modified_gmt":"2021-11-24T22:23:47","slug":"alfredo-ferro-estamos-en-un-tiempo-de-profunda-conversion-y-que-exige-a-la-iglesia-latinoamericana-caminar-en-sinodalidad","status":"publish","type":"post","link":"https:\/\/www.repam.net\/es\/alfredo-ferro-estamos-en-un-tiempo-de-profunda-conversion-y-que-exige-a-la-iglesia-latinoamericana-caminar-en-sinodalidad\/","title":{"rendered":"Alfredo Ferro:  Estamos en un tiempo de profunda conversi\u00f3n y que exige a la Iglesia Latinoamericana caminar en sinodalidad"},"content":{"rendered":"\n<figure class=\"wp-block-image size-large\"><img loading=\"lazy\" decoding=\"async\" width=\"1024\" height=\"683\" src=\"https:\/\/www.repam.net\/es\/wp-content\/uploads\/2021\/11\/Alfredo-Ferro-Asamblea-Eclesial-1024x683.jpg\" alt=\"\" class=\"wp-image-5459\" srcset=\"https:\/\/www.repam.net\/es\/wp-content\/uploads\/2021\/11\/Alfredo-Ferro-Asamblea-Eclesial-1024x683.jpg 1024w, https:\/\/www.repam.net\/es\/wp-content\/uploads\/2021\/11\/Alfredo-Ferro-Asamblea-Eclesial-300x200.jpg 300w, https:\/\/www.repam.net\/es\/wp-content\/uploads\/2021\/11\/Alfredo-Ferro-Asamblea-Eclesial-768x513.jpg 768w, https:\/\/www.repam.net\/es\/wp-content\/uploads\/2021\/11\/Alfredo-Ferro-Asamblea-Eclesial-1536x1025.jpg 1536w, https:\/\/www.repam.net\/es\/wp-content\/uploads\/2021\/11\/Alfredo-Ferro-Asamblea-Eclesial-2048x1367.jpg 2048w\" sizes=\"auto, (max-width: 1024px) 100vw, 1024px\" \/><figcaption>Alfredo Ferro, SJ, Secretario Ejecutivo CEAMA<\/figcaption><\/figure>\n\n\n\n<blockquote class=\"wp-block-quote is-layout-flow wp-block-quote-is-layout-flow\"><p>Desde su participaci\u00f3n en los grupos de reflexi\u00f3n de la Asamblea Eclesial, el representante de la CEAMA considera que es importante retomar algunas caracter\u00edsticas que se pide de la Iglesia como la ministerialidad, la inculturalidad, la preferencia por las periferias y el cuidado de la Casa Com\u00fan , entre otras.<\/p><\/blockquote>\n\n\n\n<p><strong>Por Carmen Julia Lujan C<\/strong>.<\/p>\n\n\n\n<p>El Secretario Ejecutivo de la Conferencia Eclesial de la Amazon\u00eda (CEAMA), Alfredo Ferrro, S.J. manifest\u00f3 que la Asamblea Eclesial de Latinoam\u00e9rica y el Caribe significa para la Iglesia un tiempo especial, un \u201ckair\u00f3s\u201d , un tiempo profundo que exige a la Iglesia de Latinoam\u00e9rica y el Caribe\u00a0caminar en sinodalidad, acompa\u00f1ada del Esp\u00edritu.<\/p>\n\n\n\n<p>\u201cIdentificar el kair\u00f3s que no es un tiempo cualquiera. Es la hora de profunda conversi\u00f3n que nos exige caminar juntos en sinodalidad, acompa\u00f1ados del Esp\u00edritu, yo plantear\u00eda que esto est\u00e1 en juego en esta\u00a0 Asamblea y en la Iglesia Latinoamericana\u201d, dijo .<\/p>\n\n\n\n<p>Desde su participaci\u00f3n en los grupos de reflexi\u00f3n, Alfredo Ferro considera que es importante retomar algunas caracter\u00edsticas que se pide de la Iglesia:<\/p>\n\n\n\n<ul class=\"wp-block-list\"><li>Es necesario una Iglesia de salida, una Iglesia misionera, misericordiosa que escucha particularmente a aquellos que est\u00e1n afuera, en las periferias.<\/li><li>Una Iglesia ministerial con una nueva ministerialidad especialmente para las mujeres.<\/li><li>Una Iglesia de comunidades, con compromiso en las comunidades eclesiales de base, pero que realice transformaciones en sus estructuras y que luche contra el clericalismo.<\/li><li>Una Iglesia que sea capaz de inculturarse y viva en di\u00e1logo intercultural, ya que estamos \u00a0en un continente que es rico en diversidad donde es necesario una liturgia que sea reflejo y celebraci\u00f3n de la vida, \u00a0con ritos y s\u00edmbolos propios, que exprese sinodalidad y no estructura clerical.<\/li><li>Una Iglesia que se comprometa en el cuidado de la Casa Com\u00fan y con la visi\u00f3n de una ecolog\u00eda integral.<\/li><\/ul>\n\n\n\n<p>\u201cPara mi han sido \u00a0como las se\u00f1ales claras de esa Iglesia nueva \u00a0que queremos y que es un gran desaf\u00edo para todos nosotros,\u00a0 para Am\u00e9rica Latina y para la Iglesia Universal\u201d, se\u00f1al\u00f3.<\/p>\n\n\n\n<h3 class=\"wp-block-heading\"><strong>ORIENTACIONES PASTORALES<\/strong><\/h3>\n\n\n\n<p>Desde la perspectiva de \u00a0Ferro, las orientaciones pastorales a las que deber\u00eda avanzar la Iglesia a partir de la Asamblea Eclesial deben ser aquellas de car\u00e1cter concreto, que partan del an\u00e1lisis de la realidad y escucha, adem\u00e1s desde el territorio.<\/p>\n\n\n\n<p>\u201cLa Iglesia tiene que plantearse preguntas, diagn\u00f3sticos sobre la realidad, sobre lo que se vive, los gritos de los pobres, de las mujeres, de los j\u00f3venes. Yo pienso que es a partir de esa lectura que se haga se debe definir claramente cu\u00e1l es el papel de la Iglesia y su misi\u00f3n\u201d, manifest\u00f3.<\/p>\n\n\n\n<p>\u00a0De esta manera, destac\u00f3 que la Conferencia Eclesial de la Amazon\u00eda es un organismo nuevo, \u00a0fruto de un proceso muy interesante que se ha vivido desde la periferia, desde la amazonia y desde un\u00a0 proceso sinodal y de una practica pastoral de la Iglesia.<\/p>\n\n\n\n<p>De ah\u00ed, coment\u00f3 Ferro, &nbsp;que la misi\u00f3n de la&nbsp; CEAMA es delinear un Plan de Pastoral de Conjunto reconociendo a 107 jurisdicciones eclesi\u00e1sticas en los 9 pa\u00edses de la Amazon\u00eda, algo que puede ser complejo, pero que&nbsp; parte de las bases, de los pueblos ind\u00edgenas, de la&nbsp; realidad amaz\u00f3nica.<\/p>\n\n\n\n<p>Desde esta Conferencia se ha podido seleccionar 21 temas que&nbsp; surgen como desaf\u00edo del S\u00ednodo Amaz\u00f3nico, por ejemplo: &nbsp;la creaci\u00f3n de la universidad amaz\u00f3nica, el rito amaz\u00f3nico , los &nbsp;nuevos ministerios para las mujeres, replanteamiento de los itinerarios de formaci\u00f3n para los seminaristas, presbiterios y di\u00e1conos, adem\u00e1s de replantear el protagonismo de los laicos donde surgen &nbsp;nuevos ministerios.<\/p>\n\n\n\n<p>\u201cJunto con la REPAM, la CEAMA trata de acompa\u00f1ar estos procesos , ah\u00ed hay una necesidad muy grande y creo que es el kair\u00f3s, tiempo de articulaciones con la CLAR con el CELAM, con las CARITAS. Son 5 organismos presentes en el territorio amaz\u00f3nico y que necesitamos articularnos y crear v\u00ednculos bien estrechos para definir la misi\u00f3n que tenemos en el territorio\u201d, finaliz\u00f3.<\/p>\n","protected":false},"excerpt":{"rendered":"<p>Desde su participaci\u00f3n en los grupos de reflexi\u00f3n de la Asamblea Eclesial, el representante de la CEAMA considera que es importante retomar algunas caracter\u00edsticas que se pide de la Iglesia como la ministerialidad, la inculturalidad, la preferencia por las periferias y el cuidado de la Casa Com\u00fan , entre otras. Por Carmen Julia Lujan C. [&hellip;]<\/p>\n","protected":false},"author":1,"featured_media":5460,"comment_status":"closed","ping_status":"closed","sticky":false,"template":"","format":"standard","meta":{"_acf_changed":false,"_uf_show_specific_survey":0,"_uf_disable_surveys":false,"footnotes":""},"categories":[78,4],"tags":[1013,79,93,161,334,1012,44],"class_list":["post-5458","post","type-post","status-publish","format-standard","has-post-thumbnail","hentry","category-asamblea-eclesial-alc","category-noticias","tag-amazomia","tag-asamblea-eclesial-alc","tag-ceama","tag-iglesia-en-salida","tag-iglesia-latinoamericana","tag-kairos","tag-sinodalidad"],"acf":[],"aioseo_notices":[],"yoast_head":"<!-- This site is optimized with the Yoast SEO plugin v27.4 - https:\/\/yoast.com\/product\/yoast-seo-wordpress\/ -->\n<title>Alfredo Ferro: Estamos en un tiempo de profunda conversi\u00f3n y que exige a la Iglesia Latinoamericana caminar en sinodalidad - REPAM<\/title>\n<meta name=\"robots\" content=\"index, follow, max-snippet:-1, max-image-preview:large, max-video-preview:-1\" \/>\n<link rel=\"canonical\" href=\"https:\/\/www.repam.net\/es\/alfredo-ferro-estamos-en-un-tiempo-de-profunda-conversion-y-que-exige-a-la-iglesia-latinoamericana-caminar-en-sinodalidad\/\" \/>\n<meta property=\"og:locale\" content=\"es_ES\" \/>\n<meta property=\"og:type\" content=\"article\" \/>\n<meta property=\"og:title\" content=\"Alfredo Ferro: Estamos en un tiempo de profunda conversi\u00f3n y que exige a la Iglesia Latinoamericana caminar en sinodalidad - REPAM\" \/>\n<meta property=\"og:description\" content=\"Desde su participaci\u00f3n en los grupos de reflexi\u00f3n de la Asamblea Eclesial, el representante de la CEAMA considera que es importante retomar algunas caracter\u00edsticas que se pide de la Iglesia como la ministerialidad, la inculturalidad, la preferencia por las periferias y el cuidado de la Casa Com\u00fan , entre otras. Por Carmen Julia Lujan C. [&hellip;]\" \/>\n<meta property=\"og:url\" content=\"https:\/\/www.repam.net\/es\/alfredo-ferro-estamos-en-un-tiempo-de-profunda-conversion-y-que-exige-a-la-iglesia-latinoamericana-caminar-en-sinodalidad\/\" \/>\n<meta property=\"og:site_name\" content=\"REPAM\" \/>\n<meta property=\"article:published_time\" content=\"2021-11-24T21:05:22+00:00\" \/>\n<meta property=\"article:modified_time\" content=\"2021-11-24T22:23:47+00:00\" \/>\n<meta property=\"og:image\" content=\"https:\/\/www.repam.net\/es\/wp-content\/uploads\/2021\/11\/Alfredo-Ferro-Asamblea-Eclesial-1-scaled.jpg\" \/>\n\t<meta property=\"og:image:width\" content=\"2560\" \/>\n\t<meta property=\"og:image:height\" content=\"1708\" \/>\n\t<meta property=\"og:image:type\" content=\"image\/jpeg\" \/>\n<meta name=\"author\" content=\"repam@adm\" \/>\n<meta name=\"twitter:card\" content=\"summary_large_image\" \/>\n<meta name=\"twitter:label1\" content=\"Escrito por\" \/>\n\t<meta name=\"twitter:data1\" content=\"repam@adm\" \/>\n\t<meta name=\"twitter:label2\" content=\"Tiempo de lectura\" \/>\n\t<meta name=\"twitter:data2\" content=\"4 minutos\" \/>\n<script type=\"application\/ld+json\" class=\"yoast-schema-graph\">{\"@context\":\"https:\\\/\\\/schema.org\",\"@graph\":[{\"@type\":\"Article\",\"@id\":\"https:\\\/\\\/www.repam.net\\\/es\\\/alfredo-ferro-estamos-en-un-tiempo-de-profunda-conversion-y-que-exige-a-la-iglesia-latinoamericana-caminar-en-sinodalidad\\\/#article\",\"isPartOf\":{\"@id\":\"https:\\\/\\\/www.repam.net\\\/es\\\/alfredo-ferro-estamos-en-un-tiempo-de-profunda-conversion-y-que-exige-a-la-iglesia-latinoamericana-caminar-en-sinodalidad\\\/\"},\"author\":{\"name\":\"repam@adm\",\"@id\":\"https:\\\/\\\/www.repam.net\\\/es\\\/#\\\/schema\\\/person\\\/0c828bf04cf1abe6016cbe752c76a033\"},\"headline\":\"Alfredo Ferro: Estamos en un tiempo de profunda conversi\u00f3n y que exige a la Iglesia Latinoamericana caminar en sinodalidad\",\"datePublished\":\"2021-11-24T21:05:22+00:00\",\"dateModified\":\"2021-11-24T22:23:47+00:00\",\"mainEntityOfPage\":{\"@id\":\"https:\\\/\\\/www.repam.net\\\/es\\\/alfredo-ferro-estamos-en-un-tiempo-de-profunda-conversion-y-que-exige-a-la-iglesia-latinoamericana-caminar-en-sinodalidad\\\/\"},\"wordCount\":723,\"publisher\":{\"@id\":\"https:\\\/\\\/www.repam.net\\\/es\\\/#organization\"},\"image\":{\"@id\":\"https:\\\/\\\/www.repam.net\\\/es\\\/alfredo-ferro-estamos-en-un-tiempo-de-profunda-conversion-y-que-exige-a-la-iglesia-latinoamericana-caminar-en-sinodalidad\\\/#primaryimage\"},\"thumbnailUrl\":\"https:\\\/\\\/www.repam.net\\\/es\\\/wp-content\\\/uploads\\\/2021\\\/11\\\/Alfredo-Ferro-Asamblea-Eclesial-1-scaled.jpg\",\"keywords\":[\"Amazom\u00eda\",\"Asamblea Eclesial ALC\",\"CEAMA\",\"Iglesia en Salida\",\"Iglesia Latinoamericana\",\"Kairos\",\"sinodalidad\"],\"articleSection\":[\"Asamblea Eclesial ALC\",\"Noticias\"],\"inLanguage\":\"es-CO\"},{\"@type\":\"WebPage\",\"@id\":\"https:\\\/\\\/www.repam.net\\\/es\\\/alfredo-ferro-estamos-en-un-tiempo-de-profunda-conversion-y-que-exige-a-la-iglesia-latinoamericana-caminar-en-sinodalidad\\\/\",\"url\":\"https:\\\/\\\/www.repam.net\\\/es\\\/alfredo-ferro-estamos-en-un-tiempo-de-profunda-conversion-y-que-exige-a-la-iglesia-latinoamericana-caminar-en-sinodalidad\\\/\",\"name\":\"Alfredo Ferro: Estamos en un tiempo de profunda conversi\u00f3n y que exige a la Iglesia Latinoamericana caminar en sinodalidad - REPAM\",\"isPartOf\":{\"@id\":\"https:\\\/\\\/www.repam.net\\\/es\\\/#website\"},\"primaryImageOfPage\":{\"@id\":\"https:\\\/\\\/www.repam.net\\\/es\\\/alfredo-ferro-estamos-en-un-tiempo-de-profunda-conversion-y-que-exige-a-la-iglesia-latinoamericana-caminar-en-sinodalidad\\\/#primaryimage\"},\"image\":{\"@id\":\"https:\\\/\\\/www.repam.net\\\/es\\\/alfredo-ferro-estamos-en-un-tiempo-de-profunda-conversion-y-que-exige-a-la-iglesia-latinoamericana-caminar-en-sinodalidad\\\/#primaryimage\"},\"thumbnailUrl\":\"https:\\\/\\\/www.repam.net\\\/es\\\/wp-content\\\/uploads\\\/2021\\\/11\\\/Alfredo-Ferro-Asamblea-Eclesial-1-scaled.jpg\",\"datePublished\":\"2021-11-24T21:05:22+00:00\",\"dateModified\":\"2021-11-24T22:23:47+00:00\",\"breadcrumb\":{\"@id\":\"https:\\\/\\\/www.repam.net\\\/es\\\/alfredo-ferro-estamos-en-un-tiempo-de-profunda-conversion-y-que-exige-a-la-iglesia-latinoamericana-caminar-en-sinodalidad\\\/#breadcrumb\"},\"inLanguage\":\"es-CO\",\"potentialAction\":[{\"@type\":\"ReadAction\",\"target\":[\"https:\\\/\\\/www.repam.net\\\/es\\\/alfredo-ferro-estamos-en-un-tiempo-de-profunda-conversion-y-que-exige-a-la-iglesia-latinoamericana-caminar-en-sinodalidad\\\/\"]}]},{\"@type\":\"ImageObject\",\"inLanguage\":\"es-CO\",\"@id\":\"https:\\\/\\\/www.repam.net\\\/es\\\/alfredo-ferro-estamos-en-un-tiempo-de-profunda-conversion-y-que-exige-a-la-iglesia-latinoamericana-caminar-en-sinodalidad\\\/#primaryimage\",\"url\":\"https:\\\/\\\/www.repam.net\\\/es\\\/wp-content\\\/uploads\\\/2021\\\/11\\\/Alfredo-Ferro-Asamblea-Eclesial-1-scaled.jpg\",\"contentUrl\":\"https:\\\/\\\/www.repam.net\\\/es\\\/wp-content\\\/uploads\\\/2021\\\/11\\\/Alfredo-Ferro-Asamblea-Eclesial-1-scaled.jpg\",\"width\":2560,\"height\":1708},{\"@type\":\"BreadcrumbList\",\"@id\":\"https:\\\/\\\/www.repam.net\\\/es\\\/alfredo-ferro-estamos-en-un-tiempo-de-profunda-conversion-y-que-exige-a-la-iglesia-latinoamericana-caminar-en-sinodalidad\\\/#breadcrumb\",\"itemListElement\":[{\"@type\":\"ListItem\",\"position\":1,\"name\":\"Inicio\",\"item\":\"https:\\\/\\\/www.repam.net\\\/es\\\/\"},{\"@type\":\"ListItem\",\"position\":2,\"name\":\"Alfredo Ferro: Estamos en un tiempo de profunda conversi\u00f3n y que exige a la Iglesia Latinoamericana caminar en sinodalidad\"}]},{\"@type\":\"WebSite\",\"@id\":\"https:\\\/\\\/www.repam.net\\\/es\\\/#website\",\"url\":\"https:\\\/\\\/www.repam.net\\\/es\\\/\",\"name\":\"REPAM\",\"description\":\"Red Eclesial Panamaz\u00f3nica\",\"publisher\":{\"@id\":\"https:\\\/\\\/www.repam.net\\\/es\\\/#organization\"},\"potentialAction\":[{\"@type\":\"SearchAction\",\"target\":{\"@type\":\"EntryPoint\",\"urlTemplate\":\"https:\\\/\\\/www.repam.net\\\/es\\\/?s={search_term_string}\"},\"query-input\":{\"@type\":\"PropertyValueSpecification\",\"valueRequired\":true,\"valueName\":\"search_term_string\"}}],\"inLanguage\":\"es-CO\"},{\"@type\":\"Organization\",\"@id\":\"https:\\\/\\\/www.repam.net\\\/es\\\/#organization\",\"name\":\"REPAM\",\"url\":\"https:\\\/\\\/www.repam.net\\\/es\\\/\",\"logo\":{\"@type\":\"ImageObject\",\"inLanguage\":\"es-CO\",\"@id\":\"https:\\\/\\\/www.repam.net\\\/es\\\/#\\\/schema\\\/logo\\\/image\\\/\",\"url\":\"https:\\\/\\\/www.repam.net\\\/es\\\/wp-content\\\/uploads\\\/2021\\\/11\\\/cropped-favicon.png\",\"contentUrl\":\"https:\\\/\\\/www.repam.net\\\/es\\\/wp-content\\\/uploads\\\/2021\\\/11\\\/cropped-favicon.png\",\"width\":512,\"height\":512,\"caption\":\"REPAM\"},\"image\":{\"@id\":\"https:\\\/\\\/www.repam.net\\\/es\\\/#\\\/schema\\\/logo\\\/image\\\/\"}},{\"@type\":\"Person\",\"@id\":\"https:\\\/\\\/www.repam.net\\\/es\\\/#\\\/schema\\\/person\\\/0c828bf04cf1abe6016cbe752c76a033\",\"name\":\"repam@adm\",\"image\":{\"@type\":\"ImageObject\",\"inLanguage\":\"es-CO\",\"@id\":\"https:\\\/\\\/secure.gravatar.com\\\/avatar\\\/b18234ea6de5d74563e52ca7bfdad9d2b029b514c935b38a2790717abf8f2e5f?s=96&d=mm&r=g\",\"url\":\"https:\\\/\\\/secure.gravatar.com\\\/avatar\\\/b18234ea6de5d74563e52ca7bfdad9d2b029b514c935b38a2790717abf8f2e5f?s=96&d=mm&r=g\",\"contentUrl\":\"https:\\\/\\\/secure.gravatar.com\\\/avatar\\\/b18234ea6de5d74563e52ca7bfdad9d2b029b514c935b38a2790717abf8f2e5f?s=96&d=mm&r=g\",\"caption\":\"repam@adm\"},\"sameAs\":[\"http:\\\/\\\/repam.net\"],\"url\":\"https:\\\/\\\/www.repam.net\\\/es\\\/author\\\/repamadm\\\/\"}]}<\/script>\n<!-- \/ Yoast SEO plugin. -->","yoast_head_json":{"title":"Alfredo Ferro: Estamos en un tiempo de profunda conversi\u00f3n y que exige a la Iglesia Latinoamericana caminar en sinodalidad - REPAM","robots":{"index":"index","follow":"follow","max-snippet":"max-snippet:-1","max-image-preview":"max-image-preview:large","max-video-preview":"max-video-preview:-1"},"canonical":"https:\/\/www.repam.net\/es\/alfredo-ferro-estamos-en-un-tiempo-de-profunda-conversion-y-que-exige-a-la-iglesia-latinoamericana-caminar-en-sinodalidad\/","og_locale":"es_ES","og_type":"article","og_title":"Alfredo Ferro: Estamos en un tiempo de profunda conversi\u00f3n y que exige a la Iglesia Latinoamericana caminar en sinodalidad - REPAM","og_description":"Desde su participaci\u00f3n en los grupos de reflexi\u00f3n de la Asamblea Eclesial, el representante de la CEAMA considera que es importante retomar algunas caracter\u00edsticas que se pide de la Iglesia como la ministerialidad, la inculturalidad, la preferencia por las periferias y el cuidado de la Casa Com\u00fan , entre otras. Por Carmen Julia Lujan C. [&hellip;]","og_url":"https:\/\/www.repam.net\/es\/alfredo-ferro-estamos-en-un-tiempo-de-profunda-conversion-y-que-exige-a-la-iglesia-latinoamericana-caminar-en-sinodalidad\/","og_site_name":"REPAM","article_published_time":"2021-11-24T21:05:22+00:00","article_modified_time":"2021-11-24T22:23:47+00:00","og_image":[{"width":2560,"height":1708,"url":"https:\/\/www.repam.net\/es\/wp-content\/uploads\/2021\/11\/Alfredo-Ferro-Asamblea-Eclesial-1-scaled.jpg","type":"image\/jpeg"}],"author":"repam@adm","twitter_card":"summary_large_image","twitter_misc":{"Escrito por":"repam@adm","Tiempo de lectura":"4 minutos"},"schema":{"@context":"https:\/\/schema.org","@graph":[{"@type":"Article","@id":"https:\/\/www.repam.net\/es\/alfredo-ferro-estamos-en-un-tiempo-de-profunda-conversion-y-que-exige-a-la-iglesia-latinoamericana-caminar-en-sinodalidad\/#article","isPartOf":{"@id":"https:\/\/www.repam.net\/es\/alfredo-ferro-estamos-en-un-tiempo-de-profunda-conversion-y-que-exige-a-la-iglesia-latinoamericana-caminar-en-sinodalidad\/"},"author":{"name":"repam@adm","@id":"https:\/\/www.repam.net\/es\/#\/schema\/person\/0c828bf04cf1abe6016cbe752c76a033"},"headline":"Alfredo Ferro: Estamos en un tiempo de profunda conversi\u00f3n y que exige a la Iglesia Latinoamericana caminar en sinodalidad","datePublished":"2021-11-24T21:05:22+00:00","dateModified":"2021-11-24T22:23:47+00:00","mainEntityOfPage":{"@id":"https:\/\/www.repam.net\/es\/alfredo-ferro-estamos-en-un-tiempo-de-profunda-conversion-y-que-exige-a-la-iglesia-latinoamericana-caminar-en-sinodalidad\/"},"wordCount":723,"publisher":{"@id":"https:\/\/www.repam.net\/es\/#organization"},"image":{"@id":"https:\/\/www.repam.net\/es\/alfredo-ferro-estamos-en-un-tiempo-de-profunda-conversion-y-que-exige-a-la-iglesia-latinoamericana-caminar-en-sinodalidad\/#primaryimage"},"thumbnailUrl":"https:\/\/www.repam.net\/es\/wp-content\/uploads\/2021\/11\/Alfredo-Ferro-Asamblea-Eclesial-1-scaled.jpg","keywords":["Amazom\u00eda","Asamblea Eclesial ALC","CEAMA","Iglesia en Salida","Iglesia Latinoamericana","Kairos","sinodalidad"],"articleSection":["Asamblea Eclesial ALC","Noticias"],"inLanguage":"es-CO"},{"@type":"WebPage","@id":"https:\/\/www.repam.net\/es\/alfredo-ferro-estamos-en-un-tiempo-de-profunda-conversion-y-que-exige-a-la-iglesia-latinoamericana-caminar-en-sinodalidad\/","url":"https:\/\/www.repam.net\/es\/alfredo-ferro-estamos-en-un-tiempo-de-profunda-conversion-y-que-exige-a-la-iglesia-latinoamericana-caminar-en-sinodalidad\/","name":"Alfredo Ferro: Estamos en un tiempo de profunda conversi\u00f3n y que exige a la Iglesia Latinoamericana caminar en sinodalidad - REPAM","isPartOf":{"@id":"https:\/\/www.repam.net\/es\/#website"},"primaryImageOfPage":{"@id":"https:\/\/www.repam.net\/es\/alfredo-ferro-estamos-en-un-tiempo-de-profunda-conversion-y-que-exige-a-la-iglesia-latinoamericana-caminar-en-sinodalidad\/#primaryimage"},"image":{"@id":"https:\/\/www.repam.net\/es\/alfredo-ferro-estamos-en-un-tiempo-de-profunda-conversion-y-que-exige-a-la-iglesia-latinoamericana-caminar-en-sinodalidad\/#primaryimage"},"thumbnailUrl":"https:\/\/www.repam.net\/es\/wp-content\/uploads\/2021\/11\/Alfredo-Ferro-Asamblea-Eclesial-1-scaled.jpg","datePublished":"2021-11-24T21:05:22+00:00","dateModified":"2021-11-24T22:23:47+00:00","breadcrumb":{"@id":"https:\/\/www.repam.net\/es\/alfredo-ferro-estamos-en-un-tiempo-de-profunda-conversion-y-que-exige-a-la-iglesia-latinoamericana-caminar-en-sinodalidad\/#breadcrumb"},"inLanguage":"es-CO","potentialAction":[{"@type":"ReadAction","target":["https:\/\/www.repam.net\/es\/alfredo-ferro-estamos-en-un-tiempo-de-profunda-conversion-y-que-exige-a-la-iglesia-latinoamericana-caminar-en-sinodalidad\/"]}]},{"@type":"ImageObject","inLanguage":"es-CO","@id":"https:\/\/www.repam.net\/es\/alfredo-ferro-estamos-en-un-tiempo-de-profunda-conversion-y-que-exige-a-la-iglesia-latinoamericana-caminar-en-sinodalidad\/#primaryimage","url":"https:\/\/www.repam.net\/es\/wp-content\/uploads\/2021\/11\/Alfredo-Ferro-Asamblea-Eclesial-1-scaled.jpg","contentUrl":"https:\/\/www.repam.net\/es\/wp-content\/uploads\/2021\/11\/Alfredo-Ferro-Asamblea-Eclesial-1-scaled.jpg","width":2560,"height":1708},{"@type":"BreadcrumbList","@id":"https:\/\/www.repam.net\/es\/alfredo-ferro-estamos-en-un-tiempo-de-profunda-conversion-y-que-exige-a-la-iglesia-latinoamericana-caminar-en-sinodalidad\/#breadcrumb","itemListElement":[{"@type":"ListItem","position":1,"name":"Inicio","item":"https:\/\/www.repam.net\/es\/"},{"@type":"ListItem","position":2,"name":"Alfredo Ferro: Estamos en un tiempo de profunda conversi\u00f3n y que exige a la Iglesia Latinoamericana caminar en sinodalidad"}]},{"@type":"WebSite","@id":"https:\/\/www.repam.net\/es\/#website","url":"https:\/\/www.repam.net\/es\/","name":"REPAM","description":"Red Eclesial Panamaz\u00f3nica","publisher":{"@id":"https:\/\/www.repam.net\/es\/#organization"},"potentialAction":[{"@type":"SearchAction","target":{"@type":"EntryPoint","urlTemplate":"https:\/\/www.repam.net\/es\/?s={search_term_string}"},"query-input":{"@type":"PropertyValueSpecification","valueRequired":true,"valueName":"search_term_string"}}],"inLanguage":"es-CO"},{"@type":"Organization","@id":"https:\/\/www.repam.net\/es\/#organization","name":"REPAM","url":"https:\/\/www.repam.net\/es\/","logo":{"@type":"ImageObject","inLanguage":"es-CO","@id":"https:\/\/www.repam.net\/es\/#\/schema\/logo\/image\/","url":"https:\/\/www.repam.net\/es\/wp-content\/uploads\/2021\/11\/cropped-favicon.png","contentUrl":"https:\/\/www.repam.net\/es\/wp-content\/uploads\/2021\/11\/cropped-favicon.png","width":512,"height":512,"caption":"REPAM"},"image":{"@id":"https:\/\/www.repam.net\/es\/#\/schema\/logo\/image\/"}},{"@type":"Person","@id":"https:\/\/www.repam.net\/es\/#\/schema\/person\/0c828bf04cf1abe6016cbe752c76a033","name":"repam@adm","image":{"@type":"ImageObject","inLanguage":"es-CO","@id":"https:\/\/secure.gravatar.com\/avatar\/b18234ea6de5d74563e52ca7bfdad9d2b029b514c935b38a2790717abf8f2e5f?s=96&d=mm&r=g","url":"https:\/\/secure.gravatar.com\/avatar\/b18234ea6de5d74563e52ca7bfdad9d2b029b514c935b38a2790717abf8f2e5f?s=96&d=mm&r=g","contentUrl":"https:\/\/secure.gravatar.com\/avatar\/b18234ea6de5d74563e52ca7bfdad9d2b029b514c935b38a2790717abf8f2e5f?s=96&d=mm&r=g","caption":"repam@adm"},"sameAs":["http:\/\/repam.net"],"url":"https:\/\/www.repam.net\/es\/author\/repamadm\/"}]}},"_links":{"self":[{"href":"https:\/\/www.repam.net\/es\/wp-json\/wp\/v2\/posts\/5458","targetHints":{"allow":["GET"]}}],"collection":[{"href":"https:\/\/www.repam.net\/es\/wp-json\/wp\/v2\/posts"}],"about":[{"href":"https:\/\/www.repam.net\/es\/wp-json\/wp\/v2\/types\/post"}],"author":[{"embeddable":true,"href":"https:\/\/www.repam.net\/es\/wp-json\/wp\/v2\/users\/1"}],"replies":[{"embeddable":true,"href":"https:\/\/www.repam.net\/es\/wp-json\/wp\/v2\/comments?post=5458"}],"version-history":[{"count":4,"href":"https:\/\/www.repam.net\/es\/wp-json\/wp\/v2\/posts\/5458\/revisions"}],"predecessor-version":[{"id":5465,"href":"https:\/\/www.repam.net\/es\/wp-json\/wp\/v2\/posts\/5458\/revisions\/5465"}],"wp:featuredmedia":[{"embeddable":true,"href":"https:\/\/www.repam.net\/es\/wp-json\/wp\/v2\/media\/5460"}],"wp:attachment":[{"href":"https:\/\/www.repam.net\/es\/wp-json\/wp\/v2\/media?parent=5458"}],"wp:term":[{"taxonomy":"category","embeddable":true,"href":"https:\/\/www.repam.net\/es\/wp-json\/wp\/v2\/categories?post=5458"},{"taxonomy":"post_tag","embeddable":true,"href":"https:\/\/www.repam.net\/es\/wp-json\/wp\/v2\/tags?post=5458"}],"curies":[{"name":"wp","href":"https:\/\/api.w.org\/{rel}","templated":true}]}}