{"id":5681,"date":"2021-12-08T13:26:28","date_gmt":"2021-12-08T18:26:28","guid":{"rendered":"https:\/\/www.repam.net\/es\/?p=5681"},"modified":"2021-12-08T13:27:42","modified_gmt":"2021-12-08T18:27:42","slug":"radio-quillabamba-recibe-el-premio-periodismo-y-derechos-humanos-por-su-labor-durante-la-pandemia","status":"publish","type":"post","link":"https:\/\/www.repam.net\/es\/radio-quillabamba-recibe-el-premio-periodismo-y-derechos-humanos-por-su-labor-durante-la-pandemia\/","title":{"rendered":"Radio Quillabamba recibe el premio \u201cPeriodismo y derechos humanos\u201d por su labor durante la pandemia"},"content":{"rendered":"\n<div class=\"wp-block-image\"><figure class=\"aligncenter size-full is-resized\"><img loading=\"lazy\" decoding=\"async\" src=\"https:\/\/www.repam.net\/es\/wp-content\/uploads\/2021\/12\/Radio-Quillabamba.jpg\" alt=\"\" class=\"wp-image-5682\" width=\"871\" height=\"653\" srcset=\"https:\/\/www.repam.net\/es\/wp-content\/uploads\/2021\/12\/Radio-Quillabamba.jpg 512w, https:\/\/www.repam.net\/es\/wp-content\/uploads\/2021\/12\/Radio-Quillabamba-300x225.jpg 300w\" sizes=\"auto, (max-width: 871px) 100vw, 871px\" \/><figcaption>Foto. Radio Quillabamba <\/figcaption><\/figure><\/div>\n\n\n\n<blockquote class=\"wp-block-quote is-layout-flow wp-block-quote-is-layout-flow\"><p>La emisora del Vicariato Apost\u00f3lico de Puerto Maldonado, Per\u00fa,  ubicada en la Amazon\u00eda del Cusco, fue forjada gracias al esfuerzo de un pueblo valiente y organizado hace m\u00e1s de&nbsp;55 a\u00f1os. A pesar de los obst\u00e1culos que trajo consigo la pandemia, lograron sobreponerse y continuar con su trabajo period\u00edstico para sensibilizar a la poblaci\u00f3n sobre el virus. <\/p><\/blockquote>\n\n\n\n<p><strong>Por CAAAP<\/strong><\/p>\n\n\n\n<p>\u201cEsto es para toda la familia de Radio Quillabamba. No me los he podido traer en la maleta, pero este reconocimiento va para ellos. No solo son los trabajadores permanentes que est\u00e1n d\u00eda a d\u00eda ah\u00ed; somos una familia muy extensa, con muchos colaboradores que nos permiten cumplir lo que queremos ser: la voz de los que no tienen voz\u201d. Con estas palabras, el director de Radio Quillabamba, Fr. Luis Ricardo Villegas, recibi\u00f3 en Lima el premio \u201cPeriodismo y derechos humanos\u201d, otorgado por la Coordinadora Nacional de Derechos Humanos (CNDDHH) por hacer de la comunicaci\u00f3n un servicio p\u00fablico durante la pandemia de la COVID-19.<\/p>\n\n\n\n<p>La emisora cat\u00f3lica perteneciente al Vicariato Apost\u00f3lico de Puerto Maldonado tiene 55 a\u00f1os de trayectoria llevando informaci\u00f3n con enfoque social y educativo a la poblaci\u00f3n cusque\u00f1a de la provincia de La Convenci\u00f3n. No obstante, todo lo aprendido durante esos a\u00f1os tuvo que se reformulado con la llegada de la pandemia. Y es que, el equipo de Radio Quillabamba vivi\u00f3 uno de sus momentos m\u00e1s duros cuando su programaci\u00f3n se vio afectada, debido a que las organizaciones que colaboraban con la producci\u00f3n de varios de sus programas dejaron de apoyarlos por miedo a contagiarse.<\/p>\n\n\n\n<figure class=\"wp-block-image size-full\"><img loading=\"lazy\" decoding=\"async\" width=\"1024\" height=\"768\" src=\"https:\/\/www.repam.net\/es\/wp-content\/uploads\/2021\/12\/Radio-QUillabamba-Premio.jpeg\" alt=\"\" class=\"wp-image-5683\" srcset=\"https:\/\/www.repam.net\/es\/wp-content\/uploads\/2021\/12\/Radio-QUillabamba-Premio.jpeg 1024w, https:\/\/www.repam.net\/es\/wp-content\/uploads\/2021\/12\/Radio-QUillabamba-Premio-300x225.jpeg 300w, https:\/\/www.repam.net\/es\/wp-content\/uploads\/2021\/12\/Radio-QUillabamba-Premio-768x576.jpeg 768w\" sizes=\"auto, (max-width: 1024px) 100vw, 1024px\" \/><figcaption><em>El director de Radio Quillabamba, Fr. Luis Ricardo Villegas, recibi\u00f3 el premio entregado por la CNDDHH en Lima. Foto: Radio Quillabamba<\/em><\/figcaption><\/figure>\n\n\n\n<p><strong>\u201c<\/strong>Nos abandonaron por miedo, y se entiende. Nos reunimos todav\u00eda cuando se hicieron esas restricciones, cumpliendo los protocolos, y organizamos el asunto. Con unos compa\u00f1eros que incluso entraron en crisis emocional y con sus familiares hicimos un acompa\u00f1amiento psicol\u00f3gico. Fueron uno que otro menos mal, el resto fue muy fuerte. Tuvimos fortaleza por el bien de nuestra gente\u201d, recuerda el director de Radio Quillabamba.<\/p>\n\n\n\n<p>A pesar de estos obst\u00e1culos, el equipo logr\u00f3 salir adelante y continuar con su labor period\u00edstica, siempre teniendo como eje central a las personas. Cumpliendo con los protocolos sanitarios, duplicaron esfuerzos e iniciaron una campa\u00f1a para sensibilizar a la poblaci\u00f3n e instalarla a cuidarse. En esa \u00e9poca tambi\u00e9n se ayud\u00f3 a impulsar iniciativas solidarias que, desde la Iglesia, buscaban apaliar los s\u00edntomas de la poblaci\u00f3n afectada por la COVID-19, como la falta de ox\u00edgeno; as\u00ed como para proveer de alimentaci\u00f3n a cientos de personas que se quedaron sin trabajo y poblaci\u00f3n de la tercera edad que estaba abandonada, a trav\u00e9s de los comedores parroquiales.<\/p>\n\n\n\n<h2 class=\"wp-block-heading\"><em><strong>55 a\u00f1os en La Convenci\u00f3n<\/strong><\/em><\/h2>\n\n\n\n<p>Radio Quillabamba inici\u00f3 sus primeras transmisiones en 1966, cuando los primeros padres dominicos decidieron replicar el modelo de trabajo de su emisora m\u00e1s antigua, creada en Puerto Maldonado bajo el nombre de Radio Madre de Dios, y apostar por una pastoral comunicativa para el pueblo en la provincia de La Convenci\u00f3n. Al inicio, se trataba de una radio peque\u00f1a con equipos que transmit\u00edan a muy corta distancia. No obstante, poco a poco, la emisora fue adquiriendo equipos para llegar a m\u00e1s hogares, pues la geograf\u00eda en esta parte del pa\u00eds no les permit\u00eda tener el alcance que quer\u00edan.<\/p>\n\n\n\n<p>Gracias a las gestiones del padre C\u00e9sar Luis Llana Secades se pudo conseguir presupuesto desde el extranjero para la compra de transmisores de onda corta. \u201cCon estos equipos se logr\u00f3 llegar a todos los rincones de la convenci\u00f3n y muchos lugares m\u00e1s afuera del pa\u00eds. En nuestros archivos tenemos muchas cartas, desde todos los pa\u00edses, de radios aficionados que escuchaban Radio Quillabamba\u201d, explica Fr. Luis Ricardo Villegas.<\/p>\n\n\n\n<p>El esfuerzo de sacar adelante esta propuesta comunicativa no solamente ten\u00eda como objetivo la evangelizaci\u00f3n directa, sino el compromiso social, el cual se reflej\u00f3 desde un inicio en su programaci\u00f3n. \u201cMuchas horas de programaci\u00f3n tuvieron que ver con la educaci\u00f3n popular. Se tuvieron convenios con el Estado para el dictado de esas clases en el mundo rural, y tambi\u00e9n estaba la educaci\u00f3n que necesita nuestra gente en valores, en conciencia de derechos humanos\u201d, recuerda el director de Radio Quillabamba.<\/p>\n\n\n\n<p>En el camino, la emisora del Vicariato Apost\u00f3lico de Puerto Maldonado tambi\u00e9n sufri\u00f3 ataques que pusieron en riesgo su continuidad. En 1985, debido a que desde la emisora se tocaban denuncias y temas sensibles sobre los derechos humanos, Radio Quillabamba sufri\u00f3 cuatro ataques de explosi\u00f3n que provocaron que los equipos de trasmisi\u00f3n quedaran completamente destruidos. Sin embargo, logr\u00f3 volver con mucha m\u00e1s fuerza gracias al apoyo de una poblaci\u00f3n que se identificada con la que se dec\u00eda a trav\u00e9s de los micr\u00f3fonos de la emisora.<\/p>\n\n\n\n<p>\u201cR\u00e1pidamente, sobre todo la Federaci\u00f3n de Campesinos convoc\u00f3 a varias faenas para que se hiciera un cerco para resguardar las antenas y equipos de Radio Quillabamba. Las autoridades tambi\u00e9n echaron sus buenas voluntades y lograron que nos dieran la licencia de frecuencia modulada\u201d, menciona Fr. Luis Ricardo Villegas. En 1985, agrega, no era com\u00fan dar licencias de este tipo. \u201cNos serv\u00eda mas la llegada de onda corta, pero como no \u00edbamos a tener dinero para el transmisor de onda corta, se puso la FM que tuvo un alcance menor. Pero ya se contaba tambi\u00e9n con otra licencia m\u00e1s, entonces la emisora volvi\u00f3 r\u00e1pidamente\u201d.<\/p>\n\n\n\n<p>Adem\u00e1s, hace algunos a\u00f1os, gracias al apoyo de los padres dominicos se contrat\u00f3 internet satelital para poder transmitir la informaci\u00f3n de la radio a trav\u00e9s de plataformas sociales, pues hab\u00eda una necesidad de dar a conocer la realidad de la zona m\u00e1s all\u00e1. \u00abA veces hab\u00edan paros, el pueblo convenciano se ha construido a base de luchas\u2026 era triste ver el sacrificio de la gente en los paros y que afuera no se escuchara, no se entienda porqu\u00e9. Tenia que haber noticia muy fuerte, como un muerto\u2026.&nbsp; Entonces vimos en este avance tecnol\u00f3gico la posibilidad de sacar esta realidad al exterior\u00bb, cuenta el director de Radio Quillabamba.<\/p>\n\n\n\n<p>El pr\u00f3ximo paso para la emisora es poder transmitir su programaci\u00f3n a trav\u00e9s de la televisi\u00f3n. Se trata de un sue\u00f1o que se vio truncado por primera vez en 2005, cuando un tr\u00e1gico accidente se llev\u00f3 la vida del padre Adolfo Torralba, uno de los impulsores de este proyecto. \u201cTristemente, los caminos son malos, y en ese tiempo su carro cay\u00f3 y muri\u00f3 \u00e9l y el chofer parroquial; y nos vimos con el proyecto frustrado. Despu\u00e9s de varios a\u00f1os, ya estamos tarde, pero queremos completar este sue\u00f1o de los padres dominicos y tener un canal de Tv para poder llegar de otra forma a la gente\u201d, sostiene el director de la emisora.<\/p>\n\n\n\n<p>Radio Quillabamba es, en palabras de sus propios colaboradores, una emisora forjada en el coraz\u00f3n de un pueblo valiente y organizado, ubicada en la Amazon\u00eda del Cusco, y que tiene como objetivo central a las personas. Buscan contribuir en crear una sociedad m\u00e1s justa, inclusiva y en armon\u00eda, como dice su ideario: \u00abPorque hablando se entiende la gente y participando se construyen los pueblos\u00bb. Este reconocimiento les insta a seguir caminando firmes en la tarea de comunicar e informar.<\/p>\n\n\n\n<p><\/p>\n","protected":false},"excerpt":{"rendered":"<p>La emisora del Vicariato Apost\u00f3lico de Puerto Maldonado, Per\u00fa, ubicada en la Amazon\u00eda del Cusco, fue forjada gracias al esfuerzo de un pueblo valiente y organizado hace m\u00e1s de&nbsp;55 a\u00f1os. A pesar de los obst\u00e1culos que trajo consigo la pandemia, lograron sobreponerse y continuar con su trabajo period\u00edstico para sensibilizar a la poblaci\u00f3n sobre el [&hellip;]<\/p>\n","protected":false},"author":1,"featured_media":5685,"comment_status":"closed","ping_status":"closed","sticky":false,"template":"","format":"standard","meta":{"_acf_changed":false,"_uf_show_specific_survey":0,"_uf_disable_surveys":false,"footnotes":""},"categories":[98,4,1],"tags":[11,52,38,1023,198],"class_list":["post-5681","post","type-post","status-publish","format-standard","has-post-thumbnail","hentry","category-derechos-humanos","category-noticias","category-sin-categoria","tag-amazonia-peruana","tag-derechos-humanos","tag-pandemia","tag-premio","tag-radio"],"acf":[],"aioseo_notices":[],"yoast_head":"<!-- This site is optimized with the Yoast SEO plugin v27.5 - https:\/\/yoast.com\/product\/yoast-seo-wordpress\/ -->\n<title>Radio Quillabamba recibe el premio \u201cPeriodismo y derechos humanos\u201d por su labor durante la pandemia - REPAM<\/title>\n<meta name=\"robots\" content=\"index, follow, max-snippet:-1, max-image-preview:large, max-video-preview:-1\" \/>\n<link rel=\"canonical\" href=\"https:\/\/www.repam.net\/es\/radio-quillabamba-recibe-el-premio-periodismo-y-derechos-humanos-por-su-labor-durante-la-pandemia\/\" \/>\n<meta property=\"og:locale\" content=\"es_ES\" \/>\n<meta property=\"og:type\" content=\"article\" \/>\n<meta property=\"og:title\" content=\"Radio Quillabamba recibe el premio \u201cPeriodismo y derechos humanos\u201d por su labor durante la pandemia - REPAM\" \/>\n<meta property=\"og:description\" content=\"La emisora del Vicariato Apost\u00f3lico de Puerto Maldonado, Per\u00fa, ubicada en la Amazon\u00eda del Cusco, fue forjada gracias al esfuerzo de un pueblo valiente y organizado hace m\u00e1s de&nbsp;55 a\u00f1os. A pesar de los obst\u00e1culos que trajo consigo la pandemia, lograron sobreponerse y continuar con su trabajo period\u00edstico para sensibilizar a la poblaci\u00f3n sobre el [&hellip;]\" \/>\n<meta property=\"og:url\" content=\"https:\/\/www.repam.net\/es\/radio-quillabamba-recibe-el-premio-periodismo-y-derechos-humanos-por-su-labor-durante-la-pandemia\/\" \/>\n<meta property=\"og:site_name\" content=\"REPAM\" \/>\n<meta property=\"article:published_time\" content=\"2021-12-08T18:26:28+00:00\" \/>\n<meta property=\"article:modified_time\" content=\"2021-12-08T18:27:42+00:00\" \/>\n<meta property=\"og:image\" content=\"https:\/\/www.repam.net\/es\/wp-content\/uploads\/2021\/12\/Radio-Quillabamba-1.jpg\" \/>\n\t<meta property=\"og:image:width\" content=\"512\" \/>\n\t<meta property=\"og:image:height\" content=\"384\" \/>\n\t<meta property=\"og:image:type\" content=\"image\/jpeg\" \/>\n<meta name=\"author\" content=\"repam@adm\" \/>\n<meta name=\"twitter:card\" content=\"summary_large_image\" \/>\n<meta name=\"twitter:label1\" content=\"Escrito por\" \/>\n\t<meta name=\"twitter:data1\" content=\"repam@adm\" \/>\n\t<meta name=\"twitter:label2\" content=\"Tiempo de lectura\" \/>\n\t<meta name=\"twitter:data2\" content=\"6 minutos\" \/>\n<script type=\"application\/ld+json\" class=\"yoast-schema-graph\">{\"@context\":\"https:\\\/\\\/schema.org\",\"@graph\":[{\"@type\":\"Article\",\"@id\":\"https:\\\/\\\/www.repam.net\\\/es\\\/radio-quillabamba-recibe-el-premio-periodismo-y-derechos-humanos-por-su-labor-durante-la-pandemia\\\/#article\",\"isPartOf\":{\"@id\":\"https:\\\/\\\/www.repam.net\\\/es\\\/radio-quillabamba-recibe-el-premio-periodismo-y-derechos-humanos-por-su-labor-durante-la-pandemia\\\/\"},\"author\":{\"name\":\"repam@adm\",\"@id\":\"https:\\\/\\\/www.repam.net\\\/es\\\/#\\\/schema\\\/person\\\/0c828bf04cf1abe6016cbe752c76a033\"},\"headline\":\"Radio Quillabamba recibe el premio \u201cPeriodismo y derechos humanos\u201d por su labor durante la pandemia\",\"datePublished\":\"2021-12-08T18:26:28+00:00\",\"dateModified\":\"2021-12-08T18:27:42+00:00\",\"mainEntityOfPage\":{\"@id\":\"https:\\\/\\\/www.repam.net\\\/es\\\/radio-quillabamba-recibe-el-premio-periodismo-y-derechos-humanos-por-su-labor-durante-la-pandemia\\\/\"},\"wordCount\":1292,\"publisher\":{\"@id\":\"https:\\\/\\\/www.repam.net\\\/es\\\/#organization\"},\"image\":{\"@id\":\"https:\\\/\\\/www.repam.net\\\/es\\\/radio-quillabamba-recibe-el-premio-periodismo-y-derechos-humanos-por-su-labor-durante-la-pandemia\\\/#primaryimage\"},\"thumbnailUrl\":\"https:\\\/\\\/www.repam.net\\\/es\\\/wp-content\\\/uploads\\\/2021\\\/12\\\/Radio-Quillabamba-1.jpg\",\"keywords\":[\"Amazon\u00eda peruana\",\"Derechos Humanos\",\"Pandemia\",\"Premio\",\"Radio\"],\"articleSection\":[\"Derechos Humanos\",\"Noticias\"],\"inLanguage\":\"es-CO\"},{\"@type\":\"WebPage\",\"@id\":\"https:\\\/\\\/www.repam.net\\\/es\\\/radio-quillabamba-recibe-el-premio-periodismo-y-derechos-humanos-por-su-labor-durante-la-pandemia\\\/\",\"url\":\"https:\\\/\\\/www.repam.net\\\/es\\\/radio-quillabamba-recibe-el-premio-periodismo-y-derechos-humanos-por-su-labor-durante-la-pandemia\\\/\",\"name\":\"Radio Quillabamba recibe el premio \u201cPeriodismo y derechos humanos\u201d por su labor durante la pandemia - REPAM\",\"isPartOf\":{\"@id\":\"https:\\\/\\\/www.repam.net\\\/es\\\/#website\"},\"primaryImageOfPage\":{\"@id\":\"https:\\\/\\\/www.repam.net\\\/es\\\/radio-quillabamba-recibe-el-premio-periodismo-y-derechos-humanos-por-su-labor-durante-la-pandemia\\\/#primaryimage\"},\"image\":{\"@id\":\"https:\\\/\\\/www.repam.net\\\/es\\\/radio-quillabamba-recibe-el-premio-periodismo-y-derechos-humanos-por-su-labor-durante-la-pandemia\\\/#primaryimage\"},\"thumbnailUrl\":\"https:\\\/\\\/www.repam.net\\\/es\\\/wp-content\\\/uploads\\\/2021\\\/12\\\/Radio-Quillabamba-1.jpg\",\"datePublished\":\"2021-12-08T18:26:28+00:00\",\"dateModified\":\"2021-12-08T18:27:42+00:00\",\"breadcrumb\":{\"@id\":\"https:\\\/\\\/www.repam.net\\\/es\\\/radio-quillabamba-recibe-el-premio-periodismo-y-derechos-humanos-por-su-labor-durante-la-pandemia\\\/#breadcrumb\"},\"inLanguage\":\"es-CO\",\"potentialAction\":[{\"@type\":\"ReadAction\",\"target\":[\"https:\\\/\\\/www.repam.net\\\/es\\\/radio-quillabamba-recibe-el-premio-periodismo-y-derechos-humanos-por-su-labor-durante-la-pandemia\\\/\"]}]},{\"@type\":\"ImageObject\",\"inLanguage\":\"es-CO\",\"@id\":\"https:\\\/\\\/www.repam.net\\\/es\\\/radio-quillabamba-recibe-el-premio-periodismo-y-derechos-humanos-por-su-labor-durante-la-pandemia\\\/#primaryimage\",\"url\":\"https:\\\/\\\/www.repam.net\\\/es\\\/wp-content\\\/uploads\\\/2021\\\/12\\\/Radio-Quillabamba-1.jpg\",\"contentUrl\":\"https:\\\/\\\/www.repam.net\\\/es\\\/wp-content\\\/uploads\\\/2021\\\/12\\\/Radio-Quillabamba-1.jpg\",\"width\":512,\"height\":384},{\"@type\":\"BreadcrumbList\",\"@id\":\"https:\\\/\\\/www.repam.net\\\/es\\\/radio-quillabamba-recibe-el-premio-periodismo-y-derechos-humanos-por-su-labor-durante-la-pandemia\\\/#breadcrumb\",\"itemListElement\":[{\"@type\":\"ListItem\",\"position\":1,\"name\":\"Inicio\",\"item\":\"https:\\\/\\\/www.repam.net\\\/es\\\/\"},{\"@type\":\"ListItem\",\"position\":2,\"name\":\"Radio Quillabamba recibe el premio \u201cPeriodismo y derechos humanos\u201d por su labor durante la pandemia\"}]},{\"@type\":\"WebSite\",\"@id\":\"https:\\\/\\\/www.repam.net\\\/es\\\/#website\",\"url\":\"https:\\\/\\\/www.repam.net\\\/es\\\/\",\"name\":\"REPAM\",\"description\":\"Red Eclesial Panamaz\u00f3nica\",\"publisher\":{\"@id\":\"https:\\\/\\\/www.repam.net\\\/es\\\/#organization\"},\"potentialAction\":[{\"@type\":\"SearchAction\",\"target\":{\"@type\":\"EntryPoint\",\"urlTemplate\":\"https:\\\/\\\/www.repam.net\\\/es\\\/?s={search_term_string}\"},\"query-input\":{\"@type\":\"PropertyValueSpecification\",\"valueRequired\":true,\"valueName\":\"search_term_string\"}}],\"inLanguage\":\"es-CO\"},{\"@type\":\"Organization\",\"@id\":\"https:\\\/\\\/www.repam.net\\\/es\\\/#organization\",\"name\":\"REPAM\",\"url\":\"https:\\\/\\\/www.repam.net\\\/es\\\/\",\"logo\":{\"@type\":\"ImageObject\",\"inLanguage\":\"es-CO\",\"@id\":\"https:\\\/\\\/www.repam.net\\\/es\\\/#\\\/schema\\\/logo\\\/image\\\/\",\"url\":\"https:\\\/\\\/www.repam.net\\\/es\\\/wp-content\\\/uploads\\\/2021\\\/11\\\/cropped-favicon.png\",\"contentUrl\":\"https:\\\/\\\/www.repam.net\\\/es\\\/wp-content\\\/uploads\\\/2021\\\/11\\\/cropped-favicon.png\",\"width\":512,\"height\":512,\"caption\":\"REPAM\"},\"image\":{\"@id\":\"https:\\\/\\\/www.repam.net\\\/es\\\/#\\\/schema\\\/logo\\\/image\\\/\"}},{\"@type\":\"Person\",\"@id\":\"https:\\\/\\\/www.repam.net\\\/es\\\/#\\\/schema\\\/person\\\/0c828bf04cf1abe6016cbe752c76a033\",\"name\":\"repam@adm\",\"image\":{\"@type\":\"ImageObject\",\"inLanguage\":\"es-CO\",\"@id\":\"https:\\\/\\\/secure.gravatar.com\\\/avatar\\\/b18234ea6de5d74563e52ca7bfdad9d2b029b514c935b38a2790717abf8f2e5f?s=96&d=mm&r=g\",\"url\":\"https:\\\/\\\/secure.gravatar.com\\\/avatar\\\/b18234ea6de5d74563e52ca7bfdad9d2b029b514c935b38a2790717abf8f2e5f?s=96&d=mm&r=g\",\"contentUrl\":\"https:\\\/\\\/secure.gravatar.com\\\/avatar\\\/b18234ea6de5d74563e52ca7bfdad9d2b029b514c935b38a2790717abf8f2e5f?s=96&d=mm&r=g\",\"caption\":\"repam@adm\"},\"sameAs\":[\"http:\\\/\\\/repam.net\"],\"url\":\"https:\\\/\\\/www.repam.net\\\/es\\\/author\\\/repamadm\\\/\"}]}<\/script>\n<!-- \/ Yoast SEO plugin. -->","yoast_head_json":{"title":"Radio Quillabamba recibe el premio \u201cPeriodismo y derechos humanos\u201d por su labor durante la pandemia - REPAM","robots":{"index":"index","follow":"follow","max-snippet":"max-snippet:-1","max-image-preview":"max-image-preview:large","max-video-preview":"max-video-preview:-1"},"canonical":"https:\/\/www.repam.net\/es\/radio-quillabamba-recibe-el-premio-periodismo-y-derechos-humanos-por-su-labor-durante-la-pandemia\/","og_locale":"es_ES","og_type":"article","og_title":"Radio Quillabamba recibe el premio \u201cPeriodismo y derechos humanos\u201d por su labor durante la pandemia - REPAM","og_description":"La emisora del Vicariato Apost\u00f3lico de Puerto Maldonado, Per\u00fa, ubicada en la Amazon\u00eda del Cusco, fue forjada gracias al esfuerzo de un pueblo valiente y organizado hace m\u00e1s de&nbsp;55 a\u00f1os. A pesar de los obst\u00e1culos que trajo consigo la pandemia, lograron sobreponerse y continuar con su trabajo period\u00edstico para sensibilizar a la poblaci\u00f3n sobre el [&hellip;]","og_url":"https:\/\/www.repam.net\/es\/radio-quillabamba-recibe-el-premio-periodismo-y-derechos-humanos-por-su-labor-durante-la-pandemia\/","og_site_name":"REPAM","article_published_time":"2021-12-08T18:26:28+00:00","article_modified_time":"2021-12-08T18:27:42+00:00","og_image":[{"width":512,"height":384,"url":"https:\/\/www.repam.net\/es\/wp-content\/uploads\/2021\/12\/Radio-Quillabamba-1.jpg","type":"image\/jpeg"}],"author":"repam@adm","twitter_card":"summary_large_image","twitter_misc":{"Escrito por":"repam@adm","Tiempo de lectura":"6 minutos"},"schema":{"@context":"https:\/\/schema.org","@graph":[{"@type":"Article","@id":"https:\/\/www.repam.net\/es\/radio-quillabamba-recibe-el-premio-periodismo-y-derechos-humanos-por-su-labor-durante-la-pandemia\/#article","isPartOf":{"@id":"https:\/\/www.repam.net\/es\/radio-quillabamba-recibe-el-premio-periodismo-y-derechos-humanos-por-su-labor-durante-la-pandemia\/"},"author":{"name":"repam@adm","@id":"https:\/\/www.repam.net\/es\/#\/schema\/person\/0c828bf04cf1abe6016cbe752c76a033"},"headline":"Radio Quillabamba recibe el premio \u201cPeriodismo y derechos humanos\u201d por su labor durante la pandemia","datePublished":"2021-12-08T18:26:28+00:00","dateModified":"2021-12-08T18:27:42+00:00","mainEntityOfPage":{"@id":"https:\/\/www.repam.net\/es\/radio-quillabamba-recibe-el-premio-periodismo-y-derechos-humanos-por-su-labor-durante-la-pandemia\/"},"wordCount":1292,"publisher":{"@id":"https:\/\/www.repam.net\/es\/#organization"},"image":{"@id":"https:\/\/www.repam.net\/es\/radio-quillabamba-recibe-el-premio-periodismo-y-derechos-humanos-por-su-labor-durante-la-pandemia\/#primaryimage"},"thumbnailUrl":"https:\/\/www.repam.net\/es\/wp-content\/uploads\/2021\/12\/Radio-Quillabamba-1.jpg","keywords":["Amazon\u00eda peruana","Derechos Humanos","Pandemia","Premio","Radio"],"articleSection":["Derechos Humanos","Noticias"],"inLanguage":"es-CO"},{"@type":"WebPage","@id":"https:\/\/www.repam.net\/es\/radio-quillabamba-recibe-el-premio-periodismo-y-derechos-humanos-por-su-labor-durante-la-pandemia\/","url":"https:\/\/www.repam.net\/es\/radio-quillabamba-recibe-el-premio-periodismo-y-derechos-humanos-por-su-labor-durante-la-pandemia\/","name":"Radio Quillabamba recibe el premio \u201cPeriodismo y derechos humanos\u201d por su labor durante la pandemia - REPAM","isPartOf":{"@id":"https:\/\/www.repam.net\/es\/#website"},"primaryImageOfPage":{"@id":"https:\/\/www.repam.net\/es\/radio-quillabamba-recibe-el-premio-periodismo-y-derechos-humanos-por-su-labor-durante-la-pandemia\/#primaryimage"},"image":{"@id":"https:\/\/www.repam.net\/es\/radio-quillabamba-recibe-el-premio-periodismo-y-derechos-humanos-por-su-labor-durante-la-pandemia\/#primaryimage"},"thumbnailUrl":"https:\/\/www.repam.net\/es\/wp-content\/uploads\/2021\/12\/Radio-Quillabamba-1.jpg","datePublished":"2021-12-08T18:26:28+00:00","dateModified":"2021-12-08T18:27:42+00:00","breadcrumb":{"@id":"https:\/\/www.repam.net\/es\/radio-quillabamba-recibe-el-premio-periodismo-y-derechos-humanos-por-su-labor-durante-la-pandemia\/#breadcrumb"},"inLanguage":"es-CO","potentialAction":[{"@type":"ReadAction","target":["https:\/\/www.repam.net\/es\/radio-quillabamba-recibe-el-premio-periodismo-y-derechos-humanos-por-su-labor-durante-la-pandemia\/"]}]},{"@type":"ImageObject","inLanguage":"es-CO","@id":"https:\/\/www.repam.net\/es\/radio-quillabamba-recibe-el-premio-periodismo-y-derechos-humanos-por-su-labor-durante-la-pandemia\/#primaryimage","url":"https:\/\/www.repam.net\/es\/wp-content\/uploads\/2021\/12\/Radio-Quillabamba-1.jpg","contentUrl":"https:\/\/www.repam.net\/es\/wp-content\/uploads\/2021\/12\/Radio-Quillabamba-1.jpg","width":512,"height":384},{"@type":"BreadcrumbList","@id":"https:\/\/www.repam.net\/es\/radio-quillabamba-recibe-el-premio-periodismo-y-derechos-humanos-por-su-labor-durante-la-pandemia\/#breadcrumb","itemListElement":[{"@type":"ListItem","position":1,"name":"Inicio","item":"https:\/\/www.repam.net\/es\/"},{"@type":"ListItem","position":2,"name":"Radio Quillabamba recibe el premio \u201cPeriodismo y derechos humanos\u201d por su labor durante la pandemia"}]},{"@type":"WebSite","@id":"https:\/\/www.repam.net\/es\/#website","url":"https:\/\/www.repam.net\/es\/","name":"REPAM","description":"Red Eclesial Panamaz\u00f3nica","publisher":{"@id":"https:\/\/www.repam.net\/es\/#organization"},"potentialAction":[{"@type":"SearchAction","target":{"@type":"EntryPoint","urlTemplate":"https:\/\/www.repam.net\/es\/?s={search_term_string}"},"query-input":{"@type":"PropertyValueSpecification","valueRequired":true,"valueName":"search_term_string"}}],"inLanguage":"es-CO"},{"@type":"Organization","@id":"https:\/\/www.repam.net\/es\/#organization","name":"REPAM","url":"https:\/\/www.repam.net\/es\/","logo":{"@type":"ImageObject","inLanguage":"es-CO","@id":"https:\/\/www.repam.net\/es\/#\/schema\/logo\/image\/","url":"https:\/\/www.repam.net\/es\/wp-content\/uploads\/2021\/11\/cropped-favicon.png","contentUrl":"https:\/\/www.repam.net\/es\/wp-content\/uploads\/2021\/11\/cropped-favicon.png","width":512,"height":512,"caption":"REPAM"},"image":{"@id":"https:\/\/www.repam.net\/es\/#\/schema\/logo\/image\/"}},{"@type":"Person","@id":"https:\/\/www.repam.net\/es\/#\/schema\/person\/0c828bf04cf1abe6016cbe752c76a033","name":"repam@adm","image":{"@type":"ImageObject","inLanguage":"es-CO","@id":"https:\/\/secure.gravatar.com\/avatar\/b18234ea6de5d74563e52ca7bfdad9d2b029b514c935b38a2790717abf8f2e5f?s=96&d=mm&r=g","url":"https:\/\/secure.gravatar.com\/avatar\/b18234ea6de5d74563e52ca7bfdad9d2b029b514c935b38a2790717abf8f2e5f?s=96&d=mm&r=g","contentUrl":"https:\/\/secure.gravatar.com\/avatar\/b18234ea6de5d74563e52ca7bfdad9d2b029b514c935b38a2790717abf8f2e5f?s=96&d=mm&r=g","caption":"repam@adm"},"sameAs":["http:\/\/repam.net"],"url":"https:\/\/www.repam.net\/es\/author\/repamadm\/"}]}},"_links":{"self":[{"href":"https:\/\/www.repam.net\/es\/wp-json\/wp\/v2\/posts\/5681","targetHints":{"allow":["GET"]}}],"collection":[{"href":"https:\/\/www.repam.net\/es\/wp-json\/wp\/v2\/posts"}],"about":[{"href":"https:\/\/www.repam.net\/es\/wp-json\/wp\/v2\/types\/post"}],"author":[{"embeddable":true,"href":"https:\/\/www.repam.net\/es\/wp-json\/wp\/v2\/users\/1"}],"replies":[{"embeddable":true,"href":"https:\/\/www.repam.net\/es\/wp-json\/wp\/v2\/comments?post=5681"}],"version-history":[{"count":1,"href":"https:\/\/www.repam.net\/es\/wp-json\/wp\/v2\/posts\/5681\/revisions"}],"predecessor-version":[{"id":5686,"href":"https:\/\/www.repam.net\/es\/wp-json\/wp\/v2\/posts\/5681\/revisions\/5686"}],"wp:featuredmedia":[{"embeddable":true,"href":"https:\/\/www.repam.net\/es\/wp-json\/wp\/v2\/media\/5685"}],"wp:attachment":[{"href":"https:\/\/www.repam.net\/es\/wp-json\/wp\/v2\/media?parent=5681"}],"wp:term":[{"taxonomy":"category","embeddable":true,"href":"https:\/\/www.repam.net\/es\/wp-json\/wp\/v2\/categories?post=5681"},{"taxonomy":"post_tag","embeddable":true,"href":"https:\/\/www.repam.net\/es\/wp-json\/wp\/v2\/tags?post=5681"}],"curies":[{"name":"wp","href":"https:\/\/api.w.org\/{rel}","templated":true}]}}