{"id":5920,"date":"2022-01-26T13:46:24","date_gmt":"2022-01-26T18:46:24","guid":{"rendered":"https:\/\/www.repam.net\/es\/?p=5920"},"modified":"2022-01-26T13:46:26","modified_gmt":"2022-01-26T18:46:26","slug":"que-tematicas-inspiraron-la-dinamica-de-la-asamblea-eclesial","status":"publish","type":"post","link":"https:\/\/www.repam.net\/es\/que-tematicas-inspiraron-la-dinamica-de-la-asamblea-eclesial\/","title":{"rendered":"\u00bfQu\u00e9 tem\u00e1ticas inspiraron la din\u00e1mica de la Asamblea Eclesial?"},"content":{"rendered":"\n<div class=\"wp-block-image\"><figure class=\"aligncenter size-full\"><img loading=\"lazy\" decoding=\"async\" width=\"825\" height=\"510\" src=\"https:\/\/www.repam.net\/es\/wp-content\/uploads\/2022\/01\/Tematicas-Asamblea-Eclesial.jpg\" alt=\"\" class=\"wp-image-5921\" srcset=\"https:\/\/www.repam.net\/es\/wp-content\/uploads\/2022\/01\/Tematicas-Asamblea-Eclesial.jpg 825w, https:\/\/www.repam.net\/es\/wp-content\/uploads\/2022\/01\/Tematicas-Asamblea-Eclesial-300x185.jpg 300w, https:\/\/www.repam.net\/es\/wp-content\/uploads\/2022\/01\/Tematicas-Asamblea-Eclesial-768x475.jpg 768w\" sizes=\"auto, (max-width: 825px) 100vw, 825px\" \/><\/figure><\/div>\n\n\n\n<blockquote class=\"wp-block-quote is-layout-flow wp-block-quote-is-layout-flow\"><p>Mauricio L\u00f3pez Oropeza, director del Centro Pastoral de Redes y Acci\u00f3n Social del CELAM reflexiona sobre algunas tem\u00e1ticas abordadas en la primera Asamblea Eclesial de ALyC<\/p><\/blockquote>\n\n\n\n<p><strong><em>Por Mauricio L\u00f3pez Oropeza. Director del Centro Pastoral de Redes y Acci\u00f3n Social del\u00a0CELAM<\/em><\/strong><\/p>\n\n\n\n<p>Estas son algunas de las tem\u00e1ticas ineludibles para nuestro discernimiento, a las cuales quiero acudir, pues, me parece que ilustran de modo inspirador y convincente&nbsp;<strong>el sentir del pueblo de Dios en el camino de esta Asamblea<\/strong>. Observemos a continuaci\u00f3n:<\/p>\n\n\n\n<p><strong>Pandemia<\/strong>. \u201cLa pandemia suscit\u00f3 una conversi\u00f3n en nuestra forma de vivir y pensar; revivi\u00f3 a la iglesia dom\u00e9stica, mostr\u00e1ndonos la importancia de los lazos familiares. Esta pandemia nos rompe y nos ha quitado todas las seguridades, ha hecho tambalear nuestras estructuras, pero se ha convertido en una posibilidad del cambio en el modo de vivir\u201d.<\/p>\n\n\n\n<p><strong>Abusos<\/strong>. \u201cNos duele el silencio de algunos obispos, y de otros miembros de la iglesia, frente a la violencia, el atropell\u00f3 a los derechos, a la desigualdad y a los abusos. Necesitamos que tomando partido por los pobres la iglesia acompa\u00f1e y se nutra de la sabidur\u00eda de sus luchas cotidianas\u201d<\/p>\n\n\n\n<p><strong>Ecolog\u00eda integral<\/strong>. \u201cEl llamado hacia una ecolog\u00eda integral mediante el discernimiento, la contemplaci\u00f3n y la oraci\u00f3n comunitaria, nos lleva a transmitir la m\u00edstica del encuentro con Jes\u00fas que nos invita a las periferias geogr\u00e1ficas y existenciales, y a relacionarnos con todo lo creado del modo en que Dios mismo se relaciona\u201d<\/p>\n\n\n\n<p><strong>Mujeres<\/strong>. \u201cNos duele la violencia contra las mujeres, la violencia dom\u00e9stica, econ\u00f3mica, los feminicidios, el menosprecio, los abusos, la falta de seguridad, la violencia en todas sus manifestaciones\u201d.<\/p>\n\n\n\n<p><strong>Educaci\u00f3n<\/strong>. \u201cSomos conscientes que la educaci\u00f3n es la posibilidad de transformaci\u00f3n de la sociedad, por eso debemos formar l\u00edderes que se comprometan con la mejora del mundo conscientes de su compromiso con el cuidado de las personas, la tierra ,de las culturas\u201d<\/p>\n\n\n\n<p><strong>Migraciones.<\/strong>&nbsp;\u201cEn el \u00e1mbito de las migraciones, como iglesia estamos llamados a reconocer la realidad de la migraci\u00f3n, a servirla haci\u00e9ndonos pr\u00f3jimos de los migrantes permitiendo que se sientan acogidos, queridos y aceptados\u201d<\/p>\n\n\n\n<p><strong>Pueblos originarios.<\/strong>&nbsp;\u201cCon los pueblos ind\u00edgenas, trabajar la evangelizaci\u00f3n considerando sus culturas, su lengua, su identidad, que sus territorios no sean invadidos, que no les roben sus tierras, que se respeten sus derechos, que tengan su autonom\u00eda y se respete su diversidad cultural\u201d<\/p>\n\n\n\n<p><strong>Pueblos afrodescendientes<\/strong>. \u201cDesde la realidad afrodescendiente. La pastoral Afro ha sido una Pastoral misionera, se desarrolla con comunidades vulnerables donde hay abandono, discriminaci\u00f3n y otras cargas negativas, pero tambi\u00e9n se ha convertido en un rostro visible de los empobrecidos. Una legi\u00f3n de mujeres negras consagradas y laicas ha permitido la creaci\u00f3n de espacios de reflexi\u00f3n teol\u00f3gica dentro de la iglesia\u201d<\/p>\n\n\n\n<p><strong>Juventud.<\/strong>&nbsp;\u201cMuchos j\u00f3venes est\u00e1n asumiendo responsabilidades en los distintos campos. En pol\u00edtica son gestores de iniciativas de todas las comunidades. Tienen mucho que aportar\u201d.<\/p>\n","protected":false},"excerpt":{"rendered":"<p>Mauricio L\u00f3pez Oropeza, director del Centro Pastoral de Redes y Acci\u00f3n Social del CELAM reflexiona sobre algunas tem\u00e1ticas abordadas en la primera Asamblea Eclesial de ALyC Por Mauricio L\u00f3pez Oropeza. Director del Centro Pastoral de Redes y Acci\u00f3n Social del\u00a0CELAM Estas son algunas de las tem\u00e1ticas ineludibles para nuestro discernimiento, a las cuales quiero acudir, [&hellip;]<\/p>\n","protected":false},"author":1,"featured_media":5922,"comment_status":"closed","ping_status":"closed","sticky":false,"template":"","format":"standard","meta":{"_acf_changed":false,"_uf_show_specific_survey":0,"_uf_disable_surveys":false,"footnotes":""},"categories":[78,4],"tags":[169,118,1039],"class_list":["post-5920","post","type-post","status-publish","format-standard","has-post-thumbnail","hentry","category-asamblea-eclesial-alc","category-noticias","tag-asamblea-eclesial","tag-foros-tematicos","tag-pueblo-de-dios"],"acf":[],"aioseo_notices":[],"yoast_head":"<!-- This site is optimized with the Yoast SEO plugin v27.5 - https:\/\/yoast.com\/product\/yoast-seo-wordpress\/ -->\n<title>\u00bfQu\u00e9 tem\u00e1ticas inspiraron la din\u00e1mica de la Asamblea Eclesial? - REPAM<\/title>\n<meta name=\"robots\" content=\"index, follow, max-snippet:-1, max-image-preview:large, max-video-preview:-1\" \/>\n<link rel=\"canonical\" href=\"https:\/\/www.repam.net\/es\/que-tematicas-inspiraron-la-dinamica-de-la-asamblea-eclesial\/\" \/>\n<meta property=\"og:locale\" content=\"es_ES\" \/>\n<meta property=\"og:type\" content=\"article\" \/>\n<meta property=\"og:title\" content=\"\u00bfQu\u00e9 tem\u00e1ticas inspiraron la din\u00e1mica de la Asamblea Eclesial? - REPAM\" \/>\n<meta property=\"og:description\" content=\"Mauricio L\u00f3pez Oropeza, director del Centro Pastoral de Redes y Acci\u00f3n Social del CELAM reflexiona sobre algunas tem\u00e1ticas abordadas en la primera Asamblea Eclesial de ALyC Por Mauricio L\u00f3pez Oropeza. Director del Centro Pastoral de Redes y Acci\u00f3n Social del\u00a0CELAM Estas son algunas de las tem\u00e1ticas ineludibles para nuestro discernimiento, a las cuales quiero acudir, [&hellip;]\" \/>\n<meta property=\"og:url\" content=\"https:\/\/www.repam.net\/es\/que-tematicas-inspiraron-la-dinamica-de-la-asamblea-eclesial\/\" \/>\n<meta property=\"og:site_name\" content=\"REPAM\" \/>\n<meta property=\"article:published_time\" content=\"2022-01-26T18:46:24+00:00\" \/>\n<meta property=\"article:modified_time\" content=\"2022-01-26T18:46:26+00:00\" \/>\n<meta property=\"og:image\" content=\"https:\/\/www.repam.net\/es\/wp-content\/uploads\/2022\/01\/Tematicas-Asamblea-Eclesial-1.jpg\" \/>\n\t<meta property=\"og:image:width\" content=\"825\" \/>\n\t<meta property=\"og:image:height\" content=\"510\" \/>\n\t<meta property=\"og:image:type\" content=\"image\/jpeg\" \/>\n<meta name=\"author\" content=\"repam@adm\" \/>\n<meta name=\"twitter:card\" content=\"summary_large_image\" \/>\n<meta name=\"twitter:label1\" content=\"Escrito por\" \/>\n\t<meta name=\"twitter:data1\" content=\"repam@adm\" \/>\n\t<meta name=\"twitter:label2\" content=\"Tiempo de lectura\" \/>\n\t<meta name=\"twitter:data2\" content=\"3 minutos\" \/>\n<script type=\"application\/ld+json\" class=\"yoast-schema-graph\">{\"@context\":\"https:\\\/\\\/schema.org\",\"@graph\":[{\"@type\":\"Article\",\"@id\":\"https:\\\/\\\/www.repam.net\\\/es\\\/que-tematicas-inspiraron-la-dinamica-de-la-asamblea-eclesial\\\/#article\",\"isPartOf\":{\"@id\":\"https:\\\/\\\/www.repam.net\\\/es\\\/que-tematicas-inspiraron-la-dinamica-de-la-asamblea-eclesial\\\/\"},\"author\":{\"name\":\"repam@adm\",\"@id\":\"https:\\\/\\\/www.repam.net\\\/es\\\/#\\\/schema\\\/person\\\/0c828bf04cf1abe6016cbe752c76a033\"},\"headline\":\"\u00bfQu\u00e9 tem\u00e1ticas inspiraron la din\u00e1mica de la Asamblea Eclesial?\",\"datePublished\":\"2022-01-26T18:46:24+00:00\",\"dateModified\":\"2022-01-26T18:46:26+00:00\",\"mainEntityOfPage\":{\"@id\":\"https:\\\/\\\/www.repam.net\\\/es\\\/que-tematicas-inspiraron-la-dinamica-de-la-asamblea-eclesial\\\/\"},\"wordCount\":523,\"publisher\":{\"@id\":\"https:\\\/\\\/www.repam.net\\\/es\\\/#organization\"},\"image\":{\"@id\":\"https:\\\/\\\/www.repam.net\\\/es\\\/que-tematicas-inspiraron-la-dinamica-de-la-asamblea-eclesial\\\/#primaryimage\"},\"thumbnailUrl\":\"https:\\\/\\\/www.repam.net\\\/es\\\/wp-content\\\/uploads\\\/2022\\\/01\\\/Tematicas-Asamblea-Eclesial-1.jpg\",\"keywords\":[\"Asamblea Eclesial\",\"Foros tem\u00e1ticos\",\"Pueblo de Dios\"],\"articleSection\":[\"Asamblea Eclesial ALC\",\"Noticias\"],\"inLanguage\":\"es-CO\"},{\"@type\":\"WebPage\",\"@id\":\"https:\\\/\\\/www.repam.net\\\/es\\\/que-tematicas-inspiraron-la-dinamica-de-la-asamblea-eclesial\\\/\",\"url\":\"https:\\\/\\\/www.repam.net\\\/es\\\/que-tematicas-inspiraron-la-dinamica-de-la-asamblea-eclesial\\\/\",\"name\":\"\u00bfQu\u00e9 tem\u00e1ticas inspiraron la din\u00e1mica de la Asamblea Eclesial? - REPAM\",\"isPartOf\":{\"@id\":\"https:\\\/\\\/www.repam.net\\\/es\\\/#website\"},\"primaryImageOfPage\":{\"@id\":\"https:\\\/\\\/www.repam.net\\\/es\\\/que-tematicas-inspiraron-la-dinamica-de-la-asamblea-eclesial\\\/#primaryimage\"},\"image\":{\"@id\":\"https:\\\/\\\/www.repam.net\\\/es\\\/que-tematicas-inspiraron-la-dinamica-de-la-asamblea-eclesial\\\/#primaryimage\"},\"thumbnailUrl\":\"https:\\\/\\\/www.repam.net\\\/es\\\/wp-content\\\/uploads\\\/2022\\\/01\\\/Tematicas-Asamblea-Eclesial-1.jpg\",\"datePublished\":\"2022-01-26T18:46:24+00:00\",\"dateModified\":\"2022-01-26T18:46:26+00:00\",\"breadcrumb\":{\"@id\":\"https:\\\/\\\/www.repam.net\\\/es\\\/que-tematicas-inspiraron-la-dinamica-de-la-asamblea-eclesial\\\/#breadcrumb\"},\"inLanguage\":\"es-CO\",\"potentialAction\":[{\"@type\":\"ReadAction\",\"target\":[\"https:\\\/\\\/www.repam.net\\\/es\\\/que-tematicas-inspiraron-la-dinamica-de-la-asamblea-eclesial\\\/\"]}]},{\"@type\":\"ImageObject\",\"inLanguage\":\"es-CO\",\"@id\":\"https:\\\/\\\/www.repam.net\\\/es\\\/que-tematicas-inspiraron-la-dinamica-de-la-asamblea-eclesial\\\/#primaryimage\",\"url\":\"https:\\\/\\\/www.repam.net\\\/es\\\/wp-content\\\/uploads\\\/2022\\\/01\\\/Tematicas-Asamblea-Eclesial-1.jpg\",\"contentUrl\":\"https:\\\/\\\/www.repam.net\\\/es\\\/wp-content\\\/uploads\\\/2022\\\/01\\\/Tematicas-Asamblea-Eclesial-1.jpg\",\"width\":825,\"height\":510,\"caption\":\"Abstract gold magic book on wooden background\"},{\"@type\":\"BreadcrumbList\",\"@id\":\"https:\\\/\\\/www.repam.net\\\/es\\\/que-tematicas-inspiraron-la-dinamica-de-la-asamblea-eclesial\\\/#breadcrumb\",\"itemListElement\":[{\"@type\":\"ListItem\",\"position\":1,\"name\":\"Inicio\",\"item\":\"https:\\\/\\\/www.repam.net\\\/es\\\/\"},{\"@type\":\"ListItem\",\"position\":2,\"name\":\"\u00bfQu\u00e9 tem\u00e1ticas inspiraron la din\u00e1mica de la Asamblea Eclesial?\"}]},{\"@type\":\"WebSite\",\"@id\":\"https:\\\/\\\/www.repam.net\\\/es\\\/#website\",\"url\":\"https:\\\/\\\/www.repam.net\\\/es\\\/\",\"name\":\"REPAM\",\"description\":\"Red Eclesial Panamaz\u00f3nica\",\"publisher\":{\"@id\":\"https:\\\/\\\/www.repam.net\\\/es\\\/#organization\"},\"potentialAction\":[{\"@type\":\"SearchAction\",\"target\":{\"@type\":\"EntryPoint\",\"urlTemplate\":\"https:\\\/\\\/www.repam.net\\\/es\\\/?s={search_term_string}\"},\"query-input\":{\"@type\":\"PropertyValueSpecification\",\"valueRequired\":true,\"valueName\":\"search_term_string\"}}],\"inLanguage\":\"es-CO\"},{\"@type\":\"Organization\",\"@id\":\"https:\\\/\\\/www.repam.net\\\/es\\\/#organization\",\"name\":\"REPAM\",\"url\":\"https:\\\/\\\/www.repam.net\\\/es\\\/\",\"logo\":{\"@type\":\"ImageObject\",\"inLanguage\":\"es-CO\",\"@id\":\"https:\\\/\\\/www.repam.net\\\/es\\\/#\\\/schema\\\/logo\\\/image\\\/\",\"url\":\"https:\\\/\\\/www.repam.net\\\/es\\\/wp-content\\\/uploads\\\/2021\\\/11\\\/cropped-favicon.png\",\"contentUrl\":\"https:\\\/\\\/www.repam.net\\\/es\\\/wp-content\\\/uploads\\\/2021\\\/11\\\/cropped-favicon.png\",\"width\":512,\"height\":512,\"caption\":\"REPAM\"},\"image\":{\"@id\":\"https:\\\/\\\/www.repam.net\\\/es\\\/#\\\/schema\\\/logo\\\/image\\\/\"}},{\"@type\":\"Person\",\"@id\":\"https:\\\/\\\/www.repam.net\\\/es\\\/#\\\/schema\\\/person\\\/0c828bf04cf1abe6016cbe752c76a033\",\"name\":\"repam@adm\",\"image\":{\"@type\":\"ImageObject\",\"inLanguage\":\"es-CO\",\"@id\":\"https:\\\/\\\/secure.gravatar.com\\\/avatar\\\/b18234ea6de5d74563e52ca7bfdad9d2b029b514c935b38a2790717abf8f2e5f?s=96&d=mm&r=g\",\"url\":\"https:\\\/\\\/secure.gravatar.com\\\/avatar\\\/b18234ea6de5d74563e52ca7bfdad9d2b029b514c935b38a2790717abf8f2e5f?s=96&d=mm&r=g\",\"contentUrl\":\"https:\\\/\\\/secure.gravatar.com\\\/avatar\\\/b18234ea6de5d74563e52ca7bfdad9d2b029b514c935b38a2790717abf8f2e5f?s=96&d=mm&r=g\",\"caption\":\"repam@adm\"},\"sameAs\":[\"http:\\\/\\\/repam.net\"],\"url\":\"https:\\\/\\\/www.repam.net\\\/es\\\/author\\\/repamadm\\\/\"}]}<\/script>\n<!-- \/ Yoast SEO plugin. -->","yoast_head_json":{"title":"\u00bfQu\u00e9 tem\u00e1ticas inspiraron la din\u00e1mica de la Asamblea Eclesial? - REPAM","robots":{"index":"index","follow":"follow","max-snippet":"max-snippet:-1","max-image-preview":"max-image-preview:large","max-video-preview":"max-video-preview:-1"},"canonical":"https:\/\/www.repam.net\/es\/que-tematicas-inspiraron-la-dinamica-de-la-asamblea-eclesial\/","og_locale":"es_ES","og_type":"article","og_title":"\u00bfQu\u00e9 tem\u00e1ticas inspiraron la din\u00e1mica de la Asamblea Eclesial? - REPAM","og_description":"Mauricio L\u00f3pez Oropeza, director del Centro Pastoral de Redes y Acci\u00f3n Social del CELAM reflexiona sobre algunas tem\u00e1ticas abordadas en la primera Asamblea Eclesial de ALyC Por Mauricio L\u00f3pez Oropeza. Director del Centro Pastoral de Redes y Acci\u00f3n Social del\u00a0CELAM Estas son algunas de las tem\u00e1ticas ineludibles para nuestro discernimiento, a las cuales quiero acudir, [&hellip;]","og_url":"https:\/\/www.repam.net\/es\/que-tematicas-inspiraron-la-dinamica-de-la-asamblea-eclesial\/","og_site_name":"REPAM","article_published_time":"2022-01-26T18:46:24+00:00","article_modified_time":"2022-01-26T18:46:26+00:00","og_image":[{"width":825,"height":510,"url":"https:\/\/www.repam.net\/es\/wp-content\/uploads\/2022\/01\/Tematicas-Asamblea-Eclesial-1.jpg","type":"image\/jpeg"}],"author":"repam@adm","twitter_card":"summary_large_image","twitter_misc":{"Escrito por":"repam@adm","Tiempo de lectura":"3 minutos"},"schema":{"@context":"https:\/\/schema.org","@graph":[{"@type":"Article","@id":"https:\/\/www.repam.net\/es\/que-tematicas-inspiraron-la-dinamica-de-la-asamblea-eclesial\/#article","isPartOf":{"@id":"https:\/\/www.repam.net\/es\/que-tematicas-inspiraron-la-dinamica-de-la-asamblea-eclesial\/"},"author":{"name":"repam@adm","@id":"https:\/\/www.repam.net\/es\/#\/schema\/person\/0c828bf04cf1abe6016cbe752c76a033"},"headline":"\u00bfQu\u00e9 tem\u00e1ticas inspiraron la din\u00e1mica de la Asamblea Eclesial?","datePublished":"2022-01-26T18:46:24+00:00","dateModified":"2022-01-26T18:46:26+00:00","mainEntityOfPage":{"@id":"https:\/\/www.repam.net\/es\/que-tematicas-inspiraron-la-dinamica-de-la-asamblea-eclesial\/"},"wordCount":523,"publisher":{"@id":"https:\/\/www.repam.net\/es\/#organization"},"image":{"@id":"https:\/\/www.repam.net\/es\/que-tematicas-inspiraron-la-dinamica-de-la-asamblea-eclesial\/#primaryimage"},"thumbnailUrl":"https:\/\/www.repam.net\/es\/wp-content\/uploads\/2022\/01\/Tematicas-Asamblea-Eclesial-1.jpg","keywords":["Asamblea Eclesial","Foros tem\u00e1ticos","Pueblo de Dios"],"articleSection":["Asamblea Eclesial ALC","Noticias"],"inLanguage":"es-CO"},{"@type":"WebPage","@id":"https:\/\/www.repam.net\/es\/que-tematicas-inspiraron-la-dinamica-de-la-asamblea-eclesial\/","url":"https:\/\/www.repam.net\/es\/que-tematicas-inspiraron-la-dinamica-de-la-asamblea-eclesial\/","name":"\u00bfQu\u00e9 tem\u00e1ticas inspiraron la din\u00e1mica de la Asamblea Eclesial? - REPAM","isPartOf":{"@id":"https:\/\/www.repam.net\/es\/#website"},"primaryImageOfPage":{"@id":"https:\/\/www.repam.net\/es\/que-tematicas-inspiraron-la-dinamica-de-la-asamblea-eclesial\/#primaryimage"},"image":{"@id":"https:\/\/www.repam.net\/es\/que-tematicas-inspiraron-la-dinamica-de-la-asamblea-eclesial\/#primaryimage"},"thumbnailUrl":"https:\/\/www.repam.net\/es\/wp-content\/uploads\/2022\/01\/Tematicas-Asamblea-Eclesial-1.jpg","datePublished":"2022-01-26T18:46:24+00:00","dateModified":"2022-01-26T18:46:26+00:00","breadcrumb":{"@id":"https:\/\/www.repam.net\/es\/que-tematicas-inspiraron-la-dinamica-de-la-asamblea-eclesial\/#breadcrumb"},"inLanguage":"es-CO","potentialAction":[{"@type":"ReadAction","target":["https:\/\/www.repam.net\/es\/que-tematicas-inspiraron-la-dinamica-de-la-asamblea-eclesial\/"]}]},{"@type":"ImageObject","inLanguage":"es-CO","@id":"https:\/\/www.repam.net\/es\/que-tematicas-inspiraron-la-dinamica-de-la-asamblea-eclesial\/#primaryimage","url":"https:\/\/www.repam.net\/es\/wp-content\/uploads\/2022\/01\/Tematicas-Asamblea-Eclesial-1.jpg","contentUrl":"https:\/\/www.repam.net\/es\/wp-content\/uploads\/2022\/01\/Tematicas-Asamblea-Eclesial-1.jpg","width":825,"height":510,"caption":"Abstract gold magic book on wooden background"},{"@type":"BreadcrumbList","@id":"https:\/\/www.repam.net\/es\/que-tematicas-inspiraron-la-dinamica-de-la-asamblea-eclesial\/#breadcrumb","itemListElement":[{"@type":"ListItem","position":1,"name":"Inicio","item":"https:\/\/www.repam.net\/es\/"},{"@type":"ListItem","position":2,"name":"\u00bfQu\u00e9 tem\u00e1ticas inspiraron la din\u00e1mica de la Asamblea Eclesial?"}]},{"@type":"WebSite","@id":"https:\/\/www.repam.net\/es\/#website","url":"https:\/\/www.repam.net\/es\/","name":"REPAM","description":"Red Eclesial Panamaz\u00f3nica","publisher":{"@id":"https:\/\/www.repam.net\/es\/#organization"},"potentialAction":[{"@type":"SearchAction","target":{"@type":"EntryPoint","urlTemplate":"https:\/\/www.repam.net\/es\/?s={search_term_string}"},"query-input":{"@type":"PropertyValueSpecification","valueRequired":true,"valueName":"search_term_string"}}],"inLanguage":"es-CO"},{"@type":"Organization","@id":"https:\/\/www.repam.net\/es\/#organization","name":"REPAM","url":"https:\/\/www.repam.net\/es\/","logo":{"@type":"ImageObject","inLanguage":"es-CO","@id":"https:\/\/www.repam.net\/es\/#\/schema\/logo\/image\/","url":"https:\/\/www.repam.net\/es\/wp-content\/uploads\/2021\/11\/cropped-favicon.png","contentUrl":"https:\/\/www.repam.net\/es\/wp-content\/uploads\/2021\/11\/cropped-favicon.png","width":512,"height":512,"caption":"REPAM"},"image":{"@id":"https:\/\/www.repam.net\/es\/#\/schema\/logo\/image\/"}},{"@type":"Person","@id":"https:\/\/www.repam.net\/es\/#\/schema\/person\/0c828bf04cf1abe6016cbe752c76a033","name":"repam@adm","image":{"@type":"ImageObject","inLanguage":"es-CO","@id":"https:\/\/secure.gravatar.com\/avatar\/b18234ea6de5d74563e52ca7bfdad9d2b029b514c935b38a2790717abf8f2e5f?s=96&d=mm&r=g","url":"https:\/\/secure.gravatar.com\/avatar\/b18234ea6de5d74563e52ca7bfdad9d2b029b514c935b38a2790717abf8f2e5f?s=96&d=mm&r=g","contentUrl":"https:\/\/secure.gravatar.com\/avatar\/b18234ea6de5d74563e52ca7bfdad9d2b029b514c935b38a2790717abf8f2e5f?s=96&d=mm&r=g","caption":"repam@adm"},"sameAs":["http:\/\/repam.net"],"url":"https:\/\/www.repam.net\/es\/author\/repamadm\/"}]}},"_links":{"self":[{"href":"https:\/\/www.repam.net\/es\/wp-json\/wp\/v2\/posts\/5920","targetHints":{"allow":["GET"]}}],"collection":[{"href":"https:\/\/www.repam.net\/es\/wp-json\/wp\/v2\/posts"}],"about":[{"href":"https:\/\/www.repam.net\/es\/wp-json\/wp\/v2\/types\/post"}],"author":[{"embeddable":true,"href":"https:\/\/www.repam.net\/es\/wp-json\/wp\/v2\/users\/1"}],"replies":[{"embeddable":true,"href":"https:\/\/www.repam.net\/es\/wp-json\/wp\/v2\/comments?post=5920"}],"version-history":[{"count":1,"href":"https:\/\/www.repam.net\/es\/wp-json\/wp\/v2\/posts\/5920\/revisions"}],"predecessor-version":[{"id":5923,"href":"https:\/\/www.repam.net\/es\/wp-json\/wp\/v2\/posts\/5920\/revisions\/5923"}],"wp:featuredmedia":[{"embeddable":true,"href":"https:\/\/www.repam.net\/es\/wp-json\/wp\/v2\/media\/5922"}],"wp:attachment":[{"href":"https:\/\/www.repam.net\/es\/wp-json\/wp\/v2\/media?parent=5920"}],"wp:term":[{"taxonomy":"category","embeddable":true,"href":"https:\/\/www.repam.net\/es\/wp-json\/wp\/v2\/categories?post=5920"},{"taxonomy":"post_tag","embeddable":true,"href":"https:\/\/www.repam.net\/es\/wp-json\/wp\/v2\/tags?post=5920"}],"curies":[{"name":"wp","href":"https:\/\/api.w.org\/{rel}","templated":true}]}}