{"id":6740,"date":"2022-04-05T14:15:07","date_gmt":"2022-04-05T19:15:07","guid":{"rendered":"https:\/\/www.repam.net\/es\/?p=6740"},"modified":"2022-04-06T06:46:13","modified_gmt":"2022-04-06T11:46:13","slug":"50-anos-de-santarem-renovar-reencarnar-actualizar-esta-obra-misionera-inserta-en-la-historia-de-la-amazonia","status":"publish","type":"post","link":"https:\/\/www.repam.net\/es\/50-anos-de-santarem-renovar-reencarnar-actualizar-esta-obra-misionera-inserta-en-la-historia-de-la-amazonia\/","title":{"rendered":"50 a\u00f1os de Santar\u00e9m: \u00abRenovar, reencarnar, actualizar, esta obra misionera inserta en la historia de la Amazon\u00eda\u00bb"},"content":{"rendered":"\n<div class=\"wp-block-image\"><figure class=\"aligncenter size-large\"><img loading=\"lazy\" decoding=\"async\" width=\"1024\" height=\"576\" src=\"https:\/\/www.repam.net\/es\/wp-content\/uploads\/2022\/04\/Santarem-50-anos-apresentacao-1024x576.jpg\" alt=\"\" class=\"wp-image-6750\" srcset=\"https:\/\/www.repam.net\/es\/wp-content\/uploads\/2022\/04\/Santarem-50-anos-apresentacao-1024x576.jpg 1024w, https:\/\/www.repam.net\/es\/wp-content\/uploads\/2022\/04\/Santarem-50-anos-apresentacao-300x169.jpg 300w, https:\/\/www.repam.net\/es\/wp-content\/uploads\/2022\/04\/Santarem-50-anos-apresentacao-768x432.jpg 768w, https:\/\/www.repam.net\/es\/wp-content\/uploads\/2022\/04\/Santarem-50-anos-apresentacao.jpg 1280w\" sizes=\"auto, (max-width: 1024px) 100vw, 1024px\" \/><figcaption>Fotos: Reproducci\u00f3n\/TV Encontro Manaus<\/figcaption><\/figure><\/div>\n\n\n\n<blockquote class=\"wp-block-quote is-layout-flow wp-block-quote-is-layout-flow\"><p>Del\u00a0<strong>24 al 30 de mayo de 1972, el Seminario San P\u00edo X de Santar\u00e9m, en Brasil, acogi\u00f3 un encuentro que muchos consideran decisivo<\/strong>, al marcar las prioridades pastorales para la Amazon\u00eda, contenidas en el &#8220;Documento de Santar\u00e9m&#8221;. Del 6 al 9 de junio de 2022, se celebrar\u00e1 una nueva reuni\u00f3n en el mismo lugar, presentada en rueda de prensa este 5 de abril.<\/p><\/blockquote>\n\n\n\n<p><strong><em>Por Luis Miguel Modino<\/em><\/strong><\/p>\n\n\n\n<h5 class=\"wp-block-heading\"><\/h5>\n\n\n\n<p>Mons. Irineu Roman, arzobispo de Santar\u00e9m, considera el encuentro como \u00ab<strong>un momento oportuno para que la Iglesia de la Amazon\u00eda refuerce el esp\u00edritu de unidad y colegialidad, expresi\u00f3n del camino sinodal que estamos viviendo<\/strong>\u00ab. Seg\u00fan el arzobispo de Santar\u00e9m, estamos ante una oportunidad para que \u00abla Iglesia experimente una nueva misi\u00f3n en la encarnaci\u00f3n en la realidad y una acci\u00f3n liberadora\u00bb, recordando las palabras del Papa Pablo VI, que dijo que \u00abCristo apunta a la Amazon\u00eda\u00bb, algo que llama a la \u00abresponsabilidad com\u00fan ante los grandes problemas y a la opci\u00f3n preferencial por los pobres\u00bb.<\/p>\n\n\n\n<p><\/p>\n\n\n\n<div class=\"wp-block-image\"><figure class=\"aligncenter size-full\"><img loading=\"lazy\" decoding=\"async\" width=\"722\" height=\"406\" src=\"https:\/\/www.repam.net\/es\/wp-content\/uploads\/2022\/04\/50-anos-Santarem-1.jpeg\" alt=\"\" class=\"wp-image-6747\" srcset=\"https:\/\/www.repam.net\/es\/wp-content\/uploads\/2022\/04\/50-anos-Santarem-1.jpeg 722w, https:\/\/www.repam.net\/es\/wp-content\/uploads\/2022\/04\/50-anos-Santarem-1-300x169.jpeg 300w\" sizes=\"auto, (max-width: 722px) 100vw, 722px\" \/><figcaption>Mons. Irineu Roman, arzobispo de Santar\u00e9m<\/figcaption><\/figure><\/div>\n\n\n\n<p>El encuentro que tendr\u00e1 lugar en junio es visto por Mons. Irineu Roman como un momento para \u00ab<strong>renovar, reencarnar, actualizar, esta obra misionera inserta en la historia de la Amazon\u00eda<\/strong>\u00ab, iniciada hace 50 a\u00f1os. Un encuentro que debe realizarse con esp\u00edritu sinodal, viviendo as\u00ed \u00abuna experiencia de fraternidad y de fortalecimiento de nuestro camino eclesial en la Amazon\u00eda\u00bb.<\/p>\n\n\n\n<h5 class=\"wp-block-heading\">Revisar este documento inspirador<\/h5>\n\n\n\n<p>\u00abCelebrar los 50 a\u00f1os es volver a visitar este encuentro tan importante para nuestra querida Amazon\u00eda\u00bb, afirm\u00f3 Mons. Leonardo Ulrich Steiner. El arzobispo de Manaos y vicepresidente de la Conferencia Eclesial de la Amazon\u00eda &#8211; CEAMA record\u00f3 c\u00f3mo la \u00abpreocupaci\u00f3n de los obispos reunidos nos hizo&nbsp;<strong>pensar en una Iglesia encarnada y en una evangelizaci\u00f3n liberadora<\/strong>, dos l\u00edneas que siguen guiando nuestra evangelizaci\u00f3n en la Amazon\u00eda\u00bb, lo que deber\u00eda llevarnos a \u00abrevisar este documento inspirador\u00bb.<\/p>\n\n\n\n<p>Mons. Steiner ve lo que ocurri\u00f3 en Santar\u00e9m hace 50 a\u00f1os como \u00ab<strong>el comienzo de los frutos que hemos cosechado con el S\u00ednodo<\/strong>\u00ab, de un camino en el que se discutieron cuestiones hasta llegar al S\u00ednodo que nos gu\u00eda hoy. De hecho, muchos de los elementos del Documento est\u00e1n presentes en el S\u00ednodo, incluso en los sue\u00f1os del Papa Francisco.<\/p>\n\n\n\n<p><\/p>\n\n\n\n<div class=\"wp-block-image\"><figure class=\"aligncenter size-full\"><img loading=\"lazy\" decoding=\"async\" width=\"723\" height=\"406\" src=\"https:\/\/www.repam.net\/es\/wp-content\/uploads\/2022\/04\/50-anos-Santarem-12.jpeg\" alt=\"\" class=\"wp-image-6742\" srcset=\"https:\/\/www.repam.net\/es\/wp-content\/uploads\/2022\/04\/50-anos-Santarem-12.jpeg 723w, https:\/\/www.repam.net\/es\/wp-content\/uploads\/2022\/04\/50-anos-Santarem-12-300x168.jpeg 300w\" sizes=\"auto, (max-width: 723px) 100vw, 723px\" \/><figcaption>Mons. Leonardo Steiner, arzobispo de Manaus y vicepresidente de la Conferencia Eclesial de la Amazon\u00eda &#8211; CEAMA<\/figcaption><\/figure><\/div>\n\n\n\n<p>A partir de ah\u00ed, el arzobispo de Manaos lanz\u00f3 una invitaci\u00f3n: \u00abDej\u00e9monos impregnar por ese esp\u00edritu que guio a nuestros hermanos en aquella ocasi\u00f3n, para que sigamos siendo testigos de Jes\u00fas, sigamos siendo testigos del Reino de Dios, y busquemos&nbsp;<strong>ser una presencia de esperanza para la Amazon\u00eda, especialmente para los pueblos originarios, pero tambi\u00e9n para el medio ambiente que ha sido tan agredido en los \u00faltimos tiempos<\/strong>\u00ab, insistiendo en la necesidad de \u00abcaminar con audacia y coraje en nuestra acci\u00f3n evangelizadora en la Amazon\u00eda\u00bb.<\/p>\n\n\n\n<h5 class=\"wp-block-heading\">Una Iglesia prof\u00e9tica que no tiene miedo de defender la vida<\/h5>\n\n\n\n<p>Santar\u00e9m fue \u00ab<strong>una explosi\u00f3n del Vaticano II y de Medell\u00edn, que oblig\u00f3 a la Iglesia de la Amazon\u00eda a tomar decisiones que orientaron el rumbo de la Iglesia<\/strong>\u00ab, seg\u00fan Mons. Roque Paloschi, arzobispo de Porto Velho y presidente del CIMI. Fue un momento que \u00abda las indicaciones para una Iglesia como pueblo de Dios, valorando a los laicos, una Iglesia en salida, una Iglesia misionera\u00bb, seg\u00fan el arzobispo de Porto Velho. Llam\u00f3 a entender que \u00abvolver a Santar\u00e9m es agradecer y alabar a Dios por los pasos que la Iglesia ha podido dar\u00bb.<\/p>\n\n\n\n<p>Destacando \u00ab<strong>la importancia de una Iglesia prof\u00e9tica que no tiene miedo de defender la vida<\/strong>\u00ab, que estuvo presente en Santar\u00e9m hace 50 a\u00f1os, record\u00f3 que en ese encuentro surgi\u00f3 el Consejo Ind\u00edgenista Misionero (CIMI), que actualmente preside y que tambi\u00e9n cumple 50 a\u00f1os, y luego la Comisi\u00f3n Pastoral de la Tierra (CPT), \u00abque muestra la sensibilidad de la Iglesia y de sus pastores hacia el pueblo de Dios, para dar respuestas concretas a esas realidades sufrientes\u00bb.<\/p>\n\n\n\n<h5 class=\"wp-block-heading\">Nuevos lugares en la Iglesia<\/h5>\n\n\n\n<p>El encuentro de Santar\u00e9m en 1972 fue \u201c<strong>una oportunidad para que la Iglesia de la Amazon\u00eda tomara una decisi\u00f3n muy profunda en favor de los pueblos de la Amazon\u00eda y en defensa del medio ambiente<\/strong>\u201d, seg\u00fan M\u00e1rcia de Oliveira. La asesora de la REPAM-Brasil se\u00f1ala que \u00ablas semillas de una ecolog\u00eda integral nacieron hace 50 a\u00f1os y hoy las estamos cultivando en la misi\u00f3n, en el trabajo y en las actividades de la Iglesia en toda la Amazon\u00eda\u00bb.<\/p>\n\n\n\n<div class=\"wp-block-image\"><figure class=\"aligncenter size-full\"><img loading=\"lazy\" decoding=\"async\" width=\"709\" height=\"399\" src=\"https:\/\/www.repam.net\/es\/wp-content\/uploads\/2022\/04\/50-anos-Santarem-14.jpeg\" alt=\"\" class=\"wp-image-6743\" srcset=\"https:\/\/www.repam.net\/es\/wp-content\/uploads\/2022\/04\/50-anos-Santarem-14.jpeg 709w, https:\/\/www.repam.net\/es\/wp-content\/uploads\/2022\/04\/50-anos-Santarem-14-300x169.jpeg 300w\" sizes=\"auto, (max-width: 709px) 100vw, 709px\" \/><figcaption>M\u00e1rcia de Oliveira, asesora de la REPAM-Brasil<\/figcaption><\/figure><\/div>\n\n\n\n<p><\/p>\n\n\n\n<p>\u00abSantar\u00e9m aporta al debate de la Iglesia nuevos lugares de discurso, nuevos lugares de participaci\u00f3n, nuevos territorios, nuevos avances para la Iglesia en los grandes retos que la Iglesia empieza a asumir en ese momento\u00bb, seg\u00fan la soci\u00f3loga. Insisti\u00f3 en que \u00aben Santar\u00e9m se reposiciona&nbsp;<strong>una Iglesia de los pobres, una Iglesia con el rostro de los campesinos, con el rostro de los pueblos ind\u00edgenas, con el rostro de las mujeres, con el rostro de las periferias<\/strong>\u201d. Santar\u00e9m nos muestra \u00abuna Iglesia comprometida con la causa de los pobres de la Amazon\u00eda\u00bb, viendo en ese encuentro \u00abun momento importante que reconoce el protagonismo de los pueblos ind\u00edgenas en la defensa de la Amazon\u00eda\u00bb.<\/p>\n\n\n\n<h5 class=\"wp-block-heading\">Los problemas se han multiplicado<\/h5>\n\n\n\n<p>El encuentro de junio ser\u00e1 una oportunidad para profundizar en los retos que surgieron hace 50 a\u00f1os, \u00abporque los problemas tambi\u00e9n se han multiplicado, los desaf\u00edos est\u00e1n ah\u00ed\u00bb, seg\u00fan el arzobispo de Santar\u00e9m, que tambi\u00e9n destac\u00f3 los elementos positivos que generan esperanza. Durante el encuentro se abordar\u00e1n algunos temas muy preocupantes para la Amazon\u00eda, como&nbsp;<strong>la miner\u00eda ilegal y el mercurio<\/strong>, que afecta cada vez a m\u00e1s personas en la Amazon\u00eda, algo que \u00abest\u00e1 matando lentamente a la gente\u00bb, dijo Mons. Leonardo Steiner.<\/p>\n\n\n\n<p>Santar\u00e9m fue un encuentro que ayud\u00f3 a fortalecer los lazos entre la Iglesia en la Amazon\u00eda y la Iglesia en el resto de Brasil, aumentando el n\u00famero de misioneros en la regi\u00f3n, seg\u00fan el arzobispo de Manaos, algo que ha marcado la vida de la Iglesia en los \u00faltimos 50 a\u00f1os, insistiendo en que \u00abel camino de la Iglesia en la Amazon\u00eda ha hecho bien a la Iglesia en Brasil\u00bb, ayudando en un camino de esperanza, fecundo, prof\u00e9tico.&nbsp;<strong>Un camino extraordinario que siempre ha estado muy presente en el coraz\u00f3n del Papa Francisco<\/strong>.<\/p>\n\n\n\n<h5 class=\"wp-block-heading\">Profundizar la relaci\u00f3n de la Iglesia con los pueblos originarios<\/h5>\n\n\n\n<p>En relaci\u00f3n con los pueblos originarios, Mons. Steiner insisti\u00f3 en que \u00abes necesario que profundicemos en nuestra relaci\u00f3n\u00bb, en darles cada vez m\u00e1s voz, en no tener miedo de que la Iglesia est\u00e9 presente en medio de estos pueblos. No podemos olvidar que \u00ablos territorios ind\u00edgenas son las zonas mejor conservadas de Brasil\u00bb, insisti\u00f3 Mons. Roque Paloschi, quien tambi\u00e9n destac\u00f3 que \u00abnuestra fe no est\u00e1 desconectada de la vida\u00bb, y que \u00ab<strong>no es posible como cristianos caminar por caminos de muerte y destrucci\u00f3n, donde se alimenta el odio<\/strong>\u00ab. En relaci\u00f3n con esto, Marcia de Oliveira llam\u00f3 la atenci\u00f3n sobre la descolonizaci\u00f3n de las pr\u00e1cticas pastorales, algo que apareci\u00f3 en el S\u00ednodo para la Amazon\u00eda, insistiendo en la necesaria encarnaci\u00f3n, interculturalidad y protagonismo de los pueblos ind\u00edgenas.<\/p>\n\n\n\n<p>Al abordar la evangelizaci\u00f3n de los pueblos ind\u00edgenas, Mons. Roque Paloschi llam\u00f3 a&nbsp;<strong>superar las mentalidades colonialistas, reconociendo las semillas del Verbo presentes en medio de todas las culturas<\/strong>. En este sentido, Mons. Leonardo Steiner destac\u00f3 la riqueza de lo que ha hecho la Iglesia en la Amazon\u00eda, \u00abayudando incluso a los pueblos a recuperar su propia cultura\u00bb, algo que ayuda a mantener la identidad y la dignidad de un pueblo, lo que debe entenderse como una acci\u00f3n evangelizadora. No podemos olvidar, seg\u00fan el arzobispo de Manaos, que \u00abel Evangelio sabe inculturarse, el Evangelio va y muestra la dignidad de la cultura\u00bb. Junto a esto, la cuesti\u00f3n de los ministerios laicos, el diaconado permanente, el clero ind\u00edgena, la presencia de la Iglesia en la regi\u00f3n, la educaci\u00f3n integral y la defensa del medio ambiente, elementos que surgieron del S\u00ednodo para la Amazon\u00eda y que fueron destacados por Mons. Irineu Roman.<\/p>\n\n\n\n<hr class=\"wp-block-separator\"\/>\n\n\n\n<div class=\"wp-block-columns is-layout-flex wp-container-core-columns-is-layout-9d6595d7 wp-block-columns-is-layout-flex\">\n<div class=\"wp-block-column is-layout-flow wp-block-column-is-layout-flow\">\n<figure class=\"wp-block-image size-large\"><img loading=\"lazy\" decoding=\"async\" width=\"1024\" height=\"571\" src=\"https:\/\/www.repam.net\/es\/wp-content\/uploads\/2022\/04\/50-anos-Santarem-1024x571.jpeg\" alt=\"\" class=\"wp-image-6744\" srcset=\"https:\/\/www.repam.net\/es\/wp-content\/uploads\/2022\/04\/50-anos-Santarem-1024x571.jpeg 1024w, https:\/\/www.repam.net\/es\/wp-content\/uploads\/2022\/04\/50-anos-Santarem-300x167.jpeg 300w, https:\/\/www.repam.net\/es\/wp-content\/uploads\/2022\/04\/50-anos-Santarem-768x428.jpeg 768w, https:\/\/www.repam.net\/es\/wp-content\/uploads\/2022\/04\/50-anos-Santarem.jpeg 1280w\" sizes=\"auto, (max-width: 1024px) 100vw, 1024px\" \/><\/figure>\n<\/div>\n\n\n\n<div class=\"wp-block-column is-layout-flow wp-block-column-is-layout-flow\">\n<figure class=\"wp-block-image size-large\"><img loading=\"lazy\" decoding=\"async\" width=\"1024\" height=\"590\" src=\"https:\/\/www.repam.net\/es\/wp-content\/uploads\/2022\/04\/50-anos-Santarem-explicacao-1024x590.jpeg\" alt=\"\" class=\"wp-image-6745\" srcset=\"https:\/\/www.repam.net\/es\/wp-content\/uploads\/2022\/04\/50-anos-Santarem-explicacao-1024x590.jpeg 1024w, https:\/\/www.repam.net\/es\/wp-content\/uploads\/2022\/04\/50-anos-Santarem-explicacao-300x173.jpeg 300w, https:\/\/www.repam.net\/es\/wp-content\/uploads\/2022\/04\/50-anos-Santarem-explicacao-768x443.jpeg 768w, https:\/\/www.repam.net\/es\/wp-content\/uploads\/2022\/04\/50-anos-Santarem-explicacao.jpeg 1166w\" sizes=\"auto, (max-width: 1024px) 100vw, 1024px\" \/><\/figure>\n<\/div>\n<\/div>\n\n\n\n<div class=\"wp-block-columns is-layout-flex wp-container-core-columns-is-layout-9d6595d7 wp-block-columns-is-layout-flex\">\n<div class=\"wp-block-column is-layout-flow wp-block-column-is-layout-flow\">\n<p class=\"has-text-align-left\"><strong><a href=\"https:\/\/repam.org.br\/materiais-do-iv-encontro-da-igreja-catolica-na-amazonia-legal-50-anos-do-encontro-de-santarem\/\" target=\"_blank\" rel=\"noreferrer noopener\">Los materiales y subsidios para el IV Encuentro de la Iglesia Cat\u00f3lica en la Amazonia Legal &#8211; 50 a\u00f1os del Encuentro de Santarem (1972 &#8211; 2022) ya est\u00e1n disponibles para descarga en la p\u00e1gina de REPAM-Brasil<\/a><\/strong><\/p>\n<\/div>\n<\/div>\n","protected":false},"excerpt":{"rendered":"<p>Del\u00a024 al 30 de mayo de 1972, el Seminario San P\u00edo X de Santar\u00e9m, en Brasil, acogi\u00f3 un encuentro que muchos consideran decisivo, al marcar las prioridades pastorales para la Amazon\u00eda, contenidas en el &#8220;Documento de Santar\u00e9m&#8221;. Del 6 al 9 de junio de 2022, se celebrar\u00e1 una nueva reuni\u00f3n en el mismo lugar, presentada [&hellip;]<\/p>\n","protected":false},"author":1,"featured_media":6741,"comment_status":"closed","ping_status":"closed","sticky":false,"template":"","format":"standard","meta":{"_acf_changed":false,"_uf_show_specific_survey":0,"_uf_disable_surveys":false,"footnotes":""},"categories":[189,4],"tags":[1021,452,94,191],"class_list":["post-6740","post","type-post","status-publish","format-standard","has-post-thumbnail","hentry","category-brasil","category-noticias","tag-amazonia-brasilena","tag-cnbb","tag-iglesia-con-rostro-amazonico","tag-repam-brasil"],"acf":[],"aioseo_notices":[],"yoast_head":"<!-- This site is optimized with the Yoast SEO plugin v27.5 - https:\/\/yoast.com\/product\/yoast-seo-wordpress\/ -->\n<title>50 a\u00f1os de Santar\u00e9m: \u00abRenovar, reencarnar, actualizar, esta obra misionera inserta en la historia de la Amazon\u00eda\u00bb - REPAM<\/title>\n<meta name=\"robots\" content=\"index, follow, max-snippet:-1, max-image-preview:large, max-video-preview:-1\" \/>\n<link rel=\"canonical\" href=\"https:\/\/www.repam.net\/es\/50-anos-de-santarem-renovar-reencarnar-actualizar-esta-obra-misionera-inserta-en-la-historia-de-la-amazonia\/\" \/>\n<meta property=\"og:locale\" content=\"es_ES\" \/>\n<meta property=\"og:type\" content=\"article\" \/>\n<meta property=\"og:title\" content=\"50 a\u00f1os de Santar\u00e9m: \u00abRenovar, reencarnar, actualizar, esta obra misionera inserta en la historia de la Amazon\u00eda\u00bb - REPAM\" \/>\n<meta property=\"og:description\" content=\"Del\u00a024 al 30 de mayo de 1972, el Seminario San P\u00edo X de Santar\u00e9m, en Brasil, acogi\u00f3 un encuentro que muchos consideran decisivo, al marcar las prioridades pastorales para la Amazon\u00eda, contenidas en el &#8220;Documento de Santar\u00e9m&#8221;. Del 6 al 9 de junio de 2022, se celebrar\u00e1 una nueva reuni\u00f3n en el mismo lugar, presentada [&hellip;]\" \/>\n<meta property=\"og:url\" content=\"https:\/\/www.repam.net\/es\/50-anos-de-santarem-renovar-reencarnar-actualizar-esta-obra-misionera-inserta-en-la-historia-de-la-amazonia\/\" \/>\n<meta property=\"og:site_name\" content=\"REPAM\" \/>\n<meta property=\"article:published_time\" content=\"2022-04-05T19:15:07+00:00\" \/>\n<meta property=\"article:modified_time\" content=\"2022-04-06T11:46:13+00:00\" \/>\n<meta property=\"og:image\" content=\"https:\/\/www.repam.net\/es\/wp-content\/uploads\/2022\/04\/50-anos-Santarem-13.jpeg\" \/>\n\t<meta property=\"og:image:width\" content=\"714\" \/>\n\t<meta property=\"og:image:height\" content=\"401\" \/>\n\t<meta property=\"og:image:type\" content=\"image\/jpeg\" \/>\n<meta name=\"author\" content=\"repam@adm\" \/>\n<meta name=\"twitter:card\" content=\"summary_large_image\" \/>\n<meta name=\"twitter:label1\" content=\"Escrito por\" \/>\n\t<meta name=\"twitter:data1\" content=\"repam@adm\" \/>\n\t<meta name=\"twitter:label2\" content=\"Tiempo de lectura\" \/>\n\t<meta name=\"twitter:data2\" content=\"8 minutos\" \/>\n<script type=\"application\/ld+json\" class=\"yoast-schema-graph\">{\"@context\":\"https:\\\/\\\/schema.org\",\"@graph\":[{\"@type\":\"Article\",\"@id\":\"https:\\\/\\\/www.repam.net\\\/es\\\/50-anos-de-santarem-renovar-reencarnar-actualizar-esta-obra-misionera-inserta-en-la-historia-de-la-amazonia\\\/#article\",\"isPartOf\":{\"@id\":\"https:\\\/\\\/www.repam.net\\\/es\\\/50-anos-de-santarem-renovar-reencarnar-actualizar-esta-obra-misionera-inserta-en-la-historia-de-la-amazonia\\\/\"},\"author\":{\"name\":\"repam@adm\",\"@id\":\"https:\\\/\\\/www.repam.net\\\/es\\\/#\\\/schema\\\/person\\\/0c828bf04cf1abe6016cbe752c76a033\"},\"headline\":\"50 a\u00f1os de Santar\u00e9m: \u00abRenovar, reencarnar, actualizar, esta obra misionera inserta en la historia de la Amazon\u00eda\u00bb\",\"datePublished\":\"2022-04-05T19:15:07+00:00\",\"dateModified\":\"2022-04-06T11:46:13+00:00\",\"mainEntityOfPage\":{\"@id\":\"https:\\\/\\\/www.repam.net\\\/es\\\/50-anos-de-santarem-renovar-reencarnar-actualizar-esta-obra-misionera-inserta-en-la-historia-de-la-amazonia\\\/\"},\"wordCount\":1504,\"publisher\":{\"@id\":\"https:\\\/\\\/www.repam.net\\\/es\\\/#organization\"},\"image\":{\"@id\":\"https:\\\/\\\/www.repam.net\\\/es\\\/50-anos-de-santarem-renovar-reencarnar-actualizar-esta-obra-misionera-inserta-en-la-historia-de-la-amazonia\\\/#primaryimage\"},\"thumbnailUrl\":\"https:\\\/\\\/www.repam.net\\\/es\\\/wp-content\\\/uploads\\\/2022\\\/04\\\/50-anos-Santarem-13.jpeg\",\"keywords\":[\"Amazon\u00eda brasile\u00f1a\",\"cnbb\",\"Iglesia con rostro amaz\u00f3nico\",\"Repam Brasil\"],\"articleSection\":[\"Brasil\",\"Noticias\"],\"inLanguage\":\"es-CO\"},{\"@type\":\"WebPage\",\"@id\":\"https:\\\/\\\/www.repam.net\\\/es\\\/50-anos-de-santarem-renovar-reencarnar-actualizar-esta-obra-misionera-inserta-en-la-historia-de-la-amazonia\\\/\",\"url\":\"https:\\\/\\\/www.repam.net\\\/es\\\/50-anos-de-santarem-renovar-reencarnar-actualizar-esta-obra-misionera-inserta-en-la-historia-de-la-amazonia\\\/\",\"name\":\"50 a\u00f1os de Santar\u00e9m: \u00abRenovar, reencarnar, actualizar, esta obra misionera inserta en la historia de la Amazon\u00eda\u00bb - REPAM\",\"isPartOf\":{\"@id\":\"https:\\\/\\\/www.repam.net\\\/es\\\/#website\"},\"primaryImageOfPage\":{\"@id\":\"https:\\\/\\\/www.repam.net\\\/es\\\/50-anos-de-santarem-renovar-reencarnar-actualizar-esta-obra-misionera-inserta-en-la-historia-de-la-amazonia\\\/#primaryimage\"},\"image\":{\"@id\":\"https:\\\/\\\/www.repam.net\\\/es\\\/50-anos-de-santarem-renovar-reencarnar-actualizar-esta-obra-misionera-inserta-en-la-historia-de-la-amazonia\\\/#primaryimage\"},\"thumbnailUrl\":\"https:\\\/\\\/www.repam.net\\\/es\\\/wp-content\\\/uploads\\\/2022\\\/04\\\/50-anos-Santarem-13.jpeg\",\"datePublished\":\"2022-04-05T19:15:07+00:00\",\"dateModified\":\"2022-04-06T11:46:13+00:00\",\"breadcrumb\":{\"@id\":\"https:\\\/\\\/www.repam.net\\\/es\\\/50-anos-de-santarem-renovar-reencarnar-actualizar-esta-obra-misionera-inserta-en-la-historia-de-la-amazonia\\\/#breadcrumb\"},\"inLanguage\":\"es-CO\",\"potentialAction\":[{\"@type\":\"ReadAction\",\"target\":[\"https:\\\/\\\/www.repam.net\\\/es\\\/50-anos-de-santarem-renovar-reencarnar-actualizar-esta-obra-misionera-inserta-en-la-historia-de-la-amazonia\\\/\"]}]},{\"@type\":\"ImageObject\",\"inLanguage\":\"es-CO\",\"@id\":\"https:\\\/\\\/www.repam.net\\\/es\\\/50-anos-de-santarem-renovar-reencarnar-actualizar-esta-obra-misionera-inserta-en-la-historia-de-la-amazonia\\\/#primaryimage\",\"url\":\"https:\\\/\\\/www.repam.net\\\/es\\\/wp-content\\\/uploads\\\/2022\\\/04\\\/50-anos-Santarem-13.jpeg\",\"contentUrl\":\"https:\\\/\\\/www.repam.net\\\/es\\\/wp-content\\\/uploads\\\/2022\\\/04\\\/50-anos-Santarem-13.jpeg\",\"width\":714,\"height\":401},{\"@type\":\"BreadcrumbList\",\"@id\":\"https:\\\/\\\/www.repam.net\\\/es\\\/50-anos-de-santarem-renovar-reencarnar-actualizar-esta-obra-misionera-inserta-en-la-historia-de-la-amazonia\\\/#breadcrumb\",\"itemListElement\":[{\"@type\":\"ListItem\",\"position\":1,\"name\":\"Inicio\",\"item\":\"https:\\\/\\\/www.repam.net\\\/es\\\/\"},{\"@type\":\"ListItem\",\"position\":2,\"name\":\"50 a\u00f1os de Santar\u00e9m: \u00abRenovar, reencarnar, actualizar, esta obra misionera inserta en la historia de la Amazon\u00eda\u00bb\"}]},{\"@type\":\"WebSite\",\"@id\":\"https:\\\/\\\/www.repam.net\\\/es\\\/#website\",\"url\":\"https:\\\/\\\/www.repam.net\\\/es\\\/\",\"name\":\"REPAM\",\"description\":\"Red Eclesial Panamaz\u00f3nica\",\"publisher\":{\"@id\":\"https:\\\/\\\/www.repam.net\\\/es\\\/#organization\"},\"potentialAction\":[{\"@type\":\"SearchAction\",\"target\":{\"@type\":\"EntryPoint\",\"urlTemplate\":\"https:\\\/\\\/www.repam.net\\\/es\\\/?s={search_term_string}\"},\"query-input\":{\"@type\":\"PropertyValueSpecification\",\"valueRequired\":true,\"valueName\":\"search_term_string\"}}],\"inLanguage\":\"es-CO\"},{\"@type\":\"Organization\",\"@id\":\"https:\\\/\\\/www.repam.net\\\/es\\\/#organization\",\"name\":\"REPAM\",\"url\":\"https:\\\/\\\/www.repam.net\\\/es\\\/\",\"logo\":{\"@type\":\"ImageObject\",\"inLanguage\":\"es-CO\",\"@id\":\"https:\\\/\\\/www.repam.net\\\/es\\\/#\\\/schema\\\/logo\\\/image\\\/\",\"url\":\"https:\\\/\\\/www.repam.net\\\/es\\\/wp-content\\\/uploads\\\/2021\\\/11\\\/cropped-favicon.png\",\"contentUrl\":\"https:\\\/\\\/www.repam.net\\\/es\\\/wp-content\\\/uploads\\\/2021\\\/11\\\/cropped-favicon.png\",\"width\":512,\"height\":512,\"caption\":\"REPAM\"},\"image\":{\"@id\":\"https:\\\/\\\/www.repam.net\\\/es\\\/#\\\/schema\\\/logo\\\/image\\\/\"}},{\"@type\":\"Person\",\"@id\":\"https:\\\/\\\/www.repam.net\\\/es\\\/#\\\/schema\\\/person\\\/0c828bf04cf1abe6016cbe752c76a033\",\"name\":\"repam@adm\",\"image\":{\"@type\":\"ImageObject\",\"inLanguage\":\"es-CO\",\"@id\":\"https:\\\/\\\/secure.gravatar.com\\\/avatar\\\/b18234ea6de5d74563e52ca7bfdad9d2b029b514c935b38a2790717abf8f2e5f?s=96&d=mm&r=g\",\"url\":\"https:\\\/\\\/secure.gravatar.com\\\/avatar\\\/b18234ea6de5d74563e52ca7bfdad9d2b029b514c935b38a2790717abf8f2e5f?s=96&d=mm&r=g\",\"contentUrl\":\"https:\\\/\\\/secure.gravatar.com\\\/avatar\\\/b18234ea6de5d74563e52ca7bfdad9d2b029b514c935b38a2790717abf8f2e5f?s=96&d=mm&r=g\",\"caption\":\"repam@adm\"},\"sameAs\":[\"http:\\\/\\\/repam.net\"],\"url\":\"https:\\\/\\\/www.repam.net\\\/es\\\/author\\\/repamadm\\\/\"}]}<\/script>\n<!-- \/ Yoast SEO plugin. -->","yoast_head_json":{"title":"50 a\u00f1os de Santar\u00e9m: \u00abRenovar, reencarnar, actualizar, esta obra misionera inserta en la historia de la Amazon\u00eda\u00bb - REPAM","robots":{"index":"index","follow":"follow","max-snippet":"max-snippet:-1","max-image-preview":"max-image-preview:large","max-video-preview":"max-video-preview:-1"},"canonical":"https:\/\/www.repam.net\/es\/50-anos-de-santarem-renovar-reencarnar-actualizar-esta-obra-misionera-inserta-en-la-historia-de-la-amazonia\/","og_locale":"es_ES","og_type":"article","og_title":"50 a\u00f1os de Santar\u00e9m: \u00abRenovar, reencarnar, actualizar, esta obra misionera inserta en la historia de la Amazon\u00eda\u00bb - REPAM","og_description":"Del\u00a024 al 30 de mayo de 1972, el Seminario San P\u00edo X de Santar\u00e9m, en Brasil, acogi\u00f3 un encuentro que muchos consideran decisivo, al marcar las prioridades pastorales para la Amazon\u00eda, contenidas en el &#8220;Documento de Santar\u00e9m&#8221;. Del 6 al 9 de junio de 2022, se celebrar\u00e1 una nueva reuni\u00f3n en el mismo lugar, presentada [&hellip;]","og_url":"https:\/\/www.repam.net\/es\/50-anos-de-santarem-renovar-reencarnar-actualizar-esta-obra-misionera-inserta-en-la-historia-de-la-amazonia\/","og_site_name":"REPAM","article_published_time":"2022-04-05T19:15:07+00:00","article_modified_time":"2022-04-06T11:46:13+00:00","og_image":[{"width":714,"height":401,"url":"https:\/\/www.repam.net\/es\/wp-content\/uploads\/2022\/04\/50-anos-Santarem-13.jpeg","type":"image\/jpeg"}],"author":"repam@adm","twitter_card":"summary_large_image","twitter_misc":{"Escrito por":"repam@adm","Tiempo de lectura":"8 minutos"},"schema":{"@context":"https:\/\/schema.org","@graph":[{"@type":"Article","@id":"https:\/\/www.repam.net\/es\/50-anos-de-santarem-renovar-reencarnar-actualizar-esta-obra-misionera-inserta-en-la-historia-de-la-amazonia\/#article","isPartOf":{"@id":"https:\/\/www.repam.net\/es\/50-anos-de-santarem-renovar-reencarnar-actualizar-esta-obra-misionera-inserta-en-la-historia-de-la-amazonia\/"},"author":{"name":"repam@adm","@id":"https:\/\/www.repam.net\/es\/#\/schema\/person\/0c828bf04cf1abe6016cbe752c76a033"},"headline":"50 a\u00f1os de Santar\u00e9m: \u00abRenovar, reencarnar, actualizar, esta obra misionera inserta en la historia de la Amazon\u00eda\u00bb","datePublished":"2022-04-05T19:15:07+00:00","dateModified":"2022-04-06T11:46:13+00:00","mainEntityOfPage":{"@id":"https:\/\/www.repam.net\/es\/50-anos-de-santarem-renovar-reencarnar-actualizar-esta-obra-misionera-inserta-en-la-historia-de-la-amazonia\/"},"wordCount":1504,"publisher":{"@id":"https:\/\/www.repam.net\/es\/#organization"},"image":{"@id":"https:\/\/www.repam.net\/es\/50-anos-de-santarem-renovar-reencarnar-actualizar-esta-obra-misionera-inserta-en-la-historia-de-la-amazonia\/#primaryimage"},"thumbnailUrl":"https:\/\/www.repam.net\/es\/wp-content\/uploads\/2022\/04\/50-anos-Santarem-13.jpeg","keywords":["Amazon\u00eda brasile\u00f1a","cnbb","Iglesia con rostro amaz\u00f3nico","Repam Brasil"],"articleSection":["Brasil","Noticias"],"inLanguage":"es-CO"},{"@type":"WebPage","@id":"https:\/\/www.repam.net\/es\/50-anos-de-santarem-renovar-reencarnar-actualizar-esta-obra-misionera-inserta-en-la-historia-de-la-amazonia\/","url":"https:\/\/www.repam.net\/es\/50-anos-de-santarem-renovar-reencarnar-actualizar-esta-obra-misionera-inserta-en-la-historia-de-la-amazonia\/","name":"50 a\u00f1os de Santar\u00e9m: \u00abRenovar, reencarnar, actualizar, esta obra misionera inserta en la historia de la Amazon\u00eda\u00bb - REPAM","isPartOf":{"@id":"https:\/\/www.repam.net\/es\/#website"},"primaryImageOfPage":{"@id":"https:\/\/www.repam.net\/es\/50-anos-de-santarem-renovar-reencarnar-actualizar-esta-obra-misionera-inserta-en-la-historia-de-la-amazonia\/#primaryimage"},"image":{"@id":"https:\/\/www.repam.net\/es\/50-anos-de-santarem-renovar-reencarnar-actualizar-esta-obra-misionera-inserta-en-la-historia-de-la-amazonia\/#primaryimage"},"thumbnailUrl":"https:\/\/www.repam.net\/es\/wp-content\/uploads\/2022\/04\/50-anos-Santarem-13.jpeg","datePublished":"2022-04-05T19:15:07+00:00","dateModified":"2022-04-06T11:46:13+00:00","breadcrumb":{"@id":"https:\/\/www.repam.net\/es\/50-anos-de-santarem-renovar-reencarnar-actualizar-esta-obra-misionera-inserta-en-la-historia-de-la-amazonia\/#breadcrumb"},"inLanguage":"es-CO","potentialAction":[{"@type":"ReadAction","target":["https:\/\/www.repam.net\/es\/50-anos-de-santarem-renovar-reencarnar-actualizar-esta-obra-misionera-inserta-en-la-historia-de-la-amazonia\/"]}]},{"@type":"ImageObject","inLanguage":"es-CO","@id":"https:\/\/www.repam.net\/es\/50-anos-de-santarem-renovar-reencarnar-actualizar-esta-obra-misionera-inserta-en-la-historia-de-la-amazonia\/#primaryimage","url":"https:\/\/www.repam.net\/es\/wp-content\/uploads\/2022\/04\/50-anos-Santarem-13.jpeg","contentUrl":"https:\/\/www.repam.net\/es\/wp-content\/uploads\/2022\/04\/50-anos-Santarem-13.jpeg","width":714,"height":401},{"@type":"BreadcrumbList","@id":"https:\/\/www.repam.net\/es\/50-anos-de-santarem-renovar-reencarnar-actualizar-esta-obra-misionera-inserta-en-la-historia-de-la-amazonia\/#breadcrumb","itemListElement":[{"@type":"ListItem","position":1,"name":"Inicio","item":"https:\/\/www.repam.net\/es\/"},{"@type":"ListItem","position":2,"name":"50 a\u00f1os de Santar\u00e9m: \u00abRenovar, reencarnar, actualizar, esta obra misionera inserta en la historia de la Amazon\u00eda\u00bb"}]},{"@type":"WebSite","@id":"https:\/\/www.repam.net\/es\/#website","url":"https:\/\/www.repam.net\/es\/","name":"REPAM","description":"Red Eclesial Panamaz\u00f3nica","publisher":{"@id":"https:\/\/www.repam.net\/es\/#organization"},"potentialAction":[{"@type":"SearchAction","target":{"@type":"EntryPoint","urlTemplate":"https:\/\/www.repam.net\/es\/?s={search_term_string}"},"query-input":{"@type":"PropertyValueSpecification","valueRequired":true,"valueName":"search_term_string"}}],"inLanguage":"es-CO"},{"@type":"Organization","@id":"https:\/\/www.repam.net\/es\/#organization","name":"REPAM","url":"https:\/\/www.repam.net\/es\/","logo":{"@type":"ImageObject","inLanguage":"es-CO","@id":"https:\/\/www.repam.net\/es\/#\/schema\/logo\/image\/","url":"https:\/\/www.repam.net\/es\/wp-content\/uploads\/2021\/11\/cropped-favicon.png","contentUrl":"https:\/\/www.repam.net\/es\/wp-content\/uploads\/2021\/11\/cropped-favicon.png","width":512,"height":512,"caption":"REPAM"},"image":{"@id":"https:\/\/www.repam.net\/es\/#\/schema\/logo\/image\/"}},{"@type":"Person","@id":"https:\/\/www.repam.net\/es\/#\/schema\/person\/0c828bf04cf1abe6016cbe752c76a033","name":"repam@adm","image":{"@type":"ImageObject","inLanguage":"es-CO","@id":"https:\/\/secure.gravatar.com\/avatar\/b18234ea6de5d74563e52ca7bfdad9d2b029b514c935b38a2790717abf8f2e5f?s=96&d=mm&r=g","url":"https:\/\/secure.gravatar.com\/avatar\/b18234ea6de5d74563e52ca7bfdad9d2b029b514c935b38a2790717abf8f2e5f?s=96&d=mm&r=g","contentUrl":"https:\/\/secure.gravatar.com\/avatar\/b18234ea6de5d74563e52ca7bfdad9d2b029b514c935b38a2790717abf8f2e5f?s=96&d=mm&r=g","caption":"repam@adm"},"sameAs":["http:\/\/repam.net"],"url":"https:\/\/www.repam.net\/es\/author\/repamadm\/"}]}},"_links":{"self":[{"href":"https:\/\/www.repam.net\/es\/wp-json\/wp\/v2\/posts\/6740","targetHints":{"allow":["GET"]}}],"collection":[{"href":"https:\/\/www.repam.net\/es\/wp-json\/wp\/v2\/posts"}],"about":[{"href":"https:\/\/www.repam.net\/es\/wp-json\/wp\/v2\/types\/post"}],"author":[{"embeddable":true,"href":"https:\/\/www.repam.net\/es\/wp-json\/wp\/v2\/users\/1"}],"replies":[{"embeddable":true,"href":"https:\/\/www.repam.net\/es\/wp-json\/wp\/v2\/comments?post=6740"}],"version-history":[{"count":5,"href":"https:\/\/www.repam.net\/es\/wp-json\/wp\/v2\/posts\/6740\/revisions"}],"predecessor-version":[{"id":6756,"href":"https:\/\/www.repam.net\/es\/wp-json\/wp\/v2\/posts\/6740\/revisions\/6756"}],"wp:featuredmedia":[{"embeddable":true,"href":"https:\/\/www.repam.net\/es\/wp-json\/wp\/v2\/media\/6741"}],"wp:attachment":[{"href":"https:\/\/www.repam.net\/es\/wp-json\/wp\/v2\/media?parent=6740"}],"wp:term":[{"taxonomy":"category","embeddable":true,"href":"https:\/\/www.repam.net\/es\/wp-json\/wp\/v2\/categories?post=6740"},{"taxonomy":"post_tag","embeddable":true,"href":"https:\/\/www.repam.net\/es\/wp-json\/wp\/v2\/tags?post=6740"}],"curies":[{"name":"wp","href":"https:\/\/api.w.org\/{rel}","templated":true}]}}