{"id":6757,"date":"2022-04-06T13:20:40","date_gmt":"2022-04-06T18:20:40","guid":{"rendered":"https:\/\/www.repam.net\/es\/?p=6757"},"modified":"2022-04-06T13:20:42","modified_gmt":"2022-04-06T18:20:42","slug":"brasil-cnbb-nombra-al-nuevo-presidente-de-la-comision-episcopal-especial-para-la-amazonia","status":"publish","type":"post","link":"https:\/\/www.repam.net\/es\/brasil-cnbb-nombra-al-nuevo-presidente-de-la-comision-episcopal-especial-para-la-amazonia\/","title":{"rendered":"Brasil: CNBB nombra al nuevo presidente de la Comisi\u00f3n Episcopal Especial para la Amazonia"},"content":{"rendered":"\n<div class=\"wp-block-image\"><figure class=\"aligncenter size-full\"><img loading=\"lazy\" decoding=\"async\" width=\"750\" height=\"422\" src=\"https:\/\/www.repam.net\/es\/wp-content\/uploads\/2022\/04\/Comissao-Amazonia-Dom-Leonardo.png\" alt=\"\" class=\"wp-image-6758\" srcset=\"https:\/\/www.repam.net\/es\/wp-content\/uploads\/2022\/04\/Comissao-Amazonia-Dom-Leonardo.png 750w, https:\/\/www.repam.net\/es\/wp-content\/uploads\/2022\/04\/Comissao-Amazonia-Dom-Leonardo-300x169.png 300w\" sizes=\"auto, (max-width: 750px) 100vw, 750px\" \/><\/figure><\/div>\n\n\n\n<blockquote class=\"wp-block-quote is-layout-flow wp-block-quote-is-layout-flow\"><p>La Presidencia de la Conferencia Nacional de Obispos de Brasil (CNBB) nombr\u00f3 este lunes, 4 de abril, al Arzobispo Metropolitano de Manaus, Monse\u00f1or Leonardo Ulrich Steiner, como nuevo presidente de la Comisi\u00f3n Episcopal Especial para la Amazon\u00eda. El arzobispo Leonardo completar\u00e1 el mandato para el cuatrienio 2019-2023.<\/p><\/blockquote>\n\n\n\n<p><strong><em>Por Comunicaciones REPAM-Brasil<\/em><\/strong><\/p>\n\n\n\n<p>&#8220;Con alegr\u00eda y esperanza, recibimos la noticia de su nombramiento como nuevo presidente de la Comisi\u00f3n Episcopal Especial para la Amazon\u00eda de la CNBB. Que su carisma franciscano, obediente al Evangelio, sea fuente de alegr\u00eda en esta nueva misi\u00f3n&#8221;, salud\u00f3 la Comisi\u00f3n para la Amazonia y la Red Eclesial Panamaz\u00f3nica &#8211; REPAM-Brasil.<\/p>\n\n\n\n<p>La definici\u00f3n de la nueva presidencia de la Comisi\u00f3n se debe a la renuncia presentada por el entonces presidente, el cardenal Cl\u00e1udio Hummes. \u00c9l fue nombrado presidente de la Comisi\u00f3n para la Amazonia en 2011. Ahora, en 2022, present\u00f3 su renuncia por motivos de salud.<\/p>\n\n\n\n<p>La Comisi\u00f3n para la Amazonia y la REPAM-Brasil tambi\u00e9n agradecieron al cardenal por su labor al frente de la Comisi\u00f3n. &#8220;Alabamos especialmente por su trabajo y compromiso con los pueblos tradicionales y la Amazonia. Que su testimonio y su misi\u00f3n sigan anim\u00e1ndonos en la defensa de la Amazon\u00eda y de sus pueblos. Estamos agradecidos por su presencia valiente y prof\u00e9tica&#8221;.<\/p>\n\n\n\n<h5 class=\"wp-block-heading\">Conozca a los miembros de la Comisi\u00f3n:<\/h5>\n\n\n\n<ul class=\"wp-block-list\"><li>Dom Leonardo Ulrich Steiner, OFM &#8211; Presidente<\/li><li>Dom Erwin Kr\u00e4utler, CPPS &#8211; Secretario<\/li><li>Monse\u00f1or Roque Paloschi          <\/li><li>Evaristo Pascoal Spengler, OFM<\/li><li>Jos\u00e9 Ionilton Lisboa de Oliveira, SDV         <\/li><li>Assessora: Ir. Maria Irene Lopes dos Santos<\/li><\/ul>\n\n\n\n<p><strong><em>Fuente: REPAM-Brasil<\/em><\/strong><\/p>\n","protected":false},"excerpt":{"rendered":"<p>La Presidencia de la Conferencia Nacional de Obispos de Brasil (CNBB) nombr\u00f3 este lunes, 4 de abril, al Arzobispo Metropolitano de Manaus, Monse\u00f1or Leonardo Ulrich Steiner, como nuevo presidente de la Comisi\u00f3n Episcopal Especial para la Amazon\u00eda. El arzobispo Leonardo completar\u00e1 el mandato para el cuatrienio 2019-2023. Por Comunicaciones REPAM-Brasil &#8220;Con alegr\u00eda y esperanza, recibimos [&hellip;]<\/p>\n","protected":false},"author":1,"featured_media":6758,"comment_status":"closed","ping_status":"closed","sticky":false,"template":"","format":"standard","meta":{"_acf_changed":false,"_uf_show_specific_survey":0,"_uf_disable_surveys":false,"footnotes":""},"categories":[189,4],"tags":[1021,121,452,1079,272],"class_list":["post-6757","post","type-post","status-publish","format-standard","has-post-thumbnail","hentry","category-brasil","category-noticias","tag-amazonia-brasilena","tag-brasil","tag-cnbb","tag-comissao-para-a-amazonia","tag-nombramiento"],"acf":[],"aioseo_notices":[],"yoast_head":"<!-- This site is optimized with the Yoast SEO plugin v27.5 - https:\/\/yoast.com\/product\/yoast-seo-wordpress\/ -->\n<title>Brasil: CNBB nombra al nuevo presidente de la Comisi\u00f3n Episcopal Especial para la Amazonia - REPAM<\/title>\n<meta name=\"robots\" content=\"index, follow, max-snippet:-1, max-image-preview:large, max-video-preview:-1\" \/>\n<link rel=\"canonical\" href=\"https:\/\/www.repam.net\/es\/brasil-cnbb-nombra-al-nuevo-presidente-de-la-comision-episcopal-especial-para-la-amazonia\/\" \/>\n<meta property=\"og:locale\" content=\"es_ES\" \/>\n<meta property=\"og:type\" content=\"article\" \/>\n<meta property=\"og:title\" content=\"Brasil: CNBB nombra al nuevo presidente de la Comisi\u00f3n Episcopal Especial para la Amazonia - REPAM\" \/>\n<meta property=\"og:description\" content=\"La Presidencia de la Conferencia Nacional de Obispos de Brasil (CNBB) nombr\u00f3 este lunes, 4 de abril, al Arzobispo Metropolitano de Manaus, Monse\u00f1or Leonardo Ulrich Steiner, como nuevo presidente de la Comisi\u00f3n Episcopal Especial para la Amazon\u00eda. El arzobispo Leonardo completar\u00e1 el mandato para el cuatrienio 2019-2023. Por Comunicaciones REPAM-Brasil &#8220;Con alegr\u00eda y esperanza, recibimos [&hellip;]\" \/>\n<meta property=\"og:url\" content=\"https:\/\/www.repam.net\/es\/brasil-cnbb-nombra-al-nuevo-presidente-de-la-comision-episcopal-especial-para-la-amazonia\/\" \/>\n<meta property=\"og:site_name\" content=\"REPAM\" \/>\n<meta property=\"article:published_time\" content=\"2022-04-06T18:20:40+00:00\" \/>\n<meta property=\"article:modified_time\" content=\"2022-04-06T18:20:42+00:00\" \/>\n<meta property=\"og:image\" content=\"https:\/\/www.repam.net\/es\/wp-content\/uploads\/2022\/04\/Comissao-Amazonia-Dom-Leonardo.png\" \/>\n\t<meta property=\"og:image:width\" content=\"750\" \/>\n\t<meta property=\"og:image:height\" content=\"422\" \/>\n\t<meta property=\"og:image:type\" content=\"image\/png\" \/>\n<meta name=\"author\" content=\"repam@adm\" \/>\n<meta name=\"twitter:card\" content=\"summary_large_image\" \/>\n<meta name=\"twitter:label1\" content=\"Escrito por\" \/>\n\t<meta name=\"twitter:data1\" content=\"repam@adm\" \/>\n\t<meta name=\"twitter:label2\" content=\"Tiempo de lectura\" \/>\n\t<meta name=\"twitter:data2\" content=\"2 minutos\" \/>\n<script type=\"application\/ld+json\" class=\"yoast-schema-graph\">{\"@context\":\"https:\\\/\\\/schema.org\",\"@graph\":[{\"@type\":\"Article\",\"@id\":\"https:\\\/\\\/www.repam.net\\\/es\\\/brasil-cnbb-nombra-al-nuevo-presidente-de-la-comision-episcopal-especial-para-la-amazonia\\\/#article\",\"isPartOf\":{\"@id\":\"https:\\\/\\\/www.repam.net\\\/es\\\/brasil-cnbb-nombra-al-nuevo-presidente-de-la-comision-episcopal-especial-para-la-amazonia\\\/\"},\"author\":{\"name\":\"repam@adm\",\"@id\":\"https:\\\/\\\/www.repam.net\\\/es\\\/#\\\/schema\\\/person\\\/0c828bf04cf1abe6016cbe752c76a033\"},\"headline\":\"Brasil: CNBB nombra al nuevo presidente de la Comisi\u00f3n Episcopal Especial para la Amazonia\",\"datePublished\":\"2022-04-06T18:20:40+00:00\",\"dateModified\":\"2022-04-06T18:20:42+00:00\",\"mainEntityOfPage\":{\"@id\":\"https:\\\/\\\/www.repam.net\\\/es\\\/brasil-cnbb-nombra-al-nuevo-presidente-de-la-comision-episcopal-especial-para-la-amazonia\\\/\"},\"wordCount\":285,\"publisher\":{\"@id\":\"https:\\\/\\\/www.repam.net\\\/es\\\/#organization\"},\"image\":{\"@id\":\"https:\\\/\\\/www.repam.net\\\/es\\\/brasil-cnbb-nombra-al-nuevo-presidente-de-la-comision-episcopal-especial-para-la-amazonia\\\/#primaryimage\"},\"thumbnailUrl\":\"https:\\\/\\\/www.repam.net\\\/es\\\/wp-content\\\/uploads\\\/2022\\\/04\\\/Comissao-Amazonia-Dom-Leonardo.png\",\"keywords\":[\"Amazon\u00eda brasile\u00f1a\",\"Brasil\",\"cnbb\",\"Comiss\u00e3o para a Amaz\u00f4nia\",\"Nombramiento\"],\"articleSection\":[\"Brasil\",\"Noticias\"],\"inLanguage\":\"es-CO\"},{\"@type\":\"WebPage\",\"@id\":\"https:\\\/\\\/www.repam.net\\\/es\\\/brasil-cnbb-nombra-al-nuevo-presidente-de-la-comision-episcopal-especial-para-la-amazonia\\\/\",\"url\":\"https:\\\/\\\/www.repam.net\\\/es\\\/brasil-cnbb-nombra-al-nuevo-presidente-de-la-comision-episcopal-especial-para-la-amazonia\\\/\",\"name\":\"Brasil: CNBB nombra al nuevo presidente de la Comisi\u00f3n Episcopal Especial para la Amazonia - REPAM\",\"isPartOf\":{\"@id\":\"https:\\\/\\\/www.repam.net\\\/es\\\/#website\"},\"primaryImageOfPage\":{\"@id\":\"https:\\\/\\\/www.repam.net\\\/es\\\/brasil-cnbb-nombra-al-nuevo-presidente-de-la-comision-episcopal-especial-para-la-amazonia\\\/#primaryimage\"},\"image\":{\"@id\":\"https:\\\/\\\/www.repam.net\\\/es\\\/brasil-cnbb-nombra-al-nuevo-presidente-de-la-comision-episcopal-especial-para-la-amazonia\\\/#primaryimage\"},\"thumbnailUrl\":\"https:\\\/\\\/www.repam.net\\\/es\\\/wp-content\\\/uploads\\\/2022\\\/04\\\/Comissao-Amazonia-Dom-Leonardo.png\",\"datePublished\":\"2022-04-06T18:20:40+00:00\",\"dateModified\":\"2022-04-06T18:20:42+00:00\",\"breadcrumb\":{\"@id\":\"https:\\\/\\\/www.repam.net\\\/es\\\/brasil-cnbb-nombra-al-nuevo-presidente-de-la-comision-episcopal-especial-para-la-amazonia\\\/#breadcrumb\"},\"inLanguage\":\"es-CO\",\"potentialAction\":[{\"@type\":\"ReadAction\",\"target\":[\"https:\\\/\\\/www.repam.net\\\/es\\\/brasil-cnbb-nombra-al-nuevo-presidente-de-la-comision-episcopal-especial-para-la-amazonia\\\/\"]}]},{\"@type\":\"ImageObject\",\"inLanguage\":\"es-CO\",\"@id\":\"https:\\\/\\\/www.repam.net\\\/es\\\/brasil-cnbb-nombra-al-nuevo-presidente-de-la-comision-episcopal-especial-para-la-amazonia\\\/#primaryimage\",\"url\":\"https:\\\/\\\/www.repam.net\\\/es\\\/wp-content\\\/uploads\\\/2022\\\/04\\\/Comissao-Amazonia-Dom-Leonardo.png\",\"contentUrl\":\"https:\\\/\\\/www.repam.net\\\/es\\\/wp-content\\\/uploads\\\/2022\\\/04\\\/Comissao-Amazonia-Dom-Leonardo.png\",\"width\":750,\"height\":422},{\"@type\":\"BreadcrumbList\",\"@id\":\"https:\\\/\\\/www.repam.net\\\/es\\\/brasil-cnbb-nombra-al-nuevo-presidente-de-la-comision-episcopal-especial-para-la-amazonia\\\/#breadcrumb\",\"itemListElement\":[{\"@type\":\"ListItem\",\"position\":1,\"name\":\"Inicio\",\"item\":\"https:\\\/\\\/www.repam.net\\\/es\\\/\"},{\"@type\":\"ListItem\",\"position\":2,\"name\":\"Brasil: CNBB nombra al nuevo presidente de la Comisi\u00f3n Episcopal Especial para la Amazonia\"}]},{\"@type\":\"WebSite\",\"@id\":\"https:\\\/\\\/www.repam.net\\\/es\\\/#website\",\"url\":\"https:\\\/\\\/www.repam.net\\\/es\\\/\",\"name\":\"REPAM\",\"description\":\"Red Eclesial Panamaz\u00f3nica\",\"publisher\":{\"@id\":\"https:\\\/\\\/www.repam.net\\\/es\\\/#organization\"},\"potentialAction\":[{\"@type\":\"SearchAction\",\"target\":{\"@type\":\"EntryPoint\",\"urlTemplate\":\"https:\\\/\\\/www.repam.net\\\/es\\\/?s={search_term_string}\"},\"query-input\":{\"@type\":\"PropertyValueSpecification\",\"valueRequired\":true,\"valueName\":\"search_term_string\"}}],\"inLanguage\":\"es-CO\"},{\"@type\":\"Organization\",\"@id\":\"https:\\\/\\\/www.repam.net\\\/es\\\/#organization\",\"name\":\"REPAM\",\"url\":\"https:\\\/\\\/www.repam.net\\\/es\\\/\",\"logo\":{\"@type\":\"ImageObject\",\"inLanguage\":\"es-CO\",\"@id\":\"https:\\\/\\\/www.repam.net\\\/es\\\/#\\\/schema\\\/logo\\\/image\\\/\",\"url\":\"https:\\\/\\\/www.repam.net\\\/es\\\/wp-content\\\/uploads\\\/2021\\\/11\\\/cropped-favicon.png\",\"contentUrl\":\"https:\\\/\\\/www.repam.net\\\/es\\\/wp-content\\\/uploads\\\/2021\\\/11\\\/cropped-favicon.png\",\"width\":512,\"height\":512,\"caption\":\"REPAM\"},\"image\":{\"@id\":\"https:\\\/\\\/www.repam.net\\\/es\\\/#\\\/schema\\\/logo\\\/image\\\/\"}},{\"@type\":\"Person\",\"@id\":\"https:\\\/\\\/www.repam.net\\\/es\\\/#\\\/schema\\\/person\\\/0c828bf04cf1abe6016cbe752c76a033\",\"name\":\"repam@adm\",\"image\":{\"@type\":\"ImageObject\",\"inLanguage\":\"es-CO\",\"@id\":\"https:\\\/\\\/secure.gravatar.com\\\/avatar\\\/b18234ea6de5d74563e52ca7bfdad9d2b029b514c935b38a2790717abf8f2e5f?s=96&d=mm&r=g\",\"url\":\"https:\\\/\\\/secure.gravatar.com\\\/avatar\\\/b18234ea6de5d74563e52ca7bfdad9d2b029b514c935b38a2790717abf8f2e5f?s=96&d=mm&r=g\",\"contentUrl\":\"https:\\\/\\\/secure.gravatar.com\\\/avatar\\\/b18234ea6de5d74563e52ca7bfdad9d2b029b514c935b38a2790717abf8f2e5f?s=96&d=mm&r=g\",\"caption\":\"repam@adm\"},\"sameAs\":[\"http:\\\/\\\/repam.net\"],\"url\":\"https:\\\/\\\/www.repam.net\\\/es\\\/author\\\/repamadm\\\/\"}]}<\/script>\n<!-- \/ Yoast SEO plugin. -->","yoast_head_json":{"title":"Brasil: CNBB nombra al nuevo presidente de la Comisi\u00f3n Episcopal Especial para la Amazonia - REPAM","robots":{"index":"index","follow":"follow","max-snippet":"max-snippet:-1","max-image-preview":"max-image-preview:large","max-video-preview":"max-video-preview:-1"},"canonical":"https:\/\/www.repam.net\/es\/brasil-cnbb-nombra-al-nuevo-presidente-de-la-comision-episcopal-especial-para-la-amazonia\/","og_locale":"es_ES","og_type":"article","og_title":"Brasil: CNBB nombra al nuevo presidente de la Comisi\u00f3n Episcopal Especial para la Amazonia - REPAM","og_description":"La Presidencia de la Conferencia Nacional de Obispos de Brasil (CNBB) nombr\u00f3 este lunes, 4 de abril, al Arzobispo Metropolitano de Manaus, Monse\u00f1or Leonardo Ulrich Steiner, como nuevo presidente de la Comisi\u00f3n Episcopal Especial para la Amazon\u00eda. El arzobispo Leonardo completar\u00e1 el mandato para el cuatrienio 2019-2023. Por Comunicaciones REPAM-Brasil &#8220;Con alegr\u00eda y esperanza, recibimos [&hellip;]","og_url":"https:\/\/www.repam.net\/es\/brasil-cnbb-nombra-al-nuevo-presidente-de-la-comision-episcopal-especial-para-la-amazonia\/","og_site_name":"REPAM","article_published_time":"2022-04-06T18:20:40+00:00","article_modified_time":"2022-04-06T18:20:42+00:00","og_image":[{"width":750,"height":422,"url":"https:\/\/www.repam.net\/es\/wp-content\/uploads\/2022\/04\/Comissao-Amazonia-Dom-Leonardo.png","type":"image\/png"}],"author":"repam@adm","twitter_card":"summary_large_image","twitter_misc":{"Escrito por":"repam@adm","Tiempo de lectura":"2 minutos"},"schema":{"@context":"https:\/\/schema.org","@graph":[{"@type":"Article","@id":"https:\/\/www.repam.net\/es\/brasil-cnbb-nombra-al-nuevo-presidente-de-la-comision-episcopal-especial-para-la-amazonia\/#article","isPartOf":{"@id":"https:\/\/www.repam.net\/es\/brasil-cnbb-nombra-al-nuevo-presidente-de-la-comision-episcopal-especial-para-la-amazonia\/"},"author":{"name":"repam@adm","@id":"https:\/\/www.repam.net\/es\/#\/schema\/person\/0c828bf04cf1abe6016cbe752c76a033"},"headline":"Brasil: CNBB nombra al nuevo presidente de la Comisi\u00f3n Episcopal Especial para la Amazonia","datePublished":"2022-04-06T18:20:40+00:00","dateModified":"2022-04-06T18:20:42+00:00","mainEntityOfPage":{"@id":"https:\/\/www.repam.net\/es\/brasil-cnbb-nombra-al-nuevo-presidente-de-la-comision-episcopal-especial-para-la-amazonia\/"},"wordCount":285,"publisher":{"@id":"https:\/\/www.repam.net\/es\/#organization"},"image":{"@id":"https:\/\/www.repam.net\/es\/brasil-cnbb-nombra-al-nuevo-presidente-de-la-comision-episcopal-especial-para-la-amazonia\/#primaryimage"},"thumbnailUrl":"https:\/\/www.repam.net\/es\/wp-content\/uploads\/2022\/04\/Comissao-Amazonia-Dom-Leonardo.png","keywords":["Amazon\u00eda brasile\u00f1a","Brasil","cnbb","Comiss\u00e3o para a Amaz\u00f4nia","Nombramiento"],"articleSection":["Brasil","Noticias"],"inLanguage":"es-CO"},{"@type":"WebPage","@id":"https:\/\/www.repam.net\/es\/brasil-cnbb-nombra-al-nuevo-presidente-de-la-comision-episcopal-especial-para-la-amazonia\/","url":"https:\/\/www.repam.net\/es\/brasil-cnbb-nombra-al-nuevo-presidente-de-la-comision-episcopal-especial-para-la-amazonia\/","name":"Brasil: CNBB nombra al nuevo presidente de la Comisi\u00f3n Episcopal Especial para la Amazonia - REPAM","isPartOf":{"@id":"https:\/\/www.repam.net\/es\/#website"},"primaryImageOfPage":{"@id":"https:\/\/www.repam.net\/es\/brasil-cnbb-nombra-al-nuevo-presidente-de-la-comision-episcopal-especial-para-la-amazonia\/#primaryimage"},"image":{"@id":"https:\/\/www.repam.net\/es\/brasil-cnbb-nombra-al-nuevo-presidente-de-la-comision-episcopal-especial-para-la-amazonia\/#primaryimage"},"thumbnailUrl":"https:\/\/www.repam.net\/es\/wp-content\/uploads\/2022\/04\/Comissao-Amazonia-Dom-Leonardo.png","datePublished":"2022-04-06T18:20:40+00:00","dateModified":"2022-04-06T18:20:42+00:00","breadcrumb":{"@id":"https:\/\/www.repam.net\/es\/brasil-cnbb-nombra-al-nuevo-presidente-de-la-comision-episcopal-especial-para-la-amazonia\/#breadcrumb"},"inLanguage":"es-CO","potentialAction":[{"@type":"ReadAction","target":["https:\/\/www.repam.net\/es\/brasil-cnbb-nombra-al-nuevo-presidente-de-la-comision-episcopal-especial-para-la-amazonia\/"]}]},{"@type":"ImageObject","inLanguage":"es-CO","@id":"https:\/\/www.repam.net\/es\/brasil-cnbb-nombra-al-nuevo-presidente-de-la-comision-episcopal-especial-para-la-amazonia\/#primaryimage","url":"https:\/\/www.repam.net\/es\/wp-content\/uploads\/2022\/04\/Comissao-Amazonia-Dom-Leonardo.png","contentUrl":"https:\/\/www.repam.net\/es\/wp-content\/uploads\/2022\/04\/Comissao-Amazonia-Dom-Leonardo.png","width":750,"height":422},{"@type":"BreadcrumbList","@id":"https:\/\/www.repam.net\/es\/brasil-cnbb-nombra-al-nuevo-presidente-de-la-comision-episcopal-especial-para-la-amazonia\/#breadcrumb","itemListElement":[{"@type":"ListItem","position":1,"name":"Inicio","item":"https:\/\/www.repam.net\/es\/"},{"@type":"ListItem","position":2,"name":"Brasil: CNBB nombra al nuevo presidente de la Comisi\u00f3n Episcopal Especial para la Amazonia"}]},{"@type":"WebSite","@id":"https:\/\/www.repam.net\/es\/#website","url":"https:\/\/www.repam.net\/es\/","name":"REPAM","description":"Red Eclesial Panamaz\u00f3nica","publisher":{"@id":"https:\/\/www.repam.net\/es\/#organization"},"potentialAction":[{"@type":"SearchAction","target":{"@type":"EntryPoint","urlTemplate":"https:\/\/www.repam.net\/es\/?s={search_term_string}"},"query-input":{"@type":"PropertyValueSpecification","valueRequired":true,"valueName":"search_term_string"}}],"inLanguage":"es-CO"},{"@type":"Organization","@id":"https:\/\/www.repam.net\/es\/#organization","name":"REPAM","url":"https:\/\/www.repam.net\/es\/","logo":{"@type":"ImageObject","inLanguage":"es-CO","@id":"https:\/\/www.repam.net\/es\/#\/schema\/logo\/image\/","url":"https:\/\/www.repam.net\/es\/wp-content\/uploads\/2021\/11\/cropped-favicon.png","contentUrl":"https:\/\/www.repam.net\/es\/wp-content\/uploads\/2021\/11\/cropped-favicon.png","width":512,"height":512,"caption":"REPAM"},"image":{"@id":"https:\/\/www.repam.net\/es\/#\/schema\/logo\/image\/"}},{"@type":"Person","@id":"https:\/\/www.repam.net\/es\/#\/schema\/person\/0c828bf04cf1abe6016cbe752c76a033","name":"repam@adm","image":{"@type":"ImageObject","inLanguage":"es-CO","@id":"https:\/\/secure.gravatar.com\/avatar\/b18234ea6de5d74563e52ca7bfdad9d2b029b514c935b38a2790717abf8f2e5f?s=96&d=mm&r=g","url":"https:\/\/secure.gravatar.com\/avatar\/b18234ea6de5d74563e52ca7bfdad9d2b029b514c935b38a2790717abf8f2e5f?s=96&d=mm&r=g","contentUrl":"https:\/\/secure.gravatar.com\/avatar\/b18234ea6de5d74563e52ca7bfdad9d2b029b514c935b38a2790717abf8f2e5f?s=96&d=mm&r=g","caption":"repam@adm"},"sameAs":["http:\/\/repam.net"],"url":"https:\/\/www.repam.net\/es\/author\/repamadm\/"}]}},"_links":{"self":[{"href":"https:\/\/www.repam.net\/es\/wp-json\/wp\/v2\/posts\/6757","targetHints":{"allow":["GET"]}}],"collection":[{"href":"https:\/\/www.repam.net\/es\/wp-json\/wp\/v2\/posts"}],"about":[{"href":"https:\/\/www.repam.net\/es\/wp-json\/wp\/v2\/types\/post"}],"author":[{"embeddable":true,"href":"https:\/\/www.repam.net\/es\/wp-json\/wp\/v2\/users\/1"}],"replies":[{"embeddable":true,"href":"https:\/\/www.repam.net\/es\/wp-json\/wp\/v2\/comments?post=6757"}],"version-history":[{"count":1,"href":"https:\/\/www.repam.net\/es\/wp-json\/wp\/v2\/posts\/6757\/revisions"}],"predecessor-version":[{"id":6759,"href":"https:\/\/www.repam.net\/es\/wp-json\/wp\/v2\/posts\/6757\/revisions\/6759"}],"wp:featuredmedia":[{"embeddable":true,"href":"https:\/\/www.repam.net\/es\/wp-json\/wp\/v2\/media\/6758"}],"wp:attachment":[{"href":"https:\/\/www.repam.net\/es\/wp-json\/wp\/v2\/media?parent=6757"}],"wp:term":[{"taxonomy":"category","embeddable":true,"href":"https:\/\/www.repam.net\/es\/wp-json\/wp\/v2\/categories?post=6757"},{"taxonomy":"post_tag","embeddable":true,"href":"https:\/\/www.repam.net\/es\/wp-json\/wp\/v2\/tags?post=6757"}],"curies":[{"name":"wp","href":"https:\/\/api.w.org\/{rel}","templated":true}]}}