{"id":7107,"date":"2022-05-02T11:19:00","date_gmt":"2022-05-02T16:19:00","guid":{"rendered":"https:\/\/www.repam.net\/es\/?p=7107"},"modified":"2022-05-18T13:24:36","modified_gmt":"2022-05-18T18:24:36","slug":"campesinos-amazonicos-comprometidos-con-la-justicia-socioambiental-y-el-buen-vivir","status":"publish","type":"post","link":"https:\/\/www.repam.net\/es\/campesinos-amazonicos-comprometidos-con-la-justicia-socioambiental-y-el-buen-vivir\/","title":{"rendered":"Campesinos amaz\u00f3nicos comprometidos con la justicia socioambiental y el buen vivir"},"content":{"rendered":"\n<div class=\"wp-block-image\"><figure class=\"aligncenter size-large\"><img loading=\"lazy\" decoding=\"async\" width=\"1024\" height=\"462\" src=\"https:\/\/www.repam.net\/es\/wp-content\/uploads\/2022\/05\/WhatsApp-Image-2022-05-17-at-18.25.50-2-1024x462.jpeg\" alt=\"\" class=\"wp-image-7124\" srcset=\"https:\/\/www.repam.net\/es\/wp-content\/uploads\/2022\/05\/WhatsApp-Image-2022-05-17-at-18.25.50-2-1024x462.jpeg 1024w, https:\/\/www.repam.net\/es\/wp-content\/uploads\/2022\/05\/WhatsApp-Image-2022-05-17-at-18.25.50-2-300x135.jpeg 300w, https:\/\/www.repam.net\/es\/wp-content\/uploads\/2022\/05\/WhatsApp-Image-2022-05-17-at-18.25.50-2-768x346.jpeg 768w, https:\/\/www.repam.net\/es\/wp-content\/uploads\/2022\/05\/WhatsApp-Image-2022-05-17-at-18.25.50-2.jpeg 1156w\" sizes=\"auto, (max-width: 1024px) 100vw, 1024px\" \/><\/figure><\/div>\n\n\n\n<blockquote class=\"wp-block-quote is-layout-flow wp-block-quote-is-layout-flow\"><p>La Red Eclesial Panamaz\u00f3nica &#8211; REPAM, a trav\u00e9s del N\u00facleo de Justicia Socioambiental y Buen Vivir, particip\u00f3 en el encuentro colombiano de campesinos amaz\u00f3nicos comprometidos con la justicia socioambiental y el buen vivir.<\/p><\/blockquote>\n\n\n\n<p><strong><em>Por Diego Aguiar &#8211; Articula\u00e7\u00e3o REPAM<\/em><\/strong><\/p>\n\n\n\n<p>El evento tuvo lugar entre el 20 y el 22 de abril, en Morelia, departamento de Caquet\u00e1, y cont\u00f3 con la participaci\u00f3n de 33 personas provenientes de la arquidi\u00f3cesis de Florencia, Di\u00f3cesis de San Vicente del Cagu\u00e1n, REPAM Colombia, Pastoral Social C\u00e1ritas Colombiana y de la regi\u00f3n suroriente de la Amazon\u00eda colombiana.<\/p>\n\n\n\n<h5 class=\"wp-block-heading\"><strong>Compartir experiencias para el cuidado de la Amazonia<\/strong><\/h5>\n\n\n\n<p>El objetivo del encuentro fue compartir experiencias concretas de alternativas al desarrollo y aprendizajes de lo realizado en las jurisdicciones eclesi\u00e1sticas; conocer la experiencia de la &#8220;Finca Amaz\u00f3nica&#8221;, promovida por la &#8220;Vicar\u00eda del Sur&#8221; (Arquidi\u00f3cesis de Florencia); y finalmente acordar acciones conjuntas entre la REPAM y las jurisdicciones eclesi\u00e1sticas para fortalecer el compromiso de los campesinos y la Iglesia en el cuidado y protecci\u00f3n de la Amazon\u00eda.<\/p>\n\n\n\n<p>Seg\u00fan Yolima Salazar, coordinadora del \u00e1rea de acci\u00f3n social de la Vicar\u00eda del Sur, el encuentro fue importante porque llev\u00f3 a los participantes a &#8220;el encuentro tuvo como fin compartir experiencias, saberes, aprendizajes y, sobre todo, comprometi\u00e9ndonos en la protecci\u00f3n de la Amazon\u00eda&#8221;.<\/p>\n\n\n\n<p>&#8220;El papa Francisco nos hizo una llamado, desde Laudato Si\u2019 y de la exhortaci\u00f3n Querida Amazon\u00eda, a que revisemos los retos y las amenazas que hay sobre este territorio con toda su biodiversidad, y que todos juntos caminemos para protegerlo y sacar adelante un mundo mejor. Es importante resaltar que el campesinado est\u00e1 comprometido con la defensa y protecci\u00f3n de la Amazon\u00eda&#8221;, concluye.<\/p>\n\n\n\n<h5 class=\"wp-block-heading\"><strong>Espiritualidad y acci\u00f3n ecol\u00f3gica<\/strong><\/h5>\n\n\n\n<p>En la apertura del evento, hubo un momento de espiritualidad, en el que todos los presentes pudieron recordar la par\u00e1bola del sembrador y analizar los problemas de la Amazon\u00eda y del campesinado.<\/p>\n\n\n\n<p>En el segundo d\u00eda, los participantes intercambiaron experiencias, conocimientos y semillas durante las visitas a las &#8220;Fincas Amaz\u00f3nicas&#8221; y tambi\u00e9n plantaron 40 especies de semillas nativas (criollas) con el objetivo de contribuir al mantenimiento de la biodiversidad amaz\u00f3nica.<\/p>\n\n\n\n<p>&#8220;Quiero dar gracias a Dios por este maravilloso grupo que hemos sido llamados a seguir caminando juntos&#8221;, agradece la campesina Marleny Yucuma sobre la experiencia vivida.<\/p>\n\n\n\n<p>El \u00faltimo d\u00eda, iluminados por el testimonio del campesino Lucio Loaiza, reflexionaron sobre la &#8220;identidad del campesino amaz\u00f3nico&#8221; a nivel territorial, cultural, productivo y organizativo. Finalmente, se hicieron propuestas concretas de acciones conjuntas entre la REPAM y sus n\u00facleos tem\u00e1ticos, la REPAM Colombia y las jurisdicciones eclesi\u00e1sticas para fortalecer el compromiso del campesinado y de la Iglesia en el cuidado y protecci\u00f3n de la Amazon\u00eda.<\/p>\n\n\n\n<p>El evento forma parte de una serie de 3 (tres) encuentros promovidos por el N\u00facleo de Justicia Socioambiental y Buen Vivir de la REPAM para la rearticulaci\u00f3n de sus actividades, con el fin de identificar las experiencias y pr\u00e1cticas relacionadas con la justicia socioambiental y el buen vivir, promoviendo el trabajo en Red de estas iniciativas y generando incidencia a diferentes niveles para apoyarlas y fortalecerlas. Las dos pr\u00f3ximas reuniones se celebrar\u00e1n en mayo en Per\u00fa y en junio en Brasil.<\/p>\n\n\n\n<figure class=\"wp-block-gallery has-nested-images columns-default is-cropped wp-block-gallery-1 is-layout-flex wp-block-gallery-is-layout-flex\">\n<figure class=\"wp-block-image size-large\"><img loading=\"lazy\" decoding=\"async\" width=\"1024\" height=\"461\" data-id=\"7125\" src=\"https:\/\/www.repam.net\/es\/wp-content\/uploads\/2022\/05\/WhatsApp-Image-2022-05-17-at-18.25.50-10-1024x461.jpeg\" alt=\"\" class=\"wp-image-7125\" srcset=\"https:\/\/www.repam.net\/es\/wp-content\/uploads\/2022\/05\/WhatsApp-Image-2022-05-17-at-18.25.50-10-1024x461.jpeg 1024w, https:\/\/www.repam.net\/es\/wp-content\/uploads\/2022\/05\/WhatsApp-Image-2022-05-17-at-18.25.50-10-300x135.jpeg 300w, https:\/\/www.repam.net\/es\/wp-content\/uploads\/2022\/05\/WhatsApp-Image-2022-05-17-at-18.25.50-10-768x346.jpeg 768w, https:\/\/www.repam.net\/es\/wp-content\/uploads\/2022\/05\/WhatsApp-Image-2022-05-17-at-18.25.50-10.jpeg 1280w\" sizes=\"auto, (max-width: 1024px) 100vw, 1024px\" \/><\/figure>\n\n\n\n<figure class=\"wp-block-image size-large\"><img loading=\"lazy\" decoding=\"async\" width=\"1024\" height=\"462\" data-id=\"7129\" src=\"https:\/\/www.repam.net\/es\/wp-content\/uploads\/2022\/05\/WhatsApp-Image-2022-05-17-at-18.25.50-9-1024x462.jpeg\" alt=\"\" class=\"wp-image-7129\" srcset=\"https:\/\/www.repam.net\/es\/wp-content\/uploads\/2022\/05\/WhatsApp-Image-2022-05-17-at-18.25.50-9-1024x462.jpeg 1024w, https:\/\/www.repam.net\/es\/wp-content\/uploads\/2022\/05\/WhatsApp-Image-2022-05-17-at-18.25.50-9-300x135.jpeg 300w, https:\/\/www.repam.net\/es\/wp-content\/uploads\/2022\/05\/WhatsApp-Image-2022-05-17-at-18.25.50-9-768x346.jpeg 768w, https:\/\/www.repam.net\/es\/wp-content\/uploads\/2022\/05\/WhatsApp-Image-2022-05-17-at-18.25.50-9.jpeg 1156w\" sizes=\"auto, (max-width: 1024px) 100vw, 1024px\" \/><\/figure>\n\n\n\n<figure class=\"wp-block-image size-large\"><img loading=\"lazy\" decoding=\"async\" width=\"1024\" height=\"768\" data-id=\"7127\" src=\"https:\/\/www.repam.net\/es\/wp-content\/uploads\/2022\/05\/WhatsApp-Image-2022-05-17-at-18.25.50-8.jpeg\" alt=\"\" class=\"wp-image-7127\" srcset=\"https:\/\/www.repam.net\/es\/wp-content\/uploads\/2022\/05\/WhatsApp-Image-2022-05-17-at-18.25.50-8.jpeg 1024w, https:\/\/www.repam.net\/es\/wp-content\/uploads\/2022\/05\/WhatsApp-Image-2022-05-17-at-18.25.50-8-300x225.jpeg 300w, https:\/\/www.repam.net\/es\/wp-content\/uploads\/2022\/05\/WhatsApp-Image-2022-05-17-at-18.25.50-8-768x576.jpeg 768w\" sizes=\"auto, (max-width: 1024px) 100vw, 1024px\" \/><\/figure>\n\n\n\n<figure class=\"wp-block-image size-large\"><img loading=\"lazy\" decoding=\"async\" width=\"1024\" height=\"768\" data-id=\"7126\" src=\"https:\/\/www.repam.net\/es\/wp-content\/uploads\/2022\/05\/WhatsApp-Image-2022-05-17-at-18.25.50-7.jpeg\" alt=\"\" class=\"wp-image-7126\" srcset=\"https:\/\/www.repam.net\/es\/wp-content\/uploads\/2022\/05\/WhatsApp-Image-2022-05-17-at-18.25.50-7.jpeg 1024w, https:\/\/www.repam.net\/es\/wp-content\/uploads\/2022\/05\/WhatsApp-Image-2022-05-17-at-18.25.50-7-300x225.jpeg 300w, https:\/\/www.repam.net\/es\/wp-content\/uploads\/2022\/05\/WhatsApp-Image-2022-05-17-at-18.25.50-7-768x576.jpeg 768w\" sizes=\"auto, (max-width: 1024px) 100vw, 1024px\" \/><\/figure>\n\n\n\n<figure class=\"wp-block-image size-large\"><img loading=\"lazy\" decoding=\"async\" width=\"1024\" height=\"768\" data-id=\"7128\" src=\"https:\/\/www.repam.net\/es\/wp-content\/uploads\/2022\/05\/WhatsApp-Image-2022-05-17-at-18.25.50-6.jpeg\" alt=\"\" class=\"wp-image-7128\" srcset=\"https:\/\/www.repam.net\/es\/wp-content\/uploads\/2022\/05\/WhatsApp-Image-2022-05-17-at-18.25.50-6.jpeg 1024w, https:\/\/www.repam.net\/es\/wp-content\/uploads\/2022\/05\/WhatsApp-Image-2022-05-17-at-18.25.50-6-300x225.jpeg 300w, https:\/\/www.repam.net\/es\/wp-content\/uploads\/2022\/05\/WhatsApp-Image-2022-05-17-at-18.25.50-6-768x576.jpeg 768w\" sizes=\"auto, (max-width: 1024px) 100vw, 1024px\" \/><\/figure>\n\n\n\n<figure class=\"wp-block-image size-large\"><img loading=\"lazy\" decoding=\"async\" width=\"1024\" height=\"768\" data-id=\"7130\" src=\"https:\/\/www.repam.net\/es\/wp-content\/uploads\/2022\/05\/WhatsApp-Image-2022-05-17-at-18.25.50-5.jpeg\" alt=\"\" class=\"wp-image-7130\" srcset=\"https:\/\/www.repam.net\/es\/wp-content\/uploads\/2022\/05\/WhatsApp-Image-2022-05-17-at-18.25.50-5.jpeg 1024w, https:\/\/www.repam.net\/es\/wp-content\/uploads\/2022\/05\/WhatsApp-Image-2022-05-17-at-18.25.50-5-300x225.jpeg 300w, https:\/\/www.repam.net\/es\/wp-content\/uploads\/2022\/05\/WhatsApp-Image-2022-05-17-at-18.25.50-5-768x576.jpeg 768w\" sizes=\"auto, (max-width: 1024px) 100vw, 1024px\" \/><\/figure>\n\n\n\n<figure class=\"wp-block-image size-large\"><img loading=\"lazy\" decoding=\"async\" width=\"818\" height=\"1024\" data-id=\"7131\" src=\"https:\/\/www.repam.net\/es\/wp-content\/uploads\/2022\/05\/WhatsApp-Image-2022-05-17-at-18.25.50-4.jpeg\" alt=\"\" class=\"wp-image-7131\" srcset=\"https:\/\/www.repam.net\/es\/wp-content\/uploads\/2022\/05\/WhatsApp-Image-2022-05-17-at-18.25.50-4.jpeg 818w, https:\/\/www.repam.net\/es\/wp-content\/uploads\/2022\/05\/WhatsApp-Image-2022-05-17-at-18.25.50-4-240x300.jpeg 240w, https:\/\/www.repam.net\/es\/wp-content\/uploads\/2022\/05\/WhatsApp-Image-2022-05-17-at-18.25.50-4-768x961.jpeg 768w\" sizes=\"auto, (max-width: 818px) 100vw, 818px\" \/><\/figure>\n\n\n\n<figure class=\"wp-block-image size-large\"><img loading=\"lazy\" decoding=\"async\" width=\"1024\" height=\"768\" data-id=\"7132\" src=\"https:\/\/www.repam.net\/es\/wp-content\/uploads\/2022\/05\/WhatsApp-Image-2022-05-17-at-18.25.50-3.jpeg\" alt=\"\" class=\"wp-image-7132\" srcset=\"https:\/\/www.repam.net\/es\/wp-content\/uploads\/2022\/05\/WhatsApp-Image-2022-05-17-at-18.25.50-3.jpeg 1024w, https:\/\/www.repam.net\/es\/wp-content\/uploads\/2022\/05\/WhatsApp-Image-2022-05-17-at-18.25.50-3-300x225.jpeg 300w, https:\/\/www.repam.net\/es\/wp-content\/uploads\/2022\/05\/WhatsApp-Image-2022-05-17-at-18.25.50-3-768x576.jpeg 768w\" sizes=\"auto, (max-width: 1024px) 100vw, 1024px\" \/><\/figure>\n\n\n\n<figure class=\"wp-block-image size-large\"><img loading=\"lazy\" decoding=\"async\" width=\"1024\" height=\"768\" data-id=\"7133\" src=\"https:\/\/www.repam.net\/es\/wp-content\/uploads\/2022\/05\/WhatsApp-Image-2022-05-17-at-18.25.50-1.jpeg\" alt=\"\" class=\"wp-image-7133\" srcset=\"https:\/\/www.repam.net\/es\/wp-content\/uploads\/2022\/05\/WhatsApp-Image-2022-05-17-at-18.25.50-1.jpeg 1024w, https:\/\/www.repam.net\/es\/wp-content\/uploads\/2022\/05\/WhatsApp-Image-2022-05-17-at-18.25.50-1-300x225.jpeg 300w, https:\/\/www.repam.net\/es\/wp-content\/uploads\/2022\/05\/WhatsApp-Image-2022-05-17-at-18.25.50-1-768x576.jpeg 768w\" sizes=\"auto, (max-width: 1024px) 100vw, 1024px\" \/><\/figure>\n\n\n\n<figure class=\"wp-block-image size-large\"><img loading=\"lazy\" decoding=\"async\" width=\"1024\" height=\"768\" data-id=\"7134\" src=\"https:\/\/www.repam.net\/es\/wp-content\/uploads\/2022\/05\/WhatsApp-Image-2022-05-17-at-18.25.50.jpeg\" alt=\"\" class=\"wp-image-7134\" srcset=\"https:\/\/www.repam.net\/es\/wp-content\/uploads\/2022\/05\/WhatsApp-Image-2022-05-17-at-18.25.50.jpeg 1024w, https:\/\/www.repam.net\/es\/wp-content\/uploads\/2022\/05\/WhatsApp-Image-2022-05-17-at-18.25.50-300x225.jpeg 300w, https:\/\/www.repam.net\/es\/wp-content\/uploads\/2022\/05\/WhatsApp-Image-2022-05-17-at-18.25.50-768x576.jpeg 768w\" sizes=\"auto, (max-width: 1024px) 100vw, 1024px\" \/><\/figure>\n<\/figure>\n","protected":false},"excerpt":{"rendered":"<p>La Red Eclesial Panamaz\u00f3nica &#8211; REPAM, a trav\u00e9s del N\u00facleo de Justicia Socioambiental y Buen Vivir, particip\u00f3 en el encuentro colombiano de campesinos amaz\u00f3nicos comprometidos con la justicia socioambiental y el buen vivir. Por Diego Aguiar &#8211; Articula\u00e7\u00e3o REPAM El evento tuvo lugar entre el 20 y el 22 de abril, en Morelia, departamento de [&hellip;]<\/p>\n","protected":false},"author":1,"featured_media":7124,"comment_status":"closed","ping_status":"closed","sticky":false,"template":"","format":"standard","meta":{"_acf_changed":false,"_uf_show_specific_survey":0,"_uf_disable_surveys":false,"footnotes":""},"categories":[69,4],"tags":[1116,1115,393,1117,9,471],"class_list":["post-7107","post","type-post","status-publish","format-standard","has-post-thumbnail","hentry","category-justicia-socioambiental-y-buen-vivir","category-noticias","tag-arquidiocesis-de-florencia","tag-campesinado-amazonico","tag-campesinos","tag-diocesis-de-san-vicente-del-caguan","tag-repam","tag-repam-colombia"],"acf":[],"aioseo_notices":[],"yoast_head":"<!-- This site is optimized with the Yoast SEO plugin v27.5 - https:\/\/yoast.com\/product\/yoast-seo-wordpress\/ -->\n<title>Campesinos amaz\u00f3nicos comprometidos con la justicia socioambiental y el buen vivir - REPAM<\/title>\n<meta name=\"robots\" content=\"index, follow, max-snippet:-1, max-image-preview:large, max-video-preview:-1\" \/>\n<link rel=\"canonical\" href=\"https:\/\/www.repam.net\/es\/campesinos-amazonicos-comprometidos-con-la-justicia-socioambiental-y-el-buen-vivir\/\" \/>\n<meta property=\"og:locale\" content=\"es_ES\" \/>\n<meta property=\"og:type\" content=\"article\" \/>\n<meta property=\"og:title\" content=\"Campesinos amaz\u00f3nicos comprometidos con la justicia socioambiental y el buen vivir - REPAM\" \/>\n<meta property=\"og:description\" content=\"La Red Eclesial Panamaz\u00f3nica &#8211; REPAM, a trav\u00e9s del N\u00facleo de Justicia Socioambiental y Buen Vivir, particip\u00f3 en el encuentro colombiano de campesinos amaz\u00f3nicos comprometidos con la justicia socioambiental y el buen vivir. Por Diego Aguiar &#8211; Articula\u00e7\u00e3o REPAM El evento tuvo lugar entre el 20 y el 22 de abril, en Morelia, departamento de [&hellip;]\" \/>\n<meta property=\"og:url\" content=\"https:\/\/www.repam.net\/es\/campesinos-amazonicos-comprometidos-con-la-justicia-socioambiental-y-el-buen-vivir\/\" \/>\n<meta property=\"og:site_name\" content=\"REPAM\" \/>\n<meta property=\"article:published_time\" content=\"2022-05-02T16:19:00+00:00\" \/>\n<meta property=\"article:modified_time\" content=\"2022-05-18T18:24:36+00:00\" \/>\n<meta property=\"og:image\" content=\"https:\/\/www.repam.net\/es\/wp-content\/uploads\/2022\/05\/WhatsApp-Image-2022-05-17-at-18.25.50-2.jpeg\" \/>\n\t<meta property=\"og:image:width\" content=\"1156\" \/>\n\t<meta property=\"og:image:height\" content=\"521\" \/>\n\t<meta property=\"og:image:type\" content=\"image\/jpeg\" \/>\n<meta name=\"author\" content=\"repam@adm\" \/>\n<meta name=\"twitter:card\" content=\"summary_large_image\" \/>\n<meta name=\"twitter:label1\" content=\"Escrito por\" \/>\n\t<meta name=\"twitter:data1\" content=\"repam@adm\" \/>\n\t<meta name=\"twitter:label2\" content=\"Tiempo de lectura\" \/>\n\t<meta name=\"twitter:data2\" content=\"5 minutos\" \/>\n<script type=\"application\/ld+json\" class=\"yoast-schema-graph\">{\"@context\":\"https:\\\/\\\/schema.org\",\"@graph\":[{\"@type\":\"Article\",\"@id\":\"https:\\\/\\\/www.repam.net\\\/es\\\/campesinos-amazonicos-comprometidos-con-la-justicia-socioambiental-y-el-buen-vivir\\\/#article\",\"isPartOf\":{\"@id\":\"https:\\\/\\\/www.repam.net\\\/es\\\/campesinos-amazonicos-comprometidos-con-la-justicia-socioambiental-y-el-buen-vivir\\\/\"},\"author\":{\"name\":\"repam@adm\",\"@id\":\"https:\\\/\\\/www.repam.net\\\/es\\\/#\\\/schema\\\/person\\\/0c828bf04cf1abe6016cbe752c76a033\"},\"headline\":\"Campesinos amaz\u00f3nicos comprometidos con la justicia socioambiental y el buen vivir\",\"datePublished\":\"2022-05-02T16:19:00+00:00\",\"dateModified\":\"2022-05-18T18:24:36+00:00\",\"mainEntityOfPage\":{\"@id\":\"https:\\\/\\\/www.repam.net\\\/es\\\/campesinos-amazonicos-comprometidos-con-la-justicia-socioambiental-y-el-buen-vivir\\\/\"},\"wordCount\":574,\"publisher\":{\"@id\":\"https:\\\/\\\/www.repam.net\\\/es\\\/#organization\"},\"image\":{\"@id\":\"https:\\\/\\\/www.repam.net\\\/es\\\/campesinos-amazonicos-comprometidos-con-la-justicia-socioambiental-y-el-buen-vivir\\\/#primaryimage\"},\"thumbnailUrl\":\"https:\\\/\\\/www.repam.net\\\/es\\\/wp-content\\\/uploads\\\/2022\\\/05\\\/WhatsApp-Image-2022-05-17-at-18.25.50-2.jpeg\",\"keywords\":[\"Arquidi\u00f3cesis de Florencia\",\"Campesinado Amaz\u00f3nico\",\"campesinos\",\"Di\u00f3cesis de San Vicente del Cagu\u00e1n\",\"REPAM\",\"Repam Colombia\"],\"articleSection\":[\"Justicia Socioambiental y Buen Vivir\",\"Noticias\"],\"inLanguage\":\"es-CO\"},{\"@type\":\"WebPage\",\"@id\":\"https:\\\/\\\/www.repam.net\\\/es\\\/campesinos-amazonicos-comprometidos-con-la-justicia-socioambiental-y-el-buen-vivir\\\/\",\"url\":\"https:\\\/\\\/www.repam.net\\\/es\\\/campesinos-amazonicos-comprometidos-con-la-justicia-socioambiental-y-el-buen-vivir\\\/\",\"name\":\"Campesinos amaz\u00f3nicos comprometidos con la justicia socioambiental y el buen vivir - REPAM\",\"isPartOf\":{\"@id\":\"https:\\\/\\\/www.repam.net\\\/es\\\/#website\"},\"primaryImageOfPage\":{\"@id\":\"https:\\\/\\\/www.repam.net\\\/es\\\/campesinos-amazonicos-comprometidos-con-la-justicia-socioambiental-y-el-buen-vivir\\\/#primaryimage\"},\"image\":{\"@id\":\"https:\\\/\\\/www.repam.net\\\/es\\\/campesinos-amazonicos-comprometidos-con-la-justicia-socioambiental-y-el-buen-vivir\\\/#primaryimage\"},\"thumbnailUrl\":\"https:\\\/\\\/www.repam.net\\\/es\\\/wp-content\\\/uploads\\\/2022\\\/05\\\/WhatsApp-Image-2022-05-17-at-18.25.50-2.jpeg\",\"datePublished\":\"2022-05-02T16:19:00+00:00\",\"dateModified\":\"2022-05-18T18:24:36+00:00\",\"breadcrumb\":{\"@id\":\"https:\\\/\\\/www.repam.net\\\/es\\\/campesinos-amazonicos-comprometidos-con-la-justicia-socioambiental-y-el-buen-vivir\\\/#breadcrumb\"},\"inLanguage\":\"es-CO\",\"potentialAction\":[{\"@type\":\"ReadAction\",\"target\":[\"https:\\\/\\\/www.repam.net\\\/es\\\/campesinos-amazonicos-comprometidos-con-la-justicia-socioambiental-y-el-buen-vivir\\\/\"]}]},{\"@type\":\"ImageObject\",\"inLanguage\":\"es-CO\",\"@id\":\"https:\\\/\\\/www.repam.net\\\/es\\\/campesinos-amazonicos-comprometidos-con-la-justicia-socioambiental-y-el-buen-vivir\\\/#primaryimage\",\"url\":\"https:\\\/\\\/www.repam.net\\\/es\\\/wp-content\\\/uploads\\\/2022\\\/05\\\/WhatsApp-Image-2022-05-17-at-18.25.50-2.jpeg\",\"contentUrl\":\"https:\\\/\\\/www.repam.net\\\/es\\\/wp-content\\\/uploads\\\/2022\\\/05\\\/WhatsApp-Image-2022-05-17-at-18.25.50-2.jpeg\",\"width\":1156,\"height\":521},{\"@type\":\"BreadcrumbList\",\"@id\":\"https:\\\/\\\/www.repam.net\\\/es\\\/campesinos-amazonicos-comprometidos-con-la-justicia-socioambiental-y-el-buen-vivir\\\/#breadcrumb\",\"itemListElement\":[{\"@type\":\"ListItem\",\"position\":1,\"name\":\"Inicio\",\"item\":\"https:\\\/\\\/www.repam.net\\\/es\\\/\"},{\"@type\":\"ListItem\",\"position\":2,\"name\":\"Campesinos amaz\u00f3nicos comprometidos con la justicia socioambiental y el buen vivir\"}]},{\"@type\":\"WebSite\",\"@id\":\"https:\\\/\\\/www.repam.net\\\/es\\\/#website\",\"url\":\"https:\\\/\\\/www.repam.net\\\/es\\\/\",\"name\":\"REPAM\",\"description\":\"Red Eclesial Panamaz\u00f3nica\",\"publisher\":{\"@id\":\"https:\\\/\\\/www.repam.net\\\/es\\\/#organization\"},\"potentialAction\":[{\"@type\":\"SearchAction\",\"target\":{\"@type\":\"EntryPoint\",\"urlTemplate\":\"https:\\\/\\\/www.repam.net\\\/es\\\/?s={search_term_string}\"},\"query-input\":{\"@type\":\"PropertyValueSpecification\",\"valueRequired\":true,\"valueName\":\"search_term_string\"}}],\"inLanguage\":\"es-CO\"},{\"@type\":\"Organization\",\"@id\":\"https:\\\/\\\/www.repam.net\\\/es\\\/#organization\",\"name\":\"REPAM\",\"url\":\"https:\\\/\\\/www.repam.net\\\/es\\\/\",\"logo\":{\"@type\":\"ImageObject\",\"inLanguage\":\"es-CO\",\"@id\":\"https:\\\/\\\/www.repam.net\\\/es\\\/#\\\/schema\\\/logo\\\/image\\\/\",\"url\":\"https:\\\/\\\/www.repam.net\\\/es\\\/wp-content\\\/uploads\\\/2021\\\/11\\\/cropped-favicon.png\",\"contentUrl\":\"https:\\\/\\\/www.repam.net\\\/es\\\/wp-content\\\/uploads\\\/2021\\\/11\\\/cropped-favicon.png\",\"width\":512,\"height\":512,\"caption\":\"REPAM\"},\"image\":{\"@id\":\"https:\\\/\\\/www.repam.net\\\/es\\\/#\\\/schema\\\/logo\\\/image\\\/\"}},{\"@type\":\"Person\",\"@id\":\"https:\\\/\\\/www.repam.net\\\/es\\\/#\\\/schema\\\/person\\\/0c828bf04cf1abe6016cbe752c76a033\",\"name\":\"repam@adm\",\"image\":{\"@type\":\"ImageObject\",\"inLanguage\":\"es-CO\",\"@id\":\"https:\\\/\\\/secure.gravatar.com\\\/avatar\\\/b18234ea6de5d74563e52ca7bfdad9d2b029b514c935b38a2790717abf8f2e5f?s=96&d=mm&r=g\",\"url\":\"https:\\\/\\\/secure.gravatar.com\\\/avatar\\\/b18234ea6de5d74563e52ca7bfdad9d2b029b514c935b38a2790717abf8f2e5f?s=96&d=mm&r=g\",\"contentUrl\":\"https:\\\/\\\/secure.gravatar.com\\\/avatar\\\/b18234ea6de5d74563e52ca7bfdad9d2b029b514c935b38a2790717abf8f2e5f?s=96&d=mm&r=g\",\"caption\":\"repam@adm\"},\"sameAs\":[\"http:\\\/\\\/repam.net\"],\"url\":\"https:\\\/\\\/www.repam.net\\\/es\\\/author\\\/repamadm\\\/\"}]}<\/script>\n<!-- \/ Yoast SEO plugin. -->","yoast_head_json":{"title":"Campesinos amaz\u00f3nicos comprometidos con la justicia socioambiental y el buen vivir - REPAM","robots":{"index":"index","follow":"follow","max-snippet":"max-snippet:-1","max-image-preview":"max-image-preview:large","max-video-preview":"max-video-preview:-1"},"canonical":"https:\/\/www.repam.net\/es\/campesinos-amazonicos-comprometidos-con-la-justicia-socioambiental-y-el-buen-vivir\/","og_locale":"es_ES","og_type":"article","og_title":"Campesinos amaz\u00f3nicos comprometidos con la justicia socioambiental y el buen vivir - REPAM","og_description":"La Red Eclesial Panamaz\u00f3nica &#8211; REPAM, a trav\u00e9s del N\u00facleo de Justicia Socioambiental y Buen Vivir, particip\u00f3 en el encuentro colombiano de campesinos amaz\u00f3nicos comprometidos con la justicia socioambiental y el buen vivir. Por Diego Aguiar &#8211; Articula\u00e7\u00e3o REPAM El evento tuvo lugar entre el 20 y el 22 de abril, en Morelia, departamento de [&hellip;]","og_url":"https:\/\/www.repam.net\/es\/campesinos-amazonicos-comprometidos-con-la-justicia-socioambiental-y-el-buen-vivir\/","og_site_name":"REPAM","article_published_time":"2022-05-02T16:19:00+00:00","article_modified_time":"2022-05-18T18:24:36+00:00","og_image":[{"width":1156,"height":521,"url":"https:\/\/www.repam.net\/es\/wp-content\/uploads\/2022\/05\/WhatsApp-Image-2022-05-17-at-18.25.50-2.jpeg","type":"image\/jpeg"}],"author":"repam@adm","twitter_card":"summary_large_image","twitter_misc":{"Escrito por":"repam@adm","Tiempo de lectura":"5 minutos"},"schema":{"@context":"https:\/\/schema.org","@graph":[{"@type":"Article","@id":"https:\/\/www.repam.net\/es\/campesinos-amazonicos-comprometidos-con-la-justicia-socioambiental-y-el-buen-vivir\/#article","isPartOf":{"@id":"https:\/\/www.repam.net\/es\/campesinos-amazonicos-comprometidos-con-la-justicia-socioambiental-y-el-buen-vivir\/"},"author":{"name":"repam@adm","@id":"https:\/\/www.repam.net\/es\/#\/schema\/person\/0c828bf04cf1abe6016cbe752c76a033"},"headline":"Campesinos amaz\u00f3nicos comprometidos con la justicia socioambiental y el buen vivir","datePublished":"2022-05-02T16:19:00+00:00","dateModified":"2022-05-18T18:24:36+00:00","mainEntityOfPage":{"@id":"https:\/\/www.repam.net\/es\/campesinos-amazonicos-comprometidos-con-la-justicia-socioambiental-y-el-buen-vivir\/"},"wordCount":574,"publisher":{"@id":"https:\/\/www.repam.net\/es\/#organization"},"image":{"@id":"https:\/\/www.repam.net\/es\/campesinos-amazonicos-comprometidos-con-la-justicia-socioambiental-y-el-buen-vivir\/#primaryimage"},"thumbnailUrl":"https:\/\/www.repam.net\/es\/wp-content\/uploads\/2022\/05\/WhatsApp-Image-2022-05-17-at-18.25.50-2.jpeg","keywords":["Arquidi\u00f3cesis de Florencia","Campesinado Amaz\u00f3nico","campesinos","Di\u00f3cesis de San Vicente del Cagu\u00e1n","REPAM","Repam Colombia"],"articleSection":["Justicia Socioambiental y Buen Vivir","Noticias"],"inLanguage":"es-CO"},{"@type":"WebPage","@id":"https:\/\/www.repam.net\/es\/campesinos-amazonicos-comprometidos-con-la-justicia-socioambiental-y-el-buen-vivir\/","url":"https:\/\/www.repam.net\/es\/campesinos-amazonicos-comprometidos-con-la-justicia-socioambiental-y-el-buen-vivir\/","name":"Campesinos amaz\u00f3nicos comprometidos con la justicia socioambiental y el buen vivir - REPAM","isPartOf":{"@id":"https:\/\/www.repam.net\/es\/#website"},"primaryImageOfPage":{"@id":"https:\/\/www.repam.net\/es\/campesinos-amazonicos-comprometidos-con-la-justicia-socioambiental-y-el-buen-vivir\/#primaryimage"},"image":{"@id":"https:\/\/www.repam.net\/es\/campesinos-amazonicos-comprometidos-con-la-justicia-socioambiental-y-el-buen-vivir\/#primaryimage"},"thumbnailUrl":"https:\/\/www.repam.net\/es\/wp-content\/uploads\/2022\/05\/WhatsApp-Image-2022-05-17-at-18.25.50-2.jpeg","datePublished":"2022-05-02T16:19:00+00:00","dateModified":"2022-05-18T18:24:36+00:00","breadcrumb":{"@id":"https:\/\/www.repam.net\/es\/campesinos-amazonicos-comprometidos-con-la-justicia-socioambiental-y-el-buen-vivir\/#breadcrumb"},"inLanguage":"es-CO","potentialAction":[{"@type":"ReadAction","target":["https:\/\/www.repam.net\/es\/campesinos-amazonicos-comprometidos-con-la-justicia-socioambiental-y-el-buen-vivir\/"]}]},{"@type":"ImageObject","inLanguage":"es-CO","@id":"https:\/\/www.repam.net\/es\/campesinos-amazonicos-comprometidos-con-la-justicia-socioambiental-y-el-buen-vivir\/#primaryimage","url":"https:\/\/www.repam.net\/es\/wp-content\/uploads\/2022\/05\/WhatsApp-Image-2022-05-17-at-18.25.50-2.jpeg","contentUrl":"https:\/\/www.repam.net\/es\/wp-content\/uploads\/2022\/05\/WhatsApp-Image-2022-05-17-at-18.25.50-2.jpeg","width":1156,"height":521},{"@type":"BreadcrumbList","@id":"https:\/\/www.repam.net\/es\/campesinos-amazonicos-comprometidos-con-la-justicia-socioambiental-y-el-buen-vivir\/#breadcrumb","itemListElement":[{"@type":"ListItem","position":1,"name":"Inicio","item":"https:\/\/www.repam.net\/es\/"},{"@type":"ListItem","position":2,"name":"Campesinos amaz\u00f3nicos comprometidos con la justicia socioambiental y el buen vivir"}]},{"@type":"WebSite","@id":"https:\/\/www.repam.net\/es\/#website","url":"https:\/\/www.repam.net\/es\/","name":"REPAM","description":"Red Eclesial Panamaz\u00f3nica","publisher":{"@id":"https:\/\/www.repam.net\/es\/#organization"},"potentialAction":[{"@type":"SearchAction","target":{"@type":"EntryPoint","urlTemplate":"https:\/\/www.repam.net\/es\/?s={search_term_string}"},"query-input":{"@type":"PropertyValueSpecification","valueRequired":true,"valueName":"search_term_string"}}],"inLanguage":"es-CO"},{"@type":"Organization","@id":"https:\/\/www.repam.net\/es\/#organization","name":"REPAM","url":"https:\/\/www.repam.net\/es\/","logo":{"@type":"ImageObject","inLanguage":"es-CO","@id":"https:\/\/www.repam.net\/es\/#\/schema\/logo\/image\/","url":"https:\/\/www.repam.net\/es\/wp-content\/uploads\/2021\/11\/cropped-favicon.png","contentUrl":"https:\/\/www.repam.net\/es\/wp-content\/uploads\/2021\/11\/cropped-favicon.png","width":512,"height":512,"caption":"REPAM"},"image":{"@id":"https:\/\/www.repam.net\/es\/#\/schema\/logo\/image\/"}},{"@type":"Person","@id":"https:\/\/www.repam.net\/es\/#\/schema\/person\/0c828bf04cf1abe6016cbe752c76a033","name":"repam@adm","image":{"@type":"ImageObject","inLanguage":"es-CO","@id":"https:\/\/secure.gravatar.com\/avatar\/b18234ea6de5d74563e52ca7bfdad9d2b029b514c935b38a2790717abf8f2e5f?s=96&d=mm&r=g","url":"https:\/\/secure.gravatar.com\/avatar\/b18234ea6de5d74563e52ca7bfdad9d2b029b514c935b38a2790717abf8f2e5f?s=96&d=mm&r=g","contentUrl":"https:\/\/secure.gravatar.com\/avatar\/b18234ea6de5d74563e52ca7bfdad9d2b029b514c935b38a2790717abf8f2e5f?s=96&d=mm&r=g","caption":"repam@adm"},"sameAs":["http:\/\/repam.net"],"url":"https:\/\/www.repam.net\/es\/author\/repamadm\/"}]}},"_links":{"self":[{"href":"https:\/\/www.repam.net\/es\/wp-json\/wp\/v2\/posts\/7107","targetHints":{"allow":["GET"]}}],"collection":[{"href":"https:\/\/www.repam.net\/es\/wp-json\/wp\/v2\/posts"}],"about":[{"href":"https:\/\/www.repam.net\/es\/wp-json\/wp\/v2\/types\/post"}],"author":[{"embeddable":true,"href":"https:\/\/www.repam.net\/es\/wp-json\/wp\/v2\/users\/1"}],"replies":[{"embeddable":true,"href":"https:\/\/www.repam.net\/es\/wp-json\/wp\/v2\/comments?post=7107"}],"version-history":[{"count":3,"href":"https:\/\/www.repam.net\/es\/wp-json\/wp\/v2\/posts\/7107\/revisions"}],"predecessor-version":[{"id":7137,"href":"https:\/\/www.repam.net\/es\/wp-json\/wp\/v2\/posts\/7107\/revisions\/7137"}],"wp:featuredmedia":[{"embeddable":true,"href":"https:\/\/www.repam.net\/es\/wp-json\/wp\/v2\/media\/7124"}],"wp:attachment":[{"href":"https:\/\/www.repam.net\/es\/wp-json\/wp\/v2\/media?parent=7107"}],"wp:term":[{"taxonomy":"category","embeddable":true,"href":"https:\/\/www.repam.net\/es\/wp-json\/wp\/v2\/categories?post=7107"},{"taxonomy":"post_tag","embeddable":true,"href":"https:\/\/www.repam.net\/es\/wp-json\/wp\/v2\/tags?post=7107"}],"curies":[{"name":"wp","href":"https:\/\/api.w.org\/{rel}","templated":true}]}}