{"id":7502,"date":"2022-06-20T15:44:41","date_gmt":"2022-06-20T20:44:41","guid":{"rendered":"https:\/\/www.repam.net\/es\/?p=7502"},"modified":"2022-06-20T15:44:43","modified_gmt":"2022-06-20T20:44:43","slug":"20-de-junio-dia-mundial-del-refugiado","status":"publish","type":"post","link":"https:\/\/www.repam.net\/es\/20-de-junio-dia-mundial-del-refugiado\/","title":{"rendered":"20 de junio: D\u00eda Mundial del Refugiado"},"content":{"rendered":"<div class=\"wp-block-image\">\n<figure class=\"aligncenter size-full\"><img loading=\"lazy\" decoding=\"async\" width=\"750\" height=\"422\" src=\"https:\/\/www.repam.net\/es\/wp-content\/uploads\/2022\/06\/refugiado.jpeg\" alt=\"\" class=\"wp-image-7503\" srcset=\"https:\/\/www.repam.net\/es\/wp-content\/uploads\/2022\/06\/refugiado.jpeg 750w, https:\/\/www.repam.net\/es\/wp-content\/uploads\/2022\/06\/refugiado-300x169.jpeg 300w\" sizes=\"auto, (max-width: 750px) 100vw, 750px\" \/><\/figure>\n<\/div>\n\n\n<blockquote class=\"wp-block-quote is-layout-flow wp-block-quote-is-layout-flow\"><p><em>La protecci\u00f3n no termina con el acceso al asilo, sino que se manifiesta concretamente a trav\u00e9s de un proceso justo de integraci\u00f3n social y econ\u00f3mica. Este es el mensaje del ACNUR para el D\u00eda Mundial del Refugiado, mientras que Caritas Internationalis expresa su preocupaci\u00f3n por la solidaridad internacional<\/em><\/p><\/blockquote>\n\n\n\n<p><em><strong>Por<\/strong> <strong>Fausta Speranza<\/strong><\/em><\/p>\n\n\n\n<p>El 20 de junio, D\u00eda Mundial del Refugiado, ACNUR, la Agencia de la ONU para los Refugiados, celebra el valor, la fortaleza y la resiliencia de los millones de personas que se ven obligadas a huir de los conflictos, la violencia, las violaciones de los derechos humanos y la persecuci\u00f3n, y reafirma su derecho a ser protegidas y a reconstruir sus vidas con dignidad, sean quienes sean y vengan de donde vengan, siempre. El d\u00eda 20 de junio fue elegido para conmemorar la firma de la Convenci\u00f3n sobre el rstatuto de los refugiados por parte de la Asamblea General de las Naciones Unidas.<\/p>\n\n\n\n<h5 class=\"wp-block-heading\"><strong>No s\u00f3lo asilo<\/strong><\/h5>\n\n\n\n<p>La protecci\u00f3n no termina con el acceso al asilo, sino que se manifiesta concretamente a trav\u00e9s de un proceso justo de integraci\u00f3n social y econ\u00f3mica en el pa\u00eds de acogida. En este D\u00eda Mundial del Refugiado, el ACNUR se une a quienes en Italia ponen a disposici\u00f3n para encontrar soluciones duraderas y sostenibles que permitan a los refugiados superar los traumas, aprovechar su talento y contribuir a su pa\u00eds de acogida.<\/p>\n\n\n\n<h5 class=\"wp-block-heading\"><strong>La protecci\u00f3n va acompa\u00f1ada de derechos<\/strong><\/h5>\n\n\n\n<p>&#8220;No hay verdadera protecci\u00f3n sin el acceso efectivo a los derechos, a la integraci\u00f3n y a la inclusi\u00f3n social, y esto es tarea y responsabilidad de toda la sociedad&#8221;, declar\u00f3 Chiara Cardoletti, Representante del ACNUR para Italia, la Santa Sede y San Marino. S\u00f3lo trabajando juntos &#8211; gobierno, sociedad civil y sector privado &#8211; podemos marcar la diferencia&#8221;. Sobre protecci\u00f3n e integraci\u00f3n se debatir\u00e1 el 20 de junio en una mesa redonda titulada &#8220;Refugiados, del asilo a la integraci\u00f3n: asociaciones y soluciones innovadoras para una crisis sin precedentes&#8221; en el Centro de Conferencias Palazzo Rospigliosi de Roma. Representantes de instituciones, del tercer sector, del mundo acad\u00e9mico, refugiados y del sector privado discutir\u00e1n acerca de cuestiones Durante la ma\u00f1ana tambi\u00e9n se har\u00e1 la entrega oficial de la Remera Rosa de la Vuelta Femenina 2022 (Giro Donne, en italiano) dedicado a ACNUR.<\/p>\n\n\n\n<h5 class=\"wp-block-heading\"><strong>Llamamiento de C\u00e1ritas<\/strong><\/h5>\n\n\n\n<p>Caritas Internationalis &#8220;levanta su voz y expresa preocupaci\u00f3n por la falta de solidaridad internacional para acoger a los refugiados y solicitantes de asilo sin discriminaci\u00f3n. Los pedidos de seguridad y de una vida digna para los refugiados han sido en gran medida deso\u00eddos&#8221;. En los primeros meses de 2022, m\u00e1s de 100 millones de personas se vieron obligadas a desplazarse en todo el mundo debido a la persecuci\u00f3n, los conflictos, la violencia o las violaciones de los derechos humanos y las cat\u00e1strofes clim\u00e1ticas, registrando los niveles de desplazamiento m\u00e1s altos jam\u00e1s observados. &#8220;Hoy vemos tambi\u00e9n c\u00f3mo estos factores -dice Caritas Internationalis- se convierten en propiciadores del desplazamiento y no pueden considerarse de forma aislada. En 2019-2021, m\u00e1s de 8.436 migrantes, incluidos los solicitantes de asilo, perdieron la vida y 5.534 migrantes desaparecieron durante el viaje. Adem\u00e1s, la seguridad, la dignidad y los derechos humanos de los solicitantes de asilo &#8220;est\u00e1n en peligro, debido a los acuerdos que han creado muros f\u00edsicos y legales mediante la externalizaci\u00f3n de los controles fronterizos regionales y los procesos de asilo externalizados&#8221;. A trav\u00e9s de los corredores humanitarios, los miembros de la Confederaci\u00f3n de C\u00e1ritas de Europa, Oriente Medio y \u00c1frica, junto con otras organizaciones religiosas, ayudaron a los solicitantes de asilo vulnerables que hu\u00edan de los conflictos y la violencia a llegar a destinos seguros y a comunidades acogedoras donde pudieran reiniciar sus vidas. Han apoyado el rescate y el desembarco seguro de personas cuyas vidas corren peligro en el Mediterr\u00e1neo y en todo el mundo.<\/p>\n\n\n\n<h5 class=\"wp-block-heading\"><strong>La iniciativa de las ciudades italianas<\/strong><\/h5>\n\n\n\n<p>Numerosas ciudades italianas iluminar\u00e1n un monumento simb\u00f3lico en el D\u00eda Mundial del Refugiado uni\u00e9ndose a la campa\u00f1a #ConLosRefugiados del ACNUR. Las noches del 19 y 20 de junio, el Teatro delle Muse de Ancona, la Torre Metropolitana y la Fuente Monumental de la plaza Aldo Moro de Bari, la Porta San Giacomo de B\u00e9rgamo, el Basti\u00f3n de San Remy de Cagliari, el balc\u00f3n principal del Palacio de los Elefantes de Catania, las puertas hist\u00f3ricas (Torre San Niccolo, Porta alla Croce de la plaza Beccaria, Porta San Gallo de la plaza de la Libertad, Porta al Prato, Porta Romana, Porta San Frediano) en Florencia, Porta Elisa en Lucca, la Mole Antonelliana en Tur\u00edn y la Fuente de Neptuno en Trieste se te\u00f1ir\u00e1n de azul en una expresi\u00f3n de solidaridad con los refugiados y para reafirmar su derecho a ser protegidos y a reconstruir sus vidas con dignidad, sean quienes sean y vengan de donde vengan, siempre. &#8220;Los municipios en Italia est\u00e1n en primera l\u00ednea en la acogida e integraci\u00f3n de los refugiados&#8221;, afirma Chiara Cardoletti, Representante de ACNUR para Italia, la Santa Sede y San Marino. &#8220;Ofrecen seguridad y, al garantizar el acceso a los servicios locales, la educaci\u00f3n y las oportunidades de trabajo, promueven la plena inclusi\u00f3n social de los refugiados, sentando las bases para construir un futuro mejor.&#8221; En Italia, seis municipios &#8211; Bari, Mil\u00e1n, N\u00e1poles, Palermo, Roma y Tur\u00edn &#8211; han redactado y firmado la Carta para la Integraci\u00f3n de los Refugiados, elaborada junto con el ACNUR para reforzar la cooperaci\u00f3n entre ciudades en materia de integraci\u00f3n de quienes se han visto obligados a huir de las guerras, la violencia, la persecuci\u00f3n y las violaciones de los derechos humanos para buscar seguridad en otro pa\u00eds, favoreciendo el intercambio de pr\u00e1cticas, experiencias, instrumentos y desarrollando los servicios ya disponibles en los territorios&#8221;.<\/p>\n\n\n\n<p>Fuente: Vatican News<\/p>\n","protected":false},"excerpt":{"rendered":"<p>La protecci\u00f3n no termina con el acceso al asilo, sino que se manifiesta concretamente a trav\u00e9s de un proceso justo de integraci\u00f3n social y econ\u00f3mica. Este es el mensaje del ACNUR para el D\u00eda Mundial del Refugiado, mientras que Caritas Internationalis expresa su preocupaci\u00f3n por la solidaridad internacional Por Fausta Speranza El 20 de junio, [&hellip;]<\/p>\n","protected":false},"author":1,"featured_media":7503,"comment_status":"closed","ping_status":"closed","sticky":false,"template":"","format":"standard","meta":{"_acf_changed":false,"_uf_show_specific_survey":0,"_uf_disable_surveys":false,"footnotes":""},"categories":[98,4],"tags":[52,1163,114],"class_list":["post-7502","post","type-post","status-publish","format-standard","has-post-thumbnail","hentry","category-derechos-humanos","category-noticias","tag-derechos-humanos","tag-refugiado","tag-solidaridad"],"acf":[],"aioseo_notices":[],"yoast_head":"<!-- This site is optimized with the Yoast SEO plugin v27.5 - https:\/\/yoast.com\/product\/yoast-seo-wordpress\/ -->\n<title>20 de junio: D\u00eda Mundial del Refugiado - REPAM<\/title>\n<meta name=\"robots\" content=\"index, follow, max-snippet:-1, max-image-preview:large, max-video-preview:-1\" \/>\n<link rel=\"canonical\" href=\"https:\/\/www.repam.net\/es\/20-de-junio-dia-mundial-del-refugiado\/\" \/>\n<meta property=\"og:locale\" content=\"es_ES\" \/>\n<meta property=\"og:type\" content=\"article\" \/>\n<meta property=\"og:title\" content=\"20 de junio: D\u00eda Mundial del Refugiado - REPAM\" \/>\n<meta property=\"og:description\" content=\"La protecci\u00f3n no termina con el acceso al asilo, sino que se manifiesta concretamente a trav\u00e9s de un proceso justo de integraci\u00f3n social y econ\u00f3mica. Este es el mensaje del ACNUR para el D\u00eda Mundial del Refugiado, mientras que Caritas Internationalis expresa su preocupaci\u00f3n por la solidaridad internacional Por Fausta Speranza El 20 de junio, [&hellip;]\" \/>\n<meta property=\"og:url\" content=\"https:\/\/www.repam.net\/es\/20-de-junio-dia-mundial-del-refugiado\/\" \/>\n<meta property=\"og:site_name\" content=\"REPAM\" \/>\n<meta property=\"article:published_time\" content=\"2022-06-20T20:44:41+00:00\" \/>\n<meta property=\"article:modified_time\" content=\"2022-06-20T20:44:43+00:00\" \/>\n<meta property=\"og:image\" content=\"https:\/\/www.repam.net\/es\/wp-content\/uploads\/2022\/06\/refugiado.jpeg\" \/>\n\t<meta property=\"og:image:width\" content=\"750\" \/>\n\t<meta property=\"og:image:height\" content=\"422\" \/>\n\t<meta property=\"og:image:type\" content=\"image\/jpeg\" \/>\n<meta name=\"author\" content=\"repam@adm\" \/>\n<meta name=\"twitter:card\" content=\"summary_large_image\" \/>\n<meta name=\"twitter:label1\" content=\"Escrito por\" \/>\n\t<meta name=\"twitter:data1\" content=\"repam@adm\" \/>\n\t<meta name=\"twitter:label2\" content=\"Tiempo de lectura\" \/>\n\t<meta name=\"twitter:data2\" content=\"5 minutos\" \/>\n<script type=\"application\/ld+json\" class=\"yoast-schema-graph\">{\"@context\":\"https:\\\/\\\/schema.org\",\"@graph\":[{\"@type\":\"Article\",\"@id\":\"https:\\\/\\\/www.repam.net\\\/es\\\/20-de-junio-dia-mundial-del-refugiado\\\/#article\",\"isPartOf\":{\"@id\":\"https:\\\/\\\/www.repam.net\\\/es\\\/20-de-junio-dia-mundial-del-refugiado\\\/\"},\"author\":{\"name\":\"repam@adm\",\"@id\":\"https:\\\/\\\/www.repam.net\\\/es\\\/#\\\/schema\\\/person\\\/0c828bf04cf1abe6016cbe752c76a033\"},\"headline\":\"20 de junio: D\u00eda Mundial del Refugiado\",\"datePublished\":\"2022-06-20T20:44:41+00:00\",\"dateModified\":\"2022-06-20T20:44:43+00:00\",\"mainEntityOfPage\":{\"@id\":\"https:\\\/\\\/www.repam.net\\\/es\\\/20-de-junio-dia-mundial-del-refugiado\\\/\"},\"wordCount\":1019,\"publisher\":{\"@id\":\"https:\\\/\\\/www.repam.net\\\/es\\\/#organization\"},\"image\":{\"@id\":\"https:\\\/\\\/www.repam.net\\\/es\\\/20-de-junio-dia-mundial-del-refugiado\\\/#primaryimage\"},\"thumbnailUrl\":\"https:\\\/\\\/www.repam.net\\\/es\\\/wp-content\\\/uploads\\\/2022\\\/06\\\/refugiado.jpeg\",\"keywords\":[\"Derechos Humanos\",\"refugiado\",\"solidaridad\"],\"articleSection\":[\"Derechos Humanos\",\"Noticias\"],\"inLanguage\":\"es-CO\"},{\"@type\":\"WebPage\",\"@id\":\"https:\\\/\\\/www.repam.net\\\/es\\\/20-de-junio-dia-mundial-del-refugiado\\\/\",\"url\":\"https:\\\/\\\/www.repam.net\\\/es\\\/20-de-junio-dia-mundial-del-refugiado\\\/\",\"name\":\"20 de junio: D\u00eda Mundial del Refugiado - REPAM\",\"isPartOf\":{\"@id\":\"https:\\\/\\\/www.repam.net\\\/es\\\/#website\"},\"primaryImageOfPage\":{\"@id\":\"https:\\\/\\\/www.repam.net\\\/es\\\/20-de-junio-dia-mundial-del-refugiado\\\/#primaryimage\"},\"image\":{\"@id\":\"https:\\\/\\\/www.repam.net\\\/es\\\/20-de-junio-dia-mundial-del-refugiado\\\/#primaryimage\"},\"thumbnailUrl\":\"https:\\\/\\\/www.repam.net\\\/es\\\/wp-content\\\/uploads\\\/2022\\\/06\\\/refugiado.jpeg\",\"datePublished\":\"2022-06-20T20:44:41+00:00\",\"dateModified\":\"2022-06-20T20:44:43+00:00\",\"breadcrumb\":{\"@id\":\"https:\\\/\\\/www.repam.net\\\/es\\\/20-de-junio-dia-mundial-del-refugiado\\\/#breadcrumb\"},\"inLanguage\":\"es-CO\",\"potentialAction\":[{\"@type\":\"ReadAction\",\"target\":[\"https:\\\/\\\/www.repam.net\\\/es\\\/20-de-junio-dia-mundial-del-refugiado\\\/\"]}]},{\"@type\":\"ImageObject\",\"inLanguage\":\"es-CO\",\"@id\":\"https:\\\/\\\/www.repam.net\\\/es\\\/20-de-junio-dia-mundial-del-refugiado\\\/#primaryimage\",\"url\":\"https:\\\/\\\/www.repam.net\\\/es\\\/wp-content\\\/uploads\\\/2022\\\/06\\\/refugiado.jpeg\",\"contentUrl\":\"https:\\\/\\\/www.repam.net\\\/es\\\/wp-content\\\/uploads\\\/2022\\\/06\\\/refugiado.jpeg\",\"width\":750,\"height\":422},{\"@type\":\"BreadcrumbList\",\"@id\":\"https:\\\/\\\/www.repam.net\\\/es\\\/20-de-junio-dia-mundial-del-refugiado\\\/#breadcrumb\",\"itemListElement\":[{\"@type\":\"ListItem\",\"position\":1,\"name\":\"Inicio\",\"item\":\"https:\\\/\\\/www.repam.net\\\/es\\\/\"},{\"@type\":\"ListItem\",\"position\":2,\"name\":\"20 de junio: D\u00eda Mundial del Refugiado\"}]},{\"@type\":\"WebSite\",\"@id\":\"https:\\\/\\\/www.repam.net\\\/es\\\/#website\",\"url\":\"https:\\\/\\\/www.repam.net\\\/es\\\/\",\"name\":\"REPAM\",\"description\":\"Red Eclesial Panamaz\u00f3nica\",\"publisher\":{\"@id\":\"https:\\\/\\\/www.repam.net\\\/es\\\/#organization\"},\"potentialAction\":[{\"@type\":\"SearchAction\",\"target\":{\"@type\":\"EntryPoint\",\"urlTemplate\":\"https:\\\/\\\/www.repam.net\\\/es\\\/?s={search_term_string}\"},\"query-input\":{\"@type\":\"PropertyValueSpecification\",\"valueRequired\":true,\"valueName\":\"search_term_string\"}}],\"inLanguage\":\"es-CO\"},{\"@type\":\"Organization\",\"@id\":\"https:\\\/\\\/www.repam.net\\\/es\\\/#organization\",\"name\":\"REPAM\",\"url\":\"https:\\\/\\\/www.repam.net\\\/es\\\/\",\"logo\":{\"@type\":\"ImageObject\",\"inLanguage\":\"es-CO\",\"@id\":\"https:\\\/\\\/www.repam.net\\\/es\\\/#\\\/schema\\\/logo\\\/image\\\/\",\"url\":\"https:\\\/\\\/www.repam.net\\\/es\\\/wp-content\\\/uploads\\\/2021\\\/11\\\/cropped-favicon.png\",\"contentUrl\":\"https:\\\/\\\/www.repam.net\\\/es\\\/wp-content\\\/uploads\\\/2021\\\/11\\\/cropped-favicon.png\",\"width\":512,\"height\":512,\"caption\":\"REPAM\"},\"image\":{\"@id\":\"https:\\\/\\\/www.repam.net\\\/es\\\/#\\\/schema\\\/logo\\\/image\\\/\"}},{\"@type\":\"Person\",\"@id\":\"https:\\\/\\\/www.repam.net\\\/es\\\/#\\\/schema\\\/person\\\/0c828bf04cf1abe6016cbe752c76a033\",\"name\":\"repam@adm\",\"image\":{\"@type\":\"ImageObject\",\"inLanguage\":\"es-CO\",\"@id\":\"https:\\\/\\\/secure.gravatar.com\\\/avatar\\\/b18234ea6de5d74563e52ca7bfdad9d2b029b514c935b38a2790717abf8f2e5f?s=96&d=mm&r=g\",\"url\":\"https:\\\/\\\/secure.gravatar.com\\\/avatar\\\/b18234ea6de5d74563e52ca7bfdad9d2b029b514c935b38a2790717abf8f2e5f?s=96&d=mm&r=g\",\"contentUrl\":\"https:\\\/\\\/secure.gravatar.com\\\/avatar\\\/b18234ea6de5d74563e52ca7bfdad9d2b029b514c935b38a2790717abf8f2e5f?s=96&d=mm&r=g\",\"caption\":\"repam@adm\"},\"sameAs\":[\"http:\\\/\\\/repam.net\"],\"url\":\"https:\\\/\\\/www.repam.net\\\/es\\\/author\\\/repamadm\\\/\"}]}<\/script>\n<!-- \/ Yoast SEO plugin. -->","yoast_head_json":{"title":"20 de junio: D\u00eda Mundial del Refugiado - REPAM","robots":{"index":"index","follow":"follow","max-snippet":"max-snippet:-1","max-image-preview":"max-image-preview:large","max-video-preview":"max-video-preview:-1"},"canonical":"https:\/\/www.repam.net\/es\/20-de-junio-dia-mundial-del-refugiado\/","og_locale":"es_ES","og_type":"article","og_title":"20 de junio: D\u00eda Mundial del Refugiado - REPAM","og_description":"La protecci\u00f3n no termina con el acceso al asilo, sino que se manifiesta concretamente a trav\u00e9s de un proceso justo de integraci\u00f3n social y econ\u00f3mica. Este es el mensaje del ACNUR para el D\u00eda Mundial del Refugiado, mientras que Caritas Internationalis expresa su preocupaci\u00f3n por la solidaridad internacional Por Fausta Speranza El 20 de junio, [&hellip;]","og_url":"https:\/\/www.repam.net\/es\/20-de-junio-dia-mundial-del-refugiado\/","og_site_name":"REPAM","article_published_time":"2022-06-20T20:44:41+00:00","article_modified_time":"2022-06-20T20:44:43+00:00","og_image":[{"width":750,"height":422,"url":"https:\/\/www.repam.net\/es\/wp-content\/uploads\/2022\/06\/refugiado.jpeg","type":"image\/jpeg"}],"author":"repam@adm","twitter_card":"summary_large_image","twitter_misc":{"Escrito por":"repam@adm","Tiempo de lectura":"5 minutos"},"schema":{"@context":"https:\/\/schema.org","@graph":[{"@type":"Article","@id":"https:\/\/www.repam.net\/es\/20-de-junio-dia-mundial-del-refugiado\/#article","isPartOf":{"@id":"https:\/\/www.repam.net\/es\/20-de-junio-dia-mundial-del-refugiado\/"},"author":{"name":"repam@adm","@id":"https:\/\/www.repam.net\/es\/#\/schema\/person\/0c828bf04cf1abe6016cbe752c76a033"},"headline":"20 de junio: D\u00eda Mundial del Refugiado","datePublished":"2022-06-20T20:44:41+00:00","dateModified":"2022-06-20T20:44:43+00:00","mainEntityOfPage":{"@id":"https:\/\/www.repam.net\/es\/20-de-junio-dia-mundial-del-refugiado\/"},"wordCount":1019,"publisher":{"@id":"https:\/\/www.repam.net\/es\/#organization"},"image":{"@id":"https:\/\/www.repam.net\/es\/20-de-junio-dia-mundial-del-refugiado\/#primaryimage"},"thumbnailUrl":"https:\/\/www.repam.net\/es\/wp-content\/uploads\/2022\/06\/refugiado.jpeg","keywords":["Derechos Humanos","refugiado","solidaridad"],"articleSection":["Derechos Humanos","Noticias"],"inLanguage":"es-CO"},{"@type":"WebPage","@id":"https:\/\/www.repam.net\/es\/20-de-junio-dia-mundial-del-refugiado\/","url":"https:\/\/www.repam.net\/es\/20-de-junio-dia-mundial-del-refugiado\/","name":"20 de junio: D\u00eda Mundial del Refugiado - REPAM","isPartOf":{"@id":"https:\/\/www.repam.net\/es\/#website"},"primaryImageOfPage":{"@id":"https:\/\/www.repam.net\/es\/20-de-junio-dia-mundial-del-refugiado\/#primaryimage"},"image":{"@id":"https:\/\/www.repam.net\/es\/20-de-junio-dia-mundial-del-refugiado\/#primaryimage"},"thumbnailUrl":"https:\/\/www.repam.net\/es\/wp-content\/uploads\/2022\/06\/refugiado.jpeg","datePublished":"2022-06-20T20:44:41+00:00","dateModified":"2022-06-20T20:44:43+00:00","breadcrumb":{"@id":"https:\/\/www.repam.net\/es\/20-de-junio-dia-mundial-del-refugiado\/#breadcrumb"},"inLanguage":"es-CO","potentialAction":[{"@type":"ReadAction","target":["https:\/\/www.repam.net\/es\/20-de-junio-dia-mundial-del-refugiado\/"]}]},{"@type":"ImageObject","inLanguage":"es-CO","@id":"https:\/\/www.repam.net\/es\/20-de-junio-dia-mundial-del-refugiado\/#primaryimage","url":"https:\/\/www.repam.net\/es\/wp-content\/uploads\/2022\/06\/refugiado.jpeg","contentUrl":"https:\/\/www.repam.net\/es\/wp-content\/uploads\/2022\/06\/refugiado.jpeg","width":750,"height":422},{"@type":"BreadcrumbList","@id":"https:\/\/www.repam.net\/es\/20-de-junio-dia-mundial-del-refugiado\/#breadcrumb","itemListElement":[{"@type":"ListItem","position":1,"name":"Inicio","item":"https:\/\/www.repam.net\/es\/"},{"@type":"ListItem","position":2,"name":"20 de junio: D\u00eda Mundial del Refugiado"}]},{"@type":"WebSite","@id":"https:\/\/www.repam.net\/es\/#website","url":"https:\/\/www.repam.net\/es\/","name":"REPAM","description":"Red Eclesial Panamaz\u00f3nica","publisher":{"@id":"https:\/\/www.repam.net\/es\/#organization"},"potentialAction":[{"@type":"SearchAction","target":{"@type":"EntryPoint","urlTemplate":"https:\/\/www.repam.net\/es\/?s={search_term_string}"},"query-input":{"@type":"PropertyValueSpecification","valueRequired":true,"valueName":"search_term_string"}}],"inLanguage":"es-CO"},{"@type":"Organization","@id":"https:\/\/www.repam.net\/es\/#organization","name":"REPAM","url":"https:\/\/www.repam.net\/es\/","logo":{"@type":"ImageObject","inLanguage":"es-CO","@id":"https:\/\/www.repam.net\/es\/#\/schema\/logo\/image\/","url":"https:\/\/www.repam.net\/es\/wp-content\/uploads\/2021\/11\/cropped-favicon.png","contentUrl":"https:\/\/www.repam.net\/es\/wp-content\/uploads\/2021\/11\/cropped-favicon.png","width":512,"height":512,"caption":"REPAM"},"image":{"@id":"https:\/\/www.repam.net\/es\/#\/schema\/logo\/image\/"}},{"@type":"Person","@id":"https:\/\/www.repam.net\/es\/#\/schema\/person\/0c828bf04cf1abe6016cbe752c76a033","name":"repam@adm","image":{"@type":"ImageObject","inLanguage":"es-CO","@id":"https:\/\/secure.gravatar.com\/avatar\/b18234ea6de5d74563e52ca7bfdad9d2b029b514c935b38a2790717abf8f2e5f?s=96&d=mm&r=g","url":"https:\/\/secure.gravatar.com\/avatar\/b18234ea6de5d74563e52ca7bfdad9d2b029b514c935b38a2790717abf8f2e5f?s=96&d=mm&r=g","contentUrl":"https:\/\/secure.gravatar.com\/avatar\/b18234ea6de5d74563e52ca7bfdad9d2b029b514c935b38a2790717abf8f2e5f?s=96&d=mm&r=g","caption":"repam@adm"},"sameAs":["http:\/\/repam.net"],"url":"https:\/\/www.repam.net\/es\/author\/repamadm\/"}]}},"_links":{"self":[{"href":"https:\/\/www.repam.net\/es\/wp-json\/wp\/v2\/posts\/7502","targetHints":{"allow":["GET"]}}],"collection":[{"href":"https:\/\/www.repam.net\/es\/wp-json\/wp\/v2\/posts"}],"about":[{"href":"https:\/\/www.repam.net\/es\/wp-json\/wp\/v2\/types\/post"}],"author":[{"embeddable":true,"href":"https:\/\/www.repam.net\/es\/wp-json\/wp\/v2\/users\/1"}],"replies":[{"embeddable":true,"href":"https:\/\/www.repam.net\/es\/wp-json\/wp\/v2\/comments?post=7502"}],"version-history":[{"count":1,"href":"https:\/\/www.repam.net\/es\/wp-json\/wp\/v2\/posts\/7502\/revisions"}],"predecessor-version":[{"id":7504,"href":"https:\/\/www.repam.net\/es\/wp-json\/wp\/v2\/posts\/7502\/revisions\/7504"}],"wp:featuredmedia":[{"embeddable":true,"href":"https:\/\/www.repam.net\/es\/wp-json\/wp\/v2\/media\/7503"}],"wp:attachment":[{"href":"https:\/\/www.repam.net\/es\/wp-json\/wp\/v2\/media?parent=7502"}],"wp:term":[{"taxonomy":"category","embeddable":true,"href":"https:\/\/www.repam.net\/es\/wp-json\/wp\/v2\/categories?post=7502"},{"taxonomy":"post_tag","embeddable":true,"href":"https:\/\/www.repam.net\/es\/wp-json\/wp\/v2\/tags?post=7502"}],"curies":[{"name":"wp","href":"https:\/\/api.w.org\/{rel}","templated":true}]}}