{"id":7511,"date":"2022-06-21T09:44:26","date_gmt":"2022-06-21T14:44:26","guid":{"rendered":"https:\/\/www.repam.net\/es\/?p=7511"},"modified":"2022-06-21T09:45:26","modified_gmt":"2022-06-21T14:45:26","slug":"taller-gratuito-de-iconografia-yanesha-y-pintura-textil-se-realizara-en-el-museo-metropolitano-de-lima","status":"publish","type":"post","link":"https:\/\/www.repam.net\/es\/taller-gratuito-de-iconografia-yanesha-y-pintura-textil-se-realizara-en-el-museo-metropolitano-de-lima\/","title":{"rendered":"Taller gratuito de iconograf\u00eda y\u00e1nesha y pintura textil se realizar\u00e1 en el Museo Metropolitano de Lima"},"content":{"rendered":"<div class=\"wp-block-image\">\n<figure class=\"aligncenter size-full\"><img loading=\"lazy\" decoding=\"async\" width=\"1024\" height=\"689\" src=\"https:\/\/www.repam.net\/es\/wp-content\/uploads\/2022\/06\/arte-yanesha.jpg\" alt=\"\" class=\"wp-image-7512\" srcset=\"https:\/\/www.repam.net\/es\/wp-content\/uploads\/2022\/06\/arte-yanesha.jpg 1024w, https:\/\/www.repam.net\/es\/wp-content\/uploads\/2022\/06\/arte-yanesha-300x202.jpg 300w, https:\/\/www.repam.net\/es\/wp-content\/uploads\/2022\/06\/arte-yanesha-768x517.jpg 768w\" sizes=\"auto, (max-width: 1024px) 100vw, 1024px\" \/><\/figure>\n<\/div>\n\n\n<blockquote class=\"wp-block-quote is-layout-flow wp-block-quote-is-layout-flow\"><p><em>En el marco de la exposici\u00f3n &#8220;Puedo caminar, puedo volar. Artistas amaz\u00f3nicas contempor\u00e1neas y la defensa del buen vivir&#8221;, los participantes podr\u00e1n conocer las nociones b\u00e1sicas sobre la cosmovisi\u00f3n y los dise\u00f1os del pueblo amaz\u00f3nico Y\u00e1nesha.<\/em><\/p><\/blockquote>\n\n\n\n<p><strong><em>Por CAAP<\/em><\/strong><\/p>\n\n\n\n<p>Continuando con las actividades realizadas en el marco de la exposici\u00f3n &#8220;Puedo caminar, puedo volar. Artistas amaz\u00f3nicas contempor\u00e1neas y la defensa del buen vivir&#8221;, este mi\u00e9rcoles 22 de junio a las 11 de la ma\u00f1ana se realizar\u00e1 el segundo taller gratuito sobre iconograf\u00eda ind\u00edgena amaz\u00f3nica en el Museo Metropolitano de Lima. Esta vez, se tratar\u00e1 acerca del arte del pueblo ind\u00edgena Y\u00e1nesha.<\/p>\n\n\n\n<p>Los participantes podr\u00e1n aprender nociones b\u00e1sicas sobre la cosmovisi\u00f3n y los dise\u00f1os de este pueblo amaz\u00f3nico, aplicados al dibujo con tintes naturales sobre textil. Para inscribirse y participar, los y las interesadas solo deber\u00e1n llenar el formulario de inscripci\u00f3n y llevar algunos materiales que pueden tener en casa, como un pincel, un l\u00e1piz y una regla.<\/p>\n\n\n\n<p>La instructora a cargo de este espacio de aprendizaje ser\u00e1 Lizz Indrid Abel Machari, artesana de la Asociaci\u00f3n de artesanos de la comunidad nativa Alto Puruz &#8220;Yets\u00f1or&#8221;.<\/p>\n\n\n\n<p>Este taller es organizado por el Centro Amaz\u00f3nico de Antropolog\u00eda y Aplicaci\u00f3n Pr\u00e1ctica, la Red Eclesial Panamaz\u00f3nica en Per\u00fa y la Municipalidad de Lima, y busca sensibilizar a la ciudadan\u00eda en torno al conocimiento de la cosmovisi\u00f3n del pueblo Y\u00e1nesha, transmitidos a trav\u00e9s de las obras de las artistas, as\u00ed como acercar el arte amaz\u00f3nico al p\u00fablico en general y brindar una experiencia de aprendizaje significativa.<\/p>\n\n\n\n<p>La asistencia es previa inscripci\u00f3n,&nbsp;<a href=\"https:\/\/docs.google.com\/forms\/d\/e\/1FAIpQLSf59AWCoRNtqR6ser1m7D37IkkjD6pWUqhT9KOT83WS61kcqg\/viewform?fbclid=IwAR2mM8DtrptkEAWJ6NM_VDa8PxYrhfVatGI3ACs4_Ne0ZxiLStwJ-VPoJrM\">a trav\u00e9s de&nbsp;<strong>este formulario<\/strong>.&nbsp;<\/a>Los cupos son limitados.<\/p>\n\n\n<div class=\"wp-block-image\">\n<figure class=\"aligncenter\"><img decoding=\"async\" src=\"https:\/\/www.caaap.org.pe\/wp-content\/uploads\/2022\/06\/287443342_986581642006460_1030946279296720645_n-764x1024.png\" alt=\"\" class=\"wp-image-24426\"\/><\/figure>\n<\/div>\n\n\n<p><strong><em>Fuente: CAAP<\/em><\/strong><\/p>\n","protected":false},"excerpt":{"rendered":"<p>En el marco de la exposici\u00f3n &#8220;Puedo caminar, puedo volar. Artistas amaz\u00f3nicas contempor\u00e1neas y la defensa del buen vivir&#8221;, los participantes podr\u00e1n conocer las nociones b\u00e1sicas sobre la cosmovisi\u00f3n y los dise\u00f1os del pueblo amaz\u00f3nico Y\u00e1nesha. Por CAAP Continuando con las actividades realizadas en el marco de la exposici\u00f3n &#8220;Puedo caminar, puedo volar. Artistas amaz\u00f3nicas [&hellip;]<\/p>\n","protected":false},"author":1,"featured_media":7512,"comment_status":"closed","ping_status":"closed","sticky":false,"template":"","format":"standard","meta":{"_acf_changed":false,"_uf_show_specific_survey":0,"_uf_disable_surveys":false,"footnotes":""},"categories":[4,10],"tags":[33,81,16,9],"class_list":["post-7511","post","type-post","status-publish","format-standard","has-post-thumbnail","hentry","category-noticias","category-peru","tag-amazonia","tag-peru","tag-pueblos-indigenas","tag-repam"],"acf":[],"aioseo_notices":[],"yoast_head":"<!-- This site is optimized with the Yoast SEO plugin v27.4 - https:\/\/yoast.com\/product\/yoast-seo-wordpress\/ -->\n<title>Taller gratuito de iconograf\u00eda y\u00e1nesha y pintura textil se realizar\u00e1 en el Museo Metropolitano de Lima - REPAM<\/title>\n<meta name=\"robots\" content=\"index, follow, max-snippet:-1, max-image-preview:large, max-video-preview:-1\" \/>\n<link rel=\"canonical\" href=\"https:\/\/www.repam.net\/es\/taller-gratuito-de-iconografia-yanesha-y-pintura-textil-se-realizara-en-el-museo-metropolitano-de-lima\/\" \/>\n<meta property=\"og:locale\" content=\"es_ES\" \/>\n<meta property=\"og:type\" content=\"article\" \/>\n<meta property=\"og:title\" content=\"Taller gratuito de iconograf\u00eda y\u00e1nesha y pintura textil se realizar\u00e1 en el Museo Metropolitano de Lima - REPAM\" \/>\n<meta property=\"og:description\" content=\"En el marco de la exposici\u00f3n &#8220;Puedo caminar, puedo volar. Artistas amaz\u00f3nicas contempor\u00e1neas y la defensa del buen vivir&#8221;, los participantes podr\u00e1n conocer las nociones b\u00e1sicas sobre la cosmovisi\u00f3n y los dise\u00f1os del pueblo amaz\u00f3nico Y\u00e1nesha. Por CAAP Continuando con las actividades realizadas en el marco de la exposici\u00f3n &#8220;Puedo caminar, puedo volar. Artistas amaz\u00f3nicas [&hellip;]\" \/>\n<meta property=\"og:url\" content=\"https:\/\/www.repam.net\/es\/taller-gratuito-de-iconografia-yanesha-y-pintura-textil-se-realizara-en-el-museo-metropolitano-de-lima\/\" \/>\n<meta property=\"og:site_name\" content=\"REPAM\" \/>\n<meta property=\"article:published_time\" content=\"2022-06-21T14:44:26+00:00\" \/>\n<meta property=\"article:modified_time\" content=\"2022-06-21T14:45:26+00:00\" \/>\n<meta property=\"og:image\" content=\"https:\/\/www.repam.net\/es\/wp-content\/uploads\/2022\/06\/arte-yanesha.jpg\" \/>\n\t<meta property=\"og:image:width\" content=\"1024\" \/>\n\t<meta property=\"og:image:height\" content=\"689\" \/>\n\t<meta property=\"og:image:type\" content=\"image\/jpeg\" \/>\n<meta name=\"author\" content=\"repam@adm\" \/>\n<meta name=\"twitter:card\" content=\"summary_large_image\" \/>\n<meta name=\"twitter:label1\" content=\"Escrito por\" \/>\n\t<meta name=\"twitter:data1\" content=\"repam@adm\" \/>\n\t<meta name=\"twitter:label2\" content=\"Tiempo de lectura\" \/>\n\t<meta name=\"twitter:data2\" content=\"2 minutos\" \/>\n<script type=\"application\/ld+json\" class=\"yoast-schema-graph\">{\"@context\":\"https:\\\/\\\/schema.org\",\"@graph\":[{\"@type\":\"Article\",\"@id\":\"https:\\\/\\\/www.repam.net\\\/es\\\/taller-gratuito-de-iconografia-yanesha-y-pintura-textil-se-realizara-en-el-museo-metropolitano-de-lima\\\/#article\",\"isPartOf\":{\"@id\":\"https:\\\/\\\/www.repam.net\\\/es\\\/taller-gratuito-de-iconografia-yanesha-y-pintura-textil-se-realizara-en-el-museo-metropolitano-de-lima\\\/\"},\"author\":{\"name\":\"repam@adm\",\"@id\":\"https:\\\/\\\/www.repam.net\\\/es\\\/#\\\/schema\\\/person\\\/0c828bf04cf1abe6016cbe752c76a033\"},\"headline\":\"Taller gratuito de iconograf\u00eda y\u00e1nesha y pintura textil se realizar\u00e1 en el Museo Metropolitano de Lima\",\"datePublished\":\"2022-06-21T14:44:26+00:00\",\"dateModified\":\"2022-06-21T14:45:26+00:00\",\"mainEntityOfPage\":{\"@id\":\"https:\\\/\\\/www.repam.net\\\/es\\\/taller-gratuito-de-iconografia-yanesha-y-pintura-textil-se-realizara-en-el-museo-metropolitano-de-lima\\\/\"},\"wordCount\":326,\"publisher\":{\"@id\":\"https:\\\/\\\/www.repam.net\\\/es\\\/#organization\"},\"image\":{\"@id\":\"https:\\\/\\\/www.repam.net\\\/es\\\/taller-gratuito-de-iconografia-yanesha-y-pintura-textil-se-realizara-en-el-museo-metropolitano-de-lima\\\/#primaryimage\"},\"thumbnailUrl\":\"https:\\\/\\\/www.repam.net\\\/es\\\/wp-content\\\/uploads\\\/2022\\\/06\\\/arte-yanesha.jpg\",\"keywords\":[\"Amazon\u00eda\",\"Per\u00fa\",\"pueblos ind\u00edgenas\",\"REPAM\"],\"articleSection\":[\"Noticias\",\"Per\u00fa\"],\"inLanguage\":\"es-CO\"},{\"@type\":\"WebPage\",\"@id\":\"https:\\\/\\\/www.repam.net\\\/es\\\/taller-gratuito-de-iconografia-yanesha-y-pintura-textil-se-realizara-en-el-museo-metropolitano-de-lima\\\/\",\"url\":\"https:\\\/\\\/www.repam.net\\\/es\\\/taller-gratuito-de-iconografia-yanesha-y-pintura-textil-se-realizara-en-el-museo-metropolitano-de-lima\\\/\",\"name\":\"Taller gratuito de iconograf\u00eda y\u00e1nesha y pintura textil se realizar\u00e1 en el Museo Metropolitano de Lima - REPAM\",\"isPartOf\":{\"@id\":\"https:\\\/\\\/www.repam.net\\\/es\\\/#website\"},\"primaryImageOfPage\":{\"@id\":\"https:\\\/\\\/www.repam.net\\\/es\\\/taller-gratuito-de-iconografia-yanesha-y-pintura-textil-se-realizara-en-el-museo-metropolitano-de-lima\\\/#primaryimage\"},\"image\":{\"@id\":\"https:\\\/\\\/www.repam.net\\\/es\\\/taller-gratuito-de-iconografia-yanesha-y-pintura-textil-se-realizara-en-el-museo-metropolitano-de-lima\\\/#primaryimage\"},\"thumbnailUrl\":\"https:\\\/\\\/www.repam.net\\\/es\\\/wp-content\\\/uploads\\\/2022\\\/06\\\/arte-yanesha.jpg\",\"datePublished\":\"2022-06-21T14:44:26+00:00\",\"dateModified\":\"2022-06-21T14:45:26+00:00\",\"breadcrumb\":{\"@id\":\"https:\\\/\\\/www.repam.net\\\/es\\\/taller-gratuito-de-iconografia-yanesha-y-pintura-textil-se-realizara-en-el-museo-metropolitano-de-lima\\\/#breadcrumb\"},\"inLanguage\":\"es-CO\",\"potentialAction\":[{\"@type\":\"ReadAction\",\"target\":[\"https:\\\/\\\/www.repam.net\\\/es\\\/taller-gratuito-de-iconografia-yanesha-y-pintura-textil-se-realizara-en-el-museo-metropolitano-de-lima\\\/\"]}]},{\"@type\":\"ImageObject\",\"inLanguage\":\"es-CO\",\"@id\":\"https:\\\/\\\/www.repam.net\\\/es\\\/taller-gratuito-de-iconografia-yanesha-y-pintura-textil-se-realizara-en-el-museo-metropolitano-de-lima\\\/#primaryimage\",\"url\":\"https:\\\/\\\/www.repam.net\\\/es\\\/wp-content\\\/uploads\\\/2022\\\/06\\\/arte-yanesha.jpg\",\"contentUrl\":\"https:\\\/\\\/www.repam.net\\\/es\\\/wp-content\\\/uploads\\\/2022\\\/06\\\/arte-yanesha.jpg\",\"width\":1024,\"height\":689},{\"@type\":\"BreadcrumbList\",\"@id\":\"https:\\\/\\\/www.repam.net\\\/es\\\/taller-gratuito-de-iconografia-yanesha-y-pintura-textil-se-realizara-en-el-museo-metropolitano-de-lima\\\/#breadcrumb\",\"itemListElement\":[{\"@type\":\"ListItem\",\"position\":1,\"name\":\"Inicio\",\"item\":\"https:\\\/\\\/www.repam.net\\\/es\\\/\"},{\"@type\":\"ListItem\",\"position\":2,\"name\":\"Taller gratuito de iconograf\u00eda y\u00e1nesha y pintura textil se realizar\u00e1 en el Museo Metropolitano de Lima\"}]},{\"@type\":\"WebSite\",\"@id\":\"https:\\\/\\\/www.repam.net\\\/es\\\/#website\",\"url\":\"https:\\\/\\\/www.repam.net\\\/es\\\/\",\"name\":\"REPAM\",\"description\":\"Red Eclesial Panamaz\u00f3nica\",\"publisher\":{\"@id\":\"https:\\\/\\\/www.repam.net\\\/es\\\/#organization\"},\"potentialAction\":[{\"@type\":\"SearchAction\",\"target\":{\"@type\":\"EntryPoint\",\"urlTemplate\":\"https:\\\/\\\/www.repam.net\\\/es\\\/?s={search_term_string}\"},\"query-input\":{\"@type\":\"PropertyValueSpecification\",\"valueRequired\":true,\"valueName\":\"search_term_string\"}}],\"inLanguage\":\"es-CO\"},{\"@type\":\"Organization\",\"@id\":\"https:\\\/\\\/www.repam.net\\\/es\\\/#organization\",\"name\":\"REPAM\",\"url\":\"https:\\\/\\\/www.repam.net\\\/es\\\/\",\"logo\":{\"@type\":\"ImageObject\",\"inLanguage\":\"es-CO\",\"@id\":\"https:\\\/\\\/www.repam.net\\\/es\\\/#\\\/schema\\\/logo\\\/image\\\/\",\"url\":\"https:\\\/\\\/www.repam.net\\\/es\\\/wp-content\\\/uploads\\\/2021\\\/11\\\/cropped-favicon.png\",\"contentUrl\":\"https:\\\/\\\/www.repam.net\\\/es\\\/wp-content\\\/uploads\\\/2021\\\/11\\\/cropped-favicon.png\",\"width\":512,\"height\":512,\"caption\":\"REPAM\"},\"image\":{\"@id\":\"https:\\\/\\\/www.repam.net\\\/es\\\/#\\\/schema\\\/logo\\\/image\\\/\"}},{\"@type\":\"Person\",\"@id\":\"https:\\\/\\\/www.repam.net\\\/es\\\/#\\\/schema\\\/person\\\/0c828bf04cf1abe6016cbe752c76a033\",\"name\":\"repam@adm\",\"image\":{\"@type\":\"ImageObject\",\"inLanguage\":\"es-CO\",\"@id\":\"https:\\\/\\\/secure.gravatar.com\\\/avatar\\\/b18234ea6de5d74563e52ca7bfdad9d2b029b514c935b38a2790717abf8f2e5f?s=96&d=mm&r=g\",\"url\":\"https:\\\/\\\/secure.gravatar.com\\\/avatar\\\/b18234ea6de5d74563e52ca7bfdad9d2b029b514c935b38a2790717abf8f2e5f?s=96&d=mm&r=g\",\"contentUrl\":\"https:\\\/\\\/secure.gravatar.com\\\/avatar\\\/b18234ea6de5d74563e52ca7bfdad9d2b029b514c935b38a2790717abf8f2e5f?s=96&d=mm&r=g\",\"caption\":\"repam@adm\"},\"sameAs\":[\"http:\\\/\\\/repam.net\"],\"url\":\"https:\\\/\\\/www.repam.net\\\/es\\\/author\\\/repamadm\\\/\"}]}<\/script>\n<!-- \/ Yoast SEO plugin. -->","yoast_head_json":{"title":"Taller gratuito de iconograf\u00eda y\u00e1nesha y pintura textil se realizar\u00e1 en el Museo Metropolitano de Lima - REPAM","robots":{"index":"index","follow":"follow","max-snippet":"max-snippet:-1","max-image-preview":"max-image-preview:large","max-video-preview":"max-video-preview:-1"},"canonical":"https:\/\/www.repam.net\/es\/taller-gratuito-de-iconografia-yanesha-y-pintura-textil-se-realizara-en-el-museo-metropolitano-de-lima\/","og_locale":"es_ES","og_type":"article","og_title":"Taller gratuito de iconograf\u00eda y\u00e1nesha y pintura textil se realizar\u00e1 en el Museo Metropolitano de Lima - REPAM","og_description":"En el marco de la exposici\u00f3n &#8220;Puedo caminar, puedo volar. Artistas amaz\u00f3nicas contempor\u00e1neas y la defensa del buen vivir&#8221;, los participantes podr\u00e1n conocer las nociones b\u00e1sicas sobre la cosmovisi\u00f3n y los dise\u00f1os del pueblo amaz\u00f3nico Y\u00e1nesha. Por CAAP Continuando con las actividades realizadas en el marco de la exposici\u00f3n &#8220;Puedo caminar, puedo volar. Artistas amaz\u00f3nicas [&hellip;]","og_url":"https:\/\/www.repam.net\/es\/taller-gratuito-de-iconografia-yanesha-y-pintura-textil-se-realizara-en-el-museo-metropolitano-de-lima\/","og_site_name":"REPAM","article_published_time":"2022-06-21T14:44:26+00:00","article_modified_time":"2022-06-21T14:45:26+00:00","og_image":[{"width":1024,"height":689,"url":"https:\/\/www.repam.net\/es\/wp-content\/uploads\/2022\/06\/arte-yanesha.jpg","type":"image\/jpeg"}],"author":"repam@adm","twitter_card":"summary_large_image","twitter_misc":{"Escrito por":"repam@adm","Tiempo de lectura":"2 minutos"},"schema":{"@context":"https:\/\/schema.org","@graph":[{"@type":"Article","@id":"https:\/\/www.repam.net\/es\/taller-gratuito-de-iconografia-yanesha-y-pintura-textil-se-realizara-en-el-museo-metropolitano-de-lima\/#article","isPartOf":{"@id":"https:\/\/www.repam.net\/es\/taller-gratuito-de-iconografia-yanesha-y-pintura-textil-se-realizara-en-el-museo-metropolitano-de-lima\/"},"author":{"name":"repam@adm","@id":"https:\/\/www.repam.net\/es\/#\/schema\/person\/0c828bf04cf1abe6016cbe752c76a033"},"headline":"Taller gratuito de iconograf\u00eda y\u00e1nesha y pintura textil se realizar\u00e1 en el Museo Metropolitano de Lima","datePublished":"2022-06-21T14:44:26+00:00","dateModified":"2022-06-21T14:45:26+00:00","mainEntityOfPage":{"@id":"https:\/\/www.repam.net\/es\/taller-gratuito-de-iconografia-yanesha-y-pintura-textil-se-realizara-en-el-museo-metropolitano-de-lima\/"},"wordCount":326,"publisher":{"@id":"https:\/\/www.repam.net\/es\/#organization"},"image":{"@id":"https:\/\/www.repam.net\/es\/taller-gratuito-de-iconografia-yanesha-y-pintura-textil-se-realizara-en-el-museo-metropolitano-de-lima\/#primaryimage"},"thumbnailUrl":"https:\/\/www.repam.net\/es\/wp-content\/uploads\/2022\/06\/arte-yanesha.jpg","keywords":["Amazon\u00eda","Per\u00fa","pueblos ind\u00edgenas","REPAM"],"articleSection":["Noticias","Per\u00fa"],"inLanguage":"es-CO"},{"@type":"WebPage","@id":"https:\/\/www.repam.net\/es\/taller-gratuito-de-iconografia-yanesha-y-pintura-textil-se-realizara-en-el-museo-metropolitano-de-lima\/","url":"https:\/\/www.repam.net\/es\/taller-gratuito-de-iconografia-yanesha-y-pintura-textil-se-realizara-en-el-museo-metropolitano-de-lima\/","name":"Taller gratuito de iconograf\u00eda y\u00e1nesha y pintura textil se realizar\u00e1 en el Museo Metropolitano de Lima - REPAM","isPartOf":{"@id":"https:\/\/www.repam.net\/es\/#website"},"primaryImageOfPage":{"@id":"https:\/\/www.repam.net\/es\/taller-gratuito-de-iconografia-yanesha-y-pintura-textil-se-realizara-en-el-museo-metropolitano-de-lima\/#primaryimage"},"image":{"@id":"https:\/\/www.repam.net\/es\/taller-gratuito-de-iconografia-yanesha-y-pintura-textil-se-realizara-en-el-museo-metropolitano-de-lima\/#primaryimage"},"thumbnailUrl":"https:\/\/www.repam.net\/es\/wp-content\/uploads\/2022\/06\/arte-yanesha.jpg","datePublished":"2022-06-21T14:44:26+00:00","dateModified":"2022-06-21T14:45:26+00:00","breadcrumb":{"@id":"https:\/\/www.repam.net\/es\/taller-gratuito-de-iconografia-yanesha-y-pintura-textil-se-realizara-en-el-museo-metropolitano-de-lima\/#breadcrumb"},"inLanguage":"es-CO","potentialAction":[{"@type":"ReadAction","target":["https:\/\/www.repam.net\/es\/taller-gratuito-de-iconografia-yanesha-y-pintura-textil-se-realizara-en-el-museo-metropolitano-de-lima\/"]}]},{"@type":"ImageObject","inLanguage":"es-CO","@id":"https:\/\/www.repam.net\/es\/taller-gratuito-de-iconografia-yanesha-y-pintura-textil-se-realizara-en-el-museo-metropolitano-de-lima\/#primaryimage","url":"https:\/\/www.repam.net\/es\/wp-content\/uploads\/2022\/06\/arte-yanesha.jpg","contentUrl":"https:\/\/www.repam.net\/es\/wp-content\/uploads\/2022\/06\/arte-yanesha.jpg","width":1024,"height":689},{"@type":"BreadcrumbList","@id":"https:\/\/www.repam.net\/es\/taller-gratuito-de-iconografia-yanesha-y-pintura-textil-se-realizara-en-el-museo-metropolitano-de-lima\/#breadcrumb","itemListElement":[{"@type":"ListItem","position":1,"name":"Inicio","item":"https:\/\/www.repam.net\/es\/"},{"@type":"ListItem","position":2,"name":"Taller gratuito de iconograf\u00eda y\u00e1nesha y pintura textil se realizar\u00e1 en el Museo Metropolitano de Lima"}]},{"@type":"WebSite","@id":"https:\/\/www.repam.net\/es\/#website","url":"https:\/\/www.repam.net\/es\/","name":"REPAM","description":"Red Eclesial Panamaz\u00f3nica","publisher":{"@id":"https:\/\/www.repam.net\/es\/#organization"},"potentialAction":[{"@type":"SearchAction","target":{"@type":"EntryPoint","urlTemplate":"https:\/\/www.repam.net\/es\/?s={search_term_string}"},"query-input":{"@type":"PropertyValueSpecification","valueRequired":true,"valueName":"search_term_string"}}],"inLanguage":"es-CO"},{"@type":"Organization","@id":"https:\/\/www.repam.net\/es\/#organization","name":"REPAM","url":"https:\/\/www.repam.net\/es\/","logo":{"@type":"ImageObject","inLanguage":"es-CO","@id":"https:\/\/www.repam.net\/es\/#\/schema\/logo\/image\/","url":"https:\/\/www.repam.net\/es\/wp-content\/uploads\/2021\/11\/cropped-favicon.png","contentUrl":"https:\/\/www.repam.net\/es\/wp-content\/uploads\/2021\/11\/cropped-favicon.png","width":512,"height":512,"caption":"REPAM"},"image":{"@id":"https:\/\/www.repam.net\/es\/#\/schema\/logo\/image\/"}},{"@type":"Person","@id":"https:\/\/www.repam.net\/es\/#\/schema\/person\/0c828bf04cf1abe6016cbe752c76a033","name":"repam@adm","image":{"@type":"ImageObject","inLanguage":"es-CO","@id":"https:\/\/secure.gravatar.com\/avatar\/b18234ea6de5d74563e52ca7bfdad9d2b029b514c935b38a2790717abf8f2e5f?s=96&d=mm&r=g","url":"https:\/\/secure.gravatar.com\/avatar\/b18234ea6de5d74563e52ca7bfdad9d2b029b514c935b38a2790717abf8f2e5f?s=96&d=mm&r=g","contentUrl":"https:\/\/secure.gravatar.com\/avatar\/b18234ea6de5d74563e52ca7bfdad9d2b029b514c935b38a2790717abf8f2e5f?s=96&d=mm&r=g","caption":"repam@adm"},"sameAs":["http:\/\/repam.net"],"url":"https:\/\/www.repam.net\/es\/author\/repamadm\/"}]}},"_links":{"self":[{"href":"https:\/\/www.repam.net\/es\/wp-json\/wp\/v2\/posts\/7511","targetHints":{"allow":["GET"]}}],"collection":[{"href":"https:\/\/www.repam.net\/es\/wp-json\/wp\/v2\/posts"}],"about":[{"href":"https:\/\/www.repam.net\/es\/wp-json\/wp\/v2\/types\/post"}],"author":[{"embeddable":true,"href":"https:\/\/www.repam.net\/es\/wp-json\/wp\/v2\/users\/1"}],"replies":[{"embeddable":true,"href":"https:\/\/www.repam.net\/es\/wp-json\/wp\/v2\/comments?post=7511"}],"version-history":[{"count":1,"href":"https:\/\/www.repam.net\/es\/wp-json\/wp\/v2\/posts\/7511\/revisions"}],"predecessor-version":[{"id":7513,"href":"https:\/\/www.repam.net\/es\/wp-json\/wp\/v2\/posts\/7511\/revisions\/7513"}],"wp:featuredmedia":[{"embeddable":true,"href":"https:\/\/www.repam.net\/es\/wp-json\/wp\/v2\/media\/7512"}],"wp:attachment":[{"href":"https:\/\/www.repam.net\/es\/wp-json\/wp\/v2\/media?parent=7511"}],"wp:term":[{"taxonomy":"category","embeddable":true,"href":"https:\/\/www.repam.net\/es\/wp-json\/wp\/v2\/categories?post=7511"},{"taxonomy":"post_tag","embeddable":true,"href":"https:\/\/www.repam.net\/es\/wp-json\/wp\/v2\/tags?post=7511"}],"curies":[{"name":"wp","href":"https:\/\/api.w.org\/{rel}","templated":true}]}}