{"id":7514,"date":"2022-06-22T14:41:14","date_gmt":"2022-06-22T19:41:14","guid":{"rendered":"https:\/\/www.repam.net\/es\/?p=7514"},"modified":"2022-06-22T14:41:16","modified_gmt":"2022-06-22T19:41:16","slug":"iglesia-de-iquitos-inaugura-centro-de-escucha-para-acompanar-a-victimas-de-violencia","status":"publish","type":"post","link":"https:\/\/www.repam.net\/es\/iglesia-de-iquitos-inaugura-centro-de-escucha-para-acompanar-a-victimas-de-violencia\/","title":{"rendered":"Iglesia de Iquitos inaugura centro de escucha para acompa\u00f1ar a v\u00edctimas de violencia"},"content":{"rendered":"<div class=\"wp-block-image\">\n<figure class=\"aligncenter size-full\"><img loading=\"lazy\" decoding=\"async\" width=\"848\" height=\"480\" src=\"https:\/\/www.repam.net\/es\/wp-content\/uploads\/2022\/06\/iglesia-de-iquito.jpg\" alt=\"\" class=\"wp-image-7515\" srcset=\"https:\/\/www.repam.net\/es\/wp-content\/uploads\/2022\/06\/iglesia-de-iquito.jpg 848w, https:\/\/www.repam.net\/es\/wp-content\/uploads\/2022\/06\/iglesia-de-iquito-300x170.jpg 300w, https:\/\/www.repam.net\/es\/wp-content\/uploads\/2022\/06\/iglesia-de-iquito-768x435.jpg 768w\" sizes=\"auto, (max-width: 848px) 100vw, 848px\" \/><\/figure>\n<\/div>\n\n\n<blockquote class=\"wp-block-quote is-layout-flow wp-block-quote-is-layout-flow\"><p><em>Un espacio que nace a partir de una autocr\u00edtica de la propia Iglesia, que reconoce que existe violencia en su comunidad y que no solo se trata de un grave pecado, sino de un delito que puede derivar en una sanci\u00f3n penal por parte de las autoridades.<\/em><\/p><\/blockquote>\n\n\n\n<p><em><strong>Por<\/strong> <strong>Radio La Voz de la Selva<\/strong><\/em><\/p>\n\n\n\n<p>&#8220;Lo que se pretende es hacer lo que viene indicando la Iglesia. En todo el mundo nos invita a escuchar a las v\u00edctimas de posibles abusos tanto de poder, de conciencia, f\u00edsica y sexual. Y, en segundo lugar, prevenir para que este tipo de situaciones no suceda. Por lo tanto, lo que se busca es una Iglesia m\u00e1s segura&#8221;. Son las palabras de Mons. Miguel \u00c1ngel Cadenas, obispo del Vicariato Apost\u00f3lico de Iquitos, tras la inauguraci\u00f3n del centro de escucha, realizada en la capital de la regi\u00f3n Loreto, para prevenir y acompa\u00f1ar casos de violencia dentro de las instancias de la Iglesia cat\u00f3lica y otros rubros de la sociedad.<\/p>\n\n\n\n<p>Este ambiente pretende ser un espacio para escuchar pero tambi\u00e9n prevenir, dado a que nace de una autocr\u00edtica de la Iglesia en reconocer que existe violencia en su comunidad y que no solo es un grave pecado, sino un delito que puede derivar en una sanci\u00f3n penal por parte de las autoridades. \u201cEs conveniente, necesario e imprescindible escuchar a las v\u00edctimas. Hay abusos y es muy grave y lamentable. Lo que haya de pecado hay que corregir lo, y lo que haya de delito, pasarlo a las autoridades para que sean ellas quienes decidan la gravedad e impongan las penas oportunas\u201d, declar\u00f3 el obispo de Iquitos.<\/p>\n\n\n\n<p>De acuerdo a Silvia Quispe, coordinadora de este centro, de encontrarse indicios de delito en la denuncia, inmediatamente se activar\u00e1 el protocolo respectivo para atender de manera adecuada a la v\u00edctima con lo que requiera, como puede ser terapia, patrocinio legal y atenci\u00f3n m\u00e9dica. En paralelo, estos casos ser\u00e1n derivados a las instituciones correspondientes, se\u00f1al\u00f3.<\/p>\n\n\n\n<p>Monse\u00f1or Cadenas indic\u00f3 que esta iniciativa responde a un planteamiento global de la Iglesia Cat\u00f3lica, el mismo que ha tenido buenos resultados en pa\u00edses de Europa y en Estados Unidos. Asimismo, coment\u00f3 una de las cartas del papa Francisco, donde menciona sobre la importancia de prevenir el abuso accionando desde los primeros indicios, es decir, trabajando desde la base para reestructurar aquello que est\u00e1 mal.<\/p>\n\n\n\n<p>Por \u00faltimo, el obispo de Iquitos record\u00f3 que toda denuncia es de car\u00e1cter privado y se debe accionar de forma rigurosa para no exponer a la v\u00edctima y proteger su integridad f\u00edsica y mental. En ese sentido, resalt\u00f3 que el proyecto llegar\u00e1 a todas las parroquias y colegios parroquiales, desde donde se espera ejecutar talleres de concientizaci\u00f3n y prevenci\u00f3n de la violencia.<\/p>\n\n\n\n<p><strong><em>Fuente: Querida Amazon\u00eda<\/em><\/strong><\/p>\n","protected":false},"excerpt":{"rendered":"<p>Un espacio que nace a partir de una autocr\u00edtica de la propia Iglesia, que reconoce que existe violencia en su comunidad y que no solo se trata de un grave pecado, sino de un delito que puede derivar en una sanci\u00f3n penal por parte de las autoridades. Por Radio La Voz de la Selva &#8220;Lo [&hellip;]<\/p>\n","protected":false},"author":1,"featured_media":7515,"comment_status":"closed","ping_status":"closed","sticky":false,"template":"","format":"standard","meta":{"_acf_changed":false,"_uf_show_specific_survey":0,"_uf_disable_surveys":false,"footnotes":""},"categories":[4,10],"tags":[33,52,81,8],"class_list":["post-7514","post","type-post","status-publish","format-standard","has-post-thumbnail","hentry","category-noticias","category-peru","tag-amazonia","tag-derechos-humanos","tag-peru","tag-querida-amazonia"],"acf":[],"aioseo_notices":[],"yoast_head":"<!-- This site is optimized with the Yoast SEO plugin v27.4 - https:\/\/yoast.com\/product\/yoast-seo-wordpress\/ -->\n<title>Iglesia de Iquitos inaugura centro de escucha para acompa\u00f1ar a v\u00edctimas de violencia - REPAM<\/title>\n<meta name=\"robots\" content=\"index, follow, max-snippet:-1, max-image-preview:large, max-video-preview:-1\" \/>\n<link rel=\"canonical\" href=\"https:\/\/www.repam.net\/es\/iglesia-de-iquitos-inaugura-centro-de-escucha-para-acompanar-a-victimas-de-violencia\/\" \/>\n<meta property=\"og:locale\" content=\"es_ES\" \/>\n<meta property=\"og:type\" content=\"article\" \/>\n<meta property=\"og:title\" content=\"Iglesia de Iquitos inaugura centro de escucha para acompa\u00f1ar a v\u00edctimas de violencia - REPAM\" \/>\n<meta property=\"og:description\" content=\"Un espacio que nace a partir de una autocr\u00edtica de la propia Iglesia, que reconoce que existe violencia en su comunidad y que no solo se trata de un grave pecado, sino de un delito que puede derivar en una sanci\u00f3n penal por parte de las autoridades. Por Radio La Voz de la Selva &#8220;Lo [&hellip;]\" \/>\n<meta property=\"og:url\" content=\"https:\/\/www.repam.net\/es\/iglesia-de-iquitos-inaugura-centro-de-escucha-para-acompanar-a-victimas-de-violencia\/\" \/>\n<meta property=\"og:site_name\" content=\"REPAM\" \/>\n<meta property=\"article:published_time\" content=\"2022-06-22T19:41:14+00:00\" \/>\n<meta property=\"article:modified_time\" content=\"2022-06-22T19:41:16+00:00\" \/>\n<meta property=\"og:image\" content=\"https:\/\/www.repam.net\/es\/wp-content\/uploads\/2022\/06\/iglesia-de-iquito.jpg\" \/>\n\t<meta property=\"og:image:width\" content=\"848\" \/>\n\t<meta property=\"og:image:height\" content=\"480\" \/>\n\t<meta property=\"og:image:type\" content=\"image\/jpeg\" \/>\n<meta name=\"author\" content=\"repam@adm\" \/>\n<meta name=\"twitter:card\" content=\"summary_large_image\" \/>\n<meta name=\"twitter:label1\" content=\"Escrito por\" \/>\n\t<meta name=\"twitter:data1\" content=\"repam@adm\" \/>\n\t<meta name=\"twitter:label2\" content=\"Tiempo de lectura\" \/>\n\t<meta name=\"twitter:data2\" content=\"3 minutos\" \/>\n<script type=\"application\/ld+json\" class=\"yoast-schema-graph\">{\"@context\":\"https:\\\/\\\/schema.org\",\"@graph\":[{\"@type\":\"Article\",\"@id\":\"https:\\\/\\\/www.repam.net\\\/es\\\/iglesia-de-iquitos-inaugura-centro-de-escucha-para-acompanar-a-victimas-de-violencia\\\/#article\",\"isPartOf\":{\"@id\":\"https:\\\/\\\/www.repam.net\\\/es\\\/iglesia-de-iquitos-inaugura-centro-de-escucha-para-acompanar-a-victimas-de-violencia\\\/\"},\"author\":{\"name\":\"repam@adm\",\"@id\":\"https:\\\/\\\/www.repam.net\\\/es\\\/#\\\/schema\\\/person\\\/0c828bf04cf1abe6016cbe752c76a033\"},\"headline\":\"Iglesia de Iquitos inaugura centro de escucha para acompa\u00f1ar a v\u00edctimas de violencia\",\"datePublished\":\"2022-06-22T19:41:14+00:00\",\"dateModified\":\"2022-06-22T19:41:16+00:00\",\"mainEntityOfPage\":{\"@id\":\"https:\\\/\\\/www.repam.net\\\/es\\\/iglesia-de-iquitos-inaugura-centro-de-escucha-para-acompanar-a-victimas-de-violencia\\\/\"},\"wordCount\":497,\"publisher\":{\"@id\":\"https:\\\/\\\/www.repam.net\\\/es\\\/#organization\"},\"image\":{\"@id\":\"https:\\\/\\\/www.repam.net\\\/es\\\/iglesia-de-iquitos-inaugura-centro-de-escucha-para-acompanar-a-victimas-de-violencia\\\/#primaryimage\"},\"thumbnailUrl\":\"https:\\\/\\\/www.repam.net\\\/es\\\/wp-content\\\/uploads\\\/2022\\\/06\\\/iglesia-de-iquito.jpg\",\"keywords\":[\"Amazon\u00eda\",\"Derechos Humanos\",\"Per\u00fa\",\"Querida Amazon\u00eda\"],\"articleSection\":[\"Noticias\",\"Per\u00fa\"],\"inLanguage\":\"es-CO\"},{\"@type\":\"WebPage\",\"@id\":\"https:\\\/\\\/www.repam.net\\\/es\\\/iglesia-de-iquitos-inaugura-centro-de-escucha-para-acompanar-a-victimas-de-violencia\\\/\",\"url\":\"https:\\\/\\\/www.repam.net\\\/es\\\/iglesia-de-iquitos-inaugura-centro-de-escucha-para-acompanar-a-victimas-de-violencia\\\/\",\"name\":\"Iglesia de Iquitos inaugura centro de escucha para acompa\u00f1ar a v\u00edctimas de violencia - REPAM\",\"isPartOf\":{\"@id\":\"https:\\\/\\\/www.repam.net\\\/es\\\/#website\"},\"primaryImageOfPage\":{\"@id\":\"https:\\\/\\\/www.repam.net\\\/es\\\/iglesia-de-iquitos-inaugura-centro-de-escucha-para-acompanar-a-victimas-de-violencia\\\/#primaryimage\"},\"image\":{\"@id\":\"https:\\\/\\\/www.repam.net\\\/es\\\/iglesia-de-iquitos-inaugura-centro-de-escucha-para-acompanar-a-victimas-de-violencia\\\/#primaryimage\"},\"thumbnailUrl\":\"https:\\\/\\\/www.repam.net\\\/es\\\/wp-content\\\/uploads\\\/2022\\\/06\\\/iglesia-de-iquito.jpg\",\"datePublished\":\"2022-06-22T19:41:14+00:00\",\"dateModified\":\"2022-06-22T19:41:16+00:00\",\"breadcrumb\":{\"@id\":\"https:\\\/\\\/www.repam.net\\\/es\\\/iglesia-de-iquitos-inaugura-centro-de-escucha-para-acompanar-a-victimas-de-violencia\\\/#breadcrumb\"},\"inLanguage\":\"es-CO\",\"potentialAction\":[{\"@type\":\"ReadAction\",\"target\":[\"https:\\\/\\\/www.repam.net\\\/es\\\/iglesia-de-iquitos-inaugura-centro-de-escucha-para-acompanar-a-victimas-de-violencia\\\/\"]}]},{\"@type\":\"ImageObject\",\"inLanguage\":\"es-CO\",\"@id\":\"https:\\\/\\\/www.repam.net\\\/es\\\/iglesia-de-iquitos-inaugura-centro-de-escucha-para-acompanar-a-victimas-de-violencia\\\/#primaryimage\",\"url\":\"https:\\\/\\\/www.repam.net\\\/es\\\/wp-content\\\/uploads\\\/2022\\\/06\\\/iglesia-de-iquito.jpg\",\"contentUrl\":\"https:\\\/\\\/www.repam.net\\\/es\\\/wp-content\\\/uploads\\\/2022\\\/06\\\/iglesia-de-iquito.jpg\",\"width\":848,\"height\":480},{\"@type\":\"BreadcrumbList\",\"@id\":\"https:\\\/\\\/www.repam.net\\\/es\\\/iglesia-de-iquitos-inaugura-centro-de-escucha-para-acompanar-a-victimas-de-violencia\\\/#breadcrumb\",\"itemListElement\":[{\"@type\":\"ListItem\",\"position\":1,\"name\":\"Inicio\",\"item\":\"https:\\\/\\\/www.repam.net\\\/es\\\/\"},{\"@type\":\"ListItem\",\"position\":2,\"name\":\"Iglesia de Iquitos inaugura centro de escucha para acompa\u00f1ar a v\u00edctimas de violencia\"}]},{\"@type\":\"WebSite\",\"@id\":\"https:\\\/\\\/www.repam.net\\\/es\\\/#website\",\"url\":\"https:\\\/\\\/www.repam.net\\\/es\\\/\",\"name\":\"REPAM\",\"description\":\"Red Eclesial Panamaz\u00f3nica\",\"publisher\":{\"@id\":\"https:\\\/\\\/www.repam.net\\\/es\\\/#organization\"},\"potentialAction\":[{\"@type\":\"SearchAction\",\"target\":{\"@type\":\"EntryPoint\",\"urlTemplate\":\"https:\\\/\\\/www.repam.net\\\/es\\\/?s={search_term_string}\"},\"query-input\":{\"@type\":\"PropertyValueSpecification\",\"valueRequired\":true,\"valueName\":\"search_term_string\"}}],\"inLanguage\":\"es-CO\"},{\"@type\":\"Organization\",\"@id\":\"https:\\\/\\\/www.repam.net\\\/es\\\/#organization\",\"name\":\"REPAM\",\"url\":\"https:\\\/\\\/www.repam.net\\\/es\\\/\",\"logo\":{\"@type\":\"ImageObject\",\"inLanguage\":\"es-CO\",\"@id\":\"https:\\\/\\\/www.repam.net\\\/es\\\/#\\\/schema\\\/logo\\\/image\\\/\",\"url\":\"https:\\\/\\\/www.repam.net\\\/es\\\/wp-content\\\/uploads\\\/2021\\\/11\\\/cropped-favicon.png\",\"contentUrl\":\"https:\\\/\\\/www.repam.net\\\/es\\\/wp-content\\\/uploads\\\/2021\\\/11\\\/cropped-favicon.png\",\"width\":512,\"height\":512,\"caption\":\"REPAM\"},\"image\":{\"@id\":\"https:\\\/\\\/www.repam.net\\\/es\\\/#\\\/schema\\\/logo\\\/image\\\/\"}},{\"@type\":\"Person\",\"@id\":\"https:\\\/\\\/www.repam.net\\\/es\\\/#\\\/schema\\\/person\\\/0c828bf04cf1abe6016cbe752c76a033\",\"name\":\"repam@adm\",\"image\":{\"@type\":\"ImageObject\",\"inLanguage\":\"es-CO\",\"@id\":\"https:\\\/\\\/secure.gravatar.com\\\/avatar\\\/b18234ea6de5d74563e52ca7bfdad9d2b029b514c935b38a2790717abf8f2e5f?s=96&d=mm&r=g\",\"url\":\"https:\\\/\\\/secure.gravatar.com\\\/avatar\\\/b18234ea6de5d74563e52ca7bfdad9d2b029b514c935b38a2790717abf8f2e5f?s=96&d=mm&r=g\",\"contentUrl\":\"https:\\\/\\\/secure.gravatar.com\\\/avatar\\\/b18234ea6de5d74563e52ca7bfdad9d2b029b514c935b38a2790717abf8f2e5f?s=96&d=mm&r=g\",\"caption\":\"repam@adm\"},\"sameAs\":[\"http:\\\/\\\/repam.net\"],\"url\":\"https:\\\/\\\/www.repam.net\\\/es\\\/author\\\/repamadm\\\/\"}]}<\/script>\n<!-- \/ Yoast SEO plugin. -->","yoast_head_json":{"title":"Iglesia de Iquitos inaugura centro de escucha para acompa\u00f1ar a v\u00edctimas de violencia - REPAM","robots":{"index":"index","follow":"follow","max-snippet":"max-snippet:-1","max-image-preview":"max-image-preview:large","max-video-preview":"max-video-preview:-1"},"canonical":"https:\/\/www.repam.net\/es\/iglesia-de-iquitos-inaugura-centro-de-escucha-para-acompanar-a-victimas-de-violencia\/","og_locale":"es_ES","og_type":"article","og_title":"Iglesia de Iquitos inaugura centro de escucha para acompa\u00f1ar a v\u00edctimas de violencia - REPAM","og_description":"Un espacio que nace a partir de una autocr\u00edtica de la propia Iglesia, que reconoce que existe violencia en su comunidad y que no solo se trata de un grave pecado, sino de un delito que puede derivar en una sanci\u00f3n penal por parte de las autoridades. Por Radio La Voz de la Selva &#8220;Lo [&hellip;]","og_url":"https:\/\/www.repam.net\/es\/iglesia-de-iquitos-inaugura-centro-de-escucha-para-acompanar-a-victimas-de-violencia\/","og_site_name":"REPAM","article_published_time":"2022-06-22T19:41:14+00:00","article_modified_time":"2022-06-22T19:41:16+00:00","og_image":[{"width":848,"height":480,"url":"https:\/\/www.repam.net\/es\/wp-content\/uploads\/2022\/06\/iglesia-de-iquito.jpg","type":"image\/jpeg"}],"author":"repam@adm","twitter_card":"summary_large_image","twitter_misc":{"Escrito por":"repam@adm","Tiempo de lectura":"3 minutos"},"schema":{"@context":"https:\/\/schema.org","@graph":[{"@type":"Article","@id":"https:\/\/www.repam.net\/es\/iglesia-de-iquitos-inaugura-centro-de-escucha-para-acompanar-a-victimas-de-violencia\/#article","isPartOf":{"@id":"https:\/\/www.repam.net\/es\/iglesia-de-iquitos-inaugura-centro-de-escucha-para-acompanar-a-victimas-de-violencia\/"},"author":{"name":"repam@adm","@id":"https:\/\/www.repam.net\/es\/#\/schema\/person\/0c828bf04cf1abe6016cbe752c76a033"},"headline":"Iglesia de Iquitos inaugura centro de escucha para acompa\u00f1ar a v\u00edctimas de violencia","datePublished":"2022-06-22T19:41:14+00:00","dateModified":"2022-06-22T19:41:16+00:00","mainEntityOfPage":{"@id":"https:\/\/www.repam.net\/es\/iglesia-de-iquitos-inaugura-centro-de-escucha-para-acompanar-a-victimas-de-violencia\/"},"wordCount":497,"publisher":{"@id":"https:\/\/www.repam.net\/es\/#organization"},"image":{"@id":"https:\/\/www.repam.net\/es\/iglesia-de-iquitos-inaugura-centro-de-escucha-para-acompanar-a-victimas-de-violencia\/#primaryimage"},"thumbnailUrl":"https:\/\/www.repam.net\/es\/wp-content\/uploads\/2022\/06\/iglesia-de-iquito.jpg","keywords":["Amazon\u00eda","Derechos Humanos","Per\u00fa","Querida Amazon\u00eda"],"articleSection":["Noticias","Per\u00fa"],"inLanguage":"es-CO"},{"@type":"WebPage","@id":"https:\/\/www.repam.net\/es\/iglesia-de-iquitos-inaugura-centro-de-escucha-para-acompanar-a-victimas-de-violencia\/","url":"https:\/\/www.repam.net\/es\/iglesia-de-iquitos-inaugura-centro-de-escucha-para-acompanar-a-victimas-de-violencia\/","name":"Iglesia de Iquitos inaugura centro de escucha para acompa\u00f1ar a v\u00edctimas de violencia - REPAM","isPartOf":{"@id":"https:\/\/www.repam.net\/es\/#website"},"primaryImageOfPage":{"@id":"https:\/\/www.repam.net\/es\/iglesia-de-iquitos-inaugura-centro-de-escucha-para-acompanar-a-victimas-de-violencia\/#primaryimage"},"image":{"@id":"https:\/\/www.repam.net\/es\/iglesia-de-iquitos-inaugura-centro-de-escucha-para-acompanar-a-victimas-de-violencia\/#primaryimage"},"thumbnailUrl":"https:\/\/www.repam.net\/es\/wp-content\/uploads\/2022\/06\/iglesia-de-iquito.jpg","datePublished":"2022-06-22T19:41:14+00:00","dateModified":"2022-06-22T19:41:16+00:00","breadcrumb":{"@id":"https:\/\/www.repam.net\/es\/iglesia-de-iquitos-inaugura-centro-de-escucha-para-acompanar-a-victimas-de-violencia\/#breadcrumb"},"inLanguage":"es-CO","potentialAction":[{"@type":"ReadAction","target":["https:\/\/www.repam.net\/es\/iglesia-de-iquitos-inaugura-centro-de-escucha-para-acompanar-a-victimas-de-violencia\/"]}]},{"@type":"ImageObject","inLanguage":"es-CO","@id":"https:\/\/www.repam.net\/es\/iglesia-de-iquitos-inaugura-centro-de-escucha-para-acompanar-a-victimas-de-violencia\/#primaryimage","url":"https:\/\/www.repam.net\/es\/wp-content\/uploads\/2022\/06\/iglesia-de-iquito.jpg","contentUrl":"https:\/\/www.repam.net\/es\/wp-content\/uploads\/2022\/06\/iglesia-de-iquito.jpg","width":848,"height":480},{"@type":"BreadcrumbList","@id":"https:\/\/www.repam.net\/es\/iglesia-de-iquitos-inaugura-centro-de-escucha-para-acompanar-a-victimas-de-violencia\/#breadcrumb","itemListElement":[{"@type":"ListItem","position":1,"name":"Inicio","item":"https:\/\/www.repam.net\/es\/"},{"@type":"ListItem","position":2,"name":"Iglesia de Iquitos inaugura centro de escucha para acompa\u00f1ar a v\u00edctimas de violencia"}]},{"@type":"WebSite","@id":"https:\/\/www.repam.net\/es\/#website","url":"https:\/\/www.repam.net\/es\/","name":"REPAM","description":"Red Eclesial Panamaz\u00f3nica","publisher":{"@id":"https:\/\/www.repam.net\/es\/#organization"},"potentialAction":[{"@type":"SearchAction","target":{"@type":"EntryPoint","urlTemplate":"https:\/\/www.repam.net\/es\/?s={search_term_string}"},"query-input":{"@type":"PropertyValueSpecification","valueRequired":true,"valueName":"search_term_string"}}],"inLanguage":"es-CO"},{"@type":"Organization","@id":"https:\/\/www.repam.net\/es\/#organization","name":"REPAM","url":"https:\/\/www.repam.net\/es\/","logo":{"@type":"ImageObject","inLanguage":"es-CO","@id":"https:\/\/www.repam.net\/es\/#\/schema\/logo\/image\/","url":"https:\/\/www.repam.net\/es\/wp-content\/uploads\/2021\/11\/cropped-favicon.png","contentUrl":"https:\/\/www.repam.net\/es\/wp-content\/uploads\/2021\/11\/cropped-favicon.png","width":512,"height":512,"caption":"REPAM"},"image":{"@id":"https:\/\/www.repam.net\/es\/#\/schema\/logo\/image\/"}},{"@type":"Person","@id":"https:\/\/www.repam.net\/es\/#\/schema\/person\/0c828bf04cf1abe6016cbe752c76a033","name":"repam@adm","image":{"@type":"ImageObject","inLanguage":"es-CO","@id":"https:\/\/secure.gravatar.com\/avatar\/b18234ea6de5d74563e52ca7bfdad9d2b029b514c935b38a2790717abf8f2e5f?s=96&d=mm&r=g","url":"https:\/\/secure.gravatar.com\/avatar\/b18234ea6de5d74563e52ca7bfdad9d2b029b514c935b38a2790717abf8f2e5f?s=96&d=mm&r=g","contentUrl":"https:\/\/secure.gravatar.com\/avatar\/b18234ea6de5d74563e52ca7bfdad9d2b029b514c935b38a2790717abf8f2e5f?s=96&d=mm&r=g","caption":"repam@adm"},"sameAs":["http:\/\/repam.net"],"url":"https:\/\/www.repam.net\/es\/author\/repamadm\/"}]}},"_links":{"self":[{"href":"https:\/\/www.repam.net\/es\/wp-json\/wp\/v2\/posts\/7514","targetHints":{"allow":["GET"]}}],"collection":[{"href":"https:\/\/www.repam.net\/es\/wp-json\/wp\/v2\/posts"}],"about":[{"href":"https:\/\/www.repam.net\/es\/wp-json\/wp\/v2\/types\/post"}],"author":[{"embeddable":true,"href":"https:\/\/www.repam.net\/es\/wp-json\/wp\/v2\/users\/1"}],"replies":[{"embeddable":true,"href":"https:\/\/www.repam.net\/es\/wp-json\/wp\/v2\/comments?post=7514"}],"version-history":[{"count":1,"href":"https:\/\/www.repam.net\/es\/wp-json\/wp\/v2\/posts\/7514\/revisions"}],"predecessor-version":[{"id":7516,"href":"https:\/\/www.repam.net\/es\/wp-json\/wp\/v2\/posts\/7514\/revisions\/7516"}],"wp:featuredmedia":[{"embeddable":true,"href":"https:\/\/www.repam.net\/es\/wp-json\/wp\/v2\/media\/7515"}],"wp:attachment":[{"href":"https:\/\/www.repam.net\/es\/wp-json\/wp\/v2\/media?parent=7514"}],"wp:term":[{"taxonomy":"category","embeddable":true,"href":"https:\/\/www.repam.net\/es\/wp-json\/wp\/v2\/categories?post=7514"},{"taxonomy":"post_tag","embeddable":true,"href":"https:\/\/www.repam.net\/es\/wp-json\/wp\/v2\/tags?post=7514"}],"curies":[{"name":"wp","href":"https:\/\/api.w.org\/{rel}","templated":true}]}}