{"id":7535,"date":"2022-06-24T12:36:37","date_gmt":"2022-06-24T17:36:37","guid":{"rendered":"https:\/\/www.repam.net\/es\/?p=7535"},"modified":"2022-06-27T13:04:10","modified_gmt":"2022-06-27T18:04:10","slug":"obispos-denuncian-desmantelamiento-en-la-educacion-abusos-y-explotacion-sexual-de-menores-y-destruccion-del-medio-ambiente-en-la-amazonia","status":"publish","type":"post","link":"https:\/\/www.repam.net\/es\/obispos-denuncian-desmantelamiento-en-la-educacion-abusos-y-explotacion-sexual-de-menores-y-destruccion-del-medio-ambiente-en-la-amazonia\/","title":{"rendered":"Brasil: Obispos denuncian desmantelamiento en la educaci\u00f3n, abusos y explotaci\u00f3n sexual de menores y destrucci\u00f3n del medio ambiente en la Amazon\u00eda"},"content":{"rendered":"<div class=\"wp-block-image\">\n<figure class=\"aligncenter size-full\"><img loading=\"lazy\" decoding=\"async\" width=\"800\" height=\"445\" src=\"https:\/\/www.repam.net\/es\/wp-content\/uploads\/2022\/06\/Reunion-en-el-Dicasterio-para-el-Desarrollo-Humano-Integral.jpg\" alt=\"\" class=\"wp-image-7536\" srcset=\"https:\/\/www.repam.net\/es\/wp-content\/uploads\/2022\/06\/Reunion-en-el-Dicasterio-para-el-Desarrollo-Humano-Integral.jpg 800w, https:\/\/www.repam.net\/es\/wp-content\/uploads\/2022\/06\/Reunion-en-el-Dicasterio-para-el-Desarrollo-Humano-Integral-300x167.jpg 300w, https:\/\/www.repam.net\/es\/wp-content\/uploads\/2022\/06\/Reunion-en-el-Dicasterio-para-el-Desarrollo-Humano-Integral-768x427.jpg 768w\" sizes=\"auto, (max-width: 800px) 100vw, 800px\" \/><\/figure>\n<\/div>\n\n\n<blockquote class=\"wp-block-quote is-layout-flow wp-block-quote-is-layout-flow\"><p><em>El di\u00e1logo es camino de comuni\u00f3n, algo que ayuda a construir juntos y a hacer realidad el Reino de Dios en el mundo. Los obispos de los Regionales Norte1 y Noroeste de la Conferencia Nacional de los Obispos de Brasil (CNBB), en su visita ad limina del 20 al 24 de junio de 2022, est\u00e1n visitando los diferentes dicasterios, siempre en un&nbsp;<strong>ambiente fraternal de escucha y di\u00e1logo<\/strong>, algo que est\u00e1 siendo constantemente destacado por los obispos a lo largo de la semana.<\/em><\/p><\/blockquote>\n\n\n\n<p><strong><em>Por Luis Miguel Modino<\/em><\/strong><\/p>\n\n\n\n<p>Este jueves fue el turno de visitar el&nbsp;<strong>Dicasterio para la Cultura y la Educaci\u00f3n, la Comisi\u00f3n Pontificia para la Protecci\u00f3n de los Menores y el Dicasterio para el Desarrollo Humano Integral<\/strong>. El Dicasterio para la Cultura y la Educaci\u00f3n valor\u00f3 muy positivamente, seg\u00fan los obispos, la Campa\u00f1a de Fraternidad realizada durante la Cuaresma de este a\u00f1o. Algo que complement\u00f3 y difundi\u00f3 el Pacto Mundial por la Educaci\u00f3n, una de las banderas del Papa Francisco. Junto a esto, se destac\u00f3, seg\u00fan los obispos, la Comisi\u00f3n que la CNBB ha organizado para llevar adelante el Pacto Mundial por la Educaci\u00f3n, con propuestas muy contextualizadas a la realidad brasile\u00f1a.<\/p>\n\n\n\n<p>Los obispos aprovecharon el encuentro con el Dicasterio para criticar duramente la pol\u00edtica del actual gobierno brasile\u00f1o, que pr\u00e1cticamente ha&nbsp;<strong>desmantelado el Ministerio de Educaci\u00f3n<\/strong>, colocando a personas incompetentes, envueltas en esc\u00e1ndalos de corrupci\u00f3n, con malversaci\u00f3n de fondos, lo que provoc\u00f3 la reciente detenci\u00f3n del pen\u00faltimo ministro de Educaci\u00f3n, que junto con algunos pastores evang\u00e9licos desviaron y aplicaron el dinero a municipios gobernados por alcaldes cercanos al Ministerio y al propio gobierno.<\/p>\n\n\n\n<p>Brasil est\u00e1 pasando por una situaci\u00f3n en la que&nbsp;<strong>los fondos destinados a la educaci\u00f3n han sido recortados<\/strong>, algo que se ha sentido especialmente en la Amazon\u00eda, donde hemos llegado a vivir situaciones en las que ni siquiera la merienda escolar llega a las poblaciones pobres de las periferias, ni a los pueblos ind\u00edgenas, una vez m\u00e1s excluidos por las pol\u00edticas gubernamentales.<\/p>\n\n\n\n<h5 class=\"wp-block-heading\">Abuso de menores<\/h5>\n\n\n\n<p>En la Amazon\u00eda,&nbsp;<strong>el abuso de menores es una realidad presente, algo que ocurre a menudo en el seno de las familias<\/strong>. La explotaci\u00f3n sexual de ni\u00f1os y adolescentes, el turismo sexual con menores, tambi\u00e9n existen en la regi\u00f3n, seg\u00fan informaron los obispos a los miembros de la Comisi\u00f3n presentes en la reuni\u00f3n con los Regionales Noroeste y Norte1 de la CNBB. Los obispos destacaron el trabajo de la Red Un Grito por la Vida, donde especialmente la vida religiosa ha asumido esta causa con gran valent\u00eda, yendo al fondo de las denuncias cuando se descubren estos delitos relacionados con la trata de personas y la explotaci\u00f3n sexual de menores.<\/p>\n\n\n\n<p>Tambi\u00e9n se demostr\u00f3 la&nbsp;<strong>credibilidad que tiene la Iglesia en la Amazon\u00eda<\/strong>, porque cuando surgen estos problemas, la propia sociedad civil acude a la Iglesia. Los equipos de profesionales competentes, abogados y psic\u00f3logos, est\u00e1n muy contentos por la iniciativa de la Iglesia y su contribuci\u00f3n para acompa\u00f1ar a las personas explotadas y a sus familias.<\/p>\n\n\n\n<h5 class=\"wp-block-heading\">Potencial y destrucci\u00f3n en la Amazon\u00eda<\/h5>\n\n\n\n<p>Un panorama de la situaci\u00f3n amaz\u00f3nica fue presentado a los miembros del Dicasterio para el Desarrollo Humano Integral, reuni\u00f3n presidida por el Cardenal Michael Czerny, alguien muy cercano a esta realidad, ya que fue uno de los secretarios del S\u00ednodo para la Amazon\u00eda. En la presentaci\u00f3n, iluminado con estad\u00edsticas detalladas, se mostr\u00f3 el&nbsp;<strong>potencial que tiene la regi\u00f3n amaz\u00f3nica, pero tambi\u00e9n toda la destrucci\u00f3n que est\u00e1 ocurriendo en la Amazon\u00eda<\/strong>&nbsp;como resultado de la miner\u00eda ilegal, el agronegocio, la deforestaci\u00f3n. En este punto, tambi\u00e9n se denunci\u00f3 la actitud del actual gobierno, que est\u00e1 favoreciendo y fomentando toda esta destrucci\u00f3n en la Amazon\u00eda.<\/p>\n\n\n\n<p>Cerrando las celebraciones en las cuatro bas\u00edlicas del Papa, los participantes en la visita ad limina celebraron la Eucarist\u00eda en la Bas\u00edlica de San Pablo Extramuros, presidida por Mons. Roque Paloschi, quien anim\u00f3 a vivir la comuni\u00f3n.&nbsp;<strong>Una regi\u00f3n y una Iglesia marcadas por la presencia misionera<\/strong>, a\u00fan hoy, incluso entre los obispos, ya que hay pocos en los regionales Norte1 y Noroeste nacidos en la Amazon\u00eda, encuentra en la figura del gran misionero de la primera Iglesia la fuerza para seguir siendo esa Iglesia presente entre los pueblos de la regi\u00f3n, para ponerse al servicio siguiendo la voz de Dios, para ir por todo el mundo, por esta inmensa Amazon\u00eda, y predicar el Evangelio.<\/p>\n\n\n\n<p><strong><em>Fuente: CELAM<\/em><\/strong><\/p>\n","protected":false},"excerpt":{"rendered":"<p>El di\u00e1logo es camino de comuni\u00f3n, algo que ayuda a construir juntos y a hacer realidad el Reino de Dios en el mundo. Los obispos de los Regionales Norte1 y Noroeste de la Conferencia Nacional de los Obispos de Brasil (CNBB), en su visita ad limina del 20 al 24 de junio de 2022, est\u00e1n [&hellip;]<\/p>\n","protected":false},"author":1,"featured_media":7536,"comment_status":"closed","ping_status":"closed","sticky":false,"template":"","format":"standard","meta":{"_acf_changed":false,"_uf_show_specific_survey":0,"_uf_disable_surveys":false,"footnotes":""},"categories":[104,4],"tags":[33,52,175,43],"class_list":["post-7535","post","type-post","status-publish","format-standard","has-post-thumbnail","hentry","category-medio-ambiente","category-noticias","tag-amazonia","tag-derechos-humanos","tag-medio-ambiente","tag-papa-francisco"],"acf":[],"aioseo_notices":[],"yoast_head":"<!-- This site is optimized with the Yoast SEO plugin v27.5 - https:\/\/yoast.com\/product\/yoast-seo-wordpress\/ -->\n<title>Brasil: Obispos denuncian desmantelamiento en la educaci\u00f3n, abusos y explotaci\u00f3n sexual de menores y destrucci\u00f3n del medio ambiente en la Amazon\u00eda - REPAM<\/title>\n<meta name=\"robots\" content=\"index, follow, max-snippet:-1, max-image-preview:large, max-video-preview:-1\" \/>\n<link rel=\"canonical\" href=\"https:\/\/www.repam.net\/es\/obispos-denuncian-desmantelamiento-en-la-educacion-abusos-y-explotacion-sexual-de-menores-y-destruccion-del-medio-ambiente-en-la-amazonia\/\" \/>\n<meta property=\"og:locale\" content=\"es_ES\" \/>\n<meta property=\"og:type\" content=\"article\" \/>\n<meta property=\"og:title\" content=\"Brasil: Obispos denuncian desmantelamiento en la educaci\u00f3n, abusos y explotaci\u00f3n sexual de menores y destrucci\u00f3n del medio ambiente en la Amazon\u00eda - REPAM\" \/>\n<meta property=\"og:description\" content=\"El di\u00e1logo es camino de comuni\u00f3n, algo que ayuda a construir juntos y a hacer realidad el Reino de Dios en el mundo. Los obispos de los Regionales Norte1 y Noroeste de la Conferencia Nacional de los Obispos de Brasil (CNBB), en su visita ad limina del 20 al 24 de junio de 2022, est\u00e1n [&hellip;]\" \/>\n<meta property=\"og:url\" content=\"https:\/\/www.repam.net\/es\/obispos-denuncian-desmantelamiento-en-la-educacion-abusos-y-explotacion-sexual-de-menores-y-destruccion-del-medio-ambiente-en-la-amazonia\/\" \/>\n<meta property=\"og:site_name\" content=\"REPAM\" \/>\n<meta property=\"article:published_time\" content=\"2022-06-24T17:36:37+00:00\" \/>\n<meta property=\"article:modified_time\" content=\"2022-06-27T18:04:10+00:00\" \/>\n<meta property=\"og:image\" content=\"https:\/\/www.repam.net\/es\/wp-content\/uploads\/2022\/06\/Reunion-en-el-Dicasterio-para-el-Desarrollo-Humano-Integral.jpg\" \/>\n\t<meta property=\"og:image:width\" content=\"800\" \/>\n\t<meta property=\"og:image:height\" content=\"445\" \/>\n\t<meta property=\"og:image:type\" content=\"image\/jpeg\" \/>\n<meta name=\"author\" content=\"repam@adm\" \/>\n<meta name=\"twitter:card\" content=\"summary_large_image\" \/>\n<meta name=\"twitter:label1\" content=\"Escrito por\" \/>\n\t<meta name=\"twitter:data1\" content=\"repam@adm\" \/>\n\t<meta name=\"twitter:label2\" content=\"Tiempo de lectura\" \/>\n\t<meta name=\"twitter:data2\" content=\"4 minutos\" \/>\n<script type=\"application\/ld+json\" class=\"yoast-schema-graph\">{\"@context\":\"https:\\\/\\\/schema.org\",\"@graph\":[{\"@type\":\"Article\",\"@id\":\"https:\\\/\\\/www.repam.net\\\/es\\\/obispos-denuncian-desmantelamiento-en-la-educacion-abusos-y-explotacion-sexual-de-menores-y-destruccion-del-medio-ambiente-en-la-amazonia\\\/#article\",\"isPartOf\":{\"@id\":\"https:\\\/\\\/www.repam.net\\\/es\\\/obispos-denuncian-desmantelamiento-en-la-educacion-abusos-y-explotacion-sexual-de-menores-y-destruccion-del-medio-ambiente-en-la-amazonia\\\/\"},\"author\":{\"name\":\"repam@adm\",\"@id\":\"https:\\\/\\\/www.repam.net\\\/es\\\/#\\\/schema\\\/person\\\/0c828bf04cf1abe6016cbe752c76a033\"},\"headline\":\"Brasil: Obispos denuncian desmantelamiento en la educaci\u00f3n, abusos y explotaci\u00f3n sexual de menores y destrucci\u00f3n del medio ambiente en la Amazon\u00eda\",\"datePublished\":\"2022-06-24T17:36:37+00:00\",\"dateModified\":\"2022-06-27T18:04:10+00:00\",\"mainEntityOfPage\":{\"@id\":\"https:\\\/\\\/www.repam.net\\\/es\\\/obispos-denuncian-desmantelamiento-en-la-educacion-abusos-y-explotacion-sexual-de-menores-y-destruccion-del-medio-ambiente-en-la-amazonia\\\/\"},\"wordCount\":829,\"publisher\":{\"@id\":\"https:\\\/\\\/www.repam.net\\\/es\\\/#organization\"},\"image\":{\"@id\":\"https:\\\/\\\/www.repam.net\\\/es\\\/obispos-denuncian-desmantelamiento-en-la-educacion-abusos-y-explotacion-sexual-de-menores-y-destruccion-del-medio-ambiente-en-la-amazonia\\\/#primaryimage\"},\"thumbnailUrl\":\"https:\\\/\\\/www.repam.net\\\/es\\\/wp-content\\\/uploads\\\/2022\\\/06\\\/Reunion-en-el-Dicasterio-para-el-Desarrollo-Humano-Integral.jpg\",\"keywords\":[\"Amazon\u00eda\",\"Derechos Humanos\",\"Medio Ambiente\",\"Papa Francisco\"],\"articleSection\":[\"Medio Ambiente\",\"Noticias\"],\"inLanguage\":\"es-CO\"},{\"@type\":\"WebPage\",\"@id\":\"https:\\\/\\\/www.repam.net\\\/es\\\/obispos-denuncian-desmantelamiento-en-la-educacion-abusos-y-explotacion-sexual-de-menores-y-destruccion-del-medio-ambiente-en-la-amazonia\\\/\",\"url\":\"https:\\\/\\\/www.repam.net\\\/es\\\/obispos-denuncian-desmantelamiento-en-la-educacion-abusos-y-explotacion-sexual-de-menores-y-destruccion-del-medio-ambiente-en-la-amazonia\\\/\",\"name\":\"Brasil: Obispos denuncian desmantelamiento en la educaci\u00f3n, abusos y explotaci\u00f3n sexual de menores y destrucci\u00f3n del medio ambiente en la Amazon\u00eda - REPAM\",\"isPartOf\":{\"@id\":\"https:\\\/\\\/www.repam.net\\\/es\\\/#website\"},\"primaryImageOfPage\":{\"@id\":\"https:\\\/\\\/www.repam.net\\\/es\\\/obispos-denuncian-desmantelamiento-en-la-educacion-abusos-y-explotacion-sexual-de-menores-y-destruccion-del-medio-ambiente-en-la-amazonia\\\/#primaryimage\"},\"image\":{\"@id\":\"https:\\\/\\\/www.repam.net\\\/es\\\/obispos-denuncian-desmantelamiento-en-la-educacion-abusos-y-explotacion-sexual-de-menores-y-destruccion-del-medio-ambiente-en-la-amazonia\\\/#primaryimage\"},\"thumbnailUrl\":\"https:\\\/\\\/www.repam.net\\\/es\\\/wp-content\\\/uploads\\\/2022\\\/06\\\/Reunion-en-el-Dicasterio-para-el-Desarrollo-Humano-Integral.jpg\",\"datePublished\":\"2022-06-24T17:36:37+00:00\",\"dateModified\":\"2022-06-27T18:04:10+00:00\",\"breadcrumb\":{\"@id\":\"https:\\\/\\\/www.repam.net\\\/es\\\/obispos-denuncian-desmantelamiento-en-la-educacion-abusos-y-explotacion-sexual-de-menores-y-destruccion-del-medio-ambiente-en-la-amazonia\\\/#breadcrumb\"},\"inLanguage\":\"es-CO\",\"potentialAction\":[{\"@type\":\"ReadAction\",\"target\":[\"https:\\\/\\\/www.repam.net\\\/es\\\/obispos-denuncian-desmantelamiento-en-la-educacion-abusos-y-explotacion-sexual-de-menores-y-destruccion-del-medio-ambiente-en-la-amazonia\\\/\"]}]},{\"@type\":\"ImageObject\",\"inLanguage\":\"es-CO\",\"@id\":\"https:\\\/\\\/www.repam.net\\\/es\\\/obispos-denuncian-desmantelamiento-en-la-educacion-abusos-y-explotacion-sexual-de-menores-y-destruccion-del-medio-ambiente-en-la-amazonia\\\/#primaryimage\",\"url\":\"https:\\\/\\\/www.repam.net\\\/es\\\/wp-content\\\/uploads\\\/2022\\\/06\\\/Reunion-en-el-Dicasterio-para-el-Desarrollo-Humano-Integral.jpg\",\"contentUrl\":\"https:\\\/\\\/www.repam.net\\\/es\\\/wp-content\\\/uploads\\\/2022\\\/06\\\/Reunion-en-el-Dicasterio-para-el-Desarrollo-Humano-Integral.jpg\",\"width\":800,\"height\":445},{\"@type\":\"BreadcrumbList\",\"@id\":\"https:\\\/\\\/www.repam.net\\\/es\\\/obispos-denuncian-desmantelamiento-en-la-educacion-abusos-y-explotacion-sexual-de-menores-y-destruccion-del-medio-ambiente-en-la-amazonia\\\/#breadcrumb\",\"itemListElement\":[{\"@type\":\"ListItem\",\"position\":1,\"name\":\"Inicio\",\"item\":\"https:\\\/\\\/www.repam.net\\\/es\\\/\"},{\"@type\":\"ListItem\",\"position\":2,\"name\":\"Brasil: Obispos denuncian desmantelamiento en la educaci\u00f3n, abusos y explotaci\u00f3n sexual de menores y destrucci\u00f3n del medio ambiente en la Amazon\u00eda\"}]},{\"@type\":\"WebSite\",\"@id\":\"https:\\\/\\\/www.repam.net\\\/es\\\/#website\",\"url\":\"https:\\\/\\\/www.repam.net\\\/es\\\/\",\"name\":\"REPAM\",\"description\":\"Red Eclesial Panamaz\u00f3nica\",\"publisher\":{\"@id\":\"https:\\\/\\\/www.repam.net\\\/es\\\/#organization\"},\"potentialAction\":[{\"@type\":\"SearchAction\",\"target\":{\"@type\":\"EntryPoint\",\"urlTemplate\":\"https:\\\/\\\/www.repam.net\\\/es\\\/?s={search_term_string}\"},\"query-input\":{\"@type\":\"PropertyValueSpecification\",\"valueRequired\":true,\"valueName\":\"search_term_string\"}}],\"inLanguage\":\"es-CO\"},{\"@type\":\"Organization\",\"@id\":\"https:\\\/\\\/www.repam.net\\\/es\\\/#organization\",\"name\":\"REPAM\",\"url\":\"https:\\\/\\\/www.repam.net\\\/es\\\/\",\"logo\":{\"@type\":\"ImageObject\",\"inLanguage\":\"es-CO\",\"@id\":\"https:\\\/\\\/www.repam.net\\\/es\\\/#\\\/schema\\\/logo\\\/image\\\/\",\"url\":\"https:\\\/\\\/www.repam.net\\\/es\\\/wp-content\\\/uploads\\\/2021\\\/11\\\/cropped-favicon.png\",\"contentUrl\":\"https:\\\/\\\/www.repam.net\\\/es\\\/wp-content\\\/uploads\\\/2021\\\/11\\\/cropped-favicon.png\",\"width\":512,\"height\":512,\"caption\":\"REPAM\"},\"image\":{\"@id\":\"https:\\\/\\\/www.repam.net\\\/es\\\/#\\\/schema\\\/logo\\\/image\\\/\"}},{\"@type\":\"Person\",\"@id\":\"https:\\\/\\\/www.repam.net\\\/es\\\/#\\\/schema\\\/person\\\/0c828bf04cf1abe6016cbe752c76a033\",\"name\":\"repam@adm\",\"image\":{\"@type\":\"ImageObject\",\"inLanguage\":\"es-CO\",\"@id\":\"https:\\\/\\\/secure.gravatar.com\\\/avatar\\\/b18234ea6de5d74563e52ca7bfdad9d2b029b514c935b38a2790717abf8f2e5f?s=96&d=mm&r=g\",\"url\":\"https:\\\/\\\/secure.gravatar.com\\\/avatar\\\/b18234ea6de5d74563e52ca7bfdad9d2b029b514c935b38a2790717abf8f2e5f?s=96&d=mm&r=g\",\"contentUrl\":\"https:\\\/\\\/secure.gravatar.com\\\/avatar\\\/b18234ea6de5d74563e52ca7bfdad9d2b029b514c935b38a2790717abf8f2e5f?s=96&d=mm&r=g\",\"caption\":\"repam@adm\"},\"sameAs\":[\"http:\\\/\\\/repam.net\"],\"url\":\"https:\\\/\\\/www.repam.net\\\/es\\\/author\\\/repamadm\\\/\"}]}<\/script>\n<!-- \/ Yoast SEO plugin. -->","yoast_head_json":{"title":"Brasil: Obispos denuncian desmantelamiento en la educaci\u00f3n, abusos y explotaci\u00f3n sexual de menores y destrucci\u00f3n del medio ambiente en la Amazon\u00eda - REPAM","robots":{"index":"index","follow":"follow","max-snippet":"max-snippet:-1","max-image-preview":"max-image-preview:large","max-video-preview":"max-video-preview:-1"},"canonical":"https:\/\/www.repam.net\/es\/obispos-denuncian-desmantelamiento-en-la-educacion-abusos-y-explotacion-sexual-de-menores-y-destruccion-del-medio-ambiente-en-la-amazonia\/","og_locale":"es_ES","og_type":"article","og_title":"Brasil: Obispos denuncian desmantelamiento en la educaci\u00f3n, abusos y explotaci\u00f3n sexual de menores y destrucci\u00f3n del medio ambiente en la Amazon\u00eda - REPAM","og_description":"El di\u00e1logo es camino de comuni\u00f3n, algo que ayuda a construir juntos y a hacer realidad el Reino de Dios en el mundo. Los obispos de los Regionales Norte1 y Noroeste de la Conferencia Nacional de los Obispos de Brasil (CNBB), en su visita ad limina del 20 al 24 de junio de 2022, est\u00e1n [&hellip;]","og_url":"https:\/\/www.repam.net\/es\/obispos-denuncian-desmantelamiento-en-la-educacion-abusos-y-explotacion-sexual-de-menores-y-destruccion-del-medio-ambiente-en-la-amazonia\/","og_site_name":"REPAM","article_published_time":"2022-06-24T17:36:37+00:00","article_modified_time":"2022-06-27T18:04:10+00:00","og_image":[{"width":800,"height":445,"url":"https:\/\/www.repam.net\/es\/wp-content\/uploads\/2022\/06\/Reunion-en-el-Dicasterio-para-el-Desarrollo-Humano-Integral.jpg","type":"image\/jpeg"}],"author":"repam@adm","twitter_card":"summary_large_image","twitter_misc":{"Escrito por":"repam@adm","Tiempo de lectura":"4 minutos"},"schema":{"@context":"https:\/\/schema.org","@graph":[{"@type":"Article","@id":"https:\/\/www.repam.net\/es\/obispos-denuncian-desmantelamiento-en-la-educacion-abusos-y-explotacion-sexual-de-menores-y-destruccion-del-medio-ambiente-en-la-amazonia\/#article","isPartOf":{"@id":"https:\/\/www.repam.net\/es\/obispos-denuncian-desmantelamiento-en-la-educacion-abusos-y-explotacion-sexual-de-menores-y-destruccion-del-medio-ambiente-en-la-amazonia\/"},"author":{"name":"repam@adm","@id":"https:\/\/www.repam.net\/es\/#\/schema\/person\/0c828bf04cf1abe6016cbe752c76a033"},"headline":"Brasil: Obispos denuncian desmantelamiento en la educaci\u00f3n, abusos y explotaci\u00f3n sexual de menores y destrucci\u00f3n del medio ambiente en la Amazon\u00eda","datePublished":"2022-06-24T17:36:37+00:00","dateModified":"2022-06-27T18:04:10+00:00","mainEntityOfPage":{"@id":"https:\/\/www.repam.net\/es\/obispos-denuncian-desmantelamiento-en-la-educacion-abusos-y-explotacion-sexual-de-menores-y-destruccion-del-medio-ambiente-en-la-amazonia\/"},"wordCount":829,"publisher":{"@id":"https:\/\/www.repam.net\/es\/#organization"},"image":{"@id":"https:\/\/www.repam.net\/es\/obispos-denuncian-desmantelamiento-en-la-educacion-abusos-y-explotacion-sexual-de-menores-y-destruccion-del-medio-ambiente-en-la-amazonia\/#primaryimage"},"thumbnailUrl":"https:\/\/www.repam.net\/es\/wp-content\/uploads\/2022\/06\/Reunion-en-el-Dicasterio-para-el-Desarrollo-Humano-Integral.jpg","keywords":["Amazon\u00eda","Derechos Humanos","Medio Ambiente","Papa Francisco"],"articleSection":["Medio Ambiente","Noticias"],"inLanguage":"es-CO"},{"@type":"WebPage","@id":"https:\/\/www.repam.net\/es\/obispos-denuncian-desmantelamiento-en-la-educacion-abusos-y-explotacion-sexual-de-menores-y-destruccion-del-medio-ambiente-en-la-amazonia\/","url":"https:\/\/www.repam.net\/es\/obispos-denuncian-desmantelamiento-en-la-educacion-abusos-y-explotacion-sexual-de-menores-y-destruccion-del-medio-ambiente-en-la-amazonia\/","name":"Brasil: Obispos denuncian desmantelamiento en la educaci\u00f3n, abusos y explotaci\u00f3n sexual de menores y destrucci\u00f3n del medio ambiente en la Amazon\u00eda - REPAM","isPartOf":{"@id":"https:\/\/www.repam.net\/es\/#website"},"primaryImageOfPage":{"@id":"https:\/\/www.repam.net\/es\/obispos-denuncian-desmantelamiento-en-la-educacion-abusos-y-explotacion-sexual-de-menores-y-destruccion-del-medio-ambiente-en-la-amazonia\/#primaryimage"},"image":{"@id":"https:\/\/www.repam.net\/es\/obispos-denuncian-desmantelamiento-en-la-educacion-abusos-y-explotacion-sexual-de-menores-y-destruccion-del-medio-ambiente-en-la-amazonia\/#primaryimage"},"thumbnailUrl":"https:\/\/www.repam.net\/es\/wp-content\/uploads\/2022\/06\/Reunion-en-el-Dicasterio-para-el-Desarrollo-Humano-Integral.jpg","datePublished":"2022-06-24T17:36:37+00:00","dateModified":"2022-06-27T18:04:10+00:00","breadcrumb":{"@id":"https:\/\/www.repam.net\/es\/obispos-denuncian-desmantelamiento-en-la-educacion-abusos-y-explotacion-sexual-de-menores-y-destruccion-del-medio-ambiente-en-la-amazonia\/#breadcrumb"},"inLanguage":"es-CO","potentialAction":[{"@type":"ReadAction","target":["https:\/\/www.repam.net\/es\/obispos-denuncian-desmantelamiento-en-la-educacion-abusos-y-explotacion-sexual-de-menores-y-destruccion-del-medio-ambiente-en-la-amazonia\/"]}]},{"@type":"ImageObject","inLanguage":"es-CO","@id":"https:\/\/www.repam.net\/es\/obispos-denuncian-desmantelamiento-en-la-educacion-abusos-y-explotacion-sexual-de-menores-y-destruccion-del-medio-ambiente-en-la-amazonia\/#primaryimage","url":"https:\/\/www.repam.net\/es\/wp-content\/uploads\/2022\/06\/Reunion-en-el-Dicasterio-para-el-Desarrollo-Humano-Integral.jpg","contentUrl":"https:\/\/www.repam.net\/es\/wp-content\/uploads\/2022\/06\/Reunion-en-el-Dicasterio-para-el-Desarrollo-Humano-Integral.jpg","width":800,"height":445},{"@type":"BreadcrumbList","@id":"https:\/\/www.repam.net\/es\/obispos-denuncian-desmantelamiento-en-la-educacion-abusos-y-explotacion-sexual-de-menores-y-destruccion-del-medio-ambiente-en-la-amazonia\/#breadcrumb","itemListElement":[{"@type":"ListItem","position":1,"name":"Inicio","item":"https:\/\/www.repam.net\/es\/"},{"@type":"ListItem","position":2,"name":"Brasil: Obispos denuncian desmantelamiento en la educaci\u00f3n, abusos y explotaci\u00f3n sexual de menores y destrucci\u00f3n del medio ambiente en la Amazon\u00eda"}]},{"@type":"WebSite","@id":"https:\/\/www.repam.net\/es\/#website","url":"https:\/\/www.repam.net\/es\/","name":"REPAM","description":"Red Eclesial Panamaz\u00f3nica","publisher":{"@id":"https:\/\/www.repam.net\/es\/#organization"},"potentialAction":[{"@type":"SearchAction","target":{"@type":"EntryPoint","urlTemplate":"https:\/\/www.repam.net\/es\/?s={search_term_string}"},"query-input":{"@type":"PropertyValueSpecification","valueRequired":true,"valueName":"search_term_string"}}],"inLanguage":"es-CO"},{"@type":"Organization","@id":"https:\/\/www.repam.net\/es\/#organization","name":"REPAM","url":"https:\/\/www.repam.net\/es\/","logo":{"@type":"ImageObject","inLanguage":"es-CO","@id":"https:\/\/www.repam.net\/es\/#\/schema\/logo\/image\/","url":"https:\/\/www.repam.net\/es\/wp-content\/uploads\/2021\/11\/cropped-favicon.png","contentUrl":"https:\/\/www.repam.net\/es\/wp-content\/uploads\/2021\/11\/cropped-favicon.png","width":512,"height":512,"caption":"REPAM"},"image":{"@id":"https:\/\/www.repam.net\/es\/#\/schema\/logo\/image\/"}},{"@type":"Person","@id":"https:\/\/www.repam.net\/es\/#\/schema\/person\/0c828bf04cf1abe6016cbe752c76a033","name":"repam@adm","image":{"@type":"ImageObject","inLanguage":"es-CO","@id":"https:\/\/secure.gravatar.com\/avatar\/b18234ea6de5d74563e52ca7bfdad9d2b029b514c935b38a2790717abf8f2e5f?s=96&d=mm&r=g","url":"https:\/\/secure.gravatar.com\/avatar\/b18234ea6de5d74563e52ca7bfdad9d2b029b514c935b38a2790717abf8f2e5f?s=96&d=mm&r=g","contentUrl":"https:\/\/secure.gravatar.com\/avatar\/b18234ea6de5d74563e52ca7bfdad9d2b029b514c935b38a2790717abf8f2e5f?s=96&d=mm&r=g","caption":"repam@adm"},"sameAs":["http:\/\/repam.net"],"url":"https:\/\/www.repam.net\/es\/author\/repamadm\/"}]}},"_links":{"self":[{"href":"https:\/\/www.repam.net\/es\/wp-json\/wp\/v2\/posts\/7535","targetHints":{"allow":["GET"]}}],"collection":[{"href":"https:\/\/www.repam.net\/es\/wp-json\/wp\/v2\/posts"}],"about":[{"href":"https:\/\/www.repam.net\/es\/wp-json\/wp\/v2\/types\/post"}],"author":[{"embeddable":true,"href":"https:\/\/www.repam.net\/es\/wp-json\/wp\/v2\/users\/1"}],"replies":[{"embeddable":true,"href":"https:\/\/www.repam.net\/es\/wp-json\/wp\/v2\/comments?post=7535"}],"version-history":[{"count":2,"href":"https:\/\/www.repam.net\/es\/wp-json\/wp\/v2\/posts\/7535\/revisions"}],"predecessor-version":[{"id":7548,"href":"https:\/\/www.repam.net\/es\/wp-json\/wp\/v2\/posts\/7535\/revisions\/7548"}],"wp:featuredmedia":[{"embeddable":true,"href":"https:\/\/www.repam.net\/es\/wp-json\/wp\/v2\/media\/7536"}],"wp:attachment":[{"href":"https:\/\/www.repam.net\/es\/wp-json\/wp\/v2\/media?parent=7535"}],"wp:term":[{"taxonomy":"category","embeddable":true,"href":"https:\/\/www.repam.net\/es\/wp-json\/wp\/v2\/categories?post=7535"},{"taxonomy":"post_tag","embeddable":true,"href":"https:\/\/www.repam.net\/es\/wp-json\/wp\/v2\/tags?post=7535"}],"curies":[{"name":"wp","href":"https:\/\/api.w.org\/{rel}","templated":true}]}}