{"id":7572,"date":"2022-06-29T12:49:26","date_gmt":"2022-06-29T17:49:26","guid":{"rendered":"https:\/\/www.repam.net\/es\/?p=7572"},"modified":"2022-06-29T12:49:28","modified_gmt":"2022-06-29T17:49:28","slug":"alfredo-ferro-las-mujeres-y-los-pueblos-indigenas-estan-en-el-horizonte-de-la-ceama-a-dos-anos-de-su-creacion","status":"publish","type":"post","link":"https:\/\/www.repam.net\/es\/alfredo-ferro-las-mujeres-y-los-pueblos-indigenas-estan-en-el-horizonte-de-la-ceama-a-dos-anos-de-su-creacion\/","title":{"rendered":"Alfredo Ferro: \u201cLas mujeres y los pueblos ind\u00edgenas est\u00e1n en el horizonte de la Ceama a dos a\u00f1os de su creaci\u00f3n&#8221;"},"content":{"rendered":"<div class=\"wp-block-image\">\n<figure class=\"aligncenter size-full\"><img loading=\"lazy\" decoding=\"async\" width=\"800\" height=\"445\" src=\"https:\/\/www.repam.net\/es\/wp-content\/uploads\/2022\/06\/alfredo-ferro-copia-800x445-1.jpg\" alt=\"\" class=\"wp-image-7573\" srcset=\"https:\/\/www.repam.net\/es\/wp-content\/uploads\/2022\/06\/alfredo-ferro-copia-800x445-1.jpg 800w, https:\/\/www.repam.net\/es\/wp-content\/uploads\/2022\/06\/alfredo-ferro-copia-800x445-1-300x167.jpg 300w, https:\/\/www.repam.net\/es\/wp-content\/uploads\/2022\/06\/alfredo-ferro-copia-800x445-1-768x427.jpg 768w\" sizes=\"auto, (max-width: 800px) 100vw, 800px\" \/><\/figure>\n<\/div>\n\n\n<blockquote class=\"wp-block-quote is-layout-flow wp-block-quote-is-layout-flow\"><p><em>La\u00a0<strong>Conferencia Eclesial de la Amazon\u00eda (Ceama)<\/strong>\u00a0cumple dos a\u00f1os caminando con el Pueblo de Dios en los nueve pa\u00edses de la cuenca amaz\u00f3nica: Brasil, Per\u00fa, Bolivia, Ecuador, Colombia, Venezuela, Guyana y Surinam.<\/em><\/p><\/blockquote>\n\n\n\n<p><strong><em>Por \u00c1ngel Morillo<\/em><\/strong><\/p>\n\n\n\n<p>Alfredo Ferro, sacerdote jesuita y secretario ejecutivo de la Ceama, convers\u00f3 con ADN Celam sobre estos dos a\u00f1os de recorrido, destacando el valor eclesial, surgido al calor de los resultados del S\u00ednodo amaz\u00f3nico y los sue\u00f1os del Papa en su exhortaci\u00f3n Querida Amazon\u00eda.<\/p>\n\n\n\n<h5 class=\"wp-block-heading\">Respaldo del Vaticano<\/h5>\n\n\n\n<p><strong>PREGUNTA.- &nbsp;A dos a\u00f1os de recorrido, \u00bfcu\u00e1les han sido los frutos hasta el momento?<\/strong><\/p>\n\n\n\n<p>RESPUESTA.- \u201cTratando de recapitular un poco estos 2 a\u00f1os que est\u00e1 cumpliendo la Ceama, yo dir\u00eda en s\u00edntesis que hay varios logros. Un primer logro ser\u00eda el de que se haya constituido la conferencia no como una conferencia episcopal, sino como una conferencia eclesial.<\/p>\n\n\n\n<p>Eso es un logro muy importante, porque es un paso muy significativo en la Iglesia para abrir esos espacios que eran s\u00f3lo episcopales y que ahora tienen un car\u00e1cter mucho m\u00e1s eclesial.<\/p>\n\n\n\n<p>Un segundo logro es que se hayan definido unos estatutos, se haya definido una presidencia, una vicepresidencia, una secretar\u00eda ejecutiva,&nbsp; un comit\u00e9 ejecutivo, los representantes de los pa\u00edses, obispos y tambi\u00e9n los representantes tanto de las organismos eclesiales e instituciones como de los ind\u00edgenas o pueblos originarios.<\/p>\n\n\n\n<p>Una tercera, yo dir\u00eda es el que hayamos formulado un plan de acci\u00f3n, que era fundamental en el sentido de cu\u00e1l es la ruta, con tres objetivos fundamentales y tres estrategias: uno que se centra fundamentalmente en el plan de acci\u00f3n de conjunto; un segundo sobre el desarrollo de los n\u00facleos donde se han identificado los temas fundamentales y por eso se llaman n\u00facleos tem\u00e1ticos y, un tercero, que tiene que ver con las alianzas, articulaciones y di\u00e1logos y v\u00ednculos con otros actores eclesiales y no eclesiales\u201d.<\/p>\n\n\n\n<p>Otro aspecto para Ferro \u201cson las estrategias centradas en la formaci\u00f3n, en la comunicaci\u00f3n y en la consolidaci\u00f3n de la Ceama como tal\u201d, como tambi\u00e9n la aprobaci\u00f3n can\u00f3nica por parte del Papa, \u201cla aprobaci\u00f3n jur\u00eddica y can\u00f3nica\u201d, apunta, puesto que \u201ceso&nbsp; nos fortalece, nos consolida y, sobre todo, tenemos un &nbsp;respaldo del Vaticano en ese sentido\u201d.<\/p>\n\n\n\n<h5 class=\"wp-block-heading\">Aprobaci\u00f3n can\u00f3nica<\/h5>\n\n\n\n<p><strong>P.-&nbsp; El proceso de aprobaci\u00f3n can\u00f3nica&nbsp; de la Ceama est\u00e1 en ciernes, \u00bfcu\u00e1nto tiempo estima est\u00e9 lista?<\/strong><\/p>\n\n\n\n<p>R.- \u201cEn relaci\u00f3n al proceso de aprobaci\u00f3n realmente no tenemos preocupaci\u00f3n por eso, porque ya est\u00e1 aprobado can\u00f3nicamente y en ese sentido dir\u00edamos tenemos como dec\u00eda el respaldo del Vaticano.<\/p>\n\n\n\n<p>Inicialmente s<strong>e hizo las gestiones a trav\u00e9s de la Congregaci\u00f3n de los Obispos que est\u00e1 coordinada por el cardenal [Marc] Outlet<\/strong>; \u00e9l hab\u00eda planteado una serie de preguntas, de dudas, que todav\u00eda no las han compartido, pero el Papa intervino y fuimos aprobados como Conferencia Eclesial de la Amazon\u00eda can\u00f3nica y jur\u00eddicamente\u201d.<\/p>\n\n\n\n<h5 class=\"wp-block-heading\">Consolidar el plan de acci\u00f3n<\/h5>\n\n\n\n<p><strong>P.- Una vez que se aprueben los estatutos de la Ceama, \u00bfcu\u00e1les son los pasos a seguir?<\/strong><\/p>\n\n\n\n<p>R.- \u201cEn relaci\u00f3n a la pregunta de los pasos a seguir, considero que s\u00ed es importante decir que frente a los estatutos actuales vimos que era necesario hacer una reforma, porque son demasiado simples.<\/p>\n\n\n\n<p>No tenemos reglamento, entonces estamos en ese proceso desde antes de la \u00faltima asamblea ordinaria que tuvimos en el mes de marzo, que ya se hizo una primera propuesta, por lo que estamos desarrollando una agenda para ir dando los pasos necesarios para tener una definici\u00f3n de los nuevos estatutos.<\/p>\n\n\n\n<p>Es decir, una propuesta que le podamos hacer al Papa.&nbsp;<strong>El cardenal Pedro Barreto ya ha pedido una audiencia al Papa<\/strong>&nbsp;que la tendremos el 2 de septiembre, eso quiere decir que antes de esa fecha ya deber\u00edamos tener los nuevos estatutos y el paso es ponerlas a consideraci\u00f3n&nbsp; del Santo Padre con el fin de ya tener no s\u00f3lo la aprobaci\u00f3n can\u00f3nica y jur\u00eddica, sino propiamente los estatutos que nos van a regir\u201d.<\/p>\n\n\n\n<p>Para el jesuita los pasos que \u201cdebemos ir dando es hacer&nbsp; real y concreto los objetivos que nos hemos trazado, con sus estrategias dentro del plan de acci\u00f3n y que hemos compartido con las instancias de gobierno y autoridad de la Ceama\u201d.<\/p>\n\n\n\n<p>\u201cPrecisamente vamos a tener un comit\u00e9 ejecutivo, donde no s\u00f3lo vamos a retomar un poco todos los pasos que hemos dado y el proceso que hemos tenido, sino tambi\u00e9n plantear temas importantes sobre el horizonte mismo de la Ceama\u201d, apunt\u00f3.<\/p>\n\n\n\n<h5 class=\"wp-block-heading\">Laicos en el horizonte<\/h5>\n\n\n\n<p><strong>P.- &nbsp;En cuanto al tema de la participaci\u00f3n de mujeres y pueblos ind\u00edgenas en la directiva, \u00bfc\u00f3mo se ha avanzado en este aspecto, qu\u00e9 se ha discernido?<\/strong><\/p>\n\n\n\n<p>R.- \u201cSobre la participaci\u00f3n de las mujeres y los ind\u00edgenas en las directivas, realmente ya est\u00e1n participando, aunque es una participaci\u00f3n muy limitada, porque dentro de los miembros de la Ceama est\u00e1n los obispos, los representantes de los diversos pa\u00edses amaz\u00f3nicos, que son 9 de las cuales son 7 Conferencias Episcopales.<\/p>\n\n\n\n<p>Entonces hay un obispo por cada conferencia. Brasil tiene dos representantes, pero tambi\u00e9n est\u00e1n los organismos eclesiales, los presidentes de la Repam (Red Eclesial Panamaz\u00f3nica), de la CLAR (Confederaci\u00f3n Latinoamericana de Religiosos), de las C\u00e1ritas. Tambi\u00e9n hay 3 personas en este momento, que dos son mujeres y un hombre que representan a los pueblos originarios.<\/p>\n\n\n\n<p>Es decir,&nbsp;<strong>s\u00ed hay representaci\u00f3n, pero sabemos que es demasiado limitada tanto que en la reforma que queremos hacer de los nuevos estatutos quisi\u00e9ramos que ella reflejar\u00e1 lo que ciertamente es una conferencia eclesial.<\/strong><\/p>\n\n\n\n<p>En especial, &nbsp;una conferencia que quiere caminar en sinodalidad con una participaci\u00f3n muy activa de diferentes actores, entre estos, las mujeres que cuando se eligi\u00f3 la nueva presidencia y los vicepresidentes protestaron por no tener mujeres&nbsp; en la Presidencia.<\/p>\n\n\n\n<p>Yo creo que escuchamos esa voz, ese grito y ciertamente estamos muy atentos, aunque no es f\u00e1cil, sobre todo cuando hablamos de representaci\u00f3n, porque cuando hablamos de representaci\u00f3n tenemos que plantearnos la pregunta de qui\u00e9n elige y qui\u00e9n nombra y qui\u00e9n representa, sin duda, eso en un \u00e1mbito tan amplio como es \u00e9l amaz\u00f3nico, no resulta tan f\u00e1cil de definir.<\/p>\n\n\n\n<p>Pero estamos en esas y quisi\u00e9ramos realmente que en&nbsp;<strong>este horizonte y desarrollo de la Ceama hay una participaci\u00f3n muy activa de los laicos<\/strong>, de las jurisdicciones eclesi\u00e1sticas y sobre todo y particularmente de las mujeres y de los pueblos ind\u00edgenas\u201d.<\/p>\n\n\n\n<h5 class=\"wp-block-heading\">Di\u00e1logo abierto<\/h5>\n\n\n\n<p><strong>P.- \u00bfC\u00f3mo seguir\u00e1 la relaci\u00f3n de la Ceama con instancias eclesiales como la Repam, C\u00e1ritas, Foro panamaz\u00f3nico?<\/strong><\/p>\n\n\n\n<p>R.- \u201cEstamos muy atentos a eso, porque sabemos que necesitamos caminar juntos y que es necesario abrir esos espacios de di\u00e1logo, de relaci\u00f3n y de v\u00ednculo particularmente con la Repam con la que nos estamos reuniendo para definir acciones conjuntas, para ver por ejemplo n\u00facleos tem\u00e1ticos con los cuales podr\u00edamos trabajar juntos, como el observatorio socio ambiental y pastoral o como el n\u00facleo de las mujeres.<\/p>\n\n\n\n<p>Nos interesa mucho el tema de la ministerialidad y temas de comunicaci\u00f3n, porque creemos que entre todos estos organismos necesitamos ir construyendo y afianzando una red de comunicaci\u00f3n que nos permita trabajar en conjunto.<\/p>\n\n\n\n<p>Hemos abierto un di\u00e1logo donde participa C\u00e1ritas, la CLAR, el Celam y al interior del Celam el observatorio, Ceprap&nbsp; y tambi\u00e9n Comunicaci\u00f3n que nos parece son fundamentales para ir construyendo juntos.<\/p>\n\n\n\n<p>Entonces pienso que poco a poco vamos creando unas comisiones para trabajar temas de formaci\u00f3n, para trabajar temas que tienen que ver con el observatorio, con la sinodalidad y tambi\u00e9n como con temas de comunicaci\u00f3n\u201d.<\/p>\n\n\n\n<p><strong><em>Fuente: CELAM<\/em><\/strong><\/p>\n","protected":false},"excerpt":{"rendered":"<p>La\u00a0Conferencia Eclesial de la Amazon\u00eda (Ceama)\u00a0cumple dos a\u00f1os caminando con el Pueblo de Dios en los nueve pa\u00edses de la cuenca amaz\u00f3nica: Brasil, Per\u00fa, Bolivia, Ecuador, Colombia, Venezuela, Guyana y Surinam. Por \u00c1ngel Morillo Alfredo Ferro, sacerdote jesuita y secretario ejecutivo de la Ceama, convers\u00f3 con ADN Celam sobre estos dos a\u00f1os de recorrido, destacando [&hellip;]<\/p>\n","protected":false},"author":1,"featured_media":7573,"comment_status":"closed","ping_status":"closed","sticky":false,"template":"","format":"standard","meta":{"_acf_changed":false,"_uf_show_specific_survey":0,"_uf_disable_surveys":false,"footnotes":""},"categories":[92,4],"tags":[33,93,52,16],"class_list":["post-7572","post","type-post","status-publish","format-standard","has-post-thumbnail","hentry","category-ceama","category-noticias","tag-amazonia","tag-ceama","tag-derechos-humanos","tag-pueblos-indigenas"],"acf":[],"aioseo_notices":[],"yoast_head":"<!-- This site is optimized with the Yoast SEO plugin v27.4 - https:\/\/yoast.com\/product\/yoast-seo-wordpress\/ -->\n<title>Alfredo Ferro: \u201cLas mujeres y los pueblos ind\u00edgenas est\u00e1n en el horizonte de la Ceama a dos a\u00f1os de su creaci\u00f3n&quot; - REPAM<\/title>\n<meta name=\"robots\" content=\"index, follow, max-snippet:-1, max-image-preview:large, max-video-preview:-1\" \/>\n<link rel=\"canonical\" href=\"https:\/\/www.repam.net\/es\/alfredo-ferro-las-mujeres-y-los-pueblos-indigenas-estan-en-el-horizonte-de-la-ceama-a-dos-anos-de-su-creacion\/\" \/>\n<meta property=\"og:locale\" content=\"es_ES\" \/>\n<meta property=\"og:type\" content=\"article\" \/>\n<meta property=\"og:title\" content=\"Alfredo Ferro: \u201cLas mujeres y los pueblos ind\u00edgenas est\u00e1n en el horizonte de la Ceama a dos a\u00f1os de su creaci\u00f3n&quot; - REPAM\" \/>\n<meta property=\"og:description\" content=\"La\u00a0Conferencia Eclesial de la Amazon\u00eda (Ceama)\u00a0cumple dos a\u00f1os caminando con el Pueblo de Dios en los nueve pa\u00edses de la cuenca amaz\u00f3nica: Brasil, Per\u00fa, Bolivia, Ecuador, Colombia, Venezuela, Guyana y Surinam. Por \u00c1ngel Morillo Alfredo Ferro, sacerdote jesuita y secretario ejecutivo de la Ceama, convers\u00f3 con ADN Celam sobre estos dos a\u00f1os de recorrido, destacando [&hellip;]\" \/>\n<meta property=\"og:url\" content=\"https:\/\/www.repam.net\/es\/alfredo-ferro-las-mujeres-y-los-pueblos-indigenas-estan-en-el-horizonte-de-la-ceama-a-dos-anos-de-su-creacion\/\" \/>\n<meta property=\"og:site_name\" content=\"REPAM\" \/>\n<meta property=\"article:published_time\" content=\"2022-06-29T17:49:26+00:00\" \/>\n<meta property=\"article:modified_time\" content=\"2022-06-29T17:49:28+00:00\" \/>\n<meta property=\"og:image\" content=\"https:\/\/www.repam.net\/es\/wp-content\/uploads\/2022\/06\/alfredo-ferro-copia-800x445-1.jpg\" \/>\n\t<meta property=\"og:image:width\" content=\"800\" \/>\n\t<meta property=\"og:image:height\" content=\"445\" \/>\n\t<meta property=\"og:image:type\" content=\"image\/jpeg\" \/>\n<meta name=\"author\" content=\"repam@adm\" \/>\n<meta name=\"twitter:card\" content=\"summary_large_image\" \/>\n<meta name=\"twitter:label1\" content=\"Escrito por\" \/>\n\t<meta name=\"twitter:data1\" content=\"repam@adm\" \/>\n\t<meta name=\"twitter:label2\" content=\"Tiempo de lectura\" \/>\n\t<meta name=\"twitter:data2\" content=\"6 minutos\" \/>\n<script type=\"application\/ld+json\" class=\"yoast-schema-graph\">{\"@context\":\"https:\\\/\\\/schema.org\",\"@graph\":[{\"@type\":\"Article\",\"@id\":\"https:\\\/\\\/www.repam.net\\\/es\\\/alfredo-ferro-las-mujeres-y-los-pueblos-indigenas-estan-en-el-horizonte-de-la-ceama-a-dos-anos-de-su-creacion\\\/#article\",\"isPartOf\":{\"@id\":\"https:\\\/\\\/www.repam.net\\\/es\\\/alfredo-ferro-las-mujeres-y-los-pueblos-indigenas-estan-en-el-horizonte-de-la-ceama-a-dos-anos-de-su-creacion\\\/\"},\"author\":{\"name\":\"repam@adm\",\"@id\":\"https:\\\/\\\/www.repam.net\\\/es\\\/#\\\/schema\\\/person\\\/0c828bf04cf1abe6016cbe752c76a033\"},\"headline\":\"Alfredo Ferro: \u201cLas mujeres y los pueblos ind\u00edgenas est\u00e1n en el horizonte de la Ceama a dos a\u00f1os de su creaci\u00f3n&#8221;\",\"datePublished\":\"2022-06-29T17:49:26+00:00\",\"dateModified\":\"2022-06-29T17:49:28+00:00\",\"mainEntityOfPage\":{\"@id\":\"https:\\\/\\\/www.repam.net\\\/es\\\/alfredo-ferro-las-mujeres-y-los-pueblos-indigenas-estan-en-el-horizonte-de-la-ceama-a-dos-anos-de-su-creacion\\\/\"},\"wordCount\":1393,\"publisher\":{\"@id\":\"https:\\\/\\\/www.repam.net\\\/es\\\/#organization\"},\"image\":{\"@id\":\"https:\\\/\\\/www.repam.net\\\/es\\\/alfredo-ferro-las-mujeres-y-los-pueblos-indigenas-estan-en-el-horizonte-de-la-ceama-a-dos-anos-de-su-creacion\\\/#primaryimage\"},\"thumbnailUrl\":\"https:\\\/\\\/www.repam.net\\\/es\\\/wp-content\\\/uploads\\\/2022\\\/06\\\/alfredo-ferro-copia-800x445-1.jpg\",\"keywords\":[\"Amazon\u00eda\",\"CEAMA\",\"Derechos Humanos\",\"pueblos ind\u00edgenas\"],\"articleSection\":[\"CEAMA\",\"Noticias\"],\"inLanguage\":\"es-CO\"},{\"@type\":\"WebPage\",\"@id\":\"https:\\\/\\\/www.repam.net\\\/es\\\/alfredo-ferro-las-mujeres-y-los-pueblos-indigenas-estan-en-el-horizonte-de-la-ceama-a-dos-anos-de-su-creacion\\\/\",\"url\":\"https:\\\/\\\/www.repam.net\\\/es\\\/alfredo-ferro-las-mujeres-y-los-pueblos-indigenas-estan-en-el-horizonte-de-la-ceama-a-dos-anos-de-su-creacion\\\/\",\"name\":\"Alfredo Ferro: \u201cLas mujeres y los pueblos ind\u00edgenas est\u00e1n en el horizonte de la Ceama a dos a\u00f1os de su creaci\u00f3n\\\" - REPAM\",\"isPartOf\":{\"@id\":\"https:\\\/\\\/www.repam.net\\\/es\\\/#website\"},\"primaryImageOfPage\":{\"@id\":\"https:\\\/\\\/www.repam.net\\\/es\\\/alfredo-ferro-las-mujeres-y-los-pueblos-indigenas-estan-en-el-horizonte-de-la-ceama-a-dos-anos-de-su-creacion\\\/#primaryimage\"},\"image\":{\"@id\":\"https:\\\/\\\/www.repam.net\\\/es\\\/alfredo-ferro-las-mujeres-y-los-pueblos-indigenas-estan-en-el-horizonte-de-la-ceama-a-dos-anos-de-su-creacion\\\/#primaryimage\"},\"thumbnailUrl\":\"https:\\\/\\\/www.repam.net\\\/es\\\/wp-content\\\/uploads\\\/2022\\\/06\\\/alfredo-ferro-copia-800x445-1.jpg\",\"datePublished\":\"2022-06-29T17:49:26+00:00\",\"dateModified\":\"2022-06-29T17:49:28+00:00\",\"breadcrumb\":{\"@id\":\"https:\\\/\\\/www.repam.net\\\/es\\\/alfredo-ferro-las-mujeres-y-los-pueblos-indigenas-estan-en-el-horizonte-de-la-ceama-a-dos-anos-de-su-creacion\\\/#breadcrumb\"},\"inLanguage\":\"es-CO\",\"potentialAction\":[{\"@type\":\"ReadAction\",\"target\":[\"https:\\\/\\\/www.repam.net\\\/es\\\/alfredo-ferro-las-mujeres-y-los-pueblos-indigenas-estan-en-el-horizonte-de-la-ceama-a-dos-anos-de-su-creacion\\\/\"]}]},{\"@type\":\"ImageObject\",\"inLanguage\":\"es-CO\",\"@id\":\"https:\\\/\\\/www.repam.net\\\/es\\\/alfredo-ferro-las-mujeres-y-los-pueblos-indigenas-estan-en-el-horizonte-de-la-ceama-a-dos-anos-de-su-creacion\\\/#primaryimage\",\"url\":\"https:\\\/\\\/www.repam.net\\\/es\\\/wp-content\\\/uploads\\\/2022\\\/06\\\/alfredo-ferro-copia-800x445-1.jpg\",\"contentUrl\":\"https:\\\/\\\/www.repam.net\\\/es\\\/wp-content\\\/uploads\\\/2022\\\/06\\\/alfredo-ferro-copia-800x445-1.jpg\",\"width\":800,\"height\":445},{\"@type\":\"BreadcrumbList\",\"@id\":\"https:\\\/\\\/www.repam.net\\\/es\\\/alfredo-ferro-las-mujeres-y-los-pueblos-indigenas-estan-en-el-horizonte-de-la-ceama-a-dos-anos-de-su-creacion\\\/#breadcrumb\",\"itemListElement\":[{\"@type\":\"ListItem\",\"position\":1,\"name\":\"Inicio\",\"item\":\"https:\\\/\\\/www.repam.net\\\/es\\\/\"},{\"@type\":\"ListItem\",\"position\":2,\"name\":\"Alfredo Ferro: \u201cLas mujeres y los pueblos ind\u00edgenas est\u00e1n en el horizonte de la Ceama a dos a\u00f1os de su creaci\u00f3n&#8221;\"}]},{\"@type\":\"WebSite\",\"@id\":\"https:\\\/\\\/www.repam.net\\\/es\\\/#website\",\"url\":\"https:\\\/\\\/www.repam.net\\\/es\\\/\",\"name\":\"REPAM\",\"description\":\"Red Eclesial Panamaz\u00f3nica\",\"publisher\":{\"@id\":\"https:\\\/\\\/www.repam.net\\\/es\\\/#organization\"},\"potentialAction\":[{\"@type\":\"SearchAction\",\"target\":{\"@type\":\"EntryPoint\",\"urlTemplate\":\"https:\\\/\\\/www.repam.net\\\/es\\\/?s={search_term_string}\"},\"query-input\":{\"@type\":\"PropertyValueSpecification\",\"valueRequired\":true,\"valueName\":\"search_term_string\"}}],\"inLanguage\":\"es-CO\"},{\"@type\":\"Organization\",\"@id\":\"https:\\\/\\\/www.repam.net\\\/es\\\/#organization\",\"name\":\"REPAM\",\"url\":\"https:\\\/\\\/www.repam.net\\\/es\\\/\",\"logo\":{\"@type\":\"ImageObject\",\"inLanguage\":\"es-CO\",\"@id\":\"https:\\\/\\\/www.repam.net\\\/es\\\/#\\\/schema\\\/logo\\\/image\\\/\",\"url\":\"https:\\\/\\\/www.repam.net\\\/es\\\/wp-content\\\/uploads\\\/2021\\\/11\\\/cropped-favicon.png\",\"contentUrl\":\"https:\\\/\\\/www.repam.net\\\/es\\\/wp-content\\\/uploads\\\/2021\\\/11\\\/cropped-favicon.png\",\"width\":512,\"height\":512,\"caption\":\"REPAM\"},\"image\":{\"@id\":\"https:\\\/\\\/www.repam.net\\\/es\\\/#\\\/schema\\\/logo\\\/image\\\/\"}},{\"@type\":\"Person\",\"@id\":\"https:\\\/\\\/www.repam.net\\\/es\\\/#\\\/schema\\\/person\\\/0c828bf04cf1abe6016cbe752c76a033\",\"name\":\"repam@adm\",\"image\":{\"@type\":\"ImageObject\",\"inLanguage\":\"es-CO\",\"@id\":\"https:\\\/\\\/secure.gravatar.com\\\/avatar\\\/b18234ea6de5d74563e52ca7bfdad9d2b029b514c935b38a2790717abf8f2e5f?s=96&d=mm&r=g\",\"url\":\"https:\\\/\\\/secure.gravatar.com\\\/avatar\\\/b18234ea6de5d74563e52ca7bfdad9d2b029b514c935b38a2790717abf8f2e5f?s=96&d=mm&r=g\",\"contentUrl\":\"https:\\\/\\\/secure.gravatar.com\\\/avatar\\\/b18234ea6de5d74563e52ca7bfdad9d2b029b514c935b38a2790717abf8f2e5f?s=96&d=mm&r=g\",\"caption\":\"repam@adm\"},\"sameAs\":[\"http:\\\/\\\/repam.net\"],\"url\":\"https:\\\/\\\/www.repam.net\\\/es\\\/author\\\/repamadm\\\/\"}]}<\/script>\n<!-- \/ Yoast SEO plugin. -->","yoast_head_json":{"title":"Alfredo Ferro: \u201cLas mujeres y los pueblos ind\u00edgenas est\u00e1n en el horizonte de la Ceama a dos a\u00f1os de su creaci\u00f3n\" - REPAM","robots":{"index":"index","follow":"follow","max-snippet":"max-snippet:-1","max-image-preview":"max-image-preview:large","max-video-preview":"max-video-preview:-1"},"canonical":"https:\/\/www.repam.net\/es\/alfredo-ferro-las-mujeres-y-los-pueblos-indigenas-estan-en-el-horizonte-de-la-ceama-a-dos-anos-de-su-creacion\/","og_locale":"es_ES","og_type":"article","og_title":"Alfredo Ferro: \u201cLas mujeres y los pueblos ind\u00edgenas est\u00e1n en el horizonte de la Ceama a dos a\u00f1os de su creaci\u00f3n\" - REPAM","og_description":"La\u00a0Conferencia Eclesial de la Amazon\u00eda (Ceama)\u00a0cumple dos a\u00f1os caminando con el Pueblo de Dios en los nueve pa\u00edses de la cuenca amaz\u00f3nica: Brasil, Per\u00fa, Bolivia, Ecuador, Colombia, Venezuela, Guyana y Surinam. Por \u00c1ngel Morillo Alfredo Ferro, sacerdote jesuita y secretario ejecutivo de la Ceama, convers\u00f3 con ADN Celam sobre estos dos a\u00f1os de recorrido, destacando [&hellip;]","og_url":"https:\/\/www.repam.net\/es\/alfredo-ferro-las-mujeres-y-los-pueblos-indigenas-estan-en-el-horizonte-de-la-ceama-a-dos-anos-de-su-creacion\/","og_site_name":"REPAM","article_published_time":"2022-06-29T17:49:26+00:00","article_modified_time":"2022-06-29T17:49:28+00:00","og_image":[{"width":800,"height":445,"url":"https:\/\/www.repam.net\/es\/wp-content\/uploads\/2022\/06\/alfredo-ferro-copia-800x445-1.jpg","type":"image\/jpeg"}],"author":"repam@adm","twitter_card":"summary_large_image","twitter_misc":{"Escrito por":"repam@adm","Tiempo de lectura":"6 minutos"},"schema":{"@context":"https:\/\/schema.org","@graph":[{"@type":"Article","@id":"https:\/\/www.repam.net\/es\/alfredo-ferro-las-mujeres-y-los-pueblos-indigenas-estan-en-el-horizonte-de-la-ceama-a-dos-anos-de-su-creacion\/#article","isPartOf":{"@id":"https:\/\/www.repam.net\/es\/alfredo-ferro-las-mujeres-y-los-pueblos-indigenas-estan-en-el-horizonte-de-la-ceama-a-dos-anos-de-su-creacion\/"},"author":{"name":"repam@adm","@id":"https:\/\/www.repam.net\/es\/#\/schema\/person\/0c828bf04cf1abe6016cbe752c76a033"},"headline":"Alfredo Ferro: \u201cLas mujeres y los pueblos ind\u00edgenas est\u00e1n en el horizonte de la Ceama a dos a\u00f1os de su creaci\u00f3n&#8221;","datePublished":"2022-06-29T17:49:26+00:00","dateModified":"2022-06-29T17:49:28+00:00","mainEntityOfPage":{"@id":"https:\/\/www.repam.net\/es\/alfredo-ferro-las-mujeres-y-los-pueblos-indigenas-estan-en-el-horizonte-de-la-ceama-a-dos-anos-de-su-creacion\/"},"wordCount":1393,"publisher":{"@id":"https:\/\/www.repam.net\/es\/#organization"},"image":{"@id":"https:\/\/www.repam.net\/es\/alfredo-ferro-las-mujeres-y-los-pueblos-indigenas-estan-en-el-horizonte-de-la-ceama-a-dos-anos-de-su-creacion\/#primaryimage"},"thumbnailUrl":"https:\/\/www.repam.net\/es\/wp-content\/uploads\/2022\/06\/alfredo-ferro-copia-800x445-1.jpg","keywords":["Amazon\u00eda","CEAMA","Derechos Humanos","pueblos ind\u00edgenas"],"articleSection":["CEAMA","Noticias"],"inLanguage":"es-CO"},{"@type":"WebPage","@id":"https:\/\/www.repam.net\/es\/alfredo-ferro-las-mujeres-y-los-pueblos-indigenas-estan-en-el-horizonte-de-la-ceama-a-dos-anos-de-su-creacion\/","url":"https:\/\/www.repam.net\/es\/alfredo-ferro-las-mujeres-y-los-pueblos-indigenas-estan-en-el-horizonte-de-la-ceama-a-dos-anos-de-su-creacion\/","name":"Alfredo Ferro: \u201cLas mujeres y los pueblos ind\u00edgenas est\u00e1n en el horizonte de la Ceama a dos a\u00f1os de su creaci\u00f3n\" - REPAM","isPartOf":{"@id":"https:\/\/www.repam.net\/es\/#website"},"primaryImageOfPage":{"@id":"https:\/\/www.repam.net\/es\/alfredo-ferro-las-mujeres-y-los-pueblos-indigenas-estan-en-el-horizonte-de-la-ceama-a-dos-anos-de-su-creacion\/#primaryimage"},"image":{"@id":"https:\/\/www.repam.net\/es\/alfredo-ferro-las-mujeres-y-los-pueblos-indigenas-estan-en-el-horizonte-de-la-ceama-a-dos-anos-de-su-creacion\/#primaryimage"},"thumbnailUrl":"https:\/\/www.repam.net\/es\/wp-content\/uploads\/2022\/06\/alfredo-ferro-copia-800x445-1.jpg","datePublished":"2022-06-29T17:49:26+00:00","dateModified":"2022-06-29T17:49:28+00:00","breadcrumb":{"@id":"https:\/\/www.repam.net\/es\/alfredo-ferro-las-mujeres-y-los-pueblos-indigenas-estan-en-el-horizonte-de-la-ceama-a-dos-anos-de-su-creacion\/#breadcrumb"},"inLanguage":"es-CO","potentialAction":[{"@type":"ReadAction","target":["https:\/\/www.repam.net\/es\/alfredo-ferro-las-mujeres-y-los-pueblos-indigenas-estan-en-el-horizonte-de-la-ceama-a-dos-anos-de-su-creacion\/"]}]},{"@type":"ImageObject","inLanguage":"es-CO","@id":"https:\/\/www.repam.net\/es\/alfredo-ferro-las-mujeres-y-los-pueblos-indigenas-estan-en-el-horizonte-de-la-ceama-a-dos-anos-de-su-creacion\/#primaryimage","url":"https:\/\/www.repam.net\/es\/wp-content\/uploads\/2022\/06\/alfredo-ferro-copia-800x445-1.jpg","contentUrl":"https:\/\/www.repam.net\/es\/wp-content\/uploads\/2022\/06\/alfredo-ferro-copia-800x445-1.jpg","width":800,"height":445},{"@type":"BreadcrumbList","@id":"https:\/\/www.repam.net\/es\/alfredo-ferro-las-mujeres-y-los-pueblos-indigenas-estan-en-el-horizonte-de-la-ceama-a-dos-anos-de-su-creacion\/#breadcrumb","itemListElement":[{"@type":"ListItem","position":1,"name":"Inicio","item":"https:\/\/www.repam.net\/es\/"},{"@type":"ListItem","position":2,"name":"Alfredo Ferro: \u201cLas mujeres y los pueblos ind\u00edgenas est\u00e1n en el horizonte de la Ceama a dos a\u00f1os de su creaci\u00f3n&#8221;"}]},{"@type":"WebSite","@id":"https:\/\/www.repam.net\/es\/#website","url":"https:\/\/www.repam.net\/es\/","name":"REPAM","description":"Red Eclesial Panamaz\u00f3nica","publisher":{"@id":"https:\/\/www.repam.net\/es\/#organization"},"potentialAction":[{"@type":"SearchAction","target":{"@type":"EntryPoint","urlTemplate":"https:\/\/www.repam.net\/es\/?s={search_term_string}"},"query-input":{"@type":"PropertyValueSpecification","valueRequired":true,"valueName":"search_term_string"}}],"inLanguage":"es-CO"},{"@type":"Organization","@id":"https:\/\/www.repam.net\/es\/#organization","name":"REPAM","url":"https:\/\/www.repam.net\/es\/","logo":{"@type":"ImageObject","inLanguage":"es-CO","@id":"https:\/\/www.repam.net\/es\/#\/schema\/logo\/image\/","url":"https:\/\/www.repam.net\/es\/wp-content\/uploads\/2021\/11\/cropped-favicon.png","contentUrl":"https:\/\/www.repam.net\/es\/wp-content\/uploads\/2021\/11\/cropped-favicon.png","width":512,"height":512,"caption":"REPAM"},"image":{"@id":"https:\/\/www.repam.net\/es\/#\/schema\/logo\/image\/"}},{"@type":"Person","@id":"https:\/\/www.repam.net\/es\/#\/schema\/person\/0c828bf04cf1abe6016cbe752c76a033","name":"repam@adm","image":{"@type":"ImageObject","inLanguage":"es-CO","@id":"https:\/\/secure.gravatar.com\/avatar\/b18234ea6de5d74563e52ca7bfdad9d2b029b514c935b38a2790717abf8f2e5f?s=96&d=mm&r=g","url":"https:\/\/secure.gravatar.com\/avatar\/b18234ea6de5d74563e52ca7bfdad9d2b029b514c935b38a2790717abf8f2e5f?s=96&d=mm&r=g","contentUrl":"https:\/\/secure.gravatar.com\/avatar\/b18234ea6de5d74563e52ca7bfdad9d2b029b514c935b38a2790717abf8f2e5f?s=96&d=mm&r=g","caption":"repam@adm"},"sameAs":["http:\/\/repam.net"],"url":"https:\/\/www.repam.net\/es\/author\/repamadm\/"}]}},"_links":{"self":[{"href":"https:\/\/www.repam.net\/es\/wp-json\/wp\/v2\/posts\/7572","targetHints":{"allow":["GET"]}}],"collection":[{"href":"https:\/\/www.repam.net\/es\/wp-json\/wp\/v2\/posts"}],"about":[{"href":"https:\/\/www.repam.net\/es\/wp-json\/wp\/v2\/types\/post"}],"author":[{"embeddable":true,"href":"https:\/\/www.repam.net\/es\/wp-json\/wp\/v2\/users\/1"}],"replies":[{"embeddable":true,"href":"https:\/\/www.repam.net\/es\/wp-json\/wp\/v2\/comments?post=7572"}],"version-history":[{"count":1,"href":"https:\/\/www.repam.net\/es\/wp-json\/wp\/v2\/posts\/7572\/revisions"}],"predecessor-version":[{"id":7574,"href":"https:\/\/www.repam.net\/es\/wp-json\/wp\/v2\/posts\/7572\/revisions\/7574"}],"wp:featuredmedia":[{"embeddable":true,"href":"https:\/\/www.repam.net\/es\/wp-json\/wp\/v2\/media\/7573"}],"wp:attachment":[{"href":"https:\/\/www.repam.net\/es\/wp-json\/wp\/v2\/media?parent=7572"}],"wp:term":[{"taxonomy":"category","embeddable":true,"href":"https:\/\/www.repam.net\/es\/wp-json\/wp\/v2\/categories?post=7572"},{"taxonomy":"post_tag","embeddable":true,"href":"https:\/\/www.repam.net\/es\/wp-json\/wp\/v2\/tags?post=7572"}],"curies":[{"name":"wp","href":"https:\/\/api.w.org\/{rel}","templated":true}]}}