{"id":7582,"date":"2022-06-30T07:40:36","date_gmt":"2022-06-30T12:40:36","guid":{"rendered":"https:\/\/www.repam.net\/es\/?p=7582"},"modified":"2022-06-30T07:40:39","modified_gmt":"2022-06-30T12:40:39","slug":"ecuador-iglesia-promueve-el-dialogo-en-medio-de-la-tension","status":"publish","type":"post","link":"https:\/\/www.repam.net\/es\/ecuador-iglesia-promueve-el-dialogo-en-medio-de-la-tension\/","title":{"rendered":"Ecuador: Iglesia promueve el di\u00e1logo en medio de la tensi\u00f3n"},"content":{"rendered":"<div class=\"wp-block-image\">\n<figure class=\"aligncenter size-full\"><img loading=\"lazy\" decoding=\"async\" width=\"1000\" height=\"563\" src=\"https:\/\/www.repam.net\/es\/wp-content\/uploads\/2022\/06\/ecuador-vatican.jpeg\" alt=\"\" class=\"wp-image-7583\" srcset=\"https:\/\/www.repam.net\/es\/wp-content\/uploads\/2022\/06\/ecuador-vatican.jpeg 1000w, https:\/\/www.repam.net\/es\/wp-content\/uploads\/2022\/06\/ecuador-vatican-300x169.jpeg 300w, https:\/\/www.repam.net\/es\/wp-content\/uploads\/2022\/06\/ecuador-vatican-768x432.jpeg 768w\" sizes=\"auto, (max-width: 1000px) 100vw, 1000px\" \/><\/figure>\n<\/div>\n\n\n<blockquote class=\"wp-block-quote is-layout-flow wp-block-quote-is-layout-flow\"><p><em>En el marco de las protestas de las \u00faltimas semanas en la naci\u00f3n sudamericana, Vatican News entrevist\u00f3 a Monse\u00f1or Adalberto Jim\u00e9nez y Monse\u00f1or Rafael Cob, vicarios apost\u00f3licos de Aguarico y Puyo, respectivamente, en la Amazon\u00eda Ecuatoriana, para comprender el contexto y el rol de la Iglesia en el proceso de di\u00e1logo<\/em><\/p><\/blockquote>\n\n\n\n<p><strong><em>Por<\/em><\/strong> <strong><em>Sebasti\u00e1n Sans\u00f3n Ferrari<\/em><\/strong><\/p>\n\n\n\n<p>\u201cSolo a trav\u00e9s del di\u00e1logo ser\u00e1 posible encontrar, espero que pronto, la paz social, con especial atenci\u00f3n a las poblaciones marginadas del pa\u00eds y a los m\u00e1s pobres, pero siempre respetando los derechos de todos y las instituciones del pa\u00eds\u201d. Este fue el mensaje de cercan\u00eda del Papa Francisco al pueblo ecuatoriano en el\u00a0\u00c1ngelus\u00a0del pasado domingo 26 de junio. Dos d\u00edas m\u00e1s tarde, el martes 28, el presidente de Ecuador, Guillermo Lasso, suspend\u00eda el di\u00e1logo entre el gobierno y el movimiento ind\u00edgena. No obstante, el ministro de Gobierno, Pancho Jim\u00e9nez, inform\u00f3, el mi\u00e9rcoles 29, la aceptaci\u00f3n del proceso de mediaci\u00f3n que encabeza la Conferencia Episcopal Ecuatoriana.<\/p>\n\n\n\n<p>Desde el lunes 13 de junio, la naci\u00f3n vive en un ambiente de tensi\u00f3n: la\u00a0Confederaci\u00f3n de Nacionalidades Ind\u00edgenas del Ecuador (CONAIE), en articulaci\u00f3n con organizaciones ind\u00edgenas y sociales, convoc\u00f3 a una movilizaci\u00f3n nacional con protestas en distintos puntos del territorio. Seg\u00fan la CONAIE, est\u00e1 motivada por lo que denominan \u201cla imposici\u00f3n de pol\u00edticas neoliberales\u201d de la administraci\u00f3n que han llevado a distintas problem\u00e1ticas, \u00a0como la exacerbaci\u00f3n de la pobreza, la disminuci\u00f3n del presupuesto general del Estado en salud y educaci\u00f3n, el incremento de la inseguridad y la violencia, entre otras que encabezan los reclamos.<\/p>\n\n\n\n<p>En este contexto, la\u00a0Iglesia cat\u00f3lica en Ecuador\u00a0se ha expresado, en distintas oportunidades, a favor de la paz y la concordia, a trav\u00e9s de una campa\u00f1a en redes sociales y comunicados emitidos desde el Consejo Permanente del Episcopado ecuatoriano. Vatican News convers\u00f3 con Monse\u00f1or Adalberto Jim\u00e9nez y Monse\u00f1or Rafael Cob, vicarios apost\u00f3licos de Aguarico y Puyo, respectivamente, en la Amazon\u00eda ecuatoriana, para profundizar en sus visiones sobre la situaci\u00f3n y en la labor de la Iglesia en estos d\u00edas complejos.<\/p>\n\n\n\n<h5 class=\"wp-block-heading\"><strong>Vicario apost\u00f3lico de Aguarico: \u201cEstamos llamados a reconstruir la paz\u201d<\/strong><\/h5>\n\n\n\n<p>Monse\u00f1or Jim\u00e9nez ,\u00a0quien public\u00f3 una carta p\u00fablica urgente al Presidente de la Rep\u00fablica el 28 de junio pidiendo por la paz y la justicia,\u00a0reflexion\u00f3 ante nuestros micr\u00f3fonos sobre la urgencia de construir un mundo de paz y justicia. Record\u00f3 tambi\u00e9n las palabras de Monse\u00f1or Alfredo Espinoza, arzobispo de Quito, cuando en una reciente eucarist\u00eda afirm\u00f3 que\u00a0<em>\u201ctodos nos tenemos que ver como hermanos, no como enemigos\u201d<\/em>\u00a0(ndr: las declaraciones fueron con motivo del lema escogido para el pr\u00f3ximo Congreso Eucar\u00edstico en Quito, previsto para 2024: \u201cFraternidad para sanar el mundo\u201d). \u201cEstamos en una humanidad enferma por la violencia, por la guerra. Podemos ver Rusia, Ucrania, y m\u00e1s de 20 pa\u00edses que en todo el mundo est\u00e1n en guerra, con las ra\u00edces abiertas\u201d, prosigui\u00f3.<\/p>\n\n\n\n<p>Seg\u00fan Jim\u00e9nez, los programas con las que los mass media &#8220;invaden&#8221; a las personas est\u00e1n cargados de violencia, as\u00ed como las series, las telenovelas. \u201cEste tambi\u00e9n es un llamado para todos, para aquellos que llevan adelante las cadenas, o son due\u00f1os de las cadenas de televisi\u00f3n; que se deje de ganar dinero, pero que no se emitan programas de contenido tan violento\u201d, reflexion\u00f3.<\/p>\n\n\n\n<blockquote class=\"wp-block-quote is-layout-flow wp-block-quote-is-layout-flow\"><p>\u201cTenemos que hacer una opci\u00f3n y la Iglesia tiene mucho, mucho para sugerir, para hacer asambleas, convivencias, encuentros de familia, de ni\u00f1os, de j\u00f3venes, de ancianos, para hablar por la paz, y es un terreno abonado, pero junto con la paz, la justicia.\u201d<\/p><\/blockquote>\n\n\n\n<p>El prelado enfatiz\u00f3 la importancia de que haya \u201cun claro compromiso con las necesidades de los seres humanos aqu\u00ed en Ecuador, desde el planteamiento que nos hace Jesucristo en el Evangelio en Mateo, 25\u201d. Para Jim\u00e9nez, \u201cla justicia va a ser sobre la base de las necesidades de las personas: Tuve hambre y me diste de comer, tuve sed y me diste de beber, fui migrante y me acogiste en tu casa, estuve enfermo y me visitaste, me compraste la receta, estuve en la c\u00e1rcel y me visitaste\u201d.<\/p>\n\n\n\n<p>Jim\u00e9nez insisti\u00f3 en que \u201ces un llamado a que el Evangelio de Dios pasa por las personas, por sus necesidades, por el servicio, por la atenci\u00f3n a ellos\u201d.<\/p>\n\n\n\n<blockquote class=\"wp-block-quote is-layout-flow wp-block-quote-is-layout-flow\"><p>\u201cTenemos un poder muy grande de convocatoria en la Iglesia de Ecuador y debemos volver a sanar las heridas de la guerra y de la violencia para construir un Ecuador de paz, y creo que lo vamos a conseguir, que lo vamos a lograr. Que no perdamos ning\u00fan espacio en la Iglesia para hablar y reconstruir la paz, que es fruto de la justicia.\u201d<\/p><\/blockquote>\n\n\n<div class=\"wp-block-image\">\n<figure class=\"aligncenter\"><img decoding=\"async\" src=\"https:\/\/www.vaticannews.va\/content\/dam\/vaticannews\/multimedia\/2022\/06\/30\/Mons.-Adalberto-Jimnez-vicario-aposlico-de-Aguarico-Ecuador.jpg\/_jcr_content\/renditions\/cq5dam.thumbnail.cropped.750.422.jpeg\" alt=\"En su carta p\u00fablica al presidente de Ecuador, Monse\u00f1or Jim\u00e9nez pidi\u00f3 &quot;no romper el di\u00e1logo&quot;.\"\/><figcaption>En su carta p\u00fablica al presidente de Ecuador, Monse\u00f1or Jim\u00e9nez pidi\u00f3 &#8220;no romper el di\u00e1logo&#8221;.<\/figcaption><\/figure>\n<\/div>\n\n\n<h5 class=\"wp-block-heading\"><strong>Crisis en m\u00faltiples niveles<\/strong><\/h5>\n\n\n\n<p>Jim\u00e9nez describi\u00f3 que la crisis que afecta al pa\u00eds es grave, porque no es una sola; m\u00e1s bien, tiene distintas dimensiones, y retom\u00f3 los elementos de un comunicado de la Conferencia Episcopal Ecuatoriana, emitido el 23 de junio. Hay una crisis econ\u00f3mica, manifestada en la falta de empleo, educaci\u00f3n, de salud, alimento; una crisis social expresada en la inseguridad, entre otros fen\u00f3menos; una crisis pol\u00edtica que, seg\u00fan el Episcopado, \u201cen muchos casos ha dado la espalda a las grandes aspiraciones de nuestro pueblo, preocup\u00e1ndose casi exclusivamente de sus intereses de partido o movimiento\u201d; una crisis \u00e9tica en todas las esferas de la vida p\u00fablica y privada; y una crisis ecol\u00f3gica \u201cque pone en serio peligro la existencia de la casa com\u00fan por la explotaci\u00f3n y la contaminaci\u00f3n\u201d.<\/p>\n\n\n\n<h5 class=\"wp-block-heading\"><strong>Vicario apost\u00f3lico de Puyo: \u201cIglesia prof\u00e9tica y samaritana\u201d<\/strong><\/h5>\n\n\n\n<p>Por su parte, Monse\u00f1or Cob sostuvo que, en las provincias, est\u00e1n intentando mitigar la violencia que se da cuando la gente que reclama no es escuchada, provocando, por ende, que se radicalicen sus paros.<\/p>\n\n\n\n<p>Refiri\u00e9ndose a la importancia de aprender del pasado, evoc\u00f3 la marcha pac\u00edfica de 1992 en Ecuador, cuando los pueblos ind\u00edgenas consiguieron que se reconociera la propiedad de sus tierras. De acuerdo con el vicario apost\u00f3lico de Puyo, ahora intentan hacer entender que debemos aprender tambi\u00e9n de la experiencia del pasado en cuesti\u00f3n de la exigencia de derechos.<\/p>\n\n\n\n<p>\u201cEs importante humanizar el paro, pensar que las consecuencias las pagamos todos, y a veces muy duras\u201d, asever\u00f3. Cob se\u00f1al\u00f3 que es necesario \u201cllamar a la calma, a la escucha\u201d, ya que \u201cesto ayuda a promover el di\u00e1logo\u201d. Explic\u00f3 que los comerciantes est\u00e1n sufriendo, entre otras dificultades, la complicada entrada de alimentos.<\/p>\n\n\n\n<p>\u201cEs importante ver que la Iglesia siempre ha de estar abriendo caminos para que se d\u00e9 la humanizaci\u00f3n\u201d, recalc\u00f3 el obispo.<\/p>\n\n\n\n<blockquote class=\"wp-block-quote is-layout-flow wp-block-quote-is-layout-flow\"><p>\u201cPor parte nuestra, est\u00e1 la voz prof\u00e9tica que no debe faltar nunca, y saber que la vida vale m\u00e1s que mil protestas. Lamentablemente, ha habido muertos en este paro, y creo que es importante saber que, como decimos, la vida vale m\u00e1s que mil protestas y es el primer derecho que se debe respetar. Tambi\u00e9n sufrimos la radicalizaci\u00f3n cuando hay muertes de gente que est\u00e1 buscando la paz y la justicia.\u201d<\/p><\/blockquote>\n\n\n\n<p>Cob dirigi\u00f3, adem\u00e1s, un llamamiento a construir juntos la paz: \u201cLa Iglesia siempre estar\u00e1 pendiente de los di\u00e1logos\u201d. \u201cEsperamos que pronto se levante este paro y que se d\u00e9 la justicia, de responder a estos puntos que la sociedad y las autoridades ind\u00edgenas est\u00e1n reclamando\u201d, expres\u00f3 as\u00ed su deseo.<\/p>\n\n\n\n<h5 class=\"wp-block-heading\"><strong>La Amazon\u00eda maltratada, marginada, olvidada<\/strong><\/h5>\n\n\n\n<p>Otro de los puntos cr\u00edticos es el maltrato, la marginaci\u00f3n y el olvido que padece la Amazon\u00eda, como bien argument\u00f3 Cob. \u201cHay que conocer la selva por dentro, visitar las bases, los territorios, para ver c\u00f3mo viven y constatar ese sufrimiento de estos pueblos; por eso se levantan, porque no son atendidos\u201d, dijo.<\/p>\n\n\n\n<blockquote class=\"wp-block-quote is-layout-flow wp-block-quote-is-layout-flow\"><p>\u201cEs importante levantar la voz prof\u00e9tica de denuncia y de acompa\u00f1amiento; ser\u00edan las dos formas. Una Iglesia prof\u00e9tica y samaritana; estas dos realidades son las que a nosotros nos ayudan para buscar soluci\u00f3n a los problemas sociales y globales de nuestra Amazon\u00eda.\u201d<\/p><\/blockquote>\n\n\n\n<h5 class=\"wp-block-heading\"><strong>\u201cMarcha pac\u00edfica por la justicia del pueblo empobrecido\u201d<\/strong><\/h5>\n\n\n\n<p>Entre las m\u00faltiples movilizaciones en el pa\u00eds, este lunes 27 en la tarde, como informa\u00a0Radio Puyo, el pueblo se reun\u00eda para reclamar sus derechos de salir de su pobreza y marginaci\u00f3n. \u00a0<\/p>\n\n\n<div class=\"wp-block-image\">\n<figure class=\"aligncenter\"><img decoding=\"async\" src=\"https:\/\/www.vaticannews.va\/content\/dam\/vaticannews\/multimedia\/2022\/06\/30\/Ecuador-PUYO-Marcha-pacfica-por-la-justicia-del-pueblo-empobrecido-3.jpg\/_jcr_content\/renditions\/cq5dam.thumbnail.cropped.750.422.jpeg\" alt=\"Marcha pac\u00edfica en Puyo, Ecuador\"\/><figcaption>Marcha pac\u00edfica en Puyo, Ecuador<\/figcaption><\/figure>\n<\/div>\n\n\n<p><strong><em>Fuente: Vatican News<\/em><\/strong><\/p>\n","protected":false},"excerpt":{"rendered":"<p>En el marco de las protestas de las \u00faltimas semanas en la naci\u00f3n sudamericana, Vatican News entrevist\u00f3 a Monse\u00f1or Adalberto Jim\u00e9nez y Monse\u00f1or Rafael Cob, vicarios apost\u00f3licos de Aguarico y Puyo, respectivamente, en la Amazon\u00eda Ecuatoriana, para comprender el contexto y el rol de la Iglesia en el proceso de di\u00e1logo Por Sebasti\u00e1n Sans\u00f3n Ferrari [&hellip;]<\/p>\n","protected":false},"author":1,"featured_media":7583,"comment_status":"closed","ping_status":"closed","sticky":false,"template":"","format":"standard","meta":{"_acf_changed":false,"_uf_show_specific_survey":0,"_uf_disable_surveys":false,"footnotes":""},"categories":[15,4],"tags":[33,52,173,16,323],"class_list":["post-7582","post","type-post","status-publish","format-standard","has-post-thumbnail","hentry","category-ecuador","category-noticias","tag-amazonia","tag-derechos-humanos","tag-ecuador","tag-pueblos-indigenas","tag-violencia"],"acf":[],"aioseo_notices":[],"yoast_head":"<!-- This site is optimized with the Yoast SEO plugin v27.4 - https:\/\/yoast.com\/product\/yoast-seo-wordpress\/ -->\n<title>Ecuador: Iglesia promueve el di\u00e1logo en medio de la tensi\u00f3n - REPAM<\/title>\n<meta name=\"robots\" content=\"index, follow, max-snippet:-1, max-image-preview:large, max-video-preview:-1\" \/>\n<link rel=\"canonical\" href=\"https:\/\/www.repam.net\/es\/ecuador-iglesia-promueve-el-dialogo-en-medio-de-la-tension\/\" \/>\n<meta property=\"og:locale\" content=\"es_ES\" \/>\n<meta property=\"og:type\" content=\"article\" \/>\n<meta property=\"og:title\" content=\"Ecuador: Iglesia promueve el di\u00e1logo en medio de la tensi\u00f3n - REPAM\" \/>\n<meta property=\"og:description\" content=\"En el marco de las protestas de las \u00faltimas semanas en la naci\u00f3n sudamericana, Vatican News entrevist\u00f3 a Monse\u00f1or Adalberto Jim\u00e9nez y Monse\u00f1or Rafael Cob, vicarios apost\u00f3licos de Aguarico y Puyo, respectivamente, en la Amazon\u00eda Ecuatoriana, para comprender el contexto y el rol de la Iglesia en el proceso de di\u00e1logo Por Sebasti\u00e1n Sans\u00f3n Ferrari [&hellip;]\" \/>\n<meta property=\"og:url\" content=\"https:\/\/www.repam.net\/es\/ecuador-iglesia-promueve-el-dialogo-en-medio-de-la-tension\/\" \/>\n<meta property=\"og:site_name\" content=\"REPAM\" \/>\n<meta property=\"article:published_time\" content=\"2022-06-30T12:40:36+00:00\" \/>\n<meta property=\"article:modified_time\" content=\"2022-06-30T12:40:39+00:00\" \/>\n<meta property=\"og:image\" content=\"https:\/\/www.repam.net\/es\/wp-content\/uploads\/2022\/06\/ecuador-vatican.jpeg\" \/>\n\t<meta property=\"og:image:width\" content=\"1000\" \/>\n\t<meta property=\"og:image:height\" content=\"563\" \/>\n\t<meta property=\"og:image:type\" content=\"image\/jpeg\" \/>\n<meta name=\"author\" content=\"repam@adm\" \/>\n<meta name=\"twitter:card\" content=\"summary_large_image\" \/>\n<meta name=\"twitter:label1\" content=\"Escrito por\" \/>\n\t<meta name=\"twitter:data1\" content=\"repam@adm\" \/>\n\t<meta name=\"twitter:label2\" content=\"Tiempo de lectura\" \/>\n\t<meta name=\"twitter:data2\" content=\"7 minutos\" \/>\n<script type=\"application\/ld+json\" class=\"yoast-schema-graph\">{\"@context\":\"https:\\\/\\\/schema.org\",\"@graph\":[{\"@type\":\"Article\",\"@id\":\"https:\\\/\\\/www.repam.net\\\/es\\\/ecuador-iglesia-promueve-el-dialogo-en-medio-de-la-tension\\\/#article\",\"isPartOf\":{\"@id\":\"https:\\\/\\\/www.repam.net\\\/es\\\/ecuador-iglesia-promueve-el-dialogo-en-medio-de-la-tension\\\/\"},\"author\":{\"name\":\"repam@adm\",\"@id\":\"https:\\\/\\\/www.repam.net\\\/es\\\/#\\\/schema\\\/person\\\/0c828bf04cf1abe6016cbe752c76a033\"},\"headline\":\"Ecuador: Iglesia promueve el di\u00e1logo en medio de la tensi\u00f3n\",\"datePublished\":\"2022-06-30T12:40:36+00:00\",\"dateModified\":\"2022-06-30T12:40:39+00:00\",\"mainEntityOfPage\":{\"@id\":\"https:\\\/\\\/www.repam.net\\\/es\\\/ecuador-iglesia-promueve-el-dialogo-en-medio-de-la-tension\\\/\"},\"wordCount\":1484,\"publisher\":{\"@id\":\"https:\\\/\\\/www.repam.net\\\/es\\\/#organization\"},\"image\":{\"@id\":\"https:\\\/\\\/www.repam.net\\\/es\\\/ecuador-iglesia-promueve-el-dialogo-en-medio-de-la-tension\\\/#primaryimage\"},\"thumbnailUrl\":\"https:\\\/\\\/www.repam.net\\\/es\\\/wp-content\\\/uploads\\\/2022\\\/06\\\/ecuador-vatican.jpeg\",\"keywords\":[\"Amazon\u00eda\",\"Derechos Humanos\",\"Ecuador\",\"pueblos ind\u00edgenas\",\"Violencia\"],\"articleSection\":[\"Ecuador\",\"Noticias\"],\"inLanguage\":\"es-CO\"},{\"@type\":\"WebPage\",\"@id\":\"https:\\\/\\\/www.repam.net\\\/es\\\/ecuador-iglesia-promueve-el-dialogo-en-medio-de-la-tension\\\/\",\"url\":\"https:\\\/\\\/www.repam.net\\\/es\\\/ecuador-iglesia-promueve-el-dialogo-en-medio-de-la-tension\\\/\",\"name\":\"Ecuador: Iglesia promueve el di\u00e1logo en medio de la tensi\u00f3n - REPAM\",\"isPartOf\":{\"@id\":\"https:\\\/\\\/www.repam.net\\\/es\\\/#website\"},\"primaryImageOfPage\":{\"@id\":\"https:\\\/\\\/www.repam.net\\\/es\\\/ecuador-iglesia-promueve-el-dialogo-en-medio-de-la-tension\\\/#primaryimage\"},\"image\":{\"@id\":\"https:\\\/\\\/www.repam.net\\\/es\\\/ecuador-iglesia-promueve-el-dialogo-en-medio-de-la-tension\\\/#primaryimage\"},\"thumbnailUrl\":\"https:\\\/\\\/www.repam.net\\\/es\\\/wp-content\\\/uploads\\\/2022\\\/06\\\/ecuador-vatican.jpeg\",\"datePublished\":\"2022-06-30T12:40:36+00:00\",\"dateModified\":\"2022-06-30T12:40:39+00:00\",\"breadcrumb\":{\"@id\":\"https:\\\/\\\/www.repam.net\\\/es\\\/ecuador-iglesia-promueve-el-dialogo-en-medio-de-la-tension\\\/#breadcrumb\"},\"inLanguage\":\"es-CO\",\"potentialAction\":[{\"@type\":\"ReadAction\",\"target\":[\"https:\\\/\\\/www.repam.net\\\/es\\\/ecuador-iglesia-promueve-el-dialogo-en-medio-de-la-tension\\\/\"]}]},{\"@type\":\"ImageObject\",\"inLanguage\":\"es-CO\",\"@id\":\"https:\\\/\\\/www.repam.net\\\/es\\\/ecuador-iglesia-promueve-el-dialogo-en-medio-de-la-tension\\\/#primaryimage\",\"url\":\"https:\\\/\\\/www.repam.net\\\/es\\\/wp-content\\\/uploads\\\/2022\\\/06\\\/ecuador-vatican.jpeg\",\"contentUrl\":\"https:\\\/\\\/www.repam.net\\\/es\\\/wp-content\\\/uploads\\\/2022\\\/06\\\/ecuador-vatican.jpeg\",\"width\":1000,\"height\":563},{\"@type\":\"BreadcrumbList\",\"@id\":\"https:\\\/\\\/www.repam.net\\\/es\\\/ecuador-iglesia-promueve-el-dialogo-en-medio-de-la-tension\\\/#breadcrumb\",\"itemListElement\":[{\"@type\":\"ListItem\",\"position\":1,\"name\":\"Inicio\",\"item\":\"https:\\\/\\\/www.repam.net\\\/es\\\/\"},{\"@type\":\"ListItem\",\"position\":2,\"name\":\"Ecuador: Iglesia promueve el di\u00e1logo en medio de la tensi\u00f3n\"}]},{\"@type\":\"WebSite\",\"@id\":\"https:\\\/\\\/www.repam.net\\\/es\\\/#website\",\"url\":\"https:\\\/\\\/www.repam.net\\\/es\\\/\",\"name\":\"REPAM\",\"description\":\"Red Eclesial Panamaz\u00f3nica\",\"publisher\":{\"@id\":\"https:\\\/\\\/www.repam.net\\\/es\\\/#organization\"},\"potentialAction\":[{\"@type\":\"SearchAction\",\"target\":{\"@type\":\"EntryPoint\",\"urlTemplate\":\"https:\\\/\\\/www.repam.net\\\/es\\\/?s={search_term_string}\"},\"query-input\":{\"@type\":\"PropertyValueSpecification\",\"valueRequired\":true,\"valueName\":\"search_term_string\"}}],\"inLanguage\":\"es-CO\"},{\"@type\":\"Organization\",\"@id\":\"https:\\\/\\\/www.repam.net\\\/es\\\/#organization\",\"name\":\"REPAM\",\"url\":\"https:\\\/\\\/www.repam.net\\\/es\\\/\",\"logo\":{\"@type\":\"ImageObject\",\"inLanguage\":\"es-CO\",\"@id\":\"https:\\\/\\\/www.repam.net\\\/es\\\/#\\\/schema\\\/logo\\\/image\\\/\",\"url\":\"https:\\\/\\\/www.repam.net\\\/es\\\/wp-content\\\/uploads\\\/2021\\\/11\\\/cropped-favicon.png\",\"contentUrl\":\"https:\\\/\\\/www.repam.net\\\/es\\\/wp-content\\\/uploads\\\/2021\\\/11\\\/cropped-favicon.png\",\"width\":512,\"height\":512,\"caption\":\"REPAM\"},\"image\":{\"@id\":\"https:\\\/\\\/www.repam.net\\\/es\\\/#\\\/schema\\\/logo\\\/image\\\/\"}},{\"@type\":\"Person\",\"@id\":\"https:\\\/\\\/www.repam.net\\\/es\\\/#\\\/schema\\\/person\\\/0c828bf04cf1abe6016cbe752c76a033\",\"name\":\"repam@adm\",\"image\":{\"@type\":\"ImageObject\",\"inLanguage\":\"es-CO\",\"@id\":\"https:\\\/\\\/secure.gravatar.com\\\/avatar\\\/b18234ea6de5d74563e52ca7bfdad9d2b029b514c935b38a2790717abf8f2e5f?s=96&d=mm&r=g\",\"url\":\"https:\\\/\\\/secure.gravatar.com\\\/avatar\\\/b18234ea6de5d74563e52ca7bfdad9d2b029b514c935b38a2790717abf8f2e5f?s=96&d=mm&r=g\",\"contentUrl\":\"https:\\\/\\\/secure.gravatar.com\\\/avatar\\\/b18234ea6de5d74563e52ca7bfdad9d2b029b514c935b38a2790717abf8f2e5f?s=96&d=mm&r=g\",\"caption\":\"repam@adm\"},\"sameAs\":[\"http:\\\/\\\/repam.net\"],\"url\":\"https:\\\/\\\/www.repam.net\\\/es\\\/author\\\/repamadm\\\/\"}]}<\/script>\n<!-- \/ Yoast SEO plugin. -->","yoast_head_json":{"title":"Ecuador: Iglesia promueve el di\u00e1logo en medio de la tensi\u00f3n - REPAM","robots":{"index":"index","follow":"follow","max-snippet":"max-snippet:-1","max-image-preview":"max-image-preview:large","max-video-preview":"max-video-preview:-1"},"canonical":"https:\/\/www.repam.net\/es\/ecuador-iglesia-promueve-el-dialogo-en-medio-de-la-tension\/","og_locale":"es_ES","og_type":"article","og_title":"Ecuador: Iglesia promueve el di\u00e1logo en medio de la tensi\u00f3n - REPAM","og_description":"En el marco de las protestas de las \u00faltimas semanas en la naci\u00f3n sudamericana, Vatican News entrevist\u00f3 a Monse\u00f1or Adalberto Jim\u00e9nez y Monse\u00f1or Rafael Cob, vicarios apost\u00f3licos de Aguarico y Puyo, respectivamente, en la Amazon\u00eda Ecuatoriana, para comprender el contexto y el rol de la Iglesia en el proceso de di\u00e1logo Por Sebasti\u00e1n Sans\u00f3n Ferrari [&hellip;]","og_url":"https:\/\/www.repam.net\/es\/ecuador-iglesia-promueve-el-dialogo-en-medio-de-la-tension\/","og_site_name":"REPAM","article_published_time":"2022-06-30T12:40:36+00:00","article_modified_time":"2022-06-30T12:40:39+00:00","og_image":[{"width":1000,"height":563,"url":"https:\/\/www.repam.net\/es\/wp-content\/uploads\/2022\/06\/ecuador-vatican.jpeg","type":"image\/jpeg"}],"author":"repam@adm","twitter_card":"summary_large_image","twitter_misc":{"Escrito por":"repam@adm","Tiempo de lectura":"7 minutos"},"schema":{"@context":"https:\/\/schema.org","@graph":[{"@type":"Article","@id":"https:\/\/www.repam.net\/es\/ecuador-iglesia-promueve-el-dialogo-en-medio-de-la-tension\/#article","isPartOf":{"@id":"https:\/\/www.repam.net\/es\/ecuador-iglesia-promueve-el-dialogo-en-medio-de-la-tension\/"},"author":{"name":"repam@adm","@id":"https:\/\/www.repam.net\/es\/#\/schema\/person\/0c828bf04cf1abe6016cbe752c76a033"},"headline":"Ecuador: Iglesia promueve el di\u00e1logo en medio de la tensi\u00f3n","datePublished":"2022-06-30T12:40:36+00:00","dateModified":"2022-06-30T12:40:39+00:00","mainEntityOfPage":{"@id":"https:\/\/www.repam.net\/es\/ecuador-iglesia-promueve-el-dialogo-en-medio-de-la-tension\/"},"wordCount":1484,"publisher":{"@id":"https:\/\/www.repam.net\/es\/#organization"},"image":{"@id":"https:\/\/www.repam.net\/es\/ecuador-iglesia-promueve-el-dialogo-en-medio-de-la-tension\/#primaryimage"},"thumbnailUrl":"https:\/\/www.repam.net\/es\/wp-content\/uploads\/2022\/06\/ecuador-vatican.jpeg","keywords":["Amazon\u00eda","Derechos Humanos","Ecuador","pueblos ind\u00edgenas","Violencia"],"articleSection":["Ecuador","Noticias"],"inLanguage":"es-CO"},{"@type":"WebPage","@id":"https:\/\/www.repam.net\/es\/ecuador-iglesia-promueve-el-dialogo-en-medio-de-la-tension\/","url":"https:\/\/www.repam.net\/es\/ecuador-iglesia-promueve-el-dialogo-en-medio-de-la-tension\/","name":"Ecuador: Iglesia promueve el di\u00e1logo en medio de la tensi\u00f3n - REPAM","isPartOf":{"@id":"https:\/\/www.repam.net\/es\/#website"},"primaryImageOfPage":{"@id":"https:\/\/www.repam.net\/es\/ecuador-iglesia-promueve-el-dialogo-en-medio-de-la-tension\/#primaryimage"},"image":{"@id":"https:\/\/www.repam.net\/es\/ecuador-iglesia-promueve-el-dialogo-en-medio-de-la-tension\/#primaryimage"},"thumbnailUrl":"https:\/\/www.repam.net\/es\/wp-content\/uploads\/2022\/06\/ecuador-vatican.jpeg","datePublished":"2022-06-30T12:40:36+00:00","dateModified":"2022-06-30T12:40:39+00:00","breadcrumb":{"@id":"https:\/\/www.repam.net\/es\/ecuador-iglesia-promueve-el-dialogo-en-medio-de-la-tension\/#breadcrumb"},"inLanguage":"es-CO","potentialAction":[{"@type":"ReadAction","target":["https:\/\/www.repam.net\/es\/ecuador-iglesia-promueve-el-dialogo-en-medio-de-la-tension\/"]}]},{"@type":"ImageObject","inLanguage":"es-CO","@id":"https:\/\/www.repam.net\/es\/ecuador-iglesia-promueve-el-dialogo-en-medio-de-la-tension\/#primaryimage","url":"https:\/\/www.repam.net\/es\/wp-content\/uploads\/2022\/06\/ecuador-vatican.jpeg","contentUrl":"https:\/\/www.repam.net\/es\/wp-content\/uploads\/2022\/06\/ecuador-vatican.jpeg","width":1000,"height":563},{"@type":"BreadcrumbList","@id":"https:\/\/www.repam.net\/es\/ecuador-iglesia-promueve-el-dialogo-en-medio-de-la-tension\/#breadcrumb","itemListElement":[{"@type":"ListItem","position":1,"name":"Inicio","item":"https:\/\/www.repam.net\/es\/"},{"@type":"ListItem","position":2,"name":"Ecuador: Iglesia promueve el di\u00e1logo en medio de la tensi\u00f3n"}]},{"@type":"WebSite","@id":"https:\/\/www.repam.net\/es\/#website","url":"https:\/\/www.repam.net\/es\/","name":"REPAM","description":"Red Eclesial Panamaz\u00f3nica","publisher":{"@id":"https:\/\/www.repam.net\/es\/#organization"},"potentialAction":[{"@type":"SearchAction","target":{"@type":"EntryPoint","urlTemplate":"https:\/\/www.repam.net\/es\/?s={search_term_string}"},"query-input":{"@type":"PropertyValueSpecification","valueRequired":true,"valueName":"search_term_string"}}],"inLanguage":"es-CO"},{"@type":"Organization","@id":"https:\/\/www.repam.net\/es\/#organization","name":"REPAM","url":"https:\/\/www.repam.net\/es\/","logo":{"@type":"ImageObject","inLanguage":"es-CO","@id":"https:\/\/www.repam.net\/es\/#\/schema\/logo\/image\/","url":"https:\/\/www.repam.net\/es\/wp-content\/uploads\/2021\/11\/cropped-favicon.png","contentUrl":"https:\/\/www.repam.net\/es\/wp-content\/uploads\/2021\/11\/cropped-favicon.png","width":512,"height":512,"caption":"REPAM"},"image":{"@id":"https:\/\/www.repam.net\/es\/#\/schema\/logo\/image\/"}},{"@type":"Person","@id":"https:\/\/www.repam.net\/es\/#\/schema\/person\/0c828bf04cf1abe6016cbe752c76a033","name":"repam@adm","image":{"@type":"ImageObject","inLanguage":"es-CO","@id":"https:\/\/secure.gravatar.com\/avatar\/b18234ea6de5d74563e52ca7bfdad9d2b029b514c935b38a2790717abf8f2e5f?s=96&d=mm&r=g","url":"https:\/\/secure.gravatar.com\/avatar\/b18234ea6de5d74563e52ca7bfdad9d2b029b514c935b38a2790717abf8f2e5f?s=96&d=mm&r=g","contentUrl":"https:\/\/secure.gravatar.com\/avatar\/b18234ea6de5d74563e52ca7bfdad9d2b029b514c935b38a2790717abf8f2e5f?s=96&d=mm&r=g","caption":"repam@adm"},"sameAs":["http:\/\/repam.net"],"url":"https:\/\/www.repam.net\/es\/author\/repamadm\/"}]}},"_links":{"self":[{"href":"https:\/\/www.repam.net\/es\/wp-json\/wp\/v2\/posts\/7582","targetHints":{"allow":["GET"]}}],"collection":[{"href":"https:\/\/www.repam.net\/es\/wp-json\/wp\/v2\/posts"}],"about":[{"href":"https:\/\/www.repam.net\/es\/wp-json\/wp\/v2\/types\/post"}],"author":[{"embeddable":true,"href":"https:\/\/www.repam.net\/es\/wp-json\/wp\/v2\/users\/1"}],"replies":[{"embeddable":true,"href":"https:\/\/www.repam.net\/es\/wp-json\/wp\/v2\/comments?post=7582"}],"version-history":[{"count":1,"href":"https:\/\/www.repam.net\/es\/wp-json\/wp\/v2\/posts\/7582\/revisions"}],"predecessor-version":[{"id":7584,"href":"https:\/\/www.repam.net\/es\/wp-json\/wp\/v2\/posts\/7582\/revisions\/7584"}],"wp:featuredmedia":[{"embeddable":true,"href":"https:\/\/www.repam.net\/es\/wp-json\/wp\/v2\/media\/7583"}],"wp:attachment":[{"href":"https:\/\/www.repam.net\/es\/wp-json\/wp\/v2\/media?parent=7582"}],"wp:term":[{"taxonomy":"category","embeddable":true,"href":"https:\/\/www.repam.net\/es\/wp-json\/wp\/v2\/categories?post=7582"},{"taxonomy":"post_tag","embeddable":true,"href":"https:\/\/www.repam.net\/es\/wp-json\/wp\/v2\/tags?post=7582"}],"curies":[{"name":"wp","href":"https:\/\/api.w.org\/{rel}","templated":true}]}}