{"id":8147,"date":"2022-08-09T13:36:50","date_gmt":"2022-08-09T18:36:50","guid":{"rendered":"https:\/\/www.repam.net\/es\/?p=8147"},"modified":"2022-08-09T13:53:43","modified_gmt":"2022-08-09T18:53:43","slug":"intervencion-de-la-repam-en-la-oea-en-el-dia-internacional-de-los-pueblos-indigenas","status":"publish","type":"post","link":"https:\/\/www.repam.net\/es\/intervencion-de-la-repam-en-la-oea-en-el-dia-internacional-de-los-pueblos-indigenas\/","title":{"rendered":"Intervenci\u00f3n de la REPAM en la OEA en el D\u00eda Internacional de los Pueblos Ind\u00edgenas"},"content":{"rendered":"<div class=\"wp-block-image\">\n<figure class=\"aligncenter size-full\"><img loading=\"lazy\" decoding=\"async\" width=\"927\" height=\"594\" src=\"https:\/\/www.repam.net\/es\/wp-content\/uploads\/2022\/08\/Lily-Calderon-Escuela-DDHH-REPAM-2.jpg\" alt=\"\" class=\"wp-image-8152\" srcset=\"https:\/\/www.repam.net\/es\/wp-content\/uploads\/2022\/08\/Lily-Calderon-Escuela-DDHH-REPAM-2.jpg 927w, https:\/\/www.repam.net\/es\/wp-content\/uploads\/2022\/08\/Lily-Calderon-Escuela-DDHH-REPAM-2-300x192.jpg 300w, https:\/\/www.repam.net\/es\/wp-content\/uploads\/2022\/08\/Lily-Calderon-Escuela-DDHH-REPAM-2-768x492.jpg 768w\" sizes=\"auto, (max-width: 927px) 100vw, 927px\" \/><figcaption>Lily Calder\u00f3n en la Escuela de Derechos Humanos de la REPAM &#8211; Foto: Tadeu Rocha\/REPAM<\/figcaption><\/figure>\n<\/div>\n\n\n<blockquote class=\"wp-block-quote is-layout-flow wp-block-quote-is-layout-flow\"><p>Discurso de Lily Calder\u00f3n<sup><mark style=\"background-color:rgba(0, 0, 0, 0)\" class=\"has-inline-color has-vivid-red-color\">1<\/mark><\/sup>, de la Red Eclesial Panamaz\u00f3nica (REPAM) en el Consejo Permanente de la Organizaci\u00f3n de los Estados Americanos (OEA) en la conmemoraci\u00f3n del D\u00eda Internacional de los Pueblos Ind\u00edgenas y de la Semana Interamericana de los Pueblos Ind\u00edgenas<\/p><\/blockquote>\n\n\n\n<div class=\"wp-block-columns is-layout-flex wp-container-core-columns-is-layout-9d6595d7 wp-block-columns-is-layout-flex\">\n<div class=\"wp-block-column is-layout-flow wp-block-column-is-layout-flow\"><\/div>\n\n\n\n<div class=\"wp-block-column is-layout-flow wp-block-column-is-layout-flow\"><\/div>\n\n\n\n<div class=\"wp-block-column is-layout-flow wp-block-column-is-layout-flow\">\n<p class=\"has-text-align-right\"><em>Manaus, Brasil, 9 de agosto de 2022<\/em><\/p>\n<\/div>\n<\/div>\n\n\n\n<div class=\"wp-block-group\"><div class=\"wp-block-group__inner-container is-layout-flow wp-block-group-is-layout-flow\">\n<div class=\"wp-block-group\"><div class=\"wp-block-group__inner-container is-layout-flow wp-block-group-is-layout-flow\">\n<ul class=\"wp-block-list\"><li><em>Se\u00f1ora Presidenta<\/em>,<\/li><li><em>Se\u00f1or Secretario General de la OEA<\/em>,<\/li><li><em>Se\u00f1ora Relatora de la CIDH para las cuestiones ind\u00edgenas<\/em><\/li><li><em>Autoridades que me antecedieron y representan a los distintos Gobiernos, participantes que conforman nuestra gran Am\u00e9rica,<\/em><\/li><\/ul>\n<\/div><\/div>\n<\/div><\/div>\n\n\n\n<p>Tengan todos ustedes buenos d\u00edas.<\/p>\n\n\n\n<p>En este d\u00eda tan significativo para los pueblos ind\u00edgenas, es un honor trasladar desde la Red Eclesial Panamaz\u00f3nica \u2013 REPAM, la voz de los pueblos originarios y compartir el abrazo solidario y fraterno de los nueve pa\u00edses latinoamericanos donde nuestra Red articula esfuerzos y acompa\u00f1a procesos de lucha.<strong><u><\/u><\/strong><\/p>\n\n\n\n<p><em>\u201cLa Iglesia no est\u00e1 en la Amazon\u00eda como quien tiene hechas las maletas para irse despu\u00e9s de explotarla. Desde el principio est\u00e1 presente en ella con misioneros, congregaciones <\/em>religiosas<em>, sacerdotes, laicos y obispos, y su presencia es determinante para el futuro de la zona\u201d<\/em>(Papa Francisco en R\u00edo de Janeiro, 27\/07\/2013), y, eliminar las desigualdades hist\u00f3ricas, sobre todo, erradicar la discriminaci\u00f3n de las mujeres, reconociendo el papel que hemos ocupado siempre en la sociedad.<\/p>\n\n\n\n<h5 class=\"wp-block-heading\"><strong>Desaf\u00edos y misi\u00f3n de la Red<\/strong><\/h5>\n\n\n\n<p>La Pan-Amazon\u00eda presenta numerosos y complejos desaf\u00edos. Esta porci\u00f3n de la tierra es el bioma donde se expresa la vida en su mega diversidad como don de Dios para todos. Sin embargo, es un territorio cada vez m\u00e1s devastado y amenazado. Los grandes proyectos extractivos, los monocultivos y el cambio clim\u00e1tico ponen en grave riesgo el entorno natural, amenazan la dignidad y la autodeterminaci\u00f3n de los pueblos. El papa Francisco nos ofrece en esta perspectiva una orientaci\u00f3n precisa: <em>\u201cNuestra vocaci\u00f3n es custodiar toda la creaci\u00f3n, respeto por todas las criaturas de Dios y por el entorno en el que vivimos\u201d.<\/em><\/p>\n\n\n\n<figure class=\"wp-block-embed aligncenter is-type-rich is-provider-twitter wp-block-embed-twitter\"><div class=\"wp-block-embed__wrapper\">\n<blockquote class=\"twitter-tweet\" data-width=\"500\" data-dnt=\"true\"><p lang=\"es\" dir=\"ltr\">Palabras de la representante de <a href=\"https:\/\/twitter.com\/repam_amazonia?ref_src=twsrc%5Etfw\">@repam_amazonia<\/a> Lily Calder\u00f3n al Consejo Permanente de la <a href=\"https:\/\/twitter.com\/hashtag\/OEA?src=hash&amp;ref_src=twsrc%5Etfw\">#OEA<\/a> en la conmemoraci\u00f3n del <a href=\"https:\/\/twitter.com\/hashtag\/D%C3%ADaInd%C3%ADgena?src=hash&amp;ref_src=twsrc%5Etfw\">#D\u00edaInd\u00edgena<\/a> y Semana Interamericana de los <a href=\"https:\/\/twitter.com\/hashtag\/PueblosIndigenas?src=hash&amp;ref_src=twsrc%5Etfw\">#PueblosIndigenas<\/a> <a href=\"https:\/\/t.co\/YEWakr5jor\">pic.twitter.com\/YEWakr5jor<\/a><\/p>&mdash; OEA (@OEA_oficial) <a href=\"https:\/\/twitter.com\/OEA_oficial\/status\/1557028804194963457?ref_src=twsrc%5Etfw\">August 9, 2022<\/a><\/blockquote><script async src=\"https:\/\/platform.twitter.com\/widgets.js\" charset=\"utf-8\"><\/script>\n<\/div><\/figure>\n\n\n\n<p>Asumimos entonces como misi\u00f3n: \u201c<em>Crear conciencia en las Am\u00e9ricas sobre la importancia de la Amazon\u00eda para toda la humanidad <\/em>(DA 475) y el rol esencial de los pueblos ind\u00edgenas y afrodescendientes, especialmente el rol de la mujer en la protecci\u00f3n&nbsp;de&nbsp;la vida&nbsp;de&nbsp;todos los seres que habitamos el planeta.<\/p>\n\n\n\n<h5 class=\"wp-block-heading\"><strong>Defensa de los Derechos Humanos<\/strong><strong><\/strong><\/h5>\n\n\n\n<p>Hoy, el desaf\u00edo es a\u00fan mayor, ya que el modelo de desarrollo centrado en el consumo ha generado una presi\u00f3n nunca antes vista sobre el territorio Pan-amaz\u00f3nico. Ante esta presi\u00f3n, respondemos desde el 2016 con la implementaci\u00f3n de ESCUELAS PARA LA PROMOCION, DEFENSA Y EXIGIBILIAD DE LOS DERECHOS HUMANOS, en las que intentamos reunir a todos los l\u00edderes y lideresas de los 9 pa\u00edses pan amaz\u00f3nicos para que se pueden formar en derechos. Este a\u00f1o acabamos de culminar en Manaus- Brasil la tercera edici\u00f3n, en la que han participado 26 l\u00edderes y lideresas de 6 pa\u00edses.<\/p>\n\n\n<div class=\"wp-block-image\">\n<figure class=\"aligncenter size-large\"><img loading=\"lazy\" decoding=\"async\" width=\"1024\" height=\"682\" src=\"https:\/\/www.repam.net\/es\/wp-content\/uploads\/2022\/08\/Lily-Calderon-Escuela-DD.HH_.-1024x682.jpeg\" alt=\"\" class=\"wp-image-8123\" srcset=\"https:\/\/www.repam.net\/es\/wp-content\/uploads\/2022\/08\/Lily-Calderon-Escuela-DD.HH_.-1024x682.jpeg 1024w, https:\/\/www.repam.net\/es\/wp-content\/uploads\/2022\/08\/Lily-Calderon-Escuela-DD.HH_.-300x200.jpeg 300w, https:\/\/www.repam.net\/es\/wp-content\/uploads\/2022\/08\/Lily-Calderon-Escuela-DD.HH_.-768x512.jpeg 768w, https:\/\/www.repam.net\/es\/wp-content\/uploads\/2022\/08\/Lily-Calderon-Escuela-DD.HH_..jpeg 1280w\" sizes=\"auto, (max-width: 1024px) 100vw, 1024px\" \/><figcaption>Escuela de Derechos Humanos de la REPAM 2022 &#8211; Foto: Tadeu Rocha\/REPAM<\/figcaption><\/figure>\n<\/div>\n\n\n<p>Entonces, como Red tenemos el compromiso con la defensa de los derechos humanos y particularmente de los derechos de los pueblos ind\u00edgenas, ribere\u00f1os, pobladores urbanos y afro-descendientes; El respeto y cuidado por el medio ambiente en la Amazon\u00eda;\u00a0 La incidencia en pol\u00edticas p\u00fablicas de car\u00e1cter local, nacional e internacional a favor de la Pan-Amazon\u00eda y de los diversos territorios amaz\u00f3nicos; El an\u00e1lisis del contexto, de la realidad y de la coyuntura pan-amaz\u00f3nica mediante la publicaci\u00f3n de INFORMES REGIONALES PANAMAZONICOS\u00a0 producto de las ESCUELAS, en la que plasmamos\u00a0 propuestas de desarrollo con el fin de buscar\u00a0 en conjunto con\u00a0 nuestras comunidades y pueblos, soluciones que dignifiquen sus vidas.<\/p>\n\n\n\n<p>Este a\u00f1o, como todos los a\u00f1os, hemos garantizado que las comunidades ind\u00edgenas tengan una participaci\u00f3n plena en el FORO PERMANENTE PARA LAS CUESTIONES INDIGENAS DE NACIONES UNIDAS. En este foro, en conjunto con la CIDH presentamos nuestro SEGUNDO INFORME REGIONAL DE VULNERACION DE LOS DERECHOS HUMANOS EN LA PANAMAZONIA Y EL DE LIBRE DETERMINACI\u00d3N DE LA PROPIA COMISI\u00d3N, en ambos se detallan la grave situaci\u00f3n de nuestros hermanos ind\u00edgenas.<\/p>\n\n\n\n<h5 class=\"wp-block-heading\"><strong>Declaraci\u00f3n Conjunta OEA-REPAM<\/strong><\/h5>\n\n\n\n<p>Desde su fundaci\u00f3n en 2014, nuestra RED ha ido creando acuerdos y convenios con diversos espacios: la CIDH, relator\u00edas de Naciones Unidas\u2026 para as\u00ed poder unir fuerzas en la lucha contra las vulneraciones de los DDHH, colectivos y de la naturaleza. Una gran noticia es que, en el d\u00eda de ayer 8 de agosto, acabamos de firmar una DECLARACI\u00d3N\u00a0\u00a0 CONJUNTA SOBRE LA PROTECCION DE LA AMAZONIA Y SUS PUEBLOS INDIGENAS, QUILOMBOLAS Y RIBERE\u00d1OS CON LA ORGANIZACI\u00d3N DE ESTADOS AMERICANOS.<\/p>\n\n\n<div class=\"wp-block-image\">\n<figure class=\"aligncenter size-large\"><img loading=\"lazy\" decoding=\"async\" width=\"1600\" height=\"900\" src=\"https:\/\/www.repam.net\/es\/wp-content\/uploads\/2022\/08\/OEA-edited-2.jpeg\" alt=\"\" class=\"wp-image-8150\" srcset=\"https:\/\/www.repam.net\/es\/wp-content\/uploads\/2022\/08\/OEA-edited-2.jpeg 1600w, https:\/\/www.repam.net\/es\/wp-content\/uploads\/2022\/08\/OEA-edited-2-300x169.jpeg 300w, https:\/\/www.repam.net\/es\/wp-content\/uploads\/2022\/08\/OEA-edited-2-1024x576.jpeg 1024w, https:\/\/www.repam.net\/es\/wp-content\/uploads\/2022\/08\/OEA-edited-2-768x432.jpeg 768w, https:\/\/www.repam.net\/es\/wp-content\/uploads\/2022\/08\/OEA-edited-2-1536x864.jpeg 1536w\" sizes=\"auto, (max-width: 1600px) 100vw, 1600px\" \/><figcaption>Visita de la REPAM a la OEA el 2 de mayo de 2022 &#8211; Foto: Archivo OEA<\/figcaption><\/figure>\n<\/div>\n\n\n<p>Se\u00f1al que existe el compromiso y la profunda preocupaci\u00f3n por los pueblos que conforman nuestra Am\u00e9rica. Dentro de la misma se incluyen propuestas para los Estados hoy aqu\u00ed presentes: la ratificaci\u00f3n e implementaci\u00f3n del ACUERDO DE ESCAZU, que se garantice el territorio y cuanto recurso existe sobre \u00e9l; la salud, el acceso al agua limpia y la participaci\u00f3n plena. Asimismo, en igual sentido, se acojan todas las recomendaciones incluidas en nuestro 2\u00ba Informe de vulneraci\u00f3n de DDHH, descrito en l\u00edneas anteriores.<\/p>\n\n\n\n<p>Nos esforzamos cada d\u00eda para estar en las peque\u00f1as luchas y esperanzas de los pueblos y comunidades ind\u00edgenas, con quienes queremos echar nuestra suerte.<\/p>\n\n\n\n<p>\u00a1Para que todos los d\u00edas sea 9 de agosto! <\/p>\n\n\n\n<p>Muchas gracias; Thanks Very Mach; Sullpay; Obrigada.<\/p>\n\n\n\n<hr class=\"wp-block-separator has-alpha-channel-opacity\"\/>\n\n\n\n<p><em><strong><mark style=\"background-color:rgba(0, 0, 0, 0)\" class=\"has-inline-color has-vivid-red-color\">1.<\/mark> Lily Calder\u00f3n Ramos es abogada y especialista en Derecho Ambiental, Profesora universitaria, miembro de la Red Eclesial Panamaz\u00f3nica &#8211; REPAM como coordinadora de Derechos Humanos.<\/strong><\/em><\/p>\n","protected":false},"excerpt":{"rendered":"<p>Discurso de Lily Calder\u00f3n1, de la Red Eclesial Panamaz\u00f3nica (REPAM) en el Consejo Permanente de la Organizaci\u00f3n de los Estados Americanos (OEA) en la conmemoraci\u00f3n del D\u00eda Internacional de los Pueblos Ind\u00edgenas y de la Semana Interamericana de los Pueblos Ind\u00edgenas Manaus, Brasil, 9 de agosto de 2022 Se\u00f1ora Presidenta, Se\u00f1or Secretario General de la [&hellip;]<\/p>\n","protected":false},"author":1,"featured_media":8152,"comment_status":"closed","ping_status":"closed","sticky":false,"template":"","format":"standard","meta":{"_acf_changed":false,"_uf_show_specific_survey":0,"_uf_disable_surveys":false,"footnotes":""},"categories":[4,32,21],"tags":[52,691,1011,9],"class_list":["post-8147","post","type-post","status-publish","format-standard","has-post-thumbnail","hentry","category-noticias","category-pueblos-indigenas","category-repam","tag-derechos-humanos","tag-dia-de-los-pueblos-indigenas","tag-oea","tag-repam"],"acf":[],"aioseo_notices":[],"yoast_head":"<!-- This site is optimized with the Yoast SEO plugin v27.5 - https:\/\/yoast.com\/product\/yoast-seo-wordpress\/ -->\n<title>Intervenci\u00f3n de la REPAM en la OEA en el D\u00eda Internacional de los Pueblos Ind\u00edgenas - REPAM<\/title>\n<meta name=\"robots\" content=\"index, follow, max-snippet:-1, max-image-preview:large, max-video-preview:-1\" \/>\n<link rel=\"canonical\" href=\"https:\/\/www.repam.net\/es\/intervencion-de-la-repam-en-la-oea-en-el-dia-internacional-de-los-pueblos-indigenas\/\" \/>\n<meta property=\"og:locale\" content=\"es_ES\" \/>\n<meta property=\"og:type\" content=\"article\" \/>\n<meta property=\"og:title\" content=\"Intervenci\u00f3n de la REPAM en la OEA en el D\u00eda Internacional de los Pueblos Ind\u00edgenas - REPAM\" \/>\n<meta property=\"og:description\" content=\"Discurso de Lily Calder\u00f3n1, de la Red Eclesial Panamaz\u00f3nica (REPAM) en el Consejo Permanente de la Organizaci\u00f3n de los Estados Americanos (OEA) en la conmemoraci\u00f3n del D\u00eda Internacional de los Pueblos Ind\u00edgenas y de la Semana Interamericana de los Pueblos Ind\u00edgenas Manaus, Brasil, 9 de agosto de 2022 Se\u00f1ora Presidenta, Se\u00f1or Secretario General de la [&hellip;]\" \/>\n<meta property=\"og:url\" content=\"https:\/\/www.repam.net\/es\/intervencion-de-la-repam-en-la-oea-en-el-dia-internacional-de-los-pueblos-indigenas\/\" \/>\n<meta property=\"og:site_name\" content=\"REPAM\" \/>\n<meta property=\"article:published_time\" content=\"2022-08-09T18:36:50+00:00\" \/>\n<meta property=\"article:modified_time\" content=\"2022-08-09T18:53:43+00:00\" \/>\n<meta property=\"og:image\" content=\"https:\/\/www.repam.net\/es\/wp-content\/uploads\/2022\/08\/Lily-Calderon-Escuela-DDHH-REPAM-2.jpg\" \/>\n\t<meta property=\"og:image:width\" content=\"927\" \/>\n\t<meta property=\"og:image:height\" content=\"594\" \/>\n\t<meta property=\"og:image:type\" content=\"image\/jpeg\" \/>\n<meta name=\"author\" content=\"repam@adm\" \/>\n<meta name=\"twitter:card\" content=\"summary_large_image\" \/>\n<meta name=\"twitter:label1\" content=\"Escrito por\" \/>\n\t<meta name=\"twitter:data1\" content=\"repam@adm\" \/>\n\t<meta name=\"twitter:label2\" content=\"Tiempo de lectura\" \/>\n\t<meta name=\"twitter:data2\" content=\"5 minutos\" \/>\n<script type=\"application\/ld+json\" class=\"yoast-schema-graph\">{\"@context\":\"https:\\\/\\\/schema.org\",\"@graph\":[{\"@type\":\"Article\",\"@id\":\"https:\\\/\\\/www.repam.net\\\/es\\\/intervencion-de-la-repam-en-la-oea-en-el-dia-internacional-de-los-pueblos-indigenas\\\/#article\",\"isPartOf\":{\"@id\":\"https:\\\/\\\/www.repam.net\\\/es\\\/intervencion-de-la-repam-en-la-oea-en-el-dia-internacional-de-los-pueblos-indigenas\\\/\"},\"author\":{\"name\":\"repam@adm\",\"@id\":\"https:\\\/\\\/www.repam.net\\\/es\\\/#\\\/schema\\\/person\\\/0c828bf04cf1abe6016cbe752c76a033\"},\"headline\":\"Intervenci\u00f3n de la REPAM en la OEA en el D\u00eda Internacional de los Pueblos Ind\u00edgenas\",\"datePublished\":\"2022-08-09T18:36:50+00:00\",\"dateModified\":\"2022-08-09T18:53:43+00:00\",\"mainEntityOfPage\":{\"@id\":\"https:\\\/\\\/www.repam.net\\\/es\\\/intervencion-de-la-repam-en-la-oea-en-el-dia-internacional-de-los-pueblos-indigenas\\\/\"},\"wordCount\":1020,\"publisher\":{\"@id\":\"https:\\\/\\\/www.repam.net\\\/es\\\/#organization\"},\"image\":{\"@id\":\"https:\\\/\\\/www.repam.net\\\/es\\\/intervencion-de-la-repam-en-la-oea-en-el-dia-internacional-de-los-pueblos-indigenas\\\/#primaryimage\"},\"thumbnailUrl\":\"https:\\\/\\\/www.repam.net\\\/es\\\/wp-content\\\/uploads\\\/2022\\\/08\\\/Lily-Calderon-Escuela-DDHH-REPAM-2.jpg\",\"keywords\":[\"Derechos Humanos\",\"d\u00eda de los pueblos ind\u00edgenas\",\"OEA\",\"REPAM\"],\"articleSection\":[\"Noticias\",\"Pueblos Ind\u00edgenas\",\"REPAM\"],\"inLanguage\":\"es-CO\"},{\"@type\":\"WebPage\",\"@id\":\"https:\\\/\\\/www.repam.net\\\/es\\\/intervencion-de-la-repam-en-la-oea-en-el-dia-internacional-de-los-pueblos-indigenas\\\/\",\"url\":\"https:\\\/\\\/www.repam.net\\\/es\\\/intervencion-de-la-repam-en-la-oea-en-el-dia-internacional-de-los-pueblos-indigenas\\\/\",\"name\":\"Intervenci\u00f3n de la REPAM en la OEA en el D\u00eda Internacional de los Pueblos Ind\u00edgenas - REPAM\",\"isPartOf\":{\"@id\":\"https:\\\/\\\/www.repam.net\\\/es\\\/#website\"},\"primaryImageOfPage\":{\"@id\":\"https:\\\/\\\/www.repam.net\\\/es\\\/intervencion-de-la-repam-en-la-oea-en-el-dia-internacional-de-los-pueblos-indigenas\\\/#primaryimage\"},\"image\":{\"@id\":\"https:\\\/\\\/www.repam.net\\\/es\\\/intervencion-de-la-repam-en-la-oea-en-el-dia-internacional-de-los-pueblos-indigenas\\\/#primaryimage\"},\"thumbnailUrl\":\"https:\\\/\\\/www.repam.net\\\/es\\\/wp-content\\\/uploads\\\/2022\\\/08\\\/Lily-Calderon-Escuela-DDHH-REPAM-2.jpg\",\"datePublished\":\"2022-08-09T18:36:50+00:00\",\"dateModified\":\"2022-08-09T18:53:43+00:00\",\"breadcrumb\":{\"@id\":\"https:\\\/\\\/www.repam.net\\\/es\\\/intervencion-de-la-repam-en-la-oea-en-el-dia-internacional-de-los-pueblos-indigenas\\\/#breadcrumb\"},\"inLanguage\":\"es-CO\",\"potentialAction\":[{\"@type\":\"ReadAction\",\"target\":[\"https:\\\/\\\/www.repam.net\\\/es\\\/intervencion-de-la-repam-en-la-oea-en-el-dia-internacional-de-los-pueblos-indigenas\\\/\"]}]},{\"@type\":\"ImageObject\",\"inLanguage\":\"es-CO\",\"@id\":\"https:\\\/\\\/www.repam.net\\\/es\\\/intervencion-de-la-repam-en-la-oea-en-el-dia-internacional-de-los-pueblos-indigenas\\\/#primaryimage\",\"url\":\"https:\\\/\\\/www.repam.net\\\/es\\\/wp-content\\\/uploads\\\/2022\\\/08\\\/Lily-Calderon-Escuela-DDHH-REPAM-2.jpg\",\"contentUrl\":\"https:\\\/\\\/www.repam.net\\\/es\\\/wp-content\\\/uploads\\\/2022\\\/08\\\/Lily-Calderon-Escuela-DDHH-REPAM-2.jpg\",\"width\":927,\"height\":594},{\"@type\":\"BreadcrumbList\",\"@id\":\"https:\\\/\\\/www.repam.net\\\/es\\\/intervencion-de-la-repam-en-la-oea-en-el-dia-internacional-de-los-pueblos-indigenas\\\/#breadcrumb\",\"itemListElement\":[{\"@type\":\"ListItem\",\"position\":1,\"name\":\"Inicio\",\"item\":\"https:\\\/\\\/www.repam.net\\\/es\\\/\"},{\"@type\":\"ListItem\",\"position\":2,\"name\":\"Intervenci\u00f3n de la REPAM en la OEA en el D\u00eda Internacional de los Pueblos Ind\u00edgenas\"}]},{\"@type\":\"WebSite\",\"@id\":\"https:\\\/\\\/www.repam.net\\\/es\\\/#website\",\"url\":\"https:\\\/\\\/www.repam.net\\\/es\\\/\",\"name\":\"REPAM\",\"description\":\"Red Eclesial Panamaz\u00f3nica\",\"publisher\":{\"@id\":\"https:\\\/\\\/www.repam.net\\\/es\\\/#organization\"},\"potentialAction\":[{\"@type\":\"SearchAction\",\"target\":{\"@type\":\"EntryPoint\",\"urlTemplate\":\"https:\\\/\\\/www.repam.net\\\/es\\\/?s={search_term_string}\"},\"query-input\":{\"@type\":\"PropertyValueSpecification\",\"valueRequired\":true,\"valueName\":\"search_term_string\"}}],\"inLanguage\":\"es-CO\"},{\"@type\":\"Organization\",\"@id\":\"https:\\\/\\\/www.repam.net\\\/es\\\/#organization\",\"name\":\"REPAM\",\"url\":\"https:\\\/\\\/www.repam.net\\\/es\\\/\",\"logo\":{\"@type\":\"ImageObject\",\"inLanguage\":\"es-CO\",\"@id\":\"https:\\\/\\\/www.repam.net\\\/es\\\/#\\\/schema\\\/logo\\\/image\\\/\",\"url\":\"https:\\\/\\\/www.repam.net\\\/es\\\/wp-content\\\/uploads\\\/2021\\\/11\\\/cropped-favicon.png\",\"contentUrl\":\"https:\\\/\\\/www.repam.net\\\/es\\\/wp-content\\\/uploads\\\/2021\\\/11\\\/cropped-favicon.png\",\"width\":512,\"height\":512,\"caption\":\"REPAM\"},\"image\":{\"@id\":\"https:\\\/\\\/www.repam.net\\\/es\\\/#\\\/schema\\\/logo\\\/image\\\/\"}},{\"@type\":\"Person\",\"@id\":\"https:\\\/\\\/www.repam.net\\\/es\\\/#\\\/schema\\\/person\\\/0c828bf04cf1abe6016cbe752c76a033\",\"name\":\"repam@adm\",\"image\":{\"@type\":\"ImageObject\",\"inLanguage\":\"es-CO\",\"@id\":\"https:\\\/\\\/secure.gravatar.com\\\/avatar\\\/b18234ea6de5d74563e52ca7bfdad9d2b029b514c935b38a2790717abf8f2e5f?s=96&d=mm&r=g\",\"url\":\"https:\\\/\\\/secure.gravatar.com\\\/avatar\\\/b18234ea6de5d74563e52ca7bfdad9d2b029b514c935b38a2790717abf8f2e5f?s=96&d=mm&r=g\",\"contentUrl\":\"https:\\\/\\\/secure.gravatar.com\\\/avatar\\\/b18234ea6de5d74563e52ca7bfdad9d2b029b514c935b38a2790717abf8f2e5f?s=96&d=mm&r=g\",\"caption\":\"repam@adm\"},\"sameAs\":[\"http:\\\/\\\/repam.net\"],\"url\":\"https:\\\/\\\/www.repam.net\\\/es\\\/author\\\/repamadm\\\/\"}]}<\/script>\n<!-- \/ Yoast SEO plugin. -->","yoast_head_json":{"title":"Intervenci\u00f3n de la REPAM en la OEA en el D\u00eda Internacional de los Pueblos Ind\u00edgenas - REPAM","robots":{"index":"index","follow":"follow","max-snippet":"max-snippet:-1","max-image-preview":"max-image-preview:large","max-video-preview":"max-video-preview:-1"},"canonical":"https:\/\/www.repam.net\/es\/intervencion-de-la-repam-en-la-oea-en-el-dia-internacional-de-los-pueblos-indigenas\/","og_locale":"es_ES","og_type":"article","og_title":"Intervenci\u00f3n de la REPAM en la OEA en el D\u00eda Internacional de los Pueblos Ind\u00edgenas - REPAM","og_description":"Discurso de Lily Calder\u00f3n1, de la Red Eclesial Panamaz\u00f3nica (REPAM) en el Consejo Permanente de la Organizaci\u00f3n de los Estados Americanos (OEA) en la conmemoraci\u00f3n del D\u00eda Internacional de los Pueblos Ind\u00edgenas y de la Semana Interamericana de los Pueblos Ind\u00edgenas Manaus, Brasil, 9 de agosto de 2022 Se\u00f1ora Presidenta, Se\u00f1or Secretario General de la [&hellip;]","og_url":"https:\/\/www.repam.net\/es\/intervencion-de-la-repam-en-la-oea-en-el-dia-internacional-de-los-pueblos-indigenas\/","og_site_name":"REPAM","article_published_time":"2022-08-09T18:36:50+00:00","article_modified_time":"2022-08-09T18:53:43+00:00","og_image":[{"width":927,"height":594,"url":"https:\/\/www.repam.net\/es\/wp-content\/uploads\/2022\/08\/Lily-Calderon-Escuela-DDHH-REPAM-2.jpg","type":"image\/jpeg"}],"author":"repam@adm","twitter_card":"summary_large_image","twitter_misc":{"Escrito por":"repam@adm","Tiempo de lectura":"5 minutos"},"schema":{"@context":"https:\/\/schema.org","@graph":[{"@type":"Article","@id":"https:\/\/www.repam.net\/es\/intervencion-de-la-repam-en-la-oea-en-el-dia-internacional-de-los-pueblos-indigenas\/#article","isPartOf":{"@id":"https:\/\/www.repam.net\/es\/intervencion-de-la-repam-en-la-oea-en-el-dia-internacional-de-los-pueblos-indigenas\/"},"author":{"name":"repam@adm","@id":"https:\/\/www.repam.net\/es\/#\/schema\/person\/0c828bf04cf1abe6016cbe752c76a033"},"headline":"Intervenci\u00f3n de la REPAM en la OEA en el D\u00eda Internacional de los Pueblos Ind\u00edgenas","datePublished":"2022-08-09T18:36:50+00:00","dateModified":"2022-08-09T18:53:43+00:00","mainEntityOfPage":{"@id":"https:\/\/www.repam.net\/es\/intervencion-de-la-repam-en-la-oea-en-el-dia-internacional-de-los-pueblos-indigenas\/"},"wordCount":1020,"publisher":{"@id":"https:\/\/www.repam.net\/es\/#organization"},"image":{"@id":"https:\/\/www.repam.net\/es\/intervencion-de-la-repam-en-la-oea-en-el-dia-internacional-de-los-pueblos-indigenas\/#primaryimage"},"thumbnailUrl":"https:\/\/www.repam.net\/es\/wp-content\/uploads\/2022\/08\/Lily-Calderon-Escuela-DDHH-REPAM-2.jpg","keywords":["Derechos Humanos","d\u00eda de los pueblos ind\u00edgenas","OEA","REPAM"],"articleSection":["Noticias","Pueblos Ind\u00edgenas","REPAM"],"inLanguage":"es-CO"},{"@type":"WebPage","@id":"https:\/\/www.repam.net\/es\/intervencion-de-la-repam-en-la-oea-en-el-dia-internacional-de-los-pueblos-indigenas\/","url":"https:\/\/www.repam.net\/es\/intervencion-de-la-repam-en-la-oea-en-el-dia-internacional-de-los-pueblos-indigenas\/","name":"Intervenci\u00f3n de la REPAM en la OEA en el D\u00eda Internacional de los Pueblos Ind\u00edgenas - REPAM","isPartOf":{"@id":"https:\/\/www.repam.net\/es\/#website"},"primaryImageOfPage":{"@id":"https:\/\/www.repam.net\/es\/intervencion-de-la-repam-en-la-oea-en-el-dia-internacional-de-los-pueblos-indigenas\/#primaryimage"},"image":{"@id":"https:\/\/www.repam.net\/es\/intervencion-de-la-repam-en-la-oea-en-el-dia-internacional-de-los-pueblos-indigenas\/#primaryimage"},"thumbnailUrl":"https:\/\/www.repam.net\/es\/wp-content\/uploads\/2022\/08\/Lily-Calderon-Escuela-DDHH-REPAM-2.jpg","datePublished":"2022-08-09T18:36:50+00:00","dateModified":"2022-08-09T18:53:43+00:00","breadcrumb":{"@id":"https:\/\/www.repam.net\/es\/intervencion-de-la-repam-en-la-oea-en-el-dia-internacional-de-los-pueblos-indigenas\/#breadcrumb"},"inLanguage":"es-CO","potentialAction":[{"@type":"ReadAction","target":["https:\/\/www.repam.net\/es\/intervencion-de-la-repam-en-la-oea-en-el-dia-internacional-de-los-pueblos-indigenas\/"]}]},{"@type":"ImageObject","inLanguage":"es-CO","@id":"https:\/\/www.repam.net\/es\/intervencion-de-la-repam-en-la-oea-en-el-dia-internacional-de-los-pueblos-indigenas\/#primaryimage","url":"https:\/\/www.repam.net\/es\/wp-content\/uploads\/2022\/08\/Lily-Calderon-Escuela-DDHH-REPAM-2.jpg","contentUrl":"https:\/\/www.repam.net\/es\/wp-content\/uploads\/2022\/08\/Lily-Calderon-Escuela-DDHH-REPAM-2.jpg","width":927,"height":594},{"@type":"BreadcrumbList","@id":"https:\/\/www.repam.net\/es\/intervencion-de-la-repam-en-la-oea-en-el-dia-internacional-de-los-pueblos-indigenas\/#breadcrumb","itemListElement":[{"@type":"ListItem","position":1,"name":"Inicio","item":"https:\/\/www.repam.net\/es\/"},{"@type":"ListItem","position":2,"name":"Intervenci\u00f3n de la REPAM en la OEA en el D\u00eda Internacional de los Pueblos Ind\u00edgenas"}]},{"@type":"WebSite","@id":"https:\/\/www.repam.net\/es\/#website","url":"https:\/\/www.repam.net\/es\/","name":"REPAM","description":"Red Eclesial Panamaz\u00f3nica","publisher":{"@id":"https:\/\/www.repam.net\/es\/#organization"},"potentialAction":[{"@type":"SearchAction","target":{"@type":"EntryPoint","urlTemplate":"https:\/\/www.repam.net\/es\/?s={search_term_string}"},"query-input":{"@type":"PropertyValueSpecification","valueRequired":true,"valueName":"search_term_string"}}],"inLanguage":"es-CO"},{"@type":"Organization","@id":"https:\/\/www.repam.net\/es\/#organization","name":"REPAM","url":"https:\/\/www.repam.net\/es\/","logo":{"@type":"ImageObject","inLanguage":"es-CO","@id":"https:\/\/www.repam.net\/es\/#\/schema\/logo\/image\/","url":"https:\/\/www.repam.net\/es\/wp-content\/uploads\/2021\/11\/cropped-favicon.png","contentUrl":"https:\/\/www.repam.net\/es\/wp-content\/uploads\/2021\/11\/cropped-favicon.png","width":512,"height":512,"caption":"REPAM"},"image":{"@id":"https:\/\/www.repam.net\/es\/#\/schema\/logo\/image\/"}},{"@type":"Person","@id":"https:\/\/www.repam.net\/es\/#\/schema\/person\/0c828bf04cf1abe6016cbe752c76a033","name":"repam@adm","image":{"@type":"ImageObject","inLanguage":"es-CO","@id":"https:\/\/secure.gravatar.com\/avatar\/b18234ea6de5d74563e52ca7bfdad9d2b029b514c935b38a2790717abf8f2e5f?s=96&d=mm&r=g","url":"https:\/\/secure.gravatar.com\/avatar\/b18234ea6de5d74563e52ca7bfdad9d2b029b514c935b38a2790717abf8f2e5f?s=96&d=mm&r=g","contentUrl":"https:\/\/secure.gravatar.com\/avatar\/b18234ea6de5d74563e52ca7bfdad9d2b029b514c935b38a2790717abf8f2e5f?s=96&d=mm&r=g","caption":"repam@adm"},"sameAs":["http:\/\/repam.net"],"url":"https:\/\/www.repam.net\/es\/author\/repamadm\/"}]}},"_links":{"self":[{"href":"https:\/\/www.repam.net\/es\/wp-json\/wp\/v2\/posts\/8147","targetHints":{"allow":["GET"]}}],"collection":[{"href":"https:\/\/www.repam.net\/es\/wp-json\/wp\/v2\/posts"}],"about":[{"href":"https:\/\/www.repam.net\/es\/wp-json\/wp\/v2\/types\/post"}],"author":[{"embeddable":true,"href":"https:\/\/www.repam.net\/es\/wp-json\/wp\/v2\/users\/1"}],"replies":[{"embeddable":true,"href":"https:\/\/www.repam.net\/es\/wp-json\/wp\/v2\/comments?post=8147"}],"version-history":[{"count":7,"href":"https:\/\/www.repam.net\/es\/wp-json\/wp\/v2\/posts\/8147\/revisions"}],"predecessor-version":[{"id":8160,"href":"https:\/\/www.repam.net\/es\/wp-json\/wp\/v2\/posts\/8147\/revisions\/8160"}],"wp:featuredmedia":[{"embeddable":true,"href":"https:\/\/www.repam.net\/es\/wp-json\/wp\/v2\/media\/8152"}],"wp:attachment":[{"href":"https:\/\/www.repam.net\/es\/wp-json\/wp\/v2\/media?parent=8147"}],"wp:term":[{"taxonomy":"category","embeddable":true,"href":"https:\/\/www.repam.net\/es\/wp-json\/wp\/v2\/categories?post=8147"},{"taxonomy":"post_tag","embeddable":true,"href":"https:\/\/www.repam.net\/es\/wp-json\/wp\/v2\/tags?post=8147"}],"curies":[{"name":"wp","href":"https:\/\/api.w.org\/{rel}","templated":true}]}}