{"id":8161,"date":"2022-08-09T06:38:00","date_gmt":"2022-08-09T11:38:00","guid":{"rendered":"https:\/\/www.repam.net\/es\/?p=8161"},"modified":"2022-08-09T15:30:06","modified_gmt":"2022-08-09T20:30:06","slug":"hacer-chacra-nueva-manos-al-machete","status":"publish","type":"post","link":"https:\/\/www.repam.net\/es\/hacer-chacra-nueva-manos-al-machete\/","title":{"rendered":"Hacer chacra nueva: \u00a1manos al machete!"},"content":{"rendered":"<div class=\"wp-block-image\">\n<figure class=\"aligncenter size-full\"><img loading=\"lazy\" decoding=\"async\" width=\"660\" height=\"371\" src=\"https:\/\/www.repam.net\/es\/wp-content\/uploads\/2022\/08\/Rio-Putumayo-Peru-Colombia.jpg\" alt=\"\" class=\"wp-image-8162\" srcset=\"https:\/\/www.repam.net\/es\/wp-content\/uploads\/2022\/08\/Rio-Putumayo-Peru-Colombia.jpg 660w, https:\/\/www.repam.net\/es\/wp-content\/uploads\/2022\/08\/Rio-Putumayo-Peru-Colombia-300x169.jpg 300w\" sizes=\"auto, (max-width: 660px) 100vw, 660px\" \/><\/figure>\n<\/div>\n\n\n<blockquote class=\"wp-block-quote is-layout-flow wp-block-quote-is-layout-flow\"><p>Primero hemos discernido, como dicen los manuales, y de pronto llega la hora de deliberar, de tomar decisiones, de cambiar. Pasar de las intenciones a las acciones. La gente del r\u00edo sabe que,\u00a0para hacer una chacra nueva y productiva, antes tengo que desmontar la vieja<\/p><\/blockquote>\n\n\n\n<p><strong><em><strong><em>Por C\u00e9sar Luis Caro Pu\u00e9rtolas &#8211; Vicario General de San Jos\u00e9 del Amazonas<\/em><\/strong><\/em> (Per\u00fa)<\/strong><\/p>\n\n\n\n<p><strong>Cu\u00e1nto cuesta cambiar<\/strong>\u2026 Todos lo experimentamos, las personas y las organizaciones. Podemos verlo claro, acumular motivos y hasta descubrir que es el momento oportuno, pero qu\u00e9 dif\u00edcil es dar el primer paso, actuar. Porque eso significa romper con lo acostumbrado y adentrarse en el territorio de lo incierto.<\/p>\n\n\n\n<p>Algo de este\u00a0<em>entumecimiento institucional<\/em>\u00a0detecto en nuestro mundo eclesial amaz\u00f3nico, y\u00a0<strong>solo espero que no suponga una desaceleraci\u00f3n del entusiasmo que desat\u00f3 el arranque del s\u00ednodo<\/strong>. S\u00ed, yo estaba all\u00ed, en Puerto Maldonado, cuando el Papa lanz\u00f3 a los pueblos originarios junto con sus misioneros, el reto de \u201cplasmar una Iglesia con rostro amaz\u00f3nico y una Iglesia con rostro ind\u00edgena\u201d.<\/p>\n\n\n\n<h5 class=\"wp-block-heading\">Proceso Sinodal<\/h5>\n\n\n\n<p>La enorme expectativa generada se fue alimentando con las consultas, reuniones, encuentros\u2026 hasta que se lleg\u00f3 al culmen con la asamblea sinodal y los materiales que afloraron del proceso en conjunto: el <em>Documento Final<\/em> y la exhortaci\u00f3n apost\u00f3lica \u201c<em>Querida Amazon\u00eda<\/em>\u201d.\u00a0<\/p>\n\n\n\n<p><strong>La escucha a los pueblos amaz\u00f3nicos, el discernimiento y el ingenio de los pastores cristalizaron en una llamada al cambio (conversi\u00f3n)<\/strong>\u00a0formulada en 120 propuestas concretas, retomadas y profundizadas por el Papa en forma de \u201csue\u00f1os\u201d: un horizonte con el que inmediatamente la mayor\u00eda nos identificamos.<\/p>\n\n\n<div class=\"wp-block-image\">\n<figure class=\"aligncenter size-full\"><img loading=\"lazy\" decoding=\"async\" width=\"800\" height=\"450\" src=\"https:\/\/www.repam.net\/es\/wp-content\/uploads\/2022\/08\/AsambleaTerritorial_1-1-e1536070804166-edited.jpg\" alt=\"\" class=\"wp-image-8163\" srcset=\"https:\/\/www.repam.net\/es\/wp-content\/uploads\/2022\/08\/AsambleaTerritorial_1-1-e1536070804166-edited.jpg 800w, https:\/\/www.repam.net\/es\/wp-content\/uploads\/2022\/08\/AsambleaTerritorial_1-1-e1536070804166-edited-300x169.jpg 300w, https:\/\/www.repam.net\/es\/wp-content\/uploads\/2022\/08\/AsambleaTerritorial_1-1-e1536070804166-edited-768x432.jpg 768w\" sizes=\"auto, (max-width: 800px) 100vw, 800px\" \/><figcaption>Asamblea Presinodal 2019 &#8211; Foto: Archivo REPAM<\/figcaption><\/figure>\n<\/div>\n\n\n<p>Fue recibir todo ese material y comenzar la pandemia. Tuvimos tiempo para leer y reflexionar, pero no pudimos hacerlo f\u00edsicamente juntos. Reci\u00e9n desde el a\u00f1o pasado, a trancas y barrancas, vamos volviendo a nuestro ser. En el Per\u00fa, la opci\u00f3n por\u00a0<strong>las coordinaciones intervicariales<\/strong>\u00a0nos ha dado ocasi\u00f3n de compartir perspectivas y ubicar los aspectos de los documentos que m\u00e1s iluminan nuestro d\u00eda a d\u00eda.\u00a0<strong>Y han surgido nuevos documentos<\/strong>. Pero eso es casi todo.<\/p>\n\n\n\n<h5 class=\"wp-block-heading\">De las intenciones a las acciones<\/h5>\n\n\n\n<p>Primero hemos discernido, como dicen los manuales, y de pronto llega la hora de deliberar, de tomar decisiones, de cambiar. Pasar de las intenciones a las acciones. La gente del r\u00edo sabe que,&nbsp;<strong>para hacer una chacra nueva y productiva, antes tengo que desmontar la vieja<\/strong>; es decir, cambiar implica afrontar lo que debemos&nbsp;<em>desaprender&nbsp;<\/em>(Documento Final n\u00ba 81), es decir, a lo que hay que renunciar, tal vez enfoques colonialistas de la misi\u00f3n, o reflejos del clericalismo que todos llevamos implantado.<\/p>\n\n\n\n<p>Es irrenunciable descartar lo que no cuadra con los nuevos caminos, aunque \u201csiempre se haya hecho as\u00ed\u201d. Puede valer como sustrato, como las cenizas que se queman para que la tierra sea f\u00e9rtil, pero nada m\u00e1s.\u00a0<strong>La conversi\u00f3n es lo opuesto al mantenimiento<\/strong>: continuar haciendo las mismas cosas de la misma manera conducir\u00e1 a los mismos resultados. Como m\u00ednimo hay que\u00a0<em>reaprender<\/em>: modificar, transformar, corregir, matizar\u2026\u00a0<em>amazonizar<\/em>\u00a0m\u00e9todos, opciones e instrumentos.<\/p>\n\n\n<div class=\"wp-block-image\">\n<figure class=\"aligncenter size-large\"><img loading=\"lazy\" decoding=\"async\" width=\"1440\" height=\"809\" src=\"https:\/\/www.repam.net\/es\/wp-content\/uploads\/2022\/08\/04-edited.jpeg\" alt=\"\" class=\"wp-image-8164\" srcset=\"https:\/\/www.repam.net\/es\/wp-content\/uploads\/2022\/08\/04-edited.jpeg 1440w, https:\/\/www.repam.net\/es\/wp-content\/uploads\/2022\/08\/04-edited-300x169.jpeg 300w, https:\/\/www.repam.net\/es\/wp-content\/uploads\/2022\/08\/04-edited-1024x575.jpeg 1024w, https:\/\/www.repam.net\/es\/wp-content\/uploads\/2022\/08\/04-edited-768x431.jpeg 768w\" sizes=\"auto, (max-width: 1440px) 100vw, 1440px\" \/><figcaption>Encuentro de Justicia Socioambiental y Buen Vivir &#8211; Foto: Archivo REPAM<\/figcaption><\/figure>\n<\/div>\n\n\n<p><em>Desaprender, reaprender<\/em>\u2026 pero siento que el acento recae en&nbsp;<em>aprender<\/em>. \u00bfQu\u00e9 sembrar? \u00bfEn qu\u00e9 luna? \u00bfQui\u00e9nes? Es decir, \u00bfqu\u00e9 hemos de crear, de emprender?&nbsp;<strong>\u00bfQu\u00e9 es lo&nbsp;<em>nuevo-nuevo<\/em>&nbsp;que la realidad reclama y la Iglesia pide?<\/strong>&nbsp;Llega el vertiginoso momento de elaborar planes pastorales y programaciones anuales, de recomponer organigramas, revisar itinerarios formativos, replantear estructuras y proponer encargos\u2026 \u00bfC\u00f3mo hacemos?<\/p>\n\n\n\n<p>\u00bfQu\u00e9 decisiones operativas tomar en l\u00ednea con el sue\u00f1o de una iglesia sinodal, laical y ministerial? \u00bfC\u00f3mo activar el programa (casi sin estrenar) de la inculturaci\u00f3n de forma seria y realista? \u00bfDe qu\u00e9 modo vertebrar una pastoral social con incidencia pol\u00edtica, remando en la canoa de los m\u00e1s pobres? \u00bfCu\u00e1les son los pasos firmes hacia una misi\u00f3n m\u00e1s ecol\u00f3gica, y por tanto intercultural y decididamente inclusiva de las mujeres?<\/p>\n\n\n\n<h5 class=\"wp-block-heading\">Pasos claves<\/h5>\n\n\n\n<p>\u201cNo queremos m\u00e1s documentos\u201d, escuch\u00e9 a alguien en uno de los miles de&nbsp;<em>zooms<\/em>&nbsp;habituales.&nbsp;<strong>Amanece y hay que agarrar el machete, saltar de las intenciones a las resoluciones<\/strong>. S\u00e9 que no es f\u00e1cil y me permito sugerir un par de<strong>&nbsp;claves<\/strong>:<\/p>\n\n\n\n<ul class=\"wp-block-list\"><li>La conversi\u00f3n es a la vez personal e institucional. La resistencia al cambio es ciza\u00f1a arraigada dentro de nosotros, en concepciones eclesiol\u00f3gicas de otras \u00e9pocas, incluso en intereses personales y b\u00fasqueda de seguridades.\u00a0<strong>Aventarse a hacer es tambi\u00e9n una experiencia espiritual<\/strong>.<\/li><li>Interesante que, despu\u00e9s de discernir, hay que descalzarse y aprender: al mismo tiempo que estamos convencidos de que hemos de cambiar y desarrollar cosas nuevas,\u00a0<strong>descubrimos que no sabemos cu\u00e1les<\/strong>.<\/li><li>Un paso prudente y humilde es reconocer que \u201cno sabemos c\u00f3mo se hace, pero, as\u00ed como estamos haciendo, desde luego que no\u201d. Entonces hemos de\u00a0<strong>ensayar<\/strong>, venciendo el miedo de abandonar terrenos convencionales.<\/li><li>El aprendizaje y crecimiento por prueba-error, por exploraci\u00f3n y tanteo, conlleva valent\u00eda,\u00a0<strong>asumir riesgos<\/strong>, salir de los refugios pastorales\u2026 y paciencia.<\/li><li>Estos horizontes ser\u00e1n posibles si se apuesta por liderazgos eclesiales en sinton\u00eda con las visiones centrales del S\u00ednodo,\u00a0<strong>hombres y mujeres que amen profundamente la Amazon\u00eda<\/strong>\u00a0y est\u00e9n dispuestos a dejarse la vida.<\/li><\/ul>\n\n\n\n<p>Por fortuna,\u00a0<strong>no se puede hacer chacra solo<\/strong>. Construir los cuatro sue\u00f1os es una\u00a0<em>minga<\/em>, un trabajo comunitario, una tarea sinodal. La podremos realizar juntos, \u201chaci\u00e9ndonos uno\u201d, como dijo tambi\u00e9n Francisco aquel d\u00eda; ind\u00edgenas, misioneros, ribere\u00f1os, laicos, abuelos, mujeres, extranjeros\u2026 Un trago de\u00a0<em>masato<\/em>, herramientas listas, carcajadas al aire y manos a la obra antes de que suba m\u00e1s el sol.<\/p>\n\n\n\n<hr class=\"wp-block-separator has-alpha-channel-opacity\"\/>\n\n\n\n<p><strong><em>Fuente: Querida Amazonia<\/em><\/strong><\/p>\n","protected":false},"excerpt":{"rendered":"<p>Primero hemos discernido, como dicen los manuales, y de pronto llega la hora de deliberar, de tomar decisiones, de cambiar. Pasar de las intenciones a las acciones. La gente del r\u00edo sabe que,\u00a0para hacer una chacra nueva y productiva, antes tengo que desmontar la vieja Por C\u00e9sar Luis Caro Pu\u00e9rtolas &#8211; Vicario General de San [&hellip;]<\/p>\n","protected":false},"author":1,"featured_media":8162,"comment_status":"closed","ping_status":"closed","sticky":false,"template":"","format":"standard","meta":{"_acf_changed":false,"_uf_show_specific_survey":0,"_uf_disable_surveys":false,"footnotes":""},"categories":[97,4],"tags":[1185,8,9,28],"class_list":["post-8161","post","type-post","status-publish","format-standard","has-post-thumbnail","hentry","category-iglesia-con-rostro-amazonico","category-noticias","tag-documento-final","tag-querida-amazonia","tag-repam","tag-sinodo-amazonico"],"acf":[],"aioseo_notices":[],"yoast_head":"<!-- This site is optimized with the Yoast SEO plugin v27.4 - https:\/\/yoast.com\/product\/yoast-seo-wordpress\/ -->\n<title>Hacer chacra nueva: \u00a1manos al machete! - REPAM<\/title>\n<meta name=\"robots\" content=\"index, follow, max-snippet:-1, max-image-preview:large, max-video-preview:-1\" \/>\n<link rel=\"canonical\" href=\"https:\/\/www.repam.net\/es\/hacer-chacra-nueva-manos-al-machete\/\" \/>\n<meta property=\"og:locale\" content=\"es_ES\" \/>\n<meta property=\"og:type\" content=\"article\" \/>\n<meta property=\"og:title\" content=\"Hacer chacra nueva: \u00a1manos al machete! - REPAM\" \/>\n<meta property=\"og:description\" content=\"Primero hemos discernido, como dicen los manuales, y de pronto llega la hora de deliberar, de tomar decisiones, de cambiar. Pasar de las intenciones a las acciones. La gente del r\u00edo sabe que,\u00a0para hacer una chacra nueva y productiva, antes tengo que desmontar la vieja Por C\u00e9sar Luis Caro Pu\u00e9rtolas &#8211; Vicario General de San [&hellip;]\" \/>\n<meta property=\"og:url\" content=\"https:\/\/www.repam.net\/es\/hacer-chacra-nueva-manos-al-machete\/\" \/>\n<meta property=\"og:site_name\" content=\"REPAM\" \/>\n<meta property=\"article:published_time\" content=\"2022-08-09T11:38:00+00:00\" \/>\n<meta property=\"article:modified_time\" content=\"2022-08-09T20:30:06+00:00\" \/>\n<meta property=\"og:image\" content=\"https:\/\/www.repam.net\/es\/wp-content\/uploads\/2022\/08\/Rio-Putumayo-Peru-Colombia.jpg\" \/>\n\t<meta property=\"og:image:width\" content=\"660\" \/>\n\t<meta property=\"og:image:height\" content=\"371\" \/>\n\t<meta property=\"og:image:type\" content=\"image\/jpeg\" \/>\n<meta name=\"author\" content=\"repam@adm\" \/>\n<meta name=\"twitter:card\" content=\"summary_large_image\" \/>\n<meta name=\"twitter:label1\" content=\"Escrito por\" \/>\n\t<meta name=\"twitter:data1\" content=\"repam@adm\" \/>\n\t<meta name=\"twitter:label2\" content=\"Tiempo de lectura\" \/>\n\t<meta name=\"twitter:data2\" content=\"5 minutos\" \/>\n<script type=\"application\/ld+json\" class=\"yoast-schema-graph\">{\"@context\":\"https:\\\/\\\/schema.org\",\"@graph\":[{\"@type\":\"Article\",\"@id\":\"https:\\\/\\\/www.repam.net\\\/es\\\/hacer-chacra-nueva-manos-al-machete\\\/#article\",\"isPartOf\":{\"@id\":\"https:\\\/\\\/www.repam.net\\\/es\\\/hacer-chacra-nueva-manos-al-machete\\\/\"},\"author\":{\"name\":\"repam@adm\",\"@id\":\"https:\\\/\\\/www.repam.net\\\/es\\\/#\\\/schema\\\/person\\\/0c828bf04cf1abe6016cbe752c76a033\"},\"headline\":\"Hacer chacra nueva: \u00a1manos al machete!\",\"datePublished\":\"2022-08-09T11:38:00+00:00\",\"dateModified\":\"2022-08-09T20:30:06+00:00\",\"mainEntityOfPage\":{\"@id\":\"https:\\\/\\\/www.repam.net\\\/es\\\/hacer-chacra-nueva-manos-al-machete\\\/\"},\"wordCount\":987,\"publisher\":{\"@id\":\"https:\\\/\\\/www.repam.net\\\/es\\\/#organization\"},\"image\":{\"@id\":\"https:\\\/\\\/www.repam.net\\\/es\\\/hacer-chacra-nueva-manos-al-machete\\\/#primaryimage\"},\"thumbnailUrl\":\"https:\\\/\\\/www.repam.net\\\/es\\\/wp-content\\\/uploads\\\/2022\\\/08\\\/Rio-Putumayo-Peru-Colombia.jpg\",\"keywords\":[\"Documento Final\",\"Querida Amazon\u00eda\",\"REPAM\",\"S\u00ednodo Amaz\u00f3nico\"],\"articleSection\":[\"Iglesia con rostro amaz\u00f3nico\",\"Noticias\"],\"inLanguage\":\"es-CO\"},{\"@type\":\"WebPage\",\"@id\":\"https:\\\/\\\/www.repam.net\\\/es\\\/hacer-chacra-nueva-manos-al-machete\\\/\",\"url\":\"https:\\\/\\\/www.repam.net\\\/es\\\/hacer-chacra-nueva-manos-al-machete\\\/\",\"name\":\"Hacer chacra nueva: \u00a1manos al machete! - REPAM\",\"isPartOf\":{\"@id\":\"https:\\\/\\\/www.repam.net\\\/es\\\/#website\"},\"primaryImageOfPage\":{\"@id\":\"https:\\\/\\\/www.repam.net\\\/es\\\/hacer-chacra-nueva-manos-al-machete\\\/#primaryimage\"},\"image\":{\"@id\":\"https:\\\/\\\/www.repam.net\\\/es\\\/hacer-chacra-nueva-manos-al-machete\\\/#primaryimage\"},\"thumbnailUrl\":\"https:\\\/\\\/www.repam.net\\\/es\\\/wp-content\\\/uploads\\\/2022\\\/08\\\/Rio-Putumayo-Peru-Colombia.jpg\",\"datePublished\":\"2022-08-09T11:38:00+00:00\",\"dateModified\":\"2022-08-09T20:30:06+00:00\",\"breadcrumb\":{\"@id\":\"https:\\\/\\\/www.repam.net\\\/es\\\/hacer-chacra-nueva-manos-al-machete\\\/#breadcrumb\"},\"inLanguage\":\"es-CO\",\"potentialAction\":[{\"@type\":\"ReadAction\",\"target\":[\"https:\\\/\\\/www.repam.net\\\/es\\\/hacer-chacra-nueva-manos-al-machete\\\/\"]}]},{\"@type\":\"ImageObject\",\"inLanguage\":\"es-CO\",\"@id\":\"https:\\\/\\\/www.repam.net\\\/es\\\/hacer-chacra-nueva-manos-al-machete\\\/#primaryimage\",\"url\":\"https:\\\/\\\/www.repam.net\\\/es\\\/wp-content\\\/uploads\\\/2022\\\/08\\\/Rio-Putumayo-Peru-Colombia.jpg\",\"contentUrl\":\"https:\\\/\\\/www.repam.net\\\/es\\\/wp-content\\\/uploads\\\/2022\\\/08\\\/Rio-Putumayo-Peru-Colombia.jpg\",\"width\":660,\"height\":371},{\"@type\":\"BreadcrumbList\",\"@id\":\"https:\\\/\\\/www.repam.net\\\/es\\\/hacer-chacra-nueva-manos-al-machete\\\/#breadcrumb\",\"itemListElement\":[{\"@type\":\"ListItem\",\"position\":1,\"name\":\"Inicio\",\"item\":\"https:\\\/\\\/www.repam.net\\\/es\\\/\"},{\"@type\":\"ListItem\",\"position\":2,\"name\":\"Hacer chacra nueva: \u00a1manos al machete!\"}]},{\"@type\":\"WebSite\",\"@id\":\"https:\\\/\\\/www.repam.net\\\/es\\\/#website\",\"url\":\"https:\\\/\\\/www.repam.net\\\/es\\\/\",\"name\":\"REPAM\",\"description\":\"Red Eclesial Panamaz\u00f3nica\",\"publisher\":{\"@id\":\"https:\\\/\\\/www.repam.net\\\/es\\\/#organization\"},\"potentialAction\":[{\"@type\":\"SearchAction\",\"target\":{\"@type\":\"EntryPoint\",\"urlTemplate\":\"https:\\\/\\\/www.repam.net\\\/es\\\/?s={search_term_string}\"},\"query-input\":{\"@type\":\"PropertyValueSpecification\",\"valueRequired\":true,\"valueName\":\"search_term_string\"}}],\"inLanguage\":\"es-CO\"},{\"@type\":\"Organization\",\"@id\":\"https:\\\/\\\/www.repam.net\\\/es\\\/#organization\",\"name\":\"REPAM\",\"url\":\"https:\\\/\\\/www.repam.net\\\/es\\\/\",\"logo\":{\"@type\":\"ImageObject\",\"inLanguage\":\"es-CO\",\"@id\":\"https:\\\/\\\/www.repam.net\\\/es\\\/#\\\/schema\\\/logo\\\/image\\\/\",\"url\":\"https:\\\/\\\/www.repam.net\\\/es\\\/wp-content\\\/uploads\\\/2021\\\/11\\\/cropped-favicon.png\",\"contentUrl\":\"https:\\\/\\\/www.repam.net\\\/es\\\/wp-content\\\/uploads\\\/2021\\\/11\\\/cropped-favicon.png\",\"width\":512,\"height\":512,\"caption\":\"REPAM\"},\"image\":{\"@id\":\"https:\\\/\\\/www.repam.net\\\/es\\\/#\\\/schema\\\/logo\\\/image\\\/\"}},{\"@type\":\"Person\",\"@id\":\"https:\\\/\\\/www.repam.net\\\/es\\\/#\\\/schema\\\/person\\\/0c828bf04cf1abe6016cbe752c76a033\",\"name\":\"repam@adm\",\"image\":{\"@type\":\"ImageObject\",\"inLanguage\":\"es-CO\",\"@id\":\"https:\\\/\\\/secure.gravatar.com\\\/avatar\\\/b18234ea6de5d74563e52ca7bfdad9d2b029b514c935b38a2790717abf8f2e5f?s=96&d=mm&r=g\",\"url\":\"https:\\\/\\\/secure.gravatar.com\\\/avatar\\\/b18234ea6de5d74563e52ca7bfdad9d2b029b514c935b38a2790717abf8f2e5f?s=96&d=mm&r=g\",\"contentUrl\":\"https:\\\/\\\/secure.gravatar.com\\\/avatar\\\/b18234ea6de5d74563e52ca7bfdad9d2b029b514c935b38a2790717abf8f2e5f?s=96&d=mm&r=g\",\"caption\":\"repam@adm\"},\"sameAs\":[\"http:\\\/\\\/repam.net\"],\"url\":\"https:\\\/\\\/www.repam.net\\\/es\\\/author\\\/repamadm\\\/\"}]}<\/script>\n<!-- \/ Yoast SEO plugin. -->","yoast_head_json":{"title":"Hacer chacra nueva: \u00a1manos al machete! - REPAM","robots":{"index":"index","follow":"follow","max-snippet":"max-snippet:-1","max-image-preview":"max-image-preview:large","max-video-preview":"max-video-preview:-1"},"canonical":"https:\/\/www.repam.net\/es\/hacer-chacra-nueva-manos-al-machete\/","og_locale":"es_ES","og_type":"article","og_title":"Hacer chacra nueva: \u00a1manos al machete! - REPAM","og_description":"Primero hemos discernido, como dicen los manuales, y de pronto llega la hora de deliberar, de tomar decisiones, de cambiar. Pasar de las intenciones a las acciones. La gente del r\u00edo sabe que,\u00a0para hacer una chacra nueva y productiva, antes tengo que desmontar la vieja Por C\u00e9sar Luis Caro Pu\u00e9rtolas &#8211; Vicario General de San [&hellip;]","og_url":"https:\/\/www.repam.net\/es\/hacer-chacra-nueva-manos-al-machete\/","og_site_name":"REPAM","article_published_time":"2022-08-09T11:38:00+00:00","article_modified_time":"2022-08-09T20:30:06+00:00","og_image":[{"width":660,"height":371,"url":"https:\/\/www.repam.net\/es\/wp-content\/uploads\/2022\/08\/Rio-Putumayo-Peru-Colombia.jpg","type":"image\/jpeg"}],"author":"repam@adm","twitter_card":"summary_large_image","twitter_misc":{"Escrito por":"repam@adm","Tiempo de lectura":"5 minutos"},"schema":{"@context":"https:\/\/schema.org","@graph":[{"@type":"Article","@id":"https:\/\/www.repam.net\/es\/hacer-chacra-nueva-manos-al-machete\/#article","isPartOf":{"@id":"https:\/\/www.repam.net\/es\/hacer-chacra-nueva-manos-al-machete\/"},"author":{"name":"repam@adm","@id":"https:\/\/www.repam.net\/es\/#\/schema\/person\/0c828bf04cf1abe6016cbe752c76a033"},"headline":"Hacer chacra nueva: \u00a1manos al machete!","datePublished":"2022-08-09T11:38:00+00:00","dateModified":"2022-08-09T20:30:06+00:00","mainEntityOfPage":{"@id":"https:\/\/www.repam.net\/es\/hacer-chacra-nueva-manos-al-machete\/"},"wordCount":987,"publisher":{"@id":"https:\/\/www.repam.net\/es\/#organization"},"image":{"@id":"https:\/\/www.repam.net\/es\/hacer-chacra-nueva-manos-al-machete\/#primaryimage"},"thumbnailUrl":"https:\/\/www.repam.net\/es\/wp-content\/uploads\/2022\/08\/Rio-Putumayo-Peru-Colombia.jpg","keywords":["Documento Final","Querida Amazon\u00eda","REPAM","S\u00ednodo Amaz\u00f3nico"],"articleSection":["Iglesia con rostro amaz\u00f3nico","Noticias"],"inLanguage":"es-CO"},{"@type":"WebPage","@id":"https:\/\/www.repam.net\/es\/hacer-chacra-nueva-manos-al-machete\/","url":"https:\/\/www.repam.net\/es\/hacer-chacra-nueva-manos-al-machete\/","name":"Hacer chacra nueva: \u00a1manos al machete! - REPAM","isPartOf":{"@id":"https:\/\/www.repam.net\/es\/#website"},"primaryImageOfPage":{"@id":"https:\/\/www.repam.net\/es\/hacer-chacra-nueva-manos-al-machete\/#primaryimage"},"image":{"@id":"https:\/\/www.repam.net\/es\/hacer-chacra-nueva-manos-al-machete\/#primaryimage"},"thumbnailUrl":"https:\/\/www.repam.net\/es\/wp-content\/uploads\/2022\/08\/Rio-Putumayo-Peru-Colombia.jpg","datePublished":"2022-08-09T11:38:00+00:00","dateModified":"2022-08-09T20:30:06+00:00","breadcrumb":{"@id":"https:\/\/www.repam.net\/es\/hacer-chacra-nueva-manos-al-machete\/#breadcrumb"},"inLanguage":"es-CO","potentialAction":[{"@type":"ReadAction","target":["https:\/\/www.repam.net\/es\/hacer-chacra-nueva-manos-al-machete\/"]}]},{"@type":"ImageObject","inLanguage":"es-CO","@id":"https:\/\/www.repam.net\/es\/hacer-chacra-nueva-manos-al-machete\/#primaryimage","url":"https:\/\/www.repam.net\/es\/wp-content\/uploads\/2022\/08\/Rio-Putumayo-Peru-Colombia.jpg","contentUrl":"https:\/\/www.repam.net\/es\/wp-content\/uploads\/2022\/08\/Rio-Putumayo-Peru-Colombia.jpg","width":660,"height":371},{"@type":"BreadcrumbList","@id":"https:\/\/www.repam.net\/es\/hacer-chacra-nueva-manos-al-machete\/#breadcrumb","itemListElement":[{"@type":"ListItem","position":1,"name":"Inicio","item":"https:\/\/www.repam.net\/es\/"},{"@type":"ListItem","position":2,"name":"Hacer chacra nueva: \u00a1manos al machete!"}]},{"@type":"WebSite","@id":"https:\/\/www.repam.net\/es\/#website","url":"https:\/\/www.repam.net\/es\/","name":"REPAM","description":"Red Eclesial Panamaz\u00f3nica","publisher":{"@id":"https:\/\/www.repam.net\/es\/#organization"},"potentialAction":[{"@type":"SearchAction","target":{"@type":"EntryPoint","urlTemplate":"https:\/\/www.repam.net\/es\/?s={search_term_string}"},"query-input":{"@type":"PropertyValueSpecification","valueRequired":true,"valueName":"search_term_string"}}],"inLanguage":"es-CO"},{"@type":"Organization","@id":"https:\/\/www.repam.net\/es\/#organization","name":"REPAM","url":"https:\/\/www.repam.net\/es\/","logo":{"@type":"ImageObject","inLanguage":"es-CO","@id":"https:\/\/www.repam.net\/es\/#\/schema\/logo\/image\/","url":"https:\/\/www.repam.net\/es\/wp-content\/uploads\/2021\/11\/cropped-favicon.png","contentUrl":"https:\/\/www.repam.net\/es\/wp-content\/uploads\/2021\/11\/cropped-favicon.png","width":512,"height":512,"caption":"REPAM"},"image":{"@id":"https:\/\/www.repam.net\/es\/#\/schema\/logo\/image\/"}},{"@type":"Person","@id":"https:\/\/www.repam.net\/es\/#\/schema\/person\/0c828bf04cf1abe6016cbe752c76a033","name":"repam@adm","image":{"@type":"ImageObject","inLanguage":"es-CO","@id":"https:\/\/secure.gravatar.com\/avatar\/b18234ea6de5d74563e52ca7bfdad9d2b029b514c935b38a2790717abf8f2e5f?s=96&d=mm&r=g","url":"https:\/\/secure.gravatar.com\/avatar\/b18234ea6de5d74563e52ca7bfdad9d2b029b514c935b38a2790717abf8f2e5f?s=96&d=mm&r=g","contentUrl":"https:\/\/secure.gravatar.com\/avatar\/b18234ea6de5d74563e52ca7bfdad9d2b029b514c935b38a2790717abf8f2e5f?s=96&d=mm&r=g","caption":"repam@adm"},"sameAs":["http:\/\/repam.net"],"url":"https:\/\/www.repam.net\/es\/author\/repamadm\/"}]}},"_links":{"self":[{"href":"https:\/\/www.repam.net\/es\/wp-json\/wp\/v2\/posts\/8161","targetHints":{"allow":["GET"]}}],"collection":[{"href":"https:\/\/www.repam.net\/es\/wp-json\/wp\/v2\/posts"}],"about":[{"href":"https:\/\/www.repam.net\/es\/wp-json\/wp\/v2\/types\/post"}],"author":[{"embeddable":true,"href":"https:\/\/www.repam.net\/es\/wp-json\/wp\/v2\/users\/1"}],"replies":[{"embeddable":true,"href":"https:\/\/www.repam.net\/es\/wp-json\/wp\/v2\/comments?post=8161"}],"version-history":[{"count":2,"href":"https:\/\/www.repam.net\/es\/wp-json\/wp\/v2\/posts\/8161\/revisions"}],"predecessor-version":[{"id":8166,"href":"https:\/\/www.repam.net\/es\/wp-json\/wp\/v2\/posts\/8161\/revisions\/8166"}],"wp:featuredmedia":[{"embeddable":true,"href":"https:\/\/www.repam.net\/es\/wp-json\/wp\/v2\/media\/8162"}],"wp:attachment":[{"href":"https:\/\/www.repam.net\/es\/wp-json\/wp\/v2\/media?parent=8161"}],"wp:term":[{"taxonomy":"category","embeddable":true,"href":"https:\/\/www.repam.net\/es\/wp-json\/wp\/v2\/categories?post=8161"},{"taxonomy":"post_tag","embeddable":true,"href":"https:\/\/www.repam.net\/es\/wp-json\/wp\/v2\/tags?post=8161"}],"curies":[{"name":"wp","href":"https:\/\/api.w.org\/{rel}","templated":true}]}}