{"id":8255,"date":"2022-08-25T08:34:20","date_gmt":"2022-08-25T13:34:20","guid":{"rendered":"https:\/\/www.repam.net\/es\/?p=8255"},"modified":"2022-08-25T08:34:21","modified_gmt":"2022-08-25T13:34:21","slug":"catedra-universitaria-amazonica-cardenal-hummes-espacio-inspirador-para-hacer-germinar-su-legado","status":"publish","type":"post","link":"https:\/\/www.repam.net\/es\/catedra-universitaria-amazonica-cardenal-hummes-espacio-inspirador-para-hacer-germinar-su-legado\/","title":{"rendered":"C\u00e1tedra Universitaria Amaz\u00f3nica Cardenal Hummes: espacio inspirador para hacer germinar su legado"},"content":{"rendered":"<div class=\"wp-block-image\">\n<figure class=\"aligncenter size-full\"><img loading=\"lazy\" decoding=\"async\" width=\"792\" height=\"446\" src=\"https:\/\/www.repam.net\/es\/wp-content\/uploads\/2022\/08\/catedra-universitaria-edited.jpeg\" alt=\"\" class=\"wp-image-8257\" srcset=\"https:\/\/www.repam.net\/es\/wp-content\/uploads\/2022\/08\/catedra-universitaria-edited.jpeg 792w, https:\/\/www.repam.net\/es\/wp-content\/uploads\/2022\/08\/catedra-universitaria-edited-300x169.jpeg 300w, https:\/\/www.repam.net\/es\/wp-content\/uploads\/2022\/08\/catedra-universitaria-edited-768x432.jpeg 768w\" sizes=\"auto, (max-width: 792px) 100vw, 792px\" \/><\/figure>\n<\/div>\n\n\n<blockquote class=\"wp-block-quote is-layout-flow wp-block-quote-is-layout-flow\"><p><em>En el \u00e1mbito del encuentro en el que se est\u00e1 gestando el Programa Universitario Amaz\u00f3nico, en el marco de la Pontificia Universidad del Ecuador, ha tenido lugar la Sesi\u00f3n de apertura de la\u00a0<strong>C\u00e1tedra Universitaria Panamaz\u00f3nica: Cardenal Claudio Hummes<\/strong>, cuya figura ha sido presentada brevemente por Mauricio L\u00f3pez, uno de los m\u00e1s estrechos colaboradores del purpurado brasile\u00f1o en los \u00faltimos a\u00f1os, especialmente en todo el proceso del S\u00ednodo para la Amazon\u00eda y todo lo que provoc\u00f3 ese S\u00ednodo y sus consecuencias.<\/em><\/p><\/blockquote>\n\n\n\n<p><em><strong>Por Luis Miguel Modino<\/strong><\/em><\/p>\n\n\n\n<p>Luis Liberman comenz\u00f3 recordando lo vivido en su \u00faltimo encuentro con el cardenal Hummes, el 20 de junio de 2022, pocos d\u00edas antes de morir. En aquel encuentro con quien defini\u00f3 como amigo, pastor y profeta, el purpurado insisti\u00f3 en la CEAMA y en la Universidad Amaz\u00f3nica. \u201c<strong>Ah\u00ed donde hab\u00eda una necesidad estaba Don Claudio<\/strong>\u201d, afirm\u00f3 Liberman, de quien dijo que siempre vivi\u00f3 con esperanza, entendida como camino a recorrer, como compromiso con el pr\u00f3jimo.<\/p>\n\n\n\n<p>El fundador del Instituto para el Di\u00e1logo y la Cultura del Encuentro, afirm\u00f3 ver en Don Claudio un hombre de alegr\u00eda, alguien que tuvo una voz fuerte en defensa de la Casa Com\u00fan. Seg\u00fan Liberman \u201cesta c\u00e1tedra es un espacio inspirador, es<strong>&nbsp;un espacio que en todo caso nos va a permitir hacer germinar el legado de Don Claudio, el legado de una Iglesia latinoamericana que junto al Papa Francisco se atrevi\u00f3 a desafiar al poder real, que nunca se par\u00f3 en una zona de conforto<\/strong>\u201d.<\/p>\n\n\n\n<p>El fundador del Instituto Universitario del Agua y Saneamiento dijo ver a Don Claudio como \u201calguien que&nbsp;<strong>nos ense\u00f1\u00f3 a ser mejores<\/strong>, y ser mejor es entender al otro, entender al pr\u00f3jimo, es tender la mano, es darnos cuenta, es aprender a escuchar, es asumir que el futuro es nuestra responsabilidad\u201d.<\/p>\n\n\n\n<h5 class=\"wp-block-heading\">El aliado de los pueblos ind\u00edgenas<\/h5>\n\n\n\n<p>Haber conocido a Don Claudio Hummes, alguien con \u201c<strong>una luz que va m\u00e1s all\u00e1 de todos los tiempo<\/strong>s\u201d, es visto por Patricia Gualinga como un privilegio. En su primer encuentro, le convenci\u00f3 que iba a haber cambios en la relaci\u00f3n entre la Iglesia cat\u00f3lica y los pueblos ind\u00edgenas. Poco a poco fue descubriendo en el cardenal Hummes al amigo, al aliado de los pueblos ind\u00edgenas, a alguien convencido de la defensa de la Amazon\u00eda, que sab\u00eda el rumbo a tomar.<\/p>\n\n\n\n<p>Alguien abierto al cambio, dispuesto a encontrar a Cristo, a Dios en los pueblos ind\u00edgenas, en la naturaleza, en sus luchas y rostros, es como ve\u00eda la l\u00edder ind\u00edgena ecuatoriana a quien fue presidente de la REPAM y la CEAMA, dispuesto a transformaciones profundas, con fuerza para generar cambios, algo que, seg\u00fan Patricia, consigui\u00f3. Por eso resalt\u00f3 que<strong>&nbsp;el cardenal Hummes crey\u00f3 en los pueblos ind\u00edgenas, en su conocimiento, en el acompa\u00f1amiento, en la escucha, en el tejer juntos<\/strong>.<\/p>\n\n\n\n<p>El gran aporte que deja el cardenal Hummes, seg\u00fan Gualinga, \u201ces esa transformaci\u00f3n que tiene que venir desde la Amazon\u00eda, es esa lucha para conservar un ecosistema amaz\u00f3nico, es ese acompa\u00f1amiento a los pueblos ind\u00edgenas, es ese entender al diferente\u201d. Finalmente, se\u00f1alo que \u201c<strong>para nosotros es un gusto haber podido tener esa presencia y esa luz, porque eso nos permite avanzar<\/strong>\u201d.<\/p>\n\n\n\n<h5 class=\"wp-block-heading\">El Francisco de la Amazon\u00eda<\/h5>\n\n\n\n<p>El cardenal Pedro Barreto, vicepresidente de la REPAM y la CEAMA en el tiempo en que Don Claudio fue su presidente, habl\u00f3 de la figura del purpurado brasile\u00f1o desde tres puntos: el esp\u00edritu, la actitud y su acci\u00f3n pastoral. Desde su espiritualidad franciscana hizo su seguimiento de Jes\u00fas en la Iglesia mirando a Francisco de As\u00eds, seg\u00fan el cardenal Barreto, resaltando como Don Claudio fue inspirador del nombre del actual Papa con aquella famosa frase, todav\u00eda en la Capilla Sixtina, \u201cno te olvides de los pobres\u201d. Para el purpurado peruano, \u201c<strong>Don Claudio es el Francisco de la Amazon\u00eda<\/strong>\u201d, viendo la nueva c\u00e1tedra como un desaf\u00edo.<\/p>\n\n\n\n<p>Sobre sus actitudes, el cardenal Barreto destac\u00f3 en Don Claudio su compromiso con la Amazon\u00eda, con una esperanza activa, alguien que animaba a caminar juntos, a consolidar el proceso de la CEAMA y de la REPAM. En ese sentido, Barreto dijo estar siguiendo los pasos de Don Claudio. En \u00e9l tambi\u00e9n destac\u00f3 su alegr\u00eda, algo que le hac\u00eda cercano, alegr\u00eda en el Se\u00f1or. Otra actitud que resalt\u00f3 fue el coraje, debilitado en su cuerpo, siendo em\u00e9rito, el&nbsp;<strong>coraje para so\u00f1ar nuevos caminos, como alguien que dej\u00f3 el mejor vino para el final<\/strong>, alguien con una espiritualidad de prudencia y firmeza.<\/p>\n\n\n\n<h5 class=\"wp-block-heading\">Conservaci\u00f3n de ecosistemas y defensa de los pueblos originarios<\/h5>\n\n\n\n<p>El padre Luis Arriaga, tambi\u00e9n jesuita, centr\u00f3 as\u00ed mismo su ponencia en<strong>&nbsp;tres puntos<\/strong>, comenzando por el fundamento de la defensa de los derechos humanos de los pueblos originarios desde la misi\u00f3n de la Iglesia; la urgencia y relevancia de esta defensa en el territorio amaz\u00f3nico; y algunas propuestas para la c\u00e1tedra hoy presentada.<\/p>\n\n\n\n<p>El presidente de AUSJAL, Asociaci\u00f3n de Universidades Jesuitas en Am\u00e9rica Latina, parti\u00f3 de la dignidad de la persona como fundamento de la defensa de los derechos humanos, mostrando en que contextos eso debe ser llevado a cabo, algo que se hace claramente visible en los pueblos ind\u00edgenas, llamando a<strong>&nbsp;trascender la mirada, desde las experiencias locales, para llegar a reivindicaciones contextualizadas<\/strong>.<\/p>\n\n\n\n<p>El rector de la Universidad Iberoamericana Ciudad de M\u00e9xico insisti\u00f3 en la importancia de la Teolog\u00eda contextualizada, con un nuevo locus teol\u00f3gico, que nos desaf\u00eda a encontrar a Jes\u00fas en todas las cosas y personas, y a ser constructores de su proyecto. Eso tambi\u00e9n en el territorio amaz\u00f3nico, teniendo en cuenta la realidad de los pueblos originarios, que habitan ecosistemas decisivos para la vida, gestionados con una mayor eficiencia. Desde ah\u00ed insisti\u00f3 en la\u00a0<strong>necesaria conservaci\u00f3n de estos ecosistemas y la defensa de los derechos colectivos de los pueblos originarios<\/strong>, como clave en la lucha por detener y revertir la crisis clim\u00e1tica y de derechos.<\/p>\n\n\n\n<p>Arriaga llam\u00f3 a que<strong>\u00a0las estrategias pongan siempre en el centro a las personas y su dignidad<\/strong>. Desde ah\u00ed hizo algunas propuestas, entre ellas, hacer del discurso y la praxis de los derechos humanos un punto de llegada; construir una mirada internacional e intercultural que les permita tener la capacidad de conectarse con los problemas globales y locales; construir lecturas, espacios y acciones de incidencia desde la complejidad; y proyectos de investigaci\u00f3n que deriven en acciones concretas, estructurados desde una mirada de la inter y la transdisciplinariedad.<\/p>\n\n\n\n<p><strong><em>Fuente: CELAM<\/em><\/strong><\/p>\n","protected":false},"excerpt":{"rendered":"<p>En el \u00e1mbito del encuentro en el que se est\u00e1 gestando el Programa Universitario Amaz\u00f3nico, en el marco de la Pontificia Universidad del Ecuador, ha tenido lugar la Sesi\u00f3n de apertura de la\u00a0C\u00e1tedra Universitaria Panamaz\u00f3nica: Cardenal Claudio Hummes, cuya figura ha sido presentada brevemente por Mauricio L\u00f3pez, uno de los m\u00e1s estrechos colaboradores del purpurado [&hellip;]<\/p>\n","protected":false},"author":1,"featured_media":8257,"comment_status":"closed","ping_status":"closed","sticky":false,"template":"","format":"standard","meta":{"_acf_changed":false,"_uf_show_specific_survey":0,"_uf_disable_surveys":false,"footnotes":""},"categories":[4],"tags":[33,93,289,16,9],"class_list":["post-8255","post","type-post","status-publish","format-standard","has-post-thumbnail","hentry","category-noticias","tag-amazonia","tag-ceama","tag-claudio-hummes","tag-pueblos-indigenas","tag-repam"],"acf":[],"aioseo_notices":[],"yoast_head":"<!-- This site is optimized with the Yoast SEO plugin v27.5 - https:\/\/yoast.com\/product\/yoast-seo-wordpress\/ -->\n<title>C\u00e1tedra Universitaria Amaz\u00f3nica Cardenal Hummes: espacio inspirador para hacer germinar su legado - REPAM<\/title>\n<meta name=\"robots\" content=\"index, follow, max-snippet:-1, max-image-preview:large, max-video-preview:-1\" \/>\n<link rel=\"canonical\" href=\"https:\/\/www.repam.net\/es\/catedra-universitaria-amazonica-cardenal-hummes-espacio-inspirador-para-hacer-germinar-su-legado\/\" \/>\n<meta property=\"og:locale\" content=\"es_ES\" \/>\n<meta property=\"og:type\" content=\"article\" \/>\n<meta property=\"og:title\" content=\"C\u00e1tedra Universitaria Amaz\u00f3nica Cardenal Hummes: espacio inspirador para hacer germinar su legado - REPAM\" \/>\n<meta property=\"og:description\" content=\"En el \u00e1mbito del encuentro en el que se est\u00e1 gestando el Programa Universitario Amaz\u00f3nico, en el marco de la Pontificia Universidad del Ecuador, ha tenido lugar la Sesi\u00f3n de apertura de la\u00a0C\u00e1tedra Universitaria Panamaz\u00f3nica: Cardenal Claudio Hummes, cuya figura ha sido presentada brevemente por Mauricio L\u00f3pez, uno de los m\u00e1s estrechos colaboradores del purpurado [&hellip;]\" \/>\n<meta property=\"og:url\" content=\"https:\/\/www.repam.net\/es\/catedra-universitaria-amazonica-cardenal-hummes-espacio-inspirador-para-hacer-germinar-su-legado\/\" \/>\n<meta property=\"og:site_name\" content=\"REPAM\" \/>\n<meta property=\"article:published_time\" content=\"2022-08-25T13:34:20+00:00\" \/>\n<meta property=\"article:modified_time\" content=\"2022-08-25T13:34:21+00:00\" \/>\n<meta property=\"og:image\" content=\"https:\/\/www.repam.net\/es\/wp-content\/uploads\/2022\/08\/catedra-universitaria-edited.jpeg\" \/>\n\t<meta property=\"og:image:width\" content=\"792\" \/>\n\t<meta property=\"og:image:height\" content=\"446\" \/>\n\t<meta property=\"og:image:type\" content=\"image\/jpeg\" \/>\n<meta name=\"author\" content=\"repam@adm\" \/>\n<meta name=\"twitter:card\" content=\"summary_large_image\" \/>\n<meta name=\"twitter:label1\" content=\"Escrito por\" \/>\n\t<meta name=\"twitter:data1\" content=\"repam@adm\" \/>\n\t<meta name=\"twitter:label2\" content=\"Tiempo de lectura\" \/>\n\t<meta name=\"twitter:data2\" content=\"5 minutos\" \/>\n<script type=\"application\/ld+json\" class=\"yoast-schema-graph\">{\"@context\":\"https:\\\/\\\/schema.org\",\"@graph\":[{\"@type\":\"Article\",\"@id\":\"https:\\\/\\\/www.repam.net\\\/es\\\/catedra-universitaria-amazonica-cardenal-hummes-espacio-inspirador-para-hacer-germinar-su-legado\\\/#article\",\"isPartOf\":{\"@id\":\"https:\\\/\\\/www.repam.net\\\/es\\\/catedra-universitaria-amazonica-cardenal-hummes-espacio-inspirador-para-hacer-germinar-su-legado\\\/\"},\"author\":{\"name\":\"repam@adm\",\"@id\":\"https:\\\/\\\/www.repam.net\\\/es\\\/#\\\/schema\\\/person\\\/0c828bf04cf1abe6016cbe752c76a033\"},\"headline\":\"C\u00e1tedra Universitaria Amaz\u00f3nica Cardenal Hummes: espacio inspirador para hacer germinar su legado\",\"datePublished\":\"2022-08-25T13:34:20+00:00\",\"dateModified\":\"2022-08-25T13:34:21+00:00\",\"mainEntityOfPage\":{\"@id\":\"https:\\\/\\\/www.repam.net\\\/es\\\/catedra-universitaria-amazonica-cardenal-hummes-espacio-inspirador-para-hacer-germinar-su-legado\\\/\"},\"wordCount\":1149,\"publisher\":{\"@id\":\"https:\\\/\\\/www.repam.net\\\/es\\\/#organization\"},\"image\":{\"@id\":\"https:\\\/\\\/www.repam.net\\\/es\\\/catedra-universitaria-amazonica-cardenal-hummes-espacio-inspirador-para-hacer-germinar-su-legado\\\/#primaryimage\"},\"thumbnailUrl\":\"https:\\\/\\\/www.repam.net\\\/es\\\/wp-content\\\/uploads\\\/2022\\\/08\\\/catedra-universitaria-edited.jpeg\",\"keywords\":[\"Amazon\u00eda\",\"CEAMA\",\"Claudio Hummes\",\"pueblos ind\u00edgenas\",\"REPAM\"],\"articleSection\":[\"Noticias\"],\"inLanguage\":\"es-CO\"},{\"@type\":\"WebPage\",\"@id\":\"https:\\\/\\\/www.repam.net\\\/es\\\/catedra-universitaria-amazonica-cardenal-hummes-espacio-inspirador-para-hacer-germinar-su-legado\\\/\",\"url\":\"https:\\\/\\\/www.repam.net\\\/es\\\/catedra-universitaria-amazonica-cardenal-hummes-espacio-inspirador-para-hacer-germinar-su-legado\\\/\",\"name\":\"C\u00e1tedra Universitaria Amaz\u00f3nica Cardenal Hummes: espacio inspirador para hacer germinar su legado - REPAM\",\"isPartOf\":{\"@id\":\"https:\\\/\\\/www.repam.net\\\/es\\\/#website\"},\"primaryImageOfPage\":{\"@id\":\"https:\\\/\\\/www.repam.net\\\/es\\\/catedra-universitaria-amazonica-cardenal-hummes-espacio-inspirador-para-hacer-germinar-su-legado\\\/#primaryimage\"},\"image\":{\"@id\":\"https:\\\/\\\/www.repam.net\\\/es\\\/catedra-universitaria-amazonica-cardenal-hummes-espacio-inspirador-para-hacer-germinar-su-legado\\\/#primaryimage\"},\"thumbnailUrl\":\"https:\\\/\\\/www.repam.net\\\/es\\\/wp-content\\\/uploads\\\/2022\\\/08\\\/catedra-universitaria-edited.jpeg\",\"datePublished\":\"2022-08-25T13:34:20+00:00\",\"dateModified\":\"2022-08-25T13:34:21+00:00\",\"breadcrumb\":{\"@id\":\"https:\\\/\\\/www.repam.net\\\/es\\\/catedra-universitaria-amazonica-cardenal-hummes-espacio-inspirador-para-hacer-germinar-su-legado\\\/#breadcrumb\"},\"inLanguage\":\"es-CO\",\"potentialAction\":[{\"@type\":\"ReadAction\",\"target\":[\"https:\\\/\\\/www.repam.net\\\/es\\\/catedra-universitaria-amazonica-cardenal-hummes-espacio-inspirador-para-hacer-germinar-su-legado\\\/\"]}]},{\"@type\":\"ImageObject\",\"inLanguage\":\"es-CO\",\"@id\":\"https:\\\/\\\/www.repam.net\\\/es\\\/catedra-universitaria-amazonica-cardenal-hummes-espacio-inspirador-para-hacer-germinar-su-legado\\\/#primaryimage\",\"url\":\"https:\\\/\\\/www.repam.net\\\/es\\\/wp-content\\\/uploads\\\/2022\\\/08\\\/catedra-universitaria-edited.jpeg\",\"contentUrl\":\"https:\\\/\\\/www.repam.net\\\/es\\\/wp-content\\\/uploads\\\/2022\\\/08\\\/catedra-universitaria-edited.jpeg\",\"width\":792,\"height\":446},{\"@type\":\"BreadcrumbList\",\"@id\":\"https:\\\/\\\/www.repam.net\\\/es\\\/catedra-universitaria-amazonica-cardenal-hummes-espacio-inspirador-para-hacer-germinar-su-legado\\\/#breadcrumb\",\"itemListElement\":[{\"@type\":\"ListItem\",\"position\":1,\"name\":\"Inicio\",\"item\":\"https:\\\/\\\/www.repam.net\\\/es\\\/\"},{\"@type\":\"ListItem\",\"position\":2,\"name\":\"C\u00e1tedra Universitaria Amaz\u00f3nica Cardenal Hummes: espacio inspirador para hacer germinar su legado\"}]},{\"@type\":\"WebSite\",\"@id\":\"https:\\\/\\\/www.repam.net\\\/es\\\/#website\",\"url\":\"https:\\\/\\\/www.repam.net\\\/es\\\/\",\"name\":\"REPAM\",\"description\":\"Red Eclesial Panamaz\u00f3nica\",\"publisher\":{\"@id\":\"https:\\\/\\\/www.repam.net\\\/es\\\/#organization\"},\"potentialAction\":[{\"@type\":\"SearchAction\",\"target\":{\"@type\":\"EntryPoint\",\"urlTemplate\":\"https:\\\/\\\/www.repam.net\\\/es\\\/?s={search_term_string}\"},\"query-input\":{\"@type\":\"PropertyValueSpecification\",\"valueRequired\":true,\"valueName\":\"search_term_string\"}}],\"inLanguage\":\"es-CO\"},{\"@type\":\"Organization\",\"@id\":\"https:\\\/\\\/www.repam.net\\\/es\\\/#organization\",\"name\":\"REPAM\",\"url\":\"https:\\\/\\\/www.repam.net\\\/es\\\/\",\"logo\":{\"@type\":\"ImageObject\",\"inLanguage\":\"es-CO\",\"@id\":\"https:\\\/\\\/www.repam.net\\\/es\\\/#\\\/schema\\\/logo\\\/image\\\/\",\"url\":\"https:\\\/\\\/www.repam.net\\\/es\\\/wp-content\\\/uploads\\\/2021\\\/11\\\/cropped-favicon.png\",\"contentUrl\":\"https:\\\/\\\/www.repam.net\\\/es\\\/wp-content\\\/uploads\\\/2021\\\/11\\\/cropped-favicon.png\",\"width\":512,\"height\":512,\"caption\":\"REPAM\"},\"image\":{\"@id\":\"https:\\\/\\\/www.repam.net\\\/es\\\/#\\\/schema\\\/logo\\\/image\\\/\"}},{\"@type\":\"Person\",\"@id\":\"https:\\\/\\\/www.repam.net\\\/es\\\/#\\\/schema\\\/person\\\/0c828bf04cf1abe6016cbe752c76a033\",\"name\":\"repam@adm\",\"image\":{\"@type\":\"ImageObject\",\"inLanguage\":\"es-CO\",\"@id\":\"https:\\\/\\\/secure.gravatar.com\\\/avatar\\\/b18234ea6de5d74563e52ca7bfdad9d2b029b514c935b38a2790717abf8f2e5f?s=96&d=mm&r=g\",\"url\":\"https:\\\/\\\/secure.gravatar.com\\\/avatar\\\/b18234ea6de5d74563e52ca7bfdad9d2b029b514c935b38a2790717abf8f2e5f?s=96&d=mm&r=g\",\"contentUrl\":\"https:\\\/\\\/secure.gravatar.com\\\/avatar\\\/b18234ea6de5d74563e52ca7bfdad9d2b029b514c935b38a2790717abf8f2e5f?s=96&d=mm&r=g\",\"caption\":\"repam@adm\"},\"sameAs\":[\"http:\\\/\\\/repam.net\"],\"url\":\"https:\\\/\\\/www.repam.net\\\/es\\\/author\\\/repamadm\\\/\"}]}<\/script>\n<!-- \/ Yoast SEO plugin. -->","yoast_head_json":{"title":"C\u00e1tedra Universitaria Amaz\u00f3nica Cardenal Hummes: espacio inspirador para hacer germinar su legado - REPAM","robots":{"index":"index","follow":"follow","max-snippet":"max-snippet:-1","max-image-preview":"max-image-preview:large","max-video-preview":"max-video-preview:-1"},"canonical":"https:\/\/www.repam.net\/es\/catedra-universitaria-amazonica-cardenal-hummes-espacio-inspirador-para-hacer-germinar-su-legado\/","og_locale":"es_ES","og_type":"article","og_title":"C\u00e1tedra Universitaria Amaz\u00f3nica Cardenal Hummes: espacio inspirador para hacer germinar su legado - REPAM","og_description":"En el \u00e1mbito del encuentro en el que se est\u00e1 gestando el Programa Universitario Amaz\u00f3nico, en el marco de la Pontificia Universidad del Ecuador, ha tenido lugar la Sesi\u00f3n de apertura de la\u00a0C\u00e1tedra Universitaria Panamaz\u00f3nica: Cardenal Claudio Hummes, cuya figura ha sido presentada brevemente por Mauricio L\u00f3pez, uno de los m\u00e1s estrechos colaboradores del purpurado [&hellip;]","og_url":"https:\/\/www.repam.net\/es\/catedra-universitaria-amazonica-cardenal-hummes-espacio-inspirador-para-hacer-germinar-su-legado\/","og_site_name":"REPAM","article_published_time":"2022-08-25T13:34:20+00:00","article_modified_time":"2022-08-25T13:34:21+00:00","og_image":[{"width":792,"height":446,"url":"https:\/\/www.repam.net\/es\/wp-content\/uploads\/2022\/08\/catedra-universitaria-edited.jpeg","type":"image\/jpeg"}],"author":"repam@adm","twitter_card":"summary_large_image","twitter_misc":{"Escrito por":"repam@adm","Tiempo de lectura":"5 minutos"},"schema":{"@context":"https:\/\/schema.org","@graph":[{"@type":"Article","@id":"https:\/\/www.repam.net\/es\/catedra-universitaria-amazonica-cardenal-hummes-espacio-inspirador-para-hacer-germinar-su-legado\/#article","isPartOf":{"@id":"https:\/\/www.repam.net\/es\/catedra-universitaria-amazonica-cardenal-hummes-espacio-inspirador-para-hacer-germinar-su-legado\/"},"author":{"name":"repam@adm","@id":"https:\/\/www.repam.net\/es\/#\/schema\/person\/0c828bf04cf1abe6016cbe752c76a033"},"headline":"C\u00e1tedra Universitaria Amaz\u00f3nica Cardenal Hummes: espacio inspirador para hacer germinar su legado","datePublished":"2022-08-25T13:34:20+00:00","dateModified":"2022-08-25T13:34:21+00:00","mainEntityOfPage":{"@id":"https:\/\/www.repam.net\/es\/catedra-universitaria-amazonica-cardenal-hummes-espacio-inspirador-para-hacer-germinar-su-legado\/"},"wordCount":1149,"publisher":{"@id":"https:\/\/www.repam.net\/es\/#organization"},"image":{"@id":"https:\/\/www.repam.net\/es\/catedra-universitaria-amazonica-cardenal-hummes-espacio-inspirador-para-hacer-germinar-su-legado\/#primaryimage"},"thumbnailUrl":"https:\/\/www.repam.net\/es\/wp-content\/uploads\/2022\/08\/catedra-universitaria-edited.jpeg","keywords":["Amazon\u00eda","CEAMA","Claudio Hummes","pueblos ind\u00edgenas","REPAM"],"articleSection":["Noticias"],"inLanguage":"es-CO"},{"@type":"WebPage","@id":"https:\/\/www.repam.net\/es\/catedra-universitaria-amazonica-cardenal-hummes-espacio-inspirador-para-hacer-germinar-su-legado\/","url":"https:\/\/www.repam.net\/es\/catedra-universitaria-amazonica-cardenal-hummes-espacio-inspirador-para-hacer-germinar-su-legado\/","name":"C\u00e1tedra Universitaria Amaz\u00f3nica Cardenal Hummes: espacio inspirador para hacer germinar su legado - REPAM","isPartOf":{"@id":"https:\/\/www.repam.net\/es\/#website"},"primaryImageOfPage":{"@id":"https:\/\/www.repam.net\/es\/catedra-universitaria-amazonica-cardenal-hummes-espacio-inspirador-para-hacer-germinar-su-legado\/#primaryimage"},"image":{"@id":"https:\/\/www.repam.net\/es\/catedra-universitaria-amazonica-cardenal-hummes-espacio-inspirador-para-hacer-germinar-su-legado\/#primaryimage"},"thumbnailUrl":"https:\/\/www.repam.net\/es\/wp-content\/uploads\/2022\/08\/catedra-universitaria-edited.jpeg","datePublished":"2022-08-25T13:34:20+00:00","dateModified":"2022-08-25T13:34:21+00:00","breadcrumb":{"@id":"https:\/\/www.repam.net\/es\/catedra-universitaria-amazonica-cardenal-hummes-espacio-inspirador-para-hacer-germinar-su-legado\/#breadcrumb"},"inLanguage":"es-CO","potentialAction":[{"@type":"ReadAction","target":["https:\/\/www.repam.net\/es\/catedra-universitaria-amazonica-cardenal-hummes-espacio-inspirador-para-hacer-germinar-su-legado\/"]}]},{"@type":"ImageObject","inLanguage":"es-CO","@id":"https:\/\/www.repam.net\/es\/catedra-universitaria-amazonica-cardenal-hummes-espacio-inspirador-para-hacer-germinar-su-legado\/#primaryimage","url":"https:\/\/www.repam.net\/es\/wp-content\/uploads\/2022\/08\/catedra-universitaria-edited.jpeg","contentUrl":"https:\/\/www.repam.net\/es\/wp-content\/uploads\/2022\/08\/catedra-universitaria-edited.jpeg","width":792,"height":446},{"@type":"BreadcrumbList","@id":"https:\/\/www.repam.net\/es\/catedra-universitaria-amazonica-cardenal-hummes-espacio-inspirador-para-hacer-germinar-su-legado\/#breadcrumb","itemListElement":[{"@type":"ListItem","position":1,"name":"Inicio","item":"https:\/\/www.repam.net\/es\/"},{"@type":"ListItem","position":2,"name":"C\u00e1tedra Universitaria Amaz\u00f3nica Cardenal Hummes: espacio inspirador para hacer germinar su legado"}]},{"@type":"WebSite","@id":"https:\/\/www.repam.net\/es\/#website","url":"https:\/\/www.repam.net\/es\/","name":"REPAM","description":"Red Eclesial Panamaz\u00f3nica","publisher":{"@id":"https:\/\/www.repam.net\/es\/#organization"},"potentialAction":[{"@type":"SearchAction","target":{"@type":"EntryPoint","urlTemplate":"https:\/\/www.repam.net\/es\/?s={search_term_string}"},"query-input":{"@type":"PropertyValueSpecification","valueRequired":true,"valueName":"search_term_string"}}],"inLanguage":"es-CO"},{"@type":"Organization","@id":"https:\/\/www.repam.net\/es\/#organization","name":"REPAM","url":"https:\/\/www.repam.net\/es\/","logo":{"@type":"ImageObject","inLanguage":"es-CO","@id":"https:\/\/www.repam.net\/es\/#\/schema\/logo\/image\/","url":"https:\/\/www.repam.net\/es\/wp-content\/uploads\/2021\/11\/cropped-favicon.png","contentUrl":"https:\/\/www.repam.net\/es\/wp-content\/uploads\/2021\/11\/cropped-favicon.png","width":512,"height":512,"caption":"REPAM"},"image":{"@id":"https:\/\/www.repam.net\/es\/#\/schema\/logo\/image\/"}},{"@type":"Person","@id":"https:\/\/www.repam.net\/es\/#\/schema\/person\/0c828bf04cf1abe6016cbe752c76a033","name":"repam@adm","image":{"@type":"ImageObject","inLanguage":"es-CO","@id":"https:\/\/secure.gravatar.com\/avatar\/b18234ea6de5d74563e52ca7bfdad9d2b029b514c935b38a2790717abf8f2e5f?s=96&d=mm&r=g","url":"https:\/\/secure.gravatar.com\/avatar\/b18234ea6de5d74563e52ca7bfdad9d2b029b514c935b38a2790717abf8f2e5f?s=96&d=mm&r=g","contentUrl":"https:\/\/secure.gravatar.com\/avatar\/b18234ea6de5d74563e52ca7bfdad9d2b029b514c935b38a2790717abf8f2e5f?s=96&d=mm&r=g","caption":"repam@adm"},"sameAs":["http:\/\/repam.net"],"url":"https:\/\/www.repam.net\/es\/author\/repamadm\/"}]}},"_links":{"self":[{"href":"https:\/\/www.repam.net\/es\/wp-json\/wp\/v2\/posts\/8255","targetHints":{"allow":["GET"]}}],"collection":[{"href":"https:\/\/www.repam.net\/es\/wp-json\/wp\/v2\/posts"}],"about":[{"href":"https:\/\/www.repam.net\/es\/wp-json\/wp\/v2\/types\/post"}],"author":[{"embeddable":true,"href":"https:\/\/www.repam.net\/es\/wp-json\/wp\/v2\/users\/1"}],"replies":[{"embeddable":true,"href":"https:\/\/www.repam.net\/es\/wp-json\/wp\/v2\/comments?post=8255"}],"version-history":[{"count":1,"href":"https:\/\/www.repam.net\/es\/wp-json\/wp\/v2\/posts\/8255\/revisions"}],"predecessor-version":[{"id":8258,"href":"https:\/\/www.repam.net\/es\/wp-json\/wp\/v2\/posts\/8255\/revisions\/8258"}],"wp:featuredmedia":[{"embeddable":true,"href":"https:\/\/www.repam.net\/es\/wp-json\/wp\/v2\/media\/8257"}],"wp:attachment":[{"href":"https:\/\/www.repam.net\/es\/wp-json\/wp\/v2\/media?parent=8255"}],"wp:term":[{"taxonomy":"category","embeddable":true,"href":"https:\/\/www.repam.net\/es\/wp-json\/wp\/v2\/categories?post=8255"},{"taxonomy":"post_tag","embeddable":true,"href":"https:\/\/www.repam.net\/es\/wp-json\/wp\/v2\/tags?post=8255"}],"curies":[{"name":"wp","href":"https:\/\/api.w.org\/{rel}","templated":true}]}}